{"id":997,"date":"2015-09-07T04:19:00","date_gmt":"2015-09-07T02:19:00","guid":{"rendered":"http:\/\/wordpress\/?p=997"},"modified":"2025-11-07T22:26:40","modified_gmt":"2025-11-07T21:26:40","slug":"cusco-peru","status":"publish","type":"post","link":"https:\/\/familie-weitgereist.de\/?p=997","title":{"rendered":"St\u00e4dtetrip nach Cusco, Peru"},"content":{"rendered":"\n<p>Peru &#8211; was f\u00fcr ein Land der Kontraste. &nbsp; <\/p>\n\n\n\n<p>Wir sind in Cusco und haben die sch\u00f6nsten Kolonialbauwerke gesehen, ebenso wie in gro\u00dfer Armut lebende Menschen. Als wir am zentralen Fernbusterminal um 4:45 angekommen sind, waren wir teilweise \u00fcberfordert. Vorausgesagte Ankunft war eigentlich 6:00, dann w\u00e4re es auch schon hell gewesen. Leider ist der Busfahrer so gerast, dass wir noch im Dunkeln in Cusco ankamen. Puhhh! Hunderte von Menschen haben dort die Nacht verbracht und mehr oder weniger geschlafen. Es war voll, laut und un\u00fcbersichtlich. Wir mussten extrem auf unsere Sachen aufpassen, denn Taschendiebe waren gef\u00fchlt, \u00fcberall. \u00dcberm\u00fcdet und vom st\u00e4ndigen Geschreie der Busunternehmen zu ihren Fahrtzielen genervt, haben wir uns erst einmal ein relativ stilles Pl\u00e4tzchen neben einer Marienstatue gesucht. Dort harrten wir bis zum Morgengrauen aus. Beruhigend, wenn im Reisef\u00fchrer steht, dass man auf gar keinen Fall in der N\u00e4he des Busterminals im Dunkeln hinaus gehen soll, da \u00dcberf\u00e4lle an der Tagesordnung sind &#8230; Nach einer Stunde Fu\u00dfmarsch hatten wir dann auch unser Hostel erreicht. Nachdem wir die Besitzerin geweckt haben und sie ihren Sohn zum Putzen unseres Zimmers verdonnert hat, konnten wir endlich schlafen. Bis 13:00 haben wir dann Schlaf nachgeholt. \ud83d\ude09<\/p>\n\n\n\n<div id=\"wp-block-themeisle-blocks-slider-778fde0c\" class=\"wp-block-themeisle-blocks-slider glide\" data-per-view=\"1\" data-gap=\"0\" data-peek=\"0\" data-autoplay=\"true\" data-height=\"400px\" data-hide-arrows=\"false\"><div class=\"glide__track\" data-glide-el=\"track\"><div class=\"glide__slides\"><div class=\"wp-block-themeisle-blocks-slider-item-wrapper glide__slide\" tabindex=\"0\"><figure><img decoding=\"async\" class=\"wp-block-themeisle-blocks-slider-item\" src=\"https:\/\/familie-weitgereist.de\/wp-content\/uploads\/2022\/07\/IMG_20150906_141328-scaled.jpg\" alt=\"\" title=\"\" data-id=\"9729\"\/><\/figure><\/div><div class=\"wp-block-themeisle-blocks-slider-item-wrapper glide__slide\" tabindex=\"0\"><figure><img decoding=\"async\" class=\"wp-block-themeisle-blocks-slider-item\" src=\"https:\/\/familie-weitgereist.de\/wp-content\/uploads\/2022\/07\/IMG_20150906_152243-scaled.jpg\" alt=\"\" title=\"\" data-id=\"9730\"\/><\/figure><\/div><div class=\"wp-block-themeisle-blocks-slider-item-wrapper glide__slide\" tabindex=\"0\"><figure><img decoding=\"async\" class=\"wp-block-themeisle-blocks-slider-item\" src=\"https:\/\/familie-weitgereist.de\/wp-content\/uploads\/2022\/07\/IMG_20150906_160216-scaled.jpg\" alt=\"\" title=\"\" data-id=\"9732\"\/><\/figure><\/div><\/div><div class=\"glide__bullets\" data-glide-el=\"controls[nav]\"><button class=\"glide__bullet\" data-glide-dir=\"=0\"><\/button><button class=\"glide__bullet\" data-glide-dir=\"=1\"><\/button><button class=\"glide__bullet\" data-glide-dir=\"=2\"><\/button><\/div><\/div><\/div>\n\n\n\n<p>Das Stadtzentrum von Cusco ist wirklich toll. Ein UNESCO Weltkulturerbe reiht sich an das n\u00e4chste. Der &#8222;Plaza de Armas&#8220; und die verwinkelten Gassen zeugen von typischer europ\u00e4ischer Kolonialbauweise. Kirchen, alte H\u00e4user und wenige, daf\u00fcr aber sch\u00f6ne Gr\u00fcnfl\u00e4chen, laden zum Verweilen ein. &nbsp; Allerdings wird das touristische Vergn\u00fcgen etwas gemindert durch die vielen Peruaner, die permanent versuchen einem etwas zu verkaufen. Tolle Schmuckst\u00fccke, Zigaretten und S\u00fc\u00dfigkeiten kann man kaufen, sie bieten einem an, Bilder mit ihren tollen Schafen zu machen oder die Schuhe zu putzen. Die Schuhputzer wurden mit der Zeit immer aufdringlicher. Ununterbrochen sind sie an uns vorbei gezogen und wollten uns die Schuhe putzen. Als wir immer wieder mit &#8222;No!!!&#8220; antworteten, meinten sie nur dreist, dass es unsere Schuhe jedoch n\u00f6tig h\u00e4tten &#8230; \ud83d\ude00 Als ob uns interessiert, wie dreckig die Wanderschuhe sind.<\/p>\n","protected":false},"excerpt":{"rendered":"<p>Peru &#8211; was f\u00fcr ein Land der Kontraste. &nbsp; Wir sind in Cusco und haben die sch\u00f6nsten Kolonialbauwerke gesehen, ebenso wie in gro\u00dfer Armut lebende Menschen. Als wir am zentralen Fernbusterminal um 4:45 angekommen sind, waren wir teilweise \u00fcberfordert. Vorausgesagte Ankunft war eigentlich 6:00, dann w\u00e4re es auch schon hell gewesen. Leider ist der Busfahrer [&hellip;]<\/p>\n","protected":false},"author":3,"featured_media":9729,"comment_status":"open","ping_status":"open","sticky":false,"template":"","format":"standard","meta":{"_themeisle_gutenberg_block_has_review":false,"footnotes":""},"categories":[304,4,7],"tags":[319,312],"class_list":["post-997","post","type-post","status-publish","format-standard","has-post-thumbnail","hentry","category-peru","category-laender","category-suedamerika","tag-cusco","tag-peru"],"_links":{"self":[{"href":"https:\/\/familie-weitgereist.de\/index.php?rest_route=\/wp\/v2\/posts\/997","targetHints":{"allow":["GET"]}}],"collection":[{"href":"https:\/\/familie-weitgereist.de\/index.php?rest_route=\/wp\/v2\/posts"}],"about":[{"href":"https:\/\/familie-weitgereist.de\/index.php?rest_route=\/wp\/v2\/types\/post"}],"author":[{"embeddable":true,"href":"https:\/\/familie-weitgereist.de\/index.php?rest_route=\/wp\/v2\/users\/3"}],"replies":[{"embeddable":true,"href":"https:\/\/familie-weitgereist.de\/index.php?rest_route=%2Fwp%2Fv2%2Fcomments&post=997"}],"version-history":[{"count":8,"href":"https:\/\/familie-weitgereist.de\/index.php?rest_route=\/wp\/v2\/posts\/997\/revisions"}],"predecessor-version":[{"id":9764,"href":"https:\/\/familie-weitgereist.de\/index.php?rest_route=\/wp\/v2\/posts\/997\/revisions\/9764"}],"wp:featuredmedia":[{"embeddable":true,"href":"https:\/\/familie-weitgereist.de\/index.php?rest_route=\/wp\/v2\/media\/9729"}],"wp:attachment":[{"href":"https:\/\/familie-weitgereist.de\/index.php?rest_route=%2Fwp%2Fv2%2Fmedia&parent=997"}],"wp:term":[{"taxonomy":"category","embeddable":true,"href":"https:\/\/familie-weitgereist.de\/index.php?rest_route=%2Fwp%2Fv2%2Fcategories&post=997"},{"taxonomy":"post_tag","embeddable":true,"href":"https:\/\/familie-weitgereist.de\/index.php?rest_route=%2Fwp%2Fv2%2Ftags&post=997"}],"curies":[{"name":"wp","href":"https:\/\/api.w.org\/{rel}","templated":true}]}}