{"id":996,"date":"2015-09-09T04:30:00","date_gmt":"2015-09-09T02:30:00","guid":{"rendered":"http:\/\/wordpress\/?p=996"},"modified":"2025-11-07T21:51:09","modified_gmt":"2025-11-07T20:51:09","slug":"maccu-picchu-peru","status":"publish","type":"post","link":"https:\/\/familie-weitgereist.de\/?p=996","title":{"rendered":"Unser Besuch des Macchu Picchu, Peru"},"content":{"rendered":"\n<p>Wow, wir waren wirklich auf Macchu Picchu! \ud83d\ude42 &nbsp; <\/p>\n\n\n\n<p>Es war so beeindruckend! Die vielen Legenden und das gro\u00dfe Mysterium um die Inkas lassen sich wahrhaftig erleben. Es ist so interessant sich vorzustellen wie die Inkas dort gelebt haben, wenn man wirklich dort ist. &nbsp; Um Macchu Picchu relativ preisg\u00fcnstig besichtigen zu k\u00f6nnen, muss jedoch viel auf sich genommen werden. Ansonsten ist Aguas Calientes oder auch Macchu Picchu Pueblo ein ziemlicher &#8222;rip-off&#8220;. $24 muss man bezahlen, wenn man mit dem Bus hoch gefahren werden m\u00f6chte. Die Busfahrt dauert jeweils ca. 5-10 Minuten &#8230; Anschlie\u00dfend ist der Eintritt absoluter Wucher. Jedoch ist es wahrscheinlich das Highlight jeder Peru Reise. \ud83d\ude42 Das wissen die Peruaner nat\u00fcrlich f\u00fcr sich zu nutzen. &nbsp; <\/p>\n\n\n\n<div id=\"wp-block-themeisle-blocks-slider-18b51bb9\" class=\"wp-block-themeisle-blocks-slider glide\" data-per-view=\"1\" data-gap=\"0\" data-peek=\"0\" data-autoplay=\"true\" data-height=\"400px\" data-hide-arrows=\"false\"><div class=\"glide__track\" data-glide-el=\"track\"><div class=\"glide__slides\"><div class=\"wp-block-themeisle-blocks-slider-item-wrapper glide__slide\" tabindex=\"0\"><figure><img decoding=\"async\" class=\"wp-block-themeisle-blocks-slider-item\" src=\"https:\/\/familie-weitgereist.de\/wp-content\/uploads\/2022\/07\/IMG_20150907_150510-scaled.jpg\" alt=\"\" title=\"\" data-id=\"9715\"\/><\/figure><\/div><div class=\"wp-block-themeisle-blocks-slider-item-wrapper glide__slide\" tabindex=\"0\"><figure><img decoding=\"async\" class=\"wp-block-themeisle-blocks-slider-item\" src=\"https:\/\/familie-weitgereist.de\/wp-content\/uploads\/2022\/07\/IMG_20150907_160700-scaled.jpg\" alt=\"\" title=\"\" data-id=\"9716\"\/><\/figure><\/div><\/div><div class=\"glide__bullets\" data-glide-el=\"controls[nav]\"><button class=\"glide__bullet\" data-glide-dir=\"=0\"><\/button><button class=\"glide__bullet\" data-glide-dir=\"=1\"><\/button><\/div><\/div><\/div>\n\n\n\n<p>Wir haben uns f\u00fcr die Budget Version entschieden. \ud83d\ude09 Das hei\u00dft, keine Fahrt mit PeruRail. Stattdessen haben wir einen Bus bis zur Hidroel\u00e9ctrica genommen. Die Strecke war spektakul\u00e4r. Wieder einmal sind wir auf unbefestigten und schmalen Stra\u00dfen ziemlich nah am Abgrund gefahren und in was f\u00fcr einer Geschwindigkeit. \ud83d\ude09 Ebenso keine Busfahrt direkt zu Macchu Picchu hoch. 3:30 sind wir daf\u00fcr aufgestanden und haben uns mit Taschenlampen zum Einstiegsort f\u00fcr die Wanderung begeben.<\/p>\n\n\n\n<div id=\"wp-block-themeisle-blocks-slider-c56b2c91\" class=\"wp-block-themeisle-blocks-slider glide\" data-per-view=\"1\" data-gap=\"0\" data-peek=\"0\" data-autoplay=\"true\" data-height=\"400px\" data-hide-arrows=\"false\"><div class=\"glide__track\" data-glide-el=\"track\"><div class=\"glide__slides\"><div class=\"wp-block-themeisle-blocks-slider-item-wrapper glide__slide\" tabindex=\"0\"><figure><img decoding=\"async\" class=\"wp-block-themeisle-blocks-slider-item\" src=\"https:\/\/familie-weitgereist.de\/wp-content\/uploads\/2022\/07\/IMG_20150908_092217-scaled.jpg\" alt=\"\" title=\"\" data-id=\"9719\"\/><\/figure><\/div><div class=\"wp-block-themeisle-blocks-slider-item-wrapper glide__slide\" tabindex=\"0\"><figure><img decoding=\"async\" class=\"wp-block-themeisle-blocks-slider-item\" src=\"https:\/\/familie-weitgereist.de\/wp-content\/uploads\/2022\/07\/IMG_20150908_105925-scaled.jpg\" alt=\"\" title=\"\" data-id=\"9722\"\/><\/figure><\/div><div class=\"wp-block-themeisle-blocks-slider-item-wrapper glide__slide\" tabindex=\"0\"><figure><img decoding=\"async\" class=\"wp-block-themeisle-blocks-slider-item\" src=\"https:\/\/familie-weitgereist.de\/wp-content\/uploads\/2022\/07\/IMG_20150908_124034-scaled.jpg\" alt=\"\" title=\"\" data-id=\"9724\"\/><\/figure><\/div><div class=\"wp-block-themeisle-blocks-slider-item-wrapper glide__slide\" tabindex=\"0\"><figure><img decoding=\"async\" class=\"wp-block-themeisle-blocks-slider-item\" src=\"https:\/\/familie-weitgereist.de\/wp-content\/uploads\/2022\/07\/IMG_20150908_134705-scaled.jpg\" alt=\"\" title=\"\" data-id=\"9725\"\/><\/figure><\/div><\/div><div class=\"glide__bullets\" data-glide-el=\"controls[nav]\"><button class=\"glide__bullet\" data-glide-dir=\"=0\"><\/button><button class=\"glide__bullet\" data-glide-dir=\"=1\"><\/button><button class=\"glide__bullet\" data-glide-dir=\"=2\"><\/button><button class=\"glide__bullet\" data-glide-dir=\"=3\"><\/button><\/div><\/div><\/div>\n\n\n\n<p>Um einen faszinierenden Blick auf Macchu Picchu zu haben, buchten wir Monta\u00f1a dazu. Mehr als 600 H\u00f6henmeter ging es noch einmal bergauf. Der Blick auf Macchu Picchu war daf\u00fcr einzigartig und die M\u00fchen haben sich wirklich gelohnt.<\/p>\n\n\n\n<p>Den ganzen Tag haben wir dort verbracht, sind durch die engen Gassen der einzelnen H\u00e4user gewandert, haben den &#8222;Templo del Sol&#8220; und das &#8222;Casa del Inka&#8220; bestaunt, Lamas beim Weiden zu gesehen und immer wieder den fabul\u00f6sen Blick auf Maccu Picchu genossen.<\/p>\n\n\n\n<figure class=\"wp-block-image size-large\"><img loading=\"lazy\" decoding=\"async\" width=\"1024\" height=\"1024\" src=\"https:\/\/familie-weitgereist.de\/wp-content\/uploads\/2022\/07\/IMG_20150908_064305-2-1024x1024.jpg\" alt=\"\" class=\"wp-image-9714\" srcset=\"https:\/\/familie-weitgereist.de\/wp-content\/uploads\/2022\/07\/IMG_20150908_064305-2-1024x1024.jpg 1024w, https:\/\/familie-weitgereist.de\/wp-content\/uploads\/2022\/07\/IMG_20150908_064305-2-300x300.jpg 300w, https:\/\/familie-weitgereist.de\/wp-content\/uploads\/2022\/07\/IMG_20150908_064305-2-150x150.jpg 150w, https:\/\/familie-weitgereist.de\/wp-content\/uploads\/2022\/07\/IMG_20150908_064305-2-768x768.jpg 768w, https:\/\/familie-weitgereist.de\/wp-content\/uploads\/2022\/07\/IMG_20150908_064305-2-1200x1200.jpg 1200w, https:\/\/familie-weitgereist.de\/wp-content\/uploads\/2022\/07\/IMG_20150908_064305-2-96x96.jpg 96w, https:\/\/familie-weitgereist.de\/wp-content\/uploads\/2022\/07\/IMG_20150908_064305-2.jpg 1296w\" sizes=\"auto, (max-width: 1024px) 100vw, 1024px\" \/><\/figure>\n\n\n\n<p>Was f\u00fcr ein Tag &#8211; anstrengend aber wundersch\u00f6n zugleich.<\/p>\n","protected":false},"excerpt":{"rendered":"<p>Wow, wir waren wirklich auf Macchu Picchu! \ud83d\ude42 &nbsp; Es war so beeindruckend! Die vielen Legenden und das gro\u00dfe Mysterium um die Inkas lassen sich wahrhaftig erleben. Es ist so interessant sich vorzustellen wie die Inkas dort gelebt haben, wenn man wirklich dort ist. &nbsp; Um Macchu Picchu relativ preisg\u00fcnstig besichtigen zu k\u00f6nnen, muss jedoch [&hellip;]<\/p>\n","protected":false},"author":3,"featured_media":9722,"comment_status":"open","ping_status":"open","sticky":false,"template":"","format":"standard","meta":{"_themeisle_gutenberg_block_has_review":false,"footnotes":""},"categories":[304,4,7],"tags":[318,312],"class_list":["post-996","post","type-post","status-publish","format-standard","has-post-thumbnail","hentry","category-peru","category-laender","category-suedamerika","tag-maccu-picchu","tag-peru"],"_links":{"self":[{"href":"https:\/\/familie-weitgereist.de\/index.php?rest_route=\/wp\/v2\/posts\/996","targetHints":{"allow":["GET"]}}],"collection":[{"href":"https:\/\/familie-weitgereist.de\/index.php?rest_route=\/wp\/v2\/posts"}],"about":[{"href":"https:\/\/familie-weitgereist.de\/index.php?rest_route=\/wp\/v2\/types\/post"}],"author":[{"embeddable":true,"href":"https:\/\/familie-weitgereist.de\/index.php?rest_route=\/wp\/v2\/users\/3"}],"replies":[{"embeddable":true,"href":"https:\/\/familie-weitgereist.de\/index.php?rest_route=%2Fwp%2Fv2%2Fcomments&post=996"}],"version-history":[{"count":12,"href":"https:\/\/familie-weitgereist.de\/index.php?rest_route=\/wp\/v2\/posts\/996\/revisions"}],"predecessor-version":[{"id":9765,"href":"https:\/\/familie-weitgereist.de\/index.php?rest_route=\/wp\/v2\/posts\/996\/revisions\/9765"}],"wp:featuredmedia":[{"embeddable":true,"href":"https:\/\/familie-weitgereist.de\/index.php?rest_route=\/wp\/v2\/media\/9722"}],"wp:attachment":[{"href":"https:\/\/familie-weitgereist.de\/index.php?rest_route=%2Fwp%2Fv2%2Fmedia&parent=996"}],"wp:term":[{"taxonomy":"category","embeddable":true,"href":"https:\/\/familie-weitgereist.de\/index.php?rest_route=%2Fwp%2Fv2%2Fcategories&post=996"},{"taxonomy":"post_tag","embeddable":true,"href":"https:\/\/familie-weitgereist.de\/index.php?rest_route=%2Fwp%2Fv2%2Ftags&post=996"}],"curies":[{"name":"wp","href":"https:\/\/api.w.org\/{rel}","templated":true}]}}