{"id":995,"date":"2015-09-13T00:53:00","date_gmt":"2015-09-12T22:53:00","guid":{"rendered":"http:\/\/wordpress\/?p=995"},"modified":"2025-11-07T21:49:26","modified_gmt":"2025-11-07T20:49:26","slug":"arequipa-und-canon-del-colca-peru","status":"publish","type":"post","link":"https:\/\/familie-weitgereist.de\/?p=995","title":{"rendered":"Unsere Ausfl\u00fcge nach Arequipa und Ca\u00f1on del Colca, Puno, Peru"},"content":{"rendered":"\n<p>Die letzten beiden Tage haben wir in Arequipa verbracht und einen Ausflug zum Ca\u00f1on del Colca unternommen. &nbsp; Dies ist der zweit tiefste Canyon der Welt., mit 3269m. Um die Landschaft bestaunen zu k\u00f6nnen, mussten wir um 2:00 aufstehen. Das war zeitig &#8230; \ud83d\ude00<\/p>\n\n\n\n<p>Anschlie\u00dfend wurden wir mit einem Tourbus dorthin gefahren. Auch hier sind wir 3 Stunden f\u00fcr 110km unterwegs gewesen. Die Stra\u00dfen sind an manchen Stellen immer noch so schlecht ausgebaut, dass man nur sehr langsam vorankommt. Hinzu kommt, dass viele Serpentinen sich an den Bergh\u00e4ngen entlang schl\u00e4ngeln. Daf\u00fcr sind die Ausblicke unvergesslich. &nbsp; Am Cruz del Condor, konnten wir gegen 10:00 vielen Kondoren beim Fliegen zu schauen. Diese V\u00f6gel sind riesig und leben bis zu 75 Jahre. Wow! &nbsp; Die Altstadt von Arequipa gef\u00e4llt mir sehr gut. Die Menschen sind hier auch nicht so aufdringlich wie in Cusco. &nbsp; <\/p>\n\n\n\n<p>Die Temperaturunterschiede sind mitunter noch sehr gro\u00df. Heute Nacht haben wir bei Minusgraden gefroren und am Tag war es so hei\u00df, dass wir im Tourbus ohne Klimaanlage super ins Schwitzen kamen.<\/p>\n\n\n\n<div id=\"wp-block-themeisle-blocks-slider-875cfb7e\" class=\"wp-block-themeisle-blocks-slider glide\" data-per-view=\"1\" data-gap=\"0\" data-peek=\"0\" data-autoplay=\"true\" data-height=\"400px\" data-hide-arrows=\"false\"><div class=\"glide__track\" data-glide-el=\"track\"><div class=\"glide__slides\"><div class=\"wp-block-themeisle-blocks-slider-item-wrapper glide__slide\" tabindex=\"0\"><figure><img decoding=\"async\" class=\"wp-block-themeisle-blocks-slider-item\" src=\"https:\/\/familie-weitgereist.de\/wp-content\/uploads\/2022\/07\/IMG_20150911_133907-scaled.jpg\" alt=\"\" title=\"\" data-id=\"9704\"\/><\/figure><\/div><div class=\"wp-block-themeisle-blocks-slider-item-wrapper glide__slide\" tabindex=\"0\"><figure><img decoding=\"async\" class=\"wp-block-themeisle-blocks-slider-item\" src=\"https:\/\/familie-weitgereist.de\/wp-content\/uploads\/2022\/07\/IMG_20150911_143911-scaled.jpg\" alt=\"\" title=\"\" data-id=\"9705\"\/><\/figure><\/div><div class=\"wp-block-themeisle-blocks-slider-item-wrapper glide__slide\" tabindex=\"0\"><figure><img decoding=\"async\" class=\"wp-block-themeisle-blocks-slider-item\" src=\"https:\/\/familie-weitgereist.de\/wp-content\/uploads\/2022\/07\/IMG_20150912_062312-scaled.jpg\" alt=\"\" title=\"\" data-id=\"9707\"\/><\/figure><\/div><div class=\"wp-block-themeisle-blocks-slider-item-wrapper glide__slide\" tabindex=\"0\"><figure><img decoding=\"async\" class=\"wp-block-themeisle-blocks-slider-item\" src=\"https:\/\/familie-weitgereist.de\/wp-content\/uploads\/2022\/07\/IMG_20150912_092327-scaled.jpg\" alt=\"\" title=\"\" data-id=\"9708\"\/><\/figure><\/div><\/div><div class=\"glide__bullets\" data-glide-el=\"controls[nav]\"><button class=\"glide__bullet\" data-glide-dir=\"=0\"><\/button><button class=\"glide__bullet\" data-glide-dir=\"=1\"><\/button><button class=\"glide__bullet\" data-glide-dir=\"=2\"><\/button><button class=\"glide__bullet\" data-glide-dir=\"=3\"><\/button><\/div><\/div><\/div>\n\n\n\n<p>Die Strahlung ist bei der H\u00f6he hier 16 Mal h\u00f6her als bei uns. Zum Gl\u00fcck haben wir uns Sonnenschutz 70 gekauft. Ich glaube hier reicht nicht einmal mehr 50 f\u00fcr meine helle Haut. \ud83d\ude09 Bis zur n\u00e4chsten Nachricht. \ud83d\ude42<\/p>\n","protected":false},"excerpt":{"rendered":"<p>Die letzten beiden Tage haben wir in Arequipa verbracht und einen Ausflug zum Ca\u00f1on del Colca unternommen. &nbsp; Dies ist der zweit tiefste Canyon der Welt., mit 3269m. Um die Landschaft bestaunen zu k\u00f6nnen, mussten wir um 2:00 aufstehen. Das war zeitig &#8230; \ud83d\ude00 Anschlie\u00dfend wurden wir mit einem Tourbus dorthin gefahren. Auch hier sind [&hellip;]<\/p>\n","protected":false},"author":3,"featured_media":9705,"comment_status":"open","ping_status":"open","sticky":false,"template":"","format":"standard","meta":{"_themeisle_gutenberg_block_has_review":false,"footnotes":""},"categories":[304,4,7],"tags":[316,317,312],"class_list":["post-995","post","type-post","status-publish","format-standard","has-post-thumbnail","hentry","category-peru","category-laender","category-suedamerika","tag-arequipa","tag-canon-del-colca","tag-peru"],"_links":{"self":[{"href":"https:\/\/familie-weitgereist.de\/index.php?rest_route=\/wp\/v2\/posts\/995","targetHints":{"allow":["GET"]}}],"collection":[{"href":"https:\/\/familie-weitgereist.de\/index.php?rest_route=\/wp\/v2\/posts"}],"about":[{"href":"https:\/\/familie-weitgereist.de\/index.php?rest_route=\/wp\/v2\/types\/post"}],"author":[{"embeddable":true,"href":"https:\/\/familie-weitgereist.de\/index.php?rest_route=\/wp\/v2\/users\/3"}],"replies":[{"embeddable":true,"href":"https:\/\/familie-weitgereist.de\/index.php?rest_route=%2Fwp%2Fv2%2Fcomments&post=995"}],"version-history":[{"count":8,"href":"https:\/\/familie-weitgereist.de\/index.php?rest_route=\/wp\/v2\/posts\/995\/revisions"}],"predecessor-version":[{"id":10057,"href":"https:\/\/familie-weitgereist.de\/index.php?rest_route=\/wp\/v2\/posts\/995\/revisions\/10057"}],"wp:featuredmedia":[{"embeddable":true,"href":"https:\/\/familie-weitgereist.de\/index.php?rest_route=\/wp\/v2\/media\/9705"}],"wp:attachment":[{"href":"https:\/\/familie-weitgereist.de\/index.php?rest_route=%2Fwp%2Fv2%2Fmedia&parent=995"}],"wp:term":[{"taxonomy":"category","embeddable":true,"href":"https:\/\/familie-weitgereist.de\/index.php?rest_route=%2Fwp%2Fv2%2Fcategories&post=995"},{"taxonomy":"post_tag","embeddable":true,"href":"https:\/\/familie-weitgereist.de\/index.php?rest_route=%2Fwp%2Fv2%2Ftags&post=995"}],"curies":[{"name":"wp","href":"https:\/\/api.w.org\/{rel}","templated":true}]}}