{"id":994,"date":"2015-09-15T02:59:00","date_gmt":"2015-09-15T00:59:00","guid":{"rendered":"http:\/\/wordpress\/?p=994"},"modified":"2025-11-07T21:48:47","modified_gmt":"2025-11-07T20:48:47","slug":"tacna-peru-und-arica-chile","status":"publish","type":"post","link":"https:\/\/familie-weitgereist.de\/?p=994","title":{"rendered":"Unser Besuch von Tacna in Peru und Arica in Chile"},"content":{"rendered":"\n<p>Einige Kuriosit\u00e4ten begegneten uns auf der Reise von Peru nach Chile. \ud83d\ude09 \u00a0 Die Situation am Busbahnhof in Tacna, Peru war mehr als chaotisch. Jeder schickte uns von einer Stelle zur n\u00e4chsten. Erst mussten wir, wie \u00fcblich den Tax bezahlen um das Busterminal benutzen zu d\u00fcrfen. Diese kleine H\u00fctte war nat\u00fcrlich sehr gut versteckt. Anschlie\u00dfend begaben wir uns auf die Suche Fahrkarten zu kaufen, bis wir schlie\u00dflich heraus gefunden hatten, dass es die erst im Bus gibt. Bevor wir in den Bus einsteigen durften, mussten wir unsere P\u00e4sse abgeben. Ich hasse es, meinen Pass abgeben zu m\u00fcssen! Die schleudern die dann auch immer noch so durch die Gegend, wie als w\u00e4re es kein wichtiges Dokument &#8230; Irgendwann kurz vor den Grenzkontrollen haben wir sie dann endlich wieder bekommen. \u00a0 Zum Gl\u00fcck hatten wir kein Obst dabei, denn das darf man hier aufgrund der gef\u00e4hrlichen Fruchtfliege nicht mitf\u00fchren. \u00a0 In Chile ticken die Uhren wieder anders. Der Unterschied zu Peru betr\u00e4gt zwei Stunden. Das ist irgendwie komisch, wenn man nicht einmal 10km von der peruanischen Grenze entfernt ist, jedoch zwei Stunden Zeitunterschied sind. \ud83d\ude00<\/p>\n\n\n\n<div id=\"wp-block-themeisle-blocks-slider-881784c5\" class=\"wp-block-themeisle-blocks-slider glide\" data-per-view=\"1\" data-gap=\"0\" data-peek=\"0\" data-autoplay=\"true\" data-height=\"400px\" data-hide-arrows=\"false\"><div class=\"glide__track\" data-glide-el=\"track\"><div class=\"glide__slides\"><div class=\"wp-block-themeisle-blocks-slider-item-wrapper glide__slide\" tabindex=\"0\"><figure><img decoding=\"async\" class=\"wp-block-themeisle-blocks-slider-item\" src=\"https:\/\/familie-weitgereist.de\/wp-content\/uploads\/2022\/07\/IMG_20150913_115443-scaled.jpg\" alt=\"\" title=\"\" data-id=\"9697\"\/><\/figure><\/div><div class=\"wp-block-themeisle-blocks-slider-item-wrapper glide__slide\" tabindex=\"0\"><figure><img decoding=\"async\" class=\"wp-block-themeisle-blocks-slider-item\" src=\"https:\/\/familie-weitgereist.de\/wp-content\/uploads\/2022\/07\/IMG_20150913_172023-scaled.jpg\" alt=\"\" title=\"\" data-id=\"9700\"\/><\/figure><\/div><div class=\"wp-block-themeisle-blocks-slider-item-wrapper glide__slide\" tabindex=\"0\"><figure><img decoding=\"async\" class=\"wp-block-themeisle-blocks-slider-item\" src=\"https:\/\/familie-weitgereist.de\/wp-content\/uploads\/2022\/07\/IMG_20150913_183631-scaled.jpg\" alt=\"\" title=\"\" data-id=\"9701\"\/><\/figure><\/div><\/div><div class=\"glide__bullets\" data-glide-el=\"controls[nav]\"><button class=\"glide__bullet\" data-glide-dir=\"=0\"><\/button><button class=\"glide__bullet\" data-glide-dir=\"=1\"><\/button><button class=\"glide__bullet\" data-glide-dir=\"=2\"><\/button><\/div><\/div><\/div>\n\n\n\n<p>Am 18. 9. ist der Nationalfeiertag in Chile. Das bedeutet, alle Chilenen sind auf Reisen. Wir wollten einen Bus nach La Serena f\u00fcr morgen buchen, da Arica nicht so sehenswert ist. Wir haben bei 20 Busunternehmen gefragt und wirklich keiner hatte Pl\u00e4tze frei &#8230; Zwei Stunden sp\u00e4ter, als wir unser Gl\u00fcck noch einmal versucht haben, hatte doch wirklich ein Bus noch zwei Pl\u00e4tze frei. Juhu! \u00a0 Zudem sind fast alle Geldautomaten &#8222;fuera de servicio&#8220;, da zu viele Chilenen zu viel Geld wollten. \ud83d\ude00 Wir konnten gerade noch so viel Geld abheben, um unsere Bustickets zu bezahlen. Puh!<\/p>\n","protected":false},"excerpt":{"rendered":"<p>Einige Kuriosit\u00e4ten begegneten uns auf der Reise von Peru nach Chile. \ud83d\ude09 \u00a0 Die Situation am Busbahnhof in Tacna, Peru war mehr als chaotisch. Jeder schickte uns von einer Stelle zur n\u00e4chsten. Erst mussten wir, wie \u00fcblich den Tax bezahlen um das Busterminal benutzen zu d\u00fcrfen. Diese kleine H\u00fctte war nat\u00fcrlich sehr gut versteckt. Anschlie\u00dfend [&hellip;]<\/p>\n","protected":false},"author":3,"featured_media":9700,"comment_status":"open","ping_status":"open","sticky":false,"template":"","format":"standard","meta":{"_themeisle_gutenberg_block_has_review":false,"footnotes":""},"categories":[304,302,4,7],"tags":[314,315,312,313],"class_list":["post-994","post","type-post","status-publish","format-standard","has-post-thumbnail","hentry","category-peru","category-chile","category-laender","category-suedamerika","tag-arica","tag-chile","tag-peru","tag-tacna"],"_links":{"self":[{"href":"https:\/\/familie-weitgereist.de\/index.php?rest_route=\/wp\/v2\/posts\/994","targetHints":{"allow":["GET"]}}],"collection":[{"href":"https:\/\/familie-weitgereist.de\/index.php?rest_route=\/wp\/v2\/posts"}],"about":[{"href":"https:\/\/familie-weitgereist.de\/index.php?rest_route=\/wp\/v2\/types\/post"}],"author":[{"embeddable":true,"href":"https:\/\/familie-weitgereist.de\/index.php?rest_route=\/wp\/v2\/users\/3"}],"replies":[{"embeddable":true,"href":"https:\/\/familie-weitgereist.de\/index.php?rest_route=%2Fwp%2Fv2%2Fcomments&post=994"}],"version-history":[{"count":6,"href":"https:\/\/familie-weitgereist.de\/index.php?rest_route=\/wp\/v2\/posts\/994\/revisions"}],"predecessor-version":[{"id":9702,"href":"https:\/\/familie-weitgereist.de\/index.php?rest_route=\/wp\/v2\/posts\/994\/revisions\/9702"}],"wp:featuredmedia":[{"embeddable":true,"href":"https:\/\/familie-weitgereist.de\/index.php?rest_route=\/wp\/v2\/media\/9700"}],"wp:attachment":[{"href":"https:\/\/familie-weitgereist.de\/index.php?rest_route=%2Fwp%2Fv2%2Fmedia&parent=994"}],"wp:term":[{"taxonomy":"category","embeddable":true,"href":"https:\/\/familie-weitgereist.de\/index.php?rest_route=%2Fwp%2Fv2%2Fcategories&post=994"},{"taxonomy":"post_tag","embeddable":true,"href":"https:\/\/familie-weitgereist.de\/index.php?rest_route=%2Fwp%2Fv2%2Ftags&post=994"}],"curies":[{"name":"wp","href":"https:\/\/api.w.org\/{rel}","templated":true}]}}