{"id":991,"date":"2015-11-19T00:50:00","date_gmt":"2015-11-18T23:50:00","guid":{"rendered":"http:\/\/wordpress\/?p=991"},"modified":"2025-11-07T21:46:04","modified_gmt":"2025-11-07T20:46:04","slug":"region-de-los-lagos-und-chiloe-chile","status":"publish","type":"post","link":"https:\/\/familie-weitgereist.de\/?p=991","title":{"rendered":"Erkundung der Regi\u00f3n de los Lagos und Chilo\u00e9, Chile"},"content":{"rendered":"\n<p>Gestern bin ich von einer kleinen Reise aus der Seenregion in Chile wieder gekommen. Ina und Falk (zwei neue Freunde aus Deutschland) haben mir Besuch abgestattet und ich habe mich spontan entschieden mit den beiden eine kleine Tour zu machen.<\/p>\n\n\n\n<p>Die Seenregion ist herrlich! \u00dcberall sind Seen, Berge, Vulkane und nette Menschen unterwegs. \ud83d\ude42 Das Wetter ist (leider) unberechenbar &#8211; das hat nat\u00fcrlich auch seinen Vorteil, m\u00f6chte man die Direktheit der Natur erleben. Ich bin ja generell eine Freundin jeden Wetters und es macht mir nichts aus, auch mal Dauerregen zu \u00fcberstehen. Zu Hause in der gem\u00fctlichen Wohnung l\u00e4sst es sich allerdings leichter ertragen, als im ultra Billigzelt, in dem ich ohne Falks Bauplane weggeschwommen w\u00e4re. Ach, wie haben wir von Inas heimischen Kamin geschw\u00e4rmt. \ud83d\ude00<\/p>\n\n\n\n<p>Trotz kleiner ungeplanter Erlebnisse, war die Reise dennoch erlebenswert. Gerade diese ungeplanten Dinge, lassen einen doch immer wieder das Abenteuer sp\u00fcren.<\/p>\n\n\n\n<p>Im Nationalpark Vicente P\u00e9rez Rosales wurden unsere geplanten Wanderungen von einem heftigen Vulkanausbruch im April 2015 behindert. Wir konnten trotzdem eine Wanderung unternehmen, zum Gl\u00fcck ohne unsere gro\u00dfen Rucks\u00e4cke, denn das Wandern durch Asche ist ganz sch\u00f6n anstrengend.<\/p>\n\n\n\n<p>Die n\u00e4chste Wanderung, die wir auf Chilo\u00e9 unternehmen wollten, ist sprichw\u00f6rtlich ins Wasser gefallen. Ein Dauerregen hat uns zur Abreise aus dem Nationalpark gezwungen. Die Wanderung war leider wirklich nicht realisierbar und wir w\u00e4ren wahrscheinlich im Matsch versunken. \ud83d\ude00<\/p>\n\n\n\n<p>Jetzt bin ich wieder in La Serena und gebe mein Bestes an der Uni. Ich musste heute sogar meine erste Pr\u00fcfung ablegen. \ud83d\ude42<\/p>\n\n\n\n<p>Trotzdem stecke ich schon wieder voller Tatendrang und m\u00f6chte am liebsten weiterreisen. Sesshaft zu sein ist wirklich schwer, es zu werden noch viel mehr (wenn nicht sogar unm\u00f6glich). \ud83d\ude42<\/p>\n\n\n\n<div id=\"wp-block-themeisle-blocks-slider-8bfbe43f\" class=\"wp-block-themeisle-blocks-slider glide\" data-per-view=\"1\" data-gap=\"0\" data-peek=\"0\" data-autoplay=\"true\" data-height=\"400px\" data-hide-arrows=\"false\"><div class=\"glide__track\" data-glide-el=\"track\"><div class=\"glide__slides\"><div class=\"wp-block-themeisle-blocks-slider-item-wrapper glide__slide\" tabindex=\"0\"><figure><img decoding=\"async\" class=\"wp-block-themeisle-blocks-slider-item\" src=\"https:\/\/familie-weitgereist.de\/wp-content\/uploads\/2022\/07\/IMG_20151110_182452-scaled.jpg\" alt=\"\" title=\"\" data-id=\"9612\"\/><\/figure><\/div><div class=\"wp-block-themeisle-blocks-slider-item-wrapper glide__slide\" tabindex=\"0\"><figure><img decoding=\"async\" class=\"wp-block-themeisle-blocks-slider-item\" src=\"https:\/\/familie-weitgereist.de\/wp-content\/uploads\/2022\/07\/IMG_20151111_144155-scaled.jpg\" alt=\"\" title=\"\" data-id=\"9613\"\/><\/figure><\/div><div class=\"wp-block-themeisle-blocks-slider-item-wrapper glide__slide\" tabindex=\"0\"><figure><img decoding=\"async\" class=\"wp-block-themeisle-blocks-slider-item\" src=\"https:\/\/familie-weitgereist.de\/wp-content\/uploads\/2022\/07\/IMG_20151111_152437-scaled.jpg\" alt=\"\" title=\"\" data-id=\"9615\"\/><\/figure><\/div><div class=\"wp-block-themeisle-blocks-slider-item-wrapper glide__slide\" tabindex=\"0\"><figure><img decoding=\"async\" class=\"wp-block-themeisle-blocks-slider-item\" src=\"https:\/\/familie-weitgereist.de\/wp-content\/uploads\/2022\/07\/IMG_20151111_183023-scaled.jpg\" alt=\"\" title=\"\" data-id=\"9617\"\/><\/figure><\/div><\/div><div class=\"glide__bullets\" data-glide-el=\"controls[nav]\"><button class=\"glide__bullet\" data-glide-dir=\"=0\"><\/button><button class=\"glide__bullet\" data-glide-dir=\"=1\"><\/button><button class=\"glide__bullet\" data-glide-dir=\"=2\"><\/button><button class=\"glide__bullet\" data-glide-dir=\"=3\"><\/button><\/div><\/div><\/div>\n","protected":false},"excerpt":{"rendered":"<p>Gestern bin ich von einer kleinen Reise aus der Seenregion in Chile wieder gekommen. Ina und Falk (zwei neue Freunde aus Deutschland) haben mir Besuch abgestattet und ich habe mich spontan entschieden mit den beiden eine kleine Tour zu machen. Die Seenregion ist herrlich! \u00dcberall sind Seen, Berge, Vulkane und nette Menschen unterwegs. \ud83d\ude42 Das [&hellip;]<\/p>\n","protected":false},"author":3,"featured_media":9612,"comment_status":"open","ping_status":"open","sticky":false,"template":"","format":"standard","meta":{"_themeisle_gutenberg_block_has_review":false,"footnotes":""},"categories":[302,4,7],"tags":[315,321,320],"class_list":["post-991","post","type-post","status-publish","format-standard","has-post-thumbnail","hentry","category-chile","category-laender","category-suedamerika","tag-chile","tag-chiloe","tag-region-de-los-lagos"],"_links":{"self":[{"href":"https:\/\/familie-weitgereist.de\/index.php?rest_route=\/wp\/v2\/posts\/991","targetHints":{"allow":["GET"]}}],"collection":[{"href":"https:\/\/familie-weitgereist.de\/index.php?rest_route=\/wp\/v2\/posts"}],"about":[{"href":"https:\/\/familie-weitgereist.de\/index.php?rest_route=\/wp\/v2\/types\/post"}],"author":[{"embeddable":true,"href":"https:\/\/familie-weitgereist.de\/index.php?rest_route=\/wp\/v2\/users\/3"}],"replies":[{"embeddable":true,"href":"https:\/\/familie-weitgereist.de\/index.php?rest_route=%2Fwp%2Fv2%2Fcomments&post=991"}],"version-history":[{"count":9,"href":"https:\/\/familie-weitgereist.de\/index.php?rest_route=\/wp\/v2\/posts\/991\/revisions"}],"predecessor-version":[{"id":9990,"href":"https:\/\/familie-weitgereist.de\/index.php?rest_route=\/wp\/v2\/posts\/991\/revisions\/9990"}],"wp:featuredmedia":[{"embeddable":true,"href":"https:\/\/familie-weitgereist.de\/index.php?rest_route=\/wp\/v2\/media\/9612"}],"wp:attachment":[{"href":"https:\/\/familie-weitgereist.de\/index.php?rest_route=%2Fwp%2Fv2%2Fmedia&parent=991"}],"wp:term":[{"taxonomy":"category","embeddable":true,"href":"https:\/\/familie-weitgereist.de\/index.php?rest_route=%2Fwp%2Fv2%2Fcategories&post=991"},{"taxonomy":"post_tag","embeddable":true,"href":"https:\/\/familie-weitgereist.de\/index.php?rest_route=%2Fwp%2Fv2%2Ftags&post=991"}],"curies":[{"name":"wp","href":"https:\/\/api.w.org\/{rel}","templated":true}]}}