{"id":990,"date":"2015-12-19T05:28:00","date_gmt":"2015-12-19T04:28:00","guid":{"rendered":"http:\/\/wordpress\/?p=990"},"modified":"2025-11-07T21:45:31","modified_gmt":"2025-11-07T20:45:31","slug":"auslandsstudium-in-la-serena","status":"publish","type":"post","link":"https:\/\/familie-weitgereist.de\/?p=990","title":{"rendered":"Mein Auslandsstudium in La Serena, Chile"},"content":{"rendered":"\n<p>Das Auslandssemester war eine der besten Entscheidungen, die ich im Jahr 2015 getroffen habe! Es war eine absolute Bereicherung f\u00fcr mich, besonders konnte ich mich pers\u00f6nlich weiter entwickeln. Ich habe so viele neue Erfahrungen gemacht, wundervolle Landschaften gesehen, unglaubliche Gastfreundschaft erlebt und ganz viele &#8222;Chilenismos&#8220; gelernt.<\/p>\n\n\n\n<p>Es f\u00e4llt mir wirklich schwer Chile hinter mir zu lassen. Die letzten Monate waren so gef\u00fcllt mit Spannung, Spa\u00df, Abenteuer und einem Gef\u00fchl von unbeschreiblicher Lebensfreude!<\/p>\n\n\n\n<p>Trotz anf\u00e4nglicher Schwierigkeiten hat mir das Uni-Leben letztendlich so gut gefallen. Die Lehrveranstaltungen waren interessant und ich habe so viel hinzu gelernt, im besonderen Sinne, die Welt mit anderen Augen zu betrachten.<\/p>\n\n\n\n<p>Das Auslandssemester war eine komplette Bereicherung. Ich kann es gar nicht glauben, wenn ich meine vielen Fotos anschaue, dass ich das alles 2015 gesehen und erlebt habe. Einfach unglaublich wundersch\u00f6n!<\/p>\n\n\n\n<p>Ich bin so froh, diese Entscheidung getroffen zu haben und werde meine Zeit hier nie vergessen. Die Erfahrungen, die ich hier gemacht habe, sind unglaublich wertvoll!<\/p>\n\n\n\n<p>Aber nun hei\u00dft es, weiter zu wandern, neue Wege zu gehen und weitere bereichernde Erfahrungen zu sammeln.<\/p>\n\n\n\n<div id=\"wp-block-themeisle-blocks-slider-6aaf1939\" class=\"wp-block-themeisle-blocks-slider glide\" data-per-view=\"1\" data-gap=\"0\" data-peek=\"0\" data-autoplay=\"true\" data-height=\"400px\" data-hide-arrows=\"false\"><div class=\"glide__track\" data-glide-el=\"track\"><div class=\"glide__slides\"><div class=\"wp-block-themeisle-blocks-slider-item-wrapper glide__slide\" tabindex=\"0\"><figure><img decoding=\"async\" class=\"wp-block-themeisle-blocks-slider-item\" src=\"https:\/\/familie-weitgereist.de\/wp-content\/uploads\/2022\/07\/IMG_20151207_161925-scaled.jpg\" alt=\"\" title=\"\" data-id=\"9605\"\/><\/figure><\/div><div class=\"wp-block-themeisle-blocks-slider-item-wrapper glide__slide\" tabindex=\"0\"><figure><img decoding=\"async\" class=\"wp-block-themeisle-blocks-slider-item\" src=\"https:\/\/familie-weitgereist.de\/wp-content\/uploads\/2022\/07\/IMG_20151213_181938-scaled.jpg\" alt=\"\" title=\"\" data-id=\"9606\"\/><\/figure><\/div><div class=\"wp-block-themeisle-blocks-slider-item-wrapper glide__slide\" tabindex=\"0\"><figure><img decoding=\"async\" class=\"wp-block-themeisle-blocks-slider-item\" src=\"https:\/\/familie-weitgereist.de\/wp-content\/uploads\/2022\/07\/IMG_20151214_125903-scaled.jpg\" alt=\"\" title=\"\" data-id=\"9607\"\/><\/figure><\/div><div class=\"wp-block-themeisle-blocks-slider-item-wrapper glide__slide\" tabindex=\"0\"><figure><img decoding=\"async\" class=\"wp-block-themeisle-blocks-slider-item\" src=\"https:\/\/familie-weitgereist.de\/wp-content\/uploads\/2022\/07\/IMG_20151214_161544-scaled.jpg\" alt=\"\" title=\"\" data-id=\"9609\"\/><\/figure><\/div><\/div><div class=\"glide__bullets\" data-glide-el=\"controls[nav]\"><button class=\"glide__bullet\" data-glide-dir=\"=0\"><\/button><button class=\"glide__bullet\" data-glide-dir=\"=1\"><\/button><button class=\"glide__bullet\" data-glide-dir=\"=2\"><\/button><button class=\"glide__bullet\" data-glide-dir=\"=3\"><\/button><\/div><\/div><\/div>\n","protected":false},"excerpt":{"rendered":"<p>Das Auslandssemester war eine der besten Entscheidungen, die ich im Jahr 2015 getroffen habe! Es war eine absolute Bereicherung f\u00fcr mich, besonders konnte ich mich pers\u00f6nlich weiter entwickeln. Ich habe so viele neue Erfahrungen gemacht, wundervolle Landschaften gesehen, unglaubliche Gastfreundschaft erlebt und ganz viele &#8222;Chilenismos&#8220; gelernt. Es f\u00e4llt mir wirklich schwer Chile hinter mir zu [&hellip;]<\/p>\n","protected":false},"author":3,"featured_media":9605,"comment_status":"open","ping_status":"open","sticky":false,"template":"","format":"standard","meta":{"_themeisle_gutenberg_block_has_review":false,"footnotes":""},"categories":[302,4,7],"tags":[315,323],"class_list":["post-990","post","type-post","status-publish","format-standard","has-post-thumbnail","hentry","category-chile","category-laender","category-suedamerika","tag-chile","tag-la-serena"],"_links":{"self":[{"href":"https:\/\/familie-weitgereist.de\/index.php?rest_route=\/wp\/v2\/posts\/990","targetHints":{"allow":["GET"]}}],"collection":[{"href":"https:\/\/familie-weitgereist.de\/index.php?rest_route=\/wp\/v2\/posts"}],"about":[{"href":"https:\/\/familie-weitgereist.de\/index.php?rest_route=\/wp\/v2\/types\/post"}],"author":[{"embeddable":true,"href":"https:\/\/familie-weitgereist.de\/index.php?rest_route=\/wp\/v2\/users\/3"}],"replies":[{"embeddable":true,"href":"https:\/\/familie-weitgereist.de\/index.php?rest_route=%2Fwp%2Fv2%2Fcomments&post=990"}],"version-history":[{"count":7,"href":"https:\/\/familie-weitgereist.de\/index.php?rest_route=\/wp\/v2\/posts\/990\/revisions"}],"predecessor-version":[{"id":9988,"href":"https:\/\/familie-weitgereist.de\/index.php?rest_route=\/wp\/v2\/posts\/990\/revisions\/9988"}],"wp:featuredmedia":[{"embeddable":true,"href":"https:\/\/familie-weitgereist.de\/index.php?rest_route=\/wp\/v2\/media\/9605"}],"wp:attachment":[{"href":"https:\/\/familie-weitgereist.de\/index.php?rest_route=%2Fwp%2Fv2%2Fmedia&parent=990"}],"wp:term":[{"taxonomy":"category","embeddable":true,"href":"https:\/\/familie-weitgereist.de\/index.php?rest_route=%2Fwp%2Fv2%2Fcategories&post=990"},{"taxonomy":"post_tag","embeddable":true,"href":"https:\/\/familie-weitgereist.de\/index.php?rest_route=%2Fwp%2Fv2%2Ftags&post=990"}],"curies":[{"name":"wp","href":"https:\/\/api.w.org\/{rel}","templated":true}]}}