{"id":984,"date":"2016-08-28T08:43:00","date_gmt":"2016-08-28T06:43:00","guid":{"rendered":"http:\/\/wordpress\/?p=984"},"modified":"2025-11-07T20:21:34","modified_gmt":"2025-11-07T19:21:34","slug":"sardinien","status":"publish","type":"post","link":"https:\/\/familie-weitgereist.de\/?p=984","title":{"rendered":"Entspannen auf Sardinien, Italien"},"content":{"rendered":"\n<p>Wir befinden uns gerade auf der F\u00e4hre von Cagliari nach Civitavecchia &#8230; dieser Ort liegt etwas n\u00f6rdlich von Rom.&nbsp; Wir haben uns spontan dagegen entschieden nach Palermo zu fahren. Eigentlich waren alle Tickets ausverkauft. Drei Stunden vor Abfahrt der F\u00e4hre, haben wir uns auf die Warteliste setzen lassen und kurz vor Boarding, konnten wir noch unser Ticket kaufen. Das war dann sogar noch etwas g\u00fcnstiger als der Normalpreis. \ud83d\ude42 &nbsp;<\/p>\n\n\n\n<figure class=\"wp-block-embed is-type-video is-provider-youtube wp-block-embed-youtube wp-embed-aspect-16-9 wp-has-aspect-ratio\"><div class=\"wp-block-embed__wrapper\">\n<iframe loading=\"lazy\" title=\"VON SARDINIEN NACH ROM\" width=\"580\" height=\"326\" src=\"https:\/\/www.youtube.com\/embed\/xGPZ5M4cTq4?start=9&#038;feature=oembed\" frameborder=\"0\" allow=\"accelerometer; autoplay; clipboard-write; encrypted-media; gyroscope; picture-in-picture; web-share\" referrerpolicy=\"strict-origin-when-cross-origin\" allowfullscreen><\/iframe>\n<\/div><\/figure>\n\n\n\n<p>Sizilien schauen wir uns einfach sp\u00e4ter mal an. Die Hauptsaison ist uns jedoch irgendwie zu anstrengend. Vielleicht w\u00e4re es auf Sizilien auch nicht so schlimm wie auf Sardinien &#8230; Trotzdem bevorzugen wir es nun erst einmal uns einige St\u00e4dte in Italien anzuschauen und danach wieder in die Berge zu verschwinden. \ud83d\ude42 Sardinien war sch\u00f6n, f\u00fcr uns, nach der anstrengenden Wanderung auf dem GR-20, vor allem erholsam. Sardinien hat viele kleine niedliche St\u00e4dte, sch\u00f6ne Str\u00e4nde und relativ entspannte Wanderwege.<\/p>\n\n\n\n<figure class=\"wp-block-image size-large\"><img loading=\"lazy\" decoding=\"async\" width=\"1024\" height=\"768\" src=\"https:\/\/familie-weitgereist.de\/wp-content\/uploads\/2022\/07\/YDXJ2406-1024x768.jpg\" alt=\"\" class=\"wp-image-9552\" srcset=\"https:\/\/familie-weitgereist.de\/wp-content\/uploads\/2022\/07\/YDXJ2406-1024x768.jpg 1024w, https:\/\/familie-weitgereist.de\/wp-content\/uploads\/2022\/07\/YDXJ2406-300x225.jpg 300w, https:\/\/familie-weitgereist.de\/wp-content\/uploads\/2022\/07\/YDXJ2406-768x576.jpg 768w, https:\/\/familie-weitgereist.de\/wp-content\/uploads\/2022\/07\/YDXJ2406-1536x1152.jpg 1536w, https:\/\/familie-weitgereist.de\/wp-content\/uploads\/2022\/07\/YDXJ2406-2048x1536.jpg 2048w, https:\/\/familie-weitgereist.de\/wp-content\/uploads\/2022\/07\/YDXJ2406-1200x900.jpg 1200w, https:\/\/familie-weitgereist.de\/wp-content\/uploads\/2022\/07\/YDXJ2406-1980x1485.jpg 1980w, https:\/\/familie-weitgereist.de\/wp-content\/uploads\/2022\/07\/YDXJ2406-150x113.jpg 150w\" sizes=\"auto, (max-width: 1024px) 100vw, 1024px\" \/><\/figure>\n\n\n\n<p>Die Str\u00e4nde waren jedoch, gerade im August, super \u00fcberf\u00fcllt. Die kleinen St\u00e4dte waren ebenso voll gestopft mit Touristen, immer auf der Suche nach etwas Leckerem zu essen oder dem besten Foto. Italienische Inseln werden wir bestimmt nur noch off-season bereisen. \ud83d\ude42<br>Vielleicht erschien uns das aber auch alles nur so extrem, da wir vorher die idyllische und einsame Bergwelt von Korsika gewohnt waren. \ud83d\ude09<\/p>\n\n\n\n<figure class=\"wp-block-embed is-type-video is-provider-youtube wp-block-embed-youtube wp-embed-aspect-16-9 wp-has-aspect-ratio\"><div class=\"wp-block-embed__wrapper\">\n<iframe loading=\"lazy\" title=\"ENTSPANNEN AUF SARDINIEN\" width=\"580\" height=\"326\" src=\"https:\/\/www.youtube.com\/embed\/ZPqlySIjHYI?start=91&#038;feature=oembed\" frameborder=\"0\" allow=\"accelerometer; autoplay; clipboard-write; encrypted-media; gyroscope; picture-in-picture; web-share\" referrerpolicy=\"strict-origin-when-cross-origin\" allowfullscreen><\/iframe>\n<\/div><\/figure>\n\n\n\n<figure class=\"wp-block-embed is-type-video is-provider-youtube wp-block-embed-youtube wp-embed-aspect-16-9 wp-has-aspect-ratio\"><div class=\"wp-block-embed__wrapper\">\n<iframe loading=\"lazy\" title=\"ERKUNDUNG VON SARDINIEN\" width=\"580\" height=\"326\" src=\"https:\/\/www.youtube.com\/embed\/-B1mK6p5Bz0?start=9&#038;feature=oembed\" frameborder=\"0\" allow=\"accelerometer; autoplay; clipboard-write; encrypted-media; gyroscope; picture-in-picture; web-share\" referrerpolicy=\"strict-origin-when-cross-origin\" allowfullscreen><\/iframe>\n<\/div><\/figure>\n\n\n\n<figure class=\"wp-block-embed is-type-video is-provider-youtube wp-block-embed-youtube wp-embed-aspect-16-9 wp-has-aspect-ratio\"><div class=\"wp-block-embed__wrapper\">\n<iframe loading=\"lazy\" title=\"CAGLIARI, SARDINIEN\" width=\"580\" height=\"326\" src=\"https:\/\/www.youtube.com\/embed\/uXflz0DvHOk?feature=oembed\" frameborder=\"0\" allow=\"accelerometer; autoplay; clipboard-write; encrypted-media; gyroscope; picture-in-picture; web-share\" referrerpolicy=\"strict-origin-when-cross-origin\" allowfullscreen><\/iframe>\n<\/div><\/figure>\n","protected":false},"excerpt":{"rendered":"<p>Wir befinden uns gerade auf der F\u00e4hre von Cagliari nach Civitavecchia &#8230; dieser Ort liegt etwas n\u00f6rdlich von Rom.&nbsp; Wir haben uns spontan dagegen entschieden nach Palermo zu fahren. Eigentlich waren alle Tickets ausverkauft. Drei Stunden vor Abfahrt der F\u00e4hre, haben wir uns auf die Warteliste setzen lassen und kurz vor Boarding, konnten wir noch [&hellip;]<\/p>\n","protected":false},"author":3,"featured_media":9552,"comment_status":"open","ping_status":"open","sticky":false,"template":"","format":"standard","meta":{"_themeisle_gutenberg_block_has_review":false,"footnotes":""},"categories":[239,8,4],"tags":[178,293],"class_list":["post-984","post","type-post","status-publish","format-standard","has-post-thumbnail","hentry","category-italien","category-europa","category-laender","tag-italien","tag-sardinien"],"_links":{"self":[{"href":"https:\/\/familie-weitgereist.de\/index.php?rest_route=\/wp\/v2\/posts\/984","targetHints":{"allow":["GET"]}}],"collection":[{"href":"https:\/\/familie-weitgereist.de\/index.php?rest_route=\/wp\/v2\/posts"}],"about":[{"href":"https:\/\/familie-weitgereist.de\/index.php?rest_route=\/wp\/v2\/types\/post"}],"author":[{"embeddable":true,"href":"https:\/\/familie-weitgereist.de\/index.php?rest_route=\/wp\/v2\/users\/3"}],"replies":[{"embeddable":true,"href":"https:\/\/familie-weitgereist.de\/index.php?rest_route=%2Fwp%2Fv2%2Fcomments&post=984"}],"version-history":[{"count":9,"href":"https:\/\/familie-weitgereist.de\/index.php?rest_route=\/wp\/v2\/posts\/984\/revisions"}],"predecessor-version":[{"id":10055,"href":"https:\/\/familie-weitgereist.de\/index.php?rest_route=\/wp\/v2\/posts\/984\/revisions\/10055"}],"wp:featuredmedia":[{"embeddable":true,"href":"https:\/\/familie-weitgereist.de\/index.php?rest_route=\/wp\/v2\/media\/9552"}],"wp:attachment":[{"href":"https:\/\/familie-weitgereist.de\/index.php?rest_route=%2Fwp%2Fv2%2Fmedia&parent=984"}],"wp:term":[{"taxonomy":"category","embeddable":true,"href":"https:\/\/familie-weitgereist.de\/index.php?rest_route=%2Fwp%2Fv2%2Fcategories&post=984"},{"taxonomy":"post_tag","embeddable":true,"href":"https:\/\/familie-weitgereist.de\/index.php?rest_route=%2Fwp%2Fv2%2Ftags&post=984"}],"curies":[{"name":"wp","href":"https:\/\/api.w.org\/{rel}","templated":true}]}}