{"id":983,"date":"2016-08-30T17:35:00","date_gmt":"2016-08-30T15:35:00","guid":{"rendered":"http:\/\/wordpress\/?p=983"},"modified":"2025-11-07T20:19:42","modified_gmt":"2025-11-07T19:19:42","slug":"rom-italien-und-vatikan","status":"publish","type":"post","link":"https:\/\/familie-weitgereist.de\/?p=983","title":{"rendered":"Unser St\u00e4dtetrip nach Rom, Italien und dem Vatikan"},"content":{"rendered":"\n<p>Salve ihr Lieben! \ud83d\ude42 <\/p>\n\n\n\n<p>Wir waren in Rom &#8211; der ewigen Stadt!&nbsp; &nbsp;<\/p>\n\n\n\n<p>Es ist wundervoll! Rom ist wie ein riesiges offenes Museum. Wo das Auge hinschaut, gibt es r\u00f6mische B\u00e4der, alte Kirchen, bewundernswerte r\u00f6mische Bauwerke und nat\u00fcrlich das Koloseum! Wir sind einfach durch die Stadt gewandert und haben uns treiben lassen.<\/p>\n\n\n\n<figure class=\"wp-block-image size-large is-resized\"><img loading=\"lazy\" decoding=\"async\" src=\"https:\/\/familie-weitgereist.de\/wp-content\/uploads\/2022\/07\/YDXJ0098-1024x768.jpg\" alt=\"\" class=\"wp-image-9546\" width=\"610\" height=\"457\" srcset=\"https:\/\/familie-weitgereist.de\/wp-content\/uploads\/2022\/07\/YDXJ0098-1024x768.jpg 1024w, https:\/\/familie-weitgereist.de\/wp-content\/uploads\/2022\/07\/YDXJ0098-300x225.jpg 300w, https:\/\/familie-weitgereist.de\/wp-content\/uploads\/2022\/07\/YDXJ0098-768x576.jpg 768w, https:\/\/familie-weitgereist.de\/wp-content\/uploads\/2022\/07\/YDXJ0098-1536x1152.jpg 1536w, https:\/\/familie-weitgereist.de\/wp-content\/uploads\/2022\/07\/YDXJ0098-2048x1536.jpg 2048w, https:\/\/familie-weitgereist.de\/wp-content\/uploads\/2022\/07\/YDXJ0098-1200x900.jpg 1200w, https:\/\/familie-weitgereist.de\/wp-content\/uploads\/2022\/07\/YDXJ0098-1980x1485.jpg 1980w, https:\/\/familie-weitgereist.de\/wp-content\/uploads\/2022\/07\/YDXJ0098-150x113.jpg 150w\" sizes=\"auto, (max-width: 610px) 100vw, 610px\" \/><\/figure>\n\n\n\n<p>Der <em>Trevi<\/em> Brunnen, die spanische Treppe und das Koloseum geh\u00f6ren wohl zu den ber\u00fchmtesten Sehensw\u00fcrdigkeiten der Stadt. Selbstverst\u00e4ndlich haben wir auch den Petersplatz im Vatikan besucht. Eine Privataudienz beim Papst gab es allerdings nicht. \ud83d\ude09 Ein nicht allzu bekanntes Highlight f\u00fcr uns war jedoch die Via Appia Antica, auf der wir ca. 20km gelaufen sind. Dies ist eine sehr alte Verbindungsstra\u00dfe der R\u00f6mer gewesen, die Richtung S\u00fcden, sprich Richtung Athen f\u00fchrt. Die griechische Kultur war damals ma\u00dfgebendes Vorbild f\u00fcr die R\u00f6mer und so wurde diese Stra\u00dfe ab 312 BC angelegt.<\/p>\n\n\n\n<div id=\"wp-block-themeisle-blocks-slider-a8fa7ce7\" class=\"wp-block-themeisle-blocks-slider glide\" data-per-view=\"1\" data-gap=\"0\" data-peek=\"0\" data-autoplay=\"true\" data-height=\"400px\" data-hide-arrows=\"false\"><div class=\"glide__track\" data-glide-el=\"track\"><div class=\"glide__slides\"><div class=\"wp-block-themeisle-blocks-slider-item-wrapper glide__slide\" tabindex=\"0\"><figure><img decoding=\"async\" class=\"wp-block-themeisle-blocks-slider-item\" src=\"https:\/\/familie-weitgereist.de\/wp-content\/uploads\/2022\/07\/YDXJ0392-scaled.jpg\" alt=\"\" title=\"\" data-id=\"9512\"\/><figcaption>Trevi Brunnen<\/figcaption><\/figure><\/div><div class=\"wp-block-themeisle-blocks-slider-item-wrapper glide__slide\" tabindex=\"0\"><figure><img decoding=\"async\" class=\"wp-block-themeisle-blocks-slider-item\" src=\"https:\/\/familie-weitgereist.de\/wp-content\/uploads\/2022\/07\/YDXJ0470-scaled.jpg\" alt=\"\" title=\"\" data-id=\"9513\"\/><figcaption>Petersplatz, Vatikan<\/figcaption><\/figure><\/div><\/div><div class=\"glide__bullets\" data-glide-el=\"controls[nav]\"><button class=\"glide__bullet\" data-glide-dir=\"=0\"><\/button><button class=\"glide__bullet\" data-glide-dir=\"=1\"><\/button><\/div><\/div><\/div>\n\n\n\n<p>Entlang der Stra\u00dfe trifft der Wanderer regelrecht alle 20m auf r\u00f6mische Statuen, Wacht\u00fcrme, r\u00f6mische B\u00e4der, Kirchen etc. Es ist beeindruckend und wir waren fern von Touristenscharen. Es war n\u00e4mlich kaum ein Tourist auf der Via Appia Antica anzutreffen und so schlenderten wir gem\u00fctlich entlang, bei herrlichstem Sonnenschein, blauem Himmel und unter Zypressenb\u00e4umen. Ich liebe Rom! Die Stadt geh\u00f6rt definitiv zu meinen Lieblingsst\u00e4dten! Nun begeben wir uns wieder auf Entdeckungsreise durch weitere italienische St\u00e4dte! \ud83d\ude42<\/p>\n\n\n\n<figure class=\"wp-block-embed is-type-video is-provider-youtube wp-block-embed-youtube wp-embed-aspect-16-9 wp-has-aspect-ratio\"><div class=\"wp-block-embed__wrapper\">\n<iframe loading=\"lazy\" title=\"ROM UND VATIKAN \/ Teil 1\" width=\"580\" height=\"326\" src=\"https:\/\/www.youtube.com\/embed\/inmwlPOtczw?start=117&#038;feature=oembed\" frameborder=\"0\" allow=\"accelerometer; autoplay; clipboard-write; encrypted-media; gyroscope; picture-in-picture; web-share\" referrerpolicy=\"strict-origin-when-cross-origin\" allowfullscreen><\/iframe>\n<\/div><\/figure>\n\n\n\n<figure class=\"wp-block-embed is-type-video is-provider-youtube wp-block-embed-youtube wp-embed-aspect-16-9 wp-has-aspect-ratio\"><div class=\"wp-block-embed__wrapper\">\n<iframe loading=\"lazy\" title=\"ROM, ITALIEN \/ Teil 2\" width=\"580\" height=\"326\" src=\"https:\/\/www.youtube.com\/embed\/U2j8H-decnw?start=531&#038;feature=oembed\" frameborder=\"0\" allow=\"accelerometer; autoplay; clipboard-write; encrypted-media; gyroscope; picture-in-picture; web-share\" referrerpolicy=\"strict-origin-when-cross-origin\" allowfullscreen><\/iframe>\n<\/div><\/figure>\n","protected":false},"excerpt":{"rendered":"<p>Salve ihr Lieben! \ud83d\ude42 Wir waren in Rom &#8211; der ewigen Stadt!&nbsp; &nbsp; Es ist wundervoll! Rom ist wie ein riesiges offenes Museum. Wo das Auge hinschaut, gibt es r\u00f6mische B\u00e4der, alte Kirchen, bewundernswerte r\u00f6mische Bauwerke und nat\u00fcrlich das Koloseum! Wir sind einfach durch die Stadt gewandert und haben uns treiben lassen. Der Trevi Brunnen, [&hellip;]<\/p>\n","protected":false},"author":3,"featured_media":9546,"comment_status":"open","ping_status":"open","sticky":false,"template":"","format":"standard","meta":{"_themeisle_gutenberg_block_has_review":false,"footnotes":""},"categories":[239,8,4],"tags":[178,285,286],"class_list":["post-983","post","type-post","status-publish","format-standard","has-post-thumbnail","hentry","category-italien","category-europa","category-laender","tag-italien","tag-rom","tag-vatikan"],"_links":{"self":[{"href":"https:\/\/familie-weitgereist.de\/index.php?rest_route=\/wp\/v2\/posts\/983","targetHints":{"allow":["GET"]}}],"collection":[{"href":"https:\/\/familie-weitgereist.de\/index.php?rest_route=\/wp\/v2\/posts"}],"about":[{"href":"https:\/\/familie-weitgereist.de\/index.php?rest_route=\/wp\/v2\/types\/post"}],"author":[{"embeddable":true,"href":"https:\/\/familie-weitgereist.de\/index.php?rest_route=\/wp\/v2\/users\/3"}],"replies":[{"embeddable":true,"href":"https:\/\/familie-weitgereist.de\/index.php?rest_route=%2Fwp%2Fv2%2Fcomments&post=983"}],"version-history":[{"count":9,"href":"https:\/\/familie-weitgereist.de\/index.php?rest_route=\/wp\/v2\/posts\/983\/revisions"}],"predecessor-version":[{"id":10054,"href":"https:\/\/familie-weitgereist.de\/index.php?rest_route=\/wp\/v2\/posts\/983\/revisions\/10054"}],"wp:featuredmedia":[{"embeddable":true,"href":"https:\/\/familie-weitgereist.de\/index.php?rest_route=\/wp\/v2\/media\/9546"}],"wp:attachment":[{"href":"https:\/\/familie-weitgereist.de\/index.php?rest_route=%2Fwp%2Fv2%2Fmedia&parent=983"}],"wp:term":[{"taxonomy":"category","embeddable":true,"href":"https:\/\/familie-weitgereist.de\/index.php?rest_route=%2Fwp%2Fv2%2Fcategories&post=983"},{"taxonomy":"post_tag","embeddable":true,"href":"https:\/\/familie-weitgereist.de\/index.php?rest_route=%2Fwp%2Fv2%2Ftags&post=983"}],"curies":[{"name":"wp","href":"https:\/\/api.w.org\/{rel}","templated":true}]}}