{"id":981,"date":"2016-09-05T20:35:00","date_gmt":"2016-09-05T18:35:00","guid":{"rendered":"http:\/\/wordpress\/?p=981"},"modified":"2025-11-07T20:18:47","modified_gmt":"2025-11-07T19:18:47","slug":"pisa-italien","status":"publish","type":"post","link":"https:\/\/familie-weitgereist.de\/?p=981","title":{"rendered":"Unser St\u00e4dtetrip nach Pisa, Italien"},"content":{"rendered":"\n<p>Ciao Pisa! (: Juhu, wir waren in Pisa und der schiefe Turm ist wirklich schief! (: (:<\/p>\n\n\n\n<p>Pisas Altstadt ist klein und ziemlich \u00fcbersichtlich, das hei\u00dft, das Wahrzeichen und die Sehensw\u00fcrdigkeit schlecht hin, ist nat\u00fcrlich der Turm. Dieser l\u00e4sst sich aber auch sehen. Ich war ja so excited und erfreut den schiefen Turm endlich zu sehen! Einfach toll! Wir sind ziemlich fr\u00fch dort angekommen und das kann ich auch jedem nur empfehlen, denn gegen 12:00 st\u00fcrmen die Touristenscharen das Gel\u00e4nde. Es wurde pl\u00f6tzlich so voll von Menschen und das Gerangel um das sch\u00f6nste Foto hatte begonnen.<\/p>\n\n\n\n<figure class=\"wp-block-image\"><img loading=\"lazy\" decoding=\"async\" width=\"1920\" height=\"2560\" src=\"https:\/\/familie-weitgereist.de\/wp-content\/uploads\/2022\/07\/IMG_20160905_111724-scaled.jpg\" alt=\"\" class=\"wp-image-9539\" srcset=\"https:\/\/familie-weitgereist.de\/wp-content\/uploads\/2022\/07\/IMG_20160905_111724-scaled.jpg 1920w, https:\/\/familie-weitgereist.de\/wp-content\/uploads\/2022\/07\/IMG_20160905_111724-225x300.jpg 225w, https:\/\/familie-weitgereist.de\/wp-content\/uploads\/2022\/07\/IMG_20160905_111724-768x1024.jpg 768w, https:\/\/familie-weitgereist.de\/wp-content\/uploads\/2022\/07\/IMG_20160905_111724-1152x1536.jpg 1152w, https:\/\/familie-weitgereist.de\/wp-content\/uploads\/2022\/07\/IMG_20160905_111724-1536x2048.jpg 1536w, https:\/\/familie-weitgereist.de\/wp-content\/uploads\/2022\/07\/IMG_20160905_111724-1200x1600.jpg 1200w, https:\/\/familie-weitgereist.de\/wp-content\/uploads\/2022\/07\/IMG_20160905_111724-1980x2640.jpg 1980w, https:\/\/familie-weitgereist.de\/wp-content\/uploads\/2022\/07\/IMG_20160905_111724-640x853.jpg 640w, https:\/\/familie-weitgereist.de\/wp-content\/uploads\/2022\/07\/IMG_20160905_111724-150x200.jpg 150w\" sizes=\"auto, (max-width: 1920px) 100vw, 1920px\" \/><figcaption>Der Schiefe Turm von Pisa<\/figcaption><\/figure>\n\n\n\n<p>Zum Gl\u00fcck hatten wir schon alles im Kasten und konnten die verr\u00fcckten Menschen beobachten. Was f\u00fcr ein Spa\u00df! \ud83d\ude00 Wir haben den ganzen Tag Pisa erkundet und waren gef\u00fchlt in jeder kleinen Gasse unterwegs. Mit dem Zug ging es am Abend wieder zur\u00fcck nach Florenz, denn Pisa ist nur eine Stunde entfernt.<\/p>\n\n\n\n<figure class=\"wp-block-embed is-type-video is-provider-youtube wp-block-embed-youtube wp-embed-aspect-16-9 wp-has-aspect-ratio\"><div class=\"wp-block-embed__wrapper\">\n<iframe loading=\"lazy\" title=\"PISA, ITALIEN\" width=\"580\" height=\"326\" src=\"https:\/\/www.youtube.com\/embed\/Zd4Ej9AMrmA?feature=oembed\" frameborder=\"0\" allow=\"accelerometer; autoplay; clipboard-write; encrypted-media; gyroscope; picture-in-picture; web-share\" referrerpolicy=\"strict-origin-when-cross-origin\" allowfullscreen><\/iframe>\n<\/div><\/figure>\n","protected":false},"excerpt":{"rendered":"<p>Ciao Pisa! (: Juhu, wir waren in Pisa und der schiefe Turm ist wirklich schief! (: (: Pisas Altstadt ist klein und ziemlich \u00fcbersichtlich, das hei\u00dft, das Wahrzeichen und die Sehensw\u00fcrdigkeit schlecht hin, ist nat\u00fcrlich der Turm. Dieser l\u00e4sst sich aber auch sehen. Ich war ja so excited und erfreut den schiefen Turm endlich zu [&hellip;]<\/p>\n","protected":false},"author":3,"featured_media":9539,"comment_status":"open","ping_status":"open","sticky":false,"template":"","format":"standard","meta":{"_themeisle_gutenberg_block_has_review":false,"footnotes":""},"categories":[239,8,4],"tags":[178,289],"class_list":["post-981","post","type-post","status-publish","format-standard","has-post-thumbnail","hentry","category-italien","category-europa","category-laender","tag-italien","tag-pisa"],"_links":{"self":[{"href":"https:\/\/familie-weitgereist.de\/index.php?rest_route=\/wp\/v2\/posts\/981","targetHints":{"allow":["GET"]}}],"collection":[{"href":"https:\/\/familie-weitgereist.de\/index.php?rest_route=\/wp\/v2\/posts"}],"about":[{"href":"https:\/\/familie-weitgereist.de\/index.php?rest_route=\/wp\/v2\/types\/post"}],"author":[{"embeddable":true,"href":"https:\/\/familie-weitgereist.de\/index.php?rest_route=\/wp\/v2\/users\/3"}],"replies":[{"embeddable":true,"href":"https:\/\/familie-weitgereist.de\/index.php?rest_route=%2Fwp%2Fv2%2Fcomments&post=981"}],"version-history":[{"count":8,"href":"https:\/\/familie-weitgereist.de\/index.php?rest_route=\/wp\/v2\/posts\/981\/revisions"}],"predecessor-version":[{"id":10052,"href":"https:\/\/familie-weitgereist.de\/index.php?rest_route=\/wp\/v2\/posts\/981\/revisions\/10052"}],"wp:featuredmedia":[{"embeddable":true,"href":"https:\/\/familie-weitgereist.de\/index.php?rest_route=\/wp\/v2\/media\/9539"}],"wp:attachment":[{"href":"https:\/\/familie-weitgereist.de\/index.php?rest_route=%2Fwp%2Fv2%2Fmedia&parent=981"}],"wp:term":[{"taxonomy":"category","embeddable":true,"href":"https:\/\/familie-weitgereist.de\/index.php?rest_route=%2Fwp%2Fv2%2Fcategories&post=981"},{"taxonomy":"post_tag","embeddable":true,"href":"https:\/\/familie-weitgereist.de\/index.php?rest_route=%2Fwp%2Fv2%2Ftags&post=981"}],"curies":[{"name":"wp","href":"https:\/\/api.w.org\/{rel}","templated":true}]}}