{"id":979,"date":"2016-09-09T10:30:00","date_gmt":"2016-09-09T08:30:00","guid":{"rendered":"http:\/\/wordpress\/?p=979"},"modified":"2025-11-07T20:17:59","modified_gmt":"2025-11-07T19:17:59","slug":"rimini-italien","status":"publish","type":"post","link":"https:\/\/familie-weitgereist.de\/?p=979","title":{"rendered":"St\u00e4dtetrip nach Rimini, Italien"},"content":{"rendered":"\n<p>Wir waren in Rimini und ich hatte ja so gro\u00dfe Vorurteile \u00fcber diese Stadt &#8230; Haupts\u00e4chlich habe ich mir einen kleinen Party-town vorgestellt, dem Ballermann auf Mallorca \u00e4hnelnd. \ud83d\ude00 Aber Rimini ist eindeutig das, was man daraus macht. Vorurteile sind definitiv nicht gut &#8211; ich wurde zumindest eines Besseren belehrt. Rimini hat eine richtig kleine und sch\u00f6ne Altstadt! Es sind noch Reste der alten Stadtmauer zu sehen, zwei Stadttore aus den Zeiten der alten R\u00f6mer und es gibt noch ein antikes Amphitheater (das leider etwas besch\u00e4digt ist).<br>Wir haben uns das Stadtmuseum angeschaut und viel Wissenswertes \u00fcber das antike Rimini erfahren, z.B. das der heutige Stadtkern fr\u00fcher von Wasser geflutet war und der Hafen dort war, wo das heutige Stadtzentrum ist.<\/p>\n\n\n\n<div id=\"wp-block-themeisle-blocks-slider-c3666ce7\" class=\"wp-block-themeisle-blocks-slider glide\" data-per-view=\"1\" data-gap=\"0\" data-peek=\"0\" data-autoplay=\"true\" data-height=\"400px\" data-hide-arrows=\"false\"><div class=\"glide__track\" data-glide-el=\"track\"><div class=\"glide__slides\"><div class=\"wp-block-themeisle-blocks-slider-item-wrapper glide__slide\" tabindex=\"0\"><figure><img decoding=\"async\" class=\"wp-block-themeisle-blocks-slider-item\" src=\"https:\/\/familie-weitgereist.de\/wp-content\/uploads\/2022\/07\/YDXJ0986-scaled.jpg\" alt=\"\" title=\"\" data-id=\"9505\"\/><\/figure><\/div><div class=\"wp-block-themeisle-blocks-slider-item-wrapper glide__slide\" tabindex=\"0\"><figure><img decoding=\"async\" class=\"wp-block-themeisle-blocks-slider-item\" src=\"https:\/\/familie-weitgereist.de\/wp-content\/uploads\/2022\/07\/YDXJ0957-scaled.jpg\" alt=\"\" title=\"\" data-id=\"9504\"\/><\/figure><\/div><div class=\"wp-block-themeisle-blocks-slider-item-wrapper glide__slide\" tabindex=\"0\"><figure><img decoding=\"async\" class=\"wp-block-themeisle-blocks-slider-item\" src=\"https:\/\/familie-weitgereist.de\/wp-content\/uploads\/2022\/07\/YDXJ0990-scaled.jpg\" alt=\"\" title=\"\" data-id=\"9506\"\/><\/figure><\/div><\/div><div class=\"glide__bullets\" data-glide-el=\"controls[nav]\"><button class=\"glide__bullet\" data-glide-dir=\"=0\"><\/button><button class=\"glide__bullet\" data-glide-dir=\"=1\"><\/button><button class=\"glide__bullet\" data-glide-dir=\"=2\"><\/button><\/div><\/div><\/div>\n\n\n\n<p>Am Strand waren wir erst gegen Abend und das war witzig! An dem Tag war das Wetter nicht so sch\u00f6n, deswegen war auch kaum einer am Strand. Die Strandliegen waren jedoch in einer endlosen Reihe aufgestellt. Das habe ich echt noch nicht gesehen \u2026 \ud83d\ude00 Das war ein Strandliegen-Dorf. Eine Liege an der n\u00e4chsten und das Ende war auf beiden Seiten nicht in Sicht. \ud83d\ude00<\/p>\n\n\n\n<figure class=\"wp-block-embed is-type-video is-provider-youtube wp-block-embed-youtube wp-embed-aspect-16-9 wp-has-aspect-ratio\"><div class=\"wp-block-embed__wrapper\">\n<iframe loading=\"lazy\" title=\"RIMINI, ITALIEN\" width=\"580\" height=\"326\" src=\"https:\/\/www.youtube.com\/embed\/rwKolNXHogg?feature=oembed\" frameborder=\"0\" allow=\"accelerometer; autoplay; clipboard-write; encrypted-media; gyroscope; picture-in-picture; web-share\" referrerpolicy=\"strict-origin-when-cross-origin\" allowfullscreen><\/iframe>\n<\/div><\/figure>\n","protected":false},"excerpt":{"rendered":"<p>Wir waren in Rimini und ich hatte ja so gro\u00dfe Vorurteile \u00fcber diese Stadt &#8230; Haupts\u00e4chlich habe ich mir einen kleinen Party-town vorgestellt, dem Ballermann auf Mallorca \u00e4hnelnd. \ud83d\ude00 Aber Rimini ist eindeutig das, was man daraus macht. Vorurteile sind definitiv nicht gut &#8211; ich wurde zumindest eines Besseren belehrt. Rimini hat eine richtig kleine [&hellip;]<\/p>\n","protected":false},"author":3,"featured_media":9505,"comment_status":"open","ping_status":"open","sticky":false,"template":"","format":"standard","meta":{"_themeisle_gutenberg_block_has_review":false,"footnotes":""},"categories":[239,8,4],"tags":[178,291],"class_list":["post-979","post","type-post","status-publish","format-standard","has-post-thumbnail","hentry","category-italien","category-europa","category-laender","tag-italien","tag-rimini"],"_links":{"self":[{"href":"https:\/\/familie-weitgereist.de\/index.php?rest_route=\/wp\/v2\/posts\/979","targetHints":{"allow":["GET"]}}],"collection":[{"href":"https:\/\/familie-weitgereist.de\/index.php?rest_route=\/wp\/v2\/posts"}],"about":[{"href":"https:\/\/familie-weitgereist.de\/index.php?rest_route=\/wp\/v2\/types\/post"}],"author":[{"embeddable":true,"href":"https:\/\/familie-weitgereist.de\/index.php?rest_route=\/wp\/v2\/users\/3"}],"replies":[{"embeddable":true,"href":"https:\/\/familie-weitgereist.de\/index.php?rest_route=%2Fwp%2Fv2%2Fcomments&post=979"}],"version-history":[{"count":9,"href":"https:\/\/familie-weitgereist.de\/index.php?rest_route=\/wp\/v2\/posts\/979\/revisions"}],"predecessor-version":[{"id":10050,"href":"https:\/\/familie-weitgereist.de\/index.php?rest_route=\/wp\/v2\/posts\/979\/revisions\/10050"}],"wp:featuredmedia":[{"embeddable":true,"href":"https:\/\/familie-weitgereist.de\/index.php?rest_route=\/wp\/v2\/media\/9505"}],"wp:attachment":[{"href":"https:\/\/familie-weitgereist.de\/index.php?rest_route=%2Fwp%2Fv2%2Fmedia&parent=979"}],"wp:term":[{"taxonomy":"category","embeddable":true,"href":"https:\/\/familie-weitgereist.de\/index.php?rest_route=%2Fwp%2Fv2%2Fcategories&post=979"},{"taxonomy":"post_tag","embeddable":true,"href":"https:\/\/familie-weitgereist.de\/index.php?rest_route=%2Fwp%2Fv2%2Ftags&post=979"}],"curies":[{"name":"wp","href":"https:\/\/api.w.org\/{rel}","templated":true}]}}