{"id":978,"date":"2016-09-10T11:11:00","date_gmt":"2016-09-10T09:11:00","guid":{"rendered":"http:\/\/wordpress\/?p=978"},"modified":"2025-11-07T20:17:36","modified_gmt":"2025-11-07T19:17:36","slug":"san-marino","status":"publish","type":"post","link":"https:\/\/familie-weitgereist.de\/?p=978","title":{"rendered":"Ein Tagesausflug nach San Marino"},"content":{"rendered":"\n<p>Wohooo, wir waren wieder in einem neuen Land! \ud83d\ude42<br>Unsere &#8222;besuchte-L\u00e4nder-Landkarte&#8220; f\u00fcllt sich und wir hinterlassen in mehr und mehr L\u00e4ndern unsere Fu\u00dfabdr\u00fccke. \ud83d\ude42<br>Ich bin ja so begeistert! Ich glaube, dass passiert mir aber immer, wenn ich ein neues und f\u00fcr mich unbekanntes Land zum ersten Mal bereise. \ud83d\ude00 \u00a0 San Marino ist so wundervoll! Wir hatten das Gef\u00fchl, das Land und die gleichnamige Hauptstadt seien eine riesige Festung.<\/p>\n\n\n\n<div id=\"wp-block-themeisle-blocks-slider-0e8e7059\" class=\"wp-block-themeisle-blocks-slider glide\" data-per-view=\"1\" data-gap=\"0\" data-peek=\"0\" data-autoplay=\"true\" data-height=\"371px\" data-hide-arrows=\"false\"><div class=\"glide__track\" data-glide-el=\"track\"><div class=\"glide__slides\"><div class=\"wp-block-themeisle-blocks-slider-item-wrapper glide__slide\" tabindex=\"0\"><figure><img decoding=\"async\" class=\"wp-block-themeisle-blocks-slider-item\" src=\"https:\/\/familie-weitgereist.de\/wp-content\/uploads\/2022\/07\/IMG_20160908_124900-scaled.jpg\" alt=\"\" title=\"\" data-id=\"9498\"\/><\/figure><\/div><div class=\"wp-block-themeisle-blocks-slider-item-wrapper glide__slide\" tabindex=\"0\"><figure><img decoding=\"async\" class=\"wp-block-themeisle-blocks-slider-item\" src=\"https:\/\/familie-weitgereist.de\/wp-content\/uploads\/2022\/07\/IMG_20160908_150744-scaled.jpg\" alt=\"\" title=\"\" data-id=\"9499\"\/><\/figure><\/div><\/div><div class=\"glide__bullets\" data-glide-el=\"controls[nav]\"><button class=\"glide__bullet\" data-glide-dir=\"=0\"><\/button><button class=\"glide__bullet\" data-glide-dir=\"=1\"><\/button><\/div><\/div><\/div>\n\n\n\n<p>San Marino liegt auf ca. 600-750m und ist von Rimini innerhalb von einer Stunde zu erreichen. Da Rimini auf Meeresh\u00f6he liegt hat man auch den Eindruck, man sei weit oben in den Bergen bzw. auf einer Festung. Es gibt mehrere Wacht\u00fcrme, zwei Burgen, eine sehr gut erhaltene Stadtmauer und ganz viel Wald in dem man wandern kann. Wir hatten einen wundervollen Tag und die kleine Republik auf dem Berg begeisterte uns sehr! \ud83d\ude42<\/p>\n\n\n\n<figure class=\"wp-block-embed is-type-video is-provider-youtube wp-block-embed-youtube wp-embed-aspect-16-9 wp-has-aspect-ratio\"><div class=\"wp-block-embed__wrapper\">\n<iframe loading=\"lazy\" title=\"SAN MARINO \/ Teil 1\" width=\"580\" height=\"326\" src=\"https:\/\/www.youtube.com\/embed\/VpbMENCIoJo?feature=oembed\" frameborder=\"0\" allow=\"accelerometer; autoplay; clipboard-write; encrypted-media; gyroscope; picture-in-picture; web-share\" referrerpolicy=\"strict-origin-when-cross-origin\" allowfullscreen><\/iframe>\n<\/div><\/figure>\n\n\n\n<figure class=\"wp-block-embed is-type-video is-provider-youtube wp-block-embed-youtube wp-embed-aspect-16-9 wp-has-aspect-ratio\"><div class=\"wp-block-embed__wrapper\">\n<iframe loading=\"lazy\" title=\"SAN MARINO \/ Teil 2\" width=\"580\" height=\"326\" src=\"https:\/\/www.youtube.com\/embed\/djTpm8yO2Bk?start=3&#038;feature=oembed\" frameborder=\"0\" allow=\"accelerometer; autoplay; clipboard-write; encrypted-media; gyroscope; picture-in-picture; web-share\" referrerpolicy=\"strict-origin-when-cross-origin\" allowfullscreen><\/iframe>\n<\/div><\/figure>\n\n\n\n<p><\/p>\n","protected":false},"excerpt":{"rendered":"<p>Wohooo, wir waren wieder in einem neuen Land! \ud83d\ude42Unsere &#8222;besuchte-L\u00e4nder-Landkarte&#8220; f\u00fcllt sich und wir hinterlassen in mehr und mehr L\u00e4ndern unsere Fu\u00dfabdr\u00fccke. \ud83d\ude42Ich bin ja so begeistert! Ich glaube, dass passiert mir aber immer, wenn ich ein neues und f\u00fcr mich unbekanntes Land zum ersten Mal bereise. \ud83d\ude00 \u00a0 San Marino ist so wundervoll! Wir [&hellip;]<\/p>\n","protected":false},"author":3,"featured_media":9499,"comment_status":"open","ping_status":"open","sticky":false,"template":"","format":"standard","meta":{"_themeisle_gutenberg_block_has_review":false,"footnotes":""},"categories":[294,8,4],"tags":[295],"class_list":["post-978","post","type-post","status-publish","format-standard","has-post-thumbnail","hentry","category-san-marino","category-europa","category-laender","tag-san-marino"],"_links":{"self":[{"href":"https:\/\/familie-weitgereist.de\/index.php?rest_route=\/wp\/v2\/posts\/978","targetHints":{"allow":["GET"]}}],"collection":[{"href":"https:\/\/familie-weitgereist.de\/index.php?rest_route=\/wp\/v2\/posts"}],"about":[{"href":"https:\/\/familie-weitgereist.de\/index.php?rest_route=\/wp\/v2\/types\/post"}],"author":[{"embeddable":true,"href":"https:\/\/familie-weitgereist.de\/index.php?rest_route=\/wp\/v2\/users\/3"}],"replies":[{"embeddable":true,"href":"https:\/\/familie-weitgereist.de\/index.php?rest_route=%2Fwp%2Fv2%2Fcomments&post=978"}],"version-history":[{"count":6,"href":"https:\/\/familie-weitgereist.de\/index.php?rest_route=\/wp\/v2\/posts\/978\/revisions"}],"predecessor-version":[{"id":9502,"href":"https:\/\/familie-weitgereist.de\/index.php?rest_route=\/wp\/v2\/posts\/978\/revisions\/9502"}],"wp:featuredmedia":[{"embeddable":true,"href":"https:\/\/familie-weitgereist.de\/index.php?rest_route=\/wp\/v2\/media\/9499"}],"wp:attachment":[{"href":"https:\/\/familie-weitgereist.de\/index.php?rest_route=%2Fwp%2Fv2%2Fmedia&parent=978"}],"wp:term":[{"taxonomy":"category","embeddable":true,"href":"https:\/\/familie-weitgereist.de\/index.php?rest_route=%2Fwp%2Fv2%2Fcategories&post=978"},{"taxonomy":"post_tag","embeddable":true,"href":"https:\/\/familie-weitgereist.de\/index.php?rest_route=%2Fwp%2Fv2%2Ftags&post=978"}],"curies":[{"name":"wp","href":"https:\/\/api.w.org\/{rel}","templated":true}]}}