{"id":977,"date":"2016-09-13T21:33:00","date_gmt":"2016-09-13T19:33:00","guid":{"rendered":"http:\/\/wordpress\/?p=977"},"modified":"2025-11-07T20:17:07","modified_gmt":"2025-11-07T19:17:07","slug":"pula-kroatien","status":"publish","type":"post","link":"https:\/\/familie-weitgereist.de\/?p=977","title":{"rendered":"Erkundung von Pula, Kroatien"},"content":{"rendered":"\n<p>Dobar dan!<\/p>\n\n\n\n<p>Wir haben die letzten paar Tage in Pula verbracht &#8211; ein Paradies! \ud83d\ude42<\/p>\n\n\n\n<figure class=\"wp-block-image size-large\"><img loading=\"lazy\" decoding=\"async\" width=\"1024\" height=\"768\" src=\"https:\/\/familie-weitgereist.de\/wp-content\/uploads\/2022\/02\/YDXJ0224-1024x768.jpg\" alt=\"\" class=\"wp-image-7737\" srcset=\"https:\/\/familie-weitgereist.de\/wp-content\/uploads\/2022\/02\/YDXJ0224-1024x768.jpg 1024w, https:\/\/familie-weitgereist.de\/wp-content\/uploads\/2022\/02\/YDXJ0224-300x225.jpg 300w, https:\/\/familie-weitgereist.de\/wp-content\/uploads\/2022\/02\/YDXJ0224-768x576.jpg 768w, https:\/\/familie-weitgereist.de\/wp-content\/uploads\/2022\/02\/YDXJ0224-1536x1152.jpg 1536w, https:\/\/familie-weitgereist.de\/wp-content\/uploads\/2022\/02\/YDXJ0224-2048x1536.jpg 2048w, https:\/\/familie-weitgereist.de\/wp-content\/uploads\/2022\/02\/YDXJ0224-1200x900.jpg 1200w, https:\/\/familie-weitgereist.de\/wp-content\/uploads\/2022\/02\/YDXJ0224-1980x1485.jpg 1980w, https:\/\/familie-weitgereist.de\/wp-content\/uploads\/2022\/02\/YDXJ0224-150x113.jpg 150w\" sizes=\"auto, (max-width: 1024px) 100vw, 1024px\" \/><\/figure>\n\n\n\n<p>Wir hatten so viel Spa\u00df. Wirklich unglaublich. Das Meer, die atemberaubend sch\u00f6ne Altstadt mit ihrem Koloseum, einem Amphitheater, einer Burg, \u00dcberreste einer antiken Stadtmauer und vielen kleinen Gassen &#8230; <\/p>\n\n\n\n<div id=\"wp-block-themeisle-blocks-slider-6b374e94\" class=\"wp-block-themeisle-blocks-slider glide\" data-per-view=\"1\" data-gap=\"0\" data-peek=\"0\" data-autoplay=\"true\" data-height=\"400px\" data-hide-arrows=\"false\"><div class=\"glide__track\" data-glide-el=\"track\"><div class=\"glide__slides\"><div class=\"wp-block-themeisle-blocks-slider-item-wrapper glide__slide\" tabindex=\"0\"><figure><img decoding=\"async\" class=\"wp-block-themeisle-blocks-slider-item\" src=\"https:\/\/familie-weitgereist.de\/wp-content\/uploads\/2022\/02\/YDXJ0271-scaled.jpg\" alt=\"\" title=\"\" data-id=\"7740\"\/><\/figure><\/div><div class=\"wp-block-themeisle-blocks-slider-item-wrapper glide__slide\" tabindex=\"0\"><figure><img decoding=\"async\" class=\"wp-block-themeisle-blocks-slider-item\" src=\"https:\/\/familie-weitgereist.de\/wp-content\/uploads\/2022\/02\/YDXJ0276-1-scaled.jpg\" alt=\"\" title=\"\" data-id=\"7741\"\/><\/figure><\/div><div class=\"wp-block-themeisle-blocks-slider-item-wrapper glide__slide\" tabindex=\"0\"><figure><img decoding=\"async\" class=\"wp-block-themeisle-blocks-slider-item\" src=\"https:\/\/familie-weitgereist.de\/wp-content\/uploads\/2022\/02\/YDXJ0291-scaled.jpg\" alt=\"\" title=\"\" data-id=\"7742\"\/><\/figure><\/div><\/div><div class=\"glide__bullets\" data-glide-el=\"controls[nav]\"><button class=\"glide__bullet\" data-glide-dir=\"=0\"><\/button><button class=\"glide__bullet\" data-glide-dir=\"=1\"><\/button><button class=\"glide__bullet\" data-glide-dir=\"=2\"><\/button><\/div><\/div><\/div>\n\n\n\n<p>Zudem bietet die Umgebung von Pula einiges, was es zu entdecken gibt. Wir haben Fahrr\u00e4der von unserer Vermieterin bekommen und das war Freiheit pur! \ud83d\ude42<br>Wir waren beim Fort Ovine, an einem wilden Strand und es gab eine Klippe. Juhu! Ich bin auch gesprungen &#8211; das hat beim ersten Sprung etwas \u00dcberwindung gekostet. \ud83d\ude09<\/p>\n\n\n\n<figure class=\"wp-block-image size-large\"><img loading=\"lazy\" decoding=\"async\" width=\"1024\" height=\"768\" src=\"https:\/\/familie-weitgereist.de\/wp-content\/uploads\/2022\/02\/YDXJ0373-1024x768.jpg\" alt=\"\" class=\"wp-image-7743\" srcset=\"https:\/\/familie-weitgereist.de\/wp-content\/uploads\/2022\/02\/YDXJ0373-1024x768.jpg 1024w, https:\/\/familie-weitgereist.de\/wp-content\/uploads\/2022\/02\/YDXJ0373-300x225.jpg 300w, https:\/\/familie-weitgereist.de\/wp-content\/uploads\/2022\/02\/YDXJ0373-768x576.jpg 768w, https:\/\/familie-weitgereist.de\/wp-content\/uploads\/2022\/02\/YDXJ0373-1536x1152.jpg 1536w, https:\/\/familie-weitgereist.de\/wp-content\/uploads\/2022\/02\/YDXJ0373-2048x1536.jpg 2048w, https:\/\/familie-weitgereist.de\/wp-content\/uploads\/2022\/02\/YDXJ0373-1200x900.jpg 1200w, https:\/\/familie-weitgereist.de\/wp-content\/uploads\/2022\/02\/YDXJ0373-1980x1485.jpg 1980w, https:\/\/familie-weitgereist.de\/wp-content\/uploads\/2022\/02\/YDXJ0373-150x113.jpg 150w\" sizes=\"auto, (max-width: 1024px) 100vw, 1024px\" \/><\/figure>\n\n\n\n<p>Au\u00dferdem ist dort eine H\u00f6hle, in die man rein schwimmen kann. Es ist stockduster. Unsere nette Vermieterin gab uns den Geheimtipp schlechthin: Kerzen. Unz\u00e4hlige Teelichter hat sie uns auch direkt mitgegeben, mit diesen schwammen wir in die H\u00f6hle und erleuchteten die Dunkelheit. Ahhh, es war so sch\u00f6n! \ud83d\ude42 <\/p>\n\n\n\n<p>Zudem sind wir mit den Fahrr\u00e4dern zum Kap Kaminjak gefahren &#8211; der s\u00fcdlichste Punkt in Istrien und es gab diesmal sogar mehrere Stellen in den Klippen, von wo man springen kann. Auch diesmal bin ich wieder gesprungen. Es war einfach super toll und ich bin so froh \u00fcber diese Erlebnisse, die sehr lang in meiner Erinnerung bleiben werden! &nbsp;<\/p>\n\n\n\n<figure class=\"wp-block-embed is-type-video is-provider-youtube wp-block-embed-youtube wp-embed-aspect-16-9 wp-has-aspect-ratio\"><div class=\"wp-block-embed__wrapper\">\n<iframe loading=\"lazy\" title=\"PULA, KROATIEN \/ Teil 1\" width=\"580\" height=\"326\" src=\"https:\/\/www.youtube.com\/embed\/IJ8D3wnBtRQ?start=11&#038;feature=oembed\" frameborder=\"0\" allow=\"accelerometer; autoplay; clipboard-write; encrypted-media; gyroscope; picture-in-picture; web-share\" referrerpolicy=\"strict-origin-when-cross-origin\" allowfullscreen><\/iframe>\n<\/div><\/figure>\n\n\n\n<figure class=\"wp-block-embed is-type-video is-provider-youtube wp-block-embed-youtube wp-embed-aspect-16-9 wp-has-aspect-ratio\"><div class=\"wp-block-embed__wrapper\">\n<iframe loading=\"lazy\" title=\"PULA, KROATIEN \/ Teil 2\" width=\"580\" height=\"326\" src=\"https:\/\/www.youtube.com\/embed\/gVAK51eVqNk?feature=oembed\" frameborder=\"0\" allow=\"accelerometer; autoplay; clipboard-write; encrypted-media; gyroscope; picture-in-picture; web-share\" referrerpolicy=\"strict-origin-when-cross-origin\" allowfullscreen><\/iframe>\n<\/div><\/figure>\n\n\n\n<figure class=\"wp-block-embed is-type-video is-provider-youtube wp-block-embed-youtube wp-embed-aspect-16-9 wp-has-aspect-ratio\"><div class=\"wp-block-embed__wrapper\">\n<iframe loading=\"lazy\" title=\"PULA, KROATIEN \/ Teil 3\" width=\"580\" height=\"326\" src=\"https:\/\/www.youtube.com\/embed\/QAtwybeFg6g?feature=oembed\" frameborder=\"0\" allow=\"accelerometer; autoplay; clipboard-write; encrypted-media; gyroscope; picture-in-picture; web-share\" referrerpolicy=\"strict-origin-when-cross-origin\" allowfullscreen><\/iframe>\n<\/div><\/figure>\n","protected":false},"excerpt":{"rendered":"<p>Dobar dan! Wir haben die letzten paar Tage in Pula verbracht &#8211; ein Paradies! \ud83d\ude42 Wir hatten so viel Spa\u00df. Wirklich unglaublich. Das Meer, die atemberaubend sch\u00f6ne Altstadt mit ihrem Koloseum, einem Amphitheater, einer Burg, \u00dcberreste einer antiken Stadtmauer und vielen kleinen Gassen &#8230; Zudem bietet die Umgebung von Pula einiges, was es zu entdecken [&hellip;]<\/p>\n","protected":false},"author":3,"featured_media":7741,"comment_status":"open","ping_status":"open","sticky":false,"template":"","format":"standard","meta":{"_themeisle_gutenberg_block_has_review":false,"footnotes":""},"categories":[270,8,4],"tags":[184,290],"class_list":["post-977","post","type-post","status-publish","format-standard","has-post-thumbnail","hentry","category-kroatien","category-europa","category-laender","tag-kroatien","tag-pula"],"_links":{"self":[{"href":"https:\/\/familie-weitgereist.de\/index.php?rest_route=\/wp\/v2\/posts\/977","targetHints":{"allow":["GET"]}}],"collection":[{"href":"https:\/\/familie-weitgereist.de\/index.php?rest_route=\/wp\/v2\/posts"}],"about":[{"href":"https:\/\/familie-weitgereist.de\/index.php?rest_route=\/wp\/v2\/types\/post"}],"author":[{"embeddable":true,"href":"https:\/\/familie-weitgereist.de\/index.php?rest_route=\/wp\/v2\/users\/3"}],"replies":[{"embeddable":true,"href":"https:\/\/familie-weitgereist.de\/index.php?rest_route=%2Fwp%2Fv2%2Fcomments&post=977"}],"version-history":[{"count":10,"href":"https:\/\/familie-weitgereist.de\/index.php?rest_route=\/wp\/v2\/posts\/977\/revisions"}],"predecessor-version":[{"id":10049,"href":"https:\/\/familie-weitgereist.de\/index.php?rest_route=\/wp\/v2\/posts\/977\/revisions\/10049"}],"wp:featuredmedia":[{"embeddable":true,"href":"https:\/\/familie-weitgereist.de\/index.php?rest_route=\/wp\/v2\/media\/7741"}],"wp:attachment":[{"href":"https:\/\/familie-weitgereist.de\/index.php?rest_route=%2Fwp%2Fv2%2Fmedia&parent=977"}],"wp:term":[{"taxonomy":"category","embeddable":true,"href":"https:\/\/familie-weitgereist.de\/index.php?rest_route=%2Fwp%2Fv2%2Fcategories&post=977"},{"taxonomy":"post_tag","embeddable":true,"href":"https:\/\/familie-weitgereist.de\/index.php?rest_route=%2Fwp%2Fv2%2Ftags&post=977"}],"curies":[{"name":"wp","href":"https:\/\/api.w.org\/{rel}","templated":true}]}}