{"id":975,"date":"2016-09-18T19:14:00","date_gmt":"2016-09-18T17:14:00","guid":{"rendered":"http:\/\/wordpress\/?p=975"},"modified":"2025-11-07T20:16:14","modified_gmt":"2025-11-07T19:16:14","slug":"bled-slowenien","status":"publish","type":"post","link":"https:\/\/familie-weitgereist.de\/?p=975","title":{"rendered":"Erkundung von Bled, Slowenien"},"content":{"rendered":"\n<p>Unsere Reise f\u00fchrt uns immer n\u00f6rdlicher und bald sind wir wieder in Deutschland. Wie schnell die Zeit vergeht beim Reisen &#8230; es gibt doch noch so viel zu entdecken. <\/p>\n\n\n\n<p>Die letzten beiden Tage haben wir im sch\u00f6nen, aber sehr touristischen Ort Bled verbracht. Seitdem wir in Slowenien sind, bekommen wir den Herbst richtig zu sp\u00fcren. Es ist deutlich k\u00fchler und es regnet ziemlich oft &#8211; daf\u00fcr werden die Bl\u00e4tter bunt. \ud83d\ude42 Trotz des Regens, sind wir Bled erkunden gegangen. Wir liefen zwei Mal um den See, betrachteten die Burg und die einzige Insel Sloweniens.<\/p>\n\n\n\n<figure class=\"wp-block-image size-large\"><img loading=\"lazy\" decoding=\"async\" width=\"1024\" height=\"768\" src=\"https:\/\/familie-weitgereist.de\/wp-content\/uploads\/2022\/02\/IMG_20160918_173304-1024x768.jpg\" alt=\"\" class=\"wp-image-7647\" srcset=\"https:\/\/familie-weitgereist.de\/wp-content\/uploads\/2022\/02\/IMG_20160918_173304-1024x768.jpg 1024w, https:\/\/familie-weitgereist.de\/wp-content\/uploads\/2022\/02\/IMG_20160918_173304-300x225.jpg 300w, https:\/\/familie-weitgereist.de\/wp-content\/uploads\/2022\/02\/IMG_20160918_173304-768x576.jpg 768w, https:\/\/familie-weitgereist.de\/wp-content\/uploads\/2022\/02\/IMG_20160918_173304-1536x1152.jpg 1536w, https:\/\/familie-weitgereist.de\/wp-content\/uploads\/2022\/02\/IMG_20160918_173304-2048x1536.jpg 2048w, https:\/\/familie-weitgereist.de\/wp-content\/uploads\/2022\/02\/IMG_20160918_173304-1200x900.jpg 1200w, https:\/\/familie-weitgereist.de\/wp-content\/uploads\/2022\/02\/IMG_20160918_173304-1980x1485.jpg 1980w, https:\/\/familie-weitgereist.de\/wp-content\/uploads\/2022\/02\/IMG_20160918_173304-150x113.jpg 150w\" sizes=\"auto, (max-width: 1024px) 100vw, 1024px\" \/><figcaption>Bleder See<\/figcaption><\/figure>\n\n\n\n<p>Einen kleinen Besuch haben wir auch dem Triglav Nationalpark abgestattet. Juhu! Allzu viel sind wir zwar nicht gewandert, aber wenigstens sind wir durch die Vintgar Schlucht gelaufen. Auf einem gut pr\u00e4parierten Pfad kann man dem tosenden Fluss folgen. Schlie\u00dflich endet man in herrlichster Natur und kann durch haupts\u00e4chlich unber\u00fchrte Natur nach Bled zur\u00fcck wandern. Zudem genossen wir den typischen slowenischen Cr\u00e8me Kuchen. Einfach fantastisch, aber so reichhaltig. \ud83d\ude00<\/p>\n\n\n\n<div id=\"wp-block-themeisle-blocks-slider-2f26ca73\" class=\"wp-block-themeisle-blocks-slider glide\" data-per-view=\"1\" data-gap=\"0\" data-peek=\"0\" data-autoplay=\"true\" data-height=\"400px\" data-hide-arrows=\"false\"><div class=\"glide__track\" data-glide-el=\"track\"><div class=\"glide__slides\"><div class=\"wp-block-themeisle-blocks-slider-item-wrapper glide__slide\" tabindex=\"0\"><figure><img decoding=\"async\" class=\"wp-block-themeisle-blocks-slider-item\" src=\"https:\/\/familie-weitgereist.de\/wp-content\/uploads\/2022\/02\/YDXJ0619-scaled.jpg\" alt=\"\" title=\"\" data-id=\"7650\"\/><\/figure><\/div><div class=\"wp-block-themeisle-blocks-slider-item-wrapper glide__slide\" tabindex=\"0\"><figure><img decoding=\"async\" class=\"wp-block-themeisle-blocks-slider-item\" src=\"https:\/\/familie-weitgereist.de\/wp-content\/uploads\/2022\/02\/YDXJ0631-scaled.jpg\" alt=\"\" title=\"\" data-id=\"7652\"\/><\/figure><\/div><\/div><div class=\"glide__bullets\" data-glide-el=\"controls[nav]\"><button class=\"glide__bullet\" data-glide-dir=\"=0\"><\/button><button class=\"glide__bullet\" data-glide-dir=\"=1\"><\/button><\/div><\/div><\/div>\n\n\n\n<figure class=\"wp-block-embed is-type-video is-provider-youtube wp-block-embed-youtube wp-embed-aspect-16-9 wp-has-aspect-ratio\"><div class=\"wp-block-embed__wrapper\">\n<iframe loading=\"lazy\" title=\"BLED, SLOWENIEN\" width=\"580\" height=\"326\" src=\"https:\/\/www.youtube.com\/embed\/ORdGZmEOOys?start=17&#038;feature=oembed\" frameborder=\"0\" allow=\"accelerometer; autoplay; clipboard-write; encrypted-media; gyroscope; picture-in-picture; web-share\" referrerpolicy=\"strict-origin-when-cross-origin\" allowfullscreen><\/iframe>\n<\/div><\/figure>\n","protected":false},"excerpt":{"rendered":"<p>Unsere Reise f\u00fchrt uns immer n\u00f6rdlicher und bald sind wir wieder in Deutschland. Wie schnell die Zeit vergeht beim Reisen &#8230; es gibt doch noch so viel zu entdecken. Die letzten beiden Tage haben wir im sch\u00f6nen, aber sehr touristischen Ort Bled verbracht. Seitdem wir in Slowenien sind, bekommen wir den Herbst richtig zu sp\u00fcren. [&hellip;]<\/p>\n","protected":false},"author":3,"featured_media":7647,"comment_status":"open","ping_status":"open","sticky":false,"template":"","format":"standard","meta":{"_themeisle_gutenberg_block_has_review":false,"footnotes":""},"categories":[296,8,4],"tags":[299,298],"class_list":["post-975","post","type-post","status-publish","format-standard","has-post-thumbnail","hentry","category-slowenien","category-europa","category-laender","tag-bled","tag-slowenien"],"_links":{"self":[{"href":"https:\/\/familie-weitgereist.de\/index.php?rest_route=\/wp\/v2\/posts\/975","targetHints":{"allow":["GET"]}}],"collection":[{"href":"https:\/\/familie-weitgereist.de\/index.php?rest_route=\/wp\/v2\/posts"}],"about":[{"href":"https:\/\/familie-weitgereist.de\/index.php?rest_route=\/wp\/v2\/types\/post"}],"author":[{"embeddable":true,"href":"https:\/\/familie-weitgereist.de\/index.php?rest_route=\/wp\/v2\/users\/3"}],"replies":[{"embeddable":true,"href":"https:\/\/familie-weitgereist.de\/index.php?rest_route=%2Fwp%2Fv2%2Fcomments&post=975"}],"version-history":[{"count":9,"href":"https:\/\/familie-weitgereist.de\/index.php?rest_route=\/wp\/v2\/posts\/975\/revisions"}],"predecessor-version":[{"id":9997,"href":"https:\/\/familie-weitgereist.de\/index.php?rest_route=\/wp\/v2\/posts\/975\/revisions\/9997"}],"wp:featuredmedia":[{"embeddable":true,"href":"https:\/\/familie-weitgereist.de\/index.php?rest_route=\/wp\/v2\/media\/7647"}],"wp:attachment":[{"href":"https:\/\/familie-weitgereist.de\/index.php?rest_route=%2Fwp%2Fv2%2Fmedia&parent=975"}],"wp:term":[{"taxonomy":"category","embeddable":true,"href":"https:\/\/familie-weitgereist.de\/index.php?rest_route=%2Fwp%2Fv2%2Fcategories&post=975"},{"taxonomy":"post_tag","embeddable":true,"href":"https:\/\/familie-weitgereist.de\/index.php?rest_route=%2Fwp%2Fv2%2Ftags&post=975"}],"curies":[{"name":"wp","href":"https:\/\/api.w.org\/{rel}","templated":true}]}}