{"id":974,"date":"2017-01-01T22:19:00","date_gmt":"2017-01-01T21:19:00","guid":{"rendered":"http:\/\/wordpress\/?p=974"},"modified":"2025-11-13T22:28:17","modified_gmt":"2025-11-13T21:28:17","slug":"vorsaetze-fuer-2017","status":"publish","type":"post","link":"https:\/\/familie-weitgereist.de\/?p=974","title":{"rendered":"Unser Reiser\u00fcckblick f\u00fcr 2016"},"content":{"rendered":"\n<p>In diesem Post m\u00f6chte ich \u00fcber mein Reisejahr 2016 reflektieren und gleichzeitig meine Vors\u00e4tze f\u00fcr 2017 vorstellen. <\/p>\n\n\n\n<figure class=\"wp-block-image size-large\"><img loading=\"lazy\" decoding=\"async\" width=\"1024\" height=\"768\" src=\"https:\/\/familie-weitgereist.de\/wp-content\/uploads\/2022\/02\/DSCN0459-1024x768.jpg\" alt=\"\" class=\"wp-image-7605\" srcset=\"https:\/\/familie-weitgereist.de\/wp-content\/uploads\/2022\/02\/DSCN0459-1024x768.jpg 1024w, https:\/\/familie-weitgereist.de\/wp-content\/uploads\/2022\/02\/DSCN0459-300x225.jpg 300w, https:\/\/familie-weitgereist.de\/wp-content\/uploads\/2022\/02\/DSCN0459-768x576.jpg 768w, https:\/\/familie-weitgereist.de\/wp-content\/uploads\/2022\/02\/DSCN0459-1536x1152.jpg 1536w, https:\/\/familie-weitgereist.de\/wp-content\/uploads\/2022\/02\/DSCN0459-2048x1536.jpg 2048w, https:\/\/familie-weitgereist.de\/wp-content\/uploads\/2022\/02\/DSCN0459-1200x900.jpg 1200w, https:\/\/familie-weitgereist.de\/wp-content\/uploads\/2022\/02\/DSCN0459-1980x1485.jpg 1980w, https:\/\/familie-weitgereist.de\/wp-content\/uploads\/2022\/02\/DSCN0459-150x113.jpg 150w\" sizes=\"auto, (max-width: 1024px) 100vw, 1024px\" \/><figcaption class=\"wp-element-caption\">Auf Korfu<\/figcaption><\/figure>\n\n\n\n<p>2016 war f\u00fcr mich ein durchschnittliches Reisejahr. Ich habe versucht jede m\u00f6gliche Gelegenheit zu nutzen, um in die Ferne zu schweifen. F\u00fcr mich begann das Jahr 2016 in den <strong><a href=\"https:\/\/familie-weitgereist.de\/?p=989\" data-type=\"link\" data-id=\"https:\/\/familie-weitgereist.de\/?p=989\">USA<\/a><\/strong>, um genauer zu sein, in <strong>Maryland<\/strong>. Ich habe den gesamten Januar in den <strong>USA<\/strong> verbracht und bin durch <strong>Pennsylvania, Washington D.C., New Jersey, New York und <a href=\"https:\/\/familie-weitgereist.de\/?p=988\" data-type=\"link\" data-id=\"https:\/\/familie-weitgereist.de\/?p=988\">Florida<\/a><\/strong> gereist. Da auf meiner Bucketlist steht, alle Bundesstaaten der USA bereist zu haben, ist ein neuer hinzugekommen: Florida! Yay!!!<\/p>\n\n\n\n<div id=\"wp-block-themeisle-blocks-slider-f5ce67b0\" class=\"wp-block-themeisle-blocks-slider glide\" data-per-view=\"1\" data-gap=\"0\" data-peek=\"0\" data-autoplay=\"true\" data-height=\"400px\" data-hide-arrows=\"false\"><div class=\"glide__track\" data-glide-el=\"track\"><div class=\"glide__slides\"><div class=\"wp-block-themeisle-blocks-slider-item-wrapper glide__slide\" tabindex=\"0\"><figure><img decoding=\"async\" class=\"wp-block-themeisle-blocks-slider-item\" src=\"https:\/\/familie-weitgereist.de\/wp-content\/uploads\/2022\/02\/IMG_20160107_175150-scaled.jpg\" alt=\"\" title=\"\" data-id=\"7607\"\/><\/figure><\/div><div class=\"wp-block-themeisle-blocks-slider-item-wrapper glide__slide\" tabindex=\"0\"><figure><img decoding=\"async\" class=\"wp-block-themeisle-blocks-slider-item\" src=\"https:\/\/familie-weitgereist.de\/wp-content\/uploads\/2022\/02\/IMG_20160109_164134-scaled.jpg\" alt=\"\" title=\"\" data-id=\"7608\"\/><\/figure><\/div><div class=\"wp-block-themeisle-blocks-slider-item-wrapper glide__slide\" tabindex=\"0\"><figure><img decoding=\"async\" class=\"wp-block-themeisle-blocks-slider-item\" src=\"https:\/\/familie-weitgereist.de\/wp-content\/uploads\/2022\/02\/IMG_20160112_093605-scaled.jpg\" alt=\"\" title=\"\" data-id=\"7609\"\/><\/figure><\/div><div class=\"wp-block-themeisle-blocks-slider-item-wrapper glide__slide\" tabindex=\"0\"><figure><img decoding=\"async\" class=\"wp-block-themeisle-blocks-slider-item\" src=\"https:\/\/familie-weitgereist.de\/wp-content\/uploads\/2022\/02\/IMG_20160112_161532-scaled.jpg\" alt=\"\" title=\"\" data-id=\"7610\"\/><\/figure><\/div><\/div><div class=\"glide__bullets\" data-glide-el=\"controls[nav]\"><button class=\"glide__bullet\" data-glide-dir=\"=0\"><\/button><button class=\"glide__bullet\" data-glide-dir=\"=1\"><\/button><button class=\"glide__bullet\" data-glide-dir=\"=2\"><\/button><button class=\"glide__bullet\" data-glide-dir=\"=3\"><\/button><\/div><\/div><\/div>\n\n\n\n<p>Der Februar und M\u00e4rz waren reisetechnisch sehr sesshaft.<\/p>\n\n\n\n<p>Im April bin ich nach <strong><a href=\"https:\/\/familie-weitgereist.de\/?p=987\">Korfu<\/a><\/strong> geflogen. Eine neue griechische Insel! Noch mal Yay!!! <\/p>\n\n\n\n<div id=\"wp-block-themeisle-blocks-slider-b2255ba7\" class=\"wp-block-themeisle-blocks-slider glide\" data-per-view=\"1\" data-gap=\"0\" data-peek=\"0\" data-autoplay=\"true\" data-height=\"400px\" data-hide-arrows=\"false\"><div class=\"glide__track\" data-glide-el=\"track\"><div class=\"glide__slides\"><div class=\"wp-block-themeisle-blocks-slider-item-wrapper glide__slide\" tabindex=\"0\"><figure><img decoding=\"async\" class=\"wp-block-themeisle-blocks-slider-item\" src=\"https:\/\/familie-weitgereist.de\/wp-content\/uploads\/2022\/02\/DSCN0613-scaled.jpg\" alt=\"\" title=\"\" data-id=\"7611\"\/><\/figure><\/div><div class=\"wp-block-themeisle-blocks-slider-item-wrapper glide__slide\" tabindex=\"0\"><figure><img decoding=\"async\" class=\"wp-block-themeisle-blocks-slider-item\" src=\"https:\/\/familie-weitgereist.de\/wp-content\/uploads\/2022\/02\/DSCN0750-scaled.jpg\" alt=\"\" title=\"\" data-id=\"7613\"\/><\/figure><\/div><div class=\"wp-block-themeisle-blocks-slider-item-wrapper glide__slide\" tabindex=\"0\"><figure><img decoding=\"async\" class=\"wp-block-themeisle-blocks-slider-item\" src=\"https:\/\/familie-weitgereist.de\/wp-content\/uploads\/2022\/02\/DSCN0835-scaled.jpg\" alt=\"\" title=\"\" data-id=\"7614\"\/><\/figure><\/div><div class=\"wp-block-themeisle-blocks-slider-item-wrapper glide__slide\" tabindex=\"0\"><figure><img decoding=\"async\" class=\"wp-block-themeisle-blocks-slider-item\" src=\"https:\/\/familie-weitgereist.de\/wp-content\/uploads\/2022\/02\/DSCN0858-scaled.jpg\" alt=\"\" title=\"\" data-id=\"7615\"\/><\/figure><\/div><\/div><div class=\"glide__bullets\" data-glide-el=\"controls[nav]\"><button class=\"glide__bullet\" data-glide-dir=\"=0\"><\/button><button class=\"glide__bullet\" data-glide-dir=\"=1\"><\/button><button class=\"glide__bullet\" data-glide-dir=\"=2\"><\/button><button class=\"glide__bullet\" data-glide-dir=\"=3\"><\/button><\/div><\/div><\/div>\n\n\n\n<p>Unser Sommerurlaub brachte uns nach <strong><a href=\"https:\/\/familie-weitgereist.de\/?p=985\">Korsika, auf den GR20<\/a><\/strong>. Das war einer der besten und anstrengendsten Weitwanderwege, den ich je gelaufen bin. <\/p>\n\n\n\n<figure class=\"wp-block-image size-large\"><img loading=\"lazy\" decoding=\"async\" width=\"1024\" height=\"768\" src=\"https:\/\/familie-weitgereist.de\/wp-content\/uploads\/2022\/02\/Korsika-August-2016-021-1024x768.jpg\" alt=\"\" class=\"wp-image-7622\" srcset=\"https:\/\/familie-weitgereist.de\/wp-content\/uploads\/2022\/02\/Korsika-August-2016-021-1024x768.jpg 1024w, https:\/\/familie-weitgereist.de\/wp-content\/uploads\/2022\/02\/Korsika-August-2016-021-300x225.jpg 300w, https:\/\/familie-weitgereist.de\/wp-content\/uploads\/2022\/02\/Korsika-August-2016-021-768x576.jpg 768w, https:\/\/familie-weitgereist.de\/wp-content\/uploads\/2022\/02\/Korsika-August-2016-021-1536x1152.jpg 1536w, https:\/\/familie-weitgereist.de\/wp-content\/uploads\/2022\/02\/Korsika-August-2016-021-2048x1536.jpg 2048w, https:\/\/familie-weitgereist.de\/wp-content\/uploads\/2022\/02\/Korsika-August-2016-021-1200x900.jpg 1200w, https:\/\/familie-weitgereist.de\/wp-content\/uploads\/2022\/02\/Korsika-August-2016-021-1980x1485.jpg 1980w, https:\/\/familie-weitgereist.de\/wp-content\/uploads\/2022\/02\/Korsika-August-2016-021-150x113.jpg 150w\" sizes=\"auto, (max-width: 1024px) 100vw, 1024px\" \/><figcaption class=\"wp-element-caption\">Wandern auf dem GR-20, Korsika<\/figcaption><\/figure>\n\n\n\n<p>Anschlie\u00dfend bereisten wir <strong><a href=\"https:\/\/familie-weitgereist.de\/?p=984\">Sardinien<\/a><\/strong>, ein paar wundersch\u00f6ne St\u00e4dte in <strong><a href=\"https:\/\/familie-weitgereist.de\/?p=983\">Italien<\/a><\/strong> und <strong><a href=\"https:\/\/familie-weitgereist.de\/?p=978\">San Marino<\/a><\/strong>. Ein neues Land auf meiner Weltreiseliste! Yay!!!<\/p>\n\n\n\n<figure class=\"wp-block-image size-large\"><img loading=\"lazy\" decoding=\"async\" width=\"1024\" height=\"768\" src=\"https:\/\/familie-weitgereist.de\/wp-content\/uploads\/2022\/02\/IMG_20160908_112551-1024x768.jpg\" alt=\"\" class=\"wp-image-7625\" srcset=\"https:\/\/familie-weitgereist.de\/wp-content\/uploads\/2022\/02\/IMG_20160908_112551-1024x768.jpg 1024w, https:\/\/familie-weitgereist.de\/wp-content\/uploads\/2022\/02\/IMG_20160908_112551-300x225.jpg 300w, https:\/\/familie-weitgereist.de\/wp-content\/uploads\/2022\/02\/IMG_20160908_112551-768x576.jpg 768w, https:\/\/familie-weitgereist.de\/wp-content\/uploads\/2022\/02\/IMG_20160908_112551-1536x1152.jpg 1536w, https:\/\/familie-weitgereist.de\/wp-content\/uploads\/2022\/02\/IMG_20160908_112551-2048x1536.jpg 2048w, https:\/\/familie-weitgereist.de\/wp-content\/uploads\/2022\/02\/IMG_20160908_112551-1200x900.jpg 1200w, https:\/\/familie-weitgereist.de\/wp-content\/uploads\/2022\/02\/IMG_20160908_112551-1980x1485.jpg 1980w, https:\/\/familie-weitgereist.de\/wp-content\/uploads\/2022\/02\/IMG_20160908_112551-150x113.jpg 150w\" sizes=\"auto, (max-width: 1024px) 100vw, 1024px\" \/><figcaption class=\"wp-element-caption\">San Marino<\/figcaption><\/figure>\n\n\n\n<p>Wir strandeten spontan in <strong><a href=\"https:\/\/familie-weitgereist.de\/?p=977\">Istrien, Kroatien<\/a><\/strong> und bereisten <strong><a href=\"https:\/\/familie-weitgereist.de\/?p=976\">Slowenien<\/a><\/strong>! Ein neues Land auf meiner Liste. Yay!!! <\/p>\n\n\n\n<figure class=\"wp-block-image size-large\"><img loading=\"lazy\" decoding=\"async\" width=\"1024\" height=\"768\" src=\"https:\/\/familie-weitgereist.de\/wp-content\/uploads\/2022\/02\/YDXJ0276-1024x768.jpg\" alt=\"\" class=\"wp-image-7626\" srcset=\"https:\/\/familie-weitgereist.de\/wp-content\/uploads\/2022\/02\/YDXJ0276-1024x768.jpg 1024w, https:\/\/familie-weitgereist.de\/wp-content\/uploads\/2022\/02\/YDXJ0276-300x225.jpg 300w, https:\/\/familie-weitgereist.de\/wp-content\/uploads\/2022\/02\/YDXJ0276-768x576.jpg 768w, https:\/\/familie-weitgereist.de\/wp-content\/uploads\/2022\/02\/YDXJ0276-1536x1152.jpg 1536w, https:\/\/familie-weitgereist.de\/wp-content\/uploads\/2022\/02\/YDXJ0276-2048x1536.jpg 2048w, https:\/\/familie-weitgereist.de\/wp-content\/uploads\/2022\/02\/YDXJ0276-1200x900.jpg 1200w, https:\/\/familie-weitgereist.de\/wp-content\/uploads\/2022\/02\/YDXJ0276-1980x1485.jpg 1980w, https:\/\/familie-weitgereist.de\/wp-content\/uploads\/2022\/02\/YDXJ0276-150x113.jpg 150w\" sizes=\"auto, (max-width: 1024px) 100vw, 1024px\" \/><figcaption class=\"wp-element-caption\">Pula, Kroatien<\/figcaption><\/figure>\n\n\n\n<figure class=\"wp-block-image size-large\"><img loading=\"lazy\" decoding=\"async\" width=\"1024\" height=\"768\" src=\"https:\/\/familie-weitgereist.de\/wp-content\/uploads\/2022\/02\/IMG_20160915_153614-1024x768.jpg\" alt=\"\" class=\"wp-image-7628\" srcset=\"https:\/\/familie-weitgereist.de\/wp-content\/uploads\/2022\/02\/IMG_20160915_153614-1024x768.jpg 1024w, https:\/\/familie-weitgereist.de\/wp-content\/uploads\/2022\/02\/IMG_20160915_153614-300x225.jpg 300w, https:\/\/familie-weitgereist.de\/wp-content\/uploads\/2022\/02\/IMG_20160915_153614-768x576.jpg 768w, https:\/\/familie-weitgereist.de\/wp-content\/uploads\/2022\/02\/IMG_20160915_153614-1536x1152.jpg 1536w, https:\/\/familie-weitgereist.de\/wp-content\/uploads\/2022\/02\/IMG_20160915_153614-2048x1536.jpg 2048w, https:\/\/familie-weitgereist.de\/wp-content\/uploads\/2022\/02\/IMG_20160915_153614-1200x900.jpg 1200w, https:\/\/familie-weitgereist.de\/wp-content\/uploads\/2022\/02\/IMG_20160915_153614-1980x1485.jpg 1980w, https:\/\/familie-weitgereist.de\/wp-content\/uploads\/2022\/02\/IMG_20160915_153614-150x113.jpg 150w\" sizes=\"auto, (max-width: 1024px) 100vw, 1024px\" \/><figcaption class=\"wp-element-caption\">Ljubljana, Slowenien<\/figcaption><\/figure>\n\n\n\n<p>Nun verbringen wir den Jahreswechsel in <strong><a href=\"https:\/\/familie-weitgereist.de\/?p=973\">Danzig, Polen<\/a><\/strong>.<br>Polen habe ich zwar schon bereist, in Danzig war ich jedoch noch nicht.<\/p>\n\n\n\n<p>Auf meiner Weltreiseliste sind 2016 ein US-Bundesstaat und zwei neue L\u00e4nder hinzugekommen. Klingt erst einmal nicht viel. Jedoch habe ich zwar die L\u00e4nder schon bereist, an den Orten, wo wir 2016 waren, war ich jedoch noch nicht.&nbsp;<\/p>\n\n\n\n<p>Insgesamt habe ich bisher <strong>15 US-Bundesstaaten<\/strong> und <strong>39 L\u00e4nder<\/strong> bereist. <\/p>\n\n\n\n<p>F\u00fcr 2017 habe ich mir einiges vorgenommen. Ob ich es erreichen werde, steht noch in den Sternen.&nbsp;Ich m\u00f6chte definitiv meine L\u00e4nderliste auf \u00fcber 40 besuchte L\u00e4nder erweitern, 45 ist eine gute Zahl! Darauf freue ich mich schon ganz sehr! Ich kann es gar nicht erwarten, mehr von unserem wunderbaren Planeten zu entdecken! &nbsp; <\/p>\n\n\n\n<p>Ein wunderbares 2017 f\u00fcr euch alle!!<\/p>\n","protected":false},"excerpt":{"rendered":"<p>In diesem Post m\u00f6chte ich \u00fcber mein Reisejahr 2016 reflektieren und gleichzeitig meine Vors\u00e4tze f\u00fcr 2017 vorstellen. 2016 war f\u00fcr mich ein durchschnittliches Reisejahr. Ich habe versucht jede m\u00f6gliche Gelegenheit zu nutzen, um in die Ferne zu schweifen. F\u00fcr mich begann das Jahr 2016 in den USA, um genauer zu sein, in Maryland. Ich habe [&hellip;]<\/p>\n","protected":false},"author":3,"featured_media":7610,"comment_status":"open","ping_status":"open","sticky":false,"template":"","format":"standard","meta":{"_themeisle_gutenberg_block_has_review":false,"footnotes":""},"categories":[8,576,257,271,239,270,4,577,6,579,658,294,296,199,578],"tags":[138,325,449,452,178,445,446,283,184,447,450,451,453,187,295,293,298,218,448],"class_list":["post-974","post","type-post","status-publish","format-standard","has-post-thumbnail","hentry","category-europa","category-florida","category-frankreich","category-griechenland","category-italien","category-kroatien","category-laender","category-maryland","category-nordamerika","category-pennsylvania","category-polen","category-san-marino","category-slowenien","category-usa","category-washington-d-c","tag-danzig","tag-deutschland","tag-florida","tag-istrien","tag-italien","tag-jahresrueckblick","tag-korfu","tag-korsika","tag-kroatien","tag-maryland","tag-new-jersey","tag-new-york","tag-pennsylvania","tag-polen","tag-san-marino","tag-sardinien","tag-slowenien","tag-usa","tag-washington-d-c"],"_links":{"self":[{"href":"https:\/\/familie-weitgereist.de\/index.php?rest_route=\/wp\/v2\/posts\/974","targetHints":{"allow":["GET"]}}],"collection":[{"href":"https:\/\/familie-weitgereist.de\/index.php?rest_route=\/wp\/v2\/posts"}],"about":[{"href":"https:\/\/familie-weitgereist.de\/index.php?rest_route=\/wp\/v2\/types\/post"}],"author":[{"embeddable":true,"href":"https:\/\/familie-weitgereist.de\/index.php?rest_route=\/wp\/v2\/users\/3"}],"replies":[{"embeddable":true,"href":"https:\/\/familie-weitgereist.de\/index.php?rest_route=%2Fwp%2Fv2%2Fcomments&post=974"}],"version-history":[{"count":17,"href":"https:\/\/familie-weitgereist.de\/index.php?rest_route=\/wp\/v2\/posts\/974\/revisions"}],"predecessor-version":[{"id":24045,"href":"https:\/\/familie-weitgereist.de\/index.php?rest_route=\/wp\/v2\/posts\/974\/revisions\/24045"}],"wp:featuredmedia":[{"embeddable":true,"href":"https:\/\/familie-weitgereist.de\/index.php?rest_route=\/wp\/v2\/media\/7610"}],"wp:attachment":[{"href":"https:\/\/familie-weitgereist.de\/index.php?rest_route=%2Fwp%2Fv2%2Fmedia&parent=974"}],"wp:term":[{"taxonomy":"category","embeddable":true,"href":"https:\/\/familie-weitgereist.de\/index.php?rest_route=%2Fwp%2Fv2%2Fcategories&post=974"},{"taxonomy":"post_tag","embeddable":true,"href":"https:\/\/familie-weitgereist.de\/index.php?rest_route=%2Fwp%2Fv2%2Ftags&post=974"}],"curies":[{"name":"wp","href":"https:\/\/api.w.org\/{rel}","templated":true}]}}