{"id":973,"date":"2017-01-01T23:07:00","date_gmt":"2017-01-01T22:07:00","guid":{"rendered":"http:\/\/wordpress\/?p=973"},"modified":"2025-11-07T20:10:07","modified_gmt":"2025-11-07T19:10:07","slug":"danzig-polen","status":"publish","type":"post","link":"https:\/\/familie-weitgereist.de\/?p=973","title":{"rendered":"Unser Silvestertrip 2016 nach Danzig, Polen"},"content":{"rendered":"\n<p>Den Jahreswechsel haben wir in Danzig verbracht! Was f\u00fcr eine wundersch\u00f6ne Stadt in Polen! Ich bin begeistert! Wir hatten wundervolle Tage! &nbsp;<\/p>\n\n\n\n<p>Die Stadt hat eine herrliche Altstadt und mutet mit ihren ca. 460.000 Einwohnern eher klein, aber oho, als gro\u00df und un\u00fcbersichtlich an. Die Altstadt ist durch viele kleine verwinkelte Gassen gekennzeichnet. \u00dcberall gibt es Neues zu entdecken.<br>Die N\u00e4he zur Ostsee reizt nat\u00fcrlich auch.<\/p>\n\n\n\n<p>Wir haben uns drei Tage lang durch die Altstadt treiben lassen und jedes Winkelchen entdeckt. Heute haben wir es uns in einem Freizeitbad mit Sauna gut gehen lassen, denn auch das z\u00e4hlt zu den Attraktionen in Danzig. F\u00fcr uns war es wieder einmal ein gelungener Jahreswechsel, der viel zu schnell vorbei war. &nbsp; <\/p>\n\n\n\n<p>Ein frohes 2017!!<\/p>\n\n\n\n<div id=\"wp-block-themeisle-blocks-slider-3bae5cf0\" class=\"wp-block-themeisle-blocks-slider glide\" data-per-view=\"1\" data-gap=\"0\" data-peek=\"0\" data-autoplay=\"true\" data-height=\"400px\" data-hide-arrows=\"false\"><div class=\"glide__track\" data-glide-el=\"track\"><div class=\"glide__slides\"><div class=\"wp-block-themeisle-blocks-slider-item-wrapper glide__slide\" tabindex=\"0\"><figure><img decoding=\"async\" class=\"wp-block-themeisle-blocks-slider-item\" src=\"https:\/\/familie-weitgereist.de\/wp-content\/uploads\/2022\/02\/IMG_20161229_154829-scaled.jpg\" alt=\"\" title=\"\" data-id=\"7571\"\/><\/figure><\/div><div class=\"wp-block-themeisle-blocks-slider-item-wrapper glide__slide\" tabindex=\"0\"><figure><img decoding=\"async\" class=\"wp-block-themeisle-blocks-slider-item\" src=\"https:\/\/familie-weitgereist.de\/wp-content\/uploads\/2022\/02\/IMG_20161229_163553-scaled.jpg\" alt=\"\" title=\"\" data-id=\"7574\"\/><\/figure><\/div><div class=\"wp-block-themeisle-blocks-slider-item-wrapper glide__slide\" tabindex=\"0\"><figure><img decoding=\"async\" class=\"wp-block-themeisle-blocks-slider-item\" src=\"https:\/\/familie-weitgereist.de\/wp-content\/uploads\/2022\/02\/IMG_20161230_133417-scaled.jpg\" alt=\"\" title=\"\" data-id=\"7575\"\/><\/figure><\/div><div class=\"wp-block-themeisle-blocks-slider-item-wrapper glide__slide\" tabindex=\"0\"><figure><img decoding=\"async\" class=\"wp-block-themeisle-blocks-slider-item\" src=\"https:\/\/familie-weitgereist.de\/wp-content\/uploads\/2022\/02\/IMG_20161231_134928-scaled.jpg\" alt=\"\" title=\"\" data-id=\"7577\"\/><\/figure><\/div><\/div><div class=\"glide__bullets\" data-glide-el=\"controls[nav]\"><button class=\"glide__bullet\" data-glide-dir=\"=0\"><\/button><button class=\"glide__bullet\" data-glide-dir=\"=1\"><\/button><button class=\"glide__bullet\" data-glide-dir=\"=2\"><\/button><button class=\"glide__bullet\" data-glide-dir=\"=3\"><\/button><\/div><\/div><\/div>\n\n\n\n<figure class=\"wp-block-embed is-type-video is-provider-youtube wp-block-embed-youtube wp-embed-aspect-16-9 wp-has-aspect-ratio\"><div class=\"wp-block-embed__wrapper\">\n<iframe loading=\"lazy\" title=\"SILVESTER IN DANZIG, POLEN\" width=\"580\" height=\"326\" src=\"https:\/\/www.youtube.com\/embed\/ynz0Z5La52U?start=13&#038;feature=oembed\" frameborder=\"0\" allow=\"accelerometer; autoplay; clipboard-write; encrypted-media; gyroscope; picture-in-picture; web-share\" referrerpolicy=\"strict-origin-when-cross-origin\" allowfullscreen><\/iframe>\n<\/div><\/figure>\n","protected":false},"excerpt":{"rendered":"<p>Den Jahreswechsel haben wir in Danzig verbracht! Was f\u00fcr eine wundersch\u00f6ne Stadt in Polen! Ich bin begeistert! Wir hatten wundervolle Tage! &nbsp; Die Stadt hat eine herrliche Altstadt und mutet mit ihren ca. 460.000 Einwohnern eher klein, aber oho, als gro\u00df und un\u00fcbersichtlich an. Die Altstadt ist durch viele kleine verwinkelte Gassen gekennzeichnet. \u00dcberall gibt [&hellip;]<\/p>\n","protected":false},"author":3,"featured_media":7577,"comment_status":"open","ping_status":"open","sticky":false,"template":"","format":"standard","meta":{"_themeisle_gutenberg_block_has_review":false,"footnotes":""},"categories":[658,8,4],"tags":[138,187],"class_list":["post-973","post","type-post","status-publish","format-standard","has-post-thumbnail","hentry","category-polen","category-europa","category-laender","tag-danzig","tag-polen"],"_links":{"self":[{"href":"https:\/\/familie-weitgereist.de\/index.php?rest_route=\/wp\/v2\/posts\/973","targetHints":{"allow":["GET"]}}],"collection":[{"href":"https:\/\/familie-weitgereist.de\/index.php?rest_route=\/wp\/v2\/posts"}],"about":[{"href":"https:\/\/familie-weitgereist.de\/index.php?rest_route=\/wp\/v2\/types\/post"}],"author":[{"embeddable":true,"href":"https:\/\/familie-weitgereist.de\/index.php?rest_route=\/wp\/v2\/users\/3"}],"replies":[{"embeddable":true,"href":"https:\/\/familie-weitgereist.de\/index.php?rest_route=%2Fwp%2Fv2%2Fcomments&post=973"}],"version-history":[{"count":9,"href":"https:\/\/familie-weitgereist.de\/index.php?rest_route=\/wp\/v2\/posts\/973\/revisions"}],"predecessor-version":[{"id":9996,"href":"https:\/\/familie-weitgereist.de\/index.php?rest_route=\/wp\/v2\/posts\/973\/revisions\/9996"}],"wp:featuredmedia":[{"embeddable":true,"href":"https:\/\/familie-weitgereist.de\/index.php?rest_route=\/wp\/v2\/media\/7577"}],"wp:attachment":[{"href":"https:\/\/familie-weitgereist.de\/index.php?rest_route=%2Fwp%2Fv2%2Fmedia&parent=973"}],"wp:term":[{"taxonomy":"category","embeddable":true,"href":"https:\/\/familie-weitgereist.de\/index.php?rest_route=%2Fwp%2Fv2%2Fcategories&post=973"},{"taxonomy":"post_tag","embeddable":true,"href":"https:\/\/familie-weitgereist.de\/index.php?rest_route=%2Fwp%2Fv2%2Ftags&post=973"}],"curies":[{"name":"wp","href":"https:\/\/api.w.org\/{rel}","templated":true}]}}