{"id":972,"date":"2017-04-17T21:07:00","date_gmt":"2017-04-17T19:07:00","guid":{"rendered":"http:\/\/wordpress\/?p=972"},"modified":"2025-11-07T20:09:25","modified_gmt":"2025-11-07T19:09:25","slug":"schoenau-am-koenigssee-deutschland","status":"publish","type":"post","link":"https:\/\/familie-weitgereist.de\/?p=972","title":{"rendered":"Wandern in Sch\u00f6nau am K\u00f6nigssee, Deutschland"},"content":{"rendered":"\n<p>Gr\u00fc\u00df Gott, vom wundersch\u00f6nen K\u00f6nigssee!<\/p>\n\n\n\n<p>Juhu, es sind Osterferien! Zwei Wochen frei und keine Schule, keinen Stress mit dem Vorbereiten der Unterrichtsstunden, kein Kontrollieren von Leistungskontrollen und Klassenarbeiten, stattdessen viel Spa\u00df, Freizeit und neue Orte erkunden.&nbsp;<\/p>\n\n\n\n<figure class=\"wp-block-image size-large\"><img loading=\"lazy\" decoding=\"async\" width=\"1024\" height=\"768\" src=\"https:\/\/familie-weitgereist.de\/wp-content\/uploads\/2022\/02\/DSCN5506-1024x768.jpg\" alt=\"\" class=\"wp-image-7550\" srcset=\"https:\/\/familie-weitgereist.de\/wp-content\/uploads\/2022\/02\/DSCN5506-1024x768.jpg 1024w, https:\/\/familie-weitgereist.de\/wp-content\/uploads\/2022\/02\/DSCN5506-300x225.jpg 300w, https:\/\/familie-weitgereist.de\/wp-content\/uploads\/2022\/02\/DSCN5506-768x576.jpg 768w, https:\/\/familie-weitgereist.de\/wp-content\/uploads\/2022\/02\/DSCN5506-1536x1152.jpg 1536w, https:\/\/familie-weitgereist.de\/wp-content\/uploads\/2022\/02\/DSCN5506-2048x1536.jpg 2048w, https:\/\/familie-weitgereist.de\/wp-content\/uploads\/2022\/02\/DSCN5506-1200x900.jpg 1200w, https:\/\/familie-weitgereist.de\/wp-content\/uploads\/2022\/02\/DSCN5506-1980x1485.jpg 1980w, https:\/\/familie-weitgereist.de\/wp-content\/uploads\/2022\/02\/DSCN5506-150x113.jpg 150w\" sizes=\"auto, (max-width: 1024px) 100vw, 1024px\" \/><\/figure>\n\n\n\n<p>F\u00fcr meine Mutti und mich ging es in den vergangenen Tagen in das sch\u00f6ne Sch\u00f6nau am K\u00f6nigssee. Wir starten jeden Tag neue Wanderungen und erkunden das Berchtesgadener Land zu Fu\u00df. Es ist ein Traum. Die Berge sind so imposant und laden f\u00f6rmlich dazu ein, sie zu erklimmen.<\/p>\n\n\n\n<p>Wir haben so sch\u00f6nes Wetter, wie im Sommer. Jeden Tag Sonnenschein, blauen Himmel. So kommt auch die Bergkulisse am besten zur Geltung.<\/p>\n\n\n\n<div id=\"wp-block-themeisle-blocks-slider-79e87afe\" class=\"wp-block-themeisle-blocks-slider glide\" data-per-view=\"1\" data-gap=\"0\" data-peek=\"0\" data-autoplay=\"true\" data-height=\"400px\" data-hide-arrows=\"false\"><div class=\"glide__track\" data-glide-el=\"track\"><div class=\"glide__slides\"><div class=\"wp-block-themeisle-blocks-slider-item-wrapper glide__slide\" tabindex=\"0\"><figure><img decoding=\"async\" class=\"wp-block-themeisle-blocks-slider-item\" src=\"https:\/\/familie-weitgereist.de\/wp-content\/uploads\/2022\/02\/20170408_161627-scaled.jpg\" alt=\"\" title=\"\" data-id=\"7551\"\/><\/figure><\/div><div class=\"wp-block-themeisle-blocks-slider-item-wrapper glide__slide\" tabindex=\"0\"><figure><img decoding=\"async\" class=\"wp-block-themeisle-blocks-slider-item\" src=\"https:\/\/familie-weitgereist.de\/wp-content\/uploads\/2022\/02\/20170410_114916-scaled.jpg\" alt=\"\" title=\"\" data-id=\"7552\"\/><\/figure><\/div><div class=\"wp-block-themeisle-blocks-slider-item-wrapper glide__slide\" tabindex=\"0\"><figure><img decoding=\"async\" class=\"wp-block-themeisle-blocks-slider-item\" src=\"https:\/\/familie-weitgereist.de\/wp-content\/uploads\/2022\/02\/DSCN5432-scaled.jpg\" alt=\"\" title=\"\" data-id=\"7553\"\/><\/figure><\/div><div class=\"wp-block-themeisle-blocks-slider-item-wrapper glide__slide\" tabindex=\"0\"><figure><img decoding=\"async\" class=\"wp-block-themeisle-blocks-slider-item\" src=\"https:\/\/familie-weitgereist.de\/wp-content\/uploads\/2022\/02\/DSCN5530-scaled.jpg\" alt=\"\" title=\"\" data-id=\"7555\"\/><\/figure><\/div><div class=\"wp-block-themeisle-blocks-slider-item-wrapper glide__slide\" tabindex=\"0\"><figure><img decoding=\"async\" class=\"wp-block-themeisle-blocks-slider-item\" src=\"https:\/\/familie-weitgereist.de\/wp-content\/uploads\/2022\/02\/DSCN5568-scaled.jpg\" alt=\"\" title=\"\" data-id=\"7558\"\/><\/figure><\/div><div class=\"wp-block-themeisle-blocks-slider-item-wrapper glide__slide\" tabindex=\"0\"><figure><img decoding=\"async\" class=\"wp-block-themeisle-blocks-slider-item\" src=\"https:\/\/familie-weitgereist.de\/wp-content\/uploads\/2022\/02\/DSCN5633-scaled.jpg\" alt=\"\" title=\"\" data-id=\"7562\"\/><\/figure><\/div><div class=\"wp-block-themeisle-blocks-slider-item-wrapper glide__slide\" tabindex=\"0\"><figure><img decoding=\"async\" class=\"wp-block-themeisle-blocks-slider-item\" src=\"https:\/\/familie-weitgereist.de\/wp-content\/uploads\/2022\/02\/DSCN5644-scaled.jpg\" alt=\"\" title=\"\" data-id=\"7563\"\/><\/figure><\/div><\/div><div class=\"glide__bullets\" data-glide-el=\"controls[nav]\"><button class=\"glide__bullet\" data-glide-dir=\"=0\"><\/button><button class=\"glide__bullet\" data-glide-dir=\"=1\"><\/button><button class=\"glide__bullet\" data-glide-dir=\"=2\"><\/button><button class=\"glide__bullet\" data-glide-dir=\"=3\"><\/button><button class=\"glide__bullet\" data-glide-dir=\"=4\"><\/button><button class=\"glide__bullet\" data-glide-dir=\"=5\"><\/button><button class=\"glide__bullet\" data-glide-dir=\"=6\"><\/button><\/div><\/div><\/div>\n\n\n\n<p>Die ber\u00fchmte Wallfahrtskirche St. Bartholom\u00e4 haben wir mit der F\u00e4hre besucht. Das war eine sch\u00f6ne F\u00e4hrfahrt. Wir sind ca. 45 Minuten \u00fcber den K\u00f6nigssee gefahren, irgendwann h\u00e4lt das Boot an und ein Trompeter bl\u00e4st ein Lied. Das Echo, das dort widerhalt klingt herrlich und die wundersch\u00f6ne Bergkulisse genie\u00dfend, ging es weiter. Wir haben gleich die erste F\u00e4hre um 9:30 genommen, da waren auch noch nicht allzu viele Touristen dort. Denn die kleine Kirche wird gegen Nachmittag von Touristen bev\u00f6lkert. Viele genie\u00dfen ein Berchtesgadener Bier im Biergarten und lassen es sich gut gehen.<\/p>\n\n\n\n<p>Wir sind jedoch weiter zu einer Eish\u00f6hle gelaufen. Von der Eish\u00f6hle an sich, ist nicht allzu viel zu sehen, da man sie nicht betreten darf. Erstaunlich ist, dass die Eish\u00f6hle nicht schmilzt, denn durch die gro\u00dfen Lawinen und Schneemassen im Winter und den schattigen Schutz der Berge im Sommer, taut die Eish\u00f6hle nicht ab.<\/p>\n\n\n\n<div id=\"wp-block-themeisle-blocks-slider-ef65f3d4\" class=\"wp-block-themeisle-blocks-slider glide\" data-per-view=\"1\" data-gap=\"0\" data-peek=\"0\" data-autoplay=\"true\" data-height=\"400px\" data-hide-arrows=\"false\"><div class=\"glide__track\" data-glide-el=\"track\"><div class=\"glide__slides\"><div class=\"wp-block-themeisle-blocks-slider-item-wrapper glide__slide\" tabindex=\"0\"><figure><img decoding=\"async\" class=\"wp-block-themeisle-blocks-slider-item\" src=\"https:\/\/familie-weitgereist.de\/wp-content\/uploads\/2022\/02\/DSCN5666-scaled.jpg\" alt=\"\" title=\"\" data-id=\"7554\"\/><\/figure><\/div><div class=\"wp-block-themeisle-blocks-slider-item-wrapper glide__slide\" tabindex=\"0\"><figure><img decoding=\"async\" class=\"wp-block-themeisle-blocks-slider-item\" src=\"https:\/\/familie-weitgereist.de\/wp-content\/uploads\/2022\/02\/DSCN5687-scaled.jpg\" alt=\"\" title=\"\" data-id=\"7557\"\/><\/figure><\/div><div class=\"wp-block-themeisle-blocks-slider-item-wrapper glide__slide\" tabindex=\"0\"><figure><img decoding=\"async\" class=\"wp-block-themeisle-blocks-slider-item\" src=\"https:\/\/familie-weitgereist.de\/wp-content\/uploads\/2022\/02\/DSCN5717-scaled.jpg\" alt=\"\" title=\"\" data-id=\"7561\"\/><\/figure><\/div><\/div><div class=\"glide__bullets\" data-glide-el=\"controls[nav]\"><button class=\"glide__bullet\" data-glide-dir=\"=0\"><\/button><button class=\"glide__bullet\" data-glide-dir=\"=1\"><\/button><button class=\"glide__bullet\" data-glide-dir=\"=2\"><\/button><\/div><\/div><\/div>\n\n\n\n<p>Nach einer ausgiebigen Wanderung zur Eish\u00f6hle und wieder zur\u00fcck, haben wir die restliche Zeit, bis zur letzten F\u00e4hre um 16:30 mit einem kleinen Spaziergang um den See genutzt. Das Wasser ist zur Zeit 6\u00b0C warm\/kalt und wir waren baden. hihi Das war sehr erfrischend, aber so wohltuend.<\/p>\n\n\n\n<figure class=\"wp-block-image size-large\"><img loading=\"lazy\" decoding=\"async\" width=\"1024\" height=\"768\" src=\"https:\/\/familie-weitgereist.de\/wp-content\/uploads\/2022\/02\/DSCN5850-1024x768.jpg\" alt=\"\" class=\"wp-image-7559\" srcset=\"https:\/\/familie-weitgereist.de\/wp-content\/uploads\/2022\/02\/DSCN5850-1024x768.jpg 1024w, https:\/\/familie-weitgereist.de\/wp-content\/uploads\/2022\/02\/DSCN5850-300x225.jpg 300w, https:\/\/familie-weitgereist.de\/wp-content\/uploads\/2022\/02\/DSCN5850-768x576.jpg 768w, https:\/\/familie-weitgereist.de\/wp-content\/uploads\/2022\/02\/DSCN5850-1536x1152.jpg 1536w, https:\/\/familie-weitgereist.de\/wp-content\/uploads\/2022\/02\/DSCN5850-2048x1536.jpg 2048w, https:\/\/familie-weitgereist.de\/wp-content\/uploads\/2022\/02\/DSCN5850-1200x900.jpg 1200w, https:\/\/familie-weitgereist.de\/wp-content\/uploads\/2022\/02\/DSCN5850-1980x1485.jpg 1980w, https:\/\/familie-weitgereist.de\/wp-content\/uploads\/2022\/02\/DSCN5850-150x113.jpg 150w\" sizes=\"auto, (max-width: 1024px) 100vw, 1024px\" \/><figcaption>Radschlag am K\u00f6nigssee<\/figcaption><\/figure>\n\n\n\n<p>Die Wanderung zum &#8222;Toten Mann&#8220; und seiner idyllischen Lage war grandios. In Serpentinen ging es allm\u00e4hlich den Berg hinauf. Viele der Berge b\u00fcrgen ihre eigenen Sagen. So erhielt dieser Berg seinen Namen, nachdem vor langer Zeit, ein Mann in starkem Unwetter und winterlichem Wetter auf dem Berg verloren ging und nicht \u00fcberlebte.<\/p>\n\n\n\n<div id=\"wp-block-themeisle-blocks-slider-b7fe2fe8\" class=\"wp-block-themeisle-blocks-slider glide\" data-per-view=\"1\" data-gap=\"0\" data-peek=\"0\" data-autoplay=\"true\" data-height=\"400px\" data-hide-arrows=\"false\"><div class=\"glide__track\" data-glide-el=\"track\"><div class=\"glide__slides\"><div class=\"wp-block-themeisle-blocks-slider-item-wrapper glide__slide\" tabindex=\"0\"><figure><img decoding=\"async\" class=\"wp-block-themeisle-blocks-slider-item\" src=\"https:\/\/familie-weitgereist.de\/wp-content\/uploads\/2022\/02\/DSCN5955-scaled.jpg\" alt=\"\" title=\"\" data-id=\"7565\"\/><\/figure><\/div><div class=\"wp-block-themeisle-blocks-slider-item-wrapper glide__slide\" tabindex=\"0\"><figure><img decoding=\"async\" class=\"wp-block-themeisle-blocks-slider-item\" src=\"https:\/\/familie-weitgereist.de\/wp-content\/uploads\/2022\/02\/DSCN6031-scaled.jpg\" alt=\"\" title=\"\" data-id=\"7567\"\/><\/figure><\/div><\/div><div class=\"glide__bullets\" data-glide-el=\"controls[nav]\"><button class=\"glide__bullet\" data-glide-dir=\"=0\"><\/button><button class=\"glide__bullet\" data-glide-dir=\"=1\"><\/button><\/div><\/div><\/div>\n\n\n\n<p>Wir hatten lediglich einen Tag, an dem das Wetter nicht ganz so prickelnd war. Demzufolge haben wir uns einen Wellness Tag in Berchtesgaden in der Watzmann-Therme geg\u00f6nnt. Wir haben ausgiebig das Schwimmbad genutzt und den ganzen Tag sauniert. Herrlich!&nbsp;Besser k\u00f6nnen meine Osterferien gar nicht sein!<\/p>\n","protected":false},"excerpt":{"rendered":"<p>Gr\u00fc\u00df Gott, vom wundersch\u00f6nen K\u00f6nigssee! Juhu, es sind Osterferien! Zwei Wochen frei und keine Schule, keinen Stress mit dem Vorbereiten der Unterrichtsstunden, kein Kontrollieren von Leistungskontrollen und Klassenarbeiten, stattdessen viel Spa\u00df, Freizeit und neue Orte erkunden.&nbsp; F\u00fcr meine Mutti und mich ging es in den vergangenen Tagen in das sch\u00f6ne Sch\u00f6nau am K\u00f6nigssee. Wir starten [&hellip;]<\/p>\n","protected":false},"author":3,"featured_media":7550,"comment_status":"open","ping_status":"open","sticky":false,"template":"","format":"standard","meta":{"_themeisle_gutenberg_block_has_review":false,"footnotes":""},"categories":[242,1751],"tags":[402,325,443,442,1773],"class_list":["post-972","post","type-post","status-publish","format-standard","has-post-thumbnail","hentry","category-deutschland","category-bayern","tag-bayern","tag-deutschland","tag-koenigssee","tag-schoenau","tag-schoenau-am-koenigssee"],"_links":{"self":[{"href":"https:\/\/familie-weitgereist.de\/index.php?rest_route=\/wp\/v2\/posts\/972","targetHints":{"allow":["GET"]}}],"collection":[{"href":"https:\/\/familie-weitgereist.de\/index.php?rest_route=\/wp\/v2\/posts"}],"about":[{"href":"https:\/\/familie-weitgereist.de\/index.php?rest_route=\/wp\/v2\/types\/post"}],"author":[{"embeddable":true,"href":"https:\/\/familie-weitgereist.de\/index.php?rest_route=\/wp\/v2\/users\/3"}],"replies":[{"embeddable":true,"href":"https:\/\/familie-weitgereist.de\/index.php?rest_route=%2Fwp%2Fv2%2Fcomments&post=972"}],"version-history":[{"count":10,"href":"https:\/\/familie-weitgereist.de\/index.php?rest_route=\/wp\/v2\/posts\/972\/revisions"}],"predecessor-version":[{"id":10047,"href":"https:\/\/familie-weitgereist.de\/index.php?rest_route=\/wp\/v2\/posts\/972\/revisions\/10047"}],"wp:featuredmedia":[{"embeddable":true,"href":"https:\/\/familie-weitgereist.de\/index.php?rest_route=\/wp\/v2\/media\/7550"}],"wp:attachment":[{"href":"https:\/\/familie-weitgereist.de\/index.php?rest_route=%2Fwp%2Fv2%2Fmedia&parent=972"}],"wp:term":[{"taxonomy":"category","embeddable":true,"href":"https:\/\/familie-weitgereist.de\/index.php?rest_route=%2Fwp%2Fv2%2Fcategories&post=972"},{"taxonomy":"post_tag","embeddable":true,"href":"https:\/\/familie-weitgereist.de\/index.php?rest_route=%2Fwp%2Fv2%2Ftags&post=972"}],"curies":[{"name":"wp","href":"https:\/\/api.w.org\/{rel}","templated":true}]}}