{"id":970,"date":"2017-08-08T17:43:00","date_gmt":"2017-08-08T15:43:00","guid":{"rendered":"http:\/\/wordpress\/?p=970"},"modified":"2025-11-07T20:07:32","modified_gmt":"2025-11-07T19:07:32","slug":"reykjavik-island","status":"publish","type":"post","link":"https:\/\/familie-weitgereist.de\/?p=970","title":{"rendered":"St\u00e4dtetrip nach Reykjav\u00edk, Island"},"content":{"rendered":"\n<p>Wir sind sehr gut in Island angekommen und haben nach gewohnter Manier, die erste Nacht auf dem Flughafen verbracht, da wir gegen Mitternacht gelandet sind.<\/p>\n\n\n\n<figure class=\"wp-block-image size-large\"><img loading=\"lazy\" decoding=\"async\" width=\"1024\" height=\"768\" src=\"https:\/\/familie-weitgereist.de\/wp-content\/uploads\/2022\/02\/DSCN6879-1024x768.jpg\" alt=\"\" class=\"wp-image-7515\" srcset=\"https:\/\/familie-weitgereist.de\/wp-content\/uploads\/2022\/02\/DSCN6879-1024x768.jpg 1024w, https:\/\/familie-weitgereist.de\/wp-content\/uploads\/2022\/02\/DSCN6879-300x225.jpg 300w, https:\/\/familie-weitgereist.de\/wp-content\/uploads\/2022\/02\/DSCN6879-768x576.jpg 768w, https:\/\/familie-weitgereist.de\/wp-content\/uploads\/2022\/02\/DSCN6879-1536x1152.jpg 1536w, https:\/\/familie-weitgereist.de\/wp-content\/uploads\/2022\/02\/DSCN6879-2048x1536.jpg 2048w, https:\/\/familie-weitgereist.de\/wp-content\/uploads\/2022\/02\/DSCN6879-1200x900.jpg 1200w, https:\/\/familie-weitgereist.de\/wp-content\/uploads\/2022\/02\/DSCN6879-1980x1485.jpg 1980w, https:\/\/familie-weitgereist.de\/wp-content\/uploads\/2022\/02\/DSCN6879-150x113.jpg 150w\" sizes=\"auto, (max-width: 1024px) 100vw, 1024px\" \/><\/figure>\n\n\n\n<p>Schon der Flug war ein neues Erlebnis f\u00fcr uns, denn wir sind im Dunkeln gestartet und sind erst in die D\u00e4mmerung und dann in helles Tageslicht geflogen. \ud83d\ude42 Als wir in Island ankamen, war es gegen Mitternacht noch hellster Tag.<\/p>\n\n\n\n<figure class=\"wp-block-image size-large\"><img loading=\"lazy\" decoding=\"async\" width=\"1024\" height=\"768\" src=\"https:\/\/familie-weitgereist.de\/wp-content\/uploads\/2022\/02\/DSCN6830-1024x768.jpg\" alt=\"\" class=\"wp-image-7516\" srcset=\"https:\/\/familie-weitgereist.de\/wp-content\/uploads\/2022\/02\/DSCN6830-1024x768.jpg 1024w, https:\/\/familie-weitgereist.de\/wp-content\/uploads\/2022\/02\/DSCN6830-300x225.jpg 300w, https:\/\/familie-weitgereist.de\/wp-content\/uploads\/2022\/02\/DSCN6830-768x576.jpg 768w, https:\/\/familie-weitgereist.de\/wp-content\/uploads\/2022\/02\/DSCN6830-1536x1152.jpg 1536w, https:\/\/familie-weitgereist.de\/wp-content\/uploads\/2022\/02\/DSCN6830-2048x1536.jpg 2048w, https:\/\/familie-weitgereist.de\/wp-content\/uploads\/2022\/02\/DSCN6830-1200x900.jpg 1200w, https:\/\/familie-weitgereist.de\/wp-content\/uploads\/2022\/02\/DSCN6830-1980x1485.jpg 1980w, https:\/\/familie-weitgereist.de\/wp-content\/uploads\/2022\/02\/DSCN6830-150x113.jpg 150w\" sizes=\"auto, (max-width: 1024px) 100vw, 1024px\" \/><figcaption>Blick aus dem Flugzeug<\/figcaption><\/figure>\n\n\n\n<p>Irgendwann wurde uns dann klar, dass wir die Stirnlampen als \u00fcberfl\u00fcssiges Gep\u00e4ck dabei haben. Hihi Die ersten vier Tage haben wir in Reykjav\u00edk verbracht. Wir haben die Stadt erkundet, die herrlich am Atlantik gelegen ist. \u00dcberall ist ein leichter Hauch von Meerbrise zu sp\u00fcren.<\/p>\n\n\n\n<div id=\"wp-block-themeisle-blocks-slider-e2fdca73\" class=\"wp-block-themeisle-blocks-slider glide\" data-per-view=\"1\" data-gap=\"0\" data-peek=\"0\" data-autoplay=\"true\" data-height=\"400px\" data-hide-arrows=\"false\"><div class=\"glide__track\" data-glide-el=\"track\"><div class=\"glide__slides\"><div class=\"wp-block-themeisle-blocks-slider-item-wrapper glide__slide\" tabindex=\"0\"><figure><img decoding=\"async\" class=\"wp-block-themeisle-blocks-slider-item\" src=\"https:\/\/familie-weitgereist.de\/wp-content\/uploads\/2022\/02\/DSCN6857-scaled.jpg\" alt=\"\" title=\"\" data-id=\"7519\"\/><\/figure><\/div><div class=\"wp-block-themeisle-blocks-slider-item-wrapper glide__slide\" tabindex=\"0\"><figure><img decoding=\"async\" class=\"wp-block-themeisle-blocks-slider-item\" src=\"https:\/\/familie-weitgereist.de\/wp-content\/uploads\/2022\/02\/DSCN6885-scaled.jpg\" alt=\"\" title=\"\" data-id=\"7521\"\/><\/figure><\/div><div class=\"wp-block-themeisle-blocks-slider-item-wrapper glide__slide\" tabindex=\"0\"><figure><img decoding=\"async\" class=\"wp-block-themeisle-blocks-slider-item\" src=\"https:\/\/familie-weitgereist.de\/wp-content\/uploads\/2022\/02\/DSCN6938-scaled.jpg\" alt=\"\" title=\"\" data-id=\"7523\"\/><\/figure><\/div><div class=\"wp-block-themeisle-blocks-slider-item-wrapper glide__slide\" tabindex=\"0\"><figure><img decoding=\"async\" class=\"wp-block-themeisle-blocks-slider-item\" src=\"https:\/\/familie-weitgereist.de\/wp-content\/uploads\/2022\/02\/DSCN6964-scaled.jpg\" alt=\"\" title=\"\" data-id=\"7525\"\/><\/figure><\/div><div class=\"wp-block-themeisle-blocks-slider-item-wrapper glide__slide\" tabindex=\"0\"><figure><img decoding=\"async\" class=\"wp-block-themeisle-blocks-slider-item\" src=\"https:\/\/familie-weitgereist.de\/wp-content\/uploads\/2022\/02\/DSCN6974-scaled.jpg\" alt=\"\" title=\"\" data-id=\"7527\"\/><\/figure><\/div><div class=\"wp-block-themeisle-blocks-slider-item-wrapper glide__slide\" tabindex=\"0\"><figure><img decoding=\"async\" class=\"wp-block-themeisle-blocks-slider-item\" src=\"https:\/\/familie-weitgereist.de\/wp-content\/uploads\/2022\/02\/DSCN7102-scaled.jpg\" alt=\"\" title=\"\" data-id=\"7529\"\/><\/figure><\/div><\/div><div class=\"glide__bullets\" data-glide-el=\"controls[nav]\"><button class=\"glide__bullet\" data-glide-dir=\"=0\"><\/button><button class=\"glide__bullet\" data-glide-dir=\"=1\"><\/button><button class=\"glide__bullet\" data-glide-dir=\"=2\"><\/button><button class=\"glide__bullet\" data-glide-dir=\"=3\"><\/button><button class=\"glide__bullet\" data-glide-dir=\"=4\"><\/button><button class=\"glide__bullet\" data-glide-dir=\"=5\"><\/button><\/div><\/div><\/div>\n\n\n\n<p>Das bunte Treiben in der Stadt hat uns sehr gut gefallen. Wir haben unterschiedlichste Gesch\u00e4fte erkundet, unter anderem die Marke &#8222;I don&#8217;t speak Icelandic&#8220; which I wish I did. 66\u00b0 North finden wir auch cool, mit ihrem Motto: &#8222;Waiting for summer since 1926&#8220;. Zum Gl\u00fcck sind wir mit dem Wetter besser gesegnet. Wir haben wirklich Gl\u00fcck und es scheint konstant die Sonne. In den n\u00e4chsten Tagen werden wir die Weitwanderwege &#8222;Laugavegur&#8220; und &#8222;Fimmv\u00f6rduhals&#8220; laufen. Juhu, raus in die Natur und alles auf dem R\u00fccken tragen, was wir brauchen. <\/p>\n\n\n\n<figure class=\"wp-block-embed is-type-video is-provider-youtube wp-block-embed-youtube wp-embed-aspect-16-9 wp-has-aspect-ratio\"><div class=\"wp-block-embed__wrapper\">\n<iframe loading=\"lazy\" title=\"REYKJAVIK, ISLAND\" width=\"580\" height=\"326\" src=\"https:\/\/www.youtube.com\/embed\/pEsTzbPpRi0?start=11&#038;feature=oembed\" frameborder=\"0\" allow=\"accelerometer; autoplay; clipboard-write; encrypted-media; gyroscope; picture-in-picture; web-share\" referrerpolicy=\"strict-origin-when-cross-origin\" allowfullscreen><\/iframe>\n<\/div><\/figure>\n","protected":false},"excerpt":{"rendered":"<p>Wir sind sehr gut in Island angekommen und haben nach gewohnter Manier, die erste Nacht auf dem Flughafen verbracht, da wir gegen Mitternacht gelandet sind. Schon der Flug war ein neues Erlebnis f\u00fcr uns, denn wir sind im Dunkeln gestartet und sind erst in die D\u00e4mmerung und dann in helles Tageslicht geflogen. \ud83d\ude42 Als wir [&hellip;]<\/p>\n","protected":false},"author":3,"featured_media":7523,"comment_status":"open","ping_status":"open","sticky":false,"template":"","format":"standard","meta":{"_themeisle_gutenberg_block_has_review":false,"footnotes":""},"categories":[253,8,4],"tags":[140,255],"class_list":["post-970","post","type-post","status-publish","format-standard","has-post-thumbnail","hentry","category-island","category-europa","category-laender","tag-island","tag-reykjavik"],"_links":{"self":[{"href":"https:\/\/familie-weitgereist.de\/index.php?rest_route=\/wp\/v2\/posts\/970","targetHints":{"allow":["GET"]}}],"collection":[{"href":"https:\/\/familie-weitgereist.de\/index.php?rest_route=\/wp\/v2\/posts"}],"about":[{"href":"https:\/\/familie-weitgereist.de\/index.php?rest_route=\/wp\/v2\/types\/post"}],"author":[{"embeddable":true,"href":"https:\/\/familie-weitgereist.de\/index.php?rest_route=\/wp\/v2\/users\/3"}],"replies":[{"embeddable":true,"href":"https:\/\/familie-weitgereist.de\/index.php?rest_route=%2Fwp%2Fv2%2Fcomments&post=970"}],"version-history":[{"count":14,"href":"https:\/\/familie-weitgereist.de\/index.php?rest_route=\/wp\/v2\/posts\/970\/revisions"}],"predecessor-version":[{"id":9995,"href":"https:\/\/familie-weitgereist.de\/index.php?rest_route=\/wp\/v2\/posts\/970\/revisions\/9995"}],"wp:featuredmedia":[{"embeddable":true,"href":"https:\/\/familie-weitgereist.de\/index.php?rest_route=\/wp\/v2\/media\/7523"}],"wp:attachment":[{"href":"https:\/\/familie-weitgereist.de\/index.php?rest_route=%2Fwp%2Fv2%2Fmedia&parent=970"}],"wp:term":[{"taxonomy":"category","embeddable":true,"href":"https:\/\/familie-weitgereist.de\/index.php?rest_route=%2Fwp%2Fv2%2Fcategories&post=970"},{"taxonomy":"post_tag","embeddable":true,"href":"https:\/\/familie-weitgereist.de\/index.php?rest_route=%2Fwp%2Fv2%2Ftags&post=970"}],"curies":[{"name":"wp","href":"https:\/\/api.w.org\/{rel}","templated":true}]}}