{"id":966,"date":"2017-10-07T18:17:00","date_gmt":"2017-10-07T16:17:00","guid":{"rendered":"http:\/\/wordpress\/?p=966"},"modified":"2025-11-07T20:04:26","modified_gmt":"2025-11-07T19:04:26","slug":"klassenfahrt-nach-malaga-spanien","status":"publish","type":"post","link":"https:\/\/familie-weitgereist.de\/?p=966","title":{"rendered":"Meine erste Klassenfahrt nach M\u00e1laga, Spanien"},"content":{"rendered":"\n<p>\u00a1Hola amigos! (:<\/p>\n\n\n\n<p>Meine erste Klassenfahrt als Referendarin liegt hinter mir. Es war eine unglaublich aufregende Zeit, mit sehr vielen Erlebnissen &#8211; sowohl was die Klassenf\u00fchrung auf einer Klassenfahrt anbelangt, als auch private Erkundungen und Entdeckungen in M\u00e1laga.<\/p>\n\n\n\n<p>Meine Ausbildungslehrerin ist die Beste, die ich mir vorstellen kann und von ihr konnte ich sehr viel lernen. Es gibt nat\u00fcrlich eine Menge zu beachten, wenn man auf Klassenreise f\u00e4hrt. Die Sch\u00fclerInnen sind eben immer mit dabei und die Verantwortung f\u00fcr sie ist zum Teil recht gro\u00df.<br>Wir sind mit einer 11. Klasse gefahren, aber das Verantwortungsgef\u00fchl f\u00fcr seine Sch\u00fcler, ist auch bei 16-17-j\u00e4hrigen nicht minder gro\u00df.<\/p>\n\n\n\n<p>&nbsp; &nbsp; &nbsp; &nbsp; &nbsp; &nbsp;&#8211; beachten sie die Zeit in der sie bei ihrer Gastfamilie sein sollen<br>&nbsp; &nbsp; &nbsp; &nbsp; &nbsp; &nbsp;&#8211; trinken sie keinen Alkohol<br>&nbsp; &nbsp; &nbsp; &nbsp; &nbsp; &nbsp;&#8211; verlaufen sie sich nicht in der Stadt<br>&nbsp; &nbsp; &nbsp; &nbsp; &nbsp; &nbsp;&#8211; verstehen sie sich mit der Gastfamilie<br>&nbsp; &nbsp; &nbsp; &nbsp; &nbsp; &nbsp;&#8211; k\u00f6nnen sie sich in einfachen Situationen auf Spanisch verst\u00e4ndigen<br>&nbsp; &nbsp; &nbsp; &nbsp; &nbsp; &nbsp;&#8211; sind immer alle Sch\u00fclerInnen bei der Sprachschule anwesend<br>&nbsp; &nbsp; &nbsp; &nbsp; &nbsp; &nbsp;&#8211; etc. &#8230;<\/p>\n\n\n\n<p>Es gibt somit eine Menge Dinge, die mir \/ uns durch den Kopf gegangen sind und auf die wir achten mussten.<\/p>\n\n\n\n<p>Nichtsdestotrotz, war es nicht nur eine sehr lehrreiche Zeit f\u00fcr mein Lernen als Lehrerin, sondern auch eine richtig spannende Zeit, indem wir privat M\u00e1laga erkundeten und viel sehen konnten.<\/p>\n\n\n\n<figure class=\"wp-block-image size-large\"><img loading=\"lazy\" decoding=\"async\" width=\"1024\" height=\"575\" src=\"https:\/\/familie-weitgereist.de\/wp-content\/uploads\/2022\/02\/IMG_20170921_081818-1024x575.jpg\" alt=\"\" class=\"wp-image-7415\" srcset=\"https:\/\/familie-weitgereist.de\/wp-content\/uploads\/2022\/02\/IMG_20170921_081818-1024x575.jpg 1024w, https:\/\/familie-weitgereist.de\/wp-content\/uploads\/2022\/02\/IMG_20170921_081818-300x168.jpg 300w, https:\/\/familie-weitgereist.de\/wp-content\/uploads\/2022\/02\/IMG_20170921_081818-768x431.jpg 768w, https:\/\/familie-weitgereist.de\/wp-content\/uploads\/2022\/02\/IMG_20170921_081818-1536x863.jpg 1536w, https:\/\/familie-weitgereist.de\/wp-content\/uploads\/2022\/02\/IMG_20170921_081818-2048x1150.jpg 2048w, https:\/\/familie-weitgereist.de\/wp-content\/uploads\/2022\/02\/IMG_20170921_081818-1200x674.jpg 1200w, https:\/\/familie-weitgereist.de\/wp-content\/uploads\/2022\/02\/IMG_20170921_081818-1980x1112.jpg 1980w, https:\/\/familie-weitgereist.de\/wp-content\/uploads\/2022\/02\/IMG_20170921_081818-150x84.jpg 150w\" sizes=\"auto, (max-width: 1024px) 100vw, 1024px\" \/><\/figure>\n\n\n\n<p>M\u00e1laga hat mir sehr gut gefallen. Das Wetter war traumhaft, die entspannten Stunden am Strand, das gem\u00fctliche Schlendern durch M\u00e1lagas verwinkelte Gassen und die vielen Gespr\u00e4che mit meiner Ausbildungslehrerin machten die Woche zu einem unvergesslichen Erlebnis. \ud83d\ude42<\/p>\n\n\n\n<p>Nat\u00fcrlich ist eine Klassenfahrt nicht wie ein privater Urlaub, indem ich alles tun und lassen kann, wie es mir beliebt &#8211; dennoch haben wir uns die Zeit sehr sch\u00f6n gemacht und es war eine wundervolle Woche, in der ich nicht an meine n\u00e4chste Stundenvorbereitung denken musste, sondern auch einfach einmal das spanische Flair genie\u00dfen konnte.<\/p>\n\n\n\n<p>Ciao amigos y hasta la pr\u00f3xima vez.<\/p>\n\n\n\n<div id=\"wp-block-themeisle-blocks-slider-b94a7a29\" class=\"wp-block-themeisle-blocks-slider glide\" data-per-view=\"1\" data-gap=\"0\" data-peek=\"0\" data-autoplay=\"true\" data-height=\"400px\" data-hide-arrows=\"false\"><div class=\"glide__track\" data-glide-el=\"track\"><div class=\"glide__slides\"><div class=\"wp-block-themeisle-blocks-slider-item-wrapper glide__slide\" tabindex=\"0\"><figure><img decoding=\"async\" class=\"wp-block-themeisle-blocks-slider-item\" src=\"https:\/\/familie-weitgereist.de\/wp-content\/uploads\/2022\/02\/IMG_20170921_203327-scaled.jpg\" alt=\"\" title=\"\" data-id=\"7416\"\/><\/figure><\/div><div class=\"wp-block-themeisle-blocks-slider-item-wrapper glide__slide\" tabindex=\"0\"><figure><img decoding=\"async\" class=\"wp-block-themeisle-blocks-slider-item\" src=\"https:\/\/familie-weitgereist.de\/wp-content\/uploads\/2022\/02\/IMG_20170922_110637-scaled.jpg\" alt=\"\" title=\"\" data-id=\"7418\"\/><\/figure><\/div><\/div><div class=\"glide__bullets\" data-glide-el=\"controls[nav]\"><button class=\"glide__bullet\" data-glide-dir=\"=0\"><\/button><button class=\"glide__bullet\" data-glide-dir=\"=1\"><\/button><\/div><\/div><\/div>\n","protected":false},"excerpt":{"rendered":"<p>\u00a1Hola amigos! (: Meine erste Klassenfahrt als Referendarin liegt hinter mir. Es war eine unglaublich aufregende Zeit, mit sehr vielen Erlebnissen &#8211; sowohl was die Klassenf\u00fchrung auf einer Klassenfahrt anbelangt, als auch private Erkundungen und Entdeckungen in M\u00e1laga. Meine Ausbildungslehrerin ist die Beste, die ich mir vorstellen kann und von ihr konnte ich sehr viel [&hellip;]<\/p>\n","protected":false},"author":3,"featured_media":7418,"comment_status":"open","ping_status":"open","sticky":false,"template":"","format":"standard","meta":{"_themeisle_gutenberg_block_has_review":false,"footnotes":""},"categories":[246,8,4],"tags":[440,142,441,143],"class_list":["post-966","post","type-post","status-publish","format-standard","has-post-thumbnail","hentry","category-spanien","category-europa","category-laender","tag-klassenfahrt","tag-malaga","tag-schule","tag-spanien"],"_links":{"self":[{"href":"https:\/\/familie-weitgereist.de\/index.php?rest_route=\/wp\/v2\/posts\/966","targetHints":{"allow":["GET"]}}],"collection":[{"href":"https:\/\/familie-weitgereist.de\/index.php?rest_route=\/wp\/v2\/posts"}],"about":[{"href":"https:\/\/familie-weitgereist.de\/index.php?rest_route=\/wp\/v2\/types\/post"}],"author":[{"embeddable":true,"href":"https:\/\/familie-weitgereist.de\/index.php?rest_route=\/wp\/v2\/users\/3"}],"replies":[{"embeddable":true,"href":"https:\/\/familie-weitgereist.de\/index.php?rest_route=%2Fwp%2Fv2%2Fcomments&post=966"}],"version-history":[{"count":9,"href":"https:\/\/familie-weitgereist.de\/index.php?rest_route=\/wp\/v2\/posts\/966\/revisions"}],"predecessor-version":[{"id":9993,"href":"https:\/\/familie-weitgereist.de\/index.php?rest_route=\/wp\/v2\/posts\/966\/revisions\/9993"}],"wp:featuredmedia":[{"embeddable":true,"href":"https:\/\/familie-weitgereist.de\/index.php?rest_route=\/wp\/v2\/media\/7418"}],"wp:attachment":[{"href":"https:\/\/familie-weitgereist.de\/index.php?rest_route=%2Fwp%2Fv2%2Fmedia&parent=966"}],"wp:term":[{"taxonomy":"category","embeddable":true,"href":"https:\/\/familie-weitgereist.de\/index.php?rest_route=%2Fwp%2Fv2%2Fcategories&post=966"},{"taxonomy":"post_tag","embeddable":true,"href":"https:\/\/familie-weitgereist.de\/index.php?rest_route=%2Fwp%2Fv2%2Ftags&post=966"}],"curies":[{"name":"wp","href":"https:\/\/api.w.org\/{rel}","templated":true}]}}