{"id":965,"date":"2018-01-06T13:49:00","date_gmt":"2018-01-06T12:49:00","guid":{"rendered":"http:\/\/wordpress\/?p=965"},"modified":"2025-11-07T20:03:27","modified_gmt":"2025-11-07T19:03:27","slug":"rueckblick-2017-und-vorsaetze-2018","status":"publish","type":"post","link":"https:\/\/familie-weitgereist.de\/?p=965","title":{"rendered":"Unser Reiser\u00fcckblick f\u00fcr 2017"},"content":{"rendered":"\n<p>In diesem Blogpost m\u00f6chte ich noch einmal auf mein\/unser Reisejahr 2017 zur\u00fcckblicken und meine Vors\u00e4tze f\u00fcr 2018 beschreiben. 2017 war f\u00fcr uns ein ganz gutes Reisejahr. Mittlerweile bin ich bei 40 besuchten L\u00e4ndern und 15 US-Bundesstaaten. Gegen\u00fcber 2016 ist also nur ein neues Land hinzugekommen.<br>Das hei\u00dft jedoch nicht, dass wir kaum gereist sind. Wir haben viele Orte und L\u00e4nder erkundet, wo ich schon einmal gewesen bin.<\/p>\n\n\n\n<p>Neu hinzugekommen ist 2017: <strong><a href=\"https:\/\/familie-weitgereist.de\/?p=968\">ISLAND<\/a><\/strong>! \ud83c\udfd4\ud83c\udf0b\ud83d\uddfb\ud83c\udfde \u00a0<\/p>\n\n\n\n<p>Begonnen hat das neue Jahr mit einem Silvestertrip nach <strong><a href=\"https:\/\/familie-weitgereist.de\/?p=973\">Danzig, Polen<\/a><\/strong>. Die Stadt war wundersch\u00f6n und wir hatten richtig tolle Momente dort.<\/p>\n\n\n\n<figure class=\"wp-block-image size-large\"><img loading=\"lazy\" decoding=\"async\" width=\"1024\" height=\"575\" src=\"https:\/\/familie-weitgereist.de\/wp-content\/uploads\/2021\/09\/IMG_20161231_134853-1024x575.jpg\" alt=\"\" class=\"wp-image-6651\" srcset=\"https:\/\/familie-weitgereist.de\/wp-content\/uploads\/2021\/09\/IMG_20161231_134853-1024x575.jpg 1024w, https:\/\/familie-weitgereist.de\/wp-content\/uploads\/2021\/09\/IMG_20161231_134853-300x168.jpg 300w, https:\/\/familie-weitgereist.de\/wp-content\/uploads\/2021\/09\/IMG_20161231_134853-768x431.jpg 768w, https:\/\/familie-weitgereist.de\/wp-content\/uploads\/2021\/09\/IMG_20161231_134853-1536x863.jpg 1536w, https:\/\/familie-weitgereist.de\/wp-content\/uploads\/2021\/09\/IMG_20161231_134853-2048x1150.jpg 2048w, https:\/\/familie-weitgereist.de\/wp-content\/uploads\/2021\/09\/IMG_20161231_134853-1200x674.jpg 1200w, https:\/\/familie-weitgereist.de\/wp-content\/uploads\/2021\/09\/IMG_20161231_134853-1980x1112.jpg 1980w, https:\/\/familie-weitgereist.de\/wp-content\/uploads\/2021\/09\/IMG_20161231_134853-150x84.jpg 150w\" sizes=\"auto, (max-width: 1024px) 100vw, 1024px\" \/><\/figure>\n\n\n\n<p>In den Osterferien bin ich mit meiner Mutti nach <strong><a href=\"https:\/\/familie-weitgereist.de\/?p=972\">Sch\u00f6nau am K\u00f6nigssee<\/a><\/strong> gefahren und wir haben dort viele Wanderungen unternommen. Deutschland hat wunderbare Ecken und wir konnten sogar noch durch den Schnee stapfen ab 1000H\u00f6henmetern. Total cool!! \ud83c\udfd4<\/p>\n\n\n\n<figure class=\"wp-block-image size-large\"><img loading=\"lazy\" decoding=\"async\" width=\"1024\" height=\"768\" src=\"https:\/\/familie-weitgereist.de\/wp-content\/uploads\/2021\/09\/DSCN6224-1024x768.jpg\" alt=\"\" class=\"wp-image-6654\" srcset=\"https:\/\/familie-weitgereist.de\/wp-content\/uploads\/2021\/09\/DSCN6224-1024x768.jpg 1024w, https:\/\/familie-weitgereist.de\/wp-content\/uploads\/2021\/09\/DSCN6224-300x225.jpg 300w, https:\/\/familie-weitgereist.de\/wp-content\/uploads\/2021\/09\/DSCN6224-768x576.jpg 768w, https:\/\/familie-weitgereist.de\/wp-content\/uploads\/2021\/09\/DSCN6224-1536x1152.jpg 1536w, https:\/\/familie-weitgereist.de\/wp-content\/uploads\/2021\/09\/DSCN6224-2048x1536.jpg 2048w, https:\/\/familie-weitgereist.de\/wp-content\/uploads\/2021\/09\/DSCN6224-1200x900.jpg 1200w, https:\/\/familie-weitgereist.de\/wp-content\/uploads\/2021\/09\/DSCN6224-1980x1485.jpg 1980w, https:\/\/familie-weitgereist.de\/wp-content\/uploads\/2021\/09\/DSCN6224-150x113.jpg 150w\" sizes=\"auto, (max-width: 1024px) 100vw, 1024px\" \/><figcaption class=\"wp-element-caption\">Blick auf Salzburg<\/figcaption><\/figure>\n\n\n\n<p>An Pfingsten fuhren Philipp und ich nach <strong><a href=\"https:\/\/familie-weitgereist.de\/?p=971\">Thale im Harz<\/a><\/strong> und besuchten unter anderem auch <strong>Quedlinburg<\/strong>. Eine wundersch\u00f6ne mittelalterliche Stadt!\u00a0<\/p>\n\n\n\n<figure class=\"wp-block-image size-large\"><img loading=\"lazy\" decoding=\"async\" width=\"1024\" height=\"575\" src=\"https:\/\/familie-weitgereist.de\/wp-content\/uploads\/2021\/09\/IMG_20170528_114349-1024x575.jpg\" alt=\"\" class=\"wp-image-6657\" srcset=\"https:\/\/familie-weitgereist.de\/wp-content\/uploads\/2021\/09\/IMG_20170528_114349-1024x575.jpg 1024w, https:\/\/familie-weitgereist.de\/wp-content\/uploads\/2021\/09\/IMG_20170528_114349-300x168.jpg 300w, https:\/\/familie-weitgereist.de\/wp-content\/uploads\/2021\/09\/IMG_20170528_114349-768x431.jpg 768w, https:\/\/familie-weitgereist.de\/wp-content\/uploads\/2021\/09\/IMG_20170528_114349-1536x863.jpg 1536w, https:\/\/familie-weitgereist.de\/wp-content\/uploads\/2021\/09\/IMG_20170528_114349-2048x1150.jpg 2048w, https:\/\/familie-weitgereist.de\/wp-content\/uploads\/2021\/09\/IMG_20170528_114349-1200x674.jpg 1200w, https:\/\/familie-weitgereist.de\/wp-content\/uploads\/2021\/09\/IMG_20170528_114349-1980x1112.jpg 1980w, https:\/\/familie-weitgereist.de\/wp-content\/uploads\/2021\/09\/IMG_20170528_114349-150x84.jpg 150w\" sizes=\"auto, (max-width: 1024px) 100vw, 1024px\" \/><\/figure>\n\n\n\n<p>Danach musste ich bis zu den Sommerferien warten, um wieder ein neues Abenteuer zu erleben und es ging mit meinem Mann f\u00fcr 4 Wochen nach <strong><a href=\"https:\/\/familie-weitgereist.de\/?p=968\">Island<\/a><\/strong>. Unglaublich toll!<br>Wir wanderten auf dem <a href=\"https:\/\/familie-weitgereist.de\/?p=969\"><strong>Laugavegur<\/strong> <strong>und<\/strong> <strong>dem Fimmv\u00f6rduhals<\/strong><\/a>, besichtigten <strong><a href=\"https:\/\/familie-weitgereist.de\/?p=970\">Reykjav\u00edk<\/a><\/strong> und fuhren anschlie\u00dfend noch zwei Wochen mit einem Mietauto quer \u00fcber die ganze Insel.<br>Island war wunderbar!!<\/p>\n\n\n\n<figure class=\"wp-block-image size-large\"><img loading=\"lazy\" decoding=\"async\" width=\"1024\" height=\"768\" src=\"https:\/\/familie-weitgereist.de\/wp-content\/uploads\/2021\/09\/DSCN8580-1024x768.jpg\" alt=\"\" class=\"wp-image-6660\" srcset=\"https:\/\/familie-weitgereist.de\/wp-content\/uploads\/2021\/09\/DSCN8580-1024x768.jpg 1024w, https:\/\/familie-weitgereist.de\/wp-content\/uploads\/2021\/09\/DSCN8580-300x225.jpg 300w, https:\/\/familie-weitgereist.de\/wp-content\/uploads\/2021\/09\/DSCN8580-768x576.jpg 768w, https:\/\/familie-weitgereist.de\/wp-content\/uploads\/2021\/09\/DSCN8580-1536x1152.jpg 1536w, https:\/\/familie-weitgereist.de\/wp-content\/uploads\/2021\/09\/DSCN8580-2048x1536.jpg 2048w, https:\/\/familie-weitgereist.de\/wp-content\/uploads\/2021\/09\/DSCN8580-1200x900.jpg 1200w, https:\/\/familie-weitgereist.de\/wp-content\/uploads\/2021\/09\/DSCN8580-1980x1485.jpg 1980w, https:\/\/familie-weitgereist.de\/wp-content\/uploads\/2021\/09\/DSCN8580-150x113.jpg 150w\" sizes=\"auto, (max-width: 1024px) 100vw, 1024px\" \/><\/figure>\n\n\n\n<p>Der Jahresabschluss bildete schon im September 2017 meine <strong><a href=\"https:\/\/familie-weitgereist.de\/?p=966\">Klassenreise nach M\u00e1laga<\/a><\/strong>. Mit einer weiteren Spanischlehrerin begleiteten wir 20 Jugendliche nach M\u00e1laga, Spanien und konnten auch etwas Zeit am Strand verbringen und die Sehensw\u00fcrdigkeiten der Stadt besichtigen. Eine Klassenfahrt ist selbstverst\u00e4ndlich keine Urlaubsreise und so war diese Woche ganz sch\u00f6n anstrengend, aber gelohnt hat es sich nat\u00fcrlich trotzdem. \ud83d\udee9<\/p>\n\n\n\n<figure class=\"wp-block-image size-large\"><img loading=\"lazy\" decoding=\"async\" width=\"1024\" height=\"575\" src=\"https:\/\/familie-weitgereist.de\/wp-content\/uploads\/2021\/09\/IMG_20170919_104103-1024x575.jpg\" alt=\"\" class=\"wp-image-6662\" srcset=\"https:\/\/familie-weitgereist.de\/wp-content\/uploads\/2021\/09\/IMG_20170919_104103-1024x575.jpg 1024w, https:\/\/familie-weitgereist.de\/wp-content\/uploads\/2021\/09\/IMG_20170919_104103-300x168.jpg 300w, https:\/\/familie-weitgereist.de\/wp-content\/uploads\/2021\/09\/IMG_20170919_104103-768x431.jpg 768w, https:\/\/familie-weitgereist.de\/wp-content\/uploads\/2021\/09\/IMG_20170919_104103-1536x863.jpg 1536w, https:\/\/familie-weitgereist.de\/wp-content\/uploads\/2021\/09\/IMG_20170919_104103-2048x1150.jpg 2048w, https:\/\/familie-weitgereist.de\/wp-content\/uploads\/2021\/09\/IMG_20170919_104103-1200x674.jpg 1200w, https:\/\/familie-weitgereist.de\/wp-content\/uploads\/2021\/09\/IMG_20170919_104103-1980x1112.jpg 1980w, https:\/\/familie-weitgereist.de\/wp-content\/uploads\/2021\/09\/IMG_20170919_104103-150x84.jpg 150w\" sizes=\"auto, (max-width: 1024px) 100vw, 1024px\" \/><\/figure>\n\n\n\n<p>Ein weiteres gro\u00dfes Abenteuer steht uns nun bevor, die Geburt unseres Babys. \ud83d\udc76\ud83d\udc68\u200d\ud83d\udc68\u200d\ud83d\udc67\ud83d\udc63<br>Wir freuen uns schon sehr, unserem Baby die wundersch\u00f6ne Welt zeigen zu k\u00f6nnen und bald zu Dritt auf Reisen zu gehen.<\/p>\n\n\n\n<figure class=\"wp-block-image size-large\"><img loading=\"lazy\" decoding=\"async\" width=\"1024\" height=\"768\" src=\"https:\/\/familie-weitgereist.de\/wp-content\/uploads\/2021\/09\/DSCN9694-1024x768.jpg\" alt=\"\" class=\"wp-image-6663\" srcset=\"https:\/\/familie-weitgereist.de\/wp-content\/uploads\/2021\/09\/DSCN9694-1024x768.jpg 1024w, https:\/\/familie-weitgereist.de\/wp-content\/uploads\/2021\/09\/DSCN9694-300x225.jpg 300w, https:\/\/familie-weitgereist.de\/wp-content\/uploads\/2021\/09\/DSCN9694-768x576.jpg 768w, https:\/\/familie-weitgereist.de\/wp-content\/uploads\/2021\/09\/DSCN9694-1536x1152.jpg 1536w, https:\/\/familie-weitgereist.de\/wp-content\/uploads\/2021\/09\/DSCN9694-2048x1536.jpg 2048w, https:\/\/familie-weitgereist.de\/wp-content\/uploads\/2021\/09\/DSCN9694-1200x900.jpg 1200w, https:\/\/familie-weitgereist.de\/wp-content\/uploads\/2021\/09\/DSCN9694-1980x1485.jpg 1980w, https:\/\/familie-weitgereist.de\/wp-content\/uploads\/2021\/09\/DSCN9694-150x113.jpg 150w\" sizes=\"auto, (max-width: 1024px) 100vw, 1024px\" \/><\/figure>\n\n\n\n<p>F\u00fcr 2018 m\u00f6chten wir weiterhin reisen, reisen, reisen und ich hoffe, dass wir ein paar mehr L\u00e4nder auf unsere Liste bekommen. Schlie\u00dflich haben wir noch nicht einmal jedes Land in Europa entdeckt. Wir sind gespannt, was dieses Jahr f\u00fcr uns bereit halten wird. \ud83d\udc9b \u00a0<\/p>\n\n\n\n<p>Ein wunderbares 2018 f\u00fcr euch alle!! \ud83d\udc9a<\/p>\n","protected":false},"excerpt":{"rendered":"<p>In diesem Blogpost m\u00f6chte ich noch einmal auf mein\/unser Reisejahr 2017 zur\u00fcckblicken und meine Vors\u00e4tze f\u00fcr 2018 beschreiben. 2017 war f\u00fcr uns ein ganz gutes Reisejahr. Mittlerweile bin ich bei 40 besuchten L\u00e4ndern und 15 US-Bundesstaaten. Gegen\u00fcber 2016 ist also nur ein neues Land hinzugekommen.Das hei\u00dft jedoch nicht, dass wir kaum gereist sind. Wir haben [&hellip;]<\/p>\n","protected":false},"author":3,"featured_media":6660,"comment_status":"open","ping_status":"open","sticky":false,"template":"","format":"standard","meta":{"_themeisle_gutenberg_block_has_review":false,"footnotes":""},"categories":[8,1751,242,253,4,658,1763,246],"tags":[329,402,138,325,139,140,141,142,328,444,143,144],"class_list":["post-965","post","type-post","status-publish","format-standard","has-post-thumbnail","hentry","category-europa","category-bayern","category-deutschland","category-island","category-laender","category-polen","category-sachsen-anhalt","category-spanien","tag-329","tag-bayern","tag-danzig","tag-deutschland","tag-harz","tag-island","tag-koenigsee","tag-malaga","tag-rueckblick","tag-sachsen-anhalt","tag-spanien","tag-thale"],"_links":{"self":[{"href":"https:\/\/familie-weitgereist.de\/index.php?rest_route=\/wp\/v2\/posts\/965","targetHints":{"allow":["GET"]}}],"collection":[{"href":"https:\/\/familie-weitgereist.de\/index.php?rest_route=\/wp\/v2\/posts"}],"about":[{"href":"https:\/\/familie-weitgereist.de\/index.php?rest_route=\/wp\/v2\/types\/post"}],"author":[{"embeddable":true,"href":"https:\/\/familie-weitgereist.de\/index.php?rest_route=\/wp\/v2\/users\/3"}],"replies":[{"embeddable":true,"href":"https:\/\/familie-weitgereist.de\/index.php?rest_route=%2Fwp%2Fv2%2Fcomments&post=965"}],"version-history":[{"count":21,"href":"https:\/\/familie-weitgereist.de\/index.php?rest_route=\/wp\/v2\/posts\/965\/revisions"}],"predecessor-version":[{"id":12002,"href":"https:\/\/familie-weitgereist.de\/index.php?rest_route=\/wp\/v2\/posts\/965\/revisions\/12002"}],"wp:featuredmedia":[{"embeddable":true,"href":"https:\/\/familie-weitgereist.de\/index.php?rest_route=\/wp\/v2\/media\/6660"}],"wp:attachment":[{"href":"https:\/\/familie-weitgereist.de\/index.php?rest_route=%2Fwp%2Fv2%2Fmedia&parent=965"}],"wp:term":[{"taxonomy":"category","embeddable":true,"href":"https:\/\/familie-weitgereist.de\/index.php?rest_route=%2Fwp%2Fv2%2Fcategories&post=965"},{"taxonomy":"post_tag","embeddable":true,"href":"https:\/\/familie-weitgereist.de\/index.php?rest_route=%2Fwp%2Fv2%2Ftags&post=965"}],"curies":[{"name":"wp","href":"https:\/\/api.w.org\/{rel}","templated":true}]}}