{"id":962,"date":"2018-08-16T06:41:00","date_gmt":"2018-08-16T04:41:00","guid":{"rendered":"http:\/\/wordpress\/?p=962"},"modified":"2025-11-07T19:54:50","modified_gmt":"2025-11-07T18:54:50","slug":"weltreise-mit-baby-unser-start","status":"publish","type":"post","link":"https:\/\/familie-weitgereist.de\/?p=962","title":{"rendered":"Der Beginn unserer Weltreise mit Baby"},"content":{"rendered":"\n<p>Nach einigen stressigen Tagen, die nun zum Gl\u00fcck hinter uns liegen, sitzen wir am Flughafen Berlin-Tegel und warten auf unseren Flug nach K\u00f6ln-Bonn. Anschlie\u00dfend geht es von dort direkt nach Havanna, Kuba. \ud83d\ude04 Hurra! Wir sind schon so gespannt und freuen uns darauf, was uns in den n\u00e4chsten Monaten erwarten wird. \ud83d\uddfa\ufe0f\ud83c\udfdd\ufe0f\ud83c\udfde\ufe0f<\/p>\n\n\n\n<p>Unsere Rucks\u00e4cke sind gepackt und wir haben nicht allzu viel dabei, wobei es wahrscheinlich immer noch weniger sein k\u00f6nnte. Da es jedoch unsere erste Fernreise mit Baby ist, haben wir lieber etwas mehr f\u00fcr Merlin dabei. \ud83d\ude00 Alles passt jedoch in zwei Deuter Rucks\u00e4cke \u00e0 50+10l und einen Deuter Handgep\u00e4ckrucksack \u00e0 30l.<\/p>\n\n\n\n<p>Seid gespannt auf unsere weiteren Abenteuer!<\/p>\n\n\n\n<figure class=\"wp-block-image size-large\"><img loading=\"lazy\" decoding=\"async\" width=\"1024\" height=\"768\" src=\"https:\/\/familie-weitgereist.de\/wp-content\/uploads\/2021\/09\/IMG_20180828_111453-1024x768.jpg\" alt=\"\" class=\"wp-image-6613\" srcset=\"https:\/\/familie-weitgereist.de\/wp-content\/uploads\/2021\/09\/IMG_20180828_111453-1024x768.jpg 1024w, https:\/\/familie-weitgereist.de\/wp-content\/uploads\/2021\/09\/IMG_20180828_111453-300x225.jpg 300w, https:\/\/familie-weitgereist.de\/wp-content\/uploads\/2021\/09\/IMG_20180828_111453-768x576.jpg 768w, https:\/\/familie-weitgereist.de\/wp-content\/uploads\/2021\/09\/IMG_20180828_111453-1536x1152.jpg 1536w, https:\/\/familie-weitgereist.de\/wp-content\/uploads\/2021\/09\/IMG_20180828_111453-2048x1536.jpg 2048w, https:\/\/familie-weitgereist.de\/wp-content\/uploads\/2021\/09\/IMG_20180828_111453-1200x900.jpg 1200w, https:\/\/familie-weitgereist.de\/wp-content\/uploads\/2021\/09\/IMG_20180828_111453-1980x1485.jpg 1980w, https:\/\/familie-weitgereist.de\/wp-content\/uploads\/2021\/09\/IMG_20180828_111453-150x113.jpg 150w\" sizes=\"auto, (max-width: 1024px) 100vw, 1024px\" \/><figcaption>Im Flugzeug nach Kuba<\/figcaption><\/figure>\n","protected":false},"excerpt":{"rendered":"<p>Nach einigen stressigen Tagen, die nun zum Gl\u00fcck hinter uns liegen, sitzen wir am Flughafen Berlin-Tegel und warten auf unseren Flug nach K\u00f6ln-Bonn. Anschlie\u00dfend geht es von dort direkt nach Havanna, Kuba. \ud83d\ude04 Hurra! Wir sind schon so gespannt und freuen uns darauf, was uns in den n\u00e4chsten Monaten erwarten wird. \ud83d\uddfa\ufe0f\ud83c\udfdd\ufe0f\ud83c\udfde\ufe0f Unsere Rucks\u00e4cke sind [&hellip;]<\/p>\n","protected":false},"author":3,"featured_media":6613,"comment_status":"open","ping_status":"open","sticky":false,"template":"","format":"standard","meta":{"_themeisle_gutenberg_block_has_review":false,"footnotes":""},"categories":[147,1752,242,8,235,4],"tags":[1334,325,248,146,1766],"class_list":["post-962","post","type-post","status-publish","format-standard","has-post-thumbnail","hentry","category-zentralamerika","category-berlin","category-deutschland","category-europa","category-kuba","category-laender","tag-berlin","tag-deutschland","tag-kuba","tag-weltreise-mit-baby","tag-zentralamerika"],"_links":{"self":[{"href":"https:\/\/familie-weitgereist.de\/index.php?rest_route=\/wp\/v2\/posts\/962","targetHints":{"allow":["GET"]}}],"collection":[{"href":"https:\/\/familie-weitgereist.de\/index.php?rest_route=\/wp\/v2\/posts"}],"about":[{"href":"https:\/\/familie-weitgereist.de\/index.php?rest_route=\/wp\/v2\/types\/post"}],"author":[{"embeddable":true,"href":"https:\/\/familie-weitgereist.de\/index.php?rest_route=\/wp\/v2\/users\/3"}],"replies":[{"embeddable":true,"href":"https:\/\/familie-weitgereist.de\/index.php?rest_route=%2Fwp%2Fv2%2Fcomments&post=962"}],"version-history":[{"count":5,"href":"https:\/\/familie-weitgereist.de\/index.php?rest_route=\/wp\/v2\/posts\/962\/revisions"}],"predecessor-version":[{"id":6615,"href":"https:\/\/familie-weitgereist.de\/index.php?rest_route=\/wp\/v2\/posts\/962\/revisions\/6615"}],"wp:featuredmedia":[{"embeddable":true,"href":"https:\/\/familie-weitgereist.de\/index.php?rest_route=\/wp\/v2\/media\/6613"}],"wp:attachment":[{"href":"https:\/\/familie-weitgereist.de\/index.php?rest_route=%2Fwp%2Fv2%2Fmedia&parent=962"}],"wp:term":[{"taxonomy":"category","embeddable":true,"href":"https:\/\/familie-weitgereist.de\/index.php?rest_route=%2Fwp%2Fv2%2Fcategories&post=962"},{"taxonomy":"post_tag","embeddable":true,"href":"https:\/\/familie-weitgereist.de\/index.php?rest_route=%2Fwp%2Fv2%2Ftags&post=962"}],"curies":[{"name":"wp","href":"https:\/\/api.w.org\/{rel}","templated":true}]}}