{"id":960,"date":"2018-09-02T03:13:00","date_gmt":"2018-09-02T01:13:00","guid":{"rendered":"http:\/\/wordpress\/?p=960"},"modified":"2022-07-06T18:04:10","modified_gmt":"2022-07-06T16:04:10","slug":"cancun-mexiko-weltreise-mit-baby","status":"publish","type":"post","link":"https:\/\/familie-weitgereist.de\/?p=960","title":{"rendered":"Erkundungen von Canc\u00fan, Mexiko mit Baby"},"content":{"rendered":"\n<p>Nach den letzten beiden ereignisreichen Wochen auf Kuba, sind wir in einer komplett anderen Welt angekommen. Mexiko ist so anders als Kuba. Wir haben das Gef\u00fchl wieder in unserer Realit\u00e4t angekommen zu sein und die &#8222;Zeitreise&#8220; Kuba hinter uns gelassen zu haben. \ud83d\ude00<\/p>\n\n\n\n<p>Der Flug von Havanna nach Canc\u00fan, Mexiko war total entspannt und vor allem schnell. In ungef\u00e4hr einer Stunde waren wir auch schon in Canc\u00fan. Der Blick aus dem Flugzeug war wundersch\u00f6n. Auf dem Foto ist im Vordergrund die Isla Mujeres zu sehen, eine kleine Insel vor dem Festland.<\/p>\n\n\n\n<figure class=\"wp-block-image size-large\"><img loading=\"lazy\" decoding=\"async\" width=\"1024\" height=\"683\" src=\"https:\/\/familie-weitgereist.de\/wp-content\/uploads\/2021\/09\/IMG_2066-1-1024x683.jpg\" alt=\"\" class=\"wp-image-6541\" srcset=\"https:\/\/familie-weitgereist.de\/wp-content\/uploads\/2021\/09\/IMG_2066-1-1024x683.jpg 1024w, https:\/\/familie-weitgereist.de\/wp-content\/uploads\/2021\/09\/IMG_2066-1-300x200.jpg 300w, https:\/\/familie-weitgereist.de\/wp-content\/uploads\/2021\/09\/IMG_2066-1-768x512.jpg 768w, https:\/\/familie-weitgereist.de\/wp-content\/uploads\/2021\/09\/IMG_2066-1-1536x1024.jpg 1536w, https:\/\/familie-weitgereist.de\/wp-content\/uploads\/2021\/09\/IMG_2066-1-2048x1365.jpg 2048w, https:\/\/familie-weitgereist.de\/wp-content\/uploads\/2021\/09\/IMG_2066-1-1200x800.jpg 1200w, https:\/\/familie-weitgereist.de\/wp-content\/uploads\/2021\/09\/IMG_2066-1-1980x1320.jpg 1980w, https:\/\/familie-weitgereist.de\/wp-content\/uploads\/2021\/09\/IMG_2066-1-150x100.jpg 150w\" sizes=\"auto, (max-width: 1024px) 100vw, 1024px\" \/><figcaption>Anreise nach Canc\u00fan in Yucat\u00e1n<\/figcaption><\/figure>\n\n\n\n<p>Die letzten Tage haben wir in Canc\u00fan verbracht. Canc\u00fan an sich, ist nicht besonders sehenswert. Es ist eine moderne Stadt ohne jegliche Altstadtgeb\u00e4ude. Dennoch hat uns Canc\u00fan gut gefallen.<\/p>\n\n\n\n<p>Wir haben die Zeit genutzt, um entspannt durch die Stadt zu schlendern. Regelrecht erschlagen wurden wir \u00fcber das reichhaltige Angebot in den Superm\u00e4rkten. Jeder deutsche Supermarkt w\u00fcrde gegen\u00fcber den mexikanischen erblassen. hihi Hier kann man deutlich den amerikanischen Einfluss sp\u00fcren. Es gibt alles in H\u00fclle und F\u00fclle und in besonders gro\u00dfen Gr\u00f6\u00dfen. 3l Flaschen haben wir \u00f6fters gesehen, als die typischen 1,5l Flaschen &#8230; w\u00e4ren diese nur nicht so unhandlich beim Trinken. hihi<\/p>\n\n\n\n<p>Ebenso ist uns aufgefallen, wie g\u00fcnstig Lebensmittel in Mexiko sind. Als Beispiel, eine 3l Cola Flasche kostet knapp \u00fcber 1\u20ac.<\/p>\n\n\n\n<p>Einen Tag haben wir am Strand verbracht und das war so sch\u00f6n. Wir waren an der &#8222;Playa de las Perlas&#8220; und hatten den ganzen Strandabschnitt fast f\u00fcr uns allein. Es war fast niemand dort. Das war so idyllisch. Dort haben wir herrlich im 35\u00b0C warmen Wasser geplanscht. Merlin hat es sehr gut gefallen. Er hat im Sand gespielt, im Wasser geplanscht und wir hatten einen wundervollen Tag. Beim Blick auf die Palmen und das glasklare Wasser kann man wirklich ins Schw\u00e4rmen geraten.<\/p>\n\n\n\n<figure class=\"wp-block-image\"><a href=\"https:\/\/4.bp.blogspot.com\/-mfrnAYtgZlk\/W4s4fflwR6I\/AAAAAAAAahM\/xE16d3JkNQMJXvsRiNZdYeptQiJHNSI3wCLcBGAs\/s1600\/IMG_20180830_110648.jpg\" target=\"_blank\" rel=\"noopener\"><img decoding=\"async\" src=\"https:\/\/4.bp.blogspot.com\/-mfrnAYtgZlk\/W4s4fflwR6I\/AAAAAAAAahM\/xE16d3JkNQMJXvsRiNZdYeptQiJHNSI3wCLcBGAs\/s640\/IMG_20180830_110648.jpg\" alt=\"\"\/><\/a><figcaption>Strand in Canc\u00fan<\/figcaption><\/figure>\n\n\n\n<p>Nun ging unsere Reise schon weiter und wir sind in Valladolid angekommen, einem kleinen \u00d6rtchen. Aber dazu mehr, im n\u00e4chsten Beitrag.<\/p>\n\n\n\n<figure class=\"wp-block-embed is-type-video is-provider-youtube wp-block-embed-youtube wp-embed-aspect-16-9 wp-has-aspect-ratio\"><div class=\"wp-block-embed__wrapper\">\n<iframe loading=\"lazy\" title=\"MEXIKO, TEIL 1 \/ WELTREISE MIT BABY\" width=\"580\" height=\"326\" src=\"https:\/\/www.youtube.com\/embed\/mQZTd5iPEcg?list=PLyPmH6vvMVZRz1q13QvKsAoXw5C-zJwA_\" frameborder=\"0\" allow=\"accelerometer; autoplay; clipboard-write; encrypted-media; gyroscope; picture-in-picture; web-share\" referrerpolicy=\"strict-origin-when-cross-origin\" allowfullscreen><\/iframe>\n<\/div><\/figure>\n","protected":false},"excerpt":{"rendered":"<p>Nach den letzten beiden ereignisreichen Wochen auf Kuba, sind wir in einer komplett anderen Welt angekommen. Mexiko ist so anders als Kuba. Wir haben das Gef\u00fchl wieder in unserer Realit\u00e4t angekommen zu sein und die &#8222;Zeitreise&#8220; Kuba hinter uns gelassen zu haben. \ud83d\ude00 Der Flug von Havanna nach Canc\u00fan, Mexiko war total entspannt und vor [&hellip;]<\/p>\n","protected":false},"author":3,"featured_media":0,"comment_status":"open","ping_status":"open","sticky":false,"template":"","format":"standard","meta":{"_themeisle_gutenberg_block_has_review":false,"footnotes":""},"categories":[4,234,6],"tags":[252,228,146],"class_list":["post-960","post","type-post","status-publish","format-standard","hentry","category-laender","category-mexiko","category-nordamerika","tag-cancun","tag-mexiko","tag-weltreise-mit-baby"],"_links":{"self":[{"href":"https:\/\/familie-weitgereist.de\/index.php?rest_route=\/wp\/v2\/posts\/960","targetHints":{"allow":["GET"]}}],"collection":[{"href":"https:\/\/familie-weitgereist.de\/index.php?rest_route=\/wp\/v2\/posts"}],"about":[{"href":"https:\/\/familie-weitgereist.de\/index.php?rest_route=\/wp\/v2\/types\/post"}],"author":[{"embeddable":true,"href":"https:\/\/familie-weitgereist.de\/index.php?rest_route=\/wp\/v2\/users\/3"}],"replies":[{"embeddable":true,"href":"https:\/\/familie-weitgereist.de\/index.php?rest_route=%2Fwp%2Fv2%2Fcomments&post=960"}],"version-history":[{"count":7,"href":"https:\/\/familie-weitgereist.de\/index.php?rest_route=\/wp\/v2\/posts\/960\/revisions"}],"predecessor-version":[{"id":10044,"href":"https:\/\/familie-weitgereist.de\/index.php?rest_route=\/wp\/v2\/posts\/960\/revisions\/10044"}],"wp:attachment":[{"href":"https:\/\/familie-weitgereist.de\/index.php?rest_route=%2Fwp%2Fv2%2Fmedia&parent=960"}],"wp:term":[{"taxonomy":"category","embeddable":true,"href":"https:\/\/familie-weitgereist.de\/index.php?rest_route=%2Fwp%2Fv2%2Fcategories&post=960"},{"taxonomy":"post_tag","embeddable":true,"href":"https:\/\/familie-weitgereist.de\/index.php?rest_route=%2Fwp%2Fv2%2Ftags&post=960"}],"curies":[{"name":"wp","href":"https:\/\/api.w.org\/{rel}","templated":true}]}}