{"id":959,"date":"2018-09-05T03:01:00","date_gmt":"2018-09-05T01:01:00","guid":{"rendered":"http:\/\/wordpress\/?p=959"},"modified":"2022-07-06T18:03:52","modified_gmt":"2022-07-06T16:03:52","slug":"chichen-itza-und-valladolid-mexiko-weltreise-mit-baby","status":"publish","type":"post","link":"https:\/\/familie-weitgereist.de\/?p=959","title":{"rendered":"Unser Ausflug nach Chich\u00e9n Itz\u00e1 und Valladolid, Mexiko mit Baby"},"content":{"rendered":"\n<p>Wir waren doch wirklich in Chich\u00e9n Itz\u00e1 \u2026 Es war so ein toller Tag und die Maya Ruinen zu sehen und zu bestaunen war wieder einmal sehr abenteuerlich.<\/p>\n\n\n\n<figure class=\"wp-block-image size-large\"><img loading=\"lazy\" decoding=\"async\" width=\"1024\" height=\"683\" src=\"https:\/\/familie-weitgereist.de\/wp-content\/uploads\/2021\/09\/IMG_2193-1024x683.jpg\" alt=\"\" class=\"wp-image-6512\" srcset=\"https:\/\/familie-weitgereist.de\/wp-content\/uploads\/2021\/09\/IMG_2193-1024x683.jpg 1024w, https:\/\/familie-weitgereist.de\/wp-content\/uploads\/2021\/09\/IMG_2193-300x200.jpg 300w, https:\/\/familie-weitgereist.de\/wp-content\/uploads\/2021\/09\/IMG_2193-768x512.jpg 768w, https:\/\/familie-weitgereist.de\/wp-content\/uploads\/2021\/09\/IMG_2193-1536x1024.jpg 1536w, https:\/\/familie-weitgereist.de\/wp-content\/uploads\/2021\/09\/IMG_2193-2048x1365.jpg 2048w, https:\/\/familie-weitgereist.de\/wp-content\/uploads\/2021\/09\/IMG_2193-1200x800.jpg 1200w, https:\/\/familie-weitgereist.de\/wp-content\/uploads\/2021\/09\/IMG_2193-1980x1320.jpg 1980w, https:\/\/familie-weitgereist.de\/wp-content\/uploads\/2021\/09\/IMG_2193-150x100.jpg 150w\" sizes=\"auto, (max-width: 1024px) 100vw, 1024px\" \/><\/figure>\n\n\n\n<p>Wir k\u00f6nnen uns mit unserem Merlin so gl\u00fccklich sch\u00e4tzen. Er ist das beste, liebste und s\u00fc\u00dfeste Baby der Welt. \ud83d\ude42 Merlin ist so ein unkompliziertes Baby, er hat an allem Spa\u00df, macht alles mit und genie\u00dft es die Welt zu entdecken.<\/p>\n\n\n\n<p>Ich bin immer wieder begeistert, wie offen, neugierig und begeistert unsere kleine Maus ist. (:<\/p>\n\n\n\n<p>Die letzten Tage waren wir in Valladolid, einem kleinen St\u00e4dtchen in Yucat\u00e1n. Hier gef\u00e4llt es uns sehr gut. Es ist ruhig und entspannt. Zudem sind wir nur ganz wenigen Touristen begegnet.<\/p>\n\n\n\n<figure class=\"wp-block-image size-large\"><img loading=\"lazy\" decoding=\"async\" width=\"1024\" height=\"683\" src=\"https:\/\/familie-weitgereist.de\/wp-content\/uploads\/2021\/09\/IMG_2371-1024x683.jpg\" alt=\"\" class=\"wp-image-6519\" srcset=\"https:\/\/familie-weitgereist.de\/wp-content\/uploads\/2021\/09\/IMG_2371-1024x683.jpg 1024w, https:\/\/familie-weitgereist.de\/wp-content\/uploads\/2021\/09\/IMG_2371-300x200.jpg 300w, https:\/\/familie-weitgereist.de\/wp-content\/uploads\/2021\/09\/IMG_2371-768x512.jpg 768w, https:\/\/familie-weitgereist.de\/wp-content\/uploads\/2021\/09\/IMG_2371-1536x1024.jpg 1536w, https:\/\/familie-weitgereist.de\/wp-content\/uploads\/2021\/09\/IMG_2371-2048x1365.jpg 2048w, https:\/\/familie-weitgereist.de\/wp-content\/uploads\/2021\/09\/IMG_2371-1200x800.jpg 1200w, https:\/\/familie-weitgereist.de\/wp-content\/uploads\/2021\/09\/IMG_2371-1980x1320.jpg 1980w, https:\/\/familie-weitgereist.de\/wp-content\/uploads\/2021\/09\/IMG_2371-150x100.jpg 150w\" sizes=\"auto, (max-width: 1024px) 100vw, 1024px\" \/><\/figure>\n\n\n\n<p>Valladolid hat zwei sehr sch\u00f6ne Sehensw\u00fcrdigkeiten zu bieten. Zum einen ist es die &#8222;Parroquia de San Bernardino de Siena&#8220; und eine Kirche im Stadtzentrum.<\/p>\n\n\n\n<figure class=\"wp-block-image size-large\"><img loading=\"lazy\" decoding=\"async\" width=\"1024\" height=\"683\" src=\"https:\/\/familie-weitgereist.de\/wp-content\/uploads\/2021\/09\/IMG_2379-1024x683.jpg\" alt=\"\" class=\"wp-image-6522\" srcset=\"https:\/\/familie-weitgereist.de\/wp-content\/uploads\/2021\/09\/IMG_2379-1024x683.jpg 1024w, https:\/\/familie-weitgereist.de\/wp-content\/uploads\/2021\/09\/IMG_2379-300x200.jpg 300w, https:\/\/familie-weitgereist.de\/wp-content\/uploads\/2021\/09\/IMG_2379-768x512.jpg 768w, https:\/\/familie-weitgereist.de\/wp-content\/uploads\/2021\/09\/IMG_2379-1536x1024.jpg 1536w, https:\/\/familie-weitgereist.de\/wp-content\/uploads\/2021\/09\/IMG_2379-2048x1365.jpg 2048w, https:\/\/familie-weitgereist.de\/wp-content\/uploads\/2021\/09\/IMG_2379-1200x800.jpg 1200w, https:\/\/familie-weitgereist.de\/wp-content\/uploads\/2021\/09\/IMG_2379-1980x1320.jpg 1980w, https:\/\/familie-weitgereist.de\/wp-content\/uploads\/2021\/09\/IMG_2379-150x100.jpg 150w\" sizes=\"auto, (max-width: 1024px) 100vw, 1024px\" \/><\/figure>\n\n\n\n<p>Unser wahres Highlight von Valladolid ist allerdings die Cenote Zac\u00ed. Cenoten sind in H\u00f6hlen versteckte L\u00f6cher, die mit S\u00fc\u00dfwasser gef\u00fcllt sind. Diese haben schon die Maya zum Baden genutzt und es wird als heilendes Wasser bezeichnet.<br>Super gut, denn wir waren sehr lang in dieser Cenote baden.<\/p>\n\n\n\n<figure class=\"wp-block-image size-large\"><img loading=\"lazy\" decoding=\"async\" width=\"1024\" height=\"683\" src=\"https:\/\/familie-weitgereist.de\/wp-content\/uploads\/2021\/09\/IMG_2396-1024x683.jpg\" alt=\"\" class=\"wp-image-6525\" srcset=\"https:\/\/familie-weitgereist.de\/wp-content\/uploads\/2021\/09\/IMG_2396-1024x683.jpg 1024w, https:\/\/familie-weitgereist.de\/wp-content\/uploads\/2021\/09\/IMG_2396-300x200.jpg 300w, https:\/\/familie-weitgereist.de\/wp-content\/uploads\/2021\/09\/IMG_2396-768x512.jpg 768w, https:\/\/familie-weitgereist.de\/wp-content\/uploads\/2021\/09\/IMG_2396-1536x1024.jpg 1536w, https:\/\/familie-weitgereist.de\/wp-content\/uploads\/2021\/09\/IMG_2396-2048x1365.jpg 2048w, https:\/\/familie-weitgereist.de\/wp-content\/uploads\/2021\/09\/IMG_2396-1200x800.jpg 1200w, https:\/\/familie-weitgereist.de\/wp-content\/uploads\/2021\/09\/IMG_2396-1980x1320.jpg 1980w, https:\/\/familie-weitgereist.de\/wp-content\/uploads\/2021\/09\/IMG_2396-150x100.jpg 150w\" sizes=\"auto, (max-width: 1024px) 100vw, 1024px\" \/><\/figure>\n\n\n\n<p>Das Wasser sollte unwahrscheinlich kalt sein, wurde uns gesagt. Jedoch auch nur f\u00fcr die Mexikaner, denn selbst Merlin konnte problemlos darin plantschen. Es waren um die 20\u00b0C. Cenoten sind unwahrscheinlich tief, was beim Schwimmen etwas gruselig ist. Wenn man nicht daran denkt, geht es jedoch. hihi<\/p>\n\n\n\n<div id=\"wp-block-themeisle-blocks-slider-b5e41a16\" class=\"wp-block-themeisle-blocks-slider glide\" data-per-view=\"1\" data-gap=\"0\" data-peek=\"0\" data-autoplay=\"true\" data-height=\"400px\" data-hide-arrows=\"false\"><div class=\"glide__track\" data-glide-el=\"track\"><div class=\"glide__slides\"><div class=\"wp-block-themeisle-blocks-slider-item-wrapper glide__slide\" tabindex=\"0\"><figure><img decoding=\"async\" class=\"wp-block-themeisle-blocks-slider-item\" src=\"https:\/\/familie-weitgereist.de\/wp-content\/uploads\/2021\/09\/IMG_2405-scaled.jpg\" alt=\"\" title=\"\" data-id=\"6530\"\/><\/figure><\/div><div class=\"wp-block-themeisle-blocks-slider-item-wrapper glide__slide\" tabindex=\"0\"><figure><img decoding=\"async\" class=\"wp-block-themeisle-blocks-slider-item\" src=\"https:\/\/familie-weitgereist.de\/wp-content\/uploads\/2021\/09\/IMG_2408-scaled.jpg\" alt=\"\" title=\"\" data-id=\"6532\"\/><\/figure><\/div><div class=\"wp-block-themeisle-blocks-slider-item-wrapper glide__slide\" tabindex=\"0\"><figure><img decoding=\"async\" class=\"wp-block-themeisle-blocks-slider-item\" src=\"https:\/\/familie-weitgereist.de\/wp-content\/uploads\/2021\/09\/IMG_2413-scaled.jpg\" alt=\"\" title=\"\" data-id=\"6534\"\/><\/figure><\/div><div class=\"wp-block-themeisle-blocks-slider-item-wrapper glide__slide\" tabindex=\"0\"><figure><img decoding=\"async\" class=\"wp-block-themeisle-blocks-slider-item\" src=\"https:\/\/familie-weitgereist.de\/wp-content\/uploads\/2021\/09\/IMG_2419-scaled.jpg\" alt=\"\" title=\"\" data-id=\"6536\"\/><\/figure><\/div><\/div><div class=\"glide__bullets\" data-glide-el=\"controls[nav]\"><button class=\"glide__bullet\" data-glide-dir=\"=0\"><\/button><button class=\"glide__bullet\" data-glide-dir=\"=1\"><\/button><button class=\"glide__bullet\" data-glide-dir=\"=2\"><\/button><button class=\"glide__bullet\" data-glide-dir=\"=3\"><\/button><\/div><\/div><\/div>\n\n\n\n<p>Diese Cenote hatte mehrere Stellen an denen man ins Wasser springen konnte. Ich bin von einer ca. 10m hohen Stelle zwei Mal rein gesprungen. Das hat super viel Spa\u00df gemacht. (:<\/p>\n\n\n\n<p>Ein weiteres Highlight ist nat\u00fcrlich Chich\u00e9n Itz\u00e1. Daf\u00fcr sind wir urspr\u00fcnglich nach Valladolid gekommen, um die Tourbusse aus Canc\u00fan kommend zu umgehen. Wir sind 7.45 in Valladolid in den Local Bus gestiegen und waren 45 Minuten sp\u00e4ter auch schon dort.<\/p>\n\n\n\n<p>9:00 \u00f6ffnete Chich\u00e9n Itz\u00e1, wir geh\u00f6rte somit zu den ersten Besuchern und konnten tolle Bilder knipsen ohne Menschen. hihi<\/p>\n\n\n\n<p>Chich\u00e9n Itz\u00e1 ist wundervoll. Das Gel\u00e4nde ist nicht sehr gro\u00df. Man kann alles gem\u00fctlich erlaufen und hat nach ca. 2 Stunden alles gesehen. Wir haben es jedoch etwas ruhiger angehen lassen und waren ca. 5 Stunden auf dem Gel\u00e4nde. Nach und nach sind dann auch die Touristen gekommen, wobei dank Nebensaison selbst dies sich noch in Grenzen hielt.<\/p>\n\n\n\n<div id=\"wp-block-themeisle-blocks-slider-595a6e5e\" class=\"wp-block-themeisle-blocks-slider glide\" data-per-view=\"1\" data-gap=\"0\" data-peek=\"0\" data-autoplay=\"true\" data-height=\"400px\" data-hide-arrows=\"false\"><div class=\"glide__track\" data-glide-el=\"track\"><div class=\"glide__slides\"><div class=\"wp-block-themeisle-blocks-slider-item-wrapper glide__slide\" tabindex=\"0\"><figure><img decoding=\"async\" class=\"wp-block-themeisle-blocks-slider-item\" src=\"https:\/\/familie-weitgereist.de\/wp-content\/uploads\/2021\/09\/IMG_2241-scaled.jpg\" alt=\"\" title=\"\" data-id=\"6515\"\/><\/figure><\/div><div class=\"wp-block-themeisle-blocks-slider-item-wrapper glide__slide\" tabindex=\"0\"><figure><img decoding=\"async\" class=\"wp-block-themeisle-blocks-slider-item\" src=\"https:\/\/familie-weitgereist.de\/wp-content\/uploads\/2021\/09\/IMG_2244-scaled.jpg\" alt=\"\" title=\"\" data-id=\"6516\"\/><\/figure><\/div><div class=\"wp-block-themeisle-blocks-slider-item-wrapper glide__slide\" tabindex=\"0\"><figure><img decoding=\"async\" class=\"wp-block-themeisle-blocks-slider-item\" src=\"https:\/\/familie-weitgereist.de\/wp-content\/uploads\/2021\/09\/IMG_2266-scaled.jpg\" alt=\"\" title=\"\" data-id=\"6520\"\/><\/figure><\/div><div class=\"wp-block-themeisle-blocks-slider-item-wrapper glide__slide\" tabindex=\"0\"><figure><img decoding=\"async\" class=\"wp-block-themeisle-blocks-slider-item\" src=\"https:\/\/familie-weitgereist.de\/wp-content\/uploads\/2021\/09\/IMG_2288-scaled.jpg\" alt=\"\" title=\"\" data-id=\"6523\"\/><\/figure><\/div><div class=\"wp-block-themeisle-blocks-slider-item-wrapper glide__slide\" tabindex=\"0\"><figure><img decoding=\"async\" class=\"wp-block-themeisle-blocks-slider-item\" src=\"https:\/\/familie-weitgereist.de\/wp-content\/uploads\/2021\/09\/IMG_2292-scaled.jpg\" alt=\"\" title=\"\" data-id=\"6526\"\/><\/figure><\/div><div class=\"wp-block-themeisle-blocks-slider-item-wrapper glide__slide\" tabindex=\"0\"><figure><img decoding=\"async\" class=\"wp-block-themeisle-blocks-slider-item\" src=\"https:\/\/familie-weitgereist.de\/wp-content\/uploads\/2021\/09\/IMG_2304-scaled.jpg\" alt=\"\" title=\"\" data-id=\"6527\"\/><\/figure><\/div><div class=\"wp-block-themeisle-blocks-slider-item-wrapper glide__slide\" tabindex=\"0\"><figure><img decoding=\"async\" class=\"wp-block-themeisle-blocks-slider-item\" src=\"https:\/\/familie-weitgereist.de\/wp-content\/uploads\/2021\/09\/IMG_2335-scaled.jpg\" alt=\"\" title=\"\" data-id=\"6528\"\/><\/figure><\/div><\/div><div class=\"glide__bullets\" data-glide-el=\"controls[nav]\"><button class=\"glide__bullet\" data-glide-dir=\"=0\"><\/button><button class=\"glide__bullet\" data-glide-dir=\"=1\"><\/button><button class=\"glide__bullet\" data-glide-dir=\"=2\"><\/button><button class=\"glide__bullet\" data-glide-dir=\"=3\"><\/button><button class=\"glide__bullet\" data-glide-dir=\"=4\"><\/button><button class=\"glide__bullet\" data-glide-dir=\"=5\"><\/button><button class=\"glide__bullet\" data-glide-dir=\"=6\"><\/button><\/div><\/div><\/div>\n\n\n\n<p>Jetzt sind wir gespannt auf weitere Abenteuer und freuen uns darauf!<\/p>\n\n\n\n<figure class=\"wp-block-embed is-type-video is-provider-youtube wp-block-embed-youtube wp-embed-aspect-16-9 wp-has-aspect-ratio\"><div class=\"wp-block-embed__wrapper\">\n<iframe loading=\"lazy\" title=\"MEXIKO, TEIL 2 \/ WELTREISE MIT BABY\" width=\"580\" height=\"326\" src=\"https:\/\/www.youtube.com\/embed\/DkuvDzcmvMQ?list=PLyPmH6vvMVZRz1q13QvKsAoXw5C-zJwA_\" frameborder=\"0\" allow=\"accelerometer; autoplay; clipboard-write; encrypted-media; gyroscope; picture-in-picture; web-share\" referrerpolicy=\"strict-origin-when-cross-origin\" allowfullscreen><\/iframe>\n<\/div><\/figure>\n\n\n\n<figure class=\"wp-block-embed is-type-video is-provider-youtube wp-block-embed-youtube wp-embed-aspect-16-9 wp-has-aspect-ratio\"><div class=\"wp-block-embed__wrapper\">\n<iframe loading=\"lazy\" title=\"MEXIKO, FINANZEN, TOPS UND FLOPS \/ WELTREISE MIT BABY\" width=\"580\" height=\"326\" src=\"https:\/\/www.youtube.com\/embed\/1QEzrKLWNHU?list=PLyPmH6vvMVZRz1q13QvKsAoXw5C-zJwA_\" frameborder=\"0\" allow=\"accelerometer; autoplay; clipboard-write; encrypted-media; gyroscope; picture-in-picture; web-share\" referrerpolicy=\"strict-origin-when-cross-origin\" allowfullscreen><\/iframe>\n<\/div><\/figure>\n","protected":false},"excerpt":{"rendered":"<p>Wir waren doch wirklich in Chich\u00e9n Itz\u00e1 \u2026 Es war so ein toller Tag und die Maya Ruinen zu sehen und zu bestaunen war wieder einmal sehr abenteuerlich. Wir k\u00f6nnen uns mit unserem Merlin so gl\u00fccklich sch\u00e4tzen. Er ist das beste, liebste und s\u00fc\u00dfeste Baby der Welt. \ud83d\ude42 Merlin ist so ein unkompliziertes Baby, er [&hellip;]<\/p>\n","protected":false},"author":3,"featured_media":0,"comment_status":"open","ping_status":"open","sticky":false,"template":"","format":"standard","meta":{"_themeisle_gutenberg_block_has_review":false,"footnotes":""},"categories":[4,234,6],"tags":[250,228,251,146],"class_list":["post-959","post","type-post","status-publish","format-standard","hentry","category-laender","category-mexiko","category-nordamerika","tag-chichen-itza","tag-mexiko","tag-valladolid","tag-weltreise-mit-baby"],"_links":{"self":[{"href":"https:\/\/familie-weitgereist.de\/index.php?rest_route=\/wp\/v2\/posts\/959","targetHints":{"allow":["GET"]}}],"collection":[{"href":"https:\/\/familie-weitgereist.de\/index.php?rest_route=\/wp\/v2\/posts"}],"about":[{"href":"https:\/\/familie-weitgereist.de\/index.php?rest_route=\/wp\/v2\/types\/post"}],"author":[{"embeddable":true,"href":"https:\/\/familie-weitgereist.de\/index.php?rest_route=\/wp\/v2\/users\/3"}],"replies":[{"embeddable":true,"href":"https:\/\/familie-weitgereist.de\/index.php?rest_route=%2Fwp%2Fv2%2Fcomments&post=959"}],"version-history":[{"count":17,"href":"https:\/\/familie-weitgereist.de\/index.php?rest_route=\/wp\/v2\/posts\/959\/revisions"}],"predecessor-version":[{"id":10043,"href":"https:\/\/familie-weitgereist.de\/index.php?rest_route=\/wp\/v2\/posts\/959\/revisions\/10043"}],"wp:attachment":[{"href":"https:\/\/familie-weitgereist.de\/index.php?rest_route=%2Fwp%2Fv2%2Fmedia&parent=959"}],"wp:term":[{"taxonomy":"category","embeddable":true,"href":"https:\/\/familie-weitgereist.de\/index.php?rest_route=%2Fwp%2Fv2%2Fcategories&post=959"},{"taxonomy":"post_tag","embeddable":true,"href":"https:\/\/familie-weitgereist.de\/index.php?rest_route=%2Fwp%2Fv2%2Ftags&post=959"}],"curies":[{"name":"wp","href":"https:\/\/api.w.org\/{rel}","templated":true}]}}