{"id":957,"date":"2018-09-14T04:17:00","date_gmt":"2018-09-14T02:17:00","guid":{"rendered":"http:\/\/wordpress\/?p=957"},"modified":"2025-11-07T19:52:55","modified_gmt":"2025-11-07T18:52:55","slug":"tulum-mexiko-weltreise-mit-baby","status":"publish","type":"post","link":"https:\/\/familie-weitgereist.de\/?p=957","title":{"rendered":"Unser Ausflug nach Tulum, Mexiko mit Baby"},"content":{"rendered":"\n<p>Wir sind weiter gereist und hatten wieder einmal wundersch\u00f6ne Tage in Mexiko. <\/p>\n\n\n\n<p>Wir haben die letzten Tage in Tulum verbracht. Diese kleine Stadt scheint eine ziemliche Backpacker Hochburg zu sein, haben wir doch einige, vor allem, deutsche Touristen getroffen. Aber die Deutschen treffen wir ja immer \u00fcberall. hihi<\/p>\n\n\n\n<figure class=\"wp-block-image size-large\"><img loading=\"lazy\" decoding=\"async\" width=\"1024\" height=\"683\" src=\"https:\/\/familie-weitgereist.de\/wp-content\/uploads\/2021\/09\/IMG_2508-1024x683.jpg\" alt=\"\" class=\"wp-image-6476\" srcset=\"https:\/\/familie-weitgereist.de\/wp-content\/uploads\/2021\/09\/IMG_2508-1024x683.jpg 1024w, https:\/\/familie-weitgereist.de\/wp-content\/uploads\/2021\/09\/IMG_2508-300x200.jpg 300w, https:\/\/familie-weitgereist.de\/wp-content\/uploads\/2021\/09\/IMG_2508-768x512.jpg 768w, https:\/\/familie-weitgereist.de\/wp-content\/uploads\/2021\/09\/IMG_2508-1536x1024.jpg 1536w, https:\/\/familie-weitgereist.de\/wp-content\/uploads\/2021\/09\/IMG_2508-2048x1365.jpg 2048w, https:\/\/familie-weitgereist.de\/wp-content\/uploads\/2021\/09\/IMG_2508-1200x800.jpg 1200w, https:\/\/familie-weitgereist.de\/wp-content\/uploads\/2021\/09\/IMG_2508-1980x1320.jpg 1980w, https:\/\/familie-weitgereist.de\/wp-content\/uploads\/2021\/09\/IMG_2508-150x100.jpg 150w\" sizes=\"auto, (max-width: 1024px) 100vw, 1024px\" \/><\/figure>\n\n\n\n<p>Das kleine St\u00e4dtchen Tulum hat an sich gar nicht so viel zu bieten. Weswegen haben wir dann f\u00fcnf N\u00e4chte hier verbracht?! Rund um Tulum gibt es unendlich viel zu besuchen und wir waren von der F\u00fclle der Dinge so geflasht, dass wir anschlie\u00dfend uns erst einmal ein paar Tage Ruhe g\u00f6nnen mussten. hihi<\/p>\n\n\n\n<p>Theoretisch h\u00e4tten wir noch viel l\u00e4nger in Tulum bleiben k\u00f6nnen &#8230; aber uns zieht es ja dann doch immer weiter, auf der Suche nach neuen Abenteuern. (:<\/p>\n\n\n\n<figure class=\"wp-block-image size-large\"><img loading=\"lazy\" decoding=\"async\" width=\"1024\" height=\"683\" src=\"https:\/\/familie-weitgereist.de\/wp-content\/uploads\/2021\/09\/IMG_2834-1024x683.jpg\" alt=\"\" class=\"wp-image-6501\" srcset=\"https:\/\/familie-weitgereist.de\/wp-content\/uploads\/2021\/09\/IMG_2834-1024x683.jpg 1024w, https:\/\/familie-weitgereist.de\/wp-content\/uploads\/2021\/09\/IMG_2834-300x200.jpg 300w, https:\/\/familie-weitgereist.de\/wp-content\/uploads\/2021\/09\/IMG_2834-768x512.jpg 768w, https:\/\/familie-weitgereist.de\/wp-content\/uploads\/2021\/09\/IMG_2834-1536x1024.jpg 1536w, https:\/\/familie-weitgereist.de\/wp-content\/uploads\/2021\/09\/IMG_2834-2048x1365.jpg 2048w, https:\/\/familie-weitgereist.de\/wp-content\/uploads\/2021\/09\/IMG_2834-1200x800.jpg 1200w, https:\/\/familie-weitgereist.de\/wp-content\/uploads\/2021\/09\/IMG_2834-1980x1320.jpg 1980w, https:\/\/familie-weitgereist.de\/wp-content\/uploads\/2021\/09\/IMG_2834-150x100.jpg 150w\" sizes=\"auto, (max-width: 1024px) 100vw, 1024px\" \/><\/figure>\n\n\n\n<p>Wir haben insgesamt in vier Cenoten gebadet. An unserem ersten Tag liefen wir zu den Cenoten Escondido und Cristal. Viele sagen zwar, dass man sich am besten ein Bike mietet, aber erlaufen geht letztendlich auch. Wir laufen ja gern und f\u00fcnf Kilometer sind f\u00fcr uns nicht besonders viel. Somit liefen wir zu den beiden Cenoten, erlebten ein paar wundersch\u00f6ne erholsame Stunden und liefen wieder zur\u00fcck. Merlin gef\u00e4llt es immer sehr gut, nach ereignisreichem Wasserspa\u00df und Krabbelerlebnissen wieder in die Ruckeli zu k\u00f6nnen und zu schlafen. (:<\/p>\n\n\n\n<figure class=\"wp-block-image size-large\"><img loading=\"lazy\" decoding=\"async\" width=\"1024\" height=\"683\" src=\"https:\/\/familie-weitgereist.de\/wp-content\/uploads\/2021\/09\/IMG_2499-1024x683.jpg\" alt=\"\" class=\"wp-image-6468\" srcset=\"https:\/\/familie-weitgereist.de\/wp-content\/uploads\/2021\/09\/IMG_2499-1024x683.jpg 1024w, https:\/\/familie-weitgereist.de\/wp-content\/uploads\/2021\/09\/IMG_2499-300x200.jpg 300w, https:\/\/familie-weitgereist.de\/wp-content\/uploads\/2021\/09\/IMG_2499-768x512.jpg 768w, https:\/\/familie-weitgereist.de\/wp-content\/uploads\/2021\/09\/IMG_2499-1536x1024.jpg 1536w, https:\/\/familie-weitgereist.de\/wp-content\/uploads\/2021\/09\/IMG_2499-2048x1365.jpg 2048w, https:\/\/familie-weitgereist.de\/wp-content\/uploads\/2021\/09\/IMG_2499-1200x800.jpg 1200w, https:\/\/familie-weitgereist.de\/wp-content\/uploads\/2021\/09\/IMG_2499-1980x1320.jpg 1980w, https:\/\/familie-weitgereist.de\/wp-content\/uploads\/2021\/09\/IMG_2499-150x100.jpg 150w\" sizes=\"auto, (max-width: 1024px) 100vw, 1024px\" \/><figcaption>Baden in der Cenote Escondido<\/figcaption><\/figure>\n\n\n\n<div id=\"wp-block-themeisle-blocks-slider-01a3ef2e\" class=\"wp-block-themeisle-blocks-slider glide\" data-per-view=\"1\" data-gap=\"0\" data-peek=\"0\" data-autoplay=\"true\" data-height=\"400px\" data-hide-arrows=\"false\"><div class=\"glide__track\" data-glide-el=\"track\"><div class=\"glide__slides\"><div class=\"wp-block-themeisle-blocks-slider-item-wrapper glide__slide\" tabindex=\"0\"><figure><img decoding=\"async\" class=\"wp-block-themeisle-blocks-slider-item\" src=\"https:\/\/familie-weitgereist.de\/wp-content\/uploads\/2021\/09\/IMG_2449-scaled.jpg\" alt=\"\" title=\"\" data-id=\"6473\"\/><\/figure><\/div><div class=\"wp-block-themeisle-blocks-slider-item-wrapper glide__slide\" tabindex=\"0\"><figure><img decoding=\"async\" class=\"wp-block-themeisle-blocks-slider-item\" src=\"https:\/\/familie-weitgereist.de\/wp-content\/uploads\/2021\/09\/IMG_2464-scaled.jpg\" alt=\"\" title=\"\" data-id=\"6475\"\/><\/figure><\/div><div class=\"wp-block-themeisle-blocks-slider-item-wrapper glide__slide\" tabindex=\"0\"><figure><img decoding=\"async\" class=\"wp-block-themeisle-blocks-slider-item\" src=\"https:\/\/familie-weitgereist.de\/wp-content\/uploads\/2021\/09\/IMG_2486-scaled.jpg\" alt=\"\" title=\"\" data-id=\"6477\"\/><\/figure><\/div><\/div><div class=\"glide__bullets\" data-glide-el=\"controls[nav]\"><button class=\"glide__bullet\" data-glide-dir=\"=0\"><\/button><button class=\"glide__bullet\" data-glide-dir=\"=1\"><\/button><button class=\"glide__bullet\" data-glide-dir=\"=2\"><\/button><\/div><\/div><\/div>\n\n\n\n<p>Am zweiten Tag besichtigten wir die Maya Ruinen von Tulum. Das besondere hier ist, dass sie direkt am Meer stehen. Somit bieten sich wundersch\u00f6ne Ausblicke auf das Karibische Meer und die Ruinen. Das beste daran ist, dass man direkt am Strand von Tulum Maya auch baden kann. Da wir off-season reisen, hatten wir auch das Gl\u00fcck, dass sich nicht allzu viele Touristen mit uns im Wasser tummelten. Das war ein Spa\u00df! Im Meer schwimmen und dabei die Maya Ruinen betrachten. Wirklich toll!<\/p>\n\n\n\n<figure class=\"wp-block-image size-large\"><img loading=\"lazy\" decoding=\"async\" width=\"1024\" height=\"683\" src=\"https:\/\/familie-weitgereist.de\/wp-content\/uploads\/2021\/09\/IMG_2531-1024x683.jpg\" alt=\"\" class=\"wp-image-6479\" srcset=\"https:\/\/familie-weitgereist.de\/wp-content\/uploads\/2021\/09\/IMG_2531-1024x683.jpg 1024w, https:\/\/familie-weitgereist.de\/wp-content\/uploads\/2021\/09\/IMG_2531-300x200.jpg 300w, https:\/\/familie-weitgereist.de\/wp-content\/uploads\/2021\/09\/IMG_2531-768x512.jpg 768w, https:\/\/familie-weitgereist.de\/wp-content\/uploads\/2021\/09\/IMG_2531-1536x1024.jpg 1536w, https:\/\/familie-weitgereist.de\/wp-content\/uploads\/2021\/09\/IMG_2531-2048x1365.jpg 2048w, https:\/\/familie-weitgereist.de\/wp-content\/uploads\/2021\/09\/IMG_2531-1200x800.jpg 1200w, https:\/\/familie-weitgereist.de\/wp-content\/uploads\/2021\/09\/IMG_2531-1980x1320.jpg 1980w, https:\/\/familie-weitgereist.de\/wp-content\/uploads\/2021\/09\/IMG_2531-150x100.jpg 150w\" sizes=\"auto, (max-width: 1024px) 100vw, 1024px\" \/><figcaption>Maya Ruinen in Tulum<\/figcaption><\/figure>\n\n\n\n<div id=\"wp-block-themeisle-blocks-slider-9fbe28de\" class=\"wp-block-themeisle-blocks-slider glide\" data-per-view=\"1\" data-gap=\"0\" data-peek=\"0\" data-autoplay=\"true\" data-height=\"400px\" data-hide-arrows=\"false\"><div class=\"glide__track\" data-glide-el=\"track\"><div class=\"glide__slides\"><div class=\"wp-block-themeisle-blocks-slider-item-wrapper glide__slide\" tabindex=\"0\"><figure><img decoding=\"async\" class=\"wp-block-themeisle-blocks-slider-item\" src=\"https:\/\/familie-weitgereist.de\/wp-content\/uploads\/2021\/09\/IMG_2523-scaled.jpg\" alt=\"\" title=\"\" data-id=\"6484\"\/><\/figure><\/div><div class=\"wp-block-themeisle-blocks-slider-item-wrapper glide__slide\" tabindex=\"0\"><figure><img decoding=\"async\" class=\"wp-block-themeisle-blocks-slider-item\" src=\"https:\/\/familie-weitgereist.de\/wp-content\/uploads\/2021\/09\/IMG_2528-scaled.jpg\" alt=\"\" title=\"\" data-id=\"6485\"\/><\/figure><\/div><div class=\"wp-block-themeisle-blocks-slider-item-wrapper glide__slide\" tabindex=\"0\"><figure><img decoding=\"async\" class=\"wp-block-themeisle-blocks-slider-item\" src=\"https:\/\/familie-weitgereist.de\/wp-content\/uploads\/2021\/09\/IMG_2535-scaled.jpg\" alt=\"\" title=\"\" data-id=\"6488\"\/><\/figure><\/div><div class=\"wp-block-themeisle-blocks-slider-item-wrapper glide__slide\" tabindex=\"0\"><figure><img decoding=\"async\" class=\"wp-block-themeisle-blocks-slider-item\" src=\"https:\/\/familie-weitgereist.de\/wp-content\/uploads\/2021\/09\/IMG_2547-scaled.jpg\" alt=\"\" title=\"\" data-id=\"6490\"\/><\/figure><\/div><div class=\"wp-block-themeisle-blocks-slider-item-wrapper glide__slide\" tabindex=\"0\"><figure><img decoding=\"async\" class=\"wp-block-themeisle-blocks-slider-item\" src=\"https:\/\/familie-weitgereist.de\/wp-content\/uploads\/2021\/09\/IMG_2553-scaled.jpg\" alt=\"\" title=\"\" data-id=\"6493\"\/><\/figure><\/div><div class=\"wp-block-themeisle-blocks-slider-item-wrapper glide__slide\" tabindex=\"0\"><figure><img decoding=\"async\" class=\"wp-block-themeisle-blocks-slider-item\" src=\"https:\/\/familie-weitgereist.de\/wp-content\/uploads\/2021\/09\/IMG_2591-scaled.jpg\" alt=\"\" title=\"\" data-id=\"6495\"\/><\/figure><\/div><\/div><div class=\"glide__bullets\" data-glide-el=\"controls[nav]\"><button class=\"glide__bullet\" data-glide-dir=\"=0\"><\/button><button class=\"glide__bullet\" data-glide-dir=\"=1\"><\/button><button class=\"glide__bullet\" data-glide-dir=\"=2\"><\/button><button class=\"glide__bullet\" data-glide-dir=\"=3\"><\/button><button class=\"glide__bullet\" data-glide-dir=\"=4\"><\/button><button class=\"glide__bullet\" data-glide-dir=\"=5\"><\/button><\/div><\/div><\/div>\n\n\n\n<div id=\"wp-block-themeisle-blocks-slider-fcccef4d\" class=\"wp-block-themeisle-blocks-slider glide\" data-per-view=\"1\" data-gap=\"0\" data-peek=\"0\" data-autoplay=\"true\" data-height=\"400px\" data-hide-arrows=\"false\"><div class=\"glide__track\" data-glide-el=\"track\"><div class=\"glide__slides\"><div class=\"wp-block-themeisle-blocks-slider-item-wrapper glide__slide\" tabindex=\"0\"><figure><img decoding=\"async\" class=\"wp-block-themeisle-blocks-slider-item\" src=\"https:\/\/familie-weitgereist.de\/wp-content\/uploads\/2021\/09\/IMG_2615-scaled.jpg\" alt=\"\" title=\"\" data-id=\"6487\"\/><\/figure><\/div><div class=\"wp-block-themeisle-blocks-slider-item-wrapper glide__slide\" tabindex=\"0\"><figure><img decoding=\"async\" class=\"wp-block-themeisle-blocks-slider-item\" src=\"https:\/\/familie-weitgereist.de\/wp-content\/uploads\/2021\/09\/IMG_2627-scaled.jpg\" alt=\"\" title=\"\" data-id=\"6489\"\/><\/figure><\/div><div class=\"wp-block-themeisle-blocks-slider-item-wrapper glide__slide\" tabindex=\"0\"><figure><img decoding=\"async\" class=\"wp-block-themeisle-blocks-slider-item\" src=\"https:\/\/familie-weitgereist.de\/wp-content\/uploads\/2021\/09\/IMG_2637-scaled.jpg\" alt=\"\" title=\"\" data-id=\"6492\"\/><\/figure><\/div><\/div><div class=\"glide__bullets\" data-glide-el=\"controls[nav]\"><button class=\"glide__bullet\" data-glide-dir=\"=0\"><\/button><button class=\"glide__bullet\" data-glide-dir=\"=1\"><\/button><button class=\"glide__bullet\" data-glide-dir=\"=2\"><\/button><\/div><\/div><\/div>\n\n\n\n<p>Ein weiteres Highlight war unser Tagesausflug nach Cob\u00e1. Diese Maya Ruine darf man sogar noch besteigen. Allerdings liegt sie direkt im Dschungel und ist etwas schwer mit \u00f6ffentlichen Verkehrsmitteln zu erreichen. Deswegen mieteten wir uns f\u00fcr diesen Tag ein Auto und fuhren mit einem KIA RIO nach Cob\u00e1. Die Fahrt dauerte nur ca. 45 Minuten.<\/p>\n\n\n\n<figure class=\"wp-block-image size-large\"><img loading=\"lazy\" decoding=\"async\" width=\"1024\" height=\"683\" src=\"https:\/\/familie-weitgereist.de\/wp-content\/uploads\/2021\/09\/IMG_2685-1024x683.jpg\" alt=\"\" class=\"wp-image-6494\" srcset=\"https:\/\/familie-weitgereist.de\/wp-content\/uploads\/2021\/09\/IMG_2685-1024x683.jpg 1024w, https:\/\/familie-weitgereist.de\/wp-content\/uploads\/2021\/09\/IMG_2685-300x200.jpg 300w, https:\/\/familie-weitgereist.de\/wp-content\/uploads\/2021\/09\/IMG_2685-768x512.jpg 768w, https:\/\/familie-weitgereist.de\/wp-content\/uploads\/2021\/09\/IMG_2685-1536x1024.jpg 1536w, https:\/\/familie-weitgereist.de\/wp-content\/uploads\/2021\/09\/IMG_2685-2048x1365.jpg 2048w, https:\/\/familie-weitgereist.de\/wp-content\/uploads\/2021\/09\/IMG_2685-1200x800.jpg 1200w, https:\/\/familie-weitgereist.de\/wp-content\/uploads\/2021\/09\/IMG_2685-1980x1320.jpg 1980w, https:\/\/familie-weitgereist.de\/wp-content\/uploads\/2021\/09\/IMG_2685-150x100.jpg 150w\" sizes=\"auto, (max-width: 1024px) 100vw, 1024px\" \/><figcaption>Cob\u00e1<\/figcaption><\/figure>\n\n\n\n<p>Der Aufstieg auf die Pyramide war super cool. 120 Stufen trennten uns von dem wundersch\u00f6nen Ausblick \u00fcber den Dschungel. Die Stufen waren zum Teil ziemlich hoch und schwierig zu erklimmen. Es hat aber eine Menge Spa\u00df gemacht und das besonder f\u00fcr uns war, dass ich Merlin vorn in der Ruckeli umgeschnallt hatte. Einfach sch\u00f6n!<br>Anschlie\u00dfend haben wir noch zwei Cenoten besucht und sind in zwei H\u00f6hlen baden gegangen. Wir stiegen ca. 20m in eine H\u00f6hle ab und badeten im Wasser. Auch hier hatte das Wasser eine angenehme Temperatur von ca. 20\u00b0C. In einer H\u00f6hle lief man eine Wendeltreppe nach unten, an der auf ca. 10m und 5m eine Plattform angebracht war, von der man in das Wasser springen konnte. Die Cenoten sind fast immer unglaublich tief. Diese hatte eine Tiefe von 27m. Wenn man nicht dar\u00fcber nachdenkt, ist das Schwimmen allerdings sehr angenehm. (:<\/p>\n\n\n\n<div id=\"wp-block-themeisle-blocks-slider-e32f164c\" class=\"wp-block-themeisle-blocks-slider glide\" data-per-view=\"1\" data-gap=\"0\" data-peek=\"0\" data-autoplay=\"true\" data-height=\"400px\" data-hide-arrows=\"false\"><div class=\"glide__track\" data-glide-el=\"track\"><div class=\"glide__slides\"><div class=\"wp-block-themeisle-blocks-slider-item-wrapper glide__slide\" tabindex=\"0\"><figure><img decoding=\"async\" class=\"wp-block-themeisle-blocks-slider-item\" src=\"https:\/\/familie-weitgereist.de\/wp-content\/uploads\/2021\/09\/IMG_2708-scaled.jpg\" alt=\"\" title=\"\" data-id=\"6497\"\/><\/figure><\/div><div class=\"wp-block-themeisle-blocks-slider-item-wrapper glide__slide\" tabindex=\"0\"><figure><img decoding=\"async\" class=\"wp-block-themeisle-blocks-slider-item\" src=\"https:\/\/familie-weitgereist.de\/wp-content\/uploads\/2021\/09\/IMG_2719-scaled.jpg\" alt=\"\" title=\"\" data-id=\"6498\"\/><\/figure><\/div><div class=\"wp-block-themeisle-blocks-slider-item-wrapper glide__slide\" tabindex=\"0\"><figure><img decoding=\"async\" class=\"wp-block-themeisle-blocks-slider-item\" src=\"https:\/\/familie-weitgereist.de\/wp-content\/uploads\/2021\/09\/IMG_2726-scaled.jpg\" alt=\"\" title=\"\" data-id=\"6502\"\/><\/figure><\/div><\/div><div class=\"glide__bullets\" data-glide-el=\"controls[nav]\"><button class=\"glide__bullet\" data-glide-dir=\"=0\"><\/button><button class=\"glide__bullet\" data-glide-dir=\"=1\"><\/button><button class=\"glide__bullet\" data-glide-dir=\"=2\"><\/button><\/div><\/div><\/div>\n\n\n\n<p>Wir hatten wirklich wundersch\u00f6ne, aber auch sehr ereignisreiche Tage in Tulum und werden die kommenden Tage erst einmal etwas entspannen. (:<\/p>\n\n\n\n<figure class=\"wp-block-embed is-type-video is-provider-youtube wp-block-embed-youtube wp-embed-aspect-16-9 wp-has-aspect-ratio\"><div class=\"wp-block-embed__wrapper\">\n<iframe loading=\"lazy\" title=\"MEXIKO, TEIL 2 \/ WELTREISE MIT BABY\" width=\"580\" height=\"326\" src=\"https:\/\/www.youtube.com\/embed\/DkuvDzcmvMQ?list=PLyPmH6vvMVZRz1q13QvKsAoXw5C-zJwA_\" frameborder=\"0\" allow=\"accelerometer; autoplay; clipboard-write; encrypted-media; gyroscope; picture-in-picture; web-share\" referrerpolicy=\"strict-origin-when-cross-origin\" allowfullscreen><\/iframe>\n<\/div><\/figure>\n","protected":false},"excerpt":{"rendered":"<p>Wir sind weiter gereist und hatten wieder einmal wundersch\u00f6ne Tage in Mexiko. Wir haben die letzten Tage in Tulum verbracht. Diese kleine Stadt scheint eine ziemliche Backpacker Hochburg zu sein, haben wir doch einige, vor allem, deutsche Touristen getroffen. Aber die Deutschen treffen wir ja immer \u00fcberall. hihi Das kleine St\u00e4dtchen Tulum hat an sich [&hellip;]<\/p>\n","protected":false},"author":3,"featured_media":6479,"comment_status":"open","ping_status":"open","sticky":false,"template":"","format":"standard","meta":{"_themeisle_gutenberg_block_has_review":false,"footnotes":""},"categories":[234,4,6],"tags":[228,247,146],"class_list":["post-957","post","type-post","status-publish","format-standard","has-post-thumbnail","hentry","category-mexiko","category-laender","category-nordamerika","tag-mexiko","tag-tulum","tag-weltreise-mit-baby"],"_links":{"self":[{"href":"https:\/\/familie-weitgereist.de\/index.php?rest_route=\/wp\/v2\/posts\/957","targetHints":{"allow":["GET"]}}],"collection":[{"href":"https:\/\/familie-weitgereist.de\/index.php?rest_route=\/wp\/v2\/posts"}],"about":[{"href":"https:\/\/familie-weitgereist.de\/index.php?rest_route=\/wp\/v2\/types\/post"}],"author":[{"embeddable":true,"href":"https:\/\/familie-weitgereist.de\/index.php?rest_route=\/wp\/v2\/users\/3"}],"replies":[{"embeddable":true,"href":"https:\/\/familie-weitgereist.de\/index.php?rest_route=%2Fwp%2Fv2%2Fcomments&post=957"}],"version-history":[{"count":24,"href":"https:\/\/familie-weitgereist.de\/index.php?rest_route=\/wp\/v2\/posts\/957\/revisions"}],"predecessor-version":[{"id":10042,"href":"https:\/\/familie-weitgereist.de\/index.php?rest_route=\/wp\/v2\/posts\/957\/revisions\/10042"}],"wp:featuredmedia":[{"embeddable":true,"href":"https:\/\/familie-weitgereist.de\/index.php?rest_route=\/wp\/v2\/media\/6479"}],"wp:attachment":[{"href":"https:\/\/familie-weitgereist.de\/index.php?rest_route=%2Fwp%2Fv2%2Fmedia&parent=957"}],"wp:term":[{"taxonomy":"category","embeddable":true,"href":"https:\/\/familie-weitgereist.de\/index.php?rest_route=%2Fwp%2Fv2%2Fcategories&post=957"},{"taxonomy":"post_tag","embeddable":true,"href":"https:\/\/familie-weitgereist.de\/index.php?rest_route=%2Fwp%2Fv2%2Ftags&post=957"}],"curies":[{"name":"wp","href":"https:\/\/api.w.org\/{rel}","templated":true}]}}