{"id":956,"date":"2018-09-17T00:21:00","date_gmt":"2018-09-16T22:21:00","guid":{"rendered":"http:\/\/wordpress\/?p=956"},"modified":"2025-11-07T19:51:36","modified_gmt":"2025-11-07T18:51:36","slug":"bacalar-mexiko-weltreise-mit-baby","status":"publish","type":"post","link":"https:\/\/familie-weitgereist.de\/?p=956","title":{"rendered":"Unser Ausflug nach Bacalar, Mexiko mit Baby"},"content":{"rendered":"\n<p>Wir haben die letzten Tage in Bacalar verbracht, wieder ein kleines \u00d6rtchen im S\u00fcden von Yucat\u00e1n. Der Ort an sich hat wie so oft nicht viel zu bieten, au\u00dfer ganz viele &#8222;nette&#8220; Tourguides, die illegal irgendwelche Lagunentouren anbieten und nat\u00fcrlich nur heute und nur f\u00fcr dich, den besten Preis in town bieten. HAHA Wir haben mittlerweile ziemlich gut gelernt, wie wir diese omin\u00f6sen Typen ignorieren.<\/p>\n\n\n\n<p>Wir hatten zwei wirklich witzige Erlebnisse mit diesen Typen.<\/p>\n\n\n\n<p>Ein Tourguide wollte mit uns unbedingt schnorcheln gehen. \ud83d\ude00 Ich hatte Merlin wie immer in der Ruckeli und er war mit dabei. Wir liefen nat\u00fcrlich einfach weiter, als er uns ansprach und er verfolgte uns die Stra\u00dfe weiter und redete von seiner traumhaften Schnorcheltour in der Lagune und in drei Cenoten. Als ich ihm sagte, dass wir ein Baby dabei haben, interessierte ihn das nicht wirklich &#8230; er wollte an uns nur seine Tour verkaufen. Oh man &#8230; wie hat er sich das denn vorgestellt, wie wir das mit Baby machen?! Das war wirklich richtig sinnlos.<\/p>\n\n\n\n<p>Das zweite witzige Erlebnis war, dass uns ein Typ riesige H\u00e4ngematten f\u00fcr &#8222;das Baby&#8220; verkaufen wollte. Wir hatten unsere Rucks\u00e4cke auf und waren somit voll bepackt auf dem Weg zum Busbahnhof. Er lief uns auch wieder mit seinen H\u00e4ngematten die Stra\u00dfe hinterher. Ich sagte ihm dann, dass wir schon gen\u00fcgend Gep\u00e4ck dabei haben und keine H\u00e4ngematte ben\u00f6tigen. HIHI<\/p>\n\n\n\n<p>Wir hatten ein paar wundersch\u00f6ne entspannte Tage in Bacalar an der Lagune. (:<\/p>\n\n\n\n<p>Bacalar liegt direkt an einer Lagune, die als &#8222;Lagune der 7 Farben&#8220; bezeichnet wird. Damit sind die sieben verschiedenen Blaut\u00f6ne gemeint und es schimmert wirklich in allen Blaut\u00f6nen, sobald die Sonne auf die Lagune scheint. Einfach traumhaft! (:<\/p>\n\n\n\n<div id=\"wp-block-themeisle-blocks-slider-8a6a74ce\" class=\"wp-block-themeisle-blocks-slider glide\" data-per-view=\"1\" data-gap=\"0\" data-peek=\"0\" data-autoplay=\"true\" data-height=\"400px\" data-hide-arrows=\"false\"><div class=\"glide__track\" data-glide-el=\"track\"><div class=\"glide__slides\"><div class=\"wp-block-themeisle-blocks-slider-item-wrapper glide__slide\" tabindex=\"0\"><figure><img decoding=\"async\" class=\"wp-block-themeisle-blocks-slider-item\" src=\"https:\/\/familie-weitgereist.de\/wp-content\/uploads\/2021\/09\/IMG_2859-scaled.jpg\" alt=\"\" title=\"\" data-id=\"6458\"\/><\/figure><\/div><div class=\"wp-block-themeisle-blocks-slider-item-wrapper glide__slide\" tabindex=\"0\"><figure><img decoding=\"async\" class=\"wp-block-themeisle-blocks-slider-item\" src=\"https:\/\/familie-weitgereist.de\/wp-content\/uploads\/2021\/09\/IMG_2888-scaled.jpg\" alt=\"\" title=\"\" data-id=\"6461\"\/><\/figure><\/div><\/div><div class=\"glide__bullets\" data-glide-el=\"controls[nav]\"><button class=\"glide__bullet\" data-glide-dir=\"=0\"><\/button><button class=\"glide__bullet\" data-glide-dir=\"=1\"><\/button><\/div><\/div><\/div>\n\n\n\n<p>Nun verabschieden wir uns von Mexiko und unser n\u00e4chstes Reiseland ist BELIZE! Jippeee! (:<\/p>\n\n\n\n<figure class=\"wp-block-embed is-type-video is-provider-youtube wp-block-embed-youtube wp-embed-aspect-16-9 wp-has-aspect-ratio\"><div class=\"wp-block-embed__wrapper\">\n<iframe loading=\"lazy\" title=\"MEXIKO, TEIL 2 \/ WELTREISE MIT BABY\" width=\"580\" height=\"326\" src=\"https:\/\/www.youtube.com\/embed\/DkuvDzcmvMQ?list=PLyPmH6vvMVZRz1q13QvKsAoXw5C-zJwA_\" frameborder=\"0\" allow=\"accelerometer; autoplay; clipboard-write; encrypted-media; gyroscope; picture-in-picture; web-share\" referrerpolicy=\"strict-origin-when-cross-origin\" allowfullscreen><\/iframe>\n<\/div><\/figure>\n","protected":false},"excerpt":{"rendered":"<p>Wir haben die letzten Tage in Bacalar verbracht, wieder ein kleines \u00d6rtchen im S\u00fcden von Yucat\u00e1n. Der Ort an sich hat wie so oft nicht viel zu bieten, au\u00dfer ganz viele &#8222;nette&#8220; Tourguides, die illegal irgendwelche Lagunentouren anbieten und nat\u00fcrlich nur heute und nur f\u00fcr dich, den besten Preis in town bieten. HAHA Wir haben [&hellip;]<\/p>\n","protected":false},"author":3,"featured_media":6461,"comment_status":"open","ping_status":"open","sticky":false,"template":"","format":"standard","meta":{"_themeisle_gutenberg_block_has_review":false,"footnotes":""},"categories":[234,4,6],"tags":[227,228,146],"class_list":["post-956","post","type-post","status-publish","format-standard","has-post-thumbnail","hentry","category-mexiko","category-laender","category-nordamerika","tag-bacalar","tag-mexiko","tag-weltreise-mit-baby"],"_links":{"self":[{"href":"https:\/\/familie-weitgereist.de\/index.php?rest_route=\/wp\/v2\/posts\/956","targetHints":{"allow":["GET"]}}],"collection":[{"href":"https:\/\/familie-weitgereist.de\/index.php?rest_route=\/wp\/v2\/posts"}],"about":[{"href":"https:\/\/familie-weitgereist.de\/index.php?rest_route=\/wp\/v2\/types\/post"}],"author":[{"embeddable":true,"href":"https:\/\/familie-weitgereist.de\/index.php?rest_route=\/wp\/v2\/users\/3"}],"replies":[{"embeddable":true,"href":"https:\/\/familie-weitgereist.de\/index.php?rest_route=%2Fwp%2Fv2%2Fcomments&post=956"}],"version-history":[{"count":11,"href":"https:\/\/familie-weitgereist.de\/index.php?rest_route=\/wp\/v2\/posts\/956\/revisions"}],"predecessor-version":[{"id":23921,"href":"https:\/\/familie-weitgereist.de\/index.php?rest_route=\/wp\/v2\/posts\/956\/revisions\/23921"}],"wp:featuredmedia":[{"embeddable":true,"href":"https:\/\/familie-weitgereist.de\/index.php?rest_route=\/wp\/v2\/media\/6461"}],"wp:attachment":[{"href":"https:\/\/familie-weitgereist.de\/index.php?rest_route=%2Fwp%2Fv2%2Fmedia&parent=956"}],"wp:term":[{"taxonomy":"category","embeddable":true,"href":"https:\/\/familie-weitgereist.de\/index.php?rest_route=%2Fwp%2Fv2%2Fcategories&post=956"},{"taxonomy":"post_tag","embeddable":true,"href":"https:\/\/familie-weitgereist.de\/index.php?rest_route=%2Fwp%2Fv2%2Ftags&post=956"}],"curies":[{"name":"wp","href":"https:\/\/api.w.org\/{rel}","templated":true}]}}