{"id":949,"date":"2018-11-10T06:45:00","date_gmt":"2018-11-10T05:45:00","guid":{"rendered":"http:\/\/wordpress\/?p=949"},"modified":"2025-11-07T19:44:41","modified_gmt":"2025-11-07T18:44:41","slug":"grand-canyon-arizona-usa-weltreise-mit-baby","status":"publish","type":"post","link":"https:\/\/familie-weitgereist.de\/?p=949","title":{"rendered":"Wandern am Grand Canyon in Arizona, USA mit Baby"},"content":{"rendered":"\n<p>Nachdem wir unseren Camper Van gemietet haben, sind wir nun on the road. Juhu! Das wird ein Abenteuer! Die n\u00e4chsten vier Wochen werden wir mit dem Camper durch den S\u00fcdwesten der USA reisen und ganz viele Nationalparks entdecken. Wir freuen uns schon sehr auf die vielen Wanderungen, die wir unternehmen werden. (:<\/p>\n\n\n\n<figure class=\"wp-block-image size-large\"><img loading=\"lazy\" decoding=\"async\" width=\"1024\" height=\"683\" src=\"https:\/\/familie-weitgereist.de\/wp-content\/uploads\/2021\/04\/IMG_6520-1024x683.jpg\" alt=\"\" class=\"wp-image-4984\" srcset=\"https:\/\/familie-weitgereist.de\/wp-content\/uploads\/2021\/04\/IMG_6520-1024x683.jpg 1024w, https:\/\/familie-weitgereist.de\/wp-content\/uploads\/2021\/04\/IMG_6520-300x200.jpg 300w, https:\/\/familie-weitgereist.de\/wp-content\/uploads\/2021\/04\/IMG_6520-768x512.jpg 768w, https:\/\/familie-weitgereist.de\/wp-content\/uploads\/2021\/04\/IMG_6520-1536x1024.jpg 1536w, https:\/\/familie-weitgereist.de\/wp-content\/uploads\/2021\/04\/IMG_6520-2048x1365.jpg 2048w, https:\/\/familie-weitgereist.de\/wp-content\/uploads\/2021\/04\/IMG_6520-1200x800.jpg 1200w, https:\/\/familie-weitgereist.de\/wp-content\/uploads\/2021\/04\/IMG_6520-1980x1320.jpg 1980w, https:\/\/familie-weitgereist.de\/wp-content\/uploads\/2021\/04\/IMG_6520-150x100.jpg 150w\" sizes=\"auto, (max-width: 1024px) 100vw, 1024px\" \/><figcaption>Unser gemieteter Camper in den USA<\/figcaption><\/figure>\n\n\n\n<p>Unser erster Stop ist der Grand Canyon in Arizona.<br>Wow, einfach atemberaubend.<br>F\u00fcr mich ist es schon der zweite Besuch hier &#8211; jedoch war der erste bei Weitem nicht so ausgedehnt.<\/p>\n\n\n\n<div id=\"wp-block-themeisle-blocks-slider-37df07ac\" class=\"wp-block-themeisle-blocks-slider glide\" data-per-view=\"1\" data-gap=\"0\" data-peek=\"0\" data-autoplay=\"true\" data-height=\"400px\" data-hide-arrows=\"false\"><div class=\"glide__track\" data-glide-el=\"track\"><div class=\"glide__slides\"><div class=\"wp-block-themeisle-blocks-slider-item-wrapper glide__slide\" tabindex=\"0\"><figure><img decoding=\"async\" class=\"wp-block-themeisle-blocks-slider-item\" src=\"https:\/\/familie-weitgereist.de\/wp-content\/uploads\/2021\/04\/IMG_4860-scaled.jpg\" alt=\"\" title=\"\" data-id=\"4986\"\/><\/figure><\/div><div class=\"wp-block-themeisle-blocks-slider-item-wrapper glide__slide\" tabindex=\"0\"><figure><img decoding=\"async\" class=\"wp-block-themeisle-blocks-slider-item\" src=\"https:\/\/familie-weitgereist.de\/wp-content\/uploads\/2021\/04\/IMG_4897-scaled.jpg\" alt=\"\" title=\"\" data-id=\"4989\"\/><\/figure><\/div><div class=\"wp-block-themeisle-blocks-slider-item-wrapper glide__slide\" tabindex=\"0\"><figure><img decoding=\"async\" class=\"wp-block-themeisle-blocks-slider-item\" src=\"https:\/\/familie-weitgereist.de\/wp-content\/uploads\/2021\/04\/IMG_4928-scaled.jpg\" alt=\"\" title=\"\" data-id=\"4990\"\/><\/figure><\/div><div class=\"wp-block-themeisle-blocks-slider-item-wrapper glide__slide\" tabindex=\"0\"><figure><img decoding=\"async\" class=\"wp-block-themeisle-blocks-slider-item\" src=\"https:\/\/familie-weitgereist.de\/wp-content\/uploads\/2021\/04\/IMG_4962-scaled.jpg\" alt=\"\" title=\"\" data-id=\"4992\"\/><\/figure><\/div><\/div><div class=\"glide__bullets\" data-glide-el=\"controls[nav]\"><button class=\"glide__bullet\" data-glide-dir=\"=0\"><\/button><button class=\"glide__bullet\" data-glide-dir=\"=1\"><\/button><button class=\"glide__bullet\" data-glide-dir=\"=2\"><\/button><button class=\"glide__bullet\" data-glide-dir=\"=3\"><\/button><\/div><\/div><\/div>\n\n\n\n<p>Wir haben uns einen der letzten Campingpl\u00e4tze gesichert, denn die sind in den Nationalparks fast restlos ausgebucht und das sogar in der Nebensaison. Wir k\u00f6nnen uns gl\u00fccklich sch\u00e4tzen, immer einen bekommen zu haben. (:<\/p>\n\n\n\n<p>Wir haben wundersch\u00f6ne Eindr\u00fccke sammeln k\u00f6nnen und haben an beiden Tagen ausgiebige Wanderungen unternommen.<\/p>\n\n\n\n<p>Am ersten Tag gingen wir 17km immer an der Rim entlang und hatten so tolle Ausblicke auf den Canyon und die riesige Schlucht. Es war fantastisch, grandios, ein einzigartiges Naturschauspiel. Wenn man sich \u00fcberlegt, dass die Fl\u00e4che des Grand Canyon so gro\u00df ist wie die Schweiz, wird einem die Gr\u00f6\u00dfe der USA erst richtig bewusst.<\/p>\n\n\n\n<p>An unserem zweiten Wandertag wanderten wir in den Canyon hinein. Das war herrlich. Obwohl der Campingplatz ausgebucht war, waren nicht besonders viele Leute unterwegs.<\/p>\n\n\n\n<div id=\"wp-block-themeisle-blocks-slider-1e691ae9\" class=\"wp-block-themeisle-blocks-slider glide\" data-per-view=\"1\" data-gap=\"0\" data-peek=\"0\" data-autoplay=\"true\" data-height=\"400px\" data-hide-arrows=\"false\"><div class=\"glide__track\" data-glide-el=\"track\"><div class=\"glide__slides\"><div class=\"wp-block-themeisle-blocks-slider-item-wrapper glide__slide\" tabindex=\"0\"><figure><img decoding=\"async\" class=\"wp-block-themeisle-blocks-slider-item\" src=\"https:\/\/familie-weitgereist.de\/wp-content\/uploads\/2021\/04\/IMG_5097-scaled.jpg\" alt=\"\" title=\"\" data-id=\"4995\"\/><\/figure><\/div><div class=\"wp-block-themeisle-blocks-slider-item-wrapper glide__slide\" tabindex=\"0\"><figure><img decoding=\"async\" class=\"wp-block-themeisle-blocks-slider-item\" src=\"https:\/\/familie-weitgereist.de\/wp-content\/uploads\/2021\/04\/IMG_5131-scaled.jpg\" alt=\"\" title=\"\" data-id=\"4997\"\/><\/figure><\/div><div class=\"wp-block-themeisle-blocks-slider-item-wrapper glide__slide\" tabindex=\"0\"><figure><img decoding=\"async\" class=\"wp-block-themeisle-blocks-slider-item\" src=\"https:\/\/familie-weitgereist.de\/wp-content\/uploads\/2021\/04\/IMG_5166-scaled.jpg\" alt=\"\" title=\"\" data-id=\"4998\"\/><\/figure><\/div><div class=\"wp-block-themeisle-blocks-slider-item-wrapper glide__slide\" tabindex=\"0\"><figure><img decoding=\"async\" class=\"wp-block-themeisle-blocks-slider-item\" src=\"https:\/\/familie-weitgereist.de\/wp-content\/uploads\/2021\/04\/IMG_5193-scaled.jpg\" alt=\"\" title=\"\" data-id=\"5001\"\/><\/figure><\/div><\/div><div class=\"glide__bullets\" data-glide-el=\"controls[nav]\"><button class=\"glide__bullet\" data-glide-dir=\"=0\"><\/button><button class=\"glide__bullet\" data-glide-dir=\"=1\"><\/button><button class=\"glide__bullet\" data-glide-dir=\"=2\"><\/button><button class=\"glide__bullet\" data-glide-dir=\"=3\"><\/button><\/div><\/div><\/div>\n\n\n\n<p>Um eine Nacht auf dem Campingplatz direkt in der Schlucht des Grand Canyons zu verbringen, sollte man jedoch schon ca. ein Jahr im Voraus buchen. Nichts f\u00fcr spontan Reisende. (:<\/p>\n\n\n\n<p>Die Nacht vor unserem Abreisetag war dann ganz sch\u00f6n kalt im Camper, denn es begann zu schneien. Wow, Schnee Anfang Oktober und das in Arizona. Brrrr. Die Weiterfahrt war dann gar nicht so einfach, denn der Camper hatte nur Sommerreifen und die Stra\u00dfen waren zum Teil vereist und verschneit.<br>Philipp hat dies jedoch super gemeistert und wir fuhren ja auch wieder der Sonne entgegen. (:<\/p>\n\n\n\n<figure class=\"wp-block-embed is-type-video is-provider-youtube wp-block-embed-youtube wp-embed-aspect-16-9 wp-has-aspect-ratio\"><div class=\"wp-block-embed__wrapper\">\n<iframe loading=\"lazy\" title=\"GRAND CANYON, USA \/ WELTREISE MIT BABY\" width=\"580\" height=\"326\" src=\"https:\/\/www.youtube.com\/embed\/T7tESZ4Cu-U?list=PLyPmH6vvMVZRz1q13QvKsAoXw5C-zJwA_\" frameborder=\"0\" allow=\"accelerometer; autoplay; clipboard-write; encrypted-media; gyroscope; picture-in-picture; web-share\" referrerpolicy=\"strict-origin-when-cross-origin\" allowfullscreen><\/iframe>\n<\/div><\/figure>\n","protected":false},"excerpt":{"rendered":"<p>Nachdem wir unseren Camper Van gemietet haben, sind wir nun on the road. Juhu! Das wird ein Abenteuer! Die n\u00e4chsten vier Wochen werden wir mit dem Camper durch den S\u00fcdwesten der USA reisen und ganz viele Nationalparks entdecken. Wir freuen uns schon sehr auf die vielen Wanderungen, die wir unternehmen werden. (: Unser erster Stop [&hellip;]<\/p>\n","protected":false},"author":3,"featured_media":4986,"comment_status":"open","ping_status":"open","sticky":false,"template":"","format":"standard","meta":{"_themeisle_gutenberg_block_has_review":false,"footnotes":""},"categories":[571,4,6,199],"tags":[438,439,218,146],"class_list":["post-949","post","type-post","status-publish","format-standard","has-post-thumbnail","hentry","category-arizona","category-laender","category-nordamerika","category-usa","tag-arizona","tag-grand-canyon","tag-usa","tag-weltreise-mit-baby"],"_links":{"self":[{"href":"https:\/\/familie-weitgereist.de\/index.php?rest_route=\/wp\/v2\/posts\/949","targetHints":{"allow":["GET"]}}],"collection":[{"href":"https:\/\/familie-weitgereist.de\/index.php?rest_route=\/wp\/v2\/posts"}],"about":[{"href":"https:\/\/familie-weitgereist.de\/index.php?rest_route=\/wp\/v2\/types\/post"}],"author":[{"embeddable":true,"href":"https:\/\/familie-weitgereist.de\/index.php?rest_route=\/wp\/v2\/users\/3"}],"replies":[{"embeddable":true,"href":"https:\/\/familie-weitgereist.de\/index.php?rest_route=%2Fwp%2Fv2%2Fcomments&post=949"}],"version-history":[{"count":16,"href":"https:\/\/familie-weitgereist.de\/index.php?rest_route=\/wp\/v2\/posts\/949\/revisions"}],"predecessor-version":[{"id":10034,"href":"https:\/\/familie-weitgereist.de\/index.php?rest_route=\/wp\/v2\/posts\/949\/revisions\/10034"}],"wp:featuredmedia":[{"embeddable":true,"href":"https:\/\/familie-weitgereist.de\/index.php?rest_route=\/wp\/v2\/media\/4986"}],"wp:attachment":[{"href":"https:\/\/familie-weitgereist.de\/index.php?rest_route=%2Fwp%2Fv2%2Fmedia&parent=949"}],"wp:term":[{"taxonomy":"category","embeddable":true,"href":"https:\/\/familie-weitgereist.de\/index.php?rest_route=%2Fwp%2Fv2%2Fcategories&post=949"},{"taxonomy":"post_tag","embeddable":true,"href":"https:\/\/familie-weitgereist.de\/index.php?rest_route=%2Fwp%2Fv2%2Ftags&post=949"}],"curies":[{"name":"wp","href":"https:\/\/api.w.org\/{rel}","templated":true}]}}