{"id":937,"date":"2018-12-14T04:30:00","date_gmt":"2018-12-14T03:30:00","guid":{"rendered":"http:\/\/wordpress\/?p=937"},"modified":"2022-07-06T17:58:29","modified_gmt":"2022-07-06T15:58:29","slug":"hiroshima-japan-teil-1-weltreise-mit-baby","status":"publish","type":"post","link":"https:\/\/familie-weitgereist.de\/?p=937","title":{"rendered":"Unser St\u00e4dtetrip nach Hiroshima, Japan mit Baby"},"content":{"rendered":"\n<p>Konichiwa Hiroshima! (:<\/p>\n\n\n\n<figure class=\"wp-block-image size-large\"><img loading=\"lazy\" decoding=\"async\" width=\"1024\" height=\"575\" src=\"https:\/\/familie-weitgereist.de\/wp-content\/uploads\/2021\/04\/IMG_8836-1024x575.jpg\" alt=\"\" class=\"wp-image-4566\" srcset=\"https:\/\/familie-weitgereist.de\/wp-content\/uploads\/2021\/04\/IMG_8836-1024x575.jpg 1024w, https:\/\/familie-weitgereist.de\/wp-content\/uploads\/2021\/04\/IMG_8836-300x169.jpg 300w, https:\/\/familie-weitgereist.de\/wp-content\/uploads\/2021\/04\/IMG_8836-768x431.jpg 768w, https:\/\/familie-weitgereist.de\/wp-content\/uploads\/2021\/04\/IMG_8836-1536x863.jpg 1536w, https:\/\/familie-weitgereist.de\/wp-content\/uploads\/2021\/04\/IMG_8836-2048x1150.jpg 2048w, https:\/\/familie-weitgereist.de\/wp-content\/uploads\/2021\/04\/IMG_8836-1200x674.jpg 1200w, https:\/\/familie-weitgereist.de\/wp-content\/uploads\/2021\/04\/IMG_8836-1980x1112.jpg 1980w, https:\/\/familie-weitgereist.de\/wp-content\/uploads\/2021\/04\/IMG_8836-150x84.jpg 150w\" sizes=\"auto, (max-width: 1024px) 100vw, 1024px\" \/><figcaption>Hiroshima, A-Dome<\/figcaption><\/figure>\n\n\n\n<p>Wir sind mit dem Shinkansen weiter nach Hiroshima gereist.<\/p>\n\n\n\n<p>Eine sehr geschichtstr\u00e4chtige Stadt, die viel Unheil erlebt hat. Dies wird besonders im Friedenspark und beim Besuch des A-Dome&#8217;s ersichtlich. Dort liegt eine ganz besondere Atmosph\u00e4re in der Luft und die Stimmung ist irgendwie sehr bedr\u00fcckend. Ein fr\u00f6hliches Gesicht vor der Kamera hinzubekommen, ist uns wirklich schwer gefallen.<\/p>\n\n\n\n<div id=\"wp-block-themeisle-blocks-slider-bcef2dbc\" class=\"wp-block-themeisle-blocks-slider glide\" data-per-view=\"1\" data-gap=\"0\" data-peek=\"0\" data-autoplay=\"true\" data-height=\"400px\" data-hide-arrows=\"false\"><div class=\"glide__track\" data-glide-el=\"track\"><div class=\"glide__slides\"><div class=\"wp-block-themeisle-blocks-slider-item-wrapper glide__slide\" tabindex=\"0\"><figure><img decoding=\"async\" class=\"wp-block-themeisle-blocks-slider-item\" src=\"https:\/\/familie-weitgereist.de\/wp-content\/uploads\/2021\/04\/IMG_8830-scaled.jpg\" alt=\"\" title=\"\" data-id=\"4568\"\/><\/figure><\/div><div class=\"wp-block-themeisle-blocks-slider-item-wrapper glide__slide\" tabindex=\"0\"><figure><img decoding=\"async\" class=\"wp-block-themeisle-blocks-slider-item\" src=\"https:\/\/familie-weitgereist.de\/wp-content\/uploads\/2021\/04\/IMG_8832-scaled.jpg\" alt=\"\" title=\"\" data-id=\"4570\"\/><\/figure><\/div><\/div><div class=\"glide__bullets\" data-glide-el=\"controls[nav]\"><button class=\"glide__bullet\" data-glide-dir=\"=0\"><\/button><button class=\"glide__bullet\" data-glide-dir=\"=1\"><\/button><\/div><\/div><\/div>\n\n\n\n<p>Hiroshima ist tragischerweise bekannt f\u00fcr den US-amerikanischen Abwurf einer Atombombe am 6. August 1945, der totale Verw\u00fcstung und unwahrscheinlich gro\u00dfes Leid \u00fcber die Einwohner brachte. Tausende von Menschen mussten ihr Leben lassen und \u00dcberlebende litten unwahrscheinlich stark unter den radiologischen Folgen dieses Angriffs.<\/p>\n\n\n\n<p>Wir besuchten das angrenzende Museum und die Bilder von Toten, ebenso wie von \u00dcberlebenden waren erschreckend. Besonders traurig und mir im Ged\u00e4chtnis haftend geblieben, ist ein Bild einer stillenden Mami, deren Leben und das ihres Babys geraubt wurde.<\/p>\n\n\n\n<div id=\"wp-block-themeisle-blocks-slider-b11c8d50\" class=\"wp-block-themeisle-blocks-slider glide\" data-per-view=\"1\" data-gap=\"0\" data-peek=\"0\" data-autoplay=\"true\" data-height=\"400px\" data-hide-arrows=\"false\"><div class=\"glide__track\" data-glide-el=\"track\"><div class=\"glide__slides\"><div class=\"wp-block-themeisle-blocks-slider-item-wrapper glide__slide\" tabindex=\"0\"><figure><img decoding=\"async\" class=\"wp-block-themeisle-blocks-slider-item\" src=\"https:\/\/familie-weitgereist.de\/wp-content\/uploads\/2021\/04\/IMG_8843-scaled.jpg\" alt=\"\" title=\"\" data-id=\"4571\"\/><\/figure><\/div><div class=\"wp-block-themeisle-blocks-slider-item-wrapper glide__slide\" tabindex=\"0\"><figure><img decoding=\"async\" class=\"wp-block-themeisle-blocks-slider-item\" src=\"https:\/\/familie-weitgereist.de\/wp-content\/uploads\/2021\/04\/IMG_8850-scaled.jpg\" alt=\"\" title=\"\" data-id=\"4573\"\/><\/figure><\/div><\/div><div class=\"glide__bullets\" data-glide-el=\"controls[nav]\"><button class=\"glide__bullet\" data-glide-dir=\"=0\"><\/button><button class=\"glide__bullet\" data-glide-dir=\"=1\"><\/button><\/div><\/div><\/div>\n\n\n\n<p>Das Museum und der A-Dome haben eine wichtige Mission, denn sie treten daf\u00fcr ein, dass es nie wieder zum Einsatz einer Atomwaffe kommt, deren Folgen so grausam sind.<\/p>\n\n\n\n<p>Der A-Dome war ein Fabrikgeb\u00e4ude und wurde von einem tschechischen Architekten erstellt. Es ist schon beeindruckend, wie dieses Geb\u00e4ude der Atombombe standhielt, w\u00e4hrend alle umliegenden Geb\u00e4ude dem Erdboden gleich gemacht wurden.<\/p>\n\n\n\n<p>Wir hatten einen sehr bewegenden Tag in Hiroshima.<\/p>\n\n\n\n<figure class=\"wp-block-embed is-type-video is-provider-youtube wp-block-embed-youtube wp-embed-aspect-16-9 wp-has-aspect-ratio\"><div class=\"wp-block-embed__wrapper\">\n<iframe loading=\"lazy\" title=\"JAPAN, TEIL 3 \/ WELTREISE MIT BABY\" width=\"580\" height=\"326\" src=\"https:\/\/www.youtube.com\/embed\/Mb6Mpl7fgDo?list=PLyPmH6vvMVZRz1q13QvKsAoXw5C-zJwA_\" frameborder=\"0\" allow=\"accelerometer; autoplay; clipboard-write; encrypted-media; gyroscope; picture-in-picture; web-share\" referrerpolicy=\"strict-origin-when-cross-origin\" allowfullscreen><\/iframe>\n<\/div><\/figure>\n","protected":false},"excerpt":{"rendered":"<p>Konichiwa Hiroshima! (: Wir sind mit dem Shinkansen weiter nach Hiroshima gereist. Eine sehr geschichtstr\u00e4chtige Stadt, die viel Unheil erlebt hat. Dies wird besonders im Friedenspark und beim Besuch des A-Dome&#8217;s ersichtlich. Dort liegt eine ganz besondere Atmosph\u00e4re in der Luft und die Stimmung ist irgendwie sehr bedr\u00fcckend. Ein fr\u00f6hliches Gesicht vor der Kamera hinzubekommen, [&hellip;]<\/p>\n","protected":false},"author":3,"featured_media":0,"comment_status":"open","ping_status":"open","sticky":false,"template":"","format":"standard","meta":{"_themeisle_gutenberg_block_has_review":false,"footnotes":""},"categories":[5,233,4],"tags":[424,417,146],"class_list":["post-937","post","type-post","status-publish","format-standard","hentry","category-asien","category-japan","category-laender","tag-hiroshima","tag-japan","tag-weltreise-mit-baby"],"_links":{"self":[{"href":"https:\/\/familie-weitgereist.de\/index.php?rest_route=\/wp\/v2\/posts\/937","targetHints":{"allow":["GET"]}}],"collection":[{"href":"https:\/\/familie-weitgereist.de\/index.php?rest_route=\/wp\/v2\/posts"}],"about":[{"href":"https:\/\/familie-weitgereist.de\/index.php?rest_route=\/wp\/v2\/types\/post"}],"author":[{"embeddable":true,"href":"https:\/\/familie-weitgereist.de\/index.php?rest_route=\/wp\/v2\/users\/3"}],"replies":[{"embeddable":true,"href":"https:\/\/familie-weitgereist.de\/index.php?rest_route=%2Fwp%2Fv2%2Fcomments&post=937"}],"version-history":[{"count":9,"href":"https:\/\/familie-weitgereist.de\/index.php?rest_route=\/wp\/v2\/posts\/937\/revisions"}],"predecessor-version":[{"id":10022,"href":"https:\/\/familie-weitgereist.de\/index.php?rest_route=\/wp\/v2\/posts\/937\/revisions\/10022"}],"wp:attachment":[{"href":"https:\/\/familie-weitgereist.de\/index.php?rest_route=%2Fwp%2Fv2%2Fmedia&parent=937"}],"wp:term":[{"taxonomy":"category","embeddable":true,"href":"https:\/\/familie-weitgereist.de\/index.php?rest_route=%2Fwp%2Fv2%2Fcategories&post=937"},{"taxonomy":"post_tag","embeddable":true,"href":"https:\/\/familie-weitgereist.de\/index.php?rest_route=%2Fwp%2Fv2%2Ftags&post=937"}],"curies":[{"name":"wp","href":"https:\/\/api.w.org\/{rel}","templated":true}]}}