{"id":920,"date":"2019-05-17T11:11:00","date_gmt":"2019-05-17T09:11:00","guid":{"rendered":""},"modified":"2025-10-31T11:48:17","modified_gmt":"2025-10-31T10:48:17","slug":"la-palma-spanien","status":"publish","type":"post","link":"https:\/\/familie-weitgereist.de\/?p=920","title":{"rendered":"Wandern auf La Palma, Kanarische Inseln, Spanien mit Baby"},"content":{"rendered":"\n<p>Hallo ihr Lieben!<\/p>\n\n\n\n<p>Es ist noch gar nicht so lang her, dass wir von unserer Weltreise zur\u00fcck sind &#8211; aber das Fernweh treibt uns direkt weiter.<br>F\u00fcr zwei Wochen flogen wir nach La Palma, auf die kanarischen Inseln.<\/p>\n\n\n\n<p>Wir hatten einen wundervollen Wanderurlaub.<\/p>\n\n\n\n<p>Folgende Informationen k\u00f6nnt ihr in diesem Beitrag von uns lesen:<\/p>\n\n\n\n<ul class=\"wp-block-list\">\n<li><a href=\"https:\/\/familie-weitgereist.de\/?p=920\/#lazarza\">Schwarzbeerenwald La Zarza<\/a><\/li>\n\n\n\n<li><a href=\"https:\/\/familie-weitgereist.de\/?p=920\/#tazacorte\">Strand Puerto de Tazacorte<\/a><\/li>\n\n\n\n<li><a href=\"https:\/\/familie-weitgereist.de\/?p=920\/#volcanmartin\">Wanderung Volc\u00e1n Mart\u00edn<\/a><\/li>\n\n\n\n<li><a href=\"https:\/\/familie-weitgereist.de\/?p=920\/#reventonpass\">Revent\u00f3n Pass<\/a><\/li>\n\n\n\n<li><a href=\"https:\/\/familie-weitgereist.de\/?p=920\/#tijarafe\">Piratenbucht Tijarafe<\/a><\/li>\n<\/ul>\n\n\n\n<figure class=\"wp-block-image size-large\"><img loading=\"lazy\" decoding=\"async\" width=\"1024\" height=\"768\" src=\"https:\/\/familie-weitgereist.de\/wp-content\/uploads\/2021\/02\/DSCN1477-1024x768.jpg\" alt=\"\" class=\"wp-image-3031\" srcset=\"https:\/\/familie-weitgereist.de\/wp-content\/uploads\/2021\/02\/DSCN1477-1024x768.jpg 1024w, https:\/\/familie-weitgereist.de\/wp-content\/uploads\/2021\/02\/DSCN1477-300x225.jpg 300w, https:\/\/familie-weitgereist.de\/wp-content\/uploads\/2021\/02\/DSCN1477-768x576.jpg 768w, https:\/\/familie-weitgereist.de\/wp-content\/uploads\/2021\/02\/DSCN1477-1536x1152.jpg 1536w, https:\/\/familie-weitgereist.de\/wp-content\/uploads\/2021\/02\/DSCN1477-2048x1536.jpg 2048w, https:\/\/familie-weitgereist.de\/wp-content\/uploads\/2021\/02\/DSCN1477-1200x900.jpg 1200w, https:\/\/familie-weitgereist.de\/wp-content\/uploads\/2021\/02\/DSCN1477-1980x1485.jpg 1980w, https:\/\/familie-weitgereist.de\/wp-content\/uploads\/2021\/02\/DSCN1477-853x640.jpg 853w, https:\/\/familie-weitgereist.de\/wp-content\/uploads\/2021\/02\/DSCN1477-150x113.jpg 150w\" sizes=\"auto, (max-width: 1024px) 100vw, 1024px\" \/><figcaption class=\"wp-element-caption\">La Palma<\/figcaption><\/figure>\n\n\n\n<p>Die Tage waren gepr\u00e4gt von tollen Wanderungen durch die Natur und nachmittags in unserer tollen Unterkunft am Pool spielen und Spa\u00df haben.<\/p>\n\n\n\n<p>La Palma ist wirklich super sch\u00f6n! Es gibt so viel zu entdecken. Wir haben wundervolle Wanderungen durch die W\u00e4lder und Vulkanlandschaft der Insel unternommen.<\/p>\n\n\n\n<div id=\"wp-block-themeisle-blocks-slider-c97c9ec1\" class=\"wp-block-themeisle-blocks-slider glide\" data-per-view=\"1\" data-gap=\"0\" data-peek=\"0\" data-autoplay=\"true\" data-height=\"400px\" data-hide-arrows=\"false\"><div class=\"glide__track\" data-glide-el=\"track\"><div class=\"glide__slides\"><div class=\"wp-block-themeisle-blocks-slider-item-wrapper glide__slide\" tabindex=\"0\"><figure><img decoding=\"async\" class=\"wp-block-themeisle-blocks-slider-item\" src=\"https:\/\/familie-weitgereist.de\/wp-content\/uploads\/2021\/02\/DSCN1513-scaled.jpg\" alt=\"\" title=\"\" data-id=\"3033\"\/><\/figure><\/div><div class=\"wp-block-themeisle-blocks-slider-item-wrapper glide__slide\" tabindex=\"0\"><figure><img decoding=\"async\" class=\"wp-block-themeisle-blocks-slider-item\" src=\"https:\/\/familie-weitgereist.de\/wp-content\/uploads\/2021\/02\/DSCN1550-scaled.jpg\" alt=\"\" title=\"\" data-id=\"3035\"\/><\/figure><\/div><div class=\"wp-block-themeisle-blocks-slider-item-wrapper glide__slide\" tabindex=\"0\"><figure><img decoding=\"async\" class=\"wp-block-themeisle-blocks-slider-item\" src=\"https:\/\/familie-weitgereist.de\/wp-content\/uploads\/2021\/02\/DSCN1665-scaled.jpg\" alt=\"\" title=\"\" data-id=\"3036\"\/><\/figure><\/div><div class=\"wp-block-themeisle-blocks-slider-item-wrapper glide__slide\" tabindex=\"0\"><figure><img decoding=\"async\" class=\"wp-block-themeisle-blocks-slider-item\" src=\"https:\/\/familie-weitgereist.de\/wp-content\/uploads\/2021\/02\/DSCN1667-1-scaled.jpg\" alt=\"\" title=\"\" data-id=\"3037\"\/><\/figure><\/div><div class=\"wp-block-themeisle-blocks-slider-item-wrapper glide__slide\" tabindex=\"0\"><figure><img decoding=\"async\" class=\"wp-block-themeisle-blocks-slider-item\" src=\"https:\/\/familie-weitgereist.de\/wp-content\/uploads\/2021\/02\/DSCN1674-scaled.jpg\" alt=\"\" title=\"\" data-id=\"3038\"\/><\/figure><\/div><\/div><div class=\"glide__bullets\" data-glide-el=\"controls[nav]\"><button class=\"glide__bullet\" data-glide-dir=\"=0\"><\/button><button class=\"glide__bullet\" data-glide-dir=\"=1\"><\/button><button class=\"glide__bullet\" data-glide-dir=\"=2\"><\/button><button class=\"glide__bullet\" data-glide-dir=\"=3\"><\/button><button class=\"glide__bullet\" data-glide-dir=\"=4\"><\/button><\/div><\/div><\/div>\n\n\n\n<p>Die Stra\u00dfen sind sehr serpentinenartig und selbst die Rundstra\u00dfe, die einmal um die gesamte Insel herum geht, \u00e4hnelt eher einer schmalen Bergstra\u00dfe. Dadurch boten uns jedoch auch wundersch\u00f6ne Panoramen auf die Schluchten, H\u00e4nge der Insel und den Atlantik.<\/p>\n\n\n\n<h2 class=\"wp-block-heading\" id=\"lazarza\">Schwarzbeerenwald La Zarza<\/h2>\n\n\n\n<p>Wir wanderten durch einen herrlichen Schwarzbeerenwald (La Zarza). Dieser erschien sehr mysthisch. Da der Wald relativ hoch gelegen ist, \u00e4nderte sich das Wetter schlagartig. Es wurde neblig und k\u00fchl. Dadurch bot sich uns eine einmalige Kulisse, die fast schon an die schottischen Highlands erinnerte.<\/p>\n\n\n\n<h2 class=\"wp-block-heading\" id=\"tazacorte\">Strand Puerto de Tazacorte<\/h2>\n\n\n\n<p>Einen Tag am Strand legten wir nat\u00fcrlich auch ein. Die Wellen waren jedoch sehr hoch, sodass Merlin noch nicht wirklich das Meerwasser genie\u00dfen konnte.<br>Zudem war es unwahrscheinlich hei\u00df am schwarzen Sandstrand. Nichtsdestotrotz, hatten wir eine wundervolle Zeit am Strand von Puerto de Tazacorte. Als Wanderbegeisterte wanderten wir selbstverst\u00e4ndlich zum Strand hin und auch wieder zur\u00fcck.<\/p>\n\n\n\n<h2 class=\"wp-block-heading\" id=\"volcanmartin\">Wanderung Volc\u00e1n Mart\u00edn<\/h2>\n\n\n\n<p>Einen gro\u00dfen Ausflug haben wir zum Volc\u00e1n Mart\u00edn unternommen. Der Ansteig verlief sehr steil und auf vulkanischem Ger\u00f6ll. Daher war es sehr anstrengend, zudem waren wir recht windungesch\u00fctzt, aufgrund der geringen Vegetation. Den Gipfel haben wir auf dieser Wanderung leider nicht erreicht. Jedoch, hatten wir tolle Ausblicke auf den Atlantik und die Natur war einfach grandios.<\/p>\n\n\n\n<div id=\"wp-block-themeisle-blocks-slider-5238077e\" class=\"wp-block-themeisle-blocks-slider glide\" data-per-view=\"1\" data-gap=\"0\" data-peek=\"0\" data-autoplay=\"true\" data-height=\"400px\" data-hide-arrows=\"false\"><div class=\"glide__track\" data-glide-el=\"track\"><div class=\"glide__slides\"><div class=\"wp-block-themeisle-blocks-slider-item-wrapper glide__slide\" tabindex=\"0\"><figure><img decoding=\"async\" class=\"wp-block-themeisle-blocks-slider-item\" src=\"https:\/\/familie-weitgereist.de\/wp-content\/uploads\/2021\/02\/DSCN1810-scaled.jpg\" alt=\"\" title=\"\" data-id=\"3039\"\/><\/figure><\/div><div class=\"wp-block-themeisle-blocks-slider-item-wrapper glide__slide\" tabindex=\"0\"><figure><img decoding=\"async\" class=\"wp-block-themeisle-blocks-slider-item\" src=\"https:\/\/familie-weitgereist.de\/wp-content\/uploads\/2021\/02\/DSCN1959-scaled.jpg\" alt=\"\" title=\"\" data-id=\"3040\"\/><\/figure><\/div><div class=\"wp-block-themeisle-blocks-slider-item-wrapper glide__slide\" tabindex=\"0\"><figure><img decoding=\"async\" class=\"wp-block-themeisle-blocks-slider-item\" src=\"https:\/\/familie-weitgereist.de\/wp-content\/uploads\/2021\/02\/DSCN1963-scaled.jpg\" alt=\"\" title=\"\" data-id=\"3041\"\/><\/figure><\/div><div class=\"wp-block-themeisle-blocks-slider-item-wrapper glide__slide\" tabindex=\"0\"><figure><img decoding=\"async\" class=\"wp-block-themeisle-blocks-slider-item\" src=\"https:\/\/familie-weitgereist.de\/wp-content\/uploads\/2021\/02\/DSCN1973-scaled.jpg\" alt=\"\" title=\"\" data-id=\"3042\"\/><\/figure><\/div><div class=\"wp-block-themeisle-blocks-slider-item-wrapper glide__slide\" tabindex=\"0\"><figure><img decoding=\"async\" class=\"wp-block-themeisle-blocks-slider-item\" src=\"https:\/\/familie-weitgereist.de\/wp-content\/uploads\/2021\/02\/DSCN2012-scaled.jpg\" alt=\"\" title=\"\" data-id=\"3045\"\/><\/figure><\/div><div class=\"wp-block-themeisle-blocks-slider-item-wrapper glide__slide\" tabindex=\"0\"><figure><img decoding=\"async\" class=\"wp-block-themeisle-blocks-slider-item\" src=\"https:\/\/familie-weitgereist.de\/wp-content\/uploads\/2021\/02\/DSCN2031-scaled.jpg\" alt=\"\" title=\"\" data-id=\"3047\"\/><\/figure><\/div><div class=\"wp-block-themeisle-blocks-slider-item-wrapper glide__slide\" tabindex=\"0\"><figure><img decoding=\"async\" class=\"wp-block-themeisle-blocks-slider-item\" src=\"https:\/\/familie-weitgereist.de\/wp-content\/uploads\/2021\/02\/DSCN2145-scaled.jpg\" alt=\"\" title=\"\" data-id=\"3051\"\/><\/figure><\/div><\/div><div class=\"glide__bullets\" data-glide-el=\"controls[nav]\"><button class=\"glide__bullet\" data-glide-dir=\"=0\"><\/button><button class=\"glide__bullet\" data-glide-dir=\"=1\"><\/button><button class=\"glide__bullet\" data-glide-dir=\"=2\"><\/button><button class=\"glide__bullet\" data-glide-dir=\"=3\"><\/button><button class=\"glide__bullet\" data-glide-dir=\"=4\"><\/button><button class=\"glide__bullet\" data-glide-dir=\"=5\"><\/button><button class=\"glide__bullet\" data-glide-dir=\"=6\"><\/button><\/div><\/div><\/div>\n\n\n\n<h2 class=\"wp-block-heading\" id=\"reventonpass\">Revent\u00f3n Pass<\/h2>\n\n\n\n<p>Der Revent\u00f3n Pass geh\u00f6rt zu den weiteren Highlights La Palmas. Auf dieser Hochebene l\u00e4sst es sich wunderbar wandern. Wobei auch hier, sehr viel Wind geht.<br>Der grandiose Wolkenwasserfall von La Palma l\u00e4sst sich hier auch bewundern. Wir hatten Gl\u00fcck und es zogen doch ein paar Wolken auf, an diesem herrlichen blauen Sommertag.<\/p>\n\n\n\n<h2 class=\"wp-block-heading\" id=\"tijarafe\">Piratenbucht Tijarafe<\/h2>\n\n\n\n<p>Ein weiteres Highlight ist die Piratenbucht von Tijarafe. Auf sehr schmalen Pisten schl\u00e4ngelten wir uns mit unserem Mietwagen zum Ausgangspunkt der Wanderung. Was uns dann erwartete, versetzte uns in einen Piratenfilm. Inmitten einer Bucht, in den Felsh\u00e4ngen waren H\u00e4user gebaut worden. Diese dienten fr\u00fcher wirklich als Seemanssunterk\u00fcnfte, ebenso wurde hier geschmuggelt und Waren von der Insel weg und hin transportiert.<br>Es war ein einmaliges Erlebnis durch das unbewohnte Fischer-, Piratendorf zu schlendern. Dabei lauschten wir den Wellen und genossen wieder einmal das herrliche Wetter auf La Palma.<\/p>\n\n\n\n<figure class=\"wp-block-gallery has-nested-images columns-default is-cropped wp-block-gallery-1 is-layout-flex wp-block-gallery-is-layout-flex\">\n<figure class=\"wp-block-image size-large\"><img loading=\"lazy\" decoding=\"async\" width=\"1024\" height=\"768\" data-id=\"3043\" src=\"https:\/\/familie-weitgereist.de\/wp-content\/uploads\/2021\/02\/DSCN2456-1024x768.jpg\" alt=\"\" class=\"wp-image-3043\" srcset=\"https:\/\/familie-weitgereist.de\/wp-content\/uploads\/2021\/02\/DSCN2456-1024x768.jpg 1024w, https:\/\/familie-weitgereist.de\/wp-content\/uploads\/2021\/02\/DSCN2456-300x225.jpg 300w, https:\/\/familie-weitgereist.de\/wp-content\/uploads\/2021\/02\/DSCN2456-768x576.jpg 768w, https:\/\/familie-weitgereist.de\/wp-content\/uploads\/2021\/02\/DSCN2456-1536x1152.jpg 1536w, https:\/\/familie-weitgereist.de\/wp-content\/uploads\/2021\/02\/DSCN2456-2048x1536.jpg 2048w, https:\/\/familie-weitgereist.de\/wp-content\/uploads\/2021\/02\/DSCN2456-1200x900.jpg 1200w, https:\/\/familie-weitgereist.de\/wp-content\/uploads\/2021\/02\/DSCN2456-1980x1485.jpg 1980w, https:\/\/familie-weitgereist.de\/wp-content\/uploads\/2021\/02\/DSCN2456-853x640.jpg 853w, https:\/\/familie-weitgereist.de\/wp-content\/uploads\/2021\/02\/DSCN2456-150x113.jpg 150w\" sizes=\"auto, (max-width: 1024px) 100vw, 1024px\" \/><\/figure>\n\n\n\n<figure class=\"wp-block-image size-large\"><img loading=\"lazy\" decoding=\"async\" width=\"1024\" height=\"768\" data-id=\"3046\" src=\"https:\/\/familie-weitgereist.de\/wp-content\/uploads\/2021\/02\/DSCN2462-1024x768.jpg\" alt=\"\" class=\"wp-image-3046\" srcset=\"https:\/\/familie-weitgereist.de\/wp-content\/uploads\/2021\/02\/DSCN2462-1024x768.jpg 1024w, https:\/\/familie-weitgereist.de\/wp-content\/uploads\/2021\/02\/DSCN2462-300x225.jpg 300w, https:\/\/familie-weitgereist.de\/wp-content\/uploads\/2021\/02\/DSCN2462-768x576.jpg 768w, https:\/\/familie-weitgereist.de\/wp-content\/uploads\/2021\/02\/DSCN2462-1536x1152.jpg 1536w, https:\/\/familie-weitgereist.de\/wp-content\/uploads\/2021\/02\/DSCN2462-2048x1536.jpg 2048w, https:\/\/familie-weitgereist.de\/wp-content\/uploads\/2021\/02\/DSCN2462-1200x900.jpg 1200w, https:\/\/familie-weitgereist.de\/wp-content\/uploads\/2021\/02\/DSCN2462-1980x1485.jpg 1980w, https:\/\/familie-weitgereist.de\/wp-content\/uploads\/2021\/02\/DSCN2462-853x640.jpg 853w, https:\/\/familie-weitgereist.de\/wp-content\/uploads\/2021\/02\/DSCN2462-150x113.jpg 150w\" sizes=\"auto, (max-width: 1024px) 100vw, 1024px\" \/><\/figure>\n\n\n\n<figure class=\"wp-block-image size-large\"><img loading=\"lazy\" decoding=\"async\" width=\"1024\" height=\"768\" data-id=\"3050\" src=\"https:\/\/familie-weitgereist.de\/wp-content\/uploads\/2021\/02\/DSCN2468-1024x768.jpg\" alt=\"\" class=\"wp-image-3050\" srcset=\"https:\/\/familie-weitgereist.de\/wp-content\/uploads\/2021\/02\/DSCN2468-1024x768.jpg 1024w, https:\/\/familie-weitgereist.de\/wp-content\/uploads\/2021\/02\/DSCN2468-300x225.jpg 300w, https:\/\/familie-weitgereist.de\/wp-content\/uploads\/2021\/02\/DSCN2468-768x576.jpg 768w, https:\/\/familie-weitgereist.de\/wp-content\/uploads\/2021\/02\/DSCN2468-1536x1152.jpg 1536w, https:\/\/familie-weitgereist.de\/wp-content\/uploads\/2021\/02\/DSCN2468-2048x1536.jpg 2048w, https:\/\/familie-weitgereist.de\/wp-content\/uploads\/2021\/02\/DSCN2468-1200x900.jpg 1200w, https:\/\/familie-weitgereist.de\/wp-content\/uploads\/2021\/02\/DSCN2468-1980x1485.jpg 1980w, https:\/\/familie-weitgereist.de\/wp-content\/uploads\/2021\/02\/DSCN2468-853x640.jpg 853w, https:\/\/familie-weitgereist.de\/wp-content\/uploads\/2021\/02\/DSCN2468-150x113.jpg 150w\" sizes=\"auto, (max-width: 1024px) 100vw, 1024px\" \/><\/figure>\n\n\n\n<figure class=\"wp-block-image size-large\"><img loading=\"lazy\" decoding=\"async\" width=\"1024\" height=\"768\" data-id=\"3053\" src=\"https:\/\/familie-weitgereist.de\/wp-content\/uploads\/2021\/02\/DSCN2489-1024x768.jpg\" alt=\"\" class=\"wp-image-3053\" srcset=\"https:\/\/familie-weitgereist.de\/wp-content\/uploads\/2021\/02\/DSCN2489-1024x768.jpg 1024w, https:\/\/familie-weitgereist.de\/wp-content\/uploads\/2021\/02\/DSCN2489-300x225.jpg 300w, https:\/\/familie-weitgereist.de\/wp-content\/uploads\/2021\/02\/DSCN2489-768x576.jpg 768w, https:\/\/familie-weitgereist.de\/wp-content\/uploads\/2021\/02\/DSCN2489-1536x1152.jpg 1536w, https:\/\/familie-weitgereist.de\/wp-content\/uploads\/2021\/02\/DSCN2489-2048x1536.jpg 2048w, https:\/\/familie-weitgereist.de\/wp-content\/uploads\/2021\/02\/DSCN2489-1200x900.jpg 1200w, https:\/\/familie-weitgereist.de\/wp-content\/uploads\/2021\/02\/DSCN2489-1980x1485.jpg 1980w, https:\/\/familie-weitgereist.de\/wp-content\/uploads\/2021\/02\/DSCN2489-853x640.jpg 853w, https:\/\/familie-weitgereist.de\/wp-content\/uploads\/2021\/02\/DSCN2489-150x113.jpg 150w\" sizes=\"auto, (max-width: 1024px) 100vw, 1024px\" \/><\/figure>\n<figcaption class=\"blocks-gallery-caption wp-element-caption\">Piratenbucht von Tijarafe<\/figcaption><\/figure>\n\n\n\n<p>Wir hatten einen grandiosen Wanderurlaub und die kanarischen Inseln begeistern uns immer wieder! Nun m\u00fcssen wir nur noch die weiteren kanarischen Inseln entdecken! <\/p>\n\n\n\n<p>Auf zu n\u00e4chsten Abenteuern und hier gelangt ihr zu unseren YouTube Videos!<\/p>\n\n\n\n<figure class=\"wp-block-embed is-type-video is-provider-youtube wp-block-embed-youtube wp-embed-aspect-16-9 wp-has-aspect-ratio\"><div class=\"wp-block-embed__wrapper\">\n<iframe loading=\"lazy\" title=\"LA PALMA, TEIL 1 \/ WELTREISE MIT BABY\" width=\"580\" height=\"326\" src=\"https:\/\/www.youtube.com\/embed\/8CsuTArbsas?feature=oembed\" frameborder=\"0\" allow=\"accelerometer; autoplay; clipboard-write; encrypted-media; gyroscope; picture-in-picture; web-share\" referrerpolicy=\"strict-origin-when-cross-origin\" allowfullscreen><\/iframe>\n<\/div><\/figure>\n\n\n\n<figure class=\"wp-block-embed is-type-video is-provider-youtube wp-block-embed-youtube wp-embed-aspect-16-9 wp-has-aspect-ratio\"><div class=\"wp-block-embed__wrapper\">\n<iframe loading=\"lazy\" title=\"LA PALMA, TEIL 2 \/ WELTREISE MIT BABY\" width=\"580\" height=\"326\" src=\"https:\/\/www.youtube.com\/embed\/AXpuB0Z7Xzg?feature=oembed\" frameborder=\"0\" allow=\"accelerometer; autoplay; clipboard-write; encrypted-media; gyroscope; picture-in-picture; web-share\" referrerpolicy=\"strict-origin-when-cross-origin\" allowfullscreen><\/iframe>\n<\/div><\/figure>\n","protected":false},"excerpt":{"rendered":"<p>Hallo ihr Lieben! Es ist noch gar nicht so lang her, dass wir von unserer Weltreise zur\u00fcck sind &#8211; aber das Fernweh treibt uns direkt weiter.F\u00fcr zwei Wochen flogen wir nach La Palma, auf die kanarischen Inseln. Wir hatten einen wundervollen Wanderurlaub. Folgende Informationen k\u00f6nnt ihr in diesem Beitrag von uns lesen: Die Tage waren [&hellip;]<\/p>\n","protected":false},"author":3,"featured_media":3037,"comment_status":"open","ping_status":"open","sticky":false,"template":"","format":"standard","meta":{"_themeisle_gutenberg_block_has_review":false,"footnotes":""},"categories":[246,8,4],"tags":[210,959,960,962,143,963,961],"class_list":["post-920","post","type-post","status-publish","format-standard","has-post-thumbnail","hentry","category-spanien","category-europa","category-laender","tag-la-palma","tag-la-zarza","tag-puerto-de-tazacorte","tag-reventon-pass","tag-spanien","tag-tijarafe","tag-volcan-martin"],"_links":{"self":[{"href":"https:\/\/familie-weitgereist.de\/index.php?rest_route=\/wp\/v2\/posts\/920","targetHints":{"allow":["GET"]}}],"collection":[{"href":"https:\/\/familie-weitgereist.de\/index.php?rest_route=\/wp\/v2\/posts"}],"about":[{"href":"https:\/\/familie-weitgereist.de\/index.php?rest_route=\/wp\/v2\/types\/post"}],"author":[{"embeddable":true,"href":"https:\/\/familie-weitgereist.de\/index.php?rest_route=\/wp\/v2\/users\/3"}],"replies":[{"embeddable":true,"href":"https:\/\/familie-weitgereist.de\/index.php?rest_route=%2Fwp%2Fv2%2Fcomments&post=920"}],"version-history":[{"count":16,"href":"https:\/\/familie-weitgereist.de\/index.php?rest_route=\/wp\/v2\/posts\/920\/revisions"}],"predecessor-version":[{"id":13348,"href":"https:\/\/familie-weitgereist.de\/index.php?rest_route=\/wp\/v2\/posts\/920\/revisions\/13348"}],"wp:featuredmedia":[{"embeddable":true,"href":"https:\/\/familie-weitgereist.de\/index.php?rest_route=\/wp\/v2\/media\/3037"}],"wp:attachment":[{"href":"https:\/\/familie-weitgereist.de\/index.php?rest_route=%2Fwp%2Fv2%2Fmedia&parent=920"}],"wp:term":[{"taxonomy":"category","embeddable":true,"href":"https:\/\/familie-weitgereist.de\/index.php?rest_route=%2Fwp%2Fv2%2Fcategories&post=920"},{"taxonomy":"post_tag","embeddable":true,"href":"https:\/\/familie-weitgereist.de\/index.php?rest_route=%2Fwp%2Fv2%2Ftags&post=920"}],"curies":[{"name":"wp","href":"https:\/\/api.w.org\/{rel}","templated":true}]}}