{"id":914,"date":"2019-12-30T17:47:00","date_gmt":"2019-12-30T16:47:00","guid":{"rendered":""},"modified":"2025-11-13T22:22:54","modified_gmt":"2025-11-13T21:22:54","slug":"rueckblick-2019","status":"publish","type":"post","link":"https:\/\/familie-weitgereist.de\/?p=914","title":{"rendered":"Unser Reiser\u00fcckblick f\u00fcr 2019"},"content":{"rendered":"\n<p>Glaedelig Jul! (Wir sind gerade auf den <strong><a href=\"https:\/\/familie-weitgereist.de\/?p=912\">F\u00e4r\u00f6er Inseln<\/a><\/strong>.)<\/p>\n\n\n\n<p>In diesem Beitrag m\u00f6chte ich unser Reisejahr 2019 zusammen fassen und mich an die vielen sch\u00f6nen Momente erinnern. Wir hatten ein super Jahr und freuen uns schon sehr auf die vielen Abenteuer in 2020.<\/p>\n\n\n\n<p>Das Jahr begann f\u00fcr uns in <strong><a href=\"https:\/\/familie-weitgereist.de\/?p=928\">Kambodscha<\/a><\/strong>. Wir waren noch auf unserer Weltreise \/ Elternzeitreise und hatten schon 5 Monate voller Abenteuer hinter uns.&nbsp;<\/p>\n\n\n\n<figure class=\"wp-block-image size-large\"><img loading=\"lazy\" decoding=\"async\" width=\"1024\" height=\"683\" src=\"https:\/\/familie-weitgereist.de\/wp-content\/uploads\/2019\/12\/IMG_1172-1024x683.jpg\" alt=\"\" class=\"wp-image-2887\" srcset=\"https:\/\/familie-weitgereist.de\/wp-content\/uploads\/2019\/12\/IMG_1172-1024x683.jpg 1024w, https:\/\/familie-weitgereist.de\/wp-content\/uploads\/2019\/12\/IMG_1172-300x200.jpg 300w, https:\/\/familie-weitgereist.de\/wp-content\/uploads\/2019\/12\/IMG_1172-768x512.jpg 768w, https:\/\/familie-weitgereist.de\/wp-content\/uploads\/2019\/12\/IMG_1172-1536x1024.jpg 1536w, https:\/\/familie-weitgereist.de\/wp-content\/uploads\/2019\/12\/IMG_1172-2048x1365.jpg 2048w, https:\/\/familie-weitgereist.de\/wp-content\/uploads\/2019\/12\/IMG_1172-1200x800.jpg 1200w, https:\/\/familie-weitgereist.de\/wp-content\/uploads\/2019\/12\/IMG_1172-1980x1320.jpg 1980w, https:\/\/familie-weitgereist.de\/wp-content\/uploads\/2019\/12\/IMG_1172-150x100.jpg 150w\" sizes=\"auto, (max-width: 1024px) 100vw, 1024px\" \/><figcaption class=\"wp-element-caption\">Angkor Wat, Kambodscha<\/figcaption><\/figure>\n\n\n\n<p>Januar und Februar verbrachten wir in <strong><a href=\"https:\/\/familie-weitgereist.de\/?p=926\">Thailand<\/a><\/strong>, <strong><a href=\"https:\/\/familie-weitgereist.de\/?p=922\">Malaysia<\/a><\/strong> und <strong><a href=\"https:\/\/familie-weitgereist.de\/?p=921\">Singapur<\/a><\/strong>. Ich kann es selbst kaum glauben, was wir alles erlebt haben. So toll!<\/p>\n\n\n\n<figure class=\"wp-block-gallery has-nested-images columns-default is-cropped wp-block-gallery-1 is-layout-flex wp-block-gallery-is-layout-flex\">\n<figure class=\"wp-block-image size-large\"><img loading=\"lazy\" decoding=\"async\" width=\"1024\" height=\"683\" data-id=\"2888\" src=\"https:\/\/familie-weitgereist.de\/wp-content\/uploads\/2021\/02\/IMG_1643-1024x683.jpg\" alt=\"\" class=\"wp-image-2888\" srcset=\"https:\/\/familie-weitgereist.de\/wp-content\/uploads\/2021\/02\/IMG_1643-1024x683.jpg 1024w, https:\/\/familie-weitgereist.de\/wp-content\/uploads\/2021\/02\/IMG_1643-300x200.jpg 300w, https:\/\/familie-weitgereist.de\/wp-content\/uploads\/2021\/02\/IMG_1643-768x512.jpg 768w, https:\/\/familie-weitgereist.de\/wp-content\/uploads\/2021\/02\/IMG_1643-1536x1024.jpg 1536w, https:\/\/familie-weitgereist.de\/wp-content\/uploads\/2021\/02\/IMG_1643-2048x1365.jpg 2048w, https:\/\/familie-weitgereist.de\/wp-content\/uploads\/2021\/02\/IMG_1643-1200x800.jpg 1200w, https:\/\/familie-weitgereist.de\/wp-content\/uploads\/2021\/02\/IMG_1643-1980x1320.jpg 1980w, https:\/\/familie-weitgereist.de\/wp-content\/uploads\/2021\/02\/IMG_1643-150x100.jpg 150w\" sizes=\"auto, (max-width: 1024px) 100vw, 1024px\" \/><\/figure>\n\n\n\n<figure class=\"wp-block-image size-large\"><img loading=\"lazy\" decoding=\"async\" width=\"1024\" height=\"683\" data-id=\"2889\" src=\"https:\/\/familie-weitgereist.de\/wp-content\/uploads\/2021\/02\/IMG_2375-1024x683.jpg\" alt=\"\" class=\"wp-image-2889\" srcset=\"https:\/\/familie-weitgereist.de\/wp-content\/uploads\/2021\/02\/IMG_2375-1024x683.jpg 1024w, https:\/\/familie-weitgereist.de\/wp-content\/uploads\/2021\/02\/IMG_2375-300x200.jpg 300w, https:\/\/familie-weitgereist.de\/wp-content\/uploads\/2021\/02\/IMG_2375-768x512.jpg 768w, https:\/\/familie-weitgereist.de\/wp-content\/uploads\/2021\/02\/IMG_2375-1536x1024.jpg 1536w, https:\/\/familie-weitgereist.de\/wp-content\/uploads\/2021\/02\/IMG_2375-2048x1365.jpg 2048w, https:\/\/familie-weitgereist.de\/wp-content\/uploads\/2021\/02\/IMG_2375-1200x800.jpg 1200w, https:\/\/familie-weitgereist.de\/wp-content\/uploads\/2021\/02\/IMG_2375-1980x1320.jpg 1980w, https:\/\/familie-weitgereist.de\/wp-content\/uploads\/2021\/02\/IMG_2375-150x100.jpg 150w\" sizes=\"auto, (max-width: 1024px) 100vw, 1024px\" \/><\/figure>\n\n\n\n<figure class=\"wp-block-image size-large\"><img loading=\"lazy\" decoding=\"async\" width=\"1024\" height=\"683\" data-id=\"2891\" src=\"https:\/\/familie-weitgereist.de\/wp-content\/uploads\/2021\/02\/IMG_2874-1-1024x683.jpg\" alt=\"\" class=\"wp-image-2891\" srcset=\"https:\/\/familie-weitgereist.de\/wp-content\/uploads\/2021\/02\/IMG_2874-1-1024x683.jpg 1024w, https:\/\/familie-weitgereist.de\/wp-content\/uploads\/2021\/02\/IMG_2874-1-300x200.jpg 300w, https:\/\/familie-weitgereist.de\/wp-content\/uploads\/2021\/02\/IMG_2874-1-768x512.jpg 768w, https:\/\/familie-weitgereist.de\/wp-content\/uploads\/2021\/02\/IMG_2874-1-1536x1024.jpg 1536w, https:\/\/familie-weitgereist.de\/wp-content\/uploads\/2021\/02\/IMG_2874-1-2048x1365.jpg 2048w, https:\/\/familie-weitgereist.de\/wp-content\/uploads\/2021\/02\/IMG_2874-1-1200x800.jpg 1200w, https:\/\/familie-weitgereist.de\/wp-content\/uploads\/2021\/02\/IMG_2874-1-1980x1320.jpg 1980w, https:\/\/familie-weitgereist.de\/wp-content\/uploads\/2021\/02\/IMG_2874-1-150x100.jpg 150w\" sizes=\"auto, (max-width: 1024px) 100vw, 1024px\" \/><\/figure>\n<figcaption class=\"blocks-gallery-caption wp-element-caption\">Thailand, Malaysia, Singapur<\/figcaption><\/figure>\n\n\n\n<p>Im Februar flogen wir zur\u00fcck nach Deutschland. Allzu lang blieben wir aber nicht da, es war einfach zu kalt. Hihi Wir flogen mit meiner Mutti und meiner Schwester nach <strong><a href=\"https:\/\/familie-weitgereist.de\/?p=920\">La Palma<\/a><\/strong>. So ein sch\u00f6ner Urlaub! Wir wanderten und genossen die herrliche kanarische Sonne.&nbsp;<\/p>\n\n\n\n<figure class=\"wp-block-image size-large\"><img loading=\"lazy\" decoding=\"async\" width=\"1024\" height=\"768\" src=\"https:\/\/familie-weitgereist.de\/wp-content\/uploads\/2021\/02\/DSCN1667-1024x768.jpg\" alt=\"\" class=\"wp-image-2892\" srcset=\"https:\/\/familie-weitgereist.de\/wp-content\/uploads\/2021\/02\/DSCN1667-1024x768.jpg 1024w, https:\/\/familie-weitgereist.de\/wp-content\/uploads\/2021\/02\/DSCN1667-300x225.jpg 300w, https:\/\/familie-weitgereist.de\/wp-content\/uploads\/2021\/02\/DSCN1667-768x576.jpg 768w, https:\/\/familie-weitgereist.de\/wp-content\/uploads\/2021\/02\/DSCN1667-1536x1152.jpg 1536w, https:\/\/familie-weitgereist.de\/wp-content\/uploads\/2021\/02\/DSCN1667-2048x1536.jpg 2048w, https:\/\/familie-weitgereist.de\/wp-content\/uploads\/2021\/02\/DSCN1667-1200x900.jpg 1200w, https:\/\/familie-weitgereist.de\/wp-content\/uploads\/2021\/02\/DSCN1667-1980x1485.jpg 1980w, https:\/\/familie-weitgereist.de\/wp-content\/uploads\/2021\/02\/DSCN1667-853x640.jpg 853w, https:\/\/familie-weitgereist.de\/wp-content\/uploads\/2021\/02\/DSCN1667-150x113.jpg 150w\" sizes=\"auto, (max-width: 1024px) 100vw, 1024px\" \/><figcaption class=\"wp-element-caption\">Roque de los Muchachos, La Palma<\/figcaption><\/figure>\n\n\n\n<p>Zu Pfingsten fuhren meine Mutti, Merlin und ich nach <strong><a href=\"https:\/\/familie-weitgereist.de\/?p=919\">Pfronten, ins Allg\u00e4u<\/a><\/strong>. Auch hier wanderten wir jeden Tag bei sch\u00f6nstem Wetter durch die Berge und besichtigten sogar das ber\u00fchmte Schloss Neuschwanstein. Wow!&nbsp;<\/p>\n\n\n\n<figure class=\"wp-block-image size-large\"><img loading=\"lazy\" decoding=\"async\" width=\"1024\" height=\"768\" src=\"https:\/\/familie-weitgereist.de\/wp-content\/uploads\/2021\/02\/DSCN3146-1024x768.jpg\" alt=\"\" class=\"wp-image-2893\" srcset=\"https:\/\/familie-weitgereist.de\/wp-content\/uploads\/2021\/02\/DSCN3146-1024x768.jpg 1024w, https:\/\/familie-weitgereist.de\/wp-content\/uploads\/2021\/02\/DSCN3146-300x225.jpg 300w, https:\/\/familie-weitgereist.de\/wp-content\/uploads\/2021\/02\/DSCN3146-768x576.jpg 768w, https:\/\/familie-weitgereist.de\/wp-content\/uploads\/2021\/02\/DSCN3146-1536x1152.jpg 1536w, https:\/\/familie-weitgereist.de\/wp-content\/uploads\/2021\/02\/DSCN3146-2048x1536.jpg 2048w, https:\/\/familie-weitgereist.de\/wp-content\/uploads\/2021\/02\/DSCN3146-1200x900.jpg 1200w, https:\/\/familie-weitgereist.de\/wp-content\/uploads\/2021\/02\/DSCN3146-1980x1485.jpg 1980w, https:\/\/familie-weitgereist.de\/wp-content\/uploads\/2021\/02\/DSCN3146-853x640.jpg 853w, https:\/\/familie-weitgereist.de\/wp-content\/uploads\/2021\/02\/DSCN3146-150x113.jpg 150w\" sizes=\"auto, (max-width: 1024px) 100vw, 1024px\" \/><figcaption class=\"wp-element-caption\">Schloss Neuschwanstein, Deutschland<\/figcaption><\/figure>\n\n\n\n<p>Unser Sommerurlaub ging nach <strong><a href=\"https:\/\/familie-weitgereist.de\/?p=918\">S\u00fcdkorea<\/a><\/strong>! Juhu! Wir haben uns so in <strong><a href=\"https:\/\/familie-weitgereist.de\/?p=934\">Japan<\/a><\/strong> verliebt und wollten einfach wieder zur\u00fcck in das moderne Asien. Es war abenteuerlich, wandern, St\u00e4dte erkunden und die Insel Jeju. Toll!&nbsp;<\/p>\n\n\n\n<figure class=\"wp-block-image size-large\"><img loading=\"lazy\" decoding=\"async\" width=\"1024\" height=\"683\" src=\"https:\/\/familie-weitgereist.de\/wp-content\/uploads\/2021\/02\/IMG_3965-1024x683.jpg\" alt=\"\" class=\"wp-image-2895\" srcset=\"https:\/\/familie-weitgereist.de\/wp-content\/uploads\/2021\/02\/IMG_3965-1024x683.jpg 1024w, https:\/\/familie-weitgereist.de\/wp-content\/uploads\/2021\/02\/IMG_3965-300x200.jpg 300w, https:\/\/familie-weitgereist.de\/wp-content\/uploads\/2021\/02\/IMG_3965-768x512.jpg 768w, https:\/\/familie-weitgereist.de\/wp-content\/uploads\/2021\/02\/IMG_3965-1536x1024.jpg 1536w, https:\/\/familie-weitgereist.de\/wp-content\/uploads\/2021\/02\/IMG_3965-2048x1365.jpg 2048w, https:\/\/familie-weitgereist.de\/wp-content\/uploads\/2021\/02\/IMG_3965-1200x800.jpg 1200w, https:\/\/familie-weitgereist.de\/wp-content\/uploads\/2021\/02\/IMG_3965-1980x1320.jpg 1980w, https:\/\/familie-weitgereist.de\/wp-content\/uploads\/2021\/02\/IMG_3965-150x100.jpg 150w\" sizes=\"auto, (max-width: 1024px) 100vw, 1024px\" \/><figcaption class=\"wp-element-caption\">Seoul, S\u00fcdkorea<\/figcaption><\/figure>\n\n\n\n<p>Am langen Reformationstag Wochenende sind wir nach <strong><a href=\"https:\/\/familie-weitgereist.de\/?p=913\">Bad Frankenhausen<\/a><\/strong> gefahren, in das herrliche <strong>Kyffh\u00e4user<\/strong> Gebiet. Auch hier hatten wir bezauberndes Wetter und bewunderten das Denkmal bei sch\u00f6nstem Sonnenschein.&nbsp;<\/p>\n\n\n\n<figure class=\"wp-block-image size-large is-resized\"><img loading=\"lazy\" decoding=\"async\" src=\"https:\/\/familie-weitgereist.de\/wp-content\/uploads\/2021\/02\/IMG_5945-1024x683.jpg\" alt=\"\" class=\"wp-image-2896\" width=\"376\" height=\"250\" srcset=\"https:\/\/familie-weitgereist.de\/wp-content\/uploads\/2021\/02\/IMG_5945-1024x683.jpg 1024w, https:\/\/familie-weitgereist.de\/wp-content\/uploads\/2021\/02\/IMG_5945-300x200.jpg 300w, https:\/\/familie-weitgereist.de\/wp-content\/uploads\/2021\/02\/IMG_5945-768x512.jpg 768w, https:\/\/familie-weitgereist.de\/wp-content\/uploads\/2021\/02\/IMG_5945-1536x1024.jpg 1536w, https:\/\/familie-weitgereist.de\/wp-content\/uploads\/2021\/02\/IMG_5945-2048x1365.jpg 2048w, https:\/\/familie-weitgereist.de\/wp-content\/uploads\/2021\/02\/IMG_5945-1200x800.jpg 1200w, https:\/\/familie-weitgereist.de\/wp-content\/uploads\/2021\/02\/IMG_5945-1980x1320.jpg 1980w, https:\/\/familie-weitgereist.de\/wp-content\/uploads\/2021\/02\/IMG_5945-150x100.jpg 150w\" sizes=\"auto, (max-width: 376px) 100vw, 376px\" \/><figcaption class=\"wp-element-caption\">Kyffh\u00e4user Denkmal, Th\u00fcringen, Deutschland<\/figcaption><\/figure>\n\n\n\n<p>Unser Weihnachten und Silvester verbringen wir gerade auf den <strong><a href=\"https:\/\/familie-weitgereist.de\/?p=912\">F\u00e4r\u00f6er Inseln<\/a><\/strong> und genie\u00dfen die wunderbar abgeschiedene Ruhe, keine Touristen und wechselhaftes nordisches Wetter!&nbsp;<\/p>\n\n\n\n<figure class=\"wp-block-image size-large\"><img loading=\"lazy\" decoding=\"async\" width=\"1024\" height=\"683\" src=\"https:\/\/familie-weitgereist.de\/wp-content\/uploads\/2020\/11\/IMG_7948-1024x683.jpg\" alt=\"\" class=\"wp-image-2312\" srcset=\"https:\/\/familie-weitgereist.de\/wp-content\/uploads\/2020\/11\/IMG_7948-1024x683.jpg 1024w, https:\/\/familie-weitgereist.de\/wp-content\/uploads\/2020\/11\/IMG_7948-300x200.jpg 300w, https:\/\/familie-weitgereist.de\/wp-content\/uploads\/2020\/11\/IMG_7948-768x512.jpg 768w, https:\/\/familie-weitgereist.de\/wp-content\/uploads\/2020\/11\/IMG_7948-1536x1024.jpg 1536w, https:\/\/familie-weitgereist.de\/wp-content\/uploads\/2020\/11\/IMG_7948-2048x1365.jpg 2048w, https:\/\/familie-weitgereist.de\/wp-content\/uploads\/2020\/11\/IMG_7948-1200x800.jpg 1200w, https:\/\/familie-weitgereist.de\/wp-content\/uploads\/2020\/11\/IMG_7948-1980x1320.jpg 1980w, https:\/\/familie-weitgereist.de\/wp-content\/uploads\/2020\/11\/IMG_7948-150x100.jpg 150w\" sizes=\"auto, (max-width: 1024px) 100vw, 1024px\" \/><figcaption class=\"wp-element-caption\">F\u00e4r\u00f6er Inseln<\/figcaption><\/figure>\n\n\n\n<p>Ein tolles Reisejahr geht zu Ende und ich kann 2020 und seine Abenteuer kaum erwarten.<\/p>\n\n\n\n<p><strong>Im Jahr 2019 haben wir insgesamt 8 L\u00e4nder bereist.<\/strong><\/p>\n\n\n\n<p>Zusammenfassung bis 2019:&nbsp; &nbsp; <\/p>\n\n\n\n<p><strong>Michaela<\/strong><\/p>\n\n\n\n<p><strong>Europa 33 L\u00e4nder: <\/strong>Albanien, Andorra, Belgien, Bulgarien, D\u00e4nemark (F\u00e4r\u00f6er Inseln), Deutschland, Frankreich, Griechenland, Island, Italien, Kroatien, Malta, Moldawien, Montenegro, Niederlande, Nordmazedonien, Norwegen, \u00d6sterreich, Polen, Portugal, Rum\u00e4nien, San Marino, Schweden, Schweiz, Slowakei, Slowenien, Spanien, Tschechische Republik, T\u00fcrkei, Ungarn, Vatikan, Vereinigtes K\u00f6nigreich (Gibraltar), Zypern<\/p>\n\n\n\n<p><strong>Afrika 3 L\u00e4nder:<\/strong> Lesotho, Mauritius, S\u00fcdafrika<\/p>\n\n\n\n<p><strong>Amerika 9 L\u00e4nder: <\/strong>Belize, Bolivien, Chile, Guatemala, Kanada, Kuba, Mexiko, Peru, USA<\/p>\n\n\n\n<p><strong>Asien 7 L\u00e4nder:<\/strong> Indonesien, Japan, Kambodscha, Malaysia, Singapur, S\u00fcdkorea, Thailand<\/p>\n\n\n\n<p><strong>&#8211;&gt; 52 L\u00e4nder <\/strong><\/p>\n\n\n\n<p><strong>&#8211;&gt; 16 US-Bundesstaaten<\/strong>: Arizona, Connecticut, Delaware, Florida, Hawaii, Illinois, Kalifornien, Maryland, Massachusetts, Michigan, Nevada, New Hampshire, New York, Pennsylvania, Vermont, Virginia<\/p>\n\n\n\n<p><strong>Philipp<\/strong><\/p>\n\n\n\n<p><strong>Europa 24 L\u00e4nder: <\/strong>Albanien, Bulgarien, D\u00e4nemark (F\u00e4r\u00f6er Inseln), Deutschland, Frankreich, Griechenland, Island, Italien, Kroatien, Moldawien, Montenegro, Niederlande, Nordmazedonien, \u00d6sterreich, Polen, Rum\u00e4nien, San Marino, Slowenien, Spanien, Tschechische Republik, T\u00fcrkei, Ungarn, Vatikan, Vereinigtes K\u00f6nigreich<\/p>\n\n\n\n<p><strong>Amerika 9 L\u00e4nder:<\/strong> Belize, Bolivien, Chile, Guatemala, Kanada, Kuba, Mexiko, Peru, USA<\/p>\n\n\n\n<p><strong>Asien 7 L\u00e4nder:<\/strong> Indonesien, Japan, Kambodscha, Malaysia, Singapur, S\u00fcdkorea, Thailand<\/p>\n\n\n\n<p><strong>&#8211;&gt; 40 L\u00e4nder<\/strong> &nbsp; <\/p>\n\n\n\n<p><strong>Merlin<\/strong><\/p>\n\n\n\n<p><strong>Europa 4 L\u00e4nder: <\/strong>D\u00e4nemark (F\u00e4r\u00f6er Inseln), Deutschland, \u00d6sterreich, Spanien<\/p>\n\n\n\n<p><strong>Amerika 5 L\u00e4nder: <\/strong>Belize, Guatemala, Kuba, Mexiko, USA<\/p>\n\n\n\n<p><strong>Asien 7 L\u00e4nder: <\/strong>Indonesien, Japan, Kambodscha, Malaysia, Singapur, S\u00fcdkorea, Thailand<\/p>\n\n\n\n<p><strong>&#8211;> 16 L\u00e4nder <\/strong>\u00a0 <\/p>\n\n\n\n<p><strong>2019 sind 5 neue L\u00e4nder hinzu gekommen.<\/strong><\/p>\n","protected":false},"excerpt":{"rendered":"<p>Glaedelig Jul! (Wir sind gerade auf den F\u00e4r\u00f6er Inseln.) In diesem Beitrag m\u00f6chte ich unser Reisejahr 2019 zusammen fassen und mich an die vielen sch\u00f6nen Momente erinnern. Wir hatten ein super Jahr und freuen uns schon sehr auf die vielen Abenteuer in 2020. Das Jahr begann f\u00fcr uns in Kambodscha. Wir waren noch auf unserer [&hellip;]<\/p>\n","protected":false},"author":3,"featured_media":2895,"comment_status":"open","ping_status":"open","sticky":false,"template":"","format":"standard","meta":{"_themeisle_gutenberg_block_has_review":false,"footnotes":""},"categories":[8,5,1751,570,242,243,231,4,229,245,246,244,230,1765],"tags":[330,325,202,408,213,328,211,143,206,405],"class_list":["post-914","post","type-post","status-publish","format-standard","has-post-thumbnail","hentry","category-europa","category-asien","category-bayern","category-daenemark","category-deutschland","category-faeroer","category-kambodscha","category-laender","category-malaysia","category-singapur","category-spanien","category-suedkorea","category-thailand","category-thueringen","tag-330","tag-deutschland","tag-faeroeer-inseln","tag-kambodscha","tag-malaysia","tag-rueckblick","tag-singapur","tag-spanien","tag-suedkorea","tag-thailand"],"_links":{"self":[{"href":"https:\/\/familie-weitgereist.de\/index.php?rest_route=\/wp\/v2\/posts\/914","targetHints":{"allow":["GET"]}}],"collection":[{"href":"https:\/\/familie-weitgereist.de\/index.php?rest_route=\/wp\/v2\/posts"}],"about":[{"href":"https:\/\/familie-weitgereist.de\/index.php?rest_route=\/wp\/v2\/types\/post"}],"author":[{"embeddable":true,"href":"https:\/\/familie-weitgereist.de\/index.php?rest_route=\/wp\/v2\/users\/3"}],"replies":[{"embeddable":true,"href":"https:\/\/familie-weitgereist.de\/index.php?rest_route=%2Fwp%2Fv2%2Fcomments&post=914"}],"version-history":[{"count":29,"href":"https:\/\/familie-weitgereist.de\/index.php?rest_route=\/wp\/v2\/posts\/914\/revisions"}],"predecessor-version":[{"id":12072,"href":"https:\/\/familie-weitgereist.de\/index.php?rest_route=\/wp\/v2\/posts\/914\/revisions\/12072"}],"wp:featuredmedia":[{"embeddable":true,"href":"https:\/\/familie-weitgereist.de\/index.php?rest_route=\/wp\/v2\/media\/2895"}],"wp:attachment":[{"href":"https:\/\/familie-weitgereist.de\/index.php?rest_route=%2Fwp%2Fv2%2Fmedia&parent=914"}],"wp:term":[{"taxonomy":"category","embeddable":true,"href":"https:\/\/familie-weitgereist.de\/index.php?rest_route=%2Fwp%2Fv2%2Fcategories&post=914"},{"taxonomy":"post_tag","embeddable":true,"href":"https:\/\/familie-weitgereist.de\/index.php?rest_route=%2Fwp%2Fv2%2Ftags&post=914"}],"curies":[{"name":"wp","href":"https:\/\/api.w.org\/{rel}","templated":true}]}}