{"id":9130,"date":"2022-06-16T18:37:53","date_gmt":"2022-06-16T16:37:53","guid":{"rendered":"https:\/\/familie-weitgereist.de\/?p=9130"},"modified":"2025-10-09T23:07:14","modified_gmt":"2025-10-09T21:07:14","slug":"workation-in-kaernten-oesterreich-mit-kleinkind-teil-1","status":"publish","type":"post","link":"https:\/\/familie-weitgereist.de\/?p=9130","title":{"rendered":"Workation in K\u00e4rnten, \u00d6sterreich mit Kleinkind"},"content":{"rendered":"\n<p>In diesem Beitrag berichten wir \u00fcber unsere Workation Woche in <strong>Tr\u00f6polach<\/strong> im sch\u00f6nen <strong>K\u00e4rnten in \u00d6sterreich<\/strong>!<\/p>\n\n\n\n<figure class=\"wp-block-image size-large\"><img loading=\"lazy\" decoding=\"async\" width=\"1024\" height=\"683\" src=\"https:\/\/familie-weitgereist.de\/wp-content\/uploads\/2022\/06\/20220614051327_IMG_7333-1024x683.jpg\" alt=\"\" class=\"wp-image-9159\" srcset=\"https:\/\/familie-weitgereist.de\/wp-content\/uploads\/2022\/06\/20220614051327_IMG_7333-1024x683.jpg 1024w, https:\/\/familie-weitgereist.de\/wp-content\/uploads\/2022\/06\/20220614051327_IMG_7333-300x200.jpg 300w, https:\/\/familie-weitgereist.de\/wp-content\/uploads\/2022\/06\/20220614051327_IMG_7333-768x512.jpg 768w, https:\/\/familie-weitgereist.de\/wp-content\/uploads\/2022\/06\/20220614051327_IMG_7333-1536x1024.jpg 1536w, https:\/\/familie-weitgereist.de\/wp-content\/uploads\/2022\/06\/20220614051327_IMG_7333-2048x1365.jpg 2048w, https:\/\/familie-weitgereist.de\/wp-content\/uploads\/2022\/06\/20220614051327_IMG_7333-1200x800.jpg 1200w, https:\/\/familie-weitgereist.de\/wp-content\/uploads\/2022\/06\/20220614051327_IMG_7333-1980x1320.jpg 1980w, https:\/\/familie-weitgereist.de\/wp-content\/uploads\/2022\/06\/20220614051327_IMG_7333-150x100.jpg 150w\" sizes=\"auto, (max-width: 1024px) 100vw, 1024px\" \/><\/figure>\n\n\n\n<p>K\u00e4rnten ist ein s\u00fcd\u00f6stereichisches Bundesland, welches sich durch hohe Berge, Bergseen, viele Sonnenstunden, traumhafte Almen und puren Lebens- und Urlaubsgenuss auszeichnet. In K\u00e4rnten gibt es unendlich viel zu erkunden und zu erleben. Besonders Aktivurlauber kommen hier auf ihre Kosten. Das Wetter ist im Sommer nahezu schon mediterran warm und die vielen Sonnenstunden k\u00f6nnen an Badeseen, Bergseen, auf den Almen, beim Wandern, Biken oder dem Lift fahren genossen werden. Zudem befindet sich \u00d6sterreichs h\u00f6chster Berg im Bundesland K\u00e4rnten, der <strong>Gro\u00dfglockner<\/strong> mit 3798m.<\/p>\n\n\n\n<figure class=\"wp-block-image size-large\"><img loading=\"lazy\" decoding=\"async\" width=\"1024\" height=\"683\" src=\"https:\/\/familie-weitgereist.de\/wp-content\/uploads\/2022\/06\/20220618035236_IMG_7947-1024x683.jpg\" alt=\"\" class=\"wp-image-9227\" srcset=\"https:\/\/familie-weitgereist.de\/wp-content\/uploads\/2022\/06\/20220618035236_IMG_7947-1024x683.jpg 1024w, https:\/\/familie-weitgereist.de\/wp-content\/uploads\/2022\/06\/20220618035236_IMG_7947-300x200.jpg 300w, https:\/\/familie-weitgereist.de\/wp-content\/uploads\/2022\/06\/20220618035236_IMG_7947-768x512.jpg 768w, https:\/\/familie-weitgereist.de\/wp-content\/uploads\/2022\/06\/20220618035236_IMG_7947-1536x1024.jpg 1536w, https:\/\/familie-weitgereist.de\/wp-content\/uploads\/2022\/06\/20220618035236_IMG_7947-2048x1365.jpg 2048w, https:\/\/familie-weitgereist.de\/wp-content\/uploads\/2022\/06\/20220618035236_IMG_7947-1200x800.jpg 1200w, https:\/\/familie-weitgereist.de\/wp-content\/uploads\/2022\/06\/20220618035236_IMG_7947-1980x1320.jpg 1980w, https:\/\/familie-weitgereist.de\/wp-content\/uploads\/2022\/06\/20220618035236_IMG_7947-150x100.jpg 150w\" sizes=\"auto, (max-width: 1024px) 100vw, 1024px\" \/><figcaption> Blick auf den Gro\u00dfglockner in der Ferne<\/figcaption><\/figure>\n\n\n\n<h2 class=\"wp-block-heading\">Tr\u00f6polach<\/h2>\n\n\n\n<p>Unsere Ferienwohnung befindet sich in dem kleinen, urgem\u00fctlichen Feriendorf Tr\u00f6polach.<\/p>\n\n\n\n<figure class=\"wp-block-image size-large\"><img loading=\"lazy\" decoding=\"async\" width=\"1024\" height=\"683\" src=\"https:\/\/familie-weitgereist.de\/wp-content\/uploads\/2022\/06\/20220612100706_IMG_7198-1024x683.jpg\" alt=\"\" class=\"wp-image-9138\" srcset=\"https:\/\/familie-weitgereist.de\/wp-content\/uploads\/2022\/06\/20220612100706_IMG_7198-1024x683.jpg 1024w, https:\/\/familie-weitgereist.de\/wp-content\/uploads\/2022\/06\/20220612100706_IMG_7198-300x200.jpg 300w, https:\/\/familie-weitgereist.de\/wp-content\/uploads\/2022\/06\/20220612100706_IMG_7198-768x512.jpg 768w, https:\/\/familie-weitgereist.de\/wp-content\/uploads\/2022\/06\/20220612100706_IMG_7198-1536x1024.jpg 1536w, https:\/\/familie-weitgereist.de\/wp-content\/uploads\/2022\/06\/20220612100706_IMG_7198-2048x1365.jpg 2048w, https:\/\/familie-weitgereist.de\/wp-content\/uploads\/2022\/06\/20220612100706_IMG_7198-1200x800.jpg 1200w, https:\/\/familie-weitgereist.de\/wp-content\/uploads\/2022\/06\/20220612100706_IMG_7198-1980x1320.jpg 1980w, https:\/\/familie-weitgereist.de\/wp-content\/uploads\/2022\/06\/20220612100706_IMG_7198-150x100.jpg 150w\" sizes=\"auto, (max-width: 1024px) 100vw, 1024px\" \/><figcaption>Ortsmitte von Tr\u00f6polach<\/figcaption><\/figure>\n\n\n\n<p>Unsere Ferienwohnung ist sehr ger\u00e4umig und wundersch\u00f6n gelegen.<\/p>\n\n\n\n<figure class=\"wp-block-image size-large\"><img loading=\"lazy\" decoding=\"async\" width=\"1024\" height=\"683\" src=\"https:\/\/familie-weitgereist.de\/wp-content\/uploads\/2022\/06\/20220612100347_IMG_7194-1024x683.jpg\" alt=\"\" class=\"wp-image-9139\" srcset=\"https:\/\/familie-weitgereist.de\/wp-content\/uploads\/2022\/06\/20220612100347_IMG_7194-1024x683.jpg 1024w, https:\/\/familie-weitgereist.de\/wp-content\/uploads\/2022\/06\/20220612100347_IMG_7194-300x200.jpg 300w, https:\/\/familie-weitgereist.de\/wp-content\/uploads\/2022\/06\/20220612100347_IMG_7194-768x512.jpg 768w, https:\/\/familie-weitgereist.de\/wp-content\/uploads\/2022\/06\/20220612100347_IMG_7194-1536x1024.jpg 1536w, https:\/\/familie-weitgereist.de\/wp-content\/uploads\/2022\/06\/20220612100347_IMG_7194-2048x1365.jpg 2048w, https:\/\/familie-weitgereist.de\/wp-content\/uploads\/2022\/06\/20220612100347_IMG_7194-1200x800.jpg 1200w, https:\/\/familie-weitgereist.de\/wp-content\/uploads\/2022\/06\/20220612100347_IMG_7194-1980x1320.jpg 1980w, https:\/\/familie-weitgereist.de\/wp-content\/uploads\/2022\/06\/20220612100347_IMG_7194-150x100.jpg 150w\" sizes=\"auto, (max-width: 1024px) 100vw, 1024px\" \/><\/figure>\n\n\n\n<p>Wir erhielten eine <strong>G\u00e4stekarte<\/strong>, die <strong>+Card<\/strong> <strong>holiday<\/strong>, welche \u00e4u\u00dferst viele Gratisleistungen und Verg\u00fcnstigungen bietet. Besonders vorteilhaft ist, dass drei Lifte gratis genutzt werden k\u00f6nnen, so oft man m\u00f6chte. Zudem gibt es Erm\u00e4\u00dfigungen f\u00fcr die Garnitzenklamm, Freib\u00e4der und Naturbadeseen. <\/p>\n\n\n\n<h2 class=\"wp-block-heading\">Slow Trail um den Pressegger See<\/h2>\n\n\n\n<p>Um den Pressegger See f\u00fchrt ein Wanderweg, welcher mittels vieler interessanter Informationstafeln \u00fcber die Sagenwelt, rund um diese Region informiert. Alles ist kindgerecht gestaltet, viele R\u00e4tsel, ein Schilflabyrinth und Mitmachstationen gestalten die 6 km lange Wanderung kurzweilig.<\/p>\n\n\n\n<figure class=\"wp-block-image size-large\"><img loading=\"lazy\" decoding=\"async\" width=\"1024\" height=\"683\" src=\"https:\/\/familie-weitgereist.de\/wp-content\/uploads\/2022\/06\/20220613083926_IMG_7241-1024x683.jpg\" alt=\"\" class=\"wp-image-9151\" srcset=\"https:\/\/familie-weitgereist.de\/wp-content\/uploads\/2022\/06\/20220613083926_IMG_7241-1024x683.jpg 1024w, https:\/\/familie-weitgereist.de\/wp-content\/uploads\/2022\/06\/20220613083926_IMG_7241-300x200.jpg 300w, https:\/\/familie-weitgereist.de\/wp-content\/uploads\/2022\/06\/20220613083926_IMG_7241-768x512.jpg 768w, https:\/\/familie-weitgereist.de\/wp-content\/uploads\/2022\/06\/20220613083926_IMG_7241-1536x1024.jpg 1536w, https:\/\/familie-weitgereist.de\/wp-content\/uploads\/2022\/06\/20220613083926_IMG_7241-2048x1365.jpg 2048w, https:\/\/familie-weitgereist.de\/wp-content\/uploads\/2022\/06\/20220613083926_IMG_7241-1200x800.jpg 1200w, https:\/\/familie-weitgereist.de\/wp-content\/uploads\/2022\/06\/20220613083926_IMG_7241-1980x1320.jpg 1980w, https:\/\/familie-weitgereist.de\/wp-content\/uploads\/2022\/06\/20220613083926_IMG_7241-150x100.jpg 150w\" sizes=\"auto, (max-width: 1024px) 100vw, 1024px\" \/><figcaption>Pressegger See<\/figcaption><\/figure>\n\n\n\n<p>Um den Pressegger See befindet sich das gr\u00f6\u00dfte Schilfvorkommen K\u00e4rntens. Der See ist im Sommer angenehm warm und l\u00e4dt mit seinem Strandbad zum Baden ein.<\/p>\n\n\n\n<div id=\"wp-block-themeisle-blocks-slider-a20f6516\" class=\"wp-block-themeisle-blocks-slider glide\" data-per-view=\"1\" data-gap=\"0\" data-peek=\"0\" data-autoplay=\"true\" data-height=\"400px\" data-hide-arrows=\"false\"><div class=\"glide__track\" data-glide-el=\"track\"><div class=\"glide__slides\"><div class=\"wp-block-themeisle-blocks-slider-item-wrapper glide__slide\" tabindex=\"0\"><figure><img decoding=\"async\" class=\"wp-block-themeisle-blocks-slider-item\" src=\"https:\/\/familie-weitgereist.de\/wp-content\/uploads\/2022\/06\/20220613075750_IMG_7215-scaled.jpg\" alt=\"\" title=\"\" data-id=\"9148\"\/><\/figure><\/div><div class=\"wp-block-themeisle-blocks-slider-item-wrapper glide__slide\" tabindex=\"0\"><figure><img decoding=\"async\" class=\"wp-block-themeisle-blocks-slider-item\" src=\"https:\/\/familie-weitgereist.de\/wp-content\/uploads\/2022\/06\/20220613081244_IMG_7226-scaled.jpg\" alt=\"\" title=\"\" data-id=\"9149\"\/><\/figure><\/div><\/div><div class=\"glide__bullets\" data-glide-el=\"controls[nav]\"><button class=\"glide__bullet\" data-glide-dir=\"=0\"><\/button><button class=\"glide__bullet\" data-glide-dir=\"=1\"><\/button><\/div><\/div><\/div>\n\n\n\n<h2 class=\"wp-block-heading\">Garnitzenklamm<\/h2>\n\n\n\n<p>Die <strong>Garnitzenklamm<\/strong> liegt im <strong>K\u00e4rntner<\/strong> <strong>Gailtal<\/strong>. Der Garnitzenbach grub im Laufe der Jahrhunderte eine 4,5 km lange Schlucht in die Karnischen Alpen. Die Klamm ist ein wahres Naturspektakel, aufregend und traumhaft zu gleich beim Durchwandern.<\/p>\n\n\n\n<figure class=\"wp-block-image size-large\"><img loading=\"lazy\" decoding=\"async\" width=\"1024\" height=\"683\" src=\"https:\/\/familie-weitgereist.de\/wp-content\/uploads\/2022\/06\/20220614082756_IMG_7377-1024x683.jpg\" alt=\"\" class=\"wp-image-9250\" srcset=\"https:\/\/familie-weitgereist.de\/wp-content\/uploads\/2022\/06\/20220614082756_IMG_7377-1024x683.jpg 1024w, https:\/\/familie-weitgereist.de\/wp-content\/uploads\/2022\/06\/20220614082756_IMG_7377-300x200.jpg 300w, https:\/\/familie-weitgereist.de\/wp-content\/uploads\/2022\/06\/20220614082756_IMG_7377-768x512.jpg 768w, https:\/\/familie-weitgereist.de\/wp-content\/uploads\/2022\/06\/20220614082756_IMG_7377-1536x1024.jpg 1536w, https:\/\/familie-weitgereist.de\/wp-content\/uploads\/2022\/06\/20220614082756_IMG_7377-2048x1365.jpg 2048w, https:\/\/familie-weitgereist.de\/wp-content\/uploads\/2022\/06\/20220614082756_IMG_7377-1200x800.jpg 1200w, https:\/\/familie-weitgereist.de\/wp-content\/uploads\/2022\/06\/20220614082756_IMG_7377-1980x1320.jpg 1980w, https:\/\/familie-weitgereist.de\/wp-content\/uploads\/2022\/06\/20220614082756_IMG_7377-150x100.jpg 150w\" sizes=\"auto, (max-width: 1024px) 100vw, 1024px\" \/><\/figure>\n\n\n\n<p>Die Klamm wurde in 4 Abschnitte eingeteilt und ist nur von Ende Mai bis Ende September, je nach Witterung ge\u00f6ffnet.<\/p>\n\n\n\n<figure class=\"wp-block-image size-large\"><img loading=\"lazy\" decoding=\"async\" width=\"1024\" height=\"683\" src=\"https:\/\/familie-weitgereist.de\/wp-content\/uploads\/2022\/06\/20220614083033_IMG_7385-1024x683.jpg\" alt=\"\" class=\"wp-image-9258\" srcset=\"https:\/\/familie-weitgereist.de\/wp-content\/uploads\/2022\/06\/20220614083033_IMG_7385-1024x683.jpg 1024w, https:\/\/familie-weitgereist.de\/wp-content\/uploads\/2022\/06\/20220614083033_IMG_7385-300x200.jpg 300w, https:\/\/familie-weitgereist.de\/wp-content\/uploads\/2022\/06\/20220614083033_IMG_7385-768x512.jpg 768w, https:\/\/familie-weitgereist.de\/wp-content\/uploads\/2022\/06\/20220614083033_IMG_7385-1536x1024.jpg 1536w, https:\/\/familie-weitgereist.de\/wp-content\/uploads\/2022\/06\/20220614083033_IMG_7385-2048x1365.jpg 2048w, https:\/\/familie-weitgereist.de\/wp-content\/uploads\/2022\/06\/20220614083033_IMG_7385-1200x800.jpg 1200w, https:\/\/familie-weitgereist.de\/wp-content\/uploads\/2022\/06\/20220614083033_IMG_7385-1980x1320.jpg 1980w, https:\/\/familie-weitgereist.de\/wp-content\/uploads\/2022\/06\/20220614083033_IMG_7385-150x100.jpg 150w\" sizes=\"auto, (max-width: 1024px) 100vw, 1024px\" \/><\/figure>\n\n\n\n<p>Wird die ganze Klamm durchlaufen, legt man eine H\u00f6hendifferenz von 495m zur\u00fcck. Die Wege sind zum Teil feucht, steinig, eng und f\u00fchren an Felsspalten und Abh\u00e4ngen entlang. An einigen Stellen muss ebenfalls geklettert werden. Trittsicherheit, ordentliches Schuhwerk und Schwindelfreiheit sind daher Pflicht.<\/p>\n\n\n\n<div id=\"wp-block-themeisle-blocks-slider-1022e67d\" class=\"wp-block-themeisle-blocks-slider glide\" data-per-view=\"1\" data-gap=\"0\" data-peek=\"0\" data-autoplay=\"true\" data-height=\"352px\" data-hide-arrows=\"false\"><div class=\"glide__track\" data-glide-el=\"track\"><div class=\"glide__slides\"><div class=\"wp-block-themeisle-blocks-slider-item-wrapper glide__slide\" tabindex=\"0\"><figure><img decoding=\"async\" class=\"wp-block-themeisle-blocks-slider-item\" src=\"https:\/\/familie-weitgereist.de\/wp-content\/uploads\/2022\/06\/20220614090743_IMG_7409-scaled.jpg\" alt=\"\" title=\"\" data-id=\"9255\"\/><\/figure><\/div><div class=\"wp-block-themeisle-blocks-slider-item-wrapper glide__slide\" tabindex=\"0\"><figure><img decoding=\"async\" class=\"wp-block-themeisle-blocks-slider-item\" src=\"https:\/\/familie-weitgereist.de\/wp-content\/uploads\/2022\/06\/20220614084348_IMG_7395-scaled.jpg\" alt=\"\" title=\"\" data-id=\"9257\"\/><\/figure><\/div><div class=\"wp-block-themeisle-blocks-slider-item-wrapper glide__slide\" tabindex=\"0\"><figure><img decoding=\"async\" class=\"wp-block-themeisle-blocks-slider-item\" src=\"https:\/\/familie-weitgereist.de\/wp-content\/uploads\/2022\/06\/20220614083526_IMG_7392-scaled.jpg\" alt=\"\" title=\"\" data-id=\"9259\"\/><\/figure><\/div><\/div><div class=\"glide__bullets\" data-glide-el=\"controls[nav]\"><button class=\"glide__bullet\" data-glide-dir=\"=0\"><\/button><button class=\"glide__bullet\" data-glide-dir=\"=1\"><\/button><button class=\"glide__bullet\" data-glide-dir=\"=2\"><\/button><\/div><\/div><\/div>\n\n\n\n<p>Wir liefen die Klamm bis zum Ende des 2. Teils. Anschlie\u00dfend verlief unser R\u00fcckweg durch den Wald, ebenfalls zuerst leicht bergauf auf sch\u00f6nen Pfaden, anschlie\u00dfend steil bergab auf einem schmalen Weg.<\/p>\n\n\n\n<h2 class=\"wp-block-heading\">Sonnenalpe Nassfeld: K\u00e4rntens Erlebnisberg Nr. 1<\/h2>\n\n\n\n<p>Das Highlight in der s\u00fcdlichen K\u00e4rtner Region ist definitiv die <strong>Sonnenalpe um Nassfeld<\/strong>. Ein gro\u00dfer Almen-, Liftkomplex bietet unendlich viele M\u00f6glichkeiten aktiv zu sein und die Alpenwelt, besonders mit Kindern, zu entdecken.<\/p>\n\n\n\n<figure class=\"wp-block-image size-large\"><img loading=\"lazy\" decoding=\"async\" width=\"1024\" height=\"683\" src=\"https:\/\/familie-weitgereist.de\/wp-content\/uploads\/2022\/06\/20220612104006_IMG_7207-1024x683.jpg\" alt=\"\" class=\"wp-image-9162\" srcset=\"https:\/\/familie-weitgereist.de\/wp-content\/uploads\/2022\/06\/20220612104006_IMG_7207-1024x683.jpg 1024w, https:\/\/familie-weitgereist.de\/wp-content\/uploads\/2022\/06\/20220612104006_IMG_7207-300x200.jpg 300w, https:\/\/familie-weitgereist.de\/wp-content\/uploads\/2022\/06\/20220612104006_IMG_7207-768x512.jpg 768w, https:\/\/familie-weitgereist.de\/wp-content\/uploads\/2022\/06\/20220612104006_IMG_7207-1536x1024.jpg 1536w, https:\/\/familie-weitgereist.de\/wp-content\/uploads\/2022\/06\/20220612104006_IMG_7207-2048x1365.jpg 2048w, https:\/\/familie-weitgereist.de\/wp-content\/uploads\/2022\/06\/20220612104006_IMG_7207-1200x800.jpg 1200w, https:\/\/familie-weitgereist.de\/wp-content\/uploads\/2022\/06\/20220612104006_IMG_7207-1980x1320.jpg 1980w, https:\/\/familie-weitgereist.de\/wp-content\/uploads\/2022\/06\/20220612104006_IMG_7207-150x100.jpg 150w\" sizes=\"auto, (max-width: 1024px) 100vw, 1024px\" \/><figcaption>Region Nassfeld<\/figcaption><\/figure>\n\n\n\n<p>Wir nutzen unsere <strong>+Card<\/strong> <strong>holiday<\/strong> \u00fcber viele Tage verteilt und waren gratis mit den Liften unterwegs. Mega gut! (:<\/p>\n\n\n\n<div id=\"wp-block-themeisle-blocks-slider-346e1df3\" class=\"wp-block-themeisle-blocks-slider glide\" data-per-view=\"1\" data-gap=\"0\" data-peek=\"0\" data-autoplay=\"true\" data-height=\"283px\" data-hide-arrows=\"false\"><div class=\"glide__track\" data-glide-el=\"track\"><div class=\"glide__slides\"><div class=\"wp-block-themeisle-blocks-slider-item-wrapper glide__slide\" tabindex=\"0\"><figure><img decoding=\"async\" class=\"wp-block-themeisle-blocks-slider-item\" src=\"https:\/\/familie-weitgereist.de\/wp-content\/uploads\/2022\/06\/20220618025111_IMG_7913-scaled.jpg\" alt=\"\" title=\"\" data-id=\"9251\"\/><\/figure><\/div><div class=\"wp-block-themeisle-blocks-slider-item-wrapper glide__slide\" tabindex=\"0\"><figure><img decoding=\"async\" class=\"wp-block-themeisle-blocks-slider-item\" src=\"https:\/\/familie-weitgereist.de\/wp-content\/uploads\/2022\/06\/20220617024523_IMG_7630-scaled.jpg\" alt=\"\" title=\"\" data-id=\"9253\"\/><\/figure><\/div><div class=\"wp-block-themeisle-blocks-slider-item-wrapper glide__slide\" tabindex=\"0\"><figure><img decoding=\"async\" class=\"wp-block-themeisle-blocks-slider-item\" src=\"https:\/\/familie-weitgereist.de\/wp-content\/uploads\/2022\/06\/20220616062621_IMG_7585-scaled.jpg\" alt=\"\" title=\"\" data-id=\"9254\"\/><\/figure><\/div><\/div><div class=\"glide__bullets\" data-glide-el=\"controls[nav]\"><button class=\"glide__bullet\" data-glide-dir=\"=0\"><\/button><button class=\"glide__bullet\" data-glide-dir=\"=1\"><\/button><button class=\"glide__bullet\" data-glide-dir=\"=2\"><\/button><\/div><\/div><\/div>\n\n\n\n<p>Auf jeder Alm gibt es traumhafte, riesige Spielpl\u00e4tze. Wasserspielpl\u00e4tze, Kugelbahnen, Kletterger\u00fcste, Sandk\u00e4sten mit Spielzeug, einfach <strong>alles was das Kinderherz begehrt<\/strong>. Dies alles befindet sich in traumhafter Bergkulisse. Ein wahrer Alpentraum!<\/p>\n\n\n\n<div id=\"wp-block-themeisle-blocks-slider-85eb4312\" class=\"wp-block-themeisle-blocks-slider glide\" data-per-view=\"1\" data-gap=\"0\" data-peek=\"0\" data-autoplay=\"true\" data-height=\"340px\" data-hide-arrows=\"false\"><div class=\"glide__track\" data-glide-el=\"track\"><div class=\"glide__slides\"><div class=\"wp-block-themeisle-blocks-slider-item-wrapper glide__slide\" tabindex=\"0\"><figure><img decoding=\"async\" class=\"wp-block-themeisle-blocks-slider-item\" src=\"https:\/\/familie-weitgereist.de\/wp-content\/uploads\/2022\/06\/20220616032142_IMG_7501-scaled.jpg\" alt=\"\" title=\"\" data-id=\"9166\"\/><figcaption>Tre\u00dfdorfer Alm<\/figcaption><\/figure><\/div><div class=\"wp-block-themeisle-blocks-slider-item-wrapper glide__slide\" tabindex=\"0\"><figure><img decoding=\"async\" class=\"wp-block-themeisle-blocks-slider-item\" src=\"https:\/\/familie-weitgereist.de\/wp-content\/uploads\/2022\/06\/20220616043019_IMG_7565-scaled.jpg\" alt=\"\" title=\"\" data-id=\"9167\"\/><figcaption>Aqua Trail Madritsche<\/figcaption><\/figure><\/div><div class=\"wp-block-themeisle-blocks-slider-item-wrapper glide__slide\" tabindex=\"0\"><figure><img decoding=\"async\" class=\"wp-block-themeisle-blocks-slider-item\" src=\"https:\/\/familie-weitgereist.de\/wp-content\/uploads\/2022\/06\/20220616064303_IMG_7603-scaled.jpg\" alt=\"\" title=\"\" data-id=\"9168\"\/><figcaption>Gartnerkofel Bergstation<\/figcaption><\/figure><\/div><div class=\"wp-block-themeisle-blocks-slider-item-wrapper glide__slide\" tabindex=\"0\"><figure><img decoding=\"async\" class=\"wp-block-themeisle-blocks-slider-item\" src=\"https:\/\/familie-weitgereist.de\/wp-content\/uploads\/2022\/06\/20220616064337_IMG_7604-scaled.jpg\" alt=\"\" title=\"\" data-id=\"9169\"\/><figcaption>Gartnerkofel Bergstation<\/figcaption><\/figure><\/div><div class=\"wp-block-themeisle-blocks-slider-item-wrapper glide__slide\" tabindex=\"0\"><figure><img decoding=\"async\" class=\"wp-block-themeisle-blocks-slider-item\" src=\"https:\/\/familie-weitgereist.de\/wp-content\/uploads\/2022\/06\/20220616070215_IMG_7614-scaled.jpg\" alt=\"\" title=\"\" data-id=\"9170\"\/><figcaption>Gartnerkofel Bergstation<\/figcaption><\/figure><\/div><div class=\"wp-block-themeisle-blocks-slider-item-wrapper glide__slide\" tabindex=\"0\"><figure><img decoding=\"async\" class=\"wp-block-themeisle-blocks-slider-item\" src=\"https:\/\/familie-weitgereist.de\/wp-content\/uploads\/2022\/06\/20220615053450_IMG_7482-scaled.jpg\" alt=\"\" title=\"\" data-id=\"9174\"\/><figcaption>Madritsche Talstation<\/figcaption><\/figure><\/div><\/div><div class=\"glide__bullets\" data-glide-el=\"controls[nav]\"><button class=\"glide__bullet\" data-glide-dir=\"=0\"><\/button><button class=\"glide__bullet\" data-glide-dir=\"=1\"><\/button><button class=\"glide__bullet\" data-glide-dir=\"=2\"><\/button><button class=\"glide__bullet\" data-glide-dir=\"=3\"><\/button><button class=\"glide__bullet\" data-glide-dir=\"=4\"><\/button><button class=\"glide__bullet\" data-glide-dir=\"=5\"><\/button><\/div><\/div><\/div>\n\n\n\n<figure class=\"wp-block-image size-large\"><img loading=\"lazy\" decoding=\"async\" width=\"1024\" height=\"683\" src=\"https:\/\/familie-weitgereist.de\/wp-content\/uploads\/2022\/06\/20220617042607_IMG_7706-1024x683.jpg\" alt=\"\" class=\"wp-image-9261\" srcset=\"https:\/\/familie-weitgereist.de\/wp-content\/uploads\/2022\/06\/20220617042607_IMG_7706-1024x683.jpg 1024w, https:\/\/familie-weitgereist.de\/wp-content\/uploads\/2022\/06\/20220617042607_IMG_7706-300x200.jpg 300w, https:\/\/familie-weitgereist.de\/wp-content\/uploads\/2022\/06\/20220617042607_IMG_7706-768x512.jpg 768w, https:\/\/familie-weitgereist.de\/wp-content\/uploads\/2022\/06\/20220617042607_IMG_7706-1536x1024.jpg 1536w, https:\/\/familie-weitgereist.de\/wp-content\/uploads\/2022\/06\/20220617042607_IMG_7706-2048x1365.jpg 2048w, https:\/\/familie-weitgereist.de\/wp-content\/uploads\/2022\/06\/20220617042607_IMG_7706-1200x800.jpg 1200w, https:\/\/familie-weitgereist.de\/wp-content\/uploads\/2022\/06\/20220617042607_IMG_7706-1980x1320.jpg 1980w, https:\/\/familie-weitgereist.de\/wp-content\/uploads\/2022\/06\/20220617042607_IMG_7706-150x100.jpg 150w\" sizes=\"auto, (max-width: 1024px) 100vw, 1024px\" \/><figcaption>Trampolin am Berg, Aqua Trail Madritsche<\/figcaption><\/figure>\n\n\n\n<p>Wir nahmen den <strong>Traktorzug<\/strong> und fuhren von der <strong>Gartnerkofel Talstation<\/strong> bis zur <strong>Tre\u00dfdorfer Alm <\/strong>auf 1590m. F\u00fcr Merlin war das ein riesiges Highlight. Der Traktorzug f\u00e4hrt so langsam, dass man die Aussicht auf die Berge richtig genie\u00dfen kann. Auch das ist mit der <strong>+Card holiday<\/strong> gratis.<\/p>\n\n\n\n<figure class=\"wp-block-image size-large\"><img loading=\"lazy\" decoding=\"async\" width=\"1024\" height=\"683\" src=\"https:\/\/familie-weitgereist.de\/wp-content\/uploads\/2022\/06\/20220616030006_IMG_7494-1024x683.jpg\" alt=\"\" class=\"wp-image-9157\" srcset=\"https:\/\/familie-weitgereist.de\/wp-content\/uploads\/2022\/06\/20220616030006_IMG_7494-1024x683.jpg 1024w, https:\/\/familie-weitgereist.de\/wp-content\/uploads\/2022\/06\/20220616030006_IMG_7494-300x200.jpg 300w, https:\/\/familie-weitgereist.de\/wp-content\/uploads\/2022\/06\/20220616030006_IMG_7494-768x512.jpg 768w, https:\/\/familie-weitgereist.de\/wp-content\/uploads\/2022\/06\/20220616030006_IMG_7494-1536x1024.jpg 1536w, https:\/\/familie-weitgereist.de\/wp-content\/uploads\/2022\/06\/20220616030006_IMG_7494-2048x1365.jpg 2048w, https:\/\/familie-weitgereist.de\/wp-content\/uploads\/2022\/06\/20220616030006_IMG_7494-1200x800.jpg 1200w, https:\/\/familie-weitgereist.de\/wp-content\/uploads\/2022\/06\/20220616030006_IMG_7494-1980x1320.jpg 1980w, https:\/\/familie-weitgereist.de\/wp-content\/uploads\/2022\/06\/20220616030006_IMG_7494-150x100.jpg 150w\" sizes=\"auto, (max-width: 1024px) 100vw, 1024px\" \/><figcaption>Der beliebte Traktorzug<\/figcaption><\/figure>\n\n\n\n<h2 class=\"wp-block-heading\">Bergstation Madritsche<\/h2>\n\n\n\n<p>An der <strong>Tre\u00dfdorfer Alm<\/strong> angekommen, nahmen wir den <strong>Millenium Express<\/strong> zur Bergstation <strong>Madritsche<\/strong> auf 1919m. Die Fahrt dauerte 8 Minuten. Die Fahrt von Tr\u00f6polach bis zur Madritsche dauert 23 Minuten. Dort gibt es einiges zu erleben. Viele Wanderwege f\u00fchren ab, auf der Alm kann eingekehrt werden, Spielpl\u00e4tze und die Grenze zu Italien liegen ganz nah.<\/p>\n\n\n\n<figure class=\"wp-block-image size-large\"><img loading=\"lazy\" decoding=\"async\" width=\"1024\" height=\"683\" src=\"https:\/\/familie-weitgereist.de\/wp-content\/uploads\/2022\/06\/20220616032615_IMG_7505-1024x683.jpg\" alt=\"\" class=\"wp-image-9164\" srcset=\"https:\/\/familie-weitgereist.de\/wp-content\/uploads\/2022\/06\/20220616032615_IMG_7505-1024x683.jpg 1024w, https:\/\/familie-weitgereist.de\/wp-content\/uploads\/2022\/06\/20220616032615_IMG_7505-300x200.jpg 300w, https:\/\/familie-weitgereist.de\/wp-content\/uploads\/2022\/06\/20220616032615_IMG_7505-768x512.jpg 768w, https:\/\/familie-weitgereist.de\/wp-content\/uploads\/2022\/06\/20220616032615_IMG_7505-1536x1024.jpg 1536w, https:\/\/familie-weitgereist.de\/wp-content\/uploads\/2022\/06\/20220616032615_IMG_7505-2048x1365.jpg 2048w, https:\/\/familie-weitgereist.de\/wp-content\/uploads\/2022\/06\/20220616032615_IMG_7505-1200x800.jpg 1200w, https:\/\/familie-weitgereist.de\/wp-content\/uploads\/2022\/06\/20220616032615_IMG_7505-1980x1320.jpg 1980w, https:\/\/familie-weitgereist.de\/wp-content\/uploads\/2022\/06\/20220616032615_IMG_7505-150x100.jpg 150w\" sizes=\"auto, (max-width: 1024px) 100vw, 1024px\" \/><\/figure>\n\n\n\n<p>Wir sind den <strong>Aqua Trail<\/strong> <strong>&#8222;Bergwasser&#8220;-Erlebnisweg<\/strong> gelaufen. Ein wahres Kinderparadies. Das Element Wasser steht hier im Vordergrund und wird an verschiedenen Stationen unterschiedlich dargestellt. Springbrunnen, Wasserspielpl\u00e4tze, Wasserb\u00e4che etc. geben den Kindern ganz viele M\u00f6glichkeiten mit dem Element Wasser zu spielen.<\/p>\n\n\n\n<figure class=\"wp-block-image size-large\"><img loading=\"lazy\" decoding=\"async\" width=\"1024\" height=\"683\" src=\"https:\/\/familie-weitgereist.de\/wp-content\/uploads\/2022\/06\/20220616043257_IMG_7569-1024x683.jpg\" alt=\"\" class=\"wp-image-9182\" srcset=\"https:\/\/familie-weitgereist.de\/wp-content\/uploads\/2022\/06\/20220616043257_IMG_7569-1024x683.jpg 1024w, https:\/\/familie-weitgereist.de\/wp-content\/uploads\/2022\/06\/20220616043257_IMG_7569-300x200.jpg 300w, https:\/\/familie-weitgereist.de\/wp-content\/uploads\/2022\/06\/20220616043257_IMG_7569-768x512.jpg 768w, https:\/\/familie-weitgereist.de\/wp-content\/uploads\/2022\/06\/20220616043257_IMG_7569-1536x1024.jpg 1536w, https:\/\/familie-weitgereist.de\/wp-content\/uploads\/2022\/06\/20220616043257_IMG_7569-2048x1365.jpg 2048w, https:\/\/familie-weitgereist.de\/wp-content\/uploads\/2022\/06\/20220616043257_IMG_7569-1200x800.jpg 1200w, https:\/\/familie-weitgereist.de\/wp-content\/uploads\/2022\/06\/20220616043257_IMG_7569-1980x1320.jpg 1980w, https:\/\/familie-weitgereist.de\/wp-content\/uploads\/2022\/06\/20220616043257_IMG_7569-150x100.jpg 150w\" sizes=\"auto, (max-width: 1024px) 100vw, 1024px\" \/><figcaption>Aqua Trail<\/figcaption><\/figure>\n\n\n\n<div id=\"wp-block-themeisle-blocks-slider-92ed82e7\" class=\"wp-block-themeisle-blocks-slider glide\" data-per-view=\"1\" data-gap=\"0\" data-peek=\"0\" data-autoplay=\"true\" data-height=\"269px\" data-hide-arrows=\"false\"><div class=\"glide__track\" data-glide-el=\"track\"><div class=\"glide__slides\"><div class=\"wp-block-themeisle-blocks-slider-item-wrapper glide__slide\" tabindex=\"0\"><figure><img decoding=\"async\" class=\"wp-block-themeisle-blocks-slider-item\" src=\"https:\/\/familie-weitgereist.de\/wp-content\/uploads\/2022\/06\/20220617034725_IMG_7699-scaled.jpg\" alt=\"\" title=\"\" data-id=\"9235\"\/><\/figure><\/div><div class=\"wp-block-themeisle-blocks-slider-item-wrapper glide__slide\" tabindex=\"0\"><figure><img decoding=\"async\" class=\"wp-block-themeisle-blocks-slider-item\" src=\"https:\/\/familie-weitgereist.de\/wp-content\/uploads\/2022\/06\/20220617033521_IMG_7681-scaled.jpg\" alt=\"\" title=\"\" data-id=\"9237\"\/><\/figure><\/div><div class=\"wp-block-themeisle-blocks-slider-item-wrapper glide__slide\" tabindex=\"0\"><figure><img decoding=\"async\" class=\"wp-block-themeisle-blocks-slider-item\" src=\"https:\/\/familie-weitgereist.de\/wp-content\/uploads\/2022\/06\/20220617032626_IMG_7662-scaled.jpg\" alt=\"\" title=\"\" data-id=\"9240\"\/><\/figure><\/div><div class=\"wp-block-themeisle-blocks-slider-item-wrapper glide__slide\" tabindex=\"0\"><figure><img decoding=\"async\" class=\"wp-block-themeisle-blocks-slider-item\" src=\"https:\/\/familie-weitgereist.de\/wp-content\/uploads\/2022\/06\/20220617032412_IMG_7656-scaled.jpg\" alt=\"\" title=\"\" data-id=\"9243\"\/><\/figure><\/div><\/div><div class=\"glide__bullets\" data-glide-el=\"controls[nav]\"><button class=\"glide__bullet\" data-glide-dir=\"=0\"><\/button><button class=\"glide__bullet\" data-glide-dir=\"=1\"><\/button><button class=\"glide__bullet\" data-glide-dir=\"=2\"><\/button><button class=\"glide__bullet\" data-glide-dir=\"=3\"><\/button><\/div><\/div><\/div>\n\n\n\n<p>Auf dem <strong>&#8222;Via Dolce Vita&#8220;-Erlebnisweg<\/strong> ist die Grenze zu Italien spielerisch eingebaut. Spielpl\u00e4tze befinden sich in \u00d6sterreich und Italien und die &#8218;Grenzerfahrung&#8216; wird dabei ganz nahbar.<\/p>\n\n\n\n<figure class=\"wp-block-image size-large\"><img loading=\"lazy\" decoding=\"async\" width=\"1024\" height=\"683\" src=\"https:\/\/familie-weitgereist.de\/wp-content\/uploads\/2022\/06\/20220616043042_IMG_7567-1024x683.jpg\" alt=\"\" class=\"wp-image-9184\" srcset=\"https:\/\/familie-weitgereist.de\/wp-content\/uploads\/2022\/06\/20220616043042_IMG_7567-1024x683.jpg 1024w, https:\/\/familie-weitgereist.de\/wp-content\/uploads\/2022\/06\/20220616043042_IMG_7567-300x200.jpg 300w, https:\/\/familie-weitgereist.de\/wp-content\/uploads\/2022\/06\/20220616043042_IMG_7567-768x512.jpg 768w, https:\/\/familie-weitgereist.de\/wp-content\/uploads\/2022\/06\/20220616043042_IMG_7567-1536x1024.jpg 1536w, https:\/\/familie-weitgereist.de\/wp-content\/uploads\/2022\/06\/20220616043042_IMG_7567-2048x1365.jpg 2048w, https:\/\/familie-weitgereist.de\/wp-content\/uploads\/2022\/06\/20220616043042_IMG_7567-1200x800.jpg 1200w, https:\/\/familie-weitgereist.de\/wp-content\/uploads\/2022\/06\/20220616043042_IMG_7567-1980x1320.jpg 1980w, https:\/\/familie-weitgereist.de\/wp-content\/uploads\/2022\/06\/20220616043042_IMG_7567-150x100.jpg 150w\" sizes=\"auto, (max-width: 1024px) 100vw, 1024px\" \/><figcaption>Spielplatz Grenzh\u00e4uschen<\/figcaption><\/figure>\n\n\n\n<div id=\"wp-block-themeisle-blocks-slider-7e33766e\" class=\"wp-block-themeisle-blocks-slider glide\" data-per-view=\"1\" data-gap=\"0\" data-peek=\"0\" data-autoplay=\"true\" data-height=\"281px\" data-hide-arrows=\"false\"><div class=\"glide__track\" data-glide-el=\"track\"><div class=\"glide__slides\"><div class=\"wp-block-themeisle-blocks-slider-item-wrapper glide__slide\" tabindex=\"0\"><figure><img decoding=\"async\" class=\"wp-block-themeisle-blocks-slider-item\" src=\"https:\/\/familie-weitgereist.de\/wp-content\/uploads\/2022\/06\/20220617051729_IMG_7767-1-scaled.jpg\" alt=\"\" title=\"\" data-id=\"9230\"\/><figcaption>Schaukeln zwischen \u00d6sterreich und Italien<\/figcaption><\/figure><\/div><div class=\"wp-block-themeisle-blocks-slider-item-wrapper glide__slide\" tabindex=\"0\"><figure><img decoding=\"async\" class=\"wp-block-themeisle-blocks-slider-item\" src=\"https:\/\/familie-weitgereist.de\/wp-content\/uploads\/2022\/06\/20220617050810_IMG_7746-scaled.jpg\" alt=\"\" title=\"\" data-id=\"9232\"\/><figcaption>Italienische Vespas am Berg<\/figcaption><\/figure><\/div><\/div><div class=\"glide__bullets\" data-glide-el=\"controls[nav]\"><button class=\"glide__bullet\" data-glide-dir=\"=0\"><\/button><button class=\"glide__bullet\" data-glide-dir=\"=1\"><\/button><\/div><\/div><\/div>\n\n\n\n<p>Ein kleiner Berg zu einem Gipfelkreuz kann auch bestiegen werden. Grenzsteine markieren die Grenze von \u00d6sterreich und Italien.<\/p>\n\n\n\n<div id=\"wp-block-themeisle-blocks-slider-66db86b7\" class=\"wp-block-themeisle-blocks-slider glide\" data-per-view=\"1\" data-gap=\"0\" data-peek=\"0\" data-autoplay=\"true\" data-height=\"364px\" data-hide-arrows=\"false\"><div class=\"glide__track\" data-glide-el=\"track\"><div class=\"glide__slides\"><div class=\"wp-block-themeisle-blocks-slider-item-wrapper glide__slide\" tabindex=\"0\"><figure><img decoding=\"async\" class=\"wp-block-themeisle-blocks-slider-item\" src=\"https:\/\/familie-weitgereist.de\/wp-content\/uploads\/2022\/06\/20220616040044_IMG_7536-scaled.jpg\" alt=\"\" title=\"\" data-id=\"9186\"\/><\/figure><\/div><div class=\"wp-block-themeisle-blocks-slider-item-wrapper glide__slide\" tabindex=\"0\"><figure><img decoding=\"async\" class=\"wp-block-themeisle-blocks-slider-item\" src=\"https:\/\/familie-weitgereist.de\/wp-content\/uploads\/2022\/06\/20220616040556_IMG_7542-scaled.jpg\" alt=\"\" title=\"\" data-id=\"9187\"\/><\/figure><\/div><\/div><div class=\"glide__bullets\" data-glide-el=\"controls[nav]\"><button class=\"glide__bullet\" data-glide-dir=\"=0\"><\/button><button class=\"glide__bullet\" data-glide-dir=\"=1\"><\/button><\/div><\/div><\/div>\n\n\n\n<p>\u00dcberall stehen lebensgro\u00dfe Holzfiguren, das Steinvolk. Spielerisch lernen Kinder etwas \u00fcber die Bergwelt und die <strong>Wulfenia Blume<\/strong>. Diese Blume ist gesch\u00fctzt und in K\u00e4rnten endemisch. Sie wurde benannt nach ihrem Entdecker Franz Xaver Freiherr von Wulfen, der sie 1779 auf dem Gartnerkofel entdeckte.<\/p>\n\n\n\n<figure class=\"wp-block-image size-large\"><img loading=\"lazy\" decoding=\"async\" width=\"1024\" height=\"683\" src=\"https:\/\/familie-weitgereist.de\/wp-content\/uploads\/2022\/06\/20220617034201_IMG_7689-1024x683.jpg\" alt=\"\" class=\"wp-image-9223\" srcset=\"https:\/\/familie-weitgereist.de\/wp-content\/uploads\/2022\/06\/20220617034201_IMG_7689-1024x683.jpg 1024w, https:\/\/familie-weitgereist.de\/wp-content\/uploads\/2022\/06\/20220617034201_IMG_7689-300x200.jpg 300w, https:\/\/familie-weitgereist.de\/wp-content\/uploads\/2022\/06\/20220617034201_IMG_7689-768x512.jpg 768w, https:\/\/familie-weitgereist.de\/wp-content\/uploads\/2022\/06\/20220617034201_IMG_7689-1536x1024.jpg 1536w, https:\/\/familie-weitgereist.de\/wp-content\/uploads\/2022\/06\/20220617034201_IMG_7689-2048x1365.jpg 2048w, https:\/\/familie-weitgereist.de\/wp-content\/uploads\/2022\/06\/20220617034201_IMG_7689-1200x800.jpg 1200w, https:\/\/familie-weitgereist.de\/wp-content\/uploads\/2022\/06\/20220617034201_IMG_7689-1980x1320.jpg 1980w, https:\/\/familie-weitgereist.de\/wp-content\/uploads\/2022\/06\/20220617034201_IMG_7689-150x100.jpg 150w\" sizes=\"auto, (max-width: 1024px) 100vw, 1024px\" \/><figcaption>Wulfenia Blume<\/figcaption><\/figure>\n\n\n\n<figure class=\"wp-block-image size-large\"><img loading=\"lazy\" decoding=\"async\" width=\"1024\" height=\"683\" src=\"https:\/\/familie-weitgereist.de\/wp-content\/uploads\/2022\/06\/20220616035346_IMG_7520-2-1024x683.jpg\" alt=\"\" class=\"wp-image-9192\" srcset=\"https:\/\/familie-weitgereist.de\/wp-content\/uploads\/2022\/06\/20220616035346_IMG_7520-2-1024x683.jpg 1024w, https:\/\/familie-weitgereist.de\/wp-content\/uploads\/2022\/06\/20220616035346_IMG_7520-2-300x200.jpg 300w, https:\/\/familie-weitgereist.de\/wp-content\/uploads\/2022\/06\/20220616035346_IMG_7520-2-768x512.jpg 768w, https:\/\/familie-weitgereist.de\/wp-content\/uploads\/2022\/06\/20220616035346_IMG_7520-2-1536x1024.jpg 1536w, https:\/\/familie-weitgereist.de\/wp-content\/uploads\/2022\/06\/20220616035346_IMG_7520-2-2048x1365.jpg 2048w, https:\/\/familie-weitgereist.de\/wp-content\/uploads\/2022\/06\/20220616035346_IMG_7520-2-1200x800.jpg 1200w, https:\/\/familie-weitgereist.de\/wp-content\/uploads\/2022\/06\/20220616035346_IMG_7520-2-1980x1320.jpg 1980w, https:\/\/familie-weitgereist.de\/wp-content\/uploads\/2022\/06\/20220616035346_IMG_7520-2-150x100.jpg 150w\" sizes=\"auto, (max-width: 1024px) 100vw, 1024px\" \/><figcaption>Madritsche<\/figcaption><\/figure>\n\n\n\n<p>Von der Bergstation Madritsche kann die <strong>l\u00e4ngste Sommerrodelbahn K\u00e4rntens<\/strong> <strong>&#8222;Pendolino&#8220;<\/strong> bis zur <strong>Mittelstation an der Tre\u00dfdorfer Alm<\/strong> gefahren werden. Auf 2 km L\u00e4nge bietet sie ein gro\u00dfes Fahrvergn\u00fcgen f\u00fcr alle.<\/p>\n\n\n\n<figure class=\"wp-block-image size-large\"><img loading=\"lazy\" decoding=\"async\" width=\"1024\" height=\"683\" src=\"https:\/\/familie-weitgereist.de\/wp-content\/uploads\/2022\/06\/20220617073257_IMG_7866-1024x683.jpg\" alt=\"\" class=\"wp-image-9269\" srcset=\"https:\/\/familie-weitgereist.de\/wp-content\/uploads\/2022\/06\/20220617073257_IMG_7866-1024x683.jpg 1024w, https:\/\/familie-weitgereist.de\/wp-content\/uploads\/2022\/06\/20220617073257_IMG_7866-300x200.jpg 300w, https:\/\/familie-weitgereist.de\/wp-content\/uploads\/2022\/06\/20220617073257_IMG_7866-768x512.jpg 768w, https:\/\/familie-weitgereist.de\/wp-content\/uploads\/2022\/06\/20220617073257_IMG_7866-1536x1024.jpg 1536w, https:\/\/familie-weitgereist.de\/wp-content\/uploads\/2022\/06\/20220617073257_IMG_7866-2048x1365.jpg 2048w, https:\/\/familie-weitgereist.de\/wp-content\/uploads\/2022\/06\/20220617073257_IMG_7866-1200x800.jpg 1200w, https:\/\/familie-weitgereist.de\/wp-content\/uploads\/2022\/06\/20220617073257_IMG_7866-1980x1320.jpg 1980w, https:\/\/familie-weitgereist.de\/wp-content\/uploads\/2022\/06\/20220617073257_IMG_7866-150x100.jpg 150w\" sizes=\"auto, (max-width: 1024px) 100vw, 1024px\" \/><figcaption>Pendolino<\/figcaption><\/figure>\n\n\n\n<p>Anschlie\u00dfend nahmen wir die <strong>Madritschen<\/strong> <strong>Bahn<\/strong> zur <strong>Madritschen<\/strong> <strong>Talstation<\/strong>. Die Fahrt dauerte 12 Minuten. Auch dort gibt es einen traumhaften Spielplatz. In dem Ort <strong>Sonnenalpe Nassfeld<\/strong> befinden sich viele Hotels und es werden noch weitere gebaut.<\/p>\n\n\n\n<figure class=\"wp-block-image size-large\"><img loading=\"lazy\" decoding=\"async\" width=\"1024\" height=\"683\" src=\"https:\/\/familie-weitgereist.de\/wp-content\/uploads\/2022\/06\/20220615050606_IMG_7477-1024x683.jpg\" alt=\"\" class=\"wp-image-9198\" srcset=\"https:\/\/familie-weitgereist.de\/wp-content\/uploads\/2022\/06\/20220615050606_IMG_7477-1024x683.jpg 1024w, https:\/\/familie-weitgereist.de\/wp-content\/uploads\/2022\/06\/20220615050606_IMG_7477-300x200.jpg 300w, https:\/\/familie-weitgereist.de\/wp-content\/uploads\/2022\/06\/20220615050606_IMG_7477-768x512.jpg 768w, https:\/\/familie-weitgereist.de\/wp-content\/uploads\/2022\/06\/20220615050606_IMG_7477-1536x1024.jpg 1536w, https:\/\/familie-weitgereist.de\/wp-content\/uploads\/2022\/06\/20220615050606_IMG_7477-2048x1365.jpg 2048w, https:\/\/familie-weitgereist.de\/wp-content\/uploads\/2022\/06\/20220615050606_IMG_7477-1200x800.jpg 1200w, https:\/\/familie-weitgereist.de\/wp-content\/uploads\/2022\/06\/20220615050606_IMG_7477-1980x1320.jpg 1980w, https:\/\/familie-weitgereist.de\/wp-content\/uploads\/2022\/06\/20220615050606_IMG_7477-150x100.jpg 150w\" sizes=\"auto, (max-width: 1024px) 100vw, 1024px\" \/><figcaption>Madritsche Talstation<\/figcaption><\/figure>\n\n\n\n<h2 class=\"wp-block-heading\">Bergstation Gartnerkofel<\/h2>\n\n\n\n<p>Wir hatten eine so tolle Zeit an der <strong>Garnitzen Alm <\/strong>auf 1652m unterhalb des Gartnerkofels. Wir verbrachten nat\u00fcrlich viel Zeit auf dem Spielplatz, an der Kugelbahn und dem Wasserspielplatz. Die Kugelbahn ist wirklich toll gestaltet und beinhaltet viele verschiedene Elemente, wo die Kugel runter bzw. durch rollt.<\/p>\n\n\n\n<div id=\"wp-block-themeisle-blocks-slider-b7b6ddb3\" class=\"wp-block-themeisle-blocks-slider glide\" data-per-view=\"1\" data-gap=\"0\" data-peek=\"0\" data-autoplay=\"true\" data-height=\"400px\" data-hide-arrows=\"false\"><div class=\"glide__track\" data-glide-el=\"track\"><div class=\"glide__slides\"><div class=\"wp-block-themeisle-blocks-slider-item-wrapper glide__slide\" tabindex=\"0\"><figure><img decoding=\"async\" class=\"wp-block-themeisle-blocks-slider-item\" src=\"https:\/\/familie-weitgereist.de\/wp-content\/uploads\/2022\/06\/20220618053101_IMG_8004-scaled.jpg\" alt=\"\" title=\"\" data-id=\"9276\"\/><\/figure><\/div><div class=\"wp-block-themeisle-blocks-slider-item-wrapper glide__slide\" tabindex=\"0\"><figure><img decoding=\"async\" class=\"wp-block-themeisle-blocks-slider-item\" src=\"https:\/\/familie-weitgereist.de\/wp-content\/uploads\/2022\/06\/20220618053955_IMG_8015-scaled.jpg\" alt=\"\" title=\"\" data-id=\"9278\"\/><\/figure><\/div><div class=\"wp-block-themeisle-blocks-slider-item-wrapper glide__slide\" tabindex=\"0\"><figure><img decoding=\"async\" class=\"wp-block-themeisle-blocks-slider-item\" src=\"https:\/\/familie-weitgereist.de\/wp-content\/uploads\/2022\/06\/20220618054216_IMG_8018-scaled.jpg\" alt=\"\" title=\"\" data-id=\"9279\"\/><\/figure><\/div><\/div><div class=\"glide__bullets\" data-glide-el=\"controls[nav]\"><button class=\"glide__bullet\" data-glide-dir=\"=0\"><\/button><button class=\"glide__bullet\" data-glide-dir=\"=1\"><\/button><button class=\"glide__bullet\" data-glide-dir=\"=2\"><\/button><\/div><\/div><\/div>\n\n\n\n<p>Von der Aussichtsplattform bieten sich wundervolle Ausblicke hinunter in das Tal.<\/p>\n\n\n\n<figure class=\"wp-block-image size-large\"><img loading=\"lazy\" decoding=\"async\" width=\"1024\" height=\"683\" src=\"https:\/\/familie-weitgereist.de\/wp-content\/uploads\/2022\/06\/20220618040903_IMG_7963-1024x683.jpg\" alt=\"\" class=\"wp-image-9275\" srcset=\"https:\/\/familie-weitgereist.de\/wp-content\/uploads\/2022\/06\/20220618040903_IMG_7963-1024x683.jpg 1024w, https:\/\/familie-weitgereist.de\/wp-content\/uploads\/2022\/06\/20220618040903_IMG_7963-300x200.jpg 300w, https:\/\/familie-weitgereist.de\/wp-content\/uploads\/2022\/06\/20220618040903_IMG_7963-768x512.jpg 768w, https:\/\/familie-weitgereist.de\/wp-content\/uploads\/2022\/06\/20220618040903_IMG_7963-1536x1024.jpg 1536w, https:\/\/familie-weitgereist.de\/wp-content\/uploads\/2022\/06\/20220618040903_IMG_7963-2048x1365.jpg 2048w, https:\/\/familie-weitgereist.de\/wp-content\/uploads\/2022\/06\/20220618040903_IMG_7963-1200x800.jpg 1200w, https:\/\/familie-weitgereist.de\/wp-content\/uploads\/2022\/06\/20220618040903_IMG_7963-1980x1320.jpg 1980w, https:\/\/familie-weitgereist.de\/wp-content\/uploads\/2022\/06\/20220618040903_IMG_7963-150x100.jpg 150w\" sizes=\"auto, (max-width: 1024px) 100vw, 1024px\" \/><figcaption>Aussichtsplattform Gartnerkofel<\/figcaption><\/figure>\n\n\n\n<h2 class=\"wp-block-heading\">Nassfeldpass<\/h2>\n\n\n\n<p>Wir sind von dem Ort Sonnenalpe Nassfeld zum <strong>Nassfeldpass<\/strong> gelaufen. Dort oben haben wir die Grenze zu Italien gequert und Merlin konnte es gar nicht glauben, dass Grenzsteine im Wald die Grenze markieren. Eine tolle Erfahrung f\u00fcr ihn!<\/p>\n\n\n\n<div id=\"wp-block-themeisle-blocks-slider-65565fad\" class=\"wp-block-themeisle-blocks-slider glide\" data-per-view=\"1\" data-gap=\"0\" data-peek=\"0\" data-autoplay=\"true\" data-height=\"327px\" data-hide-arrows=\"false\"><div class=\"glide__track\" data-glide-el=\"track\"><div class=\"glide__slides\"><div class=\"wp-block-themeisle-blocks-slider-item-wrapper glide__slide\" tabindex=\"0\"><figure><img decoding=\"async\" class=\"wp-block-themeisle-blocks-slider-item\" src=\"https:\/\/familie-weitgereist.de\/wp-content\/uploads\/2022\/06\/20220614030607_IMG_7252-scaled.jpg\" alt=\"\" title=\"\" data-id=\"9200\"\/><\/figure><\/div><div class=\"wp-block-themeisle-blocks-slider-item-wrapper glide__slide\" tabindex=\"0\"><figure><img decoding=\"async\" class=\"wp-block-themeisle-blocks-slider-item\" src=\"https:\/\/familie-weitgereist.de\/wp-content\/uploads\/2022\/06\/20220614031945_IMG_7256-scaled.jpg\" alt=\"\" title=\"\" data-id=\"9201\"\/><\/figure><\/div><\/div><div class=\"glide__bullets\" data-glide-el=\"controls[nav]\"><button class=\"glide__bullet\" data-glide-dir=\"=0\"><\/button><button class=\"glide__bullet\" data-glide-dir=\"=1\"><\/button><\/div><\/div><\/div>\n\n\n\n<p>Wir liefen zum <strong>Lago di Pramollo<\/strong> und umwanderten den kleinen Bergsee.<\/p>\n\n\n\n<div id=\"wp-block-themeisle-blocks-slider-74ff68b3\" class=\"wp-block-themeisle-blocks-slider glide\" data-per-view=\"1\" data-gap=\"0\" data-peek=\"0\" data-autoplay=\"true\" data-height=\"303px\" data-hide-arrows=\"false\"><div class=\"glide__track\" data-glide-el=\"track\"><div class=\"glide__slides\"><div class=\"wp-block-themeisle-blocks-slider-item-wrapper glide__slide\" tabindex=\"0\"><figure><img decoding=\"async\" class=\"wp-block-themeisle-blocks-slider-item\" src=\"https:\/\/familie-weitgereist.de\/wp-content\/uploads\/2022\/06\/20220614032513_IMG_7264-scaled.jpg\" alt=\"\" title=\"\" data-id=\"9203\"\/><\/figure><\/div><div class=\"wp-block-themeisle-blocks-slider-item-wrapper glide__slide\" tabindex=\"0\"><figure><img decoding=\"async\" class=\"wp-block-themeisle-blocks-slider-item\" src=\"https:\/\/familie-weitgereist.de\/wp-content\/uploads\/2022\/06\/20220614033935_IMG_7283-scaled.jpg\" alt=\"\" title=\"\" data-id=\"9204\"\/><\/figure><\/div><div class=\"wp-block-themeisle-blocks-slider-item-wrapper glide__slide\" tabindex=\"0\"><figure><img decoding=\"async\" class=\"wp-block-themeisle-blocks-slider-item\" src=\"https:\/\/familie-weitgereist.de\/wp-content\/uploads\/2022\/06\/20220614034805_IMG_7297-scaled.jpg\" alt=\"\" title=\"\" data-id=\"9205\"\/><\/figure><\/div><\/div><div class=\"glide__bullets\" data-glide-el=\"controls[nav]\"><button class=\"glide__bullet\" data-glide-dir=\"=0\"><\/button><button class=\"glide__bullet\" data-glide-dir=\"=1\"><\/button><button class=\"glide__bullet\" data-glide-dir=\"=2\"><\/button><\/div><\/div><\/div>\n\n\n\n<p>Auf \u00f6sterreichischer Seite steht eine kleine Kapelle, deren Kirchenwand direkt an der Italienischen Grenze liegt. Sie dient dem Ged\u00e4chtnis der in den Weltkriegen Gefallenen.<\/p>\n\n\n\n<div id=\"wp-block-themeisle-blocks-slider-fe12b8bc\" class=\"wp-block-themeisle-blocks-slider glide\" data-per-view=\"1\" data-gap=\"0\" data-peek=\"0\" data-autoplay=\"true\" data-height=\"346px\" data-hide-arrows=\"false\"><div class=\"glide__track\" data-glide-el=\"track\"><div class=\"glide__slides\"><div class=\"wp-block-themeisle-blocks-slider-item-wrapper glide__slide\" tabindex=\"0\"><figure><img decoding=\"async\" class=\"wp-block-themeisle-blocks-slider-item\" src=\"https:\/\/familie-weitgereist.de\/wp-content\/uploads\/2022\/06\/20220614043956_IMG_7312-scaled.jpg\" alt=\"\" title=\"\" data-id=\"9209\"\/><\/figure><\/div><div class=\"wp-block-themeisle-blocks-slider-item-wrapper glide__slide\" tabindex=\"0\"><figure><img decoding=\"async\" class=\"wp-block-themeisle-blocks-slider-item\" src=\"https:\/\/familie-weitgereist.de\/wp-content\/uploads\/2022\/06\/20220614044439_IMG_7319-scaled.jpg\" alt=\"\" title=\"\" data-id=\"9211\"\/><\/figure><\/div><\/div><div class=\"glide__bullets\" data-glide-el=\"controls[nav]\"><button class=\"glide__bullet\" data-glide-dir=\"=0\"><\/button><button class=\"glide__bullet\" data-glide-dir=\"=1\"><\/button><\/div><\/div><\/div>\n\n\n\n<p>Auf dem Weg zum Nassfeldpass kommt man an einen kleinen Bergsee vorbei, dem <strong>Bodensee<\/strong>. Auch um diesen kleinen See kann gewandert werden und der Weg f\u00fchrt durch den Wald.<\/p>\n\n\n\n<div id=\"wp-block-themeisle-blocks-slider-fb5e91a7\" class=\"wp-block-themeisle-blocks-slider glide\" data-per-view=\"1\" data-gap=\"0\" data-peek=\"0\" data-autoplay=\"true\" data-height=\"292px\" data-hide-arrows=\"false\"><div class=\"glide__track\" data-glide-el=\"track\"><div class=\"glide__slides\"><div class=\"wp-block-themeisle-blocks-slider-item-wrapper glide__slide\" tabindex=\"0\"><figure><img decoding=\"async\" class=\"wp-block-themeisle-blocks-slider-item\" src=\"https:\/\/familie-weitgereist.de\/wp-content\/uploads\/2022\/06\/20220614055140_IMG_7335-scaled.jpg\" alt=\"\" title=\"\" data-id=\"9213\"\/><\/figure><\/div><div class=\"wp-block-themeisle-blocks-slider-item-wrapper glide__slide\" tabindex=\"0\"><figure><img decoding=\"async\" class=\"wp-block-themeisle-blocks-slider-item\" src=\"https:\/\/familie-weitgereist.de\/wp-content\/uploads\/2022\/06\/IMG_20220614_140011-scaled.jpg\" alt=\"\" title=\"\" data-id=\"9214\"\/><\/figure><\/div><\/div><div class=\"glide__bullets\" data-glide-el=\"controls[nav]\"><button class=\"glide__bullet\" data-glide-dir=\"=0\"><\/button><button class=\"glide__bullet\" data-glide-dir=\"=1\"><\/button><\/div><\/div><\/div>\n\n\n\n<h2 class=\"wp-block-heading\">Gro\u00dfglockner und Hochalpenstra\u00dfe <\/h2>\n\n\n\n<p>Auf dem Weg nach Tirol sind wir \u00fcber die <strong>Hochalpenstra\u00dfe<\/strong> gefahren und wanderten beim <strong>Gro\u00dfglockner<\/strong>. Der Gro\u00dfglockner ist der h\u00f6chste Berg \u00d6sterreichs mit einer H\u00f6he von 3798m.<\/p>\n\n\n\n<figure class=\"wp-block-image size-large\"><img loading=\"lazy\" decoding=\"async\" width=\"1024\" height=\"768\" src=\"https:\/\/familie-weitgereist.de\/wp-content\/uploads\/2022\/06\/20220619062248_IMG_8172-1024x768.jpg\" alt=\"\" class=\"wp-image-9304\" srcset=\"https:\/\/familie-weitgereist.de\/wp-content\/uploads\/2022\/06\/20220619062248_IMG_8172-1024x768.jpg 1024w, https:\/\/familie-weitgereist.de\/wp-content\/uploads\/2022\/06\/20220619062248_IMG_8172-300x225.jpg 300w, https:\/\/familie-weitgereist.de\/wp-content\/uploads\/2022\/06\/20220619062248_IMG_8172-768x576.jpg 768w, https:\/\/familie-weitgereist.de\/wp-content\/uploads\/2022\/06\/20220619062248_IMG_8172-1536x1152.jpg 1536w, https:\/\/familie-weitgereist.de\/wp-content\/uploads\/2022\/06\/20220619062248_IMG_8172-2048x1536.jpg 2048w, https:\/\/familie-weitgereist.de\/wp-content\/uploads\/2022\/06\/20220619062248_IMG_8172-1200x900.jpg 1200w, https:\/\/familie-weitgereist.de\/wp-content\/uploads\/2022\/06\/20220619062248_IMG_8172-1980x1485.jpg 1980w, https:\/\/familie-weitgereist.de\/wp-content\/uploads\/2022\/06\/20220619062248_IMG_8172-150x113.jpg 150w\" sizes=\"auto, (max-width: 1024px) 100vw, 1024px\" \/><figcaption>Auf dem weiten Weg zum Gletscher <\/figcaption><\/figure>\n\n\n\n<p>Die Hochalpenstra\u00dfe ist eine <strong>mautpflichtige<\/strong> Stra\u00dfe, die f\u00fcr ein Auto 38\u20ac, ein Motorrad 28\u20ac am Tag kostet (<em>Stand Juni<\/em> <em>2022<\/em>). Das ist ziemlich teuer. Die grandiosen Aussichten und der Besuch am Gro\u00dfglockner waren es f\u00fcr uns definitiv wert. <strong>48 km<\/strong> ist die Stra\u00dfe lang und f\u00fchrt durch den <strong>Nationalpark Hohe Tauern<\/strong>. Das Besondere ist, dass die Stra\u00dfe \u00fcber eine Seeh\u00f6he von 2571m f\u00e4hrt. Grandiose Ausblicke sind garantiert.<\/p>\n\n\n\n<figure class=\"wp-block-image size-large\"><img loading=\"lazy\" decoding=\"async\" width=\"1024\" height=\"768\" src=\"https:\/\/familie-weitgereist.de\/wp-content\/uploads\/2022\/06\/IMG_20220621_200644-1024x768.jpg\" alt=\"\" class=\"wp-image-9305\" srcset=\"https:\/\/familie-weitgereist.de\/wp-content\/uploads\/2022\/06\/IMG_20220621_200644-1024x768.jpg 1024w, https:\/\/familie-weitgereist.de\/wp-content\/uploads\/2022\/06\/IMG_20220621_200644-300x225.jpg 300w, https:\/\/familie-weitgereist.de\/wp-content\/uploads\/2022\/06\/IMG_20220621_200644-768x576.jpg 768w, https:\/\/familie-weitgereist.de\/wp-content\/uploads\/2022\/06\/IMG_20220621_200644-1536x1152.jpg 1536w, https:\/\/familie-weitgereist.de\/wp-content\/uploads\/2022\/06\/IMG_20220621_200644-2048x1536.jpg 2048w, https:\/\/familie-weitgereist.de\/wp-content\/uploads\/2022\/06\/IMG_20220621_200644-1200x900.jpg 1200w, https:\/\/familie-weitgereist.de\/wp-content\/uploads\/2022\/06\/IMG_20220621_200644-1980x1485.jpg 1980w, https:\/\/familie-weitgereist.de\/wp-content\/uploads\/2022\/06\/IMG_20220621_200644-150x113.jpg 150w\" sizes=\"auto, (max-width: 1024px) 100vw, 1024px\" \/><figcaption>Unterwegs auf der Hochalpenstra\u00dfe<\/figcaption><\/figure>\n\n\n\n<p>Wichtig ist, dass die Bremsen in Ordnung sind. Darauf wird man auch an vielen Serpentinen hingewiesen. Die Stra\u00dfe f\u00fchrt dauerhaft \u00fcber bis zu 12% Gef\u00e4lle und unsere Bremsen wurden ganz sch\u00f6n \u00fcberlastet. Wir entschieden uns zwischendrin auch f\u00fcr einen kurzen Stop, damit sie etwas abk\u00fchlen k\u00f6nnen.<\/p>\n\n\n\n<figure class=\"wp-block-gallery has-nested-images columns-default is-cropped wp-block-gallery-1 is-layout-flex wp-block-gallery-is-layout-flex\">\n<figure class=\"wp-block-image size-large\"><img loading=\"lazy\" decoding=\"async\" width=\"1024\" height=\"768\" data-id=\"9310\" src=\"https:\/\/familie-weitgereist.de\/wp-content\/uploads\/2022\/06\/IMG_20220621_203040-1024x768.jpg\" alt=\"\" class=\"wp-image-9310\" srcset=\"https:\/\/familie-weitgereist.de\/wp-content\/uploads\/2022\/06\/IMG_20220621_203040-1024x768.jpg 1024w, https:\/\/familie-weitgereist.de\/wp-content\/uploads\/2022\/06\/IMG_20220621_203040-300x225.jpg 300w, https:\/\/familie-weitgereist.de\/wp-content\/uploads\/2022\/06\/IMG_20220621_203040-768x576.jpg 768w, https:\/\/familie-weitgereist.de\/wp-content\/uploads\/2022\/06\/IMG_20220621_203040-1536x1152.jpg 1536w, https:\/\/familie-weitgereist.de\/wp-content\/uploads\/2022\/06\/IMG_20220621_203040-2048x1536.jpg 2048w, https:\/\/familie-weitgereist.de\/wp-content\/uploads\/2022\/06\/IMG_20220621_203040-1200x900.jpg 1200w, https:\/\/familie-weitgereist.de\/wp-content\/uploads\/2022\/06\/IMG_20220621_203040-1980x1485.jpg 1980w, https:\/\/familie-weitgereist.de\/wp-content\/uploads\/2022\/06\/IMG_20220621_203040-150x113.jpg 150w\" sizes=\"auto, (max-width: 1024px) 100vw, 1024px\" \/><\/figure>\n\n\n\n<figure class=\"wp-block-image size-large\"><img loading=\"lazy\" decoding=\"async\" width=\"1024\" height=\"768\" data-id=\"9311\" src=\"https:\/\/familie-weitgereist.de\/wp-content\/uploads\/2022\/06\/20220619091232_IMG_8284-1024x768.jpg\" alt=\"\" class=\"wp-image-9311\" srcset=\"https:\/\/familie-weitgereist.de\/wp-content\/uploads\/2022\/06\/20220619091232_IMG_8284-1024x768.jpg 1024w, https:\/\/familie-weitgereist.de\/wp-content\/uploads\/2022\/06\/20220619091232_IMG_8284-300x225.jpg 300w, https:\/\/familie-weitgereist.de\/wp-content\/uploads\/2022\/06\/20220619091232_IMG_8284-768x576.jpg 768w, https:\/\/familie-weitgereist.de\/wp-content\/uploads\/2022\/06\/20220619091232_IMG_8284-1536x1152.jpg 1536w, https:\/\/familie-weitgereist.de\/wp-content\/uploads\/2022\/06\/20220619091232_IMG_8284-2048x1536.jpg 2048w, https:\/\/familie-weitgereist.de\/wp-content\/uploads\/2022\/06\/20220619091232_IMG_8284-1200x900.jpg 1200w, https:\/\/familie-weitgereist.de\/wp-content\/uploads\/2022\/06\/20220619091232_IMG_8284-1980x1485.jpg 1980w, https:\/\/familie-weitgereist.de\/wp-content\/uploads\/2022\/06\/20220619091232_IMG_8284-150x113.jpg 150w\" sizes=\"auto, (max-width: 1024px) 100vw, 1024px\" \/><\/figure>\n<\/figure>\n\n\n\n<p>Wir fuhren bis zur Franz-Josefs-H\u00f6he, parkten gratis im Parkhaus und liefen hinunter bis zum <strong>Pasterzengletscher<\/strong>. Die <strong>Gletscherbahn<\/strong>, eine kurze Seilbahn, f\u00fchrt an einem steilen Berghang 150 H\u00f6henmeter in die Tiefe. Die Gletscherbahn wurde von 1960-1963 gebaut und endete direkt am Gletscher. Es ist erschreckend und faszinierend zugleich anzusehen, wie weit der Gletscher zur\u00fcck gegangen ist. Am Weg hinunter zur Pasterze weisen Schilder immer wieder auf den Gletscherstand in gewissen Jahren hin. Selbst von 2015 bis 2022 hat sich der Gletscher um viele weitere Meter zur\u00fcck gezogen.<\/p>\n\n\n\n<div id=\"wp-block-themeisle-blocks-slider-d326eb13\" class=\"wp-block-themeisle-blocks-slider glide\" data-per-view=\"1\" data-gap=\"0\" data-peek=\"0\" data-autoplay=\"true\" data-height=\"344px\" data-hide-arrows=\"false\"><div class=\"glide__track\" data-glide-el=\"track\"><div class=\"glide__slides\"><div class=\"wp-block-themeisle-blocks-slider-item-wrapper glide__slide\" tabindex=\"0\"><figure><img decoding=\"async\" class=\"wp-block-themeisle-blocks-slider-item\" src=\"https:\/\/familie-weitgereist.de\/wp-content\/uploads\/2022\/06\/20220619051506_IMG_8112-scaled.jpg\" alt=\"\" title=\"\" data-id=\"9314\"\/><\/figure><\/div><div class=\"wp-block-themeisle-blocks-slider-item-wrapper glide__slide\" tabindex=\"0\"><figure><img decoding=\"async\" class=\"wp-block-themeisle-blocks-slider-item\" src=\"https:\/\/familie-weitgereist.de\/wp-content\/uploads\/2022\/06\/20220619054531_IMG_8135-scaled.jpg\" alt=\"\" title=\"\" data-id=\"9315\"\/><\/figure><\/div><div class=\"wp-block-themeisle-blocks-slider-item-wrapper glide__slide\" tabindex=\"0\"><figure><img decoding=\"async\" class=\"wp-block-themeisle-blocks-slider-item\" src=\"https:\/\/familie-weitgereist.de\/wp-content\/uploads\/2022\/06\/20220619055436_IMG_8149-scaled.jpg\" alt=\"\" title=\"\" data-id=\"9317\"\/><\/figure><\/div><div class=\"wp-block-themeisle-blocks-slider-item-wrapper glide__slide\" tabindex=\"0\"><figure><img decoding=\"async\" class=\"wp-block-themeisle-blocks-slider-item\" src=\"https:\/\/familie-weitgereist.de\/wp-content\/uploads\/2022\/06\/20220619063749_IMG_8192-scaled.jpg\" alt=\"\" title=\"\" data-id=\"9318\"\/><\/figure><\/div><div class=\"wp-block-themeisle-blocks-slider-item-wrapper glide__slide\" tabindex=\"0\"><figure><img decoding=\"async\" class=\"wp-block-themeisle-blocks-slider-item\" src=\"https:\/\/familie-weitgereist.de\/wp-content\/uploads\/2022\/06\/20220619071748_IMG_8202-scaled.jpg\" alt=\"\" title=\"\" data-id=\"9319\"\/><\/figure><\/div><\/div><div class=\"glide__bullets\" data-glide-el=\"controls[nav]\"><button class=\"glide__bullet\" data-glide-dir=\"=0\"><\/button><button class=\"glide__bullet\" data-glide-dir=\"=1\"><\/button><button class=\"glide__bullet\" data-glide-dir=\"=2\"><\/button><button class=\"glide__bullet\" data-glide-dir=\"=3\"><\/button><button class=\"glide__bullet\" data-glide-dir=\"=4\"><\/button><\/div><\/div><\/div>\n\n\n\n<p>Wir schafften es nicht ganz bis zum Gletscher und drehten vorher um. Auf dem R\u00fcckweg nahmen wir die Gletscherbahn bis zur Franz-Josefs-H\u00f6he. Die Fahrt dauert nur ca. 2 Minuten und kostet f\u00fcr eine Fahrt 9\u20ac, Berg- und Talfahrt 14\u20ac. (<em>Stand<\/em> <em>Juni<\/em> <em>2022<\/em>) Ein einmaliges Erlebnis mit so einer steilen Bergbahn zu fahren, ist es trotzdem.<\/p>\n\n\n\n<div id=\"wp-block-themeisle-blocks-slider-cf98ed84\" class=\"wp-block-themeisle-blocks-slider glide\" data-per-view=\"1\" data-gap=\"0\" data-peek=\"0\" data-autoplay=\"true\" data-height=\"255px\" data-hide-arrows=\"false\"><div class=\"glide__track\" data-glide-el=\"track\"><div class=\"glide__slides\"><div class=\"wp-block-themeisle-blocks-slider-item-wrapper glide__slide\" tabindex=\"0\"><figure><img decoding=\"async\" class=\"wp-block-themeisle-blocks-slider-item\" src=\"https:\/\/familie-weitgereist.de\/wp-content\/uploads\/2022\/06\/20220619074124_IMG_8217-scaled.jpg\" alt=\"\" title=\"\" data-id=\"9312\"\/><\/figure><\/div><div class=\"wp-block-themeisle-blocks-slider-item-wrapper glide__slide\" tabindex=\"0\"><figure><img decoding=\"async\" class=\"wp-block-themeisle-blocks-slider-item\" src=\"https:\/\/familie-weitgereist.de\/wp-content\/uploads\/2022\/06\/20220619074248_IMG_8219-scaled.jpg\" alt=\"\" title=\"\" data-id=\"9313\"\/><\/figure><\/div><\/div><div class=\"glide__bullets\" data-glide-el=\"controls[nav]\"><button class=\"glide__bullet\" data-glide-dir=\"=0\"><\/button><button class=\"glide__bullet\" data-glide-dir=\"=1\"><\/button><\/div><\/div><\/div>\n","protected":false},"excerpt":{"rendered":"<p>In diesem Beitrag berichten wir \u00fcber unsere Workation Woche in Tr\u00f6polach im sch\u00f6nen K\u00e4rnten in \u00d6sterreich! K\u00e4rnten ist ein s\u00fcd\u00f6stereichisches Bundesland, welches sich durch hohe Berge, Bergseen, viele Sonnenstunden, traumhafte Almen und puren Lebens- und Urlaubsgenuss auszeichnet. In K\u00e4rnten gibt es unendlich viel zu erkunden und zu erleben. Besonders Aktivurlauber kommen hier auf ihre Kosten. [&hellip;]<\/p>\n","protected":false},"author":3,"featured_media":9227,"comment_status":"open","ping_status":"open","sticky":false,"template":"","format":"standard","meta":{"_themeisle_gutenberg_block_has_review":false,"footnotes":""},"categories":[236,8,4,377],"tags":[683,684,685,675,682,680,677,240,678,681,676],"class_list":["post-9130","post","type-post","status-publish","format-standard","has-post-thumbnail","hentry","category-oesterreich","category-europa","category-laender","category-spielplaetze","tag-gartnerkofel","tag-grossglockner","tag-hochalpenstrasse","tag-kaernten","tag-madritsche","tag-millenium-express","tag-nassfeld","tag-oesterreich","tag-sonnenalpe","tag-tressdorfer-alm","tag-troepolach"],"_links":{"self":[{"href":"https:\/\/familie-weitgereist.de\/index.php?rest_route=\/wp\/v2\/posts\/9130","targetHints":{"allow":["GET"]}}],"collection":[{"href":"https:\/\/familie-weitgereist.de\/index.php?rest_route=\/wp\/v2\/posts"}],"about":[{"href":"https:\/\/familie-weitgereist.de\/index.php?rest_route=\/wp\/v2\/types\/post"}],"author":[{"embeddable":true,"href":"https:\/\/familie-weitgereist.de\/index.php?rest_route=\/wp\/v2\/users\/3"}],"replies":[{"embeddable":true,"href":"https:\/\/familie-weitgereist.de\/index.php?rest_route=%2Fwp%2Fv2%2Fcomments&post=9130"}],"version-history":[{"count":103,"href":"https:\/\/familie-weitgereist.de\/index.php?rest_route=\/wp\/v2\/posts\/9130\/revisions"}],"predecessor-version":[{"id":23462,"href":"https:\/\/familie-weitgereist.de\/index.php?rest_route=\/wp\/v2\/posts\/9130\/revisions\/23462"}],"wp:featuredmedia":[{"embeddable":true,"href":"https:\/\/familie-weitgereist.de\/index.php?rest_route=\/wp\/v2\/media\/9227"}],"wp:attachment":[{"href":"https:\/\/familie-weitgereist.de\/index.php?rest_route=%2Fwp%2Fv2%2Fmedia&parent=9130"}],"wp:term":[{"taxonomy":"category","embeddable":true,"href":"https:\/\/familie-weitgereist.de\/index.php?rest_route=%2Fwp%2Fv2%2Fcategories&post=9130"},{"taxonomy":"post_tag","embeddable":true,"href":"https:\/\/familie-weitgereist.de\/index.php?rest_route=%2Fwp%2Fv2%2Ftags&post=9130"}],"curies":[{"name":"wp","href":"https:\/\/api.w.org\/{rel}","templated":true}]}}