{"id":913,"date":"2019-12-30T23:26:00","date_gmt":"2019-12-30T22:26:00","guid":{"rendered":""},"modified":"2025-11-13T22:20:45","modified_gmt":"2025-11-13T21:20:45","slug":"bad-frankenhausen-kyffhaeuser","status":"publish","type":"post","link":"https:\/\/familie-weitgereist.de\/?p=913","title":{"rendered":"Ein verl\u00e4ngertes Wochenende in Bad Frankenhausen im Kyffh\u00e4user mit Kleinkind"},"content":{"rendered":"\n<p>Das lange Reformationstag-Wochenende 2019 haben wir in Bad Frankenhausen im Kyffh\u00e4user Gebiet verbracht.\u00a0<\/p>\n\n\n\n<figure class=\"wp-block-image size-large\"><img loading=\"lazy\" decoding=\"async\" width=\"1024\" height=\"683\" src=\"https:\/\/familie-weitgereist.de\/wp-content\/uploads\/2022\/02\/IMG_6127-1024x683.jpg\" alt=\"\" class=\"wp-image-7661\" srcset=\"https:\/\/familie-weitgereist.de\/wp-content\/uploads\/2022\/02\/IMG_6127-1024x683.jpg 1024w, https:\/\/familie-weitgereist.de\/wp-content\/uploads\/2022\/02\/IMG_6127-300x200.jpg 300w, https:\/\/familie-weitgereist.de\/wp-content\/uploads\/2022\/02\/IMG_6127-768x512.jpg 768w, https:\/\/familie-weitgereist.de\/wp-content\/uploads\/2022\/02\/IMG_6127-1536x1024.jpg 1536w, https:\/\/familie-weitgereist.de\/wp-content\/uploads\/2022\/02\/IMG_6127-2048x1365.jpg 2048w, https:\/\/familie-weitgereist.de\/wp-content\/uploads\/2022\/02\/IMG_6127-1200x800.jpg 1200w, https:\/\/familie-weitgereist.de\/wp-content\/uploads\/2022\/02\/IMG_6127-1980x1320.jpg 1980w, https:\/\/familie-weitgereist.de\/wp-content\/uploads\/2022\/02\/IMG_6127-150x100.jpg 150w\" sizes=\"auto, (max-width: 1024px) 100vw, 1024px\" \/><figcaption>Bad Frankenhausen<\/figcaption><\/figure>\n\n\n\n<p>Es war so sch\u00f6n und wir hatten herrliches Wetter. Wir haben uns eine kleine, gem\u00fctliche Ferienwohnung gemietet und die Zeit genossen.&nbsp;Durch die mittelalterlichen Gassen von Bad Frankenhausen schlenderten wir und entdeckten in der Kleinstadt den imposanten schiefen Kirchturm. Mit einem \u00dcberhang von 4,6m ist er schiefer als der schiefe Turm von Pisa und der schiefste Turm Deutschlands.&nbsp;<\/p>\n\n\n\n<figure class=\"wp-block-image size-large\"><img loading=\"lazy\" decoding=\"async\" width=\"1024\" height=\"683\" src=\"https:\/\/familie-weitgereist.de\/wp-content\/uploads\/2022\/02\/IMG_5922-1024x683.jpg\" alt=\"\" class=\"wp-image-7659\" srcset=\"https:\/\/familie-weitgereist.de\/wp-content\/uploads\/2022\/02\/IMG_5922-1024x683.jpg 1024w, https:\/\/familie-weitgereist.de\/wp-content\/uploads\/2022\/02\/IMG_5922-300x200.jpg 300w, https:\/\/familie-weitgereist.de\/wp-content\/uploads\/2022\/02\/IMG_5922-768x512.jpg 768w, https:\/\/familie-weitgereist.de\/wp-content\/uploads\/2022\/02\/IMG_5922-1536x1024.jpg 1536w, https:\/\/familie-weitgereist.de\/wp-content\/uploads\/2022\/02\/IMG_5922-2048x1365.jpg 2048w, https:\/\/familie-weitgereist.de\/wp-content\/uploads\/2022\/02\/IMG_5922-1200x800.jpg 1200w, https:\/\/familie-weitgereist.de\/wp-content\/uploads\/2022\/02\/IMG_5922-1980x1320.jpg 1980w, https:\/\/familie-weitgereist.de\/wp-content\/uploads\/2022\/02\/IMG_5922-150x100.jpg 150w\" sizes=\"auto, (max-width: 1024px) 100vw, 1024px\" \/><figcaption>Kyffh\u00e4user Denkmal<\/figcaption><\/figure>\n\n\n\n<p>Bei herrlichstem Sonnenschein haben wir das Kyffh\u00e4user Denkmal bestaunt. Merlin war total begeistert von dem gro\u00dfen Pferd.<\/p>\n\n\n\n<div id=\"wp-block-themeisle-blocks-slider-aadec04f\" class=\"wp-block-themeisle-blocks-slider glide\" data-per-view=\"1\" data-gap=\"0\" data-peek=\"0\" data-autoplay=\"true\" data-height=\"400px\" data-hide-arrows=\"false\"><div class=\"glide__track\" data-glide-el=\"track\"><div class=\"glide__slides\"><div class=\"wp-block-themeisle-blocks-slider-item-wrapper glide__slide\" tabindex=\"0\"><figure><img decoding=\"async\" class=\"wp-block-themeisle-blocks-slider-item\" src=\"https:\/\/familie-weitgereist.de\/wp-content\/uploads\/2022\/02\/IMG_5926-scaled.jpg\" alt=\"\" title=\"\" data-id=\"7723\"\/><\/figure><\/div><div class=\"wp-block-themeisle-blocks-slider-item-wrapper glide__slide\" tabindex=\"0\"><figure><img decoding=\"async\" class=\"wp-block-themeisle-blocks-slider-item\" src=\"https:\/\/familie-weitgereist.de\/wp-content\/uploads\/2022\/02\/IMG_6013-scaled.jpg\" alt=\"\" title=\"\" data-id=\"7725\"\/><\/figure><\/div><div class=\"wp-block-themeisle-blocks-slider-item-wrapper glide__slide\" tabindex=\"0\"><figure><img decoding=\"async\" class=\"wp-block-themeisle-blocks-slider-item\" src=\"https:\/\/familie-weitgereist.de\/wp-content\/uploads\/2022\/02\/IMG_6064-scaled.jpg\" alt=\"\" title=\"\" data-id=\"7726\"\/><\/figure><\/div><\/div><div class=\"glide__bullets\" data-glide-el=\"controls[nav]\"><button class=\"glide__bullet\" data-glide-dir=\"=0\"><\/button><button class=\"glide__bullet\" data-glide-dir=\"=1\"><\/button><button class=\"glide__bullet\" data-glide-dir=\"=2\"><\/button><\/div><\/div><\/div>\n\n\n\n<p>Wir haben die Barbarossa H\u00f6hle und die K\u00f6nigspfalz Tilleda besucht. Besonders die K\u00f6nigspfalz hat uns sehr gut gefallen. Wir waren fast die einzigen Besucher und konnten von der Ferne das Kyffh\u00e4user Denkmal bestaunen. Hier residierten vom 8. bis zum 13. Jahrhundert die Kaiser und K\u00f6nige. In der K\u00f6nigspfalz Tilleda kann man am Originalstandort im Freilichtmuseum die teilrekonstruierte Anlage bestaunen. Wir liefen durch die Ruinen der k\u00f6niglichen Geb\u00e4ude, konnten das Innere eines Wohnhauses aus dem 11. Jahrhundert begutachten und erkundeten die Wehranlage. &nbsp; <\/p>\n\n\n\n<div id=\"wp-block-themeisle-blocks-slider-59c3974e\" class=\"wp-block-themeisle-blocks-slider glide\" data-per-view=\"1\" data-gap=\"0\" data-peek=\"0\" data-autoplay=\"true\" data-height=\"400px\" data-hide-arrows=\"false\"><div class=\"glide__track\" data-glide-el=\"track\"><div class=\"glide__slides\"><div class=\"wp-block-themeisle-blocks-slider-item-wrapper glide__slide\" tabindex=\"0\"><figure><img decoding=\"async\" class=\"wp-block-themeisle-blocks-slider-item\" src=\"https:\/\/familie-weitgereist.de\/wp-content\/uploads\/2022\/02\/IMG_6159-scaled.jpg\" alt=\"\" title=\"\" data-id=\"7727\"\/><\/figure><\/div><div class=\"wp-block-themeisle-blocks-slider-item-wrapper glide__slide\" tabindex=\"0\"><figure><img decoding=\"async\" class=\"wp-block-themeisle-blocks-slider-item\" src=\"https:\/\/familie-weitgereist.de\/wp-content\/uploads\/2022\/02\/IMG_6174-scaled.jpg\" alt=\"\" title=\"\" data-id=\"7728\"\/><\/figure><\/div><div class=\"wp-block-themeisle-blocks-slider-item-wrapper glide__slide\" tabindex=\"0\"><figure><img decoding=\"async\" class=\"wp-block-themeisle-blocks-slider-item\" src=\"https:\/\/familie-weitgereist.de\/wp-content\/uploads\/2022\/02\/IMG_6185-scaled.jpg\" alt=\"\" title=\"\" data-id=\"7730\"\/><\/figure><\/div><\/div><div class=\"glide__bullets\" data-glide-el=\"controls[nav]\"><button class=\"glide__bullet\" data-glide-dir=\"=0\"><\/button><button class=\"glide__bullet\" data-glide-dir=\"=1\"><\/button><button class=\"glide__bullet\" data-glide-dir=\"=2\"><\/button><\/div><\/div><\/div>\n\n\n\n<p>Am letzten Tag unseres Kurztrips entspannten wir in der Kyffh\u00e4user Therme. Wir g\u00f6nnten uns einen Thermentag mit Planschen und Saunieren. Einfach herrlich, diese verl\u00e4ngerten Wochenenden und Kurztrips in die Umgebung.&nbsp;<\/p>\n\n\n\n<figure class=\"wp-block-embed is-type-video is-provider-youtube wp-block-embed-youtube wp-embed-aspect-16-9 wp-has-aspect-ratio\"><div class=\"wp-block-embed__wrapper\">\n<iframe loading=\"lazy\" title=\"BAD FRANKENHAUSEN, DEUTSCHLAND \/ REISE MIT BABY\" width=\"580\" height=\"326\" src=\"https:\/\/www.youtube.com\/embed\/94yb6paoPLY?feature=oembed\" frameborder=\"0\" allow=\"accelerometer; autoplay; clipboard-write; encrypted-media; gyroscope; picture-in-picture; web-share\" referrerpolicy=\"strict-origin-when-cross-origin\" allowfullscreen><\/iframe>\n<\/div><\/figure>\n","protected":false},"excerpt":{"rendered":"<p>Das lange Reformationstag-Wochenende 2019 haben wir in Bad Frankenhausen im Kyffh\u00e4user Gebiet verbracht.\u00a0 Es war so sch\u00f6n und wir hatten herrliches Wetter. Wir haben uns eine kleine, gem\u00fctliche Ferienwohnung gemietet und die Zeit genossen.&nbsp;Durch die mittelalterlichen Gassen von Bad Frankenhausen schlenderten wir und entdeckten in der Kleinstadt den imposanten schiefen Kirchturm. Mit einem \u00dcberhang von [&hellip;]<\/p>\n","protected":false},"author":3,"featured_media":7659,"comment_status":"open","ping_status":"open","sticky":false,"template":"","format":"standard","meta":{"_themeisle_gutenberg_block_has_review":false,"footnotes":""},"categories":[242,331,1765],"tags":[200,325,201,457],"class_list":["post-913","post","type-post","status-publish","format-standard","has-post-thumbnail","hentry","category-deutschland","category-miniabenteuer","category-thueringen","tag-bad-frankenhausen","tag-deutschland","tag-kyffhaeuser","tag-thueringen"],"_links":{"self":[{"href":"https:\/\/familie-weitgereist.de\/index.php?rest_route=\/wp\/v2\/posts\/913","targetHints":{"allow":["GET"]}}],"collection":[{"href":"https:\/\/familie-weitgereist.de\/index.php?rest_route=\/wp\/v2\/posts"}],"about":[{"href":"https:\/\/familie-weitgereist.de\/index.php?rest_route=\/wp\/v2\/types\/post"}],"author":[{"embeddable":true,"href":"https:\/\/familie-weitgereist.de\/index.php?rest_route=\/wp\/v2\/users\/3"}],"replies":[{"embeddable":true,"href":"https:\/\/familie-weitgereist.de\/index.php?rest_route=%2Fwp%2Fv2%2Fcomments&post=913"}],"version-history":[{"count":18,"href":"https:\/\/familie-weitgereist.de\/index.php?rest_route=\/wp\/v2\/posts\/913\/revisions"}],"predecessor-version":[{"id":8259,"href":"https:\/\/familie-weitgereist.de\/index.php?rest_route=\/wp\/v2\/posts\/913\/revisions\/8259"}],"wp:featuredmedia":[{"embeddable":true,"href":"https:\/\/familie-weitgereist.de\/index.php?rest_route=\/wp\/v2\/media\/7659"}],"wp:attachment":[{"href":"https:\/\/familie-weitgereist.de\/index.php?rest_route=%2Fwp%2Fv2%2Fmedia&parent=913"}],"wp:term":[{"taxonomy":"category","embeddable":true,"href":"https:\/\/familie-weitgereist.de\/index.php?rest_route=%2Fwp%2Fv2%2Fcategories&post=913"},{"taxonomy":"post_tag","embeddable":true,"href":"https:\/\/familie-weitgereist.de\/index.php?rest_route=%2Fwp%2Fv2%2Ftags&post=913"}],"curies":[{"name":"wp","href":"https:\/\/api.w.org\/{rel}","templated":true}]}}