{"id":909,"date":"2020-07-14T21:55:00","date_gmt":"2020-07-14T19:55:00","guid":{"rendered":""},"modified":"2025-10-31T11:33:37","modified_gmt":"2025-10-31T10:33:37","slug":"melago-suedtirol-italien","status":"publish","type":"post","link":"https:\/\/familie-weitgereist.de\/?p=909","title":{"rendered":"Eine Woche in Melago in S\u00fcdtirol mit Kleinkind"},"content":{"rendered":"\n<p>Wir sind von Pfronten im Allg\u00e4u ungef\u00e4hr 155km weiter s\u00fcdlich gefahren, einmal durch \u00d6sterreich hindurch und sind 17km nach der \u00f6sterreichischen Grenze, in Melago angekommen.<\/p>\n\n\n\n<p>Folgende Informationen k\u00f6nnt ihr in diesem Beitrag von uns lesen:<\/p>\n\n\n\n<ul class=\"wp-block-list\"><li><a href=\"https:\/\/familie-weitgereist.de\/?p=909\/#melago\">Melago<\/a><\/li><li><a href=\"https:\/\/familie-weitgereist.de\/?p=909\/#weisskugelhuette\">Wanderung Wei\u00dfkugelh\u00fctte<\/a><\/li><li><a href=\"https:\/\/familie-weitgereist.de\/?p=909\/#sulden\">Sulden<\/a><\/li><li><a href=\"https:\/\/familie-weitgereist.de\/?p=909\/#bruggeralm\">Wanderung Bruggeralm<\/a><\/li><\/ul>\n\n\n\n<figure class=\"wp-block-image size-large\"><img loading=\"lazy\" decoding=\"async\" width=\"1024\" height=\"768\" src=\"https:\/\/familie-weitgereist.de\/wp-content\/uploads\/2020\/10\/MVIMG_20200711_153725-1024x768.jpg\" alt=\"\" class=\"wp-image-2046\" srcset=\"https:\/\/familie-weitgereist.de\/wp-content\/uploads\/2020\/10\/MVIMG_20200711_153725-1024x768.jpg 1024w, https:\/\/familie-weitgereist.de\/wp-content\/uploads\/2020\/10\/MVIMG_20200711_153725-300x225.jpg 300w, https:\/\/familie-weitgereist.de\/wp-content\/uploads\/2020\/10\/MVIMG_20200711_153725-768x576.jpg 768w, https:\/\/familie-weitgereist.de\/wp-content\/uploads\/2020\/10\/MVIMG_20200711_153725-1536x1152.jpg 1536w, https:\/\/familie-weitgereist.de\/wp-content\/uploads\/2020\/10\/MVIMG_20200711_153725-2048x1536.jpg 2048w, https:\/\/familie-weitgereist.de\/wp-content\/uploads\/2020\/10\/MVIMG_20200711_153725-1200x900.jpg 1200w, https:\/\/familie-weitgereist.de\/wp-content\/uploads\/2020\/10\/MVIMG_20200711_153725-1980x1485.jpg 1980w, https:\/\/familie-weitgereist.de\/wp-content\/uploads\/2020\/10\/MVIMG_20200711_153725-853x640.jpg 853w, https:\/\/familie-weitgereist.de\/wp-content\/uploads\/2020\/10\/MVIMG_20200711_153725-150x113.jpg 150w\" sizes=\"auto, (max-width: 1024px) 100vw, 1024px\" \/><figcaption>In Melago<\/figcaption><\/figure>\n\n\n\n<p>F\u00fcr uns ist es das erste Mal, dass wir in S\u00fcdtirol sind und bisher hatten wir uns noch nicht mit der Geschichte dieser Region auseinander gesetzt. Obwohl es uns bekannt war, dass in S\u00fcdtirol weitestgehend Deutsch gesprochen wird, ist es nichtsdestotrotz etwas verwunderlich, wie deutsch uns hier alles vorkommt. &nbsp; <\/p>\n\n\n\n<p>Mit nur wenigen Italienischkenntnissen hat man hier definitiv kein Problem und mein &#8222;Buongiorno&#8220; bei der Begr\u00fc\u00dfung wurde mit einem freundlichen &#8222;Grie\u00df di&#8220; erwiedert.&nbsp; &nbsp; <\/p>\n\n\n\n<p>Unsere Ferienwohnung ist ein Paradies f\u00fcr kleine Kinder. Wir sind im Teindlhof bei der Familie Th\u00f6nl. Die Vermieterin hat selbst einen vier Jahre alten Sohn, einen gro\u00dfen Garten und alles was ein kleines Jungenherz begehrt. Merlin spielt im Sandkasten, plantscht im Pool, springt auf dem Trampolin, schaukelt auf der Schaukel, gie\u00dft die vielen Blumen oder f\u00e4hrt mit dem Traktor \u00fcber den Rasen.<\/p>\n\n\n\n<figure class=\"wp-block-image size-large\"><img loading=\"lazy\" decoding=\"async\" width=\"1024\" height=\"768\" src=\"https:\/\/familie-weitgereist.de\/wp-content\/uploads\/2020\/10\/MVIMG_20200710_090911-1024x768.jpg\" alt=\"\" class=\"wp-image-2048\" srcset=\"https:\/\/familie-weitgereist.de\/wp-content\/uploads\/2020\/10\/MVIMG_20200710_090911-1024x768.jpg 1024w, https:\/\/familie-weitgereist.de\/wp-content\/uploads\/2020\/10\/MVIMG_20200710_090911-300x225.jpg 300w, https:\/\/familie-weitgereist.de\/wp-content\/uploads\/2020\/10\/MVIMG_20200710_090911-768x576.jpg 768w, https:\/\/familie-weitgereist.de\/wp-content\/uploads\/2020\/10\/MVIMG_20200710_090911-1536x1152.jpg 1536w, https:\/\/familie-weitgereist.de\/wp-content\/uploads\/2020\/10\/MVIMG_20200710_090911-2048x1536.jpg 2048w, https:\/\/familie-weitgereist.de\/wp-content\/uploads\/2020\/10\/MVIMG_20200710_090911-1200x900.jpg 1200w, https:\/\/familie-weitgereist.de\/wp-content\/uploads\/2020\/10\/MVIMG_20200710_090911-1980x1485.jpg 1980w, https:\/\/familie-weitgereist.de\/wp-content\/uploads\/2020\/10\/MVIMG_20200710_090911-853x640.jpg 853w, https:\/\/familie-weitgereist.de\/wp-content\/uploads\/2020\/10\/MVIMG_20200710_090911-150x113.jpg 150w\" sizes=\"auto, (max-width: 1024px) 100vw, 1024px\" \/><\/figure>\n\n\n\n<figure class=\"wp-block-image size-large\"><img loading=\"lazy\" decoding=\"async\" width=\"1024\" height=\"768\" src=\"https:\/\/familie-weitgereist.de\/wp-content\/uploads\/2020\/10\/IMG_20200713_093900-1024x768.jpg\" alt=\"\" class=\"wp-image-2049\" srcset=\"https:\/\/familie-weitgereist.de\/wp-content\/uploads\/2020\/10\/IMG_20200713_093900-1024x768.jpg 1024w, https:\/\/familie-weitgereist.de\/wp-content\/uploads\/2020\/10\/IMG_20200713_093900-300x225.jpg 300w, https:\/\/familie-weitgereist.de\/wp-content\/uploads\/2020\/10\/IMG_20200713_093900-768x576.jpg 768w, https:\/\/familie-weitgereist.de\/wp-content\/uploads\/2020\/10\/IMG_20200713_093900-1536x1152.jpg 1536w, https:\/\/familie-weitgereist.de\/wp-content\/uploads\/2020\/10\/IMG_20200713_093900-2048x1536.jpg 2048w, https:\/\/familie-weitgereist.de\/wp-content\/uploads\/2020\/10\/IMG_20200713_093900-1200x900.jpg 1200w, https:\/\/familie-weitgereist.de\/wp-content\/uploads\/2020\/10\/IMG_20200713_093900-1980x1485.jpg 1980w, https:\/\/familie-weitgereist.de\/wp-content\/uploads\/2020\/10\/IMG_20200713_093900-853x640.jpg 853w, https:\/\/familie-weitgereist.de\/wp-content\/uploads\/2020\/10\/IMG_20200713_093900-150x113.jpg 150w\" sizes=\"auto, (max-width: 1024px) 100vw, 1024px\" \/><\/figure>\n\n\n\n<h2 class=\"wp-block-heading\" id=\"melago\">Melago<\/h2>\n\n\n\n<p>Melago liegt unweit des wundersch\u00f6nen Reschensees, auf italienisch Lago di Resia. <\/p>\n\n\n\n<figure class=\"wp-block-image size-large\"><img loading=\"lazy\" decoding=\"async\" width=\"1024\" height=\"768\" src=\"https:\/\/familie-weitgereist.de\/wp-content\/uploads\/2020\/10\/MVIMG_20200710_102911-1024x768.jpg\" alt=\"\" class=\"wp-image-2053\" srcset=\"https:\/\/familie-weitgereist.de\/wp-content\/uploads\/2020\/10\/MVIMG_20200710_102911-1024x768.jpg 1024w, https:\/\/familie-weitgereist.de\/wp-content\/uploads\/2020\/10\/MVIMG_20200710_102911-300x225.jpg 300w, https:\/\/familie-weitgereist.de\/wp-content\/uploads\/2020\/10\/MVIMG_20200710_102911-768x576.jpg 768w, https:\/\/familie-weitgereist.de\/wp-content\/uploads\/2020\/10\/MVIMG_20200710_102911-1536x1152.jpg 1536w, https:\/\/familie-weitgereist.de\/wp-content\/uploads\/2020\/10\/MVIMG_20200710_102911-2048x1536.jpg 2048w, https:\/\/familie-weitgereist.de\/wp-content\/uploads\/2020\/10\/MVIMG_20200710_102911-1200x900.jpg 1200w, https:\/\/familie-weitgereist.de\/wp-content\/uploads\/2020\/10\/MVIMG_20200710_102911-1980x1485.jpg 1980w, https:\/\/familie-weitgereist.de\/wp-content\/uploads\/2020\/10\/MVIMG_20200710_102911-853x640.jpg 853w, https:\/\/familie-weitgereist.de\/wp-content\/uploads\/2020\/10\/MVIMG_20200710_102911-150x113.jpg 150w\" sizes=\"auto, (max-width: 1024px) 100vw, 1024px\" \/><\/figure>\n\n\n\n<p>Die Geschichte dahinter ist sehr interessant.&nbsp;1950 wurden die D\u00f6rfer Graun und Reschen \u00fcberflutet um einen Stausee anzulegen. Was zu damaliger Zeit eine Katastrophe f\u00fcr die 100 betroffenen Familien darstellte, ist heutzutage ein beliebtes Postkartenmotiv f\u00fcr Touristen. Da die betroffenen Familien haupts\u00e4chlich von der Viehzucht lebten, siedelten einige Familien sich weiter oben am Berghang an, andere verlie\u00dfen die Region ganz.&nbsp;Einstig der Kirchturm durfte stehenbleiben, da er denkmalgesch\u00fctzt ist und schon im 14. Jahrhundert erbaut wurde. <\/p>\n\n\n\n<p>Staunend \u00fcber den &#8222;Turm im See&#8220; begaben wir uns auf eine Rundwanderung um den Reschensee. Insgesamt sind es 18km und wir konnten von unterschiedlichen Blickwinkeln auf den herrlichen See blicken.&nbsp; &nbsp; <\/p>\n\n\n\n<figure class=\"wp-block-image size-large\"><img loading=\"lazy\" decoding=\"async\" width=\"1024\" height=\"768\" src=\"https:\/\/familie-weitgereist.de\/wp-content\/uploads\/2020\/10\/MVIMG_20200710_111248-1024x768.jpg\" alt=\"\" class=\"wp-image-2055\" srcset=\"https:\/\/familie-weitgereist.de\/wp-content\/uploads\/2020\/10\/MVIMG_20200710_111248-1024x768.jpg 1024w, https:\/\/familie-weitgereist.de\/wp-content\/uploads\/2020\/10\/MVIMG_20200710_111248-300x225.jpg 300w, https:\/\/familie-weitgereist.de\/wp-content\/uploads\/2020\/10\/MVIMG_20200710_111248-768x576.jpg 768w, https:\/\/familie-weitgereist.de\/wp-content\/uploads\/2020\/10\/MVIMG_20200710_111248-1536x1152.jpg 1536w, https:\/\/familie-weitgereist.de\/wp-content\/uploads\/2020\/10\/MVIMG_20200710_111248-2048x1536.jpg 2048w, https:\/\/familie-weitgereist.de\/wp-content\/uploads\/2020\/10\/MVIMG_20200710_111248-1200x900.jpg 1200w, https:\/\/familie-weitgereist.de\/wp-content\/uploads\/2020\/10\/MVIMG_20200710_111248-1980x1485.jpg 1980w, https:\/\/familie-weitgereist.de\/wp-content\/uploads\/2020\/10\/MVIMG_20200710_111248-853x640.jpg 853w, https:\/\/familie-weitgereist.de\/wp-content\/uploads\/2020\/10\/MVIMG_20200710_111248-150x113.jpg 150w\" sizes=\"auto, (max-width: 1024px) 100vw, 1024px\" \/><\/figure>\n\n\n\n<h2 class=\"wp-block-heading\" id=\"weisskugelhuette\">Wanderung Wei\u00dfkugelh\u00fctte<\/h2>\n\n\n\n<p>Bei wunderbarem Wetter wanderten wir den schneebedeckten Bergen entgegen. Wir starteten direkt in Melago an unserer Ferienwohnung. Das tolle ist, wir sind schon auf 1900m, da sind die Berge richtig nah.&nbsp; Unser Tagesziel war die Wei\u00dfkugelh\u00fctte auf 2557m.&nbsp; &nbsp; <\/p>\n\n\n\n<figure class=\"wp-block-image size-large\"><img loading=\"lazy\" decoding=\"async\" width=\"1024\" height=\"768\" src=\"https:\/\/familie-weitgereist.de\/wp-content\/uploads\/2020\/10\/MVIMG_20200712_141811-1024x768.jpg\" alt=\"\" class=\"wp-image-2057\" srcset=\"https:\/\/familie-weitgereist.de\/wp-content\/uploads\/2020\/10\/MVIMG_20200712_141811-1024x768.jpg 1024w, https:\/\/familie-weitgereist.de\/wp-content\/uploads\/2020\/10\/MVIMG_20200712_141811-300x225.jpg 300w, https:\/\/familie-weitgereist.de\/wp-content\/uploads\/2020\/10\/MVIMG_20200712_141811-768x576.jpg 768w, https:\/\/familie-weitgereist.de\/wp-content\/uploads\/2020\/10\/MVIMG_20200712_141811-1536x1152.jpg 1536w, https:\/\/familie-weitgereist.de\/wp-content\/uploads\/2020\/10\/MVIMG_20200712_141811-2048x1536.jpg 2048w, https:\/\/familie-weitgereist.de\/wp-content\/uploads\/2020\/10\/MVIMG_20200712_141811-1200x900.jpg 1200w, https:\/\/familie-weitgereist.de\/wp-content\/uploads\/2020\/10\/MVIMG_20200712_141811-1980x1485.jpg 1980w, https:\/\/familie-weitgereist.de\/wp-content\/uploads\/2020\/10\/MVIMG_20200712_141811-853x640.jpg 853w, https:\/\/familie-weitgereist.de\/wp-content\/uploads\/2020\/10\/MVIMG_20200712_141811-150x113.jpg 150w\" sizes=\"auto, (max-width: 1024px) 100vw, 1024px\" \/><\/figure>\n\n\n\n<figure class=\"wp-block-image size-large\"><img loading=\"lazy\" decoding=\"async\" width=\"768\" height=\"1024\" src=\"https:\/\/familie-weitgereist.de\/wp-content\/uploads\/2020\/10\/MVIMG_20200712_151426-768x1024.jpg\" alt=\"\" class=\"wp-image-2058\" srcset=\"https:\/\/familie-weitgereist.de\/wp-content\/uploads\/2020\/10\/MVIMG_20200712_151426-768x1024.jpg 768w, https:\/\/familie-weitgereist.de\/wp-content\/uploads\/2020\/10\/MVIMG_20200712_151426-225x300.jpg 225w, https:\/\/familie-weitgereist.de\/wp-content\/uploads\/2020\/10\/MVIMG_20200712_151426-1152x1536.jpg 1152w, https:\/\/familie-weitgereist.de\/wp-content\/uploads\/2020\/10\/MVIMG_20200712_151426-1536x2048.jpg 1536w, https:\/\/familie-weitgereist.de\/wp-content\/uploads\/2020\/10\/MVIMG_20200712_151426-1200x1600.jpg 1200w, https:\/\/familie-weitgereist.de\/wp-content\/uploads\/2020\/10\/MVIMG_20200712_151426-1980x2640.jpg 1980w, https:\/\/familie-weitgereist.de\/wp-content\/uploads\/2020\/10\/MVIMG_20200712_151426-640x853.jpg 640w, https:\/\/familie-weitgereist.de\/wp-content\/uploads\/2020\/10\/MVIMG_20200712_151426-150x200.jpg 150w, https:\/\/familie-weitgereist.de\/wp-content\/uploads\/2020\/10\/MVIMG_20200712_151426-scaled.jpg 1920w\" sizes=\"auto, (max-width: 768px) 100vw, 768px\" \/><\/figure>\n\n\n\n<p>Es war traumhaft! Der Aufstieg war zum Teil recht steil und wir windeten uns in Serpentinen voran. Merlin sa\u00df in seinem Tragerucksack und genoss die Aussicht.&nbsp; <\/p>\n\n\n\n<figure class=\"wp-block-image size-large\"><img loading=\"lazy\" decoding=\"async\" width=\"1024\" height=\"766\" src=\"https:\/\/familie-weitgereist.de\/wp-content\/uploads\/2020\/10\/IMG_20200712_161051-1024x766.jpg\" alt=\"\" class=\"wp-image-2061\" srcset=\"https:\/\/familie-weitgereist.de\/wp-content\/uploads\/2020\/10\/IMG_20200712_161051-1024x766.jpg 1024w, https:\/\/familie-weitgereist.de\/wp-content\/uploads\/2020\/10\/IMG_20200712_161051-300x225.jpg 300w, https:\/\/familie-weitgereist.de\/wp-content\/uploads\/2020\/10\/IMG_20200712_161051-768x575.jpg 768w, https:\/\/familie-weitgereist.de\/wp-content\/uploads\/2020\/10\/IMG_20200712_161051-1536x1150.jpg 1536w, https:\/\/familie-weitgereist.de\/wp-content\/uploads\/2020\/10\/IMG_20200712_161051-2048x1533.jpg 2048w, https:\/\/familie-weitgereist.de\/wp-content\/uploads\/2020\/10\/IMG_20200712_161051-1200x898.jpg 1200w, https:\/\/familie-weitgereist.de\/wp-content\/uploads\/2020\/10\/IMG_20200712_161051-1980x1482.jpg 1980w, https:\/\/familie-weitgereist.de\/wp-content\/uploads\/2020\/10\/IMG_20200712_161051-150x112.jpg 150w\" sizes=\"auto, (max-width: 1024px) 100vw, 1024px\" \/><\/figure>\n\n\n\n<p>Der Blick auf die schneebedeckten Berge, die wunderbaren Pfade und die frische Luft erf\u00fcllten uns mit Freude!&nbsp; &nbsp; <\/p>\n\n\n\n<figure class=\"wp-block-image size-large\"><img loading=\"lazy\" decoding=\"async\" width=\"1024\" height=\"768\" src=\"https:\/\/familie-weitgereist.de\/wp-content\/uploads\/2020\/10\/MVIMG_20200712_141608-1024x768.jpg\" alt=\"\" class=\"wp-image-2064\" srcset=\"https:\/\/familie-weitgereist.de\/wp-content\/uploads\/2020\/10\/MVIMG_20200712_141608-1024x768.jpg 1024w, https:\/\/familie-weitgereist.de\/wp-content\/uploads\/2020\/10\/MVIMG_20200712_141608-300x225.jpg 300w, https:\/\/familie-weitgereist.de\/wp-content\/uploads\/2020\/10\/MVIMG_20200712_141608-768x576.jpg 768w, https:\/\/familie-weitgereist.de\/wp-content\/uploads\/2020\/10\/MVIMG_20200712_141608-1536x1152.jpg 1536w, https:\/\/familie-weitgereist.de\/wp-content\/uploads\/2020\/10\/MVIMG_20200712_141608-2048x1536.jpg 2048w, https:\/\/familie-weitgereist.de\/wp-content\/uploads\/2020\/10\/MVIMG_20200712_141608-1200x900.jpg 1200w, https:\/\/familie-weitgereist.de\/wp-content\/uploads\/2020\/10\/MVIMG_20200712_141608-1980x1485.jpg 1980w, https:\/\/familie-weitgereist.de\/wp-content\/uploads\/2020\/10\/MVIMG_20200712_141608-853x640.jpg 853w, https:\/\/familie-weitgereist.de\/wp-content\/uploads\/2020\/10\/MVIMG_20200712_141608-150x113.jpg 150w\" sizes=\"auto, (max-width: 1024px) 100vw, 1024px\" \/><\/figure>\n\n\n\n<figure class=\"wp-block-image size-large\"><img loading=\"lazy\" decoding=\"async\" width=\"1024\" height=\"768\" src=\"https:\/\/familie-weitgereist.de\/wp-content\/uploads\/2020\/10\/MVIMG_20200712_151911-1024x768.jpg\" alt=\"\" class=\"wp-image-2065\" srcset=\"https:\/\/familie-weitgereist.de\/wp-content\/uploads\/2020\/10\/MVIMG_20200712_151911-1024x768.jpg 1024w, https:\/\/familie-weitgereist.de\/wp-content\/uploads\/2020\/10\/MVIMG_20200712_151911-300x225.jpg 300w, https:\/\/familie-weitgereist.de\/wp-content\/uploads\/2020\/10\/MVIMG_20200712_151911-768x576.jpg 768w, https:\/\/familie-weitgereist.de\/wp-content\/uploads\/2020\/10\/MVIMG_20200712_151911-1536x1152.jpg 1536w, https:\/\/familie-weitgereist.de\/wp-content\/uploads\/2020\/10\/MVIMG_20200712_151911-2048x1536.jpg 2048w, https:\/\/familie-weitgereist.de\/wp-content\/uploads\/2020\/10\/MVIMG_20200712_151911-1200x900.jpg 1200w, https:\/\/familie-weitgereist.de\/wp-content\/uploads\/2020\/10\/MVIMG_20200712_151911-1980x1485.jpg 1980w, https:\/\/familie-weitgereist.de\/wp-content\/uploads\/2020\/10\/MVIMG_20200712_151911-853x640.jpg 853w, https:\/\/familie-weitgereist.de\/wp-content\/uploads\/2020\/10\/MVIMG_20200712_151911-150x113.jpg 150w\" sizes=\"auto, (max-width: 1024px) 100vw, 1024px\" \/><\/figure>\n\n\n\n<figure class=\"wp-block-image size-large\"><img loading=\"lazy\" decoding=\"async\" width=\"768\" height=\"1024\" src=\"https:\/\/familie-weitgereist.de\/wp-content\/uploads\/2020\/10\/MVIMG_20200712_143810-768x1024.jpg\" alt=\"\" class=\"wp-image-2066\" srcset=\"https:\/\/familie-weitgereist.de\/wp-content\/uploads\/2020\/10\/MVIMG_20200712_143810-768x1024.jpg 768w, https:\/\/familie-weitgereist.de\/wp-content\/uploads\/2020\/10\/MVIMG_20200712_143810-225x300.jpg 225w, https:\/\/familie-weitgereist.de\/wp-content\/uploads\/2020\/10\/MVIMG_20200712_143810-1152x1536.jpg 1152w, https:\/\/familie-weitgereist.de\/wp-content\/uploads\/2020\/10\/MVIMG_20200712_143810-1536x2048.jpg 1536w, https:\/\/familie-weitgereist.de\/wp-content\/uploads\/2020\/10\/MVIMG_20200712_143810-1200x1600.jpg 1200w, https:\/\/familie-weitgereist.de\/wp-content\/uploads\/2020\/10\/MVIMG_20200712_143810-1980x2640.jpg 1980w, https:\/\/familie-weitgereist.de\/wp-content\/uploads\/2020\/10\/MVIMG_20200712_143810-640x853.jpg 640w, https:\/\/familie-weitgereist.de\/wp-content\/uploads\/2020\/10\/MVIMG_20200712_143810-150x200.jpg 150w, https:\/\/familie-weitgereist.de\/wp-content\/uploads\/2020\/10\/MVIMG_20200712_143810-scaled.jpg 1920w\" sizes=\"auto, (max-width: 768px) 100vw, 768px\" \/><\/figure>\n\n\n\n<h2 class=\"wp-block-heading\" id=\"sulden\">Sulden<\/h2>\n\n\n\n<p>Am folgenden Tag fuhren wir nach Sulden, ein kleiner Ort, nahezu ausschlie\u00dflich bestehend aus Hotels und Ferienwohnungen. Dort unternahmen wir eine Rundwanderung auf dem Panoramaweg um Sulden.&nbsp; &nbsp; <\/p>\n\n\n\n<figure class=\"wp-block-image size-large\"><img loading=\"lazy\" decoding=\"async\" width=\"768\" height=\"1024\" src=\"https:\/\/familie-weitgereist.de\/wp-content\/uploads\/2020\/10\/MVIMG_20200713_121841-768x1024.jpg\" alt=\"\" class=\"wp-image-2068\" srcset=\"https:\/\/familie-weitgereist.de\/wp-content\/uploads\/2020\/10\/MVIMG_20200713_121841-768x1024.jpg 768w, https:\/\/familie-weitgereist.de\/wp-content\/uploads\/2020\/10\/MVIMG_20200713_121841-225x300.jpg 225w, https:\/\/familie-weitgereist.de\/wp-content\/uploads\/2020\/10\/MVIMG_20200713_121841-1152x1536.jpg 1152w, https:\/\/familie-weitgereist.de\/wp-content\/uploads\/2020\/10\/MVIMG_20200713_121841-1536x2048.jpg 1536w, https:\/\/familie-weitgereist.de\/wp-content\/uploads\/2020\/10\/MVIMG_20200713_121841-1200x1600.jpg 1200w, https:\/\/familie-weitgereist.de\/wp-content\/uploads\/2020\/10\/MVIMG_20200713_121841-1980x2640.jpg 1980w, https:\/\/familie-weitgereist.de\/wp-content\/uploads\/2020\/10\/MVIMG_20200713_121841-640x853.jpg 640w, https:\/\/familie-weitgereist.de\/wp-content\/uploads\/2020\/10\/MVIMG_20200713_121841-150x200.jpg 150w, https:\/\/familie-weitgereist.de\/wp-content\/uploads\/2020\/10\/MVIMG_20200713_121841-scaled.jpg 1920w\" sizes=\"auto, (max-width: 768px) 100vw, 768px\" \/><\/figure>\n\n\n\n<figure class=\"wp-block-image size-large\"><img loading=\"lazy\" decoding=\"async\" width=\"1024\" height=\"768\" src=\"https:\/\/familie-weitgereist.de\/wp-content\/uploads\/2020\/10\/MVIMG_20200713_130347-1024x768.jpg\" alt=\"\" class=\"wp-image-2069\" srcset=\"https:\/\/familie-weitgereist.de\/wp-content\/uploads\/2020\/10\/MVIMG_20200713_130347-1024x768.jpg 1024w, https:\/\/familie-weitgereist.de\/wp-content\/uploads\/2020\/10\/MVIMG_20200713_130347-300x225.jpg 300w, https:\/\/familie-weitgereist.de\/wp-content\/uploads\/2020\/10\/MVIMG_20200713_130347-768x576.jpg 768w, https:\/\/familie-weitgereist.de\/wp-content\/uploads\/2020\/10\/MVIMG_20200713_130347-1536x1152.jpg 1536w, https:\/\/familie-weitgereist.de\/wp-content\/uploads\/2020\/10\/MVIMG_20200713_130347-2048x1536.jpg 2048w, https:\/\/familie-weitgereist.de\/wp-content\/uploads\/2020\/10\/MVIMG_20200713_130347-1200x900.jpg 1200w, https:\/\/familie-weitgereist.de\/wp-content\/uploads\/2020\/10\/MVIMG_20200713_130347-1980x1485.jpg 1980w, https:\/\/familie-weitgereist.de\/wp-content\/uploads\/2020\/10\/MVIMG_20200713_130347-853x640.jpg 853w, https:\/\/familie-weitgereist.de\/wp-content\/uploads\/2020\/10\/MVIMG_20200713_130347-150x113.jpg 150w\" sizes=\"auto, (max-width: 1024px) 100vw, 1024px\" \/><\/figure>\n\n\n\n<p>An einer Weggabelung verlie\u00dfen wir den Weg, um einen Bergfelsen zu einer H\u00e4ngebr\u00fccke zu besteigen. Dies gestaltete sich als richtiges Abenteuer. Wir mussten schmale Pfade beschreiten, an Ketten entlang hangeln, Treppen hinaufgehen, bis wir bei der H\u00e4ngebr\u00fccke waren. Diese ist 45m lang und f\u00fchrt an einem rauschenden Wasserfall vorbei. Merlin verschlief das ganze Abenteuer. &nbsp; <\/p>\n\n\n\n<figure class=\"wp-block-image size-large\"><img loading=\"lazy\" decoding=\"async\" width=\"768\" height=\"1024\" src=\"https:\/\/familie-weitgereist.de\/wp-content\/uploads\/2020\/10\/MVIMG_20200713_140421-768x1024.jpg\" alt=\"\" class=\"wp-image-2071\" srcset=\"https:\/\/familie-weitgereist.de\/wp-content\/uploads\/2020\/10\/MVIMG_20200713_140421-768x1024.jpg 768w, https:\/\/familie-weitgereist.de\/wp-content\/uploads\/2020\/10\/MVIMG_20200713_140421-225x300.jpg 225w, https:\/\/familie-weitgereist.de\/wp-content\/uploads\/2020\/10\/MVIMG_20200713_140421-1152x1536.jpg 1152w, https:\/\/familie-weitgereist.de\/wp-content\/uploads\/2020\/10\/MVIMG_20200713_140421-1536x2048.jpg 1536w, https:\/\/familie-weitgereist.de\/wp-content\/uploads\/2020\/10\/MVIMG_20200713_140421-1200x1600.jpg 1200w, https:\/\/familie-weitgereist.de\/wp-content\/uploads\/2020\/10\/MVIMG_20200713_140421-1980x2640.jpg 1980w, https:\/\/familie-weitgereist.de\/wp-content\/uploads\/2020\/10\/MVIMG_20200713_140421-640x853.jpg 640w, https:\/\/familie-weitgereist.de\/wp-content\/uploads\/2020\/10\/MVIMG_20200713_140421-150x200.jpg 150w, https:\/\/familie-weitgereist.de\/wp-content\/uploads\/2020\/10\/MVIMG_20200713_140421-scaled.jpg 1920w\" sizes=\"auto, (max-width: 768px) 100vw, 768px\" \/><\/figure>\n\n\n\n<figure class=\"wp-block-image size-large\"><img loading=\"lazy\" decoding=\"async\" width=\"1024\" height=\"768\" src=\"https:\/\/familie-weitgereist.de\/wp-content\/uploads\/2020\/10\/IMG_20200713_142338-1024x768.jpg\" alt=\"\" class=\"wp-image-2072\" srcset=\"https:\/\/familie-weitgereist.de\/wp-content\/uploads\/2020\/10\/IMG_20200713_142338-1024x768.jpg 1024w, https:\/\/familie-weitgereist.de\/wp-content\/uploads\/2020\/10\/IMG_20200713_142338-300x225.jpg 300w, https:\/\/familie-weitgereist.de\/wp-content\/uploads\/2020\/10\/IMG_20200713_142338-768x576.jpg 768w, https:\/\/familie-weitgereist.de\/wp-content\/uploads\/2020\/10\/IMG_20200713_142338-1536x1152.jpg 1536w, https:\/\/familie-weitgereist.de\/wp-content\/uploads\/2020\/10\/IMG_20200713_142338-2048x1536.jpg 2048w, https:\/\/familie-weitgereist.de\/wp-content\/uploads\/2020\/10\/IMG_20200713_142338-1200x900.jpg 1200w, https:\/\/familie-weitgereist.de\/wp-content\/uploads\/2020\/10\/IMG_20200713_142338-1980x1485.jpg 1980w, https:\/\/familie-weitgereist.de\/wp-content\/uploads\/2020\/10\/IMG_20200713_142338-853x640.jpg 853w, https:\/\/familie-weitgereist.de\/wp-content\/uploads\/2020\/10\/IMG_20200713_142338-150x113.jpg 150w\" sizes=\"auto, (max-width: 1024px) 100vw, 1024px\" \/><\/figure>\n\n\n\n<figure class=\"wp-block-image size-large\"><img loading=\"lazy\" decoding=\"async\" width=\"1024\" height=\"768\" src=\"https:\/\/familie-weitgereist.de\/wp-content\/uploads\/2020\/10\/MVIMG_20200713_142226-1024x768.jpg\" alt=\"\" class=\"wp-image-2074\" srcset=\"https:\/\/familie-weitgereist.de\/wp-content\/uploads\/2020\/10\/MVIMG_20200713_142226-1024x768.jpg 1024w, https:\/\/familie-weitgereist.de\/wp-content\/uploads\/2020\/10\/MVIMG_20200713_142226-300x225.jpg 300w, https:\/\/familie-weitgereist.de\/wp-content\/uploads\/2020\/10\/MVIMG_20200713_142226-768x576.jpg 768w, https:\/\/familie-weitgereist.de\/wp-content\/uploads\/2020\/10\/MVIMG_20200713_142226-1536x1152.jpg 1536w, https:\/\/familie-weitgereist.de\/wp-content\/uploads\/2020\/10\/MVIMG_20200713_142226-2048x1536.jpg 2048w, https:\/\/familie-weitgereist.de\/wp-content\/uploads\/2020\/10\/MVIMG_20200713_142226-1200x900.jpg 1200w, https:\/\/familie-weitgereist.de\/wp-content\/uploads\/2020\/10\/MVIMG_20200713_142226-1980x1485.jpg 1980w, https:\/\/familie-weitgereist.de\/wp-content\/uploads\/2020\/10\/MVIMG_20200713_142226-853x640.jpg 853w, https:\/\/familie-weitgereist.de\/wp-content\/uploads\/2020\/10\/MVIMG_20200713_142226-150x113.jpg 150w\" sizes=\"auto, (max-width: 1024px) 100vw, 1024px\" \/><\/figure>\n\n\n\n<figure class=\"wp-block-image size-large\"><img loading=\"lazy\" decoding=\"async\" width=\"1024\" height=\"768\" src=\"https:\/\/familie-weitgereist.de\/wp-content\/uploads\/2020\/10\/IMG_20200713_142139-1024x768.jpg\" alt=\"\" class=\"wp-image-2075\" srcset=\"https:\/\/familie-weitgereist.de\/wp-content\/uploads\/2020\/10\/IMG_20200713_142139-1024x768.jpg 1024w, https:\/\/familie-weitgereist.de\/wp-content\/uploads\/2020\/10\/IMG_20200713_142139-300x225.jpg 300w, https:\/\/familie-weitgereist.de\/wp-content\/uploads\/2020\/10\/IMG_20200713_142139-768x576.jpg 768w, https:\/\/familie-weitgereist.de\/wp-content\/uploads\/2020\/10\/IMG_20200713_142139-1536x1152.jpg 1536w, https:\/\/familie-weitgereist.de\/wp-content\/uploads\/2020\/10\/IMG_20200713_142139-2048x1536.jpg 2048w, https:\/\/familie-weitgereist.de\/wp-content\/uploads\/2020\/10\/IMG_20200713_142139-1200x900.jpg 1200w, https:\/\/familie-weitgereist.de\/wp-content\/uploads\/2020\/10\/IMG_20200713_142139-1980x1485.jpg 1980w, https:\/\/familie-weitgereist.de\/wp-content\/uploads\/2020\/10\/IMG_20200713_142139-853x640.jpg 853w, https:\/\/familie-weitgereist.de\/wp-content\/uploads\/2020\/10\/IMG_20200713_142139-150x113.jpg 150w\" sizes=\"auto, (max-width: 1024px) 100vw, 1024px\" \/><\/figure>\n\n\n\n<p>Nachdem wir den tosenden Str\u00f6men zugeschaut hatten, wanderten wir zur\u00fcck auf den Panoramaweg und kamen an dem &#8222;B\u00e4renbad&#8220; vorbei, eine naturverbundene Kneippanlage mitten im Wald. Auch hier gab es wieder allerlei zu entdecken f\u00fcr Merlin. Ein Baumhaus, einen Barfu\u00dfpfad, einen kleinen Wasserfall, viele Kneippbecken, Ministaud\u00e4mme und kleine Wasserl\u00e4ufe. Ein Paradies und der perfekte Platz um eine l\u00e4ngere Rast zu machen.&nbsp;<\/p>\n\n\n\n<figure class=\"wp-block-image size-large\"><img loading=\"lazy\" decoding=\"async\" width=\"768\" height=\"1024\" src=\"https:\/\/familie-weitgereist.de\/wp-content\/uploads\/2020\/10\/IMG_20200713_153416-768x1024.jpg\" alt=\"\" class=\"wp-image-2077\" srcset=\"https:\/\/familie-weitgereist.de\/wp-content\/uploads\/2020\/10\/IMG_20200713_153416-768x1024.jpg 768w, https:\/\/familie-weitgereist.de\/wp-content\/uploads\/2020\/10\/IMG_20200713_153416-225x300.jpg 225w, https:\/\/familie-weitgereist.de\/wp-content\/uploads\/2020\/10\/IMG_20200713_153416-1152x1536.jpg 1152w, https:\/\/familie-weitgereist.de\/wp-content\/uploads\/2020\/10\/IMG_20200713_153416-1536x2048.jpg 1536w, https:\/\/familie-weitgereist.de\/wp-content\/uploads\/2020\/10\/IMG_20200713_153416-1200x1600.jpg 1200w, https:\/\/familie-weitgereist.de\/wp-content\/uploads\/2020\/10\/IMG_20200713_153416-1980x2640.jpg 1980w, https:\/\/familie-weitgereist.de\/wp-content\/uploads\/2020\/10\/IMG_20200713_153416-640x853.jpg 640w, https:\/\/familie-weitgereist.de\/wp-content\/uploads\/2020\/10\/IMG_20200713_153416-150x200.jpg 150w, https:\/\/familie-weitgereist.de\/wp-content\/uploads\/2020\/10\/IMG_20200713_153416-scaled.jpg 1920w\" sizes=\"auto, (max-width: 768px) 100vw, 768px\" \/><\/figure>\n\n\n\n<figure class=\"wp-block-image size-large\"><img loading=\"lazy\" decoding=\"async\" width=\"1024\" height=\"768\" src=\"https:\/\/familie-weitgereist.de\/wp-content\/uploads\/2020\/10\/MVIMG_20200713_162533-1024x768.jpg\" alt=\"\" class=\"wp-image-2078\" srcset=\"https:\/\/familie-weitgereist.de\/wp-content\/uploads\/2020\/10\/MVIMG_20200713_162533-1024x768.jpg 1024w, https:\/\/familie-weitgereist.de\/wp-content\/uploads\/2020\/10\/MVIMG_20200713_162533-300x225.jpg 300w, https:\/\/familie-weitgereist.de\/wp-content\/uploads\/2020\/10\/MVIMG_20200713_162533-768x576.jpg 768w, https:\/\/familie-weitgereist.de\/wp-content\/uploads\/2020\/10\/MVIMG_20200713_162533-1536x1152.jpg 1536w, https:\/\/familie-weitgereist.de\/wp-content\/uploads\/2020\/10\/MVIMG_20200713_162533-2048x1536.jpg 2048w, https:\/\/familie-weitgereist.de\/wp-content\/uploads\/2020\/10\/MVIMG_20200713_162533-1200x900.jpg 1200w, https:\/\/familie-weitgereist.de\/wp-content\/uploads\/2020\/10\/MVIMG_20200713_162533-1980x1485.jpg 1980w, https:\/\/familie-weitgereist.de\/wp-content\/uploads\/2020\/10\/MVIMG_20200713_162533-853x640.jpg 853w, https:\/\/familie-weitgereist.de\/wp-content\/uploads\/2020\/10\/MVIMG_20200713_162533-150x113.jpg 150w\" sizes=\"auto, (max-width: 1024px) 100vw, 1024px\" \/><\/figure>\n\n\n\n<p>Der benachbarte, kleinere See vom Reschensee ist der Haidersee.&nbsp;<\/p>\n\n\n\n<figure class=\"wp-block-image size-large\"><img loading=\"lazy\" decoding=\"async\" width=\"1024\" height=\"768\" src=\"https:\/\/familie-weitgereist.de\/wp-content\/uploads\/2020\/10\/MVIMG_20200714_120138-1024x768.jpg\" alt=\"\" class=\"wp-image-2079\" srcset=\"https:\/\/familie-weitgereist.de\/wp-content\/uploads\/2020\/10\/MVIMG_20200714_120138-1024x768.jpg 1024w, https:\/\/familie-weitgereist.de\/wp-content\/uploads\/2020\/10\/MVIMG_20200714_120138-300x225.jpg 300w, https:\/\/familie-weitgereist.de\/wp-content\/uploads\/2020\/10\/MVIMG_20200714_120138-768x576.jpg 768w, https:\/\/familie-weitgereist.de\/wp-content\/uploads\/2020\/10\/MVIMG_20200714_120138-1536x1152.jpg 1536w, https:\/\/familie-weitgereist.de\/wp-content\/uploads\/2020\/10\/MVIMG_20200714_120138-2048x1536.jpg 2048w, https:\/\/familie-weitgereist.de\/wp-content\/uploads\/2020\/10\/MVIMG_20200714_120138-1200x900.jpg 1200w, https:\/\/familie-weitgereist.de\/wp-content\/uploads\/2020\/10\/MVIMG_20200714_120138-1980x1485.jpg 1980w, https:\/\/familie-weitgereist.de\/wp-content\/uploads\/2020\/10\/MVIMG_20200714_120138-853x640.jpg 853w, https:\/\/familie-weitgereist.de\/wp-content\/uploads\/2020\/10\/MVIMG_20200714_120138-150x113.jpg 150w\" sizes=\"auto, (max-width: 1024px) 100vw, 1024px\" \/><\/figure>\n\n\n\n<h2 class=\"wp-block-heading\" id=\"bruggeralm\">Wanderung Bruggeralm<\/h2>\n\n\n\n<p>In dem anliegenden Ort St. Valentin auf der Haide starteten wir unsere Wanderung. Hoch im Wald, an einem Berghang thront die St. Martin Kirche, die schon 1713 erbaut wurde. Dies war unser erstes Etappenziel. Von dort kann man einen sehr sch\u00f6nen Ausblick auf das Zerzertal und die beiden Seen genie\u00dfen. <\/p>\n\n\n\n<figure class=\"wp-block-image size-large\"><img loading=\"lazy\" decoding=\"async\" width=\"768\" height=\"1024\" src=\"https:\/\/familie-weitgereist.de\/wp-content\/uploads\/2020\/10\/MVIMG_20200714_140741-768x1024.jpg\" alt=\"\" class=\"wp-image-2080\" srcset=\"https:\/\/familie-weitgereist.de\/wp-content\/uploads\/2020\/10\/MVIMG_20200714_140741-768x1024.jpg 768w, https:\/\/familie-weitgereist.de\/wp-content\/uploads\/2020\/10\/MVIMG_20200714_140741-225x300.jpg 225w, https:\/\/familie-weitgereist.de\/wp-content\/uploads\/2020\/10\/MVIMG_20200714_140741-1152x1536.jpg 1152w, https:\/\/familie-weitgereist.de\/wp-content\/uploads\/2020\/10\/MVIMG_20200714_140741-1536x2048.jpg 1536w, https:\/\/familie-weitgereist.de\/wp-content\/uploads\/2020\/10\/MVIMG_20200714_140741-1200x1600.jpg 1200w, https:\/\/familie-weitgereist.de\/wp-content\/uploads\/2020\/10\/MVIMG_20200714_140741-1980x2640.jpg 1980w, https:\/\/familie-weitgereist.de\/wp-content\/uploads\/2020\/10\/MVIMG_20200714_140741-640x853.jpg 640w, https:\/\/familie-weitgereist.de\/wp-content\/uploads\/2020\/10\/MVIMG_20200714_140741-150x200.jpg 150w, https:\/\/familie-weitgereist.de\/wp-content\/uploads\/2020\/10\/MVIMG_20200714_140741-scaled.jpg 1920w\" sizes=\"auto, (max-width: 768px) 100vw, 768px\" \/><\/figure>\n\n\n\n<figure class=\"wp-block-image size-large\"><img loading=\"lazy\" decoding=\"async\" width=\"1024\" height=\"768\" src=\"https:\/\/familie-weitgereist.de\/wp-content\/uploads\/2020\/10\/MVIMG_20200714_140252-1024x768.jpg\" alt=\"\" class=\"wp-image-2081\" srcset=\"https:\/\/familie-weitgereist.de\/wp-content\/uploads\/2020\/10\/MVIMG_20200714_140252-1024x768.jpg 1024w, https:\/\/familie-weitgereist.de\/wp-content\/uploads\/2020\/10\/MVIMG_20200714_140252-300x225.jpg 300w, https:\/\/familie-weitgereist.de\/wp-content\/uploads\/2020\/10\/MVIMG_20200714_140252-768x576.jpg 768w, https:\/\/familie-weitgereist.de\/wp-content\/uploads\/2020\/10\/MVIMG_20200714_140252-1536x1152.jpg 1536w, https:\/\/familie-weitgereist.de\/wp-content\/uploads\/2020\/10\/MVIMG_20200714_140252-2048x1536.jpg 2048w, https:\/\/familie-weitgereist.de\/wp-content\/uploads\/2020\/10\/MVIMG_20200714_140252-1200x900.jpg 1200w, https:\/\/familie-weitgereist.de\/wp-content\/uploads\/2020\/10\/MVIMG_20200714_140252-1980x1485.jpg 1980w, https:\/\/familie-weitgereist.de\/wp-content\/uploads\/2020\/10\/MVIMG_20200714_140252-853x640.jpg 853w, https:\/\/familie-weitgereist.de\/wp-content\/uploads\/2020\/10\/MVIMG_20200714_140252-150x113.jpg 150w\" sizes=\"auto, (max-width: 1024px) 100vw, 1024px\" \/><\/figure>\n\n\n\n<p>Merlin verschlief den gesamten Aufstieg. <\/p>\n\n\n\n<figure class=\"wp-block-image size-large\"><img loading=\"lazy\" decoding=\"async\" width=\"1024\" height=\"768\" src=\"https:\/\/familie-weitgereist.de\/wp-content\/uploads\/2020\/10\/MVIMG_20200714_140338-1024x768.jpg\" alt=\"\" class=\"wp-image-2082\" srcset=\"https:\/\/familie-weitgereist.de\/wp-content\/uploads\/2020\/10\/MVIMG_20200714_140338-1024x768.jpg 1024w, https:\/\/familie-weitgereist.de\/wp-content\/uploads\/2020\/10\/MVIMG_20200714_140338-300x225.jpg 300w, https:\/\/familie-weitgereist.de\/wp-content\/uploads\/2020\/10\/MVIMG_20200714_140338-768x576.jpg 768w, https:\/\/familie-weitgereist.de\/wp-content\/uploads\/2020\/10\/MVIMG_20200714_140338-1536x1152.jpg 1536w, https:\/\/familie-weitgereist.de\/wp-content\/uploads\/2020\/10\/MVIMG_20200714_140338-2048x1536.jpg 2048w, https:\/\/familie-weitgereist.de\/wp-content\/uploads\/2020\/10\/MVIMG_20200714_140338-1200x900.jpg 1200w, https:\/\/familie-weitgereist.de\/wp-content\/uploads\/2020\/10\/MVIMG_20200714_140338-1980x1485.jpg 1980w, https:\/\/familie-weitgereist.de\/wp-content\/uploads\/2020\/10\/MVIMG_20200714_140338-853x640.jpg 853w, https:\/\/familie-weitgereist.de\/wp-content\/uploads\/2020\/10\/MVIMG_20200714_140338-150x113.jpg 150w\" sizes=\"auto, (max-width: 1024px) 100vw, 1024px\" \/><\/figure>\n\n\n\n<p>Wir wanderten weiter den Berg hinauf, bis wir zur Bruggeralm gelangten. Eine sehr tolle Alm, mit einem Spielplatz und moderaten H\u00fcttenpreisen. Wir bestellten einen Apfelstrudel f\u00fcr 3\u20ac. Cappuccino und hei\u00dfe Schokolade gab es schon f\u00fcr 2,50\u20ac.&nbsp;<\/p>\n\n\n\n<figure class=\"wp-block-image size-large\"><img loading=\"lazy\" decoding=\"async\" width=\"1024\" height=\"768\" src=\"https:\/\/familie-weitgereist.de\/wp-content\/uploads\/2020\/11\/20200714_150215-1024x768.jpg\" alt=\"\" class=\"wp-image-2099\" srcset=\"https:\/\/familie-weitgereist.de\/wp-content\/uploads\/2020\/11\/20200714_150215-1024x768.jpg 1024w, https:\/\/familie-weitgereist.de\/wp-content\/uploads\/2020\/11\/20200714_150215-300x225.jpg 300w, https:\/\/familie-weitgereist.de\/wp-content\/uploads\/2020\/11\/20200714_150215-768x576.jpg 768w, https:\/\/familie-weitgereist.de\/wp-content\/uploads\/2020\/11\/20200714_150215-1536x1152.jpg 1536w, https:\/\/familie-weitgereist.de\/wp-content\/uploads\/2020\/11\/20200714_150215-2048x1536.jpg 2048w, https:\/\/familie-weitgereist.de\/wp-content\/uploads\/2020\/11\/20200714_150215-1200x900.jpg 1200w, https:\/\/familie-weitgereist.de\/wp-content\/uploads\/2020\/11\/20200714_150215-1980x1485.jpg 1980w, https:\/\/familie-weitgereist.de\/wp-content\/uploads\/2020\/11\/20200714_150215-853x640.jpg 853w, https:\/\/familie-weitgereist.de\/wp-content\/uploads\/2020\/11\/20200714_150215-150x113.jpg 150w\" sizes=\"auto, (max-width: 1024px) 100vw, 1024px\" \/><\/figure>\n\n\n\n<figure class=\"wp-block-image size-large\"><img loading=\"lazy\" decoding=\"async\" width=\"768\" height=\"1024\" src=\"https:\/\/familie-weitgereist.de\/wp-content\/uploads\/2020\/10\/MVIMG_20200714_143444-768x1024.jpg\" alt=\"\" class=\"wp-image-2084\" srcset=\"https:\/\/familie-weitgereist.de\/wp-content\/uploads\/2020\/10\/MVIMG_20200714_143444-768x1024.jpg 768w, https:\/\/familie-weitgereist.de\/wp-content\/uploads\/2020\/10\/MVIMG_20200714_143444-225x300.jpg 225w, https:\/\/familie-weitgereist.de\/wp-content\/uploads\/2020\/10\/MVIMG_20200714_143444-1152x1536.jpg 1152w, https:\/\/familie-weitgereist.de\/wp-content\/uploads\/2020\/10\/MVIMG_20200714_143444-1536x2048.jpg 1536w, https:\/\/familie-weitgereist.de\/wp-content\/uploads\/2020\/10\/MVIMG_20200714_143444-1200x1600.jpg 1200w, https:\/\/familie-weitgereist.de\/wp-content\/uploads\/2020\/10\/MVIMG_20200714_143444-1980x2640.jpg 1980w, https:\/\/familie-weitgereist.de\/wp-content\/uploads\/2020\/10\/MVIMG_20200714_143444-640x853.jpg 640w, https:\/\/familie-weitgereist.de\/wp-content\/uploads\/2020\/10\/MVIMG_20200714_143444-150x200.jpg 150w, https:\/\/familie-weitgereist.de\/wp-content\/uploads\/2020\/10\/MVIMG_20200714_143444-scaled.jpg 1920w\" sizes=\"auto, (max-width: 768px) 100vw, 768px\" \/><\/figure>\n\n\n\n<p>In St. Valentin auf der Haide befindet sich ein Kinderlehrpfad inklusive Schatzsuche. Zipf und Zapf begleiteten uns bei der Schatzsuche.&nbsp;<\/p>\n\n\n\n<figure class=\"wp-block-image size-large\"><img loading=\"lazy\" decoding=\"async\" width=\"1024\" height=\"768\" src=\"https:\/\/familie-weitgereist.de\/wp-content\/uploads\/2020\/11\/20200715_135105-1024x768.jpg\" alt=\"\" class=\"wp-image-2101\" srcset=\"https:\/\/familie-weitgereist.de\/wp-content\/uploads\/2020\/11\/20200715_135105-1024x768.jpg 1024w, https:\/\/familie-weitgereist.de\/wp-content\/uploads\/2020\/11\/20200715_135105-300x225.jpg 300w, https:\/\/familie-weitgereist.de\/wp-content\/uploads\/2020\/11\/20200715_135105-768x576.jpg 768w, https:\/\/familie-weitgereist.de\/wp-content\/uploads\/2020\/11\/20200715_135105-1536x1152.jpg 1536w, https:\/\/familie-weitgereist.de\/wp-content\/uploads\/2020\/11\/20200715_135105-2048x1536.jpg 2048w, https:\/\/familie-weitgereist.de\/wp-content\/uploads\/2020\/11\/20200715_135105-1200x900.jpg 1200w, https:\/\/familie-weitgereist.de\/wp-content\/uploads\/2020\/11\/20200715_135105-1980x1485.jpg 1980w, https:\/\/familie-weitgereist.de\/wp-content\/uploads\/2020\/11\/20200715_135105-853x640.jpg 853w, https:\/\/familie-weitgereist.de\/wp-content\/uploads\/2020\/11\/20200715_135105-150x113.jpg 150w\" sizes=\"auto, (max-width: 1024px) 100vw, 1024px\" \/><\/figure>\n\n\n\n<p>Wenn man die R\u00e4tsel der 12 Stationen richtig l\u00f6st, gelangt man am Ende zu einem Schatz. Der Pfad ist total genial gestaltet, f\u00fchrt durch die Alpenwelt mit freilaufenden K\u00fchen und Antworten auf interessante Naturfragen sind zu finden.<\/p>\n\n\n\n<figure class=\"wp-block-image size-large\"><img loading=\"lazy\" decoding=\"async\" width=\"768\" height=\"1024\" src=\"https:\/\/familie-weitgereist.de\/wp-content\/uploads\/2020\/11\/20200715_125451-768x1024.jpg\" alt=\"\" class=\"wp-image-2102\" srcset=\"https:\/\/familie-weitgereist.de\/wp-content\/uploads\/2020\/11\/20200715_125451-768x1024.jpg 768w, https:\/\/familie-weitgereist.de\/wp-content\/uploads\/2020\/11\/20200715_125451-225x300.jpg 225w, https:\/\/familie-weitgereist.de\/wp-content\/uploads\/2020\/11\/20200715_125451-1152x1536.jpg 1152w, https:\/\/familie-weitgereist.de\/wp-content\/uploads\/2020\/11\/20200715_125451-1536x2048.jpg 1536w, https:\/\/familie-weitgereist.de\/wp-content\/uploads\/2020\/11\/20200715_125451-1200x1600.jpg 1200w, https:\/\/familie-weitgereist.de\/wp-content\/uploads\/2020\/11\/20200715_125451-1980x2640.jpg 1980w, https:\/\/familie-weitgereist.de\/wp-content\/uploads\/2020\/11\/20200715_125451-640x853.jpg 640w, https:\/\/familie-weitgereist.de\/wp-content\/uploads\/2020\/11\/20200715_125451-150x200.jpg 150w, https:\/\/familie-weitgereist.de\/wp-content\/uploads\/2020\/11\/20200715_125451-scaled.jpg 1920w\" sizes=\"auto, (max-width: 768px) 100vw, 768px\" \/><\/figure>\n\n\n\n<p>Woran erkennt man das Alter eines Baumes, welche Tiere leben im heimischen Wald, haben Pilze Wurzeln? Ebenso sind allerhand &#8222;Mitmach-Stationen&#8220; da. Wir s\u00e4gten einen Baumstamm durch, wir kletterten einen Baum hoch, um an die Wunde des Baumes mit dem Harz zu gelangen, wir erkundeten ein Insektenhotel, h\u00fcpften \u00fcber L\u00e4rchenst\u00e4mme und wir sonnten uns auf gem\u00fctlichen B\u00e4nken mit Blick auf den Haidersee.&nbsp;<\/p>\n\n\n\n<figure class=\"wp-block-image size-large\"><img loading=\"lazy\" decoding=\"async\" width=\"768\" height=\"1024\" src=\"https:\/\/familie-weitgereist.de\/wp-content\/uploads\/2020\/11\/20200715_121050-768x1024.jpg\" alt=\"\" class=\"wp-image-2103\" srcset=\"https:\/\/familie-weitgereist.de\/wp-content\/uploads\/2020\/11\/20200715_121050-768x1024.jpg 768w, https:\/\/familie-weitgereist.de\/wp-content\/uploads\/2020\/11\/20200715_121050-225x300.jpg 225w, https:\/\/familie-weitgereist.de\/wp-content\/uploads\/2020\/11\/20200715_121050-1152x1536.jpg 1152w, https:\/\/familie-weitgereist.de\/wp-content\/uploads\/2020\/11\/20200715_121050-1536x2048.jpg 1536w, https:\/\/familie-weitgereist.de\/wp-content\/uploads\/2020\/11\/20200715_121050-1200x1600.jpg 1200w, https:\/\/familie-weitgereist.de\/wp-content\/uploads\/2020\/11\/20200715_121050-1980x2640.jpg 1980w, https:\/\/familie-weitgereist.de\/wp-content\/uploads\/2020\/11\/20200715_121050-640x853.jpg 640w, https:\/\/familie-weitgereist.de\/wp-content\/uploads\/2020\/11\/20200715_121050-150x200.jpg 150w, https:\/\/familie-weitgereist.de\/wp-content\/uploads\/2020\/11\/20200715_121050-scaled.jpg 1920w\" sizes=\"auto, (max-width: 768px) 100vw, 768px\" \/><\/figure>\n\n\n\n<figure class=\"wp-block-image size-large\"><img loading=\"lazy\" decoding=\"async\" width=\"1024\" height=\"768\" src=\"https:\/\/familie-weitgereist.de\/wp-content\/uploads\/2020\/11\/20200715_111807-1024x768.jpg\" alt=\"\" class=\"wp-image-2104\" srcset=\"https:\/\/familie-weitgereist.de\/wp-content\/uploads\/2020\/11\/20200715_111807-1024x768.jpg 1024w, https:\/\/familie-weitgereist.de\/wp-content\/uploads\/2020\/11\/20200715_111807-300x225.jpg 300w, https:\/\/familie-weitgereist.de\/wp-content\/uploads\/2020\/11\/20200715_111807-768x576.jpg 768w, https:\/\/familie-weitgereist.de\/wp-content\/uploads\/2020\/11\/20200715_111807-1536x1152.jpg 1536w, https:\/\/familie-weitgereist.de\/wp-content\/uploads\/2020\/11\/20200715_111807-2048x1536.jpg 2048w, https:\/\/familie-weitgereist.de\/wp-content\/uploads\/2020\/11\/20200715_111807-1200x900.jpg 1200w, https:\/\/familie-weitgereist.de\/wp-content\/uploads\/2020\/11\/20200715_111807-1980x1485.jpg 1980w, https:\/\/familie-weitgereist.de\/wp-content\/uploads\/2020\/11\/20200715_111807-853x640.jpg 853w, https:\/\/familie-weitgereist.de\/wp-content\/uploads\/2020\/11\/20200715_111807-150x113.jpg 150w\" sizes=\"auto, (max-width: 1024px) 100vw, 1024px\" \/><\/figure>\n\n\n\n<figure class=\"wp-block-image size-large\"><img loading=\"lazy\" decoding=\"async\" width=\"1024\" height=\"768\" src=\"https:\/\/familie-weitgereist.de\/wp-content\/uploads\/2020\/11\/20200715_112355-1024x768.jpg\" alt=\"\" class=\"wp-image-2105\" srcset=\"https:\/\/familie-weitgereist.de\/wp-content\/uploads\/2020\/11\/20200715_112355-1024x768.jpg 1024w, https:\/\/familie-weitgereist.de\/wp-content\/uploads\/2020\/11\/20200715_112355-300x225.jpg 300w, https:\/\/familie-weitgereist.de\/wp-content\/uploads\/2020\/11\/20200715_112355-768x576.jpg 768w, https:\/\/familie-weitgereist.de\/wp-content\/uploads\/2020\/11\/20200715_112355-1536x1152.jpg 1536w, https:\/\/familie-weitgereist.de\/wp-content\/uploads\/2020\/11\/20200715_112355-2048x1536.jpg 2048w, https:\/\/familie-weitgereist.de\/wp-content\/uploads\/2020\/11\/20200715_112355-1200x900.jpg 1200w, https:\/\/familie-weitgereist.de\/wp-content\/uploads\/2020\/11\/20200715_112355-1980x1485.jpg 1980w, https:\/\/familie-weitgereist.de\/wp-content\/uploads\/2020\/11\/20200715_112355-853x640.jpg 853w, https:\/\/familie-weitgereist.de\/wp-content\/uploads\/2020\/11\/20200715_112355-150x113.jpg 150w\" sizes=\"auto, (max-width: 1024px) 100vw, 1024px\" \/><\/figure>\n\n\n\n<figure class=\"wp-block-image size-large\"><img loading=\"lazy\" decoding=\"async\" width=\"1024\" height=\"768\" src=\"https:\/\/familie-weitgereist.de\/wp-content\/uploads\/2020\/11\/20200715_124427-1024x768.jpg\" alt=\"\" class=\"wp-image-2106\" srcset=\"https:\/\/familie-weitgereist.de\/wp-content\/uploads\/2020\/11\/20200715_124427-1024x768.jpg 1024w, https:\/\/familie-weitgereist.de\/wp-content\/uploads\/2020\/11\/20200715_124427-300x225.jpg 300w, https:\/\/familie-weitgereist.de\/wp-content\/uploads\/2020\/11\/20200715_124427-768x576.jpg 768w, https:\/\/familie-weitgereist.de\/wp-content\/uploads\/2020\/11\/20200715_124427-1536x1152.jpg 1536w, https:\/\/familie-weitgereist.de\/wp-content\/uploads\/2020\/11\/20200715_124427-2048x1536.jpg 2048w, https:\/\/familie-weitgereist.de\/wp-content\/uploads\/2020\/11\/20200715_124427-1200x900.jpg 1200w, https:\/\/familie-weitgereist.de\/wp-content\/uploads\/2020\/11\/20200715_124427-1980x1485.jpg 1980w, https:\/\/familie-weitgereist.de\/wp-content\/uploads\/2020\/11\/20200715_124427-853x640.jpg 853w, https:\/\/familie-weitgereist.de\/wp-content\/uploads\/2020\/11\/20200715_124427-150x113.jpg 150w\" sizes=\"auto, (max-width: 1024px) 100vw, 1024px\" \/><\/figure>\n\n\n\n<p>Ein wunderbarer Naturspielplatz befindet sich gleich neben dem Pfad. Es gibt allerlei Abenteuer hier zu erleben und wir verbrachten am Ende noch viel Zeit auf dem Spielplatz.&nbsp;<\/p>\n\n\n\n<figure class=\"wp-block-image size-large\"><img loading=\"lazy\" decoding=\"async\" width=\"1024\" height=\"768\" src=\"https:\/\/familie-weitgereist.de\/wp-content\/uploads\/2020\/11\/20200715_131717-1024x768.jpg\" alt=\"\" class=\"wp-image-2107\" srcset=\"https:\/\/familie-weitgereist.de\/wp-content\/uploads\/2020\/11\/20200715_131717-1024x768.jpg 1024w, https:\/\/familie-weitgereist.de\/wp-content\/uploads\/2020\/11\/20200715_131717-300x225.jpg 300w, https:\/\/familie-weitgereist.de\/wp-content\/uploads\/2020\/11\/20200715_131717-768x576.jpg 768w, https:\/\/familie-weitgereist.de\/wp-content\/uploads\/2020\/11\/20200715_131717-1536x1152.jpg 1536w, https:\/\/familie-weitgereist.de\/wp-content\/uploads\/2020\/11\/20200715_131717-2048x1536.jpg 2048w, https:\/\/familie-weitgereist.de\/wp-content\/uploads\/2020\/11\/20200715_131717-1200x900.jpg 1200w, https:\/\/familie-weitgereist.de\/wp-content\/uploads\/2020\/11\/20200715_131717-1980x1485.jpg 1980w, https:\/\/familie-weitgereist.de\/wp-content\/uploads\/2020\/11\/20200715_131717-853x640.jpg 853w, https:\/\/familie-weitgereist.de\/wp-content\/uploads\/2020\/11\/20200715_131717-150x113.jpg 150w\" sizes=\"auto, (max-width: 1024px) 100vw, 1024px\" \/><\/figure>\n\n\n\n<figure class=\"wp-block-image size-large\"><img loading=\"lazy\" decoding=\"async\" width=\"768\" height=\"1024\" src=\"https:\/\/familie-weitgereist.de\/wp-content\/uploads\/2020\/11\/20200715_134707-768x1024.jpg\" alt=\"\" class=\"wp-image-2108\" srcset=\"https:\/\/familie-weitgereist.de\/wp-content\/uploads\/2020\/11\/20200715_134707-768x1024.jpg 768w, https:\/\/familie-weitgereist.de\/wp-content\/uploads\/2020\/11\/20200715_134707-225x300.jpg 225w, https:\/\/familie-weitgereist.de\/wp-content\/uploads\/2020\/11\/20200715_134707-1152x1536.jpg 1152w, https:\/\/familie-weitgereist.de\/wp-content\/uploads\/2020\/11\/20200715_134707-1536x2048.jpg 1536w, https:\/\/familie-weitgereist.de\/wp-content\/uploads\/2020\/11\/20200715_134707-1200x1600.jpg 1200w, https:\/\/familie-weitgereist.de\/wp-content\/uploads\/2020\/11\/20200715_134707-1980x2640.jpg 1980w, https:\/\/familie-weitgereist.de\/wp-content\/uploads\/2020\/11\/20200715_134707-640x853.jpg 640w, https:\/\/familie-weitgereist.de\/wp-content\/uploads\/2020\/11\/20200715_134707-150x200.jpg 150w, https:\/\/familie-weitgereist.de\/wp-content\/uploads\/2020\/11\/20200715_134707-scaled.jpg 1920w\" sizes=\"auto, (max-width: 768px) 100vw, 768px\" \/><\/figure>\n\n\n\n<figure class=\"wp-block-image size-large\"><img loading=\"lazy\" decoding=\"async\" width=\"1024\" height=\"768\" src=\"https:\/\/familie-weitgereist.de\/wp-content\/uploads\/2020\/11\/20200715_131550-1024x768.jpg\" alt=\"\" class=\"wp-image-2109\" srcset=\"https:\/\/familie-weitgereist.de\/wp-content\/uploads\/2020\/11\/20200715_131550-1024x768.jpg 1024w, https:\/\/familie-weitgereist.de\/wp-content\/uploads\/2020\/11\/20200715_131550-300x225.jpg 300w, https:\/\/familie-weitgereist.de\/wp-content\/uploads\/2020\/11\/20200715_131550-768x576.jpg 768w, https:\/\/familie-weitgereist.de\/wp-content\/uploads\/2020\/11\/20200715_131550-1536x1152.jpg 1536w, https:\/\/familie-weitgereist.de\/wp-content\/uploads\/2020\/11\/20200715_131550-2048x1536.jpg 2048w, https:\/\/familie-weitgereist.de\/wp-content\/uploads\/2020\/11\/20200715_131550-1200x900.jpg 1200w, https:\/\/familie-weitgereist.de\/wp-content\/uploads\/2020\/11\/20200715_131550-1980x1485.jpg 1980w, https:\/\/familie-weitgereist.de\/wp-content\/uploads\/2020\/11\/20200715_131550-853x640.jpg 853w, https:\/\/familie-weitgereist.de\/wp-content\/uploads\/2020\/11\/20200715_131550-150x113.jpg 150w\" sizes=\"auto, (max-width: 1024px) 100vw, 1024px\" \/><\/figure>\n\n\n\n<figure class=\"wp-block-image size-large\"><img loading=\"lazy\" decoding=\"async\" width=\"1024\" height=\"768\" src=\"https:\/\/familie-weitgereist.de\/wp-content\/uploads\/2020\/11\/1594818209244009-10-1024x768.jpg\" alt=\"\" class=\"wp-image-2110\" srcset=\"https:\/\/familie-weitgereist.de\/wp-content\/uploads\/2020\/11\/1594818209244009-10-1024x768.jpg 1024w, https:\/\/familie-weitgereist.de\/wp-content\/uploads\/2020\/11\/1594818209244009-10-300x225.jpg 300w, https:\/\/familie-weitgereist.de\/wp-content\/uploads\/2020\/11\/1594818209244009-10-768x576.jpg 768w, https:\/\/familie-weitgereist.de\/wp-content\/uploads\/2020\/11\/1594818209244009-10-1536x1152.jpg 1536w, https:\/\/familie-weitgereist.de\/wp-content\/uploads\/2020\/11\/1594818209244009-10-1200x900.jpg 1200w, https:\/\/familie-weitgereist.de\/wp-content\/uploads\/2020\/11\/1594818209244009-10-853x640.jpg 853w, https:\/\/familie-weitgereist.de\/wp-content\/uploads\/2020\/11\/1594818209244009-10-150x113.jpg 150w, https:\/\/familie-weitgereist.de\/wp-content\/uploads\/2020\/11\/1594818209244009-10.jpg 1600w\" sizes=\"auto, (max-width: 1024px) 100vw, 1024px\" \/><\/figure>\n\n\n\n<figure class=\"wp-block-image size-large\"><img loading=\"lazy\" decoding=\"async\" width=\"1024\" height=\"768\" src=\"https:\/\/familie-weitgereist.de\/wp-content\/uploads\/2020\/11\/1594818264364724-9-1024x768.jpg\" alt=\"\" class=\"wp-image-2111\" srcset=\"https:\/\/familie-weitgereist.de\/wp-content\/uploads\/2020\/11\/1594818264364724-9-1024x768.jpg 1024w, https:\/\/familie-weitgereist.de\/wp-content\/uploads\/2020\/11\/1594818264364724-9-300x225.jpg 300w, https:\/\/familie-weitgereist.de\/wp-content\/uploads\/2020\/11\/1594818264364724-9-768x576.jpg 768w, https:\/\/familie-weitgereist.de\/wp-content\/uploads\/2020\/11\/1594818264364724-9-1536x1152.jpg 1536w, https:\/\/familie-weitgereist.de\/wp-content\/uploads\/2020\/11\/1594818264364724-9-1200x900.jpg 1200w, https:\/\/familie-weitgereist.de\/wp-content\/uploads\/2020\/11\/1594818264364724-9-853x640.jpg 853w, https:\/\/familie-weitgereist.de\/wp-content\/uploads\/2020\/11\/1594818264364724-9-150x113.jpg 150w, https:\/\/familie-weitgereist.de\/wp-content\/uploads\/2020\/11\/1594818264364724-9.jpg 1600w\" sizes=\"auto, (max-width: 1024px) 100vw, 1024px\" \/><\/figure>\n\n\n\n<p>S\u00fcdtirol ist wundersch\u00f6n und durch die Verbundenheit mit der deutschen Sprache, f\u00fchlt es sich f\u00fcr uns Deutsche umso heimischer an.<\/p>\n","protected":false},"excerpt":{"rendered":"<p>Wir sind von Pfronten im Allg\u00e4u ungef\u00e4hr 155km weiter s\u00fcdlich gefahren, einmal durch \u00d6sterreich hindurch und sind 17km nach der \u00f6sterreichischen Grenze, in Melago angekommen. Folgende Informationen k\u00f6nnt ihr in diesem Beitrag von uns lesen: Melago Wanderung Wei\u00dfkugelh\u00fctte Sulden Wanderung Bruggeralm F\u00fcr uns ist es das erste Mal, dass wir in S\u00fcdtirol sind und bisher [&hellip;]<\/p>\n","protected":false},"author":3,"featured_media":2053,"comment_status":"open","ping_status":"open","sticky":false,"template":"","format":"standard","meta":{"_themeisle_gutenberg_block_has_review":false,"footnotes":""},"categories":[239,8,4,377],"tags":[940,178,196,937,197,938,939],"class_list":["post-909","post","type-post","status-publish","format-standard","has-post-thumbnail","hentry","category-italien","category-europa","category-laender","category-spielplaetze","tag-bruggeralm","tag-italien","tag-melago","tag-reschensee","tag-suedtirol","tag-sulden","tag-weisskugelhuette"],"_links":{"self":[{"href":"https:\/\/familie-weitgereist.de\/index.php?rest_route=\/wp\/v2\/posts\/909","targetHints":{"allow":["GET"]}}],"collection":[{"href":"https:\/\/familie-weitgereist.de\/index.php?rest_route=\/wp\/v2\/posts"}],"about":[{"href":"https:\/\/familie-weitgereist.de\/index.php?rest_route=\/wp\/v2\/types\/post"}],"author":[{"embeddable":true,"href":"https:\/\/familie-weitgereist.de\/index.php?rest_route=\/wp\/v2\/users\/3"}],"replies":[{"embeddable":true,"href":"https:\/\/familie-weitgereist.de\/index.php?rest_route=%2Fwp%2Fv2%2Fcomments&post=909"}],"version-history":[{"count":22,"href":"https:\/\/familie-weitgereist.de\/index.php?rest_route=\/wp\/v2\/posts\/909\/revisions"}],"predecessor-version":[{"id":8234,"href":"https:\/\/familie-weitgereist.de\/index.php?rest_route=\/wp\/v2\/posts\/909\/revisions\/8234"}],"wp:featuredmedia":[{"embeddable":true,"href":"https:\/\/familie-weitgereist.de\/index.php?rest_route=\/wp\/v2\/media\/2053"}],"wp:attachment":[{"href":"https:\/\/familie-weitgereist.de\/index.php?rest_route=%2Fwp%2Fv2%2Fmedia&parent=909"}],"wp:term":[{"taxonomy":"category","embeddable":true,"href":"https:\/\/familie-weitgereist.de\/index.php?rest_route=%2Fwp%2Fv2%2Fcategories&post=909"},{"taxonomy":"post_tag","embeddable":true,"href":"https:\/\/familie-weitgereist.de\/index.php?rest_route=%2Fwp%2Fv2%2Ftags&post=909"}],"curies":[{"name":"wp","href":"https:\/\/api.w.org\/{rel}","templated":true}]}}