{"id":908,"date":"2020-07-24T15:55:00","date_gmt":"2020-07-24T13:55:00","guid":{"rendered":""},"modified":"2025-10-31T11:26:42","modified_gmt":"2025-10-31T10:26:42","slug":"schweiz","status":"publish","type":"post","link":"https:\/\/familie-weitgereist.de\/?p=908","title":{"rendered":"St\u00e4dtetrips mit Kleinkind in der Schweiz"},"content":{"rendered":"\n<p>Die letzten beiden Wochen waren wir in der Schweiz. F\u00fcr uns war es alle mehr oder weniger das erste Mal, dass wir dieses wundersch\u00f6ne bergige Land erkundeten.&nbsp; Ich war zwar als Kind schon einmal am Rheinfall von Schaffhausen, aber mehr hatte ich bisher noch nicht erkundet.&nbsp; Es wurde also allerh\u00f6chste Zeit!&nbsp; &nbsp; &nbsp; <\/p>\n\n\n\n<p>In diesem Beitrag k\u00f6nnt ihr folgende Informationen von uns lesen:<\/p>\n\n\n\n<ul class=\"wp-block-list\"><li><a href=\"https:\/\/familie-weitgereist.de\/?p=908\/#chur\">Chur<\/a><\/li><li><a href=\"https:\/\/familie-weitgereist.de\/?p=908\/#lugano\">Lugano<\/a><\/li><li><a href=\"https:\/\/familie-weitgereist.de\/?p=908\/#locarno\">Locarno<\/a><\/li><li><a href=\"https:\/\/familie-weitgereist.de\/?p=908\/#luzern\">Luzern<\/a><\/li><li><a href=\"https:\/\/familie-weitgereist.de\/?p=908\/#zuerich\">Z\u00fcrich<\/a><\/li><\/ul>\n\n\n\n<figure class=\"wp-block-image size-large\"><img loading=\"lazy\" decoding=\"async\" width=\"1024\" height=\"683\" src=\"https:\/\/weitgereist.ddns.net\/wp-content\/uploads\/2020\/10\/IMG_0076-1024x683.jpg\" alt=\"\" class=\"wp-image-1969\" srcset=\"https:\/\/familie-weitgereist.de\/wp-content\/uploads\/2020\/10\/IMG_0076-1024x683.jpg 1024w, https:\/\/familie-weitgereist.de\/wp-content\/uploads\/2020\/10\/IMG_0076-300x200.jpg 300w, https:\/\/familie-weitgereist.de\/wp-content\/uploads\/2020\/10\/IMG_0076-768x512.jpg 768w, https:\/\/familie-weitgereist.de\/wp-content\/uploads\/2020\/10\/IMG_0076-1536x1024.jpg 1536w, https:\/\/familie-weitgereist.de\/wp-content\/uploads\/2020\/10\/IMG_0076-2048x1365.jpg 2048w, https:\/\/familie-weitgereist.de\/wp-content\/uploads\/2020\/10\/IMG_0076-1200x800.jpg 1200w, https:\/\/familie-weitgereist.de\/wp-content\/uploads\/2020\/10\/IMG_0076-1980x1320.jpg 1980w, https:\/\/familie-weitgereist.de\/wp-content\/uploads\/2020\/10\/IMG_0076-150x100.jpg 150w\" sizes=\"auto, (max-width: 1024px) 100vw, 1024px\" \/><\/figure>\n\n\n\n<h2 class=\"wp-block-heading\" id=\"chur\">Chur<\/h2>\n\n\n\n<p>Wir starteten unseren St\u00e4dtetrip in der \u00e4ltestens Stadt der Schweiz, Chur. Wir reisten durch die Schweiz mit Bus und Bahn. Die \u00f6ffentlichen Verkehrsmittel waren komfortabel, p\u00fcnktlich und mit dem EU Sparpreis Ticket auch erschwinglich.&nbsp;Wir sind haupts\u00e4chlich mit dem Zelt unterwegs und campen auf Zeltpl\u00e4tzen. &nbsp; &nbsp; <\/p>\n\n\n\n<figure class=\"wp-block-image size-large\"><img loading=\"lazy\" decoding=\"async\" width=\"1024\" height=\"683\" src=\"https:\/\/weitgereist.ddns.net\/wp-content\/uploads\/2020\/10\/IMG_0065-1024x683.jpg\" alt=\"\" class=\"wp-image-1970\" srcset=\"https:\/\/familie-weitgereist.de\/wp-content\/uploads\/2020\/10\/IMG_0065-1024x683.jpg 1024w, https:\/\/familie-weitgereist.de\/wp-content\/uploads\/2020\/10\/IMG_0065-300x200.jpg 300w, https:\/\/familie-weitgereist.de\/wp-content\/uploads\/2020\/10\/IMG_0065-768x512.jpg 768w, https:\/\/familie-weitgereist.de\/wp-content\/uploads\/2020\/10\/IMG_0065-1536x1024.jpg 1536w, https:\/\/familie-weitgereist.de\/wp-content\/uploads\/2020\/10\/IMG_0065-2048x1365.jpg 2048w, https:\/\/familie-weitgereist.de\/wp-content\/uploads\/2020\/10\/IMG_0065-1200x800.jpg 1200w, https:\/\/familie-weitgereist.de\/wp-content\/uploads\/2020\/10\/IMG_0065-1980x1320.jpg 1980w, https:\/\/familie-weitgereist.de\/wp-content\/uploads\/2020\/10\/IMG_0065-150x100.jpg 150w\" sizes=\"auto, (max-width: 1024px) 100vw, 1024px\" \/><\/figure>\n\n\n\n<p>Chur ist eine wundersch\u00f6ne alte Stadt inmitten der schweizer Berge im Kanton Graub\u00fcnden. Die Altstadt ist bezaubernd. An jeder Ecke gibt es Trinkwasserspringbrunnen. Wir haben mit Merlin ganz oft einen Stop eingelegt. Er konnte am Wasser spielen und wir erfrischten uns bei den hei\u00dfen Temperaturen.&nbsp; &nbsp; &nbsp; <\/p>\n\n\n\n<figure class=\"wp-block-image size-large\"><img loading=\"lazy\" decoding=\"async\" width=\"1024\" height=\"683\" src=\"https:\/\/weitgereist.ddns.net\/wp-content\/uploads\/2020\/10\/IMG_0093-1024x683.jpg\" alt=\"\" class=\"wp-image-1971\" srcset=\"https:\/\/familie-weitgereist.de\/wp-content\/uploads\/2020\/10\/IMG_0093-1024x683.jpg 1024w, https:\/\/familie-weitgereist.de\/wp-content\/uploads\/2020\/10\/IMG_0093-300x200.jpg 300w, https:\/\/familie-weitgereist.de\/wp-content\/uploads\/2020\/10\/IMG_0093-768x512.jpg 768w, https:\/\/familie-weitgereist.de\/wp-content\/uploads\/2020\/10\/IMG_0093-1536x1024.jpg 1536w, https:\/\/familie-weitgereist.de\/wp-content\/uploads\/2020\/10\/IMG_0093-2048x1365.jpg 2048w, https:\/\/familie-weitgereist.de\/wp-content\/uploads\/2020\/10\/IMG_0093-1200x800.jpg 1200w, https:\/\/familie-weitgereist.de\/wp-content\/uploads\/2020\/10\/IMG_0093-1980x1320.jpg 1980w, https:\/\/familie-weitgereist.de\/wp-content\/uploads\/2020\/10\/IMG_0093-150x100.jpg 150w\" sizes=\"auto, (max-width: 1024px) 100vw, 1024px\" \/><\/figure>\n\n\n\n<p>Wir liefen durch die schmalen Altstadtgassen zur Kathedrale St. Maria Himmelfahrt den Berg hinauf. Die Kathedrale erscheint von au\u00dfen relativ unspektakul\u00e4r, innen erstrahlt sie in voller Pracht.&nbsp; &nbsp; <\/p>\n\n\n\n<figure class=\"wp-block-image size-large\"><img loading=\"lazy\" decoding=\"async\" width=\"1024\" height=\"683\" src=\"https:\/\/weitgereist.ddns.net\/wp-content\/uploads\/2020\/10\/IMG_0110-1024x683.jpg\" alt=\"\" class=\"wp-image-1973\" srcset=\"https:\/\/familie-weitgereist.de\/wp-content\/uploads\/2020\/10\/IMG_0110-1024x683.jpg 1024w, https:\/\/familie-weitgereist.de\/wp-content\/uploads\/2020\/10\/IMG_0110-300x200.jpg 300w, https:\/\/familie-weitgereist.de\/wp-content\/uploads\/2020\/10\/IMG_0110-768x512.jpg 768w, https:\/\/familie-weitgereist.de\/wp-content\/uploads\/2020\/10\/IMG_0110-1536x1024.jpg 1536w, https:\/\/familie-weitgereist.de\/wp-content\/uploads\/2020\/10\/IMG_0110-2048x1365.jpg 2048w, https:\/\/familie-weitgereist.de\/wp-content\/uploads\/2020\/10\/IMG_0110-1200x800.jpg 1200w, https:\/\/familie-weitgereist.de\/wp-content\/uploads\/2020\/10\/IMG_0110-1980x1320.jpg 1980w, https:\/\/familie-weitgereist.de\/wp-content\/uploads\/2020\/10\/IMG_0110-150x100.jpg 150w\" sizes=\"auto, (max-width: 1024px) 100vw, 1024px\" \/><\/figure>\n\n\n\n<figure class=\"wp-block-image size-large\"><img loading=\"lazy\" decoding=\"async\" width=\"1024\" height=\"683\" src=\"https:\/\/weitgereist.ddns.net\/wp-content\/uploads\/2020\/10\/IMG_0078-1024x683.jpg\" alt=\"\" class=\"wp-image-1972\" srcset=\"https:\/\/familie-weitgereist.de\/wp-content\/uploads\/2020\/10\/IMG_0078-1024x683.jpg 1024w, https:\/\/familie-weitgereist.de\/wp-content\/uploads\/2020\/10\/IMG_0078-300x200.jpg 300w, https:\/\/familie-weitgereist.de\/wp-content\/uploads\/2020\/10\/IMG_0078-768x512.jpg 768w, https:\/\/familie-weitgereist.de\/wp-content\/uploads\/2020\/10\/IMG_0078-1536x1024.jpg 1536w, https:\/\/familie-weitgereist.de\/wp-content\/uploads\/2020\/10\/IMG_0078-2048x1365.jpg 2048w, https:\/\/familie-weitgereist.de\/wp-content\/uploads\/2020\/10\/IMG_0078-1200x800.jpg 1200w, https:\/\/familie-weitgereist.de\/wp-content\/uploads\/2020\/10\/IMG_0078-1980x1320.jpg 1980w, https:\/\/familie-weitgereist.de\/wp-content\/uploads\/2020\/10\/IMG_0078-150x100.jpg 150w\" sizes=\"auto, (max-width: 1024px) 100vw, 1024px\" \/><\/figure>\n\n\n\n<figure class=\"wp-block-image size-large\"><img loading=\"lazy\" decoding=\"async\" width=\"1024\" height=\"683\" src=\"https:\/\/weitgereist.ddns.net\/wp-content\/uploads\/2020\/10\/IMG_0084-1024x683.jpg\" alt=\"\" class=\"wp-image-1975\" srcset=\"https:\/\/familie-weitgereist.de\/wp-content\/uploads\/2020\/10\/IMG_0084-1024x683.jpg 1024w, https:\/\/familie-weitgereist.de\/wp-content\/uploads\/2020\/10\/IMG_0084-300x200.jpg 300w, https:\/\/familie-weitgereist.de\/wp-content\/uploads\/2020\/10\/IMG_0084-768x512.jpg 768w, https:\/\/familie-weitgereist.de\/wp-content\/uploads\/2020\/10\/IMG_0084-1536x1024.jpg 1536w, https:\/\/familie-weitgereist.de\/wp-content\/uploads\/2020\/10\/IMG_0084-2048x1365.jpg 2048w, https:\/\/familie-weitgereist.de\/wp-content\/uploads\/2020\/10\/IMG_0084-1200x800.jpg 1200w, https:\/\/familie-weitgereist.de\/wp-content\/uploads\/2020\/10\/IMG_0084-1980x1320.jpg 1980w, https:\/\/familie-weitgereist.de\/wp-content\/uploads\/2020\/10\/IMG_0084-150x100.jpg 150w\" sizes=\"auto, (max-width: 1024px) 100vw, 1024px\" \/><\/figure>\n\n\n\n<figure class=\"wp-block-image size-large\"><img loading=\"lazy\" decoding=\"async\" width=\"1024\" height=\"683\" src=\"https:\/\/weitgereist.ddns.net\/wp-content\/uploads\/2020\/10\/IMG_0123-1024x683.jpg\" alt=\"\" class=\"wp-image-1976\" srcset=\"https:\/\/familie-weitgereist.de\/wp-content\/uploads\/2020\/10\/IMG_0123-1024x683.jpg 1024w, https:\/\/familie-weitgereist.de\/wp-content\/uploads\/2020\/10\/IMG_0123-300x200.jpg 300w, https:\/\/familie-weitgereist.de\/wp-content\/uploads\/2020\/10\/IMG_0123-768x512.jpg 768w, https:\/\/familie-weitgereist.de\/wp-content\/uploads\/2020\/10\/IMG_0123-1536x1024.jpg 1536w, https:\/\/familie-weitgereist.de\/wp-content\/uploads\/2020\/10\/IMG_0123-2048x1365.jpg 2048w, https:\/\/familie-weitgereist.de\/wp-content\/uploads\/2020\/10\/IMG_0123-1200x800.jpg 1200w, https:\/\/familie-weitgereist.de\/wp-content\/uploads\/2020\/10\/IMG_0123-1980x1320.jpg 1980w, https:\/\/familie-weitgereist.de\/wp-content\/uploads\/2020\/10\/IMG_0123-150x100.jpg 150w\" sizes=\"auto, (max-width: 1024px) 100vw, 1024px\" \/><\/figure>\n\n\n\n<figure class=\"wp-block-image size-large\"><img loading=\"lazy\" decoding=\"async\" width=\"1024\" height=\"683\" src=\"https:\/\/weitgereist.ddns.net\/wp-content\/uploads\/2020\/10\/IMG_0099-1024x683.jpg\" alt=\"\" class=\"wp-image-1977\" srcset=\"https:\/\/familie-weitgereist.de\/wp-content\/uploads\/2020\/10\/IMG_0099-1024x683.jpg 1024w, https:\/\/familie-weitgereist.de\/wp-content\/uploads\/2020\/10\/IMG_0099-300x200.jpg 300w, https:\/\/familie-weitgereist.de\/wp-content\/uploads\/2020\/10\/IMG_0099-768x512.jpg 768w, https:\/\/familie-weitgereist.de\/wp-content\/uploads\/2020\/10\/IMG_0099-1536x1024.jpg 1536w, https:\/\/familie-weitgereist.de\/wp-content\/uploads\/2020\/10\/IMG_0099-2048x1365.jpg 2048w, https:\/\/familie-weitgereist.de\/wp-content\/uploads\/2020\/10\/IMG_0099-1200x800.jpg 1200w, https:\/\/familie-weitgereist.de\/wp-content\/uploads\/2020\/10\/IMG_0099-1980x1320.jpg 1980w, https:\/\/familie-weitgereist.de\/wp-content\/uploads\/2020\/10\/IMG_0099-150x100.jpg 150w\" sizes=\"auto, (max-width: 1024px) 100vw, 1024px\" \/><\/figure>\n\n\n\n<p>Chur hat sehr viele Kirchen, viele kleine Gassen und eine sch\u00f6ne Altstadt. Kleine und originelle L\u00e4den laden zum Schlendern ein.&nbsp;Wir entdeckten eine kleine gr\u00fcne Oase inmitten der Stadt und fanden einen herrlichen Spielplatz. Merlin hatte so viel Spa\u00df, dass er danach gleich in der Ruckeli eingeschlafen ist. Es gab sogar einen Wasserspielplatz und viele Spielger\u00e4te zum Entdecken.&nbsp;<\/p>\n\n\n\n<figure class=\"wp-block-image size-large\"><img loading=\"lazy\" decoding=\"async\" width=\"768\" height=\"1024\" src=\"https:\/\/weitgereist.ddns.net\/wp-content\/uploads\/2020\/10\/IMG_20200718_161835-1-768x1024.jpg\" alt=\"\" class=\"wp-image-1986\" srcset=\"https:\/\/familie-weitgereist.de\/wp-content\/uploads\/2020\/10\/IMG_20200718_161835-1-768x1024.jpg 768w, https:\/\/familie-weitgereist.de\/wp-content\/uploads\/2020\/10\/IMG_20200718_161835-1-225x300.jpg 225w, https:\/\/familie-weitgereist.de\/wp-content\/uploads\/2020\/10\/IMG_20200718_161835-1-1152x1536.jpg 1152w, https:\/\/familie-weitgereist.de\/wp-content\/uploads\/2020\/10\/IMG_20200718_161835-1-1536x2048.jpg 1536w, https:\/\/familie-weitgereist.de\/wp-content\/uploads\/2020\/10\/IMG_20200718_161835-1-1200x1600.jpg 1200w, https:\/\/familie-weitgereist.de\/wp-content\/uploads\/2020\/10\/IMG_20200718_161835-1-1980x2640.jpg 1980w, https:\/\/familie-weitgereist.de\/wp-content\/uploads\/2020\/10\/IMG_20200718_161835-1-640x853.jpg 640w, https:\/\/familie-weitgereist.de\/wp-content\/uploads\/2020\/10\/IMG_20200718_161835-1-150x200.jpg 150w, https:\/\/familie-weitgereist.de\/wp-content\/uploads\/2020\/10\/IMG_20200718_161835-1-scaled.jpg 1920w\" sizes=\"auto, (max-width: 768px) 100vw, 768px\" \/><\/figure>\n\n\n\n<figure class=\"wp-block-image size-large\"><img loading=\"lazy\" decoding=\"async\" width=\"1024\" height=\"683\" src=\"https:\/\/weitgereist.ddns.net\/wp-content\/uploads\/2020\/10\/IMG_0137-1024x683.jpg\" alt=\"\" class=\"wp-image-1982\" srcset=\"https:\/\/familie-weitgereist.de\/wp-content\/uploads\/2020\/10\/IMG_0137-1024x683.jpg 1024w, https:\/\/familie-weitgereist.de\/wp-content\/uploads\/2020\/10\/IMG_0137-300x200.jpg 300w, https:\/\/familie-weitgereist.de\/wp-content\/uploads\/2020\/10\/IMG_0137-768x512.jpg 768w, https:\/\/familie-weitgereist.de\/wp-content\/uploads\/2020\/10\/IMG_0137-1536x1024.jpg 1536w, https:\/\/familie-weitgereist.de\/wp-content\/uploads\/2020\/10\/IMG_0137-2048x1365.jpg 2048w, https:\/\/familie-weitgereist.de\/wp-content\/uploads\/2020\/10\/IMG_0137-1200x800.jpg 1200w, https:\/\/familie-weitgereist.de\/wp-content\/uploads\/2020\/10\/IMG_0137-1980x1320.jpg 1980w, https:\/\/familie-weitgereist.de\/wp-content\/uploads\/2020\/10\/IMG_0137-150x100.jpg 150w\" sizes=\"auto, (max-width: 1024px) 100vw, 1024px\" \/><\/figure>\n\n\n\n<h2 class=\"wp-block-heading\" id=\"lugano\">Lugano<\/h2>\n\n\n\n<p>Mit dem Bus fuhren wir von Chur weiter nach Bellinzona und dann mit dem Zug nach Lugano. Was f\u00fcr eine sch\u00f6ne Stadt im Schweizer Tessin. Es f\u00fchlte sich so richtig mediterran an, in der italienisch sprechenden Schweiz. Palmen s\u00e4umen die Stra\u00dfen, der Luganer See, das traumhafte Wetter &#8230; Urlaubsfeeling pur! Schon vom Bahnhof aus, zieht Lugano seine G\u00e4ste, mit den herrlichen Blick auf den See, in den Bann.&nbsp;<\/p>\n\n\n\n<figure class=\"wp-block-image size-large\"><img loading=\"lazy\" decoding=\"async\" width=\"768\" height=\"1024\" src=\"https:\/\/weitgereist.ddns.net\/wp-content\/uploads\/2020\/10\/IMG_20200720_112354-768x1024.jpg\" alt=\"\" class=\"wp-image-1987\" srcset=\"https:\/\/familie-weitgereist.de\/wp-content\/uploads\/2020\/10\/IMG_20200720_112354-768x1024.jpg 768w, https:\/\/familie-weitgereist.de\/wp-content\/uploads\/2020\/10\/IMG_20200720_112354-225x300.jpg 225w, https:\/\/familie-weitgereist.de\/wp-content\/uploads\/2020\/10\/IMG_20200720_112354-1152x1536.jpg 1152w, https:\/\/familie-weitgereist.de\/wp-content\/uploads\/2020\/10\/IMG_20200720_112354-1536x2048.jpg 1536w, https:\/\/familie-weitgereist.de\/wp-content\/uploads\/2020\/10\/IMG_20200720_112354-1200x1600.jpg 1200w, https:\/\/familie-weitgereist.de\/wp-content\/uploads\/2020\/10\/IMG_20200720_112354-1980x2640.jpg 1980w, https:\/\/familie-weitgereist.de\/wp-content\/uploads\/2020\/10\/IMG_20200720_112354-640x853.jpg 640w, https:\/\/familie-weitgereist.de\/wp-content\/uploads\/2020\/10\/IMG_20200720_112354-150x200.jpg 150w, https:\/\/familie-weitgereist.de\/wp-content\/uploads\/2020\/10\/IMG_20200720_112354-scaled.jpg 1920w\" sizes=\"auto, (max-width: 768px) 100vw, 768px\" \/><\/figure>\n\n\n\n<figure class=\"wp-block-image size-large\"><img loading=\"lazy\" decoding=\"async\" width=\"768\" height=\"1024\" src=\"https:\/\/weitgereist.ddns.net\/wp-content\/uploads\/2020\/10\/IMG_20200720_161802-768x1024.jpg\" alt=\"\" class=\"wp-image-1988\" srcset=\"https:\/\/familie-weitgereist.de\/wp-content\/uploads\/2020\/10\/IMG_20200720_161802-768x1024.jpg 768w, https:\/\/familie-weitgereist.de\/wp-content\/uploads\/2020\/10\/IMG_20200720_161802-225x300.jpg 225w, https:\/\/familie-weitgereist.de\/wp-content\/uploads\/2020\/10\/IMG_20200720_161802-1152x1536.jpg 1152w, https:\/\/familie-weitgereist.de\/wp-content\/uploads\/2020\/10\/IMG_20200720_161802-1536x2048.jpg 1536w, https:\/\/familie-weitgereist.de\/wp-content\/uploads\/2020\/10\/IMG_20200720_161802-1200x1600.jpg 1200w, https:\/\/familie-weitgereist.de\/wp-content\/uploads\/2020\/10\/IMG_20200720_161802-1980x2640.jpg 1980w, https:\/\/familie-weitgereist.de\/wp-content\/uploads\/2020\/10\/IMG_20200720_161802-640x853.jpg 640w, https:\/\/familie-weitgereist.de\/wp-content\/uploads\/2020\/10\/IMG_20200720_161802-150x200.jpg 150w, https:\/\/familie-weitgereist.de\/wp-content\/uploads\/2020\/10\/IMG_20200720_161802-scaled.jpg 1920w\" sizes=\"auto, (max-width: 768px) 100vw, 768px\" \/><\/figure>\n\n\n\n<p>Um zum Luganer See zu gelangen, l\u00e4uft man viele kleine, enge G\u00e4sschen hinab.&nbsp;<\/p>\n\n\n\n<figure class=\"wp-block-image size-large\"><img loading=\"lazy\" decoding=\"async\" width=\"1024\" height=\"768\" src=\"https:\/\/weitgereist.ddns.net\/wp-content\/uploads\/2020\/10\/IMG_20200720_113905-1024x768.jpg\" alt=\"\" class=\"wp-image-1990\" srcset=\"https:\/\/familie-weitgereist.de\/wp-content\/uploads\/2020\/10\/IMG_20200720_113905-1024x768.jpg 1024w, https:\/\/familie-weitgereist.de\/wp-content\/uploads\/2020\/10\/IMG_20200720_113905-300x225.jpg 300w, https:\/\/familie-weitgereist.de\/wp-content\/uploads\/2020\/10\/IMG_20200720_113905-768x576.jpg 768w, https:\/\/familie-weitgereist.de\/wp-content\/uploads\/2020\/10\/IMG_20200720_113905-1536x1152.jpg 1536w, https:\/\/familie-weitgereist.de\/wp-content\/uploads\/2020\/10\/IMG_20200720_113905-2048x1536.jpg 2048w, https:\/\/familie-weitgereist.de\/wp-content\/uploads\/2020\/10\/IMG_20200720_113905-1200x900.jpg 1200w, https:\/\/familie-weitgereist.de\/wp-content\/uploads\/2020\/10\/IMG_20200720_113905-1980x1485.jpg 1980w, https:\/\/familie-weitgereist.de\/wp-content\/uploads\/2020\/10\/IMG_20200720_113905-853x640.jpg 853w, https:\/\/familie-weitgereist.de\/wp-content\/uploads\/2020\/10\/IMG_20200720_113905-150x113.jpg 150w\" sizes=\"auto, (max-width: 1024px) 100vw, 1024px\" \/><\/figure>\n\n\n\n<figure class=\"wp-block-image size-large\"><img loading=\"lazy\" decoding=\"async\" width=\"1024\" height=\"683\" src=\"https:\/\/weitgereist.ddns.net\/wp-content\/uploads\/2020\/10\/IMG_0193-1024x683.jpg\" alt=\"\" class=\"wp-image-1992\" srcset=\"https:\/\/familie-weitgereist.de\/wp-content\/uploads\/2020\/10\/IMG_0193-1024x683.jpg 1024w, https:\/\/familie-weitgereist.de\/wp-content\/uploads\/2020\/10\/IMG_0193-300x200.jpg 300w, https:\/\/familie-weitgereist.de\/wp-content\/uploads\/2020\/10\/IMG_0193-768x512.jpg 768w, https:\/\/familie-weitgereist.de\/wp-content\/uploads\/2020\/10\/IMG_0193-1536x1024.jpg 1536w, https:\/\/familie-weitgereist.de\/wp-content\/uploads\/2020\/10\/IMG_0193-2048x1365.jpg 2048w, https:\/\/familie-weitgereist.de\/wp-content\/uploads\/2020\/10\/IMG_0193-1200x800.jpg 1200w, https:\/\/familie-weitgereist.de\/wp-content\/uploads\/2020\/10\/IMG_0193-1980x1320.jpg 1980w, https:\/\/familie-weitgereist.de\/wp-content\/uploads\/2020\/10\/IMG_0193-150x100.jpg 150w\" sizes=\"auto, (max-width: 1024px) 100vw, 1024px\" \/><\/figure>\n\n\n\n<figure class=\"wp-block-image size-large\"><img loading=\"lazy\" decoding=\"async\" width=\"1024\" height=\"768\" src=\"https:\/\/weitgereist.ddns.net\/wp-content\/uploads\/2020\/10\/IMG_20200720_144704-1024x768.jpg\" alt=\"\" class=\"wp-image-1994\" srcset=\"https:\/\/familie-weitgereist.de\/wp-content\/uploads\/2020\/10\/IMG_20200720_144704-1024x768.jpg 1024w, https:\/\/familie-weitgereist.de\/wp-content\/uploads\/2020\/10\/IMG_20200720_144704-300x225.jpg 300w, https:\/\/familie-weitgereist.de\/wp-content\/uploads\/2020\/10\/IMG_20200720_144704-768x576.jpg 768w, https:\/\/familie-weitgereist.de\/wp-content\/uploads\/2020\/10\/IMG_20200720_144704-1536x1152.jpg 1536w, https:\/\/familie-weitgereist.de\/wp-content\/uploads\/2020\/10\/IMG_20200720_144704-2048x1536.jpg 2048w, https:\/\/familie-weitgereist.de\/wp-content\/uploads\/2020\/10\/IMG_20200720_144704-1200x900.jpg 1200w, https:\/\/familie-weitgereist.de\/wp-content\/uploads\/2020\/10\/IMG_20200720_144704-1980x1485.jpg 1980w, https:\/\/familie-weitgereist.de\/wp-content\/uploads\/2020\/10\/IMG_20200720_144704-853x640.jpg 853w, https:\/\/familie-weitgereist.de\/wp-content\/uploads\/2020\/10\/IMG_20200720_144704-150x113.jpg 150w\" sizes=\"auto, (max-width: 1024px) 100vw, 1024px\" \/><\/figure>\n\n\n\n<p>Wir haben uns f\u00fcr diesen Urlaub ein gr\u00f6\u00dferes Zelt gekauft, damit wir drei bequem schlafen k\u00f6nnen. Es ist wirklich sehr erholsam! Bisher hatten wir auch fast immer super Wetter. Einmal hat es in Lugano sehr stark gewittert. Unser Zelt hat den heftigen Regenguss und das Gewitter gut \u00fcberstanden und wir sind im Zelt alle trocken geblieben!&nbsp;<\/p>\n\n\n\n<figure class=\"wp-block-image size-large\"><img loading=\"lazy\" decoding=\"async\" width=\"1024\" height=\"683\" src=\"https:\/\/weitgereist.ddns.net\/wp-content\/uploads\/2020\/10\/IMG_0168-1024x683.jpg\" alt=\"\" class=\"wp-image-1997\" srcset=\"https:\/\/familie-weitgereist.de\/wp-content\/uploads\/2020\/10\/IMG_0168-1024x683.jpg 1024w, https:\/\/familie-weitgereist.de\/wp-content\/uploads\/2020\/10\/IMG_0168-300x200.jpg 300w, https:\/\/familie-weitgereist.de\/wp-content\/uploads\/2020\/10\/IMG_0168-768x512.jpg 768w, https:\/\/familie-weitgereist.de\/wp-content\/uploads\/2020\/10\/IMG_0168-1536x1024.jpg 1536w, https:\/\/familie-weitgereist.de\/wp-content\/uploads\/2020\/10\/IMG_0168-2048x1365.jpg 2048w, https:\/\/familie-weitgereist.de\/wp-content\/uploads\/2020\/10\/IMG_0168-1200x800.jpg 1200w, https:\/\/familie-weitgereist.de\/wp-content\/uploads\/2020\/10\/IMG_0168-1980x1320.jpg 1980w, https:\/\/familie-weitgereist.de\/wp-content\/uploads\/2020\/10\/IMG_0168-150x100.jpg 150w\" sizes=\"auto, (max-width: 1024px) 100vw, 1024px\" \/><\/figure>\n\n\n\n<h2 class=\"wp-block-heading\" id=\"locarno\">Locarno<\/h2>\n\n\n\n<p>Das tolle ist, wenn man in Lugano \u00fcbernachtet, erh\u00e4lt man das Tecino Ticket. Dieses erm\u00f6glicht einen, im Tessin gratis mit Bus und Bahn zu fahren. Wir nutzen es und haben einen Tagesausflug nach Locarno, an den Lago Maggiore unternommen.&nbsp;<\/p>\n\n\n\n<figure class=\"wp-block-image size-large\"><img loading=\"lazy\" decoding=\"async\" width=\"768\" height=\"1024\" src=\"https:\/\/weitgereist.ddns.net\/wp-content\/uploads\/2020\/10\/IMG_20200721_143801-768x1024.jpg\" alt=\"\" class=\"wp-image-1999\" srcset=\"https:\/\/familie-weitgereist.de\/wp-content\/uploads\/2020\/10\/IMG_20200721_143801-768x1024.jpg 768w, https:\/\/familie-weitgereist.de\/wp-content\/uploads\/2020\/10\/IMG_20200721_143801-225x300.jpg 225w, https:\/\/familie-weitgereist.de\/wp-content\/uploads\/2020\/10\/IMG_20200721_143801-1152x1536.jpg 1152w, https:\/\/familie-weitgereist.de\/wp-content\/uploads\/2020\/10\/IMG_20200721_143801-1536x2048.jpg 1536w, https:\/\/familie-weitgereist.de\/wp-content\/uploads\/2020\/10\/IMG_20200721_143801-1200x1600.jpg 1200w, https:\/\/familie-weitgereist.de\/wp-content\/uploads\/2020\/10\/IMG_20200721_143801-1980x2640.jpg 1980w, https:\/\/familie-weitgereist.de\/wp-content\/uploads\/2020\/10\/IMG_20200721_143801-640x853.jpg 640w, https:\/\/familie-weitgereist.de\/wp-content\/uploads\/2020\/10\/IMG_20200721_143801-150x200.jpg 150w, https:\/\/familie-weitgereist.de\/wp-content\/uploads\/2020\/10\/IMG_20200721_143801-scaled.jpg 1920w\" sizes=\"auto, (max-width: 768px) 100vw, 768px\" \/><\/figure>\n\n\n\n<p>Wir liefen die vielen Stufen hinauf zur Kathedrale Madonna del Sasso.&nbsp;<\/p>\n\n\n\n<figure class=\"wp-block-image size-large\"><img loading=\"lazy\" decoding=\"async\" width=\"768\" height=\"1024\" src=\"https:\/\/weitgereist.ddns.net\/wp-content\/uploads\/2020\/10\/IMG_20200721_140940-768x1024.jpg\" alt=\"\" class=\"wp-image-2001\" srcset=\"https:\/\/familie-weitgereist.de\/wp-content\/uploads\/2020\/10\/IMG_20200721_140940-768x1024.jpg 768w, https:\/\/familie-weitgereist.de\/wp-content\/uploads\/2020\/10\/IMG_20200721_140940-225x300.jpg 225w, https:\/\/familie-weitgereist.de\/wp-content\/uploads\/2020\/10\/IMG_20200721_140940-1152x1536.jpg 1152w, https:\/\/familie-weitgereist.de\/wp-content\/uploads\/2020\/10\/IMG_20200721_140940-1536x2048.jpg 1536w, https:\/\/familie-weitgereist.de\/wp-content\/uploads\/2020\/10\/IMG_20200721_140940-1200x1600.jpg 1200w, https:\/\/familie-weitgereist.de\/wp-content\/uploads\/2020\/10\/IMG_20200721_140940-1980x2640.jpg 1980w, https:\/\/familie-weitgereist.de\/wp-content\/uploads\/2020\/10\/IMG_20200721_140940-640x853.jpg 640w, https:\/\/familie-weitgereist.de\/wp-content\/uploads\/2020\/10\/IMG_20200721_140940-150x200.jpg 150w, https:\/\/familie-weitgereist.de\/wp-content\/uploads\/2020\/10\/IMG_20200721_140940-scaled.jpg 1920w\" sizes=\"auto, (max-width: 768px) 100vw, 768px\" \/><\/figure>\n\n\n\n<figure class=\"wp-block-image size-large\"><img loading=\"lazy\" decoding=\"async\" width=\"1024\" height=\"683\" src=\"https:\/\/weitgereist.ddns.net\/wp-content\/uploads\/2020\/10\/20200721060312_IMG_0285-1024x683.jpg\" alt=\"\" class=\"wp-image-2003\" srcset=\"https:\/\/familie-weitgereist.de\/wp-content\/uploads\/2020\/10\/20200721060312_IMG_0285-1024x683.jpg 1024w, https:\/\/familie-weitgereist.de\/wp-content\/uploads\/2020\/10\/20200721060312_IMG_0285-300x200.jpg 300w, https:\/\/familie-weitgereist.de\/wp-content\/uploads\/2020\/10\/20200721060312_IMG_0285-768x512.jpg 768w, https:\/\/familie-weitgereist.de\/wp-content\/uploads\/2020\/10\/20200721060312_IMG_0285-1536x1024.jpg 1536w, https:\/\/familie-weitgereist.de\/wp-content\/uploads\/2020\/10\/20200721060312_IMG_0285-2048x1365.jpg 2048w, https:\/\/familie-weitgereist.de\/wp-content\/uploads\/2020\/10\/20200721060312_IMG_0285-1200x800.jpg 1200w, https:\/\/familie-weitgereist.de\/wp-content\/uploads\/2020\/10\/20200721060312_IMG_0285-1980x1320.jpg 1980w, https:\/\/familie-weitgereist.de\/wp-content\/uploads\/2020\/10\/20200721060312_IMG_0285-150x100.jpg 150w\" sizes=\"auto, (max-width: 1024px) 100vw, 1024px\" \/><\/figure>\n\n\n\n<p>Der Aufstieg hat sich gelohnt. Der Blick auf den Lago Maggiore war unbeschreiblich. Die Kathedrale kann zu einem gewissen Teil besichtigt werden. Es gibt auch eine kleine Bahn, mit der man hinauf und hinab fahren kann. Die Fahrt kostet ca. 8 CHF f\u00fcr eine Hin- und R\u00fcckfahrt. <\/p>\n\n\n\n<figure class=\"wp-block-image size-large\"><img loading=\"lazy\" decoding=\"async\" width=\"1024\" height=\"768\" src=\"https:\/\/weitgereist.ddns.net\/wp-content\/uploads\/2020\/10\/IMG_20200721_143356-1024x768.jpg\" alt=\"\" class=\"wp-image-2004\" srcset=\"https:\/\/familie-weitgereist.de\/wp-content\/uploads\/2020\/10\/IMG_20200721_143356-1024x768.jpg 1024w, https:\/\/familie-weitgereist.de\/wp-content\/uploads\/2020\/10\/IMG_20200721_143356-300x225.jpg 300w, https:\/\/familie-weitgereist.de\/wp-content\/uploads\/2020\/10\/IMG_20200721_143356-768x576.jpg 768w, https:\/\/familie-weitgereist.de\/wp-content\/uploads\/2020\/10\/IMG_20200721_143356-1536x1152.jpg 1536w, https:\/\/familie-weitgereist.de\/wp-content\/uploads\/2020\/10\/IMG_20200721_143356-2048x1536.jpg 2048w, https:\/\/familie-weitgereist.de\/wp-content\/uploads\/2020\/10\/IMG_20200721_143356-1200x900.jpg 1200w, https:\/\/familie-weitgereist.de\/wp-content\/uploads\/2020\/10\/IMG_20200721_143356-1980x1485.jpg 1980w, https:\/\/familie-weitgereist.de\/wp-content\/uploads\/2020\/10\/IMG_20200721_143356-853x640.jpg 853w, https:\/\/familie-weitgereist.de\/wp-content\/uploads\/2020\/10\/IMG_20200721_143356-150x113.jpg 150w\" sizes=\"auto, (max-width: 1024px) 100vw, 1024px\" \/><\/figure>\n\n\n\n<p>Das Schloss Visconteo aus dem Jahre 1342 ist ein weiteres Highlight von Locarno und sollte auf keiner Stadtbesichtigung fehlen. Wir picknickten am Rande des Schlosses.&nbsp; <\/p>\n\n\n\n<figure class=\"wp-block-image size-large\"><img loading=\"lazy\" decoding=\"async\" width=\"1024\" height=\"683\" src=\"https:\/\/weitgereist.ddns.net\/wp-content\/uploads\/2020\/10\/20200721044806_IMG_0249-1024x683.jpg\" alt=\"\" class=\"wp-image-2006\" srcset=\"https:\/\/familie-weitgereist.de\/wp-content\/uploads\/2020\/10\/20200721044806_IMG_0249-1024x683.jpg 1024w, https:\/\/familie-weitgereist.de\/wp-content\/uploads\/2020\/10\/20200721044806_IMG_0249-300x200.jpg 300w, https:\/\/familie-weitgereist.de\/wp-content\/uploads\/2020\/10\/20200721044806_IMG_0249-768x512.jpg 768w, https:\/\/familie-weitgereist.de\/wp-content\/uploads\/2020\/10\/20200721044806_IMG_0249-1536x1024.jpg 1536w, https:\/\/familie-weitgereist.de\/wp-content\/uploads\/2020\/10\/20200721044806_IMG_0249-2048x1365.jpg 2048w, https:\/\/familie-weitgereist.de\/wp-content\/uploads\/2020\/10\/20200721044806_IMG_0249-1200x800.jpg 1200w, https:\/\/familie-weitgereist.de\/wp-content\/uploads\/2020\/10\/20200721044806_IMG_0249-1980x1320.jpg 1980w, https:\/\/familie-weitgereist.de\/wp-content\/uploads\/2020\/10\/20200721044806_IMG_0249-150x100.jpg 150w\" sizes=\"auto, (max-width: 1024px) 100vw, 1024px\" \/><\/figure>\n\n\n\n<figure class=\"wp-block-image size-large\"><img loading=\"lazy\" decoding=\"async\" width=\"1024\" height=\"683\" src=\"https:\/\/weitgereist.ddns.net\/wp-content\/uploads\/2020\/10\/20200721052158_IMG_0268-1024x683.jpg\" alt=\"\" class=\"wp-image-2007\" srcset=\"https:\/\/familie-weitgereist.de\/wp-content\/uploads\/2020\/10\/20200721052158_IMG_0268-1024x683.jpg 1024w, https:\/\/familie-weitgereist.de\/wp-content\/uploads\/2020\/10\/20200721052158_IMG_0268-300x200.jpg 300w, https:\/\/familie-weitgereist.de\/wp-content\/uploads\/2020\/10\/20200721052158_IMG_0268-768x512.jpg 768w, https:\/\/familie-weitgereist.de\/wp-content\/uploads\/2020\/10\/20200721052158_IMG_0268-1536x1024.jpg 1536w, https:\/\/familie-weitgereist.de\/wp-content\/uploads\/2020\/10\/20200721052158_IMG_0268-2048x1365.jpg 2048w, https:\/\/familie-weitgereist.de\/wp-content\/uploads\/2020\/10\/20200721052158_IMG_0268-1200x800.jpg 1200w, https:\/\/familie-weitgereist.de\/wp-content\/uploads\/2020\/10\/20200721052158_IMG_0268-1980x1320.jpg 1980w, https:\/\/familie-weitgereist.de\/wp-content\/uploads\/2020\/10\/20200721052158_IMG_0268-150x100.jpg 150w\" sizes=\"auto, (max-width: 1024px) 100vw, 1024px\" \/><\/figure>\n\n\n\n<p>Auch die Altstadt von Locarno l\u00e4sst sich sehen und bietet ebenso wie Lugano ein mediterranes Flair.&nbsp;<\/p>\n\n\n\n<figure class=\"wp-block-image size-large\"><img loading=\"lazy\" decoding=\"async\" width=\"1024\" height=\"683\" src=\"https:\/\/weitgereist.ddns.net\/wp-content\/uploads\/2020\/10\/20200721041230_IMG_0236-1024x683.jpg\" alt=\"\" class=\"wp-image-2008\" srcset=\"https:\/\/familie-weitgereist.de\/wp-content\/uploads\/2020\/10\/20200721041230_IMG_0236-1024x683.jpg 1024w, https:\/\/familie-weitgereist.de\/wp-content\/uploads\/2020\/10\/20200721041230_IMG_0236-300x200.jpg 300w, https:\/\/familie-weitgereist.de\/wp-content\/uploads\/2020\/10\/20200721041230_IMG_0236-768x512.jpg 768w, https:\/\/familie-weitgereist.de\/wp-content\/uploads\/2020\/10\/20200721041230_IMG_0236-1536x1024.jpg 1536w, https:\/\/familie-weitgereist.de\/wp-content\/uploads\/2020\/10\/20200721041230_IMG_0236-2048x1365.jpg 2048w, https:\/\/familie-weitgereist.de\/wp-content\/uploads\/2020\/10\/20200721041230_IMG_0236-1200x800.jpg 1200w, https:\/\/familie-weitgereist.de\/wp-content\/uploads\/2020\/10\/20200721041230_IMG_0236-1980x1320.jpg 1980w, https:\/\/familie-weitgereist.de\/wp-content\/uploads\/2020\/10\/20200721041230_IMG_0236-150x100.jpg 150w\" sizes=\"auto, (max-width: 1024px) 100vw, 1024px\" \/><\/figure>\n\n\n\n<figure class=\"wp-block-image size-large\"><img loading=\"lazy\" decoding=\"async\" width=\"1024\" height=\"683\" src=\"https:\/\/weitgereist.ddns.net\/wp-content\/uploads\/2020\/10\/20200721041209_IMG_0234-1024x683.jpg\" alt=\"\" class=\"wp-image-2009\" srcset=\"https:\/\/familie-weitgereist.de\/wp-content\/uploads\/2020\/10\/20200721041209_IMG_0234-1024x683.jpg 1024w, https:\/\/familie-weitgereist.de\/wp-content\/uploads\/2020\/10\/20200721041209_IMG_0234-300x200.jpg 300w, https:\/\/familie-weitgereist.de\/wp-content\/uploads\/2020\/10\/20200721041209_IMG_0234-768x512.jpg 768w, https:\/\/familie-weitgereist.de\/wp-content\/uploads\/2020\/10\/20200721041209_IMG_0234-1536x1024.jpg 1536w, https:\/\/familie-weitgereist.de\/wp-content\/uploads\/2020\/10\/20200721041209_IMG_0234-2048x1365.jpg 2048w, https:\/\/familie-weitgereist.de\/wp-content\/uploads\/2020\/10\/20200721041209_IMG_0234-1200x800.jpg 1200w, https:\/\/familie-weitgereist.de\/wp-content\/uploads\/2020\/10\/20200721041209_IMG_0234-1980x1320.jpg 1980w, https:\/\/familie-weitgereist.de\/wp-content\/uploads\/2020\/10\/20200721041209_IMG_0234-150x100.jpg 150w\" sizes=\"auto, (max-width: 1024px) 100vw, 1024px\" \/><\/figure>\n\n\n\n<h2 class=\"wp-block-heading\" id=\"luzern\">Luzern<\/h2>\n\n\n\n<p>Mit dem Zug reisten wir von Lugano weiter nach Luzern.&nbsp;Wir befinden uns wieder in der deutschsprachigen Schweiz und es f\u00fchlt sich etwas mehr nach Heimat an. Hihi&nbsp; Das Schweizer Deutsch ist so niedlich. An viele W\u00f6rter wird die Endung &#8222;-li&#8220; angehangen, z.B. Geschenkli, Wetterli. Ein freundliches &#8222;Grie\u00df eich\/di mittenand&#8220; erfreut uns auch immer.&nbsp; &nbsp; <\/p>\n\n\n\n<p>Luzern liegt direkt am Vierwaldst\u00e4ttersee und unser Hostel lag nur unweit davon entfernt, am sogenannten Ufsch\u00f6tti. (: Wir sind jeden Tag in den Vierwaldst\u00e4ttersee baden gegangen und Merlin genoss es im Sand zu buddeln.&nbsp;<\/p>\n\n\n\n<figure class=\"wp-block-image size-large\"><img loading=\"lazy\" decoding=\"async\" width=\"1024\" height=\"768\" src=\"https:\/\/weitgereist.ddns.net\/wp-content\/uploads\/2020\/10\/IMG_20200722_152924-1024x768.jpg\" alt=\"\" class=\"wp-image-2011\" srcset=\"https:\/\/familie-weitgereist.de\/wp-content\/uploads\/2020\/10\/IMG_20200722_152924-1024x768.jpg 1024w, https:\/\/familie-weitgereist.de\/wp-content\/uploads\/2020\/10\/IMG_20200722_152924-300x225.jpg 300w, https:\/\/familie-weitgereist.de\/wp-content\/uploads\/2020\/10\/IMG_20200722_152924-768x576.jpg 768w, https:\/\/familie-weitgereist.de\/wp-content\/uploads\/2020\/10\/IMG_20200722_152924-1536x1152.jpg 1536w, https:\/\/familie-weitgereist.de\/wp-content\/uploads\/2020\/10\/IMG_20200722_152924-2048x1536.jpg 2048w, https:\/\/familie-weitgereist.de\/wp-content\/uploads\/2020\/10\/IMG_20200722_152924-1200x900.jpg 1200w, https:\/\/familie-weitgereist.de\/wp-content\/uploads\/2020\/10\/IMG_20200722_152924-1980x1485.jpg 1980w, https:\/\/familie-weitgereist.de\/wp-content\/uploads\/2020\/10\/IMG_20200722_152924-853x640.jpg 853w, https:\/\/familie-weitgereist.de\/wp-content\/uploads\/2020\/10\/IMG_20200722_152924-150x113.jpg 150w\" sizes=\"auto, (max-width: 1024px) 100vw, 1024px\" \/><\/figure>\n\n\n\n<figure class=\"wp-block-image size-large\"><img loading=\"lazy\" decoding=\"async\" width=\"1024\" height=\"768\" src=\"https:\/\/weitgereist.ddns.net\/wp-content\/uploads\/2020\/10\/MVIMG_20200722_152905-1024x768.jpg\" alt=\"\" class=\"wp-image-2013\" srcset=\"https:\/\/familie-weitgereist.de\/wp-content\/uploads\/2020\/10\/MVIMG_20200722_152905-1024x768.jpg 1024w, https:\/\/familie-weitgereist.de\/wp-content\/uploads\/2020\/10\/MVIMG_20200722_152905-300x225.jpg 300w, https:\/\/familie-weitgereist.de\/wp-content\/uploads\/2020\/10\/MVIMG_20200722_152905-768x576.jpg 768w, https:\/\/familie-weitgereist.de\/wp-content\/uploads\/2020\/10\/MVIMG_20200722_152905-1536x1152.jpg 1536w, https:\/\/familie-weitgereist.de\/wp-content\/uploads\/2020\/10\/MVIMG_20200722_152905-2048x1536.jpg 2048w, https:\/\/familie-weitgereist.de\/wp-content\/uploads\/2020\/10\/MVIMG_20200722_152905-1200x900.jpg 1200w, https:\/\/familie-weitgereist.de\/wp-content\/uploads\/2020\/10\/MVIMG_20200722_152905-1980x1485.jpg 1980w, https:\/\/familie-weitgereist.de\/wp-content\/uploads\/2020\/10\/MVIMG_20200722_152905-853x640.jpg 853w, https:\/\/familie-weitgereist.de\/wp-content\/uploads\/2020\/10\/MVIMG_20200722_152905-150x113.jpg 150w\" sizes=\"auto, (max-width: 1024px) 100vw, 1024px\" \/><\/figure>\n\n\n\n<p>Die Altstadt von Luzern ist durch seine Kapellbr\u00fccke bekannt. Eine Holzbr\u00fccke, die \u00fcber die Reuss f\u00fchrt und 203m lang ist. Somit ist sie die zweitl\u00e4ngste \u00fcberdachte Holzbr\u00fccke Europas.&nbsp; &nbsp; &nbsp; &nbsp; &nbsp; &nbsp; <\/p>\n\n\n\n<figure class=\"wp-block-image size-large\"><img loading=\"lazy\" decoding=\"async\" width=\"1024\" height=\"768\" src=\"https:\/\/weitgereist.ddns.net\/wp-content\/uploads\/2020\/10\/MVIMG_20200723_110135-1024x768.jpg\" alt=\"\" class=\"wp-image-2016\" srcset=\"https:\/\/familie-weitgereist.de\/wp-content\/uploads\/2020\/10\/MVIMG_20200723_110135-1024x768.jpg 1024w, https:\/\/familie-weitgereist.de\/wp-content\/uploads\/2020\/10\/MVIMG_20200723_110135-300x225.jpg 300w, https:\/\/familie-weitgereist.de\/wp-content\/uploads\/2020\/10\/MVIMG_20200723_110135-768x576.jpg 768w, https:\/\/familie-weitgereist.de\/wp-content\/uploads\/2020\/10\/MVIMG_20200723_110135-1536x1152.jpg 1536w, https:\/\/familie-weitgereist.de\/wp-content\/uploads\/2020\/10\/MVIMG_20200723_110135-2048x1536.jpg 2048w, https:\/\/familie-weitgereist.de\/wp-content\/uploads\/2020\/10\/MVIMG_20200723_110135-1200x900.jpg 1200w, https:\/\/familie-weitgereist.de\/wp-content\/uploads\/2020\/10\/MVIMG_20200723_110135-1980x1485.jpg 1980w, https:\/\/familie-weitgereist.de\/wp-content\/uploads\/2020\/10\/MVIMG_20200723_110135-853x640.jpg 853w, https:\/\/familie-weitgereist.de\/wp-content\/uploads\/2020\/10\/MVIMG_20200723_110135-150x113.jpg 150w\" sizes=\"auto, (max-width: 1024px) 100vw, 1024px\" \/><\/figure>\n\n\n\n<figure class=\"wp-block-image size-large\"><img loading=\"lazy\" decoding=\"async\" width=\"768\" height=\"1024\" src=\"https:\/\/weitgereist.ddns.net\/wp-content\/uploads\/2020\/10\/MVIMG_20200723_115900-768x1024.jpg\" alt=\"\" class=\"wp-image-2017\" srcset=\"https:\/\/familie-weitgereist.de\/wp-content\/uploads\/2020\/10\/MVIMG_20200723_115900-768x1024.jpg 768w, https:\/\/familie-weitgereist.de\/wp-content\/uploads\/2020\/10\/MVIMG_20200723_115900-225x300.jpg 225w, https:\/\/familie-weitgereist.de\/wp-content\/uploads\/2020\/10\/MVIMG_20200723_115900-1152x1536.jpg 1152w, https:\/\/familie-weitgereist.de\/wp-content\/uploads\/2020\/10\/MVIMG_20200723_115900-1536x2048.jpg 1536w, https:\/\/familie-weitgereist.de\/wp-content\/uploads\/2020\/10\/MVIMG_20200723_115900-1200x1600.jpg 1200w, https:\/\/familie-weitgereist.de\/wp-content\/uploads\/2020\/10\/MVIMG_20200723_115900-1980x2640.jpg 1980w, https:\/\/familie-weitgereist.de\/wp-content\/uploads\/2020\/10\/MVIMG_20200723_115900-640x853.jpg 640w, https:\/\/familie-weitgereist.de\/wp-content\/uploads\/2020\/10\/MVIMG_20200723_115900-150x200.jpg 150w, https:\/\/familie-weitgereist.de\/wp-content\/uploads\/2020\/10\/MVIMG_20200723_115900-scaled.jpg 1920w\" sizes=\"auto, (max-width: 768px) 100vw, 768px\" \/><\/figure>\n\n\n\n<figure class=\"wp-block-image size-large\"><img loading=\"lazy\" decoding=\"async\" width=\"1024\" height=\"766\" src=\"https:\/\/weitgereist.ddns.net\/wp-content\/uploads\/2020\/10\/MVIMG_20200723_113523-1024x766.jpg\" alt=\"\" class=\"wp-image-2018\" srcset=\"https:\/\/familie-weitgereist.de\/wp-content\/uploads\/2020\/10\/MVIMG_20200723_113523-1024x766.jpg 1024w, https:\/\/familie-weitgereist.de\/wp-content\/uploads\/2020\/10\/MVIMG_20200723_113523-300x225.jpg 300w, https:\/\/familie-weitgereist.de\/wp-content\/uploads\/2020\/10\/MVIMG_20200723_113523-768x575.jpg 768w, https:\/\/familie-weitgereist.de\/wp-content\/uploads\/2020\/10\/MVIMG_20200723_113523-1536x1150.jpg 1536w, https:\/\/familie-weitgereist.de\/wp-content\/uploads\/2020\/10\/MVIMG_20200723_113523-2048x1533.jpg 2048w, https:\/\/familie-weitgereist.de\/wp-content\/uploads\/2020\/10\/MVIMG_20200723_113523-1200x898.jpg 1200w, https:\/\/familie-weitgereist.de\/wp-content\/uploads\/2020\/10\/MVIMG_20200723_113523-1980x1482.jpg 1980w, https:\/\/familie-weitgereist.de\/wp-content\/uploads\/2020\/10\/MVIMG_20200723_113523-150x112.jpg 150w\" sizes=\"auto, (max-width: 1024px) 100vw, 1024px\" \/><\/figure>\n\n\n\n<figure class=\"wp-block-image size-large\"><img loading=\"lazy\" decoding=\"async\" width=\"1024\" height=\"768\" src=\"https:\/\/weitgereist.ddns.net\/wp-content\/uploads\/2020\/10\/MVIMG_20200723_111929-1024x768.jpg\" alt=\"\" class=\"wp-image-2019\" srcset=\"https:\/\/familie-weitgereist.de\/wp-content\/uploads\/2020\/10\/MVIMG_20200723_111929-1024x768.jpg 1024w, https:\/\/familie-weitgereist.de\/wp-content\/uploads\/2020\/10\/MVIMG_20200723_111929-300x225.jpg 300w, https:\/\/familie-weitgereist.de\/wp-content\/uploads\/2020\/10\/MVIMG_20200723_111929-768x576.jpg 768w, https:\/\/familie-weitgereist.de\/wp-content\/uploads\/2020\/10\/MVIMG_20200723_111929-1536x1152.jpg 1536w, https:\/\/familie-weitgereist.de\/wp-content\/uploads\/2020\/10\/MVIMG_20200723_111929-2048x1536.jpg 2048w, https:\/\/familie-weitgereist.de\/wp-content\/uploads\/2020\/10\/MVIMG_20200723_111929-1200x900.jpg 1200w, https:\/\/familie-weitgereist.de\/wp-content\/uploads\/2020\/10\/MVIMG_20200723_111929-1980x1485.jpg 1980w, https:\/\/familie-weitgereist.de\/wp-content\/uploads\/2020\/10\/MVIMG_20200723_111929-853x640.jpg 853w, https:\/\/familie-weitgereist.de\/wp-content\/uploads\/2020\/10\/MVIMG_20200723_111929-150x113.jpg 150w\" sizes=\"auto, (max-width: 1024px) 100vw, 1024px\" \/><\/figure>\n\n\n\n<p>Unweit von der Kapellbr\u00fccke entfernt liegt die Spreuerbr\u00fccke. Auch diese ist holz\u00fcberdacht und f\u00fchrt \u00fcber die Reuss. Sie verbindet die Altstadt mit der Neustadt.<\/p>\n\n\n\n<figure class=\"wp-block-image size-large\"><img loading=\"lazy\" decoding=\"async\" width=\"1024\" height=\"768\" src=\"https:\/\/weitgereist.ddns.net\/wp-content\/uploads\/2020\/10\/MVIMG_20200723_141551-1024x768.jpg\" alt=\"\" class=\"wp-image-2021\" srcset=\"https:\/\/familie-weitgereist.de\/wp-content\/uploads\/2020\/10\/MVIMG_20200723_141551-1024x768.jpg 1024w, https:\/\/familie-weitgereist.de\/wp-content\/uploads\/2020\/10\/MVIMG_20200723_141551-300x225.jpg 300w, https:\/\/familie-weitgereist.de\/wp-content\/uploads\/2020\/10\/MVIMG_20200723_141551-768x576.jpg 768w, https:\/\/familie-weitgereist.de\/wp-content\/uploads\/2020\/10\/MVIMG_20200723_141551-1536x1152.jpg 1536w, https:\/\/familie-weitgereist.de\/wp-content\/uploads\/2020\/10\/MVIMG_20200723_141551-2048x1536.jpg 2048w, https:\/\/familie-weitgereist.de\/wp-content\/uploads\/2020\/10\/MVIMG_20200723_141551-1200x900.jpg 1200w, https:\/\/familie-weitgereist.de\/wp-content\/uploads\/2020\/10\/MVIMG_20200723_141551-1980x1485.jpg 1980w, https:\/\/familie-weitgereist.de\/wp-content\/uploads\/2020\/10\/MVIMG_20200723_141551-853x640.jpg 853w, https:\/\/familie-weitgereist.de\/wp-content\/uploads\/2020\/10\/MVIMG_20200723_141551-150x113.jpg 150w\" sizes=\"auto, (max-width: 1024px) 100vw, 1024px\" \/><\/figure>\n\n\n\n<figure class=\"wp-block-image size-large\"><img loading=\"lazy\" decoding=\"async\" width=\"1024\" height=\"768\" src=\"https:\/\/weitgereist.ddns.net\/wp-content\/uploads\/2020\/10\/MVIMG_20200723_142217-1-1024x768.jpg\" alt=\"\" class=\"wp-image-2027\" srcset=\"https:\/\/familie-weitgereist.de\/wp-content\/uploads\/2020\/10\/MVIMG_20200723_142217-1-1024x768.jpg 1024w, https:\/\/familie-weitgereist.de\/wp-content\/uploads\/2020\/10\/MVIMG_20200723_142217-1-300x225.jpg 300w, https:\/\/familie-weitgereist.de\/wp-content\/uploads\/2020\/10\/MVIMG_20200723_142217-1-768x576.jpg 768w, https:\/\/familie-weitgereist.de\/wp-content\/uploads\/2020\/10\/MVIMG_20200723_142217-1-1536x1152.jpg 1536w, https:\/\/familie-weitgereist.de\/wp-content\/uploads\/2020\/10\/MVIMG_20200723_142217-1-2048x1536.jpg 2048w, https:\/\/familie-weitgereist.de\/wp-content\/uploads\/2020\/10\/MVIMG_20200723_142217-1-1200x900.jpg 1200w, https:\/\/familie-weitgereist.de\/wp-content\/uploads\/2020\/10\/MVIMG_20200723_142217-1-1980x1485.jpg 1980w, https:\/\/familie-weitgereist.de\/wp-content\/uploads\/2020\/10\/MVIMG_20200723_142217-1-853x640.jpg 853w, https:\/\/familie-weitgereist.de\/wp-content\/uploads\/2020\/10\/MVIMG_20200723_142217-1-150x113.jpg 150w\" sizes=\"auto, (max-width: 1024px) 100vw, 1024px\" \/><\/figure>\n\n\n\n<p>Gef\u00fchlt jede Stadt in der Schweiz ist an einem Berg gelegen. (: Auch in Luzern liefen wir enge Gassen den Berg nach oben um zum Schloss G\u00fctsch zu kommen. Es ist ein Hotel und somit nur von au\u00dfen zu besichtigen, hat jedoch trotzdem seinen Reiz, da der Blick \u00fcber Luzern wundersch\u00f6n ist und gleich dahinter ein sch\u00f6nes Waldgebiet liegt. Wir genossen einen ruhigen Waldspaziergang und Merlin machte sein Nachmittagsschl\u00e4fchen. (: &nbsp; &nbsp; &nbsp; <\/p>\n\n\n\n<figure class=\"wp-block-image size-large\"><img loading=\"lazy\" decoding=\"async\" width=\"1024\" height=\"768\" src=\"https:\/\/weitgereist.ddns.net\/wp-content\/uploads\/2020\/10\/MVIMG_20200723_145056-1024x768.jpg\" alt=\"\" class=\"wp-image-2025\" srcset=\"https:\/\/familie-weitgereist.de\/wp-content\/uploads\/2020\/10\/MVIMG_20200723_145056-1024x768.jpg 1024w, https:\/\/familie-weitgereist.de\/wp-content\/uploads\/2020\/10\/MVIMG_20200723_145056-300x225.jpg 300w, https:\/\/familie-weitgereist.de\/wp-content\/uploads\/2020\/10\/MVIMG_20200723_145056-768x576.jpg 768w, https:\/\/familie-weitgereist.de\/wp-content\/uploads\/2020\/10\/MVIMG_20200723_145056-1536x1152.jpg 1536w, https:\/\/familie-weitgereist.de\/wp-content\/uploads\/2020\/10\/MVIMG_20200723_145056-2048x1536.jpg 2048w, https:\/\/familie-weitgereist.de\/wp-content\/uploads\/2020\/10\/MVIMG_20200723_145056-1200x900.jpg 1200w, https:\/\/familie-weitgereist.de\/wp-content\/uploads\/2020\/10\/MVIMG_20200723_145056-1980x1485.jpg 1980w, https:\/\/familie-weitgereist.de\/wp-content\/uploads\/2020\/10\/MVIMG_20200723_145056-853x640.jpg 853w, https:\/\/familie-weitgereist.de\/wp-content\/uploads\/2020\/10\/MVIMG_20200723_145056-150x113.jpg 150w\" sizes=\"auto, (max-width: 1024px) 100vw, 1024px\" \/><\/figure>\n\n\n\n<figure class=\"wp-block-image size-large\"><img loading=\"lazy\" decoding=\"async\" width=\"1024\" height=\"768\" src=\"https:\/\/weitgereist.ddns.net\/wp-content\/uploads\/2020\/10\/MVIMG_20200723_152055-1024x768.jpg\" alt=\"\" class=\"wp-image-2028\" srcset=\"https:\/\/familie-weitgereist.de\/wp-content\/uploads\/2020\/10\/MVIMG_20200723_152055-1024x768.jpg 1024w, https:\/\/familie-weitgereist.de\/wp-content\/uploads\/2020\/10\/MVIMG_20200723_152055-300x225.jpg 300w, https:\/\/familie-weitgereist.de\/wp-content\/uploads\/2020\/10\/MVIMG_20200723_152055-768x576.jpg 768w, https:\/\/familie-weitgereist.de\/wp-content\/uploads\/2020\/10\/MVIMG_20200723_152055-1536x1152.jpg 1536w, https:\/\/familie-weitgereist.de\/wp-content\/uploads\/2020\/10\/MVIMG_20200723_152055-2048x1536.jpg 2048w, https:\/\/familie-weitgereist.de\/wp-content\/uploads\/2020\/10\/MVIMG_20200723_152055-1200x900.jpg 1200w, https:\/\/familie-weitgereist.de\/wp-content\/uploads\/2020\/10\/MVIMG_20200723_152055-1980x1485.jpg 1980w, https:\/\/familie-weitgereist.de\/wp-content\/uploads\/2020\/10\/MVIMG_20200723_152055-853x640.jpg 853w, https:\/\/familie-weitgereist.de\/wp-content\/uploads\/2020\/10\/MVIMG_20200723_152055-150x113.jpg 150w\" sizes=\"auto, (max-width: 1024px) 100vw, 1024px\" \/><\/figure>\n\n\n\n<h2 class=\"wp-block-heading\" id=\"zuerich\">Z\u00fcrich<\/h2>\n\n\n\n<p>Die letzte Stadt auf unserer Reise durch die Schweiz ist Z\u00fcrich.&nbsp; Wir sind mit dem Zug von Luzern nach Z\u00fcrich gefahren. Innerhalb einer Stunde waren wir mit dem IR75 auch schon da.&nbsp;<\/p>\n\n\n\n<p>Als wir am Bahnhof in Z\u00fcrich angekommen sind, haben wir erst einmal den Luxus dieser Stadt festgestellt. Teure Restaurants, edle Gesch\u00e4fte und schick angezogene Menschen schlenderten durch die sch\u00f6nen Altstadtgassen. Auch Z\u00fcrich ist definitiv wundersch\u00f6n.&nbsp; Wir liefen durch die Altstadt, am Z\u00fcrichsee entlang, entspannten auf den \u00f6ffentlichen Pl\u00e4tzen und besuchten viele Kirchen.&nbsp;<\/p>\n\n\n\n<figure class=\"wp-block-image size-large\"><img loading=\"lazy\" decoding=\"async\" width=\"768\" height=\"1024\" src=\"https:\/\/familie-weitgereist.de\/wp-content\/uploads\/2020\/10\/IMG_20200725_121327-768x1024.jpg\" alt=\"\" class=\"wp-image-2031\" srcset=\"https:\/\/familie-weitgereist.de\/wp-content\/uploads\/2020\/10\/IMG_20200725_121327-768x1024.jpg 768w, https:\/\/familie-weitgereist.de\/wp-content\/uploads\/2020\/10\/IMG_20200725_121327-225x300.jpg 225w, https:\/\/familie-weitgereist.de\/wp-content\/uploads\/2020\/10\/IMG_20200725_121327-1152x1536.jpg 1152w, https:\/\/familie-weitgereist.de\/wp-content\/uploads\/2020\/10\/IMG_20200725_121327-1536x2048.jpg 1536w, https:\/\/familie-weitgereist.de\/wp-content\/uploads\/2020\/10\/IMG_20200725_121327-1200x1600.jpg 1200w, https:\/\/familie-weitgereist.de\/wp-content\/uploads\/2020\/10\/IMG_20200725_121327-1980x2640.jpg 1980w, https:\/\/familie-weitgereist.de\/wp-content\/uploads\/2020\/10\/IMG_20200725_121327-640x853.jpg 640w, https:\/\/familie-weitgereist.de\/wp-content\/uploads\/2020\/10\/IMG_20200725_121327-150x200.jpg 150w, https:\/\/familie-weitgereist.de\/wp-content\/uploads\/2020\/10\/IMG_20200725_121327-scaled.jpg 1920w\" sizes=\"auto, (max-width: 768px) 100vw, 768px\" \/><\/figure>\n\n\n\n<figure class=\"wp-block-image size-large\"><img loading=\"lazy\" decoding=\"async\" width=\"1024\" height=\"768\" src=\"https:\/\/familie-weitgereist.de\/wp-content\/uploads\/2020\/10\/MVIMG_20200725_122821-1024x768.jpg\" alt=\"\" class=\"wp-image-2032\" srcset=\"https:\/\/familie-weitgereist.de\/wp-content\/uploads\/2020\/10\/MVIMG_20200725_122821-1024x768.jpg 1024w, https:\/\/familie-weitgereist.de\/wp-content\/uploads\/2020\/10\/MVIMG_20200725_122821-300x225.jpg 300w, https:\/\/familie-weitgereist.de\/wp-content\/uploads\/2020\/10\/MVIMG_20200725_122821-768x576.jpg 768w, https:\/\/familie-weitgereist.de\/wp-content\/uploads\/2020\/10\/MVIMG_20200725_122821-1536x1152.jpg 1536w, https:\/\/familie-weitgereist.de\/wp-content\/uploads\/2020\/10\/MVIMG_20200725_122821-2048x1536.jpg 2048w, https:\/\/familie-weitgereist.de\/wp-content\/uploads\/2020\/10\/MVIMG_20200725_122821-1200x900.jpg 1200w, https:\/\/familie-weitgereist.de\/wp-content\/uploads\/2020\/10\/MVIMG_20200725_122821-1980x1485.jpg 1980w, https:\/\/familie-weitgereist.de\/wp-content\/uploads\/2020\/10\/MVIMG_20200725_122821-853x640.jpg 853w, https:\/\/familie-weitgereist.de\/wp-content\/uploads\/2020\/10\/MVIMG_20200725_122821-150x113.jpg 150w\" sizes=\"auto, (max-width: 1024px) 100vw, 1024px\" \/><\/figure>\n\n\n\n<p>Am Z\u00fcrichsee entlang zu flanieren war besonders sch\u00f6n. Bei dem sch\u00f6nen Wetter nutzen dies ebenso sehr viele Menschen und genossen eine Abk\u00fchlung oder sonnten sich auf den vielen Gr\u00fcnfl\u00e4chen.&nbsp;<\/p>\n\n\n\n<figure class=\"wp-block-image size-large\"><img loading=\"lazy\" decoding=\"async\" width=\"768\" height=\"1024\" src=\"https:\/\/familie-weitgereist.de\/wp-content\/uploads\/2020\/10\/MVIMG_20200725_131018-768x1024.jpg\" alt=\"\" class=\"wp-image-2033\" srcset=\"https:\/\/familie-weitgereist.de\/wp-content\/uploads\/2020\/10\/MVIMG_20200725_131018-768x1024.jpg 768w, https:\/\/familie-weitgereist.de\/wp-content\/uploads\/2020\/10\/MVIMG_20200725_131018-225x300.jpg 225w, https:\/\/familie-weitgereist.de\/wp-content\/uploads\/2020\/10\/MVIMG_20200725_131018-1152x1536.jpg 1152w, https:\/\/familie-weitgereist.de\/wp-content\/uploads\/2020\/10\/MVIMG_20200725_131018-1536x2048.jpg 1536w, https:\/\/familie-weitgereist.de\/wp-content\/uploads\/2020\/10\/MVIMG_20200725_131018-1200x1600.jpg 1200w, https:\/\/familie-weitgereist.de\/wp-content\/uploads\/2020\/10\/MVIMG_20200725_131018-1980x2640.jpg 1980w, https:\/\/familie-weitgereist.de\/wp-content\/uploads\/2020\/10\/MVIMG_20200725_131018-640x853.jpg 640w, https:\/\/familie-weitgereist.de\/wp-content\/uploads\/2020\/10\/MVIMG_20200725_131018-150x200.jpg 150w, https:\/\/familie-weitgereist.de\/wp-content\/uploads\/2020\/10\/MVIMG_20200725_131018-scaled.jpg 1920w\" sizes=\"auto, (max-width: 768px) 100vw, 768px\" \/><\/figure>\n\n\n\n<figure class=\"wp-block-image size-large\"><img loading=\"lazy\" decoding=\"async\" width=\"1024\" height=\"768\" src=\"https:\/\/familie-weitgereist.de\/wp-content\/uploads\/2020\/10\/MVIMG_20200725_125843-1024x768.jpg\" alt=\"\" class=\"wp-image-2034\" srcset=\"https:\/\/familie-weitgereist.de\/wp-content\/uploads\/2020\/10\/MVIMG_20200725_125843-1024x768.jpg 1024w, https:\/\/familie-weitgereist.de\/wp-content\/uploads\/2020\/10\/MVIMG_20200725_125843-300x225.jpg 300w, https:\/\/familie-weitgereist.de\/wp-content\/uploads\/2020\/10\/MVIMG_20200725_125843-768x576.jpg 768w, https:\/\/familie-weitgereist.de\/wp-content\/uploads\/2020\/10\/MVIMG_20200725_125843-1536x1152.jpg 1536w, https:\/\/familie-weitgereist.de\/wp-content\/uploads\/2020\/10\/MVIMG_20200725_125843-2048x1536.jpg 2048w, https:\/\/familie-weitgereist.de\/wp-content\/uploads\/2020\/10\/MVIMG_20200725_125843-1200x900.jpg 1200w, https:\/\/familie-weitgereist.de\/wp-content\/uploads\/2020\/10\/MVIMG_20200725_125843-1980x1485.jpg 1980w, https:\/\/familie-weitgereist.de\/wp-content\/uploads\/2020\/10\/MVIMG_20200725_125843-853x640.jpg 853w, https:\/\/familie-weitgereist.de\/wp-content\/uploads\/2020\/10\/MVIMG_20200725_125843-150x113.jpg 150w\" sizes=\"auto, (max-width: 1024px) 100vw, 1024px\" \/><\/figure>\n\n\n\n<p>In Z\u00fcrich waren auch die allermeisten Kirchen offen und wir konnten sie von innen besichtigen.&nbsp; &nbsp; &nbsp; <\/p>\n\n\n\n<figure class=\"wp-block-image size-large\"><img loading=\"lazy\" decoding=\"async\" width=\"768\" height=\"1024\" src=\"https:\/\/familie-weitgereist.de\/wp-content\/uploads\/2020\/10\/MVIMG_20200725_142602-768x1024.jpg\" alt=\"\" class=\"wp-image-2035\" srcset=\"https:\/\/familie-weitgereist.de\/wp-content\/uploads\/2020\/10\/MVIMG_20200725_142602-768x1024.jpg 768w, https:\/\/familie-weitgereist.de\/wp-content\/uploads\/2020\/10\/MVIMG_20200725_142602-225x300.jpg 225w, https:\/\/familie-weitgereist.de\/wp-content\/uploads\/2020\/10\/MVIMG_20200725_142602-1152x1536.jpg 1152w, https:\/\/familie-weitgereist.de\/wp-content\/uploads\/2020\/10\/MVIMG_20200725_142602-1536x2048.jpg 1536w, https:\/\/familie-weitgereist.de\/wp-content\/uploads\/2020\/10\/MVIMG_20200725_142602-1200x1600.jpg 1200w, https:\/\/familie-weitgereist.de\/wp-content\/uploads\/2020\/10\/MVIMG_20200725_142602-1980x2640.jpg 1980w, https:\/\/familie-weitgereist.de\/wp-content\/uploads\/2020\/10\/MVIMG_20200725_142602-640x853.jpg 640w, https:\/\/familie-weitgereist.de\/wp-content\/uploads\/2020\/10\/MVIMG_20200725_142602-150x200.jpg 150w, https:\/\/familie-weitgereist.de\/wp-content\/uploads\/2020\/10\/MVIMG_20200725_142602-scaled.jpg 1920w\" sizes=\"auto, (max-width: 768px) 100vw, 768px\" \/><\/figure>\n\n\n\n<p>Merlin genoss sein Mittagsschl\u00e4fchen wieder in der Ruckeli.&nbsp; &nbsp; &nbsp; &nbsp; <\/p>\n\n\n\n<figure class=\"wp-block-image size-large\"><img loading=\"lazy\" decoding=\"async\" width=\"1024\" height=\"768\" src=\"https:\/\/familie-weitgereist.de\/wp-content\/uploads\/2020\/10\/MVIMG_20200725_142931-1024x768.jpg\" alt=\"\" class=\"wp-image-2037\" srcset=\"https:\/\/familie-weitgereist.de\/wp-content\/uploads\/2020\/10\/MVIMG_20200725_142931-1024x768.jpg 1024w, https:\/\/familie-weitgereist.de\/wp-content\/uploads\/2020\/10\/MVIMG_20200725_142931-300x225.jpg 300w, https:\/\/familie-weitgereist.de\/wp-content\/uploads\/2020\/10\/MVIMG_20200725_142931-768x576.jpg 768w, https:\/\/familie-weitgereist.de\/wp-content\/uploads\/2020\/10\/MVIMG_20200725_142931-1536x1152.jpg 1536w, https:\/\/familie-weitgereist.de\/wp-content\/uploads\/2020\/10\/MVIMG_20200725_142931-2048x1536.jpg 2048w, https:\/\/familie-weitgereist.de\/wp-content\/uploads\/2020\/10\/MVIMG_20200725_142931-1200x900.jpg 1200w, https:\/\/familie-weitgereist.de\/wp-content\/uploads\/2020\/10\/MVIMG_20200725_142931-1980x1485.jpg 1980w, https:\/\/familie-weitgereist.de\/wp-content\/uploads\/2020\/10\/MVIMG_20200725_142931-853x640.jpg 853w, https:\/\/familie-weitgereist.de\/wp-content\/uploads\/2020\/10\/MVIMG_20200725_142931-150x113.jpg 150w\" sizes=\"auto, (max-width: 1024px) 100vw, 1024px\" \/><\/figure>\n\n\n\n<p>Wir sind von den schweizer St\u00e4dten begeistert und haben diesen Sommer die Sch\u00f6nheit der Schweiz genie\u00dfen k\u00f6nnen. Nun geht es wieder in die Berge! Juhu!<\/p>\n\n\n\n<figure class=\"wp-block-image size-large\"><img loading=\"lazy\" decoding=\"async\" width=\"1024\" height=\"768\" src=\"https:\/\/familie-weitgereist.de\/wp-content\/uploads\/2020\/10\/MVIMG_20200725_142908-1024x768.jpg\" alt=\"\" class=\"wp-image-2039\" srcset=\"https:\/\/familie-weitgereist.de\/wp-content\/uploads\/2020\/10\/MVIMG_20200725_142908-1024x768.jpg 1024w, https:\/\/familie-weitgereist.de\/wp-content\/uploads\/2020\/10\/MVIMG_20200725_142908-300x225.jpg 300w, https:\/\/familie-weitgereist.de\/wp-content\/uploads\/2020\/10\/MVIMG_20200725_142908-768x576.jpg 768w, https:\/\/familie-weitgereist.de\/wp-content\/uploads\/2020\/10\/MVIMG_20200725_142908-1536x1152.jpg 1536w, https:\/\/familie-weitgereist.de\/wp-content\/uploads\/2020\/10\/MVIMG_20200725_142908-2048x1536.jpg 2048w, https:\/\/familie-weitgereist.de\/wp-content\/uploads\/2020\/10\/MVIMG_20200725_142908-1200x900.jpg 1200w, https:\/\/familie-weitgereist.de\/wp-content\/uploads\/2020\/10\/MVIMG_20200725_142908-1980x1485.jpg 1980w, https:\/\/familie-weitgereist.de\/wp-content\/uploads\/2020\/10\/MVIMG_20200725_142908-853x640.jpg 853w, https:\/\/familie-weitgereist.de\/wp-content\/uploads\/2020\/10\/MVIMG_20200725_142908-150x113.jpg 150w\" sizes=\"auto, (max-width: 1024px) 100vw, 1024px\" \/><\/figure>\n","protected":false},"excerpt":{"rendered":"<p>Die letzten beiden Wochen waren wir in der Schweiz. F\u00fcr uns war es alle mehr oder weniger das erste Mal, dass wir dieses wundersch\u00f6ne bergige Land erkundeten.&nbsp; Ich war zwar als Kind schon einmal am Rheinfall von Schaffhausen, aber mehr hatte ich bisher noch nicht erkundet.&nbsp; Es wurde also allerh\u00f6chste Zeit!&nbsp; &nbsp; &nbsp; In diesem [&hellip;]<\/p>\n","protected":false},"author":3,"featured_media":2017,"comment_status":"open","ping_status":"open","sticky":false,"template":"","format":"standard","meta":{"_themeisle_gutenberg_block_has_review":false,"footnotes":""},"categories":[238,8,4,377],"tags":[394,392,391,393,198,390],"class_list":["post-908","post","type-post","status-publish","format-standard","has-post-thumbnail","hentry","category-schweiz","category-europa","category-laender","category-spielplaetze","tag-chur","tag-locarno","tag-lugano","tag-luzern","tag-schweiz","tag-zuerich"],"_links":{"self":[{"href":"https:\/\/familie-weitgereist.de\/index.php?rest_route=\/wp\/v2\/posts\/908","targetHints":{"allow":["GET"]}}],"collection":[{"href":"https:\/\/familie-weitgereist.de\/index.php?rest_route=\/wp\/v2\/posts"}],"about":[{"href":"https:\/\/familie-weitgereist.de\/index.php?rest_route=\/wp\/v2\/types\/post"}],"author":[{"embeddable":true,"href":"https:\/\/familie-weitgereist.de\/index.php?rest_route=\/wp\/v2\/users\/3"}],"replies":[{"embeddable":true,"href":"https:\/\/familie-weitgereist.de\/index.php?rest_route=%2Fwp%2Fv2%2Fcomments&post=908"}],"version-history":[{"count":29,"href":"https:\/\/familie-weitgereist.de\/index.php?rest_route=\/wp\/v2\/posts\/908\/revisions"}],"predecessor-version":[{"id":8232,"href":"https:\/\/familie-weitgereist.de\/index.php?rest_route=\/wp\/v2\/posts\/908\/revisions\/8232"}],"wp:featuredmedia":[{"embeddable":true,"href":"https:\/\/familie-weitgereist.de\/index.php?rest_route=\/wp\/v2\/media\/2017"}],"wp:attachment":[{"href":"https:\/\/familie-weitgereist.de\/index.php?rest_route=%2Fwp%2Fv2%2Fmedia&parent=908"}],"wp:term":[{"taxonomy":"category","embeddable":true,"href":"https:\/\/familie-weitgereist.de\/index.php?rest_route=%2Fwp%2Fv2%2Fcategories&post=908"},{"taxonomy":"post_tag","embeddable":true,"href":"https:\/\/familie-weitgereist.de\/index.php?rest_route=%2Fwp%2Fv2%2Ftags&post=908"}],"curies":[{"name":"wp","href":"https:\/\/api.w.org\/{rel}","templated":true}]}}