{"id":906,"date":"2020-08-02T15:21:00","date_gmt":"2020-08-02T13:21:00","guid":{"rendered":""},"modified":"2025-10-31T11:24:58","modified_gmt":"2025-10-31T10:24:58","slug":"innsbruck","status":"publish","type":"post","link":"https:\/\/familie-weitgereist.de\/?p=906","title":{"rendered":"Ein Wochenende in Innsbruck, \u00d6sterreich mit Kleinkind"},"content":{"rendered":"<p>Nachdem wir eine wunderbare Woche in Liechtenstein verbringen konnten, sind wir mit dem Bus von Balzers in Liechtenstein nach Feldkirch in \u00d6sterreich gefahren. In Feldkirch sind wir in den Fernzug nach Innsbruck gestiegen und so verbringen wir die letzten Tage unseres Sommerabenteuers 2020 hier.&nbsp;<\/p>\n\n\n<p>Nach dem Camping wollten wir uns noch etwas Luxus g\u00f6nnen und sind in das Hotel Central, direkt im Zentrum von Innsbruck eingecheckt. Dies ist ein 4 Sterne Hotel, mit Sauna und Dampfbad.&nbsp;Wir entspannen jeden Abend in der Sauna, blicken von der Dachterrasse auf die Innsbrucker Berge und schwelgten in Reiseerinnerungen.&nbsp;Innsbruck ist eine super Stadt. Die Altstadt ist wundersch\u00f6n und sehr gepflegt. Das beste an Innsbruck sind jedoch die Berge herum. \u00dcberall von der Stadt hat man Ausblicke auf das Karwendelgebirge. <\/p>\n\n\n\n<figure class=\"wp-block-image size-large\"><img loading=\"lazy\" decoding=\"async\" width=\"1024\" height=\"683\" src=\"https:\/\/weitgereist.ddns.net\/wp-content\/uploads\/2020\/10\/IMG_1046-1024x683.jpg\" alt=\"\" class=\"wp-image-1915\" srcset=\"https:\/\/familie-weitgereist.de\/wp-content\/uploads\/2020\/10\/IMG_1046-1024x683.jpg 1024w, https:\/\/familie-weitgereist.de\/wp-content\/uploads\/2020\/10\/IMG_1046-300x200.jpg 300w, https:\/\/familie-weitgereist.de\/wp-content\/uploads\/2020\/10\/IMG_1046-768x512.jpg 768w, https:\/\/familie-weitgereist.de\/wp-content\/uploads\/2020\/10\/IMG_1046-1536x1024.jpg 1536w, https:\/\/familie-weitgereist.de\/wp-content\/uploads\/2020\/10\/IMG_1046-2048x1365.jpg 2048w, https:\/\/familie-weitgereist.de\/wp-content\/uploads\/2020\/10\/IMG_1046-1200x800.jpg 1200w, https:\/\/familie-weitgereist.de\/wp-content\/uploads\/2020\/10\/IMG_1046-1980x1320.jpg 1980w, https:\/\/familie-weitgereist.de\/wp-content\/uploads\/2020\/10\/IMG_1046-150x100.jpg 150w\" sizes=\"auto, (max-width: 1024px) 100vw, 1024px\" \/><\/figure>\n\n\n\n<figure class=\"wp-block-image size-large\"><img loading=\"lazy\" decoding=\"async\" width=\"1024\" height=\"683\" src=\"https:\/\/weitgereist.ddns.net\/wp-content\/uploads\/2020\/10\/IMG_1202-1024x683.jpg\" alt=\"\" class=\"wp-image-1916\" srcset=\"https:\/\/familie-weitgereist.de\/wp-content\/uploads\/2020\/10\/IMG_1202-1024x683.jpg 1024w, https:\/\/familie-weitgereist.de\/wp-content\/uploads\/2020\/10\/IMG_1202-300x200.jpg 300w, https:\/\/familie-weitgereist.de\/wp-content\/uploads\/2020\/10\/IMG_1202-768x512.jpg 768w, https:\/\/familie-weitgereist.de\/wp-content\/uploads\/2020\/10\/IMG_1202-1536x1024.jpg 1536w, https:\/\/familie-weitgereist.de\/wp-content\/uploads\/2020\/10\/IMG_1202-2048x1365.jpg 2048w, https:\/\/familie-weitgereist.de\/wp-content\/uploads\/2020\/10\/IMG_1202-1200x800.jpg 1200w, https:\/\/familie-weitgereist.de\/wp-content\/uploads\/2020\/10\/IMG_1202-1980x1320.jpg 1980w, https:\/\/familie-weitgereist.de\/wp-content\/uploads\/2020\/10\/IMG_1202-150x100.jpg 150w\" sizes=\"auto, (max-width: 1024px) 100vw, 1024px\" \/><\/figure>\n\n\n\n<p>Wir waren im Alpenzoo, einer der h\u00f6chst gelegenen Zoos Europas.&nbsp;<\/p>\n\n\n\n<figure class=\"wp-block-image size-large\"><img loading=\"lazy\" decoding=\"async\" width=\"1024\" height=\"683\" src=\"https:\/\/weitgereist.ddns.net\/wp-content\/uploads\/2020\/10\/IMG_1069-1024x683.jpg\" alt=\"\" class=\"wp-image-1917\" srcset=\"https:\/\/familie-weitgereist.de\/wp-content\/uploads\/2020\/10\/IMG_1069-1024x683.jpg 1024w, https:\/\/familie-weitgereist.de\/wp-content\/uploads\/2020\/10\/IMG_1069-300x200.jpg 300w, https:\/\/familie-weitgereist.de\/wp-content\/uploads\/2020\/10\/IMG_1069-768x512.jpg 768w, https:\/\/familie-weitgereist.de\/wp-content\/uploads\/2020\/10\/IMG_1069-1536x1024.jpg 1536w, https:\/\/familie-weitgereist.de\/wp-content\/uploads\/2020\/10\/IMG_1069-2048x1365.jpg 2048w, https:\/\/familie-weitgereist.de\/wp-content\/uploads\/2020\/10\/IMG_1069-1200x800.jpg 1200w, https:\/\/familie-weitgereist.de\/wp-content\/uploads\/2020\/10\/IMG_1069-1980x1320.jpg 1980w, https:\/\/familie-weitgereist.de\/wp-content\/uploads\/2020\/10\/IMG_1069-150x100.jpg 150w\" sizes=\"auto, (max-width: 1024px) 100vw, 1024px\" \/><\/figure>\n\n\n\n<p>Der Zoo beherbergt ausschlie\u00dflich Tiere, die in den Alpen siedeln. Es sind 150 Tierarten zu bestaunen, darunter Elche, B\u00e4ren, Geier, Bieber, ein gro\u00dfes Aquarium, Bison, Steinb\u00f6cke und G\u00e4mse. Der Zoo ist wunderbar angelegt, man kommt den Tieren ganz nah und gibt ihnen gleichzeitig gen\u00fcgend Raum.&nbsp;<\/p>\n\n\n\n<figure class=\"wp-block-image size-large\"><img loading=\"lazy\" decoding=\"async\" width=\"1024\" height=\"683\" src=\"https:\/\/weitgereist.ddns.net\/wp-content\/uploads\/2020\/10\/IMG_1121-1024x683.jpg\" alt=\"\" class=\"wp-image-1918\" srcset=\"https:\/\/familie-weitgereist.de\/wp-content\/uploads\/2020\/10\/IMG_1121-1024x683.jpg 1024w, https:\/\/familie-weitgereist.de\/wp-content\/uploads\/2020\/10\/IMG_1121-300x200.jpg 300w, https:\/\/familie-weitgereist.de\/wp-content\/uploads\/2020\/10\/IMG_1121-768x512.jpg 768w, https:\/\/familie-weitgereist.de\/wp-content\/uploads\/2020\/10\/IMG_1121-1536x1024.jpg 1536w, https:\/\/familie-weitgereist.de\/wp-content\/uploads\/2020\/10\/IMG_1121-2048x1365.jpg 2048w, https:\/\/familie-weitgereist.de\/wp-content\/uploads\/2020\/10\/IMG_1121-1200x800.jpg 1200w, https:\/\/familie-weitgereist.de\/wp-content\/uploads\/2020\/10\/IMG_1121-1980x1320.jpg 1980w, https:\/\/familie-weitgereist.de\/wp-content\/uploads\/2020\/10\/IMG_1121-150x100.jpg 150w\" sizes=\"auto, (max-width: 1024px) 100vw, 1024px\" \/><\/figure>\n\n\n\n<figure class=\"wp-block-image size-large\"><img loading=\"lazy\" decoding=\"async\" width=\"1024\" height=\"683\" src=\"https:\/\/weitgereist.ddns.net\/wp-content\/uploads\/2020\/10\/IMG_1141-1024x683.jpg\" alt=\"\" class=\"wp-image-1919\" srcset=\"https:\/\/familie-weitgereist.de\/wp-content\/uploads\/2020\/10\/IMG_1141-1024x683.jpg 1024w, https:\/\/familie-weitgereist.de\/wp-content\/uploads\/2020\/10\/IMG_1141-300x200.jpg 300w, https:\/\/familie-weitgereist.de\/wp-content\/uploads\/2020\/10\/IMG_1141-768x512.jpg 768w, https:\/\/familie-weitgereist.de\/wp-content\/uploads\/2020\/10\/IMG_1141-1536x1024.jpg 1536w, https:\/\/familie-weitgereist.de\/wp-content\/uploads\/2020\/10\/IMG_1141-2048x1365.jpg 2048w, https:\/\/familie-weitgereist.de\/wp-content\/uploads\/2020\/10\/IMG_1141-1200x800.jpg 1200w, https:\/\/familie-weitgereist.de\/wp-content\/uploads\/2020\/10\/IMG_1141-1980x1320.jpg 1980w, https:\/\/familie-weitgereist.de\/wp-content\/uploads\/2020\/10\/IMG_1141-150x100.jpg 150w\" sizes=\"auto, (max-width: 1024px) 100vw, 1024px\" \/><\/figure>\n\n\n\n<p>Da der Alpenzoo hoch \u00fcber Innsbruck liegt, kann man tolle Ausblicke auf die Stadt genie\u00dfen.&nbsp;Nahe dem Stadtzentrum befindet sich der Hofgarten, ein kleiner Stadtpark. Dort gibt es auch einen Spielplatz und wir besuchten ihn t\u00e4glich mit Merlin. <\/p>\n\n\n\n<figure class=\"wp-block-image size-large\"><img loading=\"lazy\" decoding=\"async\" width=\"1024\" height=\"683\" src=\"https:\/\/weitgereist.ddns.net\/wp-content\/uploads\/2020\/10\/IMG_1112-1024x683.jpg\" alt=\"\" class=\"wp-image-1923\" srcset=\"https:\/\/familie-weitgereist.de\/wp-content\/uploads\/2020\/10\/IMG_1112-1024x683.jpg 1024w, https:\/\/familie-weitgereist.de\/wp-content\/uploads\/2020\/10\/IMG_1112-300x200.jpg 300w, https:\/\/familie-weitgereist.de\/wp-content\/uploads\/2020\/10\/IMG_1112-768x512.jpg 768w, https:\/\/familie-weitgereist.de\/wp-content\/uploads\/2020\/10\/IMG_1112-1536x1024.jpg 1536w, https:\/\/familie-weitgereist.de\/wp-content\/uploads\/2020\/10\/IMG_1112-2048x1365.jpg 2048w, https:\/\/familie-weitgereist.de\/wp-content\/uploads\/2020\/10\/IMG_1112-1200x800.jpg 1200w, https:\/\/familie-weitgereist.de\/wp-content\/uploads\/2020\/10\/IMG_1112-1980x1320.jpg 1980w, https:\/\/familie-weitgereist.de\/wp-content\/uploads\/2020\/10\/IMG_1112-150x100.jpg 150w\" sizes=\"auto, (max-width: 1024px) 100vw, 1024px\" \/><\/figure>\n\n\n\n<figure class=\"wp-block-image size-large\"><img loading=\"lazy\" decoding=\"async\" width=\"1024\" height=\"683\" src=\"https:\/\/weitgereist.ddns.net\/wp-content\/uploads\/2020\/10\/IMG_1146-1024x683.jpg\" alt=\"\" class=\"wp-image-1924\" srcset=\"https:\/\/familie-weitgereist.de\/wp-content\/uploads\/2020\/10\/IMG_1146-1024x683.jpg 1024w, https:\/\/familie-weitgereist.de\/wp-content\/uploads\/2020\/10\/IMG_1146-300x200.jpg 300w, https:\/\/familie-weitgereist.de\/wp-content\/uploads\/2020\/10\/IMG_1146-768x512.jpg 768w, https:\/\/familie-weitgereist.de\/wp-content\/uploads\/2020\/10\/IMG_1146-1536x1024.jpg 1536w, https:\/\/familie-weitgereist.de\/wp-content\/uploads\/2020\/10\/IMG_1146-2048x1365.jpg 2048w, https:\/\/familie-weitgereist.de\/wp-content\/uploads\/2020\/10\/IMG_1146-1200x800.jpg 1200w, https:\/\/familie-weitgereist.de\/wp-content\/uploads\/2020\/10\/IMG_1146-1980x1320.jpg 1980w, https:\/\/familie-weitgereist.de\/wp-content\/uploads\/2020\/10\/IMG_1146-150x100.jpg 150w\" sizes=\"auto, (max-width: 1024px) 100vw, 1024px\" \/><\/figure>\n\n\n\n<p>Ein gro\u00dfes Highlight in Innsbruck ist die Fahrt mit der Seilbahn zum &#8222;Top of Innsbruck&#8220;. Eine einzigartige Attraktion ist, dass man in ca. 30 Minuten vom Stadtzentrum auf den 2300m hoch gelegenen Hafekelar kommt. Die Fahrt mit der Gondel kostet jedoch 38,00\u20ac f\u00fcr eine Berg- und Talfahrt. Da wir uns generell lieber die Berge erwandern oder zumindest hoch oder runter wandern, war es uns die Sache nicht wert.&nbsp;Wir haben stattdessen eine kleine Wanderung auf dem Panoramaweg am Bergisel gemacht. Auch vom Bergisel hat man sch\u00f6ne Ausblicke auf Innsbruck. Zudem wandert man durch das Inntal und kreuzt mehrmals den Inn.&nbsp;Am Ende der Wanderung konnten wir sogar noch die Sprungschanze bestaunen.&nbsp;<\/p>\n\n\n\n<figure class=\"wp-block-image size-large\"><img loading=\"lazy\" decoding=\"async\" width=\"1024\" height=\"683\" src=\"https:\/\/weitgereist.ddns.net\/wp-content\/uploads\/2020\/10\/IMG_1193-1024x683.jpg\" alt=\"\" class=\"wp-image-1922\" srcset=\"https:\/\/familie-weitgereist.de\/wp-content\/uploads\/2020\/10\/IMG_1193-1024x683.jpg 1024w, https:\/\/familie-weitgereist.de\/wp-content\/uploads\/2020\/10\/IMG_1193-300x200.jpg 300w, https:\/\/familie-weitgereist.de\/wp-content\/uploads\/2020\/10\/IMG_1193-768x512.jpg 768w, https:\/\/familie-weitgereist.de\/wp-content\/uploads\/2020\/10\/IMG_1193-1536x1024.jpg 1536w, https:\/\/familie-weitgereist.de\/wp-content\/uploads\/2020\/10\/IMG_1193-2048x1365.jpg 2048w, https:\/\/familie-weitgereist.de\/wp-content\/uploads\/2020\/10\/IMG_1193-1200x800.jpg 1200w, https:\/\/familie-weitgereist.de\/wp-content\/uploads\/2020\/10\/IMG_1193-1980x1320.jpg 1980w, https:\/\/familie-weitgereist.de\/wp-content\/uploads\/2020\/10\/IMG_1193-150x100.jpg 150w\" sizes=\"auto, (max-width: 1024px) 100vw, 1024px\" \/><\/figure>\n\n\n\n<figure class=\"wp-block-image size-large\"><img loading=\"lazy\" decoding=\"async\" width=\"1024\" height=\"683\" src=\"https:\/\/weitgereist.ddns.net\/wp-content\/uploads\/2020\/10\/IMG_1181-1024x683.jpg\" alt=\"\" class=\"wp-image-1920\" srcset=\"https:\/\/familie-weitgereist.de\/wp-content\/uploads\/2020\/10\/IMG_1181-1024x683.jpg 1024w, https:\/\/familie-weitgereist.de\/wp-content\/uploads\/2020\/10\/IMG_1181-300x200.jpg 300w, https:\/\/familie-weitgereist.de\/wp-content\/uploads\/2020\/10\/IMG_1181-768x512.jpg 768w, https:\/\/familie-weitgereist.de\/wp-content\/uploads\/2020\/10\/IMG_1181-1536x1024.jpg 1536w, https:\/\/familie-weitgereist.de\/wp-content\/uploads\/2020\/10\/IMG_1181-2048x1365.jpg 2048w, https:\/\/familie-weitgereist.de\/wp-content\/uploads\/2020\/10\/IMG_1181-1200x800.jpg 1200w, https:\/\/familie-weitgereist.de\/wp-content\/uploads\/2020\/10\/IMG_1181-1980x1320.jpg 1980w, https:\/\/familie-weitgereist.de\/wp-content\/uploads\/2020\/10\/IMG_1181-150x100.jpg 150w\" sizes=\"auto, (max-width: 1024px) 100vw, 1024px\" \/><\/figure>\n\n\n\n<figure class=\"wp-block-image size-large\"><img loading=\"lazy\" decoding=\"async\" width=\"1024\" height=\"683\" src=\"https:\/\/weitgereist.ddns.net\/wp-content\/uploads\/2020\/10\/IMG_1189-1024x683.jpg\" alt=\"\" class=\"wp-image-1921\" srcset=\"https:\/\/familie-weitgereist.de\/wp-content\/uploads\/2020\/10\/IMG_1189-1024x683.jpg 1024w, https:\/\/familie-weitgereist.de\/wp-content\/uploads\/2020\/10\/IMG_1189-300x200.jpg 300w, https:\/\/familie-weitgereist.de\/wp-content\/uploads\/2020\/10\/IMG_1189-768x512.jpg 768w, https:\/\/familie-weitgereist.de\/wp-content\/uploads\/2020\/10\/IMG_1189-1536x1024.jpg 1536w, https:\/\/familie-weitgereist.de\/wp-content\/uploads\/2020\/10\/IMG_1189-2048x1365.jpg 2048w, https:\/\/familie-weitgereist.de\/wp-content\/uploads\/2020\/10\/IMG_1189-1200x800.jpg 1200w, https:\/\/familie-weitgereist.de\/wp-content\/uploads\/2020\/10\/IMG_1189-1980x1320.jpg 1980w, https:\/\/familie-weitgereist.de\/wp-content\/uploads\/2020\/10\/IMG_1189-150x100.jpg 150w\" sizes=\"auto, (max-width: 1024px) 100vw, 1024px\" \/><\/figure>\n","protected":false},"excerpt":{"rendered":"<p>Nachdem wir eine wunderbare Woche in Liechtenstein verbringen konnten, sind wir mit dem Bus von Balzers in Liechtenstein nach Feldkirch in \u00d6sterreich gefahren. In Feldkirch sind wir in den Fernzug nach Innsbruck gestiegen und so verbringen wir die letzten Tage unseres Sommerabenteuers 2020 hier.&nbsp; Nach dem Camping wollten wir uns noch etwas Luxus g\u00f6nnen und [&hellip;]<\/p>\n","protected":false},"author":3,"featured_media":1917,"comment_status":"open","ping_status":"open","sticky":false,"template":"","format":"standard","meta":{"_themeisle_gutenberg_block_has_review":false,"footnotes":""},"categories":[236,8,4,331,377],"tags":[1743,145,240],"class_list":["post-906","post","type-post","status-publish","format-standard","has-post-thumbnail","hentry","category-oesterreich","category-europa","category-laender","category-miniabenteuer","category-spielplaetze","tag-alpenzoo","tag-innsbruck","tag-oesterreich"],"_links":{"self":[{"href":"https:\/\/familie-weitgereist.de\/index.php?rest_route=\/wp\/v2\/posts\/906","targetHints":{"allow":["GET"]}}],"collection":[{"href":"https:\/\/familie-weitgereist.de\/index.php?rest_route=\/wp\/v2\/posts"}],"about":[{"href":"https:\/\/familie-weitgereist.de\/index.php?rest_route=\/wp\/v2\/types\/post"}],"author":[{"embeddable":true,"href":"https:\/\/familie-weitgereist.de\/index.php?rest_route=\/wp\/v2\/users\/3"}],"replies":[{"embeddable":true,"href":"https:\/\/familie-weitgereist.de\/index.php?rest_route=%2Fwp%2Fv2%2Fcomments&post=906"}],"version-history":[{"count":13,"href":"https:\/\/familie-weitgereist.de\/index.php?rest_route=\/wp\/v2\/posts\/906\/revisions"}],"predecessor-version":[{"id":9999,"href":"https:\/\/familie-weitgereist.de\/index.php?rest_route=\/wp\/v2\/posts\/906\/revisions\/9999"}],"wp:featuredmedia":[{"embeddable":true,"href":"https:\/\/familie-weitgereist.de\/index.php?rest_route=\/wp\/v2\/media\/1917"}],"wp:attachment":[{"href":"https:\/\/familie-weitgereist.de\/index.php?rest_route=%2Fwp%2Fv2%2Fmedia&parent=906"}],"wp:term":[{"taxonomy":"category","embeddable":true,"href":"https:\/\/familie-weitgereist.de\/index.php?rest_route=%2Fwp%2Fv2%2Fcategories&post=906"},{"taxonomy":"post_tag","embeddable":true,"href":"https:\/\/familie-weitgereist.de\/index.php?rest_route=%2Fwp%2Fv2%2Ftags&post=906"}],"curies":[{"name":"wp","href":"https:\/\/api.w.org\/{rel}","templated":true}]}}