{"id":905,"date":"2020-08-08T18:11:00","date_gmt":"2020-08-08T16:11:00","guid":{"rendered":""},"modified":"2025-11-13T18:41:53","modified_gmt":"2025-11-13T17:41:53","slug":"stettin-polen","status":"publish","type":"post","link":"https:\/\/familie-weitgereist.de\/?p=905","title":{"rendered":"Verl\u00e4ngertes Wochenende in Stettin, Polen"},"content":{"rendered":"\n<p>Das letzte Sommerferien Wochenende haben wir genutzt um von Donnerstag bis Sonntag nach Stettin in Polen zu fahren.&nbsp;<\/p>\n\n\n\n<figure class=\"wp-block-image size-large\"><img loading=\"lazy\" decoding=\"async\" width=\"1024\" height=\"683\" src=\"https:\/\/weitgereist.ddns.net\/wp-content\/uploads\/2020\/10\/IMG_1361-1024x683.jpg\" alt=\"\" class=\"wp-image-1893\" srcset=\"https:\/\/familie-weitgereist.de\/wp-content\/uploads\/2020\/10\/IMG_1361-1024x683.jpg 1024w, https:\/\/familie-weitgereist.de\/wp-content\/uploads\/2020\/10\/IMG_1361-300x200.jpg 300w, https:\/\/familie-weitgereist.de\/wp-content\/uploads\/2020\/10\/IMG_1361-768x512.jpg 768w, https:\/\/familie-weitgereist.de\/wp-content\/uploads\/2020\/10\/IMG_1361-1536x1024.jpg 1536w, https:\/\/familie-weitgereist.de\/wp-content\/uploads\/2020\/10\/IMG_1361-2048x1365.jpg 2048w, https:\/\/familie-weitgereist.de\/wp-content\/uploads\/2020\/10\/IMG_1361-1200x800.jpg 1200w, https:\/\/familie-weitgereist.de\/wp-content\/uploads\/2020\/10\/IMG_1361-1980x1320.jpg 1980w, https:\/\/familie-weitgereist.de\/wp-content\/uploads\/2020\/10\/IMG_1361-150x100.jpg 150w\" sizes=\"auto, (max-width: 1024px) 100vw, 1024px\" \/><figcaption class=\"wp-element-caption\">Die Altstadt von Stettin<\/figcaption><\/figure>\n\n\n\n<p><strong>Merlin hat somit mittlerweile sein 20. Land bereist.<\/strong><\/p>\n\n\n\n<p>Wir sind mit dem Brandenburg-Berlin Ticket f\u00fcr g\u00fcnstige 33\u20ac nach Stettin gefahren. Die R\u00fcckfahrt hat ebenso viel gekostet.&nbsp; Die Anfahrt war problemlos, einfach und 4 1\/2 Stunden sp\u00e4ter waren wir da.<\/p>\n\n\n\n<p>Wir haben drei N\u00e4chte im Focus Hotel \u00fcbernachtet. Daf\u00fcr zahlten wir 156,00\u20ac f\u00fcr ein Zimmer mit gro\u00dfem Doppelbett und eigenem Bad. Das Hotel befindet sich sehr nah am Zentrum.&nbsp; &nbsp;<\/p>\n\n\n\n<figure class=\"wp-block-image size-large\"><img loading=\"lazy\" decoding=\"async\" width=\"1024\" height=\"683\" src=\"https:\/\/weitgereist.ddns.net\/wp-content\/uploads\/2020\/10\/IMG_1232-1024x683.jpg\" alt=\"\" class=\"wp-image-1894\" srcset=\"https:\/\/familie-weitgereist.de\/wp-content\/uploads\/2020\/10\/IMG_1232-1024x683.jpg 1024w, https:\/\/familie-weitgereist.de\/wp-content\/uploads\/2020\/10\/IMG_1232-300x200.jpg 300w, https:\/\/familie-weitgereist.de\/wp-content\/uploads\/2020\/10\/IMG_1232-768x512.jpg 768w, https:\/\/familie-weitgereist.de\/wp-content\/uploads\/2020\/10\/IMG_1232-1536x1024.jpg 1536w, https:\/\/familie-weitgereist.de\/wp-content\/uploads\/2020\/10\/IMG_1232-2048x1365.jpg 2048w, https:\/\/familie-weitgereist.de\/wp-content\/uploads\/2020\/10\/IMG_1232-1200x800.jpg 1200w, https:\/\/familie-weitgereist.de\/wp-content\/uploads\/2020\/10\/IMG_1232-1980x1320.jpg 1980w, https:\/\/familie-weitgereist.de\/wp-content\/uploads\/2020\/10\/IMG_1232-150x100.jpg 150w\" sizes=\"auto, (max-width: 1024px) 100vw, 1024px\" \/><figcaption class=\"wp-element-caption\">Unser Hotel<\/figcaption><\/figure>\n\n\n\n<p>Stettin hat uns sehr gut gefallen. Die Altstadt ist beschaulich, gut gepflegt und wirklich wundersch\u00f6n. Bisher haben wir in Polen nur wunderbare Erfahrungen machen k\u00f6nnen. Nach Breslau und Danzig ist Stettin nun die dritte polnische Stadt, die wir besucht haben und uns sehr gef\u00e4llt. &nbsp;<\/p>\n\n\n\n<figure class=\"wp-block-image size-large\"><img loading=\"lazy\" decoding=\"async\" width=\"1024\" height=\"683\" src=\"https:\/\/weitgereist.ddns.net\/wp-content\/uploads\/2020\/10\/IMG_1263-1024x683.jpg\" alt=\"\" class=\"wp-image-1895\" srcset=\"https:\/\/familie-weitgereist.de\/wp-content\/uploads\/2020\/10\/IMG_1263-1024x683.jpg 1024w, https:\/\/familie-weitgereist.de\/wp-content\/uploads\/2020\/10\/IMG_1263-300x200.jpg 300w, https:\/\/familie-weitgereist.de\/wp-content\/uploads\/2020\/10\/IMG_1263-768x512.jpg 768w, https:\/\/familie-weitgereist.de\/wp-content\/uploads\/2020\/10\/IMG_1263-1536x1024.jpg 1536w, https:\/\/familie-weitgereist.de\/wp-content\/uploads\/2020\/10\/IMG_1263-2048x1365.jpg 2048w, https:\/\/familie-weitgereist.de\/wp-content\/uploads\/2020\/10\/IMG_1263-1200x800.jpg 1200w, https:\/\/familie-weitgereist.de\/wp-content\/uploads\/2020\/10\/IMG_1263-1980x1320.jpg 1980w, https:\/\/familie-weitgereist.de\/wp-content\/uploads\/2020\/10\/IMG_1263-150x100.jpg 150w\" sizes=\"auto, (max-width: 1024px) 100vw, 1024px\" \/><\/figure>\n\n\n\n<figure class=\"wp-block-image size-large\"><img loading=\"lazy\" decoding=\"async\" width=\"1024\" height=\"683\" src=\"https:\/\/weitgereist.ddns.net\/wp-content\/uploads\/2020\/10\/IMG_1261-1024x683.jpg\" alt=\"\" class=\"wp-image-1896\" srcset=\"https:\/\/familie-weitgereist.de\/wp-content\/uploads\/2020\/10\/IMG_1261-1024x683.jpg 1024w, https:\/\/familie-weitgereist.de\/wp-content\/uploads\/2020\/10\/IMG_1261-300x200.jpg 300w, https:\/\/familie-weitgereist.de\/wp-content\/uploads\/2020\/10\/IMG_1261-768x512.jpg 768w, https:\/\/familie-weitgereist.de\/wp-content\/uploads\/2020\/10\/IMG_1261-1536x1024.jpg 1536w, https:\/\/familie-weitgereist.de\/wp-content\/uploads\/2020\/10\/IMG_1261-2048x1365.jpg 2048w, https:\/\/familie-weitgereist.de\/wp-content\/uploads\/2020\/10\/IMG_1261-1200x800.jpg 1200w, https:\/\/familie-weitgereist.de\/wp-content\/uploads\/2020\/10\/IMG_1261-1980x1320.jpg 1980w, https:\/\/familie-weitgereist.de\/wp-content\/uploads\/2020\/10\/IMG_1261-150x100.jpg 150w\" sizes=\"auto, (max-width: 1024px) 100vw, 1024px\" \/><\/figure>\n\n\n\n<p>Stettin hat sehr viele Tore \u00fcberall in der Stadt. Meistens stehen sie inmitten von Verkehrsknotenpunkten und versch\u00f6nern das Stadtbild. Das Berliner Tor bleibt uns besonders in Erinnerung.<\/p>\n\n\n\n<p>Wir liefen an der Westoder entlang und entdeckten die Hakenterrasse. Sie wurde von 1902-1907 erbaut.&nbsp;<\/p>\n\n\n\n<figure class=\"wp-block-image size-large\"><img loading=\"lazy\" decoding=\"async\" width=\"1024\" height=\"683\" src=\"https:\/\/weitgereist.ddns.net\/wp-content\/uploads\/2020\/10\/IMG_1241-1024x683.jpg\" alt=\"\" class=\"wp-image-1898\" srcset=\"https:\/\/familie-weitgereist.de\/wp-content\/uploads\/2020\/10\/IMG_1241-1024x683.jpg 1024w, https:\/\/familie-weitgereist.de\/wp-content\/uploads\/2020\/10\/IMG_1241-300x200.jpg 300w, https:\/\/familie-weitgereist.de\/wp-content\/uploads\/2020\/10\/IMG_1241-768x512.jpg 768w, https:\/\/familie-weitgereist.de\/wp-content\/uploads\/2020\/10\/IMG_1241-1536x1024.jpg 1536w, https:\/\/familie-weitgereist.de\/wp-content\/uploads\/2020\/10\/IMG_1241-2048x1365.jpg 2048w, https:\/\/familie-weitgereist.de\/wp-content\/uploads\/2020\/10\/IMG_1241-1200x800.jpg 1200w, https:\/\/familie-weitgereist.de\/wp-content\/uploads\/2020\/10\/IMG_1241-1980x1320.jpg 1980w, https:\/\/familie-weitgereist.de\/wp-content\/uploads\/2020\/10\/IMG_1241-150x100.jpg 150w\" sizes=\"auto, (max-width: 1024px) 100vw, 1024px\" \/><figcaption class=\"wp-element-caption\">Die Hakenterrasse<\/figcaption><\/figure>\n\n\n\n<p>Sehr sch\u00f6n ist der Platz am Alten Rathaus. Dort lohnt es sich ein bisschen zu verweilen und einen Kaffee in den zahlreichen Restaurants zu trinken.<\/p>\n\n\n\n<figure class=\"wp-block-image size-large\"><img loading=\"lazy\" decoding=\"async\" width=\"1024\" height=\"683\" src=\"https:\/\/weitgereist.ddns.net\/wp-content\/uploads\/2020\/10\/IMG_1272-1024x683.jpg\" alt=\"\" class=\"wp-image-1899\" srcset=\"https:\/\/familie-weitgereist.de\/wp-content\/uploads\/2020\/10\/IMG_1272-1024x683.jpg 1024w, https:\/\/familie-weitgereist.de\/wp-content\/uploads\/2020\/10\/IMG_1272-300x200.jpg 300w, https:\/\/familie-weitgereist.de\/wp-content\/uploads\/2020\/10\/IMG_1272-768x512.jpg 768w, https:\/\/familie-weitgereist.de\/wp-content\/uploads\/2020\/10\/IMG_1272-1536x1024.jpg 1536w, https:\/\/familie-weitgereist.de\/wp-content\/uploads\/2020\/10\/IMG_1272-2048x1365.jpg 2048w, https:\/\/familie-weitgereist.de\/wp-content\/uploads\/2020\/10\/IMG_1272-1200x800.jpg 1200w, https:\/\/familie-weitgereist.de\/wp-content\/uploads\/2020\/10\/IMG_1272-1980x1320.jpg 1980w, https:\/\/familie-weitgereist.de\/wp-content\/uploads\/2020\/10\/IMG_1272-150x100.jpg 150w\" sizes=\"auto, (max-width: 1024px) 100vw, 1024px\" \/><figcaption class=\"wp-element-caption\">Die Altstadt von Stettin<\/figcaption><\/figure>\n\n\n\n<p>Sehr sch\u00f6n ist der Platz am Alten Rathaus. Dort lohnt es sich ein bisschen zu verweilen und einen Kaffee in den zahlreichen Restaurants zu trinken.<\/p>\n\n\n\n<figure class=\"wp-block-image size-large\"><img loading=\"lazy\" decoding=\"async\" width=\"1024\" height=\"683\" src=\"https:\/\/weitgereist.ddns.net\/wp-content\/uploads\/2020\/10\/IMG_1255-1024x683.jpg\" alt=\"\" class=\"wp-image-1900\" srcset=\"https:\/\/familie-weitgereist.de\/wp-content\/uploads\/2020\/10\/IMG_1255-1024x683.jpg 1024w, https:\/\/familie-weitgereist.de\/wp-content\/uploads\/2020\/10\/IMG_1255-300x200.jpg 300w, https:\/\/familie-weitgereist.de\/wp-content\/uploads\/2020\/10\/IMG_1255-768x512.jpg 768w, https:\/\/familie-weitgereist.de\/wp-content\/uploads\/2020\/10\/IMG_1255-1536x1024.jpg 1536w, https:\/\/familie-weitgereist.de\/wp-content\/uploads\/2020\/10\/IMG_1255-2048x1365.jpg 2048w, https:\/\/familie-weitgereist.de\/wp-content\/uploads\/2020\/10\/IMG_1255-1200x800.jpg 1200w, https:\/\/familie-weitgereist.de\/wp-content\/uploads\/2020\/10\/IMG_1255-1980x1320.jpg 1980w, https:\/\/familie-weitgereist.de\/wp-content\/uploads\/2020\/10\/IMG_1255-150x100.jpg 150w\" sizes=\"auto, (max-width: 1024px) 100vw, 1024px\" \/><figcaption class=\"wp-element-caption\">Auf dem Spielplatz<\/figcaption><\/figure>\n\n\n\n<p>Besonders f\u00fcr Merlin war der Besuch im Park Zeromskiego ein Highlight. Es gibt einen gro\u00dfen Spielplatz, viele schattige Pl\u00e4tze und einfach Ruhe vom Stadttrubel. Wir liebten unsere Pausen im Park, bevor es weiter ging um Neues zu entdecken.<\/p>\n\n\n\n<p>Die Altstadt von Stettin kann man in aller Ruhe an einem Tag erkunden, inklusive vieler Spielplatz Stops. \u263a\ufe0f<\/p>\n\n\n\n<p>Aus diesem Grund wollten wir noch einen Tag an der polnischen Ostsee verbringen. Die Verbindung von Stettin ist super. Wir sind f\u00fcr 30 Zloty (ca. 6\u20ac) f\u00fcr uns beide Erwachsene von Stettin nach Misdroy mit dem Zug gefahren. Hin- und R\u00fcckfahrt kosteten somit 60 Zloty.<\/p>\n\n\n\n<figure class=\"wp-block-image size-large\"><img loading=\"lazy\" decoding=\"async\" width=\"1024\" height=\"683\" src=\"https:\/\/weitgereist.ddns.net\/wp-content\/uploads\/2020\/10\/IMG_1315-1024x683.jpg\" alt=\"\" class=\"wp-image-1901\" srcset=\"https:\/\/familie-weitgereist.de\/wp-content\/uploads\/2020\/10\/IMG_1315-1024x683.jpg 1024w, https:\/\/familie-weitgereist.de\/wp-content\/uploads\/2020\/10\/IMG_1315-300x200.jpg 300w, https:\/\/familie-weitgereist.de\/wp-content\/uploads\/2020\/10\/IMG_1315-768x512.jpg 768w, https:\/\/familie-weitgereist.de\/wp-content\/uploads\/2020\/10\/IMG_1315-1536x1024.jpg 1536w, https:\/\/familie-weitgereist.de\/wp-content\/uploads\/2020\/10\/IMG_1315-2048x1365.jpg 2048w, https:\/\/familie-weitgereist.de\/wp-content\/uploads\/2020\/10\/IMG_1315-1200x800.jpg 1200w, https:\/\/familie-weitgereist.de\/wp-content\/uploads\/2020\/10\/IMG_1315-1980x1320.jpg 1980w, https:\/\/familie-weitgereist.de\/wp-content\/uploads\/2020\/10\/IMG_1315-150x100.jpg 150w\" sizes=\"auto, (max-width: 1024px) 100vw, 1024px\" \/><figcaption class=\"wp-element-caption\">Die Altstadt von Misdroy<\/figcaption><\/figure>\n\n\n\n<p>Misdroy ist ein richtiges Strandbad \u00d6rtchen. Es waren wirklich sehr viele Leute da. Schon allein der Zug war voll und auch auf der R\u00fcckfahrt hatten alle die selbe Idee und fuhren zur gleichen Zeit, wie wir. \ud83e\udd2d<\/p>\n\n\n\n<figure class=\"wp-block-image size-large\"><img loading=\"lazy\" decoding=\"async\" width=\"1024\" height=\"683\" src=\"https:\/\/weitgereist.ddns.net\/wp-content\/uploads\/2020\/10\/IMG_1318-1024x683.jpg\" alt=\"\" class=\"wp-image-1903\" srcset=\"https:\/\/familie-weitgereist.de\/wp-content\/uploads\/2020\/10\/IMG_1318-1024x683.jpg 1024w, https:\/\/familie-weitgereist.de\/wp-content\/uploads\/2020\/10\/IMG_1318-300x200.jpg 300w, https:\/\/familie-weitgereist.de\/wp-content\/uploads\/2020\/10\/IMG_1318-768x512.jpg 768w, https:\/\/familie-weitgereist.de\/wp-content\/uploads\/2020\/10\/IMG_1318-1536x1024.jpg 1536w, https:\/\/familie-weitgereist.de\/wp-content\/uploads\/2020\/10\/IMG_1318-2048x1365.jpg 2048w, https:\/\/familie-weitgereist.de\/wp-content\/uploads\/2020\/10\/IMG_1318-1200x800.jpg 1200w, https:\/\/familie-weitgereist.de\/wp-content\/uploads\/2020\/10\/IMG_1318-1980x1320.jpg 1980w, https:\/\/familie-weitgereist.de\/wp-content\/uploads\/2020\/10\/IMG_1318-150x100.jpg 150w\" sizes=\"auto, (max-width: 1024px) 100vw, 1024px\" \/><figcaption class=\"wp-element-caption\">Der Strand von Misdroy<\/figcaption><\/figure>\n\n\n\n<figure class=\"wp-block-image size-large\"><img loading=\"lazy\" decoding=\"async\" width=\"1024\" height=\"683\" src=\"https:\/\/weitgereist.ddns.net\/wp-content\/uploads\/2020\/10\/IMG_1328-1024x683.jpg\" alt=\"\" class=\"wp-image-1904\" srcset=\"https:\/\/familie-weitgereist.de\/wp-content\/uploads\/2020\/10\/IMG_1328-1024x683.jpg 1024w, https:\/\/familie-weitgereist.de\/wp-content\/uploads\/2020\/10\/IMG_1328-300x200.jpg 300w, https:\/\/familie-weitgereist.de\/wp-content\/uploads\/2020\/10\/IMG_1328-768x512.jpg 768w, https:\/\/familie-weitgereist.de\/wp-content\/uploads\/2020\/10\/IMG_1328-1536x1024.jpg 1536w, https:\/\/familie-weitgereist.de\/wp-content\/uploads\/2020\/10\/IMG_1328-2048x1365.jpg 2048w, https:\/\/familie-weitgereist.de\/wp-content\/uploads\/2020\/10\/IMG_1328-1200x800.jpg 1200w, https:\/\/familie-weitgereist.de\/wp-content\/uploads\/2020\/10\/IMG_1328-1980x1320.jpg 1980w, https:\/\/familie-weitgereist.de\/wp-content\/uploads\/2020\/10\/IMG_1328-150x100.jpg 150w\" sizes=\"auto, (max-width: 1024px) 100vw, 1024px\" \/><figcaption class=\"wp-element-caption\">Der Strand von Misdroy<\/figcaption><\/figure>\n\n\n\n<p>Die Strandpromenade ist sch\u00f6n, es gibt einige Hotels und es war toll anzusehen, wie viele internationale G\u00e4ste Urlaub machten. Sehr viele Deutsche, einige Schweizer, Schweden, Norweger und Briten haben wir gesehen.<\/p>\n\n\n\n<figure class=\"wp-block-image size-large\"><img loading=\"lazy\" decoding=\"async\" width=\"1024\" height=\"683\" src=\"https:\/\/weitgereist.ddns.net\/wp-content\/uploads\/2020\/10\/IMG_1335-1024x683.jpg\" alt=\"\" class=\"wp-image-1905\" srcset=\"https:\/\/familie-weitgereist.de\/wp-content\/uploads\/2020\/10\/IMG_1335-1024x683.jpg 1024w, https:\/\/familie-weitgereist.de\/wp-content\/uploads\/2020\/10\/IMG_1335-300x200.jpg 300w, https:\/\/familie-weitgereist.de\/wp-content\/uploads\/2020\/10\/IMG_1335-768x512.jpg 768w, https:\/\/familie-weitgereist.de\/wp-content\/uploads\/2020\/10\/IMG_1335-1536x1024.jpg 1536w, https:\/\/familie-weitgereist.de\/wp-content\/uploads\/2020\/10\/IMG_1335-2048x1365.jpg 2048w, https:\/\/familie-weitgereist.de\/wp-content\/uploads\/2020\/10\/IMG_1335-1200x800.jpg 1200w, https:\/\/familie-weitgereist.de\/wp-content\/uploads\/2020\/10\/IMG_1335-1980x1320.jpg 1980w, https:\/\/familie-weitgereist.de\/wp-content\/uploads\/2020\/10\/IMG_1335-150x100.jpg 150w\" sizes=\"auto, (max-width: 1024px) 100vw, 1024px\" \/><figcaption class=\"wp-element-caption\">In Misdroy<\/figcaption><\/figure>\n\n\n\n<p>Besonders f\u00fcr Kinder gibt es viiiiieeeeele Vergn\u00fcgungsger\u00e4te, was f\u00fcr uns zum Teil etwas \u00fcbertrieben war und auch nervig. Zum Gl\u00fcck wollte Merlin nicht an jedem anhalten und gab sich mit einer Bootsfahrt zufrieden. \u263a\ufe0f<\/p>\n\n\n\n<figure class=\"wp-block-image size-large\"><img loading=\"lazy\" decoding=\"async\" width=\"1024\" height=\"683\" src=\"https:\/\/weitgereist.ddns.net\/wp-content\/uploads\/2020\/10\/IMG_1326-1024x683.jpg\" alt=\"\" class=\"wp-image-1906\" srcset=\"https:\/\/familie-weitgereist.de\/wp-content\/uploads\/2020\/10\/IMG_1326-1024x683.jpg 1024w, https:\/\/familie-weitgereist.de\/wp-content\/uploads\/2020\/10\/IMG_1326-300x200.jpg 300w, https:\/\/familie-weitgereist.de\/wp-content\/uploads\/2020\/10\/IMG_1326-768x512.jpg 768w, https:\/\/familie-weitgereist.de\/wp-content\/uploads\/2020\/10\/IMG_1326-1536x1024.jpg 1536w, https:\/\/familie-weitgereist.de\/wp-content\/uploads\/2020\/10\/IMG_1326-2048x1365.jpg 2048w, https:\/\/familie-weitgereist.de\/wp-content\/uploads\/2020\/10\/IMG_1326-1200x800.jpg 1200w, https:\/\/familie-weitgereist.de\/wp-content\/uploads\/2020\/10\/IMG_1326-1980x1320.jpg 1980w, https:\/\/familie-weitgereist.de\/wp-content\/uploads\/2020\/10\/IMG_1326-150x100.jpg 150w\" sizes=\"auto, (max-width: 1024px) 100vw, 1024px\" \/><\/figure>\n\n\n\n<p>Wir schlenderten an der Strandpromenade auf dem Steg entlang, Merlin schlief gem\u00fctlich und wir genossen das hei\u00dfe Wetter. \u2600\ufe0f<\/p>\n\n\n\n<figure class=\"wp-block-image size-large\"><img loading=\"lazy\" decoding=\"async\" width=\"1024\" height=\"683\" src=\"https:\/\/weitgereist.ddns.net\/wp-content\/uploads\/2020\/10\/IMG_1337-1024x683.jpg\" alt=\"\" class=\"wp-image-1907\" srcset=\"https:\/\/familie-weitgereist.de\/wp-content\/uploads\/2020\/10\/IMG_1337-1024x683.jpg 1024w, https:\/\/familie-weitgereist.de\/wp-content\/uploads\/2020\/10\/IMG_1337-300x200.jpg 300w, https:\/\/familie-weitgereist.de\/wp-content\/uploads\/2020\/10\/IMG_1337-768x512.jpg 768w, https:\/\/familie-weitgereist.de\/wp-content\/uploads\/2020\/10\/IMG_1337-1536x1024.jpg 1536w, https:\/\/familie-weitgereist.de\/wp-content\/uploads\/2020\/10\/IMG_1337-2048x1365.jpg 2048w, https:\/\/familie-weitgereist.de\/wp-content\/uploads\/2020\/10\/IMG_1337-1200x800.jpg 1200w, https:\/\/familie-weitgereist.de\/wp-content\/uploads\/2020\/10\/IMG_1337-1980x1320.jpg 1980w, https:\/\/familie-weitgereist.de\/wp-content\/uploads\/2020\/10\/IMG_1337-150x100.jpg 150w\" sizes=\"auto, (max-width: 1024px) 100vw, 1024px\" \/><\/figure>\n\n\n\n<p>Wir suchten uns einen schattigen Platz, unter dem Pier, spielten im Sand und plantschten in der Ostsee.<\/p>\n\n\n\n<p>Ein gelungener Wochenendtrip und Polen hat uns wieder einmal sehr gut gefallen!<\/p>\n\n\n\n<figure class=\"wp-block-image size-large\"><img loading=\"lazy\" decoding=\"async\" width=\"1024\" height=\"683\" src=\"https:\/\/weitgereist.ddns.net\/wp-content\/uploads\/2020\/10\/IMG_1365-1024x683.jpg\" alt=\"\" class=\"wp-image-1908\" srcset=\"https:\/\/familie-weitgereist.de\/wp-content\/uploads\/2020\/10\/IMG_1365-1024x683.jpg 1024w, https:\/\/familie-weitgereist.de\/wp-content\/uploads\/2020\/10\/IMG_1365-300x200.jpg 300w, https:\/\/familie-weitgereist.de\/wp-content\/uploads\/2020\/10\/IMG_1365-768x512.jpg 768w, https:\/\/familie-weitgereist.de\/wp-content\/uploads\/2020\/10\/IMG_1365-1536x1024.jpg 1536w, https:\/\/familie-weitgereist.de\/wp-content\/uploads\/2020\/10\/IMG_1365-2048x1365.jpg 2048w, https:\/\/familie-weitgereist.de\/wp-content\/uploads\/2020\/10\/IMG_1365-1200x800.jpg 1200w, https:\/\/familie-weitgereist.de\/wp-content\/uploads\/2020\/10\/IMG_1365-1980x1320.jpg 1980w, https:\/\/familie-weitgereist.de\/wp-content\/uploads\/2020\/10\/IMG_1365-150x100.jpg 150w\" sizes=\"auto, (max-width: 1024px) 100vw, 1024px\" \/><figcaption class=\"wp-element-caption\">Am Bahnhof von Stettin<\/figcaption><\/figure>\n","protected":false},"excerpt":{"rendered":"<p>Das letzte Sommerferien Wochenende haben wir genutzt um von Donnerstag bis Sonntag nach Stettin in Polen zu fahren.&nbsp; Merlin hat somit mittlerweile sein 20. Land bereist. Wir sind mit dem Brandenburg-Berlin Ticket f\u00fcr g\u00fcnstige 33\u20ac nach Stettin gefahren. Die R\u00fcckfahrt hat ebenso viel gekostet.&nbsp; Die Anfahrt war problemlos, einfach und 4 1\/2 Stunden sp\u00e4ter waren [&hellip;]<\/p>\n","protected":false},"author":3,"featured_media":1893,"comment_status":"open","ping_status":"open","sticky":false,"template":"","format":"standard","meta":{"_themeisle_gutenberg_block_has_review":false,"footnotes":""},"categories":[658,8,4,331,377],"tags":[1717,187,137],"class_list":["post-905","post","type-post","status-publish","format-standard","has-post-thumbnail","hentry","category-polen","category-europa","category-laender","category-miniabenteuer","category-spielplaetze","tag-misdroy","tag-polen","tag-stettin"],"_links":{"self":[{"href":"https:\/\/familie-weitgereist.de\/index.php?rest_route=\/wp\/v2\/posts\/905","targetHints":{"allow":["GET"]}}],"collection":[{"href":"https:\/\/familie-weitgereist.de\/index.php?rest_route=\/wp\/v2\/posts"}],"about":[{"href":"https:\/\/familie-weitgereist.de\/index.php?rest_route=\/wp\/v2\/types\/post"}],"author":[{"embeddable":true,"href":"https:\/\/familie-weitgereist.de\/index.php?rest_route=\/wp\/v2\/users\/3"}],"replies":[{"embeddable":true,"href":"https:\/\/familie-weitgereist.de\/index.php?rest_route=%2Fwp%2Fv2%2Fcomments&post=905"}],"version-history":[{"count":21,"href":"https:\/\/familie-weitgereist.de\/index.php?rest_route=\/wp\/v2\/posts\/905\/revisions"}],"predecessor-version":[{"id":24036,"href":"https:\/\/familie-weitgereist.de\/index.php?rest_route=\/wp\/v2\/posts\/905\/revisions\/24036"}],"wp:featuredmedia":[{"embeddable":true,"href":"https:\/\/familie-weitgereist.de\/index.php?rest_route=\/wp\/v2\/media\/1893"}],"wp:attachment":[{"href":"https:\/\/familie-weitgereist.de\/index.php?rest_route=%2Fwp%2Fv2%2Fmedia&parent=905"}],"wp:term":[{"taxonomy":"category","embeddable":true,"href":"https:\/\/familie-weitgereist.de\/index.php?rest_route=%2Fwp%2Fv2%2Fcategories&post=905"},{"taxonomy":"post_tag","embeddable":true,"href":"https:\/\/familie-weitgereist.de\/index.php?rest_route=%2Fwp%2Fv2%2Ftags&post=905"}],"curies":[{"name":"wp","href":"https:\/\/api.w.org\/{rel}","templated":true}]}}