{"id":8920,"date":"2022-06-12T22:12:22","date_gmt":"2022-06-12T20:12:22","guid":{"rendered":"https:\/\/familie-weitgereist.de\/?p=8920"},"modified":"2025-10-12T22:51:30","modified_gmt":"2025-10-12T20:51:30","slug":"camper-roadtrip-durch-slowenien-mit-kleinkind","status":"publish","type":"post","link":"https:\/\/familie-weitgereist.de\/?p=8920","title":{"rendered":"Camper Roadtrip durch Slowenien mit Kleinkind"},"content":{"rendered":"\n<p>Slowenien ist ein kleines Land, gerade einmal so gro\u00df wie Bayern, hat ca. 2 Millionen Einwohner und wird von vielen nur als Durchreiseland nach Kroatien genutzt. Zu Unrecht, wie wir finden. Slowenien hat so viel zu bieten, auf kleiner Fl\u00e4che. In zwei Stunden von der Adria in die Alpen? Schl\u00f6sser, Burgen, H\u00f6hlen, Klammen, Bergp\u00e4sse und hohe Berge &#8211; all das ist in Slowenien m\u00f6glich.<\/p>\n\n\n\n<figure class=\"wp-block-image size-large\"><img loading=\"lazy\" decoding=\"async\" width=\"1024\" height=\"683\" src=\"https:\/\/familie-weitgereist.de\/wp-content\/uploads\/2022\/06\/20220610055945_IMG_6893-1024x683.jpg\" alt=\"\" class=\"wp-image-8926\" srcset=\"https:\/\/familie-weitgereist.de\/wp-content\/uploads\/2022\/06\/20220610055945_IMG_6893-1024x683.jpg 1024w, https:\/\/familie-weitgereist.de\/wp-content\/uploads\/2022\/06\/20220610055945_IMG_6893-300x200.jpg 300w, https:\/\/familie-weitgereist.de\/wp-content\/uploads\/2022\/06\/20220610055945_IMG_6893-768x512.jpg 768w, https:\/\/familie-weitgereist.de\/wp-content\/uploads\/2022\/06\/20220610055945_IMG_6893-1536x1024.jpg 1536w, https:\/\/familie-weitgereist.de\/wp-content\/uploads\/2022\/06\/20220610055945_IMG_6893-2048x1365.jpg 2048w, https:\/\/familie-weitgereist.de\/wp-content\/uploads\/2022\/06\/20220610055945_IMG_6893-1200x800.jpg 1200w, https:\/\/familie-weitgereist.de\/wp-content\/uploads\/2022\/06\/20220610055945_IMG_6893-1980x1320.jpg 1980w, https:\/\/familie-weitgereist.de\/wp-content\/uploads\/2022\/06\/20220610055945_IMG_6893-150x100.jpg 150w\" sizes=\"auto, (max-width: 1024px) 100vw, 1024px\" \/><figcaption>Vogel Berg<\/figcaption><\/figure>\n\n\n\n<figure class=\"wp-block-image size-large\"><img loading=\"lazy\" decoding=\"async\" width=\"1024\" height=\"683\" src=\"https:\/\/familie-weitgereist.de\/wp-content\/uploads\/2022\/06\/IMG_6252-1-1024x683.jpg\" alt=\"\" class=\"wp-image-9102\" srcset=\"https:\/\/familie-weitgereist.de\/wp-content\/uploads\/2022\/06\/IMG_6252-1-1024x683.jpg 1024w, https:\/\/familie-weitgereist.de\/wp-content\/uploads\/2022\/06\/IMG_6252-1-300x200.jpg 300w, https:\/\/familie-weitgereist.de\/wp-content\/uploads\/2022\/06\/IMG_6252-1-768x512.jpg 768w, https:\/\/familie-weitgereist.de\/wp-content\/uploads\/2022\/06\/IMG_6252-1-1536x1024.jpg 1536w, https:\/\/familie-weitgereist.de\/wp-content\/uploads\/2022\/06\/IMG_6252-1-2048x1365.jpg 2048w, https:\/\/familie-weitgereist.de\/wp-content\/uploads\/2022\/06\/IMG_6252-1-1200x800.jpg 1200w, https:\/\/familie-weitgereist.de\/wp-content\/uploads\/2022\/06\/IMG_6252-1-1980x1320.jpg 1980w, https:\/\/familie-weitgereist.de\/wp-content\/uploads\/2022\/06\/IMG_6252-1-150x100.jpg 150w\" sizes=\"auto, (max-width: 1024px) 100vw, 1024px\" \/><figcaption>Piran an der Adriak\u00fcste<\/figcaption><\/figure>\n\n\n\n<h2 class=\"wp-block-heading\">Unsere Reiseroute<\/h2>\n\n\n\n<p>Im folgenden stellen wir euch unsere Reiseroute vor. <\/p>\n\n\n\n<ul class=\"wp-block-list\"><li><a href=\"https:\/\/familie-weitgereist.de\/?p=8920\/#piran\">Piran<\/a><\/li><li><a href=\"https:\/\/familie-weitgereist.de\/?p=8920\/#skocjan\">\u0160kocjan H\u00f6hle<\/a><\/li><li><a href=\"https:\/\/familie-weitgereist.de\/?p=8920\/#postojna\">H\u00f6hlen von Postojna<\/a><\/li><li><a href=\"https:\/\/familie-weitgereist.de\/?p=8920\/#predjama\">H\u00f6hlenburg Predjama<\/a><\/li><li><a href=\"https:\/\/familie-weitgereist.de\/?p=8920\/#tolmin\">Tolmin Klamm<\/a><\/li><li><a href=\"https:\/\/familie-weitgereist.de\/?p=8920\/#bohinjsee\">Bohinj See<\/a><\/li><li><a href=\"https:\/\/familie-weitgereist.de\/?p=8920\/#bergvogel\">Berg Vogel<\/a><\/li><li><a href=\"https:\/\/familie-weitgereist.de\/?p=8920\/#bled\">Bled<\/a><\/li><\/ul>\n\n\n\n<p>Wir sind eine Woche mit unserem Camper durch Slowenien gereist und waren haupts\u00e4chlich an der Adriak\u00fcste und im Triglav Nationalpark unterwegs. \u00dcbernachtet haben wir auf genehmigten Camperparkpl\u00e4tzen und auf Campingpl\u00e4tzen. Wir w\u00fcrden sagen, dass Slowenien zu den eher preisintensiven L\u00e4ndern in S\u00fcdosteuropa z\u00e4hlt und die Eintrittspreise f\u00fcr die Sehensw\u00fcrdigkeiten und die Campingpl\u00e4tze relativ teuer sind. Dies liegt sicherlich auch daran, dass wir die gr\u00f6\u00dften Slowenien Highlights besucht haben. (:<\/p>\n\n\n\n<figure class=\"wp-block-image size-large\"><img loading=\"lazy\" decoding=\"async\" width=\"1024\" height=\"768\" src=\"https:\/\/familie-weitgereist.de\/wp-content\/uploads\/2022\/06\/IMG_20220613_094050-1024x768.jpg\" alt=\"\" class=\"wp-image-8931\" srcset=\"https:\/\/familie-weitgereist.de\/wp-content\/uploads\/2022\/06\/IMG_20220613_094050-1024x768.jpg 1024w, https:\/\/familie-weitgereist.de\/wp-content\/uploads\/2022\/06\/IMG_20220613_094050-300x225.jpg 300w, https:\/\/familie-weitgereist.de\/wp-content\/uploads\/2022\/06\/IMG_20220613_094050-768x576.jpg 768w, https:\/\/familie-weitgereist.de\/wp-content\/uploads\/2022\/06\/IMG_20220613_094050-1536x1152.jpg 1536w, https:\/\/familie-weitgereist.de\/wp-content\/uploads\/2022\/06\/IMG_20220613_094050-2048x1536.jpg 2048w, https:\/\/familie-weitgereist.de\/wp-content\/uploads\/2022\/06\/IMG_20220613_094050-1200x900.jpg 1200w, https:\/\/familie-weitgereist.de\/wp-content\/uploads\/2022\/06\/IMG_20220613_094050-1980x1485.jpg 1980w, https:\/\/familie-weitgereist.de\/wp-content\/uploads\/2022\/06\/IMG_20220613_094050-150x113.jpg 150w\" sizes=\"auto, (max-width: 1024px) 100vw, 1024px\" \/><\/figure>\n\n\n\n<figure class=\"wp-block-image size-large is-resized\"><img loading=\"lazy\" decoding=\"async\" src=\"https:\/\/familie-weitgereist.de\/wp-content\/uploads\/2022\/06\/IMG_20220612_110021-1024x768.jpg\" alt=\"\" class=\"wp-image-8929\" width=\"380\" height=\"284\" srcset=\"https:\/\/familie-weitgereist.de\/wp-content\/uploads\/2022\/06\/IMG_20220612_110021-1024x768.jpg 1024w, https:\/\/familie-weitgereist.de\/wp-content\/uploads\/2022\/06\/IMG_20220612_110021-300x225.jpg 300w, https:\/\/familie-weitgereist.de\/wp-content\/uploads\/2022\/06\/IMG_20220612_110021-768x576.jpg 768w, https:\/\/familie-weitgereist.de\/wp-content\/uploads\/2022\/06\/IMG_20220612_110021-1536x1152.jpg 1536w, https:\/\/familie-weitgereist.de\/wp-content\/uploads\/2022\/06\/IMG_20220612_110021-2048x1536.jpg 2048w, https:\/\/familie-weitgereist.de\/wp-content\/uploads\/2022\/06\/IMG_20220612_110021-1200x900.jpg 1200w, https:\/\/familie-weitgereist.de\/wp-content\/uploads\/2022\/06\/IMG_20220612_110021-1980x1485.jpg 1980w, https:\/\/familie-weitgereist.de\/wp-content\/uploads\/2022\/06\/IMG_20220612_110021-150x113.jpg 150w\" sizes=\"auto, (max-width: 380px) 100vw, 380px\" \/><figcaption>River Camping Bled<\/figcaption><\/figure>\n\n\n\n<h2 class=\"wp-block-heading\" id=\"piran\">Piran<\/h2>\n\n\n\n<p>Die Adriak\u00fcste von Slowenien ist recht \u00fcberschaubar mit gerade einmal 46 km K\u00fcste. Das mediterrane Adriaflair l\u00e4sst sich in den kleinen St\u00e4dtchen dennoch wunderbar genie\u00dfen. Koper, Izola, Portoro\u017e  und Piran sind die sch\u00f6nsten K\u00fcstenst\u00e4dte. Wir entschieden uns Piran zu erkunden, schlenderten durch die Altstadtgassen und genossen das mediterrane Flair am Mittelmeer.<\/p>\n\n\n\n<figure class=\"wp-block-image size-large\"><img loading=\"lazy\" decoding=\"async\" width=\"1024\" height=\"683\" src=\"https:\/\/familie-weitgereist.de\/wp-content\/uploads\/2022\/06\/IMG_6302-1024x683.jpg\" alt=\"\" class=\"wp-image-9089\" srcset=\"https:\/\/familie-weitgereist.de\/wp-content\/uploads\/2022\/06\/IMG_6302-1024x683.jpg 1024w, https:\/\/familie-weitgereist.de\/wp-content\/uploads\/2022\/06\/IMG_6302-300x200.jpg 300w, https:\/\/familie-weitgereist.de\/wp-content\/uploads\/2022\/06\/IMG_6302-768x512.jpg 768w, https:\/\/familie-weitgereist.de\/wp-content\/uploads\/2022\/06\/IMG_6302-1536x1024.jpg 1536w, https:\/\/familie-weitgereist.de\/wp-content\/uploads\/2022\/06\/IMG_6302-2048x1365.jpg 2048w, https:\/\/familie-weitgereist.de\/wp-content\/uploads\/2022\/06\/IMG_6302-1200x800.jpg 1200w, https:\/\/familie-weitgereist.de\/wp-content\/uploads\/2022\/06\/IMG_6302-1980x1320.jpg 1980w, https:\/\/familie-weitgereist.de\/wp-content\/uploads\/2022\/06\/IMG_6302-150x100.jpg 150w\" sizes=\"auto, (max-width: 1024px) 100vw, 1024px\" \/><figcaption>Blick auf Piran<\/figcaption><\/figure>\n\n\n\n<p>Piran stand bis Ende des 18. Jahrhunderts unter venezianischer Herrschaft. Dies macht sich \u00fcberall in der Altstadt, durch Kopfsteinpflastergassen und pastellfarbenen H\u00e4usern mit venezianischer Fassade, bemerkbar. Im 19. Jahrhundert f\u00e4llt Piran unter die Herrschaft der Habsburger. Diese m\u00fcssen Piran nach dem 1. Weltkrieg an Italien abgeben. Ab 1954 geh\u00f6rt Piran schlie\u00dflich zu Jugoslawien und nun zu Slowenien. Es wundert daher nicht, dass Slowenisch und Italienisch nebeneinander existieren und aktiv gesprochen werden. Italienisch ist als Minderheitensprache an der slowenischen K\u00fcste offiziell anerkannt, Stra\u00dfennamen und Beschilderungen sind immer zweisprachig.<\/p>\n\n\n\n<figure class=\"wp-block-image\"><img loading=\"lazy\" decoding=\"async\" width=\"2560\" height=\"1707\" src=\"https:\/\/familie-weitgereist.de\/wp-content\/uploads\/2022\/06\/IMG_6318-scaled.jpg\" alt=\"\" class=\"wp-image-9100\" srcset=\"https:\/\/familie-weitgereist.de\/wp-content\/uploads\/2022\/06\/IMG_6318-scaled.jpg 2560w, https:\/\/familie-weitgereist.de\/wp-content\/uploads\/2022\/06\/IMG_6318-300x200.jpg 300w, https:\/\/familie-weitgereist.de\/wp-content\/uploads\/2022\/06\/IMG_6318-1024x683.jpg 1024w, https:\/\/familie-weitgereist.de\/wp-content\/uploads\/2022\/06\/IMG_6318-768x512.jpg 768w, https:\/\/familie-weitgereist.de\/wp-content\/uploads\/2022\/06\/IMG_6318-1536x1024.jpg 1536w, https:\/\/familie-weitgereist.de\/wp-content\/uploads\/2022\/06\/IMG_6318-2048x1365.jpg 2048w, https:\/\/familie-weitgereist.de\/wp-content\/uploads\/2022\/06\/IMG_6318-1200x800.jpg 1200w, https:\/\/familie-weitgereist.de\/wp-content\/uploads\/2022\/06\/IMG_6318-1980x1320.jpg 1980w, https:\/\/familie-weitgereist.de\/wp-content\/uploads\/2022\/06\/IMG_6318-150x100.jpg 150w\" sizes=\"auto, (max-width: 2560px) 100vw, 2560px\" \/><figcaption>Der Hafen von Piran<\/figcaption><\/figure>\n\n\n\n<p>Die kleine, nahezu autofreie Altstadt, l\u00e4sst sich wunderbar an einem Tag erkunden. Mit dem Auto ist es nur den Einwohnern gestattet in die Stadt zu fahren. Wir parkten unseren Camper daher in einem Parkhaus oberhalb der Altstadt. Die Parkgeb\u00fchren lagen bei 2,50\u20ac\/h <em>(Stand Juni 2022)<\/em>. Ein kostenloser Shuttlebus brachte uns vom Parkhaus bis zum <strong>Tartiniplatz<\/strong>.<\/p>\n\n\n\n<figure class=\"wp-block-image size-large\"><img loading=\"lazy\" decoding=\"async\" width=\"1024\" height=\"683\" src=\"https:\/\/familie-weitgereist.de\/wp-content\/uploads\/2022\/06\/IMG_6309-1024x683.jpg\" alt=\"\" class=\"wp-image-9091\" srcset=\"https:\/\/familie-weitgereist.de\/wp-content\/uploads\/2022\/06\/IMG_6309-1024x683.jpg 1024w, https:\/\/familie-weitgereist.de\/wp-content\/uploads\/2022\/06\/IMG_6309-300x200.jpg 300w, https:\/\/familie-weitgereist.de\/wp-content\/uploads\/2022\/06\/IMG_6309-768x512.jpg 768w, https:\/\/familie-weitgereist.de\/wp-content\/uploads\/2022\/06\/IMG_6309-1536x1024.jpg 1536w, https:\/\/familie-weitgereist.de\/wp-content\/uploads\/2022\/06\/IMG_6309-2048x1365.jpg 2048w, https:\/\/familie-weitgereist.de\/wp-content\/uploads\/2022\/06\/IMG_6309-1200x800.jpg 1200w, https:\/\/familie-weitgereist.de\/wp-content\/uploads\/2022\/06\/IMG_6309-1980x1320.jpg 1980w, https:\/\/familie-weitgereist.de\/wp-content\/uploads\/2022\/06\/IMG_6309-150x100.jpg 150w\" sizes=\"auto, (max-width: 1024px) 100vw, 1024px\" \/><figcaption>Tartiniplatz<\/figcaption><\/figure>\n\n\n\n<p>Der <strong>Tartiniplatz<\/strong> ist direkt an der Uferpromenade gelegen und bildet Pirans zentralen Platz. Das Rathaus der Stadt befindet sich ebenfalls dort.<\/p>\n\n\n\n<figure class=\"wp-block-image size-large\"><img loading=\"lazy\" decoding=\"async\" width=\"1024\" height=\"683\" src=\"https:\/\/familie-weitgereist.de\/wp-content\/uploads\/2022\/06\/IMG_6314-1024x683.jpg\" alt=\"\" class=\"wp-image-9093\" srcset=\"https:\/\/familie-weitgereist.de\/wp-content\/uploads\/2022\/06\/IMG_6314-1024x683.jpg 1024w, https:\/\/familie-weitgereist.de\/wp-content\/uploads\/2022\/06\/IMG_6314-300x200.jpg 300w, https:\/\/familie-weitgereist.de\/wp-content\/uploads\/2022\/06\/IMG_6314-768x512.jpg 768w, https:\/\/familie-weitgereist.de\/wp-content\/uploads\/2022\/06\/IMG_6314-1536x1024.jpg 1536w, https:\/\/familie-weitgereist.de\/wp-content\/uploads\/2022\/06\/IMG_6314-2048x1365.jpg 2048w, https:\/\/familie-weitgereist.de\/wp-content\/uploads\/2022\/06\/IMG_6314-1200x800.jpg 1200w, https:\/\/familie-weitgereist.de\/wp-content\/uploads\/2022\/06\/IMG_6314-1980x1320.jpg 1980w, https:\/\/familie-weitgereist.de\/wp-content\/uploads\/2022\/06\/IMG_6314-150x100.jpg 150w\" sizes=\"auto, (max-width: 1024px) 100vw, 1024px\" \/><figcaption>Rathaus von Piran<\/figcaption><\/figure>\n\n\n\n<p>Vom <strong>Tartiniplatz<\/strong> startend lassen sich die verwinkelten Altstadtgassen perfekt erkunden. Viele kleine Gassen gehen vom zentralen Platz ab und wir befanden uns sehr schnell im <em>Labyrinth<\/em> der Altstadt.<\/p>\n\n\n\n<div id=\"wp-block-themeisle-blocks-slider-c4c64823\" class=\"wp-block-themeisle-blocks-slider glide\" data-per-view=\"1\" data-gap=\"0\" data-peek=\"0\" data-autoplay=\"true\" data-height=\"325px\" data-hide-arrows=\"false\"><div class=\"glide__track\" data-glide-el=\"track\"><div class=\"glide__slides\"><div class=\"wp-block-themeisle-blocks-slider-item-wrapper glide__slide\" tabindex=\"0\"><figure><img decoding=\"async\" class=\"wp-block-themeisle-blocks-slider-item\" src=\"https:\/\/familie-weitgereist.de\/wp-content\/uploads\/2022\/06\/IMG_6240-scaled.jpg\" alt=\"\" title=\"\" data-id=\"9094\"\/><\/figure><\/div><div class=\"wp-block-themeisle-blocks-slider-item-wrapper glide__slide\" tabindex=\"0\"><figure><img decoding=\"async\" class=\"wp-block-themeisle-blocks-slider-item\" src=\"https:\/\/familie-weitgereist.de\/wp-content\/uploads\/2022\/06\/IMG_6230-scaled.jpg\" alt=\"\" title=\"\" data-id=\"9096\"\/><\/figure><\/div><\/div><div class=\"glide__bullets\" data-glide-el=\"controls[nav]\"><button class=\"glide__bullet\" data-glide-dir=\"=0\"><\/button><button class=\"glide__bullet\" data-glide-dir=\"=1\"><\/button><\/div><\/div><\/div>\n\n\n\n<p>Eine weitere Sehensw\u00fcrdigkeit ist die <strong>Kathedrale Sankt Georg<\/strong>. Oberhalb gelegen, bietet sich ein grandioser Ausblick \u00fcber die roten D\u00e4cher der Stadt, dem Tartiniplatz und der Adria. Selbst ein Blick nach Italien ist m\u00f6glich. Der Kirchturm selbst kann gegen einen kleinen Betrag erklommen werden und der Ausblick \u00fcber die Stadt ist eventuell noch besser. Wir stiegen die Stufen zum Kirchturm jedoch nicht hinauf.<\/p>\n\n\n\n<figure class=\"wp-block-image size-large\"><img loading=\"lazy\" decoding=\"async\" width=\"1024\" height=\"683\" src=\"https:\/\/familie-weitgereist.de\/wp-content\/uploads\/2022\/06\/IMG_6297-1024x683.jpg\" alt=\"\" class=\"wp-image-9097\" srcset=\"https:\/\/familie-weitgereist.de\/wp-content\/uploads\/2022\/06\/IMG_6297-1024x683.jpg 1024w, https:\/\/familie-weitgereist.de\/wp-content\/uploads\/2022\/06\/IMG_6297-300x200.jpg 300w, https:\/\/familie-weitgereist.de\/wp-content\/uploads\/2022\/06\/IMG_6297-768x512.jpg 768w, https:\/\/familie-weitgereist.de\/wp-content\/uploads\/2022\/06\/IMG_6297-1536x1024.jpg 1536w, https:\/\/familie-weitgereist.de\/wp-content\/uploads\/2022\/06\/IMG_6297-2048x1365.jpg 2048w, https:\/\/familie-weitgereist.de\/wp-content\/uploads\/2022\/06\/IMG_6297-1200x800.jpg 1200w, https:\/\/familie-weitgereist.de\/wp-content\/uploads\/2022\/06\/IMG_6297-1980x1320.jpg 1980w, https:\/\/familie-weitgereist.de\/wp-content\/uploads\/2022\/06\/IMG_6297-150x100.jpg 150w\" sizes=\"auto, (max-width: 1024px) 100vw, 1024px\" \/><\/figure>\n\n\n\n<h2 class=\"wp-block-heading\" id=\"skocjan\">\u0160kocjan H\u00f6hle<\/h2>\n\n\n\n<p>Der Regionalpark um die <strong>\u0160kocjan H\u00f6hle<\/strong> ist definitiv eine Besonderheit. Slowenien besitzt sehr viele H\u00f6hlen und einige k\u00f6nnen besucht werden. Die F\u00fchrung durch die <strong>\u0160kocjan H\u00f6hle<\/strong> war spektakul\u00e4r. Der Eintrittspreis von 22\u20ac f\u00fcr Erwachsene und 16\u20ac f\u00fcr Studenten, lohnt sich definitiv. (<em>Stand Juni 2022<\/em>) Kinder unter 7 Jahren zahlen keinen Eintrittspreis. <\/p>\n\n\n\n<p>Unsere F\u00fchrung war Anfang Juni schon sehr gut besucht, zwei Gruppen \u00e0 50 Personen. Diese finden ab 10:00 st\u00fcndlich statt.<\/p>\n\n\n\n<figure class=\"wp-block-image size-large\"><img loading=\"lazy\" decoding=\"async\" width=\"1024\" height=\"683\" src=\"https:\/\/familie-weitgereist.de\/wp-content\/uploads\/2022\/06\/IMG_6363-1024x683.jpg\" alt=\"\" class=\"wp-image-9078\" srcset=\"https:\/\/familie-weitgereist.de\/wp-content\/uploads\/2022\/06\/IMG_6363-1024x683.jpg 1024w, https:\/\/familie-weitgereist.de\/wp-content\/uploads\/2022\/06\/IMG_6363-300x200.jpg 300w, https:\/\/familie-weitgereist.de\/wp-content\/uploads\/2022\/06\/IMG_6363-768x512.jpg 768w, https:\/\/familie-weitgereist.de\/wp-content\/uploads\/2022\/06\/IMG_6363-1536x1024.jpg 1536w, https:\/\/familie-weitgereist.de\/wp-content\/uploads\/2022\/06\/IMG_6363-2048x1365.jpg 2048w, https:\/\/familie-weitgereist.de\/wp-content\/uploads\/2022\/06\/IMG_6363-1200x800.jpg 1200w, https:\/\/familie-weitgereist.de\/wp-content\/uploads\/2022\/06\/IMG_6363-1980x1320.jpg 1980w, https:\/\/familie-weitgereist.de\/wp-content\/uploads\/2022\/06\/IMG_6363-150x100.jpg 150w\" sizes=\"auto, (max-width: 1024px) 100vw, 1024px\" \/><figcaption>Beim Ausgang der \u0160kocjan H\u00f6hle<\/figcaption><\/figure>\n\n\n\n<p>Die F\u00fchrung beginnt beim Ticketschalter mit einem ca. 500m langen Spaziergang durch den Wald. Am H\u00f6hleneingang angekommen, liefen wir einen k\u00fcnstlich angelegten Tunnel in die Tiefe. Nachdem unser Guide die T\u00fcr \u00f6ffnete, befanden wir uns in einer anderen Welt. <\/p>\n\n\n\n<p>Es ist unglaublich sich vorzustellen, dass man am <strong>tiefsten Punkt 223m unter der Erde ist.<\/strong> W\u00e4hrend der F\u00fchrung wurde uns gesagt, dass dies die <strong>gr\u00f6\u00dfte H\u00f6hle<\/strong> in Slowenien ist. Auf gut angelegten Wegen, \u00fcber Treppenstufen und Br\u00fccken verlief die einst\u00fcndige F\u00fchrung durch die H\u00f6hle. Bilder d\u00fcrfen keine gemacht werden. Erst am H\u00f6hlenausgang darf wieder fotografiert werden.<\/p>\n\n\n\n<div id=\"wp-block-themeisle-blocks-slider-5faa4334\" class=\"wp-block-themeisle-blocks-slider glide\" data-per-view=\"1\" data-gap=\"0\" data-peek=\"0\" data-autoplay=\"true\" data-height=\"286px\" data-hide-arrows=\"false\"><div class=\"glide__track\" data-glide-el=\"track\"><div class=\"glide__slides\"><div class=\"wp-block-themeisle-blocks-slider-item-wrapper glide__slide\" tabindex=\"0\"><figure><img decoding=\"async\" class=\"wp-block-themeisle-blocks-slider-item\" src=\"https:\/\/familie-weitgereist.de\/wp-content\/uploads\/2022\/06\/IMG_6390-scaled.jpg\" alt=\"\" title=\"\" data-id=\"9086\"\/><\/figure><\/div><div class=\"wp-block-themeisle-blocks-slider-item-wrapper glide__slide\" tabindex=\"0\"><figure><img decoding=\"async\" class=\"wp-block-themeisle-blocks-slider-item\" src=\"https:\/\/familie-weitgereist.de\/wp-content\/uploads\/2022\/06\/IMG_6410-scaled.jpg\" alt=\"\" title=\"\" data-id=\"9087\"\/><\/figure><\/div><div class=\"wp-block-themeisle-blocks-slider-item-wrapper glide__slide\" tabindex=\"0\"><figure><img decoding=\"async\" class=\"wp-block-themeisle-blocks-slider-item\" src=\"https:\/\/familie-weitgereist.de\/wp-content\/uploads\/2022\/06\/IMG_6399-scaled.jpg\" alt=\"\" title=\"\" data-id=\"9088\"\/><\/figure><\/div><\/div><div class=\"glide__bullets\" data-glide-el=\"controls[nav]\"><button class=\"glide__bullet\" data-glide-dir=\"=0\"><\/button><button class=\"glide__bullet\" data-glide-dir=\"=1\"><\/button><button class=\"glide__bullet\" data-glide-dir=\"=2\"><\/button><\/div><\/div><\/div>\n\n\n\n<p>Die Temperatur betr\u00e4gt ganzj\u00e4hrig 12\u00b0C.<\/p>\n\n\n\n<p>Nachdem die F\u00fchrung abgeschlossen ist, hat man die M\u00f6glichkeit \u00fcber drei verschiedene Wege zur\u00fcck zum Ausgangspunkt \/ Parkplatz zu gelangen. Weg 1 f\u00fchrt nach nur 300m zu einem Fahrstuhl, der die Besucher zur\u00fcck zum Parkplatz bringt. Weg 2 verl\u00e4uft 600m entlang der Felsen und Weg 3 ist mit 2,5 km der l\u00e4ngste und definitiv sch\u00f6nste, um zur\u00fcck zum Ausgangspunkt zu gelangen. Wir entschieden uns f\u00fcr Weg 3. Es geht zum Teil steil die Stufen hinauf, wir liefen durch weitere H\u00f6hlen. Angelegte Pfade und Treppen machen den Weg besonders spannend f\u00fcr kleine Kinder.<\/p>\n\n\n\n<div id=\"wp-block-themeisle-blocks-slider-3a6008ac\" class=\"wp-block-themeisle-blocks-slider glide\" data-per-view=\"1\" data-gap=\"0\" data-peek=\"0\" data-autoplay=\"true\" data-height=\"317px\" data-hide-arrows=\"false\"><div class=\"glide__track\" data-glide-el=\"track\"><div class=\"glide__slides\"><div class=\"wp-block-themeisle-blocks-slider-item-wrapper glide__slide\" tabindex=\"0\"><figure><img decoding=\"async\" class=\"wp-block-themeisle-blocks-slider-item\" src=\"https:\/\/familie-weitgereist.de\/wp-content\/uploads\/2022\/06\/IMG_6454-scaled.jpg\" alt=\"\" title=\"\" data-id=\"9082\"\/><\/figure><\/div><div class=\"wp-block-themeisle-blocks-slider-item-wrapper glide__slide\" tabindex=\"0\"><figure><img decoding=\"async\" class=\"wp-block-themeisle-blocks-slider-item\" src=\"https:\/\/familie-weitgereist.de\/wp-content\/uploads\/2022\/06\/IMG_6450-scaled.jpg\" alt=\"\" title=\"\" data-id=\"9083\"\/><\/figure><\/div><div class=\"wp-block-themeisle-blocks-slider-item-wrapper glide__slide\" tabindex=\"0\"><figure><img decoding=\"async\" class=\"wp-block-themeisle-blocks-slider-item\" src=\"https:\/\/familie-weitgereist.de\/wp-content\/uploads\/2022\/06\/IMG_6421-scaled.jpg\" alt=\"\" title=\"\" data-id=\"9084\"\/><\/figure><\/div><\/div><div class=\"glide__bullets\" data-glide-el=\"controls[nav]\"><button class=\"glide__bullet\" data-glide-dir=\"=0\"><\/button><button class=\"glide__bullet\" data-glide-dir=\"=1\"><\/button><button class=\"glide__bullet\" data-glide-dir=\"=2\"><\/button><\/div><\/div><\/div>\n\n\n\n<h2 class=\"wp-block-heading\" id=\"postojna\">H\u00f6hlen von Postojna<\/h2>\n\n\n\n<p>Die H\u00f6hlen von Postojna geh\u00f6ren wohl zu den bekanntesten in Slowenien. Sie ist die <strong>zweitgr\u00f6\u00dfte Tropfsteinh\u00f6hle der Welt<\/strong>. (Die gr\u00f6\u00dfte Tropfsteinh\u00f6hle befindet sich in Vietnam.) Auch hier wird man mit einer Gruppe durch die H\u00f6hle gef\u00fchrt. Unser Guide berichtete, dass es die sch\u00f6nste und <strong>gr\u00f6\u00dfte H\u00f6hle<\/strong> von Slowenien ist. Die \u0160kocjan und auch die Postojna H\u00f6hle sind beide wundersch\u00f6n und \u00e4hnlich gro\u00df. Im Gegensatz zur \u0160kocjan H\u00f6hle d\u00fcrfen in Postojna Bilder gemacht werden.<\/p>\n\n\n\n<figure class=\"wp-block-image size-large\"><img loading=\"lazy\" decoding=\"async\" width=\"1024\" height=\"683\" src=\"https:\/\/familie-weitgereist.de\/wp-content\/uploads\/2022\/06\/IMG_6521-1024x683.jpg\" alt=\"\" class=\"wp-image-9072\" srcset=\"https:\/\/familie-weitgereist.de\/wp-content\/uploads\/2022\/06\/IMG_6521-1024x683.jpg 1024w, https:\/\/familie-weitgereist.de\/wp-content\/uploads\/2022\/06\/IMG_6521-300x200.jpg 300w, https:\/\/familie-weitgereist.de\/wp-content\/uploads\/2022\/06\/IMG_6521-768x512.jpg 768w, https:\/\/familie-weitgereist.de\/wp-content\/uploads\/2022\/06\/IMG_6521-1536x1024.jpg 1536w, https:\/\/familie-weitgereist.de\/wp-content\/uploads\/2022\/06\/IMG_6521-2048x1365.jpg 2048w, https:\/\/familie-weitgereist.de\/wp-content\/uploads\/2022\/06\/IMG_6521-1200x800.jpg 1200w, https:\/\/familie-weitgereist.de\/wp-content\/uploads\/2022\/06\/IMG_6521-1980x1320.jpg 1980w, https:\/\/familie-weitgereist.de\/wp-content\/uploads\/2022\/06\/IMG_6521-150x100.jpg 150w\" sizes=\"auto, (max-width: 1024px) 100vw, 1024px\" \/><\/figure>\n\n\n\n<p>Die H\u00f6hle besitzt weltweit das einzige <strong>zweigleisige Schienensystem<\/strong>, welches untertage f\u00e4hrt. Die 2 km lange und ca. 10 min\u00fctige Zugfahrt in die H\u00f6hle hinein, ist wirklich speziell. Schon auf der Zugfahrt f\u00e4hrt man an spektakul\u00e4ren Stalagtit- und Stalagmitformationen vorbei.<\/p>\n\n\n\n<div id=\"wp-block-themeisle-blocks-slider-c488f0e2\" class=\"wp-block-themeisle-blocks-slider glide\" data-per-view=\"1\" data-gap=\"0\" data-peek=\"0\" data-autoplay=\"true\" data-height=\"305px\" data-hide-arrows=\"false\"><div class=\"glide__track\" data-glide-el=\"track\"><div class=\"glide__slides\"><div class=\"wp-block-themeisle-blocks-slider-item-wrapper glide__slide\" tabindex=\"0\"><figure><img decoding=\"async\" class=\"wp-block-themeisle-blocks-slider-item\" src=\"https:\/\/familie-weitgereist.de\/wp-content\/uploads\/2022\/06\/IMG_6470-scaled.jpg\" alt=\"\" title=\"\" data-id=\"9073\"\/><\/figure><\/div><div class=\"wp-block-themeisle-blocks-slider-item-wrapper glide__slide\" tabindex=\"0\"><figure><img decoding=\"async\" class=\"wp-block-themeisle-blocks-slider-item\" src=\"https:\/\/familie-weitgereist.de\/wp-content\/uploads\/2022\/06\/IMG_6494-scaled.jpg\" alt=\"\" title=\"\" data-id=\"9075\"\/><\/figure><\/div><\/div><div class=\"glide__bullets\" data-glide-el=\"controls[nav]\"><button class=\"glide__bullet\" data-glide-dir=\"=0\"><\/button><button class=\"glide__bullet\" data-glide-dir=\"=1\"><\/button><\/div><\/div><\/div>\n\n\n\n<p>Wir entschieden uns f\u00fcr ein <strong>Kombiticket<\/strong> um auch die H\u00f6hlenburg Predjama zu besichtigen und zahlten pro Person 41\u20ac. Kinder unter 7 zahlen 2\u20ac. (<em>Stand Juni 2022<\/em>)<\/p>\n\n\n\n<p>Die H\u00f6hlenbesichtigung verl\u00e4uft ebenfalls \u00fcber gut angelegte Wege und dauert ca. 1 Stunde f\u00fcr 1,5 km. Es geht nicht so steil hinauf und hinunter, wie in \u0160kocjan. Anschlie\u00dfend f\u00e4hrt man mit dem Zug wieder 2 km aus der H\u00f6hle hinaus.<\/p>\n\n\n\n<figure class=\"wp-block-image size-large\"><img loading=\"lazy\" decoding=\"async\" width=\"1024\" height=\"683\" src=\"https:\/\/familie-weitgereist.de\/wp-content\/uploads\/2022\/06\/IMG_6528-1024x683.jpg\" alt=\"\" class=\"wp-image-9077\" srcset=\"https:\/\/familie-weitgereist.de\/wp-content\/uploads\/2022\/06\/IMG_6528-1024x683.jpg 1024w, https:\/\/familie-weitgereist.de\/wp-content\/uploads\/2022\/06\/IMG_6528-300x200.jpg 300w, https:\/\/familie-weitgereist.de\/wp-content\/uploads\/2022\/06\/IMG_6528-768x512.jpg 768w, https:\/\/familie-weitgereist.de\/wp-content\/uploads\/2022\/06\/IMG_6528-1536x1024.jpg 1536w, https:\/\/familie-weitgereist.de\/wp-content\/uploads\/2022\/06\/IMG_6528-2048x1365.jpg 2048w, https:\/\/familie-weitgereist.de\/wp-content\/uploads\/2022\/06\/IMG_6528-1200x800.jpg 1200w, https:\/\/familie-weitgereist.de\/wp-content\/uploads\/2022\/06\/IMG_6528-1980x1320.jpg 1980w, https:\/\/familie-weitgereist.de\/wp-content\/uploads\/2022\/06\/IMG_6528-150x100.jpg 150w\" sizes=\"auto, (max-width: 1024px) 100vw, 1024px\" \/><\/figure>\n\n\n\n<p>Die Temperatur betr\u00e4gt ganzj\u00e4hrig 10\u00b0C.<\/p>\n\n\n\n<h2 class=\"wp-block-heading\" id=\"predjama\">H\u00f6hlenburg Predjama<\/h2>\n\n\n\n<p>Die H\u00f6hlenburg Predjama liegt unweit der Postojna H\u00f6hle und ist von au\u00dfen, wie von innen sehr sehenswert. Ein weiterer Rekord kann hier in Slowenien bestaunt werden, denn Predjama ist die gr\u00f6\u00dfte <strong>H\u00f6hlenburg der Welt<\/strong>.<\/p>\n\n\n\n<figure class=\"wp-block-image size-large is-resized\"><img loading=\"lazy\" decoding=\"async\" src=\"https:\/\/familie-weitgereist.de\/wp-content\/uploads\/2022\/06\/20220608053350_IMG_6557-1024x683.jpg\" alt=\"\" class=\"wp-image-9062\" width=\"378\" height=\"250\"\/><figcaption>Die H\u00f6hlenburg Predjama<\/figcaption><\/figure>\n\n\n\n<p>Die Burg stammt aus dem 12. Jahrhundert und mittels eines Audioguides erf\u00e4hrt man viel \u00fcber das Leben auf der Burg. Das Leben war beschwerlich. Es war kalt, windig und sehr m\u00fchsam. Die Sicherheit, die die H\u00f6hlenburg f\u00fcr ihre Bewohner bot, wog die Beschwerlichkeiten jedoch auf. Feinden und potentiellen Eindringlingen war es unm\u00f6glich die Burg zu erobern. Ein Geheimgang verlief durch den Fels \u00fcber der Burg ins Freie.<\/p>\n\n\n\n<div id=\"wp-block-themeisle-blocks-slider-2606d18a\" class=\"wp-block-themeisle-blocks-slider glide\" data-per-view=\"1\" data-gap=\"0\" data-peek=\"0\" data-autoplay=\"true\" data-height=\"343px\" data-hide-arrows=\"false\"><div class=\"glide__track\" data-glide-el=\"track\"><div class=\"glide__slides\"><div class=\"wp-block-themeisle-blocks-slider-item-wrapper glide__slide\" tabindex=\"0\"><figure><img decoding=\"async\" class=\"wp-block-themeisle-blocks-slider-item\" src=\"https:\/\/familie-weitgereist.de\/wp-content\/uploads\/2022\/06\/20220608063633_IMG_6594-scaled.jpg\" alt=\"\" title=\"\" data-id=\"9068\"\/><\/figure><\/div><div class=\"wp-block-themeisle-blocks-slider-item-wrapper glide__slide\" tabindex=\"0\"><figure><img decoding=\"async\" class=\"wp-block-themeisle-blocks-slider-item\" src=\"https:\/\/familie-weitgereist.de\/wp-content\/uploads\/2022\/06\/20220608055914_IMG_6567-scaled.jpg\" alt=\"\" title=\"\" data-id=\"9070\"\/><\/figure><\/div><div class=\"wp-block-themeisle-blocks-slider-item-wrapper glide__slide\" tabindex=\"0\"><figure><img decoding=\"async\" class=\"wp-block-themeisle-blocks-slider-item\" src=\"https:\/\/familie-weitgereist.de\/wp-content\/uploads\/2022\/06\/20220608053554_IMG_6560-scaled.jpg\" alt=\"\" title=\"\" data-id=\"9071\"\/><\/figure><\/div><\/div><div class=\"glide__bullets\" data-glide-el=\"controls[nav]\"><button class=\"glide__bullet\" data-glide-dir=\"=0\"><\/button><button class=\"glide__bullet\" data-glide-dir=\"=1\"><\/button><button class=\"glide__bullet\" data-glide-dir=\"=2\"><\/button><\/div><\/div><\/div>\n\n\n\n<p>W\u00e4hrend des Rundgangs durch die Burg hat man den Ausblick auf den kleinen Ort Predjama von dem unteren und oberen Balkon aus.<\/p>\n\n\n\n<figure class=\"wp-block-image size-large\"><img loading=\"lazy\" decoding=\"async\" width=\"1024\" height=\"683\" src=\"https:\/\/familie-weitgereist.de\/wp-content\/uploads\/2022\/06\/20220608055859_IMG_6566-2-1024x683.jpg\" alt=\"\" class=\"wp-image-9065\" srcset=\"https:\/\/familie-weitgereist.de\/wp-content\/uploads\/2022\/06\/20220608055859_IMG_6566-2-1024x683.jpg 1024w, https:\/\/familie-weitgereist.de\/wp-content\/uploads\/2022\/06\/20220608055859_IMG_6566-2-300x200.jpg 300w, https:\/\/familie-weitgereist.de\/wp-content\/uploads\/2022\/06\/20220608055859_IMG_6566-2-768x512.jpg 768w, https:\/\/familie-weitgereist.de\/wp-content\/uploads\/2022\/06\/20220608055859_IMG_6566-2-1536x1024.jpg 1536w, https:\/\/familie-weitgereist.de\/wp-content\/uploads\/2022\/06\/20220608055859_IMG_6566-2-2048x1365.jpg 2048w, https:\/\/familie-weitgereist.de\/wp-content\/uploads\/2022\/06\/20220608055859_IMG_6566-2-1200x800.jpg 1200w, https:\/\/familie-weitgereist.de\/wp-content\/uploads\/2022\/06\/20220608055859_IMG_6566-2-1980x1320.jpg 1980w, https:\/\/familie-weitgereist.de\/wp-content\/uploads\/2022\/06\/20220608055859_IMG_6566-2-150x100.jpg 150w\" sizes=\"auto, (max-width: 1024px) 100vw, 1024px\" \/><figcaption>Das Dorf Predjama<\/figcaption><\/figure>\n\n\n\n<p>Besonders spektakul\u00e4r ist ein Rundgang durch den Fels und den oberen Teil der Burg. Dieser wurde sp\u00e4ter angelegt und diente als extra Sicherheit, falls Eindringlinge doch einmal den Hauptteil der Burg erobern sollten.<\/p>\n\n\n\n<figure class=\"wp-block-image size-large\"><img loading=\"lazy\" decoding=\"async\" width=\"1024\" height=\"683\" src=\"https:\/\/familie-weitgereist.de\/wp-content\/uploads\/2022\/06\/20220608064001_IMG_6598-1024x683.jpg\" alt=\"\" class=\"wp-image-9066\" srcset=\"https:\/\/familie-weitgereist.de\/wp-content\/uploads\/2022\/06\/20220608064001_IMG_6598-1024x683.jpg 1024w, https:\/\/familie-weitgereist.de\/wp-content\/uploads\/2022\/06\/20220608064001_IMG_6598-300x200.jpg 300w, https:\/\/familie-weitgereist.de\/wp-content\/uploads\/2022\/06\/20220608064001_IMG_6598-768x512.jpg 768w, https:\/\/familie-weitgereist.de\/wp-content\/uploads\/2022\/06\/20220608064001_IMG_6598-1536x1024.jpg 1536w, https:\/\/familie-weitgereist.de\/wp-content\/uploads\/2022\/06\/20220608064001_IMG_6598-2048x1365.jpg 2048w, https:\/\/familie-weitgereist.de\/wp-content\/uploads\/2022\/06\/20220608064001_IMG_6598-1200x800.jpg 1200w, https:\/\/familie-weitgereist.de\/wp-content\/uploads\/2022\/06\/20220608064001_IMG_6598-1980x1320.jpg 1980w, https:\/\/familie-weitgereist.de\/wp-content\/uploads\/2022\/06\/20220608064001_IMG_6598-150x100.jpg 150w\" sizes=\"auto, (max-width: 1024px) 100vw, 1024px\" \/><\/figure>\n\n\n\n<p>Nach dem 2. Weltkrieg fiel die Burg in Staatsbesitz.<\/p>\n\n\n\n<h2 class=\"wp-block-heading\" id=\"tolmin\">Tolmin Klamm<\/h2>\n\n\n\n<p>Die Tolmin Klamm ist der s\u00fcdlichste und niedrigste Eingangspunkt in den <strong>Triglav<\/strong> <strong>Nationalpark<\/strong>. Auf gut angelegten Wegen f\u00fchrt der Pfad durch die Klamm. Das reine, t\u00fcrkisfarbene Wasser der Tolminka ist dabei stets zu h\u00f6ren.<\/p>\n\n\n\n<figure class=\"wp-block-image size-large\"><img loading=\"lazy\" decoding=\"async\" width=\"1024\" height=\"683\" src=\"https:\/\/familie-weitgereist.de\/wp-content\/uploads\/2022\/06\/20220609014004_IMG_6676-1024x683.jpg\" alt=\"\" class=\"wp-image-9044\" srcset=\"https:\/\/familie-weitgereist.de\/wp-content\/uploads\/2022\/06\/20220609014004_IMG_6676-1024x683.jpg 1024w, https:\/\/familie-weitgereist.de\/wp-content\/uploads\/2022\/06\/20220609014004_IMG_6676-300x200.jpg 300w, https:\/\/familie-weitgereist.de\/wp-content\/uploads\/2022\/06\/20220609014004_IMG_6676-768x512.jpg 768w, https:\/\/familie-weitgereist.de\/wp-content\/uploads\/2022\/06\/20220609014004_IMG_6676-1536x1024.jpg 1536w, https:\/\/familie-weitgereist.de\/wp-content\/uploads\/2022\/06\/20220609014004_IMG_6676-2048x1365.jpg 2048w, https:\/\/familie-weitgereist.de\/wp-content\/uploads\/2022\/06\/20220609014004_IMG_6676-1200x800.jpg 1200w, https:\/\/familie-weitgereist.de\/wp-content\/uploads\/2022\/06\/20220609014004_IMG_6676-1980x1320.jpg 1980w, https:\/\/familie-weitgereist.de\/wp-content\/uploads\/2022\/06\/20220609014004_IMG_6676-150x100.jpg 150w\" sizes=\"auto, (max-width: 1024px) 100vw, 1024px\" \/><\/figure>\n\n\n\n<p>In der Klamm gibt es sogar eine Thermalquelle, deren Wassertemperatur liegt bei ca. 19-20\u00b0C. Die Wassertemperatur der Tolminka hingegen bei nur 5-9\u00b0C. In Slowenien gibt es viele Thermalquellen, im Triglav Nationalpark ist dies jedoch eine absolute Seltenheit.<\/p>\n\n\n\n<figure class=\"wp-block-image size-large\"><img loading=\"lazy\" decoding=\"async\" width=\"1024\" height=\"683\" src=\"https:\/\/familie-weitgereist.de\/wp-content\/uploads\/2022\/06\/20220609014229_IMG_6680-1-1024x683.jpg\" alt=\"\" class=\"wp-image-9061\" srcset=\"https:\/\/familie-weitgereist.de\/wp-content\/uploads\/2022\/06\/20220609014229_IMG_6680-1-1024x683.jpg 1024w, https:\/\/familie-weitgereist.de\/wp-content\/uploads\/2022\/06\/20220609014229_IMG_6680-1-300x200.jpg 300w, https:\/\/familie-weitgereist.de\/wp-content\/uploads\/2022\/06\/20220609014229_IMG_6680-1-768x512.jpg 768w, https:\/\/familie-weitgereist.de\/wp-content\/uploads\/2022\/06\/20220609014229_IMG_6680-1-1536x1024.jpg 1536w, https:\/\/familie-weitgereist.de\/wp-content\/uploads\/2022\/06\/20220609014229_IMG_6680-1-2048x1365.jpg 2048w, https:\/\/familie-weitgereist.de\/wp-content\/uploads\/2022\/06\/20220609014229_IMG_6680-1-1200x800.jpg 1200w, https:\/\/familie-weitgereist.de\/wp-content\/uploads\/2022\/06\/20220609014229_IMG_6680-1-1980x1320.jpg 1980w, https:\/\/familie-weitgereist.de\/wp-content\/uploads\/2022\/06\/20220609014229_IMG_6680-1-150x100.jpg 150w\" sizes=\"auto, (max-width: 1024px) 100vw, 1024px\" \/><\/figure>\n\n\n\n<p>Einige Br\u00fccken sind beim Durchlaufen der Klamm zu queren. Die Teufelsbr\u00fccke ist dabei die gr\u00f6\u00dfte, denn sie liegt oberhalb der Klamm und verbindet die D\u00f6rfer Zadlaz und \u010cadrg.<\/p>\n\n\n\n<div id=\"wp-block-themeisle-blocks-slider-8baa7db8\" class=\"wp-block-themeisle-blocks-slider glide\" data-per-view=\"1\" data-gap=\"0\" data-peek=\"0\" data-autoplay=\"true\" data-height=\"400px\" data-hide-arrows=\"false\"><div class=\"glide__track\" data-glide-el=\"track\"><div class=\"glide__slides\"><div class=\"wp-block-themeisle-blocks-slider-item-wrapper glide__slide\" tabindex=\"0\"><figure><img decoding=\"async\" class=\"wp-block-themeisle-blocks-slider-item\" src=\"https:\/\/familie-weitgereist.de\/wp-content\/uploads\/2022\/06\/20220609030514_IMG_6743-1-scaled.jpg\" alt=\"\" title=\"\" data-id=\"9054\"\/><figcaption>Teufelsbr\u00fccke<\/figcaption><\/figure><\/div><div class=\"wp-block-themeisle-blocks-slider-item-wrapper glide__slide\" tabindex=\"0\"><figure><img decoding=\"async\" class=\"wp-block-themeisle-blocks-slider-item\" src=\"https:\/\/familie-weitgereist.de\/wp-content\/uploads\/2022\/06\/20220609020427_IMG_6705-1-scaled.jpg\" alt=\"\" title=\"\" data-id=\"9055\"\/><\/figure><\/div><div class=\"wp-block-themeisle-blocks-slider-item-wrapper glide__slide\" tabindex=\"0\"><figure><img decoding=\"async\" class=\"wp-block-themeisle-blocks-slider-item\" src=\"https:\/\/familie-weitgereist.de\/wp-content\/uploads\/2022\/06\/20220609013622_IMG_6664-1-scaled.jpg\" alt=\"\" title=\"\" data-id=\"9056\"\/><\/figure><\/div><div class=\"wp-block-themeisle-blocks-slider-item-wrapper glide__slide\" tabindex=\"0\"><figure><img decoding=\"async\" class=\"wp-block-themeisle-blocks-slider-item\" src=\"https:\/\/familie-weitgereist.de\/wp-content\/uploads\/2022\/06\/20220609013907_IMG_6673-1-scaled.jpg\" alt=\"\" title=\"\" data-id=\"9057\"\/><\/figure><\/div><\/div><div class=\"glide__bullets\" data-glide-el=\"controls[nav]\"><button class=\"glide__bullet\" data-glide-dir=\"=0\"><\/button><button class=\"glide__bullet\" data-glide-dir=\"=1\"><\/button><button class=\"glide__bullet\" data-glide-dir=\"=2\"><\/button><button class=\"glide__bullet\" data-glide-dir=\"=3\"><\/button><\/div><\/div><\/div>\n\n\n\n<p>Der <strong>B\u00e4renkopf<\/strong> ist ein gro\u00dfer Fels, welcher im engen Teil der Klamm eingeklemmt ist.<\/p>\n\n\n\n<figure class=\"wp-block-image size-large\"><img loading=\"lazy\" decoding=\"async\" width=\"1024\" height=\"683\" src=\"https:\/\/familie-weitgereist.de\/wp-content\/uploads\/2022\/06\/20220609023002_IMG_6720-1024x683.jpg\" alt=\"\" class=\"wp-image-9060\" srcset=\"https:\/\/familie-weitgereist.de\/wp-content\/uploads\/2022\/06\/20220609023002_IMG_6720-1024x683.jpg 1024w, https:\/\/familie-weitgereist.de\/wp-content\/uploads\/2022\/06\/20220609023002_IMG_6720-300x200.jpg 300w, https:\/\/familie-weitgereist.de\/wp-content\/uploads\/2022\/06\/20220609023002_IMG_6720-768x512.jpg 768w, https:\/\/familie-weitgereist.de\/wp-content\/uploads\/2022\/06\/20220609023002_IMG_6720-1536x1024.jpg 1536w, https:\/\/familie-weitgereist.de\/wp-content\/uploads\/2022\/06\/20220609023002_IMG_6720-2048x1365.jpg 2048w, https:\/\/familie-weitgereist.de\/wp-content\/uploads\/2022\/06\/20220609023002_IMG_6720-1200x800.jpg 1200w, https:\/\/familie-weitgereist.de\/wp-content\/uploads\/2022\/06\/20220609023002_IMG_6720-1980x1320.jpg 1980w, https:\/\/familie-weitgereist.de\/wp-content\/uploads\/2022\/06\/20220609023002_IMG_6720-150x100.jpg 150w\" sizes=\"auto, (max-width: 1024px) 100vw, 1024px\" \/><figcaption>B\u00e4renkopf<\/figcaption><\/figure>\n\n\n\n<p>Zu guter Letzt kann man noch die Danteh\u00f6hle von au\u00dfen besichtigen. F\u00fchrungen durch die H\u00f6hle sind ebenfalls m\u00f6glich, jedoch ist die H\u00f6hle sehr anspruchsvoll und eng und daher nur f\u00fcr Ge\u00fcbte &#8218;H\u00f6hlenerforscher&#8216; geeignet. Die H\u00f6hle ist 1140m lang und 41m tief.<\/p>\n\n\n\n<figure class=\"wp-block-image size-large\"><img loading=\"lazy\" decoding=\"async\" width=\"1024\" height=\"683\" src=\"https:\/\/familie-weitgereist.de\/wp-content\/uploads\/2022\/06\/20220609025211_IMG_6735-1024x683.jpg\" alt=\"\" class=\"wp-image-9051\" srcset=\"https:\/\/familie-weitgereist.de\/wp-content\/uploads\/2022\/06\/20220609025211_IMG_6735-1024x683.jpg 1024w, https:\/\/familie-weitgereist.de\/wp-content\/uploads\/2022\/06\/20220609025211_IMG_6735-300x200.jpg 300w, https:\/\/familie-weitgereist.de\/wp-content\/uploads\/2022\/06\/20220609025211_IMG_6735-768x512.jpg 768w, https:\/\/familie-weitgereist.de\/wp-content\/uploads\/2022\/06\/20220609025211_IMG_6735-1536x1024.jpg 1536w, https:\/\/familie-weitgereist.de\/wp-content\/uploads\/2022\/06\/20220609025211_IMG_6735-2048x1365.jpg 2048w, https:\/\/familie-weitgereist.de\/wp-content\/uploads\/2022\/06\/20220609025211_IMG_6735-1200x800.jpg 1200w, https:\/\/familie-weitgereist.de\/wp-content\/uploads\/2022\/06\/20220609025211_IMG_6735-1980x1320.jpg 1980w, https:\/\/familie-weitgereist.de\/wp-content\/uploads\/2022\/06\/20220609025211_IMG_6735-150x100.jpg 150w\" sizes=\"auto, (max-width: 1024px) 100vw, 1024px\" \/><figcaption>Danteh\u00f6hle<\/figcaption><\/figure>\n\n\n\n<h2 class=\"wp-block-heading\" id=\"bohinjsee\">Bohinj See<\/h2>\n\n\n\n<p>Der Bohinj See liegt im <strong>Triglav<\/strong> <strong>Nationalpark<\/strong>. Der Triglav Nationalpark ist der einzige Nationalpark Sloweniens und erstreckt sich im Gebiet der <strong>Julischen<\/strong> <strong>Alpen<\/strong>. Der See ist wunderbar gelegen, inmitten von Bergen. Das t\u00fcrkisfarbene Wasser und die Berge bieten wunderbare Fotokulissen.<\/p>\n\n\n\n<div id=\"wp-block-themeisle-blocks-slider-e975e870\" class=\"wp-block-themeisle-blocks-slider glide\" data-per-view=\"1\" data-gap=\"0\" data-peek=\"0\" data-autoplay=\"true\" data-height=\"353px\" data-hide-arrows=\"false\"><div class=\"glide__track\" data-glide-el=\"track\"><div class=\"glide__slides\"><div class=\"wp-block-themeisle-blocks-slider-item-wrapper glide__slide\" tabindex=\"0\"><figure><img decoding=\"async\" class=\"wp-block-themeisle-blocks-slider-item\" src=\"https:\/\/familie-weitgereist.de\/wp-content\/uploads\/2022\/06\/20220610093732_IMG_6992-scaled.jpg\" alt=\"\" title=\"\" data-id=\"8989\"\/><\/figure><\/div><div class=\"wp-block-themeisle-blocks-slider-item-wrapper glide__slide\" tabindex=\"0\"><figure><img decoding=\"async\" class=\"wp-block-themeisle-blocks-slider-item\" src=\"https:\/\/familie-weitgereist.de\/wp-content\/uploads\/2022\/06\/20220610095123_IMG_6998-scaled.jpg\" alt=\"\" title=\"\" data-id=\"8990\"\/><\/figure><\/div><div class=\"wp-block-themeisle-blocks-slider-item-wrapper glide__slide\" tabindex=\"0\"><figure><img decoding=\"async\" class=\"wp-block-themeisle-blocks-slider-item\" src=\"https:\/\/familie-weitgereist.de\/wp-content\/uploads\/2022\/06\/20220610070957_IMG_6941-scaled.jpg\" alt=\"\" title=\"\" data-id=\"8992\"\/><\/figure><\/div><\/div><div class=\"glide__bullets\" data-glide-el=\"controls[nav]\"><button class=\"glide__bullet\" data-glide-dir=\"=0\"><\/button><button class=\"glide__bullet\" data-glide-dir=\"=1\"><\/button><button class=\"glide__bullet\" data-glide-dir=\"=2\"><\/button><\/div><\/div><\/div>\n\n\n\n<p>Am Ufer des Sees in Ukanc befindet sich ein Campingplatz, auf dem wir zwei N\u00e4chte \u00fcbernachtet haben. In der Hauptsaison scheint es schwierig zu sein einen Platz f\u00fcr seinen Camper zu erhalten. Der Campingplatz selbst bietet keine reservierbaren Stellpl\u00e4tze an, sondern es wird nach dem Prinzip &#8222;First come, first serve&#8220; verfahren. Ist der Platz voll, muss man weiter fahren. Das ist etwas problematisch, da Freistehen im Triglav Nationalpark mit sehr hohen Geldbu\u00dfen belegt ist und dies, besonders in den Sommermonaten, auch rege von der Polizei kontrolliert wird.<\/p>\n\n\n\n<p>Der Campingplatz war sehr voll, rasch sind wir mit Gleichgesinnten ins Gespr\u00e4ch gekommen. Dennoch bietet der See genug Weitl\u00e4ufigkeit um dem Trubel zu entfliehen und in Ruhe die Natur genie\u00dfen zu k\u00f6nnen. <\/p>\n\n\n\n<figure class=\"wp-block-image size-large\"><img loading=\"lazy\" decoding=\"async\" width=\"1024\" height=\"683\" src=\"https:\/\/familie-weitgereist.de\/wp-content\/uploads\/2022\/06\/20220610100227_IMG_7002-1024x683.jpg\" alt=\"\" class=\"wp-image-8987\" srcset=\"https:\/\/familie-weitgereist.de\/wp-content\/uploads\/2022\/06\/20220610100227_IMG_7002-1024x683.jpg 1024w, https:\/\/familie-weitgereist.de\/wp-content\/uploads\/2022\/06\/20220610100227_IMG_7002-300x200.jpg 300w, https:\/\/familie-weitgereist.de\/wp-content\/uploads\/2022\/06\/20220610100227_IMG_7002-768x512.jpg 768w, https:\/\/familie-weitgereist.de\/wp-content\/uploads\/2022\/06\/20220610100227_IMG_7002-1536x1024.jpg 1536w, https:\/\/familie-weitgereist.de\/wp-content\/uploads\/2022\/06\/20220610100227_IMG_7002-2048x1365.jpg 2048w, https:\/\/familie-weitgereist.de\/wp-content\/uploads\/2022\/06\/20220610100227_IMG_7002-1200x800.jpg 1200w, https:\/\/familie-weitgereist.de\/wp-content\/uploads\/2022\/06\/20220610100227_IMG_7002-1980x1320.jpg 1980w, https:\/\/familie-weitgereist.de\/wp-content\/uploads\/2022\/06\/20220610100227_IMG_7002-150x100.jpg 150w\" sizes=\"auto, (max-width: 1024px) 100vw, 1024px\" \/><\/figure>\n\n\n\n<h2 class=\"wp-block-heading\" id=\"bergvogel\">Berg Vogel<\/h2>\n\n\n\n<p>Ein wunderbares Highlight war, unsere Wanderung auf den <strong>Berg<\/strong> <strong>Vogel<\/strong>. Wir haben mit der Gondel innerhalb von 5 Minuten 1000 H\u00f6henmeter \u00fcberwunden. Eine Berg- und Talfahrt kostete 28\u20ac pro Person. Kinder bis 6 Jahre zahlen nichts. (<em>Stand Juni 2022<\/em>)<\/p>\n\n\n\n<figure class=\"wp-block-image size-large\"><img loading=\"lazy\" decoding=\"async\" width=\"1024\" height=\"720\" src=\"https:\/\/familie-weitgereist.de\/wp-content\/uploads\/2022\/06\/IMG_20220610_161334-1024x720.jpg\" alt=\"\" class=\"wp-image-9007\" srcset=\"https:\/\/familie-weitgereist.de\/wp-content\/uploads\/2022\/06\/IMG_20220610_161334-1024x720.jpg 1024w, https:\/\/familie-weitgereist.de\/wp-content\/uploads\/2022\/06\/IMG_20220610_161334-300x211.jpg 300w, https:\/\/familie-weitgereist.de\/wp-content\/uploads\/2022\/06\/IMG_20220610_161334-768x540.jpg 768w, https:\/\/familie-weitgereist.de\/wp-content\/uploads\/2022\/06\/IMG_20220610_161334-1536x1080.jpg 1536w, https:\/\/familie-weitgereist.de\/wp-content\/uploads\/2022\/06\/IMG_20220610_161334-2048x1440.jpg 2048w, https:\/\/familie-weitgereist.de\/wp-content\/uploads\/2022\/06\/IMG_20220610_161334-1200x844.jpg 1200w, https:\/\/familie-weitgereist.de\/wp-content\/uploads\/2022\/06\/IMG_20220610_161334-1980x1393.jpg 1980w, https:\/\/familie-weitgereist.de\/wp-content\/uploads\/2022\/06\/IMG_20220610_161334-150x105.jpg 150w\" sizes=\"auto, (max-width: 1024px) 100vw, 1024px\" \/><\/figure>\n\n\n\n<p>Der Ausblick auf das Triglav Gebirge und den Bohinj See ist grandios. Wir unternahmen von der Bergstation eine Rundwanderung zum Gipfelkreuz. Das Gipfelkreuz hatte eine Glocke, somit h\u00f6rt jeder, wenn man oben angekommen ist. (:<\/p>\n\n\n\n<div id=\"wp-block-themeisle-blocks-slider-cfe6ee0c\" class=\"wp-block-themeisle-blocks-slider glide\" data-per-view=\"1\" data-gap=\"0\" data-peek=\"0\" data-autoplay=\"true\" data-height=\"313px\" data-hide-arrows=\"false\"><div class=\"glide__track\" data-glide-el=\"track\"><div class=\"glide__slides\"><div class=\"wp-block-themeisle-blocks-slider-item-wrapper glide__slide\" tabindex=\"0\"><figure><img decoding=\"async\" class=\"wp-block-themeisle-blocks-slider-item\" src=\"https:\/\/familie-weitgereist.de\/wp-content\/uploads\/2022\/06\/20220610050904_IMG_6876-scaled.jpg\" alt=\"\" title=\"\" data-id=\"9010\"\/><\/figure><\/div><div class=\"wp-block-themeisle-blocks-slider-item-wrapper glide__slide\" tabindex=\"0\"><figure><img decoding=\"async\" class=\"wp-block-themeisle-blocks-slider-item\" src=\"https:\/\/familie-weitgereist.de\/wp-content\/uploads\/2022\/06\/20220610050741_IMG_6873-1-scaled.jpg\" alt=\"\" title=\"\" data-id=\"9011\"\/><\/figure><\/div><div class=\"wp-block-themeisle-blocks-slider-item-wrapper glide__slide\" tabindex=\"0\"><figure><img decoding=\"async\" class=\"wp-block-themeisle-blocks-slider-item\" src=\"https:\/\/familie-weitgereist.de\/wp-content\/uploads\/2022\/06\/20220610031730_IMG_6828-scaled.jpg\" alt=\"\" title=\"\" data-id=\"9016\"\/><\/figure><\/div><div class=\"wp-block-themeisle-blocks-slider-item-wrapper glide__slide\" tabindex=\"0\"><figure><img decoding=\"async\" class=\"wp-block-themeisle-blocks-slider-item\" src=\"https:\/\/familie-weitgereist.de\/wp-content\/uploads\/2022\/06\/IMG_20220610_162047_669.jpg\" alt=\"\" title=\"\" data-id=\"9017\"\/><\/figure><\/div><\/div><div class=\"glide__bullets\" data-glide-el=\"controls[nav]\"><button class=\"glide__bullet\" data-glide-dir=\"=0\"><\/button><button class=\"glide__bullet\" data-glide-dir=\"=1\"><\/button><button class=\"glide__bullet\" data-glide-dir=\"=2\"><\/button><button class=\"glide__bullet\" data-glide-dir=\"=3\"><\/button><\/div><\/div><\/div>\n\n\n\n<p>Der Berg Vogel wird als Skigebiet genutzt und bietet zahlreiche anspruchsvolle Abfahrten, demzufolge sind im Sommer die Wanderungen auch anstrengend steil.<\/p>\n\n\n\n<figure class=\"wp-block-gallery has-nested-images columns-default is-cropped wp-block-gallery-1 is-layout-flex wp-block-gallery-is-layout-flex\">\n<figure class=\"wp-block-image size-large\"><img loading=\"lazy\" decoding=\"async\" width=\"1024\" height=\"683\" data-id=\"9015\" src=\"https:\/\/familie-weitgereist.de\/wp-content\/uploads\/2022\/06\/20220610072439_IMG_6943-1024x683.jpg\" alt=\"\" class=\"wp-image-9015\" srcset=\"https:\/\/familie-weitgereist.de\/wp-content\/uploads\/2022\/06\/20220610072439_IMG_6943-1024x683.jpg 1024w, https:\/\/familie-weitgereist.de\/wp-content\/uploads\/2022\/06\/20220610072439_IMG_6943-300x200.jpg 300w, https:\/\/familie-weitgereist.de\/wp-content\/uploads\/2022\/06\/20220610072439_IMG_6943-768x512.jpg 768w, https:\/\/familie-weitgereist.de\/wp-content\/uploads\/2022\/06\/20220610072439_IMG_6943-1536x1024.jpg 1536w, https:\/\/familie-weitgereist.de\/wp-content\/uploads\/2022\/06\/20220610072439_IMG_6943-2048x1365.jpg 2048w, https:\/\/familie-weitgereist.de\/wp-content\/uploads\/2022\/06\/20220610072439_IMG_6943-1200x800.jpg 1200w, https:\/\/familie-weitgereist.de\/wp-content\/uploads\/2022\/06\/20220610072439_IMG_6943-1980x1320.jpg 1980w, https:\/\/familie-weitgereist.de\/wp-content\/uploads\/2022\/06\/20220610072439_IMG_6943-150x100.jpg 150w\" sizes=\"auto, (max-width: 1024px) 100vw, 1024px\" \/><\/figure>\n\n\n\n<figure class=\"wp-block-image size-large\"><img loading=\"lazy\" decoding=\"async\" width=\"1024\" height=\"683\" data-id=\"9014\" src=\"https:\/\/familie-weitgereist.de\/wp-content\/uploads\/2022\/06\/20220610014914_IMG_6774-1024x683.jpg\" alt=\"\" class=\"wp-image-9014\" srcset=\"https:\/\/familie-weitgereist.de\/wp-content\/uploads\/2022\/06\/20220610014914_IMG_6774-1024x683.jpg 1024w, https:\/\/familie-weitgereist.de\/wp-content\/uploads\/2022\/06\/20220610014914_IMG_6774-300x200.jpg 300w, https:\/\/familie-weitgereist.de\/wp-content\/uploads\/2022\/06\/20220610014914_IMG_6774-768x512.jpg 768w, https:\/\/familie-weitgereist.de\/wp-content\/uploads\/2022\/06\/20220610014914_IMG_6774-1536x1024.jpg 1536w, https:\/\/familie-weitgereist.de\/wp-content\/uploads\/2022\/06\/20220610014914_IMG_6774-2048x1365.jpg 2048w, https:\/\/familie-weitgereist.de\/wp-content\/uploads\/2022\/06\/20220610014914_IMG_6774-1200x800.jpg 1200w, https:\/\/familie-weitgereist.de\/wp-content\/uploads\/2022\/06\/20220610014914_IMG_6774-1980x1320.jpg 1980w, https:\/\/familie-weitgereist.de\/wp-content\/uploads\/2022\/06\/20220610014914_IMG_6774-150x100.jpg 150w\" sizes=\"auto, (max-width: 1024px) 100vw, 1024px\" \/><\/figure>\n<\/figure>\n\n\n\n<h2 class=\"wp-block-heading\" id=\"bled\">Bled<\/h2>\n\n\n\n<p>Bled ist wohl eine der bekanntesten St\u00e4dte in Slowenien, da sich die einzige Insel Sloweniens im Bleder See befindet. Die winzige Insel <strong>Blejski Otok<\/strong> mit ihrer Kirche geh\u00f6rt zu den bekanntesten Fotomotiven Sloweniens.<\/p>\n\n\n\n<figure class=\"wp-block-image size-large\"><img loading=\"lazy\" decoding=\"async\" width=\"1024\" height=\"683\" src=\"https:\/\/familie-weitgereist.de\/wp-content\/uploads\/2022\/06\/20220611050956_IMG_7038-1024x683.jpg\" alt=\"\" class=\"wp-image-9029\" srcset=\"https:\/\/familie-weitgereist.de\/wp-content\/uploads\/2022\/06\/20220611050956_IMG_7038-1024x683.jpg 1024w, https:\/\/familie-weitgereist.de\/wp-content\/uploads\/2022\/06\/20220611050956_IMG_7038-300x200.jpg 300w, https:\/\/familie-weitgereist.de\/wp-content\/uploads\/2022\/06\/20220611050956_IMG_7038-768x512.jpg 768w, https:\/\/familie-weitgereist.de\/wp-content\/uploads\/2022\/06\/20220611050956_IMG_7038-1536x1024.jpg 1536w, https:\/\/familie-weitgereist.de\/wp-content\/uploads\/2022\/06\/20220611050956_IMG_7038-2048x1365.jpg 2048w, https:\/\/familie-weitgereist.de\/wp-content\/uploads\/2022\/06\/20220611050956_IMG_7038-1200x800.jpg 1200w, https:\/\/familie-weitgereist.de\/wp-content\/uploads\/2022\/06\/20220611050956_IMG_7038-1980x1320.jpg 1980w, https:\/\/familie-weitgereist.de\/wp-content\/uploads\/2022\/06\/20220611050956_IMG_7038-150x100.jpg 150w\" sizes=\"auto, (max-width: 1024px) 100vw, 1024px\" \/><figcaption>Blejski Otok<\/figcaption><\/figure>\n\n\n\n<p>Daher wundert es nicht, dass Bled ein gut besuchter Ort ist. Wir waren einmal im September und einmal im Juni in Bled, also nicht mehr oder noch nicht die absolute Hauptsaison und wir empfanden es schon sehr voll. Der Ort Bled selbst ist unserer Meinung gar nicht so sehenswert, da viele Hotelbauten das idyllische Stadtbild etwas tr\u00fcben. Dennoch verspr\u00fcht Bled einen gewissen Alpencharme und der See ist die eigentliche Sehensw\u00fcrdigkeit.<\/p>\n\n\n\n<div id=\"wp-block-themeisle-blocks-slider-89b20c84\" class=\"wp-block-themeisle-blocks-slider glide\" data-per-view=\"1\" data-gap=\"0\" data-peek=\"0\" data-autoplay=\"true\" data-height=\"257px\" data-hide-arrows=\"false\"><div class=\"glide__track\" data-glide-el=\"track\"><div class=\"glide__slides\"><div class=\"wp-block-themeisle-blocks-slider-item-wrapper glide__slide\" tabindex=\"0\"><figure><img decoding=\"async\" class=\"wp-block-themeisle-blocks-slider-item\" src=\"https:\/\/familie-weitgereist.de\/wp-content\/uploads\/2022\/06\/20220611053909_IMG_7060-scaled.jpg\" alt=\"\" title=\"\" data-id=\"9033\"\/><\/figure><\/div><div class=\"wp-block-themeisle-blocks-slider-item-wrapper glide__slide\" tabindex=\"0\"><figure><img decoding=\"async\" class=\"wp-block-themeisle-blocks-slider-item\" src=\"https:\/\/familie-weitgereist.de\/wp-content\/uploads\/2022\/06\/20220611054504_IMG_7071-scaled.jpg\" alt=\"\" title=\"\" data-id=\"9034\"\/><\/figure><\/div><div class=\"wp-block-themeisle-blocks-slider-item-wrapper glide__slide\" tabindex=\"0\"><figure><img decoding=\"async\" class=\"wp-block-themeisle-blocks-slider-item\" src=\"https:\/\/familie-weitgereist.de\/wp-content\/uploads\/2022\/06\/20220611054707_IMG_7075-scaled.jpg\" alt=\"\" title=\"\" data-id=\"9036\"\/><\/figure><\/div><div class=\"wp-block-themeisle-blocks-slider-item-wrapper glide__slide\" tabindex=\"0\"><figure><img decoding=\"async\" class=\"wp-block-themeisle-blocks-slider-item\" src=\"https:\/\/familie-weitgereist.de\/wp-content\/uploads\/2022\/06\/20220611055630_IMG_7095-scaled.jpg\" alt=\"\" title=\"\" data-id=\"9039\"\/><\/figure><\/div><\/div><div class=\"glide__bullets\" data-glide-el=\"controls[nav]\"><button class=\"glide__bullet\" data-glide-dir=\"=0\"><\/button><button class=\"glide__bullet\" data-glide-dir=\"=1\"><\/button><button class=\"glide__bullet\" data-glide-dir=\"=2\"><\/button><button class=\"glide__bullet\" data-glide-dir=\"=3\"><\/button><\/div><\/div><\/div>\n\n\n\n<p>Bei einem Spaziergang um den Bleder See kann man von verschiedenen Perspektiven einen Blick auf die Insel und die Kirche werfen. Der Rundweg ist nur 6 km lang und l\u00e4sst sich sehr gut laufen.<\/p>\n\n\n\n<figure class=\"wp-block-image size-large\"><img loading=\"lazy\" decoding=\"async\" width=\"1024\" height=\"683\" src=\"https:\/\/familie-weitgereist.de\/wp-content\/uploads\/2022\/06\/20220611053511_IMG_7053-1024x683.jpg\" alt=\"\" class=\"wp-image-9031\" srcset=\"https:\/\/familie-weitgereist.de\/wp-content\/uploads\/2022\/06\/20220611053511_IMG_7053-1024x683.jpg 1024w, https:\/\/familie-weitgereist.de\/wp-content\/uploads\/2022\/06\/20220611053511_IMG_7053-300x200.jpg 300w, https:\/\/familie-weitgereist.de\/wp-content\/uploads\/2022\/06\/20220611053511_IMG_7053-768x512.jpg 768w, https:\/\/familie-weitgereist.de\/wp-content\/uploads\/2022\/06\/20220611053511_IMG_7053-1536x1024.jpg 1536w, https:\/\/familie-weitgereist.de\/wp-content\/uploads\/2022\/06\/20220611053511_IMG_7053-2048x1365.jpg 2048w, https:\/\/familie-weitgereist.de\/wp-content\/uploads\/2022\/06\/20220611053511_IMG_7053-1200x800.jpg 1200w, https:\/\/familie-weitgereist.de\/wp-content\/uploads\/2022\/06\/20220611053511_IMG_7053-1980x1320.jpg 1980w, https:\/\/familie-weitgereist.de\/wp-content\/uploads\/2022\/06\/20220611053511_IMG_7053-150x100.jpg 150w\" sizes=\"auto, (max-width: 1024px) 100vw, 1024px\" \/><\/figure>\n\n\n\n<p>Ein Aufstieg zur Burg Bled ist ebenfalls lohnenswert und vom Burgareal bieten sich wunderbare Ausblicke auf den See. Der Eintrittspreis ist, wie in Slowenien \u00fcblich, mit 11\u20ac sehr teuer. (<em>Stand Juni 2022<\/em>) Auch der Anblick vom See hoch zur Burg ist lohnenswert.<\/p>\n\n\n\n<figure class=\"wp-block-image size-large is-resized\"><img loading=\"lazy\" decoding=\"async\" src=\"https:\/\/familie-weitgereist.de\/wp-content\/uploads\/2022\/06\/20220611055323_IMG_7085-1024x683.jpg\" alt=\"\" class=\"wp-image-9041\" width=\"377\" height=\"251\" srcset=\"https:\/\/familie-weitgereist.de\/wp-content\/uploads\/2022\/06\/20220611055323_IMG_7085-1024x683.jpg 1024w, https:\/\/familie-weitgereist.de\/wp-content\/uploads\/2022\/06\/20220611055323_IMG_7085-300x200.jpg 300w, https:\/\/familie-weitgereist.de\/wp-content\/uploads\/2022\/06\/20220611055323_IMG_7085-768x512.jpg 768w, https:\/\/familie-weitgereist.de\/wp-content\/uploads\/2022\/06\/20220611055323_IMG_7085-1536x1024.jpg 1536w, https:\/\/familie-weitgereist.de\/wp-content\/uploads\/2022\/06\/20220611055323_IMG_7085-2048x1365.jpg 2048w, https:\/\/familie-weitgereist.de\/wp-content\/uploads\/2022\/06\/20220611055323_IMG_7085-1200x800.jpg 1200w, https:\/\/familie-weitgereist.de\/wp-content\/uploads\/2022\/06\/20220611055323_IMG_7085-1980x1320.jpg 1980w, https:\/\/familie-weitgereist.de\/wp-content\/uploads\/2022\/06\/20220611055323_IMG_7085-150x100.jpg 150w\" sizes=\"auto, (max-width: 377px) 100vw, 377px\" \/><figcaption>Blick auf die Burg<\/figcaption><\/figure>\n\n\n\n<p>In Bled campierten wir auf dem <strong>River<\/strong> <strong>Camping Bled<\/strong> und empfanden diesen Campingplatz als den Besten, von den von uns besuchten. Der Platz verf\u00fcgt \u00fcber einen riesigen Spielplatz, einen gro\u00dfen Pool, Spielzimmer und Grillpl\u00e4tze. Zudem k\u00f6nnen hier Stellpl\u00e4tze vergeben werden und man hat somit die M\u00f6glichkeit zu reservieren, aber auch seinen Platz mit dem Auto zu verlassen.<\/p>\n\n\n\n<figure class=\"wp-block-image size-large\"><img loading=\"lazy\" decoding=\"async\" width=\"1024\" height=\"683\" src=\"https:\/\/familie-weitgereist.de\/wp-content\/uploads\/2022\/06\/20220611073344_IMG_7124-1024x683.jpg\" alt=\"\" class=\"wp-image-9037\" srcset=\"https:\/\/familie-weitgereist.de\/wp-content\/uploads\/2022\/06\/20220611073344_IMG_7124-1024x683.jpg 1024w, https:\/\/familie-weitgereist.de\/wp-content\/uploads\/2022\/06\/20220611073344_IMG_7124-300x200.jpg 300w, https:\/\/familie-weitgereist.de\/wp-content\/uploads\/2022\/06\/20220611073344_IMG_7124-768x512.jpg 768w, https:\/\/familie-weitgereist.de\/wp-content\/uploads\/2022\/06\/20220611073344_IMG_7124-1536x1024.jpg 1536w, https:\/\/familie-weitgereist.de\/wp-content\/uploads\/2022\/06\/20220611073344_IMG_7124-2048x1365.jpg 2048w, https:\/\/familie-weitgereist.de\/wp-content\/uploads\/2022\/06\/20220611073344_IMG_7124-1200x800.jpg 1200w, https:\/\/familie-weitgereist.de\/wp-content\/uploads\/2022\/06\/20220611073344_IMG_7124-1980x1320.jpg 1980w, https:\/\/familie-weitgereist.de\/wp-content\/uploads\/2022\/06\/20220611073344_IMG_7124-150x100.jpg 150w\" sizes=\"auto, (max-width: 1024px) 100vw, 1024px\" \/><figcaption>River Camping Bled<\/figcaption><\/figure>\n\n\n\n<p>Unweit des Campingplatzes befindet sich ein kleiner <strong>Dinopark<\/strong>. Merlin sprach schon seit einigen Wochen davon, dass er gern einen Dinopark besuchen m\u00f6chte und somit freuten wir uns \u00fcber die M\u00f6glichkeit. Der Eintrittspreis ist wieder einmal mit 12\u20ac f\u00fcr Erwachsene und 8\u20ac f\u00fcr Kinder ab 3 Jahren ziemlich teuer (<em>Stand Juni 2022<\/em>) und der Park ist nicht sehr gro\u00df, dennoch hatte Merlin viel Spa\u00df!<\/p>\n\n\n\n<div id=\"wp-block-themeisle-blocks-slider-b227d0d0\" class=\"wp-block-themeisle-blocks-slider glide\" data-per-view=\"1\" data-gap=\"0\" data-peek=\"0\" data-autoplay=\"true\" data-height=\"281px\" data-hide-arrows=\"false\"><div class=\"glide__track\" data-glide-el=\"track\"><div class=\"glide__slides\"><div class=\"wp-block-themeisle-blocks-slider-item-wrapper glide__slide\" tabindex=\"0\"><figure><img decoding=\"async\" class=\"wp-block-themeisle-blocks-slider-item\" src=\"https:\/\/familie-weitgereist.de\/wp-content\/uploads\/2022\/06\/20220612043504_IMG_7175-scaled.jpg\" alt=\"\" title=\"\" data-id=\"8996\"\/><\/figure><\/div><div class=\"wp-block-themeisle-blocks-slider-item-wrapper glide__slide\" tabindex=\"0\"><figure><img decoding=\"async\" class=\"wp-block-themeisle-blocks-slider-item\" src=\"https:\/\/familie-weitgereist.de\/wp-content\/uploads\/2022\/06\/20220612035450_IMG_7171-scaled.jpg\" alt=\"\" title=\"\" data-id=\"8998\"\/><\/figure><\/div><div class=\"wp-block-themeisle-blocks-slider-item-wrapper glide__slide\" tabindex=\"0\"><figure><img decoding=\"async\" class=\"wp-block-themeisle-blocks-slider-item\" src=\"https:\/\/familie-weitgereist.de\/wp-content\/uploads\/2022\/06\/20220612032859_IMG_7144-scaled.jpg\" alt=\"\" title=\"\" data-id=\"8999\"\/><\/figure><\/div><div class=\"wp-block-themeisle-blocks-slider-item-wrapper glide__slide\" tabindex=\"0\"><figure><img decoding=\"async\" class=\"wp-block-themeisle-blocks-slider-item\" src=\"https:\/\/familie-weitgereist.de\/wp-content\/uploads\/2022\/06\/20220612032819_IMG_7140-scaled.jpg\" alt=\"\" title=\"\" data-id=\"9001\"\/><\/figure><\/div><\/div><div class=\"glide__bullets\" data-glide-el=\"controls[nav]\"><button class=\"glide__bullet\" data-glide-dir=\"=0\"><\/button><button class=\"glide__bullet\" data-glide-dir=\"=1\"><\/button><button class=\"glide__bullet\" data-glide-dir=\"=2\"><\/button><button class=\"glide__bullet\" data-glide-dir=\"=3\"><\/button><\/div><\/div><\/div>\n\n\n\n<p>Das Highlight im Dinopark ist ein f\u00fcnfmin\u00fctiger 6D-Dinofilm. Die Kinositze bewegen sich, Wind wird einem ins Gesicht gepustet und somit wird es zu einem interessanten Erlebnis.<\/p>\n\n\n\n<p>Unsere Slowenienreise von 2016:<\/p>\n\n\n\n<figure class=\"wp-block-embed is-type-video is-provider-youtube wp-block-embed-youtube wp-embed-aspect-16-9 wp-has-aspect-ratio\"><div class=\"wp-block-embed__wrapper\">\n<iframe loading=\"lazy\" title=\"BLED, SLOWENIEN\" width=\"580\" height=\"326\" src=\"https:\/\/www.youtube.com\/embed\/ORdGZmEOOys?feature=oembed\" frameborder=\"0\" allow=\"accelerometer; autoplay; clipboard-write; encrypted-media; gyroscope; picture-in-picture; web-share\" referrerpolicy=\"strict-origin-when-cross-origin\" allowfullscreen><\/iframe>\n<\/div><\/figure>\n","protected":false},"excerpt":{"rendered":"<p>Slowenien ist ein kleines Land, gerade einmal so gro\u00df wie Bayern, hat ca. 2 Millionen Einwohner und wird von vielen nur als Durchreiseland nach Kroatien genutzt. Zu Unrecht, wie wir finden. Slowenien hat so viel zu bieten, auf kleiner Fl\u00e4che. In zwei Stunden von der Adria in die Alpen? Schl\u00f6sser, Burgen, H\u00f6hlen, Klammen, Bergp\u00e4sse und [&hellip;]<\/p>\n","protected":false},"author":3,"featured_media":8926,"comment_status":"open","ping_status":"open","sticky":false,"template":"","format":"standard","meta":{"_themeisle_gutenberg_block_has_review":false,"footnotes":""},"categories":[296,8,4],"tags":[670,299,674,668,673,660,662,661,663,667,666,664,665,671,669],"class_list":["post-8920","post","type-post","status-publish","format-standard","has-post-thumbnail","hentry","category-slowenien","category-europa","category-laender","tag-berg-vogel","tag-bled","tag-bleder-see","tag-bohinj","tag-bohinj-see","tag-piran","tag-postojna-hoehle","tag-predjama-hoehlenburg","tag-skocjan-hoehle","tag-tolmin","tag-tolmin-klamm","tag-triglav","tag-triglav-nationalpark","tag-ukanc","tag-vogelberg"],"_links":{"self":[{"href":"https:\/\/familie-weitgereist.de\/index.php?rest_route=\/wp\/v2\/posts\/8920","targetHints":{"allow":["GET"]}}],"collection":[{"href":"https:\/\/familie-weitgereist.de\/index.php?rest_route=\/wp\/v2\/posts"}],"about":[{"href":"https:\/\/familie-weitgereist.de\/index.php?rest_route=\/wp\/v2\/types\/post"}],"author":[{"embeddable":true,"href":"https:\/\/familie-weitgereist.de\/index.php?rest_route=\/wp\/v2\/users\/3"}],"replies":[{"embeddable":true,"href":"https:\/\/familie-weitgereist.de\/index.php?rest_route=%2Fwp%2Fv2%2Fcomments&post=8920"}],"version-history":[{"count":137,"href":"https:\/\/familie-weitgereist.de\/index.php?rest_route=\/wp\/v2\/posts\/8920\/revisions"}],"predecessor-version":[{"id":23483,"href":"https:\/\/familie-weitgereist.de\/index.php?rest_route=\/wp\/v2\/posts\/8920\/revisions\/23483"}],"wp:featuredmedia":[{"embeddable":true,"href":"https:\/\/familie-weitgereist.de\/index.php?rest_route=\/wp\/v2\/media\/8926"}],"wp:attachment":[{"href":"https:\/\/familie-weitgereist.de\/index.php?rest_route=%2Fwp%2Fv2%2Fmedia&parent=8920"}],"wp:term":[{"taxonomy":"category","embeddable":true,"href":"https:\/\/familie-weitgereist.de\/index.php?rest_route=%2Fwp%2Fv2%2Fcategories&post=8920"},{"taxonomy":"post_tag","embeddable":true,"href":"https:\/\/familie-weitgereist.de\/index.php?rest_route=%2Fwp%2Fv2%2Ftags&post=8920"}],"curies":[{"name":"wp","href":"https:\/\/api.w.org\/{rel}","templated":true}]}}