{"id":8730,"date":"2022-05-30T08:15:13","date_gmt":"2022-05-30T06:15:13","guid":{"rendered":"https:\/\/familie-weitgereist.de\/?p=8730"},"modified":"2025-10-12T23:02:06","modified_gmt":"2025-10-12T21:02:06","slug":"workation-auf-krk-kroatien-mit-kleinkind-teil-5","status":"publish","type":"post","link":"https:\/\/familie-weitgereist.de\/?p=8730","title":{"rendered":"Workation auf Krk, Kroatien mit Kleinkind"},"content":{"rendered":"\n<p>In diesem Beitrag berichten wir \u00fcber unsere Workation Woche auf der <strong>Insel Krk<\/strong>, der gr\u00f6\u00dften Insel in Kroatien. Krk geh\u00f6rt zu den beliebtesten Urlaubsorten in Kroatien und so tummeln sich Anfang Juni schon einige Touristen auf Krk. Haupts\u00e4chlich kommen diese aus Slowenien, \u00d6sterreich, Italien und Deutschland. Die Insel Krk ist ein Urlaubsparadies und gerade deswegen so beliebt. Hohe Berge, ausgebaute Wander- und Radwege, herrliche K\u00fcstenst\u00e4dtchen, traumhafte Buchten, t\u00fcrkisblaues Meer und warme Temperaturen bieten f\u00fcr Aktiv- und Erholungsurlauber ausreichend Vielfalt. <\/p>\n\n\n\n<p>Krk wird seit der Antike auch als die &#8222;Goldene Insel&#8220; bezeichnet aufgrund der ca. 2500 Sonnenstunden im Jahr. <\/p>\n\n\n\n<h2 class=\"wp-block-heading\">Anreise<\/h2>\n\n\n\n<p>Wir sind mit der F\u00e4hre von <strong>Lopar, der Insel<\/strong> <strong>Rab<\/strong> innerhalb von 85 Minuten auf Krk angekommen. Die F\u00e4hre legt unweit des Ortes <strong>Valbiska<\/strong> an. Von dort waren es 15 Autominuten bis nach <strong>Malinska<\/strong>, wo wir eine Woche verbracht haben. <\/p>\n\n\n\n<figure class=\"wp-block-image size-large\"><img loading=\"lazy\" decoding=\"async\" width=\"1024\" height=\"683\" src=\"https:\/\/familie-weitgereist.de\/wp-content\/uploads\/2022\/06\/20220529091759_IMG_5573-1024x683.jpg\" alt=\"\" class=\"wp-image-8856\" srcset=\"https:\/\/familie-weitgereist.de\/wp-content\/uploads\/2022\/06\/20220529091759_IMG_5573-1024x683.jpg 1024w, https:\/\/familie-weitgereist.de\/wp-content\/uploads\/2022\/06\/20220529091759_IMG_5573-300x200.jpg 300w, https:\/\/familie-weitgereist.de\/wp-content\/uploads\/2022\/06\/20220529091759_IMG_5573-768x512.jpg 768w, https:\/\/familie-weitgereist.de\/wp-content\/uploads\/2022\/06\/20220529091759_IMG_5573-1536x1024.jpg 1536w, https:\/\/familie-weitgereist.de\/wp-content\/uploads\/2022\/06\/20220529091759_IMG_5573-2048x1365.jpg 2048w, https:\/\/familie-weitgereist.de\/wp-content\/uploads\/2022\/06\/20220529091759_IMG_5573-1200x800.jpg 1200w, https:\/\/familie-weitgereist.de\/wp-content\/uploads\/2022\/06\/20220529091759_IMG_5573-1980x1320.jpg 1980w, https:\/\/familie-weitgereist.de\/wp-content\/uploads\/2022\/06\/20220529091759_IMG_5573-150x100.jpg 150w\" sizes=\"auto, (max-width: 1024px) 100vw, 1024px\" \/><figcaption>Auf der F\u00e4hre von Rab nach Krk<\/figcaption><\/figure>\n\n\n\n<p>Wer aus dem Norden kommt, kann auch die <strong>Krk Br\u00fccke<\/strong> nutzen, die schon seit 1980 die Insel mit dem Festland verbindet. Dadurch ist die Anreise besonders komfortabel.<\/p>\n\n\n\n<p>Im folgenden stellen wir unsere <strong>Krk-Highlights<\/strong> vor. <\/p>\n\n\n\n<h2 class=\"wp-block-heading\">Malinska<\/h2>\n\n\n\n<p>Unser Ferienhaus befindet sich in Malinska, einem beliebten Urlaubsort auf Krk. <\/p>\n\n\n\n<figure class=\"wp-block-image size-large\"><img loading=\"lazy\" decoding=\"async\" width=\"1024\" height=\"768\" src=\"https:\/\/familie-weitgereist.de\/wp-content\/uploads\/2022\/06\/IMG_20220601_193907-1024x768.jpg\" alt=\"\" class=\"wp-image-8791\" srcset=\"https:\/\/familie-weitgereist.de\/wp-content\/uploads\/2022\/06\/IMG_20220601_193907-1024x768.jpg 1024w, https:\/\/familie-weitgereist.de\/wp-content\/uploads\/2022\/06\/IMG_20220601_193907-300x225.jpg 300w, https:\/\/familie-weitgereist.de\/wp-content\/uploads\/2022\/06\/IMG_20220601_193907-768x576.jpg 768w, https:\/\/familie-weitgereist.de\/wp-content\/uploads\/2022\/06\/IMG_20220601_193907-1536x1152.jpg 1536w, https:\/\/familie-weitgereist.de\/wp-content\/uploads\/2022\/06\/IMG_20220601_193907-2048x1536.jpg 2048w, https:\/\/familie-weitgereist.de\/wp-content\/uploads\/2022\/06\/IMG_20220601_193907-1200x900.jpg 1200w, https:\/\/familie-weitgereist.de\/wp-content\/uploads\/2022\/06\/IMG_20220601_193907-1980x1485.jpg 1980w, https:\/\/familie-weitgereist.de\/wp-content\/uploads\/2022\/06\/IMG_20220601_193907-150x113.jpg 150w\" sizes=\"auto, (max-width: 1024px) 100vw, 1024px\" \/><figcaption>Unsere Ferienwohnung<\/figcaption><\/figure>\n\n\n\n<p>Malinska ist ein beliebter Ferienort auf der Insel Krk. Der Hafen, umringt von vielen Caf\u00e9s, Restaurants und Konobas, l\u00e4dt zum Verweilen ein. Ein weiteres Highlight in Malinska ist die kilometerlange Uferpromenade. Bei vielen Spazierg\u00e4ngen entdeckten wir sch\u00f6ne Buchten, kleine Strandabschnitte und schattige Spielpl\u00e4tze. Ein wahres Urlaubsparadies.<\/p>\n\n\n\n<figure class=\"wp-block-image size-large\"><img loading=\"lazy\" decoding=\"async\" width=\"1024\" height=\"768\" src=\"https:\/\/familie-weitgereist.de\/wp-content\/uploads\/2022\/06\/IMG_20220601_124853-1024x768.jpg\" alt=\"\" class=\"wp-image-8794\" srcset=\"https:\/\/familie-weitgereist.de\/wp-content\/uploads\/2022\/06\/IMG_20220601_124853-1024x768.jpg 1024w, https:\/\/familie-weitgereist.de\/wp-content\/uploads\/2022\/06\/IMG_20220601_124853-300x225.jpg 300w, https:\/\/familie-weitgereist.de\/wp-content\/uploads\/2022\/06\/IMG_20220601_124853-768x576.jpg 768w, https:\/\/familie-weitgereist.de\/wp-content\/uploads\/2022\/06\/IMG_20220601_124853-1536x1152.jpg 1536w, https:\/\/familie-weitgereist.de\/wp-content\/uploads\/2022\/06\/IMG_20220601_124853-2048x1536.jpg 2048w, https:\/\/familie-weitgereist.de\/wp-content\/uploads\/2022\/06\/IMG_20220601_124853-1200x900.jpg 1200w, https:\/\/familie-weitgereist.de\/wp-content\/uploads\/2022\/06\/IMG_20220601_124853-1980x1485.jpg 1980w, https:\/\/familie-weitgereist.de\/wp-content\/uploads\/2022\/06\/IMG_20220601_124853-150x113.jpg 150w\" sizes=\"auto, (max-width: 1024px) 100vw, 1024px\" \/><figcaption>Malinska Hafen<\/figcaption><\/figure>\n\n\n\n<div id=\"wp-block-themeisle-blocks-slider-a86e3e64\" class=\"wp-block-themeisle-blocks-slider glide\" data-per-view=\"1\" data-gap=\"0\" data-peek=\"0\" data-autoplay=\"true\" data-height=\"311px\" data-hide-arrows=\"false\"><div class=\"glide__track\" data-glide-el=\"track\"><div class=\"glide__slides\"><div class=\"wp-block-themeisle-blocks-slider-item-wrapper glide__slide\" tabindex=\"0\"><figure><img decoding=\"async\" class=\"wp-block-themeisle-blocks-slider-item\" src=\"https:\/\/familie-weitgereist.de\/wp-content\/uploads\/2022\/06\/IMG_20220601_134819-scaled.jpg\" alt=\"\" title=\"\" data-id=\"8795\"\/><\/figure><\/div><div class=\"wp-block-themeisle-blocks-slider-item-wrapper glide__slide\" tabindex=\"0\"><figure><img decoding=\"async\" class=\"wp-block-themeisle-blocks-slider-item\" src=\"https:\/\/familie-weitgereist.de\/wp-content\/uploads\/2022\/06\/IMG_20220601_125358-scaled.jpg\" alt=\"\" title=\"\" data-id=\"8796\"\/><\/figure><\/div><div class=\"wp-block-themeisle-blocks-slider-item-wrapper glide__slide\" tabindex=\"0\"><figure><img decoding=\"async\" class=\"wp-block-themeisle-blocks-slider-item\" src=\"https:\/\/familie-weitgereist.de\/wp-content\/uploads\/2022\/06\/IMG_20220530_150148-scaled.jpg\" alt=\"\" title=\"\" data-id=\"8797\"\/><\/figure><\/div><div class=\"wp-block-themeisle-blocks-slider-item-wrapper glide__slide\" tabindex=\"0\"><figure><img decoding=\"async\" class=\"wp-block-themeisle-blocks-slider-item\" src=\"https:\/\/familie-weitgereist.de\/wp-content\/uploads\/2022\/06\/IMG_20220530_130753-scaled.jpg\" alt=\"\" title=\"\" data-id=\"8798\"\/><\/figure><\/div><\/div><div class=\"glide__bullets\" data-glide-el=\"controls[nav]\"><button class=\"glide__bullet\" data-glide-dir=\"=0\"><\/button><button class=\"glide__bullet\" data-glide-dir=\"=1\"><\/button><button class=\"glide__bullet\" data-glide-dir=\"=2\"><\/button><button class=\"glide__bullet\" data-glide-dir=\"=3\"><\/button><\/div><\/div><\/div>\n\n\n\n<h2 class=\"wp-block-heading\">Krk Stadt<\/h2>\n\n\n\n<p>Krk Stadt besitzt eine traumhafte Altstadt mit mittelalterlichem Flair. Wir streiften durch enge Gassen, einige waren sogar noch mit Kopfsteinpflaster angelegt. Merlin liebt Altst\u00e4dte und verliert sich gern in den labyrinthartigen Gassen. Es gibt kleine Gesch\u00e4fte, Konobas und Caf\u00e9s in den vielen versteckten Ecken.<\/p>\n\n\n\n<figure class=\"wp-block-image size-large\"><img loading=\"lazy\" decoding=\"async\" width=\"1024\" height=\"683\" src=\"https:\/\/familie-weitgereist.de\/wp-content\/uploads\/2022\/06\/20220531090018_IMG_5632-1024x683.jpg\" alt=\"\" class=\"wp-image-8859\" srcset=\"https:\/\/familie-weitgereist.de\/wp-content\/uploads\/2022\/06\/20220531090018_IMG_5632-1024x683.jpg 1024w, https:\/\/familie-weitgereist.de\/wp-content\/uploads\/2022\/06\/20220531090018_IMG_5632-300x200.jpg 300w, https:\/\/familie-weitgereist.de\/wp-content\/uploads\/2022\/06\/20220531090018_IMG_5632-768x512.jpg 768w, https:\/\/familie-weitgereist.de\/wp-content\/uploads\/2022\/06\/20220531090018_IMG_5632-1536x1024.jpg 1536w, https:\/\/familie-weitgereist.de\/wp-content\/uploads\/2022\/06\/20220531090018_IMG_5632-2048x1365.jpg 2048w, https:\/\/familie-weitgereist.de\/wp-content\/uploads\/2022\/06\/20220531090018_IMG_5632-1200x800.jpg 1200w, https:\/\/familie-weitgereist.de\/wp-content\/uploads\/2022\/06\/20220531090018_IMG_5632-1980x1320.jpg 1980w, https:\/\/familie-weitgereist.de\/wp-content\/uploads\/2022\/06\/20220531090018_IMG_5632-150x100.jpg 150w\" sizes=\"auto, (max-width: 1024px) 100vw, 1024px\" \/><figcaption>Frankopanen-Kastell<\/figcaption><\/figure>\n\n\n\n<p>Das Wahrzeichen von Krk Stadt ist das <strong>Frankopanen-Kastell<\/strong>. Dieses kann besichtigt werden. Die Festungsmauern ziehen sich einen Teil durch die Altstadt.<\/p>\n\n\n\n<div id=\"wp-block-themeisle-blocks-slider-e550a724\" class=\"wp-block-themeisle-blocks-slider glide\" data-per-view=\"1\" data-gap=\"0\" data-peek=\"0\" data-autoplay=\"true\" data-height=\"307px\" data-hide-arrows=\"false\"><div class=\"glide__track\" data-glide-el=\"track\"><div class=\"glide__slides\"><div class=\"wp-block-themeisle-blocks-slider-item-wrapper glide__slide\" tabindex=\"0\"><figure><img decoding=\"async\" class=\"wp-block-themeisle-blocks-slider-item\" src=\"https:\/\/familie-weitgereist.de\/wp-content\/uploads\/2022\/06\/20220531085310_IMG_5620-scaled.jpg\" alt=\"\" title=\"\" data-id=\"8864\"\/><\/figure><\/div><div class=\"wp-block-themeisle-blocks-slider-item-wrapper glide__slide\" tabindex=\"0\"><figure><img decoding=\"async\" class=\"wp-block-themeisle-blocks-slider-item\" src=\"https:\/\/familie-weitgereist.de\/wp-content\/uploads\/2022\/06\/20220531085639_IMG_5626-scaled.jpg\" alt=\"\" title=\"\" data-id=\"8865\"\/><\/figure><\/div><div class=\"wp-block-themeisle-blocks-slider-item-wrapper glide__slide\" tabindex=\"0\"><figure><img decoding=\"async\" class=\"wp-block-themeisle-blocks-slider-item\" src=\"https:\/\/familie-weitgereist.de\/wp-content\/uploads\/2022\/06\/20220605043123_IMG_6150-scaled.jpg\" alt=\"\" title=\"\" data-id=\"8866\"\/><\/figure><\/div><\/div><div class=\"glide__bullets\" data-glide-el=\"controls[nav]\"><button class=\"glide__bullet\" data-glide-dir=\"=0\"><\/button><button class=\"glide__bullet\" data-glide-dir=\"=1\"><\/button><button class=\"glide__bullet\" data-glide-dir=\"=2\"><\/button><\/div><\/div><\/div>\n\n\n\n<p>Krk Stadt kann in der Hauptsaison sehr voll werden, da die Stadt auf der Insel ein Anziehungspunkt ist.<\/p>\n\n\n\n<figure class=\"wp-block-image size-large\"><img loading=\"lazy\" decoding=\"async\" width=\"683\" height=\"1024\" src=\"https:\/\/familie-weitgereist.de\/wp-content\/uploads\/2022\/06\/20220605043313_IMG_6155-683x1024.jpg\" alt=\"\" class=\"wp-image-8869\" srcset=\"https:\/\/familie-weitgereist.de\/wp-content\/uploads\/2022\/06\/20220605043313_IMG_6155-683x1024.jpg 683w, https:\/\/familie-weitgereist.de\/wp-content\/uploads\/2022\/06\/20220605043313_IMG_6155-200x300.jpg 200w, https:\/\/familie-weitgereist.de\/wp-content\/uploads\/2022\/06\/20220605043313_IMG_6155-768x1152.jpg 768w, https:\/\/familie-weitgereist.de\/wp-content\/uploads\/2022\/06\/20220605043313_IMG_6155-1024x1536.jpg 1024w, https:\/\/familie-weitgereist.de\/wp-content\/uploads\/2022\/06\/20220605043313_IMG_6155-1365x2048.jpg 1365w, https:\/\/familie-weitgereist.de\/wp-content\/uploads\/2022\/06\/20220605043313_IMG_6155-1200x1800.jpg 1200w, https:\/\/familie-weitgereist.de\/wp-content\/uploads\/2022\/06\/20220605043313_IMG_6155-1980x2970.jpg 1980w, https:\/\/familie-weitgereist.de\/wp-content\/uploads\/2022\/06\/20220605043313_IMG_6155-150x225.jpg 150w, https:\/\/familie-weitgereist.de\/wp-content\/uploads\/2022\/06\/20220605043313_IMG_6155-scaled.jpg 1707w\" sizes=\"auto, (max-width: 683px) 100vw, 683px\" \/><figcaption>Altstadtgasse in Krk Stadt<\/figcaption><\/figure>\n\n\n\n<p>Wir haben in Krk Stadt das <strong>Tropical<\/strong> <strong>Aquarium<\/strong> besucht. Merlin hat sich sehr dar\u00fcber gefreut. Das Aquarium ist f\u00fcr Kinder unter 5 Jahren gratis und wir bezahlten 35 Kuna pro Person (<em>Stand Juni 2022<\/em>). Viele bunte Salzwasserfische sind zu bestaunen, sogar ein kleiner Hai und viele Muscheln und Korallen aus der ganzen Welt k\u00f6nnen betrachtet werden.<\/p>\n\n\n\n<div id=\"wp-block-themeisle-blocks-slider-b2ee4158\" class=\"wp-block-themeisle-blocks-slider glide\" data-per-view=\"1\" data-gap=\"0\" data-peek=\"0\" data-autoplay=\"true\" data-height=\"315px\" data-hide-arrows=\"false\"><div class=\"glide__track\" data-glide-el=\"track\"><div class=\"glide__slides\"><div class=\"wp-block-themeisle-blocks-slider-item-wrapper glide__slide\" tabindex=\"0\"><figure><img decoding=\"async\" class=\"wp-block-themeisle-blocks-slider-item\" src=\"https:\/\/familie-weitgereist.de\/wp-content\/uploads\/2022\/06\/20220605034640_IMG_6097-scaled.jpg\" alt=\"\" title=\"\" data-id=\"8861\"\/><\/figure><\/div><div class=\"wp-block-themeisle-blocks-slider-item-wrapper glide__slide\" tabindex=\"0\"><figure><img decoding=\"async\" class=\"wp-block-themeisle-blocks-slider-item\" src=\"https:\/\/familie-weitgereist.de\/wp-content\/uploads\/2022\/06\/20220605042949_IMG_6148-scaled.jpg\" alt=\"\" title=\"\" data-id=\"8863\"\/><\/figure><\/div><\/div><div class=\"glide__bullets\" data-glide-el=\"controls[nav]\"><button class=\"glide__bullet\" data-glide-dir=\"=0\"><\/button><button class=\"glide__bullet\" data-glide-dir=\"=1\"><\/button><\/div><\/div><\/div>\n\n\n\n<h2 class=\"wp-block-heading\">Dobrinj<\/h2>\n\n\n\n<p>Dobrinj ist ein kleines Bergdorf, welches auf einer gr\u00fcnen Anh\u00f6he von 198m liegt. Kleine Gassen f\u00fchren vorbei an typisch kroatischen Steinh\u00e4usern. Das Highlight dieses kleinen Ortes ist die Pfarrkirche des Heiligen Stefan aus dem 12. Jahrhundert. Zudem gibt es einen Pfarrgarten und einen gro\u00dfen Glockenturm. Von dort bieten sich grandiose Ausblicke \u00fcber die Insel, \u00fcber die Kvarner Bucht bis nach Rijeka.<\/p>\n\n\n\n<div id=\"wp-block-themeisle-blocks-slider-8523b7b1\" class=\"wp-block-themeisle-blocks-slider glide\" data-per-view=\"1\" data-gap=\"0\" data-peek=\"0\" data-autoplay=\"true\" data-height=\"327px\" data-hide-arrows=\"false\"><div class=\"glide__track\" data-glide-el=\"track\"><div class=\"glide__slides\"><div class=\"wp-block-themeisle-blocks-slider-item-wrapper glide__slide\" tabindex=\"0\"><figure><img decoding=\"async\" class=\"wp-block-themeisle-blocks-slider-item\" src=\"https:\/\/familie-weitgereist.de\/wp-content\/uploads\/2022\/06\/20220601081916_IMG_5679-scaled.jpg\" alt=\"\" title=\"\" data-id=\"8871\"\/><\/figure><\/div><div class=\"wp-block-themeisle-blocks-slider-item-wrapper glide__slide\" tabindex=\"0\"><figure><img decoding=\"async\" class=\"wp-block-themeisle-blocks-slider-item\" src=\"https:\/\/familie-weitgereist.de\/wp-content\/uploads\/2022\/06\/20220601082649_IMG_5687-scaled.jpg\" alt=\"\" title=\"\" data-id=\"8872\"\/><\/figure><\/div><div class=\"wp-block-themeisle-blocks-slider-item-wrapper glide__slide\" tabindex=\"0\"><figure><img decoding=\"async\" class=\"wp-block-themeisle-blocks-slider-item\" src=\"https:\/\/familie-weitgereist.de\/wp-content\/uploads\/2022\/06\/20220601082918_IMG_5694-scaled.jpg\" alt=\"\" title=\"\" data-id=\"8873\"\/><\/figure><\/div><\/div><div class=\"glide__bullets\" data-glide-el=\"controls[nav]\"><button class=\"glide__bullet\" data-glide-dir=\"=0\"><\/button><button class=\"glide__bullet\" data-glide-dir=\"=1\"><\/button><button class=\"glide__bullet\" data-glide-dir=\"=2\"><\/button><\/div><\/div><\/div>\n\n\n\n<p>Viele H\u00e4user stehen zum Verkauf. Etwas problematisch ist jedoch vielleicht, dass die meisten H\u00e4user \u00fcber keinen direkten Parkzugang verf\u00fcgen, da die Gassen so schmal sind und das Auto weiter weg geparkt werden m\u00fcsste.<\/p>\n\n\n\n<h2 class=\"wp-block-heading\">Vrbnik<\/h2>\n\n\n\n<p>Vrbnik sollte auf jeden Fall besucht werden, wenn man auf der Insel Krk ist. Vrbnik ist umgeben von Weinfeldern und schon die Anreise durch die gr\u00fcnen Weinfelder ist wundersch\u00f6n. <\/p>\n\n\n\n<p>Vrbnik liegt auf einer Anh\u00f6he, einer <strong>50m<\/strong> <strong>hohen Klippe<\/strong>. Der Blick aus der Ferne auf die Ortschaft ist schon sehr beeindruckend und beim Schlendern durch den kleinen Ort entdeckten wir viele interessante Ecken.<\/p>\n\n\n\n<figure class=\"wp-block-image size-large\"><img loading=\"lazy\" decoding=\"async\" width=\"1024\" height=\"683\" src=\"https:\/\/familie-weitgereist.de\/wp-content\/uploads\/2022\/06\/20220602103723_IMG_5798-1024x683.jpg\" alt=\"\" class=\"wp-image-8875\" srcset=\"https:\/\/familie-weitgereist.de\/wp-content\/uploads\/2022\/06\/20220602103723_IMG_5798-1024x683.jpg 1024w, https:\/\/familie-weitgereist.de\/wp-content\/uploads\/2022\/06\/20220602103723_IMG_5798-300x200.jpg 300w, https:\/\/familie-weitgereist.de\/wp-content\/uploads\/2022\/06\/20220602103723_IMG_5798-768x512.jpg 768w, https:\/\/familie-weitgereist.de\/wp-content\/uploads\/2022\/06\/20220602103723_IMG_5798-1536x1024.jpg 1536w, https:\/\/familie-weitgereist.de\/wp-content\/uploads\/2022\/06\/20220602103723_IMG_5798-2048x1365.jpg 2048w, https:\/\/familie-weitgereist.de\/wp-content\/uploads\/2022\/06\/20220602103723_IMG_5798-1200x800.jpg 1200w, https:\/\/familie-weitgereist.de\/wp-content\/uploads\/2022\/06\/20220602103723_IMG_5798-1980x1320.jpg 1980w, https:\/\/familie-weitgereist.de\/wp-content\/uploads\/2022\/06\/20220602103723_IMG_5798-150x100.jpg 150w\" sizes=\"auto, (max-width: 1024px) 100vw, 1024px\" \/><figcaption>Vrbnik Altstadt<\/figcaption><\/figure>\n\n\n\n<p>Die <strong>engste Stra\u00dfe der Welt<\/strong> soll sich in Vrbnik befinden, die <strong>Klan\u010di\u0107 Stra\u00dfe<\/strong>. Diese ist an der engsten Stelle nur 43cm breit.<\/p>\n\n\n\n<figure class=\"wp-block-image size-large\"><img loading=\"lazy\" decoding=\"async\" width=\"1024\" height=\"683\" src=\"https:\/\/familie-weitgereist.de\/wp-content\/uploads\/2022\/06\/20220602093012_IMG_5743-1024x683.jpg\" alt=\"\" class=\"wp-image-8877\" srcset=\"https:\/\/familie-weitgereist.de\/wp-content\/uploads\/2022\/06\/20220602093012_IMG_5743-1024x683.jpg 1024w, https:\/\/familie-weitgereist.de\/wp-content\/uploads\/2022\/06\/20220602093012_IMG_5743-300x200.jpg 300w, https:\/\/familie-weitgereist.de\/wp-content\/uploads\/2022\/06\/20220602093012_IMG_5743-768x512.jpg 768w, https:\/\/familie-weitgereist.de\/wp-content\/uploads\/2022\/06\/20220602093012_IMG_5743-1536x1024.jpg 1536w, https:\/\/familie-weitgereist.de\/wp-content\/uploads\/2022\/06\/20220602093012_IMG_5743-2048x1365.jpg 2048w, https:\/\/familie-weitgereist.de\/wp-content\/uploads\/2022\/06\/20220602093012_IMG_5743-1200x800.jpg 1200w, https:\/\/familie-weitgereist.de\/wp-content\/uploads\/2022\/06\/20220602093012_IMG_5743-1980x1320.jpg 1980w, https:\/\/familie-weitgereist.de\/wp-content\/uploads\/2022\/06\/20220602093012_IMG_5743-150x100.jpg 150w\" sizes=\"auto, (max-width: 1024px) 100vw, 1024px\" \/><figcaption>Engste Stra\u00dfe der Welt<\/figcaption><\/figure>\n\n\n\n<p>In der Stadt verteilt gibt es viele kleine Konobas, Bars und Caf\u00e9s in denen man einkehren kann. Viele Konobas bieten einen grandiosen Ausblick auf die t\u00fcrkisblaue Adria.<\/p>\n\n\n\n<div id=\"wp-block-themeisle-blocks-slider-916aa1dc\" class=\"wp-block-themeisle-blocks-slider glide\" data-per-view=\"1\" data-gap=\"0\" data-peek=\"0\" data-autoplay=\"true\" data-height=\"256px\" data-hide-arrows=\"false\"><div class=\"glide__track\" data-glide-el=\"track\"><div class=\"glide__slides\"><div class=\"wp-block-themeisle-blocks-slider-item-wrapper glide__slide\" tabindex=\"0\"><figure><img decoding=\"async\" class=\"wp-block-themeisle-blocks-slider-item\" src=\"https:\/\/familie-weitgereist.de\/wp-content\/uploads\/2022\/06\/20220602090454_IMG_5724-scaled.jpg\" alt=\"\" title=\"\" data-id=\"8879\"\/><\/figure><\/div><div class=\"wp-block-themeisle-blocks-slider-item-wrapper glide__slide\" tabindex=\"0\"><figure><img decoding=\"async\" class=\"wp-block-themeisle-blocks-slider-item\" src=\"https:\/\/familie-weitgereist.de\/wp-content\/uploads\/2022\/06\/20220602090732_IMG_5727-scaled.jpg\" alt=\"\" title=\"\" data-id=\"8881\"\/><\/figure><\/div><div class=\"wp-block-themeisle-blocks-slider-item-wrapper glide__slide\" tabindex=\"0\"><figure><img decoding=\"async\" class=\"wp-block-themeisle-blocks-slider-item\" src=\"https:\/\/familie-weitgereist.de\/wp-content\/uploads\/2022\/06\/20220602105132_IMG_5802-scaled.jpg\" alt=\"\" title=\"\" data-id=\"8883\"\/><\/figure><\/div><\/div><div class=\"glide__bullets\" data-glide-el=\"controls[nav]\"><button class=\"glide__bullet\" data-glide-dir=\"=0\"><\/button><button class=\"glide__bullet\" data-glide-dir=\"=1\"><\/button><button class=\"glide__bullet\" data-glide-dir=\"=2\"><\/button><\/div><\/div><\/div>\n\n\n\n<p>Wir lieben es durch die alten St\u00e4dte zu schlendern und uns vorzustellen, wie die Menschen dort leben. Die H\u00e4user wurden mittlerweile relativ hoch gebaut, zumeist mit einer Terrasse, da die H\u00e4user keine G\u00e4rten besitzen. Die Bewohner treten sozusagen direkt auf die Stra\u00dfe und k\u00f6nnen durch die engen Gassen gehen. <\/p>\n\n\n\n<h2 class=\"wp-block-heading\">Tropfsteinh\u00f6hle Biserujka \u0160pilja<\/h2>\n\n\n\n<p>Die unterirdische H\u00f6hle ist wirklich einen Besuch auf Krk wert. Die H\u00f6hle ist nur im Rahmen einer F\u00fchrung zu besichtigen. Wir haben interessante Dinge erfahren. <strong>Biserujka<\/strong> ist kroatisch f\u00fcr &#8222;<strong>Perle<\/strong>&#8222;. Der Entdecker der H\u00f6hle nannte die H\u00f6hle so, da sich auf kleiner Fl\u00e4che viele Sch\u00e4tze befinden. Die H\u00f6hle ist 112m lang und die gr\u00f6\u00dfte auf der Insel Krk und auch in ganz Kroatien. Wir befanden uns 13m unter der Erde. Die H\u00f6hle liegt 30m \u00fcber dem Meeresspiegel. In ganz Kroatien gibt es \u00fcber 10.000 H\u00f6hlen, wobei nur 27 besichtigt werden k\u00f6nnen. Kurz nach dem Eingang befindet sich ein B\u00e4renskelett, welches 1749 entdeckt wurde. Diese B\u00e4renart ist schon vor 20.000 Jahren ausgestorben.<\/p>\n\n\n\n<figure class=\"wp-block-image size-large\"><img loading=\"lazy\" decoding=\"async\" width=\"1024\" height=\"683\" src=\"https:\/\/familie-weitgereist.de\/wp-content\/uploads\/2022\/06\/20220603053838_IMG_5847-1024x683.jpg\" alt=\"\" class=\"wp-image-8882\" srcset=\"https:\/\/familie-weitgereist.de\/wp-content\/uploads\/2022\/06\/20220603053838_IMG_5847-1024x683.jpg 1024w, https:\/\/familie-weitgereist.de\/wp-content\/uploads\/2022\/06\/20220603053838_IMG_5847-300x200.jpg 300w, https:\/\/familie-weitgereist.de\/wp-content\/uploads\/2022\/06\/20220603053838_IMG_5847-768x512.jpg 768w, https:\/\/familie-weitgereist.de\/wp-content\/uploads\/2022\/06\/20220603053838_IMG_5847-1536x1024.jpg 1536w, https:\/\/familie-weitgereist.de\/wp-content\/uploads\/2022\/06\/20220603053838_IMG_5847-2048x1365.jpg 2048w, https:\/\/familie-weitgereist.de\/wp-content\/uploads\/2022\/06\/20220603053838_IMG_5847-1200x800.jpg 1200w, https:\/\/familie-weitgereist.de\/wp-content\/uploads\/2022\/06\/20220603053838_IMG_5847-1980x1320.jpg 1980w, https:\/\/familie-weitgereist.de\/wp-content\/uploads\/2022\/06\/20220603053838_IMG_5847-150x100.jpg 150w\" sizes=\"auto, (max-width: 1024px) 100vw, 1024px\" \/><\/figure>\n\n\n\n<p>Wir liefen auf angelegten Pfaden und Treppen entlang und bestaunten die unterschiedlichen Stalagtiten. Ein Stalagtit w\u00e4chst 1mm innerhalb von 30 Jahren.<\/p>\n\n\n\n<figure class=\"wp-block-image size-large\"><img loading=\"lazy\" decoding=\"async\" width=\"1024\" height=\"683\" src=\"https:\/\/familie-weitgereist.de\/wp-content\/uploads\/2022\/06\/20220603053312_IMG_5833-1-1024x683.jpg\" alt=\"\" class=\"wp-image-8885\" srcset=\"https:\/\/familie-weitgereist.de\/wp-content\/uploads\/2022\/06\/20220603053312_IMG_5833-1-1024x683.jpg 1024w, https:\/\/familie-weitgereist.de\/wp-content\/uploads\/2022\/06\/20220603053312_IMG_5833-1-300x200.jpg 300w, https:\/\/familie-weitgereist.de\/wp-content\/uploads\/2022\/06\/20220603053312_IMG_5833-1-768x512.jpg 768w, https:\/\/familie-weitgereist.de\/wp-content\/uploads\/2022\/06\/20220603053312_IMG_5833-1-1536x1024.jpg 1536w, https:\/\/familie-weitgereist.de\/wp-content\/uploads\/2022\/06\/20220603053312_IMG_5833-1-2048x1365.jpg 2048w, https:\/\/familie-weitgereist.de\/wp-content\/uploads\/2022\/06\/20220603053312_IMG_5833-1-1200x800.jpg 1200w, https:\/\/familie-weitgereist.de\/wp-content\/uploads\/2022\/06\/20220603053312_IMG_5833-1-1980x1320.jpg 1980w, https:\/\/familie-weitgereist.de\/wp-content\/uploads\/2022\/06\/20220603053312_IMG_5833-1-150x100.jpg 150w\" sizes=\"auto, (max-width: 1024px) 100vw, 1024px\" \/><\/figure>\n\n\n\n<p>Die Temperatur untertage betr\u00e4gt ganzj\u00e4hrig 15\u00b0C. Eine angenehme Abk\u00fchlung bei den warmen Sommertemperaturen oder ein tolles Ausflugsziel an regnerischen Tagen.<\/p>\n\n\n\n<div id=\"wp-block-themeisle-blocks-slider-ca4352b2\" class=\"wp-block-themeisle-blocks-slider glide\" data-per-view=\"1\" data-gap=\"0\" data-peek=\"0\" data-autoplay=\"true\" data-height=\"304px\" data-hide-arrows=\"false\"><div class=\"glide__track\" data-glide-el=\"track\"><div class=\"glide__slides\"><div class=\"wp-block-themeisle-blocks-slider-item-wrapper glide__slide\" tabindex=\"0\"><figure><img decoding=\"async\" class=\"wp-block-themeisle-blocks-slider-item\" src=\"https:\/\/familie-weitgereist.de\/wp-content\/uploads\/2022\/06\/20220603053012_IMG_5828-scaled.jpg\" alt=\"\" title=\"\" data-id=\"8886\"\/><\/figure><\/div><div class=\"wp-block-themeisle-blocks-slider-item-wrapper glide__slide\" tabindex=\"0\"><figure><img decoding=\"async\" class=\"wp-block-themeisle-blocks-slider-item\" src=\"https:\/\/familie-weitgereist.de\/wp-content\/uploads\/2022\/06\/20220603052857_IMG_5825-scaled.jpg\" alt=\"\" title=\"\" data-id=\"8888\"\/><\/figure><\/div><\/div><div class=\"glide__bullets\" data-glide-el=\"controls[nav]\"><button class=\"glide__bullet\" data-glide-dir=\"=0\"><\/button><button class=\"glide__bullet\" data-glide-dir=\"=1\"><\/button><\/div><\/div><\/div>\n\n\n\n<p>Der Eintrittspreis betrug (<em>Stand Juni 2022<\/em>) 35 Kuna f\u00fcr Erwachsene, Kinder von 5-12 Jahren zahlen 25 Kuna, unter 5 j\u00e4hrige k\u00f6nnen gratis die H\u00f6hle besichtigen. <\/p>\n\n\n\n<h2 class=\"wp-block-heading\">Frankopanske Solane<\/h2>\n\n\n\n<p>Merlin hat auf dem Weg zur Tropfsteinh\u00f6hle einen <strong>Sand- und Matschstrand<\/strong> entdeckt. F\u00fcr Kroatien eine Seltenheit und Merlin freut sich immer sehr \u00fcber Sandstr\u00e4nde, denn sie bieten viele Spielm\u00f6glichkeiten.<\/p>\n\n\n\n<p>Der Frankopanske Solane Strand liegt in der N\u00e4he der Tropfsteinh\u00f6hle im Nord-Osten der Insel Krk. <\/p>\n\n\n\n<p>Das Besondere an diesem Strand ist, dass man sich mit nat\u00fcrlich vorkommenden Moor eincremen kann. Das Wasser verl\u00e4uft zudem sehr flach ins Meer und ist sehr warm. <\/p>\n\n\n\n<figure class=\"wp-block-image size-large\"><img loading=\"lazy\" decoding=\"async\" width=\"1024\" height=\"683\" src=\"https:\/\/familie-weitgereist.de\/wp-content\/uploads\/2022\/06\/20220605063037_IMG_6176-1024x683.jpg\" alt=\"\" class=\"wp-image-8890\" srcset=\"https:\/\/familie-weitgereist.de\/wp-content\/uploads\/2022\/06\/20220605063037_IMG_6176-1024x683.jpg 1024w, https:\/\/familie-weitgereist.de\/wp-content\/uploads\/2022\/06\/20220605063037_IMG_6176-300x200.jpg 300w, https:\/\/familie-weitgereist.de\/wp-content\/uploads\/2022\/06\/20220605063037_IMG_6176-768x512.jpg 768w, https:\/\/familie-weitgereist.de\/wp-content\/uploads\/2022\/06\/20220605063037_IMG_6176-1536x1024.jpg 1536w, https:\/\/familie-weitgereist.de\/wp-content\/uploads\/2022\/06\/20220605063037_IMG_6176-2048x1365.jpg 2048w, https:\/\/familie-weitgereist.de\/wp-content\/uploads\/2022\/06\/20220605063037_IMG_6176-1200x800.jpg 1200w, https:\/\/familie-weitgereist.de\/wp-content\/uploads\/2022\/06\/20220605063037_IMG_6176-1980x1320.jpg 1980w, https:\/\/familie-weitgereist.de\/wp-content\/uploads\/2022\/06\/20220605063037_IMG_6176-150x100.jpg 150w\" sizes=\"auto, (max-width: 1024px) 100vw, 1024px\" \/><\/figure>\n\n\n\n<h2 class=\"wp-block-heading\">Omi\u0161alj<\/h2>\n\n\n\n<p>Der kleine K\u00fcstenort im Norden bietet eine sch\u00f6ne Altstadt mit engen Gassen, einer Pfarrkirche aus dem 12. Jahrhundert und die Stadt wurde auf einer 80 m hohen Klippe erbaut.<\/p>\n\n\n\n<figure class=\"wp-block-image size-large\"><img loading=\"lazy\" decoding=\"async\" width=\"1024\" height=\"683\" src=\"https:\/\/familie-weitgereist.de\/wp-content\/uploads\/2022\/06\/20220603080130_IMG_5871-1024x683.jpg\" alt=\"\" class=\"wp-image-8891\" srcset=\"https:\/\/familie-weitgereist.de\/wp-content\/uploads\/2022\/06\/20220603080130_IMG_5871-1024x683.jpg 1024w, https:\/\/familie-weitgereist.de\/wp-content\/uploads\/2022\/06\/20220603080130_IMG_5871-300x200.jpg 300w, https:\/\/familie-weitgereist.de\/wp-content\/uploads\/2022\/06\/20220603080130_IMG_5871-768x512.jpg 768w, https:\/\/familie-weitgereist.de\/wp-content\/uploads\/2022\/06\/20220603080130_IMG_5871-1536x1024.jpg 1536w, https:\/\/familie-weitgereist.de\/wp-content\/uploads\/2022\/06\/20220603080130_IMG_5871-2048x1365.jpg 2048w, https:\/\/familie-weitgereist.de\/wp-content\/uploads\/2022\/06\/20220603080130_IMG_5871-1200x800.jpg 1200w, https:\/\/familie-weitgereist.de\/wp-content\/uploads\/2022\/06\/20220603080130_IMG_5871-1980x1320.jpg 1980w, https:\/\/familie-weitgereist.de\/wp-content\/uploads\/2022\/06\/20220603080130_IMG_5871-150x100.jpg 150w\" sizes=\"auto, (max-width: 1024px) 100vw, 1024px\" \/><\/figure>\n\n\n\n<p>In der N\u00e4he der Stadt befinden sich die <strong>Fulfinum Mirine<\/strong>, Ausgrabungsst\u00e4tten aus dem 3. Jahrhundert. Somit ist diese Gegend die nachweislich \u00e4lteste auf der Insel Krk.<\/p>\n\n\n\n<figure class=\"wp-block-image size-large\"><img loading=\"lazy\" decoding=\"async\" width=\"1024\" height=\"683\" src=\"https:\/\/familie-weitgereist.de\/wp-content\/uploads\/2022\/06\/20220603080425_IMG_5876-1024x683.jpg\" alt=\"\" class=\"wp-image-8893\" srcset=\"https:\/\/familie-weitgereist.de\/wp-content\/uploads\/2022\/06\/20220603080425_IMG_5876-1024x683.jpg 1024w, https:\/\/familie-weitgereist.de\/wp-content\/uploads\/2022\/06\/20220603080425_IMG_5876-300x200.jpg 300w, https:\/\/familie-weitgereist.de\/wp-content\/uploads\/2022\/06\/20220603080425_IMG_5876-768x512.jpg 768w, https:\/\/familie-weitgereist.de\/wp-content\/uploads\/2022\/06\/20220603080425_IMG_5876-1536x1024.jpg 1536w, https:\/\/familie-weitgereist.de\/wp-content\/uploads\/2022\/06\/20220603080425_IMG_5876-2048x1365.jpg 2048w, https:\/\/familie-weitgereist.de\/wp-content\/uploads\/2022\/06\/20220603080425_IMG_5876-1200x800.jpg 1200w, https:\/\/familie-weitgereist.de\/wp-content\/uploads\/2022\/06\/20220603080425_IMG_5876-1980x1320.jpg 1980w, https:\/\/familie-weitgereist.de\/wp-content\/uploads\/2022\/06\/20220603080425_IMG_5876-150x100.jpg 150w\" sizes=\"auto, (max-width: 1024px) 100vw, 1024px\" \/><\/figure>\n\n\n\n<h2 class=\"wp-block-heading\">Punat und die Insel Ko\u0161ljun<\/h2>\n\n\n\n<p>Einen wunderbaren Ausflug haben wir zu einem weiteren K\u00fcstenort namens Punat unternommen. An der Uferpromenade befindet sich ein grandioser Spielplatz, auf dem wir einige Zeit verbracht haben.<\/p>\n\n\n\n<figure class=\"wp-block-image size-large\"><img loading=\"lazy\" decoding=\"async\" width=\"1024\" height=\"683\" src=\"https:\/\/familie-weitgereist.de\/wp-content\/uploads\/2022\/06\/20220604063144_IMG_6027-1024x683.jpg\" alt=\"\" class=\"wp-image-8896\" srcset=\"https:\/\/familie-weitgereist.de\/wp-content\/uploads\/2022\/06\/20220604063144_IMG_6027-1024x683.jpg 1024w, https:\/\/familie-weitgereist.de\/wp-content\/uploads\/2022\/06\/20220604063144_IMG_6027-300x200.jpg 300w, https:\/\/familie-weitgereist.de\/wp-content\/uploads\/2022\/06\/20220604063144_IMG_6027-768x512.jpg 768w, https:\/\/familie-weitgereist.de\/wp-content\/uploads\/2022\/06\/20220604063144_IMG_6027-1536x1024.jpg 1536w, https:\/\/familie-weitgereist.de\/wp-content\/uploads\/2022\/06\/20220604063144_IMG_6027-2048x1365.jpg 2048w, https:\/\/familie-weitgereist.de\/wp-content\/uploads\/2022\/06\/20220604063144_IMG_6027-1200x800.jpg 1200w, https:\/\/familie-weitgereist.de\/wp-content\/uploads\/2022\/06\/20220604063144_IMG_6027-1980x1320.jpg 1980w, https:\/\/familie-weitgereist.de\/wp-content\/uploads\/2022\/06\/20220604063144_IMG_6027-150x100.jpg 150w\" sizes=\"auto, (max-width: 1024px) 100vw, 1024px\" \/><figcaption>Spielplatz in Punat<\/figcaption><\/figure>\n\n\n\n<p>Auch die kleine Altstadt von Punat begeistert mit verwinkelten und kleinen Gassen, die besonders unserem Merlin sehr gefallen.<\/p>\n\n\n\n<p>In der N\u00e4he des Hafens befinden sich viele kleinere Taxibootst\u00e4nde. F\u00fcr 45 Kuna (<em>Stand Juni 2022<\/em>) sind wir mit einem <strong>Taxiboot<\/strong> auf die <strong>Insel Ko\u0161ljun<\/strong> gefahren. Die kleine Klosterinsel liegt in der Bucht vor Punat. Sehenswert sind die <strong>Marienkirche<\/strong> und das <strong>Franziskanerkloster<\/strong>, welches Ende des 19. und Anfang des 20. Jahrhunderts als Untergymnasium f\u00fcr Novizen genutzt wurde. Im Franziskanerkloster befinden sich <strong>drei<\/strong> <strong>Museen<\/strong>, welche historische Exponate der Inselbewohner ausstellen, z.B. M\u00fcnzen, W\u00e4hrungen aus aller Welt und getragene Kleidung der M\u00f6nche. <\/p>\n\n\n\n<figure class=\"wp-block-image size-large is-resized\"><img loading=\"lazy\" decoding=\"async\" src=\"https:\/\/familie-weitgereist.de\/wp-content\/uploads\/2022\/06\/20220604051557_IMG_5997-1024x683.jpg\" alt=\"\" class=\"wp-image-8898\" width=\"377\" height=\"251\" srcset=\"https:\/\/familie-weitgereist.de\/wp-content\/uploads\/2022\/06\/20220604051557_IMG_5997-1024x683.jpg 1024w, https:\/\/familie-weitgereist.de\/wp-content\/uploads\/2022\/06\/20220604051557_IMG_5997-300x200.jpg 300w, https:\/\/familie-weitgereist.de\/wp-content\/uploads\/2022\/06\/20220604051557_IMG_5997-768x512.jpg 768w, https:\/\/familie-weitgereist.de\/wp-content\/uploads\/2022\/06\/20220604051557_IMG_5997-1536x1024.jpg 1536w, https:\/\/familie-weitgereist.de\/wp-content\/uploads\/2022\/06\/20220604051557_IMG_5997-2048x1365.jpg 2048w, https:\/\/familie-weitgereist.de\/wp-content\/uploads\/2022\/06\/20220604051557_IMG_5997-1200x800.jpg 1200w, https:\/\/familie-weitgereist.de\/wp-content\/uploads\/2022\/06\/20220604051557_IMG_5997-1980x1320.jpg 1980w, https:\/\/familie-weitgereist.de\/wp-content\/uploads\/2022\/06\/20220604051557_IMG_5997-150x100.jpg 150w\" sizes=\"auto, (max-width: 377px) 100vw, 377px\" \/><figcaption>Franziskanerkloster auf Ko\u0161ljun<\/figcaption><\/figure>\n\n\n\n<p>Auf der kleinen Insel leben zurzeit f\u00fcnf M\u00f6nche.<\/p>\n\n\n\n<p>Auf der Insel gibt es einen relativ gro\u00dfen Olivenhain. Die Insel kann entlang der Uferpromenade umrundet werden und ein Streifzug durch den Inselwald lohnt sich ebenfalls, da ein Kreuz, zwei kleine Kapellen und der Leidensweg Jesu zu sehen sind.<\/p>\n\n\n\n<div id=\"wp-block-themeisle-blocks-slider-c0ff36da\" class=\"wp-block-themeisle-blocks-slider glide\" data-per-view=\"1\" data-gap=\"0\" data-peek=\"0\" data-autoplay=\"true\" data-height=\"317px\" data-hide-arrows=\"false\"><div class=\"glide__track\" data-glide-el=\"track\"><div class=\"glide__slides\"><div class=\"wp-block-themeisle-blocks-slider-item-wrapper glide__slide\" tabindex=\"0\"><figure><img decoding=\"async\" class=\"wp-block-themeisle-blocks-slider-item\" src=\"https:\/\/familie-weitgereist.de\/wp-content\/uploads\/2022\/06\/20220604030343_IMG_5924-scaled.jpg\" alt=\"\" title=\"\" data-id=\"8901\"\/><\/figure><\/div><div class=\"wp-block-themeisle-blocks-slider-item-wrapper glide__slide\" tabindex=\"0\"><figure><img decoding=\"async\" class=\"wp-block-themeisle-blocks-slider-item\" src=\"https:\/\/familie-weitgereist.de\/wp-content\/uploads\/2022\/06\/20220604032048_IMG_5942-scaled.jpg\" alt=\"\" title=\"\" data-id=\"8902\"\/><\/figure><\/div><div class=\"wp-block-themeisle-blocks-slider-item-wrapper glide__slide\" tabindex=\"0\"><figure><img decoding=\"async\" class=\"wp-block-themeisle-blocks-slider-item\" src=\"https:\/\/familie-weitgereist.de\/wp-content\/uploads\/2022\/06\/20220604032914_IMG_5945-scaled.jpg\" alt=\"\" title=\"\" data-id=\"8903\"\/><\/figure><\/div><div class=\"wp-block-themeisle-blocks-slider-item-wrapper glide__slide\" tabindex=\"0\"><figure><img decoding=\"async\" class=\"wp-block-themeisle-blocks-slider-item\" src=\"https:\/\/familie-weitgereist.de\/wp-content\/uploads\/2022\/06\/20220604033544_IMG_5958-scaled.jpg\" alt=\"\" title=\"\" data-id=\"8904\"\/><\/figure><\/div><div class=\"wp-block-themeisle-blocks-slider-item-wrapper glide__slide\" tabindex=\"0\"><figure><img decoding=\"async\" class=\"wp-block-themeisle-blocks-slider-item\" src=\"https:\/\/familie-weitgereist.de\/wp-content\/uploads\/2022\/06\/20220604041643_IMG_5978-scaled.jpg\" alt=\"\" title=\"\" data-id=\"8907\"\/><\/figure><\/div><\/div><div class=\"glide__bullets\" data-glide-el=\"controls[nav]\"><button class=\"glide__bullet\" data-glide-dir=\"=0\"><\/button><button class=\"glide__bullet\" data-glide-dir=\"=1\"><\/button><button class=\"glide__bullet\" data-glide-dir=\"=2\"><\/button><button class=\"glide__bullet\" data-glide-dir=\"=3\"><\/button><button class=\"glide__bullet\" data-glide-dir=\"=4\"><\/button><\/div><\/div><\/div>\n\n\n\n<p>Wir haben f\u00fcr die Besichtigung der Insel zwei Stunden Zeit gehabt, bevor uns unser Taxiboot wieder abholte.<\/p>\n\n\n\n<figure class=\"wp-block-image size-large is-resized\"><img loading=\"lazy\" decoding=\"async\" src=\"https:\/\/familie-weitgereist.de\/wp-content\/uploads\/2022\/06\/20220604050035_IMG_5996-1024x683.jpg\" alt=\"\" class=\"wp-image-8905\" width=\"378\" height=\"251\" srcset=\"https:\/\/familie-weitgereist.de\/wp-content\/uploads\/2022\/06\/20220604050035_IMG_5996-1024x683.jpg 1024w, https:\/\/familie-weitgereist.de\/wp-content\/uploads\/2022\/06\/20220604050035_IMG_5996-300x200.jpg 300w, https:\/\/familie-weitgereist.de\/wp-content\/uploads\/2022\/06\/20220604050035_IMG_5996-768x512.jpg 768w, https:\/\/familie-weitgereist.de\/wp-content\/uploads\/2022\/06\/20220604050035_IMG_5996-1536x1024.jpg 1536w, https:\/\/familie-weitgereist.de\/wp-content\/uploads\/2022\/06\/20220604050035_IMG_5996-2048x1365.jpg 2048w, https:\/\/familie-weitgereist.de\/wp-content\/uploads\/2022\/06\/20220604050035_IMG_5996-1200x800.jpg 1200w, https:\/\/familie-weitgereist.de\/wp-content\/uploads\/2022\/06\/20220604050035_IMG_5996-1980x1320.jpg 1980w, https:\/\/familie-weitgereist.de\/wp-content\/uploads\/2022\/06\/20220604050035_IMG_5996-150x100.jpg 150w\" sizes=\"auto, (max-width: 378px) 100vw, 378px\" \/><\/figure>\n\n\n\n<h2 class=\"wp-block-heading\">Ba\u0161ka<\/h2>\n\n\n\n<p>Der kleine Hafenort geh\u00f6rt zu den beliebtesten Ausflugszielen auf der Insel Krk. Ganz im S\u00fcden der Insel gelegen, eingebettet zwischen zwei gro\u00dfen Bergmassiven und den Blick gerichtet auf die trockene Prvi\u0107 Insel, l\u00e4sst es sich sch\u00f6n an der Uferpromenade entlang schlendern. Die idyllischen und bunten Altstadth\u00e4user sind bis an die Uferpromenade heran gebaut und zwischen den kleinen Gassen befinden sich Konobas, Eisdielen, Bars, Caf\u00e9s und Restaurants.<\/p>\n\n\n\n<figure class=\"wp-block-image size-large\"><img loading=\"lazy\" decoding=\"async\" width=\"1024\" height=\"683\" src=\"https:\/\/familie-weitgereist.de\/wp-content\/uploads\/2022\/06\/20220604084724_IMG_6074-1024x683.jpg\" alt=\"\" class=\"wp-image-8910\" srcset=\"https:\/\/familie-weitgereist.de\/wp-content\/uploads\/2022\/06\/20220604084724_IMG_6074-1024x683.jpg 1024w, https:\/\/familie-weitgereist.de\/wp-content\/uploads\/2022\/06\/20220604084724_IMG_6074-300x200.jpg 300w, https:\/\/familie-weitgereist.de\/wp-content\/uploads\/2022\/06\/20220604084724_IMG_6074-768x512.jpg 768w, https:\/\/familie-weitgereist.de\/wp-content\/uploads\/2022\/06\/20220604084724_IMG_6074-1536x1024.jpg 1536w, https:\/\/familie-weitgereist.de\/wp-content\/uploads\/2022\/06\/20220604084724_IMG_6074-2048x1365.jpg 2048w, https:\/\/familie-weitgereist.de\/wp-content\/uploads\/2022\/06\/20220604084724_IMG_6074-1200x800.jpg 1200w, https:\/\/familie-weitgereist.de\/wp-content\/uploads\/2022\/06\/20220604084724_IMG_6074-1980x1320.jpg 1980w, https:\/\/familie-weitgereist.de\/wp-content\/uploads\/2022\/06\/20220604084724_IMG_6074-150x100.jpg 150w\" sizes=\"auto, (max-width: 1024px) 100vw, 1024px\" \/><\/figure>\n\n\n\n<div id=\"wp-block-themeisle-blocks-slider-1243e403\" class=\"wp-block-themeisle-blocks-slider glide\" data-per-view=\"1\" data-gap=\"0\" data-peek=\"0\" data-autoplay=\"true\" data-height=\"335px\" data-hide-arrows=\"false\"><div class=\"glide__track\" data-glide-el=\"track\"><div class=\"glide__slides\"><div class=\"wp-block-themeisle-blocks-slider-item-wrapper glide__slide\" tabindex=\"0\"><figure><img decoding=\"async\" class=\"wp-block-themeisle-blocks-slider-item\" src=\"https:\/\/familie-weitgereist.de\/wp-content\/uploads\/2022\/06\/20220604074804_IMG_6035-scaled.jpg\" alt=\"\" title=\"\" data-id=\"8908\"\/><\/figure><\/div><div class=\"wp-block-themeisle-blocks-slider-item-wrapper glide__slide\" tabindex=\"0\"><figure><img decoding=\"async\" class=\"wp-block-themeisle-blocks-slider-item\" src=\"https:\/\/familie-weitgereist.de\/wp-content\/uploads\/2022\/06\/20220604081043_IMG_6053-scaled.jpg\" alt=\"\" title=\"\" data-id=\"8909\"\/><\/figure><\/div><\/div><div class=\"glide__bullets\" data-glide-el=\"controls[nav]\"><button class=\"glide__bullet\" data-glide-dir=\"=0\"><\/button><button class=\"glide__bullet\" data-glide-dir=\"=1\"><\/button><\/div><\/div><\/div>\n\n\n\n<p>Direkt vor den Toren der Altstadt befindet sich ein feiner Kieselsteinstrand mit t\u00fcrkisblauem Meer. Dieser kann im Sommer jedoch sehr voll sein.<\/p>\n","protected":false},"excerpt":{"rendered":"<p>In diesem Beitrag berichten wir \u00fcber unsere Workation Woche auf der Insel Krk, der gr\u00f6\u00dften Insel in Kroatien. Krk geh\u00f6rt zu den beliebtesten Urlaubsorten in Kroatien und so tummeln sich Anfang Juni schon einige Touristen auf Krk. Haupts\u00e4chlich kommen diese aus Slowenien, \u00d6sterreich, Italien und Deutschland. Die Insel Krk ist ein Urlaubsparadies und gerade deswegen [&hellip;]<\/p>\n","protected":false},"author":3,"featured_media":8894,"comment_status":"open","ping_status":"open","sticky":false,"template":"","format":"standard","meta":{"_themeisle_gutenberg_block_has_review":false,"footnotes":""},"categories":[270,8,4,377],"tags":[653,655,649,654,647,648,184,650,656,652,651],"class_list":["post-8730","post","type-post","status-publish","format-standard","has-post-thumbnail","hentry","category-kroatien","category-europa","category-laender","category-spielplaetze","tag-baska","tag-biserujka-spilja","tag-dobrinj","tag-kosljun","tag-krk","tag-krk-stadt","tag-kroatien","tag-malinska","tag-omisalj","tag-punat","tag-vrbnik"],"_links":{"self":[{"href":"https:\/\/familie-weitgereist.de\/index.php?rest_route=\/wp\/v2\/posts\/8730","targetHints":{"allow":["GET"]}}],"collection":[{"href":"https:\/\/familie-weitgereist.de\/index.php?rest_route=\/wp\/v2\/posts"}],"about":[{"href":"https:\/\/familie-weitgereist.de\/index.php?rest_route=\/wp\/v2\/types\/post"}],"author":[{"embeddable":true,"href":"https:\/\/familie-weitgereist.de\/index.php?rest_route=\/wp\/v2\/users\/3"}],"replies":[{"embeddable":true,"href":"https:\/\/familie-weitgereist.de\/index.php?rest_route=%2Fwp%2Fv2%2Fcomments&post=8730"}],"version-history":[{"count":93,"href":"https:\/\/familie-weitgereist.de\/index.php?rest_route=\/wp\/v2\/posts\/8730\/revisions"}],"predecessor-version":[{"id":23495,"href":"https:\/\/familie-weitgereist.de\/index.php?rest_route=\/wp\/v2\/posts\/8730\/revisions\/23495"}],"wp:featuredmedia":[{"embeddable":true,"href":"https:\/\/familie-weitgereist.de\/index.php?rest_route=\/wp\/v2\/media\/8894"}],"wp:attachment":[{"href":"https:\/\/familie-weitgereist.de\/index.php?rest_route=%2Fwp%2Fv2%2Fmedia&parent=8730"}],"wp:term":[{"taxonomy":"category","embeddable":true,"href":"https:\/\/familie-weitgereist.de\/index.php?rest_route=%2Fwp%2Fv2%2Fcategories&post=8730"},{"taxonomy":"post_tag","embeddable":true,"href":"https:\/\/familie-weitgereist.de\/index.php?rest_route=%2Fwp%2Fv2%2Ftags&post=8730"}],"curies":[{"name":"wp","href":"https:\/\/api.w.org\/{rel}","templated":true}]}}