{"id":8649,"date":"2022-05-23T22:31:16","date_gmt":"2022-05-23T20:31:16","guid":{"rendered":"https:\/\/familie-weitgereist.de\/?p=8649"},"modified":"2025-10-12T23:01:41","modified_gmt":"2025-10-12T21:01:41","slug":"workation-auf-rab-kroatien-mit-kleinkind-teil-4","status":"publish","type":"post","link":"https:\/\/familie-weitgereist.de\/?p=8649","title":{"rendered":"Workation auf Rab, Kroatien mit Kleinkind"},"content":{"rendered":"\n<p>In diesem Beitrag berichten wir \u00fcber unsere Workation Woche auf der <strong>Insel Rab<\/strong> in der <strong>Kvarner Bucht<\/strong> im <strong>Nordadriatischen Meer<\/strong>. Wir waren \u00fcber Himmelfahrt auf der traumhaften Insel. Somit hatten wir ein paar gemeinsame freie Tage, die wir f\u00fcr unsere Inselexkursionen genutzt haben. <\/p>\n\n\n\n<figure class=\"wp-block-image size-large\"><img loading=\"lazy\" decoding=\"async\" width=\"1024\" height=\"768\" src=\"https:\/\/familie-weitgereist.de\/wp-content\/uploads\/2022\/05\/IMG_20220524_133704-1024x768.jpg\" alt=\"\" class=\"wp-image-8727\" srcset=\"https:\/\/familie-weitgereist.de\/wp-content\/uploads\/2022\/05\/IMG_20220524_133704-1024x768.jpg 1024w, https:\/\/familie-weitgereist.de\/wp-content\/uploads\/2022\/05\/IMG_20220524_133704-300x225.jpg 300w, https:\/\/familie-weitgereist.de\/wp-content\/uploads\/2022\/05\/IMG_20220524_133704-768x576.jpg 768w, https:\/\/familie-weitgereist.de\/wp-content\/uploads\/2022\/05\/IMG_20220524_133704-1536x1152.jpg 1536w, https:\/\/familie-weitgereist.de\/wp-content\/uploads\/2022\/05\/IMG_20220524_133704-2048x1536.jpg 2048w, https:\/\/familie-weitgereist.de\/wp-content\/uploads\/2022\/05\/IMG_20220524_133704-1200x900.jpg 1200w, https:\/\/familie-weitgereist.de\/wp-content\/uploads\/2022\/05\/IMG_20220524_133704-1980x1485.jpg 1980w, https:\/\/familie-weitgereist.de\/wp-content\/uploads\/2022\/05\/IMG_20220524_133704-150x113.jpg 150w\" sizes=\"auto, (max-width: 1024px) 100vw, 1024px\" \/><figcaption>Uferpromenade Rab Stadt<\/figcaption><\/figure>\n\n\n\n<p>Die Insel Rab hat uns au\u00dferordentlich gut gefallen. Sie ist eine wundersch\u00f6ne Insel, welche f\u00fcr ihre vielen Sandstr\u00e4nde bekannt ist, denn diese sind f\u00fcr Kroatien eine Seltenheit. Rab gilt als eine der gr\u00fcnsten Inseln Kroatiens, \u00fcberall duften bunte Blumen. Mit ca. 2600 Sonnenstunden im Jahr, vielen Sandstr\u00e4nden und der \u00fcberschaubaren Gr\u00f6\u00dfe von 91km\u00b2 erfreut Rab schon seit mehr als 100 Jahren Touristen. <\/p>\n\n\n\n<p>Im folgenden stellen wir unsere <strong>Rab-Highlights<\/strong> vor. <\/p>\n\n\n\n<h2 class=\"wp-block-heading\">Anreise<\/h2>\n\n\n\n<p>Auf die <strong>Insel Rab<\/strong> gelangt man nur mit der <strong>F\u00e4hre<\/strong>. Wir sind von dem kleinen Ort <strong>Stinica<\/strong> 18 Minuten mit der Autof\u00e4hre nach <strong>Mi\u0161njak<\/strong> gefahren. Das Ticket f\u00fcr die F\u00e4hr\u00fcberfahrt erwarben wir direkt in Stinica am F\u00e4hranleger.<\/p>\n\n\n\n<figure class=\"wp-block-image size-large\"><img loading=\"lazy\" decoding=\"async\" width=\"1024\" height=\"683\" src=\"https:\/\/familie-weitgereist.de\/wp-content\/uploads\/2022\/05\/20220522052822_IMG_5098-1024x683.jpg\" alt=\"\" class=\"wp-image-8742\" srcset=\"https:\/\/familie-weitgereist.de\/wp-content\/uploads\/2022\/05\/20220522052822_IMG_5098-1024x683.jpg 1024w, https:\/\/familie-weitgereist.de\/wp-content\/uploads\/2022\/05\/20220522052822_IMG_5098-300x200.jpg 300w, https:\/\/familie-weitgereist.de\/wp-content\/uploads\/2022\/05\/20220522052822_IMG_5098-768x512.jpg 768w, https:\/\/familie-weitgereist.de\/wp-content\/uploads\/2022\/05\/20220522052822_IMG_5098-1536x1024.jpg 1536w, https:\/\/familie-weitgereist.de\/wp-content\/uploads\/2022\/05\/20220522052822_IMG_5098-2048x1365.jpg 2048w, https:\/\/familie-weitgereist.de\/wp-content\/uploads\/2022\/05\/20220522052822_IMG_5098-1200x800.jpg 1200w, https:\/\/familie-weitgereist.de\/wp-content\/uploads\/2022\/05\/20220522052822_IMG_5098-1980x1320.jpg 1980w, https:\/\/familie-weitgereist.de\/wp-content\/uploads\/2022\/05\/20220522052822_IMG_5098-150x100.jpg 150w\" sizes=\"auto, (max-width: 1024px) 100vw, 1024px\" \/><figcaption>Die F\u00e4hre legt in Stinica ab<\/figcaption><\/figure>\n\n\n\n<h2 class=\"wp-block-heading\">Rab Stadt<\/h2>\n\n\n\n<p>Unser Ferienhaus befindet sich in Rab Stadt, unweit der Altstadt entfernt. Wir haben diesmal ein riesiges Ferienhaus mit Garten und Spielm\u00f6glichkeiten f\u00fcr Merlin. Besonders gefiel uns die N\u00e4he zur Altstadt und dem Stadtpark von Rab.<\/p>\n\n\n\n<figure class=\"wp-block-image size-large is-resized\"><img loading=\"lazy\" decoding=\"async\" src=\"https:\/\/familie-weitgereist.de\/wp-content\/uploads\/2022\/05\/20220522065400_IMG_5129-1024x683.jpg\" alt=\"\" class=\"wp-image-8737\" width=\"377\" height=\"251\" srcset=\"https:\/\/familie-weitgereist.de\/wp-content\/uploads\/2022\/05\/20220522065400_IMG_5129-1024x683.jpg 1024w, https:\/\/familie-weitgereist.de\/wp-content\/uploads\/2022\/05\/20220522065400_IMG_5129-300x200.jpg 300w, https:\/\/familie-weitgereist.de\/wp-content\/uploads\/2022\/05\/20220522065400_IMG_5129-768x512.jpg 768w, https:\/\/familie-weitgereist.de\/wp-content\/uploads\/2022\/05\/20220522065400_IMG_5129-1536x1024.jpg 1536w, https:\/\/familie-weitgereist.de\/wp-content\/uploads\/2022\/05\/20220522065400_IMG_5129-2048x1365.jpg 2048w, https:\/\/familie-weitgereist.de\/wp-content\/uploads\/2022\/05\/20220522065400_IMG_5129-1200x800.jpg 1200w, https:\/\/familie-weitgereist.de\/wp-content\/uploads\/2022\/05\/20220522065400_IMG_5129-1980x1320.jpg 1980w, https:\/\/familie-weitgereist.de\/wp-content\/uploads\/2022\/05\/20220522065400_IMG_5129-150x100.jpg 150w\" sizes=\"auto, (max-width: 377px) 100vw, 377px\" \/><figcaption>Unser Ferienhaus in Rab Stadt<\/figcaption><\/figure>\n\n\n\n<p>Die Stadt Rab geh\u00f6rt zu den sch\u00f6nsten in Kroatien und ihre Geschichte datiert 2000 Jahre zur\u00fcck, in die Zeit der R\u00f6mer. <\/p>\n\n\n\n<figure class=\"wp-block-image size-large\"><img loading=\"lazy\" decoding=\"async\" width=\"1024\" height=\"683\" src=\"https:\/\/familie-weitgereist.de\/wp-content\/uploads\/2022\/05\/20220522101933_IMG_5168-1024x683.jpg\" alt=\"\" class=\"wp-image-8745\" srcset=\"https:\/\/familie-weitgereist.de\/wp-content\/uploads\/2022\/05\/20220522101933_IMG_5168-1024x683.jpg 1024w, https:\/\/familie-weitgereist.de\/wp-content\/uploads\/2022\/05\/20220522101933_IMG_5168-300x200.jpg 300w, https:\/\/familie-weitgereist.de\/wp-content\/uploads\/2022\/05\/20220522101933_IMG_5168-768x512.jpg 768w, https:\/\/familie-weitgereist.de\/wp-content\/uploads\/2022\/05\/20220522101933_IMG_5168-1536x1024.jpg 1536w, https:\/\/familie-weitgereist.de\/wp-content\/uploads\/2022\/05\/20220522101933_IMG_5168-2048x1365.jpg 2048w, https:\/\/familie-weitgereist.de\/wp-content\/uploads\/2022\/05\/20220522101933_IMG_5168-1200x800.jpg 1200w, https:\/\/familie-weitgereist.de\/wp-content\/uploads\/2022\/05\/20220522101933_IMG_5168-1980x1320.jpg 1980w, https:\/\/familie-weitgereist.de\/wp-content\/uploads\/2022\/05\/20220522101933_IMG_5168-150x100.jpg 150w\" sizes=\"auto, (max-width: 1024px) 100vw, 1024px\" \/><figcaption>Ausblick auf Rab Stadt<\/figcaption><\/figure>\n\n\n\n<p>Enge, verwinkelte Gassen, eine autofreie Altstadt, typische kroatische Steinh\u00e4user und die vier Glockent\u00fcrme lassen Rab zu einem besonderen Besucherhighlight werden. Die vier Kirchen Sveti Ivan, Sveti Justina, Domkirche Marija Velika und das Benediktiner Kloster Sveti Andrije bilden das Wahrzeichen der Stadt.<\/p>\n\n\n\n<div id=\"wp-block-themeisle-blocks-slider-b2d5ff9b\" class=\"wp-block-themeisle-blocks-slider glide\" data-per-view=\"1\" data-gap=\"0\" data-peek=\"0\" data-autoplay=\"true\" data-height=\"400px\" data-hide-arrows=\"false\"><div class=\"glide__track\" data-glide-el=\"track\"><div class=\"glide__slides\"><div class=\"wp-block-themeisle-blocks-slider-item-wrapper glide__slide\" tabindex=\"0\"><figure><img decoding=\"async\" class=\"wp-block-themeisle-blocks-slider-item\" src=\"https:\/\/familie-weitgereist.de\/wp-content\/uploads\/2022\/05\/20220527090416_IMG_5472-scaled.jpg\" alt=\"\" title=\"\" data-id=\"8739\"\/><\/figure><\/div><div class=\"wp-block-themeisle-blocks-slider-item-wrapper glide__slide\" tabindex=\"0\"><figure><img decoding=\"async\" class=\"wp-block-themeisle-blocks-slider-item\" src=\"https:\/\/familie-weitgereist.de\/wp-content\/uploads\/2022\/05\/20220527085507_IMG_5457-scaled.jpg\" alt=\"\" title=\"\" data-id=\"8740\"\/><\/figure><\/div><div class=\"wp-block-themeisle-blocks-slider-item-wrapper glide__slide\" tabindex=\"0\"><figure><img decoding=\"async\" class=\"wp-block-themeisle-blocks-slider-item\" src=\"https:\/\/familie-weitgereist.de\/wp-content\/uploads\/2022\/05\/20220527082740_IMG_5437-scaled.jpg\" alt=\"\" title=\"\" data-id=\"8741\"\/><\/figure><\/div><\/div><div class=\"glide__bullets\" data-glide-el=\"controls[nav]\"><button class=\"glide__bullet\" data-glide-dir=\"=0\"><\/button><button class=\"glide__bullet\" data-glide-dir=\"=1\"><\/button><button class=\"glide__bullet\" data-glide-dir=\"=2\"><\/button><\/div><\/div><\/div>\n\n\n\n<p>\u00dcberall im Ort gibt es wundersch\u00f6ne Pl\u00e4tze zum Verweilen, meistens mit herrlicher Aussicht auf das Meer, die Inseln Pag und Dolin. Beim Schlendern durch die verwinkelten Gassen kann man an vielen Ecken einen Besuch im Restaurant oder den Konobas genie\u00dfen. Viele L\u00e4den bieten Lavendel an und \u00fcberall duftet es.<\/p>\n\n\n\n<div id=\"wp-block-themeisle-blocks-slider-db3b1729\" class=\"wp-block-themeisle-blocks-slider glide\" data-per-view=\"1\" data-gap=\"0\" data-peek=\"0\" data-autoplay=\"true\" data-height=\"400px\" data-hide-arrows=\"false\"><div class=\"glide__track\" data-glide-el=\"track\"><div class=\"glide__slides\"><div class=\"wp-block-themeisle-blocks-slider-item-wrapper glide__slide\" tabindex=\"0\"><figure><img decoding=\"async\" class=\"wp-block-themeisle-blocks-slider-item\" src=\"https:\/\/familie-weitgereist.de\/wp-content\/uploads\/2022\/05\/20220523085531_IMG_5224-scaled.jpg\" alt=\"\" title=\"\" data-id=\"8746\"\/><\/figure><\/div><div class=\"wp-block-themeisle-blocks-slider-item-wrapper glide__slide\" tabindex=\"0\"><figure><img decoding=\"async\" class=\"wp-block-themeisle-blocks-slider-item\" src=\"https:\/\/familie-weitgereist.de\/wp-content\/uploads\/2022\/05\/20220523084937_IMG_5211-scaled.jpg\" alt=\"\" title=\"\" data-id=\"8748\"\/><\/figure><\/div><div class=\"wp-block-themeisle-blocks-slider-item-wrapper glide__slide\" tabindex=\"0\"><figure><img decoding=\"async\" class=\"wp-block-themeisle-blocks-slider-item\" src=\"https:\/\/familie-weitgereist.de\/wp-content\/uploads\/2022\/05\/20220523084016_IMG_5203-scaled.jpg\" alt=\"\" title=\"\" data-id=\"8749\"\/><\/figure><\/div><\/div><div class=\"glide__bullets\" data-glide-el=\"controls[nav]\"><button class=\"glide__bullet\" data-glide-dir=\"=0\"><\/button><button class=\"glide__bullet\" data-glide-dir=\"=1\"><\/button><button class=\"glide__bullet\" data-glide-dir=\"=2\"><\/button><\/div><\/div><\/div>\n\n\n\n<p>Die alte Festungsmauer ist sehr gut erhalten und an gewissen Stellen kann man \u00fcber Stufen die Mauer erklimmen und genie\u00dft einen tollen Blick \u00fcber die Stadt. <\/p>\n\n\n\n<h2 class=\"wp-block-heading\">Komr\u010dar Park<\/h2>\n\n\n\n<p>Der gr\u00f6\u00dfte Stadtpark von Rab ist der Komr\u010dar Park, welcher im 19. Jahrhundert angelegt wurde. Er ist eine gr\u00fcne Oase der Stadt Rab mit vielen verzweigten Wegen, Kiefer- und Zedernb\u00e4umen, Spielpl\u00e4tzen und einer malerischen Uferpromenade.<\/p>\n\n\n\n<div id=\"wp-block-themeisle-blocks-slider-94a4b995\" class=\"wp-block-themeisle-blocks-slider glide\" data-per-view=\"1\" data-gap=\"0\" data-peek=\"0\" data-autoplay=\"true\" data-height=\"400px\" data-hide-arrows=\"false\"><div class=\"glide__track\" data-glide-el=\"track\"><div class=\"glide__slides\"><div class=\"wp-block-themeisle-blocks-slider-item-wrapper glide__slide\" tabindex=\"0\"><figure><img decoding=\"async\" class=\"wp-block-themeisle-blocks-slider-item\" src=\"https:\/\/familie-weitgereist.de\/wp-content\/uploads\/2022\/05\/20220522094332_IMG_5137-scaled.jpg\" alt=\"\" title=\"\" data-id=\"8750\"\/><\/figure><\/div><div class=\"wp-block-themeisle-blocks-slider-item-wrapper glide__slide\" tabindex=\"0\"><figure><img decoding=\"async\" class=\"wp-block-themeisle-blocks-slider-item\" src=\"https:\/\/familie-weitgereist.de\/wp-content\/uploads\/2022\/05\/IMG_20220525_131929-scaled.jpg\" alt=\"\" title=\"\" data-id=\"8752\"\/><\/figure><\/div><div class=\"wp-block-themeisle-blocks-slider-item-wrapper glide__slide\" tabindex=\"0\"><figure><img decoding=\"async\" class=\"wp-block-themeisle-blocks-slider-item\" src=\"https:\/\/familie-weitgereist.de\/wp-content\/uploads\/2022\/05\/IMG_20220525_131645-scaled.jpg\" alt=\"\" title=\"\" data-id=\"8753\"\/><\/figure><\/div><div class=\"wp-block-themeisle-blocks-slider-item-wrapper glide__slide\" tabindex=\"0\"><figure><img decoding=\"async\" class=\"wp-block-themeisle-blocks-slider-item\" src=\"https:\/\/familie-weitgereist.de\/wp-content\/uploads\/2022\/05\/IMG_20220525_130717-scaled.jpg\" alt=\"\" title=\"\" data-id=\"8754\"\/><\/figure><\/div><div class=\"wp-block-themeisle-blocks-slider-item-wrapper glide__slide\" tabindex=\"0\"><figure><img decoding=\"async\" class=\"wp-block-themeisle-blocks-slider-item\" src=\"https:\/\/familie-weitgereist.de\/wp-content\/uploads\/2022\/05\/IMG_20220525_110302-scaled.jpg\" alt=\"\" title=\"\" data-id=\"8755\"\/><\/figure><\/div><\/div><div class=\"glide__bullets\" data-glide-el=\"controls[nav]\"><button class=\"glide__bullet\" data-glide-dir=\"=0\"><\/button><button class=\"glide__bullet\" data-glide-dir=\"=1\"><\/button><button class=\"glide__bullet\" data-glide-dir=\"=2\"><\/button><button class=\"glide__bullet\" data-glide-dir=\"=3\"><\/button><button class=\"glide__bullet\" data-glide-dir=\"=4\"><\/button><\/div><\/div><\/div>\n\n\n\n<p>Entlang der Uferpromenade gibt es ein paar Caf\u00e9s und viele M\u00f6glichkeiten im Meer baden zu gehen. Einige Besucher sonnten sich direkt auf der Uferpromenade. Merlin und ich spielten am Sand- \/ Kieselsteinstrand.<\/p>\n\n\n\n<p>Folgt man der Uferpromenade, gelangt man zur alten Festungsmauer und kann direkt einen Spaziergang durch die Altstadt von Rab anschlie\u00dfen. <\/p>\n\n\n\n<h2 class=\"wp-block-heading\">Gedenkst\u00e4tte KZ Rab<\/h2>\n\n\n\n<p>Eine KZ Gedenkst\u00e4tte h\u00e4tten wir auf der beschaulichen Insel Rab nicht vermutet. Dennoch wurde auch Rab Schauplatz der grausamen Verbrechen im 2. Weltkrieg. Von Juli 1942 bis September 1943 existierte in Kampor ein italienisches Konzentrationslager. Auf kleinster Fl\u00e4che wurden 15000 Slowenen, Kroaten und Juden festgehalten und lebten unter menschenunw\u00fcrdigen Bedingungen. Sie erhielten kaum Trinkwasser und Nahrung, lebten beengt in Zelten, hatten keine Decken, nur etwas Stroh und waren somit dem Wetter schutzlos ausgeliefert. Tausende starben. 1488 Menschen sind namentlich bekannt, darunter auch 163 Kinder. Die kleine Gedenkst\u00e4tte dient als Mahnmal an diese grausamen Zeiten. Kindgerecht haben wir auch Merlin die Geschichte erkl\u00e4rt und er stellte interessiert ganz viele Fragen. <\/p>\n\n\n\n<figure class=\"wp-block-gallery has-nested-images columns-default is-cropped wp-block-gallery-1 is-layout-flex wp-block-gallery-is-layout-flex\">\n<figure class=\"wp-block-image size-large\"><img loading=\"lazy\" decoding=\"async\" width=\"1024\" height=\"683\" data-id=\"8757\" src=\"https:\/\/familie-weitgereist.de\/wp-content\/uploads\/2022\/05\/20220524081006_IMG_5237-1024x683.jpg\" alt=\"\" class=\"wp-image-8757\" srcset=\"https:\/\/familie-weitgereist.de\/wp-content\/uploads\/2022\/05\/20220524081006_IMG_5237-1024x683.jpg 1024w, https:\/\/familie-weitgereist.de\/wp-content\/uploads\/2022\/05\/20220524081006_IMG_5237-300x200.jpg 300w, https:\/\/familie-weitgereist.de\/wp-content\/uploads\/2022\/05\/20220524081006_IMG_5237-768x512.jpg 768w, https:\/\/familie-weitgereist.de\/wp-content\/uploads\/2022\/05\/20220524081006_IMG_5237-1536x1024.jpg 1536w, https:\/\/familie-weitgereist.de\/wp-content\/uploads\/2022\/05\/20220524081006_IMG_5237-2048x1365.jpg 2048w, https:\/\/familie-weitgereist.de\/wp-content\/uploads\/2022\/05\/20220524081006_IMG_5237-1200x800.jpg 1200w, https:\/\/familie-weitgereist.de\/wp-content\/uploads\/2022\/05\/20220524081006_IMG_5237-1980x1320.jpg 1980w, https:\/\/familie-weitgereist.de\/wp-content\/uploads\/2022\/05\/20220524081006_IMG_5237-150x100.jpg 150w\" sizes=\"auto, (max-width: 1024px) 100vw, 1024px\" \/><\/figure>\n\n\n\n<figure class=\"wp-block-image size-large\"><img loading=\"lazy\" decoding=\"async\" width=\"1024\" height=\"683\" data-id=\"8758\" src=\"https:\/\/familie-weitgereist.de\/wp-content\/uploads\/2022\/05\/20220524081453_IMG_5240-1024x683.jpg\" alt=\"\" class=\"wp-image-8758\" srcset=\"https:\/\/familie-weitgereist.de\/wp-content\/uploads\/2022\/05\/20220524081453_IMG_5240-1024x683.jpg 1024w, https:\/\/familie-weitgereist.de\/wp-content\/uploads\/2022\/05\/20220524081453_IMG_5240-300x200.jpg 300w, https:\/\/familie-weitgereist.de\/wp-content\/uploads\/2022\/05\/20220524081453_IMG_5240-768x512.jpg 768w, https:\/\/familie-weitgereist.de\/wp-content\/uploads\/2022\/05\/20220524081453_IMG_5240-1536x1024.jpg 1536w, https:\/\/familie-weitgereist.de\/wp-content\/uploads\/2022\/05\/20220524081453_IMG_5240-2048x1365.jpg 2048w, https:\/\/familie-weitgereist.de\/wp-content\/uploads\/2022\/05\/20220524081453_IMG_5240-1200x800.jpg 1200w, https:\/\/familie-weitgereist.de\/wp-content\/uploads\/2022\/05\/20220524081453_IMG_5240-1980x1320.jpg 1980w, https:\/\/familie-weitgereist.de\/wp-content\/uploads\/2022\/05\/20220524081453_IMG_5240-150x100.jpg 150w\" sizes=\"auto, (max-width: 1024px) 100vw, 1024px\" \/><\/figure>\n<\/figure>\n\n\n\n<h2 class=\"wp-block-heading\">Suha Punta<\/h2>\n\n\n\n<p>Die Halbinsel Suha Punta bietet wunderbare Wanderwege durch Eichenw\u00e4lder. Ein 15km langer Wanderweg f\u00fchrt \u00fcber die Halbinsel Suha Punta. Das Meeresrauschen begleitete uns bei unserem Spaziergang durch den Wald. Die Wege f\u00fchren zum Teil sehr nah an der K\u00fcste entlang und es bieten sich immer wieder traumhafte Ausblicke auf die schroffe K\u00fcste und das t\u00fcrkisblaue Meer.<\/p>\n\n\n\n<div id=\"wp-block-themeisle-blocks-slider-e27cc308\" class=\"wp-block-themeisle-blocks-slider glide\" data-per-view=\"1\" data-gap=\"0\" data-peek=\"0\" data-autoplay=\"true\" data-height=\"400px\" data-hide-arrows=\"false\"><div class=\"glide__track\" data-glide-el=\"track\"><div class=\"glide__slides\"><div class=\"wp-block-themeisle-blocks-slider-item-wrapper glide__slide\" tabindex=\"0\"><figure><img decoding=\"async\" class=\"wp-block-themeisle-blocks-slider-item\" src=\"https:\/\/familie-weitgereist.de\/wp-content\/uploads\/2022\/05\/20220524094344_IMG_5287-scaled.jpg\" alt=\"\" title=\"\" data-id=\"8760\"\/><\/figure><\/div><div class=\"wp-block-themeisle-blocks-slider-item-wrapper glide__slide\" tabindex=\"0\"><figure><img decoding=\"async\" class=\"wp-block-themeisle-blocks-slider-item\" src=\"https:\/\/familie-weitgereist.de\/wp-content\/uploads\/2022\/05\/20220524094004_IMG_5278-scaled.jpg\" alt=\"\" title=\"\" data-id=\"8761\"\/><\/figure><\/div><div class=\"wp-block-themeisle-blocks-slider-item-wrapper glide__slide\" tabindex=\"0\"><figure><img decoding=\"async\" class=\"wp-block-themeisle-blocks-slider-item\" src=\"https:\/\/familie-weitgereist.de\/wp-content\/uploads\/2022\/05\/20220524092325_IMG_5258-scaled.jpg\" alt=\"\" title=\"\" data-id=\"8763\"\/><\/figure><\/div><\/div><div class=\"glide__bullets\" data-glide-el=\"controls[nav]\"><button class=\"glide__bullet\" data-glide-dir=\"=0\"><\/button><button class=\"glide__bullet\" data-glide-dir=\"=1\"><\/button><button class=\"glide__bullet\" data-glide-dir=\"=2\"><\/button><\/div><\/div><\/div>\n\n\n\n<h2 class=\"wp-block-heading\">Kamenjak<\/h2>\n\n\n\n<p>Der h\u00f6chste Punkt und Berg der Insel ist der Kamenjak mit 408m. Der Gipfel des Berges kann erwandert werden und es ist auch m\u00f6glich mit dem Auto nahezu bis zum Gipfel zu fahren. Auf dem Gipfel steht ein Sendemast und eine kleine Steinpyramide. Es gibt sogar ein Gipfelbuch.<\/p>\n\n\n\n<figure class=\"wp-block-image size-large\"><img loading=\"lazy\" decoding=\"async\" width=\"1024\" height=\"683\" src=\"https:\/\/familie-weitgereist.de\/wp-content\/uploads\/2022\/05\/20220526025248_IMG_5351-1024x683.jpg\" alt=\"\" class=\"wp-image-8762\" srcset=\"https:\/\/familie-weitgereist.de\/wp-content\/uploads\/2022\/05\/20220526025248_IMG_5351-1024x683.jpg 1024w, https:\/\/familie-weitgereist.de\/wp-content\/uploads\/2022\/05\/20220526025248_IMG_5351-300x200.jpg 300w, https:\/\/familie-weitgereist.de\/wp-content\/uploads\/2022\/05\/20220526025248_IMG_5351-768x512.jpg 768w, https:\/\/familie-weitgereist.de\/wp-content\/uploads\/2022\/05\/20220526025248_IMG_5351-1536x1024.jpg 1536w, https:\/\/familie-weitgereist.de\/wp-content\/uploads\/2022\/05\/20220526025248_IMG_5351-2048x1365.jpg 2048w, https:\/\/familie-weitgereist.de\/wp-content\/uploads\/2022\/05\/20220526025248_IMG_5351-1200x800.jpg 1200w, https:\/\/familie-weitgereist.de\/wp-content\/uploads\/2022\/05\/20220526025248_IMG_5351-1980x1320.jpg 1980w, https:\/\/familie-weitgereist.de\/wp-content\/uploads\/2022\/05\/20220526025248_IMG_5351-150x100.jpg 150w\" sizes=\"auto, (max-width: 1024px) 100vw, 1024px\" \/><figcaption>Auf dem h\u00f6chsten Punkt der Insel Rab<\/figcaption><\/figure>\n\n\n\n<p>Vom Gipfel bieten sich herrliche Aussichten auf die Insel Rab und die umliegenden Inseln im Meer. Zudem kann man auch das Festland sehen. Sehr interessant sind die beiden Inseln <em>Goli Otok<\/em> und <em>Otok Sveti<\/em> <em>Grgur<\/em>. Dies waren Gef\u00e4ngnisinseln und sind heute unbewohnt, k\u00f6nnen aber besichtigt werden. auf <em>Goli Otok<\/em> wurden M\u00e4nner inhaftiert, auf <em>Otok Sveti Grgur<\/em> Frauen. Dies geschah ab 1949 bis in die 1960er Jahre hinein.<\/p>\n\n\n\n<figure class=\"wp-block-image size-large\"><img loading=\"lazy\" decoding=\"async\" width=\"1024\" height=\"683\" src=\"https:\/\/familie-weitgereist.de\/wp-content\/uploads\/2022\/05\/20220526025718_IMG_5356-1024x683.jpg\" alt=\"\" class=\"wp-image-8765\" srcset=\"https:\/\/familie-weitgereist.de\/wp-content\/uploads\/2022\/05\/20220526025718_IMG_5356-1024x683.jpg 1024w, https:\/\/familie-weitgereist.de\/wp-content\/uploads\/2022\/05\/20220526025718_IMG_5356-300x200.jpg 300w, https:\/\/familie-weitgereist.de\/wp-content\/uploads\/2022\/05\/20220526025718_IMG_5356-768x512.jpg 768w, https:\/\/familie-weitgereist.de\/wp-content\/uploads\/2022\/05\/20220526025718_IMG_5356-1536x1024.jpg 1536w, https:\/\/familie-weitgereist.de\/wp-content\/uploads\/2022\/05\/20220526025718_IMG_5356-2048x1365.jpg 2048w, https:\/\/familie-weitgereist.de\/wp-content\/uploads\/2022\/05\/20220526025718_IMG_5356-1200x800.jpg 1200w, https:\/\/familie-weitgereist.de\/wp-content\/uploads\/2022\/05\/20220526025718_IMG_5356-1980x1320.jpg 1980w, https:\/\/familie-weitgereist.de\/wp-content\/uploads\/2022\/05\/20220526025718_IMG_5356-150x100.jpg 150w\" sizes=\"auto, (max-width: 1024px) 100vw, 1024px\" \/><\/figure>\n\n\n\n<h2 class=\"wp-block-heading\">Kloster der Heiligen Euphemia<\/h2>\n\n\n\n<p>Das Kloster der Heiligen Euphemia befindet sich in dem Ort Kampor und wurde schon 1444 erstmals erw\u00e4hnt. Die Anlage ist sehr sch\u00f6n und wird heute von Nonnen gepflegt. Zwei Friedh\u00f6fe, der Kircheninnenhof und die Kirche selbst mit ihrem sch\u00f6nen Altar k\u00f6nnen besichtigt werden. Die T\u00fcren stehen daf\u00fcr ganzt\u00e4gig offen.<\/p>\n\n\n\n<figure class=\"wp-block-gallery has-nested-images columns-default is-cropped wp-block-gallery-2 is-layout-flex wp-block-gallery-is-layout-flex\">\n<figure class=\"wp-block-image size-large\"><img loading=\"lazy\" decoding=\"async\" width=\"1024\" height=\"683\" data-id=\"8767\" src=\"https:\/\/familie-weitgereist.de\/wp-content\/uploads\/2022\/05\/20220525084328_IMG_5310-1024x683.jpg\" alt=\"\" class=\"wp-image-8767\" srcset=\"https:\/\/familie-weitgereist.de\/wp-content\/uploads\/2022\/05\/20220525084328_IMG_5310-1024x683.jpg 1024w, https:\/\/familie-weitgereist.de\/wp-content\/uploads\/2022\/05\/20220525084328_IMG_5310-300x200.jpg 300w, https:\/\/familie-weitgereist.de\/wp-content\/uploads\/2022\/05\/20220525084328_IMG_5310-768x512.jpg 768w, https:\/\/familie-weitgereist.de\/wp-content\/uploads\/2022\/05\/20220525084328_IMG_5310-1536x1024.jpg 1536w, https:\/\/familie-weitgereist.de\/wp-content\/uploads\/2022\/05\/20220525084328_IMG_5310-2048x1365.jpg 2048w, https:\/\/familie-weitgereist.de\/wp-content\/uploads\/2022\/05\/20220525084328_IMG_5310-1200x800.jpg 1200w, https:\/\/familie-weitgereist.de\/wp-content\/uploads\/2022\/05\/20220525084328_IMG_5310-1980x1320.jpg 1980w, https:\/\/familie-weitgereist.de\/wp-content\/uploads\/2022\/05\/20220525084328_IMG_5310-150x100.jpg 150w\" sizes=\"auto, (max-width: 1024px) 100vw, 1024px\" \/><\/figure>\n\n\n\n<figure class=\"wp-block-image size-large\"><img loading=\"lazy\" decoding=\"async\" width=\"1024\" height=\"683\" data-id=\"8768\" src=\"https:\/\/familie-weitgereist.de\/wp-content\/uploads\/2022\/05\/20220525082355_IMG_5299-1024x683.jpg\" alt=\"\" class=\"wp-image-8768\" srcset=\"https:\/\/familie-weitgereist.de\/wp-content\/uploads\/2022\/05\/20220525082355_IMG_5299-1024x683.jpg 1024w, https:\/\/familie-weitgereist.de\/wp-content\/uploads\/2022\/05\/20220525082355_IMG_5299-300x200.jpg 300w, https:\/\/familie-weitgereist.de\/wp-content\/uploads\/2022\/05\/20220525082355_IMG_5299-768x512.jpg 768w, https:\/\/familie-weitgereist.de\/wp-content\/uploads\/2022\/05\/20220525082355_IMG_5299-1536x1024.jpg 1536w, https:\/\/familie-weitgereist.de\/wp-content\/uploads\/2022\/05\/20220525082355_IMG_5299-2048x1365.jpg 2048w, https:\/\/familie-weitgereist.de\/wp-content\/uploads\/2022\/05\/20220525082355_IMG_5299-1200x800.jpg 1200w, https:\/\/familie-weitgereist.de\/wp-content\/uploads\/2022\/05\/20220525082355_IMG_5299-1980x1320.jpg 1980w, https:\/\/familie-weitgereist.de\/wp-content\/uploads\/2022\/05\/20220525082355_IMG_5299-150x100.jpg 150w\" sizes=\"auto, (max-width: 1024px) 100vw, 1024px\" \/><\/figure>\n<\/figure>\n\n\n\n<h2 class=\"wp-block-heading\">Sahara Strand<\/h2>\n\n\n\n<p>Der Sahara Strand liegt im Norden der Insel und ist nur \u00fcber eine Wanderung oder mit dem Fahrrad durch den <strong>Geo Park Rab <\/strong>erreichbar. Aus diesem Grund genie\u00dft man hier noch einmal mehr die Abgeschiedenheit und die wenigen Besucher. Am Strand ist auch nackt baden erlaubt. Bevor man den Strand erreicht, f\u00fchrt die Wanderung durch W\u00e4lder, schmale Pfade und D\u00fcnenlandschaften. Der Sandstrand selbst ist schattenlos aber wundersch\u00f6n.<\/p>\n\n\n\n<div id=\"wp-block-themeisle-blocks-slider-eceac478\" class=\"wp-block-themeisle-blocks-slider glide\" data-per-view=\"1\" data-gap=\"0\" data-peek=\"0\" data-autoplay=\"true\" data-height=\"297px\" data-hide-arrows=\"false\"><div class=\"glide__track\" data-glide-el=\"track\"><div class=\"glide__slides\"><div class=\"wp-block-themeisle-blocks-slider-item-wrapper glide__slide\" tabindex=\"0\"><figure><img decoding=\"async\" class=\"wp-block-themeisle-blocks-slider-item\" src=\"https:\/\/familie-weitgereist.de\/wp-content\/uploads\/2022\/05\/20220526081834_IMG_5426-scaled.jpg\" alt=\"\" title=\"\" data-id=\"8769\"\/><\/figure><\/div><div class=\"wp-block-themeisle-blocks-slider-item-wrapper glide__slide\" tabindex=\"0\"><figure><img decoding=\"async\" class=\"wp-block-themeisle-blocks-slider-item\" src=\"https:\/\/familie-weitgereist.de\/wp-content\/uploads\/2022\/05\/20220526071007_IMG_5405-scaled.jpg\" alt=\"\" title=\"\" data-id=\"8770\"\/><\/figure><\/div><div class=\"wp-block-themeisle-blocks-slider-item-wrapper glide__slide\" tabindex=\"0\"><figure><img decoding=\"async\" class=\"wp-block-themeisle-blocks-slider-item\" src=\"https:\/\/familie-weitgereist.de\/wp-content\/uploads\/2022\/05\/20220526070700_IMG_5400-scaled.jpg\" alt=\"\" title=\"\" data-id=\"8771\"\/><\/figure><\/div><div class=\"wp-block-themeisle-blocks-slider-item-wrapper glide__slide\" tabindex=\"0\"><figure><img decoding=\"async\" class=\"wp-block-themeisle-blocks-slider-item\" src=\"https:\/\/familie-weitgereist.de\/wp-content\/uploads\/2022\/05\/20220526065836_IMG_5394-scaled.jpg\" alt=\"\" title=\"\" data-id=\"8772\"\/><\/figure><\/div><div class=\"wp-block-themeisle-blocks-slider-item-wrapper glide__slide\" tabindex=\"0\"><figure><img decoding=\"async\" class=\"wp-block-themeisle-blocks-slider-item\" src=\"https:\/\/familie-weitgereist.de\/wp-content\/uploads\/2022\/05\/20220526063105_IMG_5372-scaled.jpg\" alt=\"\" title=\"\" data-id=\"8773\"\/><\/figure><\/div><\/div><div class=\"glide__bullets\" data-glide-el=\"controls[nav]\"><button class=\"glide__bullet\" data-glide-dir=\"=0\"><\/button><button class=\"glide__bullet\" data-glide-dir=\"=1\"><\/button><button class=\"glide__bullet\" data-glide-dir=\"=2\"><\/button><button class=\"glide__bullet\" data-glide-dir=\"=3\"><\/button><button class=\"glide__bullet\" data-glide-dir=\"=4\"><\/button><\/div><\/div><\/div>\n\n\n\n<h2 class=\"wp-block-heading\">Lopar und Paradiesstrand<\/h2>\n\n\n\n<p>Lopar ist ein kleiner Ort im Norden der Insel Rab und bietet feine Sandstr\u00e4nde, f\u00fcr Kroatien ein Seltenheit. In Lopar f\u00e4hrt die F\u00e4hre zur <strong>Insel Krk<\/strong> ab.<\/p>\n\n\n\n<div id=\"wp-block-themeisle-blocks-slider-6c2a0343\" class=\"wp-block-themeisle-blocks-slider glide\" data-per-view=\"1\" data-gap=\"0\" data-peek=\"0\" data-autoplay=\"true\" data-height=\"271px\" data-hide-arrows=\"false\"><div class=\"glide__track\" data-glide-el=\"track\"><div class=\"glide__slides\"><div class=\"wp-block-themeisle-blocks-slider-item-wrapper glide__slide\" tabindex=\"0\"><figure><img decoding=\"async\" class=\"wp-block-themeisle-blocks-slider-item\" src=\"https:\/\/familie-weitgereist.de\/wp-content\/uploads\/2022\/05\/20220528024630_IMG_5493-1-scaled.jpg\" alt=\"\" title=\"\" data-id=\"8776\"\/><\/figure><\/div><div class=\"wp-block-themeisle-blocks-slider-item-wrapper glide__slide\" tabindex=\"0\"><figure><img decoding=\"async\" class=\"wp-block-themeisle-blocks-slider-item\" src=\"https:\/\/familie-weitgereist.de\/wp-content\/uploads\/2022\/05\/20220528024138_IMG_5485-scaled.jpg\" alt=\"\" title=\"\" data-id=\"8778\"\/><\/figure><\/div><\/div><div class=\"glide__bullets\" data-glide-el=\"controls[nav]\"><button class=\"glide__bullet\" data-glide-dir=\"=0\"><\/button><button class=\"glide__bullet\" data-glide-dir=\"=1\"><\/button><\/div><\/div><\/div>\n\n\n\n<p>Bekannt ist der Paradiesstrand <strong>Rajska<\/strong> <strong>Pla\u017ea<\/strong>. Dieser 2km lange Sandstrand l\u00e4dt zum Verweilen ein. Direkt hinter dem Sandstrand befindet sich ein Campingplatz namens <em>San Marino<\/em>. Der Strand f\u00e4llt flach ins Meer ab und bleibt auch sehr lang flach. Daher ist der Strand besonders bei Familien beliebt, denn die Kinder k\u00f6nnen im warmen Wasser planschen und spielen. Unweit des Strandes entfernt befindet sich eine sehr kleine Insel namens <strong>Oto\u010di\u0107 Hr Lucovac<\/strong>. Einige Familien sind mit ihren Stand-Up Paddles hin gepaddelt. Es ist auch m\u00f6glich zu schwimmen. Ich bin den kurzen Weg \u00fcber das Meer r\u00fcber geschwommen. Auf der Insel hat man einen sch\u00f6nen Ausblick auf die Strandpromenade und die Bucht.<\/p>\n\n\n\n<div id=\"wp-block-themeisle-blocks-slider-f0194b58\" class=\"wp-block-themeisle-blocks-slider glide\" data-per-view=\"1\" data-gap=\"0\" data-peek=\"0\" data-autoplay=\"true\" data-height=\"326px\" data-hide-arrows=\"false\"><div class=\"glide__track\" data-glide-el=\"track\"><div class=\"glide__slides\"><div class=\"wp-block-themeisle-blocks-slider-item-wrapper glide__slide\" tabindex=\"0\"><figure><img decoding=\"async\" class=\"wp-block-themeisle-blocks-slider-item\" src=\"https:\/\/familie-weitgereist.de\/wp-content\/uploads\/2022\/05\/20220528044112_IMG_5538-scaled.jpg\" alt=\"\" title=\"\" data-id=\"8774\"\/><\/figure><\/div><div class=\"wp-block-themeisle-blocks-slider-item-wrapper glide__slide\" tabindex=\"0\"><figure><img decoding=\"async\" class=\"wp-block-themeisle-blocks-slider-item\" src=\"https:\/\/familie-weitgereist.de\/wp-content\/uploads\/2022\/05\/IMG_20220528_140202-scaled.jpg\" alt=\"\" title=\"\" data-id=\"8775\"\/><\/figure><\/div><\/div><div class=\"glide__bullets\" data-glide-el=\"controls[nav]\"><button class=\"glide__bullet\" data-glide-dir=\"=0\"><\/button><button class=\"glide__bullet\" data-glide-dir=\"=1\"><\/button><\/div><\/div><\/div>\n","protected":false},"excerpt":{"rendered":"<p>In diesem Beitrag berichten wir \u00fcber unsere Workation Woche auf der Insel Rab in der Kvarner Bucht im Nordadriatischen Meer. Wir waren \u00fcber Himmelfahrt auf der traumhaften Insel. Somit hatten wir ein paar gemeinsame freie Tage, die wir f\u00fcr unsere Inselexkursionen genutzt haben. Die Insel Rab hat uns au\u00dferordentlich gut gefallen. Sie ist eine wundersch\u00f6ne [&hellip;]<\/p>\n","protected":false},"author":3,"featured_media":8763,"comment_status":"open","ping_status":"open","sticky":false,"template":"","format":"standard","meta":{"_themeisle_gutenberg_block_has_review":false,"footnotes":""},"categories":[270,8,4,377],"tags":[642,641,643,638,639,645,646,637,644,640],"class_list":["post-8649","post","type-post","status-publish","format-standard","has-post-thumbnail","hentry","category-kroatien","category-europa","category-laender","category-spielplaetze","tag-kamenjak","tag-kampor","tag-kloster-der-heiligen-euphemia","tag-komrcar-park","tag-kz-rab","tag-lopar","tag-paradiesstrand","tag-rab","tag-sahara-strand","tag-suha-punta"],"_links":{"self":[{"href":"https:\/\/familie-weitgereist.de\/index.php?rest_route=\/wp\/v2\/posts\/8649","targetHints":{"allow":["GET"]}}],"collection":[{"href":"https:\/\/familie-weitgereist.de\/index.php?rest_route=\/wp\/v2\/posts"}],"about":[{"href":"https:\/\/familie-weitgereist.de\/index.php?rest_route=\/wp\/v2\/types\/post"}],"author":[{"embeddable":true,"href":"https:\/\/familie-weitgereist.de\/index.php?rest_route=\/wp\/v2\/users\/3"}],"replies":[{"embeddable":true,"href":"https:\/\/familie-weitgereist.de\/index.php?rest_route=%2Fwp%2Fv2%2Fcomments&post=8649"}],"version-history":[{"count":61,"href":"https:\/\/familie-weitgereist.de\/index.php?rest_route=\/wp\/v2\/posts\/8649\/revisions"}],"predecessor-version":[{"id":23494,"href":"https:\/\/familie-weitgereist.de\/index.php?rest_route=\/wp\/v2\/posts\/8649\/revisions\/23494"}],"wp:featuredmedia":[{"embeddable":true,"href":"https:\/\/familie-weitgereist.de\/index.php?rest_route=\/wp\/v2\/media\/8763"}],"wp:attachment":[{"href":"https:\/\/familie-weitgereist.de\/index.php?rest_route=%2Fwp%2Fv2%2Fmedia&parent=8649"}],"wp:term":[{"taxonomy":"category","embeddable":true,"href":"https:\/\/familie-weitgereist.de\/index.php?rest_route=%2Fwp%2Fv2%2Fcategories&post=8649"},{"taxonomy":"post_tag","embeddable":true,"href":"https:\/\/familie-weitgereist.de\/index.php?rest_route=%2Fwp%2Fv2%2Ftags&post=8649"}],"curies":[{"name":"wp","href":"https:\/\/api.w.org\/{rel}","templated":true}]}}