{"id":8255,"date":"2022-05-12T23:15:10","date_gmt":"2022-05-12T21:15:10","guid":{"rendered":"https:\/\/familie-weitgereist.de\/?p=8255"},"modified":"2025-10-12T23:01:20","modified_gmt":"2025-10-12T21:01:20","slug":"workation-in-sukosan-kroatien-mit-kleinkind-teil-3","status":"publish","type":"post","link":"https:\/\/familie-weitgereist.de\/?p=8255","title":{"rendered":"Workation in Suko\u0161an, Kroatien mit Kleinkind"},"content":{"rendered":"\n<p>In diesem Beitrag berichten wir \u00fcber unseren Monat in <strong>Suko\u0161an<\/strong>. Philipp hat wochentags wieder gearbeitet und wir haben am Wochenende gemeinsam von Suko\u0161an Ausfl\u00fcge unternommen.<\/p>\n\n\n\n<p>Wir hatten ein 2-Zimmer Apartment in ruhiger Lage. Wir wohnten in einer sch\u00f6nen, ruhigen Nachbarschaft, perfekt mit Kleinkind. Merlin konnte mit seinem Fahrrad in Ruhe auf den verkehrsberuhigten Stra\u00dfen fahren. <\/p>\n\n\n\n<figure class=\"wp-block-image size-large\"><img loading=\"lazy\" decoding=\"async\" width=\"1024\" height=\"768\" src=\"https:\/\/familie-weitgereist.de\/wp-content\/uploads\/2022\/05\/IMG_20220502_153709-1024x768.jpg\" alt=\"\" class=\"wp-image-8283\" srcset=\"https:\/\/familie-weitgereist.de\/wp-content\/uploads\/2022\/05\/IMG_20220502_153709-1024x768.jpg 1024w, https:\/\/familie-weitgereist.de\/wp-content\/uploads\/2022\/05\/IMG_20220502_153709-300x225.jpg 300w, https:\/\/familie-weitgereist.de\/wp-content\/uploads\/2022\/05\/IMG_20220502_153709-768x576.jpg 768w, https:\/\/familie-weitgereist.de\/wp-content\/uploads\/2022\/05\/IMG_20220502_153709-1536x1152.jpg 1536w, https:\/\/familie-weitgereist.de\/wp-content\/uploads\/2022\/05\/IMG_20220502_153709-2048x1536.jpg 2048w, https:\/\/familie-weitgereist.de\/wp-content\/uploads\/2022\/05\/IMG_20220502_153709-1200x900.jpg 1200w, https:\/\/familie-weitgereist.de\/wp-content\/uploads\/2022\/05\/IMG_20220502_153709-1980x1485.jpg 1980w, https:\/\/familie-weitgereist.de\/wp-content\/uploads\/2022\/05\/IMG_20220502_153709-150x113.jpg 150w\" sizes=\"auto, (max-width: 1024px) 100vw, 1024px\" \/><figcaption>Unser Apartment Haus in Suko\u0161an<\/figcaption><\/figure>\n\n\n\n<div id=\"wp-block-themeisle-blocks-slider-22027e91\" class=\"wp-block-themeisle-blocks-slider glide\" data-per-view=\"1\" data-gap=\"0\" data-peek=\"0\" data-autoplay=\"true\" data-height=\"432px\" data-hide-arrows=\"false\"><div class=\"glide__track\" data-glide-el=\"track\"><div class=\"glide__slides\"><div class=\"wp-block-themeisle-blocks-slider-item-wrapper glide__slide\" tabindex=\"0\"><figure><img decoding=\"async\" class=\"wp-block-themeisle-blocks-slider-item\" src=\"https:\/\/familie-weitgereist.de\/wp-content\/uploads\/2022\/05\/IMG_20220425_152024-scaled.jpg\" alt=\"\" title=\"\" data-id=\"8286\"\/><\/figure><\/div><div class=\"wp-block-themeisle-blocks-slider-item-wrapper glide__slide\" tabindex=\"0\"><figure><img decoding=\"async\" class=\"wp-block-themeisle-blocks-slider-item\" src=\"https:\/\/familie-weitgereist.de\/wp-content\/uploads\/2022\/05\/IMG_20220425_150228-scaled.jpg\" alt=\"\" title=\"\" data-id=\"8289\"\/><\/figure><\/div><div class=\"wp-block-themeisle-blocks-slider-item-wrapper glide__slide\" tabindex=\"0\"><figure><img decoding=\"async\" class=\"wp-block-themeisle-blocks-slider-item\" src=\"https:\/\/familie-weitgereist.de\/wp-content\/uploads\/2022\/05\/IMG_20220425_143314-scaled.jpg\" alt=\"\" title=\"\" data-id=\"8293\"\/><\/figure><\/div><div class=\"wp-block-themeisle-blocks-slider-item-wrapper glide__slide\" tabindex=\"0\"><figure><img decoding=\"async\" class=\"wp-block-themeisle-blocks-slider-item\" src=\"https:\/\/familie-weitgereist.de\/wp-content\/uploads\/2022\/05\/IMG_20220425_134329-scaled.jpg\" alt=\"\" title=\"\" data-id=\"8304\"\/><\/figure><\/div><\/div><div class=\"glide__bullets\" data-glide-el=\"controls[nav]\"><button class=\"glide__bullet\" data-glide-dir=\"=0\"><\/button><button class=\"glide__bullet\" data-glide-dir=\"=1\"><\/button><button class=\"glide__bullet\" data-glide-dir=\"=2\"><\/button><button class=\"glide__bullet\" data-glide-dir=\"=3\"><\/button><\/div><\/div><\/div>\n\n\n\n<h2 class=\"wp-block-heading\">Anreise<\/h2>\n\n\n\n<p>Von <strong>Supetar, auf der Insel Bra\u010d <\/strong>sind wir mit der F\u00e4hre nach <strong>Split<\/strong> gefahren. Von da aus waren es ca. 2 Stunden Autofahrt bis nach <strong>Suko\u0161an<\/strong>. <\/p>\n\n\n\n<p>Folgende Ausflugsm\u00f6glichkeiten in der Region um <strong>Zadar<\/strong> stellen wir euch vor: <\/p>\n\n\n\n<ul class=\"wp-block-list\"><li><a href=\"https:\/\/familie-weitgereist.de\/?p=8255\/#sukosan\">Suko\u0161an<\/a><\/li><li><a href=\"https:\/\/familie-weitgereist.de\/?p=8255\/#biograd\">Biograd na Moru<\/a><\/li><li><a href=\"https:\/\/familie-weitgereist.de\/?p=8255\/#knin\">Festung Knin und Kr\u010di\u0107 Wasserfall<\/a><\/li><li><a href=\"https:\/\/familie-weitgereist.de\/?p=8255\/#krka\">Krka Nationalpark<\/a><\/li><li><a href=\"https:\/\/familie-weitgereist.de\/?p=8255\/#murter\">Insel Murter<\/a><\/li><li><a href=\"https:\/\/familie-weitgereist.de\/?p=8255\/#vir\">Insel Vir<\/a><\/li><li><a href=\"https:\/\/familie-weitgereist.de\/?p=8255\/#pag\">Insel Pag<\/a><\/li><li><a href=\"https:\/\/familie-weitgereist.de\/?p=8255\/#nin\">Nin<\/a><\/li><li><a href=\"https:\/\/familie-weitgereist.de\/?p=8255\/#novigrad\">Novigrad und Zrmanje Canyon<\/a><\/li><li><a href=\"https:\/\/familie-weitgereist.de\/?p=8255\/#plitvicerseen\">Plitvicer Seen<\/a><\/li><li><a href=\"https:\/\/familie-weitgereist.de\/?p=8255\/#zadar\">Zadar<\/a><\/li><\/ul>\n\n\n\n<p>In diesem Beitrag stellen wir euch auch das kroatische Hinterland vor, denn Kroatien hat so viel mehr zu bieten, als Meer und K\u00fcste.<\/p>\n\n\n\n<h2 class=\"wp-block-heading\" id=\"sukosan\">Suko\u0161an<\/h2>\n\n\n\n<p>Die 3000 Einwohner z\u00e4hlende Kleinstadt Suko\u0161an hat eine charmante Altstadt. Das Zentrum wird von typischen dalmatinischen Steinh\u00e4usern geziert, in deren Mitte sich die Kirche befindet. An der Uferpromenade sind wir sehr oft entlang gelaufen und haben auf die wundersch\u00f6ne azurblaue Adria geblickt.<\/p>\n\n\n\n<p>Ein besonderes Element der Altstadt ist das Stadttor <strong>Gornja Vrata<\/strong> aus dem Jahr 1470. <\/p>\n\n\n\n<div id=\"wp-block-themeisle-blocks-slider-d9cba49c\" class=\"wp-block-themeisle-blocks-slider glide\" data-per-view=\"1\" data-gap=\"0\" data-peek=\"0\" data-autoplay=\"true\" data-height=\"574px\" data-hide-arrows=\"false\"><div class=\"glide__track\" data-glide-el=\"track\"><div class=\"glide__slides\"><div class=\"wp-block-themeisle-blocks-slider-item-wrapper glide__slide\" tabindex=\"0\"><figure><img decoding=\"async\" class=\"wp-block-themeisle-blocks-slider-item\" src=\"https:\/\/familie-weitgereist.de\/wp-content\/uploads\/2022\/05\/IMG_20220427_131740-scaled.jpg\" alt=\"\" title=\"\" data-id=\"8290\"\/><\/figure><\/div><div class=\"wp-block-themeisle-blocks-slider-item-wrapper glide__slide\" tabindex=\"0\"><figure><img decoding=\"async\" class=\"wp-block-themeisle-blocks-slider-item\" src=\"https:\/\/familie-weitgereist.de\/wp-content\/uploads\/2022\/05\/IMG_20220427_131319_1-scaled.jpg\" alt=\"\" title=\"\" data-id=\"8295\"\/><\/figure><\/div><div class=\"wp-block-themeisle-blocks-slider-item-wrapper glide__slide\" tabindex=\"0\"><figure><img decoding=\"async\" class=\"wp-block-themeisle-blocks-slider-item\" src=\"https:\/\/familie-weitgereist.de\/wp-content\/uploads\/2022\/05\/IMG_20220427_131133-scaled.jpg\" alt=\"\" title=\"\" data-id=\"8300\"\/><\/figure><\/div><div class=\"wp-block-themeisle-blocks-slider-item-wrapper glide__slide\" tabindex=\"0\"><figure><img decoding=\"async\" class=\"wp-block-themeisle-blocks-slider-item\" src=\"https:\/\/familie-weitgereist.de\/wp-content\/uploads\/2022\/05\/IMG_20220427_131035-scaled.jpg\" alt=\"\" title=\"\" data-id=\"8306\"\/><\/figure><\/div><div class=\"wp-block-themeisle-blocks-slider-item-wrapper glide__slide\" tabindex=\"0\"><figure><img decoding=\"async\" class=\"wp-block-themeisle-blocks-slider-item\" src=\"https:\/\/familie-weitgereist.de\/wp-content\/uploads\/2022\/05\/IMG_20220427_131009-scaled.jpg\" alt=\"\" title=\"\" data-id=\"8311\"\/><\/figure><\/div><div class=\"wp-block-themeisle-blocks-slider-item-wrapper glide__slide\" tabindex=\"0\"><figure><img decoding=\"async\" class=\"wp-block-themeisle-blocks-slider-item\" src=\"https:\/\/familie-weitgereist.de\/wp-content\/uploads\/2022\/05\/IMG_20220427_130847-scaled.jpg\" alt=\"\" title=\"\" data-id=\"8317\"\/><\/figure><\/div><\/div><div class=\"glide__bullets\" data-glide-el=\"controls[nav]\"><button class=\"glide__bullet\" data-glide-dir=\"=0\"><\/button><button class=\"glide__bullet\" data-glide-dir=\"=1\"><\/button><button class=\"glide__bullet\" data-glide-dir=\"=2\"><\/button><button class=\"glide__bullet\" data-glide-dir=\"=3\"><\/button><button class=\"glide__bullet\" data-glide-dir=\"=4\"><\/button><button class=\"glide__bullet\" data-glide-dir=\"=5\"><\/button><\/div><\/div><\/div>\n\n\n\n<div id=\"wp-block-themeisle-blocks-slider-1c4aa008\" class=\"wp-block-themeisle-blocks-slider glide\" data-per-view=\"1\" data-gap=\"0\" data-peek=\"0\" data-autoplay=\"true\" data-height=\"386px\" data-hide-arrows=\"false\"><div class=\"glide__track\" data-glide-el=\"track\"><div class=\"glide__slides\"><div class=\"wp-block-themeisle-blocks-slider-item-wrapper glide__slide\" tabindex=\"0\"><figure><img decoding=\"async\" class=\"wp-block-themeisle-blocks-slider-item\" src=\"https:\/\/familie-weitgereist.de\/wp-content\/uploads\/2022\/05\/IMG_20220427_132618-scaled.jpg\" alt=\"\" title=\"\" data-id=\"8307\"\/><\/figure><\/div><div class=\"wp-block-themeisle-blocks-slider-item-wrapper glide__slide\" tabindex=\"0\"><figure><img decoding=\"async\" class=\"wp-block-themeisle-blocks-slider-item\" src=\"https:\/\/familie-weitgereist.de\/wp-content\/uploads\/2022\/05\/IMG_20220427_132406-scaled.jpg\" alt=\"\" title=\"\" data-id=\"8310\"\/><\/figure><\/div><div class=\"wp-block-themeisle-blocks-slider-item-wrapper glide__slide\" tabindex=\"0\"><figure><img decoding=\"async\" class=\"wp-block-themeisle-blocks-slider-item\" src=\"https:\/\/familie-weitgereist.de\/wp-content\/uploads\/2022\/05\/IMG_20220427_131928-scaled.jpg\" alt=\"\" title=\"\" data-id=\"8316\"\/><\/figure><\/div><\/div><div class=\"glide__bullets\" data-glide-el=\"controls[nav]\"><button class=\"glide__bullet\" data-glide-dir=\"=0\"><\/button><button class=\"glide__bullet\" data-glide-dir=\"=1\"><\/button><button class=\"glide__bullet\" data-glide-dir=\"=2\"><\/button><\/div><\/div><\/div>\n\n\n\n<p>Suko\u0161an ist ein beliebter Urlaubsort in der Region Zadar und liegt auch nur 12 km s\u00fcdlich von Zadar. Es gibt sehr viele Str\u00e4nde, haupts\u00e4chlich Kieselsteinstr\u00e4nde. Wir haben auch einen kleinen Sandstrand gefunden und besonders Merlin hat sich wieder sehr dar\u00fcber gefreut. <\/p>\n\n\n\n<div id=\"wp-block-themeisle-blocks-slider-709f981d\" class=\"wp-block-themeisle-blocks-slider glide\" data-per-view=\"1\" data-gap=\"0\" data-peek=\"0\" data-autoplay=\"true\" data-height=\"400px\" data-hide-arrows=\"false\"><div class=\"glide__track\" data-glide-el=\"track\"><div class=\"glide__slides\"><div class=\"wp-block-themeisle-blocks-slider-item-wrapper glide__slide\" tabindex=\"0\"><figure><img decoding=\"async\" class=\"wp-block-themeisle-blocks-slider-item\" src=\"https:\/\/familie-weitgereist.de\/wp-content\/uploads\/2022\/05\/IMG_20220510_133305-scaled.jpg\" alt=\"\" title=\"\" data-id=\"8391\"\/><\/figure><\/div><div class=\"wp-block-themeisle-blocks-slider-item-wrapper glide__slide\" tabindex=\"0\"><figure><img decoding=\"async\" class=\"wp-block-themeisle-blocks-slider-item\" src=\"https:\/\/familie-weitgereist.de\/wp-content\/uploads\/2022\/05\/IMG_20220510_125902-scaled.jpg\" alt=\"\" title=\"\" data-id=\"8392\"\/><\/figure><\/div><\/div><div class=\"glide__bullets\" data-glide-el=\"controls[nav]\"><button class=\"glide__bullet\" data-glide-dir=\"=0\"><\/button><button class=\"glide__bullet\" data-glide-dir=\"=1\"><\/button><\/div><\/div><\/div>\n\n\n\n<div id=\"wp-block-themeisle-blocks-slider-aac21f85\" class=\"wp-block-themeisle-blocks-slider glide\" data-per-view=\"1\" data-gap=\"0\" data-peek=\"0\" data-autoplay=\"true\" data-height=\"369px\" data-hide-arrows=\"false\"><div class=\"glide__track\" data-glide-el=\"track\"><div class=\"glide__slides\"><div class=\"wp-block-themeisle-blocks-slider-item-wrapper glide__slide\" tabindex=\"0\"><figure><img decoding=\"async\" class=\"wp-block-themeisle-blocks-slider-item\" src=\"https:\/\/familie-weitgereist.de\/wp-content\/uploads\/2022\/05\/IMG_20220428_125910-scaled.jpg\" alt=\"\" title=\"\" data-id=\"8292\"\/><\/figure><\/div><div class=\"wp-block-themeisle-blocks-slider-item-wrapper glide__slide\" tabindex=\"0\"><figure><img decoding=\"async\" class=\"wp-block-themeisle-blocks-slider-item\" src=\"https:\/\/familie-weitgereist.de\/wp-content\/uploads\/2022\/05\/IMG_20220427_134507-scaled.jpg\" alt=\"\" title=\"\" data-id=\"8298\"\/><\/figure><\/div><div class=\"wp-block-themeisle-blocks-slider-item-wrapper glide__slide\" tabindex=\"0\"><figure><img decoding=\"async\" class=\"wp-block-themeisle-blocks-slider-item\" src=\"https:\/\/familie-weitgereist.de\/wp-content\/uploads\/2022\/05\/IMG_20220426_130904-scaled.jpg\" alt=\"\" title=\"\" data-id=\"8301\"\/><\/figure><\/div><div class=\"wp-block-themeisle-blocks-slider-item-wrapper glide__slide\" tabindex=\"0\"><figure><img decoding=\"async\" class=\"wp-block-themeisle-blocks-slider-item\" src=\"https:\/\/familie-weitgereist.de\/wp-content\/uploads\/2022\/05\/IMG_20220426_130359-scaled.jpg\" alt=\"\" title=\"\" data-id=\"8308\"\/><\/figure><\/div><div class=\"wp-block-themeisle-blocks-slider-item-wrapper glide__slide\" tabindex=\"0\"><figure><img decoding=\"async\" class=\"wp-block-themeisle-blocks-slider-item\" src=\"https:\/\/familie-weitgereist.de\/wp-content\/uploads\/2022\/05\/IMG_20220425_143624-scaled.jpg\" alt=\"\" title=\"\" data-id=\"8313\"\/><\/figure><\/div><div class=\"wp-block-themeisle-blocks-slider-item-wrapper glide__slide\" tabindex=\"0\"><figure><img decoding=\"async\" class=\"wp-block-themeisle-blocks-slider-item\" src=\"https:\/\/familie-weitgereist.de\/wp-content\/uploads\/2022\/05\/IMG_20220425_120526-scaled.jpg\" alt=\"\" title=\"\" data-id=\"8315\"\/><\/figure><\/div><\/div><div class=\"glide__bullets\" data-glide-el=\"controls[nav]\"><button class=\"glide__bullet\" data-glide-dir=\"=0\"><\/button><button class=\"glide__bullet\" data-glide-dir=\"=1\"><\/button><button class=\"glide__bullet\" data-glide-dir=\"=2\"><\/button><button class=\"glide__bullet\" data-glide-dir=\"=3\"><\/button><button class=\"glide__bullet\" data-glide-dir=\"=4\"><\/button><button class=\"glide__bullet\" data-glide-dir=\"=5\"><\/button><\/div><\/div><\/div>\n\n\n\n<p>Was uns an Suko\u0161an besonders gut gefallen hat, ist das Anfang Mai alles gr\u00fcnt und bl\u00fcht. Es gibt viele saftig gr\u00fcne Wiesen, Olivenhaine, viele Blumen &#8211; ein Fr\u00fchlingsparadies. Selbst an der Uferpromenade gibt es gr\u00fcne Wiesen, ein wunderbarer Kontrast zu dem strahlend blauen Meer.<\/p>\n\n\n\n<div id=\"wp-block-themeisle-blocks-slider-69b969bc\" class=\"wp-block-themeisle-blocks-slider glide\" data-per-view=\"1\" data-gap=\"0\" data-peek=\"0\" data-autoplay=\"true\" data-height=\"403px\" data-hide-arrows=\"false\"><div class=\"glide__track\" data-glide-el=\"track\"><div class=\"glide__slides\"><div class=\"wp-block-themeisle-blocks-slider-item-wrapper glide__slide\" tabindex=\"0\"><figure><img decoding=\"async\" class=\"wp-block-themeisle-blocks-slider-item\" src=\"https:\/\/familie-weitgereist.de\/wp-content\/uploads\/2022\/05\/IMG_20220428_132843-scaled.jpg\" alt=\"\" title=\"\" data-id=\"8302\"\/><\/figure><\/div><div class=\"wp-block-themeisle-blocks-slider-item-wrapper glide__slide\" tabindex=\"0\"><figure><img decoding=\"async\" class=\"wp-block-themeisle-blocks-slider-item\" src=\"https:\/\/familie-weitgereist.de\/wp-content\/uploads\/2022\/05\/IMG_20220428_131055-scaled.jpg\" alt=\"\" title=\"\" data-id=\"8305\"\/><\/figure><\/div><div class=\"wp-block-themeisle-blocks-slider-item-wrapper glide__slide\" tabindex=\"0\"><figure><img decoding=\"async\" class=\"wp-block-themeisle-blocks-slider-item\" src=\"https:\/\/familie-weitgereist.de\/wp-content\/uploads\/2022\/05\/IMG_20220427_153415-scaled.jpg\" alt=\"\" title=\"\" data-id=\"8312\"\/><\/figure><\/div><\/div><div class=\"glide__bullets\" data-glide-el=\"controls[nav]\"><button class=\"glide__bullet\" data-glide-dir=\"=0\"><\/button><button class=\"glide__bullet\" data-glide-dir=\"=1\"><\/button><button class=\"glide__bullet\" data-glide-dir=\"=2\"><\/button><\/div><\/div><\/div>\n\n\n\n<p>Eine weitere Besonderheit von Suko\u0161an ist die <strong>erzbisch\u00f6fliche Sommerresidenz Palac<\/strong> aus dem 15. Jahrhundert. Damals wurde sie auf einer aufgesch\u00fctteten Insel nahe der Bucht erbaut. Heute sind nur noch die \u00dcberreste im Wasser zu bestaunen.<\/p>\n\n\n\n<figure class=\"wp-block-image size-large\"><img loading=\"lazy\" decoding=\"async\" width=\"1024\" height=\"768\" src=\"https:\/\/familie-weitgereist.de\/wp-content\/uploads\/2022\/05\/IMG_20220503_124816-1024x768.jpg\" alt=\"\" class=\"wp-image-8337\" srcset=\"https:\/\/familie-weitgereist.de\/wp-content\/uploads\/2022\/05\/IMG_20220503_124816-1024x768.jpg 1024w, https:\/\/familie-weitgereist.de\/wp-content\/uploads\/2022\/05\/IMG_20220503_124816-300x225.jpg 300w, https:\/\/familie-weitgereist.de\/wp-content\/uploads\/2022\/05\/IMG_20220503_124816-768x576.jpg 768w, https:\/\/familie-weitgereist.de\/wp-content\/uploads\/2022\/05\/IMG_20220503_124816-1536x1152.jpg 1536w, https:\/\/familie-weitgereist.de\/wp-content\/uploads\/2022\/05\/IMG_20220503_124816-2048x1536.jpg 2048w, https:\/\/familie-weitgereist.de\/wp-content\/uploads\/2022\/05\/IMG_20220503_124816-1200x900.jpg 1200w, https:\/\/familie-weitgereist.de\/wp-content\/uploads\/2022\/05\/IMG_20220503_124816-1980x1485.jpg 1980w, https:\/\/familie-weitgereist.de\/wp-content\/uploads\/2022\/05\/IMG_20220503_124816-150x113.jpg 150w\" sizes=\"auto, (max-width: 1024px) 100vw, 1024px\" \/><figcaption>Ehemalige Sommerresidenz Palac<\/figcaption><\/figure>\n\n\n\n<p>Merlin und ich liefen den Trim Staza Trail in Suko\u0161an. Das ist ein relativ steiler Weg auf Stein- und Schotterpisten, der zum h\u00f6chsten Punkt in Suko\u0161an f\u00fchrt. Von oben genossen wir eine sehr sch\u00f6ne Aussicht auf die Adria und Suko\u0161an. <\/p>\n\n\n\n<figure class=\"wp-block-image size-large\"><img loading=\"lazy\" decoding=\"async\" width=\"1024\" height=\"768\" src=\"https:\/\/familie-weitgereist.de\/wp-content\/uploads\/2022\/05\/IMG_20220505_140303-1024x768.jpg\" alt=\"\" class=\"wp-image-8380\" srcset=\"https:\/\/familie-weitgereist.de\/wp-content\/uploads\/2022\/05\/IMG_20220505_140303-1024x768.jpg 1024w, https:\/\/familie-weitgereist.de\/wp-content\/uploads\/2022\/05\/IMG_20220505_140303-300x225.jpg 300w, https:\/\/familie-weitgereist.de\/wp-content\/uploads\/2022\/05\/IMG_20220505_140303-768x576.jpg 768w, https:\/\/familie-weitgereist.de\/wp-content\/uploads\/2022\/05\/IMG_20220505_140303-1536x1152.jpg 1536w, https:\/\/familie-weitgereist.de\/wp-content\/uploads\/2022\/05\/IMG_20220505_140303-2048x1536.jpg 2048w, https:\/\/familie-weitgereist.de\/wp-content\/uploads\/2022\/05\/IMG_20220505_140303-1200x900.jpg 1200w, https:\/\/familie-weitgereist.de\/wp-content\/uploads\/2022\/05\/IMG_20220505_140303-1980x1485.jpg 1980w, https:\/\/familie-weitgereist.de\/wp-content\/uploads\/2022\/05\/IMG_20220505_140303-150x113.jpg 150w\" sizes=\"auto, (max-width: 1024px) 100vw, 1024px\" \/><\/figure>\n\n\n\n<h2 class=\"wp-block-heading\" id=\"biograd\">Biograd na Moru<\/h2>\n\n\n\n<p>Die kleine Stadt Biograd na Moru hat ca. 5800 Einwohner und liegt s\u00fcdlich von Zadar an der dalmatinischen K\u00fcste. Eine kleine Altstadt, begleitet von einer tollen Uferpromenade, vielen Einkehrm\u00f6glichkeiten und Str\u00e4nden mit sch\u00f6nen Buchten machen diesen kleinen Urlaubsort zu einem Anziehungspunkt. <\/p>\n\n\n\n<figure class=\"wp-block-image size-large\"><img loading=\"lazy\" decoding=\"async\" width=\"1024\" height=\"683\" src=\"https:\/\/familie-weitgereist.de\/wp-content\/uploads\/2022\/05\/20220513053946_IMG_4263-1024x683.jpg\" alt=\"\" class=\"wp-image-8512\" srcset=\"https:\/\/familie-weitgereist.de\/wp-content\/uploads\/2022\/05\/20220513053946_IMG_4263-1024x683.jpg 1024w, https:\/\/familie-weitgereist.de\/wp-content\/uploads\/2022\/05\/20220513053946_IMG_4263-300x200.jpg 300w, https:\/\/familie-weitgereist.de\/wp-content\/uploads\/2022\/05\/20220513053946_IMG_4263-768x512.jpg 768w, https:\/\/familie-weitgereist.de\/wp-content\/uploads\/2022\/05\/20220513053946_IMG_4263-1536x1024.jpg 1536w, https:\/\/familie-weitgereist.de\/wp-content\/uploads\/2022\/05\/20220513053946_IMG_4263-2048x1365.jpg 2048w, https:\/\/familie-weitgereist.de\/wp-content\/uploads\/2022\/05\/20220513053946_IMG_4263-1200x800.jpg 1200w, https:\/\/familie-weitgereist.de\/wp-content\/uploads\/2022\/05\/20220513053946_IMG_4263-1980x1320.jpg 1980w, https:\/\/familie-weitgereist.de\/wp-content\/uploads\/2022\/05\/20220513053946_IMG_4263-150x100.jpg 150w\" sizes=\"auto, (max-width: 1024px) 100vw, 1024px\" \/><figcaption>Ein Caf\u00e9 im Herzen der Altstadt an der Uferpromenade<\/figcaption><\/figure>\n\n\n\n<figure class=\"wp-block-gallery has-nested-images columns-default is-cropped wp-block-gallery-1 is-layout-flex wp-block-gallery-is-layout-flex\">\n<figure class=\"wp-block-image size-large\"><img loading=\"lazy\" decoding=\"async\" width=\"683\" height=\"1024\" data-id=\"8522\" src=\"https:\/\/familie-weitgereist.de\/wp-content\/uploads\/2022\/05\/20220513053139_IMG_4256-683x1024.jpg\" alt=\"\" class=\"wp-image-8522\" srcset=\"https:\/\/familie-weitgereist.de\/wp-content\/uploads\/2022\/05\/20220513053139_IMG_4256-683x1024.jpg 683w, https:\/\/familie-weitgereist.de\/wp-content\/uploads\/2022\/05\/20220513053139_IMG_4256-200x300.jpg 200w, https:\/\/familie-weitgereist.de\/wp-content\/uploads\/2022\/05\/20220513053139_IMG_4256-768x1152.jpg 768w, https:\/\/familie-weitgereist.de\/wp-content\/uploads\/2022\/05\/20220513053139_IMG_4256-1024x1536.jpg 1024w, https:\/\/familie-weitgereist.de\/wp-content\/uploads\/2022\/05\/20220513053139_IMG_4256-1365x2048.jpg 1365w, https:\/\/familie-weitgereist.de\/wp-content\/uploads\/2022\/05\/20220513053139_IMG_4256-1200x1800.jpg 1200w, https:\/\/familie-weitgereist.de\/wp-content\/uploads\/2022\/05\/20220513053139_IMG_4256-1980x2970.jpg 1980w, https:\/\/familie-weitgereist.de\/wp-content\/uploads\/2022\/05\/20220513053139_IMG_4256-150x225.jpg 150w, https:\/\/familie-weitgereist.de\/wp-content\/uploads\/2022\/05\/20220513053139_IMG_4256-scaled.jpg 1707w\" sizes=\"auto, (max-width: 683px) 100vw, 683px\" \/><\/figure>\n\n\n\n<figure class=\"wp-block-image size-large\"><img loading=\"lazy\" decoding=\"async\" width=\"683\" height=\"1024\" data-id=\"8521\" src=\"https:\/\/familie-weitgereist.de\/wp-content\/uploads\/2022\/05\/20220513055724_IMG_4287-683x1024.jpg\" alt=\"\" class=\"wp-image-8521\" srcset=\"https:\/\/familie-weitgereist.de\/wp-content\/uploads\/2022\/05\/20220513055724_IMG_4287-683x1024.jpg 683w, https:\/\/familie-weitgereist.de\/wp-content\/uploads\/2022\/05\/20220513055724_IMG_4287-200x300.jpg 200w, https:\/\/familie-weitgereist.de\/wp-content\/uploads\/2022\/05\/20220513055724_IMG_4287-768x1152.jpg 768w, https:\/\/familie-weitgereist.de\/wp-content\/uploads\/2022\/05\/20220513055724_IMG_4287-1024x1536.jpg 1024w, https:\/\/familie-weitgereist.de\/wp-content\/uploads\/2022\/05\/20220513055724_IMG_4287-1365x2048.jpg 1365w, https:\/\/familie-weitgereist.de\/wp-content\/uploads\/2022\/05\/20220513055724_IMG_4287-1200x1800.jpg 1200w, https:\/\/familie-weitgereist.de\/wp-content\/uploads\/2022\/05\/20220513055724_IMG_4287-1980x2970.jpg 1980w, https:\/\/familie-weitgereist.de\/wp-content\/uploads\/2022\/05\/20220513055724_IMG_4287-150x225.jpg 150w, https:\/\/familie-weitgereist.de\/wp-content\/uploads\/2022\/05\/20220513055724_IMG_4287-scaled.jpg 1707w\" sizes=\"auto, (max-width: 683px) 100vw, 683px\" \/><\/figure>\n<\/figure>\n\n\n\n<p>Im Zentrum der Altstadt befindet sich die <em>Heilige Anastasia Kirche<\/em>, welche schon von Weitem mit ihrem 33m hohen Turm zu sehen ist. <\/p>\n\n\n\n<figure class=\"wp-block-image size-large\"><img loading=\"lazy\" decoding=\"async\" width=\"1024\" height=\"683\" src=\"https:\/\/familie-weitgereist.de\/wp-content\/uploads\/2022\/05\/20220513054526_IMG_4276-1024x683.jpg\" alt=\"\" class=\"wp-image-8519\" srcset=\"https:\/\/familie-weitgereist.de\/wp-content\/uploads\/2022\/05\/20220513054526_IMG_4276-1024x683.jpg 1024w, https:\/\/familie-weitgereist.de\/wp-content\/uploads\/2022\/05\/20220513054526_IMG_4276-300x200.jpg 300w, https:\/\/familie-weitgereist.de\/wp-content\/uploads\/2022\/05\/20220513054526_IMG_4276-768x512.jpg 768w, https:\/\/familie-weitgereist.de\/wp-content\/uploads\/2022\/05\/20220513054526_IMG_4276-1536x1024.jpg 1536w, https:\/\/familie-weitgereist.de\/wp-content\/uploads\/2022\/05\/20220513054526_IMG_4276-2048x1365.jpg 2048w, https:\/\/familie-weitgereist.de\/wp-content\/uploads\/2022\/05\/20220513054526_IMG_4276-1200x800.jpg 1200w, https:\/\/familie-weitgereist.de\/wp-content\/uploads\/2022\/05\/20220513054526_IMG_4276-1980x1320.jpg 1980w, https:\/\/familie-weitgereist.de\/wp-content\/uploads\/2022\/05\/20220513054526_IMG_4276-150x100.jpg 150w\" sizes=\"auto, (max-width: 1024px) 100vw, 1024px\" \/><figcaption>Kirche &#8222;Heilige Anastasia&#8220;<\/figcaption><\/figure>\n\n\n\n<p>Vom Hafen in Biograd fahren die Autof\u00e4hren zur nahe gelegenen Insel <strong>Pa\u0161man<\/strong> ab. Die Insel Pa\u0161man kann \u00fcberall von Biograd gesehen werden. Das Baden im azurblauen Meer mit Blick auf die Insel Pa\u0161man hat mir sehr gut gefallen! <\/p>\n\n\n\n<p>Zudem gibt es in der N\u00e4he von Biograd na Moru noch einen Freizeitpark, den Fun Park Biograd, der sogar das ganze Jahr \u00fcber ge\u00f6ffnet hat. <\/p>\n\n\n\n<p>Wir haben an einem Nachmittag die kleine Stadt besichtigt und sind an einen der vielen Str\u00e4nde gewesen. <\/p>\n\n\n\n<div id=\"wp-block-themeisle-blocks-slider-33e1f9e0\" class=\"wp-block-themeisle-blocks-slider glide\" data-per-view=\"1\" data-gap=\"0\" data-peek=\"0\" data-autoplay=\"true\" data-height=\"400px\" data-hide-arrows=\"false\"><div class=\"glide__track\" data-glide-el=\"track\"><div class=\"glide__slides\"><div class=\"wp-block-themeisle-blocks-slider-item-wrapper glide__slide\" tabindex=\"0\"><figure><img decoding=\"async\" class=\"wp-block-themeisle-blocks-slider-item\" src=\"https:\/\/familie-weitgereist.de\/wp-content\/uploads\/2022\/05\/20220513055141_IMG_4284-scaled.jpg\" alt=\"\" title=\"\" data-id=\"8525\"\/><\/figure><\/div><div class=\"wp-block-themeisle-blocks-slider-item-wrapper glide__slide\" tabindex=\"0\"><figure><img decoding=\"async\" class=\"wp-block-themeisle-blocks-slider-item\" src=\"https:\/\/familie-weitgereist.de\/wp-content\/uploads\/2022\/05\/20220513064903_IMG_4294-scaled.jpg\" alt=\"\" title=\"\" data-id=\"8527\"\/><\/figure><\/div><\/div><div class=\"glide__bullets\" data-glide-el=\"controls[nav]\"><button class=\"glide__bullet\" data-glide-dir=\"=0\"><\/button><button class=\"glide__bullet\" data-glide-dir=\"=1\"><\/button><\/div><\/div><\/div>\n\n\n\n<p>Dort gab es einen Spielplatz mit einem riesigen Sandkasten. Merlin liebte es! Ich glaube nach einer langen Zeit in Kroatien, vermisst er schon etwas den Sand, Sandstr\u00e4nde und Sandk\u00e4sten bei Spielpl\u00e4tzen. Umso besser, dass wir hier f\u00fcndig wurden.<\/p>\n\n\n\n<figure class=\"wp-block-image size-large\"><img loading=\"lazy\" decoding=\"async\" width=\"1024\" height=\"683\" src=\"https:\/\/familie-weitgereist.de\/wp-content\/uploads\/2022\/05\/20220513085646_IMG_4330-2-1024x683.jpg\" alt=\"\" class=\"wp-image-8517\" srcset=\"https:\/\/familie-weitgereist.de\/wp-content\/uploads\/2022\/05\/20220513085646_IMG_4330-2-1024x683.jpg 1024w, https:\/\/familie-weitgereist.de\/wp-content\/uploads\/2022\/05\/20220513085646_IMG_4330-2-300x200.jpg 300w, https:\/\/familie-weitgereist.de\/wp-content\/uploads\/2022\/05\/20220513085646_IMG_4330-2-768x512.jpg 768w, https:\/\/familie-weitgereist.de\/wp-content\/uploads\/2022\/05\/20220513085646_IMG_4330-2-1536x1024.jpg 1536w, https:\/\/familie-weitgereist.de\/wp-content\/uploads\/2022\/05\/20220513085646_IMG_4330-2-2048x1365.jpg 2048w, https:\/\/familie-weitgereist.de\/wp-content\/uploads\/2022\/05\/20220513085646_IMG_4330-2-1200x800.jpg 1200w, https:\/\/familie-weitgereist.de\/wp-content\/uploads\/2022\/05\/20220513085646_IMG_4330-2-1980x1320.jpg 1980w, https:\/\/familie-weitgereist.de\/wp-content\/uploads\/2022\/05\/20220513085646_IMG_4330-2-150x100.jpg 150w\" sizes=\"auto, (max-width: 1024px) 100vw, 1024px\" \/><\/figure>\n\n\n\n<h2 class=\"wp-block-heading\" id=\"knin\">Festung Knin und Kr\u010di\u0107 Wasserfall<\/h2>\n\n\n\n<p>Die <strong>Festungsstadt Knin<\/strong> befindet sich in Zentralkroatien, ziemlich nah am h\u00f6chsten Berg Kroatiens, dem Dinara mit 1913m. <\/p>\n\n\n\n<figure class=\"wp-block-image size-large\"><img loading=\"lazy\" decoding=\"async\" width=\"1024\" height=\"683\" src=\"https:\/\/familie-weitgereist.de\/wp-content\/uploads\/2022\/05\/20220514043736_IMG_4391-1024x683.jpg\" alt=\"\" class=\"wp-image-8535\" srcset=\"https:\/\/familie-weitgereist.de\/wp-content\/uploads\/2022\/05\/20220514043736_IMG_4391-1024x683.jpg 1024w, https:\/\/familie-weitgereist.de\/wp-content\/uploads\/2022\/05\/20220514043736_IMG_4391-300x200.jpg 300w, https:\/\/familie-weitgereist.de\/wp-content\/uploads\/2022\/05\/20220514043736_IMG_4391-768x512.jpg 768w, https:\/\/familie-weitgereist.de\/wp-content\/uploads\/2022\/05\/20220514043736_IMG_4391-1536x1024.jpg 1536w, https:\/\/familie-weitgereist.de\/wp-content\/uploads\/2022\/05\/20220514043736_IMG_4391-2048x1365.jpg 2048w, https:\/\/familie-weitgereist.de\/wp-content\/uploads\/2022\/05\/20220514043736_IMG_4391-1200x800.jpg 1200w, https:\/\/familie-weitgereist.de\/wp-content\/uploads\/2022\/05\/20220514043736_IMG_4391-1980x1320.jpg 1980w, https:\/\/familie-weitgereist.de\/wp-content\/uploads\/2022\/05\/20220514043736_IMG_4391-150x100.jpg 150w\" sizes=\"auto, (max-width: 1024px) 100vw, 1024px\" \/><figcaption>Knin<\/figcaption><\/figure>\n\n\n\n<p>Das Highlight der Stadt Knin ist die Festung. Sie ist die zweitgr\u00f6\u00dfte Festung Europas und datiert zur\u00fcck auf die Mitte des 10. Jahrhunderts. <\/p>\n\n\n\n<figure class=\"wp-block-image size-large\"><img loading=\"lazy\" decoding=\"async\" width=\"1024\" height=\"683\" src=\"https:\/\/familie-weitgereist.de\/wp-content\/uploads\/2022\/05\/20220514044926_IMG_4410-1024x683.jpg\" alt=\"\" class=\"wp-image-8537\" srcset=\"https:\/\/familie-weitgereist.de\/wp-content\/uploads\/2022\/05\/20220514044926_IMG_4410-1024x683.jpg 1024w, https:\/\/familie-weitgereist.de\/wp-content\/uploads\/2022\/05\/20220514044926_IMG_4410-300x200.jpg 300w, https:\/\/familie-weitgereist.de\/wp-content\/uploads\/2022\/05\/20220514044926_IMG_4410-768x512.jpg 768w, https:\/\/familie-weitgereist.de\/wp-content\/uploads\/2022\/05\/20220514044926_IMG_4410-1536x1024.jpg 1536w, https:\/\/familie-weitgereist.de\/wp-content\/uploads\/2022\/05\/20220514044926_IMG_4410-2048x1365.jpg 2048w, https:\/\/familie-weitgereist.de\/wp-content\/uploads\/2022\/05\/20220514044926_IMG_4410-1200x800.jpg 1200w, https:\/\/familie-weitgereist.de\/wp-content\/uploads\/2022\/05\/20220514044926_IMG_4410-1980x1320.jpg 1980w, https:\/\/familie-weitgereist.de\/wp-content\/uploads\/2022\/05\/20220514044926_IMG_4410-150x100.jpg 150w\" sizes=\"auto, (max-width: 1024px) 100vw, 1024px\" \/><\/figure>\n\n\n\n<p>Der Eintritt zur Festung betrug im Mai 2022 40 Kuna pro Person. Merlin konnte gratis die Festung besuchen. <\/p>\n\n\n\n<p>Die Festung ist riesig. Es gibt einen zentralen Eingang und von dort begibt man sich auf eine Zeitreise. Insgesamt 4 Ausstellungen bringen einen die kroatische Geschichte etwas n\u00e4her, unter anderem auch den Krieg in Jugoslawien zu Beginn der 1990er Jahre. <\/p>\n\n\n\n<div id=\"wp-block-themeisle-blocks-slider-e57c8130\" class=\"wp-block-themeisle-blocks-slider glide\" data-per-view=\"1\" data-gap=\"0\" data-peek=\"0\" data-autoplay=\"true\" data-height=\"400px\" data-hide-arrows=\"false\"><div class=\"glide__track\" data-glide-el=\"track\"><div class=\"glide__slides\"><div class=\"wp-block-themeisle-blocks-slider-item-wrapper glide__slide\" tabindex=\"0\"><figure><img decoding=\"async\" class=\"wp-block-themeisle-blocks-slider-item\" src=\"https:\/\/familie-weitgereist.de\/wp-content\/uploads\/2022\/05\/20220514045637_IMG_4415-scaled.jpg\" alt=\"\" title=\"\" data-id=\"8538\"\/><\/figure><\/div><div class=\"wp-block-themeisle-blocks-slider-item-wrapper glide__slide\" tabindex=\"0\"><figure><img decoding=\"async\" class=\"wp-block-themeisle-blocks-slider-item\" src=\"https:\/\/familie-weitgereist.de\/wp-content\/uploads\/2022\/05\/20220514050024_IMG_4424-scaled.jpg\" alt=\"\" title=\"\" data-id=\"8541\"\/><\/figure><\/div><div class=\"wp-block-themeisle-blocks-slider-item-wrapper glide__slide\" tabindex=\"0\"><figure><img decoding=\"async\" class=\"wp-block-themeisle-blocks-slider-item\" src=\"https:\/\/familie-weitgereist.de\/wp-content\/uploads\/2022\/05\/20220514051328_IMG_4431-scaled.jpg\" alt=\"\" title=\"\" data-id=\"8554\"\/><\/figure><\/div><div class=\"wp-block-themeisle-blocks-slider-item-wrapper glide__slide\" tabindex=\"0\"><figure><img decoding=\"async\" class=\"wp-block-themeisle-blocks-slider-item\" src=\"https:\/\/familie-weitgereist.de\/wp-content\/uploads\/2022\/05\/20220514053736_IMG_4437-scaled.jpg\" alt=\"\" title=\"\" data-id=\"8558\"\/><\/figure><\/div><div class=\"wp-block-themeisle-blocks-slider-item-wrapper glide__slide\" tabindex=\"0\"><figure><img decoding=\"async\" class=\"wp-block-themeisle-blocks-slider-item\" src=\"https:\/\/familie-weitgereist.de\/wp-content\/uploads\/2022\/05\/20220514054223_IMG_4444-scaled.jpg\" alt=\"\" title=\"\" data-id=\"8563\"\/><\/figure><\/div><\/div><div class=\"glide__bullets\" data-glide-el=\"controls[nav]\"><button class=\"glide__bullet\" data-glide-dir=\"=0\"><\/button><button class=\"glide__bullet\" data-glide-dir=\"=1\"><\/button><button class=\"glide__bullet\" data-glide-dir=\"=2\"><\/button><button class=\"glide__bullet\" data-glide-dir=\"=3\"><\/button><button class=\"glide__bullet\" data-glide-dir=\"=4\"><\/button><\/div><\/div><\/div>\n\n\n\n<p>Hinweisschilder, welche an den Geb\u00e4uden angebracht sind, beschreiben welchen Zweck diese hatten. <\/p>\n\n\n\n<figure class=\"wp-block-gallery has-nested-images columns-default is-cropped wp-block-gallery-2 is-layout-flex wp-block-gallery-is-layout-flex\">\n<figure class=\"wp-block-image size-large\"><img loading=\"lazy\" decoding=\"async\" width=\"1024\" height=\"683\" data-id=\"8545\" src=\"https:\/\/familie-weitgereist.de\/wp-content\/uploads\/2022\/05\/20220514035552_IMG_4342-1024x683.jpg\" alt=\"\" class=\"wp-image-8545\" srcset=\"https:\/\/familie-weitgereist.de\/wp-content\/uploads\/2022\/05\/20220514035552_IMG_4342-1024x683.jpg 1024w, https:\/\/familie-weitgereist.de\/wp-content\/uploads\/2022\/05\/20220514035552_IMG_4342-300x200.jpg 300w, https:\/\/familie-weitgereist.de\/wp-content\/uploads\/2022\/05\/20220514035552_IMG_4342-768x512.jpg 768w, https:\/\/familie-weitgereist.de\/wp-content\/uploads\/2022\/05\/20220514035552_IMG_4342-1536x1024.jpg 1536w, https:\/\/familie-weitgereist.de\/wp-content\/uploads\/2022\/05\/20220514035552_IMG_4342-2048x1365.jpg 2048w, https:\/\/familie-weitgereist.de\/wp-content\/uploads\/2022\/05\/20220514035552_IMG_4342-1200x800.jpg 1200w, https:\/\/familie-weitgereist.de\/wp-content\/uploads\/2022\/05\/20220514035552_IMG_4342-1980x1320.jpg 1980w, https:\/\/familie-weitgereist.de\/wp-content\/uploads\/2022\/05\/20220514035552_IMG_4342-150x100.jpg 150w\" sizes=\"auto, (max-width: 1024px) 100vw, 1024px\" \/><\/figure>\n\n\n\n<figure class=\"wp-block-image size-large\"><img loading=\"lazy\" decoding=\"async\" width=\"1024\" height=\"683\" data-id=\"8549\" src=\"https:\/\/familie-weitgereist.de\/wp-content\/uploads\/2022\/05\/20220514040334_IMG_4351-1024x683.jpg\" alt=\"\" class=\"wp-image-8549\" srcset=\"https:\/\/familie-weitgereist.de\/wp-content\/uploads\/2022\/05\/20220514040334_IMG_4351-1024x683.jpg 1024w, https:\/\/familie-weitgereist.de\/wp-content\/uploads\/2022\/05\/20220514040334_IMG_4351-300x200.jpg 300w, https:\/\/familie-weitgereist.de\/wp-content\/uploads\/2022\/05\/20220514040334_IMG_4351-768x512.jpg 768w, https:\/\/familie-weitgereist.de\/wp-content\/uploads\/2022\/05\/20220514040334_IMG_4351-1536x1024.jpg 1536w, https:\/\/familie-weitgereist.de\/wp-content\/uploads\/2022\/05\/20220514040334_IMG_4351-2048x1365.jpg 2048w, https:\/\/familie-weitgereist.de\/wp-content\/uploads\/2022\/05\/20220514040334_IMG_4351-1200x800.jpg 1200w, https:\/\/familie-weitgereist.de\/wp-content\/uploads\/2022\/05\/20220514040334_IMG_4351-1980x1320.jpg 1980w, https:\/\/familie-weitgereist.de\/wp-content\/uploads\/2022\/05\/20220514040334_IMG_4351-150x100.jpg 150w\" sizes=\"auto, (max-width: 1024px) 100vw, 1024px\" \/><\/figure>\n\n\n\n<figure class=\"wp-block-image size-large\"><img loading=\"lazy\" decoding=\"async\" width=\"1024\" height=\"683\" data-id=\"8555\" src=\"https:\/\/familie-weitgereist.de\/wp-content\/uploads\/2022\/05\/20220514042046_IMG_4362-1024x683.jpg\" alt=\"\" class=\"wp-image-8555\" srcset=\"https:\/\/familie-weitgereist.de\/wp-content\/uploads\/2022\/05\/20220514042046_IMG_4362-1024x683.jpg 1024w, https:\/\/familie-weitgereist.de\/wp-content\/uploads\/2022\/05\/20220514042046_IMG_4362-300x200.jpg 300w, https:\/\/familie-weitgereist.de\/wp-content\/uploads\/2022\/05\/20220514042046_IMG_4362-768x512.jpg 768w, https:\/\/familie-weitgereist.de\/wp-content\/uploads\/2022\/05\/20220514042046_IMG_4362-1536x1024.jpg 1536w, https:\/\/familie-weitgereist.de\/wp-content\/uploads\/2022\/05\/20220514042046_IMG_4362-2048x1365.jpg 2048w, https:\/\/familie-weitgereist.de\/wp-content\/uploads\/2022\/05\/20220514042046_IMG_4362-1200x800.jpg 1200w, https:\/\/familie-weitgereist.de\/wp-content\/uploads\/2022\/05\/20220514042046_IMG_4362-1980x1320.jpg 1980w, https:\/\/familie-weitgereist.de\/wp-content\/uploads\/2022\/05\/20220514042046_IMG_4362-150x100.jpg 150w\" sizes=\"auto, (max-width: 1024px) 100vw, 1024px\" \/><\/figure>\n<\/figure>\n\n\n\n<p>Als wir den h\u00f6chsten Punkt der Festung erreicht hatten, boten sich uns wundersch\u00f6ne Aussichten auf die umliegenden Berge und die Stadt Knin. <\/p>\n\n\n\n<p>Ein Besuch der Festung ist besonders f\u00fcr kleine Kinder interessant. Merlin tauchte ein in das mittelalterliche Leben, die Ruinen wurden durch unsere Erz\u00e4hlungen lebendig. Wir liefen oberhalb der Festungsmauern, konnten aber auch durch kleine versteckte Tunnel, innerhalb der Festung klettern.<\/p>\n\n\n\n<figure class=\"wp-block-gallery has-nested-images columns-default is-cropped wp-block-gallery-3 is-layout-flex wp-block-gallery-is-layout-flex\">\n<figure class=\"wp-block-image size-large\"><img loading=\"lazy\" decoding=\"async\" width=\"1024\" height=\"683\" data-id=\"8559\" src=\"https:\/\/familie-weitgereist.de\/wp-content\/uploads\/2022\/05\/20220514042624_IMG_4371-1024x683.jpg\" alt=\"\" class=\"wp-image-8559\" srcset=\"https:\/\/familie-weitgereist.de\/wp-content\/uploads\/2022\/05\/20220514042624_IMG_4371-1024x683.jpg 1024w, https:\/\/familie-weitgereist.de\/wp-content\/uploads\/2022\/05\/20220514042624_IMG_4371-300x200.jpg 300w, https:\/\/familie-weitgereist.de\/wp-content\/uploads\/2022\/05\/20220514042624_IMG_4371-768x512.jpg 768w, https:\/\/familie-weitgereist.de\/wp-content\/uploads\/2022\/05\/20220514042624_IMG_4371-1536x1024.jpg 1536w, https:\/\/familie-weitgereist.de\/wp-content\/uploads\/2022\/05\/20220514042624_IMG_4371-2048x1365.jpg 2048w, https:\/\/familie-weitgereist.de\/wp-content\/uploads\/2022\/05\/20220514042624_IMG_4371-1200x800.jpg 1200w, https:\/\/familie-weitgereist.de\/wp-content\/uploads\/2022\/05\/20220514042624_IMG_4371-1980x1320.jpg 1980w, https:\/\/familie-weitgereist.de\/wp-content\/uploads\/2022\/05\/20220514042624_IMG_4371-150x100.jpg 150w\" sizes=\"auto, (max-width: 1024px) 100vw, 1024px\" \/><\/figure>\n\n\n\n<figure class=\"wp-block-image size-large\"><img loading=\"lazy\" decoding=\"async\" width=\"1024\" height=\"683\" data-id=\"8553\" src=\"https:\/\/familie-weitgereist.de\/wp-content\/uploads\/2022\/05\/20220514044203_IMG_4397-1024x683.jpg\" alt=\"\" class=\"wp-image-8553\" srcset=\"https:\/\/familie-weitgereist.de\/wp-content\/uploads\/2022\/05\/20220514044203_IMG_4397-1024x683.jpg 1024w, https:\/\/familie-weitgereist.de\/wp-content\/uploads\/2022\/05\/20220514044203_IMG_4397-300x200.jpg 300w, https:\/\/familie-weitgereist.de\/wp-content\/uploads\/2022\/05\/20220514044203_IMG_4397-768x512.jpg 768w, https:\/\/familie-weitgereist.de\/wp-content\/uploads\/2022\/05\/20220514044203_IMG_4397-1536x1024.jpg 1536w, https:\/\/familie-weitgereist.de\/wp-content\/uploads\/2022\/05\/20220514044203_IMG_4397-2048x1365.jpg 2048w, https:\/\/familie-weitgereist.de\/wp-content\/uploads\/2022\/05\/20220514044203_IMG_4397-1200x800.jpg 1200w, https:\/\/familie-weitgereist.de\/wp-content\/uploads\/2022\/05\/20220514044203_IMG_4397-1980x1320.jpg 1980w, https:\/\/familie-weitgereist.de\/wp-content\/uploads\/2022\/05\/20220514044203_IMG_4397-150x100.jpg 150w\" sizes=\"auto, (max-width: 1024px) 100vw, 1024px\" \/><\/figure>\n\n\n\n<figure class=\"wp-block-image size-large\"><img loading=\"lazy\" decoding=\"async\" width=\"1024\" height=\"683\" data-id=\"8544\" src=\"https:\/\/familie-weitgereist.de\/wp-content\/uploads\/2022\/05\/20220514044612_IMG_4405-1024x683.jpg\" alt=\"\" class=\"wp-image-8544\" srcset=\"https:\/\/familie-weitgereist.de\/wp-content\/uploads\/2022\/05\/20220514044612_IMG_4405-1024x683.jpg 1024w, https:\/\/familie-weitgereist.de\/wp-content\/uploads\/2022\/05\/20220514044612_IMG_4405-300x200.jpg 300w, https:\/\/familie-weitgereist.de\/wp-content\/uploads\/2022\/05\/20220514044612_IMG_4405-768x512.jpg 768w, https:\/\/familie-weitgereist.de\/wp-content\/uploads\/2022\/05\/20220514044612_IMG_4405-1536x1024.jpg 1536w, https:\/\/familie-weitgereist.de\/wp-content\/uploads\/2022\/05\/20220514044612_IMG_4405-2048x1365.jpg 2048w, https:\/\/familie-weitgereist.de\/wp-content\/uploads\/2022\/05\/20220514044612_IMG_4405-1200x800.jpg 1200w, https:\/\/familie-weitgereist.de\/wp-content\/uploads\/2022\/05\/20220514044612_IMG_4405-1980x1320.jpg 1980w, https:\/\/familie-weitgereist.de\/wp-content\/uploads\/2022\/05\/20220514044612_IMG_4405-150x100.jpg 150w\" sizes=\"auto, (max-width: 1024px) 100vw, 1024px\" \/><\/figure>\n\n\n\n<figure class=\"wp-block-image size-large\"><img loading=\"lazy\" decoding=\"async\" width=\"1024\" height=\"683\" data-id=\"8546\" src=\"https:\/\/familie-weitgereist.de\/wp-content\/uploads\/2022\/05\/20220514045725_IMG_4417-1024x683.jpg\" alt=\"\" class=\"wp-image-8546\" srcset=\"https:\/\/familie-weitgereist.de\/wp-content\/uploads\/2022\/05\/20220514045725_IMG_4417-1024x683.jpg 1024w, https:\/\/familie-weitgereist.de\/wp-content\/uploads\/2022\/05\/20220514045725_IMG_4417-300x200.jpg 300w, https:\/\/familie-weitgereist.de\/wp-content\/uploads\/2022\/05\/20220514045725_IMG_4417-768x512.jpg 768w, https:\/\/familie-weitgereist.de\/wp-content\/uploads\/2022\/05\/20220514045725_IMG_4417-1536x1024.jpg 1536w, https:\/\/familie-weitgereist.de\/wp-content\/uploads\/2022\/05\/20220514045725_IMG_4417-2048x1365.jpg 2048w, https:\/\/familie-weitgereist.de\/wp-content\/uploads\/2022\/05\/20220514045725_IMG_4417-1200x800.jpg 1200w, https:\/\/familie-weitgereist.de\/wp-content\/uploads\/2022\/05\/20220514045725_IMG_4417-1980x1320.jpg 1980w, https:\/\/familie-weitgereist.de\/wp-content\/uploads\/2022\/05\/20220514045725_IMG_4417-150x100.jpg 150w\" sizes=\"auto, (max-width: 1024px) 100vw, 1024px\" \/><\/figure>\n\n\n\n<figure class=\"wp-block-image size-large\"><img loading=\"lazy\" decoding=\"async\" width=\"1024\" height=\"683\" data-id=\"8552\" src=\"https:\/\/familie-weitgereist.de\/wp-content\/uploads\/2022\/05\/20220514044442_IMG_4404-1024x683.jpg\" alt=\"\" class=\"wp-image-8552\" srcset=\"https:\/\/familie-weitgereist.de\/wp-content\/uploads\/2022\/05\/20220514044442_IMG_4404-1024x683.jpg 1024w, https:\/\/familie-weitgereist.de\/wp-content\/uploads\/2022\/05\/20220514044442_IMG_4404-300x200.jpg 300w, https:\/\/familie-weitgereist.de\/wp-content\/uploads\/2022\/05\/20220514044442_IMG_4404-768x512.jpg 768w, https:\/\/familie-weitgereist.de\/wp-content\/uploads\/2022\/05\/20220514044442_IMG_4404-1536x1024.jpg 1536w, https:\/\/familie-weitgereist.de\/wp-content\/uploads\/2022\/05\/20220514044442_IMG_4404-2048x1365.jpg 2048w, https:\/\/familie-weitgereist.de\/wp-content\/uploads\/2022\/05\/20220514044442_IMG_4404-1200x800.jpg 1200w, https:\/\/familie-weitgereist.de\/wp-content\/uploads\/2022\/05\/20220514044442_IMG_4404-1980x1320.jpg 1980w, https:\/\/familie-weitgereist.de\/wp-content\/uploads\/2022\/05\/20220514044442_IMG_4404-150x100.jpg 150w\" sizes=\"auto, (max-width: 1024px) 100vw, 1024px\" \/><\/figure>\n<\/figure>\n\n\n\n<p>Nur 5 Autominuten von Knin entfernt befindet sich der <strong>Kr\u010di\u0107 Wasserfall<\/strong>. Die Quelle des <strong>Flusses Krka<\/strong> befindet sich unter dem 22m hohen Wasserfall Kr\u010di\u0107. Der Fluss Krka flie\u00dft durch den <strong>Krka Nationalpark<\/strong>. Uns wurde mitgeteilt, dass im Sommer der Wasserfall stark austrocknet. Im Mai rauschte das Wasser den Wasserfall hinunter. Im Wasserfall bildete sich ein sch\u00f6ner Regenbogen. <\/p>\n\n\n\n<figure class=\"wp-block-image size-large\"><img loading=\"lazy\" decoding=\"async\" width=\"683\" height=\"1024\" src=\"https:\/\/familie-weitgereist.de\/wp-content\/uploads\/2022\/05\/20220514074437_IMG_4482-683x1024.jpg\" alt=\"\" class=\"wp-image-8540\" srcset=\"https:\/\/familie-weitgereist.de\/wp-content\/uploads\/2022\/05\/20220514074437_IMG_4482-683x1024.jpg 683w, https:\/\/familie-weitgereist.de\/wp-content\/uploads\/2022\/05\/20220514074437_IMG_4482-200x300.jpg 200w, https:\/\/familie-weitgereist.de\/wp-content\/uploads\/2022\/05\/20220514074437_IMG_4482-768x1152.jpg 768w, https:\/\/familie-weitgereist.de\/wp-content\/uploads\/2022\/05\/20220514074437_IMG_4482-1024x1536.jpg 1024w, https:\/\/familie-weitgereist.de\/wp-content\/uploads\/2022\/05\/20220514074437_IMG_4482-1365x2048.jpg 1365w, https:\/\/familie-weitgereist.de\/wp-content\/uploads\/2022\/05\/20220514074437_IMG_4482-1200x1800.jpg 1200w, https:\/\/familie-weitgereist.de\/wp-content\/uploads\/2022\/05\/20220514074437_IMG_4482-1980x2970.jpg 1980w, https:\/\/familie-weitgereist.de\/wp-content\/uploads\/2022\/05\/20220514074437_IMG_4482-150x225.jpg 150w, https:\/\/familie-weitgereist.de\/wp-content\/uploads\/2022\/05\/20220514074437_IMG_4482-scaled.jpg 1707w\" sizes=\"auto, (max-width: 683px) 100vw, 683px\" \/><\/figure>\n\n\n\n<div id=\"wp-block-themeisle-blocks-slider-8830c658\" class=\"wp-block-themeisle-blocks-slider glide\" data-per-view=\"1\" data-gap=\"0\" data-peek=\"0\" data-autoplay=\"true\" data-height=\"328px\" data-hide-arrows=\"false\"><div class=\"glide__track\" data-glide-el=\"track\"><div class=\"glide__slides\"><div class=\"wp-block-themeisle-blocks-slider-item-wrapper glide__slide\" tabindex=\"0\"><figure><img decoding=\"async\" class=\"wp-block-themeisle-blocks-slider-item\" src=\"https:\/\/familie-weitgereist.de\/wp-content\/uploads\/2022\/05\/20220514073015_IMG_4463-scaled.jpg\" alt=\"\" title=\"\" data-id=\"8560\"\/><\/figure><\/div><div class=\"wp-block-themeisle-blocks-slider-item-wrapper glide__slide\" tabindex=\"0\"><figure><img decoding=\"async\" class=\"wp-block-themeisle-blocks-slider-item\" src=\"https:\/\/familie-weitgereist.de\/wp-content\/uploads\/2022\/05\/20220514075103_IMG_4492-scaled.jpg\" alt=\"\" title=\"\" data-id=\"8564\"\/><\/figure><\/div><\/div><div class=\"glide__bullets\" data-glide-el=\"controls[nav]\"><button class=\"glide__bullet\" data-glide-dir=\"=0\"><\/button><button class=\"glide__bullet\" data-glide-dir=\"=1\"><\/button><\/div><\/div><\/div>\n\n\n\n<h2 class=\"wp-block-heading\" id=\"krka\">Krka Nationalpark<\/h2>\n\n\n\n<p>Ein wahres Highlight in Kroatien sind die Wasserf\u00e4lle im Krka Nationalpark. <\/p>\n\n\n\n<figure class=\"wp-block-image size-large\"><img loading=\"lazy\" decoding=\"async\" width=\"1024\" height=\"683\" src=\"https:\/\/familie-weitgereist.de\/wp-content\/uploads\/2022\/05\/20220430055611_IMG_3613-1024x683.jpg\" alt=\"\" class=\"wp-image-8343\" srcset=\"https:\/\/familie-weitgereist.de\/wp-content\/uploads\/2022\/05\/20220430055611_IMG_3613-1024x683.jpg 1024w, https:\/\/familie-weitgereist.de\/wp-content\/uploads\/2022\/05\/20220430055611_IMG_3613-300x200.jpg 300w, https:\/\/familie-weitgereist.de\/wp-content\/uploads\/2022\/05\/20220430055611_IMG_3613-768x512.jpg 768w, https:\/\/familie-weitgereist.de\/wp-content\/uploads\/2022\/05\/20220430055611_IMG_3613-1536x1024.jpg 1536w, https:\/\/familie-weitgereist.de\/wp-content\/uploads\/2022\/05\/20220430055611_IMG_3613-2048x1365.jpg 2048w, https:\/\/familie-weitgereist.de\/wp-content\/uploads\/2022\/05\/20220430055611_IMG_3613-1200x800.jpg 1200w, https:\/\/familie-weitgereist.de\/wp-content\/uploads\/2022\/05\/20220430055611_IMG_3613-1980x1320.jpg 1980w, https:\/\/familie-weitgereist.de\/wp-content\/uploads\/2022\/05\/20220430055611_IMG_3613-150x100.jpg 150w\" sizes=\"auto, (max-width: 1024px) 100vw, 1024px\" \/><figcaption>Blick auf den Wasserfall Skradinski Buk<\/figcaption><\/figure>\n\n\n\n<p>Um den Krka Nationalpark zu besuchen, bietet sich eine Anreise mit dem Auto an. Wir sind mit unserem Auto nach <strong>Lozovac<\/strong> gefahren. Direkt am Nationalparkeingang befindet sich ein gro\u00dfer gratis Parkplatz. Die Eintrittspreise sind in der Vorsaison (April und Mai) noch relativ preisg\u00fcnstig. Erwachsene zahlen 100 Kuna, Studenten 80 Kuna, Kinder bis 7 Jahre zahlen noch nichts. In der Hauptsaison (Juni bis September) zahlen Erwachsene 200 Kuna. In der Nebensaison zahlen Erwachsene hingegen nur 50 Kuna. <\/p>\n\n\n\n<p>Vom Parkplatz in Lozovac kann man entweder den gratis Bus nehmen, um zum Eingang der Wanderung zu gelangen. Wir entschieden uns jedoch daf\u00fcr, 850m einen kleinen Weg durch den Wald hinab zu laufen und nahmen auf dem R\u00fcckweg den Bus. <\/p>\n\n\n\n<p>Eine weitere M\u00f6glichkeit zum bekannten Wasserfall <strong>Skradinski Buk<\/strong> zu gelangen, ist in dem Ort <strong>Skradin<\/strong> zu parken. Von dort fahren gratis Schiffe, mit denen man direkt zum Wasserfall gelangt. Von da aus, kann man ebenfalls den Rundweg laufen, den auch wir von Lozovac gelaufen sind. Parkpl\u00e4tze sind in Skradin jedoch nicht gratis.<\/p>\n\n\n\n<p>Auf angelegten Holzstegen liefen wir in eine regelrechte Dschungelnatur hinein. Wir h\u00f6rten den Wasserfall rauschen, die V\u00f6gel zwitschern und liefen durch herrlich gr\u00fcne Vegetation. Der Weg war so sch\u00f6n und abenteuerlich, dass Merlin den kompletten Rundweg allein gegangen ist. Hinter jeder Ecke gab es etwas Neues zu entdecken. Mittels Treppen wurden kleine H\u00f6hen \u00fcberwunden. <\/p>\n\n\n\n<div id=\"wp-block-themeisle-blocks-slider-5b7e0aec\" class=\"wp-block-themeisle-blocks-slider glide\" data-per-view=\"1\" data-gap=\"0\" data-peek=\"0\" data-autoplay=\"true\" data-height=\"313px\" data-hide-arrows=\"false\"><div class=\"glide__track\" data-glide-el=\"track\"><div class=\"glide__slides\"><div class=\"wp-block-themeisle-blocks-slider-item-wrapper glide__slide\" tabindex=\"0\"><figure><img decoding=\"async\" class=\"wp-block-themeisle-blocks-slider-item\" src=\"https:\/\/familie-weitgereist.de\/wp-content\/uploads\/2022\/05\/20220430063941_IMG_3658-scaled.jpg\" alt=\"\" title=\"\" data-id=\"8498\"\/><\/figure><\/div><div class=\"wp-block-themeisle-blocks-slider-item-wrapper glide__slide\" tabindex=\"0\"><figure><img decoding=\"async\" class=\"wp-block-themeisle-blocks-slider-item\" src=\"https:\/\/familie-weitgereist.de\/wp-content\/uploads\/2022\/05\/20220430060047_IMG_3622-1-scaled.jpg\" alt=\"\" title=\"\" data-id=\"8501\"\/><\/figure><\/div><div class=\"wp-block-themeisle-blocks-slider-item-wrapper glide__slide\" tabindex=\"0\"><figure><img decoding=\"async\" class=\"wp-block-themeisle-blocks-slider-item\" src=\"https:\/\/familie-weitgereist.de\/wp-content\/uploads\/2022\/05\/20220430044400_IMG_3567-1-scaled.jpg\" alt=\"\" title=\"\" data-id=\"8504\"\/><\/figure><\/div><div class=\"wp-block-themeisle-blocks-slider-item-wrapper glide__slide\" tabindex=\"0\"><figure><img decoding=\"async\" class=\"wp-block-themeisle-blocks-slider-item\" src=\"https:\/\/familie-weitgereist.de\/wp-content\/uploads\/2022\/05\/20220430043719_IMG_3545-1-scaled.jpg\" alt=\"\" title=\"\" data-id=\"8505\"\/><\/figure><\/div><\/div><div class=\"glide__bullets\" data-glide-el=\"controls[nav]\"><button class=\"glide__bullet\" data-glide-dir=\"=0\"><\/button><button class=\"glide__bullet\" data-glide-dir=\"=1\"><\/button><button class=\"glide__bullet\" data-glide-dir=\"=2\"><\/button><button class=\"glide__bullet\" data-glide-dir=\"=3\"><\/button><\/div><\/div><\/div>\n\n\n\n<p>Der <strong>Skradinski Buk<\/strong> ist der bekannteste und l\u00e4ngste Wasserfall, jedoch gibt es viele kleinere und gr\u00f6\u00dfere Wasserf\u00e4lle im Nationalpark. <\/p>\n\n\n\n<figure class=\"wp-block-image size-large\"><img loading=\"lazy\" decoding=\"async\" width=\"1024\" height=\"683\" src=\"https:\/\/familie-weitgereist.de\/wp-content\/uploads\/2022\/05\/20220430050950_IMG_3582-1-1024x683.jpg\" alt=\"\" class=\"wp-image-8349\" srcset=\"https:\/\/familie-weitgereist.de\/wp-content\/uploads\/2022\/05\/20220430050950_IMG_3582-1-1024x683.jpg 1024w, https:\/\/familie-weitgereist.de\/wp-content\/uploads\/2022\/05\/20220430050950_IMG_3582-1-300x200.jpg 300w, https:\/\/familie-weitgereist.de\/wp-content\/uploads\/2022\/05\/20220430050950_IMG_3582-1-768x512.jpg 768w, https:\/\/familie-weitgereist.de\/wp-content\/uploads\/2022\/05\/20220430050950_IMG_3582-1-1536x1024.jpg 1536w, https:\/\/familie-weitgereist.de\/wp-content\/uploads\/2022\/05\/20220430050950_IMG_3582-1-2048x1365.jpg 2048w, https:\/\/familie-weitgereist.de\/wp-content\/uploads\/2022\/05\/20220430050950_IMG_3582-1-1200x800.jpg 1200w, https:\/\/familie-weitgereist.de\/wp-content\/uploads\/2022\/05\/20220430050950_IMG_3582-1-1980x1320.jpg 1980w, https:\/\/familie-weitgereist.de\/wp-content\/uploads\/2022\/05\/20220430050950_IMG_3582-1-150x100.jpg 150w\" sizes=\"auto, (max-width: 1024px) 100vw, 1024px\" \/><\/figure>\n\n\n\n<p>Angekommen am Wasserfall <strong>Skradinski Buk <\/strong>trafen wir auf die meisten Besucher. Ende April waren zum Gl\u00fcck noch nicht wirklich viele Besucher da. Ich vermute, dass in der Hauptreisezeit die Holzstege sehr voll sein werden. <\/p>\n\n\n\n<div id=\"wp-block-themeisle-blocks-slider-11b9cf08\" class=\"wp-block-themeisle-blocks-slider glide\" data-per-view=\"1\" data-gap=\"0\" data-peek=\"0\" data-autoplay=\"true\" data-height=\"413px\" data-hide-arrows=\"false\"><div class=\"glide__track\" data-glide-el=\"track\"><div class=\"glide__slides\"><div class=\"wp-block-themeisle-blocks-slider-item-wrapper glide__slide\" tabindex=\"0\"><figure><img decoding=\"async\" class=\"wp-block-themeisle-blocks-slider-item\" src=\"https:\/\/familie-weitgereist.de\/wp-content\/uploads\/2022\/05\/20220430061017_IMG_3640-scaled.jpg\" alt=\"\" title=\"\" data-id=\"8346\"\/><\/figure><\/div><div class=\"wp-block-themeisle-blocks-slider-item-wrapper glide__slide\" tabindex=\"0\"><figure><img decoding=\"async\" class=\"wp-block-themeisle-blocks-slider-item\" src=\"https:\/\/familie-weitgereist.de\/wp-content\/uploads\/2022\/05\/20220430055653_IMG_3615-scaled.jpg\" alt=\"\" title=\"\" data-id=\"8350\"\/><\/figure><\/div><div class=\"wp-block-themeisle-blocks-slider-item-wrapper glide__slide\" tabindex=\"0\"><figure><img decoding=\"async\" class=\"wp-block-themeisle-blocks-slider-item\" src=\"https:\/\/familie-weitgereist.de\/wp-content\/uploads\/2022\/05\/20220430054041_IMG_3602-scaled.jpg\" alt=\"\" title=\"\" data-id=\"8354\"\/><\/figure><\/div><\/div><div class=\"glide__bullets\" data-glide-el=\"controls[nav]\"><button class=\"glide__bullet\" data-glide-dir=\"=0\"><\/button><button class=\"glide__bullet\" data-glide-dir=\"=1\"><\/button><button class=\"glide__bullet\" data-glide-dir=\"=2\"><\/button><\/div><\/div><\/div>\n\n\n\n<h2 class=\"wp-block-heading\" id=\"murter\">Insel Murter<\/h2>\n\n\n\n<p>Wir bereisten die <strong>Insel Murter<\/strong>, die nur \u00fcber eine kleine Br\u00fccke mit dem Festland verbunden ist und daher sehr entspannt mit dem Auto bereist werden kann. Die ca. 18km\u00b2 gro\u00dfe Insel, geh\u00f6rt zu den eher kleineren Inseln in Kroatien. Eine Hauptstra\u00dfe verbindet die Urlaubsorte Tisno, Jezera, Betina und Murter Stadt. In Tisno \u00fcberquerten wir die Br\u00fccke. Ein Teil der Stadt Tisno liegt auf dem Festland, der andere auf der Insel.<\/p>\n\n\n\n<p>Die kleine Insel liegt s\u00fcdlich von Zadar, zwischen Suko\u0161an und \u0160ibenik.<\/p>\n\n\n\n<p>Auf Murter gibt es einige kleine Orte zu entdecken, welche mit kleinen Altstadtgassen, urigen Konobas und Caf\u00e9s und kleinen Str\u00e4nden \u00fcberzeugen. F\u00fcr Kroatien eine Seltenheit, findet man hier sogar einige kleine Sandstr\u00e4nde. <\/p>\n\n\n\n<p>Wir besuchten auf unserem Tagesausflug als erstes die Stadt <strong>Betina<\/strong>. In der Kirche des Heiligen Franziskus aus dem 15. Jahrhundert fand eine gro\u00dfe Messe statt und wir konnten den Orgelkl\u00e4ngen lauschen. Auf den B\u00e4nken vor der Kirche genossen wir eine Pause und entspannten bei klassischer Musik. Die Kirche liegt im Zentrum der Stadt. Um die Kirche zu erreichen schlenderten wir durch die vielen kleinen Gassen. Ein kleiner Fischerhafen, in dem besonders viele traditionelle Holzboote anlegen, pr\u00e4gt ebenso das Stadtbild.<\/p>\n\n\n\n<figure class=\"wp-block-image size-large\"><img loading=\"lazy\" decoding=\"async\" width=\"1024\" height=\"683\" src=\"https:\/\/familie-weitgereist.de\/wp-content\/uploads\/2022\/05\/20220501040627_IMG_3719-1024x683.jpg\" alt=\"\" class=\"wp-image-8378\" srcset=\"https:\/\/familie-weitgereist.de\/wp-content\/uploads\/2022\/05\/20220501040627_IMG_3719-1024x683.jpg 1024w, https:\/\/familie-weitgereist.de\/wp-content\/uploads\/2022\/05\/20220501040627_IMG_3719-300x200.jpg 300w, https:\/\/familie-weitgereist.de\/wp-content\/uploads\/2022\/05\/20220501040627_IMG_3719-768x512.jpg 768w, https:\/\/familie-weitgereist.de\/wp-content\/uploads\/2022\/05\/20220501040627_IMG_3719-1536x1024.jpg 1536w, https:\/\/familie-weitgereist.de\/wp-content\/uploads\/2022\/05\/20220501040627_IMG_3719-2048x1365.jpg 2048w, https:\/\/familie-weitgereist.de\/wp-content\/uploads\/2022\/05\/20220501040627_IMG_3719-1200x800.jpg 1200w, https:\/\/familie-weitgereist.de\/wp-content\/uploads\/2022\/05\/20220501040627_IMG_3719-1980x1320.jpg 1980w, https:\/\/familie-weitgereist.de\/wp-content\/uploads\/2022\/05\/20220501040627_IMG_3719-150x100.jpg 150w\" sizes=\"auto, (max-width: 1024px) 100vw, 1024px\" \/><figcaption>Fischerhafen von Betina<\/figcaption><\/figure>\n\n\n\n<div id=\"wp-block-themeisle-blocks-slider-08d9a2a8\" class=\"wp-block-themeisle-blocks-slider glide\" data-per-view=\"1\" data-gap=\"0\" data-peek=\"0\" data-autoplay=\"true\" data-height=\"335px\" data-hide-arrows=\"false\"><div class=\"glide__track\" data-glide-el=\"track\"><div class=\"glide__slides\"><div class=\"wp-block-themeisle-blocks-slider-item-wrapper glide__slide\" tabindex=\"0\"><figure><img decoding=\"async\" class=\"wp-block-themeisle-blocks-slider-item\" src=\"https:\/\/familie-weitgereist.de\/wp-content\/uploads\/2022\/05\/20220501035325_IMG_3705-scaled.jpg\" alt=\"\" title=\"\" data-id=\"8359\"\/><\/figure><\/div><div class=\"wp-block-themeisle-blocks-slider-item-wrapper glide__slide\" tabindex=\"0\"><figure><img decoding=\"async\" class=\"wp-block-themeisle-blocks-slider-item\" src=\"https:\/\/familie-weitgereist.de\/wp-content\/uploads\/2022\/05\/20220501035801_IMG_3711-scaled.jpg\" alt=\"\" title=\"\" data-id=\"8361\"\/><\/figure><\/div><div class=\"wp-block-themeisle-blocks-slider-item-wrapper glide__slide\" tabindex=\"0\"><figure><img decoding=\"async\" class=\"wp-block-themeisle-blocks-slider-item\" src=\"https:\/\/familie-weitgereist.de\/wp-content\/uploads\/2022\/05\/20220501035830_IMG_3713-scaled.jpg\" alt=\"\" title=\"\" data-id=\"8362\"\/><\/figure><\/div><div class=\"wp-block-themeisle-blocks-slider-item-wrapper glide__slide\" tabindex=\"0\"><figure><img decoding=\"async\" class=\"wp-block-themeisle-blocks-slider-item\" src=\"https:\/\/familie-weitgereist.de\/wp-content\/uploads\/2022\/05\/20220501060035_IMG_3732-scaled.jpg\" alt=\"\" title=\"\" data-id=\"8364\"\/><\/figure><\/div><\/div><div class=\"glide__bullets\" data-glide-el=\"controls[nav]\"><button class=\"glide__bullet\" data-glide-dir=\"=0\"><\/button><button class=\"glide__bullet\" data-glide-dir=\"=1\"><\/button><button class=\"glide__bullet\" data-glide-dir=\"=2\"><\/button><button class=\"glide__bullet\" data-glide-dir=\"=3\"><\/button><\/div><\/div><\/div>\n\n\n\n<p><strong>Murter Stadt<\/strong> liegt unweit von Betina und wir liefen von Betina direkt nach Murter. Unser Weg f\u00fchrte durch kleine Altstadtgassen und an der K\u00fcste entlang. In Murter entdeckten wir einen sch\u00f6nen Spielplatz und verbrachten eine entspannte Zeit am Sandstrand.<\/p>\n\n\n\n<div id=\"wp-block-themeisle-blocks-slider-e5094ddd\" class=\"wp-block-themeisle-blocks-slider glide\" data-per-view=\"1\" data-gap=\"0\" data-peek=\"0\" data-autoplay=\"true\" data-height=\"356px\" data-hide-arrows=\"false\"><div class=\"glide__track\" data-glide-el=\"track\"><div class=\"glide__slides\"><div class=\"wp-block-themeisle-blocks-slider-item-wrapper glide__slide\" tabindex=\"0\"><figure><img decoding=\"async\" class=\"wp-block-themeisle-blocks-slider-item\" src=\"https:\/\/familie-weitgereist.de\/wp-content\/uploads\/2022\/05\/20220501060750_IMG_3735-scaled.jpg\" alt=\"\" title=\"\" data-id=\"8366\"\/><\/figure><\/div><div class=\"wp-block-themeisle-blocks-slider-item-wrapper glide__slide\" tabindex=\"0\"><figure><img decoding=\"async\" class=\"wp-block-themeisle-blocks-slider-item\" src=\"https:\/\/familie-weitgereist.de\/wp-content\/uploads\/2022\/05\/20220501075045_IMG_3754-scaled.jpg\" alt=\"\" title=\"\" data-id=\"8367\"\/><\/figure><\/div><\/div><div class=\"glide__bullets\" data-glide-el=\"controls[nav]\"><button class=\"glide__bullet\" data-glide-dir=\"=0\"><\/button><button class=\"glide__bullet\" data-glide-dir=\"=1\"><\/button><\/div><\/div><\/div>\n\n\n\n<h2 class=\"wp-block-heading\" id=\"vir\">Insel Vir<\/h2>\n\n\n\n<p>Vir befindet sich n\u00f6rdlich von Zadar in Dalmatien. Die Insel ist nur ca. 22km\u00b2 gro\u00df und geh\u00f6rt zu den kleineren Inseln in Kroatien. Eine ca. 300m lange Br\u00fccke verbindet die Insel mit dem Festland. Dies macht das Reisen besonders unkompliziert, indem entspannt und ohne F\u00e4hre die Insel erkundet werden kann. <\/p>\n\n\n\n<p>Die kleine Insel Vir bietet, f\u00fcr Kroatien, au\u00dfergew\u00f6hnlich viele Sandstr\u00e4nde und macht sie daher f\u00fcr einen Besuch besonders attraktiv. <\/p>\n\n\n\n<p>Besonders beeindruckend sind die Str\u00e4nde im Norden von Vir. Wir erkundeten die <strong>Str\u00e4nde Vrulja<\/strong> und <strong>Crvenka<\/strong> und wanderten die K\u00fcste ab. Die Landschaft ist wundersch\u00f6n. Die K\u00fcste besteht aus roten Felsformationen, welche als kleinere und gr\u00f6\u00dfere Klippen steil ins Meer hinab fallen. Ein K\u00fcstenspaziergang ist besonders sch\u00f6n, da die Klippen auch von Weitem betrachtet werden k\u00f6nnen. Der gesamte Strandabschnitt besteht aus den roten Klippen. An gewissen Stellen ist ein Hinabsteigen unkompliziert m\u00f6glich und die sandigen Str\u00e4nde k\u00f6nnen genossen werden. Sch\u00f6n ist auch, dass die Str\u00e4nde sanft ins Meer abfallen. Besonders f\u00fcr Kinder bietet Vir eine tolle Zeit am Strand.<\/p>\n\n\n\n<div id=\"wp-block-themeisle-blocks-slider-eabd0705\" class=\"wp-block-themeisle-blocks-slider glide\" data-per-view=\"1\" data-gap=\"0\" data-peek=\"0\" data-autoplay=\"true\" data-height=\"372px\" data-hide-arrows=\"false\"><div class=\"glide__track\" data-glide-el=\"track\"><div class=\"glide__slides\"><div class=\"wp-block-themeisle-blocks-slider-item-wrapper glide__slide\" tabindex=\"0\"><figure><img decoding=\"async\" class=\"wp-block-themeisle-blocks-slider-item\" src=\"https:\/\/familie-weitgereist.de\/wp-content\/uploads\/2022\/05\/20220509071805_IMG_4144-1-scaled.jpg\" alt=\"\" title=\"\" data-id=\"8438\"\/><\/figure><\/div><div class=\"wp-block-themeisle-blocks-slider-item-wrapper glide__slide\" tabindex=\"0\"><figure><img decoding=\"async\" class=\"wp-block-themeisle-blocks-slider-item\" src=\"https:\/\/familie-weitgereist.de\/wp-content\/uploads\/2022\/05\/20220509060518_IMG_4124-1-scaled.jpg\" alt=\"\" title=\"\" data-id=\"8442\"\/><\/figure><\/div><div class=\"wp-block-themeisle-blocks-slider-item-wrapper glide__slide\" tabindex=\"0\"><figure><img decoding=\"async\" class=\"wp-block-themeisle-blocks-slider-item\" src=\"https:\/\/familie-weitgereist.de\/wp-content\/uploads\/2022\/05\/20220509060014_IMG_4120-1-scaled.jpg\" alt=\"\" title=\"\" data-id=\"8446\"\/><\/figure><\/div><div class=\"wp-block-themeisle-blocks-slider-item-wrapper glide__slide\" tabindex=\"0\"><figure><img decoding=\"async\" class=\"wp-block-themeisle-blocks-slider-item\" src=\"https:\/\/familie-weitgereist.de\/wp-content\/uploads\/2022\/05\/20220509055022_IMG_4108-scaled.jpg\" alt=\"\" title=\"\" data-id=\"8450\"\/><\/figure><\/div><\/div><div class=\"glide__bullets\" data-glide-el=\"controls[nav]\"><button class=\"glide__bullet\" data-glide-dir=\"=0\"><\/button><button class=\"glide__bullet\" data-glide-dir=\"=1\"><\/button><button class=\"glide__bullet\" data-glide-dir=\"=2\"><\/button><button class=\"glide__bullet\" data-glide-dir=\"=3\"><\/button><\/div><\/div><\/div>\n\n\n\n<figure class=\"wp-block-image size-large\"><img loading=\"lazy\" decoding=\"async\" width=\"1024\" height=\"683\" src=\"https:\/\/familie-weitgereist.de\/wp-content\/uploads\/2022\/05\/20220509072536_IMG_4154-1024x683.jpg\" alt=\"\" class=\"wp-image-8407\" srcset=\"https:\/\/familie-weitgereist.de\/wp-content\/uploads\/2022\/05\/20220509072536_IMG_4154-1024x683.jpg 1024w, https:\/\/familie-weitgereist.de\/wp-content\/uploads\/2022\/05\/20220509072536_IMG_4154-300x200.jpg 300w, https:\/\/familie-weitgereist.de\/wp-content\/uploads\/2022\/05\/20220509072536_IMG_4154-768x512.jpg 768w, https:\/\/familie-weitgereist.de\/wp-content\/uploads\/2022\/05\/20220509072536_IMG_4154-1536x1024.jpg 1536w, https:\/\/familie-weitgereist.de\/wp-content\/uploads\/2022\/05\/20220509072536_IMG_4154-2048x1365.jpg 2048w, https:\/\/familie-weitgereist.de\/wp-content\/uploads\/2022\/05\/20220509072536_IMG_4154-1200x800.jpg 1200w, https:\/\/familie-weitgereist.de\/wp-content\/uploads\/2022\/05\/20220509072536_IMG_4154-1980x1320.jpg 1980w, https:\/\/familie-weitgereist.de\/wp-content\/uploads\/2022\/05\/20220509072536_IMG_4154-150x100.jpg 150w\" sizes=\"auto, (max-width: 1024px) 100vw, 1024px\" \/><\/figure>\n\n\n\n<div id=\"wp-block-themeisle-blocks-slider-d69699b2\" class=\"wp-block-themeisle-blocks-slider glide\" data-per-view=\"1\" data-gap=\"0\" data-peek=\"0\" data-autoplay=\"true\" data-height=\"400px\" data-hide-arrows=\"false\"><div class=\"glide__track\" data-glide-el=\"track\"><div class=\"glide__slides\"><div class=\"wp-block-themeisle-blocks-slider-item-wrapper glide__slide\" tabindex=\"0\"><figure><img decoding=\"async\" class=\"wp-block-themeisle-blocks-slider-item\" src=\"https:\/\/familie-weitgereist.de\/wp-content\/uploads\/2022\/05\/20220509054828_IMG_4105-scaled.jpg\" alt=\"\" title=\"\" data-id=\"8440\"\/><\/figure><\/div><div class=\"wp-block-themeisle-blocks-slider-item-wrapper glide__slide\" tabindex=\"0\"><figure><img decoding=\"async\" class=\"wp-block-themeisle-blocks-slider-item\" src=\"https:\/\/familie-weitgereist.de\/wp-content\/uploads\/2022\/05\/20220509054803_IMG_4103-scaled.jpg\" alt=\"\" title=\"\" data-id=\"8445\"\/><\/figure><\/div><div class=\"wp-block-themeisle-blocks-slider-item-wrapper glide__slide\" tabindex=\"0\"><figure><img decoding=\"async\" class=\"wp-block-themeisle-blocks-slider-item\" src=\"https:\/\/familie-weitgereist.de\/wp-content\/uploads\/2022\/05\/20220509053600_IMG_4084-scaled.jpg\" alt=\"\" title=\"\" data-id=\"8449\"\/><\/figure><\/div><\/div><div class=\"glide__bullets\" data-glide-el=\"controls[nav]\"><button class=\"glide__bullet\" data-glide-dir=\"=0\"><\/button><button class=\"glide__bullet\" data-glide-dir=\"=1\"><\/button><button class=\"glide__bullet\" data-glide-dir=\"=2\"><\/button><\/div><\/div><\/div>\n\n\n\n<p>\u00dcber eine schmale K\u00fcstenstra\u00dfe, welche zum Teil schon vom Meer untersp\u00fclt wurde, umrundeten wir die Insel weiter an der K\u00fcste entlang. Unser n\u00e4chster Stop war die Festung Kastelina, eine Wehranlage aus dem 17. Jahrhundert. Diese befindet sich direkt am Meer, umgeben von einem Pinienwald. Der Weg zur Festung ist wundersch\u00f6n und wir genossen den Spaziergang im Wald. Die Festungsruine selbst besteht nur noch aus einer gro\u00dfen Mauer, mit zwei T\u00fcrmen. <\/p>\n\n\n\n<div id=\"wp-block-themeisle-blocks-slider-4e9e5cbc\" class=\"wp-block-themeisle-blocks-slider glide\" data-per-view=\"1\" data-gap=\"0\" data-peek=\"0\" data-autoplay=\"true\" data-height=\"400px\" data-hide-arrows=\"false\"><div class=\"glide__track\" data-glide-el=\"track\"><div class=\"glide__slides\"><div class=\"wp-block-themeisle-blocks-slider-item-wrapper glide__slide\" tabindex=\"0\"><figure><img decoding=\"async\" class=\"wp-block-themeisle-blocks-slider-item\" src=\"https:\/\/familie-weitgereist.de\/wp-content\/uploads\/2022\/05\/20220509092617_IMG_4231-scaled.jpg\" alt=\"\" title=\"\" data-id=\"8436\"\/><\/figure><\/div><div class=\"wp-block-themeisle-blocks-slider-item-wrapper glide__slide\" tabindex=\"0\"><figure><img decoding=\"async\" class=\"wp-block-themeisle-blocks-slider-item\" src=\"https:\/\/familie-weitgereist.de\/wp-content\/uploads\/2022\/05\/20220509090809_IMG_4207-scaled.jpg\" alt=\"\" title=\"\" data-id=\"8439\"\/><\/figure><\/div><div class=\"wp-block-themeisle-blocks-slider-item-wrapper glide__slide\" tabindex=\"0\"><figure><img decoding=\"async\" class=\"wp-block-themeisle-blocks-slider-item\" src=\"https:\/\/familie-weitgereist.de\/wp-content\/uploads\/2022\/05\/20220509090549_IMG_4203-scaled.jpg\" alt=\"\" title=\"\" data-id=\"8443\"\/><\/figure><\/div><\/div><div class=\"glide__bullets\" data-glide-el=\"controls[nav]\"><button class=\"glide__bullet\" data-glide-dir=\"=0\"><\/button><button class=\"glide__bullet\" data-glide-dir=\"=1\"><\/button><button class=\"glide__bullet\" data-glide-dir=\"=2\"><\/button><\/div><\/div><\/div>\n\n\n\n<p>Am Horizont erscheint die Insel Pag, welche eine ganz andere Vegetation aufweist. Dies ist im folgenden Beitrag nachzulesen.<\/p>\n\n\n\n<h2 class=\"wp-block-heading\" id=\"pag\">Insel Pag<\/h2>\n\n\n\n<p>Die Insel Pag liegt n\u00f6rdlich von Zadar und ist ebenfalls \u00fcber eine Br\u00fccke mit dem Festland verbunden. <\/p>\n\n\n\n<figure class=\"wp-block-image size-large\"><img loading=\"lazy\" decoding=\"async\" width=\"1024\" height=\"683\" src=\"https:\/\/familie-weitgereist.de\/wp-content\/uploads\/2022\/05\/20220508032637_IMG_3835-1024x683.jpg\" alt=\"\" class=\"wp-image-8486\" srcset=\"https:\/\/familie-weitgereist.de\/wp-content\/uploads\/2022\/05\/20220508032637_IMG_3835-1024x683.jpg 1024w, https:\/\/familie-weitgereist.de\/wp-content\/uploads\/2022\/05\/20220508032637_IMG_3835-300x200.jpg 300w, https:\/\/familie-weitgereist.de\/wp-content\/uploads\/2022\/05\/20220508032637_IMG_3835-768x512.jpg 768w, https:\/\/familie-weitgereist.de\/wp-content\/uploads\/2022\/05\/20220508032637_IMG_3835-1536x1024.jpg 1536w, https:\/\/familie-weitgereist.de\/wp-content\/uploads\/2022\/05\/20220508032637_IMG_3835-2048x1365.jpg 2048w, https:\/\/familie-weitgereist.de\/wp-content\/uploads\/2022\/05\/20220508032637_IMG_3835-1200x800.jpg 1200w, https:\/\/familie-weitgereist.de\/wp-content\/uploads\/2022\/05\/20220508032637_IMG_3835-1980x1320.jpg 1980w, https:\/\/familie-weitgereist.de\/wp-content\/uploads\/2022\/05\/20220508032637_IMG_3835-150x100.jpg 150w\" sizes=\"auto, (max-width: 1024px) 100vw, 1024px\" \/><figcaption>Die Pager Br\u00fccke &#8222;Pa\u0161ki Most&#8220;<\/figcaption><\/figure>\n\n\n\n<p>Auf der Insel leben ca. 8000 Menschen. Die Vegetation auf der Insel Pag ist eine komplett andere, als zum Beispiel auf der Insel Vir. Eine karge, mondlandschaft\u00e4hnliche Landschaft erwartet einen. Aufgrund des starken Windes, <em>&#8222;Bura&#8220;<\/em> genannt, w\u00e4chst nur sehr wenig auf der Insel. Aus diesem Grund gibt es \u00fcberall auf der Insel kleine Steinmauern, um die Schafe zu sch\u00fctzen und etwas Landwirtschaft zu betreiben. Pag geh\u00f6rt zu den gr\u00f6\u00dferen Insel Kroatiens mit einer L\u00e4nge von 63km. Ungef\u00e4hr im Zentrum der Insel liegt die gleichnamige Stadt Pag, wo die beiden Inselh\u00e4lften \u00fcber Fu\u00dfg\u00e4nger- und Autobr\u00fccke verbunden werden.<\/p>\n\n\n\n<p>Beim Besuch der Altstadt von Zadar hat Merlin sich sehr f\u00fcr die Planeten interessiert, als wir die Sehensw\u00fcrdigkeit &#8222;Gru\u00df an die Sonne&#8220; unweit der Meeresorgel besichtigten. Ein Ausflug zur <strong>&#8222;Mondinsel&#8220; Pag<\/strong> bot sich demnach sehr gut an. <\/p>\n\n\n\n<figure class=\"wp-block-image size-large\"><img loading=\"lazy\" decoding=\"async\" width=\"1024\" height=\"683\" src=\"https:\/\/familie-weitgereist.de\/wp-content\/uploads\/2022\/05\/20220508085012_IMG_3972-1024x683.jpg\" alt=\"\" class=\"wp-image-8469\" srcset=\"https:\/\/familie-weitgereist.de\/wp-content\/uploads\/2022\/05\/20220508085012_IMG_3972-1024x683.jpg 1024w, https:\/\/familie-weitgereist.de\/wp-content\/uploads\/2022\/05\/20220508085012_IMG_3972-300x200.jpg 300w, https:\/\/familie-weitgereist.de\/wp-content\/uploads\/2022\/05\/20220508085012_IMG_3972-768x512.jpg 768w, https:\/\/familie-weitgereist.de\/wp-content\/uploads\/2022\/05\/20220508085012_IMG_3972-1536x1024.jpg 1536w, https:\/\/familie-weitgereist.de\/wp-content\/uploads\/2022\/05\/20220508085012_IMG_3972-2048x1365.jpg 2048w, https:\/\/familie-weitgereist.de\/wp-content\/uploads\/2022\/05\/20220508085012_IMG_3972-1200x800.jpg 1200w, https:\/\/familie-weitgereist.de\/wp-content\/uploads\/2022\/05\/20220508085012_IMG_3972-1980x1320.jpg 1980w, https:\/\/familie-weitgereist.de\/wp-content\/uploads\/2022\/05\/20220508085012_IMG_3972-150x100.jpg 150w\" sizes=\"auto, (max-width: 1024px) 100vw, 1024px\" \/><figcaption>Karge Landschaft auf Pag, der n\u00f6rdlichste Punkt der Insel<\/figcaption><\/figure>\n\n\n\n<div id=\"wp-block-themeisle-blocks-slider-1b7e6aa3\" class=\"wp-block-themeisle-blocks-slider glide\" data-per-view=\"1\" data-gap=\"0\" data-peek=\"0\" data-autoplay=\"true\" data-height=\"400px\" data-hide-arrows=\"false\"><div class=\"glide__track\" data-glide-el=\"track\"><div class=\"glide__slides\"><div class=\"wp-block-themeisle-blocks-slider-item-wrapper glide__slide\" tabindex=\"0\"><figure><img decoding=\"async\" class=\"wp-block-themeisle-blocks-slider-item\" src=\"https:\/\/familie-weitgereist.de\/wp-content\/uploads\/2022\/05\/20220508101025_IMG_3985-1-scaled.jpg\" alt=\"\" title=\"\" data-id=\"8452\"\/><\/figure><\/div><div class=\"wp-block-themeisle-blocks-slider-item-wrapper glide__slide\" tabindex=\"0\"><figure><img decoding=\"async\" class=\"wp-block-themeisle-blocks-slider-item\" src=\"https:\/\/familie-weitgereist.de\/wp-content\/uploads\/2022\/05\/20220508102335_IMG_4005-scaled.jpg\" alt=\"\" title=\"\" data-id=\"8454\"\/><\/figure><\/div><\/div><div class=\"glide__bullets\" data-glide-el=\"controls[nav]\"><button class=\"glide__bullet\" data-glide-dir=\"=0\"><\/button><button class=\"glide__bullet\" data-glide-dir=\"=1\"><\/button><\/div><\/div><\/div>\n\n\n\n<p>Kurz nach dem \u00dcberqueren der Br\u00fccke nach Pag befindet sich eine ehemalige <strong>Festungsruine &#8222;Fortica&#8220;<\/strong>, die landschaftlich perfekt eingebettet ist, in das Umland. <\/p>\n\n\n\n<div id=\"wp-block-themeisle-blocks-slider-d8ff2577\" class=\"wp-block-themeisle-blocks-slider glide\" data-per-view=\"1\" data-gap=\"0\" data-peek=\"0\" data-autoplay=\"true\" data-height=\"400px\" data-hide-arrows=\"false\"><div class=\"glide__track\" data-glide-el=\"track\"><div class=\"glide__slides\"><div class=\"wp-block-themeisle-blocks-slider-item-wrapper glide__slide\" tabindex=\"0\"><figure><img decoding=\"async\" class=\"wp-block-themeisle-blocks-slider-item\" src=\"https:\/\/familie-weitgereist.de\/wp-content\/uploads\/2022\/05\/20220508031811_IMG_3821-1-scaled.jpg\" alt=\"\" title=\"\" data-id=\"8489\"\/><\/figure><\/div><div class=\"wp-block-themeisle-blocks-slider-item-wrapper glide__slide\" tabindex=\"0\"><figure><img decoding=\"async\" class=\"wp-block-themeisle-blocks-slider-item\" src=\"https:\/\/familie-weitgereist.de\/wp-content\/uploads\/2022\/05\/20220508031720_IMG_3817-1-scaled.jpg\" alt=\"\" title=\"\" data-id=\"8494\"\/><\/figure><\/div><div class=\"wp-block-themeisle-blocks-slider-item-wrapper glide__slide\" tabindex=\"0\"><figure><img decoding=\"async\" class=\"wp-block-themeisle-blocks-slider-item\" src=\"https:\/\/familie-weitgereist.de\/wp-content\/uploads\/2022\/05\/20220508032432_IMG_3832-scaled.jpg\" alt=\"\" title=\"\" data-id=\"8496\"\/><\/figure><\/div><\/div><div class=\"glide__bullets\" data-glide-el=\"controls[nav]\"><button class=\"glide__bullet\" data-glide-dir=\"=0\"><\/button><button class=\"glide__bullet\" data-glide-dir=\"=1\"><\/button><button class=\"glide__bullet\" data-glide-dir=\"=2\"><\/button><\/div><\/div><\/div>\n\n\n\n<p>Anschlie\u00dfend besuchten wir einen Vogelbeobachtungspunkt auf Pag beim See <strong>Velo Blato<\/strong>. In diesem sumpfigen Gebiet haben viele einheimische V\u00f6gel ihr zu Hause. Wir sahen jedoch haupts\u00e4chlich Schafe. Pag ist zudem f\u00fcr seinen <em>Paski Sir<\/em> bekannt, dem Schafsk\u00e4se von Pag.<\/p>\n\n\n\n<figure class=\"wp-block-image size-large\"><img loading=\"lazy\" decoding=\"async\" width=\"1024\" height=\"683\" src=\"https:\/\/familie-weitgereist.de\/wp-content\/uploads\/2022\/05\/20220508040035_IMG_3849-1024x683.jpg\" alt=\"\" class=\"wp-image-8476\" srcset=\"https:\/\/familie-weitgereist.de\/wp-content\/uploads\/2022\/05\/20220508040035_IMG_3849-1024x683.jpg 1024w, https:\/\/familie-weitgereist.de\/wp-content\/uploads\/2022\/05\/20220508040035_IMG_3849-300x200.jpg 300w, https:\/\/familie-weitgereist.de\/wp-content\/uploads\/2022\/05\/20220508040035_IMG_3849-768x512.jpg 768w, https:\/\/familie-weitgereist.de\/wp-content\/uploads\/2022\/05\/20220508040035_IMG_3849-1536x1024.jpg 1536w, https:\/\/familie-weitgereist.de\/wp-content\/uploads\/2022\/05\/20220508040035_IMG_3849-2048x1365.jpg 2048w, https:\/\/familie-weitgereist.de\/wp-content\/uploads\/2022\/05\/20220508040035_IMG_3849-1200x800.jpg 1200w, https:\/\/familie-weitgereist.de\/wp-content\/uploads\/2022\/05\/20220508040035_IMG_3849-1980x1320.jpg 1980w, https:\/\/familie-weitgereist.de\/wp-content\/uploads\/2022\/05\/20220508040035_IMG_3849-150x100.jpg 150w\" sizes=\"auto, (max-width: 1024px) 100vw, 1024px\" \/><figcaption>Vogelbeobachtungspunkt am Velo Blato<\/figcaption><\/figure>\n\n\n\n<p>Die gleichnamige Stadt Pag liegt im Zentrum der Insel und ist eine kleine gr\u00fcne Oase. Die <strong>Altstadt von Pag<\/strong> ist gepr\u00e4gt von kleinen Gassen und es gibt mehrere Kirchen. Wir lassen uns bei unseren Besuchen immer treiben und erkunden hinter jeder Ecke etwas Neues. Das macht Spa\u00df und ist einfach wundersch\u00f6n! <\/p>\n\n\n\n<div id=\"wp-block-themeisle-blocks-slider-073856b4\" class=\"wp-block-themeisle-blocks-slider glide\" data-per-view=\"1\" data-gap=\"0\" data-peek=\"0\" data-autoplay=\"true\" data-height=\"400px\" data-hide-arrows=\"false\"><div class=\"glide__track\" data-glide-el=\"track\"><div class=\"glide__slides\"><div class=\"wp-block-themeisle-blocks-slider-item-wrapper glide__slide\" tabindex=\"0\"><figure><img decoding=\"async\" class=\"wp-block-themeisle-blocks-slider-item\" src=\"https:\/\/familie-weitgereist.de\/wp-content\/uploads\/2022\/05\/20220508055336_IMG_3882-1-scaled.jpg\" alt=\"\" title=\"\" data-id=\"8483\"\/><\/figure><\/div><div class=\"wp-block-themeisle-blocks-slider-item-wrapper glide__slide\" tabindex=\"0\"><figure><img decoding=\"async\" class=\"wp-block-themeisle-blocks-slider-item\" src=\"https:\/\/familie-weitgereist.de\/wp-content\/uploads\/2022\/05\/20220508055436_IMG_3883-scaled.jpg\" alt=\"\" title=\"\" data-id=\"8490\"\/><\/figure><\/div><\/div><div class=\"glide__bullets\" data-glide-el=\"controls[nav]\"><button class=\"glide__bullet\" data-glide-dir=\"=0\"><\/button><button class=\"glide__bullet\" data-glide-dir=\"=1\"><\/button><\/div><\/div><\/div>\n\n\n\n<p>Einige \u00dcberreste der ehemaligen Stadtmauer k\u00f6nnen noch an gewissen Stellen bestaunt werden. <\/p>\n\n\n\n<p>Die Heilige Maria Kirche, das ehrw\u00fcrdige Benediktiner Kloster und die Heilige Georg Kirche bilden das Zentrum der Altstadt. <\/p>\n\n\n\n<figure class=\"wp-block-image size-large\"><img loading=\"lazy\" decoding=\"async\" width=\"683\" height=\"1024\" src=\"https:\/\/familie-weitgereist.de\/wp-content\/uploads\/2022\/05\/20220508062959_IMG_3915-683x1024.jpg\" alt=\"\" class=\"wp-image-8479\" srcset=\"https:\/\/familie-weitgereist.de\/wp-content\/uploads\/2022\/05\/20220508062959_IMG_3915-683x1024.jpg 683w, https:\/\/familie-weitgereist.de\/wp-content\/uploads\/2022\/05\/20220508062959_IMG_3915-200x300.jpg 200w, https:\/\/familie-weitgereist.de\/wp-content\/uploads\/2022\/05\/20220508062959_IMG_3915-768x1152.jpg 768w, https:\/\/familie-weitgereist.de\/wp-content\/uploads\/2022\/05\/20220508062959_IMG_3915-1024x1536.jpg 1024w, https:\/\/familie-weitgereist.de\/wp-content\/uploads\/2022\/05\/20220508062959_IMG_3915-1365x2048.jpg 1365w, https:\/\/familie-weitgereist.de\/wp-content\/uploads\/2022\/05\/20220508062959_IMG_3915-1200x1800.jpg 1200w, https:\/\/familie-weitgereist.de\/wp-content\/uploads\/2022\/05\/20220508062959_IMG_3915-1980x2970.jpg 1980w, https:\/\/familie-weitgereist.de\/wp-content\/uploads\/2022\/05\/20220508062959_IMG_3915-150x225.jpg 150w, https:\/\/familie-weitgereist.de\/wp-content\/uploads\/2022\/05\/20220508062959_IMG_3915-scaled.jpg 1707w\" sizes=\"auto, (max-width: 683px) 100vw, 683px\" \/><\/figure>\n\n\n\n<div id=\"wp-block-themeisle-blocks-slider-9c1d5634\" class=\"wp-block-themeisle-blocks-slider glide\" data-per-view=\"1\" data-gap=\"0\" data-peek=\"0\" data-autoplay=\"true\" data-height=\"387px\" data-hide-arrows=\"false\"><div class=\"glide__track\" data-glide-el=\"track\"><div class=\"glide__slides\"><div class=\"wp-block-themeisle-blocks-slider-item-wrapper glide__slide\" tabindex=\"0\"><figure><img decoding=\"async\" class=\"wp-block-themeisle-blocks-slider-item\" src=\"https:\/\/familie-weitgereist.de\/wp-content\/uploads\/2022\/05\/20220508063921_IMG_3930-scaled.jpg\" alt=\"\" title=\"\" data-id=\"8477\"\/><\/figure><\/div><div class=\"wp-block-themeisle-blocks-slider-item-wrapper glide__slide\" tabindex=\"0\"><figure><img decoding=\"async\" class=\"wp-block-themeisle-blocks-slider-item\" src=\"https:\/\/familie-weitgereist.de\/wp-content\/uploads\/2022\/05\/20220508063543_IMG_3926-2-scaled.jpg\" alt=\"\" title=\"\" data-id=\"8482\"\/><\/figure><\/div><\/div><div class=\"glide__bullets\" data-glide-el=\"controls[nav]\"><button class=\"glide__bullet\" data-glide-dir=\"=0\"><\/button><button class=\"glide__bullet\" data-glide-dir=\"=1\"><\/button><\/div><\/div><\/div>\n\n\n\n<p>Wir schlenderten am Hafen entlang und entdeckten einen tollen Spielplatz. Der Uferpromenade folgend, fanden wir einen weiteren gro\u00dfen Spielplatz. Dort verbrachten wir selbstverst\u00e4ndlich einige Zeit. <\/p>\n\n\n\n<div id=\"wp-block-themeisle-blocks-slider-21df750b\" class=\"wp-block-themeisle-blocks-slider glide\" data-per-view=\"1\" data-gap=\"0\" data-peek=\"0\" data-autoplay=\"true\" data-height=\"325px\" data-hide-arrows=\"false\"><div class=\"glide__track\" data-glide-el=\"track\"><div class=\"glide__slides\"><div class=\"wp-block-themeisle-blocks-slider-item-wrapper glide__slide\" tabindex=\"0\"><figure><img decoding=\"async\" class=\"wp-block-themeisle-blocks-slider-item\" src=\"https:\/\/familie-weitgereist.de\/wp-content\/uploads\/2022\/05\/20220508050743_IMG_3867-scaled.jpg\" alt=\"\" title=\"\" data-id=\"8466\"\/><\/figure><\/div><div class=\"wp-block-themeisle-blocks-slider-item-wrapper glide__slide\" tabindex=\"0\"><figure><img decoding=\"async\" class=\"wp-block-themeisle-blocks-slider-item\" src=\"https:\/\/familie-weitgereist.de\/wp-content\/uploads\/2022\/05\/20220508060439_IMG_3896-scaled.jpg\" alt=\"\" title=\"\" data-id=\"8467\"\/><\/figure><\/div><\/div><div class=\"glide__bullets\" data-glide-el=\"controls[nav]\"><button class=\"glide__bullet\" data-glide-dir=\"=0\"><\/button><button class=\"glide__bullet\" data-glide-dir=\"=1\"><\/button><\/div><\/div><\/div>\n\n\n\n<p>Wir fuhren bis zum n\u00f6rdlichsten Ende der Insel. In Lun befinden sich die Olivenplantagen der Insel. Wir parkten unser Auto in Lun wanderten den K\u00fcstenpfad entlang. Der n\u00f6rdlichste Punkt ist nur zu Fu\u00df oder mit dem Fahrrad (etwas beschwerlich) erreichbar. Von dort hatten wir einen tollen Ausblick auf die Insel Rab und die Berge des Velebit Gebirges.<\/p>\n\n\n\n<div id=\"wp-block-themeisle-blocks-slider-9d9c3d5a\" class=\"wp-block-themeisle-blocks-slider glide\" data-per-view=\"1\" data-gap=\"0\" data-peek=\"0\" data-autoplay=\"true\" data-height=\"400px\" data-hide-arrows=\"false\"><div class=\"glide__track\" data-glide-el=\"track\"><div class=\"glide__slides\"><div class=\"wp-block-themeisle-blocks-slider-item-wrapper glide__slide\" tabindex=\"0\"><figure><img decoding=\"async\" class=\"wp-block-themeisle-blocks-slider-item\" src=\"https:\/\/familie-weitgereist.de\/wp-content\/uploads\/2022\/05\/20220508081910_IMG_3954-1-scaled.jpg\" alt=\"\" title=\"\" data-id=\"8480\"\/><\/figure><\/div><div class=\"wp-block-themeisle-blocks-slider-item-wrapper glide__slide\" tabindex=\"0\"><figure><img decoding=\"async\" class=\"wp-block-themeisle-blocks-slider-item\" src=\"https:\/\/familie-weitgereist.de\/wp-content\/uploads\/2022\/05\/20220508085506_IMG_3978-scaled.jpg\" alt=\"\" title=\"\" data-id=\"8492\"\/><\/figure><\/div><\/div><div class=\"glide__bullets\" data-glide-el=\"controls[nav]\"><button class=\"glide__bullet\" data-glide-dir=\"=0\"><\/button><button class=\"glide__bullet\" data-glide-dir=\"=1\"><\/button><\/div><\/div><\/div>\n\n\n\n<h2 class=\"wp-block-heading\" id=\"nin\">Nin<\/h2>\n\n\n\n<p>Nin ist ein kleiner Ort mit ca. 2800 Einwohnern, unweit der Insel Vir. Nin ist bekannt f\u00fcr sein &#8222;Open Air Museum&#8220; und der sehr gut erhaltenen Altstadt mit Stadtmauer. Die Altstadt von Nin liegt auf einer kleinen Insel, welche von zwei Br\u00fccken mit dem Festland verbunden wird. Zudem gilt Nin als Lagunenstadt und besitzt wundersch\u00f6ne Sandstr\u00e4nde entlang der Lagune, mit seicht abfallenden Str\u00e4nden ins Meer.<\/p>\n\n\n\n<p>Kleine Gassen, Ruinen r\u00f6mische Tempel, Kirchen und die kleinste Kathedrale der Welt k\u00f6nnen in Nin bestaunt werden. <\/p>\n\n\n\n<p>Die <strong>Statue von Knez Branimir<\/strong>, ehemaliger Herrscher des dalmatinischen Kroatiens, begr\u00fc\u00dft die G\u00e4ste vor dem \u00dcberqueren der Br\u00fccke zur Altstadt.<\/p>\n\n\n\n<figure class=\"wp-block-image size-large\"><img loading=\"lazy\" decoding=\"async\" width=\"1024\" height=\"683\" src=\"https:\/\/familie-weitgereist.de\/wp-content\/uploads\/2022\/05\/20220509050529_IMG_4073-1024x683.jpg\" alt=\"\" class=\"wp-image-8412\" srcset=\"https:\/\/familie-weitgereist.de\/wp-content\/uploads\/2022\/05\/20220509050529_IMG_4073-1024x683.jpg 1024w, https:\/\/familie-weitgereist.de\/wp-content\/uploads\/2022\/05\/20220509050529_IMG_4073-300x200.jpg 300w, https:\/\/familie-weitgereist.de\/wp-content\/uploads\/2022\/05\/20220509050529_IMG_4073-768x512.jpg 768w, https:\/\/familie-weitgereist.de\/wp-content\/uploads\/2022\/05\/20220509050529_IMG_4073-1536x1024.jpg 1536w, https:\/\/familie-weitgereist.de\/wp-content\/uploads\/2022\/05\/20220509050529_IMG_4073-2048x1365.jpg 2048w, https:\/\/familie-weitgereist.de\/wp-content\/uploads\/2022\/05\/20220509050529_IMG_4073-1200x800.jpg 1200w, https:\/\/familie-weitgereist.de\/wp-content\/uploads\/2022\/05\/20220509050529_IMG_4073-1980x1320.jpg 1980w, https:\/\/familie-weitgereist.de\/wp-content\/uploads\/2022\/05\/20220509050529_IMG_4073-150x100.jpg 150w\" sizes=\"auto, (max-width: 1024px) 100vw, 1024px\" \/><figcaption>Statue Knez Branimir<\/figcaption><\/figure>\n\n\n\n<div id=\"wp-block-themeisle-blocks-slider-036db81f\" class=\"wp-block-themeisle-blocks-slider glide\" data-per-view=\"1\" data-gap=\"0\" data-peek=\"0\" data-autoplay=\"true\" data-height=\"416px\" data-hide-arrows=\"false\"><div class=\"glide__track\" data-glide-el=\"track\"><div class=\"glide__slides\"><div class=\"wp-block-themeisle-blocks-slider-item-wrapper glide__slide\" tabindex=\"0\"><figure><img decoding=\"async\" class=\"wp-block-themeisle-blocks-slider-item\" src=\"https:\/\/familie-weitgereist.de\/wp-content\/uploads\/2022\/05\/20220509041315_IMG_4054-scaled.jpg\" alt=\"\" title=\"\" data-id=\"8415\"\/><\/figure><\/div><div class=\"wp-block-themeisle-blocks-slider-item-wrapper glide__slide\" tabindex=\"0\"><figure><img decoding=\"async\" class=\"wp-block-themeisle-blocks-slider-item\" src=\"https:\/\/familie-weitgereist.de\/wp-content\/uploads\/2022\/05\/20220509035245_IMG_4025-scaled.jpg\" alt=\"\" title=\"\" data-id=\"8417\"\/><\/figure><\/div><\/div><div class=\"glide__bullets\" data-glide-el=\"controls[nav]\"><button class=\"glide__bullet\" data-glide-dir=\"=0\"><\/button><button class=\"glide__bullet\" data-glide-dir=\"=1\"><\/button><\/div><\/div><\/div>\n\n\n\n<p>Im Zentrum von Nin befindet sich die <strong>Kirche des Heiligen Anselmus<\/strong> aus dem 12. Jahrhundert. Eine Schatzkammer und der freistehende Kirchturm z\u00e4hlen zu den Besonderheiten. <\/p>\n\n\n\n<figure class=\"wp-block-image size-large\"><img loading=\"lazy\" decoding=\"async\" width=\"683\" height=\"1024\" src=\"https:\/\/familie-weitgereist.de\/wp-content\/uploads\/2022\/05\/20220509041901_IMG_4057-683x1024.jpg\" alt=\"\" class=\"wp-image-8420\" srcset=\"https:\/\/familie-weitgereist.de\/wp-content\/uploads\/2022\/05\/20220509041901_IMG_4057-683x1024.jpg 683w, https:\/\/familie-weitgereist.de\/wp-content\/uploads\/2022\/05\/20220509041901_IMG_4057-200x300.jpg 200w, https:\/\/familie-weitgereist.de\/wp-content\/uploads\/2022\/05\/20220509041901_IMG_4057-768x1152.jpg 768w, https:\/\/familie-weitgereist.de\/wp-content\/uploads\/2022\/05\/20220509041901_IMG_4057-1024x1536.jpg 1024w, https:\/\/familie-weitgereist.de\/wp-content\/uploads\/2022\/05\/20220509041901_IMG_4057-1365x2048.jpg 1365w, https:\/\/familie-weitgereist.de\/wp-content\/uploads\/2022\/05\/20220509041901_IMG_4057-1200x1800.jpg 1200w, https:\/\/familie-weitgereist.de\/wp-content\/uploads\/2022\/05\/20220509041901_IMG_4057-1980x2970.jpg 1980w, https:\/\/familie-weitgereist.de\/wp-content\/uploads\/2022\/05\/20220509041901_IMG_4057-150x225.jpg 150w, https:\/\/familie-weitgereist.de\/wp-content\/uploads\/2022\/05\/20220509041901_IMG_4057-scaled.jpg 1707w\" sizes=\"auto, (max-width: 683px) 100vw, 683px\" \/><figcaption>Kirche des Heiligen Anselmus<\/figcaption><\/figure>\n\n\n\n<p>Das wohl gr\u00f6\u00dfte Highlight von Nin ist die <strong>kleinste Kathedrale der Welt, Sveti Kriz<\/strong>. Die kleine Kathedrale stammt aus dem 9. Jahrhundert und diente aufgrund ihrer besonderen Bausweise ebenfalls als Sonnenuhr. <\/p>\n\n\n\n<div id=\"wp-block-themeisle-blocks-slider-8d2668b3\" class=\"wp-block-themeisle-blocks-slider glide\" data-per-view=\"1\" data-gap=\"0\" data-peek=\"0\" data-autoplay=\"true\" data-height=\"302px\" data-hide-arrows=\"false\"><div class=\"glide__track\" data-glide-el=\"track\"><div class=\"glide__slides\"><div class=\"wp-block-themeisle-blocks-slider-item-wrapper glide__slide\" tabindex=\"0\"><figure><img decoding=\"async\" class=\"wp-block-themeisle-blocks-slider-item\" src=\"https:\/\/familie-weitgereist.de\/wp-content\/uploads\/2022\/05\/20220509042718_IMG_4070-scaled.jpg\" alt=\"\" title=\"\" data-id=\"8422\"\/><\/figure><\/div><div class=\"wp-block-themeisle-blocks-slider-item-wrapper glide__slide\" tabindex=\"0\"><figure><img decoding=\"async\" class=\"wp-block-themeisle-blocks-slider-item\" src=\"https:\/\/familie-weitgereist.de\/wp-content\/uploads\/2022\/05\/20220509042142_IMG_4064-scaled.jpg\" alt=\"\" title=\"\" data-id=\"8424\"\/><\/figure><\/div><\/div><div class=\"glide__bullets\" data-glide-el=\"controls[nav]\"><button class=\"glide__bullet\" data-glide-dir=\"=0\"><\/button><button class=\"glide__bullet\" data-glide-dir=\"=1\"><\/button><\/div><\/div><\/div>\n\n\n\n<p>Ebenfalls im Zentrum der Altstadt gelegen, befindet sich der <strong>r\u00f6mische Tempel &#8222;Rimski Hram&#8220;<\/strong> aus dem 1. Jahrhundert. Die Tempelruinen k\u00f6nnen gratis besichtigt werden und die stehende S\u00e4ule in der Mitte l\u00e4sst die urspr\u00fcngliche Gr\u00f6\u00dfe erahnen. Der Tempel galt einst als gr\u00f6\u00dfter Tempel der Adria.<\/p>\n\n\n\n<figure class=\"wp-block-image size-large\"><img loading=\"lazy\" decoding=\"async\" width=\"1024\" height=\"683\" src=\"https:\/\/familie-weitgereist.de\/wp-content\/uploads\/2022\/05\/20220509040030_IMG_4034-1-1024x683.jpg\" alt=\"\" class=\"wp-image-8432\" srcset=\"https:\/\/familie-weitgereist.de\/wp-content\/uploads\/2022\/05\/20220509040030_IMG_4034-1-1024x683.jpg 1024w, https:\/\/familie-weitgereist.de\/wp-content\/uploads\/2022\/05\/20220509040030_IMG_4034-1-300x200.jpg 300w, https:\/\/familie-weitgereist.de\/wp-content\/uploads\/2022\/05\/20220509040030_IMG_4034-1-768x512.jpg 768w, https:\/\/familie-weitgereist.de\/wp-content\/uploads\/2022\/05\/20220509040030_IMG_4034-1-1536x1024.jpg 1536w, https:\/\/familie-weitgereist.de\/wp-content\/uploads\/2022\/05\/20220509040030_IMG_4034-1-2048x1365.jpg 2048w, https:\/\/familie-weitgereist.de\/wp-content\/uploads\/2022\/05\/20220509040030_IMG_4034-1-1200x800.jpg 1200w, https:\/\/familie-weitgereist.de\/wp-content\/uploads\/2022\/05\/20220509040030_IMG_4034-1-1980x1320.jpg 1980w, https:\/\/familie-weitgereist.de\/wp-content\/uploads\/2022\/05\/20220509040030_IMG_4034-1-150x100.jpg 150w\" sizes=\"auto, (max-width: 1024px) 100vw, 1024px\" \/><figcaption>R\u00f6mischer Tempel &#8222;Rimski Hram&#8220;<\/figcaption><\/figure>\n\n\n\n<p>Unweit des r\u00f6mischen Tempels befindet sich ein <strong>r\u00f6misches Haus<\/strong> aus dem 2. Jahrhundert, das <strong>&#8222;Rimska Ku\u0107a&#8220;<\/strong>.<\/p>\n\n\n\n<figure class=\"wp-block-image size-large\"><img loading=\"lazy\" decoding=\"async\" width=\"1024\" height=\"683\" src=\"https:\/\/familie-weitgereist.de\/wp-content\/uploads\/2022\/05\/20220509035835_IMG_4033-1024x683.jpg\" alt=\"\" class=\"wp-image-8433\" srcset=\"https:\/\/familie-weitgereist.de\/wp-content\/uploads\/2022\/05\/20220509035835_IMG_4033-1024x683.jpg 1024w, https:\/\/familie-weitgereist.de\/wp-content\/uploads\/2022\/05\/20220509035835_IMG_4033-300x200.jpg 300w, https:\/\/familie-weitgereist.de\/wp-content\/uploads\/2022\/05\/20220509035835_IMG_4033-768x512.jpg 768w, https:\/\/familie-weitgereist.de\/wp-content\/uploads\/2022\/05\/20220509035835_IMG_4033-1536x1024.jpg 1536w, https:\/\/familie-weitgereist.de\/wp-content\/uploads\/2022\/05\/20220509035835_IMG_4033-2048x1365.jpg 2048w, https:\/\/familie-weitgereist.de\/wp-content\/uploads\/2022\/05\/20220509035835_IMG_4033-1200x800.jpg 1200w, https:\/\/familie-weitgereist.de\/wp-content\/uploads\/2022\/05\/20220509035835_IMG_4033-1980x1320.jpg 1980w, https:\/\/familie-weitgereist.de\/wp-content\/uploads\/2022\/05\/20220509035835_IMG_4033-150x100.jpg 150w\" sizes=\"auto, (max-width: 1024px) 100vw, 1024px\" \/><figcaption>R\u00f6misches Haus &#8222;Rimska Ku\u0107a&#8220;<\/figcaption><\/figure>\n\n\n\n<h2 class=\"wp-block-heading\" id=\"novigrad\">Novigrad und Zrmanje Canyon<\/h2>\n\n\n\n<p>Wir besuchten das kleine St\u00e4dtchen <strong>Novigrad beim Novigrad See<\/strong>. In Kroatien gibt es n\u00e4mlich einige Novigrad&#8217;s. <\/p>\n\n\n\n<p>In Novigrad befindet sich eine Festung \u00fcber dem kleinen Fischerort. Ende des 13. Jahrhunderts wurde die Festung wieder aufgebaut, denn an diesem Ort befand sich schon eine Burgruine, welche 2000-1000 v. Chr. entstand. <\/p>\n\n\n\n<figure class=\"wp-block-image size-large\"><img loading=\"lazy\" decoding=\"async\" width=\"1024\" height=\"683\" src=\"https:\/\/familie-weitgereist.de\/wp-content\/uploads\/2022\/05\/20220515025344_IMG_4505-1024x683.jpg\" alt=\"\" class=\"wp-image-8573\" srcset=\"https:\/\/familie-weitgereist.de\/wp-content\/uploads\/2022\/05\/20220515025344_IMG_4505-1024x683.jpg 1024w, https:\/\/familie-weitgereist.de\/wp-content\/uploads\/2022\/05\/20220515025344_IMG_4505-300x200.jpg 300w, https:\/\/familie-weitgereist.de\/wp-content\/uploads\/2022\/05\/20220515025344_IMG_4505-768x512.jpg 768w, https:\/\/familie-weitgereist.de\/wp-content\/uploads\/2022\/05\/20220515025344_IMG_4505-1536x1024.jpg 1536w, https:\/\/familie-weitgereist.de\/wp-content\/uploads\/2022\/05\/20220515025344_IMG_4505-2048x1365.jpg 2048w, https:\/\/familie-weitgereist.de\/wp-content\/uploads\/2022\/05\/20220515025344_IMG_4505-1200x800.jpg 1200w, https:\/\/familie-weitgereist.de\/wp-content\/uploads\/2022\/05\/20220515025344_IMG_4505-1980x1320.jpg 1980w, https:\/\/familie-weitgereist.de\/wp-content\/uploads\/2022\/05\/20220515025344_IMG_4505-150x100.jpg 150w\" sizes=\"auto, (max-width: 1024px) 100vw, 1024px\" \/><figcaption>Novigrad mit Festung<\/figcaption><\/figure>\n\n\n\n<p>Die Burgruine kann gratis besichtigt werden. Als wir Mitte Mai den Ort besuchten, sahen wir keine weiteren Touristen, ja keine weiteren Menschen in dem Ort. <\/p>\n\n\n\n<div id=\"wp-block-themeisle-blocks-slider-3d2af474\" class=\"wp-block-themeisle-blocks-slider glide\" data-per-view=\"1\" data-gap=\"0\" data-peek=\"0\" data-autoplay=\"true\" data-height=\"365px\" data-hide-arrows=\"false\"><div class=\"glide__track\" data-glide-el=\"track\"><div class=\"glide__slides\"><div class=\"wp-block-themeisle-blocks-slider-item-wrapper glide__slide\" tabindex=\"0\"><figure><img decoding=\"async\" class=\"wp-block-themeisle-blocks-slider-item\" src=\"https:\/\/familie-weitgereist.de\/wp-content\/uploads\/2022\/05\/20220515032313_IMG_4521-1-scaled.jpg\" alt=\"\" title=\"\" data-id=\"8588\"\/><\/figure><\/div><div class=\"wp-block-themeisle-blocks-slider-item-wrapper glide__slide\" tabindex=\"0\"><figure><img decoding=\"async\" class=\"wp-block-themeisle-blocks-slider-item\" src=\"https:\/\/familie-weitgereist.de\/wp-content\/uploads\/2022\/05\/20220515034204_IMG_4554-1-scaled.jpg\" alt=\"\" title=\"\" data-id=\"8590\"\/><\/figure><\/div><div class=\"wp-block-themeisle-blocks-slider-item-wrapper glide__slide\" tabindex=\"0\"><figure><img decoding=\"async\" class=\"wp-block-themeisle-blocks-slider-item\" src=\"https:\/\/familie-weitgereist.de\/wp-content\/uploads\/2022\/05\/20220515034412_IMG_4559-1-scaled.jpg\" alt=\"\" title=\"\" data-id=\"8592\"\/><\/figure><\/div><div class=\"wp-block-themeisle-blocks-slider-item-wrapper glide__slide\" tabindex=\"0\"><figure><img decoding=\"async\" class=\"wp-block-themeisle-blocks-slider-item\" src=\"https:\/\/familie-weitgereist.de\/wp-content\/uploads\/2022\/05\/20220515034717_IMG_4561-scaled.jpg\" alt=\"\" title=\"\" data-id=\"8597\"\/><\/figure><\/div><div class=\"wp-block-themeisle-blocks-slider-item-wrapper glide__slide\" tabindex=\"0\"><figure><img decoding=\"async\" class=\"wp-block-themeisle-blocks-slider-item\" src=\"https:\/\/familie-weitgereist.de\/wp-content\/uploads\/2022\/05\/20220515034842_IMG_4563-scaled.jpg\" alt=\"\" title=\"\" data-id=\"8600\"\/><\/figure><\/div><div class=\"wp-block-themeisle-blocks-slider-item-wrapper glide__slide\" tabindex=\"0\"><figure><img decoding=\"async\" class=\"wp-block-themeisle-blocks-slider-item\" src=\"https:\/\/familie-weitgereist.de\/wp-content\/uploads\/2022\/05\/20220515042726_IMG_4582-scaled.jpg\" alt=\"\" title=\"\" data-id=\"8602\"\/><\/figure><\/div><\/div><div class=\"glide__bullets\" data-glide-el=\"controls[nav]\"><button class=\"glide__bullet\" data-glide-dir=\"=0\"><\/button><button class=\"glide__bullet\" data-glide-dir=\"=1\"><\/button><button class=\"glide__bullet\" data-glide-dir=\"=2\"><\/button><button class=\"glide__bullet\" data-glide-dir=\"=3\"><\/button><button class=\"glide__bullet\" data-glide-dir=\"=4\"><\/button><button class=\"glide__bullet\" data-glide-dir=\"=5\"><\/button><\/div><\/div><\/div>\n\n\n\n<p>Novigrad selbst ist ein kleines Fischerdorf mit einer sch\u00f6nen Uferpromenade. Dieser folgten wir eine Weile und schlenderten noch durch die Altstadt. <\/p>\n\n\n\n<div id=\"wp-block-themeisle-blocks-slider-1fd676ba\" class=\"wp-block-themeisle-blocks-slider glide\" data-per-view=\"1\" data-gap=\"0\" data-peek=\"0\" data-autoplay=\"true\" data-height=\"361px\" data-hide-arrows=\"false\"><div class=\"glide__track\" data-glide-el=\"track\"><div class=\"glide__slides\"><div class=\"wp-block-themeisle-blocks-slider-item-wrapper glide__slide\" tabindex=\"0\"><figure><img decoding=\"async\" class=\"wp-block-themeisle-blocks-slider-item\" src=\"https:\/\/familie-weitgereist.de\/wp-content\/uploads\/2022\/05\/20220515035510_IMG_4572-2-scaled.jpg\" alt=\"\" title=\"\" data-id=\"8594\"\/><\/figure><\/div><div class=\"wp-block-themeisle-blocks-slider-item-wrapper glide__slide\" tabindex=\"0\"><figure><img decoding=\"async\" class=\"wp-block-themeisle-blocks-slider-item\" src=\"https:\/\/familie-weitgereist.de\/wp-content\/uploads\/2022\/05\/20220515051016_IMG_4597-1-scaled.jpg\" alt=\"\" title=\"\" data-id=\"8598\"\/><\/figure><\/div><div class=\"wp-block-themeisle-blocks-slider-item-wrapper glide__slide\" tabindex=\"0\"><figure><img decoding=\"async\" class=\"wp-block-themeisle-blocks-slider-item\" src=\"https:\/\/familie-weitgereist.de\/wp-content\/uploads\/2022\/05\/20220515053441_IMG_4608-1-scaled.jpg\" alt=\"\" title=\"\" data-id=\"8601\"\/><\/figure><\/div><\/div><div class=\"glide__bullets\" data-glide-el=\"controls[nav]\"><button class=\"glide__bullet\" data-glide-dir=\"=0\"><\/button><button class=\"glide__bullet\" data-glide-dir=\"=1\"><\/button><button class=\"glide__bullet\" data-glide-dir=\"=2\"><\/button><\/div><\/div><\/div>\n\n\n\n<p>Anschlie\u00dfend fuhren wir weiter zum <strong>Zrmanje Canyon<\/strong>. Es ist beeindruckend, welche landschaftliche Diversit\u00e4t sich in Kroatien wieder findet. Nur innerhalb weniger Kilometer ver\u00e4ndert sich die Landschaft komplett, zum Beispiel von saftig gr\u00fcnen Wiesen zu mondlandschaftlich anmutenden Felsen. <\/p>\n\n\n\n<figure class=\"wp-block-image size-large\"><img loading=\"lazy\" decoding=\"async\" width=\"1024\" height=\"683\" src=\"https:\/\/familie-weitgereist.de\/wp-content\/uploads\/2022\/05\/20220515071901_IMG_4676-1024x683.jpg\" alt=\"\" class=\"wp-image-8572\" srcset=\"https:\/\/familie-weitgereist.de\/wp-content\/uploads\/2022\/05\/20220515071901_IMG_4676-1024x683.jpg 1024w, https:\/\/familie-weitgereist.de\/wp-content\/uploads\/2022\/05\/20220515071901_IMG_4676-300x200.jpg 300w, https:\/\/familie-weitgereist.de\/wp-content\/uploads\/2022\/05\/20220515071901_IMG_4676-768x512.jpg 768w, https:\/\/familie-weitgereist.de\/wp-content\/uploads\/2022\/05\/20220515071901_IMG_4676-1536x1024.jpg 1536w, https:\/\/familie-weitgereist.de\/wp-content\/uploads\/2022\/05\/20220515071901_IMG_4676-2048x1365.jpg 2048w, https:\/\/familie-weitgereist.de\/wp-content\/uploads\/2022\/05\/20220515071901_IMG_4676-1200x800.jpg 1200w, https:\/\/familie-weitgereist.de\/wp-content\/uploads\/2022\/05\/20220515071901_IMG_4676-1980x1320.jpg 1980w, https:\/\/familie-weitgereist.de\/wp-content\/uploads\/2022\/05\/20220515071901_IMG_4676-150x100.jpg 150w\" sizes=\"auto, (max-width: 1024px) 100vw, 1024px\" \/><\/figure>\n\n\n\n<p>An diesem Canyon wurden einige Winnetou Filme gedreht. <\/p>\n\n\n\n<figure class=\"wp-block-gallery has-nested-images columns-default is-cropped wp-block-gallery-4 is-layout-flex wp-block-gallery-is-layout-flex\">\n<figure class=\"wp-block-image size-large\"><img loading=\"lazy\" decoding=\"async\" width=\"2560\" height=\"1707\" data-id=\"8605\" src=\"https:\/\/familie-weitgereist.de\/wp-content\/uploads\/2022\/05\/20220515070354_IMG_4659-scaled.jpg\" alt=\"\" class=\"wp-image-8605\" srcset=\"https:\/\/familie-weitgereist.de\/wp-content\/uploads\/2022\/05\/20220515070354_IMG_4659-scaled.jpg 2560w, https:\/\/familie-weitgereist.de\/wp-content\/uploads\/2022\/05\/20220515070354_IMG_4659-300x200.jpg 300w, https:\/\/familie-weitgereist.de\/wp-content\/uploads\/2022\/05\/20220515070354_IMG_4659-1024x683.jpg 1024w, https:\/\/familie-weitgereist.de\/wp-content\/uploads\/2022\/05\/20220515070354_IMG_4659-768x512.jpg 768w, https:\/\/familie-weitgereist.de\/wp-content\/uploads\/2022\/05\/20220515070354_IMG_4659-1536x1024.jpg 1536w, https:\/\/familie-weitgereist.de\/wp-content\/uploads\/2022\/05\/20220515070354_IMG_4659-2048x1365.jpg 2048w, https:\/\/familie-weitgereist.de\/wp-content\/uploads\/2022\/05\/20220515070354_IMG_4659-1200x800.jpg 1200w, https:\/\/familie-weitgereist.de\/wp-content\/uploads\/2022\/05\/20220515070354_IMG_4659-1980x1320.jpg 1980w, https:\/\/familie-weitgereist.de\/wp-content\/uploads\/2022\/05\/20220515070354_IMG_4659-150x100.jpg 150w\" sizes=\"auto, (max-width: 2560px) 100vw, 2560px\" \/><\/figure>\n\n\n\n<figure class=\"wp-block-image size-large\"><img loading=\"lazy\" decoding=\"async\" width=\"2560\" height=\"1707\" data-id=\"8606\" src=\"https:\/\/familie-weitgereist.de\/wp-content\/uploads\/2022\/05\/20220515071318_IMG_4674-scaled.jpg\" alt=\"\" class=\"wp-image-8606\" srcset=\"https:\/\/familie-weitgereist.de\/wp-content\/uploads\/2022\/05\/20220515071318_IMG_4674-scaled.jpg 2560w, https:\/\/familie-weitgereist.de\/wp-content\/uploads\/2022\/05\/20220515071318_IMG_4674-300x200.jpg 300w, https:\/\/familie-weitgereist.de\/wp-content\/uploads\/2022\/05\/20220515071318_IMG_4674-1024x683.jpg 1024w, https:\/\/familie-weitgereist.de\/wp-content\/uploads\/2022\/05\/20220515071318_IMG_4674-768x512.jpg 768w, https:\/\/familie-weitgereist.de\/wp-content\/uploads\/2022\/05\/20220515071318_IMG_4674-1536x1024.jpg 1536w, https:\/\/familie-weitgereist.de\/wp-content\/uploads\/2022\/05\/20220515071318_IMG_4674-2048x1365.jpg 2048w, https:\/\/familie-weitgereist.de\/wp-content\/uploads\/2022\/05\/20220515071318_IMG_4674-1200x800.jpg 1200w, https:\/\/familie-weitgereist.de\/wp-content\/uploads\/2022\/05\/20220515071318_IMG_4674-1980x1320.jpg 1980w, https:\/\/familie-weitgereist.de\/wp-content\/uploads\/2022\/05\/20220515071318_IMG_4674-150x100.jpg 150w\" sizes=\"auto, (max-width: 2560px) 100vw, 2560px\" \/><\/figure>\n\n\n\n<figure class=\"wp-block-image size-large\"><img loading=\"lazy\" decoding=\"async\" width=\"2560\" height=\"1707\" data-id=\"8610\" src=\"https:\/\/familie-weitgereist.de\/wp-content\/uploads\/2022\/05\/20220515072413_IMG_4680-scaled.jpg\" alt=\"\" class=\"wp-image-8610\" srcset=\"https:\/\/familie-weitgereist.de\/wp-content\/uploads\/2022\/05\/20220515072413_IMG_4680-scaled.jpg 2560w, https:\/\/familie-weitgereist.de\/wp-content\/uploads\/2022\/05\/20220515072413_IMG_4680-300x200.jpg 300w, https:\/\/familie-weitgereist.de\/wp-content\/uploads\/2022\/05\/20220515072413_IMG_4680-1024x683.jpg 1024w, https:\/\/familie-weitgereist.de\/wp-content\/uploads\/2022\/05\/20220515072413_IMG_4680-768x512.jpg 768w, https:\/\/familie-weitgereist.de\/wp-content\/uploads\/2022\/05\/20220515072413_IMG_4680-1536x1024.jpg 1536w, https:\/\/familie-weitgereist.de\/wp-content\/uploads\/2022\/05\/20220515072413_IMG_4680-2048x1365.jpg 2048w, https:\/\/familie-weitgereist.de\/wp-content\/uploads\/2022\/05\/20220515072413_IMG_4680-1200x800.jpg 1200w, https:\/\/familie-weitgereist.de\/wp-content\/uploads\/2022\/05\/20220515072413_IMG_4680-1980x1320.jpg 1980w, https:\/\/familie-weitgereist.de\/wp-content\/uploads\/2022\/05\/20220515072413_IMG_4680-150x100.jpg 150w\" sizes=\"auto, (max-width: 2560px) 100vw, 2560px\" \/><\/figure>\n<\/figure>\n\n\n\n<p>Die Aussicht in den Canyon ist fantastisch. Der Fluss Zrmanje zieht sich durch die Schlucht. Einige fahren mit ihrem Auto bis zum Aussichtspunkt vor. Wir haben unser Auto jedoch nahe der Stra\u00dfe abgestellt und sind 1km bis zum Plateau gelaufen. Einfach grandios und wir h\u00e4tten nicht gedacht, dass Kroatien solche Landschaften zu bieten hat.<\/p>\n\n\n\n<div id=\"wp-block-themeisle-blocks-slider-5cf029a9\" class=\"wp-block-themeisle-blocks-slider glide\" data-per-view=\"1\" data-gap=\"0\" data-peek=\"0\" data-autoplay=\"true\" data-height=\"314px\" data-hide-arrows=\"false\"><div class=\"glide__track\" data-glide-el=\"track\"><div class=\"glide__slides\"><div class=\"wp-block-themeisle-blocks-slider-item-wrapper glide__slide\" tabindex=\"0\"><figure><img decoding=\"async\" class=\"wp-block-themeisle-blocks-slider-item\" src=\"https:\/\/familie-weitgereist.de\/wp-content\/uploads\/2022\/05\/20220515065819_IMG_4641-scaled.jpg\" alt=\"\" title=\"\" data-id=\"8611\"\/><\/figure><\/div><div class=\"wp-block-themeisle-blocks-slider-item-wrapper glide__slide\" tabindex=\"0\"><figure><img decoding=\"async\" class=\"wp-block-themeisle-blocks-slider-item\" src=\"https:\/\/familie-weitgereist.de\/wp-content\/uploads\/2022\/05\/20220515070553_IMG_4664-scaled.jpg\" alt=\"\" title=\"\" data-id=\"8612\"\/><\/figure><\/div><\/div><div class=\"glide__bullets\" data-glide-el=\"controls[nav]\"><button class=\"glide__bullet\" data-glide-dir=\"=0\"><\/button><button class=\"glide__bullet\" data-glide-dir=\"=1\"><\/button><\/div><\/div><\/div>\n\n\n\n<h2 class=\"wp-block-heading\" id=\"plitvicerseen\">Plitvicer Seen<\/h2>\n\n\n\n<p>Der <strong>Nationalpark der Plitvicer Seen<\/strong> ist der \u00e4lteste und gr\u00f6\u00dfte Nationalpark in Kroatien und ist ein echtes Naturwunder! Seit 1979 geh\u00f6rt er zu den UNESCO-Weltnaturerben und beheimatet den gr\u00f6\u00dften Wasserfall Kroatiens, den <strong>Veliki Slap mit einer Fallh\u00f6he von 78m. <\/strong><\/p>\n\n\n\n<figure class=\"wp-block-image size-large\"><img loading=\"lazy\" decoding=\"async\" width=\"1024\" height=\"683\" src=\"https:\/\/familie-weitgereist.de\/wp-content\/uploads\/2022\/05\/20220521064859_IMG_5007-1024x683.jpg\" alt=\"\" class=\"wp-image-8631\" srcset=\"https:\/\/familie-weitgereist.de\/wp-content\/uploads\/2022\/05\/20220521064859_IMG_5007-1024x683.jpg 1024w, https:\/\/familie-weitgereist.de\/wp-content\/uploads\/2022\/05\/20220521064859_IMG_5007-300x200.jpg 300w, https:\/\/familie-weitgereist.de\/wp-content\/uploads\/2022\/05\/20220521064859_IMG_5007-768x512.jpg 768w, https:\/\/familie-weitgereist.de\/wp-content\/uploads\/2022\/05\/20220521064859_IMG_5007-1536x1024.jpg 1536w, https:\/\/familie-weitgereist.de\/wp-content\/uploads\/2022\/05\/20220521064859_IMG_5007-2048x1365.jpg 2048w, https:\/\/familie-weitgereist.de\/wp-content\/uploads\/2022\/05\/20220521064859_IMG_5007-1200x800.jpg 1200w, https:\/\/familie-weitgereist.de\/wp-content\/uploads\/2022\/05\/20220521064859_IMG_5007-1980x1320.jpg 1980w, https:\/\/familie-weitgereist.de\/wp-content\/uploads\/2022\/05\/20220521064859_IMG_5007-150x100.jpg 150w\" sizes=\"auto, (max-width: 1024px) 100vw, 1024px\" \/><\/figure>\n\n\n\n<p>Mai ist noch Vorsaison und so zahlten wir f\u00fcr ein Ticket 180 Kuna. Kinder bis 7 Jahre zahlen keinen Eintrittspreis. In der Hauptsaison von Juni bis September kostet ein Ticket f\u00fcr einen Erwachsenen 300 Kuna, das sind nahezu 40\u20ac. Das ist auf jeden Fall ein sehr hoher Eintrittspreis. Ein weiterer Vorteil in der Vorsaison den Park zu besuchen, sind die deutlich wenigeren Touristen. An gewissen Stellen trafen wir auf viele Menschen, z.B. beim Veliki Slap. Ansonsten liefen wir jedoch sehr h\u00e4ufig allein auf den Stegen und durch den Wald. <\/p>\n\n\n\n<div id=\"wp-block-themeisle-blocks-slider-b08fd548\" class=\"wp-block-themeisle-blocks-slider glide\" data-per-view=\"1\" data-gap=\"0\" data-peek=\"0\" data-autoplay=\"true\" data-height=\"337px\" data-hide-arrows=\"false\"><div class=\"glide__track\" data-glide-el=\"track\"><div class=\"glide__slides\"><div class=\"wp-block-themeisle-blocks-slider-item-wrapper glide__slide\" tabindex=\"0\"><figure><img decoding=\"async\" class=\"wp-block-themeisle-blocks-slider-item\" src=\"https:\/\/familie-weitgereist.de\/wp-content\/uploads\/2022\/05\/20220521035653_IMG_4770-2-scaled.jpg\" alt=\"\" title=\"\" data-id=\"8708\"\/><\/figure><\/div><div class=\"wp-block-themeisle-blocks-slider-item-wrapper glide__slide\" tabindex=\"0\"><figure><img decoding=\"async\" class=\"wp-block-themeisle-blocks-slider-item\" src=\"https:\/\/familie-weitgereist.de\/wp-content\/uploads\/2022\/05\/20220521035902_IMG_4774-scaled.jpg\" alt=\"\" title=\"\" data-id=\"8709\"\/><\/figure><\/div><div class=\"wp-block-themeisle-blocks-slider-item-wrapper glide__slide\" tabindex=\"0\"><figure><img decoding=\"async\" class=\"wp-block-themeisle-blocks-slider-item\" src=\"https:\/\/familie-weitgereist.de\/wp-content\/uploads\/2022\/05\/20220521040433_IMG_4786-scaled.jpg\" alt=\"\" title=\"\" data-id=\"8710\"\/><\/figure><\/div><div class=\"wp-block-themeisle-blocks-slider-item-wrapper glide__slide\" tabindex=\"0\"><figure><img decoding=\"async\" class=\"wp-block-themeisle-blocks-slider-item\" src=\"https:\/\/familie-weitgereist.de\/wp-content\/uploads\/2022\/05\/20220521035435_IMG_4765-scaled.jpg\" alt=\"\" title=\"\" data-id=\"8711\"\/><\/figure><\/div><div class=\"wp-block-themeisle-blocks-slider-item-wrapper glide__slide\" tabindex=\"0\"><figure><img decoding=\"async\" class=\"wp-block-themeisle-blocks-slider-item\" src=\"https:\/\/familie-weitgereist.de\/wp-content\/uploads\/2022\/05\/20220521034630_IMG_4751-scaled.jpg\" alt=\"\" title=\"\" data-id=\"8712\"\/><\/figure><\/div><\/div><div class=\"glide__bullets\" data-glide-el=\"controls[nav]\"><button class=\"glide__bullet\" data-glide-dir=\"=0\"><\/button><button class=\"glide__bullet\" data-glide-dir=\"=1\"><\/button><button class=\"glide__bullet\" data-glide-dir=\"=2\"><\/button><button class=\"glide__bullet\" data-glide-dir=\"=3\"><\/button><button class=\"glide__bullet\" data-glide-dir=\"=4\"><\/button><\/div><\/div><\/div>\n\n\n\n<p>Bekannt ist der Nationalpark f\u00fcr seine vielen blau gr\u00fcnen Seen. Im Park selbst bewegt man sich auf Stegen fort. Das ist besonders f\u00fcr Kinder toll, denn es wird zu einem gro\u00dfen Abenteuer! Wir liefen \u00fcber B\u00e4che, kleinere Wasserf\u00e4lle, Wiesen, Sumpflandschaften. Auf Wegen liefen wir durch herrlichste W\u00e4lder, immer an den Seen entlang. <\/p>\n\n\n\n<figure class=\"wp-block-gallery has-nested-images columns-default is-cropped wp-block-gallery-5 is-layout-flex wp-block-gallery-is-layout-flex\">\n<figure class=\"wp-block-image size-large\"><img loading=\"lazy\" decoding=\"async\" width=\"683\" height=\"1024\" data-id=\"8716\" src=\"https:\/\/familie-weitgereist.de\/wp-content\/uploads\/2022\/05\/20220521045959_IMG_4854-683x1024.jpg\" alt=\"\" class=\"wp-image-8716\" srcset=\"https:\/\/familie-weitgereist.de\/wp-content\/uploads\/2022\/05\/20220521045959_IMG_4854-683x1024.jpg 683w, https:\/\/familie-weitgereist.de\/wp-content\/uploads\/2022\/05\/20220521045959_IMG_4854-200x300.jpg 200w, https:\/\/familie-weitgereist.de\/wp-content\/uploads\/2022\/05\/20220521045959_IMG_4854-768x1152.jpg 768w, https:\/\/familie-weitgereist.de\/wp-content\/uploads\/2022\/05\/20220521045959_IMG_4854-1024x1536.jpg 1024w, https:\/\/familie-weitgereist.de\/wp-content\/uploads\/2022\/05\/20220521045959_IMG_4854-1365x2048.jpg 1365w, https:\/\/familie-weitgereist.de\/wp-content\/uploads\/2022\/05\/20220521045959_IMG_4854-1200x1800.jpg 1200w, https:\/\/familie-weitgereist.de\/wp-content\/uploads\/2022\/05\/20220521045959_IMG_4854-1980x2970.jpg 1980w, https:\/\/familie-weitgereist.de\/wp-content\/uploads\/2022\/05\/20220521045959_IMG_4854-150x225.jpg 150w, https:\/\/familie-weitgereist.de\/wp-content\/uploads\/2022\/05\/20220521045959_IMG_4854-scaled.jpg 1707w\" sizes=\"auto, (max-width: 683px) 100vw, 683px\" \/><\/figure>\n\n\n\n<figure class=\"wp-block-image size-large\"><img loading=\"lazy\" decoding=\"async\" width=\"1024\" height=\"683\" data-id=\"8720\" src=\"https:\/\/familie-weitgereist.de\/wp-content\/uploads\/2022\/05\/20220521051608_IMG_4882-1024x683.jpg\" alt=\"\" class=\"wp-image-8720\" srcset=\"https:\/\/familie-weitgereist.de\/wp-content\/uploads\/2022\/05\/20220521051608_IMG_4882-1024x683.jpg 1024w, https:\/\/familie-weitgereist.de\/wp-content\/uploads\/2022\/05\/20220521051608_IMG_4882-300x200.jpg 300w, https:\/\/familie-weitgereist.de\/wp-content\/uploads\/2022\/05\/20220521051608_IMG_4882-768x512.jpg 768w, https:\/\/familie-weitgereist.de\/wp-content\/uploads\/2022\/05\/20220521051608_IMG_4882-1536x1024.jpg 1536w, https:\/\/familie-weitgereist.de\/wp-content\/uploads\/2022\/05\/20220521051608_IMG_4882-2048x1365.jpg 2048w, https:\/\/familie-weitgereist.de\/wp-content\/uploads\/2022\/05\/20220521051608_IMG_4882-1200x800.jpg 1200w, https:\/\/familie-weitgereist.de\/wp-content\/uploads\/2022\/05\/20220521051608_IMG_4882-1980x1320.jpg 1980w, https:\/\/familie-weitgereist.de\/wp-content\/uploads\/2022\/05\/20220521051608_IMG_4882-150x100.jpg 150w\" sizes=\"auto, (max-width: 1024px) 100vw, 1024px\" \/><\/figure>\n\n\n\n<figure class=\"wp-block-image size-large\"><img loading=\"lazy\" decoding=\"async\" width=\"1024\" height=\"683\" data-id=\"8721\" src=\"https:\/\/familie-weitgereist.de\/wp-content\/uploads\/2022\/05\/20220521052537_IMG_4908-1024x683.jpg\" alt=\"\" class=\"wp-image-8721\" srcset=\"https:\/\/familie-weitgereist.de\/wp-content\/uploads\/2022\/05\/20220521052537_IMG_4908-1024x683.jpg 1024w, https:\/\/familie-weitgereist.de\/wp-content\/uploads\/2022\/05\/20220521052537_IMG_4908-300x200.jpg 300w, https:\/\/familie-weitgereist.de\/wp-content\/uploads\/2022\/05\/20220521052537_IMG_4908-768x512.jpg 768w, https:\/\/familie-weitgereist.de\/wp-content\/uploads\/2022\/05\/20220521052537_IMG_4908-1536x1024.jpg 1536w, https:\/\/familie-weitgereist.de\/wp-content\/uploads\/2022\/05\/20220521052537_IMG_4908-2048x1365.jpg 2048w, https:\/\/familie-weitgereist.de\/wp-content\/uploads\/2022\/05\/20220521052537_IMG_4908-1200x800.jpg 1200w, https:\/\/familie-weitgereist.de\/wp-content\/uploads\/2022\/05\/20220521052537_IMG_4908-1980x1320.jpg 1980w, https:\/\/familie-weitgereist.de\/wp-content\/uploads\/2022\/05\/20220521052537_IMG_4908-150x100.jpg 150w\" sizes=\"auto, (max-width: 1024px) 100vw, 1024px\" \/><\/figure>\n\n\n\n<figure class=\"wp-block-image size-large\"><img loading=\"lazy\" decoding=\"async\" width=\"1024\" height=\"683\" data-id=\"8719\" src=\"https:\/\/familie-weitgereist.de\/wp-content\/uploads\/2022\/05\/20220521064625_IMG_5003-1024x683.jpg\" alt=\"\" class=\"wp-image-8719\" srcset=\"https:\/\/familie-weitgereist.de\/wp-content\/uploads\/2022\/05\/20220521064625_IMG_5003-1024x683.jpg 1024w, https:\/\/familie-weitgereist.de\/wp-content\/uploads\/2022\/05\/20220521064625_IMG_5003-300x200.jpg 300w, https:\/\/familie-weitgereist.de\/wp-content\/uploads\/2022\/05\/20220521064625_IMG_5003-768x512.jpg 768w, https:\/\/familie-weitgereist.de\/wp-content\/uploads\/2022\/05\/20220521064625_IMG_5003-1536x1024.jpg 1536w, https:\/\/familie-weitgereist.de\/wp-content\/uploads\/2022\/05\/20220521064625_IMG_5003-2048x1365.jpg 2048w, https:\/\/familie-weitgereist.de\/wp-content\/uploads\/2022\/05\/20220521064625_IMG_5003-1200x800.jpg 1200w, https:\/\/familie-weitgereist.de\/wp-content\/uploads\/2022\/05\/20220521064625_IMG_5003-1980x1320.jpg 1980w, https:\/\/familie-weitgereist.de\/wp-content\/uploads\/2022\/05\/20220521064625_IMG_5003-150x100.jpg 150w\" sizes=\"auto, (max-width: 1024px) 100vw, 1024px\" \/><\/figure>\n\n\n\n<figure class=\"wp-block-image size-large\"><img loading=\"lazy\" decoding=\"async\" width=\"1024\" height=\"683\" data-id=\"8718\" src=\"https:\/\/familie-weitgereist.de\/wp-content\/uploads\/2022\/05\/20220521052933_IMG_4919-1024x683.jpg\" alt=\"\" class=\"wp-image-8718\" srcset=\"https:\/\/familie-weitgereist.de\/wp-content\/uploads\/2022\/05\/20220521052933_IMG_4919-1024x683.jpg 1024w, https:\/\/familie-weitgereist.de\/wp-content\/uploads\/2022\/05\/20220521052933_IMG_4919-300x200.jpg 300w, https:\/\/familie-weitgereist.de\/wp-content\/uploads\/2022\/05\/20220521052933_IMG_4919-768x512.jpg 768w, https:\/\/familie-weitgereist.de\/wp-content\/uploads\/2022\/05\/20220521052933_IMG_4919-1536x1024.jpg 1536w, https:\/\/familie-weitgereist.de\/wp-content\/uploads\/2022\/05\/20220521052933_IMG_4919-2048x1365.jpg 2048w, https:\/\/familie-weitgereist.de\/wp-content\/uploads\/2022\/05\/20220521052933_IMG_4919-1200x800.jpg 1200w, https:\/\/familie-weitgereist.de\/wp-content\/uploads\/2022\/05\/20220521052933_IMG_4919-1980x1320.jpg 1980w, https:\/\/familie-weitgereist.de\/wp-content\/uploads\/2022\/05\/20220521052933_IMG_4919-150x100.jpg 150w\" sizes=\"auto, (max-width: 1024px) 100vw, 1024px\" \/><\/figure>\n<\/figure>\n\n\n\n<p>Im Park gibt es zwei Haupteing\u00e4nge. Wir sind am <strong>2. Eingang<\/strong> gestartet und dann die <strong>Runde H<\/strong> gelaufen. Es gibt acht verschiedene Routen, die allesamt ausgezeichnet ausgeschildert sind. Die Routen k\u00f6nnen miteinander kombiniert werden. Die l\u00e4ngste Strecke ist 18,3km lang. Wir entschieden uns f\u00fcr die Runde H, da sie die oberen und unteren Seen abl\u00e4uft und den Veliki Slap einbezieht. Zudem wollten wir mit den Bus durch den Park fahren und auch eine Bootsfahrt erlebten wir. F\u00fcr Merlin waren das gro\u00dfe Highlights! <\/p>\n\n\n\n<div id=\"wp-block-themeisle-blocks-slider-9f7d0d1d\" class=\"wp-block-themeisle-blocks-slider glide\" data-per-view=\"1\" data-gap=\"0\" data-peek=\"0\" data-autoplay=\"true\" data-height=\"291px\" data-hide-arrows=\"false\"><div class=\"glide__track\" data-glide-el=\"track\"><div class=\"glide__slides\"><div class=\"wp-block-themeisle-blocks-slider-item-wrapper glide__slide\" tabindex=\"0\"><figure><img decoding=\"async\" class=\"wp-block-themeisle-blocks-slider-item\" src=\"https:\/\/familie-weitgereist.de\/wp-content\/uploads\/2022\/05\/20220521031108_IMG_4734-2-scaled.jpg\" alt=\"\" title=\"\" data-id=\"8703\"\/><\/figure><\/div><div class=\"wp-block-themeisle-blocks-slider-item-wrapper glide__slide\" tabindex=\"0\"><figure><img decoding=\"async\" class=\"wp-block-themeisle-blocks-slider-item\" src=\"https:\/\/familie-weitgereist.de\/wp-content\/uploads\/2022\/05\/20220521025950_IMG_4733-3-scaled.jpg\" alt=\"\" title=\"\" data-id=\"8704\"\/><\/figure><\/div><div class=\"wp-block-themeisle-blocks-slider-item-wrapper glide__slide\" tabindex=\"0\"><figure><img decoding=\"async\" class=\"wp-block-themeisle-blocks-slider-item\" src=\"https:\/\/familie-weitgereist.de\/wp-content\/uploads\/2022\/05\/20220521061626_IMG_4972-scaled.jpg\" alt=\"\" title=\"\" data-id=\"8706\"\/><\/figure><\/div><\/div><div class=\"glide__bullets\" data-glide-el=\"controls[nav]\"><button class=\"glide__bullet\" data-glide-dir=\"=0\"><\/button><button class=\"glide__bullet\" data-glide-dir=\"=1\"><\/button><button class=\"glide__bullet\" data-glide-dir=\"=2\"><\/button><\/div><\/div><\/div>\n\n\n\n<p>Der Veliki Slap selbst ist gar nicht so beeindruckend, zumindest nicht im sp\u00e4ten Fr\u00fchling oder im Sommer. W\u00e4hrend im Winter die Wassermassen sich hinab st\u00fcrzen, trocknet er im sp\u00e4ten Fr\u00fchling und Sommer nahezu aus. <\/p>\n\n\n\n<figure class=\"wp-block-image size-large\"><img loading=\"lazy\" decoding=\"async\" width=\"1024\" height=\"683\" src=\"https:\/\/familie-weitgereist.de\/wp-content\/uploads\/2022\/05\/20220521072338_IMG_5049-1024x683.jpg\" alt=\"\" class=\"wp-image-8628\" srcset=\"https:\/\/familie-weitgereist.de\/wp-content\/uploads\/2022\/05\/20220521072338_IMG_5049-1024x683.jpg 1024w, https:\/\/familie-weitgereist.de\/wp-content\/uploads\/2022\/05\/20220521072338_IMG_5049-300x200.jpg 300w, https:\/\/familie-weitgereist.de\/wp-content\/uploads\/2022\/05\/20220521072338_IMG_5049-768x512.jpg 768w, https:\/\/familie-weitgereist.de\/wp-content\/uploads\/2022\/05\/20220521072338_IMG_5049-1536x1024.jpg 1536w, https:\/\/familie-weitgereist.de\/wp-content\/uploads\/2022\/05\/20220521072338_IMG_5049-2048x1365.jpg 2048w, https:\/\/familie-weitgereist.de\/wp-content\/uploads\/2022\/05\/20220521072338_IMG_5049-1200x800.jpg 1200w, https:\/\/familie-weitgereist.de\/wp-content\/uploads\/2022\/05\/20220521072338_IMG_5049-1980x1320.jpg 1980w, https:\/\/familie-weitgereist.de\/wp-content\/uploads\/2022\/05\/20220521072338_IMG_5049-150x100.jpg 150w\" sizes=\"auto, (max-width: 1024px) 100vw, 1024px\" \/><figcaption>Am Veliki Slap<\/figcaption><\/figure>\n\n\n\n<p>Die Natur ist wirklich wundersch\u00f6n und wir schw\u00e4rmten die ganze Zeit. Die Luft ist so rein, die prachtvollen Farben der Seen und das saftige gr\u00fcn der B\u00e4ume, die Ger\u00e4usche der rauschenden B\u00e4che und Wasserf\u00e4lle, macht einen Besuch im Park zu einem Genuss f\u00fcr die Sinne und ist eine wundervolle Erholung vom Alltag. Aufgrund der M\u00f6glichkeit bestimmte Streckenabschnitte mit dem Bus und Boot abzuk\u00fcrzen, ist der Park auch f\u00fcr \u00e4ltere Besucher geeignet. <\/p>\n\n\n\n<figure class=\"wp-block-image size-large\"><img loading=\"lazy\" decoding=\"async\" width=\"1024\" height=\"683\" src=\"https:\/\/familie-weitgereist.de\/wp-content\/uploads\/2022\/05\/20220521060422_IMG_4965-1024x683.jpg\" alt=\"\" class=\"wp-image-8722\" srcset=\"https:\/\/familie-weitgereist.de\/wp-content\/uploads\/2022\/05\/20220521060422_IMG_4965-1024x683.jpg 1024w, https:\/\/familie-weitgereist.de\/wp-content\/uploads\/2022\/05\/20220521060422_IMG_4965-300x200.jpg 300w, https:\/\/familie-weitgereist.de\/wp-content\/uploads\/2022\/05\/20220521060422_IMG_4965-768x512.jpg 768w, https:\/\/familie-weitgereist.de\/wp-content\/uploads\/2022\/05\/20220521060422_IMG_4965-1536x1024.jpg 1536w, https:\/\/familie-weitgereist.de\/wp-content\/uploads\/2022\/05\/20220521060422_IMG_4965-2048x1365.jpg 2048w, https:\/\/familie-weitgereist.de\/wp-content\/uploads\/2022\/05\/20220521060422_IMG_4965-1200x800.jpg 1200w, https:\/\/familie-weitgereist.de\/wp-content\/uploads\/2022\/05\/20220521060422_IMG_4965-1980x1320.jpg 1980w, https:\/\/familie-weitgereist.de\/wp-content\/uploads\/2022\/05\/20220521060422_IMG_4965-150x100.jpg 150w\" sizes=\"auto, (max-width: 1024px) 100vw, 1024px\" \/><figcaption>Mit dem Boot auf den Plitvicer Seen<\/figcaption><\/figure>\n\n\n\n<h2 class=\"wp-block-heading\" id=\"zadar\">Zadar<\/h2>\n\n\n\n<p>Die Hafenstadt <strong>Zadar<\/strong> ist die f\u00fcnftgr\u00f6\u00dfte Stadt in Kroatien und hat ca. 75000 Einwohner. Kreuzfahrtschiffe legen am Hafen an, ein bunt gemischtes Treiben belebt die Stadt und mit ihrer 3000 Jahre alten Geschichte bietet Zadar ebenso viel Kultur. <\/p>\n\n\n\n<p>Ein wahres Highlight ist die <strong>Meeresorgel<\/strong>. Er\u00f6ffnet wurde sie 2005 und zieht seitdem Besucher aus aller Welt in ihren Bann. Das besondere daran ist, dass die peitschenden Wellen den Ton dieser Natur-Orgel erzeugen. Die T\u00f6ne entweichen den L\u00f6chern auf der Promenade. Wir setzten uns auf die Treppen, schauten den ankommenden Schiffen zu, beobachteten die Wellen und lauschten den herrlichen Kl\u00e4ngen der Orgel. <\/p>\n\n\n\n<div id=\"wp-block-themeisle-blocks-slider-67306344\" class=\"wp-block-themeisle-blocks-slider glide\" data-per-view=\"1\" data-gap=\"0\" data-peek=\"0\" data-autoplay=\"true\" data-height=\"383px\" data-hide-arrows=\"false\"><div class=\"glide__track\" data-glide-el=\"track\"><div class=\"glide__slides\"><div class=\"wp-block-themeisle-blocks-slider-item-wrapper glide__slide\" tabindex=\"0\"><figure><img decoding=\"async\" class=\"wp-block-themeisle-blocks-slider-item\" src=\"https:\/\/familie-weitgereist.de\/wp-content\/uploads\/2022\/05\/20220429071547_IMG_3428-scaled.jpg\" alt=\"\" title=\"\" data-id=\"8320\"\/><\/figure><\/div><div class=\"wp-block-themeisle-blocks-slider-item-wrapper glide__slide\" tabindex=\"0\"><figure><img decoding=\"async\" class=\"wp-block-themeisle-blocks-slider-item\" src=\"https:\/\/familie-weitgereist.de\/wp-content\/uploads\/2022\/05\/20220429071929_IMG_3432-1-scaled.jpg\" alt=\"\" title=\"\" data-id=\"8323\"\/><\/figure><\/div><\/div><div class=\"glide__bullets\" data-glide-el=\"controls[nav]\"><button class=\"glide__bullet\" data-glide-dir=\"=0\"><\/button><button class=\"glide__bullet\" data-glide-dir=\"=1\"><\/button><\/div><\/div><\/div>\n\n\n\n<p>Unweit der Meeresorgel liegt die Sehensw\u00fcrdigkeit <strong>Gru\u00df an die Sonne<\/strong> &#8211; <strong>Pozdrav Suncu<\/strong>. Der Kreis soll die Sonne darstellen. Am Tag sammeln Solarkollektoren Energie, um am Abend eine beeindruckende Lichtershow zu zeigen. Diese kann jeder gratis verfolgen, der sich an der Uferpromenade aufh\u00e4lt.<\/p>\n\n\n\n<div id=\"wp-block-themeisle-blocks-slider-fe2bd727\" class=\"wp-block-themeisle-blocks-slider glide\" data-per-view=\"1\" data-gap=\"0\" data-peek=\"0\" data-autoplay=\"true\" data-height=\"303px\" data-hide-arrows=\"false\"><div class=\"glide__track\" data-glide-el=\"track\"><div class=\"glide__slides\"><div class=\"wp-block-themeisle-blocks-slider-item-wrapper glide__slide\" tabindex=\"0\"><figure><img decoding=\"async\" class=\"wp-block-themeisle-blocks-slider-item\" src=\"https:\/\/familie-weitgereist.de\/wp-content\/uploads\/2022\/08\/IMG_20220817_141145_297.webp\" alt=\"\" title=\"\" data-id=\"10865\"\/><\/figure><\/div><div class=\"wp-block-themeisle-blocks-slider-item-wrapper glide__slide\" tabindex=\"0\"><figure><img decoding=\"async\" class=\"wp-block-themeisle-blocks-slider-item\" src=\"https:\/\/familie-weitgereist.de\/wp-content\/uploads\/2022\/08\/IMG_20220817_141145_230.webp\" alt=\"\" title=\"\" data-id=\"10866\"\/><\/figure><\/div><div class=\"wp-block-themeisle-blocks-slider-item-wrapper glide__slide\" tabindex=\"0\"><figure><img decoding=\"async\" class=\"wp-block-themeisle-blocks-slider-item\" src=\"https:\/\/familie-weitgereist.de\/wp-content\/uploads\/2022\/08\/IMG_20220817_141145_342.webp\" alt=\"\" title=\"\" data-id=\"10867\"\/><\/figure><\/div><\/div><div class=\"glide__bullets\" data-glide-el=\"controls[nav]\"><button class=\"glide__bullet\" data-glide-dir=\"=0\"><\/button><button class=\"glide__bullet\" data-glide-dir=\"=1\"><\/button><button class=\"glide__bullet\" data-glide-dir=\"=2\"><\/button><\/div><\/div><\/div>\n\n\n\n<p>Ebenso wie weitere traumhafte St\u00e4dte in Dalmatien (Split, Trogir, etc.), l\u00e4sst es sich wunderbar durch die Altstadtgassen von Zadar schlendern. Kleine, verwinkelte Gassen mit Caf\u00e9s sorgen f\u00fcr das n\u00f6tige s\u00fcdl\u00e4ndische Flair.<\/p>\n\n\n\n<div id=\"wp-block-themeisle-blocks-slider-9d64553b\" class=\"wp-block-themeisle-blocks-slider glide\" data-per-view=\"1\" data-gap=\"0\" data-peek=\"0\" data-autoplay=\"true\" data-height=\"347px\" data-hide-arrows=\"false\"><div class=\"glide__track\" data-glide-el=\"track\"><div class=\"glide__slides\"><div class=\"wp-block-themeisle-blocks-slider-item-wrapper glide__slide\" tabindex=\"0\"><figure><img decoding=\"async\" class=\"wp-block-themeisle-blocks-slider-item\" src=\"https:\/\/familie-weitgereist.de\/wp-content\/uploads\/2022\/05\/20220429094944_IMG_3476-scaled.jpg\" alt=\"\" title=\"\" data-id=\"8333\"\/><\/figure><\/div><div class=\"wp-block-themeisle-blocks-slider-item-wrapper glide__slide\" tabindex=\"0\"><figure><img decoding=\"async\" class=\"wp-block-themeisle-blocks-slider-item\" src=\"https:\/\/familie-weitgereist.de\/wp-content\/uploads\/2022\/05\/20220429081038_IMG_3441-scaled.jpg\" alt=\"\" title=\"\" data-id=\"8334\"\/><\/figure><\/div><div class=\"wp-block-themeisle-blocks-slider-item-wrapper glide__slide\" tabindex=\"0\"><figure><img decoding=\"async\" class=\"wp-block-themeisle-blocks-slider-item\" src=\"https:\/\/familie-weitgereist.de\/wp-content\/uploads\/2022\/05\/20220429080922_IMG_3440-scaled.jpg\" alt=\"\" title=\"\" data-id=\"8335\"\/><\/figure><\/div><\/div><div class=\"glide__bullets\" data-glide-el=\"controls[nav]\"><button class=\"glide__bullet\" data-glide-dir=\"=0\"><\/button><button class=\"glide__bullet\" data-glide-dir=\"=1\"><\/button><button class=\"glide__bullet\" data-glide-dir=\"=2\"><\/button><\/div><\/div><\/div>\n\n\n\n<p>An der Uferpromenade schlenderten wir entlang und entdeckten einen gro\u00dfen Spielplatz mit Blick aufs Meer. <\/p>\n\n\n\n<p>Besonders erholsam ist der Stadtpark <strong>Queen Jelena Madijevka<\/strong>. Direkt neben dem Stadttor <strong>Kopnena Vrata<\/strong> ist der Park auf einer ehemaligen Befestigungsanlage gestaltet worden. <\/p>\n\n\n\n<figure class=\"wp-block-image size-large\"><img loading=\"lazy\" decoding=\"async\" width=\"1024\" height=\"683\" src=\"https:\/\/familie-weitgereist.de\/wp-content\/uploads\/2022\/05\/IMG_3402-1024x683.jpg\" alt=\"\" class=\"wp-image-8370\" srcset=\"https:\/\/familie-weitgereist.de\/wp-content\/uploads\/2022\/05\/IMG_3402-1024x683.jpg 1024w, https:\/\/familie-weitgereist.de\/wp-content\/uploads\/2022\/05\/IMG_3402-300x200.jpg 300w, https:\/\/familie-weitgereist.de\/wp-content\/uploads\/2022\/05\/IMG_3402-768x512.jpg 768w, https:\/\/familie-weitgereist.de\/wp-content\/uploads\/2022\/05\/IMG_3402-1536x1024.jpg 1536w, https:\/\/familie-weitgereist.de\/wp-content\/uploads\/2022\/05\/IMG_3402-2048x1365.jpg 2048w, https:\/\/familie-weitgereist.de\/wp-content\/uploads\/2022\/05\/IMG_3402-1200x800.jpg 1200w, https:\/\/familie-weitgereist.de\/wp-content\/uploads\/2022\/05\/IMG_3402-1980x1320.jpg 1980w, https:\/\/familie-weitgereist.de\/wp-content\/uploads\/2022\/05\/IMG_3402-150x100.jpg 150w\" sizes=\"auto, (max-width: 1024px) 100vw, 1024px\" \/><figcaption>Stadttor Kopnena Vrata<\/figcaption><\/figure>\n\n\n\n<p>Wir besichtigten die <strong>Kathedrale der Heiligen Anastasia<\/strong> aus dem 12. bis 13. Jahrhundert, welche einen 54m hohen Kirchturm hat und die gr\u00f6\u00dfte Kirche in Dalmatien ist.<\/p>\n\n\n\n<figure class=\"wp-block-image size-large\"><img loading=\"lazy\" decoding=\"async\" width=\"1024\" height=\"683\" src=\"https:\/\/familie-weitgereist.de\/wp-content\/uploads\/2022\/05\/IMG_3415-1024x683.jpg\" alt=\"\" class=\"wp-image-8372\" srcset=\"https:\/\/familie-weitgereist.de\/wp-content\/uploads\/2022\/05\/IMG_3415-1024x683.jpg 1024w, https:\/\/familie-weitgereist.de\/wp-content\/uploads\/2022\/05\/IMG_3415-300x200.jpg 300w, https:\/\/familie-weitgereist.de\/wp-content\/uploads\/2022\/05\/IMG_3415-768x512.jpg 768w, https:\/\/familie-weitgereist.de\/wp-content\/uploads\/2022\/05\/IMG_3415-1536x1024.jpg 1536w, https:\/\/familie-weitgereist.de\/wp-content\/uploads\/2022\/05\/IMG_3415-2048x1365.jpg 2048w, https:\/\/familie-weitgereist.de\/wp-content\/uploads\/2022\/05\/IMG_3415-1200x800.jpg 1200w, https:\/\/familie-weitgereist.de\/wp-content\/uploads\/2022\/05\/IMG_3415-1980x1320.jpg 1980w, https:\/\/familie-weitgereist.de\/wp-content\/uploads\/2022\/05\/IMG_3415-150x100.jpg 150w\" sizes=\"auto, (max-width: 1024px) 100vw, 1024px\" \/><figcaption>Kathedrale Heilige Anastasia<\/figcaption><\/figure>\n\n\n\n<figure class=\"wp-block-image size-large\"><img loading=\"lazy\" decoding=\"async\" width=\"683\" height=\"1024\" src=\"https:\/\/familie-weitgereist.de\/wp-content\/uploads\/2022\/08\/IMG_3413-683x1024.jpg\" alt=\"\" class=\"wp-image-10863\" srcset=\"https:\/\/familie-weitgereist.de\/wp-content\/uploads\/2022\/08\/IMG_3413-683x1024.jpg 683w, https:\/\/familie-weitgereist.de\/wp-content\/uploads\/2022\/08\/IMG_3413-200x300.jpg 200w, https:\/\/familie-weitgereist.de\/wp-content\/uploads\/2022\/08\/IMG_3413-768x1152.jpg 768w, https:\/\/familie-weitgereist.de\/wp-content\/uploads\/2022\/08\/IMG_3413-1024x1536.jpg 1024w, https:\/\/familie-weitgereist.de\/wp-content\/uploads\/2022\/08\/IMG_3413-1365x2048.jpg 1365w, https:\/\/familie-weitgereist.de\/wp-content\/uploads\/2022\/08\/IMG_3413-1200x1800.jpg 1200w, https:\/\/familie-weitgereist.de\/wp-content\/uploads\/2022\/08\/IMG_3413-1980x2970.jpg 1980w, https:\/\/familie-weitgereist.de\/wp-content\/uploads\/2022\/08\/IMG_3413-150x225.jpg 150w, https:\/\/familie-weitgereist.de\/wp-content\/uploads\/2022\/08\/IMG_3413-scaled.jpg 1707w\" sizes=\"auto, (max-width: 683px) 100vw, 683px\" \/><\/figure>\n\n\n\n<p>Wir genossen einen Spaziergang \u00fcber den <strong>Volksplatz Narodni trg<\/strong>. Touristen und Einheimische k\u00f6nnen in einer der zahlreichen Caf\u00e9s einen Kaffee genie\u00dfen. Ein Hingucker ist die Stadtwache von 1562 mit ihrem rosa Glockenturm. <\/p>\n\n\n\n<figure class=\"wp-block-image size-large\"><img loading=\"lazy\" decoding=\"async\" width=\"1024\" height=\"683\" src=\"https:\/\/familie-weitgereist.de\/wp-content\/uploads\/2022\/05\/IMG_3440-1024x683.jpg\" alt=\"\" class=\"wp-image-8375\" srcset=\"https:\/\/familie-weitgereist.de\/wp-content\/uploads\/2022\/05\/IMG_3440-1024x683.jpg 1024w, https:\/\/familie-weitgereist.de\/wp-content\/uploads\/2022\/05\/IMG_3440-300x200.jpg 300w, https:\/\/familie-weitgereist.de\/wp-content\/uploads\/2022\/05\/IMG_3440-768x512.jpg 768w, https:\/\/familie-weitgereist.de\/wp-content\/uploads\/2022\/05\/IMG_3440-1536x1024.jpg 1536w, https:\/\/familie-weitgereist.de\/wp-content\/uploads\/2022\/05\/IMG_3440-2048x1365.jpg 2048w, https:\/\/familie-weitgereist.de\/wp-content\/uploads\/2022\/05\/IMG_3440-1200x800.jpg 1200w, https:\/\/familie-weitgereist.de\/wp-content\/uploads\/2022\/05\/IMG_3440-1980x1320.jpg 1980w, https:\/\/familie-weitgereist.de\/wp-content\/uploads\/2022\/05\/IMG_3440-150x100.jpg 150w\" sizes=\"auto, (max-width: 1024px) 100vw, 1024px\" \/><figcaption>Volksplatz Narodni trg<\/figcaption><\/figure>\n","protected":false},"excerpt":{"rendered":"<p>In diesem Beitrag berichten wir \u00fcber unseren Monat in Suko\u0161an. Philipp hat wochentags wieder gearbeitet und wir haben am Wochenende gemeinsam von Suko\u0161an Ausfl\u00fcge unternommen. Wir hatten ein 2-Zimmer Apartment in ruhiger Lage. Wir wohnten in einer sch\u00f6nen, ruhigen Nachbarschaft, perfekt mit Kleinkind. Merlin konnte mit seinem Fahrrad in Ruhe auf den verkehrsberuhigten Stra\u00dfen fahren. [&hellip;]<\/p>\n","protected":false},"author":3,"featured_media":8343,"comment_status":"open","ping_status":"open","sticky":false,"template":"","format":"standard","meta":{"_themeisle_gutenberg_block_has_review":false,"footnotes":""},"categories":[270,8,4,377],"tags":[631,633,632,634,625,184,623,626,635,621,629,630,620,622,624,636],"class_list":["post-8255","post","type-post","status-publish","format-standard","has-post-thumbnail","hentry","category-kroatien","category-europa","category-laender","category-spielplaetze","tag-biograd-na-moru","tag-festung-knin","tag-knin","tag-krcic-wasserfall","tag-krka-nationalpark","tag-kroatien","tag-murter","tag-nin","tag-novigrad","tag-pag","tag-plitvicer-seen","tag-plitvicka-jezera","tag-sukosan","tag-vir","tag-zadar","tag-zrmanje-canyon"],"_links":{"self":[{"href":"https:\/\/familie-weitgereist.de\/index.php?rest_route=\/wp\/v2\/posts\/8255","targetHints":{"allow":["GET"]}}],"collection":[{"href":"https:\/\/familie-weitgereist.de\/index.php?rest_route=\/wp\/v2\/posts"}],"about":[{"href":"https:\/\/familie-weitgereist.de\/index.php?rest_route=\/wp\/v2\/types\/post"}],"author":[{"embeddable":true,"href":"https:\/\/familie-weitgereist.de\/index.php?rest_route=\/wp\/v2\/users\/3"}],"replies":[{"embeddable":true,"href":"https:\/\/familie-weitgereist.de\/index.php?rest_route=%2Fwp%2Fv2%2Fcomments&post=8255"}],"version-history":[{"count":213,"href":"https:\/\/familie-weitgereist.de\/index.php?rest_route=\/wp\/v2\/posts\/8255\/revisions"}],"predecessor-version":[{"id":23493,"href":"https:\/\/familie-weitgereist.de\/index.php?rest_route=\/wp\/v2\/posts\/8255\/revisions\/23493"}],"wp:featuredmedia":[{"embeddable":true,"href":"https:\/\/familie-weitgereist.de\/index.php?rest_route=\/wp\/v2\/media\/8343"}],"wp:attachment":[{"href":"https:\/\/familie-weitgereist.de\/index.php?rest_route=%2Fwp%2Fv2%2Fmedia&parent=8255"}],"wp:term":[{"taxonomy":"category","embeddable":true,"href":"https:\/\/familie-weitgereist.de\/index.php?rest_route=%2Fwp%2Fv2%2Fcategories&post=8255"},{"taxonomy":"post_tag","embeddable":true,"href":"https:\/\/familie-weitgereist.de\/index.php?rest_route=%2Fwp%2Fv2%2Ftags&post=8255"}],"curies":[{"name":"wp","href":"https:\/\/api.w.org\/{rel}","templated":true}]}}