{"id":8147,"date":"2022-04-19T09:39:44","date_gmt":"2022-04-19T07:39:44","guid":{"rendered":"https:\/\/familie-weitgereist.de\/?p=8147"},"modified":"2025-10-12T23:00:25","modified_gmt":"2025-10-12T21:00:25","slug":"workation-auf-brac-kroatien-mit-kleinkind-teil-2","status":"publish","type":"post","link":"https:\/\/familie-weitgereist.de\/?p=8147","title":{"rendered":"Workation auf Bra\u010d, Kroatien mit Kleinkind"},"content":{"rendered":"\n<p>In diesem Beitrag berichten wir \u00fcber unsere Workation Woche auf der <strong>Insel Bra\u010d<\/strong> im <strong>adriatischen Meer<\/strong>. Wir waren \u00fcber Ostern auf der wundersch\u00f6nen Insel, somit hatten wir gemeinsam einige freie Tage und konnten viel von der Insel zusammen entdecken. <\/p>\n\n\n\n<p>Bra\u010d ist die gr\u00f6\u00dfte Insel in Dalmatien und die dritt gr\u00f6\u00dfte Insel in der Adria. Bra\u010d wurde besonders durch seinen Strand, Zlatni Rat ber\u00fchmt, der als einer der sch\u00f6nsten Str\u00e4nde Kroatiens gilt.<\/p>\n\n\n\n<p>Viele Aktivit\u00e4ten und wundersch\u00f6ne kleine Hafenst\u00e4dte machen diese Insel zu einem besonderen Urlaubserlebnis. <\/p>\n\n\n\n<p>Bra\u010d gelangte sogar zu weltweiter Bekanntheit, denn der Bra\u010der Marmor wurde in Bauwerken wie dem Wei\u00dfen Haus in Washington, dem Berliner Reichstag, der Wiener Hofburg und dem Diokletian Palast in Split verbaut. Es ist ein schneewei\u00dfer Kalkstein, der in den Steinbr\u00fcchen in der N\u00e4he von Pu\u010di\u0161\u0107a abgebaut wird. Diesen Steinbruch haben wir von Makarska, dem Festland gesehen.<\/p>\n\n\n\n<h2 class=\"wp-block-heading\">Anreise<\/h2>\n\n\n\n<p>Wir sind mit der Autof\u00e4hre von Makarska nach Sumartin auf Bra\u010d gefahren. Die \u00dcberfahrt dauerte ca. 1 Stunde.<\/p>\n\n\n\n<figure class=\"wp-block-image size-large\"><img loading=\"lazy\" decoding=\"async\" width=\"1024\" height=\"683\" src=\"https:\/\/familie-weitgereist.de\/wp-content\/uploads\/2022\/04\/20220416043306_IMG_2634-1024x683.jpg\" alt=\"\" class=\"wp-image-8152\" srcset=\"https:\/\/familie-weitgereist.de\/wp-content\/uploads\/2022\/04\/20220416043306_IMG_2634-1024x683.jpg 1024w, https:\/\/familie-weitgereist.de\/wp-content\/uploads\/2022\/04\/20220416043306_IMG_2634-300x200.jpg 300w, https:\/\/familie-weitgereist.de\/wp-content\/uploads\/2022\/04\/20220416043306_IMG_2634-768x512.jpg 768w, https:\/\/familie-weitgereist.de\/wp-content\/uploads\/2022\/04\/20220416043306_IMG_2634-1536x1024.jpg 1536w, https:\/\/familie-weitgereist.de\/wp-content\/uploads\/2022\/04\/20220416043306_IMG_2634-2048x1365.jpg 2048w, https:\/\/familie-weitgereist.de\/wp-content\/uploads\/2022\/04\/20220416043306_IMG_2634-1200x800.jpg 1200w, https:\/\/familie-weitgereist.de\/wp-content\/uploads\/2022\/04\/20220416043306_IMG_2634-1980x1320.jpg 1980w, https:\/\/familie-weitgereist.de\/wp-content\/uploads\/2022\/04\/20220416043306_IMG_2634-150x100.jpg 150w\" sizes=\"auto, (max-width: 1024px) 100vw, 1024px\" \/><figcaption>Unser Blick nach Makarska<\/figcaption><\/figure>\n\n\n\n<h2 class=\"wp-block-heading\">Supetar<\/h2>\n\n\n\n<p>Unsere Ferienwohnung befindet sich in Supetar. Diese kleine Stadt befindet sich nordwestlich auf der Insel und Sumartin liegt s\u00fcd\u00f6stlich. Somit sind wir 40 km \u00fcber die Insel gefahren und konnten schon einen tollen ersten Eindruck von der Insel gewinnen.<\/p>\n\n\n\n<p>Supetar hat eine wundersch\u00f6ne Strandpromenade, mit Spielpl\u00e4tzen.<\/p>\n\n\n\n<div id=\"wp-block-themeisle-blocks-slider-d9a81201\" class=\"wp-block-themeisle-blocks-slider glide\" data-per-view=\"1\" data-gap=\"0\" data-peek=\"0\" data-autoplay=\"true\" data-height=\"336px\" data-hide-arrows=\"false\"><div class=\"glide__track\" data-glide-el=\"track\"><div class=\"glide__slides\"><div class=\"wp-block-themeisle-blocks-slider-item-wrapper glide__slide\" tabindex=\"0\"><figure><img decoding=\"async\" class=\"wp-block-themeisle-blocks-slider-item\" src=\"https:\/\/familie-weitgereist.de\/wp-content\/uploads\/2022\/04\/IMG_20220420_144453-scaled.jpg\" alt=\"\" title=\"\" data-id=\"8203\"\/><\/figure><\/div><div class=\"wp-block-themeisle-blocks-slider-item-wrapper glide__slide\" tabindex=\"0\"><figure><img decoding=\"async\" class=\"wp-block-themeisle-blocks-slider-item\" src=\"https:\/\/familie-weitgereist.de\/wp-content\/uploads\/2022\/04\/IMG_20220420_125158-scaled.jpg\" alt=\"\" title=\"\" data-id=\"8205\"\/><\/figure><\/div><div class=\"wp-block-themeisle-blocks-slider-item-wrapper glide__slide\" tabindex=\"0\"><figure><img decoding=\"async\" class=\"wp-block-themeisle-blocks-slider-item\" src=\"https:\/\/familie-weitgereist.de\/wp-content\/uploads\/2022\/04\/IMG_20220420_113632-scaled.jpg\" alt=\"\" title=\"\" data-id=\"8208\"\/><\/figure><\/div><\/div><div class=\"glide__bullets\" data-glide-el=\"controls[nav]\"><button class=\"glide__bullet\" data-glide-dir=\"=0\"><\/button><button class=\"glide__bullet\" data-glide-dir=\"=1\"><\/button><button class=\"glide__bullet\" data-glide-dir=\"=2\"><\/button><\/div><\/div><\/div>\n\n\n\n<p>Supetar ist die gr\u00f6\u00dfte Stadt der Insel und hat ca. 3500 Einwohner. Von hier legt die F\u00e4hre nach Split ab. Diese F\u00e4hrverbindung nehmen auch wir. <\/p>\n\n\n\n<p>Die kleine Altstadt, in der Mitte April noch fast nichts los war, gefiel uns sehr gut. Enge, schmale Gassen winden sich den Berghang hinauf. Richtig gem\u00fctlich wird es abends, wenn die Lichter angehen und die vielen Restaurants ge\u00f6ffnet sind und man in den kleinen Gassen gem\u00fctlich den Abend ausklingen lassen kann. <\/p>\n\n\n\n<div id=\"wp-block-themeisle-blocks-slider-eca4d0c5\" class=\"wp-block-themeisle-blocks-slider glide\" data-per-view=\"1\" data-gap=\"0\" data-peek=\"0\" data-autoplay=\"true\" data-height=\"400px\" data-hide-arrows=\"false\"><div class=\"glide__track\" data-glide-el=\"track\"><div class=\"glide__slides\"><div class=\"wp-block-themeisle-blocks-slider-item-wrapper glide__slide\" tabindex=\"0\"><figure><img decoding=\"async\" class=\"wp-block-themeisle-blocks-slider-item\" src=\"https:\/\/familie-weitgereist.de\/wp-content\/uploads\/2022\/04\/20220417115256_IMG_2876-scaled.jpg\" alt=\"\" title=\"\" data-id=\"8157\"\/><\/figure><\/div><div class=\"wp-block-themeisle-blocks-slider-item-wrapper glide__slide\" tabindex=\"0\"><figure><img decoding=\"async\" class=\"wp-block-themeisle-blocks-slider-item\" src=\"https:\/\/familie-weitgereist.de\/wp-content\/uploads\/2022\/04\/20220417114927_IMG_2870-scaled.jpg\" alt=\"\" title=\"\" data-id=\"8158\"\/><\/figure><\/div><\/div><div class=\"glide__bullets\" data-glide-el=\"controls[nav]\"><button class=\"glide__bullet\" data-glide-dir=\"=0\"><\/button><button class=\"glide__bullet\" data-glide-dir=\"=1\"><\/button><\/div><\/div><\/div>\n\n\n\n<p>Das Wahrzeichen der Stadt ist die Pfarrkirche im Zentrum, unweit des Hafens. Dort war an Ostern die Heilige Messe und nahezu alle Einwohner kamen zur Messe. Laut klangen die Glocken durch die ganze Stadt.<\/p>\n\n\n\n<div id=\"wp-block-themeisle-blocks-slider-bd5b4df4\" class=\"wp-block-themeisle-blocks-slider glide\" data-per-view=\"1\" data-gap=\"0\" data-peek=\"0\" data-autoplay=\"true\" data-height=\"318px\" data-hide-arrows=\"false\"><div class=\"glide__track\" data-glide-el=\"track\"><div class=\"glide__slides\"><div class=\"wp-block-themeisle-blocks-slider-item-wrapper glide__slide\" tabindex=\"0\"><figure><img decoding=\"async\" class=\"wp-block-themeisle-blocks-slider-item\" src=\"https:\/\/familie-weitgereist.de\/wp-content\/uploads\/2022\/04\/20220417115236_IMG_2874-scaled.jpg\" alt=\"\" title=\"\" data-id=\"8160\"\/><\/figure><\/div><div class=\"wp-block-themeisle-blocks-slider-item-wrapper glide__slide\" tabindex=\"0\"><figure><img decoding=\"async\" class=\"wp-block-themeisle-blocks-slider-item\" src=\"https:\/\/familie-weitgereist.de\/wp-content\/uploads\/2022\/04\/20220417114457_IMG_2862-scaled.jpg\" alt=\"\" title=\"\" data-id=\"8161\"\/><\/figure><\/div><div class=\"wp-block-themeisle-blocks-slider-item-wrapper glide__slide\" tabindex=\"0\"><figure><img decoding=\"async\" class=\"wp-block-themeisle-blocks-slider-item\" src=\"https:\/\/familie-weitgereist.de\/wp-content\/uploads\/2022\/04\/20220417114254_IMG_2856-scaled.jpg\" alt=\"\" title=\"\" data-id=\"8162\"\/><\/figure><\/div><div class=\"wp-block-themeisle-blocks-slider-item-wrapper glide__slide\" tabindex=\"0\"><figure><img decoding=\"async\" class=\"wp-block-themeisle-blocks-slider-item\" src=\"https:\/\/familie-weitgereist.de\/wp-content\/uploads\/2022\/04\/20220417114243_IMG_2855-scaled.jpg\" alt=\"\" title=\"\" data-id=\"8163\"\/><\/figure><\/div><\/div><div class=\"glide__bullets\" data-glide-el=\"controls[nav]\"><button class=\"glide__bullet\" data-glide-dir=\"=0\"><\/button><button class=\"glide__bullet\" data-glide-dir=\"=1\"><\/button><button class=\"glide__bullet\" data-glide-dir=\"=2\"><\/button><button class=\"glide__bullet\" data-glide-dir=\"=3\"><\/button><\/div><\/div><\/div>\n\n\n\n<h2 class=\"wp-block-heading\">Berg Vidova Gora<\/h2>\n\n\n\n<p>Der Berg Vidova Gora ist mit seinen 780m der h\u00f6chste Berg auf der Insel Bra\u010d und auch von allen kroatischen Inseln. Wir entschieden uns mit dem Auto den Gipfel zu erreichen, da wir an diesem Tag noch viele weitere Entdeckungen unternehmen wollten. Der Berg kann nat\u00fcrlich auch erwandert werden und viele fahren auch mit dem Fahrrad hoch.<\/p>\n\n\n\n<figure class=\"wp-block-image size-large\"><img loading=\"lazy\" decoding=\"async\" width=\"1024\" height=\"768\" src=\"https:\/\/familie-weitgereist.de\/wp-content\/uploads\/2022\/04\/IMG_20220418_115343-1024x768.jpg\" alt=\"\" class=\"wp-image-8189\" srcset=\"https:\/\/familie-weitgereist.de\/wp-content\/uploads\/2022\/04\/IMG_20220418_115343-1024x768.jpg 1024w, https:\/\/familie-weitgereist.de\/wp-content\/uploads\/2022\/04\/IMG_20220418_115343-300x225.jpg 300w, https:\/\/familie-weitgereist.de\/wp-content\/uploads\/2022\/04\/IMG_20220418_115343-768x576.jpg 768w, https:\/\/familie-weitgereist.de\/wp-content\/uploads\/2022\/04\/IMG_20220418_115343-1536x1152.jpg 1536w, https:\/\/familie-weitgereist.de\/wp-content\/uploads\/2022\/04\/IMG_20220418_115343-2048x1536.jpg 2048w, https:\/\/familie-weitgereist.de\/wp-content\/uploads\/2022\/04\/IMG_20220418_115343-1200x900.jpg 1200w, https:\/\/familie-weitgereist.de\/wp-content\/uploads\/2022\/04\/IMG_20220418_115343-1980x1485.jpg 1980w, https:\/\/familie-weitgereist.de\/wp-content\/uploads\/2022\/04\/IMG_20220418_115343-150x113.jpg 150w\" sizes=\"auto, (max-width: 1024px) 100vw, 1024px\" \/><figcaption>Blick vom Vidova Gora<\/figcaption><\/figure>\n\n\n\n<p>Von oben bietet sich ein herrlicher Ausblick auf die Adria, Zlatni Rat, dem Urlaubsort Bol und selbst die Inseln Hvar und \u0160olta konnten wir sehen. Auf dem Gipfel gibt es auch ein Gipfelkreuz.<\/p>\n\n\n\n<h2 class=\"wp-block-heading\">Bol und Zlatni Rat (Goldenes Horn)<\/h2>\n\n\n\n<p>Schon vom Vidova Gora aus haben wir das ber\u00fchmte &#8218;Goldene Horn&#8216; gesehen und legten als n\u00e4chstes einen Stop dort ein. In der Hauptsaison wird hier unwahrscheinlich viel los sein. Im angrenzenden Wald sind viele Imbissst\u00e4nde, Bars, Caf\u00e9s und alles ist vorbereitet f\u00fcr die ber\u00fchmteste Open-Air Disco. Mitte April war jedoch alles noch sehr ruhig und wir bekamen sogar einen gratis Parkplatz.<\/p>\n\n\n\n<p>Der Strand von Zlatni Rat ist nat\u00fcrlichen Ursprungs und zieht sich wie eine Landzunge fast 500m hinaus aufs Meer. Je nach Gezeiten und Str\u00f6mung ver\u00e4ndert sich die Form minimal. Wir liefen auf dem feinen Kieselstrand hinaus ins offene Meer. Ein Blick zur\u00fcck zeigt den Vidova Gora. Gegen\u00fcber liegt die Insel Hvar. <\/p>\n\n\n\n<div id=\"wp-block-themeisle-blocks-slider-401fba02\" class=\"wp-block-themeisle-blocks-slider glide\" data-per-view=\"1\" data-gap=\"0\" data-peek=\"0\" data-autoplay=\"true\" data-height=\"324px\" data-hide-arrows=\"false\"><div class=\"glide__track\" data-glide-el=\"track\"><div class=\"glide__slides\"><div class=\"wp-block-themeisle-blocks-slider-item-wrapper glide__slide\" tabindex=\"0\"><figure><img decoding=\"async\" class=\"wp-block-themeisle-blocks-slider-item\" src=\"https:\/\/familie-weitgereist.de\/wp-content\/uploads\/2022\/04\/20220418045236_IMG_2963-scaled.jpg\" alt=\"\" title=\"\" data-id=\"8190\"\/><\/figure><\/div><div class=\"wp-block-themeisle-blocks-slider-item-wrapper glide__slide\" tabindex=\"0\"><figure><img decoding=\"async\" class=\"wp-block-themeisle-blocks-slider-item\" src=\"https:\/\/familie-weitgereist.de\/wp-content\/uploads\/2022\/04\/20220418050428_IMG_2979-scaled.jpg\" alt=\"\" title=\"\" data-id=\"8192\"\/><\/figure><\/div><div class=\"wp-block-themeisle-blocks-slider-item-wrapper glide__slide\" tabindex=\"0\"><figure><img decoding=\"async\" class=\"wp-block-themeisle-blocks-slider-item\" src=\"https:\/\/familie-weitgereist.de\/wp-content\/uploads\/2022\/04\/20220418051728_IMG_2997-scaled.jpg\" alt=\"\" title=\"\" data-id=\"8194\"\/><\/figure><\/div><div class=\"wp-block-themeisle-blocks-slider-item-wrapper glide__slide\" tabindex=\"0\"><figure><img decoding=\"async\" class=\"wp-block-themeisle-blocks-slider-item\" src=\"https:\/\/familie-weitgereist.de\/wp-content\/uploads\/2022\/04\/20220418052600_IMG_3021-scaled.jpg\" alt=\"\" title=\"\" data-id=\"8196\"\/><\/figure><\/div><\/div><div class=\"glide__bullets\" data-glide-el=\"controls[nav]\"><button class=\"glide__bullet\" data-glide-dir=\"=0\"><\/button><button class=\"glide__bullet\" data-glide-dir=\"=1\"><\/button><button class=\"glide__bullet\" data-glide-dir=\"=2\"><\/button><button class=\"glide__bullet\" data-glide-dir=\"=3\"><\/button><\/div><\/div><\/div>\n\n\n\n<p>Die Altstadt und der kleine Hafen von Bol sind ebenfalls sehenswert. Im typisch dalmatinischen Flair liegen die kleinen Fischerboote im Hafen und einige Restaurants und Caf\u00e9s mit Hafenblick laden zum Verweilen ein.<\/p>\n\n\n\n<div id=\"wp-block-themeisle-blocks-slider-ae67c13a\" class=\"wp-block-themeisle-blocks-slider glide\" data-per-view=\"1\" data-gap=\"0\" data-peek=\"0\" data-autoplay=\"true\" data-height=\"364px\" data-hide-arrows=\"false\"><div class=\"glide__track\" data-glide-el=\"track\"><div class=\"glide__slides\"><div class=\"wp-block-themeisle-blocks-slider-item-wrapper glide__slide\" tabindex=\"0\"><figure><img decoding=\"async\" class=\"wp-block-themeisle-blocks-slider-item\" src=\"https:\/\/familie-weitgereist.de\/wp-content\/uploads\/2022\/04\/20220418064830_IMG_3071-scaled.jpg\" alt=\"\" title=\"\" data-id=\"8195\"\/><\/figure><\/div><div class=\"wp-block-themeisle-blocks-slider-item-wrapper glide__slide\" tabindex=\"0\"><figure><img decoding=\"async\" class=\"wp-block-themeisle-blocks-slider-item\" src=\"https:\/\/familie-weitgereist.de\/wp-content\/uploads\/2022\/04\/20220418065313_IMG_3078-scaled.jpg\" alt=\"\" title=\"\" data-id=\"8200\"\/><\/figure><\/div><div class=\"wp-block-themeisle-blocks-slider-item-wrapper glide__slide\" tabindex=\"0\"><figure><img decoding=\"async\" class=\"wp-block-themeisle-blocks-slider-item\" src=\"https:\/\/familie-weitgereist.de\/wp-content\/uploads\/2022\/04\/20220418072414_IMG_3097-scaled.jpg\" alt=\"\" title=\"\" data-id=\"8204\"\/><\/figure><\/div><\/div><div class=\"glide__bullets\" data-glide-el=\"controls[nav]\"><button class=\"glide__bullet\" data-glide-dir=\"=0\"><\/button><button class=\"glide__bullet\" data-glide-dir=\"=1\"><\/button><button class=\"glide__bullet\" data-glide-dir=\"=2\"><\/button><\/div><\/div><\/div>\n\n\n\n<p>Das Dominikanerkloster von 1475, unweit des Zentrums von Bol liegt direkt am Meer, umgeben von zwei wundersch\u00f6nen Str\u00e4nden und Buchten.<\/p>\n\n\n\n<figure class=\"wp-block-image size-large\"><img loading=\"lazy\" decoding=\"async\" width=\"1024\" height=\"683\" src=\"https:\/\/familie-weitgereist.de\/wp-content\/uploads\/2022\/04\/20220418073643_IMG_3124-1-1024x683.jpg\" alt=\"\" class=\"wp-image-8198\" srcset=\"https:\/\/familie-weitgereist.de\/wp-content\/uploads\/2022\/04\/20220418073643_IMG_3124-1-1024x683.jpg 1024w, https:\/\/familie-weitgereist.de\/wp-content\/uploads\/2022\/04\/20220418073643_IMG_3124-1-300x200.jpg 300w, https:\/\/familie-weitgereist.de\/wp-content\/uploads\/2022\/04\/20220418073643_IMG_3124-1-768x512.jpg 768w, https:\/\/familie-weitgereist.de\/wp-content\/uploads\/2022\/04\/20220418073643_IMG_3124-1-1536x1024.jpg 1536w, https:\/\/familie-weitgereist.de\/wp-content\/uploads\/2022\/04\/20220418073643_IMG_3124-1-2048x1365.jpg 2048w, https:\/\/familie-weitgereist.de\/wp-content\/uploads\/2022\/04\/20220418073643_IMG_3124-1-1200x800.jpg 1200w, https:\/\/familie-weitgereist.de\/wp-content\/uploads\/2022\/04\/20220418073643_IMG_3124-1-1980x1320.jpg 1980w, https:\/\/familie-weitgereist.de\/wp-content\/uploads\/2022\/04\/20220418073643_IMG_3124-1-150x100.jpg 150w\" sizes=\"auto, (max-width: 1024px) 100vw, 1024px\" \/><\/figure>\n\n\n\n<h2 class=\"wp-block-heading\">\u0160krip<\/h2>\n\n\n\n<p>Der kleine Ort \u0160krip im Landesinneren der Insel ist die \u00e4lteste Ansiedlung auf Bra\u010d. Hier befinden sich das Oliven\u00f6l Museum und das Museum der Insel Bra\u010d. Ein idyllischer Weg f\u00fchrt zum Friedhof des Ortes, an dem man auf einer Aussichtsplattform einen tollen Rundumblick in das Landesinnere und der Adria erh\u00e4lt. Ein r\u00f6misches Mausoleum befindet sich zentral im Ort.<\/p>\n\n\n\n<figure class=\"wp-block-image size-large\"><img loading=\"lazy\" decoding=\"async\" width=\"1024\" height=\"683\" src=\"https:\/\/familie-weitgereist.de\/wp-content\/uploads\/2022\/04\/20220418092916_IMG_3129-1024x683.jpg\" alt=\"\" class=\"wp-image-8201\" srcset=\"https:\/\/familie-weitgereist.de\/wp-content\/uploads\/2022\/04\/20220418092916_IMG_3129-1024x683.jpg 1024w, https:\/\/familie-weitgereist.de\/wp-content\/uploads\/2022\/04\/20220418092916_IMG_3129-300x200.jpg 300w, https:\/\/familie-weitgereist.de\/wp-content\/uploads\/2022\/04\/20220418092916_IMG_3129-768x512.jpg 768w, https:\/\/familie-weitgereist.de\/wp-content\/uploads\/2022\/04\/20220418092916_IMG_3129-1536x1024.jpg 1536w, https:\/\/familie-weitgereist.de\/wp-content\/uploads\/2022\/04\/20220418092916_IMG_3129-2048x1365.jpg 2048w, https:\/\/familie-weitgereist.de\/wp-content\/uploads\/2022\/04\/20220418092916_IMG_3129-1200x800.jpg 1200w, https:\/\/familie-weitgereist.de\/wp-content\/uploads\/2022\/04\/20220418092916_IMG_3129-1980x1320.jpg 1980w, https:\/\/familie-weitgereist.de\/wp-content\/uploads\/2022\/04\/20220418092916_IMG_3129-150x100.jpg 150w\" sizes=\"auto, (max-width: 1024px) 100vw, 1024px\" \/><\/figure>\n\n\n\n<h2 class=\"wp-block-heading\">Bucht Lovre\u010dina<\/h2>\n\n\n\n<p>Diese kleine Bucht im Norden der Insel ist besonders f\u00fcr Bra\u010d, wenn nicht sogar f\u00fcr ganz Kroatien, denn dort gibt es einen kleinen Sandstrand. Besonders Merlin hat den Sandstrand zum Spielen und baden sehr genossen. Das Besondere an dieser Bucht ist die Ausgrabungsst\u00e4tte aus dem 5. Jahrhundert des Sveti Lovre, welche sogar kostenlos besichtigt werden kann.<\/p>\n\n\n\n<div id=\"wp-block-themeisle-blocks-slider-26ae99cd\" class=\"wp-block-themeisle-blocks-slider glide\" data-per-view=\"1\" data-gap=\"0\" data-peek=\"0\" data-autoplay=\"true\" data-height=\"400px\" data-hide-arrows=\"false\"><div class=\"glide__track\" data-glide-el=\"track\"><div class=\"glide__slides\"><div class=\"wp-block-themeisle-blocks-slider-item-wrapper glide__slide\" tabindex=\"0\"><figure><img decoding=\"async\" class=\"wp-block-themeisle-blocks-slider-item\" src=\"https:\/\/familie-weitgereist.de\/wp-content\/uploads\/2022\/04\/20220423080343_IMG_3342-scaled.jpg\" alt=\"\" title=\"\" data-id=\"8239\"\/><\/figure><\/div><div class=\"wp-block-themeisle-blocks-slider-item-wrapper glide__slide\" tabindex=\"0\"><figure><img decoding=\"async\" class=\"wp-block-themeisle-blocks-slider-item\" src=\"https:\/\/familie-weitgereist.de\/wp-content\/uploads\/2022\/04\/20220423081112_IMG_3347-scaled.jpg\" alt=\"\" title=\"\" data-id=\"8240\"\/><\/figure><\/div><\/div><div class=\"glide__bullets\" data-glide-el=\"controls[nav]\"><button class=\"glide__bullet\" data-glide-dir=\"=0\"><\/button><button class=\"glide__bullet\" data-glide-dir=\"=1\"><\/button><\/div><\/div><\/div>\n\n\n\n<div id=\"wp-block-themeisle-blocks-slider-4590581f\" class=\"wp-block-themeisle-blocks-slider glide\" data-per-view=\"1\" data-gap=\"0\" data-peek=\"0\" data-autoplay=\"true\" data-height=\"310px\" data-hide-arrows=\"false\"><div class=\"glide__track\" data-glide-el=\"track\"><div class=\"glide__slides\"><div class=\"wp-block-themeisle-blocks-slider-item-wrapper glide__slide\" tabindex=\"0\"><figure><img decoding=\"async\" class=\"wp-block-themeisle-blocks-slider-item\" src=\"https:\/\/familie-weitgereist.de\/wp-content\/uploads\/2022\/04\/20220419092716_IMG_3179-scaled.jpg\" alt=\"\" title=\"\" data-id=\"8207\"\/><\/figure><\/div><div class=\"wp-block-themeisle-blocks-slider-item-wrapper glide__slide\" tabindex=\"0\"><figure><img decoding=\"async\" class=\"wp-block-themeisle-blocks-slider-item\" src=\"https:\/\/familie-weitgereist.de\/wp-content\/uploads\/2022\/04\/20220419092834_IMG_3182-scaled.jpg\" alt=\"\" title=\"\" data-id=\"8209\"\/><\/figure><\/div><div class=\"wp-block-themeisle-blocks-slider-item-wrapper glide__slide\" tabindex=\"0\"><figure><img decoding=\"async\" class=\"wp-block-themeisle-blocks-slider-item\" src=\"https:\/\/familie-weitgereist.de\/wp-content\/uploads\/2022\/04\/IMG_20220419_164041-scaled.jpg\" alt=\"\" title=\"\" data-id=\"8212\"\/><\/figure><\/div><\/div><div class=\"glide__bullets\" data-glide-el=\"controls[nav]\"><button class=\"glide__bullet\" data-glide-dir=\"=0\"><\/button><button class=\"glide__bullet\" data-glide-dir=\"=1\"><\/button><button class=\"glide__bullet\" data-glide-dir=\"=2\"><\/button><\/div><\/div><\/div>\n\n\n\n<h2 class=\"wp-block-heading\">Lozi\u0161\u0107a<\/h2>\n\n\n\n<p>Weiter im Landesinneren befindet sich der 309 Einwohner Ort Lozi\u0161\u0107a. Der Ort wurde an einen Berghang gebaut und bietet somit eine ganz besondere Kulisse. Wundersch\u00f6ne enge Gassen schl\u00e4ngeln sich den Berghang hoch. Typische dalmatinische Steinh\u00e4user, umgeben von Olivenhainen geben dem Ort ein mediterranes Flair. <\/p>\n\n\n\n<div id=\"wp-block-themeisle-blocks-slider-5bc97255\" class=\"wp-block-themeisle-blocks-slider glide\" data-per-view=\"1\" data-gap=\"0\" data-peek=\"0\" data-autoplay=\"true\" data-height=\"400px\" data-hide-arrows=\"false\"><div class=\"glide__track\" data-glide-el=\"track\"><div class=\"glide__slides\"><div class=\"wp-block-themeisle-blocks-slider-item-wrapper glide__slide\" tabindex=\"0\"><figure><img decoding=\"async\" class=\"wp-block-themeisle-blocks-slider-item\" src=\"https:\/\/familie-weitgereist.de\/wp-content\/uploads\/2022\/04\/IMG_20220420_174510-scaled.jpg\" alt=\"\" title=\"\" data-id=\"8211\"\/><\/figure><\/div><div class=\"wp-block-themeisle-blocks-slider-item-wrapper glide__slide\" tabindex=\"0\"><figure><img decoding=\"async\" class=\"wp-block-themeisle-blocks-slider-item\" src=\"https:\/\/familie-weitgereist.de\/wp-content\/uploads\/2022\/04\/IMG_20220420_170958-scaled.jpg\" alt=\"\" title=\"\" data-id=\"8213\"\/><\/figure><\/div><div class=\"wp-block-themeisle-blocks-slider-item-wrapper glide__slide\" tabindex=\"0\"><figure><img decoding=\"async\" class=\"wp-block-themeisle-blocks-slider-item\" src=\"https:\/\/familie-weitgereist.de\/wp-content\/uploads\/2022\/04\/IMG_20220420_170618-scaled.jpg\" alt=\"\" title=\"\" data-id=\"8214\"\/><\/figure><\/div><\/div><div class=\"glide__bullets\" data-glide-el=\"controls[nav]\"><button class=\"glide__bullet\" data-glide-dir=\"=0\"><\/button><button class=\"glide__bullet\" data-glide-dir=\"=1\"><\/button><button class=\"glide__bullet\" data-glide-dir=\"=2\"><\/button><\/div><\/div><\/div>\n\n\n\n<h2 class=\"wp-block-heading\">Sutivan<\/h2>\n\n\n\n<p>Sutivan ist ein kleines 800 Einwohner z\u00e4hlendes Hafenst\u00e4dtchen im Norden von Bra\u010d. Von Supetar aus ist man in ca. 15 Autominuten dort. Kostenlose Parkpl\u00e4tze gibt es unweit des Stadtzentrums. <\/p>\n\n\n\n<p>Ich nutzte das sch\u00f6ne Wetter und bin in Sutivan schwimmen gegangen. <\/p>\n\n\n\n<p>Der beschauliche Hafen, mit den kleinen Fischerbooten im azurblauen Meer, den typisch kroatischen Steinh\u00e4usern im Hintergrund und der beschaulichen Altstadt, machen Sutivan zu einem absoluten Highlight der Insel. Kleine Konobas und Caf\u00e9s laden zum Genie\u00dfen am Hafen ein. <\/p>\n\n\n\n<div id=\"wp-block-themeisle-blocks-slider-4c07d9c8\" class=\"wp-block-themeisle-blocks-slider glide\" data-per-view=\"1\" data-gap=\"0\" data-peek=\"0\" data-autoplay=\"true\" data-height=\"338px\" data-hide-arrows=\"false\"><div class=\"glide__track\" data-glide-el=\"track\"><div class=\"glide__slides\"><div class=\"wp-block-themeisle-blocks-slider-item-wrapper glide__slide\" tabindex=\"0\"><figure><img decoding=\"async\" class=\"wp-block-themeisle-blocks-slider-item\" src=\"https:\/\/familie-weitgereist.de\/wp-content\/uploads\/2022\/04\/IMG_20220420_162004-scaled.jpg\" alt=\"\" title=\"\" data-id=\"8215\"\/><\/figure><\/div><div class=\"wp-block-themeisle-blocks-slider-item-wrapper glide__slide\" tabindex=\"0\"><figure><img decoding=\"async\" class=\"wp-block-themeisle-blocks-slider-item\" src=\"https:\/\/familie-weitgereist.de\/wp-content\/uploads\/2022\/04\/IMG_20220420_161855-scaled.jpg\" alt=\"\" title=\"\" data-id=\"8216\"\/><\/figure><\/div><div class=\"wp-block-themeisle-blocks-slider-item-wrapper glide__slide\" tabindex=\"0\"><figure><img decoding=\"async\" class=\"wp-block-themeisle-blocks-slider-item\" src=\"https:\/\/familie-weitgereist.de\/wp-content\/uploads\/2022\/04\/IMG_20220420_160656-scaled.jpg\" alt=\"\" title=\"\" data-id=\"8217\"\/><\/figure><\/div><div class=\"wp-block-themeisle-blocks-slider-item-wrapper glide__slide\" tabindex=\"0\"><figure><img decoding=\"async\" class=\"wp-block-themeisle-blocks-slider-item\" src=\"https:\/\/familie-weitgereist.de\/wp-content\/uploads\/2022\/04\/IMG_20220420_160621-scaled.jpg\" alt=\"\" title=\"\" data-id=\"8219\"\/><\/figure><\/div><\/div><div class=\"glide__bullets\" data-glide-el=\"controls[nav]\"><button class=\"glide__bullet\" data-glide-dir=\"=0\"><\/button><button class=\"glide__bullet\" data-glide-dir=\"=1\"><\/button><button class=\"glide__bullet\" data-glide-dir=\"=2\"><\/button><button class=\"glide__bullet\" data-glide-dir=\"=3\"><\/button><\/div><\/div><\/div>\n\n\n\n<h2 class=\"wp-block-heading\">Eremitage Blaca (H\u00f6hlenkloster in den Bergen) <\/h2>\n\n\n\n<p>Unser gr\u00f6\u00dftes Highlight der Insel Bra\u010d hoben wir uns f\u00fcr unseren letzten Tag auf der Insel auf. Das wundersch\u00f6ne H\u00f6hlenkloster in den Bergen kann nur \u00fcber eine Wanderung erreicht werden. Vom Parkplatz sind noch 2,5 km zum Kloster zur\u00fcck zu legen. Dabei f\u00fchrt der Weg in Serpentinen bergab, anschlie\u00dfend liefen wir auf einem Wald- und letztendlich auf einem Wiesenweg zum Kloster. <\/p>\n\n\n\n<div id=\"wp-block-themeisle-blocks-slider-a3cccc9d\" class=\"wp-block-themeisle-blocks-slider glide\" data-per-view=\"1\" data-gap=\"0\" data-peek=\"0\" data-autoplay=\"true\" data-height=\"357px\" data-hide-arrows=\"false\"><div class=\"glide__track\" data-glide-el=\"track\"><div class=\"glide__slides\"><div class=\"wp-block-themeisle-blocks-slider-item-wrapper glide__slide\" tabindex=\"0\"><figure><img decoding=\"async\" class=\"wp-block-themeisle-blocks-slider-item\" src=\"https:\/\/familie-weitgereist.de\/wp-content\/uploads\/2022\/04\/20220423040412_IMG_3239-scaled.jpg\" alt=\"\" title=\"\" data-id=\"8243\"\/><\/figure><\/div><div class=\"wp-block-themeisle-blocks-slider-item-wrapper glide__slide\" tabindex=\"0\"><figure><img decoding=\"async\" class=\"wp-block-themeisle-blocks-slider-item\" src=\"https:\/\/familie-weitgereist.de\/wp-content\/uploads\/2022\/04\/20220423055040_IMG_3306-scaled.jpg\" alt=\"\" title=\"\" data-id=\"8247\"\/><\/figure><\/div><\/div><div class=\"glide__bullets\" data-glide-el=\"controls[nav]\"><button class=\"glide__bullet\" data-glide-dir=\"=0\"><\/button><button class=\"glide__bullet\" data-glide-dir=\"=1\"><\/button><\/div><\/div><\/div>\n\n\n\n<p>Das Kloster liegt an einer riesigen Felsklippe umgeben von Olivenhainen und Weinreben. <\/p>\n\n\n\n<div id=\"wp-block-themeisle-blocks-slider-b4492e0f\" class=\"wp-block-themeisle-blocks-slider glide\" data-per-view=\"1\" data-gap=\"0\" data-peek=\"0\" data-autoplay=\"true\" data-height=\"360px\" data-hide-arrows=\"false\"><div class=\"glide__track\" data-glide-el=\"track\"><div class=\"glide__slides\"><div class=\"wp-block-themeisle-blocks-slider-item-wrapper glide__slide\" tabindex=\"0\"><figure><img decoding=\"async\" class=\"wp-block-themeisle-blocks-slider-item\" src=\"https:\/\/familie-weitgereist.de\/wp-content\/uploads\/2022\/04\/20220423042533_IMG_3253-scaled.jpg\" alt=\"\" title=\"\" data-id=\"8244\"\/><\/figure><\/div><div class=\"wp-block-themeisle-blocks-slider-item-wrapper glide__slide\" tabindex=\"0\"><figure><img decoding=\"async\" class=\"wp-block-themeisle-blocks-slider-item\" src=\"https:\/\/familie-weitgereist.de\/wp-content\/uploads\/2022\/04\/20220423043355_IMG_3269-scaled.jpg\" alt=\"\" title=\"\" data-id=\"8248\"\/><\/figure><\/div><div class=\"wp-block-themeisle-blocks-slider-item-wrapper glide__slide\" tabindex=\"0\"><figure><img decoding=\"async\" class=\"wp-block-themeisle-blocks-slider-item\" src=\"https:\/\/familie-weitgereist.de\/wp-content\/uploads\/2022\/04\/20220423054405_IMG_3303-scaled.jpg\" alt=\"\" title=\"\" data-id=\"8249\"\/><\/figure><\/div><\/div><div class=\"glide__bullets\" data-glide-el=\"controls[nav]\"><button class=\"glide__bullet\" data-glide-dir=\"=0\"><\/button><button class=\"glide__bullet\" data-glide-dir=\"=1\"><\/button><button class=\"glide__bullet\" data-glide-dir=\"=2\"><\/button><\/div><\/div><\/div>\n\n\n\n<p>Wir hatten eine F\u00fchrung f\u00fcr 40 Kuna pro Person durch das Kloster und diese war so interessant. Unser Guide lebt in dem Kloster und kultiviert Wein, Oliven und Honig. Er erz\u00e4hlte uns sehr viel \u00fcber die Geschichte des Klosters. Es wurde Mitte des 16. Jahrhunderts erbaut. Insgesamt dauerte die Fertigstellung 300 Jahre. Urspr\u00fcnglich lebten drei M\u00f6nche in den Felsen, da sie vor t\u00fcrkischen Angriffen vom Festland fl\u00fcchteten. 30 bis 150 Arbeiter erbauten \u00fcber Generationen hinweg das Kloster. Daf\u00fcr erhielten sie keinen Lohn, lediglich Nahrung und eine Schlafst\u00e4tte. <\/p>\n\n\n\n<figure class=\"wp-block-image size-large\"><img loading=\"lazy\" decoding=\"async\" width=\"683\" height=\"1024\" src=\"https:\/\/familie-weitgereist.de\/wp-content\/uploads\/2022\/04\/20220423043813_IMG_3276-683x1024.jpg\" alt=\"\" class=\"wp-image-8245\" srcset=\"https:\/\/familie-weitgereist.de\/wp-content\/uploads\/2022\/04\/20220423043813_IMG_3276-683x1024.jpg 683w, https:\/\/familie-weitgereist.de\/wp-content\/uploads\/2022\/04\/20220423043813_IMG_3276-200x300.jpg 200w, https:\/\/familie-weitgereist.de\/wp-content\/uploads\/2022\/04\/20220423043813_IMG_3276-768x1152.jpg 768w, https:\/\/familie-weitgereist.de\/wp-content\/uploads\/2022\/04\/20220423043813_IMG_3276-1024x1536.jpg 1024w, https:\/\/familie-weitgereist.de\/wp-content\/uploads\/2022\/04\/20220423043813_IMG_3276-1365x2048.jpg 1365w, https:\/\/familie-weitgereist.de\/wp-content\/uploads\/2022\/04\/20220423043813_IMG_3276-1200x1800.jpg 1200w, https:\/\/familie-weitgereist.de\/wp-content\/uploads\/2022\/04\/20220423043813_IMG_3276-1980x2970.jpg 1980w, https:\/\/familie-weitgereist.de\/wp-content\/uploads\/2022\/04\/20220423043813_IMG_3276-150x225.jpg 150w, https:\/\/familie-weitgereist.de\/wp-content\/uploads\/2022\/04\/20220423043813_IMG_3276-scaled.jpg 1707w\" sizes=\"auto, (max-width: 683px) 100vw, 683px\" \/><\/figure>\n\n\n\n<p>Die Priester und M\u00f6nche, die fortan im Kloster lebten, haben Unterricht f\u00fcr die Kinder der umliegenden D\u00f6rfer gegeben. Wobei die 6-10 j\u00e4hrigen Kinder t\u00e4glich die Strecke von insgesamt 5km zur\u00fcck legen mussten. <\/p>\n\n\n\n<p>Im Kloster wurden Sterne beobachtet mit riesigen Teleskopen. Diese wurden mit vielen Eseln und Arbeitern den Berg hinauf getragen. <\/p>\n\n\n\n<p>Der letzte Priester starb 1963 und liegt auch dort begraben. Danach fiel das Kloster in Staatsbesitz. J\u00e4hrlich zu Maria Himmelfahrt finden in der Kirche Festgottesdienste statt.<\/p>\n","protected":false},"excerpt":{"rendered":"<p>In diesem Beitrag berichten wir \u00fcber unsere Workation Woche auf der Insel Bra\u010d im adriatischen Meer. Wir waren \u00fcber Ostern auf der wundersch\u00f6nen Insel, somit hatten wir gemeinsam einige freie Tage und konnten viel von der Insel zusammen entdecken. Bra\u010d ist die gr\u00f6\u00dfte Insel in Dalmatien und die dritt gr\u00f6\u00dfte Insel in der Adria. Bra\u010d [&hellip;]<\/p>\n","protected":false},"author":3,"featured_media":8199,"comment_status":"open","ping_status":"open","sticky":false,"template":"","format":"standard","meta":{"_themeisle_gutenberg_block_has_review":false,"footnotes":""},"categories":[270,8,4,377],"tags":[614,608,618,616,619,184,613,612,617,609,610,611,615],"class_list":["post-8147","post","type-post","status-publish","format-standard","has-post-thumbnail","hentry","category-kroatien","category-europa","category-laender","category-spielplaetze","tag-bol","tag-brac","tag-eremitage-blaca","tag-goldenes-horn","tag-hoehlenkloster","tag-kroatien","tag-lovrecina","tag-lozisca","tag-skrip","tag-supetar","tag-sutivan","tag-vidova-gora","tag-zlatni-rat"],"_links":{"self":[{"href":"https:\/\/familie-weitgereist.de\/index.php?rest_route=\/wp\/v2\/posts\/8147","targetHints":{"allow":["GET"]}}],"collection":[{"href":"https:\/\/familie-weitgereist.de\/index.php?rest_route=\/wp\/v2\/posts"}],"about":[{"href":"https:\/\/familie-weitgereist.de\/index.php?rest_route=\/wp\/v2\/types\/post"}],"author":[{"embeddable":true,"href":"https:\/\/familie-weitgereist.de\/index.php?rest_route=\/wp\/v2\/users\/3"}],"replies":[{"embeddable":true,"href":"https:\/\/familie-weitgereist.de\/index.php?rest_route=%2Fwp%2Fv2%2Fcomments&post=8147"}],"version-history":[{"count":45,"href":"https:\/\/familie-weitgereist.de\/index.php?rest_route=\/wp\/v2\/posts\/8147\/revisions"}],"predecessor-version":[{"id":23492,"href":"https:\/\/familie-weitgereist.de\/index.php?rest_route=\/wp\/v2\/posts\/8147\/revisions\/23492"}],"wp:featuredmedia":[{"embeddable":true,"href":"https:\/\/familie-weitgereist.de\/index.php?rest_route=\/wp\/v2\/media\/8199"}],"wp:attachment":[{"href":"https:\/\/familie-weitgereist.de\/index.php?rest_route=%2Fwp%2Fv2%2Fmedia&parent=8147"}],"wp:term":[{"taxonomy":"category","embeddable":true,"href":"https:\/\/familie-weitgereist.de\/index.php?rest_route=%2Fwp%2Fv2%2Fcategories&post=8147"},{"taxonomy":"post_tag","embeddable":true,"href":"https:\/\/familie-weitgereist.de\/index.php?rest_route=%2Fwp%2Fv2%2Ftags&post=8147"}],"curies":[{"name":"wp","href":"https:\/\/api.w.org\/{rel}","templated":true}]}}