{"id":6774,"date":"2021-10-11T20:17:04","date_gmt":"2021-10-11T18:17:04","guid":{"rendered":"https:\/\/familie-weitgereist.de\/?p=6774"},"modified":"2025-10-12T23:10:40","modified_gmt":"2025-10-12T21:10:40","slug":"roadtrip-in-daenemark-mit-kleinkind","status":"publish","type":"post","link":"https:\/\/familie-weitgereist.de\/?p=6774","title":{"rendered":"Roadtrip in D\u00e4nemark mit Kleinkind"},"content":{"rendered":"\n<h2 class=\"wp-block-heading\">Unsere Anreise<\/h2>\n\n\n\n<p>Wir sind mit dem Auto nach D\u00e4nemark gefahren. Dies lief problemlos und wir waren nach ca. 7 Stunden im S\u00fcden von D\u00e4nemark. <\/p>\n\n\n\n<figure class=\"wp-block-image size-large\"><img loading=\"lazy\" decoding=\"async\" width=\"683\" height=\"1024\" src=\"https:\/\/familie-weitgereist.de\/wp-content\/uploads\/2021\/10\/20211011054617_IMG_9061-683x1024.jpg\" alt=\"\" class=\"wp-image-6800\" srcset=\"https:\/\/familie-weitgereist.de\/wp-content\/uploads\/2021\/10\/20211011054617_IMG_9061-683x1024.jpg 683w, https:\/\/familie-weitgereist.de\/wp-content\/uploads\/2021\/10\/20211011054617_IMG_9061-200x300.jpg 200w, https:\/\/familie-weitgereist.de\/wp-content\/uploads\/2021\/10\/20211011054617_IMG_9061-768x1152.jpg 768w, https:\/\/familie-weitgereist.de\/wp-content\/uploads\/2021\/10\/20211011054617_IMG_9061-1024x1536.jpg 1024w, https:\/\/familie-weitgereist.de\/wp-content\/uploads\/2021\/10\/20211011054617_IMG_9061-1365x2048.jpg 1365w, https:\/\/familie-weitgereist.de\/wp-content\/uploads\/2021\/10\/20211011054617_IMG_9061-1200x1800.jpg 1200w, https:\/\/familie-weitgereist.de\/wp-content\/uploads\/2021\/10\/20211011054617_IMG_9061-1980x2970.jpg 1980w, https:\/\/familie-weitgereist.de\/wp-content\/uploads\/2021\/10\/20211011054617_IMG_9061-150x225.jpg 150w, https:\/\/familie-weitgereist.de\/wp-content\/uploads\/2021\/10\/20211011054617_IMG_9061-scaled.jpg 1707w\" sizes=\"auto, (max-width: 683px) 100vw, 683px\" \/><figcaption>Angekommen in D\u00e4nemark<\/figcaption><\/figure>\n\n\n\n<h2 class=\"wp-block-heading\">Unsere Route<\/h2>\n\n\n\n<p>In diesem Beitrag k\u00f6nnt ihr folgende Informationen von uns nachlesen: <\/p>\n\n\n\n<ul class=\"wp-block-list\"><li><a href=\"https:\/\/familie-weitgereist.de\/?p=6774\/#romo\">R\u00f8m\u00f8<\/a><\/li><li><a href=\"https:\/\/familie-weitgereist.de\/?p=6774\/#mando\">Mand\u00f8<\/a><\/li><li><a href=\"https:\/\/familie-weitgereist.de\/?p=6774\/#ribe\">Ribe<\/a><\/li><li><a href=\"https:\/\/familie-weitgereist.de\/?p=6774\/#midtjylland\">Roadtrip durch Midtjylland<\/a><\/li><li><a href=\"https:\/\/familie-weitgereist.de\/?p=6774\/#thy\">Nationalpark Thy<\/a><\/li><li><a href=\"https:\/\/familie-weitgereist.de\/?p=6774\/#morso\">Insel Mors\u00f8<\/a><\/li><li><a href=\"https:\/\/familie-weitgereist.de\/?p=6774\/#vigso\">Vigs\u00f8<\/a><\/li><li><a href=\"https:\/\/familie-weitgereist.de\/?p=6774\/#lokken\">L\u00f8kken<\/a><\/li><li><a href=\"https:\/\/familie-weitgereist.de\/?p=6774\/#skagen\">Skagen<\/a><\/li><li><a href=\"https:\/\/familie-weitgereist.de\/?p=6774\/#aarhus\">Aarhus<\/a><\/li><\/ul>\n\n\n\n<p>Unser erstes Ferienhaus hatten wir in dem kleinen Ort Arrild, in S\u00fcddanmark. Wir hatten ein kleines Ferienhaus und es war der ideale Ausgangspunkt um R\u00f8m\u00f8 zu entdecken.<\/p>\n\n\n\n<figure class=\"wp-block-image size-large\"><img loading=\"lazy\" decoding=\"async\" width=\"1024\" height=\"768\" src=\"https:\/\/familie-weitgereist.de\/wp-content\/uploads\/2021\/10\/IMG_20211012_173102-1024x768.jpg\" alt=\"\" class=\"wp-image-6833\" srcset=\"https:\/\/familie-weitgereist.de\/wp-content\/uploads\/2021\/10\/IMG_20211012_173102-1024x768.jpg 1024w, https:\/\/familie-weitgereist.de\/wp-content\/uploads\/2021\/10\/IMG_20211012_173102-300x225.jpg 300w, https:\/\/familie-weitgereist.de\/wp-content\/uploads\/2021\/10\/IMG_20211012_173102-768x576.jpg 768w, https:\/\/familie-weitgereist.de\/wp-content\/uploads\/2021\/10\/IMG_20211012_173102-1536x1152.jpg 1536w, https:\/\/familie-weitgereist.de\/wp-content\/uploads\/2021\/10\/IMG_20211012_173102-2048x1536.jpg 2048w, https:\/\/familie-weitgereist.de\/wp-content\/uploads\/2021\/10\/IMG_20211012_173102-1200x900.jpg 1200w, https:\/\/familie-weitgereist.de\/wp-content\/uploads\/2021\/10\/IMG_20211012_173102-1980x1485.jpg 1980w, https:\/\/familie-weitgereist.de\/wp-content\/uploads\/2021\/10\/IMG_20211012_173102-150x113.jpg 150w\" sizes=\"auto, (max-width: 1024px) 100vw, 1024px\" \/><figcaption>Ferienhaus in Arrild<\/figcaption><\/figure>\n\n\n\n<p>Unsere zweite Ferienwohnung hatten wir in Boddum, einen kleinen Ort im Limfjord. Wir bewohnten das Dachgeschoss eines alten Bauernhauses. Der Besitzer Holger ist sehr sympathisch, auch wenn er nur D\u00e4nisch spricht, klappte die Kommunikation mit ihm perfekt.<\/p>\n\n\n\n<figure class=\"wp-block-image size-large\"><img loading=\"lazy\" decoding=\"async\" width=\"1024\" height=\"683\" src=\"https:\/\/familie-weitgereist.de\/wp-content\/uploads\/2021\/10\/20211014014449_IMG_9527-1024x683.jpg\" alt=\"\" class=\"wp-image-6936\" srcset=\"https:\/\/familie-weitgereist.de\/wp-content\/uploads\/2021\/10\/20211014014449_IMG_9527-1024x683.jpg 1024w, https:\/\/familie-weitgereist.de\/wp-content\/uploads\/2021\/10\/20211014014449_IMG_9527-300x200.jpg 300w, https:\/\/familie-weitgereist.de\/wp-content\/uploads\/2021\/10\/20211014014449_IMG_9527-768x512.jpg 768w, https:\/\/familie-weitgereist.de\/wp-content\/uploads\/2021\/10\/20211014014449_IMG_9527-1536x1024.jpg 1536w, https:\/\/familie-weitgereist.de\/wp-content\/uploads\/2021\/10\/20211014014449_IMG_9527-2048x1365.jpg 2048w, https:\/\/familie-weitgereist.de\/wp-content\/uploads\/2021\/10\/20211014014449_IMG_9527-1200x800.jpg 1200w, https:\/\/familie-weitgereist.de\/wp-content\/uploads\/2021\/10\/20211014014449_IMG_9527-1980x1320.jpg 1980w, https:\/\/familie-weitgereist.de\/wp-content\/uploads\/2021\/10\/20211014014449_IMG_9527-150x100.jpg 150w\" sizes=\"auto, (max-width: 1024px) 100vw, 1024px\" \/><figcaption>Ferienwohnung in Boddum<\/figcaption><\/figure>\n\n\n\n<p>Unsere dritte Ferienwohnung hatten wir in dem kleinen Ort Vollerup in der N\u00e4he von L\u00f8kken. Auch hier bewohnten wir die oberste Etage eines Bauernhauses.<\/p>\n\n\n\n<figure class=\"wp-block-image size-large\"><img loading=\"lazy\" decoding=\"async\" width=\"1024\" height=\"683\" src=\"https:\/\/familie-weitgereist.de\/wp-content\/uploads\/2021\/10\/20211017085043_IMG_0436-1024x683.jpg\" alt=\"\" class=\"wp-image-7114\" srcset=\"https:\/\/familie-weitgereist.de\/wp-content\/uploads\/2021\/10\/20211017085043_IMG_0436-1024x683.jpg 1024w, https:\/\/familie-weitgereist.de\/wp-content\/uploads\/2021\/10\/20211017085043_IMG_0436-300x200.jpg 300w, https:\/\/familie-weitgereist.de\/wp-content\/uploads\/2021\/10\/20211017085043_IMG_0436-768x512.jpg 768w, https:\/\/familie-weitgereist.de\/wp-content\/uploads\/2021\/10\/20211017085043_IMG_0436-1536x1024.jpg 1536w, https:\/\/familie-weitgereist.de\/wp-content\/uploads\/2021\/10\/20211017085043_IMG_0436-2048x1365.jpg 2048w, https:\/\/familie-weitgereist.de\/wp-content\/uploads\/2021\/10\/20211017085043_IMG_0436-1200x800.jpg 1200w, https:\/\/familie-weitgereist.de\/wp-content\/uploads\/2021\/10\/20211017085043_IMG_0436-1980x1320.jpg 1980w, https:\/\/familie-weitgereist.de\/wp-content\/uploads\/2021\/10\/20211017085043_IMG_0436-150x100.jpg 150w\" sizes=\"auto, (max-width: 1024px) 100vw, 1024px\" \/><figcaption>Ferienwohnung in Vollerup<\/figcaption><\/figure>\n\n\n\n<p>Unser viertes Ferienhaus hatten wir in Vojens, eine Stadt im S\u00fcden von D\u00e4nemark. Das Haus war sehr gem\u00fctlich und f\u00fcr unsere baldige Heimreise ein guter Ausgangspunkt. <\/p>\n\n\n\n<figure class=\"wp-block-image size-large\"><img loading=\"lazy\" decoding=\"async\" width=\"1024\" height=\"683\" src=\"https:\/\/familie-weitgereist.de\/wp-content\/uploads\/2021\/10\/20211020091609_IMG_0752-1024x683.jpg\" alt=\"\" class=\"wp-image-7153\" srcset=\"https:\/\/familie-weitgereist.de\/wp-content\/uploads\/2021\/10\/20211020091609_IMG_0752-1024x683.jpg 1024w, https:\/\/familie-weitgereist.de\/wp-content\/uploads\/2021\/10\/20211020091609_IMG_0752-300x200.jpg 300w, https:\/\/familie-weitgereist.de\/wp-content\/uploads\/2021\/10\/20211020091609_IMG_0752-768x512.jpg 768w, https:\/\/familie-weitgereist.de\/wp-content\/uploads\/2021\/10\/20211020091609_IMG_0752-1536x1024.jpg 1536w, https:\/\/familie-weitgereist.de\/wp-content\/uploads\/2021\/10\/20211020091609_IMG_0752-2048x1365.jpg 2048w, https:\/\/familie-weitgereist.de\/wp-content\/uploads\/2021\/10\/20211020091609_IMG_0752-1200x800.jpg 1200w, https:\/\/familie-weitgereist.de\/wp-content\/uploads\/2021\/10\/20211020091609_IMG_0752-1980x1320.jpg 1980w, https:\/\/familie-weitgereist.de\/wp-content\/uploads\/2021\/10\/20211020091609_IMG_0752-150x100.jpg 150w\" sizes=\"auto, (max-width: 1024px) 100vw, 1024px\" \/><figcaption>Ferienhaus in Vojens<\/figcaption><\/figure>\n\n\n\n<h2 class=\"wp-block-heading\" id=\"romo\">Tagesausflug nach R\u00f8m\u00f8<\/h2>\n\n\n\n<p>Wir sind von Arrild mit dem Auto \u00fcber den R\u00f8m\u00f8vej zur Insel gefahren. Die Fahrt \u00fcber den Deich hat uns sehr gut gefallen. Als wir auf der Insel waren hatten wir die meiste Zeit Ebbe. Es war ein Traum! <\/p>\n\n\n\n<figure class=\"wp-block-image size-large\"><img loading=\"lazy\" decoding=\"async\" width=\"1024\" height=\"683\" src=\"https:\/\/familie-weitgereist.de\/wp-content\/uploads\/2021\/10\/20211011051302_IMG_9037-1024x683.jpg\" alt=\"\" class=\"wp-image-6818\" srcset=\"https:\/\/familie-weitgereist.de\/wp-content\/uploads\/2021\/10\/20211011051302_IMG_9037-1024x683.jpg 1024w, https:\/\/familie-weitgereist.de\/wp-content\/uploads\/2021\/10\/20211011051302_IMG_9037-300x200.jpg 300w, https:\/\/familie-weitgereist.de\/wp-content\/uploads\/2021\/10\/20211011051302_IMG_9037-768x512.jpg 768w, https:\/\/familie-weitgereist.de\/wp-content\/uploads\/2021\/10\/20211011051302_IMG_9037-1536x1024.jpg 1536w, https:\/\/familie-weitgereist.de\/wp-content\/uploads\/2021\/10\/20211011051302_IMG_9037-2048x1365.jpg 2048w, https:\/\/familie-weitgereist.de\/wp-content\/uploads\/2021\/10\/20211011051302_IMG_9037-1200x800.jpg 1200w, https:\/\/familie-weitgereist.de\/wp-content\/uploads\/2021\/10\/20211011051302_IMG_9037-1980x1320.jpg 1980w, https:\/\/familie-weitgereist.de\/wp-content\/uploads\/2021\/10\/20211011051302_IMG_9037-150x100.jpg 150w\" sizes=\"auto, (max-width: 1024px) 100vw, 1024px\" \/><figcaption>Sankt Clemens Kirche R\u00f8m\u00f8<\/figcaption><\/figure>\n\n\n\n<h2 class=\"wp-block-heading\">Toftum Skole<\/h2>\n\n\n\n<p>Unser erster Halt war in dem kleinen Ort Toftum. Dort steht die \u00e4lteste und kleinste Schule D\u00e4nemarks. Ein reetgedecktes, kleines Haus mit einem Raum diente f\u00fcr ca. 40 Sch\u00fcler als Klassenraum. Wir dachten darin h\u00e4tten nur ca. 10-12 Kinder Platz gefunden. Die Schule wurde 1784 erbaut und 1874 geschlossen. Die Kinder zogen in ein gr\u00f6\u00dferes Geb\u00e4ude. Die Jungen besuchten von 5 bis 10 Jahren die Schule, die M\u00e4dchen von 5 bis 8 Jahren. <\/p>\n\n\n\n<figure class=\"wp-block-image size-large\"><img loading=\"lazy\" decoding=\"async\" width=\"1024\" height=\"683\" src=\"https:\/\/familie-weitgereist.de\/wp-content\/uploads\/2021\/10\/20211011021551_IMG_8877-1024x683.jpg\" alt=\"\" class=\"wp-image-6785\" srcset=\"https:\/\/familie-weitgereist.de\/wp-content\/uploads\/2021\/10\/20211011021551_IMG_8877-1024x683.jpg 1024w, https:\/\/familie-weitgereist.de\/wp-content\/uploads\/2021\/10\/20211011021551_IMG_8877-300x200.jpg 300w, https:\/\/familie-weitgereist.de\/wp-content\/uploads\/2021\/10\/20211011021551_IMG_8877-768x512.jpg 768w, https:\/\/familie-weitgereist.de\/wp-content\/uploads\/2021\/10\/20211011021551_IMG_8877-1536x1024.jpg 1536w, https:\/\/familie-weitgereist.de\/wp-content\/uploads\/2021\/10\/20211011021551_IMG_8877-2048x1365.jpg 2048w, https:\/\/familie-weitgereist.de\/wp-content\/uploads\/2021\/10\/20211011021551_IMG_8877-1200x800.jpg 1200w, https:\/\/familie-weitgereist.de\/wp-content\/uploads\/2021\/10\/20211011021551_IMG_8877-1980x1320.jpg 1980w, https:\/\/familie-weitgereist.de\/wp-content\/uploads\/2021\/10\/20211011021551_IMG_8877-150x100.jpg 150w\" sizes=\"auto, (max-width: 1024px) 100vw, 1024px\" \/><figcaption>Toftum Skole<\/figcaption><\/figure>\n\n\n\n<h2 class=\"wp-block-heading\">Die Str\u00e4nde auf R\u00f8m\u00f8<\/h2>\n\n\n\n<p>F\u00fcr uns war es eine ganz neue Erfahrung, dass viele mit dem Auto direkt an den Strand fahren. Wir haben es nicht gemacht, stattdessen haben wir auf den Parkpl\u00e4tzen vor dem Strand geparkt. Jedoch ist es schon sehr speziell, mit dem Auto Hunderte von Metern \u00fcber den Strand, direkt an die Nordsee zu fahren. <\/p>\n\n\n\n<p>Wir liefen \u00fcber den R\u00f8m\u00f8 Bilstrand und da Ebbe war, konnten wir sehr weit hinaus laufen. Wundersch\u00f6n! <\/p>\n\n\n\n<figure class=\"wp-block-image size-large\"><img loading=\"lazy\" decoding=\"async\" width=\"1024\" height=\"683\" src=\"https:\/\/familie-weitgereist.de\/wp-content\/uploads\/2021\/10\/20211011032224_IMG_8925-1024x683.jpg\" alt=\"\" class=\"wp-image-6793\" srcset=\"https:\/\/familie-weitgereist.de\/wp-content\/uploads\/2021\/10\/20211011032224_IMG_8925-1024x683.jpg 1024w, https:\/\/familie-weitgereist.de\/wp-content\/uploads\/2021\/10\/20211011032224_IMG_8925-300x200.jpg 300w, https:\/\/familie-weitgereist.de\/wp-content\/uploads\/2021\/10\/20211011032224_IMG_8925-768x512.jpg 768w, https:\/\/familie-weitgereist.de\/wp-content\/uploads\/2021\/10\/20211011032224_IMG_8925-1536x1024.jpg 1536w, https:\/\/familie-weitgereist.de\/wp-content\/uploads\/2021\/10\/20211011032224_IMG_8925-2048x1365.jpg 2048w, https:\/\/familie-weitgereist.de\/wp-content\/uploads\/2021\/10\/20211011032224_IMG_8925-1200x800.jpg 1200w, https:\/\/familie-weitgereist.de\/wp-content\/uploads\/2021\/10\/20211011032224_IMG_8925-1980x1320.jpg 1980w, https:\/\/familie-weitgereist.de\/wp-content\/uploads\/2021\/10\/20211011032224_IMG_8925-150x100.jpg 150w\" sizes=\"auto, (max-width: 1024px) 100vw, 1024px\" \/><figcaption>Am R\u00f8m\u00f8 Bilstrand<\/figcaption><\/figure>\n\n\n\n<p>Merlin und Philipp waren das erste Mal an der Nordsee und Merlin war so begeistert. Er spielte direkt im Watt, sammelte Muscheln, wusch die Muscheln in den Prielen sauber, sprang in die Priele und beobachtete die tosenden Wellen weiter drau\u00dfen auf See. <\/p>\n\n\n\n<div id=\"wp-block-themeisle-blocks-slider-2adea71e\" class=\"wp-block-themeisle-blocks-slider glide\" data-per-view=\"1\" data-gap=\"0\" data-peek=\"0\" data-autoplay=\"true\" data-height=\"361px\" data-hide-arrows=\"false\"><div class=\"glide__track\" data-glide-el=\"track\"><div class=\"glide__slides\"><div class=\"wp-block-themeisle-blocks-slider-item-wrapper glide__slide\" tabindex=\"0\"><figure><img decoding=\"async\" class=\"wp-block-themeisle-blocks-slider-item\" src=\"https:\/\/familie-weitgereist.de\/wp-content\/uploads\/2021\/10\/20211011033902_IMG_8958-scaled.jpg\" alt=\"\" title=\"\" data-id=\"6789\"\/><\/figure><\/div><div class=\"wp-block-themeisle-blocks-slider-item-wrapper glide__slide\" tabindex=\"0\"><figure><img decoding=\"async\" class=\"wp-block-themeisle-blocks-slider-item\" src=\"https:\/\/familie-weitgereist.de\/wp-content\/uploads\/2021\/10\/20211011033124_IMG_8933-scaled.jpg\" alt=\"\" title=\"\" data-id=\"6790\"\/><\/figure><\/div><div class=\"wp-block-themeisle-blocks-slider-item-wrapper glide__slide\" tabindex=\"0\"><figure><img decoding=\"async\" class=\"wp-block-themeisle-blocks-slider-item\" src=\"https:\/\/familie-weitgereist.de\/wp-content\/uploads\/2021\/10\/20211011040158_IMG_8993-scaled.jpg\" alt=\"\" title=\"\" data-id=\"6794\"\/><\/figure><\/div><div class=\"wp-block-themeisle-blocks-slider-item-wrapper glide__slide\" tabindex=\"0\"><figure><img decoding=\"async\" class=\"wp-block-themeisle-blocks-slider-item\" src=\"https:\/\/familie-weitgereist.de\/wp-content\/uploads\/2021\/10\/20211011033218_IMG_8937-scaled.jpg\" alt=\"\" title=\"\" data-id=\"6797\"\/><\/figure><\/div><\/div><div class=\"glide__bullets\" data-glide-el=\"controls[nav]\"><button class=\"glide__bullet\" data-glide-dir=\"=0\"><\/button><button class=\"glide__bullet\" data-glide-dir=\"=1\"><\/button><button class=\"glide__bullet\" data-glide-dir=\"=2\"><\/button><button class=\"glide__bullet\" data-glide-dir=\"=3\"><\/button><\/div><\/div><\/div>\n\n\n\n<div id=\"wp-block-themeisle-blocks-slider-909a3374\" class=\"wp-block-themeisle-blocks-slider glide\" data-per-view=\"1\" data-gap=\"0\" data-peek=\"0\" data-autoplay=\"true\" data-height=\"353px\" data-hide-arrows=\"false\"><div class=\"glide__track\" data-glide-el=\"track\"><div class=\"glide__slides\"><div class=\"wp-block-themeisle-blocks-slider-item-wrapper glide__slide\" tabindex=\"0\"><figure><img decoding=\"async\" class=\"wp-block-themeisle-blocks-slider-item\" src=\"https:\/\/familie-weitgereist.de\/wp-content\/uploads\/2021\/10\/20211011042914_IMG_9025-scaled.jpg\" alt=\"\" title=\"\" data-id=\"6816\"\/><\/figure><\/div><div class=\"wp-block-themeisle-blocks-slider-item-wrapper glide__slide\" tabindex=\"0\"><figure><img decoding=\"async\" class=\"wp-block-themeisle-blocks-slider-item\" src=\"https:\/\/familie-weitgereist.de\/wp-content\/uploads\/2021\/10\/20211011042326_IMG_9015-scaled.jpg\" alt=\"\" title=\"\" data-id=\"6820\"\/><\/figure><\/div><\/div><div class=\"glide__bullets\" data-glide-el=\"controls[nav]\"><button class=\"glide__bullet\" data-glide-dir=\"=0\"><\/button><button class=\"glide__bullet\" data-glide-dir=\"=1\"><\/button><\/div><\/div><\/div>\n\n\n\n<h2 class=\"wp-block-heading\">Havneby<\/h2>\n\n\n\n<p>In Havneby befindet sich der Hafen, von wo man mit der F\u00e4hre nach Sylt fahren kann. Wir haben den kleinen Ort erkundet. Es gibt ganz viele Ferienh\u00e4user in dem Ort, wahrscheinlich viel mehr als Einwohner auf R\u00f8m\u00f8 leben. Da wir in der Nebensaison gereist sind, war jedoch nicht besonders viel los. Merlin erkundete den Ort mit seinem kleinen Bike und wir entdeckten sogar noch einen Spielplatz. <\/p>\n\n\n\n<div id=\"wp-block-themeisle-blocks-slider-058e9e62\" class=\"wp-block-themeisle-blocks-slider glide\" data-per-view=\"1\" data-gap=\"0\" data-peek=\"0\" data-autoplay=\"true\" data-height=\"372px\" data-hide-arrows=\"false\"><div class=\"glide__track\" data-glide-el=\"track\"><div class=\"glide__slides\"><div class=\"wp-block-themeisle-blocks-slider-item-wrapper glide__slide\" tabindex=\"0\"><figure><img decoding=\"async\" class=\"wp-block-themeisle-blocks-slider-item\" src=\"https:\/\/familie-weitgereist.de\/wp-content\/uploads\/2021\/10\/20211011053707_IMG_9053-scaled.jpg\" alt=\"\" title=\"\" data-id=\"6801\"\/><\/figure><\/div><div class=\"wp-block-themeisle-blocks-slider-item-wrapper glide__slide\" tabindex=\"0\"><figure><img decoding=\"async\" class=\"wp-block-themeisle-blocks-slider-item\" src=\"https:\/\/familie-weitgereist.de\/wp-content\/uploads\/2021\/10\/20211011063929_IMG_9081-scaled.jpg\" alt=\"\" title=\"\" data-id=\"6803\"\/><\/figure><\/div><div class=\"wp-block-themeisle-blocks-slider-item-wrapper glide__slide\" tabindex=\"0\"><figure><img decoding=\"async\" class=\"wp-block-themeisle-blocks-slider-item\" src=\"https:\/\/familie-weitgereist.de\/wp-content\/uploads\/2021\/10\/20211011055427_IMG_9066-scaled.jpg\" alt=\"\" title=\"\" data-id=\"6804\"\/><\/figure><\/div><\/div><div class=\"glide__bullets\" data-glide-el=\"controls[nav]\"><button class=\"glide__bullet\" data-glide-dir=\"=0\"><\/button><button class=\"glide__bullet\" data-glide-dir=\"=1\"><\/button><button class=\"glide__bullet\" data-glide-dir=\"=2\"><\/button><\/div><\/div><\/div>\n\n\n\n<h2 class=\"wp-block-heading\">S\u00f8nderstrand<\/h2>\n\n\n\n<p>Wir sind nach S\u00f8nderstrand gefahren und waren wieder eine Weile am Strand. Ich bin im Watt spazieren gegangen wir konnten nach Sylt schauen. Das Kuriose ist, dass einige Leute, durch das Watt und den Prielen, mit ihren Autos nach Sylt gefahren sind oder von Sylt gekommen sind. Auch das, haben wir noch nie gesehen. <\/p>\n\n\n\n<div id=\"wp-block-themeisle-blocks-slider-7ed51fe1\" class=\"wp-block-themeisle-blocks-slider glide\" data-per-view=\"1\" data-gap=\"0\" data-peek=\"0\" data-autoplay=\"true\" data-height=\"372px\" data-hide-arrows=\"false\"><div class=\"glide__track\" data-glide-el=\"track\"><div class=\"glide__slides\"><div class=\"wp-block-themeisle-blocks-slider-item-wrapper glide__slide\" tabindex=\"0\"><figure><img decoding=\"async\" class=\"wp-block-themeisle-blocks-slider-item\" src=\"https:\/\/familie-weitgereist.de\/wp-content\/uploads\/2021\/10\/20211011065532_IMG_9083-scaled.jpg\" alt=\"\" title=\"\" data-id=\"6813\"\/><\/figure><\/div><div class=\"wp-block-themeisle-blocks-slider-item-wrapper glide__slide\" tabindex=\"0\"><figure><img decoding=\"async\" class=\"wp-block-themeisle-blocks-slider-item\" src=\"https:\/\/familie-weitgereist.de\/wp-content\/uploads\/2021\/10\/20211011071043_IMG_9093-scaled.jpg\" alt=\"\" title=\"\" data-id=\"6815\"\/><\/figure><\/div><\/div><div class=\"glide__bullets\" data-glide-el=\"controls[nav]\"><button class=\"glide__bullet\" data-glide-dir=\"=0\"><\/button><button class=\"glide__bullet\" data-glide-dir=\"=1\"><\/button><\/div><\/div><\/div>\n\n\n\n<figure class=\"wp-block-image size-large\"><img loading=\"lazy\" decoding=\"async\" width=\"1024\" height=\"683\" src=\"https:\/\/familie-weitgereist.de\/wp-content\/uploads\/2021\/10\/20211011071222_IMG_9096-1024x683.jpg\" alt=\"\" class=\"wp-image-6826\" srcset=\"https:\/\/familie-weitgereist.de\/wp-content\/uploads\/2021\/10\/20211011071222_IMG_9096-1024x683.jpg 1024w, https:\/\/familie-weitgereist.de\/wp-content\/uploads\/2021\/10\/20211011071222_IMG_9096-300x200.jpg 300w, https:\/\/familie-weitgereist.de\/wp-content\/uploads\/2021\/10\/20211011071222_IMG_9096-768x512.jpg 768w, https:\/\/familie-weitgereist.de\/wp-content\/uploads\/2021\/10\/20211011071222_IMG_9096-1536x1024.jpg 1536w, https:\/\/familie-weitgereist.de\/wp-content\/uploads\/2021\/10\/20211011071222_IMG_9096-2048x1365.jpg 2048w, https:\/\/familie-weitgereist.de\/wp-content\/uploads\/2021\/10\/20211011071222_IMG_9096-1200x800.jpg 1200w, https:\/\/familie-weitgereist.de\/wp-content\/uploads\/2021\/10\/20211011071222_IMG_9096-1980x1320.jpg 1980w, https:\/\/familie-weitgereist.de\/wp-content\/uploads\/2021\/10\/20211011071222_IMG_9096-150x100.jpg 150w\" sizes=\"auto, (max-width: 1024px) 100vw, 1024px\" \/><figcaption>Wattspaziergang<\/figcaption><\/figure>\n\n\n\n<h2 class=\"wp-block-heading\">H\u00f8stbjerg<\/h2>\n\n\n\n<p>Die h\u00f6chste Erhebung R\u00f8m\u00f8&#8217;s haben wir auch erklommen. Hihi Der H\u00f8stbjerg hat eine H\u00f6he von 19m und von dort bietet sich ein sch\u00f6ner Ausblick auf die umliegende Heidelandschaft der Insel. Die Nordsee sahen wir auch. Den Gipfel erreichten wir ganz leicht mittels angelegter Treppen. <\/p>\n\n\n\n<figure class=\"wp-block-image size-large\"><img loading=\"lazy\" decoding=\"async\" width=\"1024\" height=\"683\" src=\"https:\/\/familie-weitgereist.de\/wp-content\/uploads\/2021\/10\/20211011082609_IMG_9116-1-1024x683.jpg\" alt=\"\" class=\"wp-image-6808\" srcset=\"https:\/\/familie-weitgereist.de\/wp-content\/uploads\/2021\/10\/20211011082609_IMG_9116-1-1024x683.jpg 1024w, https:\/\/familie-weitgereist.de\/wp-content\/uploads\/2021\/10\/20211011082609_IMG_9116-1-300x200.jpg 300w, https:\/\/familie-weitgereist.de\/wp-content\/uploads\/2021\/10\/20211011082609_IMG_9116-1-768x512.jpg 768w, https:\/\/familie-weitgereist.de\/wp-content\/uploads\/2021\/10\/20211011082609_IMG_9116-1-1536x1024.jpg 1536w, https:\/\/familie-weitgereist.de\/wp-content\/uploads\/2021\/10\/20211011082609_IMG_9116-1-2048x1365.jpg 2048w, https:\/\/familie-weitgereist.de\/wp-content\/uploads\/2021\/10\/20211011082609_IMG_9116-1-1200x800.jpg 1200w, https:\/\/familie-weitgereist.de\/wp-content\/uploads\/2021\/10\/20211011082609_IMG_9116-1-1980x1320.jpg 1980w, https:\/\/familie-weitgereist.de\/wp-content\/uploads\/2021\/10\/20211011082609_IMG_9116-1-150x100.jpg 150w\" sizes=\"auto, (max-width: 1024px) 100vw, 1024px\" \/><\/figure>\n\n\n\n<h2 class=\"wp-block-heading\" id=\"mando\">Mand\u00f8<\/h2>\n\n\n\n<p>W\u00e4hrenddessen R\u00f8m\u00f8 mit dem Auto zu jeder Tidenzeit erreichbar ist und die Insel mit ihren ca. 600 Einwohnern touristischer ist, bietet gerade die kleine Nachbarinsel Mand\u00f8 einen gro\u00dfen Reiz f\u00fcr Abenteuerlustige und Ruhesuchende. <\/p>\n\n\n\n<figure class=\"wp-block-image size-large\"><img loading=\"lazy\" decoding=\"async\" width=\"1024\" height=\"683\" src=\"https:\/\/familie-weitgereist.de\/wp-content\/uploads\/2021\/10\/20211012021101_IMG_9142-1024x683.jpg\" alt=\"\" class=\"wp-image-6844\" srcset=\"https:\/\/familie-weitgereist.de\/wp-content\/uploads\/2021\/10\/20211012021101_IMG_9142-1024x683.jpg 1024w, https:\/\/familie-weitgereist.de\/wp-content\/uploads\/2021\/10\/20211012021101_IMG_9142-300x200.jpg 300w, https:\/\/familie-weitgereist.de\/wp-content\/uploads\/2021\/10\/20211012021101_IMG_9142-768x512.jpg 768w, https:\/\/familie-weitgereist.de\/wp-content\/uploads\/2021\/10\/20211012021101_IMG_9142-1536x1024.jpg 1536w, https:\/\/familie-weitgereist.de\/wp-content\/uploads\/2021\/10\/20211012021101_IMG_9142-2048x1365.jpg 2048w, https:\/\/familie-weitgereist.de\/wp-content\/uploads\/2021\/10\/20211012021101_IMG_9142-1200x800.jpg 1200w, https:\/\/familie-weitgereist.de\/wp-content\/uploads\/2021\/10\/20211012021101_IMG_9142-1980x1320.jpg 1980w, https:\/\/familie-weitgereist.de\/wp-content\/uploads\/2021\/10\/20211012021101_IMG_9142-150x100.jpg 150w\" sizes=\"auto, (max-width: 1024px) 100vw, 1024px\" \/><figcaption>Stra\u00dfe nach Mand\u00f8<\/figcaption><\/figure>\n\n\n\n<p>Mand\u00f8 hat nur noch 35 Einwohner, die permanent auf der Insel leben. Zwei davon haben wir bei unserem Besuch gesehen. Ansonsten sahen wir noch ein paar wenige Touristen. Wir hatten das Gef\u00fchl, die Insel f\u00fcr uns zu haben. Einen Campingplatz gibt es jedoch auch und ein paar Camper standen ebenfalls dort. <\/p>\n\n\n\n<figure class=\"wp-block-image size-large\"><img loading=\"lazy\" decoding=\"async\" width=\"1024\" height=\"768\" src=\"https:\/\/familie-weitgereist.de\/wp-content\/uploads\/2021\/10\/IMG_20211012_121028-1024x768.jpg\" alt=\"\" class=\"wp-image-6852\" srcset=\"https:\/\/familie-weitgereist.de\/wp-content\/uploads\/2021\/10\/IMG_20211012_121028-1024x768.jpg 1024w, https:\/\/familie-weitgereist.de\/wp-content\/uploads\/2021\/10\/IMG_20211012_121028-300x225.jpg 300w, https:\/\/familie-weitgereist.de\/wp-content\/uploads\/2021\/10\/IMG_20211012_121028-768x576.jpg 768w, https:\/\/familie-weitgereist.de\/wp-content\/uploads\/2021\/10\/IMG_20211012_121028-1536x1152.jpg 1536w, https:\/\/familie-weitgereist.de\/wp-content\/uploads\/2021\/10\/IMG_20211012_121028-2048x1536.jpg 2048w, https:\/\/familie-weitgereist.de\/wp-content\/uploads\/2021\/10\/IMG_20211012_121028-1200x900.jpg 1200w, https:\/\/familie-weitgereist.de\/wp-content\/uploads\/2021\/10\/IMG_20211012_121028-1980x1485.jpg 1980w, https:\/\/familie-weitgereist.de\/wp-content\/uploads\/2021\/10\/IMG_20211012_121028-150x113.jpg 150w\" sizes=\"auto, (max-width: 1024px) 100vw, 1024px\" \/><\/figure>\n\n\n\n<div id=\"wp-block-themeisle-blocks-slider-140ca6a7\" class=\"wp-block-themeisle-blocks-slider glide\" data-per-view=\"1\" data-gap=\"0\" data-peek=\"0\" data-autoplay=\"true\" data-height=\"353px\" data-hide-arrows=\"false\"><div class=\"glide__track\" data-glide-el=\"track\"><div class=\"glide__slides\"><div class=\"wp-block-themeisle-blocks-slider-item-wrapper glide__slide\" tabindex=\"0\"><figure><img decoding=\"async\" class=\"wp-block-themeisle-blocks-slider-item\" src=\"https:\/\/familie-weitgereist.de\/wp-content\/uploads\/2021\/10\/20211012035912_IMG_9251-scaled.jpg\" alt=\"\" title=\"\" data-id=\"6849\"\/><\/figure><\/div><div class=\"wp-block-themeisle-blocks-slider-item-wrapper glide__slide\" tabindex=\"0\"><figure><img decoding=\"async\" class=\"wp-block-themeisle-blocks-slider-item\" src=\"https:\/\/familie-weitgereist.de\/wp-content\/uploads\/2021\/10\/20211012042227_IMG_9275-scaled.jpg\" alt=\"\" title=\"\" data-id=\"6850\"\/><\/figure><\/div><\/div><div class=\"glide__bullets\" data-glide-el=\"controls[nav]\"><button class=\"glide__bullet\" data-glide-dir=\"=0\"><\/button><button class=\"glide__bullet\" data-glide-dir=\"=1\"><\/button><\/div><\/div><\/div>\n\n\n\n<p>Die Anreise nach Mand\u00f8 ist ein klein wenig kompliziert, denn man muss sich sehr genau \u00fcber die Tidenzeiten informieren. Die Stra\u00dfe nach Mand\u00f8 ist nur bei Ebbe passierbar. Traktorenbusse bringen in der Hauptsaison Touristen auf die Insel. <\/p>\n\n\n\n<figure class=\"wp-block-gallery has-nested-images columns-default is-cropped wp-block-gallery-1 is-layout-flex wp-block-gallery-is-layout-flex\">\n<figure class=\"wp-block-image size-large\"><img loading=\"lazy\" decoding=\"async\" width=\"768\" height=\"1024\" data-id=\"6840\" src=\"https:\/\/familie-weitgereist.de\/wp-content\/uploads\/2021\/10\/IMG_20211012_130403-1-768x1024.jpg\" alt=\"\" class=\"wp-image-6840\" srcset=\"https:\/\/familie-weitgereist.de\/wp-content\/uploads\/2021\/10\/IMG_20211012_130403-1-768x1024.jpg 768w, https:\/\/familie-weitgereist.de\/wp-content\/uploads\/2021\/10\/IMG_20211012_130403-1-225x300.jpg 225w, https:\/\/familie-weitgereist.de\/wp-content\/uploads\/2021\/10\/IMG_20211012_130403-1-1152x1536.jpg 1152w, https:\/\/familie-weitgereist.de\/wp-content\/uploads\/2021\/10\/IMG_20211012_130403-1-1536x2048.jpg 1536w, https:\/\/familie-weitgereist.de\/wp-content\/uploads\/2021\/10\/IMG_20211012_130403-1-1200x1600.jpg 1200w, https:\/\/familie-weitgereist.de\/wp-content\/uploads\/2021\/10\/IMG_20211012_130403-1-1980x2640.jpg 1980w, https:\/\/familie-weitgereist.de\/wp-content\/uploads\/2021\/10\/IMG_20211012_130403-1-640x853.jpg 640w, https:\/\/familie-weitgereist.de\/wp-content\/uploads\/2021\/10\/IMG_20211012_130403-1-150x200.jpg 150w, https:\/\/familie-weitgereist.de\/wp-content\/uploads\/2021\/10\/IMG_20211012_130403-1-scaled.jpg 1920w\" sizes=\"auto, (max-width: 768px) 100vw, 768px\" \/><\/figure>\n\n\n\n<figure class=\"wp-block-image size-large\"><img loading=\"lazy\" decoding=\"async\" width=\"1024\" height=\"683\" data-id=\"6846\" src=\"https:\/\/familie-weitgereist.de\/wp-content\/uploads\/2021\/10\/20211012020721_IMG_9139-1-1024x683.jpg\" alt=\"\" class=\"wp-image-6846\" srcset=\"https:\/\/familie-weitgereist.de\/wp-content\/uploads\/2021\/10\/20211012020721_IMG_9139-1-1024x683.jpg 1024w, https:\/\/familie-weitgereist.de\/wp-content\/uploads\/2021\/10\/20211012020721_IMG_9139-1-300x200.jpg 300w, https:\/\/familie-weitgereist.de\/wp-content\/uploads\/2021\/10\/20211012020721_IMG_9139-1-768x512.jpg 768w, https:\/\/familie-weitgereist.de\/wp-content\/uploads\/2021\/10\/20211012020721_IMG_9139-1-1536x1024.jpg 1536w, https:\/\/familie-weitgereist.de\/wp-content\/uploads\/2021\/10\/20211012020721_IMG_9139-1-2048x1365.jpg 2048w, https:\/\/familie-weitgereist.de\/wp-content\/uploads\/2021\/10\/20211012020721_IMG_9139-1-1200x800.jpg 1200w, https:\/\/familie-weitgereist.de\/wp-content\/uploads\/2021\/10\/20211012020721_IMG_9139-1-1980x1320.jpg 1980w, https:\/\/familie-weitgereist.de\/wp-content\/uploads\/2021\/10\/20211012020721_IMG_9139-1-150x100.jpg 150w\" sizes=\"auto, (max-width: 1024px) 100vw, 1024px\" \/><\/figure>\n<\/figure>\n\n\n\n<p>Wer die Ruhe und die Abgeschiedenheit liebt, ist auf Mand\u00f8 richtig. Die Insel ist sehr klein, es gibt kaum Sehensw\u00fcrdigkeiten, daf\u00fcr die Natur und Weite, das Wattenmeer und die D\u00fcnen vor der T\u00fcr.<\/p>\n\n\n\n<div id=\"wp-block-themeisle-blocks-slider-aa7ba9a7\" class=\"wp-block-themeisle-blocks-slider glide\" data-per-view=\"1\" data-gap=\"0\" data-peek=\"0\" data-autoplay=\"true\" data-height=\"408px\" data-hide-arrows=\"false\"><div class=\"glide__track\" data-glide-el=\"track\"><div class=\"glide__slides\"><div class=\"wp-block-themeisle-blocks-slider-item-wrapper glide__slide\" tabindex=\"0\"><figure><img decoding=\"async\" class=\"wp-block-themeisle-blocks-slider-item\" src=\"https:\/\/familie-weitgereist.de\/wp-content\/uploads\/2021\/10\/20211012034525_IMG_9236-scaled.jpg\" alt=\"\" title=\"\" data-id=\"6851\"\/><\/figure><\/div><div class=\"wp-block-themeisle-blocks-slider-item-wrapper glide__slide\" tabindex=\"0\"><figure><img decoding=\"async\" class=\"wp-block-themeisle-blocks-slider-item\" src=\"https:\/\/familie-weitgereist.de\/wp-content\/uploads\/2021\/10\/20211012035531_IMG_9246-scaled.jpg\" alt=\"\" title=\"\" data-id=\"6854\"\/><\/figure><\/div><div class=\"wp-block-themeisle-blocks-slider-item-wrapper glide__slide\" tabindex=\"0\"><figure><img decoding=\"async\" class=\"wp-block-themeisle-blocks-slider-item\" src=\"https:\/\/familie-weitgereist.de\/wp-content\/uploads\/2021\/10\/20211012042408_IMG_9279-scaled.jpg\" alt=\"\" title=\"\" data-id=\"6856\"\/><\/figure><\/div><div class=\"wp-block-themeisle-blocks-slider-item-wrapper glide__slide\" tabindex=\"0\"><figure><img decoding=\"async\" class=\"wp-block-themeisle-blocks-slider-item\" src=\"https:\/\/familie-weitgereist.de\/wp-content\/uploads\/2021\/10\/20211012042703_IMG_9280-scaled.jpg\" alt=\"\" title=\"\" data-id=\"6859\"\/><\/figure><\/div><\/div><div class=\"glide__bullets\" data-glide-el=\"controls[nav]\"><button class=\"glide__bullet\" data-glide-dir=\"=0\"><\/button><button class=\"glide__bullet\" data-glide-dir=\"=1\"><\/button><button class=\"glide__bullet\" data-glide-dir=\"=2\"><\/button><button class=\"glide__bullet\" data-glide-dir=\"=3\"><\/button><\/div><\/div><\/div>\n\n\n\n<p>Es gibt eine Windm\u00fchle, eine Kirche, einen Spielplatz im Ortszentrum und mit dem Fahrrad kann die Insel umfahren werden. <\/p>\n\n\n\n<div id=\"wp-block-themeisle-blocks-slider-2f691b91\" class=\"wp-block-themeisle-blocks-slider glide\" data-per-view=\"1\" data-gap=\"0\" data-peek=\"0\" data-autoplay=\"true\" data-height=\"349px\" data-hide-arrows=\"false\"><div class=\"glide__track\" data-glide-el=\"track\"><div class=\"glide__slides\"><div class=\"wp-block-themeisle-blocks-slider-item-wrapper glide__slide\" tabindex=\"0\"><figure><img decoding=\"async\" class=\"wp-block-themeisle-blocks-slider-item\" src=\"https:\/\/familie-weitgereist.de\/wp-content\/uploads\/2021\/10\/20211012024829_IMG_9184-scaled.jpg\" alt=\"\" title=\"\" data-id=\"6837\"\/><\/figure><\/div><div class=\"wp-block-themeisle-blocks-slider-item-wrapper glide__slide\" tabindex=\"0\"><figure><img decoding=\"async\" class=\"wp-block-themeisle-blocks-slider-item\" src=\"https:\/\/familie-weitgereist.de\/wp-content\/uploads\/2021\/10\/20211012024526_IMG_9170-scaled.jpg\" alt=\"\" title=\"\" data-id=\"6838\"\/><\/figure><\/div><div class=\"wp-block-themeisle-blocks-slider-item-wrapper glide__slide\" tabindex=\"0\"><figure><img decoding=\"async\" class=\"wp-block-themeisle-blocks-slider-item\" src=\"https:\/\/familie-weitgereist.de\/wp-content\/uploads\/2021\/10\/20211012032931_IMG_9223-scaled.jpg\" alt=\"\" title=\"\" data-id=\"6842\"\/><\/figure><\/div><div class=\"wp-block-themeisle-blocks-slider-item-wrapper glide__slide\" tabindex=\"0\"><figure><img decoding=\"async\" class=\"wp-block-themeisle-blocks-slider-item\" src=\"https:\/\/familie-weitgereist.de\/wp-content\/uploads\/2021\/10\/20211012032311_IMG_9209-scaled.jpg\" alt=\"\" title=\"\" data-id=\"6847\"\/><\/figure><\/div><\/div><div class=\"glide__bullets\" data-glide-el=\"controls[nav]\"><button class=\"glide__bullet\" data-glide-dir=\"=0\"><\/button><button class=\"glide__bullet\" data-glide-dir=\"=1\"><\/button><button class=\"glide__bullet\" data-glide-dir=\"=2\"><\/button><button class=\"glide__bullet\" data-glide-dir=\"=3\"><\/button><\/div><\/div><\/div>\n\n\n\n<h2 class=\"wp-block-heading\" id=\"ribe\">Ribe, die \u00e4lteste Stadt in D\u00e4nemark<\/h2>\n\n\n\n<p>In Westj\u00fctland befindet sich die \u00e4lteste Stadt D\u00e4nemarks, Ribe. Nachdem wir Mand\u00f8 wieder verlassen hatten, sind wir nach Ribe gefahren. Wirklich toll ist, dass es \u00fcberall gratis Parkpl\u00e4tze gibt. <\/p>\n\n\n\n<p>Ribe hat ca. 8300 Einwohner und liegt nahe der Nordsee. Die Innenstadt hat ein wunderbar nordisches Flair. Wir f\u00fchlten uns irgendwie nach Reykjav\u00edk zur\u00fcck versetzt. Ich bin sehr auf die weiteren d\u00e4nischen St\u00e4dte gespannt, die wir noch erkunden werden. Es war wirklich sehr sch\u00f6n in Ribe! <\/p>\n\n\n\n<figure class=\"wp-block-image size-large\"><img loading=\"lazy\" decoding=\"async\" width=\"1024\" height=\"683\" src=\"https:\/\/familie-weitgereist.de\/wp-content\/uploads\/2021\/10\/20211012070420_IMG_9354-1024x683.jpg\" alt=\"\" class=\"wp-image-6864\" srcset=\"https:\/\/familie-weitgereist.de\/wp-content\/uploads\/2021\/10\/20211012070420_IMG_9354-1024x683.jpg 1024w, https:\/\/familie-weitgereist.de\/wp-content\/uploads\/2021\/10\/20211012070420_IMG_9354-300x200.jpg 300w, https:\/\/familie-weitgereist.de\/wp-content\/uploads\/2021\/10\/20211012070420_IMG_9354-768x512.jpg 768w, https:\/\/familie-weitgereist.de\/wp-content\/uploads\/2021\/10\/20211012070420_IMG_9354-1536x1024.jpg 1536w, https:\/\/familie-weitgereist.de\/wp-content\/uploads\/2021\/10\/20211012070420_IMG_9354-2048x1365.jpg 2048w, https:\/\/familie-weitgereist.de\/wp-content\/uploads\/2021\/10\/20211012070420_IMG_9354-1200x800.jpg 1200w, https:\/\/familie-weitgereist.de\/wp-content\/uploads\/2021\/10\/20211012070420_IMG_9354-1980x1320.jpg 1980w, https:\/\/familie-weitgereist.de\/wp-content\/uploads\/2021\/10\/20211012070420_IMG_9354-150x100.jpg 150w\" sizes=\"auto, (max-width: 1024px) 100vw, 1024px\" \/><\/figure>\n\n\n\n<div id=\"wp-block-themeisle-blocks-slider-85cacd88\" class=\"wp-block-themeisle-blocks-slider glide\" data-per-view=\"1\" data-gap=\"0\" data-peek=\"0\" data-autoplay=\"true\" data-height=\"418px\" data-hide-arrows=\"false\"><div class=\"glide__track\" data-glide-el=\"track\"><div class=\"glide__slides\"><div class=\"wp-block-themeisle-blocks-slider-item-wrapper glide__slide\" tabindex=\"0\"><figure><img decoding=\"async\" class=\"wp-block-themeisle-blocks-slider-item\" src=\"https:\/\/familie-weitgereist.de\/wp-content\/uploads\/2021\/10\/20211012062154_IMG_9336-scaled.jpg\" alt=\"\" title=\"\" data-id=\"6871\"\/><\/figure><\/div><div class=\"wp-block-themeisle-blocks-slider-item-wrapper glide__slide\" tabindex=\"0\"><figure><img decoding=\"async\" class=\"wp-block-themeisle-blocks-slider-item\" src=\"https:\/\/familie-weitgereist.de\/wp-content\/uploads\/2021\/10\/20211012055007_IMG_9316-scaled.jpg\" alt=\"\" title=\"\" data-id=\"6875\"\/><\/figure><\/div><div class=\"wp-block-themeisle-blocks-slider-item-wrapper glide__slide\" tabindex=\"0\"><figure><img decoding=\"async\" class=\"wp-block-themeisle-blocks-slider-item\" src=\"https:\/\/familie-weitgereist.de\/wp-content\/uploads\/2021\/10\/20211012070908_IMG_9358-scaled.jpg\" alt=\"\" title=\"\" data-id=\"6878\"\/><\/figure><\/div><div class=\"wp-block-themeisle-blocks-slider-item-wrapper glide__slide\" tabindex=\"0\"><figure><img decoding=\"async\" class=\"wp-block-themeisle-blocks-slider-item\" src=\"https:\/\/familie-weitgereist.de\/wp-content\/uploads\/2021\/10\/20211012055838_IMG_9321-scaled.jpg\" alt=\"\" title=\"\" data-id=\"6879\"\/><\/figure><\/div><div class=\"wp-block-themeisle-blocks-slider-item-wrapper glide__slide\" tabindex=\"0\"><figure><img decoding=\"async\" class=\"wp-block-themeisle-blocks-slider-item\" src=\"https:\/\/familie-weitgereist.de\/wp-content\/uploads\/2021\/10\/20211012054159_IMG_9302-scaled.jpg\" alt=\"\" title=\"\" data-id=\"6880\"\/><\/figure><\/div><\/div><div class=\"glide__bullets\" data-glide-el=\"controls[nav]\"><button class=\"glide__bullet\" data-glide-dir=\"=0\"><\/button><button class=\"glide__bullet\" data-glide-dir=\"=1\"><\/button><button class=\"glide__bullet\" data-glide-dir=\"=2\"><\/button><button class=\"glide__bullet\" data-glide-dir=\"=3\"><\/button><button class=\"glide__bullet\" data-glide-dir=\"=4\"><\/button><\/div><\/div><\/div>\n\n\n\n<p>H\u00fcbsche Klinkerh\u00e4user zieren die Altstadt. Im Zentrum befindet sich die Domkirche zu Ribe, unter der sich der \u00e4lteste christliche Friedhof D\u00e4nemark&#8217;s befindet. Kleine Kan\u00e4le flie\u00dfen durch Ribe, die Atmosph\u00e4re erinnerte uns etwas an den Spreewald.<\/p>\n\n\n\n<div id=\"wp-block-themeisle-blocks-slider-4b9e1618\" class=\"wp-block-themeisle-blocks-slider glide\" data-per-view=\"1\" data-gap=\"0\" data-peek=\"0\" data-autoplay=\"true\" data-height=\"373px\" data-hide-arrows=\"false\"><div class=\"glide__track\" data-glide-el=\"track\"><div class=\"glide__slides\"><div class=\"wp-block-themeisle-blocks-slider-item-wrapper glide__slide\" tabindex=\"0\"><figure><img decoding=\"async\" class=\"wp-block-themeisle-blocks-slider-item\" src=\"https:\/\/familie-weitgereist.de\/wp-content\/uploads\/2021\/10\/20211012070832_IMG_9356-scaled.jpg\" alt=\"\" title=\"\" data-id=\"6868\"\/><\/figure><\/div><div class=\"wp-block-themeisle-blocks-slider-item-wrapper glide__slide\" tabindex=\"0\"><figure><img decoding=\"async\" class=\"wp-block-themeisle-blocks-slider-item\" src=\"https:\/\/familie-weitgereist.de\/wp-content\/uploads\/2021\/10\/20211012071301_IMG_9363-scaled.jpg\" alt=\"\" title=\"\" data-id=\"6870\"\/><\/figure><\/div><div class=\"wp-block-themeisle-blocks-slider-item-wrapper glide__slide\" tabindex=\"0\"><figure><img decoding=\"async\" class=\"wp-block-themeisle-blocks-slider-item\" src=\"https:\/\/familie-weitgereist.de\/wp-content\/uploads\/2021\/10\/20211012073538_IMG_9372-scaled.jpg\" alt=\"\" title=\"\" data-id=\"6874\"\/><\/figure><\/div><div class=\"wp-block-themeisle-blocks-slider-item-wrapper glide__slide\" tabindex=\"0\"><figure><img decoding=\"async\" class=\"wp-block-themeisle-blocks-slider-item\" src=\"https:\/\/familie-weitgereist.de\/wp-content\/uploads\/2021\/10\/20211012063357_IMG_9348-scaled.jpg\" alt=\"\" title=\"\" data-id=\"6877\"\/><\/figure><\/div><\/div><div class=\"glide__bullets\" data-glide-el=\"controls[nav]\"><button class=\"glide__bullet\" data-glide-dir=\"=0\"><\/button><button class=\"glide__bullet\" data-glide-dir=\"=1\"><\/button><button class=\"glide__bullet\" data-glide-dir=\"=2\"><\/button><button class=\"glide__bullet\" data-glide-dir=\"=3\"><\/button><\/div><\/div><\/div>\n\n\n\n<p>Die Geschichte von Ribe reicht bis in das Jahr 710 zur\u00fcck. Von hier fand der Handel zwischen dem Norden und Europa statt. Zudem lebten hier Wikinger. Sie zogen von Ribe mit Schiffen los um in Europa zu handeln und Schrecken zu verbreiten. <\/p>\n\n\n\n<p>In Ribe kann man das Wikingermuseum besuchen. Wir statteten stattdessen dem Wikinger Spielplatz einen Besuch ab. (:<\/p>\n\n\n\n<h2 class=\"wp-block-heading\" id=\"midtjylland\">Roadtrip durch Midtjylland<\/h2>\n\n\n\n<p>Nach drei N\u00e4chten in Arrild sind wir weiter gereist. Unser n\u00e4chstes Etappenziel ist Boddum gewesen. Dieser kleine Ort liegt im d\u00e4nischen Limfjord. <\/p>\n\n\n\n<p>Bis wir <strong>Boddum<\/strong> errichten, hatten wir einen interessanten Roadtrip entlang der d\u00e4nischen Nordseek\u00fcste. <\/p>\n\n\n\n<p>Unseren ersten Zwischenstopp hatten wir in Haurvig. Dort erklommen wir die D\u00fcnen und rannten der Nordsee entgegen. Diesmal hatten wir Flut und es war so sch\u00f6n am Strand mit Merlin zu spielen und vor den ankommenden Wellen wegzurennen. <\/p>\n\n\n\n<figure class=\"wp-block-image size-large\"><img loading=\"lazy\" decoding=\"async\" width=\"1024\" height=\"683\" src=\"https:\/\/familie-weitgereist.de\/wp-content\/uploads\/2021\/10\/20211013042354_IMG_9398-1024x683.jpg\" alt=\"\" class=\"wp-image-6890\" srcset=\"https:\/\/familie-weitgereist.de\/wp-content\/uploads\/2021\/10\/20211013042354_IMG_9398-1024x683.jpg 1024w, https:\/\/familie-weitgereist.de\/wp-content\/uploads\/2021\/10\/20211013042354_IMG_9398-300x200.jpg 300w, https:\/\/familie-weitgereist.de\/wp-content\/uploads\/2021\/10\/20211013042354_IMG_9398-768x512.jpg 768w, https:\/\/familie-weitgereist.de\/wp-content\/uploads\/2021\/10\/20211013042354_IMG_9398-1536x1024.jpg 1536w, https:\/\/familie-weitgereist.de\/wp-content\/uploads\/2021\/10\/20211013042354_IMG_9398-2048x1365.jpg 2048w, https:\/\/familie-weitgereist.de\/wp-content\/uploads\/2021\/10\/20211013042354_IMG_9398-1200x800.jpg 1200w, https:\/\/familie-weitgereist.de\/wp-content\/uploads\/2021\/10\/20211013042354_IMG_9398-1980x1320.jpg 1980w, https:\/\/familie-weitgereist.de\/wp-content\/uploads\/2021\/10\/20211013042354_IMG_9398-150x100.jpg 150w\" sizes=\"auto, (max-width: 1024px) 100vw, 1024px\" \/><figcaption>Am Haurvig Strand<\/figcaption><\/figure>\n\n\n\n<div id=\"wp-block-themeisle-blocks-slider-757f1e50\" class=\"wp-block-themeisle-blocks-slider glide\" data-per-view=\"1\" data-gap=\"0\" data-peek=\"0\" data-autoplay=\"true\" data-height=\"386px\" data-hide-arrows=\"false\"><div class=\"glide__track\" data-glide-el=\"track\"><div class=\"glide__slides\"><div class=\"wp-block-themeisle-blocks-slider-item-wrapper glide__slide\" tabindex=\"0\"><figure><img decoding=\"async\" class=\"wp-block-themeisle-blocks-slider-item\" src=\"https:\/\/familie-weitgereist.de\/wp-content\/uploads\/2021\/10\/20211013043932_IMG_9437-scaled.jpg\" alt=\"\" title=\"\" data-id=\"6895\"\/><\/figure><\/div><div class=\"wp-block-themeisle-blocks-slider-item-wrapper glide__slide\" tabindex=\"0\"><figure><img decoding=\"async\" class=\"wp-block-themeisle-blocks-slider-item\" src=\"https:\/\/familie-weitgereist.de\/wp-content\/uploads\/2021\/10\/20211013043709_IMG_9424-scaled.jpg\" alt=\"\" title=\"\" data-id=\"6897\"\/><\/figure><\/div><div class=\"wp-block-themeisle-blocks-slider-item-wrapper glide__slide\" tabindex=\"0\"><figure><img decoding=\"async\" class=\"wp-block-themeisle-blocks-slider-item\" src=\"https:\/\/familie-weitgereist.de\/wp-content\/uploads\/2021\/10\/20211013042752_IMG_9410-scaled.jpg\" alt=\"\" title=\"\" data-id=\"6898\"\/><\/figure><\/div><div class=\"wp-block-themeisle-blocks-slider-item-wrapper glide__slide\" tabindex=\"0\"><figure><img decoding=\"async\" class=\"wp-block-themeisle-blocks-slider-item\" src=\"https:\/\/familie-weitgereist.de\/wp-content\/uploads\/2021\/10\/20211013042502_IMG_9403-scaled.jpg\" alt=\"\" title=\"\" data-id=\"6899\"\/><\/figure><\/div><\/div><div class=\"glide__bullets\" data-glide-el=\"controls[nav]\"><button class=\"glide__bullet\" data-glide-dir=\"=0\"><\/button><button class=\"glide__bullet\" data-glide-dir=\"=1\"><\/button><button class=\"glide__bullet\" data-glide-dir=\"=2\"><\/button><button class=\"glide__bullet\" data-glide-dir=\"=3\"><\/button><\/div><\/div><\/div>\n\n\n\n<p>Eine Besonderheit dort ist der <strong>Haurvig Strand Bunker<\/strong>. Dies ist eine sehr gut erhaltene Bunkeranlage aus dem 2. Weltkrieg, die zur Verteidigung gegen die Deutschen diente. Heute kann man sogar selbst in den Bunker gehen und auf ihn klettern. <\/p>\n\n\n\n<div id=\"wp-block-themeisle-blocks-slider-1647259e\" class=\"wp-block-themeisle-blocks-slider glide\" data-per-view=\"1\" data-gap=\"0\" data-peek=\"0\" data-autoplay=\"true\" data-height=\"397px\" data-hide-arrows=\"false\"><div class=\"glide__track\" data-glide-el=\"track\"><div class=\"glide__slides\"><div class=\"wp-block-themeisle-blocks-slider-item-wrapper glide__slide\" tabindex=\"0\"><figure><img decoding=\"async\" class=\"wp-block-themeisle-blocks-slider-item\" src=\"https:\/\/familie-weitgereist.de\/wp-content\/uploads\/2021\/10\/20211013050246_IMG_9463-scaled.jpg\" alt=\"\" title=\"\" data-id=\"6892\"\/><\/figure><\/div><div class=\"wp-block-themeisle-blocks-slider-item-wrapper glide__slide\" tabindex=\"0\"><figure><img decoding=\"async\" class=\"wp-block-themeisle-blocks-slider-item\" src=\"https:\/\/familie-weitgereist.de\/wp-content\/uploads\/2021\/10\/20211013042521_IMG_9405-scaled.jpg\" alt=\"\" title=\"\" data-id=\"6894\"\/><\/figure><\/div><\/div><div class=\"glide__bullets\" data-glide-el=\"controls[nav]\"><button class=\"glide__bullet\" data-glide-dir=\"=0\"><\/button><button class=\"glide__bullet\" data-glide-dir=\"=1\"><\/button><\/div><\/div><\/div>\n\n\n\n<p>Anschlie\u00dfend besichtigten wir die <strong>Haurvig Kirche<\/strong>. Ich bin total begeistert, auf welchem schmalen Landstrich sich die Menschen angesiedelt haben. Auf der einen Seite sieht man die Nordsee, auf der anderen Seite den Ringk\u00f8bing Fjord.<\/p>\n\n\n\n<figure class=\"wp-block-image size-large\"><img loading=\"lazy\" decoding=\"async\" width=\"1024\" height=\"683\" src=\"https:\/\/familie-weitgereist.de\/wp-content\/uploads\/2021\/10\/20211013052310_IMG_9470-1024x683.jpg\" alt=\"\" class=\"wp-image-6903\" srcset=\"https:\/\/familie-weitgereist.de\/wp-content\/uploads\/2021\/10\/20211013052310_IMG_9470-1024x683.jpg 1024w, https:\/\/familie-weitgereist.de\/wp-content\/uploads\/2021\/10\/20211013052310_IMG_9470-300x200.jpg 300w, https:\/\/familie-weitgereist.de\/wp-content\/uploads\/2021\/10\/20211013052310_IMG_9470-768x512.jpg 768w, https:\/\/familie-weitgereist.de\/wp-content\/uploads\/2021\/10\/20211013052310_IMG_9470-1536x1024.jpg 1536w, https:\/\/familie-weitgereist.de\/wp-content\/uploads\/2021\/10\/20211013052310_IMG_9470-2048x1365.jpg 2048w, https:\/\/familie-weitgereist.de\/wp-content\/uploads\/2021\/10\/20211013052310_IMG_9470-1200x800.jpg 1200w, https:\/\/familie-weitgereist.de\/wp-content\/uploads\/2021\/10\/20211013052310_IMG_9470-1980x1320.jpg 1980w, https:\/\/familie-weitgereist.de\/wp-content\/uploads\/2021\/10\/20211013052310_IMG_9470-150x100.jpg 150w\" sizes=\"auto, (max-width: 1024px) 100vw, 1024px\" \/><figcaption>Haurvig Kirke<\/figcaption><\/figure>\n\n\n\n<p>In <strong>Hvide Sande<\/strong> machten wir den n\u00e4chsten Stop. Dort sahen wir das erste Mal auf unserem Roadtrip ein paar mehrere Touristen. Hvide Sande ist eine Hafenstadt, direkt an der Nordsee und dem Ringk\u00f8bing Fjord. Es f\u00fchlt sich sehr nordisch hier an, als w\u00e4ren wir viel n\u00f6rdlicher als wir sind. In Hvide Sande lie\u00dfen wir uns auch ein Fischbr\u00f6tchen und Pommes schmecken. So lecker! <\/p>\n\n\n\n<div id=\"wp-block-themeisle-blocks-slider-b4ffc8fe\" class=\"wp-block-themeisle-blocks-slider glide\" data-per-view=\"1\" data-gap=\"0\" data-peek=\"0\" data-autoplay=\"true\" data-height=\"401px\" data-hide-arrows=\"false\"><div class=\"glide__track\" data-glide-el=\"track\"><div class=\"glide__slides\"><div class=\"wp-block-themeisle-blocks-slider-item-wrapper glide__slide\" tabindex=\"0\"><figure><img decoding=\"async\" class=\"wp-block-themeisle-blocks-slider-item\" src=\"https:\/\/familie-weitgereist.de\/wp-content\/uploads\/2021\/10\/20211013061226_IMG_9486-1-scaled.jpg\" alt=\"\" title=\"\" data-id=\"6915\"\/><\/figure><\/div><div class=\"wp-block-themeisle-blocks-slider-item-wrapper glide__slide\" tabindex=\"0\"><figure><img decoding=\"async\" class=\"wp-block-themeisle-blocks-slider-item\" src=\"https:\/\/familie-weitgereist.de\/wp-content\/uploads\/2021\/10\/20211013064505_IMG_9494-1-scaled.jpg\" alt=\"\" title=\"\" data-id=\"6917\"\/><\/figure><\/div><div class=\"wp-block-themeisle-blocks-slider-item-wrapper glide__slide\" tabindex=\"0\"><figure><img decoding=\"async\" class=\"wp-block-themeisle-blocks-slider-item\" src=\"https:\/\/familie-weitgereist.de\/wp-content\/uploads\/2021\/10\/20211013071237_IMG_9505-1-scaled.jpg\" alt=\"\" title=\"\" data-id=\"6918\"\/><\/figure><\/div><\/div><div class=\"glide__bullets\" data-glide-el=\"controls[nav]\"><button class=\"glide__bullet\" data-glide-dir=\"=0\"><\/button><button class=\"glide__bullet\" data-glide-dir=\"=1\"><\/button><button class=\"glide__bullet\" data-glide-dir=\"=2\"><\/button><\/div><\/div><\/div>\n\n\n\n<p>Es ist so sch\u00f6n an der Nordsee! <\/p>\n\n\n\n<figure class=\"wp-block-image size-large\"><img loading=\"lazy\" decoding=\"async\" width=\"1024\" height=\"683\" src=\"https:\/\/familie-weitgereist.de\/wp-content\/uploads\/2021\/10\/20211013042757_IMG_9411-1024x683.jpg\" alt=\"\" class=\"wp-image-6912\" srcset=\"https:\/\/familie-weitgereist.de\/wp-content\/uploads\/2021\/10\/20211013042757_IMG_9411-1024x683.jpg 1024w, https:\/\/familie-weitgereist.de\/wp-content\/uploads\/2021\/10\/20211013042757_IMG_9411-300x200.jpg 300w, https:\/\/familie-weitgereist.de\/wp-content\/uploads\/2021\/10\/20211013042757_IMG_9411-768x512.jpg 768w, https:\/\/familie-weitgereist.de\/wp-content\/uploads\/2021\/10\/20211013042757_IMG_9411-1536x1024.jpg 1536w, https:\/\/familie-weitgereist.de\/wp-content\/uploads\/2021\/10\/20211013042757_IMG_9411-2048x1365.jpg 2048w, https:\/\/familie-weitgereist.de\/wp-content\/uploads\/2021\/10\/20211013042757_IMG_9411-1200x800.jpg 1200w, https:\/\/familie-weitgereist.de\/wp-content\/uploads\/2021\/10\/20211013042757_IMG_9411-1980x1320.jpg 1980w, https:\/\/familie-weitgereist.de\/wp-content\/uploads\/2021\/10\/20211013042757_IMG_9411-150x100.jpg 150w\" sizes=\"auto, (max-width: 1024px) 100vw, 1024px\" \/><figcaption>Haurvig Strand<\/figcaption><\/figure>\n\n\n\n<h2 class=\"wp-block-heading\" id=\"thy\">Nationalpark Thy<\/h2>\n\n\n\n<p>Der Nationalpark Thy ist der erste Nationalpark D\u00e4nemarks. Er wurde 2008 gegr\u00fcndet und ist mit einer Fl\u00e4che von 244km\u00b2 ziemlich gro\u00df f\u00fcr d\u00e4nische Verh\u00e4ltnisse. <\/p>\n\n\n\n<figure class=\"wp-block-image size-large\"><img loading=\"lazy\" decoding=\"async\" width=\"1024\" height=\"683\" src=\"https:\/\/familie-weitgereist.de\/wp-content\/uploads\/2021\/10\/20211014045439_IMG_9710-1024x683.jpg\" alt=\"\" class=\"wp-image-6931\" srcset=\"https:\/\/familie-weitgereist.de\/wp-content\/uploads\/2021\/10\/20211014045439_IMG_9710-1024x683.jpg 1024w, https:\/\/familie-weitgereist.de\/wp-content\/uploads\/2021\/10\/20211014045439_IMG_9710-300x200.jpg 300w, https:\/\/familie-weitgereist.de\/wp-content\/uploads\/2021\/10\/20211014045439_IMG_9710-768x512.jpg 768w, https:\/\/familie-weitgereist.de\/wp-content\/uploads\/2021\/10\/20211014045439_IMG_9710-1536x1024.jpg 1536w, https:\/\/familie-weitgereist.de\/wp-content\/uploads\/2021\/10\/20211014045439_IMG_9710-2048x1365.jpg 2048w, https:\/\/familie-weitgereist.de\/wp-content\/uploads\/2021\/10\/20211014045439_IMG_9710-1200x800.jpg 1200w, https:\/\/familie-weitgereist.de\/wp-content\/uploads\/2021\/10\/20211014045439_IMG_9710-1980x1320.jpg 1980w, https:\/\/familie-weitgereist.de\/wp-content\/uploads\/2021\/10\/20211014045439_IMG_9710-150x100.jpg 150w\" sizes=\"auto, (max-width: 1024px) 100vw, 1024px\" \/><figcaption>In den D\u00fcnen von Vorup\u00f8r<\/figcaption><\/figure>\n\n\n\n<p>Unser Roadtrip f\u00fchrte uns weiter in den Norden D\u00e4nemarks und wir sind in den d\u00e4nischen Fjorden. Wir wussten bis vor kurzem gar nicht, dass D\u00e4nemark Fjorde hat. Das Limfjord ist das gr\u00f6\u00dfte d\u00e4nische Fjord. Die Natur ist ein Traum und das st\u00fcrmische, windige, teils sonnige Wetter passt perfekt zu unserer Herbststimmung.<\/p>\n\n\n\n<figure class=\"wp-block-image\"><img loading=\"lazy\" decoding=\"async\" width=\"2560\" height=\"1707\" src=\"https:\/\/familie-weitgereist.de\/wp-content\/uploads\/2021\/10\/20211014040924_IMG_9662-scaled.jpg\" alt=\"\" class=\"wp-image-6939\" srcset=\"https:\/\/familie-weitgereist.de\/wp-content\/uploads\/2021\/10\/20211014040924_IMG_9662-scaled.jpg 2560w, https:\/\/familie-weitgereist.de\/wp-content\/uploads\/2021\/10\/20211014040924_IMG_9662-300x200.jpg 300w, https:\/\/familie-weitgereist.de\/wp-content\/uploads\/2021\/10\/20211014040924_IMG_9662-1024x683.jpg 1024w, https:\/\/familie-weitgereist.de\/wp-content\/uploads\/2021\/10\/20211014040924_IMG_9662-768x512.jpg 768w, https:\/\/familie-weitgereist.de\/wp-content\/uploads\/2021\/10\/20211014040924_IMG_9662-1536x1024.jpg 1536w, https:\/\/familie-weitgereist.de\/wp-content\/uploads\/2021\/10\/20211014040924_IMG_9662-2048x1365.jpg 2048w, https:\/\/familie-weitgereist.de\/wp-content\/uploads\/2021\/10\/20211014040924_IMG_9662-1200x800.jpg 1200w, https:\/\/familie-weitgereist.de\/wp-content\/uploads\/2021\/10\/20211014040924_IMG_9662-1980x1320.jpg 1980w, https:\/\/familie-weitgereist.de\/wp-content\/uploads\/2021\/10\/20211014040924_IMG_9662-150x100.jpg 150w\" sizes=\"auto, (max-width: 2560px) 100vw, 2560px\" \/><figcaption>Am Strand in Vorup\u00f8r<\/figcaption><\/figure>\n\n\n\n<p>Der <strong>Nationalpark Thy<\/strong> besteht haupts\u00e4chlich aus D\u00fcnen- und K\u00fcstenlandschaften. Interessant sind dabei die Klitplantagen. &#8222;Klit&#8220; ist das d\u00e4nische Wort f\u00fcr &#8222;D\u00fcne&#8220;. Um der Sandflucht zu begegnen, wurden ausl\u00e4ndische Kiefern gepflanzt, da einheimische Gew\u00e4chse nicht ausreichend wuchsen. Die Fichten hindern den Wind daran den Sand weiter in das Landesinnere zu treiben. Die D\u00fcnen am Meer unterliegen einem st\u00e4ndigen Wandel und sind dem starken Wind ausgesetzt. <\/p>\n\n\n\n<div id=\"wp-block-themeisle-blocks-slider-c2da2f60\" class=\"wp-block-themeisle-blocks-slider glide\" data-per-view=\"1\" data-gap=\"0\" data-peek=\"0\" data-autoplay=\"true\" data-height=\"430px\" data-hide-arrows=\"false\"><div class=\"glide__track\" data-glide-el=\"track\"><div class=\"glide__slides\"><div class=\"wp-block-themeisle-blocks-slider-item-wrapper glide__slide\" tabindex=\"0\"><figure><img decoding=\"async\" class=\"wp-block-themeisle-blocks-slider-item\" src=\"https:\/\/familie-weitgereist.de\/wp-content\/uploads\/2021\/10\/IMG_20211014_182605-scaled.jpg\" alt=\"\" title=\"\" data-id=\"6943\"\/><\/figure><\/div><div class=\"wp-block-themeisle-blocks-slider-item-wrapper glide__slide\" tabindex=\"0\"><figure><img decoding=\"async\" class=\"wp-block-themeisle-blocks-slider-item\" src=\"https:\/\/familie-weitgereist.de\/wp-content\/uploads\/2021\/10\/20211014045703_IMG_9717-scaled.jpg\" alt=\"\" title=\"\" data-id=\"6945\"\/><\/figure><\/div><div class=\"wp-block-themeisle-blocks-slider-item-wrapper glide__slide\" tabindex=\"0\"><figure><img decoding=\"async\" class=\"wp-block-themeisle-blocks-slider-item\" src=\"https:\/\/familie-weitgereist.de\/wp-content\/uploads\/2021\/10\/20211014051535_IMG_9753-scaled.jpg\" alt=\"\" title=\"\" data-id=\"6947\"\/><\/figure><\/div><div class=\"wp-block-themeisle-blocks-slider-item-wrapper glide__slide\" tabindex=\"0\"><figure><img decoding=\"async\" class=\"wp-block-themeisle-blocks-slider-item\" src=\"https:\/\/familie-weitgereist.de\/wp-content\/uploads\/2021\/10\/20211014050102_IMG_9733-scaled.jpg\" alt=\"\" title=\"\" data-id=\"6950\"\/><\/figure><\/div><\/div><div class=\"glide__bullets\" data-glide-el=\"controls[nav]\"><button class=\"glide__bullet\" data-glide-dir=\"=0\"><\/button><button class=\"glide__bullet\" data-glide-dir=\"=1\"><\/button><button class=\"glide__bullet\" data-glide-dir=\"=2\"><\/button><button class=\"glide__bullet\" data-glide-dir=\"=3\"><\/button><\/div><\/div><\/div>\n\n\n\n<p>Unser erster Halt war in <strong>Vorup\u00f8r<\/strong>, einem Ort an der Nordsee. <\/p>\n\n\n\n<figure class=\"wp-block-image size-large\"><img loading=\"lazy\" decoding=\"async\" width=\"1024\" height=\"683\" src=\"https:\/\/familie-weitgereist.de\/wp-content\/uploads\/2021\/10\/20211014045121_IMG_9702-1024x683.jpg\" alt=\"\" class=\"wp-image-6953\" srcset=\"https:\/\/familie-weitgereist.de\/wp-content\/uploads\/2021\/10\/20211014045121_IMG_9702-1024x683.jpg 1024w, https:\/\/familie-weitgereist.de\/wp-content\/uploads\/2021\/10\/20211014045121_IMG_9702-300x200.jpg 300w, https:\/\/familie-weitgereist.de\/wp-content\/uploads\/2021\/10\/20211014045121_IMG_9702-768x512.jpg 768w, https:\/\/familie-weitgereist.de\/wp-content\/uploads\/2021\/10\/20211014045121_IMG_9702-1536x1024.jpg 1536w, https:\/\/familie-weitgereist.de\/wp-content\/uploads\/2021\/10\/20211014045121_IMG_9702-2048x1365.jpg 2048w, https:\/\/familie-weitgereist.de\/wp-content\/uploads\/2021\/10\/20211014045121_IMG_9702-1200x800.jpg 1200w, https:\/\/familie-weitgereist.de\/wp-content\/uploads\/2021\/10\/20211014045121_IMG_9702-1980x1320.jpg 1980w, https:\/\/familie-weitgereist.de\/wp-content\/uploads\/2021\/10\/20211014045121_IMG_9702-150x100.jpg 150w\" sizes=\"auto, (max-width: 1024px) 100vw, 1024px\" \/><figcaption>Vorup\u00f8r<\/figcaption><\/figure>\n\n\n\n<p>Wir wurden von st\u00fcrmischem Wetter begr\u00fc\u00dft, mit der Zeit heiterte es sich auf. Wir verbrachten viel Zeit am Strand, schlenderten zur Mole, bestaunten die gestrandeten Boote und beobachteten die Surfer. Zudem lie\u00dfen wir uns eine Fischfrikadelle schmecken. <\/p>\n\n\n\n<div id=\"wp-block-themeisle-blocks-slider-727bebeb\" class=\"wp-block-themeisle-blocks-slider glide\" data-per-view=\"1\" data-gap=\"0\" data-peek=\"0\" data-autoplay=\"true\" data-height=\"418px\" data-hide-arrows=\"false\"><div class=\"glide__track\" data-glide-el=\"track\"><div class=\"glide__slides\"><div class=\"wp-block-themeisle-blocks-slider-item-wrapper glide__slide\" tabindex=\"0\"><figure><img decoding=\"async\" class=\"wp-block-themeisle-blocks-slider-item\" src=\"https:\/\/familie-weitgereist.de\/wp-content\/uploads\/2021\/10\/20211014034341_IMG_9615-scaled.jpg\" alt=\"\" title=\"\" data-id=\"6946\"\/><\/figure><\/div><div class=\"wp-block-themeisle-blocks-slider-item-wrapper glide__slide\" tabindex=\"0\"><figure><img decoding=\"async\" class=\"wp-block-themeisle-blocks-slider-item\" src=\"https:\/\/familie-weitgereist.de\/wp-content\/uploads\/2021\/10\/20211014032257_IMG_9596-1-scaled.jpg\" alt=\"\" title=\"\" data-id=\"6949\"\/><\/figure><\/div><div class=\"wp-block-themeisle-blocks-slider-item-wrapper glide__slide\" tabindex=\"0\"><figure><img decoding=\"async\" class=\"wp-block-themeisle-blocks-slider-item\" src=\"https:\/\/familie-weitgereist.de\/wp-content\/uploads\/2021\/10\/20211014032005_IMG_9586-1-scaled.jpg\" alt=\"\" title=\"\" data-id=\"6952\"\/><\/figure><\/div><\/div><div class=\"glide__bullets\" data-glide-el=\"controls[nav]\"><button class=\"glide__bullet\" data-glide-dir=\"=0\"><\/button><button class=\"glide__bullet\" data-glide-dir=\"=1\"><\/button><button class=\"glide__bullet\" data-glide-dir=\"=2\"><\/button><\/div><\/div><\/div>\n\n\n\n<p>Merlin liebte es durch die D\u00fcnen zu laufen. Es f\u00fchlte sich wie ein riesiges Labyrinth bei seiner Gr\u00f6\u00dfe an. Wir liefen auch hier sehr lang durch die D\u00fcnen und genossen die frische Brise.<\/p>\n\n\n\n<figure class=\"wp-block-image size-large\"><img loading=\"lazy\" decoding=\"async\" width=\"1024\" height=\"683\" src=\"https:\/\/familie-weitgereist.de\/wp-content\/uploads\/2021\/10\/20211014050141_IMG_9736-1024x683.jpg\" alt=\"\" class=\"wp-image-6944\" srcset=\"https:\/\/familie-weitgereist.de\/wp-content\/uploads\/2021\/10\/20211014050141_IMG_9736-1024x683.jpg 1024w, https:\/\/familie-weitgereist.de\/wp-content\/uploads\/2021\/10\/20211014050141_IMG_9736-300x200.jpg 300w, https:\/\/familie-weitgereist.de\/wp-content\/uploads\/2021\/10\/20211014050141_IMG_9736-768x512.jpg 768w, https:\/\/familie-weitgereist.de\/wp-content\/uploads\/2021\/10\/20211014050141_IMG_9736-1536x1024.jpg 1536w, https:\/\/familie-weitgereist.de\/wp-content\/uploads\/2021\/10\/20211014050141_IMG_9736-2048x1365.jpg 2048w, https:\/\/familie-weitgereist.de\/wp-content\/uploads\/2021\/10\/20211014050141_IMG_9736-1200x800.jpg 1200w, https:\/\/familie-weitgereist.de\/wp-content\/uploads\/2021\/10\/20211014050141_IMG_9736-1980x1320.jpg 1980w, https:\/\/familie-weitgereist.de\/wp-content\/uploads\/2021\/10\/20211014050141_IMG_9736-150x100.jpg 150w\" sizes=\"auto, (max-width: 1024px) 100vw, 1024px\" \/><\/figure>\n\n\n\n<p>Anschlie\u00dfend fuhren wir weiter in die <strong>Klitplantage nach Torup<\/strong>. Etwa eine Stunde sind wir durch wunderbaren Wald gelaufen. Die B\u00e4ume sind nicht besonders hoch und ein schmaler Sandpfad, dem wir folgten, schl\u00e4ngelte sich durch den Wald. Es war so sch\u00f6n! <\/p>\n\n\n\n<div id=\"wp-block-themeisle-blocks-slider-4a9bad9d\" class=\"wp-block-themeisle-blocks-slider glide\" data-per-view=\"1\" data-gap=\"0\" data-peek=\"0\" data-autoplay=\"true\" data-height=\"414px\" data-hide-arrows=\"false\"><div class=\"glide__track\" data-glide-el=\"track\"><div class=\"glide__slides\"><div class=\"wp-block-themeisle-blocks-slider-item-wrapper glide__slide\" tabindex=\"0\"><figure><img decoding=\"async\" class=\"wp-block-themeisle-blocks-slider-item\" src=\"https:\/\/familie-weitgereist.de\/wp-content\/uploads\/2021\/10\/20211014064747_IMG_9785-scaled.jpg\" alt=\"\" title=\"\" data-id=\"6951\"\/><\/figure><\/div><div class=\"wp-block-themeisle-blocks-slider-item-wrapper glide__slide\" tabindex=\"0\"><figure><img decoding=\"async\" class=\"wp-block-themeisle-blocks-slider-item\" src=\"https:\/\/familie-weitgereist.de\/wp-content\/uploads\/2021\/10\/20211014062248_IMG_9775-scaled.jpg\" alt=\"\" title=\"\" data-id=\"6954\"\/><\/figure><\/div><div class=\"wp-block-themeisle-blocks-slider-item-wrapper glide__slide\" tabindex=\"0\"><figure><img decoding=\"async\" class=\"wp-block-themeisle-blocks-slider-item\" src=\"https:\/\/familie-weitgereist.de\/wp-content\/uploads\/2021\/10\/20211014062256_IMG_9776-scaled.jpg\" alt=\"\" title=\"\" data-id=\"6957\"\/><\/figure><\/div><\/div><div class=\"glide__bullets\" data-glide-el=\"controls[nav]\"><button class=\"glide__bullet\" data-glide-dir=\"=0\"><\/button><button class=\"glide__bullet\" data-glide-dir=\"=1\"><\/button><button class=\"glide__bullet\" data-glide-dir=\"=2\"><\/button><\/div><\/div><\/div>\n\n\n\n<h2 class=\"wp-block-heading\" id=\"morso\">Ausflug zur Insel Mors\u00f8<\/h2>\n\n\n\n<p>Die Insel Mors\u00f8 befindet sich im Limfjord und ist \u00fcber Br\u00fccken und F\u00e4hren zu erreichen. Wir sind bei Vilsund Vest \u00fcber die Br\u00fccke gefahren und waren auf Mors\u00f8. Wir haben den Eindruck, dass immer weniger Touristen da sind. Wir begegneten generell nur ganz wenigen Menschen. (: <\/p>\n\n\n\n<figure class=\"wp-block-image size-large\"><img loading=\"lazy\" decoding=\"async\" width=\"1024\" height=\"683\" src=\"https:\/\/familie-weitgereist.de\/wp-content\/uploads\/2021\/10\/20211015023824_IMG_9819-1024x683.jpg\" alt=\"\" class=\"wp-image-6970\" srcset=\"https:\/\/familie-weitgereist.de\/wp-content\/uploads\/2021\/10\/20211015023824_IMG_9819-1024x683.jpg 1024w, https:\/\/familie-weitgereist.de\/wp-content\/uploads\/2021\/10\/20211015023824_IMG_9819-300x200.jpg 300w, https:\/\/familie-weitgereist.de\/wp-content\/uploads\/2021\/10\/20211015023824_IMG_9819-768x512.jpg 768w, https:\/\/familie-weitgereist.de\/wp-content\/uploads\/2021\/10\/20211015023824_IMG_9819-1536x1024.jpg 1536w, https:\/\/familie-weitgereist.de\/wp-content\/uploads\/2021\/10\/20211015023824_IMG_9819-2048x1365.jpg 2048w, https:\/\/familie-weitgereist.de\/wp-content\/uploads\/2021\/10\/20211015023824_IMG_9819-1200x800.jpg 1200w, https:\/\/familie-weitgereist.de\/wp-content\/uploads\/2021\/10\/20211015023824_IMG_9819-1980x1320.jpg 1980w, https:\/\/familie-weitgereist.de\/wp-content\/uploads\/2021\/10\/20211015023824_IMG_9819-150x100.jpg 150w\" sizes=\"auto, (max-width: 1024px) 100vw, 1024px\" \/><figcaption>Hanklit Klippen<\/figcaption><\/figure>\n\n\n\n<p>Die Insel Mors\u00f8 ist bekannt f\u00fcr ihre wundersch\u00f6nen Klippen. Unser erster Halt auf der Insel waren die <strong>Hanklit Klippen<\/strong>. Es war zwar sehr windig, fast schon st\u00fcrmisch. Das Wetter war aber traumhaft, viel Sonne, tosende Wellen im Fjord und strahlend blauer Himmel. Ein Traum! <\/p>\n\n\n\n<figure class=\"wp-block-image size-large\"><img loading=\"lazy\" decoding=\"async\" width=\"1024\" height=\"683\" src=\"https:\/\/familie-weitgereist.de\/wp-content\/uploads\/2021\/10\/20211015024035_IMG_9828-1024x683.jpg\" alt=\"\" class=\"wp-image-6972\" srcset=\"https:\/\/familie-weitgereist.de\/wp-content\/uploads\/2021\/10\/20211015024035_IMG_9828-1024x683.jpg 1024w, https:\/\/familie-weitgereist.de\/wp-content\/uploads\/2021\/10\/20211015024035_IMG_9828-300x200.jpg 300w, https:\/\/familie-weitgereist.de\/wp-content\/uploads\/2021\/10\/20211015024035_IMG_9828-768x512.jpg 768w, https:\/\/familie-weitgereist.de\/wp-content\/uploads\/2021\/10\/20211015024035_IMG_9828-1536x1024.jpg 1536w, https:\/\/familie-weitgereist.de\/wp-content\/uploads\/2021\/10\/20211015024035_IMG_9828-2048x1365.jpg 2048w, https:\/\/familie-weitgereist.de\/wp-content\/uploads\/2021\/10\/20211015024035_IMG_9828-1200x800.jpg 1200w, https:\/\/familie-weitgereist.de\/wp-content\/uploads\/2021\/10\/20211015024035_IMG_9828-1980x1320.jpg 1980w, https:\/\/familie-weitgereist.de\/wp-content\/uploads\/2021\/10\/20211015024035_IMG_9828-150x100.jpg 150w\" sizes=\"auto, (max-width: 1024px) 100vw, 1024px\" \/><\/figure>\n\n\n\n<p>Wir parkten unser Auto auf dem offiziellen Parkplatz und liefen den schmalen Klippenpfad entlang. Oben angekommen, kann man auf einer Picknickbank Platz nehmen und die Aussicht genie\u00dfen. Wir sind an den Klippen etwas entlang gelaufen und folgten vielen Stufen nach unten zum Meer. Bei weniger tosenden Wellen, kann man unten an den Klippen entlang zur\u00fcck wandern. Bei uns waren die Wellen zu hoch und das Meer zu st\u00fcrmisch, sodass die Wellen bis an die Klippen peitschten. <\/p>\n\n\n\n<figure class=\"wp-block-image size-large\"><img loading=\"lazy\" decoding=\"async\" width=\"1024\" height=\"683\" src=\"https:\/\/familie-weitgereist.de\/wp-content\/uploads\/2021\/10\/20211015031725_IMG_9886-1024x683.jpg\" alt=\"\" class=\"wp-image-6987\" srcset=\"https:\/\/familie-weitgereist.de\/wp-content\/uploads\/2021\/10\/20211015031725_IMG_9886-1024x683.jpg 1024w, https:\/\/familie-weitgereist.de\/wp-content\/uploads\/2021\/10\/20211015031725_IMG_9886-300x200.jpg 300w, https:\/\/familie-weitgereist.de\/wp-content\/uploads\/2021\/10\/20211015031725_IMG_9886-768x512.jpg 768w, https:\/\/familie-weitgereist.de\/wp-content\/uploads\/2021\/10\/20211015031725_IMG_9886-1536x1024.jpg 1536w, https:\/\/familie-weitgereist.de\/wp-content\/uploads\/2021\/10\/20211015031725_IMG_9886-2048x1365.jpg 2048w, https:\/\/familie-weitgereist.de\/wp-content\/uploads\/2021\/10\/20211015031725_IMG_9886-1200x800.jpg 1200w, https:\/\/familie-weitgereist.de\/wp-content\/uploads\/2021\/10\/20211015031725_IMG_9886-1980x1320.jpg 1980w, https:\/\/familie-weitgereist.de\/wp-content\/uploads\/2021\/10\/20211015031725_IMG_9886-150x100.jpg 150w\" sizes=\"auto, (max-width: 1024px) 100vw, 1024px\" \/><\/figure>\n\n\n\n<div id=\"wp-block-themeisle-blocks-slider-c7d0ff68\" class=\"wp-block-themeisle-blocks-slider glide\" data-per-view=\"1\" data-gap=\"0\" data-peek=\"0\" data-autoplay=\"true\" data-height=\"413px\" data-hide-arrows=\"false\"><div class=\"glide__track\" data-glide-el=\"track\"><div class=\"glide__slides\"><div class=\"wp-block-themeisle-blocks-slider-item-wrapper glide__slide\" tabindex=\"0\"><figure><img decoding=\"async\" class=\"wp-block-themeisle-blocks-slider-item\" src=\"https:\/\/familie-weitgereist.de\/wp-content\/uploads\/2021\/10\/20211015023039_IMG_9809-scaled.jpg\" alt=\"\" title=\"\" data-id=\"6974\"\/><\/figure><\/div><div class=\"wp-block-themeisle-blocks-slider-item-wrapper glide__slide\" tabindex=\"0\"><figure><img decoding=\"async\" class=\"wp-block-themeisle-blocks-slider-item\" src=\"https:\/\/familie-weitgereist.de\/wp-content\/uploads\/2021\/10\/20211015024942_IMG_9845-scaled.jpg\" alt=\"\" title=\"\" data-id=\"6975\"\/><\/figure><\/div><div class=\"wp-block-themeisle-blocks-slider-item-wrapper glide__slide\" tabindex=\"0\"><figure><img decoding=\"async\" class=\"wp-block-themeisle-blocks-slider-item\" src=\"https:\/\/familie-weitgereist.de\/wp-content\/uploads\/2021\/10\/20211015022315_IMG_9801-scaled.jpg\" alt=\"\" title=\"\" data-id=\"6977\"\/><\/figure><\/div><div class=\"wp-block-themeisle-blocks-slider-item-wrapper glide__slide\" tabindex=\"0\"><figure><img decoding=\"async\" class=\"wp-block-themeisle-blocks-slider-item\" src=\"https:\/\/familie-weitgereist.de\/wp-content\/uploads\/2021\/10\/20211015025006_IMG_9846-scaled.jpg\" alt=\"\" title=\"\" data-id=\"6979\"\/><\/figure><\/div><div class=\"wp-block-themeisle-blocks-slider-item-wrapper glide__slide\" tabindex=\"0\"><figure><img decoding=\"async\" class=\"wp-block-themeisle-blocks-slider-item\" src=\"https:\/\/familie-weitgereist.de\/wp-content\/uploads\/2021\/10\/20211015024622_IMG_9841-scaled.jpg\" alt=\"\" title=\"\" data-id=\"6983\"\/><\/figure><\/div><div class=\"wp-block-themeisle-blocks-slider-item-wrapper glide__slide\" tabindex=\"0\"><figure><img decoding=\"async\" class=\"wp-block-themeisle-blocks-slider-item\" src=\"https:\/\/familie-weitgereist.de\/wp-content\/uploads\/2021\/10\/20211015022241_IMG_9799-scaled.jpg\" alt=\"\" title=\"\" data-id=\"6985\"\/><\/figure><\/div><\/div><div class=\"glide__bullets\" data-glide-el=\"controls[nav]\"><button class=\"glide__bullet\" data-glide-dir=\"=0\"><\/button><button class=\"glide__bullet\" data-glide-dir=\"=1\"><\/button><button class=\"glide__bullet\" data-glide-dir=\"=2\"><\/button><button class=\"glide__bullet\" data-glide-dir=\"=3\"><\/button><button class=\"glide__bullet\" data-glide-dir=\"=4\"><\/button><button class=\"glide__bullet\" data-glide-dir=\"=5\"><\/button><\/div><\/div><\/div>\n\n\n\n<p>Nachdem wir uns die Klippen angeschaut haben, sind wir weiter gefahren. Unser n\u00e4chster Halt war der <strong>Hafen von Ejerslev<\/strong>. <\/p>\n\n\n\n<figure class=\"wp-block-image size-large\"><img loading=\"lazy\" decoding=\"async\" width=\"1024\" height=\"683\" src=\"https:\/\/familie-weitgereist.de\/wp-content\/uploads\/2021\/10\/20211015045325_IMG_9938-1024x683.jpg\" alt=\"\" class=\"wp-image-6980\" srcset=\"https:\/\/familie-weitgereist.de\/wp-content\/uploads\/2021\/10\/20211015045325_IMG_9938-1024x683.jpg 1024w, https:\/\/familie-weitgereist.de\/wp-content\/uploads\/2021\/10\/20211015045325_IMG_9938-300x200.jpg 300w, https:\/\/familie-weitgereist.de\/wp-content\/uploads\/2021\/10\/20211015045325_IMG_9938-768x512.jpg 768w, https:\/\/familie-weitgereist.de\/wp-content\/uploads\/2021\/10\/20211015045325_IMG_9938-1536x1024.jpg 1536w, https:\/\/familie-weitgereist.de\/wp-content\/uploads\/2021\/10\/20211015045325_IMG_9938-2048x1365.jpg 2048w, https:\/\/familie-weitgereist.de\/wp-content\/uploads\/2021\/10\/20211015045325_IMG_9938-1200x800.jpg 1200w, https:\/\/familie-weitgereist.de\/wp-content\/uploads\/2021\/10\/20211015045325_IMG_9938-1980x1320.jpg 1980w, https:\/\/familie-weitgereist.de\/wp-content\/uploads\/2021\/10\/20211015045325_IMG_9938-150x100.jpg 150w\" sizes=\"auto, (max-width: 1024px) 100vw, 1024px\" \/><figcaption>Ejerslev Havn<\/figcaption><\/figure>\n\n\n\n<p>Auch hier waren kaum Menschen unterwegs. Im Sommer ist bestimmt etwas mehr los. Einige Boote lagen im Wasser. Das sch\u00f6ne an diesem Hafen ist, dass er direkt an einer Klippe liegt. Wir liefen einen 1,2km langen Rundweg durch die Lagune, ein kleiner See, der zwischen den Klippen liegt. <\/p>\n\n\n\n<div id=\"wp-block-themeisle-blocks-slider-88a84419\" class=\"wp-block-themeisle-blocks-slider glide\" data-per-view=\"1\" data-gap=\"0\" data-peek=\"0\" data-autoplay=\"true\" data-height=\"467px\" data-hide-arrows=\"false\"><div class=\"glide__track\" data-glide-el=\"track\"><div class=\"glide__slides\"><div class=\"wp-block-themeisle-blocks-slider-item-wrapper glide__slide\" tabindex=\"0\"><figure><img decoding=\"async\" class=\"wp-block-themeisle-blocks-slider-item\" src=\"https:\/\/familie-weitgereist.de\/wp-content\/uploads\/2021\/10\/20211015044402_IMG_9926-scaled.jpg\" alt=\"\" title=\"\" data-id=\"6984\"\/><\/figure><\/div><div class=\"wp-block-themeisle-blocks-slider-item-wrapper glide__slide\" tabindex=\"0\"><figure><img decoding=\"async\" class=\"wp-block-themeisle-blocks-slider-item\" src=\"https:\/\/familie-weitgereist.de\/wp-content\/uploads\/2021\/10\/20211015050055_IMG_9949-scaled.jpg\" alt=\"\" title=\"\" data-id=\"6986\"\/><\/figure><\/div><div class=\"wp-block-themeisle-blocks-slider-item-wrapper glide__slide\" tabindex=\"0\"><figure><img decoding=\"async\" class=\"wp-block-themeisle-blocks-slider-item\" src=\"https:\/\/familie-weitgereist.de\/wp-content\/uploads\/2021\/10\/20211015050139_IMG_9950-scaled.jpg\" alt=\"\" title=\"\" data-id=\"6988\"\/><\/figure><\/div><div class=\"wp-block-themeisle-blocks-slider-item-wrapper glide__slide\" tabindex=\"0\"><figure><img decoding=\"async\" class=\"wp-block-themeisle-blocks-slider-item\" src=\"https:\/\/familie-weitgereist.de\/wp-content\/uploads\/2021\/10\/20211015050212_IMG_0003-scaled.jpg\" alt=\"\" title=\"\" data-id=\"6989\"\/><\/figure><\/div><div class=\"wp-block-themeisle-blocks-slider-item-wrapper glide__slide\" tabindex=\"0\"><figure><img decoding=\"async\" class=\"wp-block-themeisle-blocks-slider-item\" src=\"https:\/\/familie-weitgereist.de\/wp-content\/uploads\/2021\/10\/20211015055257_IMG_0024-scaled.jpg\" alt=\"\" title=\"\" data-id=\"6990\"\/><\/figure><\/div><\/div><div class=\"glide__bullets\" data-glide-el=\"controls[nav]\"><button class=\"glide__bullet\" data-glide-dir=\"=0\"><\/button><button class=\"glide__bullet\" data-glide-dir=\"=1\"><\/button><button class=\"glide__bullet\" data-glide-dir=\"=2\"><\/button><button class=\"glide__bullet\" data-glide-dir=\"=3\"><\/button><button class=\"glide__bullet\" data-glide-dir=\"=4\"><\/button><\/div><\/div><\/div>\n\n\n\n<p>Ein sch\u00f6ner Spielplatz, mit vielen Spielsachen erfreute besonders Merlin und wir verbrachten einige Zeit dort. <\/p>\n\n\n\n<figure class=\"wp-block-image size-large\"><img loading=\"lazy\" decoding=\"async\" width=\"1024\" height=\"683\" src=\"https:\/\/familie-weitgereist.de\/wp-content\/uploads\/2021\/10\/20211015043412_IMG_9917-1024x683.jpg\" alt=\"\" class=\"wp-image-6982\" srcset=\"https:\/\/familie-weitgereist.de\/wp-content\/uploads\/2021\/10\/20211015043412_IMG_9917-1024x683.jpg 1024w, https:\/\/familie-weitgereist.de\/wp-content\/uploads\/2021\/10\/20211015043412_IMG_9917-300x200.jpg 300w, https:\/\/familie-weitgereist.de\/wp-content\/uploads\/2021\/10\/20211015043412_IMG_9917-768x512.jpg 768w, https:\/\/familie-weitgereist.de\/wp-content\/uploads\/2021\/10\/20211015043412_IMG_9917-1536x1024.jpg 1536w, https:\/\/familie-weitgereist.de\/wp-content\/uploads\/2021\/10\/20211015043412_IMG_9917-2048x1365.jpg 2048w, https:\/\/familie-weitgereist.de\/wp-content\/uploads\/2021\/10\/20211015043412_IMG_9917-1200x800.jpg 1200w, https:\/\/familie-weitgereist.de\/wp-content\/uploads\/2021\/10\/20211015043412_IMG_9917-1980x1320.jpg 1980w, https:\/\/familie-weitgereist.de\/wp-content\/uploads\/2021\/10\/20211015043412_IMG_9917-150x100.jpg 150w\" sizes=\"auto, (max-width: 1024px) 100vw, 1024px\" \/><\/figure>\n\n\n\n<p>Danach sind wir noch nach <strong>Nyk\u00f8bing Mors\u00f8<\/strong> gefahren, die gr\u00f6\u00dfte Stadt der Insel. Als wir dort waren, war die ganze Altstadt f\u00fcr Halloween dekoriert. Wir liefen am Hafen entlang, entdeckten die Altstadt mit einer sch\u00f6nen Kirche und kauften noch viele S\u00fc\u00dfigkeiten in einem Supermarkt. Ein Traum f\u00fcr Merlin, da man sich alle S\u00fc\u00dfigkeiten selbst aussuchen und zusammenstellen kann. <\/p>\n\n\n\n<figure class=\"wp-block-image size-large\"><img loading=\"lazy\" decoding=\"async\" width=\"1024\" height=\"683\" src=\"https:\/\/familie-weitgereist.de\/wp-content\/uploads\/2021\/10\/20211015072109_IMG_0047-1024x683.jpg\" alt=\"\" class=\"wp-image-7196\" srcset=\"https:\/\/familie-weitgereist.de\/wp-content\/uploads\/2021\/10\/20211015072109_IMG_0047-1024x683.jpg 1024w, https:\/\/familie-weitgereist.de\/wp-content\/uploads\/2021\/10\/20211015072109_IMG_0047-300x200.jpg 300w, https:\/\/familie-weitgereist.de\/wp-content\/uploads\/2021\/10\/20211015072109_IMG_0047-768x512.jpg 768w, https:\/\/familie-weitgereist.de\/wp-content\/uploads\/2021\/10\/20211015072109_IMG_0047-1536x1024.jpg 1536w, https:\/\/familie-weitgereist.de\/wp-content\/uploads\/2021\/10\/20211015072109_IMG_0047-2048x1365.jpg 2048w, https:\/\/familie-weitgereist.de\/wp-content\/uploads\/2021\/10\/20211015072109_IMG_0047-1200x800.jpg 1200w, https:\/\/familie-weitgereist.de\/wp-content\/uploads\/2021\/10\/20211015072109_IMG_0047-1980x1320.jpg 1980w, https:\/\/familie-weitgereist.de\/wp-content\/uploads\/2021\/10\/20211015072109_IMG_0047-150x100.jpg 150w\" sizes=\"auto, (max-width: 1024px) 100vw, 1024px\" \/><figcaption>Candy Bars in D\u00e4nemark<\/figcaption><\/figure>\n\n\n\n<div id=\"wp-block-themeisle-blocks-slider-37b1c320\" class=\"wp-block-themeisle-blocks-slider glide\" data-per-view=\"1\" data-gap=\"0\" data-peek=\"0\" data-autoplay=\"true\" data-height=\"385px\" data-hide-arrows=\"false\"><div class=\"glide__track\" data-glide-el=\"track\"><div class=\"glide__slides\"><div class=\"wp-block-themeisle-blocks-slider-item-wrapper glide__slide\" tabindex=\"0\"><figure><img decoding=\"async\" class=\"wp-block-themeisle-blocks-slider-item\" src=\"https:\/\/familie-weitgereist.de\/wp-content\/uploads\/2021\/10\/20211015074509_IMG_0056-scaled.jpg\" alt=\"\" title=\"\" data-id=\"6992\"\/><\/figure><\/div><div class=\"wp-block-themeisle-blocks-slider-item-wrapper glide__slide\" tabindex=\"0\"><figure><img decoding=\"async\" class=\"wp-block-themeisle-blocks-slider-item\" src=\"https:\/\/familie-weitgereist.de\/wp-content\/uploads\/2021\/10\/20211015075250_IMG_0060-scaled.jpg\" alt=\"\" title=\"\" data-id=\"6994\"\/><\/figure><\/div><div class=\"wp-block-themeisle-blocks-slider-item-wrapper glide__slide\" tabindex=\"0\"><figure><img decoding=\"async\" class=\"wp-block-themeisle-blocks-slider-item\" src=\"https:\/\/familie-weitgereist.de\/wp-content\/uploads\/2021\/10\/20211015065659_IMG_0029-scaled.jpg\" alt=\"\" title=\"\" data-id=\"6996\"\/><\/figure><\/div><div class=\"wp-block-themeisle-blocks-slider-item-wrapper glide__slide\" tabindex=\"0\"><figure><img decoding=\"async\" class=\"wp-block-themeisle-blocks-slider-item\" src=\"https:\/\/familie-weitgereist.de\/wp-content\/uploads\/2021\/10\/20211015075215_IMG_0058-scaled.jpg\" alt=\"\" title=\"\" data-id=\"6997\"\/><\/figure><\/div><div class=\"wp-block-themeisle-blocks-slider-item-wrapper glide__slide\" tabindex=\"0\"><figure><img decoding=\"async\" class=\"wp-block-themeisle-blocks-slider-item\" src=\"https:\/\/familie-weitgereist.de\/wp-content\/uploads\/2021\/10\/20211015071204_IMG_0035-scaled.jpg\" alt=\"\" title=\"\" data-id=\"6998\"\/><\/figure><\/div><\/div><div class=\"glide__bullets\" data-glide-el=\"controls[nav]\"><button class=\"glide__bullet\" data-glide-dir=\"=0\"><\/button><button class=\"glide__bullet\" data-glide-dir=\"=1\"><\/button><button class=\"glide__bullet\" data-glide-dir=\"=2\"><\/button><button class=\"glide__bullet\" data-glide-dir=\"=3\"><\/button><button class=\"glide__bullet\" data-glide-dir=\"=4\"><\/button><\/div><\/div><\/div>\n\n\n\n<h2 class=\"wp-block-heading\" id=\"vigso\">Vigs\u00f8 Strand<\/h2>\n\n\n\n<p>Unser n\u00e4chstes Abenteuer f\u00fchrte uns an den Strand von Vigs\u00f8. Der Parkplatz befindet sich unmittelbar vor den D\u00fcnen. Wir rannten wieder durch die D\u00fcnen und hatten ein kleines Picknick in den windsch\u00fctzenden D\u00fcnen. <\/p>\n\n\n\n<figure class=\"wp-block-image size-large\"><img loading=\"lazy\" decoding=\"async\" width=\"1024\" height=\"683\" src=\"https:\/\/familie-weitgereist.de\/wp-content\/uploads\/2021\/10\/20211016025910_IMG_0134-1024x683.jpg\" alt=\"\" class=\"wp-image-7013\" srcset=\"https:\/\/familie-weitgereist.de\/wp-content\/uploads\/2021\/10\/20211016025910_IMG_0134-1024x683.jpg 1024w, https:\/\/familie-weitgereist.de\/wp-content\/uploads\/2021\/10\/20211016025910_IMG_0134-300x200.jpg 300w, https:\/\/familie-weitgereist.de\/wp-content\/uploads\/2021\/10\/20211016025910_IMG_0134-768x512.jpg 768w, https:\/\/familie-weitgereist.de\/wp-content\/uploads\/2021\/10\/20211016025910_IMG_0134-1536x1024.jpg 1536w, https:\/\/familie-weitgereist.de\/wp-content\/uploads\/2021\/10\/20211016025910_IMG_0134-2048x1365.jpg 2048w, https:\/\/familie-weitgereist.de\/wp-content\/uploads\/2021\/10\/20211016025910_IMG_0134-1200x800.jpg 1200w, https:\/\/familie-weitgereist.de\/wp-content\/uploads\/2021\/10\/20211016025910_IMG_0134-1980x1320.jpg 1980w, https:\/\/familie-weitgereist.de\/wp-content\/uploads\/2021\/10\/20211016025910_IMG_0134-150x100.jpg 150w\" sizes=\"auto, (max-width: 1024px) 100vw, 1024px\" \/><figcaption>Vigs\u00f8 Strand<\/figcaption><\/figure>\n\n\n\n<p>Der Strand von Vigs\u00f8 besteht aus vielen angesp\u00fclten Steinen. Aufgrund des festen Sandes l\u00e4sst es sich wunderbar spazieren gehen. <\/p>\n\n\n\n<figure class=\"wp-block-image size-large\"><img loading=\"lazy\" decoding=\"async\" width=\"1024\" height=\"683\" src=\"https:\/\/familie-weitgereist.de\/wp-content\/uploads\/2021\/10\/20211016032344_IMG_0197-1024x683.jpg\" alt=\"\" class=\"wp-image-7017\" srcset=\"https:\/\/familie-weitgereist.de\/wp-content\/uploads\/2021\/10\/20211016032344_IMG_0197-1024x683.jpg 1024w, https:\/\/familie-weitgereist.de\/wp-content\/uploads\/2021\/10\/20211016032344_IMG_0197-300x200.jpg 300w, https:\/\/familie-weitgereist.de\/wp-content\/uploads\/2021\/10\/20211016032344_IMG_0197-768x512.jpg 768w, https:\/\/familie-weitgereist.de\/wp-content\/uploads\/2021\/10\/20211016032344_IMG_0197-1536x1024.jpg 1536w, https:\/\/familie-weitgereist.de\/wp-content\/uploads\/2021\/10\/20211016032344_IMG_0197-2048x1365.jpg 2048w, https:\/\/familie-weitgereist.de\/wp-content\/uploads\/2021\/10\/20211016032344_IMG_0197-1200x800.jpg 1200w, https:\/\/familie-weitgereist.de\/wp-content\/uploads\/2021\/10\/20211016032344_IMG_0197-1980x1320.jpg 1980w, https:\/\/familie-weitgereist.de\/wp-content\/uploads\/2021\/10\/20211016032344_IMG_0197-150x100.jpg 150w\" sizes=\"auto, (max-width: 1024px) 100vw, 1024px\" \/><\/figure>\n\n\n\n<p>Der Strand ist besonders bekannt durch die Bunkeranlagen aus der Zeit des 2. Weltkrieges. Unvorstellbar, dass in dieser herrlichen Natur und vor dieser wunderbaren Kulisse Krieg getrieben wurde. Heute stehen sie wie mahnende Erinnerungen im Wasser und trotzen den Wellen. <\/p>\n\n\n\n<div id=\"wp-block-themeisle-blocks-slider-c6871999\" class=\"wp-block-themeisle-blocks-slider glide\" data-per-view=\"1\" data-gap=\"0\" data-peek=\"0\" data-autoplay=\"true\" data-height=\"387px\" data-hide-arrows=\"false\"><div class=\"glide__track\" data-glide-el=\"track\"><div class=\"glide__slides\"><div class=\"wp-block-themeisle-blocks-slider-item-wrapper glide__slide\" tabindex=\"0\"><figure><img decoding=\"async\" class=\"wp-block-themeisle-blocks-slider-item\" src=\"https:\/\/familie-weitgereist.de\/wp-content\/uploads\/2021\/10\/20211016030739_IMG_0152-scaled.jpg\" alt=\"\" title=\"\" data-id=\"7016\"\/><\/figure><\/div><div class=\"wp-block-themeisle-blocks-slider-item-wrapper glide__slide\" tabindex=\"0\"><figure><img decoding=\"async\" class=\"wp-block-themeisle-blocks-slider-item\" src=\"https:\/\/familie-weitgereist.de\/wp-content\/uploads\/2021\/10\/20211016030333_IMG_0142-scaled.jpg\" alt=\"\" title=\"\" data-id=\"7019\"\/><\/figure><\/div><div class=\"wp-block-themeisle-blocks-slider-item-wrapper glide__slide\" tabindex=\"0\"><figure><img decoding=\"async\" class=\"wp-block-themeisle-blocks-slider-item\" src=\"https:\/\/familie-weitgereist.de\/wp-content\/uploads\/2021\/10\/20211016030805_IMG_0155-scaled.jpg\" alt=\"\" title=\"\" data-id=\"7020\"\/><\/figure><\/div><div class=\"wp-block-themeisle-blocks-slider-item-wrapper glide__slide\" tabindex=\"0\"><figure><img decoding=\"async\" class=\"wp-block-themeisle-blocks-slider-item\" src=\"https:\/\/familie-weitgereist.de\/wp-content\/uploads\/2021\/10\/20211016024414_IMG_0117-scaled.jpg\" alt=\"\" title=\"\" data-id=\"7023\"\/><\/figure><\/div><\/div><div class=\"glide__bullets\" data-glide-el=\"controls[nav]\"><button class=\"glide__bullet\" data-glide-dir=\"=0\"><\/button><button class=\"glide__bullet\" data-glide-dir=\"=1\"><\/button><button class=\"glide__bullet\" data-glide-dir=\"=2\"><\/button><button class=\"glide__bullet\" data-glide-dir=\"=3\"><\/button><\/div><\/div><\/div>\n\n\n\n<p>Wir kletterten auf die Bunker und in die Bunker hinein, bei denen es m\u00f6glich war. Nicht alle k\u00f6nnen erreicht werden, viele werden von den Wellen immer wieder \u00fcbersp\u00fclt. <\/p>\n\n\n\n<div id=\"wp-block-themeisle-blocks-slider-54a4f3b1\" class=\"wp-block-themeisle-blocks-slider glide\" data-per-view=\"1\" data-gap=\"0\" data-peek=\"0\" data-autoplay=\"true\" data-height=\"382px\" data-hide-arrows=\"false\"><div class=\"glide__track\" data-glide-el=\"track\"><div class=\"glide__slides\"><div class=\"wp-block-themeisle-blocks-slider-item-wrapper glide__slide\" tabindex=\"0\"><figure><img decoding=\"async\" class=\"wp-block-themeisle-blocks-slider-item\" src=\"https:\/\/familie-weitgereist.de\/wp-content\/uploads\/2021\/10\/20211016023622_IMG_0098-scaled.jpg\" alt=\"\" title=\"\" data-id=\"7021\"\/><\/figure><\/div><div class=\"wp-block-themeisle-blocks-slider-item-wrapper glide__slide\" tabindex=\"0\"><figure><img decoding=\"async\" class=\"wp-block-themeisle-blocks-slider-item\" src=\"https:\/\/familie-weitgereist.de\/wp-content\/uploads\/2021\/10\/20211016023913_IMG_0104-scaled.jpg\" alt=\"\" title=\"\" data-id=\"7025\"\/><\/figure><\/div><\/div><div class=\"glide__bullets\" data-glide-el=\"controls[nav]\"><button class=\"glide__bullet\" data-glide-dir=\"=0\"><\/button><button class=\"glide__bullet\" data-glide-dir=\"=1\"><\/button><\/div><\/div><\/div>\n\n\n\n<p>Anschlie\u00dfend fuhren wir noch nach <strong>Hanstholm<\/strong>. Dort befindet sich auch ein Bunkermuseum. Wir besichtigten einen weiteren Bunker, der auf einer Anh\u00f6he vor dem Strand steht. Dieser Bunker ist riesig und es ist kaum zu glauben, dass die Bunker frei zug\u00e4nglich sind. <\/p>\n\n\n\n<figure class=\"wp-block-image size-large\"><img loading=\"lazy\" decoding=\"async\" width=\"1024\" height=\"683\" src=\"https:\/\/familie-weitgereist.de\/wp-content\/uploads\/2021\/10\/20211016043425_IMG_0251-1024x683.jpg\" alt=\"\" class=\"wp-image-7022\" srcset=\"https:\/\/familie-weitgereist.de\/wp-content\/uploads\/2021\/10\/20211016043425_IMG_0251-1024x683.jpg 1024w, https:\/\/familie-weitgereist.de\/wp-content\/uploads\/2021\/10\/20211016043425_IMG_0251-300x200.jpg 300w, https:\/\/familie-weitgereist.de\/wp-content\/uploads\/2021\/10\/20211016043425_IMG_0251-768x512.jpg 768w, https:\/\/familie-weitgereist.de\/wp-content\/uploads\/2021\/10\/20211016043425_IMG_0251-1536x1024.jpg 1536w, https:\/\/familie-weitgereist.de\/wp-content\/uploads\/2021\/10\/20211016043425_IMG_0251-2048x1365.jpg 2048w, https:\/\/familie-weitgereist.de\/wp-content\/uploads\/2021\/10\/20211016043425_IMG_0251-1200x800.jpg 1200w, https:\/\/familie-weitgereist.de\/wp-content\/uploads\/2021\/10\/20211016043425_IMG_0251-1980x1320.jpg 1980w, https:\/\/familie-weitgereist.de\/wp-content\/uploads\/2021\/10\/20211016043425_IMG_0251-150x100.jpg 150w\" sizes=\"auto, (max-width: 1024px) 100vw, 1024px\" \/><\/figure>\n\n\n\n<p>Zum Abschluss des Tages besuchten wir noch das Schwimmbad in Sydthy. <\/p>\n\n\n\n<h2 class=\"wp-block-heading\" id=\"lokken\">L\u00f8kken<\/h2>\n\n\n\n<p>Unsere Reise in den Norden D\u00e4nemarks geht weiter. Wir sind weiter n\u00f6rdlich des Limfjords gefahren und hatten auf unserer Reise noch einmal einen wunderbaren Blick auf die Insel Mors\u00f8 und die Hanklit Klippen. <\/p>\n\n\n\n<p>Unser n\u00e4chster Stop war L\u00f8kken, ein Ort an der d\u00e4nischen Nordseek\u00fcste in Nordj\u00fctland. Ganz in der N\u00e4he lag auch unsere Ferienwohnung.<\/p>\n\n\n\n<div id=\"wp-block-themeisle-blocks-slider-61cb7132\" class=\"wp-block-themeisle-blocks-slider glide\" data-per-view=\"1\" data-gap=\"0\" data-peek=\"0\" data-autoplay=\"true\" data-height=\"448px\" data-hide-arrows=\"false\"><div class=\"glide__track\" data-glide-el=\"track\"><div class=\"glide__slides\"><div class=\"wp-block-themeisle-blocks-slider-item-wrapper glide__slide\" tabindex=\"0\"><figure><img decoding=\"async\" class=\"wp-block-themeisle-blocks-slider-item\" src=\"https:\/\/familie-weitgereist.de\/wp-content\/uploads\/2021\/10\/20211017052715_IMG_0346-scaled.jpg\" alt=\"\" title=\"\" data-id=\"7096\"\/><\/figure><\/div><div class=\"wp-block-themeisle-blocks-slider-item-wrapper glide__slide\" tabindex=\"0\"><figure><img decoding=\"async\" class=\"wp-block-themeisle-blocks-slider-item\" src=\"https:\/\/familie-weitgereist.de\/wp-content\/uploads\/2021\/10\/20211017051127_IMG_0296-scaled.jpg\" alt=\"\" title=\"\" data-id=\"7100\"\/><\/figure><\/div><\/div><div class=\"glide__bullets\" data-glide-el=\"controls[nav]\"><button class=\"glide__bullet\" data-glide-dir=\"=0\"><\/button><button class=\"glide__bullet\" data-glide-dir=\"=1\"><\/button><\/div><\/div><\/div>\n\n\n\n<p>Wir verbrachten eine lange Zeit am Strand und in den D\u00fcnen. Es war wieder wundersch\u00f6n. Die frische, salzige, gesunde Meeresluft einzuatmen, die Weite des Meeres zu sehen und das traumhafte Wetter zu genie\u00dfen, lassen uns unseren D\u00e4nemark Roadtrip so schnell nicht vergessen.<\/p>\n\n\n\n<figure class=\"wp-block-image size-large\"><img loading=\"lazy\" decoding=\"async\" width=\"1024\" height=\"683\" src=\"https:\/\/familie-weitgereist.de\/wp-content\/uploads\/2021\/10\/20211017052008_IMG_0327-1024x683.jpg\" alt=\"\" class=\"wp-image-7093\" srcset=\"https:\/\/familie-weitgereist.de\/wp-content\/uploads\/2021\/10\/20211017052008_IMG_0327-1024x683.jpg 1024w, https:\/\/familie-weitgereist.de\/wp-content\/uploads\/2021\/10\/20211017052008_IMG_0327-300x200.jpg 300w, https:\/\/familie-weitgereist.de\/wp-content\/uploads\/2021\/10\/20211017052008_IMG_0327-768x512.jpg 768w, https:\/\/familie-weitgereist.de\/wp-content\/uploads\/2021\/10\/20211017052008_IMG_0327-1536x1024.jpg 1536w, https:\/\/familie-weitgereist.de\/wp-content\/uploads\/2021\/10\/20211017052008_IMG_0327-2048x1365.jpg 2048w, https:\/\/familie-weitgereist.de\/wp-content\/uploads\/2021\/10\/20211017052008_IMG_0327-1200x800.jpg 1200w, https:\/\/familie-weitgereist.de\/wp-content\/uploads\/2021\/10\/20211017052008_IMG_0327-1980x1320.jpg 1980w, https:\/\/familie-weitgereist.de\/wp-content\/uploads\/2021\/10\/20211017052008_IMG_0327-150x100.jpg 150w\" sizes=\"auto, (max-width: 1024px) 100vw, 1024px\" \/><figcaption>L\u00f8kken Strand<\/figcaption><\/figure>\n\n\n\n<div id=\"wp-block-themeisle-blocks-slider-f60751d4\" class=\"wp-block-themeisle-blocks-slider glide\" data-per-view=\"1\" data-gap=\"0\" data-peek=\"0\" data-autoplay=\"true\" data-height=\"390px\" data-hide-arrows=\"false\"><div class=\"glide__track\" data-glide-el=\"track\"><div class=\"glide__slides\"><div class=\"wp-block-themeisle-blocks-slider-item-wrapper glide__slide\" tabindex=\"0\"><figure><img decoding=\"async\" class=\"wp-block-themeisle-blocks-slider-item\" src=\"https:\/\/familie-weitgereist.de\/wp-content\/uploads\/2021\/10\/20211017052210_IMG_0333-scaled.jpg\" alt=\"\" title=\"\" data-id=\"7095\"\/><\/figure><\/div><div class=\"wp-block-themeisle-blocks-slider-item-wrapper glide__slide\" tabindex=\"0\"><figure><img decoding=\"async\" class=\"wp-block-themeisle-blocks-slider-item\" src=\"https:\/\/familie-weitgereist.de\/wp-content\/uploads\/2021\/10\/20211017051535_IMG_0313-scaled.jpg\" alt=\"\" title=\"\" data-id=\"7097\"\/><\/figure><\/div><div class=\"wp-block-themeisle-blocks-slider-item-wrapper glide__slide\" tabindex=\"0\"><figure><img decoding=\"async\" class=\"wp-block-themeisle-blocks-slider-item\" src=\"https:\/\/familie-weitgereist.de\/wp-content\/uploads\/2021\/10\/20211017055814_IMG_0369-scaled.jpg\" alt=\"\" title=\"\" data-id=\"7101\"\/><\/figure><\/div><div class=\"wp-block-themeisle-blocks-slider-item-wrapper glide__slide\" tabindex=\"0\"><figure><img decoding=\"async\" class=\"wp-block-themeisle-blocks-slider-item\" src=\"https:\/\/familie-weitgereist.de\/wp-content\/uploads\/2021\/10\/20211017052558_IMG_0345-scaled.jpg\" alt=\"\" title=\"\" data-id=\"7107\"\/><\/figure><\/div><div class=\"wp-block-themeisle-blocks-slider-item-wrapper glide__slide\" tabindex=\"0\"><figure><img decoding=\"async\" class=\"wp-block-themeisle-blocks-slider-item\" src=\"https:\/\/familie-weitgereist.de\/wp-content\/uploads\/2021\/10\/20211017052358_IMG_0340-scaled.jpg\" alt=\"\" title=\"\" data-id=\"7109\"\/><\/figure><\/div><\/div><div class=\"glide__bullets\" data-glide-el=\"controls[nav]\"><button class=\"glide__bullet\" data-glide-dir=\"=0\"><\/button><button class=\"glide__bullet\" data-glide-dir=\"=1\"><\/button><button class=\"glide__bullet\" data-glide-dir=\"=2\"><\/button><button class=\"glide__bullet\" data-glide-dir=\"=3\"><\/button><button class=\"glide__bullet\" data-glide-dir=\"=4\"><\/button><\/div><\/div><\/div>\n\n\n\n<p>So viele Bunker, wie hier am Strand lagen, haben wir in D\u00e4nemark bisher noch nicht gesehen. Auch hier liegen sie im Meer als mahnende Erinnerung an d\u00fcstere Zeiten. Nichtsdestotrotz erklommen wir wieder einige Bunker und genossen dabei die Aussicht auf das Meer.<\/p>\n\n\n\n<figure class=\"wp-block-image size-large\"><img loading=\"lazy\" decoding=\"async\" width=\"1024\" height=\"683\" src=\"https:\/\/familie-weitgereist.de\/wp-content\/uploads\/2021\/10\/20211017063637_IMG_0413-1024x683.jpg\" alt=\"\" class=\"wp-image-7102\" srcset=\"https:\/\/familie-weitgereist.de\/wp-content\/uploads\/2021\/10\/20211017063637_IMG_0413-1024x683.jpg 1024w, https:\/\/familie-weitgereist.de\/wp-content\/uploads\/2021\/10\/20211017063637_IMG_0413-300x200.jpg 300w, https:\/\/familie-weitgereist.de\/wp-content\/uploads\/2021\/10\/20211017063637_IMG_0413-768x512.jpg 768w, https:\/\/familie-weitgereist.de\/wp-content\/uploads\/2021\/10\/20211017063637_IMG_0413-1536x1024.jpg 1536w, https:\/\/familie-weitgereist.de\/wp-content\/uploads\/2021\/10\/20211017063637_IMG_0413-2048x1365.jpg 2048w, https:\/\/familie-weitgereist.de\/wp-content\/uploads\/2021\/10\/20211017063637_IMG_0413-1200x800.jpg 1200w, https:\/\/familie-weitgereist.de\/wp-content\/uploads\/2021\/10\/20211017063637_IMG_0413-1980x1320.jpg 1980w, https:\/\/familie-weitgereist.de\/wp-content\/uploads\/2021\/10\/20211017063637_IMG_0413-150x100.jpg 150w\" sizes=\"auto, (max-width: 1024px) 100vw, 1024px\" \/><figcaption>Stillen und Kuscheln am Strand in L\u00f8kken<\/figcaption><\/figure>\n\n\n\n<div id=\"wp-block-themeisle-blocks-slider-1f35eca2\" class=\"wp-block-themeisle-blocks-slider glide\" data-per-view=\"1\" data-gap=\"0\" data-peek=\"0\" data-autoplay=\"true\" data-height=\"436px\" data-hide-arrows=\"false\"><div class=\"glide__track\" data-glide-el=\"track\"><div class=\"glide__slides\"><div class=\"wp-block-themeisle-blocks-slider-item-wrapper glide__slide\" tabindex=\"0\"><figure><img decoding=\"async\" class=\"wp-block-themeisle-blocks-slider-item\" src=\"https:\/\/familie-weitgereist.de\/wp-content\/uploads\/2021\/10\/20211017062751_IMG_0396-scaled.jpg\" alt=\"\" title=\"\" data-id=\"7103\"\/><\/figure><\/div><div class=\"wp-block-themeisle-blocks-slider-item-wrapper glide__slide\" tabindex=\"0\"><figure><img decoding=\"async\" class=\"wp-block-themeisle-blocks-slider-item\" src=\"https:\/\/familie-weitgereist.de\/wp-content\/uploads\/2021\/10\/20211017062730_IMG_0395-scaled.jpg\" alt=\"\" title=\"\" data-id=\"7106\"\/><\/figure><\/div><div class=\"wp-block-themeisle-blocks-slider-item-wrapper glide__slide\" tabindex=\"0\"><figure><img decoding=\"async\" class=\"wp-block-themeisle-blocks-slider-item\" src=\"https:\/\/familie-weitgereist.de\/wp-content\/uploads\/2021\/10\/20211017065303_IMG_0416-scaled.jpg\" alt=\"\" title=\"\" data-id=\"7108\"\/><\/figure><\/div><\/div><div class=\"glide__bullets\" data-glide-el=\"controls[nav]\"><button class=\"glide__bullet\" data-glide-dir=\"=0\"><\/button><button class=\"glide__bullet\" data-glide-dir=\"=1\"><\/button><button class=\"glide__bullet\" data-glide-dir=\"=2\"><\/button><\/div><\/div><\/div>\n\n\n\n<h2 class=\"wp-block-heading\" id=\"skagen\">Skagen &#8211; der n\u00f6rdlichste Ort D\u00e4nemarks<\/h2>\n\n\n\n<p>Auf unserem Roadtrip nach D\u00e4nemark durfte der n\u00f6rdlichste Punkt nicht fehlen. Wir haben uns sehr darauf gefreut bis in den &#8222;ganz hohen Norden&#8220; zu fahren. Skagen ist die n\u00f6rdlichste Stadt in D\u00e4nemark. Der aller n\u00f6rdlichste Punkt ist Grenen. <\/p>\n\n\n\n<figure class=\"wp-block-image size-large\"><img loading=\"lazy\" decoding=\"async\" width=\"1024\" height=\"683\" src=\"https:\/\/familie-weitgereist.de\/wp-content\/uploads\/2021\/10\/20211018061042_IMG_0574-1024x683.jpg\" alt=\"\" class=\"wp-image-7125\" srcset=\"https:\/\/familie-weitgereist.de\/wp-content\/uploads\/2021\/10\/20211018061042_IMG_0574-1024x683.jpg 1024w, https:\/\/familie-weitgereist.de\/wp-content\/uploads\/2021\/10\/20211018061042_IMG_0574-300x200.jpg 300w, https:\/\/familie-weitgereist.de\/wp-content\/uploads\/2021\/10\/20211018061042_IMG_0574-768x512.jpg 768w, https:\/\/familie-weitgereist.de\/wp-content\/uploads\/2021\/10\/20211018061042_IMG_0574-1536x1024.jpg 1536w, https:\/\/familie-weitgereist.de\/wp-content\/uploads\/2021\/10\/20211018061042_IMG_0574-2048x1365.jpg 2048w, https:\/\/familie-weitgereist.de\/wp-content\/uploads\/2021\/10\/20211018061042_IMG_0574-1200x800.jpg 1200w, https:\/\/familie-weitgereist.de\/wp-content\/uploads\/2021\/10\/20211018061042_IMG_0574-1980x1320.jpg 1980w, https:\/\/familie-weitgereist.de\/wp-content\/uploads\/2021\/10\/20211018061042_IMG_0574-150x100.jpg 150w\" sizes=\"auto, (max-width: 1024px) 100vw, 1024px\" \/><\/figure>\n\n\n\n<p>Der Punkt an dem sich die beiden Meere treffen, die Ostsee trifft auf die Nordsee oder die Nordsee trifft auf die Ostsee. Es ist wirklich sehr spannend anzusehen. Das Festland h\u00f6rt pl\u00f6tzlich auf und die Wellen brechen aufeinander. Man sieht regelrecht wie beide Meere aufeinander treffen. <\/p>\n\n\n\n<figure class=\"wp-block-image size-large\"><img loading=\"lazy\" decoding=\"async\" width=\"1024\" height=\"683\" src=\"https:\/\/familie-weitgereist.de\/wp-content\/uploads\/2021\/10\/20211018050207_IMG_0481-1024x683.jpg\" alt=\"\" class=\"wp-image-7128\" srcset=\"https:\/\/familie-weitgereist.de\/wp-content\/uploads\/2021\/10\/20211018050207_IMG_0481-1024x683.jpg 1024w, https:\/\/familie-weitgereist.de\/wp-content\/uploads\/2021\/10\/20211018050207_IMG_0481-300x200.jpg 300w, https:\/\/familie-weitgereist.de\/wp-content\/uploads\/2021\/10\/20211018050207_IMG_0481-768x512.jpg 768w, https:\/\/familie-weitgereist.de\/wp-content\/uploads\/2021\/10\/20211018050207_IMG_0481-1536x1024.jpg 1536w, https:\/\/familie-weitgereist.de\/wp-content\/uploads\/2021\/10\/20211018050207_IMG_0481-2048x1365.jpg 2048w, https:\/\/familie-weitgereist.de\/wp-content\/uploads\/2021\/10\/20211018050207_IMG_0481-1200x800.jpg 1200w, https:\/\/familie-weitgereist.de\/wp-content\/uploads\/2021\/10\/20211018050207_IMG_0481-1980x1320.jpg 1980w, https:\/\/familie-weitgereist.de\/wp-content\/uploads\/2021\/10\/20211018050207_IMG_0481-150x100.jpg 150w\" sizes=\"auto, (max-width: 1024px) 100vw, 1024px\" \/><figcaption>Der n\u00f6rdlichste Punkt D\u00e4nemarks<\/figcaption><\/figure>\n\n\n\n<div id=\"wp-block-themeisle-blocks-slider-28b57869\" class=\"wp-block-themeisle-blocks-slider glide\" data-per-view=\"1\" data-gap=\"0\" data-peek=\"0\" data-autoplay=\"true\" data-height=\"408px\" data-hide-arrows=\"false\"><div class=\"glide__track\" data-glide-el=\"track\"><div class=\"glide__slides\"><div class=\"wp-block-themeisle-blocks-slider-item-wrapper glide__slide\" tabindex=\"0\"><figure><img decoding=\"async\" class=\"wp-block-themeisle-blocks-slider-item\" src=\"https:\/\/familie-weitgereist.de\/wp-content\/uploads\/2021\/10\/20211018050547_IMG_0494-scaled.jpg\" alt=\"\" title=\"\" data-id=\"7131\"\/><\/figure><\/div><div class=\"wp-block-themeisle-blocks-slider-item-wrapper glide__slide\" tabindex=\"0\"><figure><img decoding=\"async\" class=\"wp-block-themeisle-blocks-slider-item\" src=\"https:\/\/familie-weitgereist.de\/wp-content\/uploads\/2021\/10\/20211018050336_IMG_0484-scaled.jpg\" alt=\"\" title=\"\" data-id=\"7133\"\/><\/figure><\/div><div class=\"wp-block-themeisle-blocks-slider-item-wrapper glide__slide\" tabindex=\"0\"><figure><img decoding=\"async\" class=\"wp-block-themeisle-blocks-slider-item\" src=\"https:\/\/familie-weitgereist.de\/wp-content\/uploads\/2021\/10\/20211018050439_IMG_0487-scaled.jpg\" alt=\"\" title=\"\" data-id=\"7135\"\/><\/figure><\/div><\/div><div class=\"glide__bullets\" data-glide-el=\"controls[nav]\"><button class=\"glide__bullet\" data-glide-dir=\"=0\"><\/button><button class=\"glide__bullet\" data-glide-dir=\"=1\"><\/button><button class=\"glide__bullet\" data-glide-dir=\"=2\"><\/button><\/div><\/div><\/div>\n\n\n\n<p>Wir hatten das erste Mal den Eindruck, dass viele Leute unterwegs sind. Wir waren diesmal gar nicht die einzigen am Strand. (: Es gibt einen Parkplatz, von dem kann man zum n\u00f6rdlichsten Punkt laufen. Jedoch kann man auch den Traktorbus nehmen. Ein Ticket f\u00fcr einen Erwachsenen kostet 20DKK, f\u00fcr Kinder bis 12 Jahren sind es 10 DKK. <\/p>\n\n\n\n<figure class=\"wp-block-image size-large\"><img loading=\"lazy\" decoding=\"async\" width=\"1024\" height=\"683\" src=\"https:\/\/familie-weitgereist.de\/wp-content\/uploads\/2021\/10\/20211018052210_IMG_0527-1024x683.jpg\" alt=\"\" class=\"wp-image-7150\" srcset=\"https:\/\/familie-weitgereist.de\/wp-content\/uploads\/2021\/10\/20211018052210_IMG_0527-1024x683.jpg 1024w, https:\/\/familie-weitgereist.de\/wp-content\/uploads\/2021\/10\/20211018052210_IMG_0527-300x200.jpg 300w, https:\/\/familie-weitgereist.de\/wp-content\/uploads\/2021\/10\/20211018052210_IMG_0527-768x512.jpg 768w, https:\/\/familie-weitgereist.de\/wp-content\/uploads\/2021\/10\/20211018052210_IMG_0527-1536x1024.jpg 1536w, https:\/\/familie-weitgereist.de\/wp-content\/uploads\/2021\/10\/20211018052210_IMG_0527-2048x1365.jpg 2048w, https:\/\/familie-weitgereist.de\/wp-content\/uploads\/2021\/10\/20211018052210_IMG_0527-1200x800.jpg 1200w, https:\/\/familie-weitgereist.de\/wp-content\/uploads\/2021\/10\/20211018052210_IMG_0527-1980x1320.jpg 1980w, https:\/\/familie-weitgereist.de\/wp-content\/uploads\/2021\/10\/20211018052210_IMG_0527-150x100.jpg 150w\" sizes=\"auto, (max-width: 1024px) 100vw, 1024px\" \/><figcaption>Der Traktorbus am Strand<\/figcaption><\/figure>\n\n\n\n<p>Wir wanderten wieder durch die D\u00fcnen und atmeten die frische, gesunde Meeresluft ein. Ein Traum! Ein Leuchtturm steht unweit des n\u00f6rdlichsten Punktes. F\u00fcr 75 DKK kann man hoch gehen, Kinder bezahlen 30 DKK.<\/p>\n\n\n\n<div id=\"wp-block-themeisle-blocks-slider-2047b65c\" class=\"wp-block-themeisle-blocks-slider glide\" data-per-view=\"1\" data-gap=\"0\" data-peek=\"0\" data-autoplay=\"true\" data-height=\"392px\" data-hide-arrows=\"false\"><div class=\"glide__track\" data-glide-el=\"track\"><div class=\"glide__slides\"><div class=\"wp-block-themeisle-blocks-slider-item-wrapper glide__slide\" tabindex=\"0\"><figure><img decoding=\"async\" class=\"wp-block-themeisle-blocks-slider-item\" src=\"https:\/\/familie-weitgereist.de\/wp-content\/uploads\/2021\/10\/20211018054955_IMG_0549-scaled.jpg\" alt=\"\" title=\"\" data-id=\"7136\"\/><\/figure><\/div><div class=\"wp-block-themeisle-blocks-slider-item-wrapper glide__slide\" tabindex=\"0\"><figure><img decoding=\"async\" class=\"wp-block-themeisle-blocks-slider-item\" src=\"https:\/\/familie-weitgereist.de\/wp-content\/uploads\/2021\/10\/20211018062927_IMG_0579-scaled.jpg\" alt=\"\" title=\"\" data-id=\"7137\"\/><\/figure><\/div><div class=\"wp-block-themeisle-blocks-slider-item-wrapper glide__slide\" tabindex=\"0\"><figure><img decoding=\"async\" class=\"wp-block-themeisle-blocks-slider-item\" src=\"https:\/\/familie-weitgereist.de\/wp-content\/uploads\/2021\/10\/20211018054825_IMG_0548-scaled.jpg\" alt=\"\" title=\"\" data-id=\"7139\"\/><\/figure><\/div><div class=\"wp-block-themeisle-blocks-slider-item-wrapper glide__slide\" tabindex=\"0\"><figure><img decoding=\"async\" class=\"wp-block-themeisle-blocks-slider-item\" src=\"https:\/\/familie-weitgereist.de\/wp-content\/uploads\/2021\/10\/20211018052935_IMG_0530-scaled.jpg\" alt=\"\" title=\"\" data-id=\"7142\"\/><\/figure><\/div><div class=\"wp-block-themeisle-blocks-slider-item-wrapper glide__slide\" tabindex=\"0\"><figure><img decoding=\"async\" class=\"wp-block-themeisle-blocks-slider-item\" src=\"https:\/\/familie-weitgereist.de\/wp-content\/uploads\/2021\/10\/20211018054458_IMG_0546-scaled.jpg\" alt=\"\" title=\"\" data-id=\"7143\"\/><\/figure><\/div><\/div><div class=\"glide__bullets\" data-glide-el=\"controls[nav]\"><button class=\"glide__bullet\" data-glide-dir=\"=0\"><\/button><button class=\"glide__bullet\" data-glide-dir=\"=1\"><\/button><button class=\"glide__bullet\" data-glide-dir=\"=2\"><\/button><button class=\"glide__bullet\" data-glide-dir=\"=3\"><\/button><button class=\"glide__bullet\" data-glide-dir=\"=4\"><\/button><\/div><\/div><\/div>\n\n\n\n<p>Auch an diesem Strand standen wieder ein paar Bunker herum. <\/p>\n\n\n\n<p>Zum Abschluss des Tages liefen wir noch durch den \u00e4lteren Teil von Skagen. Ein wirklich beschaulicher und sch\u00f6ner Ort. Das maritime Flair ist \u00fcberall zu sp\u00fcren. <\/p>\n\n\n\n<div id=\"wp-block-themeisle-blocks-slider-316775d7\" class=\"wp-block-themeisle-blocks-slider glide\" data-per-view=\"1\" data-gap=\"0\" data-peek=\"0\" data-autoplay=\"true\" data-height=\"341px\" data-hide-arrows=\"false\"><div class=\"glide__track\" data-glide-el=\"track\"><div class=\"glide__slides\"><div class=\"wp-block-themeisle-blocks-slider-item-wrapper glide__slide\" tabindex=\"0\"><figure><img decoding=\"async\" class=\"wp-block-themeisle-blocks-slider-item\" src=\"https:\/\/familie-weitgereist.de\/wp-content\/uploads\/2021\/10\/20211018065911_IMG_0582-scaled.jpg\" alt=\"\" title=\"\" data-id=\"7145\"\/><\/figure><\/div><div class=\"wp-block-themeisle-blocks-slider-item-wrapper glide__slide\" tabindex=\"0\"><figure><img decoding=\"async\" class=\"wp-block-themeisle-blocks-slider-item\" src=\"https:\/\/familie-weitgereist.de\/wp-content\/uploads\/2021\/10\/20211018071820_IMG_0584-scaled.jpg\" alt=\"\" title=\"\" data-id=\"7148\"\/><\/figure><\/div><\/div><div class=\"glide__bullets\" data-glide-el=\"controls[nav]\"><button class=\"glide__bullet\" data-glide-dir=\"=0\"><\/button><button class=\"glide__bullet\" data-glide-dir=\"=1\"><\/button><\/div><\/div><\/div>\n\n\n\n<h2 class=\"wp-block-heading\" id=\"aarhus\">Aarhus<\/h2>\n\n\n\n<p>Aarhus haben wir uns nur als Zwischenstop angesehen. Obwohl wir hier nur einen kleinen Moment verbrachten hat uns die Hafenstadt gut gefallen. Das Wetter war zwar grau, aber es regnete nicht und es war warm. Bestes Wetter um D\u00e4nemark Mitte Oktober zu erkunden. (: <\/p>\n\n\n\n<p>Wir schlenderten durch das Zentrum von Aarhus und Merlin cruiste mit seinem kleinen Bike durch die Innenstadt. Er liebt es so! Seine erste kleine Unabh\u00e4ngigkeit, die er genie\u00dft. Ich liebe es, ihn dabei zu beobachten wie gl\u00fccklich er ist.<\/p>\n\n\n\n<figure class=\"wp-block-image size-large\"><img loading=\"lazy\" decoding=\"async\" width=\"1024\" height=\"683\" src=\"https:\/\/familie-weitgereist.de\/wp-content\/uploads\/2021\/10\/20211020045758_IMG_0731-1024x683.jpg\" alt=\"\" class=\"wp-image-7157\" srcset=\"https:\/\/familie-weitgereist.de\/wp-content\/uploads\/2021\/10\/20211020045758_IMG_0731-1024x683.jpg 1024w, https:\/\/familie-weitgereist.de\/wp-content\/uploads\/2021\/10\/20211020045758_IMG_0731-300x200.jpg 300w, https:\/\/familie-weitgereist.de\/wp-content\/uploads\/2021\/10\/20211020045758_IMG_0731-768x512.jpg 768w, https:\/\/familie-weitgereist.de\/wp-content\/uploads\/2021\/10\/20211020045758_IMG_0731-1536x1024.jpg 1536w, https:\/\/familie-weitgereist.de\/wp-content\/uploads\/2021\/10\/20211020045758_IMG_0731-2048x1365.jpg 2048w, https:\/\/familie-weitgereist.de\/wp-content\/uploads\/2021\/10\/20211020045758_IMG_0731-1200x800.jpg 1200w, https:\/\/familie-weitgereist.de\/wp-content\/uploads\/2021\/10\/20211020045758_IMG_0731-1980x1320.jpg 1980w, https:\/\/familie-weitgereist.de\/wp-content\/uploads\/2021\/10\/20211020045758_IMG_0731-150x100.jpg 150w\" sizes=\"auto, (max-width: 1024px) 100vw, 1024px\" \/><\/figure>\n\n\n\n<div id=\"wp-block-themeisle-blocks-slider-36a33648\" class=\"wp-block-themeisle-blocks-slider glide\" data-per-view=\"1\" data-gap=\"0\" data-peek=\"0\" data-autoplay=\"true\" data-height=\"415px\" data-hide-arrows=\"false\"><div class=\"glide__track\" data-glide-el=\"track\"><div class=\"glide__slides\"><div class=\"wp-block-themeisle-blocks-slider-item-wrapper glide__slide\" tabindex=\"0\"><figure><img decoding=\"async\" class=\"wp-block-themeisle-blocks-slider-item\" src=\"https:\/\/familie-weitgereist.de\/wp-content\/uploads\/2021\/10\/20211020050202_IMG_0735-scaled.jpg\" alt=\"\" title=\"\" data-id=\"7162\"\/><\/figure><\/div><div class=\"wp-block-themeisle-blocks-slider-item-wrapper glide__slide\" tabindex=\"0\"><figure><img decoding=\"async\" class=\"wp-block-themeisle-blocks-slider-item\" src=\"https:\/\/familie-weitgereist.de\/wp-content\/uploads\/2021\/10\/20211020043543_IMG_0711-scaled.jpg\" alt=\"\" title=\"\" data-id=\"7164\"\/><\/figure><\/div><div class=\"wp-block-themeisle-blocks-slider-item-wrapper glide__slide\" tabindex=\"0\"><figure><img decoding=\"async\" class=\"wp-block-themeisle-blocks-slider-item\" src=\"https:\/\/familie-weitgereist.de\/wp-content\/uploads\/2021\/10\/20211020051651_IMG_0742-scaled.jpg\" alt=\"\" title=\"\" data-id=\"7167\"\/><\/figure><\/div><\/div><div class=\"glide__bullets\" data-glide-el=\"controls[nav]\"><button class=\"glide__bullet\" data-glide-dir=\"=0\"><\/button><button class=\"glide__bullet\" data-glide-dir=\"=1\"><\/button><button class=\"glide__bullet\" data-glide-dir=\"=2\"><\/button><\/div><\/div><\/div>\n\n\n\n<p>Wir schauten uns die Domkirche an, schlenderten durch die kleinen Gassen und g\u00f6nnten uns im 7 Eleven zwei Hotdogs. 7 Eleven erinnert uns so sehr an unsere Zeit in Asien. Einen leckeren Pumpkin Spice Latte von Starbucks gab es noch dazu. Wir liebten es durch Aarhus zu schlendern und dabei ein weiteres St\u00fcckchen in den S\u00fcden zu fahren. Ein toller, kleiner Zwischenstop.<\/p>\n\n\n\n<figure class=\"wp-block-image size-large\"><img loading=\"lazy\" decoding=\"async\" width=\"1024\" height=\"683\" src=\"https:\/\/familie-weitgereist.de\/wp-content\/uploads\/2021\/10\/20211020051205_IMG_0739-1024x683.jpg\" alt=\"\" class=\"wp-image-7161\" srcset=\"https:\/\/familie-weitgereist.de\/wp-content\/uploads\/2021\/10\/20211020051205_IMG_0739-1024x683.jpg 1024w, https:\/\/familie-weitgereist.de\/wp-content\/uploads\/2021\/10\/20211020051205_IMG_0739-300x200.jpg 300w, https:\/\/familie-weitgereist.de\/wp-content\/uploads\/2021\/10\/20211020051205_IMG_0739-768x512.jpg 768w, https:\/\/familie-weitgereist.de\/wp-content\/uploads\/2021\/10\/20211020051205_IMG_0739-1536x1024.jpg 1536w, https:\/\/familie-weitgereist.de\/wp-content\/uploads\/2021\/10\/20211020051205_IMG_0739-2048x1365.jpg 2048w, https:\/\/familie-weitgereist.de\/wp-content\/uploads\/2021\/10\/20211020051205_IMG_0739-1200x800.jpg 1200w, https:\/\/familie-weitgereist.de\/wp-content\/uploads\/2021\/10\/20211020051205_IMG_0739-1980x1320.jpg 1980w, https:\/\/familie-weitgereist.de\/wp-content\/uploads\/2021\/10\/20211020051205_IMG_0739-150x100.jpg 150w\" sizes=\"auto, (max-width: 1024px) 100vw, 1024px\" \/><\/figure>\n\n\n\n<div id=\"wp-block-themeisle-blocks-slider-346ae003\" class=\"wp-block-themeisle-blocks-slider glide\" data-per-view=\"1\" data-gap=\"0\" data-peek=\"0\" data-autoplay=\"true\" data-height=\"408px\" data-hide-arrows=\"false\"><div class=\"glide__track\" data-glide-el=\"track\"><div class=\"glide__slides\"><div class=\"wp-block-themeisle-blocks-slider-item-wrapper glide__slide\" tabindex=\"0\"><figure><img decoding=\"async\" class=\"wp-block-themeisle-blocks-slider-item\" src=\"https:\/\/familie-weitgereist.de\/wp-content\/uploads\/2021\/10\/20211020044334_IMG_0716-scaled.jpg\" alt=\"\" title=\"\" data-id=\"7165\"\/><\/figure><\/div><div class=\"wp-block-themeisle-blocks-slider-item-wrapper glide__slide\" tabindex=\"0\"><figure><img decoding=\"async\" class=\"wp-block-themeisle-blocks-slider-item\" src=\"https:\/\/familie-weitgereist.de\/wp-content\/uploads\/2021\/10\/20211020044448_IMG_0720-scaled.jpg\" alt=\"\" title=\"\" data-id=\"7168\"\/><\/figure><\/div><div class=\"wp-block-themeisle-blocks-slider-item-wrapper glide__slide\" tabindex=\"0\"><figure><img decoding=\"async\" class=\"wp-block-themeisle-blocks-slider-item\" src=\"https:\/\/familie-weitgereist.de\/wp-content\/uploads\/2021\/10\/20211020044846_IMG_0722-scaled.jpg\" alt=\"\" title=\"\" data-id=\"7171\"\/><\/figure><\/div><div class=\"wp-block-themeisle-blocks-slider-item-wrapper glide__slide\" tabindex=\"0\"><figure><img decoding=\"async\" class=\"wp-block-themeisle-blocks-slider-item\" src=\"https:\/\/familie-weitgereist.de\/wp-content\/uploads\/2021\/10\/20211020052703_IMG_0744-scaled.jpg\" alt=\"\" title=\"\" data-id=\"7172\"\/><\/figure><\/div><div class=\"wp-block-themeisle-blocks-slider-item-wrapper glide__slide\" tabindex=\"0\"><figure><img decoding=\"async\" class=\"wp-block-themeisle-blocks-slider-item\" src=\"https:\/\/familie-weitgereist.de\/wp-content\/uploads\/2021\/10\/20211020054004_IMG_0746-scaled.jpg\" alt=\"\" title=\"\" data-id=\"7174\"\/><\/figure><\/div><\/div><div class=\"glide__bullets\" data-glide-el=\"controls[nav]\"><button class=\"glide__bullet\" data-glide-dir=\"=0\"><\/button><button class=\"glide__bullet\" data-glide-dir=\"=1\"><\/button><button class=\"glide__bullet\" data-glide-dir=\"=2\"><\/button><button class=\"glide__bullet\" data-glide-dir=\"=3\"><\/button><button class=\"glide__bullet\" data-glide-dir=\"=4\"><\/button><\/div><\/div><\/div>\n\n\n\n<p>Auf unserem Roadtrip durch D\u00e4nemark haben wir wirklich sehr viel gesehen und erlebt. Die wunderbare Natur, die Nordsee, die Ostsee und die freundlichen D\u00e4nen machten unsere zwei Wochen Urlaub perfekt. D\u00e4nemark hat noch so viel mehr zu bieten und wir freuen uns auf einen weiteren Trip in das nordische Land. <\/p>\n\n\n\n<figure class=\"wp-block-image size-large\"><img loading=\"lazy\" decoding=\"async\" width=\"1024\" height=\"683\" src=\"https:\/\/familie-weitgereist.de\/wp-content\/uploads\/2021\/10\/20211015025928_IMG_9857-1024x683.jpg\" alt=\"\" class=\"wp-image-7188\" srcset=\"https:\/\/familie-weitgereist.de\/wp-content\/uploads\/2021\/10\/20211015025928_IMG_9857-1024x683.jpg 1024w, https:\/\/familie-weitgereist.de\/wp-content\/uploads\/2021\/10\/20211015025928_IMG_9857-300x200.jpg 300w, https:\/\/familie-weitgereist.de\/wp-content\/uploads\/2021\/10\/20211015025928_IMG_9857-768x512.jpg 768w, https:\/\/familie-weitgereist.de\/wp-content\/uploads\/2021\/10\/20211015025928_IMG_9857-1536x1024.jpg 1536w, https:\/\/familie-weitgereist.de\/wp-content\/uploads\/2021\/10\/20211015025928_IMG_9857-2048x1365.jpg 2048w, https:\/\/familie-weitgereist.de\/wp-content\/uploads\/2021\/10\/20211015025928_IMG_9857-1200x800.jpg 1200w, https:\/\/familie-weitgereist.de\/wp-content\/uploads\/2021\/10\/20211015025928_IMG_9857-1980x1320.jpg 1980w, https:\/\/familie-weitgereist.de\/wp-content\/uploads\/2021\/10\/20211015025928_IMG_9857-150x100.jpg 150w\" sizes=\"auto, (max-width: 1024px) 100vw, 1024px\" \/><\/figure>\n","protected":false},"excerpt":{"rendered":"<p>Unsere Anreise Wir sind mit dem Auto nach D\u00e4nemark gefahren. Dies lief problemlos und wir waren nach ca. 7 Stunden im S\u00fcden von D\u00e4nemark. Unsere Route In diesem Beitrag k\u00f6nnt ihr folgende Informationen von uns nachlesen: R\u00f8m\u00f8 Mand\u00f8 Ribe Roadtrip durch Midtjylland Nationalpark Thy Insel Mors\u00f8 Vigs\u00f8 L\u00f8kken Skagen Aarhus Unser erstes Ferienhaus hatten wir [&hellip;]<\/p>\n","protected":false},"author":3,"featured_media":6890,"comment_status":"open","ping_status":"open","sticky":false,"template":"","format":"standard","meta":{"_themeisle_gutenberg_block_has_review":false,"footnotes":""},"categories":[570,8,4,377],"tags":[591,458,580,589,587,568,585,584,590,349,569,567,588,586],"class_list":["post-6774","post","type-post","status-publish","format-standard","has-post-thumbnail","hentry","category-daenemark","category-europa","category-laender","category-spielplaetze","tag-aarhus","tag-daenemark","tag-europa","tag-grenen","tag-lokken","tag-mando","tag-morso","tag-nationalpark-thy","tag-nordsee","tag-ostsee","tag-ribe","tag-romo","tag-skagen","tag-vigso"],"_links":{"self":[{"href":"https:\/\/familie-weitgereist.de\/index.php?rest_route=\/wp\/v2\/posts\/6774","targetHints":{"allow":["GET"]}}],"collection":[{"href":"https:\/\/familie-weitgereist.de\/index.php?rest_route=\/wp\/v2\/posts"}],"about":[{"href":"https:\/\/familie-weitgereist.de\/index.php?rest_route=\/wp\/v2\/types\/post"}],"author":[{"embeddable":true,"href":"https:\/\/familie-weitgereist.de\/index.php?rest_route=\/wp\/v2\/users\/3"}],"replies":[{"embeddable":true,"href":"https:\/\/familie-weitgereist.de\/index.php?rest_route=%2Fwp%2Fv2%2Fcomments&post=6774"}],"version-history":[{"count":202,"href":"https:\/\/familie-weitgereist.de\/index.php?rest_route=\/wp\/v2\/posts\/6774\/revisions"}],"predecessor-version":[{"id":23499,"href":"https:\/\/familie-weitgereist.de\/index.php?rest_route=\/wp\/v2\/posts\/6774\/revisions\/23499"}],"wp:featuredmedia":[{"embeddable":true,"href":"https:\/\/familie-weitgereist.de\/index.php?rest_route=\/wp\/v2\/media\/6890"}],"wp:attachment":[{"href":"https:\/\/familie-weitgereist.de\/index.php?rest_route=%2Fwp%2Fv2%2Fmedia&parent=6774"}],"wp:term":[{"taxonomy":"category","embeddable":true,"href":"https:\/\/familie-weitgereist.de\/index.php?rest_route=%2Fwp%2Fv2%2Fcategories&post=6774"},{"taxonomy":"post_tag","embeddable":true,"href":"https:\/\/familie-weitgereist.de\/index.php?rest_route=%2Fwp%2Fv2%2Ftags&post=6774"}],"curies":[{"name":"wp","href":"https:\/\/api.w.org\/{rel}","templated":true}]}}