{"id":5696,"date":"2021-07-20T23:14:03","date_gmt":"2021-07-20T21:14:03","guid":{"rendered":"https:\/\/familie-weitgereist.de\/?p=5696"},"modified":"2025-11-12T23:09:47","modified_gmt":"2025-11-12T22:09:47","slug":"unser-sommer-roadtrip-mit-kleinkind","status":"publish","type":"post","link":"https:\/\/familie-weitgereist.de\/?p=5696","title":{"rendered":"Unser Sommer-Roadtrip 2021 mit Kleinkind"},"content":{"rendered":"\n<p>Wir starteten unseren Roadtrip Mitte Juni und hatten als Ziel die <strong>C\u00f4te d&#8217;Azur in Frankreich<\/strong>. Unser Route war offen und wir entschieden immer spontan wo wir hinfahren wollten. Das sorgte f\u00fcr maximale Freude und Spannung. Zugleich lieben wir unseren Camper und das Leben im Camper. Mittlerweile haben wir uns so gut eingerichtet, dass alles seinen Platz hat und es sehr gem\u00fctlich ist, wenn wir abends in der Natur stehen. Es ist zudem ein unglaublich sch\u00f6nes Gef\u00fchl in der Natur zu \u00fcbernachten. Unter dem Sternenhimmel einzuschlafen, das Rauschen eines nahen Flusses zu h\u00f6ren, den V\u00f6geln zuzuh\u00f6ren und f\u00fcrs Fr\u00fchst\u00fcck Beeren zu pfl\u00fccken. Das Leben in der Natur, mit dem Comfort eines Campers.<\/p>\n\n\n\n<p>In diesem Beitrag stellen wir folgende Reiseziele vor:<\/p>\n\n\n\n<ul class=\"wp-block-list\">\n<li><a href=\"https:\/\/familie-weitgereist.de\/?p=5696\/#tuechersfeld\">T\u00fcchersfeld, Deutschland<\/a><\/li>\n\n\n\n<li><a href=\"https:\/\/familie-weitgereist.de\/?p=5696\/#mainau\">Insel Mainau, Bodensee, Deutschland<\/a><\/li>\n\n\n\n<li><a href=\"https:\/\/familie-weitgereist.de\/?p=5696\/#rothenburg\">Rothenburg ob der Tauber, Deutschland<\/a><\/li>\n\n\n\n<li><a href=\"https:\/\/familie-weitgereist.de\/?p=5696\/#rheinfall\">Rheinfall von Schaffhausen, Schweiz<\/a><\/li>\n\n\n\n<li><a href=\"https:\/\/familie-weitgereist.de\/?p=5696\/#lagomaggiore\">Lago Maggiore, Italien<\/a><\/li>\n\n\n\n<li><a href=\"https:\/\/familie-weitgereist.de\/?p=5696\/#mercantour\">Nationalpark Mercantour, Frankreich<\/a><\/li>\n\n\n\n<li><a href=\"https:\/\/familie-weitgereist.de\/?p=5696\/#daluis\">Gorges de Daluis, Frankreich<\/a><\/li>\n\n\n\n<li><a href=\"https:\/\/familie-weitgereist.de\/?p=5696\/#nizza\">Nizza, Frankreich<\/a><\/li>\n\n\n\n<li><a href=\"https:\/\/familie-weitgereist.de\/?p=5696\/#marguerite\">\u00cele de Sainte Marguerite, Frankreich<\/a><\/li>\n\n\n\n<li><a href=\"https:\/\/familie-weitgereist.de\/?p=5696\/#verdon\">Verdon Schlucht, Frankreich<\/a><\/li>\n\n\n\n<li><a href=\"https:\/\/familie-weitgereist.de\/?p=5696\/#grenoble\">Grenoble, Frankreich<\/a><\/li>\n\n\n\n<li><a href=\"https:\/\/familie-weitgereist.de\/?p=5696\/#annecy\">Annecy, Frankreich<\/a><\/li>\n<\/ul>\n\n\n\n<h2 class=\"wp-block-heading\">Deutschland<\/h2>\n\n\n\n<h2 class=\"wp-block-heading\" id=\"tuechersfeld\">T\u00fcchersfeld<\/h2>\n\n\n\n<p>Unser erster Stop war im bayrischen T\u00fcchersfeld, ein kleines D\u00f6rfchen irgendwo zwischen Bayreuth und N\u00fcrnberg in der fr\u00e4nkischen Schweiz. T\u00fcchersfeld ist bekannt f\u00fcr seine Felsenburg. Dieser Felsen thront \u00fcber dem Dorf und es scheint, dass unterhalb des Felsens die Fachwerkh\u00e4user an den Fels angebaut worden sind. Ein kurzer alpiner Steig f\u00fchrt zum Gipfel des Felsens. Der Ausblick von oben auf das Dorf ist lohnenswert. <\/p>\n\n\n\n<div id=\"wp-block-themeisle-blocks-slider-c7147f50\" class=\"wp-block-themeisle-blocks-slider glide\" data-per-view=\"1\" data-gap=\"0\" data-peek=\"0\" data-autoplay=\"true\" data-height=\"400px\" data-hide-arrows=\"false\"><div class=\"glide__track\" data-glide-el=\"track\"><div class=\"glide__slides\"><div class=\"wp-block-themeisle-blocks-slider-item-wrapper glide__slide\" tabindex=\"0\"><figure><img decoding=\"async\" class=\"wp-block-themeisle-blocks-slider-item\" src=\"https:\/\/familie-weitgereist.de\/wp-content\/uploads\/2021\/08\/IMG_5435-scaled.jpg\" alt=\"\" title=\"\" data-id=\"5993\"\/><\/figure><\/div><div class=\"wp-block-themeisle-blocks-slider-item-wrapper glide__slide\" tabindex=\"0\"><figure><img decoding=\"async\" class=\"wp-block-themeisle-blocks-slider-item\" src=\"https:\/\/familie-weitgereist.de\/wp-content\/uploads\/2021\/08\/IMG_5400-scaled.jpg\" alt=\"\" title=\"\" data-id=\"5995\"\/><\/figure><\/div><div class=\"wp-block-themeisle-blocks-slider-item-wrapper glide__slide\" tabindex=\"0\"><figure><img decoding=\"async\" class=\"wp-block-themeisle-blocks-slider-item\" src=\"https:\/\/familie-weitgereist.de\/wp-content\/uploads\/2021\/08\/IMG_5397-scaled.jpg\" alt=\"\" title=\"\" data-id=\"5996\"\/><\/figure><\/div><\/div><div class=\"glide__bullets\" data-glide-el=\"controls[nav]\"><button class=\"glide__bullet\" data-glide-dir=\"=0\"><\/button><button class=\"glide__bullet\" data-glide-dir=\"=1\"><\/button><button class=\"glide__bullet\" data-glide-dir=\"=2\"><\/button><\/div><\/div><\/div>\n\n\n\n<h2 class=\"wp-block-heading\" id=\"mainau\">Insel Mainau und der Bodensee<\/h2>\n\n\n\n<p>Nachdem wir auch schon letztes Jahr auf der Insel Mainau waren und es uns dort so gut gefallen hat, haben wir uns wieder entschieden einen Stop am Bodensee einzulegen. Dabei stellten wir fest, dass es gar nicht so leicht ist einen kostenlosen Parkplatz zu finden. Die st\u00fcndlichen Preise sind wirklich enorm hoch. Zudem war es \u00fcberhaupt schwierig einen freien Parkplatz zu ergattern. Wir haben Gl\u00fcck gehabt und sogar in Sipplingen einen kostenlosen Parkplatz gefunden. Somit hatten wir gen\u00fcgend Zeit am Naturbadestrand ausgiebig bei 18\u00b0C zu baden. Zudem gibt es einen Spielplatz und Wasserspielplatz. <\/p>\n\n\n\n<p>Am n\u00e4chsten Tag besuchten wir die <strong><a href=\"https:\/\/familie-weitgereist.de\/?p=910\/#mainau\" data-type=\"link\" data-id=\"https:\/\/familie-weitgereist.de\/?p=910\/#mainau\">Insel Mainau<\/a><\/strong>. Dazu habe ich letztes Jahr schon einen Beitrag geschrieben.<\/p>\n\n\n\n<figure class=\"wp-block-embed is-type-wp-embed is-provider-familie-weitgereist wp-block-embed-familie-weitgereist\"><div class=\"wp-block-embed__wrapper\">\n<blockquote class=\"wp-embedded-content\" data-secret=\"Zq9QPJWY4w\"><a href=\"https:\/\/familie-weitgereist.de\/?p=910\">Sommerurlaub in Pfronten im Allg\u00e4u, Deutschland mit Kleinkind<\/a><\/blockquote><iframe loading=\"lazy\" class=\"wp-embedded-content\" sandbox=\"allow-scripts\" security=\"restricted\" style=\"position: absolute; visibility: hidden;\" title=\"&#8222;Sommerurlaub in Pfronten im Allg\u00e4u, Deutschland mit Kleinkind&#8220; &#8212; Familie Weitgereist\" src=\"https:\/\/familie-weitgereist.de\/?p=910&#038;embed=true#?secret=6KaRiDfAh4#?secret=Zq9QPJWY4w\" data-secret=\"Zq9QPJWY4w\" width=\"580\" height=\"327\" frameborder=\"0\" marginwidth=\"0\" marginheight=\"0\" scrolling=\"no\"><\/iframe>\n<\/div><\/figure>\n\n\n\n<div class=\"wp-block-columns is-layout-flex wp-container-core-columns-is-layout-9d6595d7 wp-block-columns-is-layout-flex\">\n<div class=\"wp-block-column is-layout-flow wp-block-column-is-layout-flow\" style=\"flex-basis:100%\">\n<figure class=\"wp-block-image size-large\"><img loading=\"lazy\" decoding=\"async\" width=\"1024\" height=\"768\" src=\"https:\/\/familie-weitgereist.de\/wp-content\/uploads\/2021\/08\/IMG_5499-1024x768.jpg\" alt=\"\" class=\"wp-image-5994\" srcset=\"https:\/\/familie-weitgereist.de\/wp-content\/uploads\/2021\/08\/IMG_5499-1024x768.jpg 1024w, https:\/\/familie-weitgereist.de\/wp-content\/uploads\/2021\/08\/IMG_5499-300x225.jpg 300w, https:\/\/familie-weitgereist.de\/wp-content\/uploads\/2021\/08\/IMG_5499-768x576.jpg 768w, https:\/\/familie-weitgereist.de\/wp-content\/uploads\/2021\/08\/IMG_5499-1536x1152.jpg 1536w, https:\/\/familie-weitgereist.de\/wp-content\/uploads\/2021\/08\/IMG_5499-2048x1536.jpg 2048w, https:\/\/familie-weitgereist.de\/wp-content\/uploads\/2021\/08\/IMG_5499-1200x900.jpg 1200w, https:\/\/familie-weitgereist.de\/wp-content\/uploads\/2021\/08\/IMG_5499-1980x1485.jpg 1980w, https:\/\/familie-weitgereist.de\/wp-content\/uploads\/2021\/08\/IMG_5499-150x113.jpg 150w\" sizes=\"auto, (max-width: 1024px) 100vw, 1024px\" \/><\/figure>\n\n\n\n<div id=\"wp-block-themeisle-blocks-slider-32cc0135\" class=\"wp-block-themeisle-blocks-slider glide\" data-per-view=\"1\" data-gap=\"0\" data-peek=\"0\" data-autoplay=\"true\" data-height=\"400px\" data-hide-arrows=\"false\"><div class=\"glide__track\" data-glide-el=\"track\"><div class=\"glide__slides\"><div class=\"wp-block-themeisle-blocks-slider-item-wrapper glide__slide\" tabindex=\"0\"><figure><img decoding=\"async\" class=\"wp-block-themeisle-blocks-slider-item\" src=\"https:\/\/familie-weitgereist.de\/wp-content\/uploads\/2021\/08\/IMG_5510-scaled.jpg\" alt=\"\" title=\"\" data-id=\"5998\"\/><\/figure><\/div><div class=\"wp-block-themeisle-blocks-slider-item-wrapper glide__slide\" tabindex=\"0\"><figure><img decoding=\"async\" class=\"wp-block-themeisle-blocks-slider-item\" src=\"https:\/\/familie-weitgereist.de\/wp-content\/uploads\/2021\/08\/IMG_5663-scaled.jpg\" alt=\"\" title=\"\" data-id=\"6001\"\/><\/figure><\/div><div class=\"wp-block-themeisle-blocks-slider-item-wrapper glide__slide\" tabindex=\"0\"><figure><img decoding=\"async\" class=\"wp-block-themeisle-blocks-slider-item\" src=\"https:\/\/familie-weitgereist.de\/wp-content\/uploads\/2021\/08\/IMG_5674-scaled.jpg\" alt=\"\" title=\"\" data-id=\"6004\"\/><\/figure><\/div><div class=\"wp-block-themeisle-blocks-slider-item-wrapper glide__slide\" tabindex=\"0\"><figure><img decoding=\"async\" class=\"wp-block-themeisle-blocks-slider-item\" src=\"https:\/\/familie-weitgereist.de\/wp-content\/uploads\/2021\/08\/IMG_5551-scaled.jpg\" alt=\"\" title=\"\" data-id=\"6006\"\/><\/figure><\/div><div class=\"wp-block-themeisle-blocks-slider-item-wrapper glide__slide\" tabindex=\"0\"><figure><img decoding=\"async\" class=\"wp-block-themeisle-blocks-slider-item\" src=\"https:\/\/familie-weitgereist.de\/wp-content\/uploads\/2021\/08\/IMG_5621-scaled.jpg\" alt=\"\" title=\"\" data-id=\"6008\"\/><\/figure><\/div><div class=\"wp-block-themeisle-blocks-slider-item-wrapper glide__slide\" tabindex=\"0\"><figure><img decoding=\"async\" class=\"wp-block-themeisle-blocks-slider-item\" src=\"https:\/\/familie-weitgereist.de\/wp-content\/uploads\/2021\/08\/IMG_5639-scaled.jpg\" alt=\"\" title=\"\" data-id=\"6010\"\/><\/figure><\/div><\/div><div class=\"glide__bullets\" data-glide-el=\"controls[nav]\"><button class=\"glide__bullet\" data-glide-dir=\"=0\"><\/button><button class=\"glide__bullet\" data-glide-dir=\"=1\"><\/button><button class=\"glide__bullet\" data-glide-dir=\"=2\"><\/button><button class=\"glide__bullet\" data-glide-dir=\"=3\"><\/button><button class=\"glide__bullet\" data-glide-dir=\"=4\"><\/button><button class=\"glide__bullet\" data-glide-dir=\"=5\"><\/button><\/div><\/div><\/div>\n\n\n\n<figure class=\"wp-block-gallery has-nested-images columns-default is-cropped wp-block-gallery-1 is-layout-flex wp-block-gallery-is-layout-flex\">\n<figure class=\"wp-block-image size-large\"><img loading=\"lazy\" decoding=\"async\" width=\"1024\" height=\"768\" data-id=\"6000\" src=\"https:\/\/familie-weitgereist.de\/wp-content\/uploads\/2021\/08\/IMG_5725-1024x768.jpg\" alt=\"\" class=\"wp-image-6000\" srcset=\"https:\/\/familie-weitgereist.de\/wp-content\/uploads\/2021\/08\/IMG_5725-1024x768.jpg 1024w, https:\/\/familie-weitgereist.de\/wp-content\/uploads\/2021\/08\/IMG_5725-300x225.jpg 300w, https:\/\/familie-weitgereist.de\/wp-content\/uploads\/2021\/08\/IMG_5725-768x576.jpg 768w, https:\/\/familie-weitgereist.de\/wp-content\/uploads\/2021\/08\/IMG_5725-1536x1152.jpg 1536w, https:\/\/familie-weitgereist.de\/wp-content\/uploads\/2021\/08\/IMG_5725-2048x1536.jpg 2048w, https:\/\/familie-weitgereist.de\/wp-content\/uploads\/2021\/08\/IMG_5725-1200x900.jpg 1200w, https:\/\/familie-weitgereist.de\/wp-content\/uploads\/2021\/08\/IMG_5725-1980x1485.jpg 1980w, https:\/\/familie-weitgereist.de\/wp-content\/uploads\/2021\/08\/IMG_5725-150x113.jpg 150w\" sizes=\"auto, (max-width: 1024px) 100vw, 1024px\" \/><\/figure>\n\n\n\n<figure class=\"wp-block-image size-large\"><img loading=\"lazy\" decoding=\"async\" width=\"1024\" height=\"768\" data-id=\"6003\" src=\"https:\/\/familie-weitgereist.de\/wp-content\/uploads\/2021\/08\/IMG_5718-1024x768.jpg\" alt=\"\" class=\"wp-image-6003\" srcset=\"https:\/\/familie-weitgereist.de\/wp-content\/uploads\/2021\/08\/IMG_5718-1024x768.jpg 1024w, https:\/\/familie-weitgereist.de\/wp-content\/uploads\/2021\/08\/IMG_5718-300x225.jpg 300w, https:\/\/familie-weitgereist.de\/wp-content\/uploads\/2021\/08\/IMG_5718-768x576.jpg 768w, https:\/\/familie-weitgereist.de\/wp-content\/uploads\/2021\/08\/IMG_5718-1536x1152.jpg 1536w, https:\/\/familie-weitgereist.de\/wp-content\/uploads\/2021\/08\/IMG_5718-2048x1536.jpg 2048w, https:\/\/familie-weitgereist.de\/wp-content\/uploads\/2021\/08\/IMG_5718-1200x900.jpg 1200w, https:\/\/familie-weitgereist.de\/wp-content\/uploads\/2021\/08\/IMG_5718-1980x1485.jpg 1980w, https:\/\/familie-weitgereist.de\/wp-content\/uploads\/2021\/08\/IMG_5718-150x113.jpg 150w\" sizes=\"auto, (max-width: 1024px) 100vw, 1024px\" \/><\/figure>\n<\/figure>\n<\/div>\n<\/div>\n\n\n\n<p>Das mediterrane Flair der Insel begeistert uns immer wieder. Die Blumen, das warme Wetter, die verschiedenen Pflanzen und das Highlight die Blumen-Entchen und der Blumen-Pfau. Ganz besonders hat Merlin auch der Spielplatz gleich am Eingang gefallen. <\/p>\n\n\n\n<p>Die Insel wird von den vielen G\u00e4rtnern gehegt und gepflegt. Es sieht immer blumig, bunt und gepflegt aus. Ein wahres Paradies. Besonders sch\u00f6n sind auch die gro\u00dfen Mammutb\u00e4ume, die besonders an hei\u00dfen Tagen viel Schatten spenden.<\/p>\n\n\n\n<h2 class=\"wp-block-heading\" id=\"rothenburg\">Rothenburg ob der Tauber<\/h2>\n\n\n\n<p>Auf unserer Heimreise besichtigten wir Rothenburg ob der Tauber. Viel haben wir \u00fcber dieses beschauliche St\u00e4dtchen schon geh\u00f6rt und wollten es mit eigenen Augen sehen. <\/p>\n\n\n\n<p>Rothenburg ob der Tauber ist eine Kleinstadt in Nordbayern, der Region Mittelfranken. <\/p>\n\n\n\n<div id=\"wp-block-themeisle-blocks-slider-878eb23a\" class=\"wp-block-themeisle-blocks-slider glide\" data-per-view=\"1\" data-gap=\"0\" data-peek=\"0\" data-autoplay=\"true\" data-height=\"400px\" data-hide-arrows=\"false\"><div class=\"glide__track\" data-glide-el=\"track\"><div class=\"glide__slides\"><div class=\"wp-block-themeisle-blocks-slider-item-wrapper glide__slide\" tabindex=\"0\"><figure><img decoding=\"async\" class=\"wp-block-themeisle-blocks-slider-item\" src=\"https:\/\/familie-weitgereist.de\/wp-content\/uploads\/2021\/09\/IMG_7870-scaled.jpg\" alt=\"\" title=\"\" data-id=\"6305\"\/><\/figure><\/div><div class=\"wp-block-themeisle-blocks-slider-item-wrapper glide__slide\" tabindex=\"0\"><figure><img decoding=\"async\" class=\"wp-block-themeisle-blocks-slider-item\" src=\"https:\/\/familie-weitgereist.de\/wp-content\/uploads\/2021\/09\/IMG_7878-scaled.jpg\" alt=\"\" title=\"\" data-id=\"6309\"\/><\/figure><\/div><\/div><div class=\"glide__bullets\" data-glide-el=\"controls[nav]\"><button class=\"glide__bullet\" data-glide-dir=\"=0\"><\/button><button class=\"glide__bullet\" data-glide-dir=\"=1\"><\/button><\/div><\/div><\/div>\n\n\n\n<p>Die mittelalterliche Altstadt ist bezaubernd und in ihrer Gesamtheit gibt es selten eine Stadt, die noch so gut und vollkommen erhalten ist. Eine Besonderheit ist, dass die Altstadt auf der Stadtmauer komplett umlaufen werden kann. Die Mauer kann auf unterschiedlichen Mauert\u00fcrmen erklommen werden. <\/p>\n\n\n\n<div id=\"wp-block-themeisle-blocks-slider-ab84e1e9\" class=\"wp-block-themeisle-blocks-slider glide\" data-per-view=\"1\" data-gap=\"0\" data-peek=\"0\" data-autoplay=\"true\" data-height=\"400px\" data-hide-arrows=\"false\"><div class=\"glide__track\" data-glide-el=\"track\"><div class=\"glide__slides\"><div class=\"wp-block-themeisle-blocks-slider-item-wrapper glide__slide\" tabindex=\"0\"><figure><img decoding=\"async\" class=\"wp-block-themeisle-blocks-slider-item\" src=\"https:\/\/familie-weitgereist.de\/wp-content\/uploads\/2021\/09\/IMG_7855-scaled.jpg\" alt=\"\" title=\"\" data-id=\"6303\"\/><\/figure><\/div><div class=\"wp-block-themeisle-blocks-slider-item-wrapper glide__slide\" tabindex=\"0\"><figure><img decoding=\"async\" class=\"wp-block-themeisle-blocks-slider-item\" src=\"https:\/\/familie-weitgereist.de\/wp-content\/uploads\/2021\/09\/IMG_7848-scaled.jpg\" alt=\"\" title=\"\" data-id=\"6307\"\/><\/figure><\/div><\/div><div class=\"glide__bullets\" data-glide-el=\"controls[nav]\"><button class=\"glide__bullet\" data-glide-dir=\"=0\"><\/button><button class=\"glide__bullet\" data-glide-dir=\"=1\"><\/button><\/div><\/div><\/div>\n\n\n\n<p>Wundersch\u00f6ne Fachwerkh\u00e4user zieren die Altstadt. Besonders bekannt ist das Pl\u00f6nlein, eine Stra\u00dfengabelung aus mittelalterlichen Fachwerkh\u00e4usern. <\/p>\n\n\n\n<figure class=\"wp-block-image size-large\"><img loading=\"lazy\" decoding=\"async\" width=\"1024\" height=\"683\" src=\"https:\/\/familie-weitgereist.de\/wp-content\/uploads\/2021\/09\/IMG_7925-1024x683.jpg\" alt=\"\" class=\"wp-image-6302\" srcset=\"https:\/\/familie-weitgereist.de\/wp-content\/uploads\/2021\/09\/IMG_7925-1024x683.jpg 1024w, https:\/\/familie-weitgereist.de\/wp-content\/uploads\/2021\/09\/IMG_7925-300x200.jpg 300w, https:\/\/familie-weitgereist.de\/wp-content\/uploads\/2021\/09\/IMG_7925-768x512.jpg 768w, https:\/\/familie-weitgereist.de\/wp-content\/uploads\/2021\/09\/IMG_7925-1536x1024.jpg 1536w, https:\/\/familie-weitgereist.de\/wp-content\/uploads\/2021\/09\/IMG_7925-2048x1365.jpg 2048w, https:\/\/familie-weitgereist.de\/wp-content\/uploads\/2021\/09\/IMG_7925-1200x800.jpg 1200w, https:\/\/familie-weitgereist.de\/wp-content\/uploads\/2021\/09\/IMG_7925-1980x1320.jpg 1980w, https:\/\/familie-weitgereist.de\/wp-content\/uploads\/2021\/09\/IMG_7925-150x100.jpg 150w\" sizes=\"auto, (max-width: 1024px) 100vw, 1024px\" \/><figcaption class=\"wp-element-caption\">Das Pl\u00f6nlein<\/figcaption><\/figure>\n\n\n\n<h2 class=\"wp-block-heading\">Schweiz<\/h2>\n\n\n\n<p>Auf unserem diesj\u00e4hrigen Roadtrip war die Schweiz eher ein Durchreiseland. <\/p>\n\n\n\n<h2 class=\"wp-block-heading\" id=\"rheinfall\">Rheinfall von Schaffhausen<\/h2>\n\n\n\n<p>Wir nutzten die Schweiz nahezu fast als Durchreiseland. Eigentlich hat sie das gar nicht verdient. Es gibt so viele grandiose Ecken in der Schweiz. Beim n\u00e4chsten Mal &#8230; (:<\/p>\n\n\n\n<p>Wir wollten jedoch unbedingt zum Rheinfall von Schaffhausen. Ich war als Kind schon einmal dort und konnte mich an die unglaublichen Wassermassen erinnern. Merlin staunte so sehr! Wir starteten unsere Wanderung zum Rheinfall von einem kostenlosen Wanderparkplatz aus. Wir liefen durch Schaffhausen und liefen am Rhein entlang. Interessant fanden wir, wie schnell der Rhein flie\u00dft. <\/p>\n\n\n\n<figure class=\"wp-block-image size-large\"><img loading=\"lazy\" decoding=\"async\" width=\"1024\" height=\"768\" src=\"https:\/\/familie-weitgereist.de\/wp-content\/uploads\/2021\/08\/IMG_5811-1024x768.jpg\" alt=\"\" class=\"wp-image-6019\" srcset=\"https:\/\/familie-weitgereist.de\/wp-content\/uploads\/2021\/08\/IMG_5811-1024x768.jpg 1024w, https:\/\/familie-weitgereist.de\/wp-content\/uploads\/2021\/08\/IMG_5811-300x225.jpg 300w, https:\/\/familie-weitgereist.de\/wp-content\/uploads\/2021\/08\/IMG_5811-768x576.jpg 768w, https:\/\/familie-weitgereist.de\/wp-content\/uploads\/2021\/08\/IMG_5811-1536x1152.jpg 1536w, https:\/\/familie-weitgereist.de\/wp-content\/uploads\/2021\/08\/IMG_5811-2048x1536.jpg 2048w, https:\/\/familie-weitgereist.de\/wp-content\/uploads\/2021\/08\/IMG_5811-1200x900.jpg 1200w, https:\/\/familie-weitgereist.de\/wp-content\/uploads\/2021\/08\/IMG_5811-1980x1485.jpg 1980w, https:\/\/familie-weitgereist.de\/wp-content\/uploads\/2021\/08\/IMG_5811-150x113.jpg 150w\" sizes=\"auto, (max-width: 1024px) 100vw, 1024px\" \/><figcaption class=\"wp-element-caption\">Spaziergang am Rhein<\/figcaption><\/figure>\n\n\n\n<figure class=\"wp-block-image size-large\"><img loading=\"lazy\" decoding=\"async\" width=\"1024\" height=\"768\" src=\"https:\/\/familie-weitgereist.de\/wp-content\/uploads\/2021\/08\/IMG_5759-1024x768.jpg\" alt=\"\" class=\"wp-image-6012\" srcset=\"https:\/\/familie-weitgereist.de\/wp-content\/uploads\/2021\/08\/IMG_5759-1024x768.jpg 1024w, https:\/\/familie-weitgereist.de\/wp-content\/uploads\/2021\/08\/IMG_5759-300x225.jpg 300w, https:\/\/familie-weitgereist.de\/wp-content\/uploads\/2021\/08\/IMG_5759-768x576.jpg 768w, https:\/\/familie-weitgereist.de\/wp-content\/uploads\/2021\/08\/IMG_5759-1536x1152.jpg 1536w, https:\/\/familie-weitgereist.de\/wp-content\/uploads\/2021\/08\/IMG_5759-2048x1536.jpg 2048w, https:\/\/familie-weitgereist.de\/wp-content\/uploads\/2021\/08\/IMG_5759-1200x900.jpg 1200w, https:\/\/familie-weitgereist.de\/wp-content\/uploads\/2021\/08\/IMG_5759-1980x1485.jpg 1980w, https:\/\/familie-weitgereist.de\/wp-content\/uploads\/2021\/08\/IMG_5759-150x113.jpg 150w\" sizes=\"auto, (max-width: 1024px) 100vw, 1024px\" \/><figcaption class=\"wp-element-caption\">Rheinfall von Schaffhausen<\/figcaption><\/figure>\n\n\n\n<p>Am Rheinfall angekommen, gibt es mehrere Aussichtspunkte. Der Rheinfall ist der gr\u00f6\u00dfte Wasserfall Europas. Er st\u00fcrzt sich mit einer H\u00f6he von 23m und einer Breite von 150m in die Tiefe. Die starke Str\u00f6mung, die hohe Ger\u00e4uschkulisse, die durch die Wassermassen entsteht, die Gischt und der Wasserfall selbst sind ein grandioses Naturschauspiel. Um dem Wasserfall noch n\u00e4her zu kommen, gibt es sogar die M\u00f6glichkeit mittels einem Boot sehr nah an den Rheinfall heranzufahren. <\/p>\n\n\n\n<div id=\"wp-block-themeisle-blocks-slider-5e6507ec\" class=\"wp-block-themeisle-blocks-slider glide\" data-per-view=\"1\" data-gap=\"0\" data-peek=\"0\" data-autoplay=\"true\" data-height=\"306px\" data-hide-arrows=\"false\"><div class=\"glide__track\" data-glide-el=\"track\"><div class=\"glide__slides\"><div class=\"wp-block-themeisle-blocks-slider-item-wrapper glide__slide\" tabindex=\"0\"><figure><img decoding=\"async\" class=\"wp-block-themeisle-blocks-slider-item\" src=\"https:\/\/familie-weitgereist.de\/wp-content\/uploads\/2021\/08\/IMG_5751-scaled.jpg\" alt=\"\" title=\"\" data-id=\"6014\"\/><\/figure><\/div><div class=\"wp-block-themeisle-blocks-slider-item-wrapper glide__slide\" tabindex=\"0\"><figure><img decoding=\"async\" class=\"wp-block-themeisle-blocks-slider-item\" src=\"https:\/\/familie-weitgereist.de\/wp-content\/uploads\/2021\/08\/IMG_5752-scaled.jpg\" alt=\"\" title=\"\" data-id=\"6016\"\/><\/figure><\/div><div class=\"wp-block-themeisle-blocks-slider-item-wrapper glide__slide\" tabindex=\"0\"><figure><img decoding=\"async\" class=\"wp-block-themeisle-blocks-slider-item\" src=\"https:\/\/familie-weitgereist.de\/wp-content\/uploads\/2021\/08\/IMG_5778-scaled.jpg\" alt=\"\" title=\"\" data-id=\"6018\"\/><\/figure><\/div><\/div><div class=\"glide__bullets\" data-glide-el=\"controls[nav]\"><button class=\"glide__bullet\" data-glide-dir=\"=0\"><\/button><button class=\"glide__bullet\" data-glide-dir=\"=1\"><\/button><button class=\"glide__bullet\" data-glide-dir=\"=2\"><\/button><\/div><\/div><\/div>\n\n\n\n<p>Wir blieben an Land und liefen zu den verschiedenen Aussichtspunkten. Wir liefen hinab zum M\u00fchlradhaus und verbrachten sehr viel Zeit dort. Merlin war unglaublich fasziniert von den Wassermassen. <\/p>\n\n\n\n<p>\u00dcber der Rheinbr\u00fccke bei Laufen erreichten wir die andere Seite des Rheines. Die Fu\u00dfg\u00e4nger teilen sich die gleiche Br\u00fccke wie der Zug. Auf der anderen Seite angekommen spazierten wir einen kurzen Anstieg hinauf zum Schloss Laufen. Wir besichtigten nur die Au\u00dfenanlagen des Schlosses und schenkten dem Schloss gar nicht so viel Aufmerksamkeit. Zum Einen weil ein nahendes Gewitter etwas Eile erforderte, zum Anderen waren wir so begeistert vom Rheinfall. Wir haben einen Fahrstuhl entdeckt und schlenderten dann noch gem\u00fctlich auf kleinen Pfaden zum Rhein hinunter. Der kostenlose Aussichtspunkt des Rheinfalls ist vom Schloss Laufen jedoch weiter entfernt, als vom M\u00fchlradhaus. Sch\u00f6n ist es trotzdem. Die Boote legen unterhalb vom Schloss Laufen ab und wenn man ganz nah an den Wasserfall m\u00f6chte, gibt es einen bezahlbaren Weg. <\/p>\n\n\n\n<div id=\"wp-block-themeisle-blocks-slider-d698eda2\" class=\"wp-block-themeisle-blocks-slider glide\" data-per-view=\"1\" data-gap=\"0\" data-peek=\"0\" data-autoplay=\"true\" data-height=\"264px\" data-hide-arrows=\"false\"><div class=\"glide__track\" data-glide-el=\"track\"><div class=\"glide__slides\"><div class=\"wp-block-themeisle-blocks-slider-item-wrapper glide__slide\" tabindex=\"0\"><figure><img decoding=\"async\" class=\"wp-block-themeisle-blocks-slider-item\" src=\"https:\/\/familie-weitgereist.de\/wp-content\/uploads\/2021\/08\/IMG_5794-scaled.jpg\" alt=\"\" title=\"\" data-id=\"6021\"\/><\/figure><\/div><div class=\"wp-block-themeisle-blocks-slider-item-wrapper glide__slide\" tabindex=\"0\"><figure><img decoding=\"async\" class=\"wp-block-themeisle-blocks-slider-item\" src=\"https:\/\/familie-weitgereist.de\/wp-content\/uploads\/2021\/08\/IMG_5809-scaled.jpg\" alt=\"\" title=\"\" data-id=\"6023\"\/><\/figure><\/div><div class=\"wp-block-themeisle-blocks-slider-item-wrapper glide__slide\" tabindex=\"0\"><figure><img decoding=\"async\" class=\"wp-block-themeisle-blocks-slider-item\" src=\"https:\/\/familie-weitgereist.de\/wp-content\/uploads\/2021\/08\/IMG_5807-scaled.jpg\" alt=\"\" title=\"\" data-id=\"6024\"\/><\/figure><\/div><\/div><div class=\"glide__bullets\" data-glide-el=\"controls[nav]\"><button class=\"glide__bullet\" data-glide-dir=\"=0\"><\/button><button class=\"glide__bullet\" data-glide-dir=\"=1\"><\/button><button class=\"glide__bullet\" data-glide-dir=\"=2\"><\/button><\/div><\/div><\/div>\n\n\n\n<h2 class=\"wp-block-heading\">Italien<\/h2>\n\n\n\n<p>Unsere Reise durch die Schweiz brachte uns zur\u00fcck nach Locarno, wo wir letzten Sommer mit Rucks\u00e4cken unterwegs waren. Diesmal sind wir jedoch nur durchgefahren, da unser Ziel der Lago Maggiore gewesen ist und wir wollten direkt weiter nach Italien fahren.<\/p>\n\n\n\n<figure class=\"wp-block-embed is-type-wp-embed is-provider-familie-weitgereist wp-block-embed-familie-weitgereist\"><div class=\"wp-block-embed__wrapper\">\n<blockquote class=\"wp-embedded-content\" data-secret=\"7csAkvQ73w\"><a href=\"https:\/\/familie-weitgereist.de\/?p=908\">St\u00e4dtetrips mit Kleinkind in der Schweiz<\/a><\/blockquote><iframe loading=\"lazy\" class=\"wp-embedded-content\" sandbox=\"allow-scripts\" security=\"restricted\" style=\"position: absolute; visibility: hidden;\" title=\"&#8222;St\u00e4dtetrips mit Kleinkind in der Schweiz&#8220; &#8212; Familie Weitgereist\" src=\"https:\/\/familie-weitgereist.de\/?p=908&#038;embed=true#?secret=fznXLNSVNb#?secret=7csAkvQ73w\" data-secret=\"7csAkvQ73w\" width=\"580\" height=\"327\" frameborder=\"0\" marginwidth=\"0\" marginheight=\"0\" scrolling=\"no\"><\/iframe>\n<\/div><\/figure>\n\n\n\n<h2 class=\"wp-block-heading\" id=\"lagomaggiore\">Lago Maggiore<\/h2>\n\n\n\n<p>Unser Reisetag durch die Schweiz war sehr verregnet. Die Berge sehen jedoch auch bei st\u00fcrmischen und regnerischen Wetter grandios aus. Wir genossen die Ausblicke auf die Berge. Da wir keine Autobahnen fuhren, f\u00fchrte uns unser Weg \u00fcber die Alpenp\u00e4sse und -tunnel. Einen tollen Spot f\u00fcr die Nacht fanden wir auch. Weit oben in den Bergen war die Nacht sehr k\u00fchl. Wir freuten uns auf die Fahrt zum Lago Maggiore und der Temperaturunterschied am See war wirklich enorm. <\/p>\n\n\n\n<figure class=\"wp-block-image\"><img loading=\"lazy\" decoding=\"async\" width=\"2560\" height=\"1920\" src=\"https:\/\/familie-weitgereist.de\/wp-content\/uploads\/2021\/09\/IMG_5842-scaled.jpg\" alt=\"\" class=\"wp-image-6058\" srcset=\"https:\/\/familie-weitgereist.de\/wp-content\/uploads\/2021\/09\/IMG_5842-scaled.jpg 2560w, https:\/\/familie-weitgereist.de\/wp-content\/uploads\/2021\/09\/IMG_5842-300x225.jpg 300w, https:\/\/familie-weitgereist.de\/wp-content\/uploads\/2021\/09\/IMG_5842-1024x768.jpg 1024w, https:\/\/familie-weitgereist.de\/wp-content\/uploads\/2021\/09\/IMG_5842-768x576.jpg 768w, https:\/\/familie-weitgereist.de\/wp-content\/uploads\/2021\/09\/IMG_5842-1536x1152.jpg 1536w, https:\/\/familie-weitgereist.de\/wp-content\/uploads\/2021\/09\/IMG_5842-2048x1536.jpg 2048w, https:\/\/familie-weitgereist.de\/wp-content\/uploads\/2021\/09\/IMG_5842-1200x900.jpg 1200w, https:\/\/familie-weitgereist.de\/wp-content\/uploads\/2021\/09\/IMG_5842-1980x1485.jpg 1980w, https:\/\/familie-weitgereist.de\/wp-content\/uploads\/2021\/09\/IMG_5842-150x113.jpg 150w\" sizes=\"auto, (max-width: 2560px) 100vw, 2560px\" \/><\/figure>\n\n\n\n<p>Die Schweiz und Italien teilen sich den Lago Maggiore, wobei ein Gro\u00dfteil in Italien liegt. Der See ist ca. 65km lang. Eine Besonderheit ist, dass der See auf einer H\u00f6henstra\u00dfe umfahren werden kann. Von oben bieten sich herrliche Ausblicke auf den See und das bergige Umland.<\/p>\n\n\n\n<div id=\"wp-block-themeisle-blocks-slider-8d665409\" class=\"wp-block-themeisle-blocks-slider glide\" data-per-view=\"1\" data-gap=\"0\" data-peek=\"0\" data-autoplay=\"true\" data-height=\"392px\" data-hide-arrows=\"false\"><div class=\"glide__track\" data-glide-el=\"track\"><div class=\"glide__slides\"><div class=\"wp-block-themeisle-blocks-slider-item-wrapper glide__slide\" tabindex=\"0\"><figure><img decoding=\"async\" class=\"wp-block-themeisle-blocks-slider-item\" src=\"https:\/\/familie-weitgereist.de\/wp-content\/uploads\/2021\/09\/IMG_5865-scaled.jpg\" alt=\"\" title=\"\" data-id=\"6067\"\/><\/figure><\/div><div class=\"wp-block-themeisle-blocks-slider-item-wrapper glide__slide\" tabindex=\"0\"><figure><img decoding=\"async\" class=\"wp-block-themeisle-blocks-slider-item\" src=\"https:\/\/familie-weitgereist.de\/wp-content\/uploads\/2021\/09\/IMG_5871-scaled.jpg\" alt=\"\" title=\"\" data-id=\"6069\"\/><\/figure><\/div><\/div><div class=\"glide__bullets\" data-glide-el=\"controls[nav]\"><button class=\"glide__bullet\" data-glide-dir=\"=0\"><\/button><button class=\"glide__bullet\" data-glide-dir=\"=1\"><\/button><\/div><\/div><\/div>\n\n\n\n<p>Am Lago Maggiore angekommen, genossen wir einen traumhaften Erholungs- und Badetag. Wir steuerten mehrere Badestellen an und hatten eine wunderbare Zeit. Nat\u00fcrlich waren wir auch wieder auf der Suche nach einem Spot f\u00fcr die Nacht. Diesen fanden wir auch, direkt gegen\u00fcber des Sees. Ein Traum!<\/p>\n\n\n\n<figure class=\"wp-block-image size-large\"><img loading=\"lazy\" decoding=\"async\" width=\"1024\" height=\"683\" src=\"https:\/\/familie-weitgereist.de\/wp-content\/uploads\/2021\/09\/IMG_5910-1024x683.jpg\" alt=\"\" class=\"wp-image-6056\" srcset=\"https:\/\/familie-weitgereist.de\/wp-content\/uploads\/2021\/09\/IMG_5910-1024x683.jpg 1024w, https:\/\/familie-weitgereist.de\/wp-content\/uploads\/2021\/09\/IMG_5910-300x200.jpg 300w, https:\/\/familie-weitgereist.de\/wp-content\/uploads\/2021\/09\/IMG_5910-768x512.jpg 768w, https:\/\/familie-weitgereist.de\/wp-content\/uploads\/2021\/09\/IMG_5910-1536x1024.jpg 1536w, https:\/\/familie-weitgereist.de\/wp-content\/uploads\/2021\/09\/IMG_5910-2048x1365.jpg 2048w, https:\/\/familie-weitgereist.de\/wp-content\/uploads\/2021\/09\/IMG_5910-1200x800.jpg 1200w, https:\/\/familie-weitgereist.de\/wp-content\/uploads\/2021\/09\/IMG_5910-1980x1320.jpg 1980w, https:\/\/familie-weitgereist.de\/wp-content\/uploads\/2021\/09\/IMG_5910-150x100.jpg 150w\" sizes=\"auto, (max-width: 1024px) 100vw, 1024px\" \/><figcaption class=\"wp-element-caption\">Unser Nachtplatz am Lago Maggiore<\/figcaption><\/figure>\n\n\n\n<div id=\"wp-block-themeisle-blocks-slider-573525a0\" class=\"wp-block-themeisle-blocks-slider glide\" data-per-view=\"1\" data-gap=\"0\" data-peek=\"0\" data-autoplay=\"true\" data-height=\"318px\" data-hide-arrows=\"false\"><div class=\"glide__track\" data-glide-el=\"track\"><div class=\"glide__slides\"><div class=\"wp-block-themeisle-blocks-slider-item-wrapper glide__slide\" tabindex=\"0\"><figure><img decoding=\"async\" class=\"wp-block-themeisle-blocks-slider-item\" src=\"https:\/\/familie-weitgereist.de\/wp-content\/uploads\/2021\/09\/IMG_5886-scaled.jpg\" alt=\"\" title=\"\" data-id=\"6072\"\/><\/figure><\/div><div class=\"wp-block-themeisle-blocks-slider-item-wrapper glide__slide\" tabindex=\"0\"><figure><img decoding=\"async\" class=\"wp-block-themeisle-blocks-slider-item\" src=\"https:\/\/familie-weitgereist.de\/wp-content\/uploads\/2021\/09\/IMG_5903-scaled.jpg\" alt=\"\" title=\"\" data-id=\"6074\"\/><\/figure><\/div><div class=\"wp-block-themeisle-blocks-slider-item-wrapper glide__slide\" tabindex=\"0\"><figure><img decoding=\"async\" class=\"wp-block-themeisle-blocks-slider-item\" src=\"https:\/\/familie-weitgereist.de\/wp-content\/uploads\/2021\/09\/IMG_5920-scaled.jpg\" alt=\"\" title=\"\" data-id=\"6075\"\/><\/figure><\/div><\/div><div class=\"glide__bullets\" data-glide-el=\"controls[nav]\"><button class=\"glide__bullet\" data-glide-dir=\"=0\"><\/button><button class=\"glide__bullet\" data-glide-dir=\"=1\"><\/button><button class=\"glide__bullet\" data-glide-dir=\"=2\"><\/button><\/div><\/div><\/div>\n\n\n\n<h2 class=\"wp-block-heading\">Frankreich<\/h2>\n\n\n\n<p>In gro\u00dfen Etappen geht unser Roadtrip weiter. Wir fahren Richtung Frankreich und m\u00f6chten in den Nationalpark Mercantour. Die italienischen und franz\u00f6sischen Voralpen gefallen uns sehr gut. Wir genie\u00dfen das warme, sonnige Wetter und machen viele Pausen inmitten der Berge. <\/p>\n\n\n\n<div id=\"wp-block-themeisle-blocks-slider-fdd47b8f\" class=\"wp-block-themeisle-blocks-slider glide\" data-per-view=\"1\" data-gap=\"0\" data-peek=\"0\" data-autoplay=\"true\" data-height=\"344px\" data-hide-arrows=\"false\"><div class=\"glide__track\" data-glide-el=\"track\"><div class=\"glide__slides\"><div class=\"wp-block-themeisle-blocks-slider-item-wrapper glide__slide\" tabindex=\"0\"><figure><img decoding=\"async\" class=\"wp-block-themeisle-blocks-slider-item\" src=\"https:\/\/familie-weitgereist.de\/wp-content\/uploads\/2021\/09\/IMG_5936-scaled.jpg\" alt=\"\" title=\"\" data-id=\"6078\"\/><\/figure><\/div><div class=\"wp-block-themeisle-blocks-slider-item-wrapper glide__slide\" tabindex=\"0\"><figure><img decoding=\"async\" class=\"wp-block-themeisle-blocks-slider-item\" src=\"https:\/\/familie-weitgereist.de\/wp-content\/uploads\/2021\/09\/IMG_5944-scaled.jpg\" alt=\"\" title=\"\" data-id=\"6080\"\/><\/figure><\/div><\/div><div class=\"glide__bullets\" data-glide-el=\"controls[nav]\"><button class=\"glide__bullet\" data-glide-dir=\"=0\"><\/button><button class=\"glide__bullet\" data-glide-dir=\"=1\"><\/button><\/div><\/div><\/div>\n\n\n\n<p>Wir fuhren zum Col de la Lombarde. Der Bergpass liegt auf einer H\u00f6he von 2350m und bildet die Grenze zwischen Italien und Frankreich. Kurz vor dem Pass liegt der Lago delle porte du Piemonte. Ein traumhafter Bergsee. Wanderwege f\u00fchren auch zum See, jedoch ist er aufgrund der Lage zum Bergpass auch sehr gut mit dem Auto erreichbar und eventuell weniger attraktiv f\u00fcr Bergwanderer. <\/p>\n\n\n\n<figure class=\"wp-block-image size-large\"><img loading=\"lazy\" decoding=\"async\" width=\"1024\" height=\"683\" src=\"https:\/\/familie-weitgereist.de\/wp-content\/uploads\/2021\/09\/IMG_5939-1024x683.jpg\" alt=\"\" class=\"wp-image-6085\" srcset=\"https:\/\/familie-weitgereist.de\/wp-content\/uploads\/2021\/09\/IMG_5939-1024x683.jpg 1024w, https:\/\/familie-weitgereist.de\/wp-content\/uploads\/2021\/09\/IMG_5939-300x200.jpg 300w, https:\/\/familie-weitgereist.de\/wp-content\/uploads\/2021\/09\/IMG_5939-768x512.jpg 768w, https:\/\/familie-weitgereist.de\/wp-content\/uploads\/2021\/09\/IMG_5939-1536x1024.jpg 1536w, https:\/\/familie-weitgereist.de\/wp-content\/uploads\/2021\/09\/IMG_5939-2048x1365.jpg 2048w, https:\/\/familie-weitgereist.de\/wp-content\/uploads\/2021\/09\/IMG_5939-1200x800.jpg 1200w, https:\/\/familie-weitgereist.de\/wp-content\/uploads\/2021\/09\/IMG_5939-1980x1320.jpg 1980w, https:\/\/familie-weitgereist.de\/wp-content\/uploads\/2021\/09\/IMG_5939-150x100.jpg 150w\" sizes=\"auto, (max-width: 1024px) 100vw, 1024px\" \/><figcaption class=\"wp-element-caption\">Lago delle Porte du Piemonte<\/figcaption><\/figure>\n\n\n\n<h2 class=\"wp-block-heading\" id=\"mercantour\">Nationalpark Mercantour<\/h2>\n\n\n\n<p>Im Nationalpark Mercantour hatten wir urspr\u00fcnglich geplant auf einen der idyllischen Campingpl\u00e4tze zu gehen. Jedoch haben wir zu sp\u00e4t mitbekommen, dass diese sehr oft nur Barzahlungen akzeptieren, wir aber nicht ausreichend Bargeld dabei hatten. Das machte jedoch gar nichts, denn wir haben tolle &#8222;Aires&#8220; gefunden, wo wir gratis inmitten sch\u00f6nster Natur stehen konnten.<\/p>\n\n\n\n<figure class=\"wp-block-image size-large\"><img loading=\"lazy\" decoding=\"async\" width=\"1024\" height=\"683\" src=\"https:\/\/familie-weitgereist.de\/wp-content\/uploads\/2021\/09\/IMG_6048-1024x683.jpg\" alt=\"\" class=\"wp-image-6231\" srcset=\"https:\/\/familie-weitgereist.de\/wp-content\/uploads\/2021\/09\/IMG_6048-1024x683.jpg 1024w, https:\/\/familie-weitgereist.de\/wp-content\/uploads\/2021\/09\/IMG_6048-300x200.jpg 300w, https:\/\/familie-weitgereist.de\/wp-content\/uploads\/2021\/09\/IMG_6048-768x512.jpg 768w, https:\/\/familie-weitgereist.de\/wp-content\/uploads\/2021\/09\/IMG_6048-1536x1024.jpg 1536w, https:\/\/familie-weitgereist.de\/wp-content\/uploads\/2021\/09\/IMG_6048-2048x1365.jpg 2048w, https:\/\/familie-weitgereist.de\/wp-content\/uploads\/2021\/09\/IMG_6048-1200x800.jpg 1200w, https:\/\/familie-weitgereist.de\/wp-content\/uploads\/2021\/09\/IMG_6048-1980x1320.jpg 1980w, https:\/\/familie-weitgereist.de\/wp-content\/uploads\/2021\/09\/IMG_6048-150x100.jpg 150w\" sizes=\"auto, (max-width: 1024px) 100vw, 1024px\" \/><\/figure>\n\n\n\n<p>Wir erlebten wundersch\u00f6ne Wanderungen und \u00fcberwanden viele H\u00f6henmeter. Die wundersch\u00f6nen kleinen Bergorte mit den engen Gassen und die traumhaften Berge sind unsere gr\u00f6\u00dfte Freude.<\/p>\n\n\n\n<div id=\"wp-block-themeisle-blocks-slider-be4eb4ca\" class=\"wp-block-themeisle-blocks-slider glide\" data-per-view=\"1\" data-gap=\"0\" data-peek=\"0\" data-autoplay=\"true\" data-height=\"258px\" data-hide-arrows=\"false\"><div class=\"glide__track\" data-glide-el=\"track\"><div class=\"glide__slides\"><div class=\"wp-block-themeisle-blocks-slider-item-wrapper glide__slide\" tabindex=\"0\"><figure><img decoding=\"async\" class=\"wp-block-themeisle-blocks-slider-item\" src=\"https:\/\/familie-weitgereist.de\/wp-content\/uploads\/2021\/09\/IMG_6066-scaled.jpg\" alt=\"\" title=\"\" data-id=\"6234\"\/><\/figure><\/div><div class=\"wp-block-themeisle-blocks-slider-item-wrapper glide__slide\" tabindex=\"0\"><figure><img decoding=\"async\" class=\"wp-block-themeisle-blocks-slider-item\" src=\"https:\/\/familie-weitgereist.de\/wp-content\/uploads\/2021\/09\/IMG_6018-scaled.jpg\" alt=\"\" title=\"\" data-id=\"6236\"\/><\/figure><\/div><div class=\"wp-block-themeisle-blocks-slider-item-wrapper glide__slide\" tabindex=\"0\"><figure><img decoding=\"async\" class=\"wp-block-themeisle-blocks-slider-item\" src=\"https:\/\/familie-weitgereist.de\/wp-content\/uploads\/2021\/09\/IMG_6000-scaled.jpg\" alt=\"\" title=\"\" data-id=\"6239\"\/><\/figure><\/div><div class=\"wp-block-themeisle-blocks-slider-item-wrapper glide__slide\" tabindex=\"0\"><figure><img decoding=\"async\" class=\"wp-block-themeisle-blocks-slider-item\" src=\"https:\/\/familie-weitgereist.de\/wp-content\/uploads\/2021\/09\/IMG_6028-scaled.jpg\" alt=\"\" title=\"\" data-id=\"6240\"\/><\/figure><\/div><\/div><div class=\"glide__bullets\" data-glide-el=\"controls[nav]\"><button class=\"glide__bullet\" data-glide-dir=\"=0\"><\/button><button class=\"glide__bullet\" data-glide-dir=\"=1\"><\/button><button class=\"glide__bullet\" data-glide-dir=\"=2\"><\/button><button class=\"glide__bullet\" data-glide-dir=\"=3\"><\/button><\/div><\/div><\/div>\n\n\n\n<h2 class=\"wp-block-heading\" id=\"daluis\">Gorges de Daluis<\/h2>\n\n\n\n<p>Auf unserem Weg Richtung C\u00f4te d&#8217;Azur sind wir durch die Gorges de Daluis gefahren. Wir hatten urspr\u00fcnglich vor eine Wanderung durch die Schlucht zu machen. Leider wurde das Wetter schlechter und Starkregen kam uns dazwischen. Nichtsdestotrotz war es beeindruckend durch die Schlucht zu fahren und an einigen Spots anzuhalten. <\/p>\n\n\n\n<p>Die Schlucht besteht aus r\u00f6tlichem Schiefergestein und es f\u00fchlte sich etwas an, als fuhren wir durch das Monument Valley in den USA. <\/p>\n\n\n\n<figure class=\"wp-block-image size-large\"><img loading=\"lazy\" decoding=\"async\" width=\"1024\" height=\"683\" src=\"https:\/\/familie-weitgereist.de\/wp-content\/uploads\/2021\/09\/IMG_6272-1024x683.jpg\" alt=\"\" class=\"wp-image-6247\" srcset=\"https:\/\/familie-weitgereist.de\/wp-content\/uploads\/2021\/09\/IMG_6272-1024x683.jpg 1024w, https:\/\/familie-weitgereist.de\/wp-content\/uploads\/2021\/09\/IMG_6272-300x200.jpg 300w, https:\/\/familie-weitgereist.de\/wp-content\/uploads\/2021\/09\/IMG_6272-768x512.jpg 768w, https:\/\/familie-weitgereist.de\/wp-content\/uploads\/2021\/09\/IMG_6272-1536x1024.jpg 1536w, https:\/\/familie-weitgereist.de\/wp-content\/uploads\/2021\/09\/IMG_6272-2048x1365.jpg 2048w, https:\/\/familie-weitgereist.de\/wp-content\/uploads\/2021\/09\/IMG_6272-1200x800.jpg 1200w, https:\/\/familie-weitgereist.de\/wp-content\/uploads\/2021\/09\/IMG_6272-1980x1320.jpg 1980w, https:\/\/familie-weitgereist.de\/wp-content\/uploads\/2021\/09\/IMG_6272-150x100.jpg 150w\" sizes=\"auto, (max-width: 1024px) 100vw, 1024px\" \/><figcaption class=\"wp-element-caption\">Blick auf die Georges de Daluis<\/figcaption><\/figure>\n\n\n\n<h2 class=\"wp-block-heading\" id=\"entrevaux\">Das Dorf Entrevaux<\/h2>\n\n\n\n<p>Nachdem wir durch die Schlucht gefahren sind, haben wir nach einem Spot f\u00fcr die Nacht Ausschau gehalten und auch einen gratis Stellplatz gefunden. Gegen\u00fcber dem Bahnhof in Entrevaux sind gratis Stellpl\u00e4tze f\u00fcr Wohnmobile.<\/p>\n\n\n\n<p>Entrevaux ist ein kleiner Ort mit ca. 800 Einwohnern. Der Name des Ortes bedeutet &#8222;Zwischen dem Tal&#8220;. <\/p>\n\n\n\n<figure class=\"wp-block-image size-large\"><img loading=\"lazy\" decoding=\"async\" width=\"1024\" height=\"683\" src=\"https:\/\/familie-weitgereist.de\/wp-content\/uploads\/2021\/09\/IMG_6303-2-1024x683.jpg\" alt=\"\" class=\"wp-image-6282\" srcset=\"https:\/\/familie-weitgereist.de\/wp-content\/uploads\/2021\/09\/IMG_6303-2-1024x683.jpg 1024w, https:\/\/familie-weitgereist.de\/wp-content\/uploads\/2021\/09\/IMG_6303-2-300x200.jpg 300w, https:\/\/familie-weitgereist.de\/wp-content\/uploads\/2021\/09\/IMG_6303-2-768x512.jpg 768w, https:\/\/familie-weitgereist.de\/wp-content\/uploads\/2021\/09\/IMG_6303-2-1536x1024.jpg 1536w, https:\/\/familie-weitgereist.de\/wp-content\/uploads\/2021\/09\/IMG_6303-2-2048x1365.jpg 2048w, https:\/\/familie-weitgereist.de\/wp-content\/uploads\/2021\/09\/IMG_6303-2-1200x800.jpg 1200w, https:\/\/familie-weitgereist.de\/wp-content\/uploads\/2021\/09\/IMG_6303-2-1980x1320.jpg 1980w, https:\/\/familie-weitgereist.de\/wp-content\/uploads\/2021\/09\/IMG_6303-2-150x100.jpg 150w\" sizes=\"auto, (max-width: 1024px) 100vw, 1024px\" \/><figcaption class=\"wp-element-caption\">Das Stadttor zur mittelalterlichen Altstadt<\/figcaption><\/figure>\n\n\n\n<p>Entrevaux hat, wie viele solcher Orte in S\u00fcdfrankreich, eine mittelalterliche Altstadt. Zudem besitzt der Ort eine Zitadelle, die oberhalb der Stadt thront und mittels eines steilen Anstieges erreichbar ist. <\/p>\n\n\n\n<figure class=\"wp-block-image size-large\"><img loading=\"lazy\" decoding=\"async\" width=\"1024\" height=\"683\" src=\"https:\/\/familie-weitgereist.de\/wp-content\/uploads\/2021\/09\/IMG_6297-1024x683.jpg\" alt=\"\" class=\"wp-image-6284\" srcset=\"https:\/\/familie-weitgereist.de\/wp-content\/uploads\/2021\/09\/IMG_6297-1024x683.jpg 1024w, https:\/\/familie-weitgereist.de\/wp-content\/uploads\/2021\/09\/IMG_6297-300x200.jpg 300w, https:\/\/familie-weitgereist.de\/wp-content\/uploads\/2021\/09\/IMG_6297-768x512.jpg 768w, https:\/\/familie-weitgereist.de\/wp-content\/uploads\/2021\/09\/IMG_6297-1536x1024.jpg 1536w, https:\/\/familie-weitgereist.de\/wp-content\/uploads\/2021\/09\/IMG_6297-2048x1365.jpg 2048w, https:\/\/familie-weitgereist.de\/wp-content\/uploads\/2021\/09\/IMG_6297-1200x800.jpg 1200w, https:\/\/familie-weitgereist.de\/wp-content\/uploads\/2021\/09\/IMG_6297-1980x1320.jpg 1980w, https:\/\/familie-weitgereist.de\/wp-content\/uploads\/2021\/09\/IMG_6297-150x100.jpg 150w\" sizes=\"auto, (max-width: 1024px) 100vw, 1024px\" \/><figcaption class=\"wp-element-caption\">Blick auf Entrevaux<\/figcaption><\/figure>\n\n\n\n<p>Wir haben unterhalb des Ortes auf einem gro\u00dfen Spielplatz eine tolle Zeit gehabt. Es gibt viel Platz zum Rennen und sich Austoben. Zudem bietet der Spielplatz einen tollen Ausblick auf die Altstadt. <\/p>\n\n\n\n<h2 class=\"wp-block-heading\" id=\"nizza\">Nizza<\/h2>\n\n\n\n<p>Nizza ist die Hauptstadt an der C\u00f4te d&#8217;Azur und mit 300 Sonnentagen im Jahr ein beliebtes Urlaubsziel. <\/p>\n\n\n\n<figure class=\"wp-block-image size-large\"><img loading=\"lazy\" decoding=\"async\" width=\"1024\" height=\"683\" src=\"https:\/\/familie-weitgereist.de\/wp-content\/uploads\/2021\/09\/IMG_6486-1024x683.jpg\" alt=\"\" class=\"wp-image-6312\" srcset=\"https:\/\/familie-weitgereist.de\/wp-content\/uploads\/2021\/09\/IMG_6486-1024x683.jpg 1024w, https:\/\/familie-weitgereist.de\/wp-content\/uploads\/2021\/09\/IMG_6486-300x200.jpg 300w, https:\/\/familie-weitgereist.de\/wp-content\/uploads\/2021\/09\/IMG_6486-768x512.jpg 768w, https:\/\/familie-weitgereist.de\/wp-content\/uploads\/2021\/09\/IMG_6486-1536x1024.jpg 1536w, https:\/\/familie-weitgereist.de\/wp-content\/uploads\/2021\/09\/IMG_6486-2048x1365.jpg 2048w, https:\/\/familie-weitgereist.de\/wp-content\/uploads\/2021\/09\/IMG_6486-1200x800.jpg 1200w, https:\/\/familie-weitgereist.de\/wp-content\/uploads\/2021\/09\/IMG_6486-1980x1320.jpg 1980w, https:\/\/familie-weitgereist.de\/wp-content\/uploads\/2021\/09\/IMG_6486-150x100.jpg 150w\" sizes=\"auto, (max-width: 1024px) 100vw, 1024px\" \/><\/figure>\n\n\n\n<p>Wir sind mit dem Zug am Hauptbahnhof in Nizza angekommen und sind durch die Stadt geschlendert.<\/p>\n\n\n\n<figure class=\"wp-block-image size-large\"><img loading=\"lazy\" decoding=\"async\" width=\"1024\" height=\"683\" src=\"https:\/\/familie-weitgereist.de\/wp-content\/uploads\/2021\/09\/IMG_6379-1024x683.jpg\" alt=\"\" class=\"wp-image-6321\" srcset=\"https:\/\/familie-weitgereist.de\/wp-content\/uploads\/2021\/09\/IMG_6379-1024x683.jpg 1024w, https:\/\/familie-weitgereist.de\/wp-content\/uploads\/2021\/09\/IMG_6379-300x200.jpg 300w, https:\/\/familie-weitgereist.de\/wp-content\/uploads\/2021\/09\/IMG_6379-768x512.jpg 768w, https:\/\/familie-weitgereist.de\/wp-content\/uploads\/2021\/09\/IMG_6379-1536x1024.jpg 1536w, https:\/\/familie-weitgereist.de\/wp-content\/uploads\/2021\/09\/IMG_6379-2048x1365.jpg 2048w, https:\/\/familie-weitgereist.de\/wp-content\/uploads\/2021\/09\/IMG_6379-1200x800.jpg 1200w, https:\/\/familie-weitgereist.de\/wp-content\/uploads\/2021\/09\/IMG_6379-1980x1320.jpg 1980w, https:\/\/familie-weitgereist.de\/wp-content\/uploads\/2021\/09\/IMG_6379-150x100.jpg 150w\" sizes=\"auto, (max-width: 1024px) 100vw, 1024px\" \/><figcaption class=\"wp-element-caption\">Blick auf den Hafen Nizzas<\/figcaption><\/figure>\n\n\n\n<p>Nizza hat eine wunderbare Altstadt und die N\u00e4he zum Meer ist immer zu sp\u00fcren. Wir lie\u00dfen uns einfach treiben und gelangten an das wundersch\u00f6ne Mittelmeer. Wobei wir feststellten, dass die Str\u00e4nde an sich gar nicht so traumhaft sind. Sie sind oftmals direkt an der Hauptverkehrsstra\u00dfe der C\u00f4te d&#8217;Azur und es sind oft schattenlose Kieselsteinstr\u00e4nde.<\/p>\n\n\n\n<div id=\"wp-block-themeisle-blocks-slider-6c099171\" class=\"wp-block-themeisle-blocks-slider glide\" data-per-view=\"1\" data-gap=\"0\" data-peek=\"0\" data-autoplay=\"true\" data-height=\"295px\" data-hide-arrows=\"false\"><div class=\"glide__track\" data-glide-el=\"track\"><div class=\"glide__slides\"><div class=\"wp-block-themeisle-blocks-slider-item-wrapper glide__slide\" tabindex=\"0\"><figure><img decoding=\"async\" class=\"wp-block-themeisle-blocks-slider-item\" src=\"https:\/\/familie-weitgereist.de\/wp-content\/uploads\/2021\/09\/IMG_6604-1-scaled.jpg\" alt=\"\" title=\"\" data-id=\"6324\"\/><\/figure><\/div><div class=\"wp-block-themeisle-blocks-slider-item-wrapper glide__slide\" tabindex=\"0\"><figure><img decoding=\"async\" class=\"wp-block-themeisle-blocks-slider-item\" src=\"https:\/\/familie-weitgereist.de\/wp-content\/uploads\/2021\/09\/IMG_6612-scaled.jpg\" alt=\"\" title=\"\" data-id=\"6326\"\/><\/figure><\/div><\/div><div class=\"glide__bullets\" data-glide-el=\"controls[nav]\"><button class=\"glide__bullet\" data-glide-dir=\"=0\"><\/button><button class=\"glide__bullet\" data-glide-dir=\"=1\"><\/button><\/div><\/div><\/div>\n\n\n\n<p>Am besten gefiel uns der Schlossberg von Nizza, la Colline du Ch\u00e2teau. Der Aufstieg erfolgt \u00fcber vieler Treppen und der Blick auf die Altstadt von Nizza, dem Mittelmeer und den Bergen im Hinterland sind wundersch\u00f6n. Der Schlossberg, mit seinem botanischen Garten und dem Wasserfall, La Cascade, bieten einen wunderbaren R\u00fcckzugsort und schattige Pl\u00e4tze. <\/p>\n\n\n\n<div id=\"wp-block-themeisle-blocks-slider-4106c082\" class=\"wp-block-themeisle-blocks-slider glide\" data-per-view=\"1\" data-gap=\"0\" data-peek=\"0\" data-autoplay=\"true\" data-height=\"315px\" data-hide-arrows=\"false\"><div class=\"glide__track\" data-glide-el=\"track\"><div class=\"glide__slides\"><div class=\"wp-block-themeisle-blocks-slider-item-wrapper glide__slide\" tabindex=\"0\"><figure><img decoding=\"async\" class=\"wp-block-themeisle-blocks-slider-item\" src=\"https:\/\/familie-weitgereist.de\/wp-content\/uploads\/2021\/09\/IMG_6524-scaled.jpg\" alt=\"\" title=\"\" data-id=\"6319\"\/><\/figure><\/div><div class=\"wp-block-themeisle-blocks-slider-item-wrapper glide__slide\" tabindex=\"0\"><figure><img decoding=\"async\" class=\"wp-block-themeisle-blocks-slider-item\" src=\"https:\/\/familie-weitgereist.de\/wp-content\/uploads\/2021\/09\/IMG_6508-scaled.jpg\" alt=\"\" title=\"\" data-id=\"6320\"\/><\/figure><\/div><\/div><div class=\"glide__bullets\" data-glide-el=\"controls[nav]\"><button class=\"glide__bullet\" data-glide-dir=\"=0\"><\/button><button class=\"glide__bullet\" data-glide-dir=\"=1\"><\/button><\/div><\/div><\/div>\n\n\n\n<p>Nat\u00fcrlich erkundeten wir auch viele Spielpl\u00e4tze in Nizza. Ganz besonders toll ist ein riesiger Spielplatz inmitten eines Parks am Boulevard Jean Jaur\u00e8s. Zudem befindet sich dort eine Fl\u00e4che mit Wasserfont\u00e4nen, die sehr gern zum Spielen und Planschen f\u00fcr Klein und Gro\u00df genutzt wird und eine tolle Abk\u00fchlung im Sommer ist. <\/p>\n\n\n\n<figure class=\"wp-block-image size-large\"><img loading=\"lazy\" decoding=\"async\" width=\"1024\" height=\"683\" src=\"https:\/\/familie-weitgereist.de\/wp-content\/uploads\/2021\/09\/IMG_6425-1024x683.jpg\" alt=\"\" class=\"wp-image-6328\" srcset=\"https:\/\/familie-weitgereist.de\/wp-content\/uploads\/2021\/09\/IMG_6425-1024x683.jpg 1024w, https:\/\/familie-weitgereist.de\/wp-content\/uploads\/2021\/09\/IMG_6425-300x200.jpg 300w, https:\/\/familie-weitgereist.de\/wp-content\/uploads\/2021\/09\/IMG_6425-768x512.jpg 768w, https:\/\/familie-weitgereist.de\/wp-content\/uploads\/2021\/09\/IMG_6425-1536x1024.jpg 1536w, https:\/\/familie-weitgereist.de\/wp-content\/uploads\/2021\/09\/IMG_6425-2048x1365.jpg 2048w, https:\/\/familie-weitgereist.de\/wp-content\/uploads\/2021\/09\/IMG_6425-1200x800.jpg 1200w, https:\/\/familie-weitgereist.de\/wp-content\/uploads\/2021\/09\/IMG_6425-1980x1320.jpg 1980w, https:\/\/familie-weitgereist.de\/wp-content\/uploads\/2021\/09\/IMG_6425-150x100.jpg 150w\" sizes=\"auto, (max-width: 1024px) 100vw, 1024px\" \/><\/figure>\n\n\n\n<h2 class=\"wp-block-heading\" id=\"marguerite\">Die Insel Sainte Marguerite<\/h2>\n\n\n\n<p>Im Mittelmeer, vor der K\u00fcste bei Cannes liegt die kleine Inselgruppe \u00celes de L\u00e9rins. Wir haben f\u00fcr einen Tagesausflug die gr\u00f6\u00dfte Insel gew\u00e4hlt und sind mit der F\u00e4hre von Cannes nach Sainte Marguerite gefahren. <\/p>\n\n\n\n<figure class=\"wp-block-image size-large\"><img loading=\"lazy\" decoding=\"async\" width=\"1024\" height=\"683\" src=\"https:\/\/familie-weitgereist.de\/wp-content\/uploads\/2021\/09\/IMG_7051-1024x683.jpg\" alt=\"\" class=\"wp-image-6226\" srcset=\"https:\/\/familie-weitgereist.de\/wp-content\/uploads\/2021\/09\/IMG_7051-1024x683.jpg 1024w, https:\/\/familie-weitgereist.de\/wp-content\/uploads\/2021\/09\/IMG_7051-300x200.jpg 300w, https:\/\/familie-weitgereist.de\/wp-content\/uploads\/2021\/09\/IMG_7051-768x512.jpg 768w, https:\/\/familie-weitgereist.de\/wp-content\/uploads\/2021\/09\/IMG_7051-1536x1024.jpg 1536w, https:\/\/familie-weitgereist.de\/wp-content\/uploads\/2021\/09\/IMG_7051-2048x1365.jpg 2048w, https:\/\/familie-weitgereist.de\/wp-content\/uploads\/2021\/09\/IMG_7051-1200x800.jpg 1200w, https:\/\/familie-weitgereist.de\/wp-content\/uploads\/2021\/09\/IMG_7051-1980x1320.jpg 1980w, https:\/\/familie-weitgereist.de\/wp-content\/uploads\/2021\/09\/IMG_7051-150x100.jpg 150w\" sizes=\"auto, (max-width: 1024px) 100vw, 1024px\" \/><figcaption class=\"wp-element-caption\">Die Insel Sainte Marguerite<\/figcaption><\/figure>\n\n\n\n<p>Um nach Cannes zu gelangen, nahmen wir von dem Ort unseres Campingplatzes Villeneuve-Loubet, den Zug und waren ca. 20 Minuten sp\u00e4ter in Cannes. Vom Bahnhof sind wir zum Hafen gelaufen. Als wir in Cannes waren, liefen die Internationalen Filmfestspiele. Wir haben davon jedoch sehr wenig mitbekommen, au\u00dfer ein paar wenige Leinw\u00e4nde, die in der Stadt aufgestellt waren.<\/p>\n\n\n\n<p>Die Insel Sainte Marguerite ist traumhaft sch\u00f6n. Die Insel ist in den Sommermonaten ein beliebtes Ausflugsziel. Dies merkten wir besonders an den vielen Booten, die vor der Insel anlegten.<\/p>\n\n\n\n<div id=\"wp-block-themeisle-blocks-slider-fb564681\" class=\"wp-block-themeisle-blocks-slider glide\" data-per-view=\"1\" data-gap=\"0\" data-peek=\"0\" data-autoplay=\"true\" data-height=\"345px\" data-hide-arrows=\"false\"><div class=\"glide__track\" data-glide-el=\"track\"><div class=\"glide__slides\"><div class=\"wp-block-themeisle-blocks-slider-item-wrapper glide__slide\" tabindex=\"0\"><figure><img decoding=\"async\" class=\"wp-block-themeisle-blocks-slider-item\" src=\"https:\/\/familie-weitgereist.de\/wp-content\/uploads\/2021\/09\/IMG_7175-1-scaled.jpg\" alt=\"\" title=\"\" data-id=\"6409\"\/><\/figure><\/div><div class=\"wp-block-themeisle-blocks-slider-item-wrapper glide__slide\" tabindex=\"0\"><figure><img decoding=\"async\" class=\"wp-block-themeisle-blocks-slider-item\" src=\"https:\/\/familie-weitgereist.de\/wp-content\/uploads\/2021\/09\/IMG_7215-1-scaled.jpg\" alt=\"\" title=\"\" data-id=\"6412\"\/><\/figure><\/div><div class=\"wp-block-themeisle-blocks-slider-item-wrapper glide__slide\" tabindex=\"0\"><figure><img decoding=\"async\" class=\"wp-block-themeisle-blocks-slider-item\" src=\"https:\/\/familie-weitgereist.de\/wp-content\/uploads\/2021\/09\/IMG_7165-scaled.jpg\" alt=\"\" title=\"\" data-id=\"6413\"\/><\/figure><\/div><div class=\"wp-block-themeisle-blocks-slider-item-wrapper glide__slide\" tabindex=\"0\"><figure><img decoding=\"async\" class=\"wp-block-themeisle-blocks-slider-item\" src=\"https:\/\/familie-weitgereist.de\/wp-content\/uploads\/2021\/09\/IMG_7135-2-scaled.jpg\" alt=\"\" title=\"\" data-id=\"6414\"\/><\/figure><\/div><\/div><div class=\"glide__bullets\" data-glide-el=\"controls[nav]\"><button class=\"glide__bullet\" data-glide-dir=\"=0\"><\/button><button class=\"glide__bullet\" data-glide-dir=\"=1\"><\/button><button class=\"glide__bullet\" data-glide-dir=\"=2\"><\/button><button class=\"glide__bullet\" data-glide-dir=\"=3\"><\/button><\/div><\/div><\/div>\n\n\n\n<p>Die Insel ist sehr naturbelassen. Ein gro\u00dfer Vorteil ist, dass die Insel autofrei ist und selbst die gro\u00dfen Wege \u00fcber die Insel verlaufen auf breiten Waldwegen. Wir erkundeten die gesamte Insel zu Fu\u00df. <\/p>\n\n\n\n<div id=\"wp-block-themeisle-blocks-slider-eaef63a4\" class=\"wp-block-themeisle-blocks-slider glide\" data-per-view=\"1\" data-gap=\"0\" data-peek=\"0\" data-autoplay=\"true\" data-height=\"278px\" data-hide-arrows=\"false\"><div class=\"glide__track\" data-glide-el=\"track\"><div class=\"glide__slides\"><div class=\"wp-block-themeisle-blocks-slider-item-wrapper glide__slide\" tabindex=\"0\"><figure><img decoding=\"async\" class=\"wp-block-themeisle-blocks-slider-item\" src=\"https:\/\/familie-weitgereist.de\/wp-content\/uploads\/2021\/09\/IMG_7156-1-scaled.jpg\" alt=\"\" title=\"\" data-id=\"6416\"\/><\/figure><\/div><div class=\"wp-block-themeisle-blocks-slider-item-wrapper glide__slide\" tabindex=\"0\"><figure><img decoding=\"async\" class=\"wp-block-themeisle-blocks-slider-item\" src=\"https:\/\/familie-weitgereist.de\/wp-content\/uploads\/2021\/09\/IMG_7141-1-scaled.jpg\" alt=\"\" title=\"\" data-id=\"6417\"\/><\/figure><\/div><\/div><div class=\"glide__bullets\" data-glide-el=\"controls[nav]\"><button class=\"glide__bullet\" data-glide-dir=\"=0\"><\/button><button class=\"glide__bullet\" data-glide-dir=\"=1\"><\/button><\/div><\/div><\/div>\n\n\n\n<p>Zuerst besichtigten wir das <strong>Fort Royal<\/strong>. Dies wurde jahrhundertelang als Staatsgef\u00e4ngnis genutzt und der mysteri\u00f6se &#8222;Mann mit der eisernen Maske&#8220; war dort inhaftiert. Heute kann man das gro\u00dfe Areal besichtigen. Es wird als Ferienlager genutzt. In den Innenr\u00e4umen des Forts kann man anschaulich viel \u00fcber die Geschichte des Forts und der Insel lernen, u.a. wie Lebensmittel und Wasser in fr\u00fcheren Zeiten auf die Insel gelangten. <\/p>\n\n\n\n<figure class=\"wp-block-image\"><img decoding=\"async\" src=\"https:\/\/familie-weitgereist.de\/wp-content\/uploads\/2021\/09\/IMG_7085-scaled.jpg\" alt=\"\"\/><\/figure>\n\n\n\n<p>Anschlie\u00dfend wanderten wir auf herrlichen schattigen Waldwegen \u00fcber die ganze Insel. Es stehen immer wieder Wasserquellen bereit. Dies ist auch notwendig, denn es ist im Hochsommer wirklich sehr warm. <\/p>\n\n\n\n<div id=\"wp-block-themeisle-blocks-slider-1c73a2db\" class=\"wp-block-themeisle-blocks-slider glide\" data-per-view=\"1\" data-gap=\"0\" data-peek=\"0\" data-autoplay=\"true\" data-height=\"303px\" data-hide-arrows=\"false\"><div class=\"glide__track\" data-glide-el=\"track\"><div class=\"glide__slides\"><div class=\"wp-block-themeisle-blocks-slider-item-wrapper glide__slide\" tabindex=\"0\"><figure><img decoding=\"async\" class=\"wp-block-themeisle-blocks-slider-item\" src=\"https:\/\/familie-weitgereist.de\/wp-content\/uploads\/2021\/09\/IMG_7114-2-scaled.jpg\" alt=\"\" title=\"\" data-id=\"6267\"\/><\/figure><\/div><div class=\"wp-block-themeisle-blocks-slider-item-wrapper glide__slide\" tabindex=\"0\"><figure><img decoding=\"async\" class=\"wp-block-themeisle-blocks-slider-item\" src=\"https:\/\/familie-weitgereist.de\/wp-content\/uploads\/2021\/09\/IMG_7135-1-scaled.jpg\" alt=\"\" title=\"\" data-id=\"6270\"\/><\/figure><\/div><\/div><div class=\"glide__bullets\" data-glide-el=\"controls[nav]\"><button class=\"glide__bullet\" data-glide-dir=\"=0\"><\/button><button class=\"glide__bullet\" data-glide-dir=\"=1\"><\/button><\/div><\/div><\/div>\n\n\n\n<p>Am \u00f6stlichsten Ende der Insel angekommen, erblickten wir ein weiteres Fort. Dies wurde zur Verteidigung in damaligen Zeiten genutzt.<\/p>\n\n\n\n<figure class=\"wp-block-image\"><img decoding=\"async\" src=\"https:\/\/familie-weitgereist.de\/wp-content\/uploads\/2021\/09\/IMG_7127-scaled.jpg\" alt=\"\"\/><\/figure>\n\n\n\n<p>Unser R\u00fcckweg f\u00fchrte uns immer an der K\u00fcste entlang. Die Ausblicke auf das t\u00fcrkisblaue Meer, das Festland, die Nachbarinsel Saint-Honorat und das Zirpen der Grillen auf den Zirkaden, versetzten uns in wunderbare Urlaubsstimmung. <\/p>\n\n\n\n<div id=\"wp-block-themeisle-blocks-slider-ff5ce293\" class=\"wp-block-themeisle-blocks-slider glide\" data-per-view=\"1\" data-gap=\"0\" data-peek=\"0\" data-autoplay=\"true\" data-height=\"282px\" data-hide-arrows=\"false\"><div class=\"glide__track\" data-glide-el=\"track\"><div class=\"glide__slides\"><div class=\"wp-block-themeisle-blocks-slider-item-wrapper glide__slide\" tabindex=\"0\"><figure><img decoding=\"async\" class=\"wp-block-themeisle-blocks-slider-item\" src=\"https:\/\/familie-weitgereist.de\/wp-content\/uploads\/2021\/09\/IMG_7149-scaled.jpg\" alt=\"\" title=\"\" data-id=\"6268\"\/><\/figure><\/div><div class=\"wp-block-themeisle-blocks-slider-item-wrapper glide__slide\" tabindex=\"0\"><figure><img decoding=\"async\" class=\"wp-block-themeisle-blocks-slider-item\" src=\"https:\/\/familie-weitgereist.de\/wp-content\/uploads\/2021\/09\/IMG_7200-1-scaled.jpg\" alt=\"\" title=\"\" data-id=\"6271\"\/><\/figure><\/div><div class=\"wp-block-themeisle-blocks-slider-item-wrapper glide__slide\" tabindex=\"0\"><figure><img decoding=\"async\" class=\"wp-block-themeisle-blocks-slider-item\" src=\"https:\/\/familie-weitgereist.de\/wp-content\/uploads\/2021\/09\/IMG_7195-scaled.jpg\" alt=\"\" title=\"\" data-id=\"6273\"\/><\/figure><\/div><div class=\"wp-block-themeisle-blocks-slider-item-wrapper glide__slide\" tabindex=\"0\"><figure><img decoding=\"async\" class=\"wp-block-themeisle-blocks-slider-item\" src=\"https:\/\/familie-weitgereist.de\/wp-content\/uploads\/2021\/09\/IMG_7167-1-scaled.jpg\" alt=\"\" title=\"\" data-id=\"6276\"\/><\/figure><\/div><\/div><div class=\"glide__bullets\" data-glide-el=\"controls[nav]\"><button class=\"glide__bullet\" data-glide-dir=\"=0\"><\/button><button class=\"glide__bullet\" data-glide-dir=\"=1\"><\/button><button class=\"glide__bullet\" data-glide-dir=\"=2\"><\/button><button class=\"glide__bullet\" data-glide-dir=\"=3\"><\/button><\/div><\/div><\/div>\n\n\n\n<p>In der N\u00e4he der Anlegestelle der F\u00e4hre suchten wir uns ein schattiges Pl\u00e4tzchen am Strand. Hierbei muss gesagt werden, dass es auch hier ein Kiesel-, Steinstrand ist, wie an der C\u00f4te d&#8217;Azur \u00fcblich. Das Wasser im Mittelmeer war traumhaft warm und wir konnten uns bei einem sch\u00f6nen Picknick abk\u00fchlen. <\/p>\n\n\n\n<p>Am sp\u00e4ten Nachmittag nahmen wir die F\u00e4hre zur\u00fcck zum Festland und fuhren mit dem Zug zur\u00fcck zum Campingplatz. Es war ein traumhafter Tagesausflug! <\/p>\n\n\n\n<h2 class=\"wp-block-heading\" id=\"verdon\">Verdon Schlucht<\/h2>\n\n\n\n<p>Wir wollten schon lang einmal zu dieser grandiosen und eindrucksvollen Schlucht im S\u00fcden von Frankreich und dieses Jahr hat es auf unserem Roadtrip perfekt gepasst. <\/p>\n\n\n\n<figure class=\"wp-block-image size-large\"><img loading=\"lazy\" decoding=\"async\" width=\"1024\" height=\"683\" src=\"https:\/\/familie-weitgereist.de\/wp-content\/uploads\/2021\/09\/IMG_7340-1024x683.jpg\" alt=\"\" class=\"wp-image-6089\" srcset=\"https:\/\/familie-weitgereist.de\/wp-content\/uploads\/2021\/09\/IMG_7340-1024x683.jpg 1024w, https:\/\/familie-weitgereist.de\/wp-content\/uploads\/2021\/09\/IMG_7340-300x200.jpg 300w, https:\/\/familie-weitgereist.de\/wp-content\/uploads\/2021\/09\/IMG_7340-768x512.jpg 768w, https:\/\/familie-weitgereist.de\/wp-content\/uploads\/2021\/09\/IMG_7340-1536x1024.jpg 1536w, https:\/\/familie-weitgereist.de\/wp-content\/uploads\/2021\/09\/IMG_7340-2048x1365.jpg 2048w, https:\/\/familie-weitgereist.de\/wp-content\/uploads\/2021\/09\/IMG_7340-1200x800.jpg 1200w, https:\/\/familie-weitgereist.de\/wp-content\/uploads\/2021\/09\/IMG_7340-1980x1320.jpg 1980w, https:\/\/familie-weitgereist.de\/wp-content\/uploads\/2021\/09\/IMG_7340-150x100.jpg 150w\" sizes=\"auto, (max-width: 1024px) 100vw, 1024px\" \/><figcaption class=\"wp-element-caption\">Verdon Schlucht<\/figcaption><\/figure>\n\n\n\n<p>Die Gorges du Verdon sind eine gro\u00dfe Schlucht in der Provence. Der Canyon ist 21km lang und an bestimmten Stellen bis zu 700m tief. Es ist ein Paradies f\u00fcr Abenteuersportler. Es gibt die M\u00f6glichkeit die Schlucht zu durchwandern, die Sportart Canyoning zu betreiben, mit dem Fahrrad die Schlucht zu umfahren, aber auch mit dem Auto. <\/p>\n\n\n\n<div id=\"wp-block-themeisle-blocks-slider-71114ed2\" class=\"wp-block-themeisle-blocks-slider glide\" data-per-view=\"1\" data-gap=\"0\" data-peek=\"0\" data-autoplay=\"true\" data-height=\"334px\" data-hide-arrows=\"false\"><div class=\"glide__track\" data-glide-el=\"track\"><div class=\"glide__slides\"><div class=\"wp-block-themeisle-blocks-slider-item-wrapper glide__slide\" tabindex=\"0\"><figure><img decoding=\"async\" class=\"wp-block-themeisle-blocks-slider-item\" src=\"https:\/\/familie-weitgereist.de\/wp-content\/uploads\/2021\/09\/IMG_7284-scaled.jpg\" alt=\"\" title=\"\" data-id=\"6092\"\/><\/figure><\/div><div class=\"wp-block-themeisle-blocks-slider-item-wrapper glide__slide\" tabindex=\"0\"><figure><img decoding=\"async\" class=\"wp-block-themeisle-blocks-slider-item\" src=\"https:\/\/familie-weitgereist.de\/wp-content\/uploads\/2021\/09\/IMG_7300-scaled.jpg\" alt=\"\" title=\"\" data-id=\"6094\"\/><\/figure><\/div><div class=\"wp-block-themeisle-blocks-slider-item-wrapper glide__slide\" tabindex=\"0\"><figure><img decoding=\"async\" class=\"wp-block-themeisle-blocks-slider-item\" src=\"https:\/\/familie-weitgereist.de\/wp-content\/uploads\/2021\/09\/IMG_7369-scaled.jpg\" alt=\"\" title=\"\" data-id=\"6096\"\/><\/figure><\/div><\/div><div class=\"glide__bullets\" data-glide-el=\"controls[nav]\"><button class=\"glide__bullet\" data-glide-dir=\"=0\"><\/button><button class=\"glide__bullet\" data-glide-dir=\"=1\"><\/button><button class=\"glide__bullet\" data-glide-dir=\"=2\"><\/button><\/div><\/div><\/div>\n\n\n\n<p>Wir sind mit dem Auto zuerst zum Point Sublime gefahren und hatten eine wirklich traumhafte Aussicht auf die Schlucht. Das Wetter war, wie im S\u00fcden von Frankreich oft, wundersch\u00f6n! <\/p>\n\n\n\n<figure class=\"wp-block-image size-large\"><img loading=\"lazy\" decoding=\"async\" width=\"1024\" height=\"683\" src=\"https:\/\/familie-weitgereist.de\/wp-content\/uploads\/2021\/09\/IMG_7252-1024x683.jpg\" alt=\"\" class=\"wp-image-6095\" srcset=\"https:\/\/familie-weitgereist.de\/wp-content\/uploads\/2021\/09\/IMG_7252-1024x683.jpg 1024w, https:\/\/familie-weitgereist.de\/wp-content\/uploads\/2021\/09\/IMG_7252-300x200.jpg 300w, https:\/\/familie-weitgereist.de\/wp-content\/uploads\/2021\/09\/IMG_7252-768x512.jpg 768w, https:\/\/familie-weitgereist.de\/wp-content\/uploads\/2021\/09\/IMG_7252-1536x1024.jpg 1536w, https:\/\/familie-weitgereist.de\/wp-content\/uploads\/2021\/09\/IMG_7252-2048x1365.jpg 2048w, https:\/\/familie-weitgereist.de\/wp-content\/uploads\/2021\/09\/IMG_7252-1200x800.jpg 1200w, https:\/\/familie-weitgereist.de\/wp-content\/uploads\/2021\/09\/IMG_7252-1980x1320.jpg 1980w, https:\/\/familie-weitgereist.de\/wp-content\/uploads\/2021\/09\/IMG_7252-150x100.jpg 150w\" sizes=\"auto, (max-width: 1024px) 100vw, 1024px\" \/><figcaption class=\"wp-element-caption\">Point Sublime<\/figcaption><\/figure>\n\n\n\n<p>Anschlie\u00dfend fuhren wir mit dem Auto weiter zu einem Parkplatz um in die Schlucht hineinzuwandern. Da wir wieder zur\u00fcck zum Auto mussten, konnten wir leider nicht die komplette Schlucht durchwandern. Das w\u00e4re sicherlich ein geniales Abenteuer geworden. Jedoch hatten wir eine wundervolle Wanderung auf engen und spannenden Pfaden. Wir liefen durch mehrere Tunnel und es ist hierbei wirklich sehr ratsam eine Taschenlampe oder ein Handy dabei zu haben, denn es wird wirklich stockdunkel. Ab und an begegneten uns weitere Wanderer und schenkten ein bisschen mehr Licht, ansonsten ist man jedoch auf sich allein gestellt. Ein tolles Abenteuer! <\/p>\n\n\n\n<div id=\"wp-block-themeisle-blocks-slider-4f44f781\" class=\"wp-block-themeisle-blocks-slider glide\" data-per-view=\"1\" data-gap=\"0\" data-peek=\"0\" data-autoplay=\"true\" data-height=\"346px\" data-hide-arrows=\"false\"><div class=\"glide__track\" data-glide-el=\"track\"><div class=\"glide__slides\"><div class=\"wp-block-themeisle-blocks-slider-item-wrapper glide__slide\" tabindex=\"0\"><figure><img decoding=\"async\" class=\"wp-block-themeisle-blocks-slider-item\" src=\"https:\/\/familie-weitgereist.de\/wp-content\/uploads\/2021\/09\/IMG_7325-scaled.jpg\" alt=\"\" title=\"\" data-id=\"6101\"\/><\/figure><\/div><div class=\"wp-block-themeisle-blocks-slider-item-wrapper glide__slide\" tabindex=\"0\"><figure><img decoding=\"async\" class=\"wp-block-themeisle-blocks-slider-item\" src=\"https:\/\/familie-weitgereist.de\/wp-content\/uploads\/2021\/09\/IMG_7289-scaled.jpg\" alt=\"\" title=\"\" data-id=\"6105\"\/><\/figure><\/div><\/div><div class=\"glide__bullets\" data-glide-el=\"controls[nav]\"><button class=\"glide__bullet\" data-glide-dir=\"=0\"><\/button><button class=\"glide__bullet\" data-glide-dir=\"=1\"><\/button><\/div><\/div><\/div>\n\n\n\n<p>Auf den Pfaden durch die Schlucht geht es best\u00e4ndig auf und ab. Die Blicke in die Schlucht sind grandios. <\/p>\n\n\n\n<div id=\"wp-block-themeisle-blocks-slider-49a5017f\" class=\"wp-block-themeisle-blocks-slider glide\" data-per-view=\"1\" data-gap=\"0\" data-peek=\"0\" data-autoplay=\"true\" data-height=\"400px\" data-hide-arrows=\"false\"><div class=\"glide__track\" data-glide-el=\"track\"><div class=\"glide__slides\"><div class=\"wp-block-themeisle-blocks-slider-item-wrapper glide__slide\" tabindex=\"0\"><figure><img decoding=\"async\" class=\"wp-block-themeisle-blocks-slider-item\" src=\"https:\/\/familie-weitgereist.de\/wp-content\/uploads\/2021\/09\/IMG_7326-scaled.jpg\" alt=\"\" title=\"\" data-id=\"6099\"\/><\/figure><\/div><div class=\"wp-block-themeisle-blocks-slider-item-wrapper glide__slide\" tabindex=\"0\"><figure><img decoding=\"async\" class=\"wp-block-themeisle-blocks-slider-item\" src=\"https:\/\/familie-weitgereist.de\/wp-content\/uploads\/2021\/09\/IMG_7331-scaled.jpg\" alt=\"\" title=\"\" data-id=\"6100\"\/><\/figure><\/div><div class=\"wp-block-themeisle-blocks-slider-item-wrapper glide__slide\" tabindex=\"0\"><figure><img decoding=\"async\" class=\"wp-block-themeisle-blocks-slider-item\" src=\"https:\/\/familie-weitgereist.de\/wp-content\/uploads\/2021\/09\/IMG_7316-scaled.jpg\" alt=\"\" title=\"\" data-id=\"6103\"\/><\/figure><\/div><\/div><div class=\"glide__bullets\" data-glide-el=\"controls[nav]\"><button class=\"glide__bullet\" data-glide-dir=\"=0\"><\/button><button class=\"glide__bullet\" data-glide-dir=\"=1\"><\/button><button class=\"glide__bullet\" data-glide-dir=\"=2\"><\/button><\/div><\/div><\/div>\n\n\n\n<p>Als wir am Auto zur\u00fcck waren, sind wir weiter um die Schlucht gefahren und gelangten zu zwei tollen Aussichtspunkten, den Belv\u00e9d\u00e8re Trescaire Haut et Bas. Von hier kann man sehr tief in die Schlucht blicken. Wir konnten sogar die Canyoning Teilnehmer schwimmend in der Var, dem Fluss durch die Schlucht, erkennen. Wir verbrachten einige Zeit dort und genossen die Gr\u00f6\u00dfe der Natur. <\/p>\n\n\n\n<figure class=\"wp-block-image size-large\"><img loading=\"lazy\" decoding=\"async\" width=\"1024\" height=\"683\" src=\"https:\/\/familie-weitgereist.de\/wp-content\/uploads\/2021\/09\/IMG_7341-1-1024x683.jpg\" alt=\"\" class=\"wp-image-6107\" srcset=\"https:\/\/familie-weitgereist.de\/wp-content\/uploads\/2021\/09\/IMG_7341-1-1024x683.jpg 1024w, https:\/\/familie-weitgereist.de\/wp-content\/uploads\/2021\/09\/IMG_7341-1-300x200.jpg 300w, https:\/\/familie-weitgereist.de\/wp-content\/uploads\/2021\/09\/IMG_7341-1-768x512.jpg 768w, https:\/\/familie-weitgereist.de\/wp-content\/uploads\/2021\/09\/IMG_7341-1-1536x1024.jpg 1536w, https:\/\/familie-weitgereist.de\/wp-content\/uploads\/2021\/09\/IMG_7341-1-2048x1365.jpg 2048w, https:\/\/familie-weitgereist.de\/wp-content\/uploads\/2021\/09\/IMG_7341-1-1200x800.jpg 1200w, https:\/\/familie-weitgereist.de\/wp-content\/uploads\/2021\/09\/IMG_7341-1-1980x1320.jpg 1980w, https:\/\/familie-weitgereist.de\/wp-content\/uploads\/2021\/09\/IMG_7341-1-150x100.jpg 150w\" sizes=\"auto, (max-width: 1024px) 100vw, 1024px\" \/><\/figure>\n\n\n\n<p>Am fr\u00fchen Abend fuhren wir zum Campingplatz am Lac de Sainte-Croix. Dort verbrachten wir zwei Tage in der Natur und genossen einen Badetag an dem herrlich blauen See. Dieser ist der Beginn des Flusses Var, welcher durch die Verdon Schlucht flie\u00dft.<\/p>\n\n\n\n<figure class=\"wp-block-image size-large\"><img loading=\"lazy\" decoding=\"async\" width=\"1024\" height=\"683\" src=\"https:\/\/familie-weitgereist.de\/wp-content\/uploads\/2021\/09\/IMG_7452-1024x683.jpg\" alt=\"\" class=\"wp-image-6110\" srcset=\"https:\/\/familie-weitgereist.de\/wp-content\/uploads\/2021\/09\/IMG_7452-1024x683.jpg 1024w, https:\/\/familie-weitgereist.de\/wp-content\/uploads\/2021\/09\/IMG_7452-300x200.jpg 300w, https:\/\/familie-weitgereist.de\/wp-content\/uploads\/2021\/09\/IMG_7452-768x512.jpg 768w, https:\/\/familie-weitgereist.de\/wp-content\/uploads\/2021\/09\/IMG_7452-1536x1024.jpg 1536w, https:\/\/familie-weitgereist.de\/wp-content\/uploads\/2021\/09\/IMG_7452-2048x1365.jpg 2048w, https:\/\/familie-weitgereist.de\/wp-content\/uploads\/2021\/09\/IMG_7452-1200x800.jpg 1200w, https:\/\/familie-weitgereist.de\/wp-content\/uploads\/2021\/09\/IMG_7452-1980x1320.jpg 1980w, https:\/\/familie-weitgereist.de\/wp-content\/uploads\/2021\/09\/IMG_7452-150x100.jpg 150w\" sizes=\"auto, (max-width: 1024px) 100vw, 1024px\" \/><\/figure>\n\n\n\n<h2 class=\"wp-block-heading\" id=\"grenoble\">Grenoble<\/h2>\n\n\n\n<p>Grenoble ist eine wundersch\u00f6ne Alpenstadt. Wir hatten das Vergn\u00fcgen einen verregneten Tag in Grenoble zu verbringen. Wir haben dennoch das Beste daraus gemacht und haben viel von der Stadt erkundet. Selbst die umliegenden Berge, sahen wunderbar mystisch aus. <\/p>\n\n\n\n<figure class=\"wp-block-image size-large\"><img loading=\"lazy\" decoding=\"async\" width=\"1024\" height=\"683\" src=\"https:\/\/familie-weitgereist.de\/wp-content\/uploads\/2021\/09\/IMG_7556-1024x683.jpg\" alt=\"\" class=\"wp-image-6332\" srcset=\"https:\/\/familie-weitgereist.de\/wp-content\/uploads\/2021\/09\/IMG_7556-1024x683.jpg 1024w, https:\/\/familie-weitgereist.de\/wp-content\/uploads\/2021\/09\/IMG_7556-300x200.jpg 300w, https:\/\/familie-weitgereist.de\/wp-content\/uploads\/2021\/09\/IMG_7556-768x512.jpg 768w, https:\/\/familie-weitgereist.de\/wp-content\/uploads\/2021\/09\/IMG_7556-1536x1024.jpg 1536w, https:\/\/familie-weitgereist.de\/wp-content\/uploads\/2021\/09\/IMG_7556-2048x1365.jpg 2048w, https:\/\/familie-weitgereist.de\/wp-content\/uploads\/2021\/09\/IMG_7556-1200x800.jpg 1200w, https:\/\/familie-weitgereist.de\/wp-content\/uploads\/2021\/09\/IMG_7556-1980x1320.jpg 1980w, https:\/\/familie-weitgereist.de\/wp-content\/uploads\/2021\/09\/IMG_7556-150x100.jpg 150w\" sizes=\"auto, (max-width: 1024px) 100vw, 1024px\" \/><figcaption class=\"wp-element-caption\">Les Bulles in Grenoble<\/figcaption><\/figure>\n\n\n\n<p>Wir nahmen die Seilbahn, Les Bulles, zur Festung der Stadt hinauf. Von den Gondeln hatten wir einen tollen Blick auf die Stadt. Die Festungsanlage von Grenoble ist riesig und f\u00fcr viele eine Vergn\u00fcgungsattraktion. Es gibt mehrere Escape Rooms und einen Hochseilpark. Wir schauten uns jedoch die ehemalige Festung an und liefen den Burgberg wieder hinab zur Stadt. Unseren Camper parkten wir \u00fcbrigens etwas au\u00dferhalb der Innenstadt und nahmen die Stra\u00dfenbahn in das Zentrum. <\/p>\n\n\n\n<p>Viele Sportler nutzen den Burgberg um hinauf und hinab zu rennen. Wir liefen gem\u00fctlich hinunter und genossen immer wieder die tollen Ausblicke auf die Stadt. Etwas abenteuerlich wird es, da wir durch viele Burgkeller hindurch liefen. Zudem gibt es mehrere kleine Spielpl\u00e4tze, die Merlin&#8217;s Herz haben h\u00f6her schlagen lassen. <\/p>\n\n\n\n<figure class=\"wp-block-image size-large\"><img loading=\"lazy\" decoding=\"async\" width=\"1024\" height=\"683\" src=\"https:\/\/familie-weitgereist.de\/wp-content\/uploads\/2021\/09\/IMG_7592-1024x683.jpg\" alt=\"\" class=\"wp-image-6336\" srcset=\"https:\/\/familie-weitgereist.de\/wp-content\/uploads\/2021\/09\/IMG_7592-1024x683.jpg 1024w, https:\/\/familie-weitgereist.de\/wp-content\/uploads\/2021\/09\/IMG_7592-300x200.jpg 300w, https:\/\/familie-weitgereist.de\/wp-content\/uploads\/2021\/09\/IMG_7592-768x512.jpg 768w, https:\/\/familie-weitgereist.de\/wp-content\/uploads\/2021\/09\/IMG_7592-1536x1024.jpg 1536w, https:\/\/familie-weitgereist.de\/wp-content\/uploads\/2021\/09\/IMG_7592-2048x1365.jpg 2048w, https:\/\/familie-weitgereist.de\/wp-content\/uploads\/2021\/09\/IMG_7592-1200x800.jpg 1200w, https:\/\/familie-weitgereist.de\/wp-content\/uploads\/2021\/09\/IMG_7592-1980x1320.jpg 1980w, https:\/\/familie-weitgereist.de\/wp-content\/uploads\/2021\/09\/IMG_7592-150x100.jpg 150w\" sizes=\"auto, (max-width: 1024px) 100vw, 1024px\" \/><figcaption class=\"wp-element-caption\">Festungsanlage Grenoble<\/figcaption><\/figure>\n\n\n\n<p>Wir h\u00e4tten gern noch mehr Zeit hier verbracht und besonders die umliegenden Berge bei besseren Wetter erwandert. Leider n\u00e4herte sich unser Sommerurlaub schon wieder dem Ende zu und unsere Reise ging weiter n\u00f6rdlich. <\/p>\n\n\n\n<p>Etwas au\u00dferhalb von Grenoble befindet sich ein gratis Camperstellplatz, neben einem Park in ruhiger Lage. Dort n\u00e4chtigten wir zwei N\u00e4chte. <\/p>\n\n\n\n<h2 class=\"wp-block-heading\" id=\"annecy\">Annecy<\/h2>\n\n\n\n<p>Unsere letzte Station unseres Roadtrips f\u00fchrte uns nach Annecy. Annecy befindet sich 40km von Genf entfernt und ist die Hauptstadt des D\u00e9partements Haute-Savoie. Sie liegt am n\u00f6rdlichen Ufer des Lac d&#8217;Annecy. <\/p>\n\n\n\n<figure class=\"wp-block-image size-large\"><img loading=\"lazy\" decoding=\"async\" width=\"1024\" height=\"683\" src=\"https:\/\/familie-weitgereist.de\/wp-content\/uploads\/2021\/09\/IMG_7661-1024x683.jpg\" alt=\"\" class=\"wp-image-6377\" srcset=\"https:\/\/familie-weitgereist.de\/wp-content\/uploads\/2021\/09\/IMG_7661-1024x683.jpg 1024w, https:\/\/familie-weitgereist.de\/wp-content\/uploads\/2021\/09\/IMG_7661-300x200.jpg 300w, https:\/\/familie-weitgereist.de\/wp-content\/uploads\/2021\/09\/IMG_7661-768x512.jpg 768w, https:\/\/familie-weitgereist.de\/wp-content\/uploads\/2021\/09\/IMG_7661-1536x1024.jpg 1536w, https:\/\/familie-weitgereist.de\/wp-content\/uploads\/2021\/09\/IMG_7661-2048x1365.jpg 2048w, https:\/\/familie-weitgereist.de\/wp-content\/uploads\/2021\/09\/IMG_7661-1200x800.jpg 1200w, https:\/\/familie-weitgereist.de\/wp-content\/uploads\/2021\/09\/IMG_7661-1980x1320.jpg 1980w, https:\/\/familie-weitgereist.de\/wp-content\/uploads\/2021\/09\/IMG_7661-150x100.jpg 150w\" sizes=\"auto, (max-width: 1024px) 100vw, 1024px\" \/><figcaption class=\"wp-element-caption\">Annecy, Palas de l&#8217;Isle<\/figcaption><\/figure>\n\n\n\n<p>Mit seinen Kan\u00e4len des Flusses Thiou erinnerte uns die Stadt etwas an Venedig. Die Vieille Ville (Altstadt) ist wundersch\u00f6n. Kleine, verwinkelte Gassen, interessante L\u00e4den und das herrliche franz\u00f6sische Flair reihen sich an Terrassen, an denen mit Blick auf den Fluss Thiou franz\u00f6sisch gespeist werden kann. <\/p>\n\n\n\n<div id=\"wp-block-themeisle-blocks-slider-96b7d90e\" class=\"wp-block-themeisle-blocks-slider glide\" data-per-view=\"1\" data-gap=\"0\" data-peek=\"0\" data-autoplay=\"true\" data-height=\"302px\" data-hide-arrows=\"false\"><div class=\"glide__track\" data-glide-el=\"track\"><div class=\"glide__slides\"><div class=\"wp-block-themeisle-blocks-slider-item-wrapper glide__slide\" tabindex=\"0\"><figure><img decoding=\"async\" class=\"wp-block-themeisle-blocks-slider-item\" src=\"https:\/\/familie-weitgereist.de\/wp-content\/uploads\/2021\/09\/IMG_7666-scaled.jpg\" alt=\"\" title=\"\" data-id=\"6382\"\/><\/figure><\/div><div class=\"wp-block-themeisle-blocks-slider-item-wrapper glide__slide\" tabindex=\"0\"><figure><img decoding=\"async\" class=\"wp-block-themeisle-blocks-slider-item\" src=\"https:\/\/familie-weitgereist.de\/wp-content\/uploads\/2021\/09\/IMG_7690-scaled.jpg\" alt=\"\" title=\"\" data-id=\"6384\"\/><\/figure><\/div><\/div><div class=\"glide__bullets\" data-glide-el=\"controls[nav]\"><button class=\"glide__bullet\" data-glide-dir=\"=0\"><\/button><button class=\"glide__bullet\" data-glide-dir=\"=1\"><\/button><\/div><\/div><\/div>\n\n\n\n<p>Das Palas de l&#8217;Isle steht seit dem 12. Jahrhundert in dem Fluss Thiou. Wo einst die Stadtherren von Annecy lebten, ist heute das Stadtmuseum.<\/p>\n\n\n\n<p>Wir schlenderten an dem Lac d&#8217;Annecy entlang. Dies ist eine kleine Oase f\u00fcr Familien. Es gibt viele Spielpl\u00e4tze und Parks, in denen sich ausgetobt und entspannt werden kann. An gewissen Badestellen kann im See gebadet werden und Boote k\u00f6nnen ebenfalls ausgeliehen werden.<\/p>\n\n\n\n<figure class=\"wp-block-image size-large\"><img loading=\"lazy\" decoding=\"async\" width=\"1024\" height=\"683\" src=\"https:\/\/familie-weitgereist.de\/wp-content\/uploads\/2021\/09\/IMG_7710-1024x683.jpg\" alt=\"\" class=\"wp-image-6389\" srcset=\"https:\/\/familie-weitgereist.de\/wp-content\/uploads\/2021\/09\/IMG_7710-1024x683.jpg 1024w, https:\/\/familie-weitgereist.de\/wp-content\/uploads\/2021\/09\/IMG_7710-300x200.jpg 300w, https:\/\/familie-weitgereist.de\/wp-content\/uploads\/2021\/09\/IMG_7710-768x512.jpg 768w, https:\/\/familie-weitgereist.de\/wp-content\/uploads\/2021\/09\/IMG_7710-1536x1024.jpg 1536w, https:\/\/familie-weitgereist.de\/wp-content\/uploads\/2021\/09\/IMG_7710-2048x1365.jpg 2048w, https:\/\/familie-weitgereist.de\/wp-content\/uploads\/2021\/09\/IMG_7710-1200x800.jpg 1200w, https:\/\/familie-weitgereist.de\/wp-content\/uploads\/2021\/09\/IMG_7710-1980x1320.jpg 1980w, https:\/\/familie-weitgereist.de\/wp-content\/uploads\/2021\/09\/IMG_7710-150x100.jpg 150w\" sizes=\"auto, (max-width: 1024px) 100vw, 1024px\" \/><figcaption class=\"wp-element-caption\">Lac d&#8217;Annecy<\/figcaption><\/figure>\n","protected":false},"excerpt":{"rendered":"<p>Wir starteten unseren Roadtrip Mitte Juni und hatten als Ziel die C\u00f4te d&#8217;Azur in Frankreich. Unser Route war offen und wir entschieden immer spontan wo wir hinfahren wollten. Das sorgte f\u00fcr maximale Freude und Spannung. Zugleich lieben wir unseren Camper und das Leben im Camper. Mittlerweile haben wir uns so gut eingerichtet, dass alles seinen [&hellip;]<\/p>\n","protected":false},"author":3,"featured_media":6319,"comment_status":"open","ping_status":"open","sticky":false,"template":"","format":"standard","meta":{"_themeisle_gutenberg_block_has_review":false,"footnotes":""},"categories":[8,1750,1751,242,257,239,4,238],"tags":[552,555,535,325,557,191,545,178,544,553,546,556,558,198,554,559],"class_list":["post-5696","post","type-post","status-publish","format-standard","has-post-thumbnail","hentry","category-europa","category-baden-wuerttemberg","category-bayern","category-deutschland","category-frankreich","category-italien","category-laender","category-schweiz","tag-annecy","tag-bodensee","tag-cote-dazur","tag-deutschland","tag-entrevaux","tag-frankreich","tag-insel-mainau","tag-italien","tag-lago-maggiore","tag-nationalpark-mercantour","tag-nizza","tag-rheinfall-von-schaffhausen","tag-sainte-marguerite","tag-schweiz","tag-tuechersfeld","tag-verdon-schlucht"],"_links":{"self":[{"href":"https:\/\/familie-weitgereist.de\/index.php?rest_route=\/wp\/v2\/posts\/5696","targetHints":{"allow":["GET"]}}],"collection":[{"href":"https:\/\/familie-weitgereist.de\/index.php?rest_route=\/wp\/v2\/posts"}],"about":[{"href":"https:\/\/familie-weitgereist.de\/index.php?rest_route=\/wp\/v2\/types\/post"}],"author":[{"embeddable":true,"href":"https:\/\/familie-weitgereist.de\/index.php?rest_route=\/wp\/v2\/users\/3"}],"replies":[{"embeddable":true,"href":"https:\/\/familie-weitgereist.de\/index.php?rest_route=%2Fwp%2Fv2%2Fcomments&post=5696"}],"version-history":[{"count":215,"href":"https:\/\/familie-weitgereist.de\/index.php?rest_route=\/wp\/v2\/posts\/5696\/revisions"}],"predecessor-version":[{"id":23505,"href":"https:\/\/familie-weitgereist.de\/index.php?rest_route=\/wp\/v2\/posts\/5696\/revisions\/23505"}],"wp:featuredmedia":[{"embeddable":true,"href":"https:\/\/familie-weitgereist.de\/index.php?rest_route=\/wp\/v2\/media\/6319"}],"wp:attachment":[{"href":"https:\/\/familie-weitgereist.de\/index.php?rest_route=%2Fwp%2Fv2%2Fmedia&parent=5696"}],"wp:term":[{"taxonomy":"category","embeddable":true,"href":"https:\/\/familie-weitgereist.de\/index.php?rest_route=%2Fwp%2Fv2%2Fcategories&post=5696"},{"taxonomy":"post_tag","embeddable":true,"href":"https:\/\/familie-weitgereist.de\/index.php?rest_route=%2Fwp%2Fv2%2Ftags&post=5696"}],"curies":[{"name":"wp","href":"https:\/\/api.w.org\/{rel}","templated":true}]}}