{"id":5632,"date":"2021-07-19T23:05:24","date_gmt":"2021-07-19T21:05:24","guid":{"rendered":"https:\/\/familie-weitgereist.de\/?p=5632"},"modified":"2025-11-12T23:12:15","modified_gmt":"2025-11-12T22:12:15","slug":"erkundungen-im-erzgebirge-mit-kleinkind","status":"publish","type":"post","link":"https:\/\/familie-weitgereist.de\/?p=5632","title":{"rendered":"Erzgebirge entdecken mit Baby und Kleinkind"},"content":{"rendered":"\n<p>In diesem Beitrag k\u00f6nnt ihr folgende Informationen von uns finden:<\/p>\n\n\n\n<ul class=\"wp-block-list\">\n<li><a href=\"https:\/\/familie-weitgereist.de\/?p=5632\/#altenberg\">Altenberg, Rehefeld<\/a><\/li>\n\n\n\n<li><a href=\"https:\/\/familie-weitgereist.de\/?p=5632\/#basteithum\">Bastei in Thum<\/a><\/li>\n\n\n\n<li><a href=\"https:\/\/familie-weitgereist.de\/?p=5632\/#binge\">Binge in Geyer<\/a><\/li>\n\n\n\n<li><a href=\"https:\/\/familie-weitgereist.de\/?p=5632\/#gelenau\" data-type=\"link\" data-id=\"https:\/\/familie-weitgereist.de\/?p=5632\/#gelenau\">Erlebnisland Kegelsberg, Gelenau<\/a><\/li>\n\n\n\n<li><a href=\"https:\/\/familie-weitgereist.de\/?p=5632\/#weissbach\" data-type=\"link\" data-id=\"https:\/\/familie-weitgereist.de\/?p=5632\/#weissbach\">Mini-Wei\u00dfbach<\/a><\/li>\n\n\n\n<li><a href=\"https:\/\/familie-weitgereist.de\/?p=5632#hartenstein\">Prinzenh\u00f6hle, Isenburg in Hartenstein<\/a><\/li>\n\n\n\n<li><a href=\"https:\/\/familie-weitgereist.de\/?p=5632\/#schwarzenberg\">Schwarzenberg<\/a><\/li>\n\n\n\n<li><a href=\"https:\/\/familie-weitgereist.de\/?p=5632\/#christelgrund\">Rentner&#8217;s Ruh, Christelgrund in Thalheim<\/a><\/li>\n\n\n\n<li><a href=\"https:\/\/familie-weitgereist.de\/?p=5632\/#wolkensteinerschweiz\">Wolkensteiner Schweiz<\/a><\/li>\n\n\n\n<li><a href=\"https:\/\/familie-weitgereist.de\/?p=5632\/#zwoenitz\">Zw\u00f6nitz<\/a><\/li>\n<\/ul>\n\n\n\n<h2 class=\"wp-block-heading\" id=\"altenberg\">Altenberg und Rehefeld<\/h2>\n\n\n\n<p>Ein Wintertraum wird wahr! Im Osterzgebirge liegt so viel Neuschnee und die Tage waren immer so unbeschreiblich sch\u00f6n! Der Skihang in Altenberg ist in unserer Region relativ bekannt, daf\u00fcr ist Rehefeld ein kleines Paradies. <\/p>\n\n\n\n<figure class=\"wp-block-image size-large\"><img loading=\"lazy\" decoding=\"async\" width=\"1024\" height=\"768\" src=\"https:\/\/familie-weitgereist.de\/wp-content\/uploads\/2021\/02\/IMG_20210221_133727-1024x768.jpg\" alt=\"\" class=\"wp-image-2963\" srcset=\"https:\/\/familie-weitgereist.de\/wp-content\/uploads\/2021\/02\/IMG_20210221_133727-1024x768.jpg 1024w, https:\/\/familie-weitgereist.de\/wp-content\/uploads\/2021\/02\/IMG_20210221_133727-300x225.jpg 300w, https:\/\/familie-weitgereist.de\/wp-content\/uploads\/2021\/02\/IMG_20210221_133727-768x576.jpg 768w, https:\/\/familie-weitgereist.de\/wp-content\/uploads\/2021\/02\/IMG_20210221_133727-1536x1152.jpg 1536w, https:\/\/familie-weitgereist.de\/wp-content\/uploads\/2021\/02\/IMG_20210221_133727-2048x1536.jpg 2048w, https:\/\/familie-weitgereist.de\/wp-content\/uploads\/2021\/02\/IMG_20210221_133727-1200x900.jpg 1200w, https:\/\/familie-weitgereist.de\/wp-content\/uploads\/2021\/02\/IMG_20210221_133727-1980x1485.jpg 1980w, https:\/\/familie-weitgereist.de\/wp-content\/uploads\/2021\/02\/IMG_20210221_133727-853x640.jpg 853w, https:\/\/familie-weitgereist.de\/wp-content\/uploads\/2021\/02\/IMG_20210221_133727-150x113.jpg 150w\" sizes=\"auto, (max-width: 1024px) 100vw, 1024px\" \/><\/figure>\n\n\n\n<p>Ich finde Rehefeld sogar noch besser als Altenberg. Es gibt eine 1100m lange Rodelbahn, die man sogar mit einem Lift erklimmen kann. Zudem gibt es auch viele Abfahrten f\u00fcr Ski, Snowboard und Loipen. <\/p>\n\n\n\n<div id=\"wp-block-themeisle-blocks-slider-54a90fc3\" class=\"wp-block-themeisle-blocks-slider glide\" data-per-view=\"1\" data-gap=\"0\" data-peek=\"0\" data-autoplay=\"true\" data-height=\"400px\" data-hide-arrows=\"false\"><div class=\"glide__track\" data-glide-el=\"track\"><div class=\"glide__slides\"><div class=\"wp-block-themeisle-blocks-slider-item-wrapper glide__slide\" tabindex=\"0\"><figure><img decoding=\"async\" class=\"wp-block-themeisle-blocks-slider-item\" src=\"https:\/\/familie-weitgereist.de\/wp-content\/uploads\/2021\/02\/IMG_20210221_132150-scaled.jpg\" alt=\"\" title=\"\" data-id=\"2966\"\/><\/figure><\/div><div class=\"wp-block-themeisle-blocks-slider-item-wrapper glide__slide\" tabindex=\"0\"><figure><img decoding=\"async\" class=\"wp-block-themeisle-blocks-slider-item\" src=\"https:\/\/familie-weitgereist.de\/wp-content\/uploads\/2021\/02\/IMG_20210221_161453-scaled.jpg\" alt=\"\" title=\"\" data-id=\"2961\"\/><\/figure><\/div><div class=\"wp-block-themeisle-blocks-slider-item-wrapper glide__slide\" tabindex=\"0\"><figure><img decoding=\"async\" class=\"wp-block-themeisle-blocks-slider-item\" src=\"https:\/\/familie-weitgereist.de\/wp-content\/uploads\/2021\/02\/IMG_20210221_162211-scaled.jpg\" alt=\"\" title=\"\" data-id=\"2960\"\/><\/figure><\/div><\/div><div class=\"glide__bullets\" data-glide-el=\"controls[nav]\"><button class=\"glide__bullet\" data-glide-dir=\"=0\"><\/button><button class=\"glide__bullet\" data-glide-dir=\"=1\"><\/button><button class=\"glide__bullet\" data-glide-dir=\"=2\"><\/button><\/div><\/div><\/div>\n\n\n\n<p>Ebenso kann man auch in Altenberg eine gro\u00dfe Abfahrt nutzen und dort gibt es Spielpl\u00e4tze, einen Kletterparcours und sogar eine Sommerrodelbahn. <\/p>\n\n\n\n<figure class=\"wp-block-image size-large\"><img loading=\"lazy\" decoding=\"async\" width=\"1024\" height=\"766\" src=\"https:\/\/familie-weitgereist.de\/wp-content\/uploads\/2020\/12\/IMG_20201226_155508-1024x766.jpg\" alt=\"\" class=\"wp-image-2396\" srcset=\"https:\/\/familie-weitgereist.de\/wp-content\/uploads\/2020\/12\/IMG_20201226_155508-1024x766.jpg 1024w, https:\/\/familie-weitgereist.de\/wp-content\/uploads\/2020\/12\/IMG_20201226_155508-300x225.jpg 300w, https:\/\/familie-weitgereist.de\/wp-content\/uploads\/2020\/12\/IMG_20201226_155508-768x575.jpg 768w, https:\/\/familie-weitgereist.de\/wp-content\/uploads\/2020\/12\/IMG_20201226_155508-1536x1150.jpg 1536w, https:\/\/familie-weitgereist.de\/wp-content\/uploads\/2020\/12\/IMG_20201226_155508-2048x1533.jpg 2048w, https:\/\/familie-weitgereist.de\/wp-content\/uploads\/2020\/12\/IMG_20201226_155508-1200x898.jpg 1200w, https:\/\/familie-weitgereist.de\/wp-content\/uploads\/2020\/12\/IMG_20201226_155508-1980x1482.jpg 1980w, https:\/\/familie-weitgereist.de\/wp-content\/uploads\/2020\/12\/IMG_20201226_155508-150x112.jpg 150w\" sizes=\"auto, (max-width: 1024px) 100vw, 1024px\" \/><figcaption class=\"wp-element-caption\">Rodelpiste in Altenberg<\/figcaption><\/figure>\n\n\n\n<p>Wir haben einige freie Tage in beiden Skiorten genutzt und waren die gl\u00fccklichsten Menschen beim Rodeln, Schneemannbauen und Schneeballschlachten. <\/p>\n\n\n\n<div id=\"wp-block-themeisle-blocks-slider-2f4d5bcf\" class=\"wp-block-themeisle-blocks-slider glide\" data-per-view=\"1\" data-gap=\"0\" data-peek=\"0\" data-autoplay=\"true\" data-height=\"367px\" data-hide-arrows=\"false\"><div class=\"glide__track\" data-glide-el=\"track\"><div class=\"glide__slides\"><div class=\"wp-block-themeisle-blocks-slider-item-wrapper glide__slide\" tabindex=\"0\"><figure><img decoding=\"async\" class=\"wp-block-themeisle-blocks-slider-item\" src=\"https:\/\/familie-weitgereist.de\/wp-content\/uploads\/2021\/02\/IMG_20210221_134224-scaled.jpg\" alt=\"\" title=\"\" data-id=\"2964\"\/><\/figure><\/div><div class=\"wp-block-themeisle-blocks-slider-item-wrapper glide__slide\" tabindex=\"0\"><figure><img decoding=\"async\" class=\"wp-block-themeisle-blocks-slider-item\" src=\"https:\/\/familie-weitgereist.de\/wp-content\/uploads\/2021\/02\/IMG_20210221_130226-scaled.jpg\" alt=\"\" title=\"\" data-id=\"2968\"\/><\/figure><\/div><div class=\"wp-block-themeisle-blocks-slider-item-wrapper glide__slide\" tabindex=\"0\"><figure><img decoding=\"async\" class=\"wp-block-themeisle-blocks-slider-item\" src=\"https:\/\/familie-weitgereist.de\/wp-content\/uploads\/2021\/02\/IMG_20210221_140820-scaled.jpg\" alt=\"\" title=\"\" data-id=\"2962\"\/><\/figure><\/div><\/div><div class=\"glide__bullets\" data-glide-el=\"controls[nav]\"><button class=\"glide__bullet\" data-glide-dir=\"=0\"><\/button><button class=\"glide__bullet\" data-glide-dir=\"=1\"><\/button><button class=\"glide__bullet\" data-glide-dir=\"=2\"><\/button><\/div><\/div><\/div>\n\n\n\n<figure class=\"wp-block-image size-large\"><img loading=\"lazy\" decoding=\"async\" width=\"1024\" height=\"768\" src=\"https:\/\/familie-weitgereist.de\/wp-content\/uploads\/2021\/01\/IMG_20210107_153910-1-1024x768.jpg\" alt=\"\" class=\"wp-image-2664\" srcset=\"https:\/\/familie-weitgereist.de\/wp-content\/uploads\/2021\/01\/IMG_20210107_153910-1-1024x768.jpg 1024w, https:\/\/familie-weitgereist.de\/wp-content\/uploads\/2021\/01\/IMG_20210107_153910-1-300x225.jpg 300w, https:\/\/familie-weitgereist.de\/wp-content\/uploads\/2021\/01\/IMG_20210107_153910-1-768x576.jpg 768w, https:\/\/familie-weitgereist.de\/wp-content\/uploads\/2021\/01\/IMG_20210107_153910-1-1536x1152.jpg 1536w, https:\/\/familie-weitgereist.de\/wp-content\/uploads\/2021\/01\/IMG_20210107_153910-1-2048x1536.jpg 2048w, https:\/\/familie-weitgereist.de\/wp-content\/uploads\/2021\/01\/IMG_20210107_153910-1-1200x900.jpg 1200w, https:\/\/familie-weitgereist.de\/wp-content\/uploads\/2021\/01\/IMG_20210107_153910-1-1980x1485.jpg 1980w, https:\/\/familie-weitgereist.de\/wp-content\/uploads\/2021\/01\/IMG_20210107_153910-1-853x640.jpg 853w, https:\/\/familie-weitgereist.de\/wp-content\/uploads\/2021\/01\/IMG_20210107_153910-1-150x113.jpg 150w\" sizes=\"auto, (max-width: 1024px) 100vw, 1024px\" \/><figcaption class=\"wp-element-caption\">Unpr\u00e4parierte Rodelpiste in Rehefeld<\/figcaption><\/figure>\n\n\n\n<div id=\"wp-block-themeisle-blocks-slider-0d1309c6\" class=\"wp-block-themeisle-blocks-slider glide\" data-per-view=\"1\" data-gap=\"0\" data-peek=\"0\" data-autoplay=\"true\" data-height=\"400px\" data-hide-arrows=\"false\"><div class=\"glide__track\" data-glide-el=\"track\"><div class=\"glide__slides\"><div class=\"wp-block-themeisle-blocks-slider-item-wrapper glide__slide\" tabindex=\"0\"><figure><img decoding=\"async\" class=\"wp-block-themeisle-blocks-slider-item\" src=\"https:\/\/familie-weitgereist.de\/wp-content\/uploads\/2021\/01\/IMG_20201226_145830-scaled.jpg\" alt=\"\" title=\"\" data-id=\"2674\"\/><\/figure><\/div><div class=\"wp-block-themeisle-blocks-slider-item-wrapper glide__slide\" tabindex=\"0\"><figure><img decoding=\"async\" class=\"wp-block-themeisle-blocks-slider-item\" src=\"https:\/\/familie-weitgereist.de\/wp-content\/uploads\/2021\/01\/IMG_20201231_120508-scaled.jpg\" alt=\"\" title=\"\" data-id=\"2672\"\/><\/figure><\/div><div class=\"wp-block-themeisle-blocks-slider-item-wrapper glide__slide\" tabindex=\"0\"><figure><img decoding=\"async\" class=\"wp-block-themeisle-blocks-slider-item\" src=\"https:\/\/familie-weitgereist.de\/wp-content\/uploads\/2021\/01\/IMG_20210107_124954-scaled.jpg\" alt=\"\" title=\"\" data-id=\"2666\"\/><\/figure><\/div><div class=\"wp-block-themeisle-blocks-slider-item-wrapper glide__slide\" tabindex=\"0\"><figure><img decoding=\"async\" class=\"wp-block-themeisle-blocks-slider-item\" src=\"https:\/\/familie-weitgereist.de\/wp-content\/uploads\/2021\/01\/IMG_20210107_154428-scaled.jpg\" alt=\"\" title=\"\" data-id=\"2670\"\/><\/figure><\/div><div class=\"wp-block-themeisle-blocks-slider-item-wrapper glide__slide\" tabindex=\"0\"><figure><img decoding=\"async\" class=\"wp-block-themeisle-blocks-slider-item\" src=\"https:\/\/familie-weitgereist.de\/wp-content\/uploads\/2021\/01\/IMG_20210107_124930-scaled.jpg\" alt=\"\" title=\"\" data-id=\"2665\"\/><\/figure><\/div><\/div><div class=\"glide__bullets\" data-glide-el=\"controls[nav]\"><button class=\"glide__bullet\" data-glide-dir=\"=0\"><\/button><button class=\"glide__bullet\" data-glide-dir=\"=1\"><\/button><button class=\"glide__bullet\" data-glide-dir=\"=2\"><\/button><button class=\"glide__bullet\" data-glide-dir=\"=3\"><\/button><button class=\"glide__bullet\" data-glide-dir=\"=4\"><\/button><\/div><\/div><\/div>\n\n\n\n<h2 class=\"wp-block-heading\" id=\"basteithum\">Die Bastei in Thum<\/h2>\n\n\n\n<p>Unweit des Thumer Marktplatzes befindet sich in einem felsigen Gebirgsst\u00fcck die Bastei von Thum. \u00dcber einen felsigen Treppenaufstieg gelangt man zu dieser Aussichtsplattform. <\/p>\n\n\n\n<figure class=\"wp-block-image size-large\"><img loading=\"lazy\" decoding=\"async\" width=\"1024\" height=\"768\" src=\"https:\/\/familie-weitgereist.de\/wp-content\/uploads\/2021\/12\/IMG_20211228_130429-1024x768.jpg\" alt=\"\" class=\"wp-image-7356\" srcset=\"https:\/\/familie-weitgereist.de\/wp-content\/uploads\/2021\/12\/IMG_20211228_130429-1024x768.jpg 1024w, https:\/\/familie-weitgereist.de\/wp-content\/uploads\/2021\/12\/IMG_20211228_130429-300x225.jpg 300w, https:\/\/familie-weitgereist.de\/wp-content\/uploads\/2021\/12\/IMG_20211228_130429-768x576.jpg 768w, https:\/\/familie-weitgereist.de\/wp-content\/uploads\/2021\/12\/IMG_20211228_130429-1536x1152.jpg 1536w, https:\/\/familie-weitgereist.de\/wp-content\/uploads\/2021\/12\/IMG_20211228_130429-2048x1536.jpg 2048w, https:\/\/familie-weitgereist.de\/wp-content\/uploads\/2021\/12\/IMG_20211228_130429-1200x900.jpg 1200w, https:\/\/familie-weitgereist.de\/wp-content\/uploads\/2021\/12\/IMG_20211228_130429-1980x1485.jpg 1980w, https:\/\/familie-weitgereist.de\/wp-content\/uploads\/2021\/12\/IMG_20211228_130429-150x113.jpg 150w\" sizes=\"auto, (max-width: 1024px) 100vw, 1024px\" \/><figcaption class=\"wp-element-caption\">Aufstieg zur Bastei in Thum<\/figcaption><\/figure>\n\n\n\n<p>\u00dcber viele, zum Teil steile, steinige Treppenstufen gelangt man durch den sch\u00f6nen erzgebirgischen Wald zur Bastei. <\/p>\n\n\n\n<div id=\"wp-block-themeisle-blocks-slider-8cd06b67\" class=\"wp-block-themeisle-blocks-slider glide\" data-per-view=\"1\" data-gap=\"0\" data-peek=\"0\" data-autoplay=\"true\" data-height=\"400px\" data-hide-arrows=\"false\"><div class=\"glide__track\" data-glide-el=\"track\"><div class=\"glide__slides\"><div class=\"wp-block-themeisle-blocks-slider-item-wrapper glide__slide\" tabindex=\"0\"><figure><img decoding=\"async\" class=\"wp-block-themeisle-blocks-slider-item\" src=\"https:\/\/familie-weitgereist.de\/wp-content\/uploads\/2021\/12\/IMG_20211228_131109-scaled.jpg\" alt=\"\" title=\"\" data-id=\"7357\"\/><\/figure><\/div><div class=\"wp-block-themeisle-blocks-slider-item-wrapper glide__slide\" tabindex=\"0\"><figure><img decoding=\"async\" class=\"wp-block-themeisle-blocks-slider-item\" src=\"https:\/\/familie-weitgereist.de\/wp-content\/uploads\/2021\/12\/IMG_20211228_130819-scaled.jpg\" alt=\"\" title=\"\" data-id=\"7359\"\/><\/figure><\/div><div class=\"wp-block-themeisle-blocks-slider-item-wrapper glide__slide\" tabindex=\"0\"><figure><img decoding=\"async\" class=\"wp-block-themeisle-blocks-slider-item\" src=\"https:\/\/familie-weitgereist.de\/wp-content\/uploads\/2021\/12\/IMG_20211228_130615-scaled.jpg\" alt=\"\" title=\"\" data-id=\"7360\"\/><\/figure><\/div><\/div><div class=\"glide__bullets\" data-glide-el=\"controls[nav]\"><button class=\"glide__bullet\" data-glide-dir=\"=0\"><\/button><button class=\"glide__bullet\" data-glide-dir=\"=1\"><\/button><button class=\"glide__bullet\" data-glide-dir=\"=2\"><\/button><\/div><\/div><\/div>\n\n\n\n<p>Eine kleine Aussichtsplattform mit Bank erwartete uns. Von dort oben bietet sich ein sch\u00f6ner Ausblick auf Thum. <\/p>\n\n\n\n<figure class=\"wp-block-image size-large\"><img loading=\"lazy\" decoding=\"async\" width=\"1024\" height=\"768\" src=\"https:\/\/familie-weitgereist.de\/wp-content\/uploads\/2021\/12\/IMG_20211228_131321-1024x768.jpg\" alt=\"\" class=\"wp-image-7358\" srcset=\"https:\/\/familie-weitgereist.de\/wp-content\/uploads\/2021\/12\/IMG_20211228_131321-1024x768.jpg 1024w, https:\/\/familie-weitgereist.de\/wp-content\/uploads\/2021\/12\/IMG_20211228_131321-300x225.jpg 300w, https:\/\/familie-weitgereist.de\/wp-content\/uploads\/2021\/12\/IMG_20211228_131321-768x576.jpg 768w, https:\/\/familie-weitgereist.de\/wp-content\/uploads\/2021\/12\/IMG_20211228_131321-1536x1152.jpg 1536w, https:\/\/familie-weitgereist.de\/wp-content\/uploads\/2021\/12\/IMG_20211228_131321-2048x1536.jpg 2048w, https:\/\/familie-weitgereist.de\/wp-content\/uploads\/2021\/12\/IMG_20211228_131321-1200x900.jpg 1200w, https:\/\/familie-weitgereist.de\/wp-content\/uploads\/2021\/12\/IMG_20211228_131321-1980x1485.jpg 1980w, https:\/\/familie-weitgereist.de\/wp-content\/uploads\/2021\/12\/IMG_20211228_131321-150x113.jpg 150w\" sizes=\"auto, (max-width: 1024px) 100vw, 1024px\" \/><figcaption class=\"wp-element-caption\">Die Bastei in Thum<\/figcaption><\/figure>\n\n\n\n<p>Folgt man der wei\u00df-gelb-wei\u00dfen Markierung verl\u00e4uft der Weg weiter durch den Wald. Wir gelangten zum Georgsfelsen, einer etwas h\u00f6her gelegenen Aussichtsplattform. <\/p>\n\n\n\n<div id=\"wp-block-themeisle-blocks-slider-839662c6\" class=\"wp-block-themeisle-blocks-slider glide\" data-per-view=\"1\" data-gap=\"0\" data-peek=\"0\" data-autoplay=\"true\" data-height=\"400px\" data-hide-arrows=\"false\"><div class=\"glide__track\" data-glide-el=\"track\"><div class=\"glide__slides\"><div class=\"wp-block-themeisle-blocks-slider-item-wrapper glide__slide\" tabindex=\"0\"><figure><img decoding=\"async\" class=\"wp-block-themeisle-blocks-slider-item\" src=\"https:\/\/familie-weitgereist.de\/wp-content\/uploads\/2021\/12\/IMG_20211228_133639-scaled.jpg\" alt=\"\" title=\"\" data-id=\"7361\"\/><\/figure><\/div><div class=\"wp-block-themeisle-blocks-slider-item-wrapper glide__slide\" tabindex=\"0\"><figure><img decoding=\"async\" class=\"wp-block-themeisle-blocks-slider-item\" src=\"https:\/\/familie-weitgereist.de\/wp-content\/uploads\/2021\/12\/IMG_20211228_133600-scaled.jpg\" alt=\"\" title=\"\" data-id=\"7362\"\/><\/figure><\/div><div class=\"wp-block-themeisle-blocks-slider-item-wrapper glide__slide\" tabindex=\"0\"><figure><img decoding=\"async\" class=\"wp-block-themeisle-blocks-slider-item\" src=\"https:\/\/familie-weitgereist.de\/wp-content\/uploads\/2021\/12\/IMG_20211228_133128-scaled.jpg\" alt=\"\" title=\"\" data-id=\"7363\"\/><\/figure><\/div><\/div><div class=\"glide__bullets\" data-glide-el=\"controls[nav]\"><button class=\"glide__bullet\" data-glide-dir=\"=0\"><\/button><button class=\"glide__bullet\" data-glide-dir=\"=1\"><\/button><button class=\"glide__bullet\" data-glide-dir=\"=2\"><\/button><\/div><\/div><\/div>\n\n\n\n<p>Auf h\u00fcgeligen, felsigen Waldwegen liefen wir weiter, bis wir an unserem Ausgangspunkt zur\u00fcck gelangten. <\/p>\n\n\n\n<p>Zentral in Thum gelegen, befindet sich der sch\u00f6ne <strong>Tiergarten<\/strong>. Der Eintritt ist kostenlos, Spenden sind erw\u00fcnscht. Es gibt einen gro\u00dfen Ententeich mit schwarzen Schw\u00e4nen, eine Schneeeule, ganz viele V\u00f6gel und Papageien, Ponys und Murmeltiere. Wir hatten so eine sch\u00f6ne Zeit dort. Der Besuch kann ideal mit einer Wanderung zur <strong>Bastei<\/strong> verbunden werden.<\/p>\n\n\n\n<figure class=\"wp-block-image size-large\"><img loading=\"lazy\" decoding=\"async\" width=\"1024\" height=\"768\" src=\"https:\/\/familie-weitgereist.de\/wp-content\/uploads\/2024\/04\/IMG_20240403_141828-1024x768.jpg\" alt=\"\" class=\"wp-image-17902\" srcset=\"https:\/\/familie-weitgereist.de\/wp-content\/uploads\/2024\/04\/IMG_20240403_141828-1024x768.jpg 1024w, https:\/\/familie-weitgereist.de\/wp-content\/uploads\/2024\/04\/IMG_20240403_141828-300x225.jpg 300w, https:\/\/familie-weitgereist.de\/wp-content\/uploads\/2024\/04\/IMG_20240403_141828-768x576.jpg 768w, https:\/\/familie-weitgereist.de\/wp-content\/uploads\/2024\/04\/IMG_20240403_141828-1536x1152.jpg 1536w, https:\/\/familie-weitgereist.de\/wp-content\/uploads\/2024\/04\/IMG_20240403_141828-2048x1536.jpg 2048w, https:\/\/familie-weitgereist.de\/wp-content\/uploads\/2024\/04\/IMG_20240403_141828-1200x900.jpg 1200w, https:\/\/familie-weitgereist.de\/wp-content\/uploads\/2024\/04\/IMG_20240403_141828-1980x1485.jpg 1980w, https:\/\/familie-weitgereist.de\/wp-content\/uploads\/2024\/04\/IMG_20240403_141828-150x113.jpg 150w\" sizes=\"auto, (max-width: 1024px) 100vw, 1024px\" \/><\/figure>\n\n\n\n<p>Zur Osterzeit ist Thum wunderbar geschm\u00fcckt. An den B\u00e4umen h\u00e4ngen bunte Ostereier und es gibt mehrere Osterbrunnen. Besonders sch\u00f6n ist, der Osterbrunnen, welcher nach Bet\u00e4tigen einer Taste Musik abspielt.<\/p>\n\n\n\n<figure class=\"wp-block-image size-large\"><img loading=\"lazy\" decoding=\"async\" width=\"1024\" height=\"768\" src=\"https:\/\/familie-weitgereist.de\/wp-content\/uploads\/2024\/04\/IMG_20240403_141134-1024x768.jpg\" alt=\"\" class=\"wp-image-17903\" srcset=\"https:\/\/familie-weitgereist.de\/wp-content\/uploads\/2024\/04\/IMG_20240403_141134-1024x768.jpg 1024w, https:\/\/familie-weitgereist.de\/wp-content\/uploads\/2024\/04\/IMG_20240403_141134-300x225.jpg 300w, https:\/\/familie-weitgereist.de\/wp-content\/uploads\/2024\/04\/IMG_20240403_141134-768x576.jpg 768w, https:\/\/familie-weitgereist.de\/wp-content\/uploads\/2024\/04\/IMG_20240403_141134-1536x1152.jpg 1536w, https:\/\/familie-weitgereist.de\/wp-content\/uploads\/2024\/04\/IMG_20240403_141134-2048x1536.jpg 2048w, https:\/\/familie-weitgereist.de\/wp-content\/uploads\/2024\/04\/IMG_20240403_141134-1200x900.jpg 1200w, https:\/\/familie-weitgereist.de\/wp-content\/uploads\/2024\/04\/IMG_20240403_141134-1980x1485.jpg 1980w, https:\/\/familie-weitgereist.de\/wp-content\/uploads\/2024\/04\/IMG_20240403_141134-150x113.jpg 150w\" sizes=\"auto, (max-width: 1024px) 100vw, 1024px\" \/><\/figure>\n\n\n\n<h2 class=\"wp-block-heading\" id=\"binge\">Die Binge in Geyer<\/h2>\n\n\n\n<p>Die Binge in Geyer ist eine, durch den Bergbau entstandene Pinge mit trichterf\u00f6rmigen Vertiefungen. Nach der Bergbauchronik wird vermutet, dass schon zwischen 1395 und 1400 mit dem Bergbau in der Region um das heutige Geyer begonnen wurde. Von 1851-1935 wurden Steinbrucharbeiten in der Binge durchgef\u00fchrt. Die Arbeit war sehr riskant und beschwerlich. Bei einem Einsturz 1803 wurden zwei Bergleute versch\u00fcttet. Sie liegen bis heute noch unter den Tr\u00fcmmern. <\/p>\n\n\n\n<p>Das Gel\u00e4nde der Binge wird sehr gut instand gehalten und ein Rundweg f\u00fchrt mit Hinweistafeln durch das Gel\u00e4nde. Auf den Felsen selbst darf nicht geklettert werden. <\/p>\n\n\n\n<figure class=\"wp-block-image size-large\"><img loading=\"lazy\" decoding=\"async\" width=\"1024\" height=\"768\" src=\"https:\/\/familie-weitgereist.de\/wp-content\/uploads\/2021\/07\/IMG_20210719_174148-1024x768.jpg\" alt=\"\" class=\"wp-image-5638\" srcset=\"https:\/\/familie-weitgereist.de\/wp-content\/uploads\/2021\/07\/IMG_20210719_174148-1024x768.jpg 1024w, https:\/\/familie-weitgereist.de\/wp-content\/uploads\/2021\/07\/IMG_20210719_174148-300x225.jpg 300w, https:\/\/familie-weitgereist.de\/wp-content\/uploads\/2021\/07\/IMG_20210719_174148-768x576.jpg 768w, https:\/\/familie-weitgereist.de\/wp-content\/uploads\/2021\/07\/IMG_20210719_174148-1536x1152.jpg 1536w, https:\/\/familie-weitgereist.de\/wp-content\/uploads\/2021\/07\/IMG_20210719_174148-2048x1536.jpg 2048w, https:\/\/familie-weitgereist.de\/wp-content\/uploads\/2021\/07\/IMG_20210719_174148-1200x900.jpg 1200w, https:\/\/familie-weitgereist.de\/wp-content\/uploads\/2021\/07\/IMG_20210719_174148-1980x1485.jpg 1980w, https:\/\/familie-weitgereist.de\/wp-content\/uploads\/2021\/07\/IMG_20210719_174148-150x113.jpg 150w\" sizes=\"auto, (max-width: 1024px) 100vw, 1024px\" \/><figcaption class=\"wp-element-caption\">Die Binge in Geyer<\/figcaption><\/figure>\n\n\n\n<p>Der Rundweg f\u00fchrt zuerst oberhalb der Binge und liefert herrliche Aussichten in die au\u00dfergew\u00f6hnliche Landschaftserhebung. <\/p>\n\n\n\n<p><mark style=\"background-color:rgba(0, 0, 0, 0)\" class=\"has-inline-color has-accent-color\">Kleiner Tipp: Ein Besuch am Nachmittag bietet sich an, da dann die Sonne besonders gut steht, um tolle Bilder zu machen.<\/mark><\/p>\n\n\n\n<p>Der gesamte obere Rundweg ist durch Gel\u00e4nder gesichert. Auf einem schmalen Waldweg geht es \u00fcber Stock und Stein leicht bergab und bergauf. <\/p>\n\n\n\n<figure class=\"wp-block-gallery has-nested-images columns-default is-cropped wp-block-gallery-1 is-layout-flex wp-block-gallery-is-layout-flex\">\n<figure class=\"wp-block-image size-large\"><img loading=\"lazy\" decoding=\"async\" width=\"1024\" height=\"768\" data-id=\"5643\" src=\"https:\/\/familie-weitgereist.de\/wp-content\/uploads\/2021\/07\/IMG_20210719_181041-1024x768.jpg\" alt=\"\" class=\"wp-image-5643\" srcset=\"https:\/\/familie-weitgereist.de\/wp-content\/uploads\/2021\/07\/IMG_20210719_181041-1024x768.jpg 1024w, https:\/\/familie-weitgereist.de\/wp-content\/uploads\/2021\/07\/IMG_20210719_181041-300x225.jpg 300w, https:\/\/familie-weitgereist.de\/wp-content\/uploads\/2021\/07\/IMG_20210719_181041-768x576.jpg 768w, https:\/\/familie-weitgereist.de\/wp-content\/uploads\/2021\/07\/IMG_20210719_181041-1536x1152.jpg 1536w, https:\/\/familie-weitgereist.de\/wp-content\/uploads\/2021\/07\/IMG_20210719_181041-2048x1536.jpg 2048w, https:\/\/familie-weitgereist.de\/wp-content\/uploads\/2021\/07\/IMG_20210719_181041-1200x900.jpg 1200w, https:\/\/familie-weitgereist.de\/wp-content\/uploads\/2021\/07\/IMG_20210719_181041-1980x1485.jpg 1980w, https:\/\/familie-weitgereist.de\/wp-content\/uploads\/2021\/07\/IMG_20210719_181041-150x113.jpg 150w\" sizes=\"auto, (max-width: 1024px) 100vw, 1024px\" \/><\/figure>\n\n\n\n<figure class=\"wp-block-image size-large\"><img loading=\"lazy\" decoding=\"async\" width=\"1024\" height=\"768\" data-id=\"5645\" src=\"https:\/\/familie-weitgereist.de\/wp-content\/uploads\/2021\/07\/IMG_20210719_175300-1024x768.jpg\" alt=\"\" class=\"wp-image-5645\" srcset=\"https:\/\/familie-weitgereist.de\/wp-content\/uploads\/2021\/07\/IMG_20210719_175300-1024x768.jpg 1024w, https:\/\/familie-weitgereist.de\/wp-content\/uploads\/2021\/07\/IMG_20210719_175300-300x225.jpg 300w, https:\/\/familie-weitgereist.de\/wp-content\/uploads\/2021\/07\/IMG_20210719_175300-768x576.jpg 768w, https:\/\/familie-weitgereist.de\/wp-content\/uploads\/2021\/07\/IMG_20210719_175300-1536x1152.jpg 1536w, https:\/\/familie-weitgereist.de\/wp-content\/uploads\/2021\/07\/IMG_20210719_175300-2048x1536.jpg 2048w, https:\/\/familie-weitgereist.de\/wp-content\/uploads\/2021\/07\/IMG_20210719_175300-1200x900.jpg 1200w, https:\/\/familie-weitgereist.de\/wp-content\/uploads\/2021\/07\/IMG_20210719_175300-1980x1485.jpg 1980w, https:\/\/familie-weitgereist.de\/wp-content\/uploads\/2021\/07\/IMG_20210719_175300-150x113.jpg 150w\" sizes=\"auto, (max-width: 1024px) 100vw, 1024px\" \/><\/figure>\n\n\n\n<figure class=\"wp-block-image size-large\"><img loading=\"lazy\" decoding=\"async\" width=\"1024\" height=\"768\" data-id=\"5649\" src=\"https:\/\/familie-weitgereist.de\/wp-content\/uploads\/2021\/07\/IMG_20210719_175014-1024x768.jpg\" alt=\"\" class=\"wp-image-5649\" srcset=\"https:\/\/familie-weitgereist.de\/wp-content\/uploads\/2021\/07\/IMG_20210719_175014-1024x768.jpg 1024w, https:\/\/familie-weitgereist.de\/wp-content\/uploads\/2021\/07\/IMG_20210719_175014-300x225.jpg 300w, https:\/\/familie-weitgereist.de\/wp-content\/uploads\/2021\/07\/IMG_20210719_175014-768x576.jpg 768w, https:\/\/familie-weitgereist.de\/wp-content\/uploads\/2021\/07\/IMG_20210719_175014-1536x1152.jpg 1536w, https:\/\/familie-weitgereist.de\/wp-content\/uploads\/2021\/07\/IMG_20210719_175014-2048x1536.jpg 2048w, https:\/\/familie-weitgereist.de\/wp-content\/uploads\/2021\/07\/IMG_20210719_175014-1200x900.jpg 1200w, https:\/\/familie-weitgereist.de\/wp-content\/uploads\/2021\/07\/IMG_20210719_175014-1980x1485.jpg 1980w, https:\/\/familie-weitgereist.de\/wp-content\/uploads\/2021\/07\/IMG_20210719_175014-150x113.jpg 150w\" sizes=\"auto, (max-width: 1024px) 100vw, 1024px\" \/><\/figure>\n\n\n\n<figure class=\"wp-block-image size-large\"><img loading=\"lazy\" decoding=\"async\" width=\"1024\" height=\"768\" data-id=\"5651\" src=\"https:\/\/familie-weitgereist.de\/wp-content\/uploads\/2021\/07\/IMG_20210719_174416-1024x768.jpg\" alt=\"\" class=\"wp-image-5651\" srcset=\"https:\/\/familie-weitgereist.de\/wp-content\/uploads\/2021\/07\/IMG_20210719_174416-1024x768.jpg 1024w, https:\/\/familie-weitgereist.de\/wp-content\/uploads\/2021\/07\/IMG_20210719_174416-300x225.jpg 300w, https:\/\/familie-weitgereist.de\/wp-content\/uploads\/2021\/07\/IMG_20210719_174416-768x576.jpg 768w, https:\/\/familie-weitgereist.de\/wp-content\/uploads\/2021\/07\/IMG_20210719_174416-1536x1152.jpg 1536w, https:\/\/familie-weitgereist.de\/wp-content\/uploads\/2021\/07\/IMG_20210719_174416-2048x1536.jpg 2048w, https:\/\/familie-weitgereist.de\/wp-content\/uploads\/2021\/07\/IMG_20210719_174416-1200x900.jpg 1200w, https:\/\/familie-weitgereist.de\/wp-content\/uploads\/2021\/07\/IMG_20210719_174416-1980x1485.jpg 1980w, https:\/\/familie-weitgereist.de\/wp-content\/uploads\/2021\/07\/IMG_20210719_174416-150x113.jpg 150w\" sizes=\"auto, (max-width: 1024px) 100vw, 1024px\" \/><\/figure>\n<figcaption class=\"blocks-gallery-caption wp-element-caption\">Oberer Binge Rundweg<\/figcaption><\/figure>\n\n\n\n<p>Viele Rastpl\u00e4tze laden zum Verweilen ein und bieten einen wunderbaren Blick auf die Binge. <\/p>\n\n\n\n<div id=\"wp-block-themeisle-blocks-slider-6184c9de\" class=\"wp-block-themeisle-blocks-slider glide\" data-per-view=\"1\" data-gap=\"0\" data-peek=\"0\" data-autoplay=\"true\" data-height=\"400px\" data-hide-arrows=\"false\"><div class=\"glide__track\" data-glide-el=\"track\"><div class=\"glide__slides\"><div class=\"wp-block-themeisle-blocks-slider-item-wrapper glide__slide\" tabindex=\"0\"><figure><img decoding=\"async\" class=\"wp-block-themeisle-blocks-slider-item\" src=\"https:\/\/familie-weitgereist.de\/wp-content\/uploads\/2021\/07\/IMG_20210719_223100_877.jpg\" alt=\"\" title=\"\" data-id=\"5646\"\/><\/figure><\/div><div class=\"wp-block-themeisle-blocks-slider-item-wrapper glide__slide\" tabindex=\"0\"><figure><img decoding=\"async\" class=\"wp-block-themeisle-blocks-slider-item\" src=\"https:\/\/familie-weitgereist.de\/wp-content\/uploads\/2021\/07\/IMG_20210719_185454-scaled.jpg\" alt=\"\" title=\"\" data-id=\"5647\"\/><\/figure><\/div><div class=\"wp-block-themeisle-blocks-slider-item-wrapper glide__slide\" tabindex=\"0\"><figure><img decoding=\"async\" class=\"wp-block-themeisle-blocks-slider-item\" src=\"https:\/\/familie-weitgereist.de\/wp-content\/uploads\/2021\/07\/IMG_20210719_185425-scaled.jpg\" alt=\"\" title=\"\" data-id=\"5650\"\/><\/figure><\/div><div class=\"wp-block-themeisle-blocks-slider-item-wrapper glide__slide\" tabindex=\"0\"><figure><img decoding=\"async\" class=\"wp-block-themeisle-blocks-slider-item\" src=\"https:\/\/familie-weitgereist.de\/wp-content\/uploads\/2021\/07\/IMG_20210719_174959-scaled.jpg\" alt=\"\" title=\"\" data-id=\"5652\"\/><\/figure><\/div><\/div><div class=\"glide__bullets\" data-glide-el=\"controls[nav]\"><button class=\"glide__bullet\" data-glide-dir=\"=0\"><\/button><button class=\"glide__bullet\" data-glide-dir=\"=1\"><\/button><button class=\"glide__bullet\" data-glide-dir=\"=2\"><\/button><button class=\"glide__bullet\" data-glide-dir=\"=3\"><\/button><\/div><\/div><\/div>\n\n\n\n<p>Beim Folgen des Rundweges ver\u00e4ndert sich der Blickwinkel auf die Binge, sodass man die felsige Erhebung von  beiden Seiten bewundern kann. <\/p>\n\n\n\n<div id=\"wp-block-themeisle-blocks-slider-a644a508\" class=\"wp-block-themeisle-blocks-slider glide\" data-per-view=\"1\" data-gap=\"0\" data-peek=\"0\" data-autoplay=\"true\" data-height=\"316px\" data-hide-arrows=\"false\"><div class=\"glide__track\" data-glide-el=\"track\"><div class=\"glide__slides\"><div class=\"wp-block-themeisle-blocks-slider-item-wrapper glide__slide\" tabindex=\"0\"><figure><img decoding=\"async\" class=\"wp-block-themeisle-blocks-slider-item\" src=\"https:\/\/familie-weitgereist.de\/wp-content\/uploads\/2021\/07\/IMG_20210719_182340-scaled.jpg\" alt=\"\" title=\"\" data-id=\"5654\"\/><\/figure><\/div><div class=\"wp-block-themeisle-blocks-slider-item-wrapper glide__slide\" tabindex=\"0\"><figure><img decoding=\"async\" class=\"wp-block-themeisle-blocks-slider-item\" src=\"https:\/\/familie-weitgereist.de\/wp-content\/uploads\/2021\/07\/IMG_20210719_180006-scaled.jpg\" alt=\"\" title=\"\" data-id=\"5655\"\/><\/figure><\/div><div class=\"wp-block-themeisle-blocks-slider-item-wrapper glide__slide\" tabindex=\"0\"><figure><img decoding=\"async\" class=\"wp-block-themeisle-blocks-slider-item\" src=\"https:\/\/familie-weitgereist.de\/wp-content\/uploads\/2021\/07\/IMG_20210719_174744-scaled.jpg\" alt=\"\" title=\"\" data-id=\"5657\"\/><\/figure><\/div><\/div><div class=\"glide__bullets\" data-glide-el=\"controls[nav]\"><button class=\"glide__bullet\" data-glide-dir=\"=0\"><\/button><button class=\"glide__bullet\" data-glide-dir=\"=1\"><\/button><button class=\"glide__bullet\" data-glide-dir=\"=2\"><\/button><\/div><\/div><\/div>\n\n\n\n<p>Anschlie\u00dfend wird der obere Weg verlassen und die Wanderung geht direkt am Felsen entlang. Hinweistafeln wei\u00dfen auf die Tier- und Pflanzenwelt an der Binge hin. <\/p>\n\n\n\n<p>Beim Anblick der gro\u00dfen Steine und Felsen f\u00fchlten wir uns in eine kleine alpine Landschaft versetzt. Es war ein richtig toller Ausflug, der sicherlich zu jeder Jahreszeit wiederholt werden kann. (:<\/p>\n\n\n\n<div id=\"wp-block-themeisle-blocks-slider-1fca0ac0\" class=\"wp-block-themeisle-blocks-slider glide\" data-per-view=\"1\" data-gap=\"0\" data-peek=\"0\" data-autoplay=\"true\" data-height=\"283px\" data-hide-arrows=\"false\"><div class=\"glide__track\" data-glide-el=\"track\"><div class=\"glide__slides\"><div class=\"wp-block-themeisle-blocks-slider-item-wrapper glide__slide\" tabindex=\"0\"><figure><img decoding=\"async\" class=\"wp-block-themeisle-blocks-slider-item\" src=\"https:\/\/familie-weitgereist.de\/wp-content\/uploads\/2021\/07\/IMG_20210719_183856-scaled.jpg\" alt=\"\" title=\"\" data-id=\"5664\"\/><\/figure><\/div><div class=\"wp-block-themeisle-blocks-slider-item-wrapper glide__slide\" tabindex=\"0\"><figure><img decoding=\"async\" class=\"wp-block-themeisle-blocks-slider-item\" src=\"https:\/\/familie-weitgereist.de\/wp-content\/uploads\/2021\/07\/IMG_20210719_183439-scaled.jpg\" alt=\"\" title=\"\" data-id=\"5666\"\/><\/figure><\/div><div class=\"wp-block-themeisle-blocks-slider-item-wrapper glide__slide\" tabindex=\"0\"><figure><img decoding=\"async\" class=\"wp-block-themeisle-blocks-slider-item\" src=\"https:\/\/familie-weitgereist.de\/wp-content\/uploads\/2021\/07\/IMG_20210719_182810-scaled.jpg\" alt=\"\" title=\"\" data-id=\"5669\"\/><\/figure><\/div><div class=\"wp-block-themeisle-blocks-slider-item-wrapper glide__slide\" tabindex=\"0\"><figure><img decoding=\"async\" class=\"wp-block-themeisle-blocks-slider-item\" src=\"https:\/\/familie-weitgereist.de\/wp-content\/uploads\/2021\/07\/IMG_20210719_182546-scaled.jpg\" alt=\"\" title=\"\" data-id=\"5671\"\/><\/figure><\/div><\/div><div class=\"glide__bullets\" data-glide-el=\"controls[nav]\"><button class=\"glide__bullet\" data-glide-dir=\"=0\"><\/button><button class=\"glide__bullet\" data-glide-dir=\"=1\"><\/button><button class=\"glide__bullet\" data-glide-dir=\"=2\"><\/button><button class=\"glide__bullet\" data-glide-dir=\"=3\"><\/button><\/div><\/div><\/div>\n\n\n\n<p>Der Zugang zur Binge ist \u00fcbrigens komplett gratis. (:<\/p>\n\n\n\n<p>Der kr\u00f6nende Abschluss f\u00fcr Merlin war der Besuch des Naturspielplatzes &#8222;Am Lotterhof&#8220;. Ein gro\u00df angelegter Spielplatz mit riesigen Kletterger\u00fcst, Rutsche, Karussell, Zipline, Schaukeln und Sandspielger\u00e4ten l\u00e4dt zum Spielen ein. <\/p>\n\n\n\n<div id=\"wp-block-themeisle-blocks-slider-9e29072f\" class=\"wp-block-themeisle-blocks-slider glide\" data-per-view=\"1\" data-gap=\"0\" data-peek=\"0\" data-autoplay=\"true\" data-height=\"291px\" data-hide-arrows=\"false\"><div class=\"glide__track\" data-glide-el=\"track\"><div class=\"glide__slides\"><div class=\"wp-block-themeisle-blocks-slider-item-wrapper glide__slide\" tabindex=\"0\"><figure><img decoding=\"async\" class=\"wp-block-themeisle-blocks-slider-item\" src=\"https:\/\/familie-weitgereist.de\/wp-content\/uploads\/2021\/07\/IMG_20210719_223052_978.jpg\" alt=\"\" title=\"\" data-id=\"5658\"\/><\/figure><\/div><div class=\"wp-block-themeisle-blocks-slider-item-wrapper glide__slide\" tabindex=\"0\"><figure><img decoding=\"async\" class=\"wp-block-themeisle-blocks-slider-item\" src=\"https:\/\/familie-weitgereist.de\/wp-content\/uploads\/2021\/07\/IMG_20210719_223045_496.jpg\" alt=\"\" title=\"\" data-id=\"5659\"\/><\/figure><\/div><div class=\"wp-block-themeisle-blocks-slider-item-wrapper glide__slide\" tabindex=\"0\"><figure><img decoding=\"async\" class=\"wp-block-themeisle-blocks-slider-item\" src=\"https:\/\/familie-weitgereist.de\/wp-content\/uploads\/2021\/07\/IMG_20210719_190249-scaled.jpg\" alt=\"\" title=\"\" data-id=\"5661\"\/><\/figure><\/div><div class=\"wp-block-themeisle-blocks-slider-item-wrapper glide__slide\" tabindex=\"0\"><figure><img decoding=\"async\" class=\"wp-block-themeisle-blocks-slider-item\" src=\"https:\/\/familie-weitgereist.de\/wp-content\/uploads\/2021\/07\/IMG_20210719_190131-scaled.jpg\" alt=\"\" title=\"\" data-id=\"5662\"\/><\/figure><\/div><\/div><div class=\"glide__bullets\" data-glide-el=\"controls[nav]\"><button class=\"glide__bullet\" data-glide-dir=\"=0\"><\/button><button class=\"glide__bullet\" data-glide-dir=\"=1\"><\/button><button class=\"glide__bullet\" data-glide-dir=\"=2\"><\/button><button class=\"glide__bullet\" data-glide-dir=\"=3\"><\/button><\/div><\/div><\/div>\n\n\n\n<h2 class=\"wp-block-heading\" id=\"gelenau\">Erlebnisland Kegelsberg, Gelenau<\/h2>\n\n\n\n<p>Der kleine Ort Gelenau im Erzgebirge bietet mit dem Erlebnisland Kegelsberg ein wunderbares Ziel f\u00fcr einen Tagesausflug. Vor Ort gibt es sehr viel zu entdecken.<\/p>\n\n\n\n<figure class=\"wp-block-image size-large\"><img loading=\"lazy\" decoding=\"async\" width=\"1024\" height=\"768\" src=\"https:\/\/familie-weitgereist.de\/wp-content\/uploads\/2021\/07\/1000007332-1024x768.jpg\" alt=\"\" class=\"wp-image-22500\" srcset=\"https:\/\/familie-weitgereist.de\/wp-content\/uploads\/2021\/07\/1000007332-1024x768.jpg 1024w, https:\/\/familie-weitgereist.de\/wp-content\/uploads\/2021\/07\/1000007332-300x225.jpg 300w, https:\/\/familie-weitgereist.de\/wp-content\/uploads\/2021\/07\/1000007332-768x576.jpg 768w, https:\/\/familie-weitgereist.de\/wp-content\/uploads\/2021\/07\/1000007332-1536x1152.jpg 1536w, https:\/\/familie-weitgereist.de\/wp-content\/uploads\/2021\/07\/1000007332-2048x1536.jpg 2048w, https:\/\/familie-weitgereist.de\/wp-content\/uploads\/2021\/07\/1000007332-1200x900.jpg 1200w, https:\/\/familie-weitgereist.de\/wp-content\/uploads\/2021\/07\/1000007332-1980x1485.jpg 1980w, https:\/\/familie-weitgereist.de\/wp-content\/uploads\/2021\/07\/1000007332-150x113.jpg 150w\" sizes=\"auto, (max-width: 1024px) 100vw, 1024px\" \/><\/figure>\n\n\n\n<p>Es gibt ein <strong>Freibad mit Minigolfanlage und<\/strong> sogar einen <strong>Campingplatz<\/strong> f\u00fcr Camper und Bungalows zum Mieten. In einer riesigen <strong>Holzente<\/strong> befinden sich die Sanit\u00e4ranlagen und ein Aussichtsturm.<\/p>\n\n\n\n<div id=\"wp-block-themeisle-blocks-slider-d0cbcd5b\" class=\"wp-block-themeisle-blocks-slider glide\" data-per-view=\"1\" data-gap=\"0\" data-peek=\"0\" data-autoplay=\"true\" data-height=\"400px\" data-hide-arrows=\"false\"><div class=\"glide__track\" data-glide-el=\"track\"><div class=\"glide__slides\"><div class=\"wp-block-themeisle-blocks-slider-item-wrapper glide__slide\" tabindex=\"0\"><figure><img decoding=\"async\" class=\"wp-block-themeisle-blocks-slider-item\" src=\"https:\/\/familie-weitgereist.de\/wp-content\/uploads\/2021\/07\/1000007486-scaled.jpg\" alt=\"\" title=\"\" data-id=\"22512\"\/><\/figure><\/div><div class=\"wp-block-themeisle-blocks-slider-item-wrapper glide__slide\" tabindex=\"0\"><figure><img decoding=\"async\" class=\"wp-block-themeisle-blocks-slider-item\" src=\"https:\/\/familie-weitgereist.de\/wp-content\/uploads\/2021\/07\/1000007374-scaled.jpg\" alt=\"\" title=\"\" data-id=\"22513\"\/><\/figure><\/div><\/div><div class=\"glide__bullets\" data-glide-el=\"controls[nav]\"><button class=\"glide__bullet\" data-glide-dir=\"=0\"><\/button><button class=\"glide__bullet\" data-glide-dir=\"=1\"><\/button><\/div><\/div><\/div>\n\n\n\n<p>Das Highlight f\u00fcr uns war die Fahrt mit der <strong>Sommerrodelbahn<\/strong>. Die Sommerrodelbahn ist 580m lang und bietet viele Kurven. Die Strecke f\u00fchrt durch den Wald am Berg. Ein gro\u00dfes Vergn\u00fcgen! Erwachsene zahlen 3\u20ac und Kinder 2\u20ac. Eine Familienkarte f\u00fcr zwei Erwachsene und zwei Kinder gibt es f\u00fcr 8\u20ac.<\/p>\n\n\n\n<div id=\"wp-block-themeisle-blocks-slider-2411cf9f\" class=\"wp-block-themeisle-blocks-slider glide\" data-per-view=\"1\" data-gap=\"0\" data-peek=\"0\" data-autoplay=\"true\" data-height=\"400px\" data-hide-arrows=\"false\"><div class=\"glide__track\" data-glide-el=\"track\"><div class=\"glide__slides\"><div class=\"wp-block-themeisle-blocks-slider-item-wrapper glide__slide\" tabindex=\"0\"><figure><img decoding=\"async\" class=\"wp-block-themeisle-blocks-slider-item\" src=\"https:\/\/familie-weitgereist.de\/wp-content\/uploads\/2021\/07\/1000007346-1-scaled.jpg\" alt=\"\" title=\"\" data-id=\"22520\"\/><\/figure><\/div><div class=\"wp-block-themeisle-blocks-slider-item-wrapper glide__slide\" tabindex=\"0\"><figure><img decoding=\"async\" class=\"wp-block-themeisle-blocks-slider-item\" src=\"https:\/\/familie-weitgereist.de\/wp-content\/uploads\/2021\/07\/1000007361-1-scaled.jpg\" alt=\"\" title=\"\" data-id=\"22521\"\/><\/figure><\/div><\/div><div class=\"glide__bullets\" data-glide-el=\"controls[nav]\"><button class=\"glide__bullet\" data-glide-dir=\"=0\"><\/button><button class=\"glide__bullet\" data-glide-dir=\"=1\"><\/button><\/div><\/div><\/div>\n\n\n\n<p>In Gelenau befindet sich ebenfalls ein <strong>27,5m hoher Aussichtsturm<\/strong>. Nach 136 Stufen kommt man oben an und kann eine gro\u00dfartige Aussicht auf Gelenau und die H\u00fcgel im Erzgebirge genie\u00dfen.<\/p>\n\n\n\n<div id=\"wp-block-themeisle-blocks-slider-b0ce18c7\" class=\"wp-block-themeisle-blocks-slider glide\" data-per-view=\"1\" data-gap=\"0\" data-peek=\"0\" data-autoplay=\"true\" data-height=\"400px\" data-hide-arrows=\"false\"><div class=\"glide__track\" data-glide-el=\"track\"><div class=\"glide__slides\"><div class=\"wp-block-themeisle-blocks-slider-item-wrapper glide__slide\" tabindex=\"0\"><figure><img decoding=\"async\" class=\"wp-block-themeisle-blocks-slider-item\" src=\"https:\/\/familie-weitgereist.de\/wp-content\/uploads\/2021\/07\/1000007329-scaled.jpg\" alt=\"\" title=\"\" data-id=\"22522\"\/><\/figure><\/div><div class=\"wp-block-themeisle-blocks-slider-item-wrapper glide__slide\" tabindex=\"0\"><figure><img decoding=\"async\" class=\"wp-block-themeisle-blocks-slider-item\" src=\"https:\/\/familie-weitgereist.de\/wp-content\/uploads\/2021\/07\/1000007313-1-scaled.jpg\" alt=\"\" title=\"\" data-id=\"22523\"\/><\/figure><\/div><\/div><div class=\"glide__bullets\" data-glide-el=\"controls[nav]\"><button class=\"glide__bullet\" data-glide-dir=\"=0\"><\/button><button class=\"glide__bullet\" data-glide-dir=\"=1\"><\/button><\/div><\/div><\/div>\n\n\n\n<h2 class=\"wp-block-heading\" id=\"weissbach\">Mini-Wei\u00dfbach<\/h2>\n\n\n\n<p>Die kleine Miniwelt in Wei\u00dfbach ist ein Kleinod und erfreut die Einheimischen, sowie G\u00e4ste. Im Jahr 2004 entstand die kleine Schauanlage in Wei\u00dfbach und wird vom dortigen Heimatverein ehrenamtlich betrieben. <strong>Es muss kein Eintritt gezahlt werden.<\/strong> Eine Vielzahl von wei\u00dfbachern Geb\u00e4uden und H\u00e4usern wurde nachgebaut, dabei sind besonders historische Geb\u00e4ude und nicht mehr vorhandene Geb\u00e4ude von Interesse. Neue Geb\u00e4ude werden immer wieder erg\u00e4nzt und zur Adventszeit, welche im Erzgebirge ihren ganz besonderen Reiz hat, erstrahlen die Geb\u00e4ude mit weihnachtlicher Beleuchtung.<\/p>\n\n\n\n<div id=\"wp-block-themeisle-blocks-slider-e294aee3\" class=\"wp-block-themeisle-blocks-slider glide\" data-per-view=\"1\" data-gap=\"0\" data-peek=\"0\" data-autoplay=\"true\" data-height=\"400px\" data-hide-arrows=\"false\"><div class=\"glide__track\" data-glide-el=\"track\"><div class=\"glide__slides\"><div class=\"wp-block-themeisle-blocks-slider-item-wrapper glide__slide\" tabindex=\"0\"><figure><img decoding=\"async\" class=\"wp-block-themeisle-blocks-slider-item\" src=\"https:\/\/familie-weitgereist.de\/wp-content\/uploads\/2021\/07\/1000007401-scaled.jpg\" alt=\"\" title=\"\" data-id=\"22498\"\/><\/figure><\/div><div class=\"wp-block-themeisle-blocks-slider-item-wrapper glide__slide\" tabindex=\"0\"><figure><img decoding=\"async\" class=\"wp-block-themeisle-blocks-slider-item\" src=\"https:\/\/familie-weitgereist.de\/wp-content\/uploads\/2021\/07\/1000007413-scaled.jpg\" alt=\"\" title=\"\" data-id=\"22499\"\/><\/figure><\/div><div class=\"wp-block-themeisle-blocks-slider-item-wrapper glide__slide\" tabindex=\"0\"><figure><img decoding=\"async\" class=\"wp-block-themeisle-blocks-slider-item\" src=\"https:\/\/familie-weitgereist.de\/wp-content\/uploads\/2021\/07\/1000007472-scaled.jpg\" alt=\"\" title=\"\" data-id=\"22496\"\/><\/figure><\/div><\/div><div class=\"glide__bullets\" data-glide-el=\"controls[nav]\"><button class=\"glide__bullet\" data-glide-dir=\"=0\"><\/button><button class=\"glide__bullet\" data-glide-dir=\"=1\"><\/button><button class=\"glide__bullet\" data-glide-dir=\"=2\"><\/button><\/div><\/div><\/div>\n\n\n\n<p>Der Aufbau der Modelle erfolgt jedes Jahr in der letzten Aprilwoche und diese bleiben bis zum 6. Januar stehen. Anschlie\u00dfend werden die Modelle abgebaut, eingelagert und restauriert.<\/p>\n\n\n\n<figure class=\"wp-block-image size-large\"><img loading=\"lazy\" decoding=\"async\" width=\"1024\" height=\"768\" src=\"https:\/\/familie-weitgereist.de\/wp-content\/uploads\/2021\/07\/1000007468-1024x768.jpg\" alt=\"\" class=\"wp-image-22503\" srcset=\"https:\/\/familie-weitgereist.de\/wp-content\/uploads\/2021\/07\/1000007468-1024x768.jpg 1024w, https:\/\/familie-weitgereist.de\/wp-content\/uploads\/2021\/07\/1000007468-300x225.jpg 300w, https:\/\/familie-weitgereist.de\/wp-content\/uploads\/2021\/07\/1000007468-768x576.jpg 768w, https:\/\/familie-weitgereist.de\/wp-content\/uploads\/2021\/07\/1000007468-1536x1152.jpg 1536w, https:\/\/familie-weitgereist.de\/wp-content\/uploads\/2021\/07\/1000007468-2048x1536.jpg 2048w, https:\/\/familie-weitgereist.de\/wp-content\/uploads\/2021\/07\/1000007468-1200x900.jpg 1200w, https:\/\/familie-weitgereist.de\/wp-content\/uploads\/2021\/07\/1000007468-1980x1485.jpg 1980w, https:\/\/familie-weitgereist.de\/wp-content\/uploads\/2021\/07\/1000007468-150x113.jpg 150w\" sizes=\"auto, (max-width: 1024px) 100vw, 1024px\" \/><\/figure>\n\n\n\n<p>Unsere Kinder waren begeistert von den vielen kleinen Kn\u00f6pfen, die gedr\u00fcckt werden und in den H\u00e4uschen tut sich etwas oder ein Ger\u00e4usch ert\u00f6nt.<\/p>\n\n\n\n<h2 class=\"wp-block-heading\" id=\"hartenstein\">Prinzenh\u00f6hle und Isenburg bei Hartenstein<\/h2>\n\n\n\n<p>Unser Startpunkt zu dieser tollen Wanderung war in Hartenstein. Von dort liefen wir durch den wunderbaren erzgebirgischen Wald zu dem Hotel Waldidyll. <\/p>\n\n\n\n<div id=\"wp-block-themeisle-blocks-slider-1b059e40\" class=\"wp-block-themeisle-blocks-slider glide\" data-per-view=\"1\" data-gap=\"0\" data-peek=\"0\" data-autoplay=\"true\" data-height=\"400px\" data-hide-arrows=\"false\"><div class=\"glide__track\" data-glide-el=\"track\"><div class=\"glide__slides\"><div class=\"wp-block-themeisle-blocks-slider-item-wrapper glide__slide\" tabindex=\"0\"><figure><img decoding=\"async\" class=\"wp-block-themeisle-blocks-slider-item\" src=\"https:\/\/familie-weitgereist.de\/wp-content\/uploads\/2021\/09\/IMG_20210911_115200-scaled.jpg\" alt=\"\" title=\"\" data-id=\"6342\"\/><\/figure><\/div><div class=\"wp-block-themeisle-blocks-slider-item-wrapper glide__slide\" tabindex=\"0\"><figure><img decoding=\"async\" class=\"wp-block-themeisle-blocks-slider-item\" src=\"https:\/\/familie-weitgereist.de\/wp-content\/uploads\/2021\/09\/IMG_20210911_113409-scaled.jpg\" alt=\"\" title=\"\" data-id=\"6344\"\/><\/figure><\/div><\/div><div class=\"glide__bullets\" data-glide-el=\"controls[nav]\"><button class=\"glide__bullet\" data-glide-dir=\"=0\"><\/button><button class=\"glide__bullet\" data-glide-dir=\"=1\"><\/button><\/div><\/div><\/div>\n\n\n\n<p>Unser Weg f\u00fchrte entlang der Zwickauer Mulde, weiterhin durch den Wald. Nach einem l\u00e4ngeren Aufstieg kamen wir an dem Forsthaus &#8222;Zur Prinzenh\u00f6hle&#8220; vorbei. Das Gasthaus mit einer Terrasse und dem Blick auf die erzgebirgischen Berge liegt idyllisch mitten im Wald. <\/p>\n\n\n\n<figure class=\"wp-block-image size-large\"><img loading=\"lazy\" decoding=\"async\" width=\"1024\" height=\"768\" src=\"https:\/\/familie-weitgereist.de\/wp-content\/uploads\/2021\/09\/IMG_20210911_122634-1024x768.jpg\" alt=\"\" class=\"wp-image-6346\" srcset=\"https:\/\/familie-weitgereist.de\/wp-content\/uploads\/2021\/09\/IMG_20210911_122634-1024x768.jpg 1024w, https:\/\/familie-weitgereist.de\/wp-content\/uploads\/2021\/09\/IMG_20210911_122634-300x225.jpg 300w, https:\/\/familie-weitgereist.de\/wp-content\/uploads\/2021\/09\/IMG_20210911_122634-768x576.jpg 768w, https:\/\/familie-weitgereist.de\/wp-content\/uploads\/2021\/09\/IMG_20210911_122634-1536x1152.jpg 1536w, https:\/\/familie-weitgereist.de\/wp-content\/uploads\/2021\/09\/IMG_20210911_122634-2048x1536.jpg 2048w, https:\/\/familie-weitgereist.de\/wp-content\/uploads\/2021\/09\/IMG_20210911_122634-1200x900.jpg 1200w, https:\/\/familie-weitgereist.de\/wp-content\/uploads\/2021\/09\/IMG_20210911_122634-1980x1485.jpg 1980w, https:\/\/familie-weitgereist.de\/wp-content\/uploads\/2021\/09\/IMG_20210911_122634-150x113.jpg 150w\" sizes=\"auto, (max-width: 1024px) 100vw, 1024px\" \/><figcaption class=\"wp-element-caption\">Forsthaus &#8222;Zur Prinzenh\u00f6hle&#8220;<\/figcaption><\/figure>\n\n\n\n<p>Unweit davon entfernt befindet sich die Prinzenh\u00f6hle. Dies war unser Wanderzwischenziel. Wir haben uns zun\u00e4chst eine k\u00f6stliche Knacker im Gasthaus gekauft. Diese genossen wir kurze Zeit sp\u00e4ter, nachdem wir uns die Prinzenh\u00f6hle angeschaut hatten. <\/p>\n\n\n\n<p>Auf einem Waldweg, der mit Gel\u00e4nder gesichert ist, ging es zun\u00e4chst steil bergan und anschlie\u00dfend bergab. <\/p>\n\n\n\n<div id=\"wp-block-themeisle-blocks-slider-d8e6bb79\" class=\"wp-block-themeisle-blocks-slider glide\" data-per-view=\"1\" data-gap=\"0\" data-peek=\"0\" data-autoplay=\"true\" data-height=\"400px\" data-hide-arrows=\"false\"><div class=\"glide__track\" data-glide-el=\"track\"><div class=\"glide__slides\"><div class=\"wp-block-themeisle-blocks-slider-item-wrapper glide__slide\" tabindex=\"0\"><figure><img decoding=\"async\" class=\"wp-block-themeisle-blocks-slider-item\" src=\"https:\/\/familie-weitgereist.de\/wp-content\/uploads\/2021\/09\/IMG_20210911_123808-scaled.jpg\" alt=\"\" title=\"\" data-id=\"6348\"\/><\/figure><\/div><div class=\"wp-block-themeisle-blocks-slider-item-wrapper glide__slide\" tabindex=\"0\"><figure><img decoding=\"async\" class=\"wp-block-themeisle-blocks-slider-item\" src=\"https:\/\/familie-weitgereist.de\/wp-content\/uploads\/2021\/09\/IMG_20210911_123418-scaled.jpg\" alt=\"\" title=\"\" data-id=\"6349\"\/><\/figure><\/div><div class=\"wp-block-themeisle-blocks-slider-item-wrapper glide__slide\" tabindex=\"0\"><figure><img decoding=\"async\" class=\"wp-block-themeisle-blocks-slider-item\" src=\"https:\/\/familie-weitgereist.de\/wp-content\/uploads\/2021\/09\/IMG_20210911_123104-scaled.jpg\" alt=\"\" title=\"\" data-id=\"6350\"\/><\/figure><\/div><\/div><div class=\"glide__bullets\" data-glide-el=\"controls[nav]\"><button class=\"glide__bullet\" data-glide-dir=\"=0\"><\/button><button class=\"glide__bullet\" data-glide-dir=\"=1\"><\/button><button class=\"glide__bullet\" data-glide-dir=\"=2\"><\/button><\/div><\/div><\/div>\n\n\n\n<p>Die H\u00f6hle wurde vor Jahrhunderten in den Stein gehauen um Bergbau zu betreiben. Der Name geht auf eine Begebenheit im 15. Jahrhundert zur\u00fcck. 1455 entf\u00fchrte der Lehnherr Kunz von Kaufungen mit der Hilfe zweier Ritter zwei Prinzen. 1450 bekam Kunz von Kaufungen, als Lehnherr, die Burg Stein gek\u00fcndigt. Nach f\u00fcnfj\u00e4hrigem Streit mit dem damaligen Kurf\u00fcrsten unternahm er einen Versuch die Burg zur\u00fcck zu erobern. Er entf\u00fchrte die beiden Prinzen, wobei er mit dem Prinzen Albrecht bei Gr\u00fcnhain gefangen genommen wurde. Die beiden Ritter flohen mit dem Prinzen Ernst in den Hartensteiner Forst und versteckten sich in der H\u00f6hle. Die H\u00f6hle ist 18m lang.<\/p>\n\n\n\n<div id=\"wp-block-themeisle-blocks-slider-106e6e77\" class=\"wp-block-themeisle-blocks-slider glide\" data-per-view=\"1\" data-gap=\"0\" data-peek=\"0\" data-autoplay=\"true\" data-height=\"347px\" data-hide-arrows=\"false\"><div class=\"glide__track\" data-glide-el=\"track\"><div class=\"glide__slides\"><div class=\"wp-block-themeisle-blocks-slider-item-wrapper glide__slide\" tabindex=\"0\"><figure><img decoding=\"async\" class=\"wp-block-themeisle-blocks-slider-item\" src=\"https:\/\/familie-weitgereist.de\/wp-content\/uploads\/2021\/09\/IMG_20210911_124308-scaled.jpg\" alt=\"\" title=\"\" data-id=\"6354\"\/><\/figure><\/div><div class=\"wp-block-themeisle-blocks-slider-item-wrapper glide__slide\" tabindex=\"0\"><figure><img decoding=\"async\" class=\"wp-block-themeisle-blocks-slider-item\" src=\"https:\/\/familie-weitgereist.de\/wp-content\/uploads\/2021\/09\/IMG_20210911_124028-scaled.jpg\" alt=\"\" title=\"\" data-id=\"6356\"\/><\/figure><\/div><\/div><div class=\"glide__bullets\" data-glide-el=\"controls[nav]\"><button class=\"glide__bullet\" data-glide-dir=\"=0\"><\/button><button class=\"glide__bullet\" data-glide-dir=\"=1\"><\/button><\/div><\/div><\/div>\n\n\n\n<p>Danach wanderten wir weiter, hinab zur Mulde und auf der anderen Talseite wieder bergan zur Isenburg, eine alte Festungsanlage aus dem 12. Jahrhundert. Die Isenburg diente als H\u00f6henburg im Zuge der Besiedlung des Erzgebirges im 12. Jahrhundert. Es ist sehr beeindruckend, mitten im Wald die \u00dcberreste der Festungsmauern und des Turmes zu sehen. Wir verbrachten eine Weile dort, st\u00e4rkten uns, bevor es anschlie\u00dfend weiter ging nach Wildbach.<\/p>\n\n\n\n<div id=\"wp-block-themeisle-blocks-slider-6a3e80e0\" class=\"wp-block-themeisle-blocks-slider glide\" data-per-view=\"1\" data-gap=\"0\" data-peek=\"0\" data-autoplay=\"true\" data-height=\"245px\" data-hide-arrows=\"false\"><div class=\"glide__track\" data-glide-el=\"track\"><div class=\"glide__slides\"><div class=\"wp-block-themeisle-blocks-slider-item-wrapper glide__slide\" tabindex=\"0\"><figure><img decoding=\"async\" class=\"wp-block-themeisle-blocks-slider-item\" src=\"https:\/\/familie-weitgereist.de\/wp-content\/uploads\/2021\/09\/IMG_20210911_154114-scaled.jpg\" alt=\"\" title=\"\" data-id=\"6359\"\/><\/figure><\/div><div class=\"wp-block-themeisle-blocks-slider-item-wrapper glide__slide\" tabindex=\"0\"><figure><img decoding=\"async\" class=\"wp-block-themeisle-blocks-slider-item\" src=\"https:\/\/familie-weitgereist.de\/wp-content\/uploads\/2021\/09\/IMG_20210911_150357-scaled.jpg\" alt=\"\" title=\"\" data-id=\"6360\"\/><\/figure><\/div><div class=\"wp-block-themeisle-blocks-slider-item-wrapper glide__slide\" tabindex=\"0\"><figure><img decoding=\"async\" class=\"wp-block-themeisle-blocks-slider-item\" src=\"https:\/\/familie-weitgereist.de\/wp-content\/uploads\/2021\/09\/IMG_20210911_150322-scaled.jpg\" alt=\"\" title=\"\" data-id=\"6362\"\/><\/figure><\/div><div class=\"wp-block-themeisle-blocks-slider-item-wrapper glide__slide\" tabindex=\"0\"><figure><img decoding=\"async\" class=\"wp-block-themeisle-blocks-slider-item\" src=\"https:\/\/familie-weitgereist.de\/wp-content\/uploads\/2021\/09\/IMG_20210911_150153-scaled.jpg\" alt=\"\" title=\"\" data-id=\"6364\"\/><\/figure><\/div><\/div><div class=\"glide__bullets\" data-glide-el=\"controls[nav]\"><button class=\"glide__bullet\" data-glide-dir=\"=0\"><\/button><button class=\"glide__bullet\" data-glide-dir=\"=1\"><\/button><button class=\"glide__bullet\" data-glide-dir=\"=2\"><\/button><button class=\"glide__bullet\" data-glide-dir=\"=3\"><\/button><\/div><\/div><\/div>\n\n\n\n<p>Unser letztes Etappenziel war die Burg Stein in Hartenstein. Wir haben sie bei bestem Wetter nur von au\u00dfen besichtigt und hatten ganz in der N\u00e4he unseren Parkplatz. Dort gibt es sogar drei gratis Wohnmobilstellpl\u00e4tze.<\/p>\n\n\n\n<div id=\"wp-block-themeisle-blocks-slider-4b402861\" class=\"wp-block-themeisle-blocks-slider glide\" data-per-view=\"1\" data-gap=\"0\" data-peek=\"0\" data-autoplay=\"true\" data-height=\"329px\" data-hide-arrows=\"false\"><div class=\"glide__track\" data-glide-el=\"track\"><div class=\"glide__slides\"><div class=\"wp-block-themeisle-blocks-slider-item-wrapper glide__slide\" tabindex=\"0\"><figure><img decoding=\"async\" class=\"wp-block-themeisle-blocks-slider-item\" src=\"https:\/\/familie-weitgereist.de\/wp-content\/uploads\/2021\/09\/IMG_20210911_214340_432.jpg\" alt=\"\" title=\"\" data-id=\"6365\"\/><\/figure><\/div><div class=\"wp-block-themeisle-blocks-slider-item-wrapper glide__slide\" tabindex=\"0\"><figure><img decoding=\"async\" class=\"wp-block-themeisle-blocks-slider-item\" src=\"https:\/\/familie-weitgereist.de\/wp-content\/uploads\/2021\/09\/IMG_20210911_162452-scaled.jpg\" alt=\"\" title=\"\" data-id=\"6367\"\/><\/figure><\/div><div class=\"wp-block-themeisle-blocks-slider-item-wrapper glide__slide\" tabindex=\"0\"><figure><img decoding=\"async\" class=\"wp-block-themeisle-blocks-slider-item\" src=\"https:\/\/familie-weitgereist.de\/wp-content\/uploads\/2021\/09\/IMG_20210911_162324-scaled.jpg\" alt=\"\" title=\"\" data-id=\"6369\"\/><\/figure><\/div><\/div><div class=\"glide__bullets\" data-glide-el=\"controls[nav]\"><button class=\"glide__bullet\" data-glide-dir=\"=0\"><\/button><button class=\"glide__bullet\" data-glide-dir=\"=1\"><\/button><button class=\"glide__bullet\" data-glide-dir=\"=2\"><\/button><\/div><\/div><\/div>\n\n\n\n<h2 class=\"wp-block-heading\" id=\"schwarzenberg\">Schwarzenberg <\/h2>\n\n\n\n<p>Schwarzenberg wird auch die <em>&#8222;Perle des &#8222;Erzgebirges&#8220;<\/em> genannt. Die Stadt wurde im 12. Jahrhundert als Befestigungsanlage zum Schutz der dortigen Handelswege errichtet. Die Stadt ist eine gro\u00dfe Kreisstadt im Erzgebirge mit ca. 16.000 Einwohnern. Vom 11. Mai bis 25. Juni 1945 war Schwarzenberg unbesetzte Zone im 2. Weltkrieg.<\/p>\n\n\n\n<figure class=\"wp-block-image size-large\"><img loading=\"lazy\" decoding=\"async\" width=\"1024\" height=\"768\" src=\"https:\/\/familie-weitgereist.de\/wp-content\/uploads\/2022\/10\/IMG_20221026_174417-1024x768.jpg\" alt=\"\" class=\"wp-image-11212\" srcset=\"https:\/\/familie-weitgereist.de\/wp-content\/uploads\/2022\/10\/IMG_20221026_174417-1024x768.jpg 1024w, https:\/\/familie-weitgereist.de\/wp-content\/uploads\/2022\/10\/IMG_20221026_174417-300x225.jpg 300w, https:\/\/familie-weitgereist.de\/wp-content\/uploads\/2022\/10\/IMG_20221026_174417-768x576.jpg 768w, https:\/\/familie-weitgereist.de\/wp-content\/uploads\/2022\/10\/IMG_20221026_174417-1536x1152.jpg 1536w, https:\/\/familie-weitgereist.de\/wp-content\/uploads\/2022\/10\/IMG_20221026_174417-2048x1536.jpg 2048w, https:\/\/familie-weitgereist.de\/wp-content\/uploads\/2022\/10\/IMG_20221026_174417-1200x900.jpg 1200w, https:\/\/familie-weitgereist.de\/wp-content\/uploads\/2022\/10\/IMG_20221026_174417-1980x1485.jpg 1980w, https:\/\/familie-weitgereist.de\/wp-content\/uploads\/2022\/10\/IMG_20221026_174417-150x113.jpg 150w\" sizes=\"auto, (max-width: 1024px) 100vw, 1024px\" \/><figcaption class=\"wp-element-caption\">Schloss Schwarzenberg<\/figcaption><\/figure>\n\n\n\n<p>Das Wahrzeichen der Stadt ist das Schloss. Mitten im Stadtzentrum auf einer Anh\u00f6he thront es \u00fcber der Stadt. Das Schloss ist umgeben von einem wundersch\u00f6nen Schlosspark. \u00dcber Stufen, unter gro\u00dfen B\u00e4umen und mit Blick auf die umliegenden Berge, ist ein Spaziergang durch den Schlosspark eine wahre Erholung.<\/p>\n\n\n\n<div id=\"wp-block-themeisle-blocks-slider-90e5de6b\" class=\"wp-block-themeisle-blocks-slider glide\" data-per-view=\"1\" data-gap=\"0\" data-peek=\"0\" data-autoplay=\"true\" data-height=\"400px\" data-hide-arrows=\"false\"><div class=\"glide__track\" data-glide-el=\"track\"><div class=\"glide__slides\"><div class=\"wp-block-themeisle-blocks-slider-item-wrapper glide__slide\" tabindex=\"0\"><figure><img decoding=\"async\" class=\"wp-block-themeisle-blocks-slider-item\" src=\"https:\/\/familie-weitgereist.de\/wp-content\/uploads\/2022\/10\/IMG_20221026_175526-scaled.jpg\" alt=\"\" title=\"\" data-id=\"11215\"\/><\/figure><\/div><div class=\"wp-block-themeisle-blocks-slider-item-wrapper glide__slide\" tabindex=\"0\"><figure><img decoding=\"async\" class=\"wp-block-themeisle-blocks-slider-item\" src=\"https:\/\/familie-weitgereist.de\/wp-content\/uploads\/2022\/10\/IMG_20221026_175257-scaled.jpg\" alt=\"\" title=\"\" data-id=\"11216\"\/><\/figure><\/div><\/div><div class=\"glide__bullets\" data-glide-el=\"controls[nav]\"><button class=\"glide__bullet\" data-glide-dir=\"=0\"><\/button><button class=\"glide__bullet\" data-glide-dir=\"=1\"><\/button><\/div><\/div><\/div>\n\n\n\n<p>Schwarzenberg wird seinem Namen gerecht und ist sehr h\u00fcgelig. Eine tolle Idee ist der Aufzug, der Anwohner und Besucher vom unteren Teil der Stadt nach oben in die Altstadt, direkt zum Schloss bringt. Die Benutzung des Aufzuges kostet 0,50\u20ac (<em>Stand<\/em> <em>2022<\/em>).<\/p>\n\n\n\n<figure class=\"wp-block-image size-large\"><img loading=\"lazy\" decoding=\"async\" width=\"1024\" height=\"768\" src=\"https:\/\/familie-weitgereist.de\/wp-content\/uploads\/2022\/10\/IMG_20221026_174703-1024x768.jpg\" alt=\"\" class=\"wp-image-11218\" srcset=\"https:\/\/familie-weitgereist.de\/wp-content\/uploads\/2022\/10\/IMG_20221026_174703-1024x768.jpg 1024w, https:\/\/familie-weitgereist.de\/wp-content\/uploads\/2022\/10\/IMG_20221026_174703-300x225.jpg 300w, https:\/\/familie-weitgereist.de\/wp-content\/uploads\/2022\/10\/IMG_20221026_174703-768x576.jpg 768w, https:\/\/familie-weitgereist.de\/wp-content\/uploads\/2022\/10\/IMG_20221026_174703-1536x1152.jpg 1536w, https:\/\/familie-weitgereist.de\/wp-content\/uploads\/2022\/10\/IMG_20221026_174703-2048x1536.jpg 2048w, https:\/\/familie-weitgereist.de\/wp-content\/uploads\/2022\/10\/IMG_20221026_174703-1200x900.jpg 1200w, https:\/\/familie-weitgereist.de\/wp-content\/uploads\/2022\/10\/IMG_20221026_174703-1980x1485.jpg 1980w, https:\/\/familie-weitgereist.de\/wp-content\/uploads\/2022\/10\/IMG_20221026_174703-150x113.jpg 150w\" sizes=\"auto, (max-width: 1024px) 100vw, 1024px\" \/><figcaption class=\"wp-element-caption\">Aufzug beim Schlosspark<\/figcaption><\/figure>\n\n\n\n<p>Die gepflegte Altstadt l\u00e4dt zum Schlendern und Genie\u00dfen ein. Viele kleine Gesch\u00e4fte, schmale Kopfsteinpflastergassen und restaurierte H\u00e4user lohnen einen Besuch.<\/p>\n\n\n\n<div id=\"wp-block-themeisle-blocks-slider-6beea4f2\" class=\"wp-block-themeisle-blocks-slider glide\" data-per-view=\"1\" data-gap=\"0\" data-peek=\"0\" data-autoplay=\"true\" data-height=\"400px\" data-hide-arrows=\"false\"><div class=\"glide__track\" data-glide-el=\"track\"><div class=\"glide__slides\"><div class=\"wp-block-themeisle-blocks-slider-item-wrapper glide__slide\" tabindex=\"0\"><figure><img decoding=\"async\" class=\"wp-block-themeisle-blocks-slider-item\" src=\"https:\/\/familie-weitgereist.de\/wp-content\/uploads\/2022\/10\/IMG_20221026_172407-scaled.jpg\" alt=\"\" title=\"\" data-id=\"11222\"\/><\/figure><\/div><div class=\"wp-block-themeisle-blocks-slider-item-wrapper glide__slide\" tabindex=\"0\"><figure><img decoding=\"async\" class=\"wp-block-themeisle-blocks-slider-item\" src=\"https:\/\/familie-weitgereist.de\/wp-content\/uploads\/2022\/10\/IMG_20221026_172028-scaled.jpg\" alt=\"\" title=\"\" data-id=\"11223\"\/><\/figure><\/div><div class=\"wp-block-themeisle-blocks-slider-item-wrapper glide__slide\" tabindex=\"0\"><figure><img decoding=\"async\" class=\"wp-block-themeisle-blocks-slider-item\" src=\"https:\/\/familie-weitgereist.de\/wp-content\/uploads\/2022\/10\/IMG_20221026_171726-scaled.jpg\" alt=\"\" title=\"\" data-id=\"11224\"\/><\/figure><\/div><\/div><div class=\"glide__bullets\" data-glide-el=\"controls[nav]\"><button class=\"glide__bullet\" data-glide-dir=\"=0\"><\/button><button class=\"glide__bullet\" data-glide-dir=\"=1\"><\/button><button class=\"glide__bullet\" data-glide-dir=\"=2\"><\/button><\/div><\/div><\/div>\n\n\n\n<h2 class=\"wp-block-heading\">Rentner&#8217;s Ruh und Christelgrund in Thalheim<\/h2>\n\n\n\n<p>Die Rentner&#8217;s Ruh in der N\u00e4he des Bahnhofs in Thalheim ist eine kleine Oase mitten im Wald. In liebevoller Arbeit wird das fr\u00fchere erzgebirgische Leben in Miniaturform dargestellt. Zudem kann man t\u00e4glich, au\u00dfer montags einkehren und nach, w\u00e4hrend oder vor einer Wanderung sich erfrischen und st\u00e4rken. Es gibt ein Wassertretbecken und einen kleinen Spielplatz. <\/p>\n\n\n\n<div id=\"wp-block-themeisle-blocks-slider-d6d57295\" class=\"wp-block-themeisle-blocks-slider glide\" data-per-view=\"1\" data-gap=\"0\" data-peek=\"0\" data-autoplay=\"true\" data-height=\"370px\" data-hide-arrows=\"false\"><div class=\"glide__track\" data-glide-el=\"track\"><div class=\"glide__slides\"><div class=\"wp-block-themeisle-blocks-slider-item-wrapper glide__slide\" tabindex=\"0\"><figure><img decoding=\"async\" class=\"wp-block-themeisle-blocks-slider-item\" src=\"https:\/\/familie-weitgereist.de\/wp-content\/uploads\/2021\/07\/IMG_20210720_143701-scaled.jpg\" alt=\"\" title=\"\" data-id=\"5676\"\/><\/figure><\/div><div class=\"wp-block-themeisle-blocks-slider-item-wrapper glide__slide\" tabindex=\"0\"><figure><img decoding=\"async\" class=\"wp-block-themeisle-blocks-slider-item\" src=\"https:\/\/familie-weitgereist.de\/wp-content\/uploads\/2021\/07\/IMG_20210720_141300-scaled.jpg\" alt=\"\" title=\"\" data-id=\"5677\"\/><\/figure><\/div><div class=\"wp-block-themeisle-blocks-slider-item-wrapper glide__slide\" tabindex=\"0\"><figure><img decoding=\"async\" class=\"wp-block-themeisle-blocks-slider-item\" src=\"https:\/\/familie-weitgereist.de\/wp-content\/uploads\/2021\/07\/IMG_20210720_141202-scaled.jpg\" alt=\"\" title=\"\" data-id=\"5678\"\/><\/figure><\/div><div class=\"wp-block-themeisle-blocks-slider-item-wrapper glide__slide\" tabindex=\"0\"><figure><img decoding=\"async\" class=\"wp-block-themeisle-blocks-slider-item\" src=\"https:\/\/familie-weitgereist.de\/wp-content\/uploads\/2021\/07\/IMG_20210720_140526-scaled.jpg\" alt=\"\" title=\"\" data-id=\"5679\"\/><\/figure><\/div><div class=\"wp-block-themeisle-blocks-slider-item-wrapper glide__slide\" tabindex=\"0\"><figure><img decoding=\"async\" class=\"wp-block-themeisle-blocks-slider-item\" src=\"https:\/\/familie-weitgereist.de\/wp-content\/uploads\/2021\/07\/IMG_20210720_140415-scaled.jpg\" alt=\"\" title=\"\" data-id=\"5681\"\/><\/figure><\/div><div class=\"wp-block-themeisle-blocks-slider-item-wrapper glide__slide\" tabindex=\"0\"><figure><img decoding=\"async\" class=\"wp-block-themeisle-blocks-slider-item\" src=\"https:\/\/familie-weitgereist.de\/wp-content\/uploads\/2021\/07\/IMG_20210720_135128-scaled.jpg\" alt=\"\" title=\"\" data-id=\"5683\"\/><\/figure><\/div><div class=\"wp-block-themeisle-blocks-slider-item-wrapper glide__slide\" tabindex=\"0\"><figure><img decoding=\"async\" class=\"wp-block-themeisle-blocks-slider-item\" src=\"https:\/\/familie-weitgereist.de\/wp-content\/uploads\/2021\/07\/IMG_20210720_134929-scaled.jpg\" alt=\"\" title=\"\" data-id=\"5684\"\/><\/figure><\/div><div class=\"wp-block-themeisle-blocks-slider-item-wrapper glide__slide\" tabindex=\"0\"><figure><img decoding=\"async\" class=\"wp-block-themeisle-blocks-slider-item\" src=\"https:\/\/familie-weitgereist.de\/wp-content\/uploads\/2021\/07\/IMG_20210720_134847-scaled.jpg\" alt=\"\" title=\"\" data-id=\"5686\"\/><\/figure><\/div><\/div><div class=\"glide__bullets\" data-glide-el=\"controls[nav]\"><button class=\"glide__bullet\" data-glide-dir=\"=0\"><\/button><button class=\"glide__bullet\" data-glide-dir=\"=1\"><\/button><button class=\"glide__bullet\" data-glide-dir=\"=2\"><\/button><button class=\"glide__bullet\" data-glide-dir=\"=3\"><\/button><button class=\"glide__bullet\" data-glide-dir=\"=4\"><\/button><button class=\"glide__bullet\" data-glide-dir=\"=5\"><\/button><button class=\"glide__bullet\" data-glide-dir=\"=6\"><\/button><button class=\"glide__bullet\" data-glide-dir=\"=7\"><\/button><\/div><\/div><\/div>\n\n\n\n<p>Die Rentner&#8217;s Ruh ist ein perfekter Ausgangspunkt f\u00fcr sch\u00f6ne Wanderungen in den erzgebirgischen Wald. Wir unternahmen einen Spaziergang zum Christelgrund auf dem Pionierweg. Es ist ein kleiner Badeteich mitten im Wald und wundersch\u00f6n versteckt. Das Wasser ist jedoch ziemlich frisch, da es permanenten Zufluss der Zw\u00f6nitz hat. <\/p>\n\n\n\n<div id=\"wp-block-themeisle-blocks-slider-ffe3e3d5\" class=\"wp-block-themeisle-blocks-slider glide\" data-per-view=\"1\" data-gap=\"0\" data-peek=\"0\" data-autoplay=\"true\" data-height=\"400px\" data-hide-arrows=\"false\"><div class=\"glide__track\" data-glide-el=\"track\"><div class=\"glide__slides\"><div class=\"wp-block-themeisle-blocks-slider-item-wrapper glide__slide\" tabindex=\"0\"><figure><img decoding=\"async\" class=\"wp-block-themeisle-blocks-slider-item\" src=\"https:\/\/familie-weitgereist.de\/wp-content\/uploads\/2021\/07\/IMG_20210720_172529-scaled.jpg\" alt=\"\" title=\"\" data-id=\"5689\"\/><\/figure><\/div><div class=\"wp-block-themeisle-blocks-slider-item-wrapper glide__slide\" tabindex=\"0\"><figure><img decoding=\"async\" class=\"wp-block-themeisle-blocks-slider-item\" src=\"https:\/\/familie-weitgereist.de\/wp-content\/uploads\/2021\/07\/IMG_20210720_171943-scaled.jpg\" alt=\"\" title=\"\" data-id=\"5690\"\/><\/figure><\/div><div class=\"wp-block-themeisle-blocks-slider-item-wrapper glide__slide\" tabindex=\"0\"><figure><img decoding=\"async\" class=\"wp-block-themeisle-blocks-slider-item\" src=\"https:\/\/familie-weitgereist.de\/wp-content\/uploads\/2021\/07\/IMG_20210720_163006-scaled.jpg\" alt=\"\" title=\"\" data-id=\"5692\"\/><\/figure><\/div><div class=\"wp-block-themeisle-blocks-slider-item-wrapper glide__slide\" tabindex=\"0\"><figure><img decoding=\"async\" class=\"wp-block-themeisle-blocks-slider-item\" src=\"https:\/\/familie-weitgereist.de\/wp-content\/uploads\/2021\/07\/IMG_20210720_162404-scaled.jpg\" alt=\"\" title=\"\" data-id=\"5693\"\/><\/figure><\/div><\/div><div class=\"glide__bullets\" data-glide-el=\"controls[nav]\"><button class=\"glide__bullet\" data-glide-dir=\"=0\"><\/button><button class=\"glide__bullet\" data-glide-dir=\"=1\"><\/button><button class=\"glide__bullet\" data-glide-dir=\"=2\"><\/button><button class=\"glide__bullet\" data-glide-dir=\"=3\"><\/button><\/div><\/div><\/div>\n\n\n\n<h2 class=\"wp-block-heading\" id=\"wolkensteinerschweiz\">Wolkensteiner Schweiz<\/h2>\n\n\n\n<p>Die Wolkensteiner Schweiz, zwischen den Orten Wolkenstein und Warmbad erhielt in der Zeit der Romantik ihren Namen. Die gro\u00dfen Felsen am Berg sind mit einem alpinen Wandersteig bestens pr\u00e4pariert und lassen jedes Wanderherz h\u00f6her schlagen. Zudem gibt es auch noch Klettersteige und eine Via Ferrata.<\/p>\n\n\n\n<figure class=\"wp-block-image size-large\"><img loading=\"lazy\" decoding=\"async\" width=\"1024\" height=\"768\" src=\"https:\/\/familie-weitgereist.de\/wp-content\/uploads\/2021\/07\/IMG_20210721_203858_683-1024x768.jpg\" alt=\"\" class=\"wp-image-5703\" srcset=\"https:\/\/familie-weitgereist.de\/wp-content\/uploads\/2021\/07\/IMG_20210721_203858_683-1024x768.jpg 1024w, https:\/\/familie-weitgereist.de\/wp-content\/uploads\/2021\/07\/IMG_20210721_203858_683-300x225.jpg 300w, https:\/\/familie-weitgereist.de\/wp-content\/uploads\/2021\/07\/IMG_20210721_203858_683-768x576.jpg 768w, https:\/\/familie-weitgereist.de\/wp-content\/uploads\/2021\/07\/IMG_20210721_203858_683-1200x900.jpg 1200w, https:\/\/familie-weitgereist.de\/wp-content\/uploads\/2021\/07\/IMG_20210721_203858_683-150x113.jpg 150w, https:\/\/familie-weitgereist.de\/wp-content\/uploads\/2021\/07\/IMG_20210721_203858_683.jpg 1280w\" sizes=\"auto, (max-width: 1024px) 100vw, 1024px\" \/><\/figure>\n\n\n\n<p>Durch die abwechslungsreichen Wege sind die H\u00f6henmeter schnell \u00fcberwunden und die Ausblicke auf die erzgebirgischen Berge k\u00f6nnen genossen werden. <\/p>\n\n\n\n<div id=\"wp-block-themeisle-blocks-slider-46ab43d5\" class=\"wp-block-themeisle-blocks-slider glide\" data-per-view=\"1\" data-gap=\"0\" data-peek=\"0\" data-autoplay=\"true\" data-height=\"400px\" data-hide-arrows=\"false\"><div class=\"glide__track\" data-glide-el=\"track\"><div class=\"glide__slides\"><div class=\"wp-block-themeisle-blocks-slider-item-wrapper glide__slide\" tabindex=\"0\"><figure><img decoding=\"async\" class=\"wp-block-themeisle-blocks-slider-item\" src=\"https:\/\/familie-weitgereist.de\/wp-content\/uploads\/2021\/07\/IMG_20210721_203905_700.jpg\" alt=\"\" title=\"\" data-id=\"5705\"\/><\/figure><\/div><div class=\"wp-block-themeisle-blocks-slider-item-wrapper glide__slide\" tabindex=\"0\"><figure><img decoding=\"async\" class=\"wp-block-themeisle-blocks-slider-item\" src=\"https:\/\/familie-weitgereist.de\/wp-content\/uploads\/2021\/07\/IMG_20210721_140551-scaled.jpg\" alt=\"\" title=\"\" data-id=\"5707\"\/><\/figure><\/div><div class=\"wp-block-themeisle-blocks-slider-item-wrapper glide__slide\" tabindex=\"0\"><figure><img decoding=\"async\" class=\"wp-block-themeisle-blocks-slider-item\" src=\"https:\/\/familie-weitgereist.de\/wp-content\/uploads\/2021\/07\/IMG_20210721_132309-scaled.jpg\" alt=\"\" title=\"\" data-id=\"5709\"\/><\/figure><\/div><div class=\"wp-block-themeisle-blocks-slider-item-wrapper glide__slide\" tabindex=\"0\"><figure><img decoding=\"async\" class=\"wp-block-themeisle-blocks-slider-item\" src=\"https:\/\/familie-weitgereist.de\/wp-content\/uploads\/2021\/07\/IMG_20210721_125815-scaled.jpg\" alt=\"\" title=\"\" data-id=\"5712\"\/><\/figure><\/div><\/div><div class=\"glide__bullets\" data-glide-el=\"controls[nav]\"><button class=\"glide__bullet\" data-glide-dir=\"=0\"><\/button><button class=\"glide__bullet\" data-glide-dir=\"=1\"><\/button><button class=\"glide__bullet\" data-glide-dir=\"=2\"><\/button><button class=\"glide__bullet\" data-glide-dir=\"=3\"><\/button><\/div><\/div><\/div>\n\n\n\n<p>Besonders beeindruckend ist die Br\u00fcckenklippe. Von diesem Aussichtspunkt bietet sich ein wunderbarer Ausblick auf das Annaberger Land und das 60m tief liegenden Zschopautal. <\/p>\n\n\n\n<div id=\"wp-block-themeisle-blocks-slider-a94affea\" class=\"wp-block-themeisle-blocks-slider glide\" data-per-view=\"1\" data-gap=\"0\" data-peek=\"0\" data-autoplay=\"true\" data-height=\"400px\" data-hide-arrows=\"false\"><div class=\"glide__track\" data-glide-el=\"track\"><div class=\"glide__slides\"><div class=\"wp-block-themeisle-blocks-slider-item-wrapper glide__slide\" tabindex=\"0\"><figure><img decoding=\"async\" class=\"wp-block-themeisle-blocks-slider-item\" src=\"https:\/\/familie-weitgereist.de\/wp-content\/uploads\/2021\/07\/IMG_20210721_140412-scaled.jpg\" alt=\"\" title=\"\" data-id=\"5713\"\/><\/figure><\/div><div class=\"wp-block-themeisle-blocks-slider-item-wrapper glide__slide\" tabindex=\"0\"><figure><img decoding=\"async\" class=\"wp-block-themeisle-blocks-slider-item\" src=\"https:\/\/familie-weitgereist.de\/wp-content\/uploads\/2021\/07\/IMG_20210721_135707-scaled.jpg\" alt=\"\" title=\"\" data-id=\"5715\"\/><\/figure><\/div><\/div><div class=\"glide__bullets\" data-glide-el=\"controls[nav]\"><button class=\"glide__bullet\" data-glide-dir=\"=0\"><\/button><button class=\"glide__bullet\" data-glide-dir=\"=1\"><\/button><\/div><\/div><\/div>\n\n\n\n<p>Viele B\u00e4nke entlang des Weges laden zum Rasten und Verweilen ein. <\/p>\n\n\n\n<p>Unser Weg f\u00fchrte uns vorbei an zahlreichen Heidelbeerstr\u00e4uchern. Dies erfreute uns alle, denn sie waren so lecker! <\/p>\n\n\n\n<p>Weiter gingen wir bergauf bis zur Anton G\u00fcnther H\u00f6he auf 499m. Eine Schutzh\u00fctte, viele B\u00e4nke und der unverstellte Blick auf den P\u00f6hlberg, den B\u00e4renstein und das tschechische Gebirge, entlohnen den Aufstieg. <\/p>\n\n\n\n<div id=\"wp-block-themeisle-blocks-slider-de0091fa\" class=\"wp-block-themeisle-blocks-slider glide\" data-per-view=\"1\" data-gap=\"0\" data-peek=\"0\" data-autoplay=\"true\" data-height=\"471px\" data-hide-arrows=\"false\"><div class=\"glide__track\" data-glide-el=\"track\"><div class=\"glide__slides\"><div class=\"wp-block-themeisle-blocks-slider-item-wrapper glide__slide\" tabindex=\"0\"><figure><img decoding=\"async\" class=\"wp-block-themeisle-blocks-slider-item\" src=\"https:\/\/familie-weitgereist.de\/wp-content\/uploads\/2021\/07\/IMG_20210721_145141-scaled.jpg\" alt=\"\" title=\"\" data-id=\"5720\"\/><\/figure><\/div><div class=\"wp-block-themeisle-blocks-slider-item-wrapper glide__slide\" tabindex=\"0\"><figure><img decoding=\"async\" class=\"wp-block-themeisle-blocks-slider-item\" src=\"https:\/\/familie-weitgereist.de\/wp-content\/uploads\/2021\/07\/IMG_20210721_143822-scaled.jpg\" alt=\"\" title=\"\" data-id=\"5722\"\/><\/figure><\/div><\/div><div class=\"glide__bullets\" data-glide-el=\"controls[nav]\"><button class=\"glide__bullet\" data-glide-dir=\"=0\"><\/button><button class=\"glide__bullet\" data-glide-dir=\"=1\"><\/button><\/div><\/div><\/div>\n\n\n\n<p>Anschlie\u00dfend f\u00fchrte unser Weg \u00fcber die Himmelsleiter durch den Wald, entlang der Zschopau zur\u00fcck nach Wolkenstein. <\/p>\n\n\n\n<div id=\"wp-block-themeisle-blocks-slider-a0a3d37b\" class=\"wp-block-themeisle-blocks-slider glide\" data-per-view=\"1\" data-gap=\"0\" data-peek=\"0\" data-autoplay=\"true\" data-height=\"400px\" data-hide-arrows=\"false\"><div class=\"glide__track\" data-glide-el=\"track\"><div class=\"glide__slides\"><div class=\"wp-block-themeisle-blocks-slider-item-wrapper glide__slide\" tabindex=\"0\"><figure><img decoding=\"async\" class=\"wp-block-themeisle-blocks-slider-item\" src=\"https:\/\/familie-weitgereist.de\/wp-content\/uploads\/2021\/07\/IMG_20210721_203909_053.jpg\" alt=\"\" title=\"\" data-id=\"5724\"\/><\/figure><\/div><div class=\"wp-block-themeisle-blocks-slider-item-wrapper glide__slide\" tabindex=\"0\"><figure><img decoding=\"async\" class=\"wp-block-themeisle-blocks-slider-item\" src=\"https:\/\/familie-weitgereist.de\/wp-content\/uploads\/2021\/07\/IMG_20210721_164708-scaled.jpg\" alt=\"\" title=\"\" data-id=\"5726\"\/><\/figure><\/div><div class=\"wp-block-themeisle-blocks-slider-item-wrapper glide__slide\" tabindex=\"0\"><figure><img decoding=\"async\" class=\"wp-block-themeisle-blocks-slider-item\" src=\"https:\/\/familie-weitgereist.de\/wp-content\/uploads\/2021\/07\/IMG_20210721_151444-scaled.jpg\" alt=\"\" title=\"\" data-id=\"5727\"\/><\/figure><\/div><div class=\"wp-block-themeisle-blocks-slider-item-wrapper glide__slide\" tabindex=\"0\"><figure><img decoding=\"async\" class=\"wp-block-themeisle-blocks-slider-item\" src=\"https:\/\/familie-weitgereist.de\/wp-content\/uploads\/2021\/07\/IMG_20210721_151334-scaled.jpg\" alt=\"\" title=\"\" data-id=\"5729\"\/><\/figure><\/div><\/div><div class=\"glide__bullets\" data-glide-el=\"controls[nav]\"><button class=\"glide__bullet\" data-glide-dir=\"=0\"><\/button><button class=\"glide__bullet\" data-glide-dir=\"=1\"><\/button><button class=\"glide__bullet\" data-glide-dir=\"=2\"><\/button><button class=\"glide__bullet\" data-glide-dir=\"=3\"><\/button><\/div><\/div><\/div>\n\n\n\n<p>An einem kleinen Spielplatz tobten wir uns noch einmal richtig aus. <\/p>\n\n\n\n<figure class=\"wp-block-image size-large\"><img loading=\"lazy\" decoding=\"async\" width=\"1024\" height=\"768\" src=\"https:\/\/familie-weitgereist.de\/wp-content\/uploads\/2021\/07\/IMG_20210721_155353-1024x768.jpg\" alt=\"\" class=\"wp-image-5723\" srcset=\"https:\/\/familie-weitgereist.de\/wp-content\/uploads\/2021\/07\/IMG_20210721_155353-1024x768.jpg 1024w, https:\/\/familie-weitgereist.de\/wp-content\/uploads\/2021\/07\/IMG_20210721_155353-300x225.jpg 300w, https:\/\/familie-weitgereist.de\/wp-content\/uploads\/2021\/07\/IMG_20210721_155353-768x576.jpg 768w, https:\/\/familie-weitgereist.de\/wp-content\/uploads\/2021\/07\/IMG_20210721_155353-1536x1152.jpg 1536w, https:\/\/familie-weitgereist.de\/wp-content\/uploads\/2021\/07\/IMG_20210721_155353-2048x1536.jpg 2048w, https:\/\/familie-weitgereist.de\/wp-content\/uploads\/2021\/07\/IMG_20210721_155353-1200x900.jpg 1200w, https:\/\/familie-weitgereist.de\/wp-content\/uploads\/2021\/07\/IMG_20210721_155353-1980x1485.jpg 1980w, https:\/\/familie-weitgereist.de\/wp-content\/uploads\/2021\/07\/IMG_20210721_155353-150x113.jpg 150w\" sizes=\"auto, (max-width: 1024px) 100vw, 1024px\" \/><\/figure>\n\n\n\n<h2 class=\"wp-block-heading\" id=\"zwoenitz\">Zw\u00f6nitz<\/h2>\n\n\n\n<p>Zw\u00f6nitz ist eine Kleinstadt im Erzgebirge. Wie im Erzgebirge \u00fcblich, ist man von jedem Punkt der Stadt sehr schnell im Wald und kann die wunderbaren Wanderwege genie\u00dfen. <\/p>\n\n\n\n<figure class=\"wp-block-gallery has-nested-images columns-default is-cropped wp-block-gallery-2 is-layout-flex wp-block-gallery-is-layout-flex\">\n<figure class=\"wp-block-image size-large\"><img loading=\"lazy\" decoding=\"async\" width=\"1024\" height=\"575\" data-id=\"2601\" src=\"https:\/\/familie-weitgereist.de\/wp-content\/uploads\/2021\/01\/IMG_20170128_131426-1024x575.jpg\" alt=\"\" class=\"wp-image-2601\" srcset=\"https:\/\/familie-weitgereist.de\/wp-content\/uploads\/2021\/01\/IMG_20170128_131426-1024x575.jpg 1024w, https:\/\/familie-weitgereist.de\/wp-content\/uploads\/2021\/01\/IMG_20170128_131426-300x168.jpg 300w, https:\/\/familie-weitgereist.de\/wp-content\/uploads\/2021\/01\/IMG_20170128_131426-768x431.jpg 768w, https:\/\/familie-weitgereist.de\/wp-content\/uploads\/2021\/01\/IMG_20170128_131426-1536x863.jpg 1536w, https:\/\/familie-weitgereist.de\/wp-content\/uploads\/2021\/01\/IMG_20170128_131426-2048x1150.jpg 2048w, https:\/\/familie-weitgereist.de\/wp-content\/uploads\/2021\/01\/IMG_20170128_131426-1200x674.jpg 1200w, https:\/\/familie-weitgereist.de\/wp-content\/uploads\/2021\/01\/IMG_20170128_131426-1980x1112.jpg 1980w, https:\/\/familie-weitgereist.de\/wp-content\/uploads\/2021\/01\/IMG_20170128_131426-150x84.jpg 150w\" sizes=\"auto, (max-width: 1024px) 100vw, 1024px\" \/><\/figure>\n\n\n\n<figure class=\"wp-block-image size-large\"><img loading=\"lazy\" decoding=\"async\" width=\"1024\" height=\"575\" data-id=\"2599\" src=\"https:\/\/familie-weitgereist.de\/wp-content\/uploads\/2021\/01\/IMG_20171204_134508-1024x575.jpg\" alt=\"\" class=\"wp-image-2599\" srcset=\"https:\/\/familie-weitgereist.de\/wp-content\/uploads\/2021\/01\/IMG_20171204_134508-1024x575.jpg 1024w, https:\/\/familie-weitgereist.de\/wp-content\/uploads\/2021\/01\/IMG_20171204_134508-300x168.jpg 300w, https:\/\/familie-weitgereist.de\/wp-content\/uploads\/2021\/01\/IMG_20171204_134508-768x431.jpg 768w, https:\/\/familie-weitgereist.de\/wp-content\/uploads\/2021\/01\/IMG_20171204_134508-1536x863.jpg 1536w, https:\/\/familie-weitgereist.de\/wp-content\/uploads\/2021\/01\/IMG_20171204_134508-2048x1150.jpg 2048w, https:\/\/familie-weitgereist.de\/wp-content\/uploads\/2021\/01\/IMG_20171204_134508-1200x674.jpg 1200w, https:\/\/familie-weitgereist.de\/wp-content\/uploads\/2021\/01\/IMG_20171204_134508-1980x1112.jpg 1980w, https:\/\/familie-weitgereist.de\/wp-content\/uploads\/2021\/01\/IMG_20171204_134508-150x84.jpg 150w\" sizes=\"auto, (max-width: 1024px) 100vw, 1024px\" \/><\/figure>\n\n\n\n<figure class=\"wp-block-image size-large\"><img loading=\"lazy\" decoding=\"async\" width=\"1024\" height=\"575\" data-id=\"2598\" src=\"https:\/\/familie-weitgereist.de\/wp-content\/uploads\/2021\/01\/IMG_20170114_145255-1024x575.jpg\" alt=\"\" class=\"wp-image-2598\" srcset=\"https:\/\/familie-weitgereist.de\/wp-content\/uploads\/2021\/01\/IMG_20170114_145255-1024x575.jpg 1024w, https:\/\/familie-weitgereist.de\/wp-content\/uploads\/2021\/01\/IMG_20170114_145255-300x168.jpg 300w, https:\/\/familie-weitgereist.de\/wp-content\/uploads\/2021\/01\/IMG_20170114_145255-768x431.jpg 768w, https:\/\/familie-weitgereist.de\/wp-content\/uploads\/2021\/01\/IMG_20170114_145255-1536x863.jpg 1536w, https:\/\/familie-weitgereist.de\/wp-content\/uploads\/2021\/01\/IMG_20170114_145255-2048x1150.jpg 2048w, https:\/\/familie-weitgereist.de\/wp-content\/uploads\/2021\/01\/IMG_20170114_145255-1200x674.jpg 1200w, https:\/\/familie-weitgereist.de\/wp-content\/uploads\/2021\/01\/IMG_20170114_145255-1980x1112.jpg 1980w, https:\/\/familie-weitgereist.de\/wp-content\/uploads\/2021\/01\/IMG_20170114_145255-150x84.jpg 150w\" sizes=\"auto, (max-width: 1024px) 100vw, 1024px\" \/><\/figure>\n\n\n\n<figure class=\"wp-block-image size-large\"><img loading=\"lazy\" decoding=\"async\" width=\"1024\" height=\"575\" data-id=\"2600\" src=\"https:\/\/familie-weitgereist.de\/wp-content\/uploads\/2021\/01\/IMG_20171204_131317-1024x575.jpg\" alt=\"\" class=\"wp-image-2600\" srcset=\"https:\/\/familie-weitgereist.de\/wp-content\/uploads\/2021\/01\/IMG_20171204_131317-1024x575.jpg 1024w, https:\/\/familie-weitgereist.de\/wp-content\/uploads\/2021\/01\/IMG_20171204_131317-300x168.jpg 300w, https:\/\/familie-weitgereist.de\/wp-content\/uploads\/2021\/01\/IMG_20171204_131317-768x431.jpg 768w, https:\/\/familie-weitgereist.de\/wp-content\/uploads\/2021\/01\/IMG_20171204_131317-1536x863.jpg 1536w, https:\/\/familie-weitgereist.de\/wp-content\/uploads\/2021\/01\/IMG_20171204_131317-2048x1150.jpg 2048w, https:\/\/familie-weitgereist.de\/wp-content\/uploads\/2021\/01\/IMG_20171204_131317-1200x674.jpg 1200w, https:\/\/familie-weitgereist.de\/wp-content\/uploads\/2021\/01\/IMG_20171204_131317-1980x1112.jpg 1980w, https:\/\/familie-weitgereist.de\/wp-content\/uploads\/2021\/01\/IMG_20171204_131317-150x84.jpg 150w\" sizes=\"auto, (max-width: 1024px) 100vw, 1024px\" \/><\/figure>\n\n\n\n<figure class=\"wp-block-image size-large\"><img loading=\"lazy\" decoding=\"async\" width=\"1024\" height=\"575\" data-id=\"2583\" src=\"https:\/\/familie-weitgereist.de\/wp-content\/uploads\/2021\/01\/IMG_20170203_134918-1024x575.jpg\" alt=\"\" class=\"wp-image-2583\" srcset=\"https:\/\/familie-weitgereist.de\/wp-content\/uploads\/2021\/01\/IMG_20170203_134918-1024x575.jpg 1024w, https:\/\/familie-weitgereist.de\/wp-content\/uploads\/2021\/01\/IMG_20170203_134918-300x168.jpg 300w, https:\/\/familie-weitgereist.de\/wp-content\/uploads\/2021\/01\/IMG_20170203_134918-768x431.jpg 768w, https:\/\/familie-weitgereist.de\/wp-content\/uploads\/2021\/01\/IMG_20170203_134918-1536x863.jpg 1536w, https:\/\/familie-weitgereist.de\/wp-content\/uploads\/2021\/01\/IMG_20170203_134918-2048x1150.jpg 2048w, https:\/\/familie-weitgereist.de\/wp-content\/uploads\/2021\/01\/IMG_20170203_134918-1200x674.jpg 1200w, https:\/\/familie-weitgereist.de\/wp-content\/uploads\/2021\/01\/IMG_20170203_134918-1980x1112.jpg 1980w, https:\/\/familie-weitgereist.de\/wp-content\/uploads\/2021\/01\/IMG_20170203_134918-150x84.jpg 150w\" sizes=\"auto, (max-width: 1024px) 100vw, 1024px\" \/><\/figure>\n\n\n\n<figure class=\"wp-block-image size-large\"><img loading=\"lazy\" decoding=\"async\" width=\"1024\" height=\"768\" data-id=\"2585\" src=\"https:\/\/familie-weitgereist.de\/wp-content\/uploads\/2021\/01\/IMG_20160924_145948-1024x768.jpg\" alt=\"\" class=\"wp-image-2585\" srcset=\"https:\/\/familie-weitgereist.de\/wp-content\/uploads\/2021\/01\/IMG_20160924_145948-1024x768.jpg 1024w, https:\/\/familie-weitgereist.de\/wp-content\/uploads\/2021\/01\/IMG_20160924_145948-300x225.jpg 300w, https:\/\/familie-weitgereist.de\/wp-content\/uploads\/2021\/01\/IMG_20160924_145948-768x576.jpg 768w, https:\/\/familie-weitgereist.de\/wp-content\/uploads\/2021\/01\/IMG_20160924_145948-1536x1152.jpg 1536w, https:\/\/familie-weitgereist.de\/wp-content\/uploads\/2021\/01\/IMG_20160924_145948-2048x1536.jpg 2048w, https:\/\/familie-weitgereist.de\/wp-content\/uploads\/2021\/01\/IMG_20160924_145948-1200x900.jpg 1200w, https:\/\/familie-weitgereist.de\/wp-content\/uploads\/2021\/01\/IMG_20160924_145948-1980x1485.jpg 1980w, https:\/\/familie-weitgereist.de\/wp-content\/uploads\/2021\/01\/IMG_20160924_145948-853x640.jpg 853w, https:\/\/familie-weitgereist.de\/wp-content\/uploads\/2021\/01\/IMG_20160924_145948-150x113.jpg 150w\" sizes=\"auto, (max-width: 1024px) 100vw, 1024px\" \/><\/figure>\n\n\n\n<figure class=\"wp-block-image size-large\"><img loading=\"lazy\" decoding=\"async\" width=\"1024\" height=\"768\" data-id=\"2587\" src=\"https:\/\/familie-weitgereist.de\/wp-content\/uploads\/2021\/01\/IMG_20161016_150726-1024x768.jpg\" alt=\"\" class=\"wp-image-2587\" srcset=\"https:\/\/familie-weitgereist.de\/wp-content\/uploads\/2021\/01\/IMG_20161016_150726-1024x768.jpg 1024w, https:\/\/familie-weitgereist.de\/wp-content\/uploads\/2021\/01\/IMG_20161016_150726-300x225.jpg 300w, https:\/\/familie-weitgereist.de\/wp-content\/uploads\/2021\/01\/IMG_20161016_150726-768x576.jpg 768w, https:\/\/familie-weitgereist.de\/wp-content\/uploads\/2021\/01\/IMG_20161016_150726-1536x1152.jpg 1536w, https:\/\/familie-weitgereist.de\/wp-content\/uploads\/2021\/01\/IMG_20161016_150726-2048x1536.jpg 2048w, https:\/\/familie-weitgereist.de\/wp-content\/uploads\/2021\/01\/IMG_20161016_150726-1200x900.jpg 1200w, https:\/\/familie-weitgereist.de\/wp-content\/uploads\/2021\/01\/IMG_20161016_150726-1980x1485.jpg 1980w, https:\/\/familie-weitgereist.de\/wp-content\/uploads\/2021\/01\/IMG_20161016_150726-853x640.jpg 853w, https:\/\/familie-weitgereist.de\/wp-content\/uploads\/2021\/01\/IMG_20161016_150726-150x113.jpg 150w\" sizes=\"auto, (max-width: 1024px) 100vw, 1024px\" \/><\/figure>\n<\/figure>\n\n\n\n<p>N\u00f6rdlich von Zw\u00f6nitz liegt der &#8222;<strong>Richterbusch<\/strong>&#8222;, ein kleines Gew\u00e4sser, welches besonders bei Anglern beliebt ist. Das Gebiet ist ein Naturschutzgebiet.<\/p>\n\n\n\n<figure class=\"wp-block-image size-large\"><img loading=\"lazy\" decoding=\"async\" width=\"1024\" height=\"768\" src=\"https:\/\/familie-weitgereist.de\/wp-content\/uploads\/2021\/01\/IMG_20161016_144302-1024x768.jpg\" alt=\"\" class=\"wp-image-2602\" srcset=\"https:\/\/familie-weitgereist.de\/wp-content\/uploads\/2021\/01\/IMG_20161016_144302-1024x768.jpg 1024w, https:\/\/familie-weitgereist.de\/wp-content\/uploads\/2021\/01\/IMG_20161016_144302-300x225.jpg 300w, https:\/\/familie-weitgereist.de\/wp-content\/uploads\/2021\/01\/IMG_20161016_144302-768x576.jpg 768w, https:\/\/familie-weitgereist.de\/wp-content\/uploads\/2021\/01\/IMG_20161016_144302-1536x1152.jpg 1536w, https:\/\/familie-weitgereist.de\/wp-content\/uploads\/2021\/01\/IMG_20161016_144302-2048x1536.jpg 2048w, https:\/\/familie-weitgereist.de\/wp-content\/uploads\/2021\/01\/IMG_20161016_144302-1200x900.jpg 1200w, https:\/\/familie-weitgereist.de\/wp-content\/uploads\/2021\/01\/IMG_20161016_144302-1980x1485.jpg 1980w, https:\/\/familie-weitgereist.de\/wp-content\/uploads\/2021\/01\/IMG_20161016_144302-853x640.jpg 853w, https:\/\/familie-weitgereist.de\/wp-content\/uploads\/2021\/01\/IMG_20161016_144302-150x113.jpg 150w\" sizes=\"auto, (max-width: 1024px) 100vw, 1024px\" \/><figcaption class=\"wp-element-caption\">Das Richterb\u00fcschel<\/figcaption><\/figure>\n\n\n\n<figure class=\"wp-block-image size-large\"><img loading=\"lazy\" decoding=\"async\" width=\"1024\" height=\"768\" src=\"https:\/\/familie-weitgereist.de\/wp-content\/uploads\/2021\/01\/IMG_20210115_135913-1024x768.jpg\" alt=\"\" class=\"wp-image-2730\" srcset=\"https:\/\/familie-weitgereist.de\/wp-content\/uploads\/2021\/01\/IMG_20210115_135913-1024x768.jpg 1024w, https:\/\/familie-weitgereist.de\/wp-content\/uploads\/2021\/01\/IMG_20210115_135913-300x225.jpg 300w, https:\/\/familie-weitgereist.de\/wp-content\/uploads\/2021\/01\/IMG_20210115_135913-768x576.jpg 768w, https:\/\/familie-weitgereist.de\/wp-content\/uploads\/2021\/01\/IMG_20210115_135913-1536x1152.jpg 1536w, https:\/\/familie-weitgereist.de\/wp-content\/uploads\/2021\/01\/IMG_20210115_135913-2048x1536.jpg 2048w, https:\/\/familie-weitgereist.de\/wp-content\/uploads\/2021\/01\/IMG_20210115_135913-1200x900.jpg 1200w, https:\/\/familie-weitgereist.de\/wp-content\/uploads\/2021\/01\/IMG_20210115_135913-1980x1485.jpg 1980w, https:\/\/familie-weitgereist.de\/wp-content\/uploads\/2021\/01\/IMG_20210115_135913-853x640.jpg 853w, https:\/\/familie-weitgereist.de\/wp-content\/uploads\/2021\/01\/IMG_20210115_135913-150x113.jpg 150w\" sizes=\"auto, (max-width: 1024px) 100vw, 1024px\" \/><figcaption class=\"wp-element-caption\">Das Richterb\u00fcschel im Winter<\/figcaption><\/figure>\n\n\n\n<p>In Zw\u00f6nitz liegt der <strong>Austelpark<\/strong>, den wir sehr gern besuchen. Er wurde schon im 19. Jahrhundert gem\u00e4\u00df englischer G\u00e4rtnerkultur errichtet und beinhaltet viele Skulpturen, Pavillons und Grotten. Ein Highlight und eine Erinnerung an die ehemalige Bergbauzeit, befinden sich noch Stollen im Park. Viele B\u00e4nke laden zum Verweilen ein.<\/p>\n\n\n\n<figure class=\"wp-block-image\"><img loading=\"lazy\" decoding=\"async\" width=\"2560\" height=\"1920\" src=\"https:\/\/familie-weitgereist.de\/wp-content\/uploads\/2021\/01\/IMG_20161015_144336-scaled.jpg\" alt=\"\" class=\"wp-image-2586\" srcset=\"https:\/\/familie-weitgereist.de\/wp-content\/uploads\/2021\/01\/IMG_20161015_144336-scaled.jpg 2560w, https:\/\/familie-weitgereist.de\/wp-content\/uploads\/2021\/01\/IMG_20161015_144336-300x225.jpg 300w, https:\/\/familie-weitgereist.de\/wp-content\/uploads\/2021\/01\/IMG_20161015_144336-1024x768.jpg 1024w, https:\/\/familie-weitgereist.de\/wp-content\/uploads\/2021\/01\/IMG_20161015_144336-768x576.jpg 768w, https:\/\/familie-weitgereist.de\/wp-content\/uploads\/2021\/01\/IMG_20161015_144336-1536x1152.jpg 1536w, https:\/\/familie-weitgereist.de\/wp-content\/uploads\/2021\/01\/IMG_20161015_144336-2048x1536.jpg 2048w, https:\/\/familie-weitgereist.de\/wp-content\/uploads\/2021\/01\/IMG_20161015_144336-1200x900.jpg 1200w, https:\/\/familie-weitgereist.de\/wp-content\/uploads\/2021\/01\/IMG_20161015_144336-1980x1485.jpg 1980w, https:\/\/familie-weitgereist.de\/wp-content\/uploads\/2021\/01\/IMG_20161015_144336-853x640.jpg 853w, https:\/\/familie-weitgereist.de\/wp-content\/uploads\/2021\/01\/IMG_20161015_144336-150x113.jpg 150w\" sizes=\"auto, (max-width: 2560px) 100vw, 2560px\" \/><figcaption class=\"wp-element-caption\">Austelpark Teich<\/figcaption><\/figure>\n\n\n\n<div id=\"wp-block-themeisle-blocks-slider-a3a0421d\" class=\"wp-block-themeisle-blocks-slider glide\" data-per-view=\"1\" data-gap=\"0\" data-peek=\"0\" data-autoplay=\"true\" data-height=\"400px\" data-hide-arrows=\"false\"><div class=\"glide__track\" data-glide-el=\"track\"><div class=\"glide__slides\"><div class=\"wp-block-themeisle-blocks-slider-item-wrapper glide__slide\" tabindex=\"0\"><figure><img decoding=\"async\" class=\"wp-block-themeisle-blocks-slider-item\" src=\"https:\/\/familie-weitgereist.de\/wp-content\/uploads\/2021\/04\/IMG_20210411_141707-1024x768.jpg\" alt=\"\" title=\"\" data-id=\"4084\"\/><\/figure><\/div><div class=\"wp-block-themeisle-blocks-slider-item-wrapper glide__slide\" tabindex=\"0\"><figure><img decoding=\"async\" class=\"wp-block-themeisle-blocks-slider-item\" src=\"https:\/\/familie-weitgereist.de\/wp-content\/uploads\/2021\/04\/IMG_20210411_140712-1024x768.jpg\" alt=\"\" title=\"\" data-id=\"4086\"\/><\/figure><\/div><div class=\"wp-block-themeisle-blocks-slider-item-wrapper glide__slide\" tabindex=\"0\"><figure><img decoding=\"async\" class=\"wp-block-themeisle-blocks-slider-item\" src=\"https:\/\/familie-weitgereist.de\/wp-content\/uploads\/2021\/04\/IMG_20210411_141747-1024x768.jpg\" alt=\"\" title=\"\" data-id=\"4083\"\/><\/figure><\/div><div class=\"wp-block-themeisle-blocks-slider-item-wrapper glide__slide\" tabindex=\"0\"><figure><img decoding=\"async\" class=\"wp-block-themeisle-blocks-slider-item\" src=\"https:\/\/familie-weitgereist.de\/wp-content\/uploads\/2021\/04\/IMG_20210411_142456-1024x768.jpg\" alt=\"\" title=\"\" data-id=\"4082\"\/><\/figure><\/div><div class=\"wp-block-themeisle-blocks-slider-item-wrapper glide__slide\" tabindex=\"0\"><figure><img decoding=\"async\" class=\"wp-block-themeisle-blocks-slider-item\" src=\"https:\/\/familie-weitgereist.de\/wp-content\/uploads\/2021\/04\/IMG_20210411_143215-1024x768.jpg\" alt=\"\" title=\"\" data-id=\"4080\"\/><\/figure><\/div><div class=\"wp-block-themeisle-blocks-slider-item-wrapper glide__slide\" tabindex=\"0\"><figure><img decoding=\"async\" class=\"wp-block-themeisle-blocks-slider-item\" src=\"https:\/\/familie-weitgereist.de\/wp-content\/uploads\/2021\/04\/IMG_20210411_143553-1024x768.jpg\" alt=\"\" title=\"\" data-id=\"4078\"\/><\/figure><\/div><div class=\"wp-block-themeisle-blocks-slider-item-wrapper glide__slide\" tabindex=\"0\"><figure><img decoding=\"async\" class=\"wp-block-themeisle-blocks-slider-item\" src=\"https:\/\/familie-weitgereist.de\/wp-content\/uploads\/2021\/04\/IMG_20210411_143706-1024x768.jpg\" alt=\"\" title=\"\" data-id=\"4076\"\/><\/figure><\/div><div class=\"wp-block-themeisle-blocks-slider-item-wrapper glide__slide\" tabindex=\"0\"><figure><img decoding=\"async\" class=\"wp-block-themeisle-blocks-slider-item\" src=\"https:\/\/familie-weitgereist.de\/wp-content\/uploads\/2021\/04\/IMG_20210411_143325-1024x768.jpg\" alt=\"\" title=\"\" data-id=\"4079\"\/><\/figure><\/div><\/div><div class=\"glide__bullets\" data-glide-el=\"controls[nav]\"><button class=\"glide__bullet\" data-glide-dir=\"=0\"><\/button><button class=\"glide__bullet\" data-glide-dir=\"=1\"><\/button><button class=\"glide__bullet\" data-glide-dir=\"=2\"><\/button><button class=\"glide__bullet\" data-glide-dir=\"=3\"><\/button><button class=\"glide__bullet\" data-glide-dir=\"=4\"><\/button><button class=\"glide__bullet\" data-glide-dir=\"=5\"><\/button><button class=\"glide__bullet\" data-glide-dir=\"=6\"><\/button><button class=\"glide__bullet\" data-glide-dir=\"=7\"><\/button><\/div><\/div><\/div>\n\n\n\n<p>Im Austelpark befindet sich ebenso der &#8222;<strong>Platz der Heimat<\/strong>&#8222;. Oberhalb von Zw\u00f6nitz kann man einen wundersch\u00f6nen Ausblick auf das Stadtbild genie\u00dfen. An diesem Platz wird den Opfern von Flucht und Vertreibung, besonders im 2. Weltkrieg gedacht. <\/p>\n\n\n\n<figure class=\"wp-block-image size-large\"><img loading=\"lazy\" decoding=\"async\" width=\"1024\" height=\"768\" src=\"https:\/\/familie-weitgereist.de\/wp-content\/uploads\/2021\/04\/IMG_20210411_140938-1024x768.jpg\" alt=\"\" class=\"wp-image-4081\" srcset=\"https:\/\/familie-weitgereist.de\/wp-content\/uploads\/2021\/04\/IMG_20210411_140938-1024x768.jpg 1024w, https:\/\/familie-weitgereist.de\/wp-content\/uploads\/2021\/04\/IMG_20210411_140938-300x225.jpg 300w, https:\/\/familie-weitgereist.de\/wp-content\/uploads\/2021\/04\/IMG_20210411_140938-768x576.jpg 768w, https:\/\/familie-weitgereist.de\/wp-content\/uploads\/2021\/04\/IMG_20210411_140938-1536x1152.jpg 1536w, https:\/\/familie-weitgereist.de\/wp-content\/uploads\/2021\/04\/IMG_20210411_140938-2048x1536.jpg 2048w, https:\/\/familie-weitgereist.de\/wp-content\/uploads\/2021\/04\/IMG_20210411_140938-1200x900.jpg 1200w, https:\/\/familie-weitgereist.de\/wp-content\/uploads\/2021\/04\/IMG_20210411_140938-1980x1485.jpg 1980w, https:\/\/familie-weitgereist.de\/wp-content\/uploads\/2021\/04\/IMG_20210411_140938-853x640.jpg 853w, https:\/\/familie-weitgereist.de\/wp-content\/uploads\/2021\/04\/IMG_20210411_140938-150x113.jpg 150w\" sizes=\"auto, (max-width: 1024px) 100vw, 1024px\" \/><figcaption class=\"wp-element-caption\">Platz der Heimat<\/figcaption><\/figure>\n\n\n\n<p>Schon seit 1498 gab es ein Heilbad in einem Waldst\u00fcck vor Zw\u00f6nitz, welches als <strong>Bad Guter Brunnen<\/strong> auch heute noch bezeichnet wird. Diese Quelle soll bei unterschiedlichsten Leiden geholfen haben. Im Laufe der Jahrhunderte wurde das Quellwasser auf unterschiedliche Weise genutzt. 1926 wurde begonnen Tafelwasser und Limonade herzustellen. Eine Quelle flie\u00dft dort immer noch. <\/p>\n\n\n\n<figure class=\"wp-block-gallery has-nested-images columns-default is-cropped wp-block-gallery-3 is-layout-flex wp-block-gallery-is-layout-flex\">\n<figure class=\"wp-block-image size-large\"><img loading=\"lazy\" decoding=\"async\" width=\"1024\" height=\"768\" data-id=\"2721\" src=\"https:\/\/familie-weitgereist.de\/wp-content\/uploads\/2021\/01\/IMG_20210121_154803-1024x768.jpg\" alt=\"\" class=\"wp-image-2721\" srcset=\"https:\/\/familie-weitgereist.de\/wp-content\/uploads\/2021\/01\/IMG_20210121_154803-1024x768.jpg 1024w, https:\/\/familie-weitgereist.de\/wp-content\/uploads\/2021\/01\/IMG_20210121_154803-300x225.jpg 300w, https:\/\/familie-weitgereist.de\/wp-content\/uploads\/2021\/01\/IMG_20210121_154803-768x576.jpg 768w, https:\/\/familie-weitgereist.de\/wp-content\/uploads\/2021\/01\/IMG_20210121_154803-1536x1152.jpg 1536w, https:\/\/familie-weitgereist.de\/wp-content\/uploads\/2021\/01\/IMG_20210121_154803-2048x1536.jpg 2048w, https:\/\/familie-weitgereist.de\/wp-content\/uploads\/2021\/01\/IMG_20210121_154803-1200x900.jpg 1200w, https:\/\/familie-weitgereist.de\/wp-content\/uploads\/2021\/01\/IMG_20210121_154803-1980x1485.jpg 1980w, https:\/\/familie-weitgereist.de\/wp-content\/uploads\/2021\/01\/IMG_20210121_154803-853x640.jpg 853w, https:\/\/familie-weitgereist.de\/wp-content\/uploads\/2021\/01\/IMG_20210121_154803-150x113.jpg 150w\" sizes=\"auto, (max-width: 1024px) 100vw, 1024px\" \/><\/figure>\n\n\n\n<figure class=\"wp-block-image size-large\"><img loading=\"lazy\" decoding=\"async\" width=\"1024\" height=\"768\" data-id=\"2719\" src=\"https:\/\/familie-weitgereist.de\/wp-content\/uploads\/2021\/01\/IMG_20210121_153532-1024x768.jpg\" alt=\"\" class=\"wp-image-2719\" srcset=\"https:\/\/familie-weitgereist.de\/wp-content\/uploads\/2021\/01\/IMG_20210121_153532-1024x768.jpg 1024w, https:\/\/familie-weitgereist.de\/wp-content\/uploads\/2021\/01\/IMG_20210121_153532-300x225.jpg 300w, https:\/\/familie-weitgereist.de\/wp-content\/uploads\/2021\/01\/IMG_20210121_153532-768x576.jpg 768w, https:\/\/familie-weitgereist.de\/wp-content\/uploads\/2021\/01\/IMG_20210121_153532-1536x1152.jpg 1536w, https:\/\/familie-weitgereist.de\/wp-content\/uploads\/2021\/01\/IMG_20210121_153532-2048x1536.jpg 2048w, https:\/\/familie-weitgereist.de\/wp-content\/uploads\/2021\/01\/IMG_20210121_153532-1200x900.jpg 1200w, https:\/\/familie-weitgereist.de\/wp-content\/uploads\/2021\/01\/IMG_20210121_153532-1980x1485.jpg 1980w, https:\/\/familie-weitgereist.de\/wp-content\/uploads\/2021\/01\/IMG_20210121_153532-853x640.jpg 853w, https:\/\/familie-weitgereist.de\/wp-content\/uploads\/2021\/01\/IMG_20210121_153532-150x113.jpg 150w\" sizes=\"auto, (max-width: 1024px) 100vw, 1024px\" \/><\/figure>\n\n\n\n<figure class=\"wp-block-image size-large\"><img loading=\"lazy\" decoding=\"async\" width=\"1024\" height=\"768\" data-id=\"2715\" src=\"https:\/\/familie-weitgereist.de\/wp-content\/uploads\/2021\/01\/IMG_20210121_154340-1024x768.jpg\" alt=\"\" class=\"wp-image-2715\" srcset=\"https:\/\/familie-weitgereist.de\/wp-content\/uploads\/2021\/01\/IMG_20210121_154340-1024x768.jpg 1024w, https:\/\/familie-weitgereist.de\/wp-content\/uploads\/2021\/01\/IMG_20210121_154340-300x225.jpg 300w, https:\/\/familie-weitgereist.de\/wp-content\/uploads\/2021\/01\/IMG_20210121_154340-768x576.jpg 768w, https:\/\/familie-weitgereist.de\/wp-content\/uploads\/2021\/01\/IMG_20210121_154340-1536x1152.jpg 1536w, https:\/\/familie-weitgereist.de\/wp-content\/uploads\/2021\/01\/IMG_20210121_154340-2048x1536.jpg 2048w, https:\/\/familie-weitgereist.de\/wp-content\/uploads\/2021\/01\/IMG_20210121_154340-1200x900.jpg 1200w, https:\/\/familie-weitgereist.de\/wp-content\/uploads\/2021\/01\/IMG_20210121_154340-1980x1485.jpg 1980w, https:\/\/familie-weitgereist.de\/wp-content\/uploads\/2021\/01\/IMG_20210121_154340-853x640.jpg 853w, https:\/\/familie-weitgereist.de\/wp-content\/uploads\/2021\/01\/IMG_20210121_154340-150x113.jpg 150w\" sizes=\"auto, (max-width: 1024px) 100vw, 1024px\" \/><\/figure>\n<figcaption class=\"blocks-gallery-caption wp-element-caption\">Bad Guter Brunnen und Sankt Annen Kapelle<\/figcaption><\/figure>\n\n\n\n<p>Neben der Quelle befindet sich ein kleiner Teich, der im 19. Jahrhundert als Gondelteich genutzt wurde. 1820 entstand das erste Geb\u00e4ude f\u00fcr den Bade- und Gastst\u00e4ttenbetrieb.<\/p>\n\n\n\n<figure class=\"wp-block-image size-large\"><img loading=\"lazy\" decoding=\"async\" width=\"1024\" height=\"768\" src=\"https:\/\/familie-weitgereist.de\/wp-content\/uploads\/2021\/01\/IMG_20210121_155230-1024x768.jpg\" alt=\"\" class=\"wp-image-2716\" srcset=\"https:\/\/familie-weitgereist.de\/wp-content\/uploads\/2021\/01\/IMG_20210121_155230-1024x768.jpg 1024w, https:\/\/familie-weitgereist.de\/wp-content\/uploads\/2021\/01\/IMG_20210121_155230-300x225.jpg 300w, https:\/\/familie-weitgereist.de\/wp-content\/uploads\/2021\/01\/IMG_20210121_155230-768x576.jpg 768w, https:\/\/familie-weitgereist.de\/wp-content\/uploads\/2021\/01\/IMG_20210121_155230-1536x1152.jpg 1536w, https:\/\/familie-weitgereist.de\/wp-content\/uploads\/2021\/01\/IMG_20210121_155230-2048x1536.jpg 2048w, https:\/\/familie-weitgereist.de\/wp-content\/uploads\/2021\/01\/IMG_20210121_155230-1200x900.jpg 1200w, https:\/\/familie-weitgereist.de\/wp-content\/uploads\/2021\/01\/IMG_20210121_155230-1980x1485.jpg 1980w, https:\/\/familie-weitgereist.de\/wp-content\/uploads\/2021\/01\/IMG_20210121_155230-853x640.jpg 853w, https:\/\/familie-weitgereist.de\/wp-content\/uploads\/2021\/01\/IMG_20210121_155230-150x113.jpg 150w\" sizes=\"auto, (max-width: 1024px) 100vw, 1024px\" \/><figcaption class=\"wp-element-caption\">Gondelteich beim Bad Guten Brunnen<\/figcaption><\/figure>\n\n\n\n<p>Neben dem Gondelteich gibt es eine kleine katholische Kapelle, die St. Annenkapelle. Chronisten berichteten, dass die urspr\u00fcngliche Kapelle um 1550 eingest\u00fcrzt sei. 1997\/1998 wurde die jetzige Kapelle errichtet. <\/p>\n\n\n\n<figure class=\"wp-block-gallery has-nested-images columns-default is-cropped wp-block-gallery-4 is-layout-flex wp-block-gallery-is-layout-flex\">\n<figure class=\"wp-block-image size-large\"><img loading=\"lazy\" decoding=\"async\" width=\"1024\" height=\"575\" data-id=\"2590\" src=\"https:\/\/familie-weitgereist.de\/wp-content\/uploads\/2021\/01\/IMG_20170421_121757-1024x575.jpg\" alt=\"\" class=\"wp-image-2590\" srcset=\"https:\/\/familie-weitgereist.de\/wp-content\/uploads\/2021\/01\/IMG_20170421_121757-1024x575.jpg 1024w, https:\/\/familie-weitgereist.de\/wp-content\/uploads\/2021\/01\/IMG_20170421_121757-300x168.jpg 300w, https:\/\/familie-weitgereist.de\/wp-content\/uploads\/2021\/01\/IMG_20170421_121757-768x431.jpg 768w, https:\/\/familie-weitgereist.de\/wp-content\/uploads\/2021\/01\/IMG_20170421_121757-1536x863.jpg 1536w, https:\/\/familie-weitgereist.de\/wp-content\/uploads\/2021\/01\/IMG_20170421_121757-2048x1150.jpg 2048w, https:\/\/familie-weitgereist.de\/wp-content\/uploads\/2021\/01\/IMG_20170421_121757-1200x674.jpg 1200w, https:\/\/familie-weitgereist.de\/wp-content\/uploads\/2021\/01\/IMG_20170421_121757-1980x1112.jpg 1980w, https:\/\/familie-weitgereist.de\/wp-content\/uploads\/2021\/01\/IMG_20170421_121757-150x84.jpg 150w\" sizes=\"auto, (max-width: 1024px) 100vw, 1024px\" \/><\/figure>\n\n\n\n<figure class=\"wp-block-image size-large\"><img loading=\"lazy\" decoding=\"async\" width=\"1024\" height=\"768\" data-id=\"2722\" src=\"https:\/\/familie-weitgereist.de\/wp-content\/uploads\/2021\/01\/IMG_20210121_154056-1024x768.jpg\" alt=\"\" class=\"wp-image-2722\" srcset=\"https:\/\/familie-weitgereist.de\/wp-content\/uploads\/2021\/01\/IMG_20210121_154056-1024x768.jpg 1024w, https:\/\/familie-weitgereist.de\/wp-content\/uploads\/2021\/01\/IMG_20210121_154056-300x225.jpg 300w, https:\/\/familie-weitgereist.de\/wp-content\/uploads\/2021\/01\/IMG_20210121_154056-768x576.jpg 768w, https:\/\/familie-weitgereist.de\/wp-content\/uploads\/2021\/01\/IMG_20210121_154056-1536x1152.jpg 1536w, https:\/\/familie-weitgereist.de\/wp-content\/uploads\/2021\/01\/IMG_20210121_154056-2048x1536.jpg 2048w, https:\/\/familie-weitgereist.de\/wp-content\/uploads\/2021\/01\/IMG_20210121_154056-1200x900.jpg 1200w, https:\/\/familie-weitgereist.de\/wp-content\/uploads\/2021\/01\/IMG_20210121_154056-1980x1485.jpg 1980w, https:\/\/familie-weitgereist.de\/wp-content\/uploads\/2021\/01\/IMG_20210121_154056-853x640.jpg 853w, https:\/\/familie-weitgereist.de\/wp-content\/uploads\/2021\/01\/IMG_20210121_154056-150x113.jpg 150w\" sizes=\"auto, (max-width: 1024px) 100vw, 1024px\" \/><\/figure>\n<figcaption class=\"blocks-gallery-caption wp-element-caption\">Sankt Annen Kapelle im Sommer und im Innenbereich<\/figcaption><\/figure>\n\n\n\n<p>Ein weiteres Wanderziel ist die <strong>Fuchsbrunnbr\u00fccke<\/strong>. Diese 63m lange und 17m hohe Bahnbr\u00fccke wurde 1899 fertig gestellt und verband Zw\u00f6nitz mit L\u00f6\u00dfnitz. Es muss eine wundersch\u00f6ne Bahnfahrt gewesen sein, geht sie doch mitten durch den Wald. Der Betrieb ist jedoch schon vor Jahrzehnten eingestellt worden. Mittlerweile ist es ein interessantes Ausflugsziel geworden, welches gut zu Fu\u00df oder mit dem Fahrrad erreichbar ist. Das Betreten der Br\u00fccke ist untersagt.<\/p>\n\n\n\n<div id=\"wp-block-themeisle-blocks-slider-24acfe0b\" class=\"wp-block-themeisle-blocks-slider glide\" data-per-view=\"1\" data-gap=\"0\" data-peek=\"0\" data-autoplay=\"true\" data-height=\"400px\" data-hide-arrows=\"false\"><div class=\"glide__track\" data-glide-el=\"track\"><div class=\"glide__slides\"><div class=\"wp-block-themeisle-blocks-slider-item-wrapper glide__slide\" tabindex=\"0\"><figure><img decoding=\"async\" class=\"wp-block-themeisle-blocks-slider-item\" src=\"https:\/\/familie-weitgereist.de\/wp-content\/uploads\/2021\/01\/IMG_20170203_135549-scaled.jpg\" alt=\"\" title=\"\" data-id=\"2594\"\/><\/figure><\/div><div class=\"wp-block-themeisle-blocks-slider-item-wrapper glide__slide\" tabindex=\"0\"><figure><img decoding=\"async\" class=\"wp-block-themeisle-blocks-slider-item\" src=\"https:\/\/familie-weitgereist.de\/wp-content\/uploads\/2021\/01\/IMG_20170421_130321-scaled.jpg\" alt=\"\" title=\"\" data-id=\"2597\"\/><\/figure><\/div><\/div><div class=\"glide__bullets\" data-glide-el=\"controls[nav]\"><button class=\"glide__bullet\" data-glide-dir=\"=0\"><\/button><button class=\"glide__bullet\" data-glide-dir=\"=1\"><\/button><\/div><\/div><\/div>\n\n\n\n<p>Eine sch\u00f6nes Wanderziel zwischen Zw\u00f6nitz und Stollberg ist der <strong>Gro\u00dfe Teich<\/strong>. Dieser liegt im Streitwalder Wald und kann von verschiedenen Richtungen erreicht werden. <\/p>\n\n\n\n<figure class=\"wp-block-image size-large\"><img loading=\"lazy\" decoding=\"async\" width=\"1024\" height=\"768\" src=\"https:\/\/familie-weitgereist.de\/wp-content\/uploads\/2021\/01\/IMG_20210121_135857-1024x768.jpg\" alt=\"\" class=\"wp-image-2734\" srcset=\"https:\/\/familie-weitgereist.de\/wp-content\/uploads\/2021\/01\/IMG_20210121_135857-1024x768.jpg 1024w, https:\/\/familie-weitgereist.de\/wp-content\/uploads\/2021\/01\/IMG_20210121_135857-300x225.jpg 300w, https:\/\/familie-weitgereist.de\/wp-content\/uploads\/2021\/01\/IMG_20210121_135857-768x576.jpg 768w, https:\/\/familie-weitgereist.de\/wp-content\/uploads\/2021\/01\/IMG_20210121_135857-1536x1152.jpg 1536w, https:\/\/familie-weitgereist.de\/wp-content\/uploads\/2021\/01\/IMG_20210121_135857-2048x1536.jpg 2048w, https:\/\/familie-weitgereist.de\/wp-content\/uploads\/2021\/01\/IMG_20210121_135857-1200x900.jpg 1200w, https:\/\/familie-weitgereist.de\/wp-content\/uploads\/2021\/01\/IMG_20210121_135857-1980x1485.jpg 1980w, https:\/\/familie-weitgereist.de\/wp-content\/uploads\/2021\/01\/IMG_20210121_135857-853x640.jpg 853w, https:\/\/familie-weitgereist.de\/wp-content\/uploads\/2021\/01\/IMG_20210121_135857-150x113.jpg 150w\" sizes=\"auto, (max-width: 1024px) 100vw, 1024px\" \/><\/figure>\n\n\n\n<div id=\"wp-block-themeisle-blocks-slider-cfba8844\" class=\"wp-block-themeisle-blocks-slider glide\" data-per-view=\"1\" data-gap=\"0\" data-peek=\"0\" data-autoplay=\"true\" data-height=\"400px\" data-hide-arrows=\"false\"><div class=\"glide__track\" data-glide-el=\"track\"><div class=\"glide__slides\"><div class=\"wp-block-themeisle-blocks-slider-item-wrapper glide__slide\" tabindex=\"0\"><figure><img decoding=\"async\" class=\"wp-block-themeisle-blocks-slider-item\" src=\"https:\/\/familie-weitgereist.de\/wp-content\/uploads\/2021\/01\/IMG_20210121_134916-scaled.jpg\" alt=\"\" title=\"\" data-id=\"2735\"\/><\/figure><\/div><div class=\"wp-block-themeisle-blocks-slider-item-wrapper glide__slide\" tabindex=\"0\"><figure><img decoding=\"async\" class=\"wp-block-themeisle-blocks-slider-item\" src=\"https:\/\/familie-weitgereist.de\/wp-content\/uploads\/2021\/01\/IMG_20210117_154419-scaled.jpg\" alt=\"\" title=\"\" data-id=\"2736\"\/><\/figure><\/div><div class=\"wp-block-themeisle-blocks-slider-item-wrapper glide__slide\" tabindex=\"0\"><figure><img decoding=\"async\" class=\"wp-block-themeisle-blocks-slider-item\" src=\"https:\/\/familie-weitgereist.de\/wp-content\/uploads\/2021\/01\/IMG_20210116_145547-scaled.jpg\" alt=\"\" title=\"\" data-id=\"2737\"\/><\/figure><\/div><\/div><div class=\"glide__bullets\" data-glide-el=\"controls[nav]\"><button class=\"glide__bullet\" data-glide-dir=\"=0\"><\/button><button class=\"glide__bullet\" data-glide-dir=\"=1\"><\/button><button class=\"glide__bullet\" data-glide-dir=\"=2\"><\/button><\/div><\/div><\/div>\n\n\n\n<p>Besonders zur Weihnachtszeit ist das Erzgebirge einen Besuch wert. Allj\u00e4hrlich am 1. Advent findet der Weihnachtsmarkt statt, welcher G\u00e4ste aus ganz Deutschland anzieht. Das traditionelle &#8222;Ahlichteln&#8220; wie die Erzgebirger es nennen, l\u00e4sst die Stadt in Tausend Lichter erstrahlen. Die Bergmannsumz\u00fcge finden ebenso zu dieser Zeit statt.<\/p>\n\n\n\n<figure class=\"wp-block-image size-large\"><img loading=\"lazy\" decoding=\"async\" width=\"1024\" height=\"575\" src=\"https:\/\/familie-weitgereist.de\/wp-content\/uploads\/2021\/01\/IMG_20161126_172832-1024x575.jpg\" alt=\"\" class=\"wp-image-2596\" srcset=\"https:\/\/familie-weitgereist.de\/wp-content\/uploads\/2021\/01\/IMG_20161126_172832-1024x575.jpg 1024w, https:\/\/familie-weitgereist.de\/wp-content\/uploads\/2021\/01\/IMG_20161126_172832-300x168.jpg 300w, https:\/\/familie-weitgereist.de\/wp-content\/uploads\/2021\/01\/IMG_20161126_172832-768x431.jpg 768w, https:\/\/familie-weitgereist.de\/wp-content\/uploads\/2021\/01\/IMG_20161126_172832-1536x863.jpg 1536w, https:\/\/familie-weitgereist.de\/wp-content\/uploads\/2021\/01\/IMG_20161126_172832-2048x1150.jpg 2048w, https:\/\/familie-weitgereist.de\/wp-content\/uploads\/2021\/01\/IMG_20161126_172832-1200x674.jpg 1200w, https:\/\/familie-weitgereist.de\/wp-content\/uploads\/2021\/01\/IMG_20161126_172832-1980x1112.jpg 1980w, https:\/\/familie-weitgereist.de\/wp-content\/uploads\/2021\/01\/IMG_20161126_172832-150x84.jpg 150w\" sizes=\"auto, (max-width: 1024px) 100vw, 1024px\" \/><figcaption class=\"wp-element-caption\">Zw\u00f6nitzer Weihnachtsmarkt<\/figcaption><\/figure>\n\n\n\n<p>Im Winter erstrahlt das Erzgebirge immer in einem besonderen Glanz. Es ist wunderbar das Erzgebirge im Schnee zu genie\u00dfen! Ein wahrer Wintertraum. <\/p>\n\n\n\n<figure class=\"wp-block-image size-large\"><img loading=\"lazy\" decoding=\"async\" width=\"768\" height=\"1024\" src=\"https:\/\/familie-weitgereist.de\/wp-content\/uploads\/2021\/01\/IMG_20210118_154456-768x1024.jpg\" alt=\"\" class=\"wp-image-2703\" srcset=\"https:\/\/familie-weitgereist.de\/wp-content\/uploads\/2021\/01\/IMG_20210118_154456-768x1024.jpg 768w, https:\/\/familie-weitgereist.de\/wp-content\/uploads\/2021\/01\/IMG_20210118_154456-225x300.jpg 225w, https:\/\/familie-weitgereist.de\/wp-content\/uploads\/2021\/01\/IMG_20210118_154456-1152x1536.jpg 1152w, https:\/\/familie-weitgereist.de\/wp-content\/uploads\/2021\/01\/IMG_20210118_154456-1536x2048.jpg 1536w, https:\/\/familie-weitgereist.de\/wp-content\/uploads\/2021\/01\/IMG_20210118_154456-1200x1600.jpg 1200w, https:\/\/familie-weitgereist.de\/wp-content\/uploads\/2021\/01\/IMG_20210118_154456-1980x2640.jpg 1980w, https:\/\/familie-weitgereist.de\/wp-content\/uploads\/2021\/01\/IMG_20210118_154456-640x853.jpg 640w, https:\/\/familie-weitgereist.de\/wp-content\/uploads\/2021\/01\/IMG_20210118_154456-150x200.jpg 150w, https:\/\/familie-weitgereist.de\/wp-content\/uploads\/2021\/01\/IMG_20210118_154456-scaled.jpg 1920w\" sizes=\"auto, (max-width: 768px) 100vw, 768px\" \/><figcaption class=\"wp-element-caption\">Aussichtsturm beim Zw\u00f6nitztalblick<\/figcaption><\/figure>\n\n\n\n<div id=\"wp-block-themeisle-blocks-slider-234f9bfc\" class=\"wp-block-themeisle-blocks-slider glide\" data-per-view=\"1\" data-gap=\"0\" data-peek=\"0\" data-autoplay=\"true\" data-height=\"400px\" data-hide-arrows=\"false\"><div class=\"glide__track\" data-glide-el=\"track\"><div class=\"glide__slides\"><div class=\"wp-block-themeisle-blocks-slider-item-wrapper glide__slide\" tabindex=\"0\"><figure><img decoding=\"async\" class=\"wp-block-themeisle-blocks-slider-item\" src=\"https:\/\/familie-weitgereist.de\/wp-content\/uploads\/2021\/01\/IMG_20210118_130851-1-scaled.jpg\" alt=\"\" title=\"\" data-id=\"2729\"\/><\/figure><\/div><div class=\"wp-block-themeisle-blocks-slider-item-wrapper glide__slide\" tabindex=\"0\"><figure><img decoding=\"async\" class=\"wp-block-themeisle-blocks-slider-item\" src=\"https:\/\/familie-weitgereist.de\/wp-content\/uploads\/2021\/01\/IMG_20210118_133637-1-scaled.jpg\" alt=\"\" title=\"\" data-id=\"2728\"\/><\/figure><\/div><div class=\"wp-block-themeisle-blocks-slider-item-wrapper glide__slide\" tabindex=\"0\"><figure><img decoding=\"async\" class=\"wp-block-themeisle-blocks-slider-item\" src=\"https:\/\/familie-weitgereist.de\/wp-content\/uploads\/2021\/01\/IMG_20210118_135126-scaled.jpg\" alt=\"\" title=\"\" data-id=\"2727\"\/><\/figure><\/div><div class=\"wp-block-themeisle-blocks-slider-item-wrapper glide__slide\" tabindex=\"0\"><figure><img decoding=\"async\" class=\"wp-block-themeisle-blocks-slider-item\" src=\"https:\/\/familie-weitgereist.de\/wp-content\/uploads\/2021\/01\/IMG_20210118_205927_079.jpg\" alt=\"\" title=\"\" data-id=\"2724\"\/><\/figure><\/div><div class=\"wp-block-themeisle-blocks-slider-item-wrapper glide__slide\" tabindex=\"0\"><figure><img decoding=\"async\" class=\"wp-block-themeisle-blocks-slider-item\" src=\"https:\/\/familie-weitgereist.de\/wp-content\/uploads\/2021\/01\/IMG_20210118_204327_360.jpg\" alt=\"\" title=\"\" data-id=\"2725\"\/><\/figure><\/div><div class=\"wp-block-themeisle-blocks-slider-item-wrapper glide__slide\" tabindex=\"0\"><figure><img decoding=\"async\" class=\"wp-block-themeisle-blocks-slider-item\" src=\"https:\/\/familie-weitgereist.de\/wp-content\/uploads\/2021\/01\/IMG_20210118_122942-scaled.jpg\" alt=\"\" title=\"\" data-id=\"2714\"\/><\/figure><\/div><div class=\"wp-block-themeisle-blocks-slider-item-wrapper glide__slide\" tabindex=\"0\"><figure><img decoding=\"async\" class=\"wp-block-themeisle-blocks-slider-item\" src=\"https:\/\/familie-weitgereist.de\/wp-content\/uploads\/2021\/01\/IMG_20210118_133637-scaled.jpg\" alt=\"\" title=\"\" data-id=\"2711\"\/><\/figure><\/div><div class=\"wp-block-themeisle-blocks-slider-item-wrapper glide__slide\" tabindex=\"0\"><figure><img decoding=\"async\" class=\"wp-block-themeisle-blocks-slider-item\" src=\"https:\/\/familie-weitgereist.de\/wp-content\/uploads\/2021\/01\/IMG_20210118_150434-scaled.jpg\" alt=\"\" title=\"\" data-id=\"2707\"\/><\/figure><\/div><div class=\"wp-block-themeisle-blocks-slider-item-wrapper glide__slide\" tabindex=\"0\"><figure><img decoding=\"async\" class=\"wp-block-themeisle-blocks-slider-item\" src=\"https:\/\/familie-weitgereist.de\/wp-content\/uploads\/2021\/01\/IMG_20210118_141531-scaled.jpg\" alt=\"\" title=\"\" data-id=\"2710\"\/><\/figure><\/div><\/div><div class=\"glide__bullets\" data-glide-el=\"controls[nav]\"><button class=\"glide__bullet\" data-glide-dir=\"=0\"><\/button><button class=\"glide__bullet\" data-glide-dir=\"=1\"><\/button><button class=\"glide__bullet\" data-glide-dir=\"=2\"><\/button><button class=\"glide__bullet\" data-glide-dir=\"=3\"><\/button><button class=\"glide__bullet\" data-glide-dir=\"=4\"><\/button><button class=\"glide__bullet\" data-glide-dir=\"=5\"><\/button><button class=\"glide__bullet\" data-glide-dir=\"=6\"><\/button><button class=\"glide__bullet\" data-glide-dir=\"=7\"><\/button><button class=\"glide__bullet\" data-glide-dir=\"=8\"><\/button><\/div><\/div><\/div>\n","protected":false},"excerpt":{"rendered":"<p>In diesem Beitrag k\u00f6nnt ihr folgende Informationen von uns finden: Altenberg und Rehefeld Ein Wintertraum wird wahr! Im Osterzgebirge liegt so viel Neuschnee und die Tage waren immer so unbeschreiblich sch\u00f6n! Der Skihang in Altenberg ist in unserer Region relativ bekannt, daf\u00fcr ist Rehefeld ein kleines Paradies. Ich finde Rehefeld sogar noch besser als Altenberg. [&hellip;]<\/p>\n","protected":false},"author":3,"featured_media":5703,"comment_status":"open","ping_status":"open","sticky":false,"template":"","format":"standard","meta":{"_themeisle_gutenberg_block_has_review":false,"footnotes":""},"categories":[242,331,1762,377],"tags":[369,536,539,325,1629,342,1628,473,1630,376,538,204,739,537,628,1291,1631,541,542,368],"class_list":["post-5632","post","type-post","status-publish","format-standard","has-post-thumbnail","hentry","category-deutschland","category-miniabenteuer","category-sachsen","category-spielplaetze","tag-altenberg","tag-binge","tag-christelgrund","tag-deutschland","tag-erlebnisland-kegelsberg","tag-erzgebirge","tag-gelenau","tag-geyer","tag-mini-weissbach","tag-rehefeld","tag-rentners-ruh","tag-sachsen","tag-schwarzenberg","tag-thalheim","tag-thum","tag-tiergarten-thum","tag-weissbach","tag-wolkenstein","tag-wolkensteiner-schweiz","tag-zwoenitz"],"_links":{"self":[{"href":"https:\/\/familie-weitgereist.de\/index.php?rest_route=\/wp\/v2\/posts\/5632","targetHints":{"allow":["GET"]}}],"collection":[{"href":"https:\/\/familie-weitgereist.de\/index.php?rest_route=\/wp\/v2\/posts"}],"about":[{"href":"https:\/\/familie-weitgereist.de\/index.php?rest_route=\/wp\/v2\/types\/post"}],"author":[{"embeddable":true,"href":"https:\/\/familie-weitgereist.de\/index.php?rest_route=\/wp\/v2\/users\/3"}],"replies":[{"embeddable":true,"href":"https:\/\/familie-weitgereist.de\/index.php?rest_route=%2Fwp%2Fv2%2Fcomments&post=5632"}],"version-history":[{"count":139,"href":"https:\/\/familie-weitgereist.de\/index.php?rest_route=\/wp\/v2\/posts\/5632\/revisions"}],"predecessor-version":[{"id":24015,"href":"https:\/\/familie-weitgereist.de\/index.php?rest_route=\/wp\/v2\/posts\/5632\/revisions\/24015"}],"wp:featuredmedia":[{"embeddable":true,"href":"https:\/\/familie-weitgereist.de\/index.php?rest_route=\/wp\/v2\/media\/5703"}],"wp:attachment":[{"href":"https:\/\/familie-weitgereist.de\/index.php?rest_route=%2Fwp%2Fv2%2Fmedia&parent=5632"}],"wp:term":[{"taxonomy":"category","embeddable":true,"href":"https:\/\/familie-weitgereist.de\/index.php?rest_route=%2Fwp%2Fv2%2Fcategories&post=5632"},{"taxonomy":"post_tag","embeddable":true,"href":"https:\/\/familie-weitgereist.de\/index.php?rest_route=%2Fwp%2Fv2%2Ftags&post=5632"}],"curies":[{"name":"wp","href":"https:\/\/api.w.org\/{rel}","templated":true}]}}