{"id":4487,"date":"2021-04-18T19:43:50","date_gmt":"2021-04-18T17:43:50","guid":{"rendered":"https:\/\/familie-weitgereist.de\/?p=4487"},"modified":"2025-11-12T23:20:37","modified_gmt":"2025-11-12T22:20:37","slug":"monschau-entdecken-mit-kleinkind","status":"publish","type":"post","link":"https:\/\/familie-weitgereist.de\/?p=4487","title":{"rendered":"Monschau, Nordrhein-Westfalen entdecken mit Kleinkind"},"content":{"rendered":"\n<h2 class=\"wp-block-heading\">Monschau<\/h2>\n\n\n\n<p>In Nordrhein-Westfalen, im Norden der Eifel, direkt an der belgischen Grenze, liegt das kleine \u00d6rtchen Monschau. Mit seinen wundersch\u00f6nen Fachwerkh\u00e4usern, verwinkelten Gassen, Kopfsteinpflasterg\u00e4sschen und kleinen Br\u00fccken l\u00e4dt es zum Staunen ein. Wir hatten das Vergn\u00fcgen Monschau mit frischem Pulverschnee zu besuchen. Es war ein wahres Winterm\u00e4rchen an Ostern. <\/p>\n\n\n\n<figure class=\"wp-block-image size-large\"><img loading=\"lazy\" decoding=\"async\" width=\"1024\" height=\"683\" src=\"https:\/\/familie-weitgereist.de\/wp-content\/uploads\/2021\/04\/IMG_4181-1024x683.jpg\" alt=\"\" class=\"wp-image-4493\" srcset=\"https:\/\/familie-weitgereist.de\/wp-content\/uploads\/2021\/04\/IMG_4181-1024x683.jpg 1024w, https:\/\/familie-weitgereist.de\/wp-content\/uploads\/2021\/04\/IMG_4181-300x200.jpg 300w, https:\/\/familie-weitgereist.de\/wp-content\/uploads\/2021\/04\/IMG_4181-768x512.jpg 768w, https:\/\/familie-weitgereist.de\/wp-content\/uploads\/2021\/04\/IMG_4181-1536x1024.jpg 1536w, https:\/\/familie-weitgereist.de\/wp-content\/uploads\/2021\/04\/IMG_4181-2048x1365.jpg 2048w, https:\/\/familie-weitgereist.de\/wp-content\/uploads\/2021\/04\/IMG_4181-1200x800.jpg 1200w, https:\/\/familie-weitgereist.de\/wp-content\/uploads\/2021\/04\/IMG_4181-1980x1320.jpg 1980w, https:\/\/familie-weitgereist.de\/wp-content\/uploads\/2021\/04\/IMG_4181-150x100.jpg 150w\" sizes=\"auto, (max-width: 1024px) 100vw, 1024px\" \/><figcaption>Blick auf Monschau<\/figcaption><\/figure>\n\n\n\n<p>Die historische Altstadt ist autofrei und es leben nur etwa 500 Einwohner hier. Mehr als 300 Fachwerkh\u00e4user schm\u00fccken den Ortskern. Sie stehen heute zumeist unter Denkmalschutz, denn sie wurden schon im 18. Jahrhundert erbaut. Der Ortskern wird von dem Fluss Rur durchzogen und pl\u00e4tschert gem\u00fctlich vor sich hin. <\/p>\n\n\n\n<div id=\"wp-block-themeisle-blocks-slider-e0d9e201\" class=\"wp-block-themeisle-blocks-slider glide\" data-per-view=\"1\" data-gap=\"0\" data-peek=\"0\" data-autoplay=\"true\" data-height=\"400px\" data-hide-arrows=\"false\"><div class=\"glide__track\" data-glide-el=\"track\"><div class=\"glide__slides\"><div class=\"wp-block-themeisle-blocks-slider-item-wrapper glide__slide\" tabindex=\"0\"><figure><img decoding=\"async\" class=\"wp-block-themeisle-blocks-slider-item\" src=\"https:\/\/familie-weitgereist.de\/wp-content\/uploads\/2021\/04\/IMG_4110-scaled.jpg\" alt=\"\" title=\"\" data-id=\"4496\"\/><\/figure><\/div><div class=\"wp-block-themeisle-blocks-slider-item-wrapper glide__slide\" tabindex=\"0\"><figure><img decoding=\"async\" class=\"wp-block-themeisle-blocks-slider-item\" src=\"https:\/\/familie-weitgereist.de\/wp-content\/uploads\/2021\/04\/IMG_4117-scaled.jpg\" alt=\"\" title=\"\" data-id=\"4497\"\/><\/figure><\/div><div class=\"wp-block-themeisle-blocks-slider-item-wrapper glide__slide\" tabindex=\"0\"><figure><img decoding=\"async\" class=\"wp-block-themeisle-blocks-slider-item\" src=\"https:\/\/familie-weitgereist.de\/wp-content\/uploads\/2021\/04\/IMG_4138-scaled.jpg\" alt=\"\" title=\"\" data-id=\"4498\"\/><\/figure><\/div><div class=\"wp-block-themeisle-blocks-slider-item-wrapper glide__slide\" tabindex=\"0\"><figure><img decoding=\"async\" class=\"wp-block-themeisle-blocks-slider-item\" src=\"https:\/\/familie-weitgereist.de\/wp-content\/uploads\/2021\/04\/IMG_4156-scaled.jpg\" alt=\"\" title=\"\" data-id=\"4500\"\/><\/figure><\/div><\/div><div class=\"glide__bullets\" data-glide-el=\"controls[nav]\"><button class=\"glide__bullet\" data-glide-dir=\"=0\"><\/button><button class=\"glide__bullet\" data-glide-dir=\"=1\"><\/button><button class=\"glide__bullet\" data-glide-dir=\"=2\"><\/button><button class=\"glide__bullet\" data-glide-dir=\"=3\"><\/button><\/div><\/div><\/div>\n\n\n\n<p>Der Marktplatz bildet das Zentrum von Monschau. Hier befinden sich kleine B\u00e4ckereien, Caf\u00e9s und Hotels. Viele K\u00f6stlichkeiten der Region lassen sich hier probieren. Monschau besitzt sogar eine Senfm\u00fchle, in der ein Familienunternehmen seit \u00fcber 100 Jahren Senf herstellt.<\/p>\n\n\n\n<div id=\"wp-block-themeisle-blocks-slider-43ebdadd\" class=\"wp-block-themeisle-blocks-slider glide\" data-per-view=\"1\" data-gap=\"0\" data-peek=\"0\" data-autoplay=\"true\" data-height=\"400px\" data-hide-arrows=\"false\"><div class=\"glide__track\" data-glide-el=\"track\"><div class=\"glide__slides\"><div class=\"wp-block-themeisle-blocks-slider-item-wrapper glide__slide\" tabindex=\"0\"><figure><img decoding=\"async\" class=\"wp-block-themeisle-blocks-slider-item\" src=\"https:\/\/familie-weitgereist.de\/wp-content\/uploads\/2021\/04\/IMG_4147-scaled.jpg\" alt=\"\" title=\"\" data-id=\"4499\"\/><\/figure><\/div><div class=\"wp-block-themeisle-blocks-slider-item-wrapper glide__slide\" tabindex=\"0\"><figure><img decoding=\"async\" class=\"wp-block-themeisle-blocks-slider-item\" src=\"https:\/\/familie-weitgereist.de\/wp-content\/uploads\/2021\/04\/IMG_4132-scaled.jpg\" alt=\"\" title=\"\" data-id=\"4501\"\/><\/figure><\/div><div class=\"wp-block-themeisle-blocks-slider-item-wrapper glide__slide\" tabindex=\"0\"><figure><img decoding=\"async\" class=\"wp-block-themeisle-blocks-slider-item\" src=\"https:\/\/familie-weitgereist.de\/wp-content\/uploads\/2021\/04\/IMG_4093-scaled.jpg\" alt=\"\" title=\"\" data-id=\"4503\"\/><\/figure><\/div><div class=\"wp-block-themeisle-blocks-slider-item-wrapper glide__slide\" tabindex=\"0\"><figure><img decoding=\"async\" class=\"wp-block-themeisle-blocks-slider-item\" src=\"https:\/\/familie-weitgereist.de\/wp-content\/uploads\/2021\/04\/IMG_4252-scaled.jpg\" alt=\"\" title=\"\" data-id=\"4505\"\/><\/figure><\/div><div class=\"wp-block-themeisle-blocks-slider-item-wrapper glide__slide\" tabindex=\"0\"><figure><img decoding=\"async\" class=\"wp-block-themeisle-blocks-slider-item\" src=\"https:\/\/familie-weitgereist.de\/wp-content\/uploads\/2021\/04\/IMG_4261-scaled.jpg\" alt=\"\" title=\"\" data-id=\"4507\"\/><\/figure><\/div><\/div><div class=\"glide__bullets\" data-glide-el=\"controls[nav]\"><button class=\"glide__bullet\" data-glide-dir=\"=0\"><\/button><button class=\"glide__bullet\" data-glide-dir=\"=1\"><\/button><button class=\"glide__bullet\" data-glide-dir=\"=2\"><\/button><button class=\"glide__bullet\" data-glide-dir=\"=3\"><\/button><button class=\"glide__bullet\" data-glide-dir=\"=4\"><\/button><\/div><\/div><\/div>\n\n\n\n<p>Oberhalb der Stadt thront die ehrw\u00fcrdige Festungsburg aus dem 13. Jahrhundert. Heute befindet sich in dieser Burg eine Jugendherberge. Direkt unterhalb der Burg liegt ein kleiner Spielplatz.<\/p>\n\n\n\n<div id=\"wp-block-themeisle-blocks-slider-71048ac6\" class=\"wp-block-themeisle-blocks-slider glide\" data-per-view=\"1\" data-gap=\"0\" data-peek=\"0\" data-autoplay=\"true\" data-height=\"400px\" data-hide-arrows=\"false\"><div class=\"glide__track\" data-glide-el=\"track\"><div class=\"glide__slides\"><div class=\"wp-block-themeisle-blocks-slider-item-wrapper glide__slide\" tabindex=\"0\"><figure><img decoding=\"async\" class=\"wp-block-themeisle-blocks-slider-item\" src=\"https:\/\/familie-weitgereist.de\/wp-content\/uploads\/2021\/04\/IMG_4196-scaled.jpg\" alt=\"\" title=\"\" data-id=\"4509\"\/><\/figure><\/div><div class=\"wp-block-themeisle-blocks-slider-item-wrapper glide__slide\" tabindex=\"0\"><figure><img decoding=\"async\" class=\"wp-block-themeisle-blocks-slider-item\" src=\"https:\/\/familie-weitgereist.de\/wp-content\/uploads\/2021\/04\/IMG_4175-scaled.jpg\" alt=\"\" title=\"\" data-id=\"4510\"\/><\/figure><\/div><\/div><div class=\"glide__bullets\" data-glide-el=\"controls[nav]\"><button class=\"glide__bullet\" data-glide-dir=\"=0\"><\/button><button class=\"glide__bullet\" data-glide-dir=\"=1\"><\/button><\/div><\/div><\/div>\n\n\n\n<p>Auf einem weiteren H\u00fcgel der Stadt Monschau befindet sich die Haller-Ruine. Auch von hier oben genie\u00dft man wundersch\u00f6ne Ausblicke auf die Stadt, die Burg und die Rur. Der Aufstieg zur Ruine erfolgt \u00fcber einen schmalen Pfad mit Treppen und ist besonders f\u00fcr kleine Kinder sehr abenteuerlich.<\/p>\n\n\n\n<figure class=\"wp-block-image size-large\"><img loading=\"lazy\" decoding=\"async\" width=\"1024\" height=\"683\" src=\"https:\/\/familie-weitgereist.de\/wp-content\/uploads\/2021\/04\/IMG_4252-1-1024x683.jpg\" alt=\"\" class=\"wp-image-4513\" srcset=\"https:\/\/familie-weitgereist.de\/wp-content\/uploads\/2021\/04\/IMG_4252-1-1024x683.jpg 1024w, https:\/\/familie-weitgereist.de\/wp-content\/uploads\/2021\/04\/IMG_4252-1-300x200.jpg 300w, https:\/\/familie-weitgereist.de\/wp-content\/uploads\/2021\/04\/IMG_4252-1-768x512.jpg 768w, https:\/\/familie-weitgereist.de\/wp-content\/uploads\/2021\/04\/IMG_4252-1-1536x1024.jpg 1536w, https:\/\/familie-weitgereist.de\/wp-content\/uploads\/2021\/04\/IMG_4252-1-2048x1365.jpg 2048w, https:\/\/familie-weitgereist.de\/wp-content\/uploads\/2021\/04\/IMG_4252-1-1200x800.jpg 1200w, https:\/\/familie-weitgereist.de\/wp-content\/uploads\/2021\/04\/IMG_4252-1-1980x1320.jpg 1980w, https:\/\/familie-weitgereist.de\/wp-content\/uploads\/2021\/04\/IMG_4252-1-150x100.jpg 150w\" sizes=\"auto, (max-width: 1024px) 100vw, 1024px\" \/><figcaption>Monschau, im Hintergrund die Haller-Ruine.<\/figcaption><\/figure>\n\n\n\n<div id=\"wp-block-themeisle-blocks-slider-37547341\" class=\"wp-block-themeisle-blocks-slider glide\" data-per-view=\"1\" data-gap=\"0\" data-peek=\"0\" data-autoplay=\"true\" data-height=\"400px\" data-hide-arrows=\"false\"><div class=\"glide__track\" data-glide-el=\"track\"><div class=\"glide__slides\"><div class=\"wp-block-themeisle-blocks-slider-item-wrapper glide__slide\" tabindex=\"0\"><figure><img decoding=\"async\" class=\"wp-block-themeisle-blocks-slider-item\" src=\"https:\/\/familie-weitgereist.de\/wp-content\/uploads\/2021\/04\/IMG_4236-scaled.jpg\" alt=\"\" title=\"\" data-id=\"4511\"\/><\/figure><\/div><div class=\"wp-block-themeisle-blocks-slider-item-wrapper glide__slide\" tabindex=\"0\"><figure><img decoding=\"async\" class=\"wp-block-themeisle-blocks-slider-item\" src=\"https:\/\/familie-weitgereist.de\/wp-content\/uploads\/2021\/04\/IMG_4226-scaled.jpg\" alt=\"\" title=\"\" data-id=\"4512\"\/><\/figure><\/div><div class=\"wp-block-themeisle-blocks-slider-item-wrapper glide__slide\" tabindex=\"0\"><figure><img decoding=\"async\" class=\"wp-block-themeisle-blocks-slider-item\" src=\"https:\/\/familie-weitgereist.de\/wp-content\/uploads\/2021\/04\/IMG_4233-scaled.jpg\" alt=\"\" title=\"\" data-id=\"4515\"\/><\/figure><\/div><\/div><div class=\"glide__bullets\" data-glide-el=\"controls[nav]\"><button class=\"glide__bullet\" data-glide-dir=\"=0\"><\/button><button class=\"glide__bullet\" data-glide-dir=\"=1\"><\/button><button class=\"glide__bullet\" data-glide-dir=\"=2\"><\/button><\/div><\/div><\/div>\n\n\n\n<h2 class=\"wp-block-heading\">Vennbahnweg und Belgien<\/h2>\n\n\n\n<p>F\u00fcr jemanden wie mir, der L\u00e4ndergrenzen liebt und es total interessant und spannend findet, wird dieser Bericht lesenswert sein. <\/p>\n\n\n\n<p>Zwischen Monschau und M\u00fctzenich verl\u00e4uft eine kleine ehemalige Bahntrasse, die heute die Vennbahn bildet. Das interessante daran ist, dass dieser schmale Radweg zwischen diesen beiden deutschen Orten liegt und belgisches Staatsgebiet ist. Das wir in Belgien waren, merkten wir kaum. Kein Willkommensschild, keine Grenzposten, nur eine allgemeine Information zur Vennbahn. <\/p>\n\n\n\n<div id=\"wp-block-themeisle-blocks-slider-876b5f83\" class=\"wp-block-themeisle-blocks-slider glide\" data-per-view=\"1\" data-gap=\"0\" data-peek=\"0\" data-autoplay=\"true\" data-height=\"400px\" data-hide-arrows=\"false\"><div class=\"glide__track\" data-glide-el=\"track\"><div class=\"glide__slides\"><div class=\"wp-block-themeisle-blocks-slider-item-wrapper glide__slide\" tabindex=\"0\"><figure><img decoding=\"async\" class=\"wp-block-themeisle-blocks-slider-item\" src=\"https:\/\/familie-weitgereist.de\/wp-content\/uploads\/2021\/04\/IMG_4189-scaled.jpg\" alt=\"\" title=\"\" data-id=\"4519\"\/><figcaption>Vennbahn, Belgien<\/figcaption><\/figure><\/div><div class=\"wp-block-themeisle-blocks-slider-item-wrapper glide__slide\" tabindex=\"0\"><figure><img decoding=\"async\" class=\"wp-block-themeisle-blocks-slider-item\" src=\"https:\/\/familie-weitgereist.de\/wp-content\/uploads\/2021\/04\/IMG_4188-scaled.jpg\" alt=\"\" title=\"\" data-id=\"4520\"\/><\/figure><\/div><\/div><div class=\"glide__bullets\" data-glide-el=\"controls[nav]\"><button class=\"glide__bullet\" data-glide-dir=\"=0\"><\/button><button class=\"glide__bullet\" data-glide-dir=\"=1\"><\/button><\/div><\/div><\/div>\n\n\n\n<p>Der heutige Radweg verl\u00e4uft auf 125km mit einer Steigung von 2% durch Deutschland, Belgien und Luxemburg. Von Aachen \u00fcber das Hohe Venn nach Troisvierges (Ulflingen). \u00dcber ein Jahrhundert lang wurde Kohle von Aachen in den Norden Luxemburgs mittels Z\u00fcgen transportiert. Aufgrund von Gebietsabtretungen im 1. Weltkrieg musste Deutschland Teile der Vennbahn an Belgien abtreten. <\/p>\n\n\n\n<p>Wir sind mit dem Auto nach M\u00fctzenich gefahren und haben noch eine schneereiche Wanderung zu Kaiser Karls Bettstatt unternommen. Hier haben wir mitten im verschneiten Winterwald die deutsch-belgische Grenze gefunden. <\/p>\n\n\n\n<figure class=\"wp-block-image size-large\"><img loading=\"lazy\" decoding=\"async\" width=\"1024\" height=\"683\" src=\"https:\/\/familie-weitgereist.de\/wp-content\/uploads\/2021\/04\/IMG_4291-4-1024x683.jpg\" alt=\"\" class=\"wp-image-4535\" srcset=\"https:\/\/familie-weitgereist.de\/wp-content\/uploads\/2021\/04\/IMG_4291-4-1024x683.jpg 1024w, https:\/\/familie-weitgereist.de\/wp-content\/uploads\/2021\/04\/IMG_4291-4-300x200.jpg 300w, https:\/\/familie-weitgereist.de\/wp-content\/uploads\/2021\/04\/IMG_4291-4-768x512.jpg 768w, https:\/\/familie-weitgereist.de\/wp-content\/uploads\/2021\/04\/IMG_4291-4-1536x1024.jpg 1536w, https:\/\/familie-weitgereist.de\/wp-content\/uploads\/2021\/04\/IMG_4291-4-2048x1365.jpg 2048w, https:\/\/familie-weitgereist.de\/wp-content\/uploads\/2021\/04\/IMG_4291-4-1200x800.jpg 1200w, https:\/\/familie-weitgereist.de\/wp-content\/uploads\/2021\/04\/IMG_4291-4-1980x1320.jpg 1980w, https:\/\/familie-weitgereist.de\/wp-content\/uploads\/2021\/04\/IMG_4291-4-150x100.jpg 150w\" sizes=\"auto, (max-width: 1024px) 100vw, 1024px\" \/><\/figure>\n\n\n\n<p>Es ist so interessant, wie nah die Menschen aus zwei L\u00e4ndern hier leben. Wir besuchten noch die Ortschaft Ruitzhof und sahen Nachbarsh\u00e4user, die einen zu Deutschland geh\u00f6rend, die anderen zu Belgien. Unser &#8222;Willkommensschild&#8220; f\u00fcr Belgien fanden wir dann doch noch. <\/p>\n\n\n\n<figure class=\"wp-block-image size-large\"><img loading=\"lazy\" decoding=\"async\" width=\"1024\" height=\"683\" src=\"https:\/\/familie-weitgereist.de\/wp-content\/uploads\/2021\/04\/IMG_4309-1024x683.jpg\" alt=\"\" class=\"wp-image-4528\" srcset=\"https:\/\/familie-weitgereist.de\/wp-content\/uploads\/2021\/04\/IMG_4309-1024x683.jpg 1024w, https:\/\/familie-weitgereist.de\/wp-content\/uploads\/2021\/04\/IMG_4309-300x200.jpg 300w, https:\/\/familie-weitgereist.de\/wp-content\/uploads\/2021\/04\/IMG_4309-768x512.jpg 768w, https:\/\/familie-weitgereist.de\/wp-content\/uploads\/2021\/04\/IMG_4309-1536x1024.jpg 1536w, https:\/\/familie-weitgereist.de\/wp-content\/uploads\/2021\/04\/IMG_4309-2048x1365.jpg 2048w, https:\/\/familie-weitgereist.de\/wp-content\/uploads\/2021\/04\/IMG_4309-1200x800.jpg 1200w, https:\/\/familie-weitgereist.de\/wp-content\/uploads\/2021\/04\/IMG_4309-1980x1320.jpg 1980w, https:\/\/familie-weitgereist.de\/wp-content\/uploads\/2021\/04\/IMG_4309-150x100.jpg 150w\" sizes=\"auto, (max-width: 1024px) 100vw, 1024px\" \/><\/figure>\n","protected":false},"excerpt":{"rendered":"<p>Monschau In Nordrhein-Westfalen, im Norden der Eifel, direkt an der belgischen Grenze, liegt das kleine \u00d6rtchen Monschau. Mit seinen wundersch\u00f6nen Fachwerkh\u00e4usern, verwinkelten Gassen, Kopfsteinpflasterg\u00e4sschen und kleinen Br\u00fccken l\u00e4dt es zum Staunen ein. Wir hatten das Vergn\u00fcgen Monschau mit frischem Pulverschnee zu besuchen. Es war ein wahres Winterm\u00e4rchen an Ostern. Die historische Altstadt ist autofrei und [&hellip;]<\/p>\n","protected":false},"author":3,"featured_media":4507,"comment_status":"open","ping_status":"open","sticky":false,"template":"","format":"standard","meta":{"_themeisle_gutenberg_block_has_review":false,"footnotes":""},"categories":[242,1817,331,1759,377],"tags":[498,325,495,494,497,496,499],"class_list":["post-4487","post","type-post","status-publish","format-standard","has-post-thumbnail","hentry","category-deutschland","category-belgien","category-miniabenteuer","category-nordrhein-westfalen","category-spielplaetze","tag-belgien","tag-deutschland","tag-eifel","tag-monschau","tag-muetzenich","tag-nordrhein-westfalen","tag-vennbahn"],"_links":{"self":[{"href":"https:\/\/familie-weitgereist.de\/index.php?rest_route=\/wp\/v2\/posts\/4487","targetHints":{"allow":["GET"]}}],"collection":[{"href":"https:\/\/familie-weitgereist.de\/index.php?rest_route=\/wp\/v2\/posts"}],"about":[{"href":"https:\/\/familie-weitgereist.de\/index.php?rest_route=\/wp\/v2\/types\/post"}],"author":[{"embeddable":true,"href":"https:\/\/familie-weitgereist.de\/index.php?rest_route=\/wp\/v2\/users\/3"}],"replies":[{"embeddable":true,"href":"https:\/\/familie-weitgereist.de\/index.php?rest_route=%2Fwp%2Fv2%2Fcomments&post=4487"}],"version-history":[{"count":22,"href":"https:\/\/familie-weitgereist.de\/index.php?rest_route=\/wp\/v2\/posts\/4487\/revisions"}],"predecessor-version":[{"id":23516,"href":"https:\/\/familie-weitgereist.de\/index.php?rest_route=\/wp\/v2\/posts\/4487\/revisions\/23516"}],"wp:featuredmedia":[{"embeddable":true,"href":"https:\/\/familie-weitgereist.de\/index.php?rest_route=\/wp\/v2\/media\/4507"}],"wp:attachment":[{"href":"https:\/\/familie-weitgereist.de\/index.php?rest_route=%2Fwp%2Fv2%2Fmedia&parent=4487"}],"wp:term":[{"taxonomy":"category","embeddable":true,"href":"https:\/\/familie-weitgereist.de\/index.php?rest_route=%2Fwp%2Fv2%2Fcategories&post=4487"},{"taxonomy":"post_tag","embeddable":true,"href":"https:\/\/familie-weitgereist.de\/index.php?rest_route=%2Fwp%2Fv2%2Ftags&post=4487"}],"curies":[{"name":"wp","href":"https:\/\/api.w.org\/{rel}","templated":true}]}}