{"id":4194,"date":"2021-04-17T22:31:15","date_gmt":"2021-04-17T20:31:15","guid":{"rendered":"https:\/\/familie-weitgereist.de\/?p=4194"},"modified":"2025-12-22T21:36:25","modified_gmt":"2025-12-22T20:36:25","slug":"tagesausfluege-in-brandenburg-und-sachsen-mit-kleinkind-teil-4","status":"publish","type":"post","link":"https:\/\/familie-weitgereist.de\/?p=4194","title":{"rendered":"Ausflugsziele in Brandenburg und Sachsen mit Baby und Kleinkind, Teil 4"},"content":{"rendered":"\n<p>In diesem Beitrag berichten wir \u00fcber folgende Ausflugsziele:<\/p>\n\n\n\n<ul class=\"wp-block-list\">\n<li><strong><a href=\"https:\/\/familie-weitgereist.de\/?p=4194\/#brandenburg\">Brandenburg<\/a><\/strong><\/li>\n\n\n\n<li><a href=\"https:\/\/familie-weitgereist.de\/?p=4194\/#cottbuserostsee\">Cottbuser Ostsee<\/a><\/li>\n\n\n\n<li><a href=\"https:\/\/familie-weitgereist.de\/?p=4194\/#broethen\">Gro\u00dfer Ziegelteich Br\u00f6then<\/a><\/li>\n\n\n\n<li><a href=\"https:\/\/familie-weitgereist.de\/?p=4194\/#bergheidersee\">Bergheider See<\/a><\/li>\n\n\n\n<li><a href=\"https:\/\/familie-weitgereist.de\/?p=4194\/#f60\">Bergbauf\u00f6rderbr\u00fccke F60<\/a><\/li>\n\n\n\n<li><a href=\"https:\/\/familie-weitgereist.de\/?p=4194\/#glindow\">Glindower Alpen<\/a><\/li>\n\n\n\n<li><a href=\"https:\/\/familie-weitgereist.de\/?p=4194\/#graebendorfersee\">Gr\u00e4bendorfer See<\/a><\/li>\n\n\n\n<li><a href=\"https:\/\/familie-weitgereist.de\/?p=4194\/#wahrenbrueck\">Kleiner Spreewald Wahrenbr\u00fcck<\/a><\/li>\n\n\n\n<li><a href=\"https:\/\/familie-weitgereist.de\/?p=4194\/#kroppen\">Kroppen<\/a><\/li>\n\n\n\n<li><a href=\"https:\/\/familie-weitgereist.de\/?p=4194\/#lieberoserwueste\">Lieberoser W\u00fcste<\/a><\/li>\n\n\n\n<li><a href=\"https:\/\/familie-weitgereist.de\/?p=4194\/#luckau\">Luckau<\/a><\/li>\n\n\n\n<li><a href=\"https:\/\/familie-weitgereist.de\/?p=4194\/#pritzen\">Pritzen<\/a><\/li>\n<\/ul>\n\n\n\n<ul class=\"wp-block-list\">\n<li><strong><a href=\"https:\/\/familie-weitgereist.de\/?p=4194\/#sachsen\">Sachsen<\/a><\/strong><\/li>\n\n\n\n<li><a href=\"https:\/\/familie-weitgereist.de\/?p=4194\/#elsterquelle\">Elsterquelle, Hochstein<\/a><\/li>\n\n\n\n<li><a href=\"https:\/\/familie-weitgereist.de\/?p=4194\/#butterberg\">Butterberg<\/a><\/li>\n\n\n\n<li><a href=\"https:\/\/familie-weitgereist.de\/?p=4194\/#kamenz\">Kamenz<\/a><\/li>\n\n\n\n<li><a href=\"https:\/\/familie-weitgereist.de\/?p=4194\/#keulenberg\">Keulenberg<\/a><\/li>\n\n\n\n<li><a href=\"https:\/\/familie-weitgereist.de\/?p=4194\/#koenigsbrueck\">K\u00f6nigsbr\u00fccker Heide<\/a><\/li>\n\n\n\n<li><a href=\"https:\/\/familie-weitgereist.de\/?p=4194\/#tiefental\">Tiefental, K\u00f6nigsbr\u00fcck<\/a><\/li>\n\n\n\n<li><a href=\"https:\/\/familie-weitgereist.de\/?p=4194\/#kromlau\">Kromlauer Park, Rakotzbr\u00fccke<\/a><\/li>\n\n\n\n<li><a href=\"https:\/\/familie-weitgereist.de\/?p=4194\/#moritzburg\">Moritzburg, Dippelsdorfer Teich<\/a><\/li>\n\n\n\n<li><a href=\"https:\/\/familie-weitgereist.de\/?p=4194\/#dinopark\">Saurierpark Kleinwelka<\/a><\/li>\n<\/ul>\n\n\n\n<h2 class=\"wp-block-heading\" id=\"brandenburg\">Brandenburg <\/h2>\n\n\n\n<h2 class=\"wp-block-heading\" id=\"cottbuserostsee\">Cottbuser Ostsee<\/h2>\n\n\n\n<p>Der Cottbuser Ostsee liegt in unmittelbarer N\u00e4he zu Cottbus. Vom einstigen Tagebaugebiet entwickelt sich <strong>Brandenburgs gr\u00f6\u00dftes Binnengew\u00e4sser<\/strong>. Die Flutung soll in den Jahren 2024\/2025 abgeschlossen sein. In dem Gebiet soll ein gro\u00dfes Naherholungsgebiet entstehen, wie f\u00fcr die Lausitz \u00fcblich mit gefluteten Seen. Geplant sind ein Hafen, Ferienwohnungen, schwimmende H\u00e4user, Wassersportm\u00f6glichkeiten und Bootsverleih.<\/p>\n\n\n\n<figure class=\"wp-block-image size-large\"><img loading=\"lazy\" decoding=\"async\" width=\"1024\" height=\"768\" src=\"https:\/\/familie-weitgereist.de\/wp-content\/uploads\/2022\/08\/IMG_20220821_141543-1024x768.jpg\" alt=\"\" class=\"wp-image-10887\" srcset=\"https:\/\/familie-weitgereist.de\/wp-content\/uploads\/2022\/08\/IMG_20220821_141543-1024x768.jpg 1024w, https:\/\/familie-weitgereist.de\/wp-content\/uploads\/2022\/08\/IMG_20220821_141543-300x225.jpg 300w, https:\/\/familie-weitgereist.de\/wp-content\/uploads\/2022\/08\/IMG_20220821_141543-768x576.jpg 768w, https:\/\/familie-weitgereist.de\/wp-content\/uploads\/2022\/08\/IMG_20220821_141543-1536x1152.jpg 1536w, https:\/\/familie-weitgereist.de\/wp-content\/uploads\/2022\/08\/IMG_20220821_141543-2048x1536.jpg 2048w, https:\/\/familie-weitgereist.de\/wp-content\/uploads\/2022\/08\/IMG_20220821_141543-1200x900.jpg 1200w, https:\/\/familie-weitgereist.de\/wp-content\/uploads\/2022\/08\/IMG_20220821_141543-1980x1485.jpg 1980w, https:\/\/familie-weitgereist.de\/wp-content\/uploads\/2022\/08\/IMG_20220821_141543-150x113.jpg 150w\" sizes=\"auto, (max-width: 1024px) 100vw, 1024px\" \/><figcaption class=\"wp-element-caption\">Ausblick auf den Cottbuser Ostsee<\/figcaption><\/figure>\n\n\n\n<figure class=\"wp-block-image size-large\"><img loading=\"lazy\" decoding=\"async\" width=\"1024\" height=\"768\" src=\"https:\/\/familie-weitgereist.de\/wp-content\/uploads\/2022\/08\/IMG_20220821_153252-1024x768.jpg\" alt=\"\" class=\"wp-image-10939\" srcset=\"https:\/\/familie-weitgereist.de\/wp-content\/uploads\/2022\/08\/IMG_20220821_153252-1024x768.jpg 1024w, https:\/\/familie-weitgereist.de\/wp-content\/uploads\/2022\/08\/IMG_20220821_153252-300x225.jpg 300w, https:\/\/familie-weitgereist.de\/wp-content\/uploads\/2022\/08\/IMG_20220821_153252-768x576.jpg 768w, https:\/\/familie-weitgereist.de\/wp-content\/uploads\/2022\/08\/IMG_20220821_153252-1536x1152.jpg 1536w, https:\/\/familie-weitgereist.de\/wp-content\/uploads\/2022\/08\/IMG_20220821_153252-2048x1536.jpg 2048w, https:\/\/familie-weitgereist.de\/wp-content\/uploads\/2022\/08\/IMG_20220821_153252-1200x900.jpg 1200w, https:\/\/familie-weitgereist.de\/wp-content\/uploads\/2022\/08\/IMG_20220821_153252-1980x1485.jpg 1980w, https:\/\/familie-weitgereist.de\/wp-content\/uploads\/2022\/08\/IMG_20220821_153252-150x113.jpg 150w\" sizes=\"auto, (max-width: 1024px) 100vw, 1024px\" \/><figcaption class=\"wp-element-caption\">Blick auf den Cottbuser Ostsee<\/figcaption><\/figure>\n\n\n\n<p>Vom <strong>Aussichtsturm &#8222;Merzdorf&#8220;<\/strong> bietet sich ein Ausblick auf den Ostsee und weit dar\u00fcber hinaus. Nach 177 Stufen ist man oben angelangt. Die Landschaft erscheint sehr karg und erinnert zurzeit noch sehr an den ehemaligen Tagebau, der bis Ende 2015 betrieben wurde. 2018 begann die Flutung des riesigen Lochs.<\/p>\n\n\n\n<p>Am Turm gibt es, zumindest in den Sommermonaten, einen kleinen Imbiss.<\/p>\n\n\n\n<figure class=\"wp-block-image size-large\"><img loading=\"lazy\" decoding=\"async\" width=\"768\" height=\"1024\" src=\"https:\/\/familie-weitgereist.de\/wp-content\/uploads\/2022\/08\/IMG_20220821_143020-768x1024.jpg\" alt=\"\" class=\"wp-image-10885\" srcset=\"https:\/\/familie-weitgereist.de\/wp-content\/uploads\/2022\/08\/IMG_20220821_143020-768x1024.jpg 768w, https:\/\/familie-weitgereist.de\/wp-content\/uploads\/2022\/08\/IMG_20220821_143020-225x300.jpg 225w, https:\/\/familie-weitgereist.de\/wp-content\/uploads\/2022\/08\/IMG_20220821_143020-1152x1536.jpg 1152w, https:\/\/familie-weitgereist.de\/wp-content\/uploads\/2022\/08\/IMG_20220821_143020-1536x2048.jpg 1536w, https:\/\/familie-weitgereist.de\/wp-content\/uploads\/2022\/08\/IMG_20220821_143020-1200x1600.jpg 1200w, https:\/\/familie-weitgereist.de\/wp-content\/uploads\/2022\/08\/IMG_20220821_143020-1980x2640.jpg 1980w, https:\/\/familie-weitgereist.de\/wp-content\/uploads\/2022\/08\/IMG_20220821_143020-640x853.jpg 640w, https:\/\/familie-weitgereist.de\/wp-content\/uploads\/2022\/08\/IMG_20220821_143020-150x200.jpg 150w, https:\/\/familie-weitgereist.de\/wp-content\/uploads\/2022\/08\/IMG_20220821_143020-scaled.jpg 1920w\" sizes=\"auto, (max-width: 768px) 100vw, 768px\" \/><figcaption class=\"wp-element-caption\">Aussichtsturm &#8222;Merzdorf&#8220;<\/figcaption><\/figure>\n\n\n\n<h2 class=\"wp-block-heading\" id=\"broethen\">Gro\u00dfer Ziegelteich in Br\u00f6then<\/h2>\n\n\n\n<p>Eine wundersch\u00f6ne ca. 50 km lange Fahrradtour haben wir zum <strong>Gro\u00dfen<\/strong> <strong>Ziegelteich in Br\u00f6then<\/strong> unternommen. <\/p>\n\n\n\n<figure class=\"wp-block-image size-large\"><img loading=\"lazy\" decoding=\"async\" width=\"1024\" height=\"768\" src=\"https:\/\/familie-weitgereist.de\/wp-content\/uploads\/2021\/04\/IMG_20210421_144529-1024x768.jpg\" alt=\"\" class=\"wp-image-4830\" srcset=\"https:\/\/familie-weitgereist.de\/wp-content\/uploads\/2021\/04\/IMG_20210421_144529-1024x768.jpg 1024w, https:\/\/familie-weitgereist.de\/wp-content\/uploads\/2021\/04\/IMG_20210421_144529-300x225.jpg 300w, https:\/\/familie-weitgereist.de\/wp-content\/uploads\/2021\/04\/IMG_20210421_144529-768x576.jpg 768w, https:\/\/familie-weitgereist.de\/wp-content\/uploads\/2021\/04\/IMG_20210421_144529-1536x1152.jpg 1536w, https:\/\/familie-weitgereist.de\/wp-content\/uploads\/2021\/04\/IMG_20210421_144529-2048x1536.jpg 2048w, https:\/\/familie-weitgereist.de\/wp-content\/uploads\/2021\/04\/IMG_20210421_144529-1200x900.jpg 1200w, https:\/\/familie-weitgereist.de\/wp-content\/uploads\/2021\/04\/IMG_20210421_144529-1980x1485.jpg 1980w, https:\/\/familie-weitgereist.de\/wp-content\/uploads\/2021\/04\/IMG_20210421_144529-853x640.jpg 853w, https:\/\/familie-weitgereist.de\/wp-content\/uploads\/2021\/04\/IMG_20210421_144529-150x113.jpg 150w\" sizes=\"auto, (max-width: 1024px) 100vw, 1024px\" \/><figcaption class=\"wp-element-caption\">Naherholung in Br\u00f6then<\/figcaption><\/figure>\n\n\n\n<p>Es war idyllisch und wundersch\u00f6n! Wir sind \u00fcber den Geierswalder See Richtung Hoyerswerda gefahren und kamen am <strong>Neuwieser See<\/strong> vorbei. Dort waren wir bisher noch gar nicht. Der asphaltierte Radweg endete dort auch und wir sind auf Waldwegen weiter geradelt. Es war so sch\u00f6n! Im Wald ist es einfach immer genial! <\/p>\n\n\n\n<div id=\"wp-block-themeisle-blocks-slider-f09731a5\" class=\"wp-block-themeisle-blocks-slider glide\" data-per-view=\"1\" data-gap=\"0\" data-peek=\"0\" data-autoplay=\"true\" data-height=\"100px\" data-hide-arrows=\"false\"><div class=\"glide__track\" data-glide-el=\"track\"><div class=\"glide__slides\"><div class=\"wp-block-themeisle-blocks-slider-item-wrapper glide__slide\" tabindex=\"0\"><figure><img decoding=\"async\" class=\"wp-block-themeisle-blocks-slider-item\" src=\"https:\/\/familie-weitgereist.de\/wp-content\/uploads\/2021\/04\/IMG_20210421_133014-scaled.jpg\" alt=\"\" title=\"\" data-id=\"4833\"\/><\/figure><\/div><div class=\"wp-block-themeisle-blocks-slider-item-wrapper glide__slide\" tabindex=\"0\"><figure><img decoding=\"async\" class=\"wp-block-themeisle-blocks-slider-item\" src=\"https:\/\/familie-weitgereist.de\/wp-content\/uploads\/2021\/04\/IMG_20210421_132328-scaled.jpg\" alt=\"\" title=\"\" data-id=\"4834\"\/><\/figure><\/div><div class=\"wp-block-themeisle-blocks-slider-item-wrapper glide__slide\" tabindex=\"0\"><figure><img decoding=\"async\" class=\"wp-block-themeisle-blocks-slider-item\" src=\"https:\/\/familie-weitgereist.de\/wp-content\/uploads\/2021\/04\/IMG_20210421_131839-scaled.jpg\" alt=\"\" title=\"\" data-id=\"4835\"\/><\/figure><\/div><\/div><div class=\"glide__bullets\" data-glide-el=\"controls[nav]\"><button class=\"glide__bullet\" data-glide-dir=\"=0\"><\/button><button class=\"glide__bullet\" data-glide-dir=\"=1\"><\/button><button class=\"glide__bullet\" data-glide-dir=\"=2\"><\/button><\/div><\/div><\/div>\n\n\n\n<p>Unser Weg f\u00fchrte uns weiter durch die kleinen Sorbend\u00f6rfer Neuwiese und Nardt. Auch hier haben wir sch\u00f6ne Spielpl\u00e4tze entdeckt, jedoch nicht bespielt.<\/p>\n\n\n\n<figure class=\"wp-block-image size-large\"><img loading=\"lazy\" decoding=\"async\" width=\"1024\" height=\"768\" src=\"https:\/\/familie-weitgereist.de\/wp-content\/uploads\/2021\/04\/IMG_20210421_140532-2-1024x768.jpg\" alt=\"\" class=\"wp-image-4871\" srcset=\"https:\/\/familie-weitgereist.de\/wp-content\/uploads\/2021\/04\/IMG_20210421_140532-2-1024x768.jpg 1024w, https:\/\/familie-weitgereist.de\/wp-content\/uploads\/2021\/04\/IMG_20210421_140532-2-300x225.jpg 300w, https:\/\/familie-weitgereist.de\/wp-content\/uploads\/2021\/04\/IMG_20210421_140532-2-768x576.jpg 768w, https:\/\/familie-weitgereist.de\/wp-content\/uploads\/2021\/04\/IMG_20210421_140532-2-1536x1152.jpg 1536w, https:\/\/familie-weitgereist.de\/wp-content\/uploads\/2021\/04\/IMG_20210421_140532-2-2048x1536.jpg 2048w, https:\/\/familie-weitgereist.de\/wp-content\/uploads\/2021\/04\/IMG_20210421_140532-2-1200x900.jpg 1200w, https:\/\/familie-weitgereist.de\/wp-content\/uploads\/2021\/04\/IMG_20210421_140532-2-1980x1485.jpg 1980w, https:\/\/familie-weitgereist.de\/wp-content\/uploads\/2021\/04\/IMG_20210421_140532-2-853x640.jpg 853w, https:\/\/familie-weitgereist.de\/wp-content\/uploads\/2021\/04\/IMG_20210421_140532-2-150x113.jpg 150w\" sizes=\"auto, (max-width: 1024px) 100vw, 1024px\" \/><figcaption class=\"wp-element-caption\">Nardt<\/figcaption><\/figure>\n\n\n\n<p>Extrem erstaunt waren wir, als wir pl\u00f6tzlich an einem ehemaligen Internierungslager vorbei kamen. Das Lager Elsterhorst, heute Nardt, diente 1938\/1939 als Lager f\u00fcr polnische, tschechische und franz\u00f6sische Kriegsgefangene, bis es 1948 aufgel\u00f6st wurde.<\/p>\n\n\n\n<figure class=\"wp-block-gallery has-nested-images columns-default is-cropped wp-block-gallery-1 is-layout-flex wp-block-gallery-is-layout-flex\">\n<figure class=\"wp-block-image size-large\"><img loading=\"lazy\" decoding=\"async\" width=\"2560\" height=\"1920\" data-id=\"4842\" src=\"https:\/\/familie-weitgereist.de\/wp-content\/uploads\/2021\/04\/IMG_20210421_135528-scaled.jpg\" alt=\"\" class=\"wp-image-4842\" srcset=\"https:\/\/familie-weitgereist.de\/wp-content\/uploads\/2021\/04\/IMG_20210421_135528-scaled.jpg 2560w, https:\/\/familie-weitgereist.de\/wp-content\/uploads\/2021\/04\/IMG_20210421_135528-300x225.jpg 300w, https:\/\/familie-weitgereist.de\/wp-content\/uploads\/2021\/04\/IMG_20210421_135528-1024x768.jpg 1024w, https:\/\/familie-weitgereist.de\/wp-content\/uploads\/2021\/04\/IMG_20210421_135528-768x576.jpg 768w, https:\/\/familie-weitgereist.de\/wp-content\/uploads\/2021\/04\/IMG_20210421_135528-1536x1152.jpg 1536w, https:\/\/familie-weitgereist.de\/wp-content\/uploads\/2021\/04\/IMG_20210421_135528-2048x1536.jpg 2048w, https:\/\/familie-weitgereist.de\/wp-content\/uploads\/2021\/04\/IMG_20210421_135528-1200x900.jpg 1200w, https:\/\/familie-weitgereist.de\/wp-content\/uploads\/2021\/04\/IMG_20210421_135528-1980x1485.jpg 1980w, https:\/\/familie-weitgereist.de\/wp-content\/uploads\/2021\/04\/IMG_20210421_135528-853x640.jpg 853w, https:\/\/familie-weitgereist.de\/wp-content\/uploads\/2021\/04\/IMG_20210421_135528-150x113.jpg 150w\" sizes=\"auto, (max-width: 2560px) 100vw, 2560px\" \/><\/figure>\n\n\n\n<figure class=\"wp-block-image size-large\"><img loading=\"lazy\" decoding=\"async\" width=\"2560\" height=\"1920\" data-id=\"4845\" src=\"https:\/\/familie-weitgereist.de\/wp-content\/uploads\/2021\/04\/IMG_20210421_135416-scaled.jpg\" alt=\"\" class=\"wp-image-4845\" srcset=\"https:\/\/familie-weitgereist.de\/wp-content\/uploads\/2021\/04\/IMG_20210421_135416-scaled.jpg 2560w, https:\/\/familie-weitgereist.de\/wp-content\/uploads\/2021\/04\/IMG_20210421_135416-300x225.jpg 300w, https:\/\/familie-weitgereist.de\/wp-content\/uploads\/2021\/04\/IMG_20210421_135416-1024x768.jpg 1024w, https:\/\/familie-weitgereist.de\/wp-content\/uploads\/2021\/04\/IMG_20210421_135416-768x576.jpg 768w, https:\/\/familie-weitgereist.de\/wp-content\/uploads\/2021\/04\/IMG_20210421_135416-1536x1152.jpg 1536w, https:\/\/familie-weitgereist.de\/wp-content\/uploads\/2021\/04\/IMG_20210421_135416-2048x1536.jpg 2048w, https:\/\/familie-weitgereist.de\/wp-content\/uploads\/2021\/04\/IMG_20210421_135416-1200x900.jpg 1200w, https:\/\/familie-weitgereist.de\/wp-content\/uploads\/2021\/04\/IMG_20210421_135416-1980x1485.jpg 1980w, https:\/\/familie-weitgereist.de\/wp-content\/uploads\/2021\/04\/IMG_20210421_135416-853x640.jpg 853w, https:\/\/familie-weitgereist.de\/wp-content\/uploads\/2021\/04\/IMG_20210421_135416-150x113.jpg 150w\" sizes=\"auto, (max-width: 2560px) 100vw, 2560px\" \/><\/figure>\n<figcaption class=\"blocks-gallery-caption wp-element-caption\">Ehemaliges Internierungslager Elsterhorst<\/figcaption><\/figure>\n\n\n\n<p>Das Naherholungsgebiet am Gro\u00dfen Ziegelteich ist umgeben von einem See und Wald. Ein Sandstrand, Wiese, viele schattenspendende B\u00e4ume und ein toller Spielplatz lassen die Zeit ganz schnell vergehen. Wir haben sehr viel Zeit hier verbracht und die Ruhe genossen. <\/p>\n\n\n\n<div id=\"wp-block-themeisle-blocks-slider-c707f1af\" class=\"wp-block-themeisle-blocks-slider glide\" data-per-view=\"1\" data-gap=\"0\" data-peek=\"0\" data-autoplay=\"true\" data-height=\"157px\" data-hide-arrows=\"false\"><div class=\"glide__track\" data-glide-el=\"track\"><div class=\"glide__slides\"><div class=\"wp-block-themeisle-blocks-slider-item-wrapper glide__slide\" tabindex=\"0\"><figure><img decoding=\"async\" class=\"wp-block-themeisle-blocks-slider-item\" src=\"https:\/\/familie-weitgereist.de\/wp-content\/uploads\/2021\/04\/IMG_20210421_141420-scaled.jpg\" alt=\"\" title=\"\" data-id=\"4850\"\/><\/figure><\/div><div class=\"wp-block-themeisle-blocks-slider-item-wrapper glide__slide\" tabindex=\"0\"><figure><img decoding=\"async\" class=\"wp-block-themeisle-blocks-slider-item\" src=\"https:\/\/familie-weitgereist.de\/wp-content\/uploads\/2021\/04\/IMG_20210421_141359-scaled.jpg\" alt=\"\" title=\"\" data-id=\"4851\"\/><\/figure><\/div><div class=\"wp-block-themeisle-blocks-slider-item-wrapper glide__slide\" tabindex=\"0\"><figure><img decoding=\"async\" class=\"wp-block-themeisle-blocks-slider-item\" src=\"https:\/\/familie-weitgereist.de\/wp-content\/uploads\/2021\/04\/IMG_20210421_141351-scaled.jpg\" alt=\"\" title=\"\" data-id=\"4853\"\/><\/figure><\/div><div class=\"wp-block-themeisle-blocks-slider-item-wrapper glide__slide\" tabindex=\"0\"><figure><img decoding=\"async\" class=\"wp-block-themeisle-blocks-slider-item\" src=\"https:\/\/familie-weitgereist.de\/wp-content\/uploads\/2021\/04\/IMG_20210421_141310-scaled.jpg\" alt=\"\" title=\"\" data-id=\"4854\"\/><\/figure><\/div><\/div><div class=\"glide__bullets\" data-glide-el=\"controls[nav]\"><button class=\"glide__bullet\" data-glide-dir=\"=0\"><\/button><button class=\"glide__bullet\" data-glide-dir=\"=1\"><\/button><button class=\"glide__bullet\" data-glide-dir=\"=2\"><\/button><button class=\"glide__bullet\" data-glide-dir=\"=3\"><\/button><\/div><\/div><\/div>\n\n\n\n<div id=\"wp-block-themeisle-blocks-slider-9cf3be46\" class=\"wp-block-themeisle-blocks-slider glide\" data-per-view=\"1\" data-gap=\"0\" data-peek=\"0\" data-autoplay=\"true\" data-height=\"395px\" data-hide-arrows=\"false\"><div class=\"glide__track\" data-glide-el=\"track\"><div class=\"glide__slides\"><div class=\"wp-block-themeisle-blocks-slider-item-wrapper glide__slide\" tabindex=\"0\"><figure><img decoding=\"async\" class=\"wp-block-themeisle-blocks-slider-item\" src=\"https:\/\/familie-weitgereist.de\/wp-content\/uploads\/2021\/04\/IMG_20210421_161450-scaled.jpg\" alt=\"\" title=\"\" data-id=\"4855\"\/><\/figure><\/div><div class=\"wp-block-themeisle-blocks-slider-item-wrapper glide__slide\" tabindex=\"0\"><figure><img decoding=\"async\" class=\"wp-block-themeisle-blocks-slider-item\" src=\"https:\/\/familie-weitgereist.de\/wp-content\/uploads\/2021\/04\/IMG_20210421_152301-scaled.jpg\" alt=\"\" title=\"\" data-id=\"4857\"\/><\/figure><\/div><div class=\"wp-block-themeisle-blocks-slider-item-wrapper glide__slide\" tabindex=\"0\"><figure><img decoding=\"async\" class=\"wp-block-themeisle-blocks-slider-item\" src=\"https:\/\/familie-weitgereist.de\/wp-content\/uploads\/2021\/04\/IMG_20210421_144529-1-scaled.jpg\" alt=\"\" title=\"\" data-id=\"4860\"\/><\/figure><\/div><\/div><div class=\"glide__bullets\" data-glide-el=\"controls[nav]\"><button class=\"glide__bullet\" data-glide-dir=\"=0\"><\/button><button class=\"glide__bullet\" data-glide-dir=\"=1\"><\/button><button class=\"glide__bullet\" data-glide-dir=\"=2\"><\/button><\/div><\/div><\/div>\n\n\n\n<p>Unser R\u00fcckweg f\u00fchrte uns an der Krabatm\u00fchle in Schwarzkollm vorbei. Krabat ist in sorbischen M\u00e4rchen ein Zaubermeister. Die Krabatm\u00fchle ist ein Vierseitenhof und ist heute ein getreuer Nachbau der ehemaligen &#8222;Schwarzen M\u00fchle&#8220;, die als Hauptschauplatz der Krabat-Sage bekannt geworden ist.<\/p>\n\n\n\n<div id=\"wp-block-themeisle-blocks-slider-aad28638\" class=\"wp-block-themeisle-blocks-slider glide\" data-per-view=\"1\" data-gap=\"0\" data-peek=\"0\" data-autoplay=\"true\" data-height=\"252px\" data-hide-arrows=\"false\"><div class=\"glide__track\" data-glide-el=\"track\"><div class=\"glide__slides\"><div class=\"wp-block-themeisle-blocks-slider-item-wrapper glide__slide\" tabindex=\"0\"><figure><img decoding=\"async\" class=\"wp-block-themeisle-blocks-slider-item\" src=\"https:\/\/familie-weitgereist.de\/wp-content\/uploads\/2021\/04\/IMG_20210421_164228-scaled.jpg\" alt=\"\" title=\"\" data-id=\"4865\"\/><\/figure><\/div><div class=\"wp-block-themeisle-blocks-slider-item-wrapper glide__slide\" tabindex=\"0\"><figure><img decoding=\"async\" class=\"wp-block-themeisle-blocks-slider-item\" src=\"https:\/\/familie-weitgereist.de\/wp-content\/uploads\/2021\/04\/IMG_20210421_164019-scaled.jpg\" alt=\"\" title=\"\" data-id=\"4866\"\/><\/figure><\/div><\/div><div class=\"glide__bullets\" data-glide-el=\"controls[nav]\"><button class=\"glide__bullet\" data-glide-dir=\"=0\"><\/button><button class=\"glide__bullet\" data-glide-dir=\"=1\"><\/button><\/div><\/div><\/div>\n\n\n\n<p>Die Radwege sind wie immer perfekt beschildert.<\/p>\n\n\n\n<div id=\"wp-block-themeisle-blocks-slider-49c7da28\" class=\"wp-block-themeisle-blocks-slider glide\" data-per-view=\"1\" data-gap=\"0\" data-peek=\"0\" data-autoplay=\"true\" data-height=\"315px\" data-hide-arrows=\"false\"><div class=\"glide__track\" data-glide-el=\"track\"><div class=\"glide__slides\"><div class=\"wp-block-themeisle-blocks-slider-item-wrapper glide__slide\" tabindex=\"0\"><figure><img decoding=\"async\" class=\"wp-block-themeisle-blocks-slider-item\" src=\"https:\/\/familie-weitgereist.de\/wp-content\/uploads\/2021\/04\/IMG_20210421_163612-scaled.jpg\" alt=\"\" title=\"\" data-id=\"4867\"\/><\/figure><\/div><div class=\"wp-block-themeisle-blocks-slider-item-wrapper glide__slide\" tabindex=\"0\"><figure><img decoding=\"async\" class=\"wp-block-themeisle-blocks-slider-item\" src=\"https:\/\/familie-weitgereist.de\/wp-content\/uploads\/2021\/04\/IMG_20210421_162955-scaled.jpg\" alt=\"\" title=\"\" data-id=\"4869\"\/><\/figure><\/div><\/div><div class=\"glide__bullets\" data-glide-el=\"controls[nav]\"><button class=\"glide__bullet\" data-glide-dir=\"=0\"><\/button><button class=\"glide__bullet\" data-glide-dir=\"=1\"><\/button><\/div><\/div><\/div>\n\n\n\n<h2 class=\"wp-block-heading\" id=\"bergheidersee\">Bergheider See<\/h2>\n\n\n\n<p>Das Lausitzer Seenland entstand aus den ehemaligen Tagebaugebieten, so auch der Bergheider See. Einige Seen sind schon seit Jahrzehnten bef\u00fcllt, bei anderen ist die Wasserbef\u00fcllung vor kurzer Zeit erst abgeschlossen worden. Der Bergheider See wurde nach dem ehemaligen Dorf Bergheide benannt, welches dem Tagebau weichen musste. Der See liegt s\u00fcdlich von Finsterwalde und ist aufgrund der Entfernung von 20km von den restlichen Wasserstra\u00dfen im Lausitzer Seengebiet abgeschnitten. Seit 2014 ist die Bef\u00fcllung des Sees abgeschlossen. Am Nordufer l\u00e4dt ein Strand zum Baden ein. Die anderen Ufer sind dem Naturschutz vorbehalten. <\/p>\n\n\n\n<figure class=\"wp-block-image size-large\"><img loading=\"lazy\" decoding=\"async\" width=\"1024\" height=\"768\" src=\"https:\/\/familie-weitgereist.de\/wp-content\/uploads\/2021\/11\/IMG_20211030_140347-1024x768.jpg\" alt=\"\" class=\"wp-image-7230\" srcset=\"https:\/\/familie-weitgereist.de\/wp-content\/uploads\/2021\/11\/IMG_20211030_140347-1024x768.jpg 1024w, https:\/\/familie-weitgereist.de\/wp-content\/uploads\/2021\/11\/IMG_20211030_140347-300x225.jpg 300w, https:\/\/familie-weitgereist.de\/wp-content\/uploads\/2021\/11\/IMG_20211030_140347-768x576.jpg 768w, https:\/\/familie-weitgereist.de\/wp-content\/uploads\/2021\/11\/IMG_20211030_140347-1536x1152.jpg 1536w, https:\/\/familie-weitgereist.de\/wp-content\/uploads\/2021\/11\/IMG_20211030_140347-2048x1536.jpg 2048w, https:\/\/familie-weitgereist.de\/wp-content\/uploads\/2021\/11\/IMG_20211030_140347-1200x900.jpg 1200w, https:\/\/familie-weitgereist.de\/wp-content\/uploads\/2021\/11\/IMG_20211030_140347-1980x1485.jpg 1980w, https:\/\/familie-weitgereist.de\/wp-content\/uploads\/2021\/11\/IMG_20211030_140347-150x113.jpg 150w\" sizes=\"auto, (max-width: 1024px) 100vw, 1024px\" \/><figcaption class=\"wp-element-caption\">Am Nordufer des Bergheider Sees<\/figcaption><\/figure>\n\n\n\n<h2 class=\"wp-block-heading\" id=\"f60\">Bergbauf\u00f6rderbr\u00fccke F60<\/h2>\n\n\n\n<p>N\u00f6rdlich des Sees befindet sich das Tagebaumuseum der ehemaligen Abraumf\u00f6rderbr\u00fccke F60. Von 1991-1992 wurde die Br\u00fccke eingesetzt. Sie ist mit 502m L\u00e4nge und 75m H\u00f6he das gr\u00f6\u00dfte bewegliche Bergbauger\u00e4t der Welt. Die Br\u00fccke wurde f\u00fcr Besucher zug\u00e4nglich gemacht. Man kann sowohl um als auch auf die Br\u00fccke gehen. Die Br\u00fccke wird auch als <strong>liegender Eiffelturm der Lausitz<\/strong> bezeichnet. <\/p>\n\n\n\n<figure class=\"wp-block-image size-large\"><img loading=\"lazy\" decoding=\"async\" width=\"1024\" height=\"768\" src=\"https:\/\/familie-weitgereist.de\/wp-content\/uploads\/2021\/11\/IMG_20211030_140557-1024x768.jpg\" alt=\"\" class=\"wp-image-7222\" srcset=\"https:\/\/familie-weitgereist.de\/wp-content\/uploads\/2021\/11\/IMG_20211030_140557-1024x768.jpg 1024w, https:\/\/familie-weitgereist.de\/wp-content\/uploads\/2021\/11\/IMG_20211030_140557-300x225.jpg 300w, https:\/\/familie-weitgereist.de\/wp-content\/uploads\/2021\/11\/IMG_20211030_140557-768x576.jpg 768w, https:\/\/familie-weitgereist.de\/wp-content\/uploads\/2021\/11\/IMG_20211030_140557-1536x1152.jpg 1536w, https:\/\/familie-weitgereist.de\/wp-content\/uploads\/2021\/11\/IMG_20211030_140557-2048x1536.jpg 2048w, https:\/\/familie-weitgereist.de\/wp-content\/uploads\/2021\/11\/IMG_20211030_140557-1200x900.jpg 1200w, https:\/\/familie-weitgereist.de\/wp-content\/uploads\/2021\/11\/IMG_20211030_140557-1980x1485.jpg 1980w, https:\/\/familie-weitgereist.de\/wp-content\/uploads\/2021\/11\/IMG_20211030_140557-150x113.jpg 150w\" sizes=\"auto, (max-width: 1024px) 100vw, 1024px\" \/><\/figure>\n\n\n\n<p>Wir unternahmen eine wundervolle Fahrradtour zum Bergheider See und der F60. <\/p>\n\n\n\n<div id=\"wp-block-themeisle-blocks-slider-87e2ac28\" class=\"wp-block-themeisle-blocks-slider glide\" data-per-view=\"1\" data-gap=\"0\" data-peek=\"0\" data-autoplay=\"true\" data-height=\"296px\" data-hide-arrows=\"false\"><div class=\"glide__track\" data-glide-el=\"track\"><div class=\"glide__slides\"><div class=\"wp-block-themeisle-blocks-slider-item-wrapper glide__slide\" tabindex=\"0\"><figure><img decoding=\"async\" class=\"wp-block-themeisle-blocks-slider-item\" src=\"https:\/\/familie-weitgereist.de\/wp-content\/uploads\/2021\/11\/IMG_20211030_140024-scaled.jpg\" alt=\"\" title=\"\" data-id=\"7226\"\/><\/figure><\/div><div class=\"wp-block-themeisle-blocks-slider-item-wrapper glide__slide\" tabindex=\"0\"><figure><img decoding=\"async\" class=\"wp-block-themeisle-blocks-slider-item\" src=\"https:\/\/familie-weitgereist.de\/wp-content\/uploads\/2021\/11\/IMG_20211030_135814-scaled.jpg\" alt=\"\" title=\"\" data-id=\"7228\"\/><\/figure><\/div><\/div><div class=\"glide__bullets\" data-glide-el=\"controls[nav]\"><button class=\"glide__bullet\" data-glide-dir=\"=0\"><\/button><button class=\"glide__bullet\" data-glide-dir=\"=1\"><\/button><\/div><\/div><\/div>\n\n\n\n<h2 class=\"wp-block-heading\" id=\"glindow\">Glindower Alpen<\/h2>\n\n\n\n<p>Das kleine Wandergebiet der Glindower Alpen befindet sich s\u00fcdlich von Potsdam am Glindower See. Die Glindower Alpen sind aufgrund des jahrhundertelangem Tonabbaus in der Region entstanden. Wir liefen den <strong>Panoramaweg Werderobst<\/strong>. Der Weg f\u00fchrt durch einen sch\u00f6nen Wald, vorbei an den Glindower See und es bergauf- und ab. <\/p>\n\n\n\n<div id=\"wp-block-themeisle-blocks-slider-528f493c\" class=\"wp-block-themeisle-blocks-slider glide\" data-per-view=\"1\" data-gap=\"0\" data-peek=\"0\" data-autoplay=\"true\" data-height=\"400px\" data-hide-arrows=\"false\"><div class=\"glide__track\" data-glide-el=\"track\"><div class=\"glide__slides\"><div class=\"wp-block-themeisle-blocks-slider-item-wrapper glide__slide\" tabindex=\"0\"><figure><img decoding=\"async\" class=\"wp-block-themeisle-blocks-slider-item\" src=\"https:\/\/familie-weitgereist.de\/wp-content\/uploads\/2023\/10\/IMG_20231008_161154-scaled.jpg\" alt=\"\" title=\"\" data-id=\"16818\"\/><\/figure><\/div><div class=\"wp-block-themeisle-blocks-slider-item-wrapper glide__slide\" tabindex=\"0\"><figure><img decoding=\"async\" class=\"wp-block-themeisle-blocks-slider-item\" src=\"https:\/\/familie-weitgereist.de\/wp-content\/uploads\/2023\/10\/IMG_20231008_152250-scaled.jpg\" alt=\"\" title=\"\" data-id=\"16819\"\/><\/figure><\/div><div class=\"wp-block-themeisle-blocks-slider-item-wrapper glide__slide\" tabindex=\"0\"><figure><img decoding=\"async\" class=\"wp-block-themeisle-blocks-slider-item\" src=\"https:\/\/familie-weitgereist.de\/wp-content\/uploads\/2023\/10\/IMG_20231008_150152-scaled.jpg\" alt=\"\" title=\"\" data-id=\"16821\"\/><\/figure><\/div><\/div><div class=\"glide__bullets\" data-glide-el=\"controls[nav]\"><button class=\"glide__bullet\" data-glide-dir=\"=0\"><\/button><button class=\"glide__bullet\" data-glide-dir=\"=1\"><\/button><button class=\"glide__bullet\" data-glide-dir=\"=2\"><\/button><\/div><\/div><\/div>\n\n\n\n<h2 class=\"wp-block-heading\" id=\"graebendorfersee\">Gr\u00e4bendorfer See<\/h2>\n\n\n\n<p>Merlin und ich unternahmen eine wirklich gro\u00dfe Fahrradtour zum Gr\u00e4bendorfer See. Es war traumhaft! Wir haben insgesamt 65 km zur\u00fcck gelegt. Der Gr\u00e4bendorfer See ist auch aus dem ehemaligen Bergbau entstanden und sein Name stammt von dem Ort Gr\u00e4bendorf, welches weichen musste. In dem kleinen Ort Laasow stehen schwimmende H\u00e4user, in denen man \u00fcbernachten kann. <\/p>\n\n\n\n<figure class=\"wp-block-image size-large\"><img loading=\"lazy\" decoding=\"async\" width=\"1024\" height=\"768\" src=\"https:\/\/familie-weitgereist.de\/wp-content\/uploads\/2021\/05\/IMG_20210511_125344-1024x768.jpg\" alt=\"\" class=\"wp-image-5359\" srcset=\"https:\/\/familie-weitgereist.de\/wp-content\/uploads\/2021\/05\/IMG_20210511_125344-1024x768.jpg 1024w, https:\/\/familie-weitgereist.de\/wp-content\/uploads\/2021\/05\/IMG_20210511_125344-300x225.jpg 300w, https:\/\/familie-weitgereist.de\/wp-content\/uploads\/2021\/05\/IMG_20210511_125344-768x576.jpg 768w, https:\/\/familie-weitgereist.de\/wp-content\/uploads\/2021\/05\/IMG_20210511_125344-1536x1152.jpg 1536w, https:\/\/familie-weitgereist.de\/wp-content\/uploads\/2021\/05\/IMG_20210511_125344-2048x1536.jpg 2048w, https:\/\/familie-weitgereist.de\/wp-content\/uploads\/2021\/05\/IMG_20210511_125344-1200x900.jpg 1200w, https:\/\/familie-weitgereist.de\/wp-content\/uploads\/2021\/05\/IMG_20210511_125344-1980x1485.jpg 1980w, https:\/\/familie-weitgereist.de\/wp-content\/uploads\/2021\/05\/IMG_20210511_125344-853x640.jpg 853w, https:\/\/familie-weitgereist.de\/wp-content\/uploads\/2021\/05\/IMG_20210511_125344-150x113.jpg 150w\" sizes=\"auto, (max-width: 1024px) 100vw, 1024px\" \/><figcaption class=\"wp-element-caption\">Die schwimmenden H\u00e4user in Laasow<\/figcaption><\/figure>\n\n\n\n<p>Auf einem 9 km langen Rundweg sind die gefahrenen Meter markiert. Am Ufer beim Camping des Gr\u00e4bendorfer Sees gibt es eine Bootausleihstelle, einen Imbiss und einen kleinen Spielplatz. <\/p>\n\n\n\n<div id=\"wp-block-themeisle-blocks-slider-13434cd3\" class=\"wp-block-themeisle-blocks-slider glide\" data-per-view=\"1\" data-gap=\"0\" data-peek=\"0\" data-autoplay=\"true\" data-height=\"400px\" data-hide-arrows=\"false\"><div class=\"glide__track\" data-glide-el=\"track\"><div class=\"glide__slides\"><div class=\"wp-block-themeisle-blocks-slider-item-wrapper glide__slide\" tabindex=\"0\"><figure><img decoding=\"async\" class=\"wp-block-themeisle-blocks-slider-item\" src=\"https:\/\/familie-weitgereist.de\/wp-content\/uploads\/2021\/05\/IMG_20210511_134418-scaled.jpg\" alt=\"\" title=\"\" data-id=\"5362\"\/><\/figure><\/div><div class=\"wp-block-themeisle-blocks-slider-item-wrapper glide__slide\" tabindex=\"0\"><figure><img decoding=\"async\" class=\"wp-block-themeisle-blocks-slider-item\" src=\"https:\/\/familie-weitgereist.de\/wp-content\/uploads\/2021\/05\/IMG_20210511_134353-scaled.jpg\" alt=\"\" title=\"\" data-id=\"5363\"\/><\/figure><\/div><div class=\"wp-block-themeisle-blocks-slider-item-wrapper glide__slide\" tabindex=\"0\"><figure><img decoding=\"async\" class=\"wp-block-themeisle-blocks-slider-item\" src=\"https:\/\/familie-weitgereist.de\/wp-content\/uploads\/2021\/05\/IMG_20210511_131415-scaled.jpg\" alt=\"\" title=\"\" data-id=\"5364\"\/><\/figure><\/div><\/div><div class=\"glide__bullets\" data-glide-el=\"controls[nav]\"><button class=\"glide__bullet\" data-glide-dir=\"=0\"><\/button><button class=\"glide__bullet\" data-glide-dir=\"=1\"><\/button><button class=\"glide__bullet\" data-glide-dir=\"=2\"><\/button><\/div><\/div><\/div>\n\n\n\n<p>Haupts\u00e4chlich gibt es Wiese als Liegefl\u00e4che. <\/p>\n\n\n\n<div id=\"wp-block-themeisle-blocks-slider-5e021659\" class=\"wp-block-themeisle-blocks-slider glide\" data-per-view=\"1\" data-gap=\"0\" data-peek=\"0\" data-autoplay=\"true\" data-height=\"400px\" data-hide-arrows=\"false\"><div class=\"glide__track\" data-glide-el=\"track\"><div class=\"glide__slides\"><div class=\"wp-block-themeisle-blocks-slider-item-wrapper glide__slide\" tabindex=\"0\"><figure><img decoding=\"async\" class=\"wp-block-themeisle-blocks-slider-item\" src=\"https:\/\/familie-weitgereist.de\/wp-content\/uploads\/2021\/05\/IMG_20210511_143033-scaled.jpg\" alt=\"\" title=\"\" data-id=\"5368\"\/><\/figure><\/div><div class=\"wp-block-themeisle-blocks-slider-item-wrapper glide__slide\" tabindex=\"0\"><figure><img decoding=\"async\" class=\"wp-block-themeisle-blocks-slider-item\" src=\"https:\/\/familie-weitgereist.de\/wp-content\/uploads\/2021\/05\/IMG_20210511_135513-scaled.jpg\" alt=\"\" title=\"\" data-id=\"5369\"\/><\/figure><\/div><div class=\"wp-block-themeisle-blocks-slider-item-wrapper glide__slide\" tabindex=\"0\"><figure><img decoding=\"async\" class=\"wp-block-themeisle-blocks-slider-item\" src=\"https:\/\/familie-weitgereist.de\/wp-content\/uploads\/2021\/05\/IMG_20210511_134331-scaled.jpg\" alt=\"\" title=\"\" data-id=\"5370\"\/><\/figure><\/div><\/div><div class=\"glide__bullets\" data-glide-el=\"controls[nav]\"><button class=\"glide__bullet\" data-glide-dir=\"=0\"><\/button><button class=\"glide__bullet\" data-glide-dir=\"=1\"><\/button><button class=\"glide__bullet\" data-glide-dir=\"=2\"><\/button><\/div><\/div><\/div>\n\n\n\n<h2 class=\"wp-block-heading\" id=\"wahrenbrueck\">Kleiner Spreewald in Wahrenbr\u00fcck<\/h2>\n\n\n\n<p>Der kleine Spreewald ist gegen\u00fcber dem Spreewald eher unbekannt. Einen Ausflug ist er aber allemal wert und es ist traumhaft idyllisch und viel weniger los als in den typischen Spreewald St\u00e4dten L\u00fcbben und L\u00fcbbenau. <\/p>\n\n\n\n<figure class=\"wp-block-image size-large\"><img loading=\"lazy\" decoding=\"async\" width=\"1024\" height=\"768\" src=\"https:\/\/familie-weitgereist.de\/wp-content\/uploads\/2021\/12\/IMG_20211205_123258-1024x768.jpg\" alt=\"\" class=\"wp-image-7275\" srcset=\"https:\/\/familie-weitgereist.de\/wp-content\/uploads\/2021\/12\/IMG_20211205_123258-1024x768.jpg 1024w, https:\/\/familie-weitgereist.de\/wp-content\/uploads\/2021\/12\/IMG_20211205_123258-300x225.jpg 300w, https:\/\/familie-weitgereist.de\/wp-content\/uploads\/2021\/12\/IMG_20211205_123258-768x576.jpg 768w, https:\/\/familie-weitgereist.de\/wp-content\/uploads\/2021\/12\/IMG_20211205_123258-1536x1152.jpg 1536w, https:\/\/familie-weitgereist.de\/wp-content\/uploads\/2021\/12\/IMG_20211205_123258-2048x1536.jpg 2048w, https:\/\/familie-weitgereist.de\/wp-content\/uploads\/2021\/12\/IMG_20211205_123258-1200x900.jpg 1200w, https:\/\/familie-weitgereist.de\/wp-content\/uploads\/2021\/12\/IMG_20211205_123258-1980x1485.jpg 1980w, https:\/\/familie-weitgereist.de\/wp-content\/uploads\/2021\/12\/IMG_20211205_123258-150x113.jpg 150w\" sizes=\"auto, (max-width: 1024px) 100vw, 1024px\" \/><\/figure>\n\n\n\n<p>Wir sind in Richtung Bad Liebenwerda gefahren, in das kleine \u00d6rtchen Warenbr\u00fcck. Dort liegt der kleine Spreewald. <\/p>\n\n\n\n<figure class=\"wp-block-image size-large\"><img loading=\"lazy\" decoding=\"async\" width=\"1024\" height=\"768\" src=\"https:\/\/familie-weitgereist.de\/wp-content\/uploads\/2021\/12\/IMG_20211205_142449-1024x768.jpg\" alt=\"\" class=\"wp-image-7284\" srcset=\"https:\/\/familie-weitgereist.de\/wp-content\/uploads\/2021\/12\/IMG_20211205_142449-1024x768.jpg 1024w, https:\/\/familie-weitgereist.de\/wp-content\/uploads\/2021\/12\/IMG_20211205_142449-300x225.jpg 300w, https:\/\/familie-weitgereist.de\/wp-content\/uploads\/2021\/12\/IMG_20211205_142449-768x576.jpg 768w, https:\/\/familie-weitgereist.de\/wp-content\/uploads\/2021\/12\/IMG_20211205_142449-1536x1152.jpg 1536w, https:\/\/familie-weitgereist.de\/wp-content\/uploads\/2021\/12\/IMG_20211205_142449-2048x1536.jpg 2048w, https:\/\/familie-weitgereist.de\/wp-content\/uploads\/2021\/12\/IMG_20211205_142449-1200x900.jpg 1200w, https:\/\/familie-weitgereist.de\/wp-content\/uploads\/2021\/12\/IMG_20211205_142449-1980x1485.jpg 1980w, https:\/\/familie-weitgereist.de\/wp-content\/uploads\/2021\/12\/IMG_20211205_142449-150x113.jpg 150w\" sizes=\"auto, (max-width: 1024px) 100vw, 1024px\" \/><figcaption class=\"wp-element-caption\">Wahrenbr\u00fcck<\/figcaption><\/figure>\n\n\n\n<p>\u00c4hnlich wie im gro\u00dfen Spreewald verlaufen kleine Verzweigungen der Schwarzen Elster und in den warmen Jahreszeiten werden Kahnfahrten angeboten. Auch mit dem Kanu kann man fahren und der Schwarzen Elster folgen. Es gibt eine Anlegestelle, einen kleinen Hafen und bei Mickys Parkidylle gibt es Leckereien zu kaufen. Das tolle ist, ein Spielplatz befindet sich ebenfalls dort. <\/p>\n\n\n\n<figure class=\"wp-block-image size-large\"><img loading=\"lazy\" decoding=\"async\" width=\"1024\" height=\"768\" src=\"https:\/\/familie-weitgereist.de\/wp-content\/uploads\/2021\/12\/IMG_20211205_123013-1024x768.jpg\" alt=\"\" class=\"wp-image-7279\" srcset=\"https:\/\/familie-weitgereist.de\/wp-content\/uploads\/2021\/12\/IMG_20211205_123013-1024x768.jpg 1024w, https:\/\/familie-weitgereist.de\/wp-content\/uploads\/2021\/12\/IMG_20211205_123013-300x225.jpg 300w, https:\/\/familie-weitgereist.de\/wp-content\/uploads\/2021\/12\/IMG_20211205_123013-768x576.jpg 768w, https:\/\/familie-weitgereist.de\/wp-content\/uploads\/2021\/12\/IMG_20211205_123013-1536x1152.jpg 1536w, https:\/\/familie-weitgereist.de\/wp-content\/uploads\/2021\/12\/IMG_20211205_123013-2048x1536.jpg 2048w, https:\/\/familie-weitgereist.de\/wp-content\/uploads\/2021\/12\/IMG_20211205_123013-1200x900.jpg 1200w, https:\/\/familie-weitgereist.de\/wp-content\/uploads\/2021\/12\/IMG_20211205_123013-1980x1485.jpg 1980w, https:\/\/familie-weitgereist.de\/wp-content\/uploads\/2021\/12\/IMG_20211205_123013-150x113.jpg 150w\" sizes=\"auto, (max-width: 1024px) 100vw, 1024px\" \/><figcaption class=\"wp-element-caption\">Die Schwarze Elster<\/figcaption><\/figure>\n\n\n\n<div id=\"wp-block-themeisle-blocks-slider-108b26e2\" class=\"wp-block-themeisle-blocks-slider glide\" data-per-view=\"1\" data-gap=\"0\" data-peek=\"0\" data-autoplay=\"true\" data-height=\"323px\" data-hide-arrows=\"false\"><div class=\"glide__track\" data-glide-el=\"track\"><div class=\"glide__slides\"><div class=\"wp-block-themeisle-blocks-slider-item-wrapper glide__slide\" tabindex=\"0\"><figure><img decoding=\"async\" class=\"wp-block-themeisle-blocks-slider-item\" src=\"https:\/\/familie-weitgereist.de\/wp-content\/uploads\/2021\/12\/IMG_20211205_124549-scaled.jpg\" alt=\"\" title=\"\" data-id=\"7277\"\/><\/figure><\/div><div class=\"wp-block-themeisle-blocks-slider-item-wrapper glide__slide\" tabindex=\"0\"><figure><img decoding=\"async\" class=\"wp-block-themeisle-blocks-slider-item\" src=\"https:\/\/familie-weitgereist.de\/wp-content\/uploads\/2021\/12\/IMG_20211205_124520-scaled.jpg\" alt=\"\" title=\"\" data-id=\"7278\"\/><\/figure><\/div><div class=\"wp-block-themeisle-blocks-slider-item-wrapper glide__slide\" tabindex=\"0\"><figure><img decoding=\"async\" class=\"wp-block-themeisle-blocks-slider-item\" src=\"https:\/\/familie-weitgereist.de\/wp-content\/uploads\/2021\/12\/IMG_20211205_124336-scaled.jpg\" alt=\"\" title=\"\" data-id=\"7281\"\/><\/figure><\/div><div class=\"wp-block-themeisle-blocks-slider-item-wrapper glide__slide\" tabindex=\"0\"><figure><img decoding=\"async\" class=\"wp-block-themeisle-blocks-slider-item\" src=\"https:\/\/familie-weitgereist.de\/wp-content\/uploads\/2021\/12\/IMG_20211205_124013-scaled.jpg\" alt=\"\" title=\"\" data-id=\"7283\"\/><\/figure><\/div><\/div><div class=\"glide__bullets\" data-glide-el=\"controls[nav]\"><button class=\"glide__bullet\" data-glide-dir=\"=0\"><\/button><button class=\"glide__bullet\" data-glide-dir=\"=1\"><\/button><button class=\"glide__bullet\" data-glide-dir=\"=2\"><\/button><button class=\"glide__bullet\" data-glide-dir=\"=3\"><\/button><\/div><\/div><\/div>\n\n\n\n<p>Selbst einen kleinen Streichelzoo und kleine Gehege gibt es. Ein kleines Paradies!<\/p>\n\n\n\n<figure class=\"wp-block-image size-large\"><img loading=\"lazy\" decoding=\"async\" width=\"1024\" height=\"768\" src=\"https:\/\/familie-weitgereist.de\/wp-content\/uploads\/2021\/12\/IMG_20211205_123736-1024x768.jpg\" alt=\"\" class=\"wp-image-7289\" srcset=\"https:\/\/familie-weitgereist.de\/wp-content\/uploads\/2021\/12\/IMG_20211205_123736-1024x768.jpg 1024w, https:\/\/familie-weitgereist.de\/wp-content\/uploads\/2021\/12\/IMG_20211205_123736-300x225.jpg 300w, https:\/\/familie-weitgereist.de\/wp-content\/uploads\/2021\/12\/IMG_20211205_123736-768x576.jpg 768w, https:\/\/familie-weitgereist.de\/wp-content\/uploads\/2021\/12\/IMG_20211205_123736-1536x1152.jpg 1536w, https:\/\/familie-weitgereist.de\/wp-content\/uploads\/2021\/12\/IMG_20211205_123736-2048x1536.jpg 2048w, https:\/\/familie-weitgereist.de\/wp-content\/uploads\/2021\/12\/IMG_20211205_123736-1200x900.jpg 1200w, https:\/\/familie-weitgereist.de\/wp-content\/uploads\/2021\/12\/IMG_20211205_123736-1980x1485.jpg 1980w, https:\/\/familie-weitgereist.de\/wp-content\/uploads\/2021\/12\/IMG_20211205_123736-150x113.jpg 150w\" sizes=\"auto, (max-width: 1024px) 100vw, 1024px\" \/><\/figure>\n\n\n\n<p>Im Anschluss sind wir noch zum Rothstein gefahren. Dieser Stein steht markant im Wald und um den Stein herum wurde eine Felsenb\u00fchne gebaut. Der Stein ragt 15m in die H\u00f6he. <\/p>\n\n\n\n<figure class=\"wp-block-image size-large\"><img loading=\"lazy\" decoding=\"async\" width=\"1024\" height=\"768\" src=\"https:\/\/familie-weitgereist.de\/wp-content\/uploads\/2021\/12\/IMG_20211205_151701-1024x768.jpg\" alt=\"\" class=\"wp-image-7285\" srcset=\"https:\/\/familie-weitgereist.de\/wp-content\/uploads\/2021\/12\/IMG_20211205_151701-1024x768.jpg 1024w, https:\/\/familie-weitgereist.de\/wp-content\/uploads\/2021\/12\/IMG_20211205_151701-300x225.jpg 300w, https:\/\/familie-weitgereist.de\/wp-content\/uploads\/2021\/12\/IMG_20211205_151701-768x576.jpg 768w, https:\/\/familie-weitgereist.de\/wp-content\/uploads\/2021\/12\/IMG_20211205_151701-1536x1152.jpg 1536w, https:\/\/familie-weitgereist.de\/wp-content\/uploads\/2021\/12\/IMG_20211205_151701-2048x1536.jpg 2048w, https:\/\/familie-weitgereist.de\/wp-content\/uploads\/2021\/12\/IMG_20211205_151701-1200x900.jpg 1200w, https:\/\/familie-weitgereist.de\/wp-content\/uploads\/2021\/12\/IMG_20211205_151701-1980x1485.jpg 1980w, https:\/\/familie-weitgereist.de\/wp-content\/uploads\/2021\/12\/IMG_20211205_151701-150x113.jpg 150w\" sizes=\"auto, (max-width: 1024px) 100vw, 1024px\" \/><figcaption class=\"wp-element-caption\">Rothsteiner Felsenb\u00fchne<\/figcaption><\/figure>\n\n\n\n<figure class=\"wp-block-image size-large\"><img loading=\"lazy\" decoding=\"async\" width=\"1024\" height=\"768\" src=\"https:\/\/familie-weitgereist.de\/wp-content\/uploads\/2021\/12\/IMG_20211205_151945-1024x768.jpg\" alt=\"\" class=\"wp-image-7286\" srcset=\"https:\/\/familie-weitgereist.de\/wp-content\/uploads\/2021\/12\/IMG_20211205_151945-1024x768.jpg 1024w, https:\/\/familie-weitgereist.de\/wp-content\/uploads\/2021\/12\/IMG_20211205_151945-300x225.jpg 300w, https:\/\/familie-weitgereist.de\/wp-content\/uploads\/2021\/12\/IMG_20211205_151945-768x576.jpg 768w, https:\/\/familie-weitgereist.de\/wp-content\/uploads\/2021\/12\/IMG_20211205_151945-1536x1152.jpg 1536w, https:\/\/familie-weitgereist.de\/wp-content\/uploads\/2021\/12\/IMG_20211205_151945-2048x1536.jpg 2048w, https:\/\/familie-weitgereist.de\/wp-content\/uploads\/2021\/12\/IMG_20211205_151945-1200x900.jpg 1200w, https:\/\/familie-weitgereist.de\/wp-content\/uploads\/2021\/12\/IMG_20211205_151945-1980x1485.jpg 1980w, https:\/\/familie-weitgereist.de\/wp-content\/uploads\/2021\/12\/IMG_20211205_151945-150x113.jpg 150w\" sizes=\"auto, (max-width: 1024px) 100vw, 1024px\" \/><\/figure>\n\n\n\n<h2 class=\"wp-block-heading\" id=\"kroppen\">Kroppen<\/h2>\n\n\n\n<p>In <strong>Kroppen<\/strong> leben ca. 700 Einwohner. Das Dorf grenzt unmittelbar an Sachsen und liegt in der N\u00e4he von Ortrand. Wir unternahmen wieder einmal eine traumhafte Fahrradtour und lernten auf neuen Wegen unsere Heimat besser kennen. Wir sind ca. 25km gefahren und haben unser Ziel, den Landschaftspark in Kroppen erreicht.<\/p>\n\n\n\n<p>Die Radwege sind sehr gut ausgeschildert und die Wege verlaufen zum Teil auf Asphalt-, zum Teil auf Waldwegen.<\/p>\n\n\n\n<figure class=\"wp-block-gallery has-nested-images columns-default is-cropped wp-block-gallery-2 is-layout-flex wp-block-gallery-is-layout-flex\">\n<figure class=\"wp-block-image size-large\"><img loading=\"lazy\" decoding=\"async\" width=\"1024\" height=\"768\" data-id=\"5193\" src=\"https:\/\/familie-weitgereist.de\/wp-content\/uploads\/2021\/04\/IMG_20210427_121336-2-1024x768.jpg\" alt=\"\" class=\"wp-image-5193\" srcset=\"https:\/\/familie-weitgereist.de\/wp-content\/uploads\/2021\/04\/IMG_20210427_121336-2-1024x768.jpg 1024w, https:\/\/familie-weitgereist.de\/wp-content\/uploads\/2021\/04\/IMG_20210427_121336-2-300x225.jpg 300w, https:\/\/familie-weitgereist.de\/wp-content\/uploads\/2021\/04\/IMG_20210427_121336-2-768x576.jpg 768w, https:\/\/familie-weitgereist.de\/wp-content\/uploads\/2021\/04\/IMG_20210427_121336-2-1536x1152.jpg 1536w, https:\/\/familie-weitgereist.de\/wp-content\/uploads\/2021\/04\/IMG_20210427_121336-2-2048x1536.jpg 2048w, https:\/\/familie-weitgereist.de\/wp-content\/uploads\/2021\/04\/IMG_20210427_121336-2-1200x900.jpg 1200w, https:\/\/familie-weitgereist.de\/wp-content\/uploads\/2021\/04\/IMG_20210427_121336-2-1980x1485.jpg 1980w, https:\/\/familie-weitgereist.de\/wp-content\/uploads\/2021\/04\/IMG_20210427_121336-2-853x640.jpg 853w, https:\/\/familie-weitgereist.de\/wp-content\/uploads\/2021\/04\/IMG_20210427_121336-2-150x113.jpg 150w\" sizes=\"auto, (max-width: 1024px) 100vw, 1024px\" \/><\/figure>\n\n\n\n<figure class=\"wp-block-image size-large\"><img loading=\"lazy\" decoding=\"async\" width=\"1024\" height=\"768\" data-id=\"5196\" src=\"https:\/\/familie-weitgereist.de\/wp-content\/uploads\/2021\/04\/IMG_20210427_121007-1-1024x768.jpg\" alt=\"\" class=\"wp-image-5196\" srcset=\"https:\/\/familie-weitgereist.de\/wp-content\/uploads\/2021\/04\/IMG_20210427_121007-1-1024x768.jpg 1024w, https:\/\/familie-weitgereist.de\/wp-content\/uploads\/2021\/04\/IMG_20210427_121007-1-300x225.jpg 300w, https:\/\/familie-weitgereist.de\/wp-content\/uploads\/2021\/04\/IMG_20210427_121007-1-768x576.jpg 768w, https:\/\/familie-weitgereist.de\/wp-content\/uploads\/2021\/04\/IMG_20210427_121007-1-1536x1152.jpg 1536w, https:\/\/familie-weitgereist.de\/wp-content\/uploads\/2021\/04\/IMG_20210427_121007-1-2048x1536.jpg 2048w, https:\/\/familie-weitgereist.de\/wp-content\/uploads\/2021\/04\/IMG_20210427_121007-1-1200x900.jpg 1200w, https:\/\/familie-weitgereist.de\/wp-content\/uploads\/2021\/04\/IMG_20210427_121007-1-1980x1485.jpg 1980w, https:\/\/familie-weitgereist.de\/wp-content\/uploads\/2021\/04\/IMG_20210427_121007-1-853x640.jpg 853w, https:\/\/familie-weitgereist.de\/wp-content\/uploads\/2021\/04\/IMG_20210427_121007-1-150x113.jpg 150w\" sizes=\"auto, (max-width: 1024px) 100vw, 1024px\" \/><\/figure>\n\n\n\n<figure class=\"wp-block-image size-large\"><img loading=\"lazy\" decoding=\"async\" width=\"1024\" height=\"768\" data-id=\"5201\" src=\"https:\/\/familie-weitgereist.de\/wp-content\/uploads\/2021\/04\/IMG_20210427_115430-1024x768.jpg\" alt=\"\" class=\"wp-image-5201\" srcset=\"https:\/\/familie-weitgereist.de\/wp-content\/uploads\/2021\/04\/IMG_20210427_115430-1024x768.jpg 1024w, https:\/\/familie-weitgereist.de\/wp-content\/uploads\/2021\/04\/IMG_20210427_115430-300x225.jpg 300w, https:\/\/familie-weitgereist.de\/wp-content\/uploads\/2021\/04\/IMG_20210427_115430-768x576.jpg 768w, https:\/\/familie-weitgereist.de\/wp-content\/uploads\/2021\/04\/IMG_20210427_115430-1536x1152.jpg 1536w, https:\/\/familie-weitgereist.de\/wp-content\/uploads\/2021\/04\/IMG_20210427_115430-2048x1536.jpg 2048w, https:\/\/familie-weitgereist.de\/wp-content\/uploads\/2021\/04\/IMG_20210427_115430-1200x900.jpg 1200w, https:\/\/familie-weitgereist.de\/wp-content\/uploads\/2021\/04\/IMG_20210427_115430-1980x1485.jpg 1980w, https:\/\/familie-weitgereist.de\/wp-content\/uploads\/2021\/04\/IMG_20210427_115430-853x640.jpg 853w, https:\/\/familie-weitgereist.de\/wp-content\/uploads\/2021\/04\/IMG_20210427_115430-150x113.jpg 150w\" sizes=\"auto, (max-width: 1024px) 100vw, 1024px\" \/><\/figure>\n\n\n\n<figure class=\"wp-block-image size-large\"><img loading=\"lazy\" decoding=\"async\" width=\"1024\" height=\"768\" data-id=\"5199\" src=\"https:\/\/familie-weitgereist.de\/wp-content\/uploads\/2021\/04\/IMG_20210427_115939-1024x768.jpg\" alt=\"\" class=\"wp-image-5199\" srcset=\"https:\/\/familie-weitgereist.de\/wp-content\/uploads\/2021\/04\/IMG_20210427_115939-1024x768.jpg 1024w, https:\/\/familie-weitgereist.de\/wp-content\/uploads\/2021\/04\/IMG_20210427_115939-300x225.jpg 300w, https:\/\/familie-weitgereist.de\/wp-content\/uploads\/2021\/04\/IMG_20210427_115939-768x576.jpg 768w, https:\/\/familie-weitgereist.de\/wp-content\/uploads\/2021\/04\/IMG_20210427_115939-1536x1152.jpg 1536w, https:\/\/familie-weitgereist.de\/wp-content\/uploads\/2021\/04\/IMG_20210427_115939-2048x1536.jpg 2048w, https:\/\/familie-weitgereist.de\/wp-content\/uploads\/2021\/04\/IMG_20210427_115939-1200x900.jpg 1200w, https:\/\/familie-weitgereist.de\/wp-content\/uploads\/2021\/04\/IMG_20210427_115939-1980x1485.jpg 1980w, https:\/\/familie-weitgereist.de\/wp-content\/uploads\/2021\/04\/IMG_20210427_115939-853x640.jpg 853w, https:\/\/familie-weitgereist.de\/wp-content\/uploads\/2021\/04\/IMG_20210427_115939-150x113.jpg 150w\" sizes=\"auto, (max-width: 1024px) 100vw, 1024px\" \/><\/figure>\n\n\n\n<figure class=\"wp-block-image size-large\"><img loading=\"lazy\" decoding=\"async\" width=\"1024\" height=\"766\" data-id=\"5198\" src=\"https:\/\/familie-weitgereist.de\/wp-content\/uploads\/2021\/04\/IMG_20210427_120644-1024x766.jpg\" alt=\"\" class=\"wp-image-5198\" srcset=\"https:\/\/familie-weitgereist.de\/wp-content\/uploads\/2021\/04\/IMG_20210427_120644-1024x766.jpg 1024w, https:\/\/familie-weitgereist.de\/wp-content\/uploads\/2021\/04\/IMG_20210427_120644-300x225.jpg 300w, https:\/\/familie-weitgereist.de\/wp-content\/uploads\/2021\/04\/IMG_20210427_120644-768x575.jpg 768w, https:\/\/familie-weitgereist.de\/wp-content\/uploads\/2021\/04\/IMG_20210427_120644-1536x1150.jpg 1536w, https:\/\/familie-weitgereist.de\/wp-content\/uploads\/2021\/04\/IMG_20210427_120644-2048x1533.jpg 2048w, https:\/\/familie-weitgereist.de\/wp-content\/uploads\/2021\/04\/IMG_20210427_120644-1200x898.jpg 1200w, https:\/\/familie-weitgereist.de\/wp-content\/uploads\/2021\/04\/IMG_20210427_120644-1980x1482.jpg 1980w, https:\/\/familie-weitgereist.de\/wp-content\/uploads\/2021\/04\/IMG_20210427_120644-150x112.jpg 150w\" sizes=\"auto, (max-width: 1024px) 100vw, 1024px\" \/><\/figure>\n<figcaption class=\"blocks-gallery-caption wp-element-caption\">Radwege im Gebiet Oberspreewald-Lausitz<\/figcaption><\/figure>\n\n\n\n<p>Im Zentrum von Kroppen steht die wundersch\u00f6ne Barockkirche aus dem Jahr 1721. <\/p>\n\n\n\n<figure class=\"wp-block-image size-large\"><img loading=\"lazy\" decoding=\"async\" width=\"1024\" height=\"768\" src=\"https:\/\/familie-weitgereist.de\/wp-content\/uploads\/2021\/04\/IMG_20210427_123316-1024x768.jpg\" alt=\"\" class=\"wp-image-5195\" srcset=\"https:\/\/familie-weitgereist.de\/wp-content\/uploads\/2021\/04\/IMG_20210427_123316-1024x768.jpg 1024w, https:\/\/familie-weitgereist.de\/wp-content\/uploads\/2021\/04\/IMG_20210427_123316-300x225.jpg 300w, https:\/\/familie-weitgereist.de\/wp-content\/uploads\/2021\/04\/IMG_20210427_123316-768x576.jpg 768w, https:\/\/familie-weitgereist.de\/wp-content\/uploads\/2021\/04\/IMG_20210427_123316-1536x1152.jpg 1536w, https:\/\/familie-weitgereist.de\/wp-content\/uploads\/2021\/04\/IMG_20210427_123316-2048x1536.jpg 2048w, https:\/\/familie-weitgereist.de\/wp-content\/uploads\/2021\/04\/IMG_20210427_123316-1200x900.jpg 1200w, https:\/\/familie-weitgereist.de\/wp-content\/uploads\/2021\/04\/IMG_20210427_123316-1980x1485.jpg 1980w, https:\/\/familie-weitgereist.de\/wp-content\/uploads\/2021\/04\/IMG_20210427_123316-853x640.jpg 853w, https:\/\/familie-weitgereist.de\/wp-content\/uploads\/2021\/04\/IMG_20210427_123316-150x113.jpg 150w\" sizes=\"auto, (max-width: 1024px) 100vw, 1024px\" \/><figcaption class=\"wp-element-caption\">Barockkirche in Kroppen<\/figcaption><\/figure>\n\n\n\n<p>Unser pers\u00f6nliches Highlight ist der <strong>Landschaftspark in Kroppen<\/strong>. Der 17 ha gro\u00dfe Park wurde 1884 nach den Entw\u00fcrfen von Eduard Petzold, einem Sch\u00fcler von F\u00fcrst P\u00fcckler, gestaltet. Die Pulsnitz flie\u00dft durch den Park, ein kleiner Ententeich und Br\u00fccken zieren den Park. Viele Picknickb\u00e4nke laden zur Erholung ein. <\/p>\n\n\n\n<div id=\"wp-block-themeisle-blocks-slider-ddc11cf0\" class=\"wp-block-themeisle-blocks-slider glide\" data-per-view=\"1\" data-gap=\"0\" data-peek=\"0\" data-autoplay=\"true\" data-height=\"400px\" data-hide-arrows=\"false\"><div class=\"glide__track\" data-glide-el=\"track\"><div class=\"glide__slides\"><div class=\"wp-block-themeisle-blocks-slider-item-wrapper glide__slide\" tabindex=\"0\"><figure><img decoding=\"async\" class=\"wp-block-themeisle-blocks-slider-item\" src=\"https:\/\/familie-weitgereist.de\/wp-content\/uploads\/2021\/04\/IMG_20210427_145327-scaled.jpg\" alt=\"\" title=\"\" data-id=\"5207\"\/><\/figure><\/div><div class=\"wp-block-themeisle-blocks-slider-item-wrapper glide__slide\" tabindex=\"0\"><figure><img decoding=\"async\" class=\"wp-block-themeisle-blocks-slider-item\" src=\"https:\/\/familie-weitgereist.de\/wp-content\/uploads\/2021\/04\/IMG_20210427_141438-scaled.jpg\" alt=\"\" title=\"\" data-id=\"5209\"\/><\/figure><\/div><div class=\"wp-block-themeisle-blocks-slider-item-wrapper glide__slide\" tabindex=\"0\"><figure><img decoding=\"async\" class=\"wp-block-themeisle-blocks-slider-item\" src=\"https:\/\/familie-weitgereist.de\/wp-content\/uploads\/2021\/04\/IMG_20210427_141417-scaled.jpg\" alt=\"\" title=\"\" data-id=\"5210\"\/><\/figure><\/div><div class=\"wp-block-themeisle-blocks-slider-item-wrapper glide__slide\" tabindex=\"0\"><figure><img decoding=\"async\" class=\"wp-block-themeisle-blocks-slider-item\" src=\"https:\/\/familie-weitgereist.de\/wp-content\/uploads\/2021\/04\/IMG_20210427_140600-scaled.jpg\" alt=\"\" title=\"\" data-id=\"5211\"\/><\/figure><\/div><div class=\"wp-block-themeisle-blocks-slider-item-wrapper glide__slide\" tabindex=\"0\"><figure><img decoding=\"async\" class=\"wp-block-themeisle-blocks-slider-item\" src=\"https:\/\/familie-weitgereist.de\/wp-content\/uploads\/2021\/04\/IMG_20210427_131411-scaled.jpg\" alt=\"\" title=\"\" data-id=\"5212\"\/><\/figure><\/div><div class=\"wp-block-themeisle-blocks-slider-item-wrapper glide__slide\" tabindex=\"0\"><figure><img decoding=\"async\" class=\"wp-block-themeisle-blocks-slider-item\" src=\"https:\/\/familie-weitgereist.de\/wp-content\/uploads\/2021\/04\/IMG_20210427_124707-scaled.jpg\" alt=\"\" title=\"\" data-id=\"5213\"\/><\/figure><\/div><div class=\"wp-block-themeisle-blocks-slider-item-wrapper glide__slide\" tabindex=\"0\"><figure><img decoding=\"async\" class=\"wp-block-themeisle-blocks-slider-item\" src=\"https:\/\/familie-weitgereist.de\/wp-content\/uploads\/2021\/04\/IMG_20210427_124421-scaled.jpg\" alt=\"\" title=\"\" data-id=\"5214\"\/><\/figure><\/div><\/div><div class=\"glide__bullets\" data-glide-el=\"controls[nav]\"><button class=\"glide__bullet\" data-glide-dir=\"=0\"><\/button><button class=\"glide__bullet\" data-glide-dir=\"=1\"><\/button><button class=\"glide__bullet\" data-glide-dir=\"=2\"><\/button><button class=\"glide__bullet\" data-glide-dir=\"=3\"><\/button><button class=\"glide__bullet\" data-glide-dir=\"=4\"><\/button><button class=\"glide__bullet\" data-glide-dir=\"=5\"><\/button><button class=\"glide__bullet\" data-glide-dir=\"=6\"><\/button><\/div><\/div><\/div>\n\n\n\n<p>Kroppen besa\u00df bis 1948 ein Schloss. Dieses wurde 1679 durch Haubold von Miltitz erbaut. Heute erinnert eine Holztafel an das ehemalige Schloss.<\/p>\n\n\n\n<figure class=\"wp-block-image size-large\"><img loading=\"lazy\" decoding=\"async\" width=\"1024\" height=\"768\" src=\"https:\/\/familie-weitgereist.de\/wp-content\/uploads\/2021\/04\/IMG_20210427_123651-1024x768.jpg\" alt=\"\" class=\"wp-image-5204\" srcset=\"https:\/\/familie-weitgereist.de\/wp-content\/uploads\/2021\/04\/IMG_20210427_123651-1024x768.jpg 1024w, https:\/\/familie-weitgereist.de\/wp-content\/uploads\/2021\/04\/IMG_20210427_123651-300x225.jpg 300w, https:\/\/familie-weitgereist.de\/wp-content\/uploads\/2021\/04\/IMG_20210427_123651-768x576.jpg 768w, https:\/\/familie-weitgereist.de\/wp-content\/uploads\/2021\/04\/IMG_20210427_123651-1536x1152.jpg 1536w, https:\/\/familie-weitgereist.de\/wp-content\/uploads\/2021\/04\/IMG_20210427_123651-2048x1536.jpg 2048w, https:\/\/familie-weitgereist.de\/wp-content\/uploads\/2021\/04\/IMG_20210427_123651-1200x900.jpg 1200w, https:\/\/familie-weitgereist.de\/wp-content\/uploads\/2021\/04\/IMG_20210427_123651-1980x1485.jpg 1980w, https:\/\/familie-weitgereist.de\/wp-content\/uploads\/2021\/04\/IMG_20210427_123651-853x640.jpg 853w, https:\/\/familie-weitgereist.de\/wp-content\/uploads\/2021\/04\/IMG_20210427_123651-150x113.jpg 150w\" sizes=\"auto, (max-width: 1024px) 100vw, 1024px\" \/><\/figure>\n\n\n\n<p>Kroppen ist von W\u00e4ldern und vielen Teichen umgeben. Einige Teiche waren jedoch wasserlos. <\/p>\n\n\n\n<figure class=\"wp-block-image size-large\"><img loading=\"lazy\" decoding=\"async\" width=\"1024\" height=\"768\" src=\"https:\/\/familie-weitgereist.de\/wp-content\/uploads\/2021\/04\/IMG_20210427_122532-1-1024x768.jpg\" alt=\"\" class=\"wp-image-5197\" srcset=\"https:\/\/familie-weitgereist.de\/wp-content\/uploads\/2021\/04\/IMG_20210427_122532-1-1024x768.jpg 1024w, https:\/\/familie-weitgereist.de\/wp-content\/uploads\/2021\/04\/IMG_20210427_122532-1-300x225.jpg 300w, https:\/\/familie-weitgereist.de\/wp-content\/uploads\/2021\/04\/IMG_20210427_122532-1-768x576.jpg 768w, https:\/\/familie-weitgereist.de\/wp-content\/uploads\/2021\/04\/IMG_20210427_122532-1-1536x1152.jpg 1536w, https:\/\/familie-weitgereist.de\/wp-content\/uploads\/2021\/04\/IMG_20210427_122532-1-2048x1536.jpg 2048w, https:\/\/familie-weitgereist.de\/wp-content\/uploads\/2021\/04\/IMG_20210427_122532-1-1200x900.jpg 1200w, https:\/\/familie-weitgereist.de\/wp-content\/uploads\/2021\/04\/IMG_20210427_122532-1-1980x1485.jpg 1980w, https:\/\/familie-weitgereist.de\/wp-content\/uploads\/2021\/04\/IMG_20210427_122532-1-853x640.jpg 853w, https:\/\/familie-weitgereist.de\/wp-content\/uploads\/2021\/04\/IMG_20210427_122532-1-150x113.jpg 150w\" sizes=\"auto, (max-width: 1024px) 100vw, 1024px\" \/><figcaption class=\"wp-element-caption\">Birkteich bei Kroppen<\/figcaption><\/figure>\n\n\n\n<h2 class=\"wp-block-heading\" id=\"lieberoserwueste\">Lieberoser W\u00fcste<\/h2>\n\n\n\n<p>Die Lieberoser W\u00fcste ist die <strong>gr\u00f6\u00dfte und einzige W\u00fcste in Deutschland<\/strong>.<\/p>\n\n\n\n<figure class=\"wp-block-image size-large\"><img loading=\"lazy\" decoding=\"async\" width=\"1024\" height=\"768\" src=\"https:\/\/familie-weitgereist.de\/wp-content\/uploads\/2022\/08\/IMG_20220821_125036-1024x768.jpg\" alt=\"\" class=\"wp-image-10937\" srcset=\"https:\/\/familie-weitgereist.de\/wp-content\/uploads\/2022\/08\/IMG_20220821_125036-1024x768.jpg 1024w, https:\/\/familie-weitgereist.de\/wp-content\/uploads\/2022\/08\/IMG_20220821_125036-300x225.jpg 300w, https:\/\/familie-weitgereist.de\/wp-content\/uploads\/2022\/08\/IMG_20220821_125036-768x576.jpg 768w, https:\/\/familie-weitgereist.de\/wp-content\/uploads\/2022\/08\/IMG_20220821_125036-1536x1152.jpg 1536w, https:\/\/familie-weitgereist.de\/wp-content\/uploads\/2022\/08\/IMG_20220821_125036-2048x1536.jpg 2048w, https:\/\/familie-weitgereist.de\/wp-content\/uploads\/2022\/08\/IMG_20220821_125036-1200x900.jpg 1200w, https:\/\/familie-weitgereist.de\/wp-content\/uploads\/2022\/08\/IMG_20220821_125036-1980x1485.jpg 1980w, https:\/\/familie-weitgereist.de\/wp-content\/uploads\/2022\/08\/IMG_20220821_125036-150x113.jpg 150w\" sizes=\"auto, (max-width: 1024px) 100vw, 1024px\" \/><\/figure>\n\n\n\n<p>Sie befindet sich 20km n\u00f6rdlich von Cottbus. Die W\u00fcste selbst steht unter strengem Naturschutz und die Kernzone darf nicht betreten werden. Die Kernzone ist v\u00f6llig baumlos und \u00e4hnelt am ehesten einer W\u00fcstenlandschaft.<\/p>\n\n\n\n<figure class=\"wp-block-image size-large\"><img loading=\"lazy\" decoding=\"async\" width=\"1024\" height=\"768\" src=\"https:\/\/familie-weitgereist.de\/wp-content\/uploads\/2022\/08\/IMG_20220821_120132-1024x768.jpg\" alt=\"\" class=\"wp-image-10919\" srcset=\"https:\/\/familie-weitgereist.de\/wp-content\/uploads\/2022\/08\/IMG_20220821_120132-1024x768.jpg 1024w, https:\/\/familie-weitgereist.de\/wp-content\/uploads\/2022\/08\/IMG_20220821_120132-300x225.jpg 300w, https:\/\/familie-weitgereist.de\/wp-content\/uploads\/2022\/08\/IMG_20220821_120132-768x576.jpg 768w, https:\/\/familie-weitgereist.de\/wp-content\/uploads\/2022\/08\/IMG_20220821_120132-1536x1152.jpg 1536w, https:\/\/familie-weitgereist.de\/wp-content\/uploads\/2022\/08\/IMG_20220821_120132-2048x1536.jpg 2048w, https:\/\/familie-weitgereist.de\/wp-content\/uploads\/2022\/08\/IMG_20220821_120132-1200x900.jpg 1200w, https:\/\/familie-weitgereist.de\/wp-content\/uploads\/2022\/08\/IMG_20220821_120132-1980x1485.jpg 1980w, https:\/\/familie-weitgereist.de\/wp-content\/uploads\/2022\/08\/IMG_20220821_120132-150x113.jpg 150w\" sizes=\"auto, (max-width: 1024px) 100vw, 1024px\" \/><\/figure>\n\n\n\n<p>Im angrenzenden Sukzessionsgebiet f\u00fchrt ein Lehrpfad durch das W\u00fcstengebiet. Mit vielen Mitmachstationen ist es auch f\u00fcr Kinder spannend gestaltet. Wir genossen die Ruhe der Natur, denn wir begegneten trotz Sommerferien niemandem.<\/p>\n\n\n\n<div id=\"wp-block-themeisle-blocks-slider-db218f52\" class=\"wp-block-themeisle-blocks-slider glide\" data-per-view=\"1\" data-gap=\"0\" data-peek=\"0\" data-autoplay=\"true\" data-height=\"400px\" data-hide-arrows=\"false\"><div class=\"glide__track\" data-glide-el=\"track\"><div class=\"glide__slides\"><div class=\"wp-block-themeisle-blocks-slider-item-wrapper glide__slide\" tabindex=\"0\"><figure><img decoding=\"async\" class=\"wp-block-themeisle-blocks-slider-item\" src=\"https:\/\/familie-weitgereist.de\/wp-content\/uploads\/2022\/08\/IMG_20220821_132034-scaled.jpg\" alt=\"\" title=\"\" data-id=\"10921\"\/><\/figure><\/div><div class=\"wp-block-themeisle-blocks-slider-item-wrapper glide__slide\" tabindex=\"0\"><figure><img decoding=\"async\" class=\"wp-block-themeisle-blocks-slider-item\" src=\"https:\/\/familie-weitgereist.de\/wp-content\/uploads\/2022\/08\/IMG_20220821_130314-scaled.jpg\" alt=\"\" title=\"\" data-id=\"10922\"\/><\/figure><\/div><div class=\"wp-block-themeisle-blocks-slider-item-wrapper glide__slide\" tabindex=\"0\"><figure><img decoding=\"async\" class=\"wp-block-themeisle-blocks-slider-item\" src=\"https:\/\/familie-weitgereist.de\/wp-content\/uploads\/2022\/08\/IMG_20220821_130035-scaled.jpg\" alt=\"\" title=\"\" data-id=\"10923\"\/><\/figure><\/div><\/div><div class=\"glide__bullets\" data-glide-el=\"controls[nav]\"><button class=\"glide__bullet\" data-glide-dir=\"=0\"><\/button><button class=\"glide__bullet\" data-glide-dir=\"=1\"><\/button><button class=\"glide__bullet\" data-glide-dir=\"=2\"><\/button><\/div><\/div><\/div>\n\n\n\n<p>Im Sukzessionsgebiet wird die Natur sich selbst \u00fcberlassen und kann sich wieder frei entfalten. Seit 2006 geh\u00f6rt das Areal zur Stiftung <strong>Naturlandschaften Brandenburg<\/strong>.<\/p>\n\n\n\n<p>Die W\u00fcste hat eine Fl\u00e4che von ca. 5 km\u00b2 und entstand durch eine \u00dcbernutzung des Waldes im k\u00f6niglichen Preu\u00dfen. Ein gro\u00dffl\u00e4chiger Waldbrand 1942 zerst\u00f6rte den restlichen Forstbestand in diesem Gebiet. Im 2. Weltkrieg entstand ein SS-Truppen\u00fcbungsplatz, der jedoch nie komplett in Betrieb genommen wurde. Nach dem 2. Weltkrieg entstand hier der gr\u00f6\u00dfte sowjetische Truppen\u00fcbungsplatz in Ostdeutschland. Panzer durchw\u00fchlten den Boden und vernichteten jede pflanzliche Existenz. Nach ihrem Abzug wurde die Natur sich selbst \u00fcberlassen. Mittlerweile siedeln im Gebiet W\u00f6lfe, Hirsche und sogar Elche. Besonders die n\u00e4chtliche Dunkelheit zieht die nachtaktiven Tiere an. Aufgrund einer sehr geringen Bev\u00f6lkerungsdichte ist keine Lichtverschmutzung vorhanden.<\/p>\n\n\n\n<div id=\"wp-block-themeisle-blocks-slider-57c19dde\" class=\"wp-block-themeisle-blocks-slider glide\" data-per-view=\"1\" data-gap=\"0\" data-peek=\"0\" data-autoplay=\"true\" data-height=\"400px\" data-hide-arrows=\"false\"><div class=\"glide__track\" data-glide-el=\"track\"><div class=\"glide__slides\"><div class=\"wp-block-themeisle-blocks-slider-item-wrapper glide__slide\" tabindex=\"0\"><figure><img decoding=\"async\" class=\"wp-block-themeisle-blocks-slider-item\" src=\"https:\/\/familie-weitgereist.de\/wp-content\/uploads\/2022\/08\/IMG_20220821_131832-scaled.jpg\" alt=\"\" title=\"\" data-id=\"10932\"\/><\/figure><\/div><div class=\"wp-block-themeisle-blocks-slider-item-wrapper glide__slide\" tabindex=\"0\"><figure><img decoding=\"async\" class=\"wp-block-themeisle-blocks-slider-item\" src=\"https:\/\/familie-weitgereist.de\/wp-content\/uploads\/2022\/08\/IMG_20220821_130755-scaled.jpg\" alt=\"\" title=\"\" data-id=\"10933\"\/><\/figure><\/div><div class=\"wp-block-themeisle-blocks-slider-item-wrapper glide__slide\" tabindex=\"0\"><figure><img decoding=\"async\" class=\"wp-block-themeisle-blocks-slider-item\" src=\"https:\/\/familie-weitgereist.de\/wp-content\/uploads\/2022\/08\/IMG_20220821_125249-scaled.jpg\" alt=\"\" title=\"\" data-id=\"10935\"\/><\/figure><\/div><\/div><div class=\"glide__bullets\" data-glide-el=\"controls[nav]\"><button class=\"glide__bullet\" data-glide-dir=\"=0\"><\/button><button class=\"glide__bullet\" data-glide-dir=\"=1\"><\/button><button class=\"glide__bullet\" data-glide-dir=\"=2\"><\/button><\/div><\/div><\/div>\n\n\n\n<p>In dem ansonsten komplett flachen Gebiet wurde ein <strong>7 m hoher Generalsh\u00fcgel<\/strong> aufgesch\u00fcttet, von dem beobachteten die Gener\u00e4le ihre Truppen bei den Waffen\u00fcbungen. Heutzutage bietet er eine kleine Aussicht auf das Areal, die jedoch zunehmend durch die wachsenden B\u00e4ume beeintr\u00e4chtigt wird.<\/p>\n\n\n\n<div id=\"wp-block-themeisle-blocks-slider-cbcfada4\" class=\"wp-block-themeisle-blocks-slider glide\" data-per-view=\"1\" data-gap=\"0\" data-peek=\"0\" data-autoplay=\"true\" data-height=\"400px\" data-hide-arrows=\"false\"><div class=\"glide__track\" data-glide-el=\"track\"><div class=\"glide__slides\"><div class=\"wp-block-themeisle-blocks-slider-item-wrapper glide__slide\" tabindex=\"0\"><figure><img decoding=\"async\" class=\"wp-block-themeisle-blocks-slider-item\" src=\"https:\/\/familie-weitgereist.de\/wp-content\/uploads\/2022\/08\/IMG_20220821_121649-scaled.jpg\" alt=\"\" title=\"\" data-id=\"10928\"\/><\/figure><\/div><div class=\"wp-block-themeisle-blocks-slider-item-wrapper glide__slide\" tabindex=\"0\"><figure><img decoding=\"async\" class=\"wp-block-themeisle-blocks-slider-item\" src=\"https:\/\/familie-weitgereist.de\/wp-content\/uploads\/2022\/08\/IMG_20220821_121439-scaled.jpg\" alt=\"\" title=\"\" data-id=\"10930\"\/><\/figure><\/div><\/div><div class=\"glide__bullets\" data-glide-el=\"controls[nav]\"><button class=\"glide__bullet\" data-glide-dir=\"=0\"><\/button><button class=\"glide__bullet\" data-glide-dir=\"=1\"><\/button><\/div><\/div><\/div>\n\n\n\n<p>Direkt daneben befindet sich ein <strong>ehemaliger Hubschrauberlandeplatz<\/strong>. Heute f\u00fchrt der Sukzessionspfad um den Platz herum und anhand vieler lehrreicher Informationstafeln wird die Geschichte der Lieberoser W\u00fcste erkl\u00e4rt.<\/p>\n\n\n\n<figure class=\"wp-block-image size-large\"><img loading=\"lazy\" decoding=\"async\" width=\"1024\" height=\"768\" src=\"https:\/\/familie-weitgereist.de\/wp-content\/uploads\/2022\/08\/IMG_20220821_124403-1024x768.jpg\" alt=\"\" class=\"wp-image-10927\" srcset=\"https:\/\/familie-weitgereist.de\/wp-content\/uploads\/2022\/08\/IMG_20220821_124403-1024x768.jpg 1024w, https:\/\/familie-weitgereist.de\/wp-content\/uploads\/2022\/08\/IMG_20220821_124403-300x225.jpg 300w, https:\/\/familie-weitgereist.de\/wp-content\/uploads\/2022\/08\/IMG_20220821_124403-768x576.jpg 768w, https:\/\/familie-weitgereist.de\/wp-content\/uploads\/2022\/08\/IMG_20220821_124403-1536x1152.jpg 1536w, https:\/\/familie-weitgereist.de\/wp-content\/uploads\/2022\/08\/IMG_20220821_124403-2048x1536.jpg 2048w, https:\/\/familie-weitgereist.de\/wp-content\/uploads\/2022\/08\/IMG_20220821_124403-1200x900.jpg 1200w, https:\/\/familie-weitgereist.de\/wp-content\/uploads\/2022\/08\/IMG_20220821_124403-1980x1485.jpg 1980w, https:\/\/familie-weitgereist.de\/wp-content\/uploads\/2022\/08\/IMG_20220821_124403-150x113.jpg 150w\" sizes=\"auto, (max-width: 1024px) 100vw, 1024px\" \/><\/figure>\n\n\n\n<p>Entlang des Sukzessionspfades befindet sich ein <strong>Wall aus Sand<\/strong>, dessen ehemalige Bedeutung nicht eindeutig gekl\u00e4rt ist. Vermutet wird, dass er als Sch\u00fctzengraben diente. Heute w\u00e4chst hier vor allem die Heide.<\/p>\n\n\n\n<figure class=\"wp-block-image size-large\"><img loading=\"lazy\" decoding=\"async\" width=\"1024\" height=\"768\" src=\"https:\/\/familie-weitgereist.de\/wp-content\/uploads\/2022\/08\/IMG_20220821_125830-1-1024x768.jpg\" alt=\"\" class=\"wp-image-10926\" srcset=\"https:\/\/familie-weitgereist.de\/wp-content\/uploads\/2022\/08\/IMG_20220821_125830-1-1024x768.jpg 1024w, https:\/\/familie-weitgereist.de\/wp-content\/uploads\/2022\/08\/IMG_20220821_125830-1-300x225.jpg 300w, https:\/\/familie-weitgereist.de\/wp-content\/uploads\/2022\/08\/IMG_20220821_125830-1-768x576.jpg 768w, https:\/\/familie-weitgereist.de\/wp-content\/uploads\/2022\/08\/IMG_20220821_125830-1-1536x1152.jpg 1536w, https:\/\/familie-weitgereist.de\/wp-content\/uploads\/2022\/08\/IMG_20220821_125830-1-2048x1536.jpg 2048w, https:\/\/familie-weitgereist.de\/wp-content\/uploads\/2022\/08\/IMG_20220821_125830-1-1200x900.jpg 1200w, https:\/\/familie-weitgereist.de\/wp-content\/uploads\/2022\/08\/IMG_20220821_125830-1-1980x1485.jpg 1980w, https:\/\/familie-weitgereist.de\/wp-content\/uploads\/2022\/08\/IMG_20220821_125830-1-150x113.jpg 150w\" sizes=\"auto, (max-width: 1024px) 100vw, 1024px\" \/><\/figure>\n\n\n\n<p>Ein kostenloser Parkplatz steht zur Verf\u00fcgung. Einkehrm\u00f6glichkeiten gibt es direkt vor Ort nicht. Vor Ort wird darauf hingewiesen, unbedingt auf den Wegen zu bleiben, denn eventuell befindet sich noch ehemalige Munition im Gel\u00e4nde.<\/p>\n\n\n\n<figure class=\"wp-block-image size-large\"><img loading=\"lazy\" decoding=\"async\" width=\"1024\" height=\"768\" src=\"https:\/\/familie-weitgereist.de\/wp-content\/uploads\/2022\/08\/IMG_20220821_125430-1024x768.jpg\" alt=\"\" class=\"wp-image-10924\" srcset=\"https:\/\/familie-weitgereist.de\/wp-content\/uploads\/2022\/08\/IMG_20220821_125430-1024x768.jpg 1024w, https:\/\/familie-weitgereist.de\/wp-content\/uploads\/2022\/08\/IMG_20220821_125430-300x225.jpg 300w, https:\/\/familie-weitgereist.de\/wp-content\/uploads\/2022\/08\/IMG_20220821_125430-768x576.jpg 768w, https:\/\/familie-weitgereist.de\/wp-content\/uploads\/2022\/08\/IMG_20220821_125430-1536x1152.jpg 1536w, https:\/\/familie-weitgereist.de\/wp-content\/uploads\/2022\/08\/IMG_20220821_125430-2048x1536.jpg 2048w, https:\/\/familie-weitgereist.de\/wp-content\/uploads\/2022\/08\/IMG_20220821_125430-1200x900.jpg 1200w, https:\/\/familie-weitgereist.de\/wp-content\/uploads\/2022\/08\/IMG_20220821_125430-1980x1485.jpg 1980w, https:\/\/familie-weitgereist.de\/wp-content\/uploads\/2022\/08\/IMG_20220821_125430-150x113.jpg 150w\" sizes=\"auto, (max-width: 1024px) 100vw, 1024px\" \/><\/figure>\n\n\n\n<h2 class=\"wp-block-heading\" id=\"luckau\">Luckau<\/h2>\n\n\n\n<p>Die Stadt Luckau liegt unweit des Spreewaldes und wurde schon 1276 das erste Mal urkundlich erw\u00e4hnt. Das Stadtzentrum ist mittelalterlich gepr\u00e4gt.<\/p>\n\n\n\n<figure class=\"wp-block-image size-large\"><img loading=\"lazy\" decoding=\"async\" width=\"1024\" height=\"768\" src=\"https:\/\/familie-weitgereist.de\/wp-content\/uploads\/2022\/10\/IMG_20221008_143104-1024x768.jpg\" alt=\"\" class=\"wp-image-11172\" srcset=\"https:\/\/familie-weitgereist.de\/wp-content\/uploads\/2022\/10\/IMG_20221008_143104-1024x768.jpg 1024w, https:\/\/familie-weitgereist.de\/wp-content\/uploads\/2022\/10\/IMG_20221008_143104-300x225.jpg 300w, https:\/\/familie-weitgereist.de\/wp-content\/uploads\/2022\/10\/IMG_20221008_143104-768x576.jpg 768w, https:\/\/familie-weitgereist.de\/wp-content\/uploads\/2022\/10\/IMG_20221008_143104-1536x1152.jpg 1536w, https:\/\/familie-weitgereist.de\/wp-content\/uploads\/2022\/10\/IMG_20221008_143104-2048x1536.jpg 2048w, https:\/\/familie-weitgereist.de\/wp-content\/uploads\/2022\/10\/IMG_20221008_143104-1200x900.jpg 1200w, https:\/\/familie-weitgereist.de\/wp-content\/uploads\/2022\/10\/IMG_20221008_143104-1980x1485.jpg 1980w, https:\/\/familie-weitgereist.de\/wp-content\/uploads\/2022\/10\/IMG_20221008_143104-150x113.jpg 150w\" sizes=\"auto, (max-width: 1024px) 100vw, 1024px\" \/><\/figure>\n\n\n\n<p>Der <strong>Rote Turm<\/strong> ist Teil der mittelalterlichen Befestigungsanlage und wir sahen wie die Stadtmauer fr\u00fcher dort verlief.<\/p>\n\n\n\n<figure class=\"wp-block-image size-large\"><img loading=\"lazy\" decoding=\"async\" width=\"1024\" height=\"576\" src=\"https:\/\/familie-weitgereist.de\/wp-content\/uploads\/2022\/10\/PXL_20221008_101048472-1024x576.jpg\" alt=\"\" class=\"wp-image-11173\" srcset=\"https:\/\/familie-weitgereist.de\/wp-content\/uploads\/2022\/10\/PXL_20221008_101048472-1024x576.jpg 1024w, https:\/\/familie-weitgereist.de\/wp-content\/uploads\/2022\/10\/PXL_20221008_101048472-300x169.jpg 300w, https:\/\/familie-weitgereist.de\/wp-content\/uploads\/2022\/10\/PXL_20221008_101048472-768x432.jpg 768w, https:\/\/familie-weitgereist.de\/wp-content\/uploads\/2022\/10\/PXL_20221008_101048472-1536x864.jpg 1536w, https:\/\/familie-weitgereist.de\/wp-content\/uploads\/2022\/10\/PXL_20221008_101048472-2048x1152.jpg 2048w, https:\/\/familie-weitgereist.de\/wp-content\/uploads\/2022\/10\/PXL_20221008_101048472-1200x675.jpg 1200w, https:\/\/familie-weitgereist.de\/wp-content\/uploads\/2022\/10\/PXL_20221008_101048472-1980x1114.jpg 1980w, https:\/\/familie-weitgereist.de\/wp-content\/uploads\/2022\/10\/PXL_20221008_101048472-150x84.jpg 150w\" sizes=\"auto, (max-width: 1024px) 100vw, 1024px\" \/><\/figure>\n\n\n\n<p>Der <strong>Dom der Niederlausitz (Hallenkirche St. Nikolai) <\/strong>und die <strong>Georgenkapelle<\/strong> bilden ein sch\u00f6nes Ensemble in der Altstadt. Leider waren beide Kirchen verschlossen, als wir dort waren.<\/p>\n\n\n\n<figure class=\"wp-block-gallery has-nested-images columns-default is-cropped wp-block-gallery-3 is-layout-flex wp-block-gallery-is-layout-flex\">\n<figure class=\"wp-block-image size-large\"><img loading=\"lazy\" decoding=\"async\" width=\"768\" height=\"1024\" data-id=\"11174\" src=\"https:\/\/familie-weitgereist.de\/wp-content\/uploads\/2022\/10\/IMG_20221008_142817-768x1024.jpg\" alt=\"\" class=\"wp-image-11174\" srcset=\"https:\/\/familie-weitgereist.de\/wp-content\/uploads\/2022\/10\/IMG_20221008_142817-768x1024.jpg 768w, https:\/\/familie-weitgereist.de\/wp-content\/uploads\/2022\/10\/IMG_20221008_142817-225x300.jpg 225w, https:\/\/familie-weitgereist.de\/wp-content\/uploads\/2022\/10\/IMG_20221008_142817-1152x1536.jpg 1152w, https:\/\/familie-weitgereist.de\/wp-content\/uploads\/2022\/10\/IMG_20221008_142817-1536x2048.jpg 1536w, https:\/\/familie-weitgereist.de\/wp-content\/uploads\/2022\/10\/IMG_20221008_142817-1200x1600.jpg 1200w, https:\/\/familie-weitgereist.de\/wp-content\/uploads\/2022\/10\/IMG_20221008_142817-1980x2640.jpg 1980w, https:\/\/familie-weitgereist.de\/wp-content\/uploads\/2022\/10\/IMG_20221008_142817-640x853.jpg 640w, https:\/\/familie-weitgereist.de\/wp-content\/uploads\/2022\/10\/IMG_20221008_142817-150x200.jpg 150w, https:\/\/familie-weitgereist.de\/wp-content\/uploads\/2022\/10\/IMG_20221008_142817-scaled.jpg 1920w\" sizes=\"auto, (max-width: 768px) 100vw, 768px\" \/><\/figure>\n\n\n\n<figure class=\"wp-block-image size-large\"><img loading=\"lazy\" decoding=\"async\" width=\"768\" height=\"1024\" data-id=\"11176\" src=\"https:\/\/familie-weitgereist.de\/wp-content\/uploads\/2022\/10\/IMG_20221008_114156-768x1024.jpg\" alt=\"\" class=\"wp-image-11176\" srcset=\"https:\/\/familie-weitgereist.de\/wp-content\/uploads\/2022\/10\/IMG_20221008_114156-768x1024.jpg 768w, https:\/\/familie-weitgereist.de\/wp-content\/uploads\/2022\/10\/IMG_20221008_114156-225x300.jpg 225w, https:\/\/familie-weitgereist.de\/wp-content\/uploads\/2022\/10\/IMG_20221008_114156-1152x1536.jpg 1152w, https:\/\/familie-weitgereist.de\/wp-content\/uploads\/2022\/10\/IMG_20221008_114156-1536x2048.jpg 1536w, https:\/\/familie-weitgereist.de\/wp-content\/uploads\/2022\/10\/IMG_20221008_114156-1200x1600.jpg 1200w, https:\/\/familie-weitgereist.de\/wp-content\/uploads\/2022\/10\/IMG_20221008_114156-1980x2640.jpg 1980w, https:\/\/familie-weitgereist.de\/wp-content\/uploads\/2022\/10\/IMG_20221008_114156-640x853.jpg 640w, https:\/\/familie-weitgereist.de\/wp-content\/uploads\/2022\/10\/IMG_20221008_114156-150x200.jpg 150w, https:\/\/familie-weitgereist.de\/wp-content\/uploads\/2022\/10\/IMG_20221008_114156-scaled.jpg 1920w\" sizes=\"auto, (max-width: 768px) 100vw, 768px\" \/><\/figure>\n\n\n\n<figure class=\"wp-block-image size-large\"><img loading=\"lazy\" decoding=\"async\" width=\"1024\" height=\"768\" data-id=\"11175\" src=\"https:\/\/familie-weitgereist.de\/wp-content\/uploads\/2022\/10\/IMG_20221008_114334-1024x768.jpg\" alt=\"\" class=\"wp-image-11175\" srcset=\"https:\/\/familie-weitgereist.de\/wp-content\/uploads\/2022\/10\/IMG_20221008_114334-1024x768.jpg 1024w, https:\/\/familie-weitgereist.de\/wp-content\/uploads\/2022\/10\/IMG_20221008_114334-300x225.jpg 300w, https:\/\/familie-weitgereist.de\/wp-content\/uploads\/2022\/10\/IMG_20221008_114334-768x576.jpg 768w, https:\/\/familie-weitgereist.de\/wp-content\/uploads\/2022\/10\/IMG_20221008_114334-1536x1152.jpg 1536w, https:\/\/familie-weitgereist.de\/wp-content\/uploads\/2022\/10\/IMG_20221008_114334-2048x1536.jpg 2048w, https:\/\/familie-weitgereist.de\/wp-content\/uploads\/2022\/10\/IMG_20221008_114334-1200x900.jpg 1200w, https:\/\/familie-weitgereist.de\/wp-content\/uploads\/2022\/10\/IMG_20221008_114334-1980x1485.jpg 1980w, https:\/\/familie-weitgereist.de\/wp-content\/uploads\/2022\/10\/IMG_20221008_114334-150x113.jpg 150w\" sizes=\"auto, (max-width: 1024px) 100vw, 1024px\" \/><\/figure>\n<\/figure>\n\n\n\n<p>Zudem bietet das <strong>Gel\u00e4nde der 1. Landesgartenschau in Brandenburg aus dem Jahr 2000<\/strong> eine gro\u00dfe Erholungsoase mit gro\u00dfem Spielplatz.<\/p>\n\n\n\n<div id=\"wp-block-themeisle-blocks-slider-61d0696d\" class=\"wp-block-themeisle-blocks-slider glide\" data-per-view=\"1\" data-gap=\"0\" data-peek=\"0\" data-autoplay=\"true\" data-height=\"337px\" data-hide-arrows=\"false\"><div class=\"glide__track\" data-glide-el=\"track\"><div class=\"glide__slides\"><div class=\"wp-block-themeisle-blocks-slider-item-wrapper glide__slide\" tabindex=\"0\"><figure><img decoding=\"async\" class=\"wp-block-themeisle-blocks-slider-item\" src=\"https:\/\/familie-weitgereist.de\/wp-content\/uploads\/2022\/10\/PXL_20221008_105313430-1-scaled.jpg\" alt=\"\" title=\"\" data-id=\"11179\"\/><\/figure><\/div><div class=\"wp-block-themeisle-blocks-slider-item-wrapper glide__slide\" tabindex=\"0\"><figure><img decoding=\"async\" class=\"wp-block-themeisle-blocks-slider-item\" src=\"https:\/\/familie-weitgereist.de\/wp-content\/uploads\/2022\/10\/IMG_20221008_132523-scaled.jpg\" alt=\"\" title=\"\" data-id=\"11182\"\/><\/figure><\/div><div class=\"wp-block-themeisle-blocks-slider-item-wrapper glide__slide\" tabindex=\"0\"><figure><img decoding=\"async\" class=\"wp-block-themeisle-blocks-slider-item\" src=\"https:\/\/familie-weitgereist.de\/wp-content\/uploads\/2022\/10\/IMG_20221008_123350-scaled.jpg\" alt=\"\" title=\"\" data-id=\"11183\"\/><\/figure><\/div><\/div><div class=\"glide__bullets\" data-glide-el=\"controls[nav]\"><button class=\"glide__bullet\" data-glide-dir=\"=0\"><\/button><button class=\"glide__bullet\" data-glide-dir=\"=1\"><\/button><button class=\"glide__bullet\" data-glide-dir=\"=2\"><\/button><\/div><\/div><\/div>\n\n\n\n<p>Wir verbrachten ca. 4 Stunden in Luckau, schlenderten durch die Altstadt und spielten im ehemaligen Gel\u00e4nde der Landesgartenschau Luckau.<\/p>\n\n\n\n<h2 class=\"wp-block-heading\" id=\"pritzen\">Pritzen<\/h2>\n\n\n\n<p><strong>Pritzen<\/strong> liegt am Altd\u00f6berner See und man k\u00f6nnte sogar meinen, es liegt am Ende der Welt, da es auf einer Landzunge im Altd\u00f6berner See liegt. Dieser See ist nicht zum Baden frei gegeben, denn es finden noch viele Sicherungsma\u00dfnahmen statt, damit es zu keiner Rutschung kommt. Zwischen 1982 und 1989 wurden gro\u00dfe Teile des Ortes zugunsten des Braunkohletagebaus abgebrochen. Die Kirche wurde schon abgetragen, der Friedhof umgebettet und die meisten Einwohner verlie\u00dfen Pritzen. 1992 fiel die Entscheidung, dass der Tagebau gestoppt wird. Nur noch 32 Menschen lebten in Pritzen. Viele Menschen leben auch heute nicht mehr in dort, es sind ca. 70 Einwohner.<\/p>\n\n\n\n<figure class=\"wp-block-image size-large\"><img loading=\"lazy\" decoding=\"async\" width=\"1024\" height=\"768\" src=\"https:\/\/familie-weitgereist.de\/wp-content\/uploads\/2021\/05\/IMG_20210504_123509-1024x768.jpg\" alt=\"\" class=\"wp-image-5279\" srcset=\"https:\/\/familie-weitgereist.de\/wp-content\/uploads\/2021\/05\/IMG_20210504_123509-1024x768.jpg 1024w, https:\/\/familie-weitgereist.de\/wp-content\/uploads\/2021\/05\/IMG_20210504_123509-300x225.jpg 300w, https:\/\/familie-weitgereist.de\/wp-content\/uploads\/2021\/05\/IMG_20210504_123509-768x576.jpg 768w, https:\/\/familie-weitgereist.de\/wp-content\/uploads\/2021\/05\/IMG_20210504_123509-1536x1152.jpg 1536w, https:\/\/familie-weitgereist.de\/wp-content\/uploads\/2021\/05\/IMG_20210504_123509-2048x1536.jpg 2048w, https:\/\/familie-weitgereist.de\/wp-content\/uploads\/2021\/05\/IMG_20210504_123509-1200x900.jpg 1200w, https:\/\/familie-weitgereist.de\/wp-content\/uploads\/2021\/05\/IMG_20210504_123509-1980x1485.jpg 1980w, https:\/\/familie-weitgereist.de\/wp-content\/uploads\/2021\/05\/IMG_20210504_123509-853x640.jpg 853w, https:\/\/familie-weitgereist.de\/wp-content\/uploads\/2021\/05\/IMG_20210504_123509-150x113.jpg 150w\" sizes=\"auto, (max-width: 1024px) 100vw, 1024px\" \/><figcaption class=\"wp-element-caption\">Ortskern von Pritzen mit Kriegerdenkmal<\/figcaption><\/figure>\n\n\n\n<p>Interessant und bekannt ist dieses kleine Dorf f\u00fcr zwei Europa Landart Biennalen, die 1993 und 1995 stattfanden. Internationale K\u00fcnstler lie\u00dfen sich von dem nahezu verlassenen Dorf in der Bergbaufolgelandschaft inspirieren und realisierten unterschiedliche Kunstprojekte.<\/p>\n\n\n\n<p>Am bekanntesten ist der Stonehenge von Pritzen. Betonplatten wurden auf einer Anh\u00f6he aufgestellt und \u00e4hneln dem ber\u00fchmten Stonehenge. Zudem bietet sich ein sch\u00f6ner Ausblick auf den Altd\u00f6berner See.<\/p>\n\n\n\n<div id=\"wp-block-themeisle-blocks-slider-04046531\" class=\"wp-block-themeisle-blocks-slider glide\" data-per-view=\"1\" data-gap=\"0\" data-peek=\"0\" data-autoplay=\"true\" data-height=\"338px\" data-hide-arrows=\"false\"><div class=\"glide__track\" data-glide-el=\"track\"><div class=\"glide__slides\"><div class=\"wp-block-themeisle-blocks-slider-item-wrapper glide__slide\" tabindex=\"0\"><figure><img decoding=\"async\" class=\"wp-block-themeisle-blocks-slider-item\" src=\"https:\/\/familie-weitgereist.de\/wp-content\/uploads\/2021\/05\/IMG_20210504_125056-scaled.jpg\" alt=\"\" title=\"\" data-id=\"5271\"\/><\/figure><\/div><div class=\"wp-block-themeisle-blocks-slider-item-wrapper glide__slide\" tabindex=\"0\"><figure><img decoding=\"async\" class=\"wp-block-themeisle-blocks-slider-item\" src=\"https:\/\/familie-weitgereist.de\/wp-content\/uploads\/2021\/05\/IMG_20210504_125024-scaled.jpg\" alt=\"\" title=\"\" data-id=\"5273\"\/><\/figure><\/div><div class=\"wp-block-themeisle-blocks-slider-item-wrapper glide__slide\" tabindex=\"0\"><figure><img decoding=\"async\" class=\"wp-block-themeisle-blocks-slider-item\" src=\"https:\/\/familie-weitgereist.de\/wp-content\/uploads\/2021\/05\/IMG_20210504_124523-scaled.jpg\" alt=\"\" title=\"\" data-id=\"5275\"\/><\/figure><\/div><\/div><div class=\"glide__bullets\" data-glide-el=\"controls[nav]\"><button class=\"glide__bullet\" data-glide-dir=\"=0\"><\/button><button class=\"glide__bullet\" data-glide-dir=\"=1\"><\/button><button class=\"glide__bullet\" data-glide-dir=\"=2\"><\/button><\/div><\/div><\/div>\n\n\n\n<p>Auch andere Kunstobjekte haben wir bestaunt, ein gro\u00dfes Stahltor und die &#8218;Arche Noah&#8216;.<\/p>\n\n\n\n<div id=\"wp-block-themeisle-blocks-slider-aff970f4\" class=\"wp-block-themeisle-blocks-slider glide\" data-per-view=\"1\" data-gap=\"0\" data-peek=\"0\" data-autoplay=\"true\" data-height=\"400px\" data-hide-arrows=\"false\"><div class=\"glide__track\" data-glide-el=\"track\"><div class=\"glide__slides\"><div class=\"wp-block-themeisle-blocks-slider-item-wrapper glide__slide\" tabindex=\"0\"><figure><img decoding=\"async\" class=\"wp-block-themeisle-blocks-slider-item\" src=\"https:\/\/familie-weitgereist.de\/wp-content\/uploads\/2021\/05\/IMG_20210504_122305-scaled.jpg\" alt=\"\" title=\"\" data-id=\"5276\"\/><\/figure><\/div><div class=\"wp-block-themeisle-blocks-slider-item-wrapper glide__slide\" tabindex=\"0\"><figure><img decoding=\"async\" class=\"wp-block-themeisle-blocks-slider-item\" src=\"https:\/\/familie-weitgereist.de\/wp-content\/uploads\/2021\/05\/IMG_20210504_121951-scaled.jpg\" alt=\"\" title=\"\" data-id=\"5278\"\/><\/figure><\/div><\/div><div class=\"glide__bullets\" data-glide-el=\"controls[nav]\"><button class=\"glide__bullet\" data-glide-dir=\"=0\"><\/button><button class=\"glide__bullet\" data-glide-dir=\"=1\"><\/button><\/div><\/div><\/div>\n\n\n\n<p>Der \u00fcber 500 Jahre alte Kirchenturm des Dorfes Wolkenberg, welches dem Welzower Tagebau wich, wurde hier wieder aufgebaut.<\/p>\n\n\n\n<figure class=\"wp-block-image size-large\"><img loading=\"lazy\" decoding=\"async\" width=\"1024\" height=\"768\" src=\"https:\/\/familie-weitgereist.de\/wp-content\/uploads\/2021\/05\/IMG_20210504_124139-1024x768.jpg\" alt=\"\" class=\"wp-image-5262\" srcset=\"https:\/\/familie-weitgereist.de\/wp-content\/uploads\/2021\/05\/IMG_20210504_124139-1024x768.jpg 1024w, https:\/\/familie-weitgereist.de\/wp-content\/uploads\/2021\/05\/IMG_20210504_124139-300x225.jpg 300w, https:\/\/familie-weitgereist.de\/wp-content\/uploads\/2021\/05\/IMG_20210504_124139-768x576.jpg 768w, https:\/\/familie-weitgereist.de\/wp-content\/uploads\/2021\/05\/IMG_20210504_124139-1536x1152.jpg 1536w, https:\/\/familie-weitgereist.de\/wp-content\/uploads\/2021\/05\/IMG_20210504_124139-2048x1536.jpg 2048w, https:\/\/familie-weitgereist.de\/wp-content\/uploads\/2021\/05\/IMG_20210504_124139-1200x900.jpg 1200w, https:\/\/familie-weitgereist.de\/wp-content\/uploads\/2021\/05\/IMG_20210504_124139-1980x1485.jpg 1980w, https:\/\/familie-weitgereist.de\/wp-content\/uploads\/2021\/05\/IMG_20210504_124139-853x640.jpg 853w, https:\/\/familie-weitgereist.de\/wp-content\/uploads\/2021\/05\/IMG_20210504_124139-150x113.jpg 150w\" sizes=\"auto, (max-width: 1024px) 100vw, 1024px\" \/><figcaption class=\"wp-element-caption\">500 Jahre alter Kirchturm<\/figcaption><\/figure>\n\n\n\n<h2 class=\"wp-block-heading\" id=\"sachsen\">Sachsen<\/h2>\n\n\n\n<h2 class=\"wp-block-heading\" id=\"elsterquelle\">Elsterquelle und Hochstein<\/h2>\n\n\n\n<p>Die Schwarze Elster ist ein 179 km langer Fluss, der in der N\u00e4he des Ortes Elstra in Sachsen entspringt, seinen Verlauf entlang vieler Orte an der brandenburgischen-s\u00e4chsischen Grenze nimmt und schlie\u00dflich in die Elbe m\u00fcndet. <\/p>\n\n\n\n<p>Eine spannende Wanderung kann man um die Elsterquelle herum unternehmen. <\/p>\n\n\n\n<figure class=\"wp-block-image size-large\"><img loading=\"lazy\" decoding=\"async\" width=\"1024\" height=\"768\" src=\"https:\/\/familie-weitgereist.de\/wp-content\/uploads\/2021\/04\/IMG_20210424_145732-1024x768.jpg\" alt=\"\" class=\"wp-image-5005\" srcset=\"https:\/\/familie-weitgereist.de\/wp-content\/uploads\/2021\/04\/IMG_20210424_145732-1024x768.jpg 1024w, https:\/\/familie-weitgereist.de\/wp-content\/uploads\/2021\/04\/IMG_20210424_145732-300x225.jpg 300w, https:\/\/familie-weitgereist.de\/wp-content\/uploads\/2021\/04\/IMG_20210424_145732-768x576.jpg 768w, https:\/\/familie-weitgereist.de\/wp-content\/uploads\/2021\/04\/IMG_20210424_145732-1536x1152.jpg 1536w, https:\/\/familie-weitgereist.de\/wp-content\/uploads\/2021\/04\/IMG_20210424_145732-2048x1536.jpg 2048w, https:\/\/familie-weitgereist.de\/wp-content\/uploads\/2021\/04\/IMG_20210424_145732-1200x900.jpg 1200w, https:\/\/familie-weitgereist.de\/wp-content\/uploads\/2021\/04\/IMG_20210424_145732-1980x1485.jpg 1980w, https:\/\/familie-weitgereist.de\/wp-content\/uploads\/2021\/04\/IMG_20210424_145732-853x640.jpg 853w, https:\/\/familie-weitgereist.de\/wp-content\/uploads\/2021\/04\/IMG_20210424_145732-150x113.jpg 150w\" sizes=\"auto, (max-width: 1024px) 100vw, 1024px\" \/><figcaption class=\"wp-element-caption\">Elsterquelle<\/figcaption><\/figure>\n\n\n\n<p>Das Highlight auf unserer Wanderung war der Hochstein. Dieser Stein ist die h\u00f6chste Erhebung der Westlausitz mit 449m \u00fc. NN. Da im April die B\u00e4ume nur ein kleines Bl\u00e4tterdach hatten, hatten wir einen sch\u00f6nen Blick in das Elbtal und die Westlausitz. Ansonsten ist der Hochstein leider nicht hoch genug um einen weiten Blick zu haben. Toll ist er trotzdem, denn ein kleines Kletterfeeling \u00e0 la S\u00e4chsische Schweiz l\u00e4sst sich erleben.<\/p>\n\n\n\n<div id=\"wp-block-themeisle-blocks-slider-5c2ebad6\" class=\"wp-block-themeisle-blocks-slider glide\" data-per-view=\"1\" data-gap=\"0\" data-peek=\"0\" data-autoplay=\"true\" data-height=\"417px\" data-hide-arrows=\"false\"><div class=\"glide__track\" data-glide-el=\"track\"><div class=\"glide__slides\"><div class=\"wp-block-themeisle-blocks-slider-item-wrapper glide__slide\" tabindex=\"0\"><figure><img decoding=\"async\" class=\"wp-block-themeisle-blocks-slider-item\" src=\"https:\/\/familie-weitgereist.de\/wp-content\/uploads\/2021\/04\/IMG_20210424_123556-scaled.jpg\" alt=\"\" title=\"\" data-id=\"5011\"\/><\/figure><\/div><div class=\"wp-block-themeisle-blocks-slider-item-wrapper glide__slide\" tabindex=\"0\"><figure><img decoding=\"async\" class=\"wp-block-themeisle-blocks-slider-item\" src=\"https:\/\/familie-weitgereist.de\/wp-content\/uploads\/2021\/04\/IMG_20210424_130324-scaled.jpg\" alt=\"\" title=\"\" data-id=\"5014\"\/><\/figure><\/div><div class=\"wp-block-themeisle-blocks-slider-item-wrapper glide__slide\" tabindex=\"0\"><figure><img decoding=\"async\" class=\"wp-block-themeisle-blocks-slider-item\" src=\"https:\/\/familie-weitgereist.de\/wp-content\/uploads\/2021\/04\/IMG_20210424_124822-scaled.jpg\" alt=\"\" title=\"\" data-id=\"5015\"\/><\/figure><\/div><div class=\"wp-block-themeisle-blocks-slider-item-wrapper glide__slide\" tabindex=\"0\"><figure><img decoding=\"async\" class=\"wp-block-themeisle-blocks-slider-item\" src=\"https:\/\/familie-weitgereist.de\/wp-content\/uploads\/2021\/04\/IMG_20210424_123411-scaled.jpg\" alt=\"\" title=\"\" data-id=\"5016\"\/><\/figure><\/div><div class=\"wp-block-themeisle-blocks-slider-item-wrapper glide__slide\" tabindex=\"0\"><figure><img decoding=\"async\" class=\"wp-block-themeisle-blocks-slider-item\" src=\"https:\/\/familie-weitgereist.de\/wp-content\/uploads\/2021\/04\/IMG_20210424_131714-scaled.jpg\" alt=\"\" title=\"\" data-id=\"5017\"\/><\/figure><\/div><\/div><div class=\"glide__bullets\" data-glide-el=\"controls[nav]\"><button class=\"glide__bullet\" data-glide-dir=\"=0\"><\/button><button class=\"glide__bullet\" data-glide-dir=\"=1\"><\/button><button class=\"glide__bullet\" data-glide-dir=\"=2\"><\/button><button class=\"glide__bullet\" data-glide-dir=\"=3\"><\/button><button class=\"glide__bullet\" data-glide-dir=\"=4\"><\/button><\/div><\/div><\/div>\n\n\n\n<p>Es gibt sogar ein kleines Gipfelb\u00fcchlein. Durch die vielen Kletterm\u00f6glichkeiten und die Treppen ist es besonders f\u00fcr Kinder ein tolles Abenteuer. <\/p>\n\n\n\n<p>Unser Weg f\u00fchrte uns weiter zur Elsterquelle. Der Weg ging durch den Wald, \u00fcber Stock und Stein. Besonders sch\u00f6n ist es dort, da viele gro\u00dfe Steine im Wald liegen und wir immer wieder klettern konnten.<\/p>\n\n\n\n<p>Die Elsterquelle ist durch eine Mauer hervorgehoben. Im April war nicht viel Wasser dort. Aber wir fanden die kleinen Wassertropfen, die stetig die Schwarze Elster f\u00fcllen.<\/p>\n\n\n\n<div id=\"wp-block-themeisle-blocks-slider-938a86fe\" class=\"wp-block-themeisle-blocks-slider glide\" data-per-view=\"1\" data-gap=\"0\" data-peek=\"0\" data-autoplay=\"true\" data-height=\"400px\" data-hide-arrows=\"false\"><div class=\"glide__track\" data-glide-el=\"track\"><div class=\"glide__slides\"><div class=\"wp-block-themeisle-blocks-slider-item-wrapper glide__slide\" tabindex=\"0\"><figure><img decoding=\"async\" class=\"wp-block-themeisle-blocks-slider-item\" src=\"https:\/\/familie-weitgereist.de\/wp-content\/uploads\/2021\/04\/IMG_20210424_150002-scaled.jpg\" alt=\"\" title=\"\" data-id=\"5019\"\/><\/figure><\/div><div class=\"wp-block-themeisle-blocks-slider-item-wrapper glide__slide\" tabindex=\"0\"><figure><img decoding=\"async\" class=\"wp-block-themeisle-blocks-slider-item\" src=\"https:\/\/familie-weitgereist.de\/wp-content\/uploads\/2021\/04\/IMG_20210424_215907_140.jpg\" alt=\"\" title=\"\" data-id=\"5021\"\/><\/figure><\/div><div class=\"wp-block-themeisle-blocks-slider-item-wrapper glide__slide\" tabindex=\"0\"><figure><img decoding=\"async\" class=\"wp-block-themeisle-blocks-slider-item\" src=\"https:\/\/familie-weitgereist.de\/wp-content\/uploads\/2021\/04\/IMG_20210424_215903_254.jpg\" alt=\"\" title=\"\" data-id=\"5022\"\/><\/figure><\/div><\/div><div class=\"glide__bullets\" data-glide-el=\"controls[nav]\"><button class=\"glide__bullet\" data-glide-dir=\"=0\"><\/button><button class=\"glide__bullet\" data-glide-dir=\"=1\"><\/button><button class=\"glide__bullet\" data-glide-dir=\"=2\"><\/button><\/div><\/div><\/div>\n\n\n\n<h2 class=\"wp-block-heading\" id=\"butterberg\">Butterberg, Bischofswerda<\/h2>\n\n\n\n<p>Mit dem Auto fuhren wir nach unserer Wanderung noch zum Butterberg. Dieser liegt unweit der Elsterquelle, nahe Bischofswerda. Auch hier kann man sehr viel erleben. Selbstverst\u00e4ndlich l\u00e4sst sich der Butterberg auch erwandern. Oben angekommen, wird man mit einem riesigen Abenteuerspielplatz, welcher 2017 erbaut worden ist, einem Imbiss und auch Gastst\u00e4tte belohnt. Zudem gibt es auf dem weitl\u00e4ufigen Gel\u00e4nde einen kleinen Streichelzoo, einige Gehege, einen kleinen Teich und viele Holzkunstwerke im Wald. Alles ist sehr liebevoll gestaltet. <\/p>\n\n\n\n<div id=\"wp-block-themeisle-blocks-slider-4819d4bd\" class=\"wp-block-themeisle-blocks-slider glide\" data-per-view=\"1\" data-gap=\"0\" data-peek=\"0\" data-autoplay=\"true\" data-height=\"400px\" data-hide-arrows=\"false\"><div class=\"glide__track\" data-glide-el=\"track\"><div class=\"glide__slides\"><div class=\"wp-block-themeisle-blocks-slider-item-wrapper glide__slide\" tabindex=\"0\"><figure><img decoding=\"async\" class=\"wp-block-themeisle-blocks-slider-item\" src=\"https:\/\/familie-weitgereist.de\/wp-content\/uploads\/2021\/04\/IMG_20210424_163055-1-scaled.jpg\" alt=\"\" title=\"\" data-id=\"5034\"\/><\/figure><\/div><div class=\"wp-block-themeisle-blocks-slider-item-wrapper glide__slide\" tabindex=\"0\"><figure><img decoding=\"async\" class=\"wp-block-themeisle-blocks-slider-item\" src=\"https:\/\/familie-weitgereist.de\/wp-content\/uploads\/2021\/04\/IMG_20210424_160837-scaled.jpg\" alt=\"\" title=\"\" data-id=\"5036\"\/><\/figure><\/div><div class=\"wp-block-themeisle-blocks-slider-item-wrapper glide__slide\" tabindex=\"0\"><figure><img decoding=\"async\" class=\"wp-block-themeisle-blocks-slider-item\" src=\"https:\/\/familie-weitgereist.de\/wp-content\/uploads\/2021\/04\/IMG_20210424_163743-scaled.jpg\" alt=\"\" title=\"\" data-id=\"5037\"\/><\/figure><\/div><div class=\"wp-block-themeisle-blocks-slider-item-wrapper glide__slide\" tabindex=\"0\"><figure><img decoding=\"async\" class=\"wp-block-themeisle-blocks-slider-item\" src=\"https:\/\/familie-weitgereist.de\/wp-content\/uploads\/2021\/04\/IMG_20210424_162951-scaled.jpg\" alt=\"\" title=\"\" data-id=\"5039\"\/><\/figure><\/div><\/div><div class=\"glide__bullets\" data-glide-el=\"controls[nav]\"><button class=\"glide__bullet\" data-glide-dir=\"=0\"><\/button><button class=\"glide__bullet\" data-glide-dir=\"=1\"><\/button><button class=\"glide__bullet\" data-glide-dir=\"=2\"><\/button><button class=\"glide__bullet\" data-glide-dir=\"=3\"><\/button><\/div><\/div><\/div>\n\n\n\n<h2 class=\"wp-block-heading\" id=\"kamenz\">Kamenz<\/h2>\n\n\n\n<p>Die Lessingstadt Kamenz, welche obersorbisch Kamjenc &#8222;kleiner Ort am Stein&#8220; bedeutet, ist eine Stadt unweit von Dresden und Bautzen. Der wohl bekannteste B\u00fcrger der Stadt ist Gotthold Ephraim Lessing (1729-1781). Sein Vater war Pastor an der Hauptkirche Sankt Marien. Das Geburtshaus von Lessing ist 1842 bei einem Stadtbrand vernichtet worden. <\/p>\n\n\n\n<p>Heute ist Kamenz besonders f\u00fcr seine Hutbergb\u00fchne bekannt. Dort finden regelm\u00e4\u00dfig Konzerte statt. <\/p>\n\n\n\n<p>Der Hutberg ist das Wahrzeichen der Stadt Kamenz und liegt auf 294m. Der Hutberg ist sehr sch\u00f6n angelegt, von allen Himmelsrichtungen ist eine &#8218;Erklimmung&#8216; m\u00f6glich. Wundersch\u00f6ne Wege durch einen Rhododendronpark, viele B\u00e4nke zum Pausieren und einige Ausblickspunkte auf die Stadt Kamenz und das Umland erfreuen die Besucher. Oben angekommen, erwartet die Hutberg Gastst\u00e4tte seine G\u00e4ste. Nebenan kann man f\u00fcr 1\u20ac auf den Lessingturm steigen. <\/p>\n\n\n\n<figure class=\"wp-block-image\"><img decoding=\"async\" src=\"https:\/\/familie-weitgereist.de\/wp-content\/uploads\/2021\/11\/IMG_20211031_112959-scaled.jpg\" alt=\"\"\/><figcaption class=\"wp-element-caption\">Hutberg Gastst\u00e4tte<\/figcaption><\/figure>\n\n\n\n<p>Das Stadtzentrum von Kamenz erinnert an K\u00f6nigsbr\u00fcck. Ein wundersch\u00f6nes Rathaus, gepflegte Altbauten und einige kleine Caf\u00e9s laden zum Verweilen ein. <\/p>\n\n\n\n<figure class=\"wp-block-image size-large\"><img loading=\"lazy\" decoding=\"async\" width=\"1024\" height=\"768\" src=\"https:\/\/familie-weitgereist.de\/wp-content\/uploads\/2021\/11\/IMG_20211031_125456-1024x768.jpg\" alt=\"\" class=\"wp-image-7235\" srcset=\"https:\/\/familie-weitgereist.de\/wp-content\/uploads\/2021\/11\/IMG_20211031_125456-1024x768.jpg 1024w, https:\/\/familie-weitgereist.de\/wp-content\/uploads\/2021\/11\/IMG_20211031_125456-300x225.jpg 300w, https:\/\/familie-weitgereist.de\/wp-content\/uploads\/2021\/11\/IMG_20211031_125456-768x576.jpg 768w, https:\/\/familie-weitgereist.de\/wp-content\/uploads\/2021\/11\/IMG_20211031_125456-1536x1152.jpg 1536w, https:\/\/familie-weitgereist.de\/wp-content\/uploads\/2021\/11\/IMG_20211031_125456-2048x1536.jpg 2048w, https:\/\/familie-weitgereist.de\/wp-content\/uploads\/2021\/11\/IMG_20211031_125456-1200x900.jpg 1200w, https:\/\/familie-weitgereist.de\/wp-content\/uploads\/2021\/11\/IMG_20211031_125456-1980x1485.jpg 1980w, https:\/\/familie-weitgereist.de\/wp-content\/uploads\/2021\/11\/IMG_20211031_125456-150x113.jpg 150w\" sizes=\"auto, (max-width: 1024px) 100vw, 1024px\" \/><figcaption class=\"wp-element-caption\">Das Rathaus von Kamenz<\/figcaption><\/figure>\n\n\n\n<p>Kamenz hat unweit der Hauptkirche Sankt Marien einen herrlichen <strong><a href=\"https:\/\/familie-weitgereist.de\/?p=17411\" data-type=\"link\" data-id=\"https:\/\/familie-weitgereist.de\/?p=17411\">Krabat-Spielplatz<\/a><\/strong>. Unterschiedliche Kletterger\u00fcste wollen erklommen werden, ein weitl\u00e4ufiges Gel\u00e4nde und viele Spielm\u00f6glichkeiten f\u00fcr Gro\u00df und Klein, erfreuten uns besonders.<\/p>\n\n\n\n<div id=\"wp-block-themeisle-blocks-slider-579dd489\" class=\"wp-block-themeisle-blocks-slider glide\" data-per-view=\"1\" data-gap=\"0\" data-peek=\"0\" data-autoplay=\"true\" data-height=\"400px\" data-hide-arrows=\"false\"><div class=\"glide__track\" data-glide-el=\"track\"><div class=\"glide__slides\"><div class=\"wp-block-themeisle-blocks-slider-item-wrapper glide__slide\" tabindex=\"0\"><figure><img decoding=\"async\" class=\"wp-block-themeisle-blocks-slider-item\" src=\"https:\/\/familie-weitgereist.de\/wp-content\/uploads\/2021\/11\/IMG_20211031_140430-scaled.jpg\" alt=\"\" title=\"\" data-id=\"7236\"\/><\/figure><\/div><div class=\"wp-block-themeisle-blocks-slider-item-wrapper glide__slide\" tabindex=\"0\"><figure><img decoding=\"async\" class=\"wp-block-themeisle-blocks-slider-item\" src=\"https:\/\/familie-weitgereist.de\/wp-content\/uploads\/2021\/11\/IMG_20211031_133226-scaled.jpg\" alt=\"\" title=\"\" data-id=\"7237\"\/><\/figure><\/div><div class=\"wp-block-themeisle-blocks-slider-item-wrapper glide__slide\" tabindex=\"0\"><figure><img decoding=\"async\" class=\"wp-block-themeisle-blocks-slider-item\" src=\"https:\/\/familie-weitgereist.de\/wp-content\/uploads\/2021\/11\/IMG_20211031_132641-scaled.jpg\" alt=\"\" title=\"\" data-id=\"7238\"\/><\/figure><\/div><\/div><div class=\"glide__bullets\" data-glide-el=\"controls[nav]\"><button class=\"glide__bullet\" data-glide-dir=\"=0\"><\/button><button class=\"glide__bullet\" data-glide-dir=\"=1\"><\/button><button class=\"glide__bullet\" data-glide-dir=\"=2\"><\/button><\/div><\/div><\/div>\n\n\n\n<p>In Kamenz befindet sich das <strong>&#8222;Museum der Westlausitz&#8220;<\/strong>. Das Museum ist richtig gro\u00df und es bietet sehr viel zum Lernen und zum Entdecken. Es gibt Sonderausstellungen und Dauerausstellungen. Als wir das Museum im Januar 2025 besuchten, gab es eine Sonderausstellung zu Greifv\u00f6geln in der Oberlausitz und in Deutschland. Viele Exponate konnten wir Bestaunen. Ca. 600 tote V\u00f6gel werden j\u00e4hrlich dem Museum \u00fcberreicht und dort wird versucht die Todesursache festzustellen. Dies dient Forschungszwecken.<\/p>\n\n\n\n<figure class=\"wp-block-image size-large\"><img loading=\"lazy\" decoding=\"async\" width=\"1024\" height=\"768\" src=\"https:\/\/familie-weitgereist.de\/wp-content\/uploads\/2021\/04\/IMG_20250111_120938-1024x768.jpg\" alt=\"\" class=\"wp-image-20831\" srcset=\"https:\/\/familie-weitgereist.de\/wp-content\/uploads\/2021\/04\/IMG_20250111_120938-1024x768.jpg 1024w, https:\/\/familie-weitgereist.de\/wp-content\/uploads\/2021\/04\/IMG_20250111_120938-300x225.jpg 300w, https:\/\/familie-weitgereist.de\/wp-content\/uploads\/2021\/04\/IMG_20250111_120938-768x576.jpg 768w, https:\/\/familie-weitgereist.de\/wp-content\/uploads\/2021\/04\/IMG_20250111_120938-1536x1152.jpg 1536w, https:\/\/familie-weitgereist.de\/wp-content\/uploads\/2021\/04\/IMG_20250111_120938-2048x1536.jpg 2048w, https:\/\/familie-weitgereist.de\/wp-content\/uploads\/2021\/04\/IMG_20250111_120938-1200x900.jpg 1200w, https:\/\/familie-weitgereist.de\/wp-content\/uploads\/2021\/04\/IMG_20250111_120938-1980x1485.jpg 1980w, https:\/\/familie-weitgereist.de\/wp-content\/uploads\/2021\/04\/IMG_20250111_120938-150x113.jpg 150w\" sizes=\"auto, (max-width: 1024px) 100vw, 1024px\" \/><\/figure>\n\n\n\n<p>Es gibt sehr viele Ausstellungen, u.a. zu dem Thema Mensch, Tiere, Steine, Formen zur geologischen Entwicklung der Oberlausitz in den Jahrmillionen Jahren, zur Nutzung der Landschaft heute und in der Vergangenheit. Es gibt eine Ausstellung zur Stadtgeschichte von Kamenz und eine Ausstellung zu den verschiedenen Erfindungen in der Vergangenheit.<\/p>\n\n\n\n<div id=\"wp-block-themeisle-blocks-slider-abc89bae\" class=\"wp-block-themeisle-blocks-slider glide\" data-per-view=\"1\" data-gap=\"0\" data-peek=\"0\" data-autoplay=\"true\" data-height=\"400px\" data-hide-arrows=\"false\"><div class=\"glide__track\" data-glide-el=\"track\"><div class=\"glide__slides\"><div class=\"wp-block-themeisle-blocks-slider-item-wrapper glide__slide\" tabindex=\"0\"><figure><img decoding=\"async\" class=\"wp-block-themeisle-blocks-slider-item\" src=\"https:\/\/familie-weitgereist.de\/wp-content\/uploads\/2021\/04\/PXL_20250111_130035844-scaled.jpg\" alt=\"\" title=\"\" data-id=\"20835\"\/><\/figure><\/div><div class=\"wp-block-themeisle-blocks-slider-item-wrapper glide__slide\" tabindex=\"0\"><figure><img decoding=\"async\" class=\"wp-block-themeisle-blocks-slider-item\" src=\"https:\/\/familie-weitgereist.de\/wp-content\/uploads\/2021\/04\/IMG_20250111_140824-scaled.jpg\" alt=\"\" title=\"\" data-id=\"20836\"\/><\/figure><\/div><div class=\"wp-block-themeisle-blocks-slider-item-wrapper glide__slide\" tabindex=\"0\"><figure><img decoding=\"async\" class=\"wp-block-themeisle-blocks-slider-item\" src=\"https:\/\/familie-weitgereist.de\/wp-content\/uploads\/2021\/04\/IMG_20250111_132511-scaled.jpg\" alt=\"\" title=\"\" data-id=\"20837\"\/><\/figure><\/div><div class=\"wp-block-themeisle-blocks-slider-item-wrapper glide__slide\" tabindex=\"0\"><figure><img decoding=\"async\" class=\"wp-block-themeisle-blocks-slider-item\" src=\"https:\/\/familie-weitgereist.de\/wp-content\/uploads\/2021\/04\/IMG_20250111_124557-scaled.jpg\" alt=\"\" title=\"\" data-id=\"20838\"\/><\/figure><\/div><\/div><div class=\"glide__bullets\" data-glide-el=\"controls[nav]\"><button class=\"glide__bullet\" data-glide-dir=\"=0\"><\/button><button class=\"glide__bullet\" data-glide-dir=\"=1\"><\/button><button class=\"glide__bullet\" data-glide-dir=\"=2\"><\/button><button class=\"glide__bullet\" data-glide-dir=\"=3\"><\/button><\/div><\/div><\/div>\n\n\n\n<p>Das Museum ist auch sehenswert f\u00fcr Kinder. Viele Exponate sind zum Anfassen, sehr viel kann geh\u00f6rt werden und durch die Vielfalt, die das Museum zu bieten hat, wird einem auch nicht langweilig. Es gibt auch eine Erdbebenr\u00fcttelplatte, die unterschiedliche Erdbebenst\u00e4rken nachstellt aus den USA, Italien und den Niederlanden.<\/p>\n\n\n\n<p>Die Westlausitz wird aus ganz vielen verschiedenen Blickwinkeln beleuchtet. Da ist wirklich etwas Interessantes f\u00fcr jeden dabei.<\/p>\n\n\n\n<p>Selbst Kindergeburtstage k\u00f6nnen dort veranstaltet werden.<\/p>\n\n\n\n<p>Eine Bibliothek befindet sich ebenfalls im Erdgeschoss des Museums.<\/p>\n\n\n\n<p>Wir zahlten f\u00fcr eine Familienkarte 12\u20ac. Kinder unter 6 Jahren sind gratis. (<em>Stand Januar 2025<\/em>)<\/p>\n\n\n\n<h2 class=\"wp-block-heading\" id=\"keulenberg\">Keulenberg<\/h2>\n\n\n\n<p>Mit dem Fahrrad erkundeten wir den Keulenberg. Der Keulenberg ist eine Erhebung in der Westlausitz und hat eine H\u00f6he von 413m. Er wird aufgrund seiner H\u00f6he auch als W\u00e4chter der Westlausitz bezeichnet, da sich hier die Ausl\u00e4ufer des Oberlausitzer Berglandes befinden.<\/p>\n\n\n\n<p>Es gibt wundersch\u00f6ne Wanderwege auf den Keulenberg. Die Radwege sind normale Waldwege und man kann sogar mit dem Auto bis auf den Keulenberg fahren. <\/p>\n\n\n\n<figure class=\"wp-block-image size-large\"><img loading=\"lazy\" decoding=\"async\" width=\"1024\" height=\"768\" src=\"https:\/\/familie-weitgereist.de\/wp-content\/uploads\/2021\/08\/IMG_20210821_173622-1024x768.jpg\" alt=\"\" class=\"wp-image-5968\" srcset=\"https:\/\/familie-weitgereist.de\/wp-content\/uploads\/2021\/08\/IMG_20210821_173622-1024x768.jpg 1024w, https:\/\/familie-weitgereist.de\/wp-content\/uploads\/2021\/08\/IMG_20210821_173622-300x225.jpg 300w, https:\/\/familie-weitgereist.de\/wp-content\/uploads\/2021\/08\/IMG_20210821_173622-768x576.jpg 768w, https:\/\/familie-weitgereist.de\/wp-content\/uploads\/2021\/08\/IMG_20210821_173622-1536x1152.jpg 1536w, https:\/\/familie-weitgereist.de\/wp-content\/uploads\/2021\/08\/IMG_20210821_173622-2048x1536.jpg 2048w, https:\/\/familie-weitgereist.de\/wp-content\/uploads\/2021\/08\/IMG_20210821_173622-1200x900.jpg 1200w, https:\/\/familie-weitgereist.de\/wp-content\/uploads\/2021\/08\/IMG_20210821_173622-1980x1485.jpg 1980w, https:\/\/familie-weitgereist.de\/wp-content\/uploads\/2021\/08\/IMG_20210821_173622-150x113.jpg 150w\" sizes=\"auto, (max-width: 1024px) 100vw, 1024px\" \/><figcaption class=\"wp-element-caption\">Aussichtsturm auf dem Keulenberg<\/figcaption><\/figure>\n\n\n\n<p>Auf dem Keulenberg befinden sich zwei Denkm\u00e4ler, ein Bismarck Denkmal und eine S\u00e4ule f\u00fcr Friedrich August. <\/p>\n\n\n\n<p>Das Highlight ist jedoch der Spielplatz. Dort stand vor langer Zeit die Keulenberg Baude. Heute bietet ein kleiner Imbiss nur sonntags Speisen und Getr\u00e4nke an. <\/p>\n\n\n\n<div id=\"wp-block-themeisle-blocks-slider-44d35d85\" class=\"wp-block-themeisle-blocks-slider glide\" data-per-view=\"1\" data-gap=\"0\" data-peek=\"0\" data-autoplay=\"true\" data-height=\"387px\" data-hide-arrows=\"false\"><div class=\"glide__track\" data-glide-el=\"track\"><div class=\"glide__slides\"><div class=\"wp-block-themeisle-blocks-slider-item-wrapper glide__slide\" tabindex=\"0\"><figure><img decoding=\"async\" class=\"wp-block-themeisle-blocks-slider-item\" src=\"https:\/\/familie-weitgereist.de\/wp-content\/uploads\/2021\/08\/IMG_20210821_171551-scaled.jpg\" alt=\"\" title=\"\" data-id=\"5973\"\/><\/figure><\/div><div class=\"wp-block-themeisle-blocks-slider-item-wrapper glide__slide\" tabindex=\"0\"><figure><img decoding=\"async\" class=\"wp-block-themeisle-blocks-slider-item\" src=\"https:\/\/familie-weitgereist.de\/wp-content\/uploads\/2021\/08\/IMG_20210821_171251-scaled.jpg\" alt=\"\" title=\"\" data-id=\"5974\"\/><\/figure><\/div><div class=\"wp-block-themeisle-blocks-slider-item-wrapper glide__slide\" tabindex=\"0\"><figure><img decoding=\"async\" class=\"wp-block-themeisle-blocks-slider-item\" src=\"https:\/\/familie-weitgereist.de\/wp-content\/uploads\/2021\/08\/IMG_20210821_171128-scaled.jpg\" alt=\"\" title=\"\" data-id=\"5976\"\/><\/figure><\/div><\/div><div class=\"glide__bullets\" data-glide-el=\"controls[nav]\"><button class=\"glide__bullet\" data-glide-dir=\"=0\"><\/button><button class=\"glide__bullet\" data-glide-dir=\"=1\"><\/button><button class=\"glide__bullet\" data-glide-dir=\"=2\"><\/button><\/div><\/div><\/div>\n\n\n\n<p>Die Aussicht reicht an klaren Tagen bis ins Osterzgebirge, nach Geising und Altenberg und in den Norden bis nach Senftenberg. <\/p>\n\n\n\n<figure class=\"wp-block-image size-large\"><img loading=\"lazy\" decoding=\"async\" width=\"1024\" height=\"768\" src=\"https:\/\/familie-weitgereist.de\/wp-content\/uploads\/2021\/08\/IMG_20210821_163701-1024x768.jpg\" alt=\"\" class=\"wp-image-5977\" srcset=\"https:\/\/familie-weitgereist.de\/wp-content\/uploads\/2021\/08\/IMG_20210821_163701-1024x768.jpg 1024w, https:\/\/familie-weitgereist.de\/wp-content\/uploads\/2021\/08\/IMG_20210821_163701-300x225.jpg 300w, https:\/\/familie-weitgereist.de\/wp-content\/uploads\/2021\/08\/IMG_20210821_163701-768x576.jpg 768w, https:\/\/familie-weitgereist.de\/wp-content\/uploads\/2021\/08\/IMG_20210821_163701-1536x1152.jpg 1536w, https:\/\/familie-weitgereist.de\/wp-content\/uploads\/2021\/08\/IMG_20210821_163701-2048x1536.jpg 2048w, https:\/\/familie-weitgereist.de\/wp-content\/uploads\/2021\/08\/IMG_20210821_163701-1200x900.jpg 1200w, https:\/\/familie-weitgereist.de\/wp-content\/uploads\/2021\/08\/IMG_20210821_163701-1980x1485.jpg 1980w, https:\/\/familie-weitgereist.de\/wp-content\/uploads\/2021\/08\/IMG_20210821_163701-150x113.jpg 150w\" sizes=\"auto, (max-width: 1024px) 100vw, 1024px\" \/><figcaption class=\"wp-element-caption\">Blick nach Senftenberg<\/figcaption><\/figure>\n\n\n\n<h2 class=\"wp-block-heading\" id=\"koenigsbrueck\">K\u00f6nigsbr\u00fccker Heide<\/h2>\n\n\n\n<p>Die K\u00f6nigsbr\u00fccker Heide grenzt an Brandenburg und liegt nahe K\u00f6nigsbr\u00fcck. Das besondere an diesem Waldst\u00fcck ist, dass es 85 Jahre milit\u00e4risch genutzt wurde und selbst im Kalten Krieg eine Rolle spielte. Atomwaffen waren dort gelagert und Soldaten trainierten in diesem Waldst\u00fcck. Aus diesem Grund d\u00fcrfen die offiziellen Pfade auch nicht verlassen werden. Seit 1992 wird die K\u00f6nigsbr\u00fccker Heide endlich wieder der Natur \u00fcberlassen und ohne menschliche Einfl\u00fcsse holt sich die Natur alles wieder zur\u00fcck. Viele Tierarten siedelten an und unterschiedliche Pflanzenarten wachsen. <\/p>\n\n\n\n<figure class=\"wp-block-image size-large\"><img loading=\"lazy\" decoding=\"async\" width=\"1024\" height=\"768\" src=\"https:\/\/familie-weitgereist.de\/wp-content\/uploads\/2021\/04\/IMG_20210417_132809-1024x768.jpg\" alt=\"\" class=\"wp-image-4196\" srcset=\"https:\/\/familie-weitgereist.de\/wp-content\/uploads\/2021\/04\/IMG_20210417_132809-1024x768.jpg 1024w, https:\/\/familie-weitgereist.de\/wp-content\/uploads\/2021\/04\/IMG_20210417_132809-300x225.jpg 300w, https:\/\/familie-weitgereist.de\/wp-content\/uploads\/2021\/04\/IMG_20210417_132809-768x576.jpg 768w, https:\/\/familie-weitgereist.de\/wp-content\/uploads\/2021\/04\/IMG_20210417_132809-1536x1152.jpg 1536w, https:\/\/familie-weitgereist.de\/wp-content\/uploads\/2021\/04\/IMG_20210417_132809-2048x1536.jpg 2048w, https:\/\/familie-weitgereist.de\/wp-content\/uploads\/2021\/04\/IMG_20210417_132809-1200x900.jpg 1200w, https:\/\/familie-weitgereist.de\/wp-content\/uploads\/2021\/04\/IMG_20210417_132809-1980x1485.jpg 1980w, https:\/\/familie-weitgereist.de\/wp-content\/uploads\/2021\/04\/IMG_20210417_132809-853x640.jpg 853w, https:\/\/familie-weitgereist.de\/wp-content\/uploads\/2021\/04\/IMG_20210417_132809-150x113.jpg 150w\" sizes=\"auto, (max-width: 1024px) 100vw, 1024px\" \/><\/figure>\n\n\n\n<p>Es gibt unterschiedliche Pfade. Wir sind den Biber- und den Turmpfad gelaufen. <\/p>\n\n\n\n<figure class=\"wp-block-image size-large\"><img loading=\"lazy\" decoding=\"async\" width=\"768\" height=\"1024\" src=\"https:\/\/familie-weitgereist.de\/wp-content\/uploads\/2021\/04\/IMG_20210417_143823-768x1024.jpg\" alt=\"\" class=\"wp-image-4195\" srcset=\"https:\/\/familie-weitgereist.de\/wp-content\/uploads\/2021\/04\/IMG_20210417_143823-768x1024.jpg 768w, https:\/\/familie-weitgereist.de\/wp-content\/uploads\/2021\/04\/IMG_20210417_143823-225x300.jpg 225w, https:\/\/familie-weitgereist.de\/wp-content\/uploads\/2021\/04\/IMG_20210417_143823-1152x1536.jpg 1152w, https:\/\/familie-weitgereist.de\/wp-content\/uploads\/2021\/04\/IMG_20210417_143823-1536x2048.jpg 1536w, https:\/\/familie-weitgereist.de\/wp-content\/uploads\/2021\/04\/IMG_20210417_143823-1200x1600.jpg 1200w, https:\/\/familie-weitgereist.de\/wp-content\/uploads\/2021\/04\/IMG_20210417_143823-1980x2640.jpg 1980w, https:\/\/familie-weitgereist.de\/wp-content\/uploads\/2021\/04\/IMG_20210417_143823-640x853.jpg 640w, https:\/\/familie-weitgereist.de\/wp-content\/uploads\/2021\/04\/IMG_20210417_143823-150x200.jpg 150w, https:\/\/familie-weitgereist.de\/wp-content\/uploads\/2021\/04\/IMG_20210417_143823-scaled.jpg 1920w\" sizes=\"auto, (max-width: 768px) 100vw, 768px\" \/><figcaption class=\"wp-element-caption\">Wegbeschilderung in der K\u00f6nigsbr\u00fccker Heide<\/figcaption><\/figure>\n\n\n\n<p>Der Biberpfad f\u00fchrt auf breiten Waldwegen durch die Heide, ab und zu wird der Pfad schmaler und wenn man Gl\u00fcck hat, kann man Biber sehen. Wir haben sie leider nur aus der Ferne im Wasser spielen sehen. Viele Ratspl\u00e4tze laden zum Verweilen ein. <\/p>\n\n\n\n<div id=\"wp-block-themeisle-blocks-slider-f540beb5\" class=\"wp-block-themeisle-blocks-slider glide\" data-per-view=\"1\" data-gap=\"0\" data-peek=\"0\" data-autoplay=\"true\" data-height=\"400px\" data-hide-arrows=\"false\"><div class=\"glide__track\" data-glide-el=\"track\"><div class=\"glide__slides\"><div class=\"wp-block-themeisle-blocks-slider-item-wrapper glide__slide\" tabindex=\"0\"><figure><img decoding=\"async\" class=\"wp-block-themeisle-blocks-slider-item\" src=\"https:\/\/familie-weitgereist.de\/wp-content\/uploads\/2021\/04\/IMG_20210417_130226-scaled.jpg\" alt=\"\" title=\"\" data-id=\"4198\"\/><\/figure><\/div><div class=\"wp-block-themeisle-blocks-slider-item-wrapper glide__slide\" tabindex=\"0\"><figure><img decoding=\"async\" class=\"wp-block-themeisle-blocks-slider-item\" src=\"https:\/\/familie-weitgereist.de\/wp-content\/uploads\/2021\/04\/IMG_20210417_125300-scaled.jpg\" alt=\"\" title=\"\" data-id=\"4199\"\/><\/figure><\/div><div class=\"wp-block-themeisle-blocks-slider-item-wrapper glide__slide\" tabindex=\"0\"><figure><img decoding=\"async\" class=\"wp-block-themeisle-blocks-slider-item\" src=\"https:\/\/familie-weitgereist.de\/wp-content\/uploads\/2021\/04\/IMG_20210417_124921-scaled.jpg\" alt=\"\" title=\"\" data-id=\"4202\"\/><\/figure><\/div><div class=\"wp-block-themeisle-blocks-slider-item-wrapper glide__slide\" tabindex=\"0\"><figure><img decoding=\"async\" class=\"wp-block-themeisle-blocks-slider-item\" src=\"https:\/\/familie-weitgereist.de\/wp-content\/uploads\/2021\/04\/IMG_20210417_124001-scaled.jpg\" alt=\"\" title=\"\" data-id=\"4203\"\/><\/figure><\/div><\/div><div class=\"glide__bullets\" data-glide-el=\"controls[nav]\"><button class=\"glide__bullet\" data-glide-dir=\"=0\"><\/button><button class=\"glide__bullet\" data-glide-dir=\"=1\"><\/button><button class=\"glide__bullet\" data-glide-dir=\"=2\"><\/button><button class=\"glide__bullet\" data-glide-dir=\"=3\"><\/button><\/div><\/div><\/div>\n\n\n\n<p>Das tolle sind die vielen T\u00fcrme, von denen tolle Ausblicke genossen werden k\u00f6nnen. Auf dem Biberpfad gibt es zwei T\u00fcrme. <\/p>\n\n\n\n<figure class=\"wp-block-gallery has-nested-images columns-default is-cropped wp-block-gallery-4 is-layout-flex wp-block-gallery-is-layout-flex\">\n<figure class=\"wp-block-image size-large\"><img loading=\"lazy\" decoding=\"async\" width=\"1024\" height=\"768\" data-id=\"4204\" src=\"https:\/\/familie-weitgereist.de\/wp-content\/uploads\/2021\/04\/IMG_20210417_135938-1024x768.jpg\" alt=\"\" class=\"wp-image-4204\" srcset=\"https:\/\/familie-weitgereist.de\/wp-content\/uploads\/2021\/04\/IMG_20210417_135938-1024x768.jpg 1024w, https:\/\/familie-weitgereist.de\/wp-content\/uploads\/2021\/04\/IMG_20210417_135938-300x225.jpg 300w, https:\/\/familie-weitgereist.de\/wp-content\/uploads\/2021\/04\/IMG_20210417_135938-768x576.jpg 768w, https:\/\/familie-weitgereist.de\/wp-content\/uploads\/2021\/04\/IMG_20210417_135938-1536x1152.jpg 1536w, https:\/\/familie-weitgereist.de\/wp-content\/uploads\/2021\/04\/IMG_20210417_135938-2048x1536.jpg 2048w, https:\/\/familie-weitgereist.de\/wp-content\/uploads\/2021\/04\/IMG_20210417_135938-1200x900.jpg 1200w, https:\/\/familie-weitgereist.de\/wp-content\/uploads\/2021\/04\/IMG_20210417_135938-1980x1485.jpg 1980w, https:\/\/familie-weitgereist.de\/wp-content\/uploads\/2021\/04\/IMG_20210417_135938-853x640.jpg 853w, https:\/\/familie-weitgereist.de\/wp-content\/uploads\/2021\/04\/IMG_20210417_135938-150x113.jpg 150w\" sizes=\"auto, (max-width: 1024px) 100vw, 1024px\" \/><\/figure>\n\n\n\n<figure class=\"wp-block-image size-large\"><img loading=\"lazy\" decoding=\"async\" width=\"1024\" height=\"768\" data-id=\"4206\" src=\"https:\/\/familie-weitgereist.de\/wp-content\/uploads\/2021\/04\/IMG_20210417_135128-1024x768.jpg\" alt=\"\" class=\"wp-image-4206\" srcset=\"https:\/\/familie-weitgereist.de\/wp-content\/uploads\/2021\/04\/IMG_20210417_135128-1024x768.jpg 1024w, https:\/\/familie-weitgereist.de\/wp-content\/uploads\/2021\/04\/IMG_20210417_135128-300x225.jpg 300w, https:\/\/familie-weitgereist.de\/wp-content\/uploads\/2021\/04\/IMG_20210417_135128-768x576.jpg 768w, https:\/\/familie-weitgereist.de\/wp-content\/uploads\/2021\/04\/IMG_20210417_135128-1536x1152.jpg 1536w, https:\/\/familie-weitgereist.de\/wp-content\/uploads\/2021\/04\/IMG_20210417_135128-2048x1536.jpg 2048w, https:\/\/familie-weitgereist.de\/wp-content\/uploads\/2021\/04\/IMG_20210417_135128-1200x900.jpg 1200w, https:\/\/familie-weitgereist.de\/wp-content\/uploads\/2021\/04\/IMG_20210417_135128-1980x1485.jpg 1980w, https:\/\/familie-weitgereist.de\/wp-content\/uploads\/2021\/04\/IMG_20210417_135128-853x640.jpg 853w, https:\/\/familie-weitgereist.de\/wp-content\/uploads\/2021\/04\/IMG_20210417_135128-150x113.jpg 150w\" sizes=\"auto, (max-width: 1024px) 100vw, 1024px\" \/><\/figure>\n\n\n\n<figure class=\"wp-block-image size-large\"><img loading=\"lazy\" decoding=\"async\" width=\"1024\" height=\"768\" data-id=\"4205\" src=\"https:\/\/familie-weitgereist.de\/wp-content\/uploads\/2021\/04\/IMG_20210417_135413-1024x768.jpg\" alt=\"\" class=\"wp-image-4205\" srcset=\"https:\/\/familie-weitgereist.de\/wp-content\/uploads\/2021\/04\/IMG_20210417_135413-1024x768.jpg 1024w, https:\/\/familie-weitgereist.de\/wp-content\/uploads\/2021\/04\/IMG_20210417_135413-300x225.jpg 300w, https:\/\/familie-weitgereist.de\/wp-content\/uploads\/2021\/04\/IMG_20210417_135413-768x576.jpg 768w, https:\/\/familie-weitgereist.de\/wp-content\/uploads\/2021\/04\/IMG_20210417_135413-1536x1152.jpg 1536w, https:\/\/familie-weitgereist.de\/wp-content\/uploads\/2021\/04\/IMG_20210417_135413-2048x1536.jpg 2048w, https:\/\/familie-weitgereist.de\/wp-content\/uploads\/2021\/04\/IMG_20210417_135413-1200x900.jpg 1200w, https:\/\/familie-weitgereist.de\/wp-content\/uploads\/2021\/04\/IMG_20210417_135413-1980x1485.jpg 1980w, https:\/\/familie-weitgereist.de\/wp-content\/uploads\/2021\/04\/IMG_20210417_135413-853x640.jpg 853w, https:\/\/familie-weitgereist.de\/wp-content\/uploads\/2021\/04\/IMG_20210417_135413-150x113.jpg 150w\" sizes=\"auto, (max-width: 1024px) 100vw, 1024px\" \/><\/figure>\n\n\n\n<figure class=\"wp-block-image size-large\"><img loading=\"lazy\" decoding=\"async\" width=\"768\" height=\"1024\" data-id=\"4207\" src=\"https:\/\/familie-weitgereist.de\/wp-content\/uploads\/2021\/04\/IMG_20210417_124645-768x1024.jpg\" alt=\"\" class=\"wp-image-4207\" srcset=\"https:\/\/familie-weitgereist.de\/wp-content\/uploads\/2021\/04\/IMG_20210417_124645-768x1024.jpg 768w, https:\/\/familie-weitgereist.de\/wp-content\/uploads\/2021\/04\/IMG_20210417_124645-225x300.jpg 225w, https:\/\/familie-weitgereist.de\/wp-content\/uploads\/2021\/04\/IMG_20210417_124645-1152x1536.jpg 1152w, https:\/\/familie-weitgereist.de\/wp-content\/uploads\/2021\/04\/IMG_20210417_124645-1536x2048.jpg 1536w, https:\/\/familie-weitgereist.de\/wp-content\/uploads\/2021\/04\/IMG_20210417_124645-1200x1600.jpg 1200w, https:\/\/familie-weitgereist.de\/wp-content\/uploads\/2021\/04\/IMG_20210417_124645-1980x2640.jpg 1980w, https:\/\/familie-weitgereist.de\/wp-content\/uploads\/2021\/04\/IMG_20210417_124645-640x853.jpg 640w, https:\/\/familie-weitgereist.de\/wp-content\/uploads\/2021\/04\/IMG_20210417_124645-150x200.jpg 150w, https:\/\/familie-weitgereist.de\/wp-content\/uploads\/2021\/04\/IMG_20210417_124645-scaled.jpg 1920w\" sizes=\"auto, (max-width: 768px) 100vw, 768px\" \/><\/figure>\n<figcaption class=\"blocks-gallery-caption wp-element-caption\">Auf dem Biberpfad<\/figcaption><\/figure>\n\n\n\n<p>Ein zentrales Ziel des Biberpfades ist der &#8222;See der Freundschaft&#8220;. Auf einem Holzsteg l\u00e4uft man eine kurze Strecke am See entlang. Dabei entpuppt sich schon wieder ein Abenteuer f\u00fcr Kinder. Am &#8222;See der Freundschaft&#8220; befindet sich eine Biberh\u00fctte. Dort kann man grillen. Im See zu baden ist jedoch nicht gestattet. <\/p>\n\n\n\n<figure class=\"wp-block-image size-large\"><img loading=\"lazy\" decoding=\"async\" width=\"1024\" height=\"768\" src=\"https:\/\/familie-weitgereist.de\/wp-content\/uploads\/2021\/04\/IMG_20210417_134319-1024x768.jpg\" alt=\"\" class=\"wp-image-4209\" srcset=\"https:\/\/familie-weitgereist.de\/wp-content\/uploads\/2021\/04\/IMG_20210417_134319-1024x768.jpg 1024w, https:\/\/familie-weitgereist.de\/wp-content\/uploads\/2021\/04\/IMG_20210417_134319-300x225.jpg 300w, https:\/\/familie-weitgereist.de\/wp-content\/uploads\/2021\/04\/IMG_20210417_134319-768x576.jpg 768w, https:\/\/familie-weitgereist.de\/wp-content\/uploads\/2021\/04\/IMG_20210417_134319-1536x1152.jpg 1536w, https:\/\/familie-weitgereist.de\/wp-content\/uploads\/2021\/04\/IMG_20210417_134319-2048x1536.jpg 2048w, https:\/\/familie-weitgereist.de\/wp-content\/uploads\/2021\/04\/IMG_20210417_134319-1200x900.jpg 1200w, https:\/\/familie-weitgereist.de\/wp-content\/uploads\/2021\/04\/IMG_20210417_134319-1980x1485.jpg 1980w, https:\/\/familie-weitgereist.de\/wp-content\/uploads\/2021\/04\/IMG_20210417_134319-853x640.jpg 853w, https:\/\/familie-weitgereist.de\/wp-content\/uploads\/2021\/04\/IMG_20210417_134319-150x113.jpg 150w\" sizes=\"auto, (max-width: 1024px) 100vw, 1024px\" \/><\/figure>\n\n\n\n<p>Nachdem wir den Biberpfad verlassen haben, wechselten wir auf den Turmpfad. Das Ziel war der 34m hohe Haselbergturm. Nach 156 Stufen hat man eine wundersch\u00f6ne Aussicht auf die umliegende Region, hinein bis nach Brandenburg. <\/p>\n\n\n\n<figure class=\"wp-block-image size-large\"><img loading=\"lazy\" decoding=\"async\" width=\"768\" height=\"1024\" src=\"https:\/\/familie-weitgereist.de\/wp-content\/uploads\/2021\/04\/IMG_20210417_161002-768x1024.jpg\" alt=\"\" class=\"wp-image-4211\" srcset=\"https:\/\/familie-weitgereist.de\/wp-content\/uploads\/2021\/04\/IMG_20210417_161002-768x1024.jpg 768w, https:\/\/familie-weitgereist.de\/wp-content\/uploads\/2021\/04\/IMG_20210417_161002-225x300.jpg 225w, https:\/\/familie-weitgereist.de\/wp-content\/uploads\/2021\/04\/IMG_20210417_161002-1152x1536.jpg 1152w, https:\/\/familie-weitgereist.de\/wp-content\/uploads\/2021\/04\/IMG_20210417_161002-1536x2048.jpg 1536w, https:\/\/familie-weitgereist.de\/wp-content\/uploads\/2021\/04\/IMG_20210417_161002-1200x1600.jpg 1200w, https:\/\/familie-weitgereist.de\/wp-content\/uploads\/2021\/04\/IMG_20210417_161002-1980x2640.jpg 1980w, https:\/\/familie-weitgereist.de\/wp-content\/uploads\/2021\/04\/IMG_20210417_161002-640x853.jpg 640w, https:\/\/familie-weitgereist.de\/wp-content\/uploads\/2021\/04\/IMG_20210417_161002-150x200.jpg 150w, https:\/\/familie-weitgereist.de\/wp-content\/uploads\/2021\/04\/IMG_20210417_161002-scaled.jpg 1920w\" sizes=\"auto, (max-width: 768px) 100vw, 768px\" \/><figcaption class=\"wp-element-caption\">Der Haselbergturm<\/figcaption><\/figure>\n\n\n\n<figure class=\"wp-block-image size-large\"><img loading=\"lazy\" decoding=\"async\" width=\"1024\" height=\"768\" src=\"https:\/\/familie-weitgereist.de\/wp-content\/uploads\/2021\/04\/IMG_20210417_153859-1024x768.jpg\" alt=\"\" class=\"wp-image-4218\" srcset=\"https:\/\/familie-weitgereist.de\/wp-content\/uploads\/2021\/04\/IMG_20210417_153859-1024x768.jpg 1024w, https:\/\/familie-weitgereist.de\/wp-content\/uploads\/2021\/04\/IMG_20210417_153859-300x225.jpg 300w, https:\/\/familie-weitgereist.de\/wp-content\/uploads\/2021\/04\/IMG_20210417_153859-768x576.jpg 768w, https:\/\/familie-weitgereist.de\/wp-content\/uploads\/2021\/04\/IMG_20210417_153859-1536x1152.jpg 1536w, https:\/\/familie-weitgereist.de\/wp-content\/uploads\/2021\/04\/IMG_20210417_153859-2048x1536.jpg 2048w, https:\/\/familie-weitgereist.de\/wp-content\/uploads\/2021\/04\/IMG_20210417_153859-1200x900.jpg 1200w, https:\/\/familie-weitgereist.de\/wp-content\/uploads\/2021\/04\/IMG_20210417_153859-1980x1485.jpg 1980w, https:\/\/familie-weitgereist.de\/wp-content\/uploads\/2021\/04\/IMG_20210417_153859-853x640.jpg 853w, https:\/\/familie-weitgereist.de\/wp-content\/uploads\/2021\/04\/IMG_20210417_153859-150x113.jpg 150w\" sizes=\"auto, (max-width: 1024px) 100vw, 1024px\" \/><\/figure>\n\n\n\n<figure class=\"wp-block-image size-large\"><img loading=\"lazy\" decoding=\"async\" width=\"1024\" height=\"768\" src=\"https:\/\/familie-weitgereist.de\/wp-content\/uploads\/2021\/04\/IMG_20210417_224904_663-1024x768.jpg\" alt=\"\" class=\"wp-image-4220\" srcset=\"https:\/\/familie-weitgereist.de\/wp-content\/uploads\/2021\/04\/IMG_20210417_224904_663-1024x768.jpg 1024w, https:\/\/familie-weitgereist.de\/wp-content\/uploads\/2021\/04\/IMG_20210417_224904_663-300x225.jpg 300w, https:\/\/familie-weitgereist.de\/wp-content\/uploads\/2021\/04\/IMG_20210417_224904_663-768x576.jpg 768w, https:\/\/familie-weitgereist.de\/wp-content\/uploads\/2021\/04\/IMG_20210417_224904_663-1200x900.jpg 1200w, https:\/\/familie-weitgereist.de\/wp-content\/uploads\/2021\/04\/IMG_20210417_224904_663-853x640.jpg 853w, https:\/\/familie-weitgereist.de\/wp-content\/uploads\/2021\/04\/IMG_20210417_224904_663-150x113.jpg 150w, https:\/\/familie-weitgereist.de\/wp-content\/uploads\/2021\/04\/IMG_20210417_224904_663.jpg 1280w\" sizes=\"auto, (max-width: 1024px) 100vw, 1024px\" \/><\/figure>\n\n\n\n<p>Unseren Tag endeten wir auf einem Spielplatz in Lau\u00dfnitz. Merlin freut sich immer sehr, wenn das Etappenziel ein Spielplatz ist. Aus diesem Grund versuchen wir immer ein tolles Highlight f\u00fcr ihn zu finden.  <\/p>\n\n\n\n<div id=\"wp-block-themeisle-blocks-slider-1b1c7ca2\" class=\"wp-block-themeisle-blocks-slider glide\" data-per-view=\"1\" data-gap=\"0\" data-peek=\"0\" data-autoplay=\"true\" data-height=\"400px\" data-hide-arrows=\"false\"><div class=\"glide__track\" data-glide-el=\"track\"><div class=\"glide__slides\"><div class=\"wp-block-themeisle-blocks-slider-item-wrapper glide__slide\" tabindex=\"0\"><figure><img decoding=\"async\" class=\"wp-block-themeisle-blocks-slider-item\" src=\"https:\/\/familie-weitgereist.de\/wp-content\/uploads\/2021\/04\/IMG_20210417_174705-scaled.jpg\" alt=\"\" title=\"\" data-id=\"4212\"\/><\/figure><\/div><div class=\"wp-block-themeisle-blocks-slider-item-wrapper glide__slide\" tabindex=\"0\"><figure><img decoding=\"async\" class=\"wp-block-themeisle-blocks-slider-item\" src=\"https:\/\/familie-weitgereist.de\/wp-content\/uploads\/2021\/04\/IMG_20210417_173716-scaled.jpg\" alt=\"\" title=\"\" data-id=\"4214\"\/><\/figure><\/div><\/div><div class=\"glide__bullets\" data-glide-el=\"controls[nav]\"><button class=\"glide__bullet\" data-glide-dir=\"=0\"><\/button><button class=\"glide__bullet\" data-glide-dir=\"=1\"><\/button><\/div><\/div><\/div>\n\n\n\n<h2 class=\"wp-block-heading\" id=\"tiefental\">Wandern im Tiefental bei K\u00f6nigsbr\u00fcck<\/h2>\n\n\n\n<p>K\u00f6nigsbr\u00fcck ist auch als &#8222;Tor zur Westlausitz&#8220; und als Stadt an der Via Regia bekannt. <\/p>\n\n\n\n<figure class=\"wp-block-image size-large\"><img loading=\"lazy\" decoding=\"async\" width=\"1024\" height=\"768\" src=\"https:\/\/familie-weitgereist.de\/wp-content\/uploads\/2021\/05\/IMG_20210501_175310-1024x768.jpg\" alt=\"\" class=\"wp-image-5221\" srcset=\"https:\/\/familie-weitgereist.de\/wp-content\/uploads\/2021\/05\/IMG_20210501_175310-1024x768.jpg 1024w, https:\/\/familie-weitgereist.de\/wp-content\/uploads\/2021\/05\/IMG_20210501_175310-300x225.jpg 300w, https:\/\/familie-weitgereist.de\/wp-content\/uploads\/2021\/05\/IMG_20210501_175310-768x576.jpg 768w, https:\/\/familie-weitgereist.de\/wp-content\/uploads\/2021\/05\/IMG_20210501_175310-1536x1152.jpg 1536w, https:\/\/familie-weitgereist.de\/wp-content\/uploads\/2021\/05\/IMG_20210501_175310-2048x1536.jpg 2048w, https:\/\/familie-weitgereist.de\/wp-content\/uploads\/2021\/05\/IMG_20210501_175310-1200x900.jpg 1200w, https:\/\/familie-weitgereist.de\/wp-content\/uploads\/2021\/05\/IMG_20210501_175310-1980x1485.jpg 1980w, https:\/\/familie-weitgereist.de\/wp-content\/uploads\/2021\/05\/IMG_20210501_175310-853x640.jpg 853w, https:\/\/familie-weitgereist.de\/wp-content\/uploads\/2021\/05\/IMG_20210501_175310-150x113.jpg 150w\" sizes=\"auto, (max-width: 1024px) 100vw, 1024px\" \/><figcaption class=\"wp-element-caption\">Marktplatz K\u00f6nigsbr\u00fcck<\/figcaption><\/figure>\n\n\n\n<p>Auch in der N\u00e4he von K\u00f6nigsbr\u00fcck l\u00e4sst es sich sehr gut wandern und wir entdeckten das Tiefental. Dies liegt wildromantisch an der Pulsnitz. <\/p>\n\n\n\n<figure class=\"wp-block-image size-large\"><img loading=\"lazy\" decoding=\"async\" width=\"1024\" height=\"768\" src=\"https:\/\/familie-weitgereist.de\/wp-content\/uploads\/2021\/05\/IMG_20210501_122950-1024x768.jpg\" alt=\"\" class=\"wp-image-5232\" srcset=\"https:\/\/familie-weitgereist.de\/wp-content\/uploads\/2021\/05\/IMG_20210501_122950-1024x768.jpg 1024w, https:\/\/familie-weitgereist.de\/wp-content\/uploads\/2021\/05\/IMG_20210501_122950-300x225.jpg 300w, https:\/\/familie-weitgereist.de\/wp-content\/uploads\/2021\/05\/IMG_20210501_122950-768x576.jpg 768w, https:\/\/familie-weitgereist.de\/wp-content\/uploads\/2021\/05\/IMG_20210501_122950-1536x1152.jpg 1536w, https:\/\/familie-weitgereist.de\/wp-content\/uploads\/2021\/05\/IMG_20210501_122950-2048x1536.jpg 2048w, https:\/\/familie-weitgereist.de\/wp-content\/uploads\/2021\/05\/IMG_20210501_122950-1200x900.jpg 1200w, https:\/\/familie-weitgereist.de\/wp-content\/uploads\/2021\/05\/IMG_20210501_122950-1980x1485.jpg 1980w, https:\/\/familie-weitgereist.de\/wp-content\/uploads\/2021\/05\/IMG_20210501_122950-853x640.jpg 853w, https:\/\/familie-weitgereist.de\/wp-content\/uploads\/2021\/05\/IMG_20210501_122950-150x113.jpg 150w\" sizes=\"auto, (max-width: 1024px) 100vw, 1024px\" \/><figcaption class=\"wp-element-caption\">Das Tiefental<\/figcaption><\/figure>\n\n\n\n<p>Der Einstieg unserer Wanderung verlief an der ehemaligen Stadtm\u00fchle von K\u00f6nigsbr\u00fcck entlang, 1937 war als Datum noch eingraviert. <\/p>\n\n\n\n<figure class=\"wp-block-image size-large\"><img loading=\"lazy\" decoding=\"async\" width=\"1024\" height=\"768\" src=\"https:\/\/familie-weitgereist.de\/wp-content\/uploads\/2021\/05\/IMG_20210501_112109-1024x768.jpg\" alt=\"\" class=\"wp-image-5226\" srcset=\"https:\/\/familie-weitgereist.de\/wp-content\/uploads\/2021\/05\/IMG_20210501_112109-1024x768.jpg 1024w, https:\/\/familie-weitgereist.de\/wp-content\/uploads\/2021\/05\/IMG_20210501_112109-300x225.jpg 300w, https:\/\/familie-weitgereist.de\/wp-content\/uploads\/2021\/05\/IMG_20210501_112109-768x576.jpg 768w, https:\/\/familie-weitgereist.de\/wp-content\/uploads\/2021\/05\/IMG_20210501_112109-1536x1152.jpg 1536w, https:\/\/familie-weitgereist.de\/wp-content\/uploads\/2021\/05\/IMG_20210501_112109-2048x1536.jpg 2048w, https:\/\/familie-weitgereist.de\/wp-content\/uploads\/2021\/05\/IMG_20210501_112109-1200x900.jpg 1200w, https:\/\/familie-weitgereist.de\/wp-content\/uploads\/2021\/05\/IMG_20210501_112109-1980x1485.jpg 1980w, https:\/\/familie-weitgereist.de\/wp-content\/uploads\/2021\/05\/IMG_20210501_112109-853x640.jpg 853w, https:\/\/familie-weitgereist.de\/wp-content\/uploads\/2021\/05\/IMG_20210501_112109-150x113.jpg 150w\" sizes=\"auto, (max-width: 1024px) 100vw, 1024px\" \/><figcaption class=\"wp-element-caption\">Stadtm\u00fchle K\u00f6nigsbr\u00fcck<\/figcaption><\/figure>\n\n\n\n<p>Direkt neben der alten M\u00fchle befindet sich ein Eisenbahnviadukt. Die Strecke verlief von K\u00f6nigsbr\u00fcck nach Dresden und f\u00fchrte \u00fcber das Pulsnitztal. 1899 wurde das Viadukt er\u00f6ffnet und letztmalig 2001 genutzt. Seither steht es unter Denkmalschutz.<\/p>\n\n\n\n<figure class=\"wp-block-image size-large\"><img loading=\"lazy\" decoding=\"async\" width=\"1024\" height=\"768\" src=\"https:\/\/familie-weitgereist.de\/wp-content\/uploads\/2021\/05\/IMG_20210501_112831-1024x768.jpg\" alt=\"\" class=\"wp-image-5225\" srcset=\"https:\/\/familie-weitgereist.de\/wp-content\/uploads\/2021\/05\/IMG_20210501_112831-1024x768.jpg 1024w, https:\/\/familie-weitgereist.de\/wp-content\/uploads\/2021\/05\/IMG_20210501_112831-300x225.jpg 300w, https:\/\/familie-weitgereist.de\/wp-content\/uploads\/2021\/05\/IMG_20210501_112831-768x576.jpg 768w, https:\/\/familie-weitgereist.de\/wp-content\/uploads\/2021\/05\/IMG_20210501_112831-1536x1152.jpg 1536w, https:\/\/familie-weitgereist.de\/wp-content\/uploads\/2021\/05\/IMG_20210501_112831-2048x1536.jpg 2048w, https:\/\/familie-weitgereist.de\/wp-content\/uploads\/2021\/05\/IMG_20210501_112831-1200x900.jpg 1200w, https:\/\/familie-weitgereist.de\/wp-content\/uploads\/2021\/05\/IMG_20210501_112831-1980x1485.jpg 1980w, https:\/\/familie-weitgereist.de\/wp-content\/uploads\/2021\/05\/IMG_20210501_112831-853x640.jpg 853w, https:\/\/familie-weitgereist.de\/wp-content\/uploads\/2021\/05\/IMG_20210501_112831-150x113.jpg 150w\" sizes=\"auto, (max-width: 1024px) 100vw, 1024px\" \/><figcaption class=\"wp-element-caption\">Eisenbahnviadukt <\/figcaption><\/figure>\n\n\n\n<p>Das kleine Tiefental ist wildromantisch. Die rauschende Pulsnitz begleitete uns den ganzen Weg durch das Tal. <\/p>\n\n\n\n<div id=\"wp-block-themeisle-blocks-slider-3dcb80cc\" class=\"wp-block-themeisle-blocks-slider glide\" data-per-view=\"1\" data-gap=\"0\" data-peek=\"0\" data-autoplay=\"true\" data-height=\"433px\" data-hide-arrows=\"false\"><div class=\"glide__track\" data-glide-el=\"track\"><div class=\"glide__slides\"><div class=\"wp-block-themeisle-blocks-slider-item-wrapper glide__slide\" tabindex=\"0\"><figure><img decoding=\"async\" class=\"wp-block-themeisle-blocks-slider-item\" src=\"https:\/\/familie-weitgereist.de\/wp-content\/uploads\/2021\/05\/IMG_20210501_222440_122-scaled.jpg\" alt=\"\" title=\"\" data-id=\"5229\"\/><\/figure><\/div><div class=\"wp-block-themeisle-blocks-slider-item-wrapper glide__slide\" tabindex=\"0\"><figure><img decoding=\"async\" class=\"wp-block-themeisle-blocks-slider-item\" src=\"https:\/\/familie-weitgereist.de\/wp-content\/uploads\/2021\/05\/IMG_20210501_222338_503-scaled.jpg\" alt=\"\" title=\"\" data-id=\"5230\"\/><\/figure><\/div><div class=\"wp-block-themeisle-blocks-slider-item-wrapper glide__slide\" tabindex=\"0\"><figure><img decoding=\"async\" class=\"wp-block-themeisle-blocks-slider-item\" src=\"https:\/\/familie-weitgereist.de\/wp-content\/uploads\/2021\/05\/IMG_20210501_130416-1-scaled.jpg\" alt=\"\" title=\"\" data-id=\"5231\"\/><\/figure><\/div><div class=\"wp-block-themeisle-blocks-slider-item-wrapper glide__slide\" tabindex=\"0\"><figure><img decoding=\"async\" class=\"wp-block-themeisle-blocks-slider-item\" src=\"https:\/\/familie-weitgereist.de\/wp-content\/uploads\/2021\/05\/IMG_20210501_121231-scaled.jpg\" alt=\"\" title=\"\" data-id=\"5235\"\/><\/figure><\/div><\/div><div class=\"glide__bullets\" data-glide-el=\"controls[nav]\"><button class=\"glide__bullet\" data-glide-dir=\"=0\"><\/button><button class=\"glide__bullet\" data-glide-dir=\"=1\"><\/button><button class=\"glide__bullet\" data-glide-dir=\"=2\"><\/button><button class=\"glide__bullet\" data-glide-dir=\"=3\"><\/button><\/div><\/div><\/div>\n\n\n\n<p>An vielen Stellen kann man Rast machen und die Natur genie\u00dfen. Wir haben ein Picknick gemacht, Merlin hat mit seinen kleinen Autos gespielt und wir konnten bei Sonnenschein die Zeit genie\u00dfen. <\/p>\n\n\n\n<div id=\"wp-block-themeisle-blocks-slider-2af61bdd\" class=\"wp-block-themeisle-blocks-slider glide\" data-per-view=\"1\" data-gap=\"0\" data-peek=\"0\" data-autoplay=\"true\" data-height=\"383px\" data-hide-arrows=\"false\"><div class=\"glide__track\" data-glide-el=\"track\"><div class=\"glide__slides\"><div class=\"wp-block-themeisle-blocks-slider-item-wrapper glide__slide\" tabindex=\"0\"><figure><img decoding=\"async\" class=\"wp-block-themeisle-blocks-slider-item\" src=\"https:\/\/familie-weitgereist.de\/wp-content\/uploads\/2021\/05\/IMG_20210501_222456_295-scaled.jpg\" alt=\"\" title=\"\" data-id=\"5238\"\/><\/figure><\/div><div class=\"wp-block-themeisle-blocks-slider-item-wrapper glide__slide\" tabindex=\"0\"><figure><img decoding=\"async\" class=\"wp-block-themeisle-blocks-slider-item\" src=\"https:\/\/familie-weitgereist.de\/wp-content\/uploads\/2021\/05\/IMG_20210501_131506-scaled.jpg\" alt=\"\" title=\"\" data-id=\"5239\"\/><\/figure><\/div><div class=\"wp-block-themeisle-blocks-slider-item-wrapper glide__slide\" tabindex=\"0\"><figure><img decoding=\"async\" class=\"wp-block-themeisle-blocks-slider-item\" src=\"https:\/\/familie-weitgereist.de\/wp-content\/uploads\/2021\/05\/IMG_20210501_124758-scaled.jpg\" alt=\"\" title=\"\" data-id=\"5240\"\/><\/figure><\/div><\/div><div class=\"glide__bullets\" data-glide-el=\"controls[nav]\"><button class=\"glide__bullet\" data-glide-dir=\"=0\"><\/button><button class=\"glide__bullet\" data-glide-dir=\"=1\"><\/button><button class=\"glide__bullet\" data-glide-dir=\"=2\"><\/button><\/div><\/div><\/div>\n\n\n\n<p>Unser Weg f\u00fchrte weiter \u00fcber den K\u00f6nigsbr\u00fccker Jakobsweg und alle Pilger werden mit einer Steintafel begr\u00fc\u00dft &#8222;Willkommen in K\u00f6nigsbr\u00fcck&#8220;. <\/p>\n\n\n\n<figure class=\"wp-block-image size-large\"><img loading=\"lazy\" decoding=\"async\" width=\"1024\" height=\"768\" src=\"https:\/\/familie-weitgereist.de\/wp-content\/uploads\/2021\/05\/IMG_20210501_193355_498-1024x768.jpg\" alt=\"\" class=\"wp-image-5246\" srcset=\"https:\/\/familie-weitgereist.de\/wp-content\/uploads\/2021\/05\/IMG_20210501_193355_498-1024x768.jpg 1024w, https:\/\/familie-weitgereist.de\/wp-content\/uploads\/2021\/05\/IMG_20210501_193355_498-300x225.jpg 300w, https:\/\/familie-weitgereist.de\/wp-content\/uploads\/2021\/05\/IMG_20210501_193355_498-768x576.jpg 768w, https:\/\/familie-weitgereist.de\/wp-content\/uploads\/2021\/05\/IMG_20210501_193355_498-1200x900.jpg 1200w, https:\/\/familie-weitgereist.de\/wp-content\/uploads\/2021\/05\/IMG_20210501_193355_498-853x640.jpg 853w, https:\/\/familie-weitgereist.de\/wp-content\/uploads\/2021\/05\/IMG_20210501_193355_498-150x113.jpg 150w, https:\/\/familie-weitgereist.de\/wp-content\/uploads\/2021\/05\/IMG_20210501_193355_498.jpg 1280w\" sizes=\"auto, (max-width: 1024px) 100vw, 1024px\" \/><figcaption class=\"wp-element-caption\">Pilgern bei K\u00f6nigsbr\u00fcck<\/figcaption><\/figure>\n\n\n\n<p>Auf einer Wiese haben wir noch L\u00f6wenzahn gepfl\u00fcckt und nun duftet unser zu Hause nach leckerer L\u00f6wenzahnmarmelade.<\/p>\n\n\n\n<figure class=\"wp-block-image size-large\"><img loading=\"lazy\" decoding=\"async\" width=\"1024\" height=\"768\" src=\"https:\/\/familie-weitgereist.de\/wp-content\/uploads\/2021\/05\/IMG_20210501_222247_183-1024x768.jpg\" alt=\"\" class=\"wp-image-5244\" srcset=\"https:\/\/familie-weitgereist.de\/wp-content\/uploads\/2021\/05\/IMG_20210501_222247_183-1024x768.jpg 1024w, https:\/\/familie-weitgereist.de\/wp-content\/uploads\/2021\/05\/IMG_20210501_222247_183-300x225.jpg 300w, https:\/\/familie-weitgereist.de\/wp-content\/uploads\/2021\/05\/IMG_20210501_222247_183-768x576.jpg 768w, https:\/\/familie-weitgereist.de\/wp-content\/uploads\/2021\/05\/IMG_20210501_222247_183-1536x1152.jpg 1536w, https:\/\/familie-weitgereist.de\/wp-content\/uploads\/2021\/05\/IMG_20210501_222247_183-2048x1536.jpg 2048w, https:\/\/familie-weitgereist.de\/wp-content\/uploads\/2021\/05\/IMG_20210501_222247_183-1200x900.jpg 1200w, https:\/\/familie-weitgereist.de\/wp-content\/uploads\/2021\/05\/IMG_20210501_222247_183-1980x1485.jpg 1980w, https:\/\/familie-weitgereist.de\/wp-content\/uploads\/2021\/05\/IMG_20210501_222247_183-853x640.jpg 853w, https:\/\/familie-weitgereist.de\/wp-content\/uploads\/2021\/05\/IMG_20210501_222247_183-150x113.jpg 150w\" sizes=\"auto, (max-width: 1024px) 100vw, 1024px\" \/><figcaption class=\"wp-element-caption\">L\u00f6wenzahn pfl\u00fccken<\/figcaption><\/figure>\n\n\n\n<p>Der Tag endete f\u00fcr uns mit einem Spielplatzbesuch in K\u00f6nigsbr\u00fcck. <\/p>\n\n\n\n<figure class=\"wp-block-image size-large\"><img loading=\"lazy\" decoding=\"async\" width=\"1024\" height=\"768\" src=\"https:\/\/familie-weitgereist.de\/wp-content\/uploads\/2021\/05\/IMG_20210501_170417-1024x768.jpg\" alt=\"\" class=\"wp-image-5243\" srcset=\"https:\/\/familie-weitgereist.de\/wp-content\/uploads\/2021\/05\/IMG_20210501_170417-1024x768.jpg 1024w, https:\/\/familie-weitgereist.de\/wp-content\/uploads\/2021\/05\/IMG_20210501_170417-300x225.jpg 300w, https:\/\/familie-weitgereist.de\/wp-content\/uploads\/2021\/05\/IMG_20210501_170417-768x576.jpg 768w, https:\/\/familie-weitgereist.de\/wp-content\/uploads\/2021\/05\/IMG_20210501_170417-1536x1152.jpg 1536w, https:\/\/familie-weitgereist.de\/wp-content\/uploads\/2021\/05\/IMG_20210501_170417-2048x1536.jpg 2048w, https:\/\/familie-weitgereist.de\/wp-content\/uploads\/2021\/05\/IMG_20210501_170417-1200x900.jpg 1200w, https:\/\/familie-weitgereist.de\/wp-content\/uploads\/2021\/05\/IMG_20210501_170417-1980x1485.jpg 1980w, https:\/\/familie-weitgereist.de\/wp-content\/uploads\/2021\/05\/IMG_20210501_170417-853x640.jpg 853w, https:\/\/familie-weitgereist.de\/wp-content\/uploads\/2021\/05\/IMG_20210501_170417-150x113.jpg 150w\" sizes=\"auto, (max-width: 1024px) 100vw, 1024px\" \/><\/figure>\n\n\n\n<h2 class=\"wp-block-heading\" id=\"kromlau\">Kromlauer Park und Rakotzbr\u00fccke<\/h2>\n\n\n\n<p>Der Rhododendronpark in Kromlau ist besonders bekannt durch die Rakotzbr\u00fccke. Im Jahr 1844 legte der Gutsbesitzer Friedrich Herrmann R\u00f6tschke auf 200ha den Kromlauer Park an. 1889 erweiterte Graf von Egloffstein den Park durch Azaleen und Rhododendronb\u00fcschen. Viele Kunstwerke aus Basaltgestein schm\u00fccken den Park und dabei ist die Rakotzbr\u00fccke besonders bekannt.<\/p>\n\n\n\n<figure class=\"wp-block-image size-large\"><img loading=\"lazy\" decoding=\"async\" width=\"1024\" height=\"768\" src=\"https:\/\/familie-weitgereist.de\/wp-content\/uploads\/2021\/10\/IMG_20211002_113632-1024x768.jpg\" alt=\"\" class=\"wp-image-6743\" srcset=\"https:\/\/familie-weitgereist.de\/wp-content\/uploads\/2021\/10\/IMG_20211002_113632-1024x768.jpg 1024w, https:\/\/familie-weitgereist.de\/wp-content\/uploads\/2021\/10\/IMG_20211002_113632-300x225.jpg 300w, https:\/\/familie-weitgereist.de\/wp-content\/uploads\/2021\/10\/IMG_20211002_113632-768x576.jpg 768w, https:\/\/familie-weitgereist.de\/wp-content\/uploads\/2021\/10\/IMG_20211002_113632-1536x1152.jpg 1536w, https:\/\/familie-weitgereist.de\/wp-content\/uploads\/2021\/10\/IMG_20211002_113632-2048x1536.jpg 2048w, https:\/\/familie-weitgereist.de\/wp-content\/uploads\/2021\/10\/IMG_20211002_113632-1200x900.jpg 1200w, https:\/\/familie-weitgereist.de\/wp-content\/uploads\/2021\/10\/IMG_20211002_113632-1980x1485.jpg 1980w, https:\/\/familie-weitgereist.de\/wp-content\/uploads\/2021\/10\/IMG_20211002_113632-150x113.jpg 150w\" sizes=\"auto, (max-width: 1024px) 100vw, 1024px\" \/><figcaption class=\"wp-element-caption\">Rakotzbr\u00fccke<\/figcaption><\/figure>\n\n\n\n<p>Der Kromlauer Park ist wirklich wundersch\u00f6n. Ein gro\u00dfer kostenpflichtiger Parkplatz wurde direkt neben dem Park angelegt. 2 Stunden Parkdauer kosten 3\u20ac, je weitere Stunde 1\u20ac mehr und das Tagesticket kostet 8\u20ac. Wir l\u00f6sten ein Ticket f\u00fcr 6\u20ac. <\/p>\n\n\n\n<p>Aufgrund der Bekanntheit der Br\u00fccke, ist dort bei bestem Wetter besonders viel los. Alsbald wir die Br\u00fccke hinter uns lie\u00dfen, ist der Park so weitl\u00e4ufig, dass wir f\u00fcr uns allein waren. Wir schlenderten durch den Park, besichtigten das Herrenhaus, das Schloss, die Skulptur &#8222;Himmel und H\u00f6lle&#8220; und sahen sogar am Bahnhof die Waldeisenbahn, eine alte Dampfeisenbahn, ankommen. <\/p>\n\n\n\n<div id=\"wp-block-themeisle-blocks-slider-59fabcf4\" class=\"wp-block-themeisle-blocks-slider glide\" data-per-view=\"1\" data-gap=\"0\" data-peek=\"0\" data-autoplay=\"true\" data-height=\"389px\" data-hide-arrows=\"false\"><div class=\"glide__track\" data-glide-el=\"track\"><div class=\"glide__slides\"><div class=\"wp-block-themeisle-blocks-slider-item-wrapper glide__slide\" tabindex=\"0\"><figure><img decoding=\"async\" class=\"wp-block-themeisle-blocks-slider-item\" src=\"https:\/\/familie-weitgereist.de\/wp-content\/uploads\/2021\/10\/IMG_20211002_145001-scaled.jpg\" alt=\"\" title=\"\" data-id=\"6765\"\/><\/figure><\/div><div class=\"wp-block-themeisle-blocks-slider-item-wrapper glide__slide\" tabindex=\"0\"><figure><img decoding=\"async\" class=\"wp-block-themeisle-blocks-slider-item\" src=\"https:\/\/familie-weitgereist.de\/wp-content\/uploads\/2021\/10\/IMG_20211002_142950-scaled.jpg\" alt=\"\" title=\"\" data-id=\"6767\"\/><\/figure><\/div><div class=\"wp-block-themeisle-blocks-slider-item-wrapper glide__slide\" tabindex=\"0\"><figure><img decoding=\"async\" class=\"wp-block-themeisle-blocks-slider-item\" src=\"https:\/\/familie-weitgereist.de\/wp-content\/uploads\/2021\/10\/IMG_20211002_142342-scaled.jpg\" alt=\"\" title=\"\" data-id=\"6768\"\/><\/figure><\/div><div class=\"wp-block-themeisle-blocks-slider-item-wrapper glide__slide\" tabindex=\"0\"><figure><img decoding=\"async\" class=\"wp-block-themeisle-blocks-slider-item\" src=\"https:\/\/familie-weitgereist.de\/wp-content\/uploads\/2021\/10\/IMG_20211002_141556-scaled.jpg\" alt=\"\" title=\"\" data-id=\"6769\"\/><\/figure><\/div><div class=\"wp-block-themeisle-blocks-slider-item-wrapper glide__slide\" tabindex=\"0\"><figure><img decoding=\"async\" class=\"wp-block-themeisle-blocks-slider-item\" src=\"https:\/\/familie-weitgereist.de\/wp-content\/uploads\/2021\/10\/IMG_20211002_115447-scaled.jpg\" alt=\"\" title=\"\" data-id=\"6770\"\/><\/figure><\/div><div class=\"wp-block-themeisle-blocks-slider-item-wrapper glide__slide\" tabindex=\"0\"><figure><img decoding=\"async\" class=\"wp-block-themeisle-blocks-slider-item\" src=\"https:\/\/familie-weitgereist.de\/wp-content\/uploads\/2021\/10\/IMG_20211002_114210-scaled.jpg\" alt=\"\" title=\"\" data-id=\"6771\"\/><\/figure><\/div><\/div><div class=\"glide__bullets\" data-glide-el=\"controls[nav]\"><button class=\"glide__bullet\" data-glide-dir=\"=0\"><\/button><button class=\"glide__bullet\" data-glide-dir=\"=1\"><\/button><button class=\"glide__bullet\" data-glide-dir=\"=2\"><\/button><button class=\"glide__bullet\" data-glide-dir=\"=3\"><\/button><button class=\"glide__bullet\" data-glide-dir=\"=4\"><\/button><button class=\"glide__bullet\" data-glide-dir=\"=5\"><\/button><\/div><\/div><\/div>\n\n\n\n<p>Die Rakotzbr\u00fccke und der gesamte Kromlauer Park haben uns sehr gut gefallen. Der wundervolle Wald, die Ruhe und Weitl\u00e4ufigkeit, einfach herrlich. <\/p>\n\n\n\n<p>Zudem kann man am Bahnhof in Kromlau, mitten im Park gelegen mit der Waldeisenbahn abfahren. Die Dampfeisenbahn macht u.a. Halt in Wei\u00dfwasser und Bad Muskau. Am Bahnhof gibt es einen kleinen Spielplatz mit Schaukel und Trampolin. Den haben wir sehr genossen. <\/p>\n\n\n\n<div id=\"wp-block-themeisle-blocks-slider-64ffc3cc\" class=\"wp-block-themeisle-blocks-slider glide\" data-per-view=\"1\" data-gap=\"0\" data-peek=\"0\" data-autoplay=\"true\" data-height=\"400px\" data-hide-arrows=\"false\"><div class=\"glide__track\" data-glide-el=\"track\"><div class=\"glide__slides\"><div class=\"wp-block-themeisle-blocks-slider-item-wrapper glide__slide\" tabindex=\"0\"><figure><img decoding=\"async\" class=\"wp-block-themeisle-blocks-slider-item\" src=\"https:\/\/familie-weitgereist.de\/wp-content\/uploads\/2021\/10\/IMG_20211002_134116-scaled.jpg\" alt=\"\" title=\"\" data-id=\"6760\"\/><\/figure><\/div><div class=\"wp-block-themeisle-blocks-slider-item-wrapper glide__slide\" tabindex=\"0\"><figure><img decoding=\"async\" class=\"wp-block-themeisle-blocks-slider-item\" src=\"https:\/\/familie-weitgereist.de\/wp-content\/uploads\/2021\/10\/IMG_20211002_130733-scaled.jpg\" alt=\"\" title=\"\" data-id=\"6762\"\/><\/figure><\/div><div class=\"wp-block-themeisle-blocks-slider-item-wrapper glide__slide\" tabindex=\"0\"><figure><img decoding=\"async\" class=\"wp-block-themeisle-blocks-slider-item\" src=\"https:\/\/familie-weitgereist.de\/wp-content\/uploads\/2021\/10\/IMG_20211002_125830-scaled.jpg\" alt=\"\" title=\"\" data-id=\"6763\"\/><\/figure><\/div><\/div><div class=\"glide__bullets\" data-glide-el=\"controls[nav]\"><button class=\"glide__bullet\" data-glide-dir=\"=0\"><\/button><button class=\"glide__bullet\" data-glide-dir=\"=1\"><\/button><button class=\"glide__bullet\" data-glide-dir=\"=2\"><\/button><\/div><\/div><\/div>\n\n\n\n<p>Nachdem wir durch den Park gewandert sind, waren wir noch eine Weile beim zentralen Spielplatz in Kromlau. Der Mehrgenerationenspielplatz bietet viele Ger\u00e4te zum Auspowern und Trainieren. <\/p>\n\n\n\n<div id=\"wp-block-themeisle-blocks-slider-cb40c774\" class=\"wp-block-themeisle-blocks-slider glide\" data-per-view=\"1\" data-gap=\"0\" data-peek=\"0\" data-autoplay=\"true\" data-height=\"400px\" data-hide-arrows=\"false\"><div class=\"glide__track\" data-glide-el=\"track\"><div class=\"glide__slides\"><div class=\"wp-block-themeisle-blocks-slider-item-wrapper glide__slide\" tabindex=\"0\"><figure><img decoding=\"async\" class=\"wp-block-themeisle-blocks-slider-item\" src=\"https:\/\/familie-weitgereist.de\/wp-content\/uploads\/2021\/10\/IMG_20211002_153159-scaled.jpg\" alt=\"\" title=\"\" data-id=\"6755\"\/><\/figure><\/div><div class=\"wp-block-themeisle-blocks-slider-item-wrapper glide__slide\" tabindex=\"0\"><figure><img decoding=\"async\" class=\"wp-block-themeisle-blocks-slider-item\" src=\"https:\/\/familie-weitgereist.de\/wp-content\/uploads\/2021\/10\/IMG_20211002_152245-scaled.jpg\" alt=\"\" title=\"\" data-id=\"6758\"\/><\/figure><\/div><\/div><div class=\"glide__bullets\" data-glide-el=\"controls[nav]\"><button class=\"glide__bullet\" data-glide-dir=\"=0\"><\/button><button class=\"glide__bullet\" data-glide-dir=\"=1\"><\/button><\/div><\/div><\/div>\n\n\n\n<p>Zum Abschluss unseres Tagesausfluges fuhren wir nach Wei\u00dfwasser zum Aussichtsturm &#8222;Am Schweren Berg&#8220;. Wei\u00dfwasser in der Oberlausitz ist direkt am Tagebau Nochten gelegen. Wei\u00dfwasser ist eine Stadt, die in den 1960\/1970er Jahren haupts\u00e4chlich Tagebaumitarbeiter angezogen hat und somit gewachsen ist. Die Stadt an sich hat nicht viele Sehensw\u00fcrdigkeiten. Der Turm, inklusive Caf\u00e9 bietet jedoch einen spannenden Einblick in den gegenw\u00e4rtigen Tagebau. Die Landschaft wird zudem rekultiviert, dennoch gleicht sie einer Mondlandschaft.<\/p>\n\n\n\n<div id=\"wp-block-themeisle-blocks-slider-8777f3cf\" class=\"wp-block-themeisle-blocks-slider glide\" data-per-view=\"1\" data-gap=\"0\" data-peek=\"0\" data-autoplay=\"true\" data-height=\"400px\" data-hide-arrows=\"false\"><div class=\"glide__track\" data-glide-el=\"track\"><div class=\"glide__slides\"><div class=\"wp-block-themeisle-blocks-slider-item-wrapper glide__slide\" tabindex=\"0\"><figure><img decoding=\"async\" class=\"wp-block-themeisle-blocks-slider-item\" src=\"https:\/\/familie-weitgereist.de\/wp-content\/uploads\/2021\/10\/IMG_20211002_163022-scaled.jpg\" alt=\"\" title=\"\" data-id=\"6754\"\/><\/figure><\/div><div class=\"wp-block-themeisle-blocks-slider-item-wrapper glide__slide\" tabindex=\"0\"><figure><img decoding=\"async\" class=\"wp-block-themeisle-blocks-slider-item\" src=\"https:\/\/familie-weitgereist.de\/wp-content\/uploads\/2021\/10\/IMG_20211002_161819-scaled.jpg\" alt=\"\" title=\"\" data-id=\"6757\"\/><\/figure><\/div><div class=\"wp-block-themeisle-blocks-slider-item-wrapper glide__slide\" tabindex=\"0\"><figure><img decoding=\"async\" class=\"wp-block-themeisle-blocks-slider-item\" src=\"https:\/\/familie-weitgereist.de\/wp-content\/uploads\/2021\/10\/IMG_20211002_161744-scaled.jpg\" alt=\"\" title=\"\" data-id=\"6759\"\/><\/figure><\/div><\/div><div class=\"glide__bullets\" data-glide-el=\"controls[nav]\"><button class=\"glide__bullet\" data-glide-dir=\"=0\"><\/button><button class=\"glide__bullet\" data-glide-dir=\"=1\"><\/button><button class=\"glide__bullet\" data-glide-dir=\"=2\"><\/button><\/div><\/div><\/div>\n\n\n\n<h2 class=\"wp-block-heading\" id=\"moritzburg\">Moritzburg und Dippelsdorfer Teich<\/h2>\n\n\n\n<p>Als Ziel unserer Fahrradtour hatten wir uns den <strong>Dippelsdorfer Teich<\/strong> ausgesucht. An diesem Teich befindet sich der Sonnenlandpark. Dies ist ein Campingplatz mit Stellpl\u00e4tzen und Bungalows. Es gibt einen Kanuverleih und viele Grillpl\u00e4tze direkt am Seeufer. Der Dippelsdorfer Teich ist ein Teich im Moritzburger Teichgebiet. Dies macht es besonders reizvoll, denn das wundersch\u00f6ne <strong>Schloss Moritzburg<\/strong> ist nicht weit entfernt. Besonders interessant ist, dass \u00fcber den Dippelsdorfer Teich ein 210m langer Bahndamm f\u00fchrt, \u00fcber dem die L\u00f6\u00dfnitzgrundbahn f\u00e4hrt. Diese kleine Schmalspurbahn verkehrt zwischen Radebeul und Radeburg. Sie durchquert den L\u00f6\u00dfnitzgrund und \u00fcberquert den Dippelsdorfer Teich.<\/p>\n\n\n\n<figure class=\"wp-block-image size-large\"><img loading=\"lazy\" decoding=\"async\" width=\"1024\" height=\"768\" src=\"https:\/\/familie-weitgereist.de\/wp-content\/uploads\/2021\/05\/IMG_20210508_140150-1024x768.jpg\" alt=\"\" class=\"wp-image-5317\" srcset=\"https:\/\/familie-weitgereist.de\/wp-content\/uploads\/2021\/05\/IMG_20210508_140150-1024x768.jpg 1024w, https:\/\/familie-weitgereist.de\/wp-content\/uploads\/2021\/05\/IMG_20210508_140150-300x225.jpg 300w, https:\/\/familie-weitgereist.de\/wp-content\/uploads\/2021\/05\/IMG_20210508_140150-768x576.jpg 768w, https:\/\/familie-weitgereist.de\/wp-content\/uploads\/2021\/05\/IMG_20210508_140150-1536x1152.jpg 1536w, https:\/\/familie-weitgereist.de\/wp-content\/uploads\/2021\/05\/IMG_20210508_140150-2048x1536.jpg 2048w, https:\/\/familie-weitgereist.de\/wp-content\/uploads\/2021\/05\/IMG_20210508_140150-1200x900.jpg 1200w, https:\/\/familie-weitgereist.de\/wp-content\/uploads\/2021\/05\/IMG_20210508_140150-1980x1485.jpg 1980w, https:\/\/familie-weitgereist.de\/wp-content\/uploads\/2021\/05\/IMG_20210508_140150-853x640.jpg 853w, https:\/\/familie-weitgereist.de\/wp-content\/uploads\/2021\/05\/IMG_20210508_140150-150x113.jpg 150w\" sizes=\"auto, (max-width: 1024px) 100vw, 1024px\" \/><figcaption class=\"wp-element-caption\">Dippelsdorfer Teich<\/figcaption><\/figure>\n\n\n\n<p>Am Dippelsdorfer Teich gibt es einen sch\u00f6nen gro\u00dfen Spielplatz mit Schaukeln, Klettert\u00fcrmen, Rutschen, Sandk\u00e4sten und einer Zipline. Ein riesen Spa\u00df f\u00fcr Kinder.<\/p>\n\n\n\n<figure class=\"wp-block-image size-large\"><img loading=\"lazy\" decoding=\"async\" width=\"1024\" height=\"768\" src=\"https:\/\/familie-weitgereist.de\/wp-content\/uploads\/2021\/05\/IMG_20210508_122524-1024x768.jpg\" alt=\"\" class=\"wp-image-5320\" srcset=\"https:\/\/familie-weitgereist.de\/wp-content\/uploads\/2021\/05\/IMG_20210508_122524-1024x768.jpg 1024w, https:\/\/familie-weitgereist.de\/wp-content\/uploads\/2021\/05\/IMG_20210508_122524-300x225.jpg 300w, https:\/\/familie-weitgereist.de\/wp-content\/uploads\/2021\/05\/IMG_20210508_122524-768x576.jpg 768w, https:\/\/familie-weitgereist.de\/wp-content\/uploads\/2021\/05\/IMG_20210508_122524-1536x1152.jpg 1536w, https:\/\/familie-weitgereist.de\/wp-content\/uploads\/2021\/05\/IMG_20210508_122524-2048x1536.jpg 2048w, https:\/\/familie-weitgereist.de\/wp-content\/uploads\/2021\/05\/IMG_20210508_122524-1200x900.jpg 1200w, https:\/\/familie-weitgereist.de\/wp-content\/uploads\/2021\/05\/IMG_20210508_122524-1980x1485.jpg 1980w, https:\/\/familie-weitgereist.de\/wp-content\/uploads\/2021\/05\/IMG_20210508_122524-853x640.jpg 853w, https:\/\/familie-weitgereist.de\/wp-content\/uploads\/2021\/05\/IMG_20210508_122524-150x113.jpg 150w\" sizes=\"auto, (max-width: 1024px) 100vw, 1024px\" \/><\/figure>\n\n\n\n<p>Unsere Tour f\u00fchrte uns direkt am Schloss Moritzburg entlang. Wir stoppten des\u00f6fteren um den herrlichen Anblick des M\u00e4rchenschlosses zu genie\u00dfen. Zudem hatten wir traumhaftes Wetter und das Schloss spiegelte sich im See. Das Schloss geht auf das 16. Jahrhundert zur\u00fcck und diente als Jagdschloss. August der Starke verlieh dem Schloss im 18. Jahrhundert seine heutige Gestalt. Das Schloss steht auf einer k\u00fcnstlichen Insel im Schlossteich. Das umliegende Waldgel\u00e4nde ist sehr gro\u00df. Auch hier kann man sehr sch\u00f6n wandern. In der N\u00e4he des Schlosses befindet sich das Fasanenschl\u00f6sschen. 1728 wurde hier eine Fasanerie angelegt. In unmittelbarer N\u00e4he steht ein rosaner Leuchtturm am Gro\u00dfen Teich.<\/p>\n\n\n\n<div id=\"wp-block-themeisle-blocks-slider-957cf4b4\" class=\"wp-block-themeisle-blocks-slider glide\" data-per-view=\"1\" data-gap=\"0\" data-peek=\"0\" data-autoplay=\"true\" data-height=\"400px\" data-hide-arrows=\"false\"><div class=\"glide__track\" data-glide-el=\"track\"><div class=\"glide__slides\"><div class=\"wp-block-themeisle-blocks-slider-item-wrapper glide__slide\" tabindex=\"0\"><figure><img decoding=\"async\" class=\"wp-block-themeisle-blocks-slider-item\" src=\"https:\/\/familie-weitgereist.de\/wp-content\/uploads\/2021\/05\/IMG_20210508_140208-scaled.jpg\" alt=\"\" title=\"\" data-id=\"5321\"\/><\/figure><\/div><div class=\"wp-block-themeisle-blocks-slider-item-wrapper glide__slide\" tabindex=\"0\"><figure><img decoding=\"async\" class=\"wp-block-themeisle-blocks-slider-item\" src=\"https:\/\/familie-weitgereist.de\/wp-content\/uploads\/2021\/05\/IMG_20210508_120147-scaled.jpg\" alt=\"\" title=\"\" data-id=\"5323\"\/><\/figure><\/div><div class=\"wp-block-themeisle-blocks-slider-item-wrapper glide__slide\" tabindex=\"0\"><figure><img decoding=\"async\" class=\"wp-block-themeisle-blocks-slider-item\" src=\"https:\/\/familie-weitgereist.de\/wp-content\/uploads\/2021\/05\/IMG_20210508_114454-scaled.jpg\" alt=\"\" title=\"\" data-id=\"5324\"\/><\/figure><\/div><\/div><div class=\"glide__bullets\" data-glide-el=\"controls[nav]\"><button class=\"glide__bullet\" data-glide-dir=\"=0\"><\/button><button class=\"glide__bullet\" data-glide-dir=\"=1\"><\/button><button class=\"glide__bullet\" data-glide-dir=\"=2\"><\/button><\/div><\/div><\/div>\n\n\n\n<p>Ebenfalls in Moritzburg befindet sich ein <a href=\"https:\/\/familie-weitgereist.de\/?p=23464\" data-type=\"link\" data-id=\"https:\/\/familie-weitgereist.de\/?p=23464\">Wildtiergehege<\/a> und viele Wanderwege, die an der Teichlandschaft entlang f\u00fchren. Das kleine Dorf B\u00e4rnsdorf hat einen Bahnhof der L\u00f6\u00dfnitzgrundbahn, liegt in der N\u00e4he von Moritzburg und hat einen bezaubernden Ortskern.<\/p>\n\n\n\n<figure class=\"wp-block-image size-large\"><img loading=\"lazy\" decoding=\"async\" width=\"1024\" height=\"768\" src=\"https:\/\/familie-weitgereist.de\/wp-content\/uploads\/2021\/05\/IMG_20210508_110237-1024x768.jpg\" alt=\"\" class=\"wp-image-5325\" srcset=\"https:\/\/familie-weitgereist.de\/wp-content\/uploads\/2021\/05\/IMG_20210508_110237-1024x768.jpg 1024w, https:\/\/familie-weitgereist.de\/wp-content\/uploads\/2021\/05\/IMG_20210508_110237-300x225.jpg 300w, https:\/\/familie-weitgereist.de\/wp-content\/uploads\/2021\/05\/IMG_20210508_110237-768x576.jpg 768w, https:\/\/familie-weitgereist.de\/wp-content\/uploads\/2021\/05\/IMG_20210508_110237-1536x1152.jpg 1536w, https:\/\/familie-weitgereist.de\/wp-content\/uploads\/2021\/05\/IMG_20210508_110237-2048x1536.jpg 2048w, https:\/\/familie-weitgereist.de\/wp-content\/uploads\/2021\/05\/IMG_20210508_110237-1200x900.jpg 1200w, https:\/\/familie-weitgereist.de\/wp-content\/uploads\/2021\/05\/IMG_20210508_110237-1980x1485.jpg 1980w, https:\/\/familie-weitgereist.de\/wp-content\/uploads\/2021\/05\/IMG_20210508_110237-853x640.jpg 853w, https:\/\/familie-weitgereist.de\/wp-content\/uploads\/2021\/05\/IMG_20210508_110237-150x113.jpg 150w\" sizes=\"auto, (max-width: 1024px) 100vw, 1024px\" \/><figcaption class=\"wp-element-caption\">Ortskern von B\u00e4rnsdorf<\/figcaption><\/figure>\n\n\n\n<h2 class=\"wp-block-heading\" id=\"dinopark\">Saurierpark Kleinwelka <\/h2>\n\n\n\n<p>In der N\u00e4he von Bautzen befindet sich der Saurierpark Kleinwelka.<\/p>\n\n\n\n<figure class=\"wp-block-image size-large\"><img loading=\"lazy\" decoding=\"async\" width=\"1024\" height=\"768\" src=\"https:\/\/familie-weitgereist.de\/wp-content\/uploads\/2022\/09\/IMG_20220925_115716-1024x768.jpg\" alt=\"\" class=\"wp-image-11053\" srcset=\"https:\/\/familie-weitgereist.de\/wp-content\/uploads\/2022\/09\/IMG_20220925_115716-1024x768.jpg 1024w, https:\/\/familie-weitgereist.de\/wp-content\/uploads\/2022\/09\/IMG_20220925_115716-300x225.jpg 300w, https:\/\/familie-weitgereist.de\/wp-content\/uploads\/2022\/09\/IMG_20220925_115716-768x576.jpg 768w, https:\/\/familie-weitgereist.de\/wp-content\/uploads\/2022\/09\/IMG_20220925_115716-1536x1152.jpg 1536w, https:\/\/familie-weitgereist.de\/wp-content\/uploads\/2022\/09\/IMG_20220925_115716-2048x1536.jpg 2048w, https:\/\/familie-weitgereist.de\/wp-content\/uploads\/2022\/09\/IMG_20220925_115716-1200x900.jpg 1200w, https:\/\/familie-weitgereist.de\/wp-content\/uploads\/2022\/09\/IMG_20220925_115716-1980x1485.jpg 1980w, https:\/\/familie-weitgereist.de\/wp-content\/uploads\/2022\/09\/IMG_20220925_115716-150x113.jpg 150w\" sizes=\"auto, (max-width: 1024px) 100vw, 1024px\" \/><\/figure>\n\n\n\n<p>Ein wahres Highlight f\u00fcr Kinder. Wir waren schon mehrmals hier und Merlin erfreute sich jedes Mal der riesigen Dinosaurier, den sch\u00f6nen Spielpl\u00e4tzen und dem riesigen Kletterwald. Diesmal war auch Maris mit dabei, sein erster Ausflug.<\/p>\n\n\n\n<figure class=\"wp-block-image size-large\"><img loading=\"lazy\" decoding=\"async\" width=\"1024\" height=\"768\" src=\"https:\/\/familie-weitgereist.de\/wp-content\/uploads\/2022\/09\/IMG_20220925_114930-1024x768.jpg\" alt=\"\" class=\"wp-image-11041\" srcset=\"https:\/\/familie-weitgereist.de\/wp-content\/uploads\/2022\/09\/IMG_20220925_114930-1024x768.jpg 1024w, https:\/\/familie-weitgereist.de\/wp-content\/uploads\/2022\/09\/IMG_20220925_114930-300x225.jpg 300w, https:\/\/familie-weitgereist.de\/wp-content\/uploads\/2022\/09\/IMG_20220925_114930-768x576.jpg 768w, https:\/\/familie-weitgereist.de\/wp-content\/uploads\/2022\/09\/IMG_20220925_114930-1536x1152.jpg 1536w, https:\/\/familie-weitgereist.de\/wp-content\/uploads\/2022\/09\/IMG_20220925_114930-2048x1536.jpg 2048w, https:\/\/familie-weitgereist.de\/wp-content\/uploads\/2022\/09\/IMG_20220925_114930-1200x900.jpg 1200w, https:\/\/familie-weitgereist.de\/wp-content\/uploads\/2022\/09\/IMG_20220925_114930-1980x1485.jpg 1980w, https:\/\/familie-weitgereist.de\/wp-content\/uploads\/2022\/09\/IMG_20220925_114930-150x113.jpg 150w\" sizes=\"auto, (max-width: 1024px) 100vw, 1024px\" \/><\/figure>\n\n\n\n<p>In der Eingangshalle wird man direkt von einem riesigen Dinosaurier empfangen. Zudem gibt es ein Caf\u00e9 und Spielm\u00f6glichkeiten f\u00fcr Kinder.<\/p>\n\n\n\n<p>Die Eingangshalle &#8222;Mitoseum&#8220; stellt die Zellteilung dar und somit den Beginn allen Lebens. Anschlie\u00dfend folgt man dem Weg vom Beginn des Lebens auf der Erde, dargestellt mittels Vulkanen, Kratern und Eruptionen, in die Zeit der ersten Dinosaurier.<\/p>\n\n\n\n<div id=\"wp-block-themeisle-blocks-slider-c2e9fe3b\" class=\"wp-block-themeisle-blocks-slider glide\" data-per-view=\"1\" data-gap=\"0\" data-peek=\"0\" data-autoplay=\"true\" data-height=\"307px\" data-hide-arrows=\"false\"><div class=\"glide__track\" data-glide-el=\"track\"><div class=\"glide__slides\"><div class=\"wp-block-themeisle-blocks-slider-item-wrapper glide__slide\" tabindex=\"0\"><figure><img decoding=\"async\" class=\"wp-block-themeisle-blocks-slider-item\" src=\"https:\/\/familie-weitgereist.de\/wp-content\/uploads\/2022\/09\/IMG_20220925_165608-scaled.jpg\" alt=\"\" title=\"\" data-id=\"11043\"\/><\/figure><\/div><div class=\"wp-block-themeisle-blocks-slider-item-wrapper glide__slide\" tabindex=\"0\"><figure><img decoding=\"async\" class=\"wp-block-themeisle-blocks-slider-item\" src=\"https:\/\/familie-weitgereist.de\/wp-content\/uploads\/2022\/09\/IMG_20220925_113232-scaled.jpg\" alt=\"\" title=\"\" data-id=\"11044\"\/><\/figure><\/div><\/div><div class=\"glide__bullets\" data-glide-el=\"controls[nav]\"><button class=\"glide__bullet\" data-glide-dir=\"=0\"><\/button><button class=\"glide__bullet\" data-glide-dir=\"=1\"><\/button><\/div><\/div><\/div>\n\n\n\n<p>Im gesamten Parkgel\u00e4nde befinden sich viele Dinosaurier. Franz Gru\u00df, der Gr\u00fcnder des Parks, hatte eine Leidenschaft f\u00fcr Dinosaurier. Er erschuff Plastiken, mit Beton gef\u00fcllte Dinosaurierformen und stellte sie in seinem Garten aus. Franz Gru\u00df erstellte \u00fcber 20 Dinosaurier, zum Teil lebensgro\u00df. Irgendwann reichte der Platz in seinem Garten nicht mehr aus und in einem geeigneten Waldareal wurde 1981 der Grundstein f\u00fcr den Park gelegt.<\/p>\n\n\n\n<figure class=\"wp-block-gallery has-nested-images columns-default is-cropped wp-block-gallery-5 is-layout-flex wp-block-gallery-is-layout-flex\">\n<figure class=\"wp-block-image size-large\"><img loading=\"lazy\" decoding=\"async\" width=\"1024\" height=\"768\" data-id=\"11046\" src=\"https:\/\/familie-weitgereist.de\/wp-content\/uploads\/2022\/09\/IMG_20220925_155359-1024x768.jpg\" alt=\"\" class=\"wp-image-11046\" srcset=\"https:\/\/familie-weitgereist.de\/wp-content\/uploads\/2022\/09\/IMG_20220925_155359-1024x768.jpg 1024w, https:\/\/familie-weitgereist.de\/wp-content\/uploads\/2022\/09\/IMG_20220925_155359-300x225.jpg 300w, https:\/\/familie-weitgereist.de\/wp-content\/uploads\/2022\/09\/IMG_20220925_155359-768x576.jpg 768w, https:\/\/familie-weitgereist.de\/wp-content\/uploads\/2022\/09\/IMG_20220925_155359-1536x1152.jpg 1536w, https:\/\/familie-weitgereist.de\/wp-content\/uploads\/2022\/09\/IMG_20220925_155359-2048x1536.jpg 2048w, https:\/\/familie-weitgereist.de\/wp-content\/uploads\/2022\/09\/IMG_20220925_155359-1200x900.jpg 1200w, https:\/\/familie-weitgereist.de\/wp-content\/uploads\/2022\/09\/IMG_20220925_155359-1980x1485.jpg 1980w, https:\/\/familie-weitgereist.de\/wp-content\/uploads\/2022\/09\/IMG_20220925_155359-150x113.jpg 150w\" sizes=\"auto, (max-width: 1024px) 100vw, 1024px\" \/><\/figure>\n\n\n\n<figure class=\"wp-block-image size-large\"><img loading=\"lazy\" decoding=\"async\" width=\"1024\" height=\"768\" data-id=\"11047\" src=\"https:\/\/familie-weitgereist.de\/wp-content\/uploads\/2022\/09\/IMG_20220925_154836-1024x768.jpg\" alt=\"\" class=\"wp-image-11047\" srcset=\"https:\/\/familie-weitgereist.de\/wp-content\/uploads\/2022\/09\/IMG_20220925_154836-1024x768.jpg 1024w, https:\/\/familie-weitgereist.de\/wp-content\/uploads\/2022\/09\/IMG_20220925_154836-300x225.jpg 300w, https:\/\/familie-weitgereist.de\/wp-content\/uploads\/2022\/09\/IMG_20220925_154836-768x576.jpg 768w, https:\/\/familie-weitgereist.de\/wp-content\/uploads\/2022\/09\/IMG_20220925_154836-1536x1152.jpg 1536w, https:\/\/familie-weitgereist.de\/wp-content\/uploads\/2022\/09\/IMG_20220925_154836-2048x1536.jpg 2048w, https:\/\/familie-weitgereist.de\/wp-content\/uploads\/2022\/09\/IMG_20220925_154836-1200x900.jpg 1200w, https:\/\/familie-weitgereist.de\/wp-content\/uploads\/2022\/09\/IMG_20220925_154836-1980x1485.jpg 1980w, https:\/\/familie-weitgereist.de\/wp-content\/uploads\/2022\/09\/IMG_20220925_154836-150x113.jpg 150w\" sizes=\"auto, (max-width: 1024px) 100vw, 1024px\" \/><\/figure>\n\n\n\n<figure class=\"wp-block-image size-large\"><img loading=\"lazy\" decoding=\"async\" width=\"1024\" height=\"768\" data-id=\"11048\" src=\"https:\/\/familie-weitgereist.de\/wp-content\/uploads\/2022\/09\/IMG_20220925_152030-1024x768.jpg\" alt=\"\" class=\"wp-image-11048\" srcset=\"https:\/\/familie-weitgereist.de\/wp-content\/uploads\/2022\/09\/IMG_20220925_152030-1024x768.jpg 1024w, https:\/\/familie-weitgereist.de\/wp-content\/uploads\/2022\/09\/IMG_20220925_152030-300x225.jpg 300w, https:\/\/familie-weitgereist.de\/wp-content\/uploads\/2022\/09\/IMG_20220925_152030-768x576.jpg 768w, https:\/\/familie-weitgereist.de\/wp-content\/uploads\/2022\/09\/IMG_20220925_152030-1536x1152.jpg 1536w, https:\/\/familie-weitgereist.de\/wp-content\/uploads\/2022\/09\/IMG_20220925_152030-2048x1536.jpg 2048w, https:\/\/familie-weitgereist.de\/wp-content\/uploads\/2022\/09\/IMG_20220925_152030-1200x900.jpg 1200w, https:\/\/familie-weitgereist.de\/wp-content\/uploads\/2022\/09\/IMG_20220925_152030-1980x1485.jpg 1980w, https:\/\/familie-weitgereist.de\/wp-content\/uploads\/2022\/09\/IMG_20220925_152030-150x113.jpg 150w\" sizes=\"auto, (max-width: 1024px) 100vw, 1024px\" \/><\/figure>\n\n\n\n<figure class=\"wp-block-image size-large\"><img loading=\"lazy\" decoding=\"async\" width=\"1024\" height=\"768\" data-id=\"11050\" src=\"https:\/\/familie-weitgereist.de\/wp-content\/uploads\/2022\/09\/IMG_20220925_145951-1024x768.jpg\" alt=\"\" class=\"wp-image-11050\" srcset=\"https:\/\/familie-weitgereist.de\/wp-content\/uploads\/2022\/09\/IMG_20220925_145951-1024x768.jpg 1024w, https:\/\/familie-weitgereist.de\/wp-content\/uploads\/2022\/09\/IMG_20220925_145951-300x225.jpg 300w, https:\/\/familie-weitgereist.de\/wp-content\/uploads\/2022\/09\/IMG_20220925_145951-768x576.jpg 768w, https:\/\/familie-weitgereist.de\/wp-content\/uploads\/2022\/09\/IMG_20220925_145951-1536x1152.jpg 1536w, https:\/\/familie-weitgereist.de\/wp-content\/uploads\/2022\/09\/IMG_20220925_145951-2048x1536.jpg 2048w, https:\/\/familie-weitgereist.de\/wp-content\/uploads\/2022\/09\/IMG_20220925_145951-1200x900.jpg 1200w, https:\/\/familie-weitgereist.de\/wp-content\/uploads\/2022\/09\/IMG_20220925_145951-1980x1485.jpg 1980w, https:\/\/familie-weitgereist.de\/wp-content\/uploads\/2022\/09\/IMG_20220925_145951-150x113.jpg 150w\" sizes=\"auto, (max-width: 1024px) 100vw, 1024px\" \/><\/figure>\n\n\n\n<figure class=\"wp-block-image size-large\"><img loading=\"lazy\" decoding=\"async\" width=\"1024\" height=\"768\" data-id=\"11051\" src=\"https:\/\/familie-weitgereist.de\/wp-content\/uploads\/2022\/09\/IMG_20220925_134652-1024x768.jpg\" alt=\"\" class=\"wp-image-11051\" srcset=\"https:\/\/familie-weitgereist.de\/wp-content\/uploads\/2022\/09\/IMG_20220925_134652-1024x768.jpg 1024w, https:\/\/familie-weitgereist.de\/wp-content\/uploads\/2022\/09\/IMG_20220925_134652-300x225.jpg 300w, https:\/\/familie-weitgereist.de\/wp-content\/uploads\/2022\/09\/IMG_20220925_134652-768x576.jpg 768w, https:\/\/familie-weitgereist.de\/wp-content\/uploads\/2022\/09\/IMG_20220925_134652-1536x1152.jpg 1536w, https:\/\/familie-weitgereist.de\/wp-content\/uploads\/2022\/09\/IMG_20220925_134652-2048x1536.jpg 2048w, https:\/\/familie-weitgereist.de\/wp-content\/uploads\/2022\/09\/IMG_20220925_134652-1200x900.jpg 1200w, https:\/\/familie-weitgereist.de\/wp-content\/uploads\/2022\/09\/IMG_20220925_134652-1980x1485.jpg 1980w, https:\/\/familie-weitgereist.de\/wp-content\/uploads\/2022\/09\/IMG_20220925_134652-150x113.jpg 150w\" sizes=\"auto, (max-width: 1024px) 100vw, 1024px\" \/><\/figure>\n\n\n\n<figure class=\"wp-block-image size-large\"><img loading=\"lazy\" decoding=\"async\" width=\"1024\" height=\"768\" data-id=\"11049\" src=\"https:\/\/familie-weitgereist.de\/wp-content\/uploads\/2022\/09\/IMG_20220925_132829-1024x768.jpg\" alt=\"\" class=\"wp-image-11049\" srcset=\"https:\/\/familie-weitgereist.de\/wp-content\/uploads\/2022\/09\/IMG_20220925_132829-1024x768.jpg 1024w, https:\/\/familie-weitgereist.de\/wp-content\/uploads\/2022\/09\/IMG_20220925_132829-300x225.jpg 300w, https:\/\/familie-weitgereist.de\/wp-content\/uploads\/2022\/09\/IMG_20220925_132829-768x576.jpg 768w, https:\/\/familie-weitgereist.de\/wp-content\/uploads\/2022\/09\/IMG_20220925_132829-1536x1152.jpg 1536w, https:\/\/familie-weitgereist.de\/wp-content\/uploads\/2022\/09\/IMG_20220925_132829-2048x1536.jpg 2048w, https:\/\/familie-weitgereist.de\/wp-content\/uploads\/2022\/09\/IMG_20220925_132829-1200x900.jpg 1200w, https:\/\/familie-weitgereist.de\/wp-content\/uploads\/2022\/09\/IMG_20220925_132829-1980x1485.jpg 1980w, https:\/\/familie-weitgereist.de\/wp-content\/uploads\/2022\/09\/IMG_20220925_132829-150x113.jpg 150w\" sizes=\"auto, (max-width: 1024px) 100vw, 1024px\" \/><\/figure>\n<\/figure>\n\n\n\n<p>Im Park gibt es viele Spielm\u00f6glichkeiten. Es gibt einen Wasserspielplatz, Kletterm\u00f6glichkeiten, Riesenrutschen, ein Kino und einen Imbiss.<\/p>\n\n\n\n<figure class=\"wp-block-gallery has-nested-images columns-default is-cropped wp-block-gallery-6 is-layout-flex wp-block-gallery-is-layout-flex\">\n<figure class=\"wp-block-image size-large\"><img loading=\"lazy\" decoding=\"async\" width=\"1024\" height=\"768\" data-id=\"11068\" src=\"https:\/\/familie-weitgereist.de\/wp-content\/uploads\/2022\/09\/IMG_20220925_161438-1024x768.jpg\" alt=\"\" class=\"wp-image-11068\" srcset=\"https:\/\/familie-weitgereist.de\/wp-content\/uploads\/2022\/09\/IMG_20220925_161438-1024x768.jpg 1024w, https:\/\/familie-weitgereist.de\/wp-content\/uploads\/2022\/09\/IMG_20220925_161438-300x225.jpg 300w, https:\/\/familie-weitgereist.de\/wp-content\/uploads\/2022\/09\/IMG_20220925_161438-768x576.jpg 768w, https:\/\/familie-weitgereist.de\/wp-content\/uploads\/2022\/09\/IMG_20220925_161438-1536x1152.jpg 1536w, https:\/\/familie-weitgereist.de\/wp-content\/uploads\/2022\/09\/IMG_20220925_161438-2048x1536.jpg 2048w, https:\/\/familie-weitgereist.de\/wp-content\/uploads\/2022\/09\/IMG_20220925_161438-1200x900.jpg 1200w, https:\/\/familie-weitgereist.de\/wp-content\/uploads\/2022\/09\/IMG_20220925_161438-1980x1485.jpg 1980w, https:\/\/familie-weitgereist.de\/wp-content\/uploads\/2022\/09\/IMG_20220925_161438-150x113.jpg 150w\" sizes=\"auto, (max-width: 1024px) 100vw, 1024px\" \/><\/figure>\n\n\n\n<figure class=\"wp-block-image size-large\"><img loading=\"lazy\" decoding=\"async\" width=\"1024\" height=\"768\" data-id=\"11069\" src=\"https:\/\/familie-weitgereist.de\/wp-content\/uploads\/2022\/09\/IMG_20220925_160913-1-1024x768.jpg\" alt=\"\" class=\"wp-image-11069\" srcset=\"https:\/\/familie-weitgereist.de\/wp-content\/uploads\/2022\/09\/IMG_20220925_160913-1-1024x768.jpg 1024w, https:\/\/familie-weitgereist.de\/wp-content\/uploads\/2022\/09\/IMG_20220925_160913-1-300x225.jpg 300w, https:\/\/familie-weitgereist.de\/wp-content\/uploads\/2022\/09\/IMG_20220925_160913-1-768x576.jpg 768w, https:\/\/familie-weitgereist.de\/wp-content\/uploads\/2022\/09\/IMG_20220925_160913-1-1536x1152.jpg 1536w, https:\/\/familie-weitgereist.de\/wp-content\/uploads\/2022\/09\/IMG_20220925_160913-1-2048x1536.jpg 2048w, https:\/\/familie-weitgereist.de\/wp-content\/uploads\/2022\/09\/IMG_20220925_160913-1-1200x900.jpg 1200w, https:\/\/familie-weitgereist.de\/wp-content\/uploads\/2022\/09\/IMG_20220925_160913-1-1980x1485.jpg 1980w, https:\/\/familie-weitgereist.de\/wp-content\/uploads\/2022\/09\/IMG_20220925_160913-1-150x113.jpg 150w\" sizes=\"auto, (max-width: 1024px) 100vw, 1024px\" \/><\/figure>\n\n\n\n<figure class=\"wp-block-image size-large\"><img loading=\"lazy\" decoding=\"async\" width=\"1024\" height=\"768\" data-id=\"11070\" src=\"https:\/\/familie-weitgereist.de\/wp-content\/uploads\/2022\/09\/IMG_20220925_123001-1-1024x768.jpg\" alt=\"\" class=\"wp-image-11070\" srcset=\"https:\/\/familie-weitgereist.de\/wp-content\/uploads\/2022\/09\/IMG_20220925_123001-1-1024x768.jpg 1024w, https:\/\/familie-weitgereist.de\/wp-content\/uploads\/2022\/09\/IMG_20220925_123001-1-300x225.jpg 300w, https:\/\/familie-weitgereist.de\/wp-content\/uploads\/2022\/09\/IMG_20220925_123001-1-768x576.jpg 768w, https:\/\/familie-weitgereist.de\/wp-content\/uploads\/2022\/09\/IMG_20220925_123001-1-1536x1152.jpg 1536w, https:\/\/familie-weitgereist.de\/wp-content\/uploads\/2022\/09\/IMG_20220925_123001-1-2048x1536.jpg 2048w, https:\/\/familie-weitgereist.de\/wp-content\/uploads\/2022\/09\/IMG_20220925_123001-1-1200x900.jpg 1200w, https:\/\/familie-weitgereist.de\/wp-content\/uploads\/2022\/09\/IMG_20220925_123001-1-1980x1485.jpg 1980w, https:\/\/familie-weitgereist.de\/wp-content\/uploads\/2022\/09\/IMG_20220925_123001-1-150x113.jpg 150w\" sizes=\"auto, (max-width: 1024px) 100vw, 1024px\" \/><\/figure>\n\n\n\n<figure class=\"wp-block-image size-large\"><img loading=\"lazy\" decoding=\"async\" width=\"1024\" height=\"768\" data-id=\"11071\" src=\"https:\/\/familie-weitgereist.de\/wp-content\/uploads\/2022\/09\/IMG_20220925_114401-1-1024x768.jpg\" alt=\"\" class=\"wp-image-11071\" srcset=\"https:\/\/familie-weitgereist.de\/wp-content\/uploads\/2022\/09\/IMG_20220925_114401-1-1024x768.jpg 1024w, https:\/\/familie-weitgereist.de\/wp-content\/uploads\/2022\/09\/IMG_20220925_114401-1-300x225.jpg 300w, https:\/\/familie-weitgereist.de\/wp-content\/uploads\/2022\/09\/IMG_20220925_114401-1-768x576.jpg 768w, https:\/\/familie-weitgereist.de\/wp-content\/uploads\/2022\/09\/IMG_20220925_114401-1-1536x1152.jpg 1536w, https:\/\/familie-weitgereist.de\/wp-content\/uploads\/2022\/09\/IMG_20220925_114401-1-2048x1536.jpg 2048w, https:\/\/familie-weitgereist.de\/wp-content\/uploads\/2022\/09\/IMG_20220925_114401-1-1200x900.jpg 1200w, https:\/\/familie-weitgereist.de\/wp-content\/uploads\/2022\/09\/IMG_20220925_114401-1-1980x1485.jpg 1980w, https:\/\/familie-weitgereist.de\/wp-content\/uploads\/2022\/09\/IMG_20220925_114401-1-150x113.jpg 150w\" sizes=\"auto, (max-width: 1024px) 100vw, 1024px\" \/><\/figure>\n<\/figure>\n\n\n\n<p>Ein riesen Sandkasten dient als Ausgrabungsst\u00e4tte und kleine Dinosaurier\u00fcberreste k\u00f6nnen ausgebuddelt werden.<\/p>\n\n\n\n<p>In der &#8222;Vergessenen Welt&#8220; wird es spannend. Die Besucher laufen durch einen dichten Wald und Dinosaurierger\u00e4usche und Rascheln begleiten einen. Mit allen Sinnen kommt man den Dinosauriern sehr nah.<\/p>\n\n\n\n<div id=\"wp-block-themeisle-blocks-slider-3ea2ce27\" class=\"wp-block-themeisle-blocks-slider glide\" data-per-view=\"1\" data-gap=\"0\" data-peek=\"0\" data-autoplay=\"true\" data-height=\"339px\" data-hide-arrows=\"false\"><div class=\"glide__track\" data-glide-el=\"track\"><div class=\"glide__slides\"><div class=\"wp-block-themeisle-blocks-slider-item-wrapper glide__slide\" tabindex=\"0\"><figure><img decoding=\"async\" class=\"wp-block-themeisle-blocks-slider-item\" src=\"https:\/\/familie-weitgereist.de\/wp-content\/uploads\/2022\/09\/IMG_20220925_132429-scaled.jpg\" alt=\"\" title=\"\" data-id=\"11058\"\/><\/figure><\/div><div class=\"wp-block-themeisle-blocks-slider-item-wrapper glide__slide\" tabindex=\"0\"><figure><img decoding=\"async\" class=\"wp-block-themeisle-blocks-slider-item\" src=\"https:\/\/familie-weitgereist.de\/wp-content\/uploads\/2022\/09\/IMG_20220925_131123-scaled.jpg\" alt=\"\" title=\"\" data-id=\"11059\"\/><\/figure><\/div><\/div><div class=\"glide__bullets\" data-glide-el=\"controls[nav]\"><button class=\"glide__bullet\" data-glide-dir=\"=0\"><\/button><button class=\"glide__bullet\" data-glide-dir=\"=1\"><\/button><\/div><\/div><\/div>\n\n\n\n<p>Ein riesen Highlight ist der Kletterwald. In luftigen H\u00f6hen wird geklettert und gekraxelt.<\/p>\n\n\n\n<div id=\"wp-block-themeisle-blocks-slider-3941e77a\" class=\"wp-block-themeisle-blocks-slider glide\" data-per-view=\"1\" data-gap=\"0\" data-peek=\"0\" data-autoplay=\"true\" data-height=\"323px\" data-hide-arrows=\"false\"><div class=\"glide__track\" data-glide-el=\"track\"><div class=\"glide__slides\"><div class=\"wp-block-themeisle-blocks-slider-item-wrapper glide__slide\" tabindex=\"0\"><figure><img decoding=\"async\" class=\"wp-block-themeisle-blocks-slider-item\" src=\"https:\/\/familie-weitgereist.de\/wp-content\/uploads\/2022\/09\/IMG_20220925_134722-1-scaled.jpg\" alt=\"\" title=\"\" data-id=\"11072\"\/><\/figure><\/div><div class=\"wp-block-themeisle-blocks-slider-item-wrapper glide__slide\" tabindex=\"0\"><figure><img decoding=\"async\" class=\"wp-block-themeisle-blocks-slider-item\" src=\"https:\/\/familie-weitgereist.de\/wp-content\/uploads\/2022\/09\/IMG_20220925_134449-1-scaled.jpg\" alt=\"\" title=\"\" data-id=\"11074\"\/><\/figure><\/div><div class=\"wp-block-themeisle-blocks-slider-item-wrapper glide__slide\" tabindex=\"0\"><figure><img decoding=\"async\" class=\"wp-block-themeisle-blocks-slider-item\" src=\"https:\/\/familie-weitgereist.de\/wp-content\/uploads\/2022\/09\/IMG_20220925_134227-scaled.jpg\" alt=\"\" title=\"\" data-id=\"11076\"\/><\/figure><\/div><\/div><div class=\"glide__bullets\" data-glide-el=\"controls[nav]\"><button class=\"glide__bullet\" data-glide-dir=\"=0\"><\/button><button class=\"glide__bullet\" data-glide-dir=\"=1\"><\/button><button class=\"glide__bullet\" data-glide-dir=\"=2\"><\/button><\/div><\/div><\/div>\n\n\n\n<p>Der Eintritt kostet f\u00fcr alle ab 4 Jahren 15\u20ac. Kinder unter 4 d\u00fcrfen gratis in den Park. (<em>Stand September 2022<\/em>) Im <em>Juni 2025<\/em> betr\u00e4gt der Eintritt 19\u20ac f\u00fcr alle ab 4 Jahren.<\/p>\n\n\n\n<figure class=\"wp-block-image size-large\"><img loading=\"lazy\" decoding=\"async\" width=\"1024\" height=\"768\" src=\"https:\/\/familie-weitgereist.de\/wp-content\/uploads\/2022\/09\/IMG_20220925_132933-1024x768.jpg\" alt=\"\" class=\"wp-image-11054\" srcset=\"https:\/\/familie-weitgereist.de\/wp-content\/uploads\/2022\/09\/IMG_20220925_132933-1024x768.jpg 1024w, https:\/\/familie-weitgereist.de\/wp-content\/uploads\/2022\/09\/IMG_20220925_132933-300x225.jpg 300w, https:\/\/familie-weitgereist.de\/wp-content\/uploads\/2022\/09\/IMG_20220925_132933-768x576.jpg 768w, https:\/\/familie-weitgereist.de\/wp-content\/uploads\/2022\/09\/IMG_20220925_132933-1536x1152.jpg 1536w, https:\/\/familie-weitgereist.de\/wp-content\/uploads\/2022\/09\/IMG_20220925_132933-2048x1536.jpg 2048w, https:\/\/familie-weitgereist.de\/wp-content\/uploads\/2022\/09\/IMG_20220925_132933-1200x900.jpg 1200w, https:\/\/familie-weitgereist.de\/wp-content\/uploads\/2022\/09\/IMG_20220925_132933-1980x1485.jpg 1980w, https:\/\/familie-weitgereist.de\/wp-content\/uploads\/2022\/09\/IMG_20220925_132933-150x113.jpg 150w\" sizes=\"auto, (max-width: 1024px) 100vw, 1024px\" \/><\/figure>\n","protected":false},"excerpt":{"rendered":"<p>In diesem Beitrag berichten wir \u00fcber folgende Ausflugsziele: Brandenburg Cottbuser Ostsee Der Cottbuser Ostsee liegt in unmittelbarer N\u00e4he zu Cottbus. Vom einstigen Tagebaugebiet entwickelt sich Brandenburgs gr\u00f6\u00dftes Binnengew\u00e4sser. Die Flutung soll in den Jahren 2024\/2025 abgeschlossen sein. In dem Gebiet soll ein gro\u00dfes Naherholungsgebiet entstehen, wie f\u00fcr die Lausitz \u00fcblich mit gefluteten Seen. Geplant sind [&hellip;]<\/p>\n","protected":false},"author":3,"featured_media":5323,"comment_status":"open","ping_status":"open","sticky":false,"template":"","format":"standard","meta":{"_themeisle_gutenberg_block_has_review":false,"footnotes":""},"categories":[242,1753,331,1762,377],"tags":[513,203,500,507,717,515,1513,508,1161,518,505,551,722,510,479,503,564,509,716,738,514,1514,501,504,512,565,204,721,502,511,566],"class_list":["post-4194","post","type-post","status-publish","format-standard","has-post-thumbnail","hentry","category-deutschland","category-brandenburg","category-miniabenteuer","category-sachsen","category-spielplaetze","tag-altdoeberner-see","tag-brandenburg","tag-broethen","tag-butterberg","tag-cottbuser-ostsee","tag-dippelsdorfer-teich","tag-elementarium","tag-elsterquelle","tag-glindower-alpen","tag-graebendorfer-see","tag-grosser-ziegelteich","tag-keulenberg","tag-kleinwelka","tag-koenigsbrueck","tag-koenigsbruecker-heide","tag-krabatmuehle","tag-kromlau","tag-kroppen","tag-lieberoser-wueste","tag-luckau","tag-moritzburg","tag-museum-der-westlausitz","tag-nardt","tag-neuwieser-see","tag-pritzen","tag-rakotzbruecke","tag-sachsen","tag-saurierpark-kleinwelka","tag-schwarzkollm","tag-tiefental","tag-weisswasser"],"_links":{"self":[{"href":"https:\/\/familie-weitgereist.de\/index.php?rest_route=\/wp\/v2\/posts\/4194","targetHints":{"allow":["GET"]}}],"collection":[{"href":"https:\/\/familie-weitgereist.de\/index.php?rest_route=\/wp\/v2\/posts"}],"about":[{"href":"https:\/\/familie-weitgereist.de\/index.php?rest_route=\/wp\/v2\/types\/post"}],"author":[{"embeddable":true,"href":"https:\/\/familie-weitgereist.de\/index.php?rest_route=\/wp\/v2\/users\/3"}],"replies":[{"embeddable":true,"href":"https:\/\/familie-weitgereist.de\/index.php?rest_route=%2Fwp%2Fv2%2Fcomments&post=4194"}],"version-history":[{"count":277,"href":"https:\/\/familie-weitgereist.de\/index.php?rest_route=\/wp\/v2\/posts\/4194\/revisions"}],"predecessor-version":[{"id":24238,"href":"https:\/\/familie-weitgereist.de\/index.php?rest_route=\/wp\/v2\/posts\/4194\/revisions\/24238"}],"wp:featuredmedia":[{"embeddable":true,"href":"https:\/\/familie-weitgereist.de\/index.php?rest_route=\/wp\/v2\/media\/5323"}],"wp:attachment":[{"href":"https:\/\/familie-weitgereist.de\/index.php?rest_route=%2Fwp%2Fv2%2Fmedia&parent=4194"}],"wp:term":[{"taxonomy":"category","embeddable":true,"href":"https:\/\/familie-weitgereist.de\/index.php?rest_route=%2Fwp%2Fv2%2Fcategories&post=4194"},{"taxonomy":"post_tag","embeddable":true,"href":"https:\/\/familie-weitgereist.de\/index.php?rest_route=%2Fwp%2Fv2%2Ftags&post=4194"}],"curies":[{"name":"wp","href":"https:\/\/api.w.org\/{rel}","templated":true}]}}