{"id":3970,"date":"2021-04-10T08:36:46","date_gmt":"2021-04-10T06:36:46","guid":{"rendered":"https:\/\/familie-weitgereist.de\/?p=3970"},"modified":"2025-11-13T18:23:40","modified_gmt":"2025-11-13T17:23:40","slug":"unsere-entdeckungen-im-harz-mit-kleinkind","status":"publish","type":"post","link":"https:\/\/familie-weitgereist.de\/?p=3970","title":{"rendered":"Unsere Entdeckungen im Harz mit Kleinkind"},"content":{"rendered":"\n<p>In diesem Beitrag k\u00f6nnt ihr folgende Informationen von uns lesen: <\/p>\n\n\n\n<ul class=\"wp-block-list\"><li><a href=\"https:\/\/familie-weitgereist.de\/?p=3970\/#halberstadt\">Halberstadt<\/a><\/li><li><a href=\"https:\/\/familie-weitgereist.de\/?p=3970\/#klusfelsen\">Klusfelsen<\/a><\/li><li><a href=\"https:\/\/familie-weitgereist.de\/?p=3970\/#langenstein\">H\u00f6hlenwohnungen Langenstein<\/a><\/li><li><a href=\"https:\/\/familie-weitgereist.de\/?p=3970\/#oderteich\">Oderteich<\/a><\/li><li><a href=\"https:\/\/familie-weitgereist.de\/?p=3970\/#brocken\">Brocken<\/a><\/li><li><a href=\"https:\/\/familie-weitgereist.de\/?p=3970\/#teufelsmauer\">Teufelsmauer<\/a><\/li><li><a href=\"https:\/\/familie-weitgereist.de\/?p=3970\/#thale\">Thale<\/a><\/li><li><a href=\"https:\/\/familie-weitgereist.de\/?p=3970\/#goslar\">Goslar, Bocksberg<\/a><\/li><li><a href=\"https:\/\/familie-weitgereist.de\/?p=3970\/#ahrendsbergerklippe\">Ahrendsbergerklippe<\/a><\/li><li><a href=\"https:\/\/familie-weitgereist.de\/?p=3970\/#ilsestein\">Ilsestein<\/a><\/li><li><a href=\"https:\/\/familie-weitgereist.de\/?p=3970\/#wernigerode\">Wernigerode, Blauer See<\/a><\/li><\/ul>\n\n\n\n<h2 class=\"wp-block-heading\" id=\"halberstadt\">Unser Ausflug nach Halberstadt<\/h2>\n\n\n\n<p>Kurz vor Ostern haben wir zwei tolle Tagesausfl\u00fcge nach Sachsen-Anhalt unternommen.<\/p>\n\n\n\n<p>Wir waren mit unserem Camper unterwegs und haben zwei N\u00e4chte beim Halberst\u00e4dter See geparkt. Der Halberst\u00e4dter See ist ein kleiner Badesee, unweit von Halberstadt entfernt. Es muss jedoch ein Eintrittsgeld gezahlt werden.<\/p>\n\n\n\n<figure class=\"wp-block-image size-large\"><img loading=\"lazy\" decoding=\"async\" width=\"1024\" height=\"683\" src=\"https:\/\/familie-weitgereist.de\/wp-content\/uploads\/2021\/04\/IMG_2451-1024x683.jpg\" alt=\"\" class=\"wp-image-4105\" srcset=\"https:\/\/familie-weitgereist.de\/wp-content\/uploads\/2021\/04\/IMG_2451-1024x683.jpg 1024w, https:\/\/familie-weitgereist.de\/wp-content\/uploads\/2021\/04\/IMG_2451-300x200.jpg 300w, https:\/\/familie-weitgereist.de\/wp-content\/uploads\/2021\/04\/IMG_2451-768x512.jpg 768w, https:\/\/familie-weitgereist.de\/wp-content\/uploads\/2021\/04\/IMG_2451-1536x1024.jpg 1536w, https:\/\/familie-weitgereist.de\/wp-content\/uploads\/2021\/04\/IMG_2451-2048x1365.jpg 2048w, https:\/\/familie-weitgereist.de\/wp-content\/uploads\/2021\/04\/IMG_2451-1200x800.jpg 1200w, https:\/\/familie-weitgereist.de\/wp-content\/uploads\/2021\/04\/IMG_2451-1980x1320.jpg 1980w, https:\/\/familie-weitgereist.de\/wp-content\/uploads\/2021\/04\/IMG_2451-150x100.jpg 150w\" sizes=\"auto, (max-width: 1024px) 100vw, 1024px\" \/><figcaption>Der Halberst\u00e4dter See<\/figcaption><\/figure>\n\n\n\n<p>Halberstadt hat ca. 40.000 Einwohner und wird auch als das \u201eTor zum Harz\u201c bezeichnet. Die Stadt bietet eine herrliche Silhouette aus Kirchen- und Domt\u00fcrmen. Diese sind schon von Weitem zu sehen. Im Zweiten Weltkrieg wurden ca. 80% der Stadt zerst\u00f6rt, umso beeindruckender ist es, in welchem Glanz die Altstadt erstrahlt.<\/p>\n\n\n\n<p>Der weitl\u00e4ufige Domplatz ist eines der Highlights der Stadt. Ein wundersch\u00f6nes Ensemble bilden die Liebfrauenkirche, der Dom St. Stephanus und St. Sixtus.<\/p>\n\n\n\n<div id=\"wp-block-themeisle-blocks-slider-35ef753d\" class=\"wp-block-themeisle-blocks-slider glide\" data-per-view=\"1\" data-gap=\"0\" data-peek=\"0\" data-autoplay=\"true\" data-height=\"400px\" data-hide-arrows=\"false\"><div class=\"glide__track\" data-glide-el=\"track\"><div class=\"glide__slides\"><div class=\"wp-block-themeisle-blocks-slider-item-wrapper glide__slide\" tabindex=\"0\"><figure><img decoding=\"async\" class=\"wp-block-themeisle-blocks-slider-item\" src=\"https:\/\/familie-weitgereist.de\/wp-content\/uploads\/2021\/04\/IMG_2533-scaled.jpg\" alt=\"\" title=\"\" data-id=\"4106\"\/><\/figure><\/div><div class=\"wp-block-themeisle-blocks-slider-item-wrapper glide__slide\" tabindex=\"0\"><figure><img decoding=\"async\" class=\"wp-block-themeisle-blocks-slider-item\" src=\"https:\/\/familie-weitgereist.de\/wp-content\/uploads\/2021\/04\/IMG_2546-scaled.jpg\" alt=\"\" title=\"\" data-id=\"4107\"\/><\/figure><\/div><div class=\"wp-block-themeisle-blocks-slider-item-wrapper glide__slide\" tabindex=\"0\"><figure><img decoding=\"async\" class=\"wp-block-themeisle-blocks-slider-item\" src=\"https:\/\/familie-weitgereist.de\/wp-content\/uploads\/2021\/04\/IMG_2543-scaled.jpg\" alt=\"\" title=\"\" data-id=\"4109\"\/><\/figure><\/div><\/div><div class=\"glide__bullets\" data-glide-el=\"controls[nav]\"><button class=\"glide__bullet\" data-glide-dir=\"=0\"><\/button><button class=\"glide__bullet\" data-glide-dir=\"=1\"><\/button><button class=\"glide__bullet\" data-glide-dir=\"=2\"><\/button><\/div><\/div><\/div>\n\n\n\n<p>Durch die engen und verwinkelten Gassen von Halberstadt zu wandern ist sehr sch\u00f6n, denn auch hier gibt es viele Fachwerkh\u00e4user.<\/p>\n\n\n\n<figure class=\"wp-block-image size-large\"><img loading=\"lazy\" decoding=\"async\" width=\"1024\" height=\"683\" src=\"https:\/\/familie-weitgereist.de\/wp-content\/uploads\/2021\/04\/IMG_2563-1024x683.jpg\" alt=\"\" class=\"wp-image-4108\" srcset=\"https:\/\/familie-weitgereist.de\/wp-content\/uploads\/2021\/04\/IMG_2563-1024x683.jpg 1024w, https:\/\/familie-weitgereist.de\/wp-content\/uploads\/2021\/04\/IMG_2563-300x200.jpg 300w, https:\/\/familie-weitgereist.de\/wp-content\/uploads\/2021\/04\/IMG_2563-768x512.jpg 768w, https:\/\/familie-weitgereist.de\/wp-content\/uploads\/2021\/04\/IMG_2563-1536x1024.jpg 1536w, https:\/\/familie-weitgereist.de\/wp-content\/uploads\/2021\/04\/IMG_2563-2048x1365.jpg 2048w, https:\/\/familie-weitgereist.de\/wp-content\/uploads\/2021\/04\/IMG_2563-1200x800.jpg 1200w, https:\/\/familie-weitgereist.de\/wp-content\/uploads\/2021\/04\/IMG_2563-1980x1320.jpg 1980w, https:\/\/familie-weitgereist.de\/wp-content\/uploads\/2021\/04\/IMG_2563-150x100.jpg 150w\" sizes=\"auto, (max-width: 1024px) 100vw, 1024px\" \/><figcaption>Fachwerkh\u00e4user in Halberstadt<\/figcaption><\/figure>\n\n\n\n<p>Wir hatten jedoch den Eindruck, dass Halberstadt zwar viel macht, um seine Altstadt zu pflegen und zu hegen, jedoch werden st\u00e4dtische Spielpl\u00e4tze etwas vernachl\u00e4ssigt. Diese waren zum Teil gar nicht sch\u00f6n, total herunter gekommen und verm\u00fcllt.<\/p>\n\n\n\n<h2 class=\"wp-block-heading\" id=\"klusfelsen\">Wandern bei den Klusfelsen<\/h2>\n\n\n\n<p>Unweit von Halberstadt befinden sich die Klusberge. Dies sind tolle Sandsteinfelsen und sie sind mit Kleinkindern sehr gut zu erwandern. Die Wanderwege sind leicht zu bew\u00e4ltigen und es sind auch keine gro\u00dfen H\u00f6henmeter zu \u00fcberwinden. Wir hatten das Gef\u00fchl, dass die Klusberge noch nicht allzu bekannt sind, denn wir konnten nur wenig Informationen finden und vor Ort war nicht sehr viel los. Die Halberst\u00e4dter scheinen das Areal als Ausflugsziel zu nutzen.<\/p>\n\n\n\n<figure class=\"wp-block-image size-large\"><img loading=\"lazy\" decoding=\"async\" width=\"1024\" height=\"683\" src=\"https:\/\/familie-weitgereist.de\/wp-content\/uploads\/2021\/04\/IMG_2507-1024x683.jpg\" alt=\"\" class=\"wp-image-4111\" srcset=\"https:\/\/familie-weitgereist.de\/wp-content\/uploads\/2021\/04\/IMG_2507-1024x683.jpg 1024w, https:\/\/familie-weitgereist.de\/wp-content\/uploads\/2021\/04\/IMG_2507-300x200.jpg 300w, https:\/\/familie-weitgereist.de\/wp-content\/uploads\/2021\/04\/IMG_2507-768x512.jpg 768w, https:\/\/familie-weitgereist.de\/wp-content\/uploads\/2021\/04\/IMG_2507-1536x1024.jpg 1536w, https:\/\/familie-weitgereist.de\/wp-content\/uploads\/2021\/04\/IMG_2507-2048x1365.jpg 2048w, https:\/\/familie-weitgereist.de\/wp-content\/uploads\/2021\/04\/IMG_2507-1200x800.jpg 1200w, https:\/\/familie-weitgereist.de\/wp-content\/uploads\/2021\/04\/IMG_2507-1980x1320.jpg 1980w, https:\/\/familie-weitgereist.de\/wp-content\/uploads\/2021\/04\/IMG_2507-150x100.jpg 150w\" sizes=\"auto, (max-width: 1024px) 100vw, 1024px\" \/><figcaption>Auf dem Klusfelsen<\/figcaption><\/figure>\n\n\n\n<p>Drei Felsformationen k\u00f6nnen erwandert werden, der Klusfelsen, der F\u00fcnffingerfelsen und der Teufelsstuhl. Es macht richtig Spa\u00df und erinnerte uns an die s\u00e4chsische Schweiz, denn auch dort kann man Sandsteinfelsen besteigen und erwandern.<\/p>\n\n\n\n<div id=\"wp-block-themeisle-blocks-slider-8b31f649\" class=\"wp-block-themeisle-blocks-slider glide\" data-per-view=\"1\" data-gap=\"0\" data-peek=\"0\" data-autoplay=\"true\" data-height=\"433px\" data-hide-arrows=\"false\"><div class=\"glide__track\" data-glide-el=\"track\"><div class=\"glide__slides\"><div class=\"wp-block-themeisle-blocks-slider-item-wrapper glide__slide\" tabindex=\"0\"><figure><img decoding=\"async\" class=\"wp-block-themeisle-blocks-slider-item\" src=\"https:\/\/familie-weitgereist.de\/wp-content\/uploads\/2021\/04\/IMG_2475-scaled.jpg\" alt=\"\" title=\"\" data-id=\"4112\"\/><\/figure><\/div><div class=\"wp-block-themeisle-blocks-slider-item-wrapper glide__slide\" tabindex=\"0\"><figure><img decoding=\"async\" class=\"wp-block-themeisle-blocks-slider-item\" src=\"https:\/\/familie-weitgereist.de\/wp-content\/uploads\/2021\/04\/IMG_2461-scaled.jpg\" alt=\"\" title=\"\" data-id=\"4113\"\/><\/figure><\/div><div class=\"wp-block-themeisle-blocks-slider-item-wrapper glide__slide\" tabindex=\"0\"><figure><img decoding=\"async\" class=\"wp-block-themeisle-blocks-slider-item\" src=\"https:\/\/familie-weitgereist.de\/wp-content\/uploads\/2021\/04\/IMG_2486-scaled.jpg\" alt=\"\" title=\"\" data-id=\"4115\"\/><\/figure><\/div><div class=\"wp-block-themeisle-blocks-slider-item-wrapper glide__slide\" tabindex=\"0\"><figure><img decoding=\"async\" class=\"wp-block-themeisle-blocks-slider-item\" src=\"https:\/\/familie-weitgereist.de\/wp-content\/uploads\/2021\/04\/IMG_2493-scaled.jpg\" alt=\"\" title=\"\" data-id=\"4117\"\/><\/figure><\/div><\/div><div class=\"glide__bullets\" data-glide-el=\"controls[nav]\"><button class=\"glide__bullet\" data-glide-dir=\"=0\"><\/button><button class=\"glide__bullet\" data-glide-dir=\"=1\"><\/button><button class=\"glide__bullet\" data-glide-dir=\"=2\"><\/button><button class=\"glide__bullet\" data-glide-dir=\"=3\"><\/button><\/div><\/div><\/div>\n\n\n\n<p>Die Klusfelsen bestehen aus vielen Felsenh\u00f6hlen. Eine fr\u00fche urkundliche Erw\u00e4hnung stammt aus dem Jahr 1070. Das Kloster St. Marien, zudem die Klusfelsen geh\u00f6rten, lie\u00df in den Klusfelsen eine Einsiedelei errichten. Dort fanden Einsiedler Unterschlupf. Interessant ist, dass Einsiedler im Mittelalter \u201eKlausner\u201c hie\u00df \u2013 daher stammt auch der Name.<\/p>\n\n\n\n<p>Zudem hat man tolle Ausblicke auf Halberstadt.<\/p>\n\n\n\n<figure class=\"wp-block-image size-large\"><img loading=\"lazy\" decoding=\"async\" width=\"1024\" height=\"683\" src=\"https:\/\/familie-weitgereist.de\/wp-content\/uploads\/2021\/04\/IMG_2522-1024x683.jpg\" alt=\"\" class=\"wp-image-4114\" srcset=\"https:\/\/familie-weitgereist.de\/wp-content\/uploads\/2021\/04\/IMG_2522-1024x683.jpg 1024w, https:\/\/familie-weitgereist.de\/wp-content\/uploads\/2021\/04\/IMG_2522-300x200.jpg 300w, https:\/\/familie-weitgereist.de\/wp-content\/uploads\/2021\/04\/IMG_2522-768x512.jpg 768w, https:\/\/familie-weitgereist.de\/wp-content\/uploads\/2021\/04\/IMG_2522-1536x1024.jpg 1536w, https:\/\/familie-weitgereist.de\/wp-content\/uploads\/2021\/04\/IMG_2522-2048x1365.jpg 2048w, https:\/\/familie-weitgereist.de\/wp-content\/uploads\/2021\/04\/IMG_2522-1200x800.jpg 1200w, https:\/\/familie-weitgereist.de\/wp-content\/uploads\/2021\/04\/IMG_2522-1980x1320.jpg 1980w, https:\/\/familie-weitgereist.de\/wp-content\/uploads\/2021\/04\/IMG_2522-150x100.jpg 150w\" sizes=\"auto, (max-width: 1024px) 100vw, 1024px\" \/><\/figure>\n\n\n\n<p>Leider ist das Gel\u00e4nde bei den Klusbergen verschmutzt und auch die Felsenh\u00f6hlen wurden durch Vandalismus verschandelt. Einige H\u00f6hlen wurden gesperrt. Es wurde in den Sandstein geritzt, \u00fcberall liegen Scherben und generell hatten wir den Eindruck, dass das Gel\u00e4nde ziemlich vernachl\u00e4ssigt wird.<\/p>\n\n\n\n<p>Sehr schade ist dies, da sich viele Sagen um die Felsen ranken. Zum einen, sollen schon vor 14000 Jahren die Felsen zur Sternenbeobachtung genutzt worden sein. Auch die Hexen sollen hier getanzt haben.<\/p>\n\n\n\n<p>Uns haben die beiden Ausfl\u00fcge sehr gut gefallen, wobei uns weniger M\u00fcll lieber gewesen w\u00e4re.<\/p>\n\n\n\n<h2 class=\"wp-block-heading\" id=\"langenstein\">Tagesausflug zu den H\u00f6hlenwohnungen in Langenstein<\/h2>\n\n\n\n<p>Verbunden mit unseren Ausflug nach Halberstadt und den Klusbergen, haben wir die H\u00f6hlenwohnungen in Langenstein besucht.<\/p>\n\n\n\n<figure class=\"wp-block-image size-large\"><img loading=\"lazy\" decoding=\"async\" width=\"1024\" height=\"683\" src=\"https:\/\/familie-weitgereist.de\/wp-content\/uploads\/2021\/04\/IMG_2633-1024x683.jpg\" alt=\"\" class=\"wp-image-4118\" srcset=\"https:\/\/familie-weitgereist.de\/wp-content\/uploads\/2021\/04\/IMG_2633-1024x683.jpg 1024w, https:\/\/familie-weitgereist.de\/wp-content\/uploads\/2021\/04\/IMG_2633-300x200.jpg 300w, https:\/\/familie-weitgereist.de\/wp-content\/uploads\/2021\/04\/IMG_2633-768x512.jpg 768w, https:\/\/familie-weitgereist.de\/wp-content\/uploads\/2021\/04\/IMG_2633-1536x1024.jpg 1536w, https:\/\/familie-weitgereist.de\/wp-content\/uploads\/2021\/04\/IMG_2633-2048x1365.jpg 2048w, https:\/\/familie-weitgereist.de\/wp-content\/uploads\/2021\/04\/IMG_2633-1200x800.jpg 1200w, https:\/\/familie-weitgereist.de\/wp-content\/uploads\/2021\/04\/IMG_2633-1980x1320.jpg 1980w, https:\/\/familie-weitgereist.de\/wp-content\/uploads\/2021\/04\/IMG_2633-150x100.jpg 150w\" sizes=\"auto, (max-width: 1024px) 100vw, 1024px\" \/><figcaption>H\u00f6hlenwohnung von Karl Rindert<\/figcaption><\/figure>\n\n\n\n<p>In dem kleinen Ort Langenstein, s\u00fcdwestlich von Halberstadt, befindet sich die deutsche Version von &#8222;Hobbiton&#8220;. Es ist unwahrscheinlich cool! Es ist unglaublich, aber wahr. Die kleinen Wohnungen wurden einst von Landarbeiterfamilien in den Sandstein gehauen. Der letzte Troglodyt (H\u00f6hlenbewohner) verlie\u00df 1916 seine Wohnung. Seitdem sind die kleinen Wohnungen nicht mehr bewohnt. Sie k\u00f6nnen jedoch besichtigt werden und das sogar gratis, auf Spendenbasis. Ein Verein pflegt und hegt die Wohnungen \u00fcberzieht die Betten, h\u00e4ngt Gardinen in die Fenster und dekoriert die Wohnungen realit\u00e4tsgetreu.<\/p>\n\n\n\n<div id=\"wp-block-themeisle-blocks-slider-16ff9c9f\" class=\"wp-block-themeisle-blocks-slider glide\" data-per-view=\"1\" data-gap=\"0\" data-peek=\"0\" data-autoplay=\"true\" data-height=\"400px\" data-hide-arrows=\"false\"><div class=\"glide__track\" data-glide-el=\"track\"><div class=\"glide__slides\"><div class=\"wp-block-themeisle-blocks-slider-item-wrapper glide__slide\" tabindex=\"0\"><figure><img decoding=\"async\" class=\"wp-block-themeisle-blocks-slider-item\" src=\"https:\/\/familie-weitgereist.de\/wp-content\/uploads\/2021\/04\/IMG_2614-scaled.jpg\" alt=\"\" title=\"\" data-id=\"4125\"\/><\/figure><\/div><div class=\"wp-block-themeisle-blocks-slider-item-wrapper glide__slide\" tabindex=\"0\"><figure><img decoding=\"async\" class=\"wp-block-themeisle-blocks-slider-item\" src=\"https:\/\/familie-weitgereist.de\/wp-content\/uploads\/2021\/04\/IMG_2613-scaled.jpg\" alt=\"\" title=\"\" data-id=\"4126\"\/><\/figure><\/div><div class=\"wp-block-themeisle-blocks-slider-item-wrapper glide__slide\" tabindex=\"0\"><figure><img decoding=\"async\" class=\"wp-block-themeisle-blocks-slider-item\" src=\"https:\/\/familie-weitgereist.de\/wp-content\/uploads\/2021\/04\/IMG_2608-scaled.jpg\" alt=\"\" title=\"\" data-id=\"4128\"\/><\/figure><\/div><div class=\"wp-block-themeisle-blocks-slider-item-wrapper glide__slide\" tabindex=\"0\"><figure><img decoding=\"async\" class=\"wp-block-themeisle-blocks-slider-item\" src=\"https:\/\/familie-weitgereist.de\/wp-content\/uploads\/2021\/04\/IMG_2585-scaled.jpg\" alt=\"\" title=\"\" data-id=\"4129\"\/><\/figure><\/div><\/div><div class=\"glide__bullets\" data-glide-el=\"controls[nav]\"><button class=\"glide__bullet\" data-glide-dir=\"=0\"><\/button><button class=\"glide__bullet\" data-glide-dir=\"=1\"><\/button><button class=\"glide__bullet\" data-glide-dir=\"=2\"><\/button><button class=\"glide__bullet\" data-glide-dir=\"=3\"><\/button><\/div><\/div><\/div>\n\n\n\n<p>Es ist nicht ganz bekannt, ab wann die Wohnungen bewohnt waren, es wird jedoch angenommen, dass dies bis in die germanische Siedlungszeit zur\u00fcck geht.<\/p>\n\n\n\n<p>Es war ein wunderbar warmer Tag in Langenstein, die Sonne strahlte, der Himmel war blau und die Fenster der H\u00f6hlenwohnungen standen offen. Dies geschieht aus gutem Grund, denn in den Wohnungen ist es wirklich sehr kalt. Die Familien mussten in sehr bescheidenen Verh\u00e4ltnissen gelebt haben. Die W\u00e4nde sind aus Quarzsand, die Deckenh\u00f6he ist relativ niedrig, aber ausreichend hoch. Die &#8222;R\u00e4ume&#8220; sind sehr klein und es lebten bis zu drei Generationen in diesen kleinen H\u00f6hlenwohnungen mit ca. 30m\u00b2 Gr\u00f6\u00dfe. Es gibt ein Schlafzimmer, die zentrale Stelle in den Wohnungen ist die K\u00fcche mit ihrer Feuerstelle \/ Ofen und ein meist angrenzendes Wohnzimmer. Dennoch entsprachen die Wohnungen dem damaligen Standard und waren keine Elendsquartiere.<\/p>\n\n\n\n<figure class=\"wp-block-image size-large\"><img loading=\"lazy\" decoding=\"async\" width=\"1024\" height=\"683\" src=\"https:\/\/familie-weitgereist.de\/wp-content\/uploads\/2021\/04\/IMG_2603-1024x683.jpg\" alt=\"\" class=\"wp-image-4127\" srcset=\"https:\/\/familie-weitgereist.de\/wp-content\/uploads\/2021\/04\/IMG_2603-1024x683.jpg 1024w, https:\/\/familie-weitgereist.de\/wp-content\/uploads\/2021\/04\/IMG_2603-300x200.jpg 300w, https:\/\/familie-weitgereist.de\/wp-content\/uploads\/2021\/04\/IMG_2603-768x512.jpg 768w, https:\/\/familie-weitgereist.de\/wp-content\/uploads\/2021\/04\/IMG_2603-1536x1024.jpg 1536w, https:\/\/familie-weitgereist.de\/wp-content\/uploads\/2021\/04\/IMG_2603-2048x1365.jpg 2048w, https:\/\/familie-weitgereist.de\/wp-content\/uploads\/2021\/04\/IMG_2603-1200x800.jpg 1200w, https:\/\/familie-weitgereist.de\/wp-content\/uploads\/2021\/04\/IMG_2603-1980x1320.jpg 1980w, https:\/\/familie-weitgereist.de\/wp-content\/uploads\/2021\/04\/IMG_2603-150x100.jpg 150w\" sizes=\"auto, (max-width: 1024px) 100vw, 1024px\" \/><\/figure>\n\n\n\n<p>Oberhalb von Langenstein befindet sich abgeschieden von den anderen H\u00f6hlenwohnungen, eine sehr gro\u00dfe Wohnung, die bis 1916 von Karl Rindert bewohnt war. Es ist ein wirklich interessanter Ort und die in Stein gehauene Wohnung ist etwas sehr besonderes.<\/p>\n\n\n\n<figure class=\"wp-block-image size-large\"><img loading=\"lazy\" decoding=\"async\" width=\"1024\" height=\"683\" src=\"https:\/\/familie-weitgereist.de\/wp-content\/uploads\/2021\/04\/IMG_2635-1024x683.jpg\" alt=\"\" class=\"wp-image-4124\" srcset=\"https:\/\/familie-weitgereist.de\/wp-content\/uploads\/2021\/04\/IMG_2635-1024x683.jpg 1024w, https:\/\/familie-weitgereist.de\/wp-content\/uploads\/2021\/04\/IMG_2635-300x200.jpg 300w, https:\/\/familie-weitgereist.de\/wp-content\/uploads\/2021\/04\/IMG_2635-768x512.jpg 768w, https:\/\/familie-weitgereist.de\/wp-content\/uploads\/2021\/04\/IMG_2635-1536x1024.jpg 1536w, https:\/\/familie-weitgereist.de\/wp-content\/uploads\/2021\/04\/IMG_2635-2048x1365.jpg 2048w, https:\/\/familie-weitgereist.de\/wp-content\/uploads\/2021\/04\/IMG_2635-1200x800.jpg 1200w, https:\/\/familie-weitgereist.de\/wp-content\/uploads\/2021\/04\/IMG_2635-1980x1320.jpg 1980w, https:\/\/familie-weitgereist.de\/wp-content\/uploads\/2021\/04\/IMG_2635-150x100.jpg 150w\" sizes=\"auto, (max-width: 1024px) 100vw, 1024px\" \/><\/figure>\n\n\n\n<p>Der Weg dorthin ist ebenfalls toll. Es ist eine kleine Wanderung auf den &#8222;Langen Stein&#8220;, umgeben von Felsen wandert man auf dem Pfad. Gegen\u00fcber der Felsenwohnung hat man einen wundersch\u00f6nen Ausblick auf Halberstadt.<\/p>\n\n\n\n<figure class=\"wp-block-image size-large\"><img loading=\"lazy\" decoding=\"async\" width=\"1024\" height=\"683\" src=\"https:\/\/familie-weitgereist.de\/wp-content\/uploads\/2021\/04\/IMG_2652-1024x683.jpg\" alt=\"\" class=\"wp-image-4130\" srcset=\"https:\/\/familie-weitgereist.de\/wp-content\/uploads\/2021\/04\/IMG_2652-1024x683.jpg 1024w, https:\/\/familie-weitgereist.de\/wp-content\/uploads\/2021\/04\/IMG_2652-300x200.jpg 300w, https:\/\/familie-weitgereist.de\/wp-content\/uploads\/2021\/04\/IMG_2652-768x512.jpg 768w, https:\/\/familie-weitgereist.de\/wp-content\/uploads\/2021\/04\/IMG_2652-1536x1024.jpg 1536w, https:\/\/familie-weitgereist.de\/wp-content\/uploads\/2021\/04\/IMG_2652-2048x1365.jpg 2048w, https:\/\/familie-weitgereist.de\/wp-content\/uploads\/2021\/04\/IMG_2652-1200x800.jpg 1200w, https:\/\/familie-weitgereist.de\/wp-content\/uploads\/2021\/04\/IMG_2652-1980x1320.jpg 1980w, https:\/\/familie-weitgereist.de\/wp-content\/uploads\/2021\/04\/IMG_2652-150x100.jpg 150w\" sizes=\"auto, (max-width: 1024px) 100vw, 1024px\" \/><figcaption>Blick auf Langenstein und Halberstadt in der Ferne<\/figcaption><\/figure>\n\n\n\n<p>Wir haben den Eindruck, dass diese Besonderheit in Deutschland noch sehr unbekannt ist. Umso erfreuter sind wir, dass wir die H\u00f6hlenwohnungen besucht haben.<\/p>\n\n\n\n<h2 class=\"wp-block-heading\" id=\"oderteich\">Wanderung beim Oderteich <\/h2>\n\n\n\n<p>Im Nationalpark Harz liegt der Oderteich. Im Harz gibt es generell wenige Badestellen oder Seen. Aus diesem Grund, werden zwei kleine Badestellen am Ost- und Westufer des Oderteichs ausgewiesen, die im Sommer bestimmt rege genutzt werden. Die Wanderung um den Oderteich dauert ca. 1,5 &#8211; 2 Stunden und es gibt keine nennenswerte Steigung. Durch schneereiche Fichtenw\u00e4lder kann man bis in den Fr\u00fchling hinein wandern. Im Sommer wandert man \u00fcber Bohlenstege und Wurzelpfade. <\/p>\n\n\n\n<div id=\"wp-block-themeisle-blocks-slider-7df9e6e6\" class=\"wp-block-themeisle-blocks-slider glide\" data-per-view=\"1\" data-gap=\"0\" data-peek=\"0\" data-autoplay=\"true\" data-height=\"400px\" data-hide-arrows=\"false\"><div class=\"glide__track\" data-glide-el=\"track\"><div class=\"glide__slides\"><div class=\"wp-block-themeisle-blocks-slider-item-wrapper glide__slide\" tabindex=\"0\"><figure><img decoding=\"async\" class=\"wp-block-themeisle-blocks-slider-item\" src=\"https:\/\/familie-weitgereist.de\/wp-content\/uploads\/2021\/04\/IMG_2674-scaled.jpg\" alt=\"\" title=\"\" data-id=\"4132\"\/><\/figure><\/div><div class=\"wp-block-themeisle-blocks-slider-item-wrapper glide__slide\" tabindex=\"0\"><figure><img decoding=\"async\" class=\"wp-block-themeisle-blocks-slider-item\" src=\"https:\/\/familie-weitgereist.de\/wp-content\/uploads\/2021\/04\/IMG_2661-scaled.jpg\" alt=\"\" title=\"\" data-id=\"4133\"\/><\/figure><\/div><div class=\"wp-block-themeisle-blocks-slider-item-wrapper glide__slide\" tabindex=\"0\"><figure><img decoding=\"async\" class=\"wp-block-themeisle-blocks-slider-item\" src=\"https:\/\/familie-weitgereist.de\/wp-content\/uploads\/2021\/04\/IMG_2658-scaled.jpg\" alt=\"\" title=\"\" data-id=\"4135\"\/><\/figure><\/div><\/div><div class=\"glide__bullets\" data-glide-el=\"controls[nav]\"><button class=\"glide__bullet\" data-glide-dir=\"=0\"><\/button><button class=\"glide__bullet\" data-glide-dir=\"=1\"><\/button><button class=\"glide__bullet\" data-glide-dir=\"=2\"><\/button><\/div><\/div><\/div>\n\n\n\n<h2 class=\"wp-block-heading\" id=\"brocken\">Wanderung zum Brocken<\/h2>\n\n\n\n<p>Da wir mit unserem Camper unterwegs waren, haben wir jeden Abend nach tollen Stellpl\u00e4tzen gesucht. Da es im Nationalparkgebiet immer etwas schwierig ist, Stellpl\u00e4tze zu finden, waren wir auf der Suche nach einem offiziellen Wanderparkplatz. Wir haben uns in Torfhaus, Niedersachsen auf den &#8222;Gro\u00dfparkplatz Brockenblick&#8220; gestellt und konnten von 18:00-6:00 gratis parken. <\/p>\n\n\n\n<figure class=\"wp-block-image size-large\"><img loading=\"lazy\" decoding=\"async\" width=\"1024\" height=\"683\" src=\"https:\/\/familie-weitgereist.de\/wp-content\/uploads\/2021\/04\/IMG_2683-1024x683.jpg\" alt=\"\" class=\"wp-image-4134\" srcset=\"https:\/\/familie-weitgereist.de\/wp-content\/uploads\/2021\/04\/IMG_2683-1024x683.jpg 1024w, https:\/\/familie-weitgereist.de\/wp-content\/uploads\/2021\/04\/IMG_2683-300x200.jpg 300w, https:\/\/familie-weitgereist.de\/wp-content\/uploads\/2021\/04\/IMG_2683-768x512.jpg 768w, https:\/\/familie-weitgereist.de\/wp-content\/uploads\/2021\/04\/IMG_2683-1536x1024.jpg 1536w, https:\/\/familie-weitgereist.de\/wp-content\/uploads\/2021\/04\/IMG_2683-2048x1365.jpg 2048w, https:\/\/familie-weitgereist.de\/wp-content\/uploads\/2021\/04\/IMG_2683-1200x800.jpg 1200w, https:\/\/familie-weitgereist.de\/wp-content\/uploads\/2021\/04\/IMG_2683-1980x1320.jpg 1980w, https:\/\/familie-weitgereist.de\/wp-content\/uploads\/2021\/04\/IMG_2683-150x100.jpg 150w\" sizes=\"auto, (max-width: 1024px) 100vw, 1024px\" \/><figcaption>Stellplatz in Torfhaus<\/figcaption><\/figure>\n\n\n\n<p>F\u00fcr unsere Wanderung entschieden wir uns, auf den Parkplatz des Ehrenfriedhofs bei Oderbr\u00fcck zu fahren. Von dort waren es 7km bis zum Gipfel. Der Aufstieg zum Brocken ist nicht besonders anstrengend oder schwer. Jedoch gibt es viele verschiedene Aufstiegsm\u00f6glichkeiten zum Gipfel. Allm\u00e4hlich winden sich die Waldwege nach oben. Den Gipfel des Brocken zu erreichen ist sogar barrierefrei m\u00f6glich, dank der Brockenbahn. Diese fuhr im Winter 2020\/2021 jedoch nicht. Die Endhaltestelle befindet sich oben auf dem Gipfel.<\/p>\n\n\n\n<figure class=\"wp-block-image size-large\"><img loading=\"lazy\" decoding=\"async\" width=\"1024\" height=\"683\" src=\"https:\/\/familie-weitgereist.de\/wp-content\/uploads\/2021\/04\/IMG_2710-1024x683.jpg\" alt=\"\" class=\"wp-image-4136\" srcset=\"https:\/\/familie-weitgereist.de\/wp-content\/uploads\/2021\/04\/IMG_2710-1024x683.jpg 1024w, https:\/\/familie-weitgereist.de\/wp-content\/uploads\/2021\/04\/IMG_2710-300x200.jpg 300w, https:\/\/familie-weitgereist.de\/wp-content\/uploads\/2021\/04\/IMG_2710-768x512.jpg 768w, https:\/\/familie-weitgereist.de\/wp-content\/uploads\/2021\/04\/IMG_2710-1536x1024.jpg 1536w, https:\/\/familie-weitgereist.de\/wp-content\/uploads\/2021\/04\/IMG_2710-2048x1365.jpg 2048w, https:\/\/familie-weitgereist.de\/wp-content\/uploads\/2021\/04\/IMG_2710-1200x800.jpg 1200w, https:\/\/familie-weitgereist.de\/wp-content\/uploads\/2021\/04\/IMG_2710-1980x1320.jpg 1980w, https:\/\/familie-weitgereist.de\/wp-content\/uploads\/2021\/04\/IMG_2710-150x100.jpg 150w\" sizes=\"auto, (max-width: 1024px) 100vw, 1024px\" \/><figcaption>Auf dem Weg zum Brocken Gipfel<\/figcaption><\/figure>\n\n\n\n<p>Das tolle im Harz ist, dass es ganz viele Stempelstellen gibt, an denen man seinen Wanderpass f\u00fcllen kann. Wir haben zwar keinen Harzer Wanderpass, so stempelten wir in unser Reisetagebuch.<\/p>\n\n\n\n<p>Selbst Ende M\u00e4rz liefen wir nahezu die gesamte Strecke auf Schnee. Der Brocken ist eine \u00e4u\u00dferst schneereiche Region in Deutschland. Viel Niederschlag, kalte Tage und N\u00e4chte und die H\u00f6he von 1142m bieten perfekte Wintersportbedingungen.<\/p>\n\n\n\n<div id=\"wp-block-themeisle-blocks-slider-db8d7aa7\" class=\"wp-block-themeisle-blocks-slider glide\" data-per-view=\"1\" data-gap=\"0\" data-peek=\"0\" data-autoplay=\"true\" data-height=\"400px\" data-hide-arrows=\"false\"><div class=\"glide__track\" data-glide-el=\"track\"><div class=\"glide__slides\"><div class=\"wp-block-themeisle-blocks-slider-item-wrapper glide__slide\" tabindex=\"0\"><figure><img decoding=\"async\" class=\"wp-block-themeisle-blocks-slider-item\" src=\"https:\/\/familie-weitgereist.de\/wp-content\/uploads\/2021\/04\/IMG_2740-scaled.jpg\" alt=\"\" title=\"\" data-id=\"4139\"\/><\/figure><\/div><div class=\"wp-block-themeisle-blocks-slider-item-wrapper glide__slide\" tabindex=\"0\"><figure><img decoding=\"async\" class=\"wp-block-themeisle-blocks-slider-item\" src=\"https:\/\/familie-weitgereist.de\/wp-content\/uploads\/2021\/04\/IMG_2739-scaled.jpg\" alt=\"\" title=\"\" data-id=\"4140\"\/><\/figure><\/div><div class=\"wp-block-themeisle-blocks-slider-item-wrapper glide__slide\" tabindex=\"0\"><figure><img decoding=\"async\" class=\"wp-block-themeisle-blocks-slider-item\" src=\"https:\/\/familie-weitgereist.de\/wp-content\/uploads\/2021\/04\/IMG_2697-scaled.jpg\" alt=\"\" title=\"\" data-id=\"4145\"\/><\/figure><\/div><\/div><div class=\"glide__bullets\" data-glide-el=\"controls[nav]\"><button class=\"glide__bullet\" data-glide-dir=\"=0\"><\/button><button class=\"glide__bullet\" data-glide-dir=\"=1\"><\/button><button class=\"glide__bullet\" data-glide-dir=\"=2\"><\/button><\/div><\/div><\/div>\n\n\n\n<p>Auf unserer Wanderung gen Gipfel liefen wir an vielen interessanten Dingen vorbei, u.a. der innerdeutschen Grenze zwischen Niedersachsen und Sachsen-Anhalt. Eine erste Pause g\u00f6nnten wir uns am Goethebahnhof. Unser Weg f\u00fchrte uns teilweise direkt an der Brockenbahn entlang. Die Gleise konnten wir zum Teil jedoch nur erahnen, da sie tief unter Schnee vergraben waren.<\/p>\n\n\n\n<div id=\"wp-block-themeisle-blocks-slider-75f63fcb\" class=\"wp-block-themeisle-blocks-slider glide\" data-per-view=\"1\" data-gap=\"0\" data-peek=\"0\" data-autoplay=\"true\" data-height=\"400px\" data-hide-arrows=\"false\"><div class=\"glide__track\" data-glide-el=\"track\"><div class=\"glide__slides\"><div class=\"wp-block-themeisle-blocks-slider-item-wrapper glide__slide\" tabindex=\"0\"><figure><img decoding=\"async\" class=\"wp-block-themeisle-blocks-slider-item\" src=\"https:\/\/familie-weitgereist.de\/wp-content\/uploads\/2021\/04\/IMG_2706-scaled.jpg\" alt=\"\" title=\"\" data-id=\"4141\"\/><\/figure><\/div><div class=\"wp-block-themeisle-blocks-slider-item-wrapper glide__slide\" tabindex=\"0\"><figure><img decoding=\"async\" class=\"wp-block-themeisle-blocks-slider-item\" src=\"https:\/\/familie-weitgereist.de\/wp-content\/uploads\/2021\/04\/IMG_2725-1-scaled.jpg\" alt=\"\" title=\"\" data-id=\"4144\"\/><\/figure><\/div><\/div><div class=\"glide__bullets\" data-glide-el=\"controls[nav]\"><button class=\"glide__bullet\" data-glide-dir=\"=0\"><\/button><button class=\"glide__bullet\" data-glide-dir=\"=1\"><\/button><\/div><\/div><\/div>\n\n\n\n<p>Der Brocken war von 1962-1989 milit\u00e4risches Sperrgebiet. Endlich, am 03. Dezember 1989, nach dem Druck vieler Wanderer, wurde das Tor ge\u00f6ffnet und die Grenze war frei. <\/p>\n\n\n\n<figure class=\"wp-block-image size-large\"><img loading=\"lazy\" decoding=\"async\" width=\"1024\" height=\"683\" src=\"https:\/\/familie-weitgereist.de\/wp-content\/uploads\/2021\/04\/IMG_2754-1024x683.jpg\" alt=\"\" class=\"wp-image-4146\" srcset=\"https:\/\/familie-weitgereist.de\/wp-content\/uploads\/2021\/04\/IMG_2754-1024x683.jpg 1024w, https:\/\/familie-weitgereist.de\/wp-content\/uploads\/2021\/04\/IMG_2754-300x200.jpg 300w, https:\/\/familie-weitgereist.de\/wp-content\/uploads\/2021\/04\/IMG_2754-768x512.jpg 768w, https:\/\/familie-weitgereist.de\/wp-content\/uploads\/2021\/04\/IMG_2754-1536x1024.jpg 1536w, https:\/\/familie-weitgereist.de\/wp-content\/uploads\/2021\/04\/IMG_2754-2048x1365.jpg 2048w, https:\/\/familie-weitgereist.de\/wp-content\/uploads\/2021\/04\/IMG_2754-1200x800.jpg 1200w, https:\/\/familie-weitgereist.de\/wp-content\/uploads\/2021\/04\/IMG_2754-1980x1320.jpg 1980w, https:\/\/familie-weitgereist.de\/wp-content\/uploads\/2021\/04\/IMG_2754-150x100.jpg 150w\" sizes=\"auto, (max-width: 1024px) 100vw, 1024px\" \/><\/figure>\n\n\n\n<p>Auf dem Brocken Gipfel ist sehr viel los. Dies liegt zum einen an der einfachen Erreichbarkeit des Gipfels. Neben dem Bahnhof befindet sich auch ein Hotel direkt am Gipfel.<\/p>\n\n\n\n<figure class=\"wp-block-image size-large\"><img loading=\"lazy\" decoding=\"async\" width=\"1024\" height=\"683\" src=\"https:\/\/familie-weitgereist.de\/wp-content\/uploads\/2021\/04\/IMG_2766-1024x683.jpg\" alt=\"\" class=\"wp-image-4148\" srcset=\"https:\/\/familie-weitgereist.de\/wp-content\/uploads\/2021\/04\/IMG_2766-1024x683.jpg 1024w, https:\/\/familie-weitgereist.de\/wp-content\/uploads\/2021\/04\/IMG_2766-300x200.jpg 300w, https:\/\/familie-weitgereist.de\/wp-content\/uploads\/2021\/04\/IMG_2766-768x512.jpg 768w, https:\/\/familie-weitgereist.de\/wp-content\/uploads\/2021\/04\/IMG_2766-1536x1024.jpg 1536w, https:\/\/familie-weitgereist.de\/wp-content\/uploads\/2021\/04\/IMG_2766-2048x1365.jpg 2048w, https:\/\/familie-weitgereist.de\/wp-content\/uploads\/2021\/04\/IMG_2766-1200x800.jpg 1200w, https:\/\/familie-weitgereist.de\/wp-content\/uploads\/2021\/04\/IMG_2766-1980x1320.jpg 1980w, https:\/\/familie-weitgereist.de\/wp-content\/uploads\/2021\/04\/IMG_2766-150x100.jpg 150w\" sizes=\"auto, (max-width: 1024px) 100vw, 1024px\" \/><figcaption>Der Brocken Bahnhof<\/figcaption><\/figure>\n\n\n\n<p>Auf dem Brocken befindet sich eine Wetterstation und der Brockengarten. Er beheimatet mehr als 1800 Pflanzenarten, die gut in H\u00f6henlagen gedeihen. <\/p>\n\n\n\n<figure class=\"wp-block-image size-large\"><img loading=\"lazy\" decoding=\"async\" width=\"1024\" height=\"683\" src=\"https:\/\/familie-weitgereist.de\/wp-content\/uploads\/2021\/04\/IMG_2792-1024x683.jpg\" alt=\"\" class=\"wp-image-4152\" srcset=\"https:\/\/familie-weitgereist.de\/wp-content\/uploads\/2021\/04\/IMG_2792-1024x683.jpg 1024w, https:\/\/familie-weitgereist.de\/wp-content\/uploads\/2021\/04\/IMG_2792-300x200.jpg 300w, https:\/\/familie-weitgereist.de\/wp-content\/uploads\/2021\/04\/IMG_2792-768x512.jpg 768w, https:\/\/familie-weitgereist.de\/wp-content\/uploads\/2021\/04\/IMG_2792-1536x1024.jpg 1536w, https:\/\/familie-weitgereist.de\/wp-content\/uploads\/2021\/04\/IMG_2792-2048x1365.jpg 2048w, https:\/\/familie-weitgereist.de\/wp-content\/uploads\/2021\/04\/IMG_2792-1200x800.jpg 1200w, https:\/\/familie-weitgereist.de\/wp-content\/uploads\/2021\/04\/IMG_2792-1980x1320.jpg 1980w, https:\/\/familie-weitgereist.de\/wp-content\/uploads\/2021\/04\/IMG_2792-150x100.jpg 150w\" sizes=\"auto, (max-width: 1024px) 100vw, 1024px\" \/><figcaption>Auf 1142m H\u00f6he<\/figcaption><\/figure>\n\n\n\n<div id=\"wp-block-themeisle-blocks-slider-6a77dfa1\" class=\"wp-block-themeisle-blocks-slider glide\" data-per-view=\"1\" data-gap=\"0\" data-peek=\"0\" data-autoplay=\"true\" data-height=\"400px\" data-hide-arrows=\"false\"><div class=\"glide__track\" data-glide-el=\"track\"><div class=\"glide__slides\"><div class=\"wp-block-themeisle-blocks-slider-item-wrapper glide__slide\" tabindex=\"0\"><figure><img decoding=\"async\" class=\"wp-block-themeisle-blocks-slider-item\" src=\"https:\/\/familie-weitgereist.de\/wp-content\/uploads\/2021\/04\/IMG_2785-scaled.jpg\" alt=\"\" title=\"\" data-id=\"4150\"\/><\/figure><\/div><div class=\"wp-block-themeisle-blocks-slider-item-wrapper glide__slide\" tabindex=\"0\"><figure><img decoding=\"async\" class=\"wp-block-themeisle-blocks-slider-item\" src=\"https:\/\/familie-weitgereist.de\/wp-content\/uploads\/2021\/04\/IMG_2797-scaled.jpg\" alt=\"\" title=\"\" data-id=\"4151\"\/><\/figure><\/div><div class=\"wp-block-themeisle-blocks-slider-item-wrapper glide__slide\" tabindex=\"0\"><figure><img decoding=\"async\" class=\"wp-block-themeisle-blocks-slider-item\" src=\"https:\/\/familie-weitgereist.de\/wp-content\/uploads\/2021\/04\/IMG_2805-scaled.jpg\" alt=\"\" title=\"\" data-id=\"4153\"\/><\/figure><\/div><\/div><div class=\"glide__bullets\" data-glide-el=\"controls[nav]\"><button class=\"glide__bullet\" data-glide-dir=\"=0\"><\/button><button class=\"glide__bullet\" data-glide-dir=\"=1\"><\/button><button class=\"glide__bullet\" data-glide-dir=\"=2\"><\/button><\/div><\/div><\/div>\n\n\n\n<p>Um den ber\u00fchmten Brockenstein herum, befinden sich als Sonnenuhr im Boden markiert, Orte aus Nah und Fern und ihre jeweiligen Entfernungen. Zudem gibt es eine Touristeninformation und viele Sitzm\u00f6glichkeiten zum Verweilen. <\/p>\n\n\n\n<p>Nachdem wir den Gipfel ausgiebig erkundet haben, liefen wir die gleiche Strecke zur\u00fcck zu unserem Parkplatz. <\/p>\n\n\n\n<figure class=\"wp-block-image size-large\"><img loading=\"lazy\" decoding=\"async\" width=\"1024\" height=\"683\" src=\"https:\/\/familie-weitgereist.de\/wp-content\/uploads\/2021\/04\/IMG_2831-1024x683.jpg\" alt=\"\" class=\"wp-image-4154\" srcset=\"https:\/\/familie-weitgereist.de\/wp-content\/uploads\/2021\/04\/IMG_2831-1024x683.jpg 1024w, https:\/\/familie-weitgereist.de\/wp-content\/uploads\/2021\/04\/IMG_2831-300x200.jpg 300w, https:\/\/familie-weitgereist.de\/wp-content\/uploads\/2021\/04\/IMG_2831-768x512.jpg 768w, https:\/\/familie-weitgereist.de\/wp-content\/uploads\/2021\/04\/IMG_2831-1536x1024.jpg 1536w, https:\/\/familie-weitgereist.de\/wp-content\/uploads\/2021\/04\/IMG_2831-2048x1365.jpg 2048w, https:\/\/familie-weitgereist.de\/wp-content\/uploads\/2021\/04\/IMG_2831-1200x800.jpg 1200w, https:\/\/familie-weitgereist.de\/wp-content\/uploads\/2021\/04\/IMG_2831-1980x1320.jpg 1980w, https:\/\/familie-weitgereist.de\/wp-content\/uploads\/2021\/04\/IMG_2831-150x100.jpg 150w\" sizes=\"auto, (max-width: 1024px) 100vw, 1024px\" \/><\/figure>\n\n\n\n<h2 class=\"wp-block-heading\" id=\"teufelsmauer\">Wanderung entlang der Teufelsmauer<\/h2>\n\n\n\n<p>Die Teufelsmauer im Harz ist eine Felsformationen aus Sandstein, die seit 1935 unter Naturschutz steht. Jedoch wurde die teuflische Mauer schon vor ca. 150 Jahren unter besonderen Schutz gestellt. Wichtig wurde dies, da ans\u00e4ssige Handwerksbetriebe den Sandstein nutzen und so das besondere Naturwunder darunter leidete. <\/p>\n\n\n\n<figure class=\"wp-block-image size-large\"><img loading=\"lazy\" decoding=\"async\" width=\"1024\" height=\"683\" src=\"https:\/\/familie-weitgereist.de\/wp-content\/uploads\/2021\/09\/IMG_7958-1024x683.jpg\" alt=\"\" class=\"wp-image-6115\" srcset=\"https:\/\/familie-weitgereist.de\/wp-content\/uploads\/2021\/09\/IMG_7958-1024x683.jpg 1024w, https:\/\/familie-weitgereist.de\/wp-content\/uploads\/2021\/09\/IMG_7958-300x200.jpg 300w, https:\/\/familie-weitgereist.de\/wp-content\/uploads\/2021\/09\/IMG_7958-768x512.jpg 768w, https:\/\/familie-weitgereist.de\/wp-content\/uploads\/2021\/09\/IMG_7958-1536x1024.jpg 1536w, https:\/\/familie-weitgereist.de\/wp-content\/uploads\/2021\/09\/IMG_7958-2048x1365.jpg 2048w, https:\/\/familie-weitgereist.de\/wp-content\/uploads\/2021\/09\/IMG_7958-1200x800.jpg 1200w, https:\/\/familie-weitgereist.de\/wp-content\/uploads\/2021\/09\/IMG_7958-1980x1320.jpg 1980w, https:\/\/familie-weitgereist.de\/wp-content\/uploads\/2021\/09\/IMG_7958-150x100.jpg 150w\" sizes=\"auto, (max-width: 1024px) 100vw, 1024px\" \/><\/figure>\n\n\n\n<p>F\u00fcr einen ausgedehnten Tagesausflug kann der Teufelsmauerstieg gewandert werden. Dieser 35km lange Wanderweg verbindet die Teilabschnitte der Felsformationen.  <\/p>\n\n\n\n<p>Wir erwanderten unterschiedliche Abschnitte der Teufelsmauer an zwei Tagesausfl\u00fcgen. <\/p>\n\n\n\n<p>In der N\u00e4he von Thale starteten wir den Teufelsmauerstieg. Unweit der Bode l\u00e4uft man einen sch\u00f6nen Waldweg entlang und befindet sich innerhalb k\u00fcrzester Zeit unterhalb grandioser Felsen. Auf einem breiten Wanderweg lassen sich die Felsformationen betrachten. Erklommen d\u00fcrfen sie jedoch nicht werden. <\/p>\n\n\n\n<div id=\"wp-block-themeisle-blocks-slider-2a916fe6\" class=\"wp-block-themeisle-blocks-slider glide\" data-per-view=\"1\" data-gap=\"0\" data-peek=\"0\" data-autoplay=\"true\" data-height=\"417px\" data-hide-arrows=\"false\"><div class=\"glide__track\" data-glide-el=\"track\"><div class=\"glide__slides\"><div class=\"wp-block-themeisle-blocks-slider-item-wrapper glide__slide\" tabindex=\"0\"><figure><img decoding=\"async\" class=\"wp-block-themeisle-blocks-slider-item\" src=\"https:\/\/familie-weitgereist.de\/wp-content\/uploads\/2021\/09\/IMG_7960-scaled.jpg\" alt=\"\" title=\"\" data-id=\"6117\"\/><\/figure><\/div><div class=\"wp-block-themeisle-blocks-slider-item-wrapper glide__slide\" tabindex=\"0\"><figure><img decoding=\"async\" class=\"wp-block-themeisle-blocks-slider-item\" src=\"https:\/\/familie-weitgereist.de\/wp-content\/uploads\/2021\/09\/IMG_7987-scaled.jpg\" alt=\"\" title=\"\" data-id=\"6119\"\/><\/figure><\/div><div class=\"wp-block-themeisle-blocks-slider-item-wrapper glide__slide\" tabindex=\"0\"><figure><img decoding=\"async\" class=\"wp-block-themeisle-blocks-slider-item\" src=\"https:\/\/familie-weitgereist.de\/wp-content\/uploads\/2021\/09\/IMG_7972-scaled.jpg\" alt=\"\" title=\"\" data-id=\"6120\"\/><\/figure><\/div><div class=\"wp-block-themeisle-blocks-slider-item-wrapper glide__slide\" tabindex=\"0\"><figure><img decoding=\"async\" class=\"wp-block-themeisle-blocks-slider-item\" src=\"https:\/\/familie-weitgereist.de\/wp-content\/uploads\/2021\/09\/IMG_7997-scaled.jpg\" alt=\"\" title=\"\" data-id=\"6123\"\/><\/figure><\/div><\/div><div class=\"glide__bullets\" data-glide-el=\"controls[nav]\"><button class=\"glide__bullet\" data-glide-dir=\"=0\"><\/button><button class=\"glide__bullet\" data-glide-dir=\"=1\"><\/button><button class=\"glide__bullet\" data-glide-dir=\"=2\"><\/button><button class=\"glide__bullet\" data-glide-dir=\"=3\"><\/button><\/div><\/div><\/div>\n\n\n\n<p>Einen weiteren Teil der Teufelsmauer bewunderten wir bei Timmenrode. Dort genossen wir eine ausgiebige Wanderung von Timmenrode nach Blankenburg und auf einem anderen Weg wieder zur\u00fcck. Der Stieg f\u00fchrt auf herrlichen Waldwegen entlang der Teufelsmauer. Dabei ist besonders das Hamburger Wappen sehr beeindruckend. Diese Felsformationen ist nach dem Wappen Hamburgs benannt, da man dort die drei T\u00fcrme des Wappens wieder erkennt. <\/p>\n\n\n\n<figure class=\"wp-block-image size-large\"><img loading=\"lazy\" decoding=\"async\" width=\"1024\" height=\"683\" src=\"https:\/\/familie-weitgereist.de\/wp-content\/uploads\/2021\/09\/IMG_8701-1024x683.jpg\" alt=\"\" class=\"wp-image-6128\" srcset=\"https:\/\/familie-weitgereist.de\/wp-content\/uploads\/2021\/09\/IMG_8701-1024x683.jpg 1024w, https:\/\/familie-weitgereist.de\/wp-content\/uploads\/2021\/09\/IMG_8701-300x200.jpg 300w, https:\/\/familie-weitgereist.de\/wp-content\/uploads\/2021\/09\/IMG_8701-768x512.jpg 768w, https:\/\/familie-weitgereist.de\/wp-content\/uploads\/2021\/09\/IMG_8701-1536x1024.jpg 1536w, https:\/\/familie-weitgereist.de\/wp-content\/uploads\/2021\/09\/IMG_8701-2048x1365.jpg 2048w, https:\/\/familie-weitgereist.de\/wp-content\/uploads\/2021\/09\/IMG_8701-1200x800.jpg 1200w, https:\/\/familie-weitgereist.de\/wp-content\/uploads\/2021\/09\/IMG_8701-1980x1320.jpg 1980w, https:\/\/familie-weitgereist.de\/wp-content\/uploads\/2021\/09\/IMG_8701-150x100.jpg 150w\" sizes=\"auto, (max-width: 1024px) 100vw, 1024px\" \/><\/figure>\n\n\n\n<div id=\"wp-block-themeisle-blocks-slider-f08f6968\" class=\"wp-block-themeisle-blocks-slider glide\" data-per-view=\"1\" data-gap=\"0\" data-peek=\"0\" data-autoplay=\"true\" data-height=\"400px\" data-hide-arrows=\"false\"><div class=\"glide__track\" data-glide-el=\"track\"><div class=\"glide__slides\"><div class=\"wp-block-themeisle-blocks-slider-item-wrapper glide__slide\" tabindex=\"0\"><figure><img decoding=\"async\" class=\"wp-block-themeisle-blocks-slider-item\" src=\"https:\/\/familie-weitgereist.de\/wp-content\/uploads\/2021\/09\/IMG_8691-scaled.jpg\" alt=\"\" title=\"\" data-id=\"6121\"\/><\/figure><\/div><div class=\"wp-block-themeisle-blocks-slider-item-wrapper glide__slide\" tabindex=\"0\"><figure><img decoding=\"async\" class=\"wp-block-themeisle-blocks-slider-item\" src=\"https:\/\/familie-weitgereist.de\/wp-content\/uploads\/2021\/09\/IMG_8812-scaled.jpg\" alt=\"\" title=\"\" data-id=\"6124\"\/><\/figure><\/div><\/div><div class=\"glide__bullets\" data-glide-el=\"controls[nav]\"><button class=\"glide__bullet\" data-glide-dir=\"=0\"><\/button><button class=\"glide__bullet\" data-glide-dir=\"=1\"><\/button><\/div><\/div><\/div>\n\n\n\n<p>Ein beeindruckender Weg f\u00fchrt \u00fcber tolle Kletterpassagen. Wir liefen auf Natursteintreppen, \u00fcber schmale Pfade mit Gel\u00e4nder immer auf und ab. Das Ziel war der Gro\u00dfvaterfelsen, von dem man einen sehr sch\u00f6nen Ausblick auf Blankenburg hat.  Die Besteigung des Felsens ist noch einmal ein kleines Abenteuer. Es ist sehr steil und \u00fcber hohe Stufen erklimmt man den Gipfel des Felsens. <\/p>\n\n\n\n<div id=\"wp-block-themeisle-blocks-slider-ac36e4df\" class=\"wp-block-themeisle-blocks-slider glide\" data-per-view=\"1\" data-gap=\"0\" data-peek=\"0\" data-autoplay=\"true\" data-height=\"400px\" data-hide-arrows=\"false\"><div class=\"glide__track\" data-glide-el=\"track\"><div class=\"glide__slides\"><div class=\"wp-block-themeisle-blocks-slider-item-wrapper glide__slide\" tabindex=\"0\"><figure><img decoding=\"async\" class=\"wp-block-themeisle-blocks-slider-item\" src=\"https:\/\/familie-weitgereist.de\/wp-content\/uploads\/2021\/09\/IMG_8713-scaled.jpg\" alt=\"\" title=\"\" data-id=\"6125\"\/><\/figure><\/div><div class=\"wp-block-themeisle-blocks-slider-item-wrapper glide__slide\" tabindex=\"0\"><figure><img decoding=\"async\" class=\"wp-block-themeisle-blocks-slider-item\" src=\"https:\/\/familie-weitgereist.de\/wp-content\/uploads\/2021\/09\/IMG_8695-scaled.jpg\" alt=\"\" title=\"\" data-id=\"6127\"\/><\/figure><\/div><div class=\"wp-block-themeisle-blocks-slider-item-wrapper glide__slide\" tabindex=\"0\"><figure><img decoding=\"async\" class=\"wp-block-themeisle-blocks-slider-item\" src=\"https:\/\/familie-weitgereist.de\/wp-content\/uploads\/2021\/09\/IMG_8760-scaled.jpg\" alt=\"\" title=\"\" data-id=\"6130\"\/><\/figure><\/div><div class=\"wp-block-themeisle-blocks-slider-item-wrapper glide__slide\" tabindex=\"0\"><figure><img decoding=\"async\" class=\"wp-block-themeisle-blocks-slider-item\" src=\"https:\/\/familie-weitgereist.de\/wp-content\/uploads\/2021\/09\/IMG_8783-scaled.jpg\" alt=\"\" title=\"\" data-id=\"6132\"\/><\/figure><\/div><div class=\"wp-block-themeisle-blocks-slider-item-wrapper glide__slide\" tabindex=\"0\"><figure><img decoding=\"async\" class=\"wp-block-themeisle-blocks-slider-item\" src=\"https:\/\/familie-weitgereist.de\/wp-content\/uploads\/2021\/09\/IMG_8750-scaled.jpg\" alt=\"\" title=\"\" data-id=\"6133\"\/><\/figure><\/div><\/div><div class=\"glide__bullets\" data-glide-el=\"controls[nav]\"><button class=\"glide__bullet\" data-glide-dir=\"=0\"><\/button><button class=\"glide__bullet\" data-glide-dir=\"=1\"><\/button><button class=\"glide__bullet\" data-glide-dir=\"=2\"><\/button><button class=\"glide__bullet\" data-glide-dir=\"=3\"><\/button><button class=\"glide__bullet\" data-glide-dir=\"=4\"><\/button><\/div><\/div><\/div>\n\n\n\n<h2 class=\"wp-block-heading\" id=\"thale\">Wanderung durch den deutschen Grand Canyon bei Thale<\/h2>\n\n\n\n<p>Unser absolutes Highlight im Harz ist der sogenannte deutsche Grand Canyon. Wir hatten ein ambitioniertes Ziel und wollten das Bodetal von beiden Seiten erklimmen. Wir starteten in Thale und liefen zuerst Richtung Ro\u00dftrappe hoch. \u00dcber einen steilen Weg geht man mittels Serpentinen den Hang hinauf. Die Ausblicke auf die Berge sind wundersch\u00f6n und die Ro\u00dftrappe ist ein tolles Ziel. <\/p>\n\n\n\n<figure class=\"wp-block-image size-large\"><img loading=\"lazy\" decoding=\"async\" width=\"1024\" height=\"683\" src=\"https:\/\/familie-weitgereist.de\/wp-content\/uploads\/2021\/09\/IMG_8051-1024x683.jpg\" alt=\"\" class=\"wp-image-6136\" srcset=\"https:\/\/familie-weitgereist.de\/wp-content\/uploads\/2021\/09\/IMG_8051-1024x683.jpg 1024w, https:\/\/familie-weitgereist.de\/wp-content\/uploads\/2021\/09\/IMG_8051-300x200.jpg 300w, https:\/\/familie-weitgereist.de\/wp-content\/uploads\/2021\/09\/IMG_8051-768x512.jpg 768w, https:\/\/familie-weitgereist.de\/wp-content\/uploads\/2021\/09\/IMG_8051-1536x1024.jpg 1536w, https:\/\/familie-weitgereist.de\/wp-content\/uploads\/2021\/09\/IMG_8051-2048x1365.jpg 2048w, https:\/\/familie-weitgereist.de\/wp-content\/uploads\/2021\/09\/IMG_8051-1200x800.jpg 1200w, https:\/\/familie-weitgereist.de\/wp-content\/uploads\/2021\/09\/IMG_8051-1980x1320.jpg 1980w, https:\/\/familie-weitgereist.de\/wp-content\/uploads\/2021\/09\/IMG_8051-150x100.jpg 150w\" sizes=\"auto, (max-width: 1024px) 100vw, 1024px\" \/><figcaption>Wandern im deutschen Grand Canyon<\/figcaption><\/figure>\n\n\n\n<p>Da sich viele Sagen rund um Thale und den Hexentanzplatz drehen, ist es auch f\u00fcr Kinder eine abwechslungsreiche Zeit. Die Ro\u00dftrappe ist ein Felseindruck, der an einen Hufabdruck erinnert. Dort, soll der Sage nach, der Ritter Bodo von B\u00f6hmen die K\u00f6nigstochter Brunhilde verfolgt haben, die er gegen ihren Willen heiraten wollte. Sie setzte mit ihrem Pferd zu einem gewaltigen Sprung \u00fcber das Tal an. Ihr Verfolger hingegen flog in die Bode.<\/p>\n\n\n\n<div id=\"wp-block-themeisle-blocks-slider-85810679\" class=\"wp-block-themeisle-blocks-slider glide\" data-per-view=\"1\" data-gap=\"0\" data-peek=\"0\" data-autoplay=\"true\" data-height=\"349px\" data-hide-arrows=\"false\"><div class=\"glide__track\" data-glide-el=\"track\"><div class=\"glide__slides\"><div class=\"wp-block-themeisle-blocks-slider-item-wrapper glide__slide\" tabindex=\"0\"><figure><img decoding=\"async\" class=\"wp-block-themeisle-blocks-slider-item\" src=\"https:\/\/familie-weitgereist.de\/wp-content\/uploads\/2021\/09\/IMG_8058-scaled.jpg\" alt=\"\" title=\"\" data-id=\"6139\"\/><\/figure><\/div><div class=\"wp-block-themeisle-blocks-slider-item-wrapper glide__slide\" tabindex=\"0\"><figure><img decoding=\"async\" class=\"wp-block-themeisle-blocks-slider-item\" src=\"https:\/\/familie-weitgereist.de\/wp-content\/uploads\/2021\/09\/IMG_8070-scaled.jpg\" alt=\"\" title=\"\" data-id=\"6141\"\/><\/figure><\/div><div class=\"wp-block-themeisle-blocks-slider-item-wrapper glide__slide\" tabindex=\"0\"><figure><img decoding=\"async\" class=\"wp-block-themeisle-blocks-slider-item\" src=\"https:\/\/familie-weitgereist.de\/wp-content\/uploads\/2021\/09\/IMG_8108-scaled.jpg\" alt=\"\" title=\"\" data-id=\"6142\"\/><\/figure><\/div><div class=\"wp-block-themeisle-blocks-slider-item-wrapper glide__slide\" tabindex=\"0\"><figure><img decoding=\"async\" class=\"wp-block-themeisle-blocks-slider-item\" src=\"https:\/\/familie-weitgereist.de\/wp-content\/uploads\/2021\/09\/IMG_8101-scaled.jpg\" alt=\"\" title=\"\" data-id=\"6144\"\/><\/figure><\/div><div class=\"wp-block-themeisle-blocks-slider-item-wrapper glide__slide\" tabindex=\"0\"><figure><img decoding=\"async\" class=\"wp-block-themeisle-blocks-slider-item\" src=\"https:\/\/familie-weitgereist.de\/wp-content\/uploads\/2021\/09\/IMG_8140-scaled.jpg\" alt=\"\" title=\"\" data-id=\"6147\"\/><\/figure><\/div><\/div><div class=\"glide__bullets\" data-glide-el=\"controls[nav]\"><button class=\"glide__bullet\" data-glide-dir=\"=0\"><\/button><button class=\"glide__bullet\" data-glide-dir=\"=1\"><\/button><button class=\"glide__bullet\" data-glide-dir=\"=2\"><\/button><button class=\"glide__bullet\" data-glide-dir=\"=3\"><\/button><button class=\"glide__bullet\" data-glide-dir=\"=4\"><\/button><\/div><\/div><\/div>\n\n\n\n<p>Von der Ro\u00dftrappe l\u00e4sst sich der Hexentanzplatz sehen. Wir sind \u00fcber den selben Weg wieder Richtung Bodetal gelaufen. In der Gastst\u00e4tte &#8222;K\u00f6nigsruhe&#8220; l\u00e4sst es sich im Gr\u00fcnen wunderbar entspannen und einkehren. Dort haben wir die Jungfernbr\u00fccke \u00fcberquert und sind auf der anderen Talseite den Berg hoch gelaufen. Auch hier ging es auf steilen Serpentinen immer weiter hoch. Der Hirschgrundsteig f\u00fchrte uns zu erst zur La Viersh\u00f6he mit einem tollen Ausblick \u00fcber den Canyon. Anschlie\u00dfend ist es nicht mehr weit bis zum Hexentanzplatz.<\/p>\n\n\n\n<div id=\"wp-block-themeisle-blocks-slider-d53d4e9c\" class=\"wp-block-themeisle-blocks-slider glide\" data-per-view=\"1\" data-gap=\"0\" data-peek=\"0\" data-autoplay=\"true\" data-height=\"400px\" data-hide-arrows=\"false\"><div class=\"glide__track\" data-glide-el=\"track\"><div class=\"glide__slides\"><div class=\"wp-block-themeisle-blocks-slider-item-wrapper glide__slide\" tabindex=\"0\"><figure><img decoding=\"async\" class=\"wp-block-themeisle-blocks-slider-item\" src=\"https:\/\/familie-weitgereist.de\/wp-content\/uploads\/2021\/09\/IMG_8089-scaled.jpg\" alt=\"\" title=\"\" data-id=\"6143\"\/><\/figure><\/div><div class=\"wp-block-themeisle-blocks-slider-item-wrapper glide__slide\" tabindex=\"0\"><figure><img decoding=\"async\" class=\"wp-block-themeisle-blocks-slider-item\" src=\"https:\/\/familie-weitgereist.de\/wp-content\/uploads\/2021\/09\/IMG_8151-scaled.jpg\" alt=\"\" title=\"\" data-id=\"6146\"\/><\/figure><\/div><div class=\"wp-block-themeisle-blocks-slider-item-wrapper glide__slide\" tabindex=\"0\"><figure><img decoding=\"async\" class=\"wp-block-themeisle-blocks-slider-item\" src=\"https:\/\/familie-weitgereist.de\/wp-content\/uploads\/2021\/09\/IMG_8141-scaled.jpg\" alt=\"\" title=\"\" data-id=\"6149\"\/><\/figure><\/div><div class=\"wp-block-themeisle-blocks-slider-item-wrapper glide__slide\" tabindex=\"0\"><figure><img decoding=\"async\" class=\"wp-block-themeisle-blocks-slider-item\" src=\"https:\/\/familie-weitgereist.de\/wp-content\/uploads\/2021\/09\/IMG_8038-scaled.jpg\" alt=\"\" title=\"\" data-id=\"6151\"\/><\/figure><\/div><\/div><div class=\"glide__bullets\" data-glide-el=\"controls[nav]\"><button class=\"glide__bullet\" data-glide-dir=\"=0\"><\/button><button class=\"glide__bullet\" data-glide-dir=\"=1\"><\/button><button class=\"glide__bullet\" data-glide-dir=\"=2\"><\/button><button class=\"glide__bullet\" data-glide-dir=\"=3\"><\/button><\/div><\/div><\/div>\n\n\n\n<p>Am Hexentanzplatz gibt es viel zu sehen und zu erleben. Es gibt eine Sommerrodelbahn, einen Tierpark, einen Spielplatz, viele Einkehrm\u00f6glichkeiten und ein Hexenhaus. <\/p>\n\n\n\n<div id=\"wp-block-themeisle-blocks-slider-e4e8c77b\" class=\"wp-block-themeisle-blocks-slider glide\" data-per-view=\"1\" data-gap=\"0\" data-peek=\"0\" data-autoplay=\"true\" data-height=\"405px\" data-hide-arrows=\"false\"><div class=\"glide__track\" data-glide-el=\"track\"><div class=\"glide__slides\"><div class=\"wp-block-themeisle-blocks-slider-item-wrapper glide__slide\" tabindex=\"0\"><figure><img decoding=\"async\" class=\"wp-block-themeisle-blocks-slider-item\" src=\"https:\/\/familie-weitgereist.de\/wp-content\/uploads\/2021\/09\/IMG_8158-scaled.jpg\" alt=\"\" title=\"\" data-id=\"6152\"\/><\/figure><\/div><div class=\"wp-block-themeisle-blocks-slider-item-wrapper glide__slide\" tabindex=\"0\"><figure><img decoding=\"async\" class=\"wp-block-themeisle-blocks-slider-item\" src=\"https:\/\/familie-weitgereist.de\/wp-content\/uploads\/2021\/09\/IMG_8155-scaled.jpg\" alt=\"\" title=\"\" data-id=\"6155\"\/><\/figure><\/div><\/div><div class=\"glide__bullets\" data-glide-el=\"controls[nav]\"><button class=\"glide__bullet\" data-glide-dir=\"=0\"><\/button><button class=\"glide__bullet\" data-glide-dir=\"=1\"><\/button><\/div><\/div><\/div>\n\n\n\n<p>Das Hexenhaus haben wir besucht. Es steht verkehrt herum und Merlin hat sich sehr auf den Besuch gefreut. Wir bezahlten zu Dritt 10\u20ac. Im Garten des Hexenhauses gibt es einen sprechenden Baum, kleinere Holzh\u00e4uschen und Holzfiguren. Im Inneren des Hexenhauses kann man sich als kleiner Junge etwas gruseln. Es knarzt und quietscht und \u00fcberall h\u00e4ngen spinnenverwobene Gegenst\u00e4nde von der Decke herunter. <\/p>\n\n\n\n<figure class=\"wp-block-image size-large\"><img loading=\"lazy\" decoding=\"async\" width=\"1024\" height=\"683\" src=\"https:\/\/familie-weitgereist.de\/wp-content\/uploads\/2021\/09\/IMG_8214-3-1024x683.jpg\" alt=\"\" class=\"wp-image-6158\" srcset=\"https:\/\/familie-weitgereist.de\/wp-content\/uploads\/2021\/09\/IMG_8214-3-1024x683.jpg 1024w, https:\/\/familie-weitgereist.de\/wp-content\/uploads\/2021\/09\/IMG_8214-3-300x200.jpg 300w, https:\/\/familie-weitgereist.de\/wp-content\/uploads\/2021\/09\/IMG_8214-3-768x512.jpg 768w, https:\/\/familie-weitgereist.de\/wp-content\/uploads\/2021\/09\/IMG_8214-3-1536x1024.jpg 1536w, https:\/\/familie-weitgereist.de\/wp-content\/uploads\/2021\/09\/IMG_8214-3-2048x1365.jpg 2048w, https:\/\/familie-weitgereist.de\/wp-content\/uploads\/2021\/09\/IMG_8214-3-1200x800.jpg 1200w, https:\/\/familie-weitgereist.de\/wp-content\/uploads\/2021\/09\/IMG_8214-3-1980x1320.jpg 1980w, https:\/\/familie-weitgereist.de\/wp-content\/uploads\/2021\/09\/IMG_8214-3-150x100.jpg 150w\" sizes=\"auto, (max-width: 1024px) 100vw, 1024px\" \/><\/figure>\n\n\n\n<div id=\"wp-block-themeisle-blocks-slider-0381006b\" class=\"wp-block-themeisle-blocks-slider glide\" data-per-view=\"1\" data-gap=\"0\" data-peek=\"0\" data-autoplay=\"true\" data-height=\"400px\" data-hide-arrows=\"false\"><div class=\"glide__track\" data-glide-el=\"track\"><div class=\"glide__slides\"><div class=\"wp-block-themeisle-blocks-slider-item-wrapper glide__slide\" tabindex=\"0\"><figure><img decoding=\"async\" class=\"wp-block-themeisle-blocks-slider-item\" src=\"https:\/\/familie-weitgereist.de\/wp-content\/uploads\/2021\/09\/IMG_8196-scaled.jpg\" alt=\"\" title=\"\" data-id=\"6159\"\/><\/figure><\/div><div class=\"wp-block-themeisle-blocks-slider-item-wrapper glide__slide\" tabindex=\"0\"><figure><img decoding=\"async\" class=\"wp-block-themeisle-blocks-slider-item\" src=\"https:\/\/familie-weitgereist.de\/wp-content\/uploads\/2021\/09\/IMG_8201-scaled.jpg\" alt=\"\" title=\"\" data-id=\"6161\"\/><\/figure><\/div><div class=\"wp-block-themeisle-blocks-slider-item-wrapper glide__slide\" tabindex=\"0\"><figure><img decoding=\"async\" class=\"wp-block-themeisle-blocks-slider-item\" src=\"https:\/\/familie-weitgereist.de\/wp-content\/uploads\/2021\/09\/IMG_8200-scaled.jpg\" alt=\"\" title=\"\" data-id=\"6163\"\/><\/figure><\/div><\/div><div class=\"glide__bullets\" data-glide-el=\"controls[nav]\"><button class=\"glide__bullet\" data-glide-dir=\"=0\"><\/button><button class=\"glide__bullet\" data-glide-dir=\"=1\"><\/button><button class=\"glide__bullet\" data-glide-dir=\"=2\"><\/button><\/div><\/div><\/div>\n\n\n\n<p>Da Merlin auch sehr gern Lift und Seilbahn f\u00e4hrt, sind wir hinunter gefahren. Eine Talfahrt kostete pro Person 5,50\u20ac. <\/p>\n\n\n\n<figure class=\"wp-block-image size-large\"><img loading=\"lazy\" decoding=\"async\" width=\"1024\" height=\"683\" src=\"https:\/\/familie-weitgereist.de\/wp-content\/uploads\/2021\/09\/IMG_8225-1024x683.jpg\" alt=\"\" class=\"wp-image-6154\" srcset=\"https:\/\/familie-weitgereist.de\/wp-content\/uploads\/2021\/09\/IMG_8225-1024x683.jpg 1024w, https:\/\/familie-weitgereist.de\/wp-content\/uploads\/2021\/09\/IMG_8225-300x200.jpg 300w, https:\/\/familie-weitgereist.de\/wp-content\/uploads\/2021\/09\/IMG_8225-768x512.jpg 768w, https:\/\/familie-weitgereist.de\/wp-content\/uploads\/2021\/09\/IMG_8225-1536x1024.jpg 1536w, https:\/\/familie-weitgereist.de\/wp-content\/uploads\/2021\/09\/IMG_8225-2048x1365.jpg 2048w, https:\/\/familie-weitgereist.de\/wp-content\/uploads\/2021\/09\/IMG_8225-1200x800.jpg 1200w, https:\/\/familie-weitgereist.de\/wp-content\/uploads\/2021\/09\/IMG_8225-1980x1320.jpg 1980w, https:\/\/familie-weitgereist.de\/wp-content\/uploads\/2021\/09\/IMG_8225-150x100.jpg 150w\" sizes=\"auto, (max-width: 1024px) 100vw, 1024px\" \/><\/figure>\n\n\n\n<h2 class=\"wp-block-heading\" id=\"goslar\">Goslar und Wanderung zum Bocksberg<\/h2>\n\n\n\n<p>Das Sch\u00f6ne am Wandern im Harz sind die Harzer Wandernadel Stempel. Wir haben soviele gesammelt und es macht jedes Mal wieder Freude. <\/p>\n\n\n\n<p>Goslar ist eine sehr sch\u00f6ne Stadt im nieders\u00e4chsischen Harz. Wie auch Wernigerode und Quedlinburg besitzt Goslar wundersch\u00f6ne Fachwerkh\u00e4user. Die ganze Altstadt ist gepr\u00e4gt von dieser Bauweise. <\/p>\n\n\n\n<div id=\"wp-block-themeisle-blocks-slider-3f10dc78\" class=\"wp-block-themeisle-blocks-slider glide\" data-per-view=\"1\" data-gap=\"0\" data-peek=\"0\" data-autoplay=\"true\" data-height=\"400px\" data-hide-arrows=\"false\"><div class=\"glide__track\" data-glide-el=\"track\"><div class=\"glide__slides\"><div class=\"wp-block-themeisle-blocks-slider-item-wrapper glide__slide\" tabindex=\"0\"><figure><img decoding=\"async\" class=\"wp-block-themeisle-blocks-slider-item\" src=\"https:\/\/familie-weitgereist.de\/wp-content\/uploads\/2021\/09\/IMG_8291-scaled.jpg\" alt=\"\" title=\"\" data-id=\"6167\"\/><\/figure><\/div><div class=\"wp-block-themeisle-blocks-slider-item-wrapper glide__slide\" tabindex=\"0\"><figure><img decoding=\"async\" class=\"wp-block-themeisle-blocks-slider-item\" src=\"https:\/\/familie-weitgereist.de\/wp-content\/uploads\/2021\/09\/IMG_8301-scaled.jpg\" alt=\"\" title=\"\" data-id=\"6168\"\/><\/figure><\/div><div class=\"wp-block-themeisle-blocks-slider-item-wrapper glide__slide\" tabindex=\"0\"><figure><img decoding=\"async\" class=\"wp-block-themeisle-blocks-slider-item\" src=\"https:\/\/familie-weitgereist.de\/wp-content\/uploads\/2021\/09\/IMG_8264-scaled.jpg\" alt=\"\" title=\"\" data-id=\"6171\"\/><\/figure><\/div><\/div><div class=\"glide__bullets\" data-glide-el=\"controls[nav]\"><button class=\"glide__bullet\" data-glide-dir=\"=0\"><\/button><button class=\"glide__bullet\" data-glide-dir=\"=1\"><\/button><button class=\"glide__bullet\" data-glide-dir=\"=2\"><\/button><\/div><\/div><\/div>\n\n\n\n<p>Goslar wurde bereits 979 das erste Mal erw\u00e4hnt und hat sich seitdem kontinuierlich zur Stadt entwickelt. Heute leben ca. 50.000 Einwohner dort.<\/p>\n\n\n\n<p>Auf dem Marktplatz von Goslar wird t\u00e4glich um 12:00 das Steigerlied gespielt und dazu fahren Figuren aus dem Rathausdach heraus. Das ist wirklich sehr sch\u00f6n anzusehen. <\/p>\n\n\n\n<p>Spielpl\u00e4tze gibt es auch sehr sch\u00f6ne in Goslar. Wir haben einige besucht und hatten eine tolle Zeit in Goslar.<\/p>\n\n\n\n<div id=\"wp-block-themeisle-blocks-slider-c5f640fb\" class=\"wp-block-themeisle-blocks-slider glide\" data-per-view=\"1\" data-gap=\"0\" data-peek=\"0\" data-autoplay=\"true\" data-height=\"400px\" data-hide-arrows=\"false\"><div class=\"glide__track\" data-glide-el=\"track\"><div class=\"glide__slides\"><div class=\"wp-block-themeisle-blocks-slider-item-wrapper glide__slide\" tabindex=\"0\"><figure><img decoding=\"async\" class=\"wp-block-themeisle-blocks-slider-item\" src=\"https:\/\/familie-weitgereist.de\/wp-content\/uploads\/2021\/09\/IMG_8233-scaled.jpg\" alt=\"\" title=\"\" data-id=\"6172\"\/><\/figure><\/div><div class=\"wp-block-themeisle-blocks-slider-item-wrapper glide__slide\" tabindex=\"0\"><figure><img decoding=\"async\" class=\"wp-block-themeisle-blocks-slider-item\" src=\"https:\/\/familie-weitgereist.de\/wp-content\/uploads\/2021\/09\/IMG_8274-scaled.jpg\" alt=\"\" title=\"\" data-id=\"6174\"\/><\/figure><\/div><\/div><div class=\"glide__bullets\" data-glide-el=\"controls[nav]\"><button class=\"glide__bullet\" data-glide-dir=\"=0\"><\/button><button class=\"glide__bullet\" data-glide-dir=\"=1\"><\/button><\/div><\/div><\/div>\n\n\n\n<p>In der N\u00e4he von Goslar befindet sich der kleine Ort Hahnenklee. Da wir viel lieber Zeit in der Natur verbringen als in St\u00e4dten, sind wir weiter nach Hahnenklee gefahren. Nicht nur, dass der Ort einen tollen Namen hat, die Gegend ist auch einfach traumhaft. Es gibt viele sch\u00f6ne Wanderungen um Hahnenklee herum. Wir liefen den Liebesbankweg und auch hier gibt es wieder Wanderstempel zu ergattern. <\/p>\n\n\n\n<figure class=\"wp-block-image size-large\"><img loading=\"lazy\" decoding=\"async\" width=\"1024\" height=\"683\" src=\"https:\/\/familie-weitgereist.de\/wp-content\/uploads\/2021\/09\/IMG_8322-1024x683.jpg\" alt=\"\" class=\"wp-image-6173\" srcset=\"https:\/\/familie-weitgereist.de\/wp-content\/uploads\/2021\/09\/IMG_8322-1024x683.jpg 1024w, https:\/\/familie-weitgereist.de\/wp-content\/uploads\/2021\/09\/IMG_8322-300x200.jpg 300w, https:\/\/familie-weitgereist.de\/wp-content\/uploads\/2021\/09\/IMG_8322-768x512.jpg 768w, https:\/\/familie-weitgereist.de\/wp-content\/uploads\/2021\/09\/IMG_8322-1536x1024.jpg 1536w, https:\/\/familie-weitgereist.de\/wp-content\/uploads\/2021\/09\/IMG_8322-2048x1365.jpg 2048w, https:\/\/familie-weitgereist.de\/wp-content\/uploads\/2021\/09\/IMG_8322-1200x800.jpg 1200w, https:\/\/familie-weitgereist.de\/wp-content\/uploads\/2021\/09\/IMG_8322-1980x1320.jpg 1980w, https:\/\/familie-weitgereist.de\/wp-content\/uploads\/2021\/09\/IMG_8322-150x100.jpg 150w\" sizes=\"auto, (max-width: 1024px) 100vw, 1024px\" \/><\/figure>\n\n\n\n<p>Nach einer gewissen Zeit verlie\u00dfen wir den Liebesbankweg und sind auf den Bocksberg gewandert. Mit einer H\u00f6he von 727m bietet sich einem ein herrlicher Ausblick auf den Ort und das Harzer Gebirge. <\/p>\n\n\n\n<figure class=\"wp-block-image size-large\"><img loading=\"lazy\" decoding=\"async\" width=\"1024\" height=\"683\" src=\"https:\/\/familie-weitgereist.de\/wp-content\/uploads\/2021\/09\/IMG_8317-1024x683.jpg\" alt=\"\" class=\"wp-image-6176\" srcset=\"https:\/\/familie-weitgereist.de\/wp-content\/uploads\/2021\/09\/IMG_8317-1024x683.jpg 1024w, https:\/\/familie-weitgereist.de\/wp-content\/uploads\/2021\/09\/IMG_8317-300x200.jpg 300w, https:\/\/familie-weitgereist.de\/wp-content\/uploads\/2021\/09\/IMG_8317-768x512.jpg 768w, https:\/\/familie-weitgereist.de\/wp-content\/uploads\/2021\/09\/IMG_8317-1536x1024.jpg 1536w, https:\/\/familie-weitgereist.de\/wp-content\/uploads\/2021\/09\/IMG_8317-2048x1365.jpg 2048w, https:\/\/familie-weitgereist.de\/wp-content\/uploads\/2021\/09\/IMG_8317-1200x800.jpg 1200w, https:\/\/familie-weitgereist.de\/wp-content\/uploads\/2021\/09\/IMG_8317-1980x1320.jpg 1980w, https:\/\/familie-weitgereist.de\/wp-content\/uploads\/2021\/09\/IMG_8317-150x100.jpg 150w\" sizes=\"auto, (max-width: 1024px) 100vw, 1024px\" \/><\/figure>\n\n\n\n<p>Der Bocksberg bietet viele tolle Aktivit\u00e4ten f\u00fcr Kinder. Es gibt verschiedene Spielpl\u00e4tze f\u00fcr Kinder, einen gro\u00dfen Rutschenturm, eine Sommerrodelbahn, einen Lift und eine Downhill Strecke. <\/p>\n\n\n\n<div id=\"wp-block-themeisle-blocks-slider-9973d38a\" class=\"wp-block-themeisle-blocks-slider glide\" data-per-view=\"1\" data-gap=\"0\" data-peek=\"0\" data-autoplay=\"true\" data-height=\"400px\" data-hide-arrows=\"false\"><div class=\"glide__track\" data-glide-el=\"track\"><div class=\"glide__slides\"><div class=\"wp-block-themeisle-blocks-slider-item-wrapper glide__slide\" tabindex=\"0\"><figure><img decoding=\"async\" class=\"wp-block-themeisle-blocks-slider-item\" src=\"https:\/\/familie-weitgereist.de\/wp-content\/uploads\/2021\/09\/IMG_8352-scaled.jpg\" alt=\"\" title=\"\" data-id=\"6177\"\/><\/figure><\/div><div class=\"wp-block-themeisle-blocks-slider-item-wrapper glide__slide\" tabindex=\"0\"><figure><img decoding=\"async\" class=\"wp-block-themeisle-blocks-slider-item\" src=\"https:\/\/familie-weitgereist.de\/wp-content\/uploads\/2021\/09\/IMG_8354-scaled.jpg\" alt=\"\" title=\"\" data-id=\"6180\"\/><\/figure><\/div><div class=\"wp-block-themeisle-blocks-slider-item-wrapper glide__slide\" tabindex=\"0\"><figure><img decoding=\"async\" class=\"wp-block-themeisle-blocks-slider-item\" src=\"https:\/\/familie-weitgereist.de\/wp-content\/uploads\/2021\/09\/IMG_8309-scaled.jpg\" alt=\"\" title=\"\" data-id=\"6182\"\/><\/figure><\/div><div class=\"wp-block-themeisle-blocks-slider-item-wrapper glide__slide\" tabindex=\"0\"><figure><img decoding=\"async\" class=\"wp-block-themeisle-blocks-slider-item\" src=\"https:\/\/familie-weitgereist.de\/wp-content\/uploads\/2021\/09\/IMG_8323-scaled.jpg\" alt=\"\" title=\"\" data-id=\"6185\"\/><\/figure><\/div><\/div><div class=\"glide__bullets\" data-glide-el=\"controls[nav]\"><button class=\"glide__bullet\" data-glide-dir=\"=0\"><\/button><button class=\"glide__bullet\" data-glide-dir=\"=1\"><\/button><button class=\"glide__bullet\" data-glide-dir=\"=2\"><\/button><button class=\"glide__bullet\" data-glide-dir=\"=3\"><\/button><\/div><\/div><\/div>\n\n\n\n<p>Am Abend liefen wir noch durch Hahnenklee und entdeckten den Kranicher Teich. In diesem kleinen Stadtpark gibt es ebenso wieder einen gro\u00dfen Spielplatz. Hahnenklee ist sehr touristisch gepr\u00e4gt. Es gibt viele Hotels und Restaurants. <\/p>\n\n\n\n<p>Ein Highlight von Hahnenklee ist die Stabkirche. Die einzige Kirche in Deutschland, die komplett aus Holz gebaut ist. Sie wurde 1909 nach norwegischem Vorbild errichtet.<\/p>\n\n\n\n<h2 class=\"wp-block-heading\" id=\"ahrendsbergerklippe\">Wanderung zur Ahrendsbergerklippe<\/h2>\n\n\n\n<p>Unweit von Goslar befindet sich die Ahrendsbergerklippe. Unterhalb der Erhebung stehen kostenlose Parkpl\u00e4tze zur Verf\u00fcgung. Wir begannen unsere Wanderung auf gem\u00fctlichen Waldwegen. Diese wurden jedoch sehr schnell ziemlich steil und schmal. Unser Ziel war der Aussichtspunkt Hallesche H\u00fctte. Auch hier konnten wir wieder einen Stempel erhalten. <\/p>\n\n\n\n<figure class=\"wp-block-image size-large\"><img loading=\"lazy\" decoding=\"async\" width=\"1024\" height=\"683\" src=\"https:\/\/familie-weitgereist.de\/wp-content\/uploads\/2021\/09\/IMG_8402-1024x683.jpg\" alt=\"\" class=\"wp-image-6183\" srcset=\"https:\/\/familie-weitgereist.de\/wp-content\/uploads\/2021\/09\/IMG_8402-1024x683.jpg 1024w, https:\/\/familie-weitgereist.de\/wp-content\/uploads\/2021\/09\/IMG_8402-300x200.jpg 300w, https:\/\/familie-weitgereist.de\/wp-content\/uploads\/2021\/09\/IMG_8402-768x512.jpg 768w, https:\/\/familie-weitgereist.de\/wp-content\/uploads\/2021\/09\/IMG_8402-1536x1024.jpg 1536w, https:\/\/familie-weitgereist.de\/wp-content\/uploads\/2021\/09\/IMG_8402-2048x1365.jpg 2048w, https:\/\/familie-weitgereist.de\/wp-content\/uploads\/2021\/09\/IMG_8402-1200x800.jpg 1200w, https:\/\/familie-weitgereist.de\/wp-content\/uploads\/2021\/09\/IMG_8402-1980x1320.jpg 1980w, https:\/\/familie-weitgereist.de\/wp-content\/uploads\/2021\/09\/IMG_8402-150x100.jpg 150w\" sizes=\"auto, (max-width: 1024px) 100vw, 1024px\" \/><\/figure>\n\n\n\n<p>Der schmale Wanderweg f\u00fchrte in kleinen Serpentinen den Waldgang hinauf und war ziemlich dicht bewachsen. Wir konnten viele Himbeeren und Blaubeeren genie\u00dfen und vers\u00fc\u00dften uns den Aufstieg. Den Abstieg begingen wir hingegen auf einem breiten Forstweg.<\/p>\n\n\n\n<div id=\"wp-block-themeisle-blocks-slider-a38dcf0e\" class=\"wp-block-themeisle-blocks-slider glide\" data-per-view=\"1\" data-gap=\"0\" data-peek=\"0\" data-autoplay=\"true\" data-height=\"415px\" data-hide-arrows=\"false\"><div class=\"glide__track\" data-glide-el=\"track\"><div class=\"glide__slides\"><div class=\"wp-block-themeisle-blocks-slider-item-wrapper glide__slide\" tabindex=\"0\"><figure><img decoding=\"async\" class=\"wp-block-themeisle-blocks-slider-item\" src=\"https:\/\/familie-weitgereist.de\/wp-content\/uploads\/2021\/09\/IMG_8371-scaled.jpg\" alt=\"\" title=\"\" data-id=\"6187\"\/><\/figure><\/div><div class=\"wp-block-themeisle-blocks-slider-item-wrapper glide__slide\" tabindex=\"0\"><figure><img decoding=\"async\" class=\"wp-block-themeisle-blocks-slider-item\" src=\"https:\/\/familie-weitgereist.de\/wp-content\/uploads\/2021\/09\/IMG_8377-scaled.jpg\" alt=\"\" title=\"\" data-id=\"6191\"\/><\/figure><\/div><div class=\"wp-block-themeisle-blocks-slider-item-wrapper glide__slide\" tabindex=\"0\"><figure><img decoding=\"async\" class=\"wp-block-themeisle-blocks-slider-item\" src=\"https:\/\/familie-weitgereist.de\/wp-content\/uploads\/2021\/09\/IMG_8395-1-scaled.jpg\" alt=\"\" title=\"\" data-id=\"6193\"\/><\/figure><\/div><\/div><div class=\"glide__bullets\" data-glide-el=\"controls[nav]\"><button class=\"glide__bullet\" data-glide-dir=\"=0\"><\/button><button class=\"glide__bullet\" data-glide-dir=\"=1\"><\/button><button class=\"glide__bullet\" data-glide-dir=\"=2\"><\/button><\/div><\/div><\/div>\n\n\n\n<p>Der Ausblick ist wirklich wundersch\u00f6n gewesen. Wir blickten auf die Okertalsperre  und die uns zu Fu\u00dfe liegenden Berge. <\/p>\n\n\n\n<div id=\"wp-block-themeisle-blocks-slider-85605dc1\" class=\"wp-block-themeisle-blocks-slider glide\" data-per-view=\"1\" data-gap=\"0\" data-peek=\"0\" data-autoplay=\"true\" data-height=\"322px\" data-hide-arrows=\"false\"><div class=\"glide__track\" data-glide-el=\"track\"><div class=\"glide__slides\"><div class=\"wp-block-themeisle-blocks-slider-item-wrapper glide__slide\" tabindex=\"0\"><figure><img decoding=\"async\" class=\"wp-block-themeisle-blocks-slider-item\" src=\"https:\/\/familie-weitgereist.de\/wp-content\/uploads\/2021\/09\/IMG_8399-scaled.jpg\" alt=\"\" title=\"\" data-id=\"6184\"\/><\/figure><\/div><div class=\"wp-block-themeisle-blocks-slider-item-wrapper glide__slide\" tabindex=\"0\"><figure><img decoding=\"async\" class=\"wp-block-themeisle-blocks-slider-item\" src=\"https:\/\/familie-weitgereist.de\/wp-content\/uploads\/2021\/09\/IMG_8387-scaled.jpg\" alt=\"\" title=\"\" data-id=\"6190\"\/><\/figure><\/div><\/div><div class=\"glide__bullets\" data-glide-el=\"controls[nav]\"><button class=\"glide__bullet\" data-glide-dir=\"=0\"><\/button><button class=\"glide__bullet\" data-glide-dir=\"=1\"><\/button><\/div><\/div><\/div>\n\n\n\n<h2 class=\"wp-block-heading\" id=\"ilsestein\">Wanderung Ilsestein<\/h2>\n\n\n\n<p>Ilsenburg im Harz ist wirklich ein Familienparadies. Uns reizte die Wanderung zum Ilsestein und wir landeten eher zuf\u00e4llig in Ilsenburg. Der Harz wurde hier in West- und Ostdeutschland getrennt. Dies machen die Wanderungen noch einmal ganz speziell und wir freuen uns sehr, dass die innerdeutschen Grenzen nicht mehr existieren und ebenso der Brocken nicht mehr unerreichbar in der Ferne zu beobachten ist. <\/p>\n\n\n\n<figure class=\"wp-block-image size-large\"><img loading=\"lazy\" decoding=\"async\" width=\"1024\" height=\"683\" src=\"https:\/\/familie-weitgereist.de\/wp-content\/uploads\/2021\/09\/IMG_8467-1024x683.jpg\" alt=\"\" class=\"wp-image-6195\" srcset=\"https:\/\/familie-weitgereist.de\/wp-content\/uploads\/2021\/09\/IMG_8467-1024x683.jpg 1024w, https:\/\/familie-weitgereist.de\/wp-content\/uploads\/2021\/09\/IMG_8467-300x200.jpg 300w, https:\/\/familie-weitgereist.de\/wp-content\/uploads\/2021\/09\/IMG_8467-768x512.jpg 768w, https:\/\/familie-weitgereist.de\/wp-content\/uploads\/2021\/09\/IMG_8467-1536x1024.jpg 1536w, https:\/\/familie-weitgereist.de\/wp-content\/uploads\/2021\/09\/IMG_8467-2048x1365.jpg 2048w, https:\/\/familie-weitgereist.de\/wp-content\/uploads\/2021\/09\/IMG_8467-1200x800.jpg 1200w, https:\/\/familie-weitgereist.de\/wp-content\/uploads\/2021\/09\/IMG_8467-1980x1320.jpg 1980w, https:\/\/familie-weitgereist.de\/wp-content\/uploads\/2021\/09\/IMG_8467-150x100.jpg 150w\" sizes=\"auto, (max-width: 1024px) 100vw, 1024px\" \/><\/figure>\n\n\n\n<p>In Ilsenburg gibt es mehrere wunderbare Spielpl\u00e4tze, direkt im Wald gelegen. Wir entspannten beim Rauschen der Ilse und tobten uns auf dem Spielplatz sch\u00f6n aus. Zudem gab es noch einen Wasserspielplatz und ein Kneippbecken.<\/p>\n\n\n\n<figure class=\"wp-block-image size-large\"><img loading=\"lazy\" decoding=\"async\" width=\"1024\" height=\"683\" src=\"https:\/\/familie-weitgereist.de\/wp-content\/uploads\/2021\/09\/IMG_8515-1024x683.jpg\" alt=\"\" class=\"wp-image-6198\" srcset=\"https:\/\/familie-weitgereist.de\/wp-content\/uploads\/2021\/09\/IMG_8515-1024x683.jpg 1024w, https:\/\/familie-weitgereist.de\/wp-content\/uploads\/2021\/09\/IMG_8515-300x200.jpg 300w, https:\/\/familie-weitgereist.de\/wp-content\/uploads\/2021\/09\/IMG_8515-768x512.jpg 768w, https:\/\/familie-weitgereist.de\/wp-content\/uploads\/2021\/09\/IMG_8515-1536x1024.jpg 1536w, https:\/\/familie-weitgereist.de\/wp-content\/uploads\/2021\/09\/IMG_8515-2048x1365.jpg 2048w, https:\/\/familie-weitgereist.de\/wp-content\/uploads\/2021\/09\/IMG_8515-1200x800.jpg 1200w, https:\/\/familie-weitgereist.de\/wp-content\/uploads\/2021\/09\/IMG_8515-1980x1320.jpg 1980w, https:\/\/familie-weitgereist.de\/wp-content\/uploads\/2021\/09\/IMG_8515-150x100.jpg 150w\" sizes=\"auto, (max-width: 1024px) 100vw, 1024px\" \/><\/figure>\n\n\n\n<p>Unsere Wanderung zum Ilsestein war wirklich sehr sch\u00f6n. Entlang der Ilse im Ilsetal ging es langsam bergauf. Die Wege waren breit und wir liefen stetig bergauf. Beim Ilsestein gibt es ein Gipfelkreuz, viele B\u00e4nke zum Rasten und der tolle Ausblick auf den Brocken. Zudem bietet am Wochenende ein kleiner Wagen Snacks und Getr\u00e4nke an. Vom Ilsestein liefen wir noch weiter zur Paternoster Klippe. Dies sind gro\u00dfe Felsformationen, von denen man einen sch\u00f6nen Ausblick auf den Ilsestein hat.<\/p>\n\n\n\n<div id=\"wp-block-themeisle-blocks-slider-56c220b0\" class=\"wp-block-themeisle-blocks-slider glide\" data-per-view=\"1\" data-gap=\"0\" data-peek=\"0\" data-autoplay=\"true\" data-height=\"400px\" data-hide-arrows=\"false\"><div class=\"glide__track\" data-glide-el=\"track\"><div class=\"glide__slides\"><div class=\"wp-block-themeisle-blocks-slider-item-wrapper glide__slide\" tabindex=\"0\"><figure><img decoding=\"async\" class=\"wp-block-themeisle-blocks-slider-item\" src=\"https:\/\/familie-weitgereist.de\/wp-content\/uploads\/2021\/09\/IMG_8470-scaled.jpg\" alt=\"\" title=\"\" data-id=\"6199\"\/><\/figure><\/div><div class=\"wp-block-themeisle-blocks-slider-item-wrapper glide__slide\" tabindex=\"0\"><figure><img decoding=\"async\" class=\"wp-block-themeisle-blocks-slider-item\" src=\"https:\/\/familie-weitgereist.de\/wp-content\/uploads\/2021\/09\/IMG_8492-scaled.jpg\" alt=\"\" title=\"\" data-id=\"6201\"\/><\/figure><\/div><div class=\"wp-block-themeisle-blocks-slider-item-wrapper glide__slide\" tabindex=\"0\"><figure><img decoding=\"async\" class=\"wp-block-themeisle-blocks-slider-item\" src=\"https:\/\/familie-weitgereist.de\/wp-content\/uploads\/2021\/09\/IMG_8503-scaled.jpg\" alt=\"\" title=\"\" data-id=\"6203\"\/><\/figure><\/div><div class=\"wp-block-themeisle-blocks-slider-item-wrapper glide__slide\" tabindex=\"0\"><figure><img decoding=\"async\" class=\"wp-block-themeisle-blocks-slider-item\" src=\"https:\/\/familie-weitgereist.de\/wp-content\/uploads\/2021\/09\/IMG_8509-scaled.jpg\" alt=\"\" title=\"\" data-id=\"6208\"\/><\/figure><\/div><\/div><div class=\"glide__bullets\" data-glide-el=\"controls[nav]\"><button class=\"glide__bullet\" data-glide-dir=\"=0\"><\/button><button class=\"glide__bullet\" data-glide-dir=\"=1\"><\/button><button class=\"glide__bullet\" data-glide-dir=\"=2\"><\/button><button class=\"glide__bullet\" data-glide-dir=\"=3\"><\/button><\/div><\/div><\/div>\n\n\n\n<h2 class=\"wp-block-heading\" id=\"wernigerode\">Wernigerode und der Blaue See<\/h2>\n\n\n\n<p>Wernigerode wird auch als &#8222;Die bunte Stadt am Harz&#8220; bezeichnet und hat ca. 32.000 Einwohner. Wernigerode hat wundersch\u00f6ne Fachwerkh\u00e4user und die Altstadt ist sehr sch\u00f6n anzusehen. <\/p>\n\n\n\n<p>Das Rathaus der Stadt wurde schon 1277 das erste Mal erw\u00e4hnt. Als wir dort waren fand gerade eine Hochzeit statt und es war Markttag. Somit tummelten sich sehr viele auf dem Marktplatz. <\/p>\n\n\n\n<figure class=\"wp-block-image size-large\"><img loading=\"lazy\" decoding=\"async\" width=\"683\" height=\"1024\" src=\"https:\/\/familie-weitgereist.de\/wp-content\/uploads\/2021\/09\/IMG_8563-2-683x1024.jpg\" alt=\"\" class=\"wp-image-6206\" srcset=\"https:\/\/familie-weitgereist.de\/wp-content\/uploads\/2021\/09\/IMG_8563-2-683x1024.jpg 683w, https:\/\/familie-weitgereist.de\/wp-content\/uploads\/2021\/09\/IMG_8563-2-200x300.jpg 200w, https:\/\/familie-weitgereist.de\/wp-content\/uploads\/2021\/09\/IMG_8563-2-768x1152.jpg 768w, https:\/\/familie-weitgereist.de\/wp-content\/uploads\/2021\/09\/IMG_8563-2-1024x1536.jpg 1024w, https:\/\/familie-weitgereist.de\/wp-content\/uploads\/2021\/09\/IMG_8563-2-1365x2048.jpg 1365w, https:\/\/familie-weitgereist.de\/wp-content\/uploads\/2021\/09\/IMG_8563-2-1200x1800.jpg 1200w, https:\/\/familie-weitgereist.de\/wp-content\/uploads\/2021\/09\/IMG_8563-2-1980x2970.jpg 1980w, https:\/\/familie-weitgereist.de\/wp-content\/uploads\/2021\/09\/IMG_8563-2-150x225.jpg 150w, https:\/\/familie-weitgereist.de\/wp-content\/uploads\/2021\/09\/IMG_8563-2-scaled.jpg 1707w\" sizes=\"auto, (max-width: 683px) 100vw, 683px\" \/><\/figure>\n\n\n\n<p>Eine kleine Sehensw\u00fcrdigkeit ist auch das kleinste Haus von Wernigerode. Mit gerade einmal einer Breite von 2,90 wirkt es wie der perfekte Platz zwischen den beiden umgebenden Fachwerkh\u00e4usern. 1792 wurde es erbaut.<\/p>\n\n\n\n<p>Ein Highlight von Wernigerode ist das Schloss oberhalb der Stadt. Ungef\u00e4hr 100m \u00fcber der Stadt thront das Schloss. Von der Schlossterrasse hatten wir einen grandiosen Ausblick auf Wernigerode, den Brocken und die W\u00e4lder im Harz. <\/p>\n\n\n\n<div id=\"wp-block-themeisle-blocks-slider-4e8a937b\" class=\"wp-block-themeisle-blocks-slider glide\" data-per-view=\"1\" data-gap=\"0\" data-peek=\"0\" data-autoplay=\"true\" data-height=\"409px\" data-hide-arrows=\"false\"><div class=\"glide__track\" data-glide-el=\"track\"><div class=\"glide__slides\"><div class=\"wp-block-themeisle-blocks-slider-item-wrapper glide__slide\" tabindex=\"0\"><figure><img decoding=\"async\" class=\"wp-block-themeisle-blocks-slider-item\" src=\"https:\/\/familie-weitgereist.de\/wp-content\/uploads\/2021\/09\/IMG_8613-scaled.jpg\" alt=\"\" title=\"\" data-id=\"6209\"\/><\/figure><\/div><div class=\"wp-block-themeisle-blocks-slider-item-wrapper glide__slide\" tabindex=\"0\"><figure><img decoding=\"async\" class=\"wp-block-themeisle-blocks-slider-item\" src=\"https:\/\/familie-weitgereist.de\/wp-content\/uploads\/2021\/09\/IMG_8646-scaled.jpg\" alt=\"\" title=\"\" data-id=\"6214\"\/><\/figure><\/div><div class=\"wp-block-themeisle-blocks-slider-item-wrapper glide__slide\" tabindex=\"0\"><figure><img decoding=\"async\" class=\"wp-block-themeisle-blocks-slider-item\" src=\"https:\/\/familie-weitgereist.de\/wp-content\/uploads\/2021\/09\/IMG_8591-scaled.jpg\" alt=\"\" title=\"\" data-id=\"6216\"\/><\/figure><\/div><\/div><div class=\"glide__bullets\" data-glide-el=\"controls[nav]\"><button class=\"glide__bullet\" data-glide-dir=\"=0\"><\/button><button class=\"glide__bullet\" data-glide-dir=\"=1\"><\/button><button class=\"glide__bullet\" data-glide-dir=\"=2\"><\/button><\/div><\/div><\/div>\n\n\n\n<p>Unser R\u00fcckweg zu unserem Camper f\u00fchrte uns vorbei an den Skischanzen im wunderbaren Stadtwald von Wernigerode. <\/p>\n\n\n\n<figure class=\"wp-block-image size-large\"><img loading=\"lazy\" decoding=\"async\" width=\"1024\" height=\"683\" src=\"https:\/\/familie-weitgereist.de\/wp-content\/uploads\/2021\/09\/IMG_8639-1024x683.jpg\" alt=\"\" class=\"wp-image-6210\" srcset=\"https:\/\/familie-weitgereist.de\/wp-content\/uploads\/2021\/09\/IMG_8639-1024x683.jpg 1024w, https:\/\/familie-weitgereist.de\/wp-content\/uploads\/2021\/09\/IMG_8639-300x200.jpg 300w, https:\/\/familie-weitgereist.de\/wp-content\/uploads\/2021\/09\/IMG_8639-768x512.jpg 768w, https:\/\/familie-weitgereist.de\/wp-content\/uploads\/2021\/09\/IMG_8639-1536x1024.jpg 1536w, https:\/\/familie-weitgereist.de\/wp-content\/uploads\/2021\/09\/IMG_8639-2048x1365.jpg 2048w, https:\/\/familie-weitgereist.de\/wp-content\/uploads\/2021\/09\/IMG_8639-1200x800.jpg 1200w, https:\/\/familie-weitgereist.de\/wp-content\/uploads\/2021\/09\/IMG_8639-1980x1320.jpg 1980w, https:\/\/familie-weitgereist.de\/wp-content\/uploads\/2021\/09\/IMG_8639-150x100.jpg 150w\" sizes=\"auto, (max-width: 1024px) 100vw, 1024px\" \/><\/figure>\n\n\n\n<p>Wernigerode ist eine kleine \u00fcberschaubare Stadt mit einem wunderbaren Flair.<\/p>\n\n\n\n<p>Zwanzig Autominuten von Wernigerode entfernt befindet sich der Blaue See. Wir haben unseren Camper geparkt und liefen die restlichen Meter durch einen Wald zum See. Bei uns war der See weniger blau, als gr\u00fcn. Dies liegt scheinbar an den Menschen, die im See eine Abk\u00fchlung suchen und sich der N\u00e4hrwert \u00e4ndert. Auf einem Wanderweg kann man oberhalb des Sees herum laufen. <\/p>\n\n\n\n<div id=\"wp-block-themeisle-blocks-slider-889fe151\" class=\"wp-block-themeisle-blocks-slider glide\" data-per-view=\"1\" data-gap=\"0\" data-peek=\"0\" data-autoplay=\"true\" data-height=\"400px\" data-hide-arrows=\"false\"><div class=\"glide__track\" data-glide-el=\"track\"><div class=\"glide__slides\"><div class=\"wp-block-themeisle-blocks-slider-item-wrapper glide__slide\" tabindex=\"0\"><figure><img decoding=\"async\" class=\"wp-block-themeisle-blocks-slider-item\" src=\"https:\/\/familie-weitgereist.de\/wp-content\/uploads\/2021\/09\/IMG_8658-scaled.jpg\" alt=\"\" title=\"\" data-id=\"6220\"\/><\/figure><\/div><div class=\"wp-block-themeisle-blocks-slider-item-wrapper glide__slide\" tabindex=\"0\"><figure><img decoding=\"async\" class=\"wp-block-themeisle-blocks-slider-item\" src=\"https:\/\/familie-weitgereist.de\/wp-content\/uploads\/2021\/09\/IMG_8669-scaled.jpg\" alt=\"\" title=\"\" data-id=\"6223\"\/><\/figure><\/div><div class=\"wp-block-themeisle-blocks-slider-item-wrapper glide__slide\" tabindex=\"0\"><figure><img decoding=\"async\" class=\"wp-block-themeisle-blocks-slider-item\" src=\"https:\/\/familie-weitgereist.de\/wp-content\/uploads\/2021\/09\/IMG_8671-scaled.jpg\" alt=\"\" title=\"\" data-id=\"6224\"\/><\/figure><\/div><\/div><div class=\"glide__bullets\" data-glide-el=\"controls[nav]\"><button class=\"glide__bullet\" data-glide-dir=\"=0\"><\/button><button class=\"glide__bullet\" data-glide-dir=\"=1\"><\/button><button class=\"glide__bullet\" data-glide-dir=\"=2\"><\/button><\/div><\/div><\/div>\n\n\n\n<p>Der Blaue See ist aus einem stillgelegten Steinbruch nach dem 2. Weltkrieg entstanden. Er ist sehr kalkhaltig und wirkt deshalb blau. Wir genossen die Idylle und den kleinen Wanderweg um den Blauen See herum.<\/p>\n","protected":false},"excerpt":{"rendered":"<p>In diesem Beitrag k\u00f6nnt ihr folgende Informationen von uns lesen: Halberstadt Klusfelsen H\u00f6hlenwohnungen Langenstein Oderteich Brocken Teufelsmauer Thale Goslar, Bocksberg Ahrendsbergerklippe Ilsestein Wernigerode, Blauer See Unser Ausflug nach Halberstadt Kurz vor Ostern haben wir zwei tolle Tagesausfl\u00fcge nach Sachsen-Anhalt unternommen. Wir waren mit unserem Camper unterwegs und haben zwei N\u00e4chte beim Halberst\u00e4dter See geparkt. Der [&hellip;]<\/p>\n","protected":false},"author":3,"featured_media":6120,"comment_status":"open","ping_status":"open","sticky":false,"template":"","format":"standard","meta":{"_themeisle_gutenberg_block_has_review":false,"footnotes":""},"categories":[242,331,1758,1763,377],"tags":[1696,1697,1694,469,325,1693,463,139,468,1695,466,465,467,470,444,1692,144,180],"class_list":["post-3970","post","type-post","status-publish","format-standard","has-post-thumbnail","hentry","category-deutschland","category-miniabenteuer","category-niedersachsen","category-sachsen-anhalt","category-spielplaetze","tag-ahrendsbergerklippe","tag-blauer-see","tag-bocksberg","tag-brocken","tag-deutschland","tag-goslar","tag-halberstadt","tag-harz","tag-hoehlenwohnungen","tag-ilsestein","tag-klusberge","tag-klusfelsen","tag-langenstein","tag-oderteich","tag-sachsen-anhalt","tag-teufelsmauer","tag-thale","tag-wernigerode"],"_links":{"self":[{"href":"https:\/\/familie-weitgereist.de\/index.php?rest_route=\/wp\/v2\/posts\/3970","targetHints":{"allow":["GET"]}}],"collection":[{"href":"https:\/\/familie-weitgereist.de\/index.php?rest_route=\/wp\/v2\/posts"}],"about":[{"href":"https:\/\/familie-weitgereist.de\/index.php?rest_route=\/wp\/v2\/types\/post"}],"author":[{"embeddable":true,"href":"https:\/\/familie-weitgereist.de\/index.php?rest_route=\/wp\/v2\/users\/3"}],"replies":[{"embeddable":true,"href":"https:\/\/familie-weitgereist.de\/index.php?rest_route=%2Fwp%2Fv2%2Fcomments&post=3970"}],"version-history":[{"count":144,"href":"https:\/\/familie-weitgereist.de\/index.php?rest_route=\/wp\/v2\/posts\/3970\/revisions"}],"predecessor-version":[{"id":23574,"href":"https:\/\/familie-weitgereist.de\/index.php?rest_route=\/wp\/v2\/posts\/3970\/revisions\/23574"}],"wp:featuredmedia":[{"embeddable":true,"href":"https:\/\/familie-weitgereist.de\/index.php?rest_route=\/wp\/v2\/media\/6120"}],"wp:attachment":[{"href":"https:\/\/familie-weitgereist.de\/index.php?rest_route=%2Fwp%2Fv2%2Fmedia&parent=3970"}],"wp:term":[{"taxonomy":"category","embeddable":true,"href":"https:\/\/familie-weitgereist.de\/index.php?rest_route=%2Fwp%2Fv2%2Fcategories&post=3970"},{"taxonomy":"post_tag","embeddable":true,"href":"https:\/\/familie-weitgereist.de\/index.php?rest_route=%2Fwp%2Fv2%2Ftags&post=3970"}],"curies":[{"name":"wp","href":"https:\/\/api.w.org\/{rel}","templated":true}]}}