{"id":24297,"date":"2026-01-06T14:00:19","date_gmt":"2026-01-06T13:00:19","guid":{"rendered":"https:\/\/familie-weitgereist.de\/?p=24297"},"modified":"2026-01-06T14:04:05","modified_gmt":"2026-01-06T13:04:05","slug":"amalfikueste-mit-kleinen-kindern-und-baby","status":"publish","type":"post","link":"https:\/\/familie-weitgereist.de\/?p=24297","title":{"rendered":"Amalfik\u00fcste mit kleinen Kindern und Baby"},"content":{"rendered":"\n<p>In den Weihnachtsferien 2025 haben wir einen sehr g\u00fcnstigen Flug von M\u00e1laga nach Rom gebucht. Nachdem wir ein paar Tage in <strong><a href=\"https:\/\/familie-weitgereist.de\/?p=24262\" data-type=\"link\" data-id=\"https:\/\/familie-weitgereist.de\/?p=24262\">Rom und Vatikanstadt<\/a><\/strong> verbracht haben, sind wir mit dem Zug an die Amalfik\u00fcste gereist. Daf\u00fcr nahmen wir den Zug von Rom nach Napoli und sind von dort weiter in Richtung Sorrento gefahren.<\/p>\n\n\n\n<h2 class=\"wp-block-heading\">Unsere Unterkunft<\/h2>\n\n\n\n<p>Wir haben sechs N\u00e4chte in einer Ferienwohnung mit K\u00fcche in dem kleinen Ort <strong>Sant&#8217;Agnello<\/strong> gen\u00e4chtigt und fanden dies als guten Ausgangspunkt um unsere Unternehmungen zu starten.<\/p>\n\n\n\n<figure class=\"wp-block-image size-large\"><img loading=\"lazy\" decoding=\"async\" width=\"768\" height=\"1024\" src=\"https:\/\/familie-weitgereist.de\/wp-content\/uploads\/2026\/01\/1000031428-768x1024.jpg\" alt=\"\" class=\"wp-image-24301\" srcset=\"https:\/\/familie-weitgereist.de\/wp-content\/uploads\/2026\/01\/1000031428-768x1024.jpg 768w, https:\/\/familie-weitgereist.de\/wp-content\/uploads\/2026\/01\/1000031428-225x300.jpg 225w, https:\/\/familie-weitgereist.de\/wp-content\/uploads\/2026\/01\/1000031428-1152x1536.jpg 1152w, https:\/\/familie-weitgereist.de\/wp-content\/uploads\/2026\/01\/1000031428-1536x2048.jpg 1536w, https:\/\/familie-weitgereist.de\/wp-content\/uploads\/2026\/01\/1000031428-1200x1600.jpg 1200w, https:\/\/familie-weitgereist.de\/wp-content\/uploads\/2026\/01\/1000031428-1980x2640.jpg 1980w, https:\/\/familie-weitgereist.de\/wp-content\/uploads\/2026\/01\/1000031428-640x853.jpg 640w, https:\/\/familie-weitgereist.de\/wp-content\/uploads\/2026\/01\/1000031428-150x200.jpg 150w, https:\/\/familie-weitgereist.de\/wp-content\/uploads\/2026\/01\/1000031428-scaled.jpg 1920w\" sizes=\"auto, (max-width: 768px) 100vw, 768px\" \/><figcaption class=\"wp-element-caption\">Ferienwohnung in Sant&#8217;Agnello<\/figcaption><\/figure>\n\n\n\n<h2 class=\"wp-block-heading\">Unsere Ausfl\u00fcge<\/h2>\n\n\n\n<p>Da wir dieses Mal ohne Auto unterwegs waren, haben wir es genossen, dass unsere Ferienwohnung nur 5 Gehminuten vom Bahnhof entfernt war. Wir haben die Amalfik\u00fcste mit Bus und Bahn erkundet.<\/p>\n\n\n\n<h2 class=\"wp-block-heading\">Sorrento<\/h2>\n\n\n\n<p>Sorrento ist eine Hafenstadt in der Bucht von Neapel. Sie liegt hoch auf den Klippen, von wo sich spektakul\u00e4re Ausblicke auf das Meer und die kleine Insel Capri bieten. Vom Hafen in Sorrento legen mehrere F\u00e4hren nach Capri ab.<\/p>\n\n\n\n<figure class=\"wp-block-image size-large\"><img loading=\"lazy\" decoding=\"async\" width=\"768\" height=\"1024\" src=\"https:\/\/familie-weitgereist.de\/wp-content\/uploads\/2026\/01\/1000031468-768x1024.jpg\" alt=\"\" class=\"wp-image-24305\" srcset=\"https:\/\/familie-weitgereist.de\/wp-content\/uploads\/2026\/01\/1000031468-768x1024.jpg 768w, https:\/\/familie-weitgereist.de\/wp-content\/uploads\/2026\/01\/1000031468-225x300.jpg 225w, https:\/\/familie-weitgereist.de\/wp-content\/uploads\/2026\/01\/1000031468-1152x1536.jpg 1152w, https:\/\/familie-weitgereist.de\/wp-content\/uploads\/2026\/01\/1000031468-1536x2048.jpg 1536w, https:\/\/familie-weitgereist.de\/wp-content\/uploads\/2026\/01\/1000031468-1200x1600.jpg 1200w, https:\/\/familie-weitgereist.de\/wp-content\/uploads\/2026\/01\/1000031468-1980x2640.jpg 1980w, https:\/\/familie-weitgereist.de\/wp-content\/uploads\/2026\/01\/1000031468-640x853.jpg 640w, https:\/\/familie-weitgereist.de\/wp-content\/uploads\/2026\/01\/1000031468-150x200.jpg 150w, https:\/\/familie-weitgereist.de\/wp-content\/uploads\/2026\/01\/1000031468-scaled.jpg 1920w\" sizes=\"auto, (max-width: 768px) 100vw, 768px\" \/><\/figure>\n\n\n\n<p>Das historische Zentrum von Sorrento besticht mit seinen engen Gassen und einer Kirche aus dem 14. Jahrhundert, die &#8222;<em>Chiesa de San Francesco<\/em>&#8222;.<\/p>\n\n\n\n<figure class=\"wp-block-image size-large\"><img loading=\"lazy\" decoding=\"async\" width=\"1024\" height=\"768\" src=\"https:\/\/familie-weitgereist.de\/wp-content\/uploads\/2026\/01\/1000031485-1024x768.jpg\" alt=\"\" class=\"wp-image-24304\" srcset=\"https:\/\/familie-weitgereist.de\/wp-content\/uploads\/2026\/01\/1000031485-1024x768.jpg 1024w, https:\/\/familie-weitgereist.de\/wp-content\/uploads\/2026\/01\/1000031485-300x225.jpg 300w, https:\/\/familie-weitgereist.de\/wp-content\/uploads\/2026\/01\/1000031485-768x576.jpg 768w, https:\/\/familie-weitgereist.de\/wp-content\/uploads\/2026\/01\/1000031485-1536x1152.jpg 1536w, https:\/\/familie-weitgereist.de\/wp-content\/uploads\/2026\/01\/1000031485-2048x1536.jpg 2048w, https:\/\/familie-weitgereist.de\/wp-content\/uploads\/2026\/01\/1000031485-1200x900.jpg 1200w, https:\/\/familie-weitgereist.de\/wp-content\/uploads\/2026\/01\/1000031485-1980x1485.jpg 1980w, https:\/\/familie-weitgereist.de\/wp-content\/uploads\/2026\/01\/1000031485-150x113.jpg 150w\" sizes=\"auto, (max-width: 1024px) 100vw, 1024px\" \/><\/figure>\n\n\n\n<h2 class=\"wp-block-heading\">Vulkan Vesuv<\/h2>\n\n\n\n<p>Unser Ausflug zum Vesuv war ein Abenteuer mit kleinen Kindern. Der Vesuv ist ein aktiver Vulkan nur 9 km vor Neapel. Er geh\u00f6rt zu den gef\u00e4hrlichsten Vulkanen weltweit, da er sich so nah an einem Ballungszentrum befindet. 79 nach Christi ist der Vesuv ausgebrochen und zerst\u00f6rte die r\u00f6mischen St\u00e4dte Pompei und Herculaneum. Er ist f\u00fcr seine langen Ruhephasen und starken Eruptionen bekannt. Das letzte Mal brach er 1944 aus. W\u00fcrde er heute ausbrechen, m\u00fcssten ca. 700.000 Menschen evakuiert werden, da sie in der roten Gefahrenzone leben.<\/p>\n\n\n\n<figure class=\"wp-block-image size-large\"><img loading=\"lazy\" decoding=\"async\" width=\"1024\" height=\"768\" src=\"https:\/\/familie-weitgereist.de\/wp-content\/uploads\/2026\/01\/1000031610-1024x768.jpg\" alt=\"\" class=\"wp-image-24319\" srcset=\"https:\/\/familie-weitgereist.de\/wp-content\/uploads\/2026\/01\/1000031610-1024x768.jpg 1024w, https:\/\/familie-weitgereist.de\/wp-content\/uploads\/2026\/01\/1000031610-300x225.jpg 300w, https:\/\/familie-weitgereist.de\/wp-content\/uploads\/2026\/01\/1000031610-768x576.jpg 768w, https:\/\/familie-weitgereist.de\/wp-content\/uploads\/2026\/01\/1000031610-1536x1152.jpg 1536w, https:\/\/familie-weitgereist.de\/wp-content\/uploads\/2026\/01\/1000031610-2048x1536.jpg 2048w, https:\/\/familie-weitgereist.de\/wp-content\/uploads\/2026\/01\/1000031610-1200x900.jpg 1200w, https:\/\/familie-weitgereist.de\/wp-content\/uploads\/2026\/01\/1000031610-1980x1485.jpg 1980w, https:\/\/familie-weitgereist.de\/wp-content\/uploads\/2026\/01\/1000031610-150x113.jpg 150w\" sizes=\"auto, (max-width: 1024px) 100vw, 1024px\" \/><\/figure>\n\n\n\n<p>Wir nahmen von Sant&#8217;Agnello den Zug der Linie Circumvesuviana bis nach Pompei Scavi. Das Ticket kostete 2,80\u20ac ab 7 Jahren. Dort stiegen wir in den Bus 808 bis zum Vesuv. Hier zahlten nur Erwachsene 3,80\u20ac. (<em>Stand Januar 2026<\/em>) <\/p>\n\n\n\n<p>Der Hin- und R\u00fcckweg bel\u00e4uft sich auf eine L\u00e4nge von 3,8 km und ist sehr gut machbar. Die Wege sind breit und gesichert. Aufgrund des Lavagesteins sind die Wege etwas ger\u00f6llig. Kinderwagentauglich sind die Wege nicht. Wir nutzten unsere Babytrage.<\/p>\n\n\n\n<p>Die Eintrittstickets f\u00fcr den Vesuv sind nur online kaufbar. Wir buchten die Tickets einen Tag vor unserer Wanderung und das war im Winter kein Problem. Im Sommer sollte man sich um die Tickets fr\u00fchzeitiger bem\u00fchen. Bei der Reservierung w\u00e4hlt man einen Zeitslot aus. Ein Eintritt in den Nationalpark ist dann nur zur angegeben Zeit m\u00f6glich. Aus Kulanz darf man 40 Minuten fr\u00fcher und bis zu 120 Minuten nach seinem Zeitfenster in den Park. <\/p>\n\n\n\n<p>Erwachsene zahlen 11,68\u20ac, Kinder ab 6 Jahren zahlen 9,55\u20ac. (<em>Stand Januar 2026<\/em>)<\/p>\n\n\n\n<p>Wir starteten unsere Wanderung 11:00 und waren 13:00 zur\u00fcck am Bus.<\/p>\n\n\n\n<figure class=\"wp-block-image size-large\"><img loading=\"lazy\" decoding=\"async\" width=\"1024\" height=\"768\" src=\"https:\/\/familie-weitgereist.de\/wp-content\/uploads\/2026\/01\/1000031651-1024x768.jpg\" alt=\"\" class=\"wp-image-24318\" srcset=\"https:\/\/familie-weitgereist.de\/wp-content\/uploads\/2026\/01\/1000031651-1024x768.jpg 1024w, https:\/\/familie-weitgereist.de\/wp-content\/uploads\/2026\/01\/1000031651-300x225.jpg 300w, https:\/\/familie-weitgereist.de\/wp-content\/uploads\/2026\/01\/1000031651-768x576.jpg 768w, https:\/\/familie-weitgereist.de\/wp-content\/uploads\/2026\/01\/1000031651-1536x1152.jpg 1536w, https:\/\/familie-weitgereist.de\/wp-content\/uploads\/2026\/01\/1000031651-2048x1536.jpg 2048w, https:\/\/familie-weitgereist.de\/wp-content\/uploads\/2026\/01\/1000031651-1200x900.jpg 1200w, https:\/\/familie-weitgereist.de\/wp-content\/uploads\/2026\/01\/1000031651-1980x1485.jpg 1980w, https:\/\/familie-weitgereist.de\/wp-content\/uploads\/2026\/01\/1000031651-150x113.jpg 150w\" sizes=\"auto, (max-width: 1024px) 100vw, 1024px\" \/><\/figure>\n\n\n\n<p>Die Ausblicke in den aktiven Vulkankrater sind spektakul\u00e4r. Ein leicht schwefelhaltiger Geruch liegt in der Luft und die Gase steigen empor.<\/p>\n\n\n\n<figure class=\"wp-block-image size-large\"><img loading=\"lazy\" decoding=\"async\" width=\"1024\" height=\"768\" src=\"https:\/\/familie-weitgereist.de\/wp-content\/uploads\/2026\/01\/1000031595-1024x768.jpg\" alt=\"\" class=\"wp-image-24317\" srcset=\"https:\/\/familie-weitgereist.de\/wp-content\/uploads\/2026\/01\/1000031595-1024x768.jpg 1024w, https:\/\/familie-weitgereist.de\/wp-content\/uploads\/2026\/01\/1000031595-300x225.jpg 300w, https:\/\/familie-weitgereist.de\/wp-content\/uploads\/2026\/01\/1000031595-768x576.jpg 768w, https:\/\/familie-weitgereist.de\/wp-content\/uploads\/2026\/01\/1000031595-1536x1152.jpg 1536w, https:\/\/familie-weitgereist.de\/wp-content\/uploads\/2026\/01\/1000031595-2048x1536.jpg 2048w, https:\/\/familie-weitgereist.de\/wp-content\/uploads\/2026\/01\/1000031595-1200x900.jpg 1200w, https:\/\/familie-weitgereist.de\/wp-content\/uploads\/2026\/01\/1000031595-1980x1485.jpg 1980w, https:\/\/familie-weitgereist.de\/wp-content\/uploads\/2026\/01\/1000031595-150x113.jpg 150w\" sizes=\"auto, (max-width: 1024px) 100vw, 1024px\" \/><\/figure>\n\n\n\n<p>Entlang des Weges gibt es immer wieder St\u00e4nde, um sich Souvenirs, Snacks oder Wasser kaufen zu k\u00f6nnen. Es gibt auch einige B\u00e4nke, perfekt um ein Picknick zu genie\u00dfen.<\/p>\n\n\n\n<figure class=\"wp-block-image size-large\"><img loading=\"lazy\" decoding=\"async\" width=\"1024\" height=\"768\" src=\"https:\/\/familie-weitgereist.de\/wp-content\/uploads\/2026\/01\/1000031589-1024x768.jpg\" alt=\"\" class=\"wp-image-24321\" srcset=\"https:\/\/familie-weitgereist.de\/wp-content\/uploads\/2026\/01\/1000031589-1024x768.jpg 1024w, https:\/\/familie-weitgereist.de\/wp-content\/uploads\/2026\/01\/1000031589-300x225.jpg 300w, https:\/\/familie-weitgereist.de\/wp-content\/uploads\/2026\/01\/1000031589-768x576.jpg 768w, https:\/\/familie-weitgereist.de\/wp-content\/uploads\/2026\/01\/1000031589-1536x1152.jpg 1536w, https:\/\/familie-weitgereist.de\/wp-content\/uploads\/2026\/01\/1000031589-2048x1536.jpg 2048w, https:\/\/familie-weitgereist.de\/wp-content\/uploads\/2026\/01\/1000031589-1200x900.jpg 1200w, https:\/\/familie-weitgereist.de\/wp-content\/uploads\/2026\/01\/1000031589-1980x1485.jpg 1980w, https:\/\/familie-weitgereist.de\/wp-content\/uploads\/2026\/01\/1000031589-150x113.jpg 150w\" sizes=\"auto, (max-width: 1024px) 100vw, 1024px\" \/><\/figure>\n\n\n\n<p>W\u00e4hrend der Wanderung und besonders am Gipfel auf 1281m hatten wir bei bestem Sonnenschein einen grandiosen Ausblick auf die Inseln Capri und Ischia, Neapel, das Meer und die Amalfik\u00fcste.<\/p>\n\n\n\n<figure class=\"wp-block-image size-large\"><img loading=\"lazy\" decoding=\"async\" width=\"1024\" height=\"768\" src=\"https:\/\/familie-weitgereist.de\/wp-content\/uploads\/2026\/01\/1000031580-1024x768.jpg\" alt=\"\" class=\"wp-image-24316\" srcset=\"https:\/\/familie-weitgereist.de\/wp-content\/uploads\/2026\/01\/1000031580-1024x768.jpg 1024w, https:\/\/familie-weitgereist.de\/wp-content\/uploads\/2026\/01\/1000031580-300x225.jpg 300w, https:\/\/familie-weitgereist.de\/wp-content\/uploads\/2026\/01\/1000031580-768x576.jpg 768w, https:\/\/familie-weitgereist.de\/wp-content\/uploads\/2026\/01\/1000031580-1536x1152.jpg 1536w, https:\/\/familie-weitgereist.de\/wp-content\/uploads\/2026\/01\/1000031580-2048x1536.jpg 2048w, https:\/\/familie-weitgereist.de\/wp-content\/uploads\/2026\/01\/1000031580-1200x900.jpg 1200w, https:\/\/familie-weitgereist.de\/wp-content\/uploads\/2026\/01\/1000031580-1980x1485.jpg 1980w, https:\/\/familie-weitgereist.de\/wp-content\/uploads\/2026\/01\/1000031580-150x113.jpg 150w\" sizes=\"auto, (max-width: 1024px) 100vw, 1024px\" \/><\/figure>\n","protected":false},"excerpt":{"rendered":"<p>In den Weihnachtsferien 2025 haben wir einen sehr g\u00fcnstigen Flug von M\u00e1laga nach Rom gebucht. Nachdem wir ein paar Tage in Rom und Vatikanstadt verbracht haben, sind wir mit dem Zug an die Amalfik\u00fcste gereist. Daf\u00fcr nahmen wir den Zug von Rom nach Napoli und sind von dort weiter in Richtung Sorrento gefahren. Unsere Unterkunft [&hellip;]<\/p>\n","protected":false},"author":3,"featured_media":24317,"comment_status":"open","ping_status":"open","sticky":false,"template":"","format":"standard","meta":{"_themeisle_gutenberg_block_has_review":false,"footnotes":""},"categories":[4,8,239],"tags":[1845,178,1848,1846,1847],"class_list":["post-24297","post","type-post","status-publish","format-standard","has-post-thumbnail","hentry","category-laender","category-europa","category-italien","tag-amalfikueste","tag-italien","tag-santagnello","tag-sorrento","tag-vesuv"],"_links":{"self":[{"href":"https:\/\/familie-weitgereist.de\/index.php?rest_route=\/wp\/v2\/posts\/24297","targetHints":{"allow":["GET"]}}],"collection":[{"href":"https:\/\/familie-weitgereist.de\/index.php?rest_route=\/wp\/v2\/posts"}],"about":[{"href":"https:\/\/familie-weitgereist.de\/index.php?rest_route=\/wp\/v2\/types\/post"}],"author":[{"embeddable":true,"href":"https:\/\/familie-weitgereist.de\/index.php?rest_route=\/wp\/v2\/users\/3"}],"replies":[{"embeddable":true,"href":"https:\/\/familie-weitgereist.de\/index.php?rest_route=%2Fwp%2Fv2%2Fcomments&post=24297"}],"version-history":[{"count":13,"href":"https:\/\/familie-weitgereist.de\/index.php?rest_route=\/wp\/v2\/posts\/24297\/revisions"}],"predecessor-version":[{"id":24322,"href":"https:\/\/familie-weitgereist.de\/index.php?rest_route=\/wp\/v2\/posts\/24297\/revisions\/24322"}],"wp:featuredmedia":[{"embeddable":true,"href":"https:\/\/familie-weitgereist.de\/index.php?rest_route=\/wp\/v2\/media\/24317"}],"wp:attachment":[{"href":"https:\/\/familie-weitgereist.de\/index.php?rest_route=%2Fwp%2Fv2%2Fmedia&parent=24297"}],"wp:term":[{"taxonomy":"category","embeddable":true,"href":"https:\/\/familie-weitgereist.de\/index.php?rest_route=%2Fwp%2Fv2%2Fcategories&post=24297"},{"taxonomy":"post_tag","embeddable":true,"href":"https:\/\/familie-weitgereist.de\/index.php?rest_route=%2Fwp%2Fv2%2Ftags&post=24297"}],"curies":[{"name":"wp","href":"https:\/\/api.w.org\/{rel}","templated":true}]}}