{"id":2409,"date":"2021-01-01T23:40:48","date_gmt":"2021-01-01T22:40:48","guid":{"rendered":"https:\/\/familie-weitgereist.de\/?p=2409"},"modified":"2025-11-13T18:29:53","modified_gmt":"2025-11-13T17:29:53","slug":"tagesausfluege-in-brandenburg-und-sachsen-mit-kleinkind","status":"publish","type":"post","link":"https:\/\/familie-weitgereist.de\/?p=2409","title":{"rendered":"Ausflugsziele in Brandenburg und Sachsen mit Kleinkind, Teil 2"},"content":{"rendered":"\n<p>Im Winter 2020 \/ 2021 haben wir ganz viel Zeit als Familie drau\u00dfen verbracht und unsere n\u00e4here Umgebung erkundet. Wir waren sehr viel mit dem Fahrrad unterwegs, sind aber auch gewandert und spaziert. <\/p>\n\n\n\n<p>In diesem Beitrag m\u00f6chten wir unsere Tagesausfl\u00fcge vorstellen und Ideen geben f\u00fcr Erkundungen innerhalb Deutschlands. <\/p>\n\n\n\n<p>In diesem Beitrag k\u00f6nnt ihr folgende Informationen von uns lesen:<\/p>\n\n\n\n<ul class=\"wp-block-list\">\n<li><strong><a href=\"https:\/\/familie-weitgereist.de\/?p=2409\/#brandenburg\">Brandenburg<\/a><\/strong><\/li>\n\n\n\n<li><a href=\"https:\/\/familie-weitgereist.de\/?p=2409\/#altdoebern\">Altd\u00f6bern<\/a><\/li>\n\n\n\n<li><a href=\"https:\/\/familie-weitgereist.de\/?p=2409\/#buckscheschweiz\">Buck&#8217;sche Schweiz<\/a><\/li>\n\n\n\n<li><a href=\"https:\/\/familie-weitgereist.de\/?p=2409\/#tornoteich\">Tornoer Teich<\/a><\/li>\n\n\n\n<li><a href=\"https:\/\/familie-weitgereist.de\/?p=2409\/#seenland\">Lausitzer Seenland<\/a><\/li>\n\n\n\n<li><a href=\"https:\/\/familie-weitgereist.de\/?p=2409\/#grossraeschen\">Gro\u00dfr\u00e4schen<\/a><\/li>\n\n\n\n<li><a href=\"https:\/\/familie-weitgereist.de\/?p=2409\/#annahuette\">Annah\u00fctte<\/a><\/li>\n\n\n\n<li><a href=\"https:\/\/familie-weitgereist.de\/?p=2409\/#gruenewald\">Gr\u00fcnewalder Lauch<\/a><\/li>\n\n\n\n<li><a href=\"https:\/\/familie-weitgereist.de\/?p=2409\/#spremberg\">Spremberg<\/a><\/li>\n<\/ul>\n\n\n\n<ul class=\"wp-block-list\">\n<li><strong><a href=\"https:\/\/familie-weitgereist.de\/?p=2409\/#sachsen\">Sachsen<\/a><\/strong><\/li>\n\n\n\n<li><a href=\"https:\/\/familie-weitgereist.de\/?p=2409\/#bautzen\">Bautzen<\/a><\/li>\n\n\n\n<li><a href=\"https:\/\/familie-weitgereist.de\/?p=2409\/#elstra\">Talpenberg Elstra<\/a><\/li>\n\n\n\n<li><a href=\"https:\/\/familie-weitgereist.de\/?p=2409\/#somsdorf\">Somsdorfer Klamm<\/a><\/li>\n\n\n\n<li><a href=\"https:\/\/familie-weitgereist.de\/?p=2409\/#dresdnerheide\">Dresdner Heide<\/a><\/li>\n\n\n\n<li><a href=\"https:\/\/familie-weitgereist.de\/?p=2409\/#seifersdorf\">Seifersdorfer Tal<\/a><\/li>\n\n\n\n<li><a href=\"https:\/\/familie-weitgereist.de\/?p=2409\/#hermsdorf\">Hermsdorf<\/a><\/li>\n<\/ul>\n\n\n\n<h2 class=\"wp-block-heading has-text-align-center\" id=\"brandenburg\">Brandenburg<\/h2>\n\n\n\n<p>Nachfolgend beschreibe ich unsere Erkundungen in Brandenburg.<\/p>\n\n\n\n<h2 class=\"wp-block-heading\" id=\"altdoebern\">Altd\u00f6bern<\/h2>\n\n\n\n<p>Altd\u00f6bern ist eine kleine Stadt im S\u00fcden von Brandenburg. Das Highlight der Stadt ist das Schloss aus dem Jahre 1717 und der anliegende wundersch\u00f6ne gro\u00dfe Schlosspark mit seinem Salzteich. Der Schlosspark ist weitl\u00e4ufig, l\u00e4dt zum Verweilen ein, zum Spaziergang oder auch zum Fahrrad fahren. <\/p>\n\n\n\n<figure class=\"wp-block-image size-large\"><img loading=\"lazy\" decoding=\"async\" width=\"1024\" height=\"768\" src=\"https:\/\/familie-weitgereist.de\/wp-content\/uploads\/2021\/01\/IMG_20201224_112724-1024x768.jpg\" alt=\"\" class=\"wp-image-2424\" srcset=\"https:\/\/familie-weitgereist.de\/wp-content\/uploads\/2021\/01\/IMG_20201224_112724-1024x768.jpg 1024w, https:\/\/familie-weitgereist.de\/wp-content\/uploads\/2021\/01\/IMG_20201224_112724-300x225.jpg 300w, https:\/\/familie-weitgereist.de\/wp-content\/uploads\/2021\/01\/IMG_20201224_112724-768x576.jpg 768w, https:\/\/familie-weitgereist.de\/wp-content\/uploads\/2021\/01\/IMG_20201224_112724-1536x1152.jpg 1536w, https:\/\/familie-weitgereist.de\/wp-content\/uploads\/2021\/01\/IMG_20201224_112724-2048x1536.jpg 2048w, https:\/\/familie-weitgereist.de\/wp-content\/uploads\/2021\/01\/IMG_20201224_112724-1200x900.jpg 1200w, https:\/\/familie-weitgereist.de\/wp-content\/uploads\/2021\/01\/IMG_20201224_112724-1980x1485.jpg 1980w, https:\/\/familie-weitgereist.de\/wp-content\/uploads\/2021\/01\/IMG_20201224_112724-853x640.jpg 853w, https:\/\/familie-weitgereist.de\/wp-content\/uploads\/2021\/01\/IMG_20201224_112724-150x113.jpg 150w\" sizes=\"auto, (max-width: 1024px) 100vw, 1024px\" \/><figcaption class=\"wp-element-caption\">Schloss Altd\u00f6bern<\/figcaption><\/figure>\n\n\n\n<figure class=\"wp-block-image size-large\"><img loading=\"lazy\" decoding=\"async\" width=\"1024\" height=\"768\" src=\"https:\/\/familie-weitgereist.de\/wp-content\/uploads\/2021\/01\/IMG_20201224_114100-1024x768.jpg\" alt=\"\" class=\"wp-image-2427\" srcset=\"https:\/\/familie-weitgereist.de\/wp-content\/uploads\/2021\/01\/IMG_20201224_114100-1024x768.jpg 1024w, https:\/\/familie-weitgereist.de\/wp-content\/uploads\/2021\/01\/IMG_20201224_114100-300x225.jpg 300w, https:\/\/familie-weitgereist.de\/wp-content\/uploads\/2021\/01\/IMG_20201224_114100-768x576.jpg 768w, https:\/\/familie-weitgereist.de\/wp-content\/uploads\/2021\/01\/IMG_20201224_114100-1536x1152.jpg 1536w, https:\/\/familie-weitgereist.de\/wp-content\/uploads\/2021\/01\/IMG_20201224_114100-2048x1536.jpg 2048w, https:\/\/familie-weitgereist.de\/wp-content\/uploads\/2021\/01\/IMG_20201224_114100-1200x900.jpg 1200w, https:\/\/familie-weitgereist.de\/wp-content\/uploads\/2021\/01\/IMG_20201224_114100-1980x1485.jpg 1980w, https:\/\/familie-weitgereist.de\/wp-content\/uploads\/2021\/01\/IMG_20201224_114100-853x640.jpg 853w, https:\/\/familie-weitgereist.de\/wp-content\/uploads\/2021\/01\/IMG_20201224_114100-150x113.jpg 150w\" sizes=\"auto, (max-width: 1024px) 100vw, 1024px\" \/><\/figure>\n\n\n\n<figure class=\"wp-block-image size-large\"><img loading=\"lazy\" decoding=\"async\" width=\"1024\" height=\"768\" src=\"https:\/\/familie-weitgereist.de\/wp-content\/uploads\/2021\/01\/IMG_20201224_121319-1024x768.jpg\" alt=\"\" class=\"wp-image-2428\" srcset=\"https:\/\/familie-weitgereist.de\/wp-content\/uploads\/2021\/01\/IMG_20201224_121319-1024x768.jpg 1024w, https:\/\/familie-weitgereist.de\/wp-content\/uploads\/2021\/01\/IMG_20201224_121319-300x225.jpg 300w, https:\/\/familie-weitgereist.de\/wp-content\/uploads\/2021\/01\/IMG_20201224_121319-768x576.jpg 768w, https:\/\/familie-weitgereist.de\/wp-content\/uploads\/2021\/01\/IMG_20201224_121319-1536x1152.jpg 1536w, https:\/\/familie-weitgereist.de\/wp-content\/uploads\/2021\/01\/IMG_20201224_121319-2048x1536.jpg 2048w, https:\/\/familie-weitgereist.de\/wp-content\/uploads\/2021\/01\/IMG_20201224_121319-1200x900.jpg 1200w, https:\/\/familie-weitgereist.de\/wp-content\/uploads\/2021\/01\/IMG_20201224_121319-1980x1485.jpg 1980w, https:\/\/familie-weitgereist.de\/wp-content\/uploads\/2021\/01\/IMG_20201224_121319-853x640.jpg 853w, https:\/\/familie-weitgereist.de\/wp-content\/uploads\/2021\/01\/IMG_20201224_121319-150x113.jpg 150w\" sizes=\"auto, (max-width: 1024px) 100vw, 1024px\" \/><figcaption class=\"wp-element-caption\">Salzsee<\/figcaption><\/figure>\n\n\n\n<figure class=\"wp-block-image size-large\"><img loading=\"lazy\" decoding=\"async\" width=\"1024\" height=\"768\" src=\"https:\/\/familie-weitgereist.de\/wp-content\/uploads\/2021\/01\/IMG_20201224_113037-1024x768.jpg\" alt=\"\" class=\"wp-image-2430\" srcset=\"https:\/\/familie-weitgereist.de\/wp-content\/uploads\/2021\/01\/IMG_20201224_113037-1024x768.jpg 1024w, https:\/\/familie-weitgereist.de\/wp-content\/uploads\/2021\/01\/IMG_20201224_113037-300x225.jpg 300w, https:\/\/familie-weitgereist.de\/wp-content\/uploads\/2021\/01\/IMG_20201224_113037-768x576.jpg 768w, https:\/\/familie-weitgereist.de\/wp-content\/uploads\/2021\/01\/IMG_20201224_113037-1536x1152.jpg 1536w, https:\/\/familie-weitgereist.de\/wp-content\/uploads\/2021\/01\/IMG_20201224_113037-2048x1536.jpg 2048w, https:\/\/familie-weitgereist.de\/wp-content\/uploads\/2021\/01\/IMG_20201224_113037-1200x900.jpg 1200w, https:\/\/familie-weitgereist.de\/wp-content\/uploads\/2021\/01\/IMG_20201224_113037-1980x1485.jpg 1980w, https:\/\/familie-weitgereist.de\/wp-content\/uploads\/2021\/01\/IMG_20201224_113037-853x640.jpg 853w, https:\/\/familie-weitgereist.de\/wp-content\/uploads\/2021\/01\/IMG_20201224_113037-150x113.jpg 150w\" sizes=\"auto, (max-width: 1024px) 100vw, 1024px\" \/><\/figure>\n\n\n\n<p>Zudem besitzt Altd\u00f6bern wundersch\u00f6ne Kirchen.<\/p>\n\n\n\n<figure class=\"wp-block-image size-large\"><img loading=\"lazy\" decoding=\"async\" width=\"1024\" height=\"768\" src=\"https:\/\/familie-weitgereist.de\/wp-content\/uploads\/2021\/01\/IMG_20201224_112133-1024x768.jpg\" alt=\"\" class=\"wp-image-2421\" srcset=\"https:\/\/familie-weitgereist.de\/wp-content\/uploads\/2021\/01\/IMG_20201224_112133-1024x768.jpg 1024w, https:\/\/familie-weitgereist.de\/wp-content\/uploads\/2021\/01\/IMG_20201224_112133-300x225.jpg 300w, https:\/\/familie-weitgereist.de\/wp-content\/uploads\/2021\/01\/IMG_20201224_112133-768x576.jpg 768w, https:\/\/familie-weitgereist.de\/wp-content\/uploads\/2021\/01\/IMG_20201224_112133-1536x1152.jpg 1536w, https:\/\/familie-weitgereist.de\/wp-content\/uploads\/2021\/01\/IMG_20201224_112133-2048x1536.jpg 2048w, https:\/\/familie-weitgereist.de\/wp-content\/uploads\/2021\/01\/IMG_20201224_112133-1200x900.jpg 1200w, https:\/\/familie-weitgereist.de\/wp-content\/uploads\/2021\/01\/IMG_20201224_112133-1980x1485.jpg 1980w, https:\/\/familie-weitgereist.de\/wp-content\/uploads\/2021\/01\/IMG_20201224_112133-853x640.jpg 853w, https:\/\/familie-weitgereist.de\/wp-content\/uploads\/2021\/01\/IMG_20201224_112133-150x113.jpg 150w\" sizes=\"auto, (max-width: 1024px) 100vw, 1024px\" \/><figcaption class=\"wp-element-caption\">Evangelische Kirche Altd\u00f6bern<\/figcaption><\/figure>\n\n\n\n<p>Ein weiteres Highlight von Altd\u00f6bern ist der Altd\u00f6berner See. Auch Altd\u00f6bern liegt in der Seenregion des Lausitzer Seenlandes. Einen sch\u00f6nen Ausblick kann man von dem Aussichtspunkt &#8222;Randriegel&#8220; genie\u00dfen. Dort gibt es eine Rutsche, an der wir viel Zeit verbracht haben. <\/p>\n\n\n\n<figure class=\"wp-block-image size-large\"><img loading=\"lazy\" decoding=\"async\" width=\"1024\" height=\"768\" src=\"https:\/\/familie-weitgereist.de\/wp-content\/uploads\/2021\/01\/IMG_20201215_130031-1024x768.jpg\" alt=\"\" class=\"wp-image-2418\" srcset=\"https:\/\/familie-weitgereist.de\/wp-content\/uploads\/2021\/01\/IMG_20201215_130031-1024x768.jpg 1024w, https:\/\/familie-weitgereist.de\/wp-content\/uploads\/2021\/01\/IMG_20201215_130031-300x225.jpg 300w, https:\/\/familie-weitgereist.de\/wp-content\/uploads\/2021\/01\/IMG_20201215_130031-768x576.jpg 768w, https:\/\/familie-weitgereist.de\/wp-content\/uploads\/2021\/01\/IMG_20201215_130031-1536x1152.jpg 1536w, https:\/\/familie-weitgereist.de\/wp-content\/uploads\/2021\/01\/IMG_20201215_130031-2048x1536.jpg 2048w, https:\/\/familie-weitgereist.de\/wp-content\/uploads\/2021\/01\/IMG_20201215_130031-1200x900.jpg 1200w, https:\/\/familie-weitgereist.de\/wp-content\/uploads\/2021\/01\/IMG_20201215_130031-1980x1485.jpg 1980w, https:\/\/familie-weitgereist.de\/wp-content\/uploads\/2021\/01\/IMG_20201215_130031-853x640.jpg 853w, https:\/\/familie-weitgereist.de\/wp-content\/uploads\/2021\/01\/IMG_20201215_130031-150x113.jpg 150w\" sizes=\"auto, (max-width: 1024px) 100vw, 1024px\" \/><figcaption class=\"wp-element-caption\">Aussicht auf den Altd\u00f6berner See<\/figcaption><\/figure>\n\n\n\n<figure class=\"wp-block-image size-large\"><img loading=\"lazy\" decoding=\"async\" width=\"768\" height=\"1024\" src=\"https:\/\/familie-weitgereist.de\/wp-content\/uploads\/2021\/01\/IMG_20201215_131608-768x1024.jpg\" alt=\"\" class=\"wp-image-2419\" srcset=\"https:\/\/familie-weitgereist.de\/wp-content\/uploads\/2021\/01\/IMG_20201215_131608-768x1024.jpg 768w, https:\/\/familie-weitgereist.de\/wp-content\/uploads\/2021\/01\/IMG_20201215_131608-225x300.jpg 225w, https:\/\/familie-weitgereist.de\/wp-content\/uploads\/2021\/01\/IMG_20201215_131608-1152x1536.jpg 1152w, https:\/\/familie-weitgereist.de\/wp-content\/uploads\/2021\/01\/IMG_20201215_131608-1536x2048.jpg 1536w, https:\/\/familie-weitgereist.de\/wp-content\/uploads\/2021\/01\/IMG_20201215_131608-1200x1600.jpg 1200w, https:\/\/familie-weitgereist.de\/wp-content\/uploads\/2021\/01\/IMG_20201215_131608-1980x2640.jpg 1980w, https:\/\/familie-weitgereist.de\/wp-content\/uploads\/2021\/01\/IMG_20201215_131608-640x853.jpg 640w, https:\/\/familie-weitgereist.de\/wp-content\/uploads\/2021\/01\/IMG_20201215_131608-150x200.jpg 150w, https:\/\/familie-weitgereist.de\/wp-content\/uploads\/2021\/01\/IMG_20201215_131608-scaled.jpg 1920w\" sizes=\"auto, (max-width: 768px) 100vw, 768px\" \/><figcaption class=\"wp-element-caption\">Rutsche beim Aussichtspunkt Randriegel<\/figcaption><\/figure>\n\n\n\n<h2 class=\"wp-block-heading\" id=\"buckscheschweiz\">Buck&#8217;sche Schweiz<\/h2>\n\n\n\n<p>In der Buck&#8217;schen Schweiz bei Hohenbocka, in S\u00fcdbrandenburg waren wir schon \u00f6fters. Wir sind bisher jedoch immer mit dem Auto angereist. Diesmal nutzten wir das tolle Wetter und sind mit dem Fahrrad gefahren. Es war so toll. Der Wald war voller goldenem Laub. Wie gew\u00f6hnlich war kaum jemand unterwegs. Ein richtiger Geheimtipp. Die Buck&#8217;sche Schweiz ist viel kleiner als die s\u00e4chsische Schweiz. Trotzdem lauert hier ein kleiner Kletterspa\u00df, besonders mit Kindern ist es super.<\/p>\n\n\n\n<div id=\"wp-block-themeisle-blocks-slider-f9a7d1cd\" class=\"wp-block-themeisle-blocks-slider glide\" data-per-view=\"1\" data-gap=\"0\" data-peek=\"0\" data-autoplay=\"true\" data-height=\"362px\" data-hide-arrows=\"false\"><div class=\"glide__track\" data-glide-el=\"track\"><div class=\"glide__slides\"><div class=\"wp-block-themeisle-blocks-slider-item-wrapper glide__slide\" tabindex=\"0\"><figure><img decoding=\"async\" class=\"wp-block-themeisle-blocks-slider-item\" src=\"https:\/\/familie-weitgereist.de\/wp-content\/uploads\/2021\/01\/IMG_20201216_120409-1-scaled.jpg\" alt=\"\" title=\"\" data-id=\"2446\"\/><\/figure><\/div><div class=\"wp-block-themeisle-blocks-slider-item-wrapper glide__slide\" tabindex=\"0\"><figure><img decoding=\"async\" class=\"wp-block-themeisle-blocks-slider-item\" src=\"https:\/\/familie-weitgereist.de\/wp-content\/uploads\/2021\/01\/IMG_20201216_135143-1-scaled.jpg\" alt=\"\" title=\"\" data-id=\"2447\"\/><\/figure><\/div><div class=\"wp-block-themeisle-blocks-slider-item-wrapper glide__slide\" tabindex=\"0\"><figure><img decoding=\"async\" class=\"wp-block-themeisle-blocks-slider-item\" src=\"https:\/\/familie-weitgereist.de\/wp-content\/uploads\/2021\/01\/IMG_20201216_135456-1-scaled.jpg\" alt=\"\" title=\"\" data-id=\"2448\"\/><\/figure><\/div><div class=\"wp-block-themeisle-blocks-slider-item-wrapper glide__slide\" tabindex=\"0\"><figure><img decoding=\"async\" class=\"wp-block-themeisle-blocks-slider-item\" src=\"https:\/\/familie-weitgereist.de\/wp-content\/uploads\/2021\/01\/IMG_20201216_140125-1-scaled.jpg\" alt=\"\" title=\"\" data-id=\"2449\"\/><\/figure><\/div><\/div><div class=\"glide__bullets\" data-glide-el=\"controls[nav]\"><button class=\"glide__bullet\" data-glide-dir=\"=0\"><\/button><button class=\"glide__bullet\" data-glide-dir=\"=1\"><\/button><button class=\"glide__bullet\" data-glide-dir=\"=2\"><\/button><button class=\"glide__bullet\" data-glide-dir=\"=3\"><\/button><\/div><\/div><\/div>\n\n\n\n<p>Die Buck&#8217;sche Schweiz ist die s\u00e4chsische Schweiz im Miniaturformat und liegt eingebettet in das gr\u00f6\u00dfte zusammenh\u00e4ngende Waldgebiet S\u00fcdbrandenburgs. Der feine, wei\u00dfe Quarzsand l\u00e4dt zum Spielen ein. In den angrenzenden Seen darf nicht gebadet werden, denn sie dienen dem Nassabbau des Quarzsandes, welcher f\u00fcr die Glasherstellung Anwendung findet.<\/p>\n\n\n\n<figure class=\"wp-block-image size-large\"><img loading=\"lazy\" decoding=\"async\" width=\"1024\" height=\"768\" src=\"https:\/\/familie-weitgereist.de\/wp-content\/uploads\/2021\/01\/1000003416-1024x768.jpg\" alt=\"\" class=\"wp-image-22090\" srcset=\"https:\/\/familie-weitgereist.de\/wp-content\/uploads\/2021\/01\/1000003416-1024x768.jpg 1024w, https:\/\/familie-weitgereist.de\/wp-content\/uploads\/2021\/01\/1000003416-300x225.jpg 300w, https:\/\/familie-weitgereist.de\/wp-content\/uploads\/2021\/01\/1000003416-768x576.jpg 768w, https:\/\/familie-weitgereist.de\/wp-content\/uploads\/2021\/01\/1000003416-1536x1152.jpg 1536w, https:\/\/familie-weitgereist.de\/wp-content\/uploads\/2021\/01\/1000003416-2048x1536.jpg 2048w, https:\/\/familie-weitgereist.de\/wp-content\/uploads\/2021\/01\/1000003416-1200x900.jpg 1200w, https:\/\/familie-weitgereist.de\/wp-content\/uploads\/2021\/01\/1000003416-1980x1485.jpg 1980w, https:\/\/familie-weitgereist.de\/wp-content\/uploads\/2021\/01\/1000003416-150x113.jpg 150w\" sizes=\"auto, (max-width: 1024px) 100vw, 1024px\" \/><\/figure>\n\n\n\n<p>Im Wald steht zudem ein 25m hoher Aussichtsturm, von dem man einen sch\u00f6nen Ausblick auf die naheliegenden Seen hat. Nach 119 Stufen ist man oben angelangt.<\/p>\n\n\n\n<figure class=\"wp-block-image size-large\"><img loading=\"lazy\" decoding=\"async\" width=\"768\" height=\"1024\" src=\"https:\/\/familie-weitgereist.de\/wp-content\/uploads\/2021\/01\/1000003429-768x1024.jpg\" alt=\"\" class=\"wp-image-22088\" srcset=\"https:\/\/familie-weitgereist.de\/wp-content\/uploads\/2021\/01\/1000003429-768x1024.jpg 768w, https:\/\/familie-weitgereist.de\/wp-content\/uploads\/2021\/01\/1000003429-225x300.jpg 225w, https:\/\/familie-weitgereist.de\/wp-content\/uploads\/2021\/01\/1000003429-1152x1536.jpg 1152w, https:\/\/familie-weitgereist.de\/wp-content\/uploads\/2021\/01\/1000003429-1536x2048.jpg 1536w, https:\/\/familie-weitgereist.de\/wp-content\/uploads\/2021\/01\/1000003429-1200x1600.jpg 1200w, https:\/\/familie-weitgereist.de\/wp-content\/uploads\/2021\/01\/1000003429-1980x2640.jpg 1980w, https:\/\/familie-weitgereist.de\/wp-content\/uploads\/2021\/01\/1000003429-640x853.jpg 640w, https:\/\/familie-weitgereist.de\/wp-content\/uploads\/2021\/01\/1000003429-150x200.jpg 150w, https:\/\/familie-weitgereist.de\/wp-content\/uploads\/2021\/01\/1000003429-scaled.jpg 1920w\" sizes=\"auto, (max-width: 768px) 100vw, 768px\" \/><\/figure>\n\n\n\n<p>Die kleine Wanderung um die Miniatursandsteinfelsen ist wirklich sch\u00f6n und hat unseren Kindern sehr viel Spa\u00df gemacht.<\/p>\n\n\n\n<div id=\"wp-block-themeisle-blocks-slider-d7723b7e\" class=\"wp-block-themeisle-blocks-slider glide\" data-per-view=\"1\" data-gap=\"0\" data-peek=\"0\" data-autoplay=\"true\" data-height=\"400px\" data-hide-arrows=\"false\"><div class=\"glide__track\" data-glide-el=\"track\"><div class=\"glide__slides\"><div class=\"wp-block-themeisle-blocks-slider-item-wrapper glide__slide\" tabindex=\"0\"><figure><img decoding=\"async\" class=\"wp-block-themeisle-blocks-slider-item\" src=\"https:\/\/familie-weitgereist.de\/wp-content\/uploads\/2021\/01\/1000003436-scaled.jpg\" alt=\"\" title=\"\" data-id=\"22094\"\/><\/figure><\/div><div class=\"wp-block-themeisle-blocks-slider-item-wrapper glide__slide\" tabindex=\"0\"><figure><img decoding=\"async\" class=\"wp-block-themeisle-blocks-slider-item\" src=\"https:\/\/familie-weitgereist.de\/wp-content\/uploads\/2021\/01\/1000003528-scaled.jpg\" alt=\"\" title=\"\" data-id=\"22093\"\/><\/figure><\/div><div class=\"wp-block-themeisle-blocks-slider-item-wrapper glide__slide\" tabindex=\"0\"><figure><img decoding=\"async\" class=\"wp-block-themeisle-blocks-slider-item\" src=\"https:\/\/familie-weitgereist.de\/wp-content\/uploads\/2021\/01\/1000003450-scaled.jpg\" alt=\"\" title=\"\" data-id=\"22095\"\/><\/figure><\/div><div class=\"wp-block-themeisle-blocks-slider-item-wrapper glide__slide\" tabindex=\"0\"><figure><img decoding=\"async\" class=\"wp-block-themeisle-blocks-slider-item\" src=\"https:\/\/familie-weitgereist.de\/wp-content\/uploads\/2021\/01\/1000003485-scaled.jpg\" alt=\"\" title=\"\" data-id=\"22096\"\/><\/figure><\/div><\/div><div class=\"glide__bullets\" data-glide-el=\"controls[nav]\"><button class=\"glide__bullet\" data-glide-dir=\"=0\"><\/button><button class=\"glide__bullet\" data-glide-dir=\"=1\"><\/button><button class=\"glide__bullet\" data-glide-dir=\"=2\"><\/button><button class=\"glide__bullet\" data-glide-dir=\"=3\"><\/button><\/div><\/div><\/div>\n\n\n\n<p>Das Schloss in Hohenbocka ist ebenfalls sehenswert. Es wurde 1897 durch die Uradelsfamilie G\u00f6tz erbaut. Im Laufe der Jahrhunderte diente es verschiedenen Zwecken. Heute wird es als Hotel genutzt. Der Schlosspark ist f\u00fcr die \u00d6ffentlichkeit zug\u00e4nglich.<\/p>\n\n\n\n<figure class=\"wp-block-image size-large\"><img loading=\"lazy\" decoding=\"async\" width=\"1024\" height=\"768\" src=\"https:\/\/familie-weitgereist.de\/wp-content\/uploads\/2021\/01\/1000003494-1024x768.jpg\" alt=\"\" class=\"wp-image-22099\" srcset=\"https:\/\/familie-weitgereist.de\/wp-content\/uploads\/2021\/01\/1000003494-1024x768.jpg 1024w, https:\/\/familie-weitgereist.de\/wp-content\/uploads\/2021\/01\/1000003494-300x225.jpg 300w, https:\/\/familie-weitgereist.de\/wp-content\/uploads\/2021\/01\/1000003494-768x576.jpg 768w, https:\/\/familie-weitgereist.de\/wp-content\/uploads\/2021\/01\/1000003494-1536x1152.jpg 1536w, https:\/\/familie-weitgereist.de\/wp-content\/uploads\/2021\/01\/1000003494-2048x1536.jpg 2048w, https:\/\/familie-weitgereist.de\/wp-content\/uploads\/2021\/01\/1000003494-1200x900.jpg 1200w, https:\/\/familie-weitgereist.de\/wp-content\/uploads\/2021\/01\/1000003494-1980x1485.jpg 1980w, https:\/\/familie-weitgereist.de\/wp-content\/uploads\/2021\/01\/1000003494-150x113.jpg 150w\" sizes=\"auto, (max-width: 1024px) 100vw, 1024px\" \/><\/figure>\n\n\n\n<h2 class=\"wp-block-heading\" id=\"tornoteich\">Tornoer Teich<\/h2>\n\n\n\n<p>Torno ist ein Stadtteil von Lauta und erscheint auf dem ersten Blick ziemlich unscheinbar. Merlin und ich begaben uns auf einen wundersch\u00f6nen Tagesausflug zum Tornoer Teich. Dieser kleine Teich wird im Sommer auch zum Baden genutzt. Auch wenn er weniger bekannt ist im Lausitzer Seenland, denke ich dass man im Sommer einen tollen Badetag erleben kann. Wir sind um den Teich gelaufen und haben die Natur genossen. Der Teich war zum Teil zugefroren, was super interessant f\u00fcr meinen kleinen Entdecker war. Direkt vor dem Teich befindet sich ein wunderbarer Spielplatz mit ganz vielen Elementen. Ein Ausflug zum Tornoer Teich ist definitiv ein Geheimtipp! <\/p>\n\n\n\n<figure class=\"wp-block-image size-large\"><img loading=\"lazy\" decoding=\"async\" width=\"1024\" height=\"768\" src=\"https:\/\/familie-weitgereist.de\/wp-content\/uploads\/2021\/01\/IMG_20201217_120228-1024x768.jpg\" alt=\"\" class=\"wp-image-2450\" srcset=\"https:\/\/familie-weitgereist.de\/wp-content\/uploads\/2021\/01\/IMG_20201217_120228-1024x768.jpg 1024w, https:\/\/familie-weitgereist.de\/wp-content\/uploads\/2021\/01\/IMG_20201217_120228-300x225.jpg 300w, https:\/\/familie-weitgereist.de\/wp-content\/uploads\/2021\/01\/IMG_20201217_120228-768x576.jpg 768w, https:\/\/familie-weitgereist.de\/wp-content\/uploads\/2021\/01\/IMG_20201217_120228-1536x1152.jpg 1536w, https:\/\/familie-weitgereist.de\/wp-content\/uploads\/2021\/01\/IMG_20201217_120228-2048x1536.jpg 2048w, https:\/\/familie-weitgereist.de\/wp-content\/uploads\/2021\/01\/IMG_20201217_120228-1200x900.jpg 1200w, https:\/\/familie-weitgereist.de\/wp-content\/uploads\/2021\/01\/IMG_20201217_120228-1980x1485.jpg 1980w, https:\/\/familie-weitgereist.de\/wp-content\/uploads\/2021\/01\/IMG_20201217_120228-853x640.jpg 853w, https:\/\/familie-weitgereist.de\/wp-content\/uploads\/2021\/01\/IMG_20201217_120228-150x113.jpg 150w\" sizes=\"auto, (max-width: 1024px) 100vw, 1024px\" \/><\/figure>\n\n\n\n<div id=\"wp-block-themeisle-blocks-slider-84457c4e\" class=\"wp-block-themeisle-blocks-slider glide\" data-per-view=\"1\" data-gap=\"0\" data-peek=\"0\" data-autoplay=\"true\" data-height=\"100px\" data-hide-arrows=\"false\"><div class=\"glide__track\" data-glide-el=\"track\"><div class=\"glide__slides\"><div class=\"wp-block-themeisle-blocks-slider-item-wrapper glide__slide\" tabindex=\"0\"><figure><img decoding=\"async\" class=\"wp-block-themeisle-blocks-slider-item\" src=\"https:\/\/familie-weitgereist.de\/wp-content\/uploads\/2021\/01\/IMG_20201217_121423-scaled.jpg\" alt=\"\" title=\"\" data-id=\"2451\"\/><\/figure><\/div><div class=\"wp-block-themeisle-blocks-slider-item-wrapper glide__slide\" tabindex=\"0\"><figure><img decoding=\"async\" class=\"wp-block-themeisle-blocks-slider-item\" src=\"https:\/\/familie-weitgereist.de\/wp-content\/uploads\/2021\/01\/IMG_20201217_121738-scaled.jpg\" alt=\"\" title=\"\" data-id=\"2453\"\/><\/figure><\/div><div class=\"wp-block-themeisle-blocks-slider-item-wrapper glide__slide\" tabindex=\"0\"><figure><img decoding=\"async\" class=\"wp-block-themeisle-blocks-slider-item\" src=\"https:\/\/familie-weitgereist.de\/wp-content\/uploads\/2021\/01\/IMG_20201217_122731-scaled.jpg\" alt=\"\" title=\"\" data-id=\"2454\"\/><\/figure><\/div><div class=\"wp-block-themeisle-blocks-slider-item-wrapper glide__slide\" tabindex=\"0\"><figure><img decoding=\"async\" class=\"wp-block-themeisle-blocks-slider-item\" src=\"https:\/\/familie-weitgereist.de\/wp-content\/uploads\/2021\/01\/IMG_20201217_135018-scaled.jpg\" alt=\"\" title=\"\" data-id=\"2455\"\/><\/figure><\/div><\/div><div class=\"glide__bullets\" data-glide-el=\"controls[nav]\"><button class=\"glide__bullet\" data-glide-dir=\"=0\"><\/button><button class=\"glide__bullet\" data-glide-dir=\"=1\"><\/button><button class=\"glide__bullet\" data-glide-dir=\"=2\"><\/button><button class=\"glide__bullet\" data-glide-dir=\"=3\"><\/button><\/div><\/div><\/div>\n\n\n\n<h2 class=\"wp-block-heading\" id=\"seenland\">Lausitzer Seenland<\/h2>\n\n\n\n<p>Wir erkunden zu allen Jahreszeiten unser sch\u00f6nes Lausitzer Seenland. H\u00e4ufig fahren wir eine schnelle Runde um den <strong>Senftenberger See<\/strong>, oft dehnen wir diese Runde jedoch auch aus. Besonders zu empfehlen sind der <strong>Geierswalder<\/strong> und der <strong>Partwitzer See<\/strong>. Letzterer ist bei Surfern beliebt, da es hier viel windet. Zudem hat der See eine herrliche t\u00fcrkisblaue Farbe und erinnert an die Karibik. Die Fahrradtouren um die Seen sind fabelhaft ausgeschildert. Das ganze Gebiet ist f\u00fcr Fahrradtourismus ausgelegt. Alle Wege sind asphaltiert und lassen sich sehr gut fahren. F\u00fcr Mountainbike Liebhaber ist es vielleicht weniger attraktiv. <\/p>\n\n\n\n<figure class=\"wp-block-image size-large\"><img loading=\"lazy\" decoding=\"async\" width=\"768\" height=\"1024\" src=\"https:\/\/familie-weitgereist.de\/wp-content\/uploads\/2021\/01\/IMG_20201218_142543-768x1024.jpg\" alt=\"\" class=\"wp-image-2456\" srcset=\"https:\/\/familie-weitgereist.de\/wp-content\/uploads\/2021\/01\/IMG_20201218_142543-768x1024.jpg 768w, https:\/\/familie-weitgereist.de\/wp-content\/uploads\/2021\/01\/IMG_20201218_142543-225x300.jpg 225w, https:\/\/familie-weitgereist.de\/wp-content\/uploads\/2021\/01\/IMG_20201218_142543-1152x1536.jpg 1152w, https:\/\/familie-weitgereist.de\/wp-content\/uploads\/2021\/01\/IMG_20201218_142543-1536x2048.jpg 1536w, https:\/\/familie-weitgereist.de\/wp-content\/uploads\/2021\/01\/IMG_20201218_142543-1200x1600.jpg 1200w, https:\/\/familie-weitgereist.de\/wp-content\/uploads\/2021\/01\/IMG_20201218_142543-1980x2640.jpg 1980w, https:\/\/familie-weitgereist.de\/wp-content\/uploads\/2021\/01\/IMG_20201218_142543-640x853.jpg 640w, https:\/\/familie-weitgereist.de\/wp-content\/uploads\/2021\/01\/IMG_20201218_142543-150x200.jpg 150w, https:\/\/familie-weitgereist.de\/wp-content\/uploads\/2021\/01\/IMG_20201218_142543-scaled.jpg 1920w\" sizes=\"auto, (max-width: 768px) 100vw, 768px\" \/><figcaption class=\"wp-element-caption\">Wegbeschilderung<\/figcaption><\/figure>\n\n\n\n<div id=\"wp-block-themeisle-blocks-slider-0e4b4d1f\" class=\"wp-block-themeisle-blocks-slider glide\" data-per-view=\"1\" data-gap=\"0\" data-peek=\"0\" data-autoplay=\"true\" data-height=\"465px\" data-hide-arrows=\"false\"><div class=\"glide__track\" data-glide-el=\"track\"><div class=\"glide__slides\"><div class=\"wp-block-themeisle-blocks-slider-item-wrapper glide__slide\" tabindex=\"0\"><figure><img decoding=\"async\" class=\"wp-block-themeisle-blocks-slider-item\" src=\"https:\/\/familie-weitgereist.de\/wp-content\/uploads\/2021\/01\/IMG_20201218_114124-scaled.jpg\" alt=\"\" title=\"\" data-id=\"2463\"\/><\/figure><\/div><div class=\"wp-block-themeisle-blocks-slider-item-wrapper glide__slide\" tabindex=\"0\"><figure><img decoding=\"async\" class=\"wp-block-themeisle-blocks-slider-item\" src=\"https:\/\/familie-weitgereist.de\/wp-content\/uploads\/2021\/01\/IMG_20201218_141718-scaled.jpg\" alt=\"\" title=\"\" data-id=\"2465\"\/><\/figure><\/div><div class=\"wp-block-themeisle-blocks-slider-item-wrapper glide__slide\" tabindex=\"0\"><figure><img decoding=\"async\" class=\"wp-block-themeisle-blocks-slider-item\" src=\"https:\/\/familie-weitgereist.de\/wp-content\/uploads\/2021\/01\/IMG_20201218_153032-scaled.jpg\" alt=\"\" title=\"\" data-id=\"2466\"\/><\/figure><\/div><\/div><div class=\"glide__bullets\" data-glide-el=\"controls[nav]\"><button class=\"glide__bullet\" data-glide-dir=\"=0\"><\/button><button class=\"glide__bullet\" data-glide-dir=\"=1\"><\/button><button class=\"glide__bullet\" data-glide-dir=\"=2\"><\/button><\/div><\/div><\/div>\n\n\n\n<figure class=\"wp-block-image size-large\"><img loading=\"lazy\" decoding=\"async\" width=\"1024\" height=\"768\" src=\"https:\/\/familie-weitgereist.de\/wp-content\/uploads\/2021\/01\/IMG_20201204_143754-1024x768.jpg\" alt=\"\" class=\"wp-image-2459\" srcset=\"https:\/\/familie-weitgereist.de\/wp-content\/uploads\/2021\/01\/IMG_20201204_143754-1024x768.jpg 1024w, https:\/\/familie-weitgereist.de\/wp-content\/uploads\/2021\/01\/IMG_20201204_143754-300x225.jpg 300w, https:\/\/familie-weitgereist.de\/wp-content\/uploads\/2021\/01\/IMG_20201204_143754-768x576.jpg 768w, https:\/\/familie-weitgereist.de\/wp-content\/uploads\/2021\/01\/IMG_20201204_143754-1536x1152.jpg 1536w, https:\/\/familie-weitgereist.de\/wp-content\/uploads\/2021\/01\/IMG_20201204_143754-2048x1536.jpg 2048w, https:\/\/familie-weitgereist.de\/wp-content\/uploads\/2021\/01\/IMG_20201204_143754-1200x900.jpg 1200w, https:\/\/familie-weitgereist.de\/wp-content\/uploads\/2021\/01\/IMG_20201204_143754-1980x1485.jpg 1980w, https:\/\/familie-weitgereist.de\/wp-content\/uploads\/2021\/01\/IMG_20201204_143754-853x640.jpg 853w, https:\/\/familie-weitgereist.de\/wp-content\/uploads\/2021\/01\/IMG_20201204_143754-150x113.jpg 150w\" sizes=\"auto, (max-width: 1024px) 100vw, 1024px\" \/><figcaption class=\"wp-element-caption\">Geierswalder See<\/figcaption><\/figure>\n\n\n\n<p>Der <strong>Aussichtsturm &#8222;Rostiger Nagel&#8220; <\/strong>oder auch <strong>Landmarke<\/strong> genannt, liegt zwischen dem <strong>Sedlitzer<\/strong> und <strong>Geierswalder See<\/strong>. Aus 30m H\u00f6he genie\u00dft man traumhafte Ausblicke auf die Seen. Im Sommer l\u00e4dt ein kleiner Imbiss zum Verweilen ein.<\/p>\n\n\n\n<figure class=\"wp-block-image size-large\"><img loading=\"lazy\" decoding=\"async\" width=\"768\" height=\"1024\" src=\"https:\/\/familie-weitgereist.de\/wp-content\/uploads\/2021\/01\/IMG_20201218_122555-768x1024.jpg\" alt=\"\" class=\"wp-image-2458\" srcset=\"https:\/\/familie-weitgereist.de\/wp-content\/uploads\/2021\/01\/IMG_20201218_122555-768x1024.jpg 768w, https:\/\/familie-weitgereist.de\/wp-content\/uploads\/2021\/01\/IMG_20201218_122555-225x300.jpg 225w, https:\/\/familie-weitgereist.de\/wp-content\/uploads\/2021\/01\/IMG_20201218_122555-1152x1536.jpg 1152w, https:\/\/familie-weitgereist.de\/wp-content\/uploads\/2021\/01\/IMG_20201218_122555-1536x2048.jpg 1536w, https:\/\/familie-weitgereist.de\/wp-content\/uploads\/2021\/01\/IMG_20201218_122555-1200x1600.jpg 1200w, https:\/\/familie-weitgereist.de\/wp-content\/uploads\/2021\/01\/IMG_20201218_122555-1980x2640.jpg 1980w, https:\/\/familie-weitgereist.de\/wp-content\/uploads\/2021\/01\/IMG_20201218_122555-640x853.jpg 640w, https:\/\/familie-weitgereist.de\/wp-content\/uploads\/2021\/01\/IMG_20201218_122555-150x200.jpg 150w, https:\/\/familie-weitgereist.de\/wp-content\/uploads\/2021\/01\/IMG_20201218_122555-scaled.jpg 1920w\" sizes=\"auto, (max-width: 768px) 100vw, 768px\" \/><figcaption class=\"wp-element-caption\">Aussichtsturm &#8222;Rostiger Nagel&#8220;<\/figcaption><\/figure>\n\n\n\n<p>Auch die weniger bekannten Seen sind eine Fahrradtour wert. Viele kleinere Seen im Lausitzer Seenland sind noch nicht f\u00fcr den Badebetrieb zugelassen, da die Gefahr von Erdrutschen besteht. Die Fahrradwege sind dennoch schon sehr gut ausgebaut. Merlin und ich haben eine 50 km Radtour zur <strong>Blunoer S\u00fcdsee<\/strong> und dem <strong>Sabrodter See <\/strong>unternommen. Zurzeit ist der Radweg nach Hoyerswerda noch gesperrt. <\/p>\n\n\n\n<div id=\"wp-block-themeisle-blocks-slider-121d1f97\" class=\"wp-block-themeisle-blocks-slider glide\" data-per-view=\"1\" data-gap=\"0\" data-peek=\"0\" data-autoplay=\"true\" data-height=\"265px\" data-hide-arrows=\"false\"><div class=\"glide__track\" data-glide-el=\"track\"><div class=\"glide__slides\"><div class=\"wp-block-themeisle-blocks-slider-item-wrapper glide__slide\" tabindex=\"0\"><figure><img decoding=\"async\" class=\"wp-block-themeisle-blocks-slider-item\" src=\"https:\/\/familie-weitgereist.de\/wp-content\/uploads\/2021\/04\/IMG_20210413_134541-1-scaled.jpg\" alt=\"\" title=\"\" data-id=\"4101\"\/><figcaption>Sabrodter See<\/figcaption><\/figure><\/div><div class=\"wp-block-themeisle-blocks-slider-item-wrapper glide__slide\" tabindex=\"0\"><figure><img decoding=\"async\" class=\"wp-block-themeisle-blocks-slider-item\" src=\"https:\/\/familie-weitgereist.de\/wp-content\/uploads\/2021\/04\/IMG_20210413_134412-1-scaled.jpg\" alt=\"\" title=\"\" data-id=\"4102\"\/><figcaption>Sabrodter See (links), Blunoer S\u00fcdsee (rechts)<\/figcaption><\/figure><\/div><div class=\"wp-block-themeisle-blocks-slider-item-wrapper glide__slide\" tabindex=\"0\"><figure><img decoding=\"async\" class=\"wp-block-themeisle-blocks-slider-item\" src=\"https:\/\/familie-weitgereist.de\/wp-content\/uploads\/2021\/04\/IMG_20210413_132352-1-scaled.jpg\" alt=\"\" title=\"\" data-id=\"4103\"\/><figcaption>Fahrradweg nach Bluno<\/figcaption><\/figure><\/div><\/div><div class=\"glide__bullets\" data-glide-el=\"controls[nav]\"><button class=\"glide__bullet\" data-glide-dir=\"=0\"><\/button><button class=\"glide__bullet\" data-glide-dir=\"=1\"><\/button><button class=\"glide__bullet\" data-glide-dir=\"=2\"><\/button><\/div><\/div><\/div>\n\n\n\n<p>Das kleine Dorf <strong>Bluno<\/strong> ist wundersch\u00f6n. Viele Klinkerh\u00e4user zieren das Dorf. Das Wahrzeichen von Bluno ist die Kirche im Dorfzentrum. Bluno pflegt seine sorbischen Br\u00e4uche.<\/p>\n\n\n\n<figure class=\"wp-block-image size-large\"><img loading=\"lazy\" decoding=\"async\" width=\"1024\" height=\"768\" src=\"https:\/\/familie-weitgereist.de\/wp-content\/uploads\/2021\/04\/IMG_20210413_134911-1024x768.jpg\" alt=\"\" class=\"wp-image-4094\" srcset=\"https:\/\/familie-weitgereist.de\/wp-content\/uploads\/2021\/04\/IMG_20210413_134911-1024x768.jpg 1024w, https:\/\/familie-weitgereist.de\/wp-content\/uploads\/2021\/04\/IMG_20210413_134911-300x225.jpg 300w, https:\/\/familie-weitgereist.de\/wp-content\/uploads\/2021\/04\/IMG_20210413_134911-768x576.jpg 768w, https:\/\/familie-weitgereist.de\/wp-content\/uploads\/2021\/04\/IMG_20210413_134911-1536x1152.jpg 1536w, https:\/\/familie-weitgereist.de\/wp-content\/uploads\/2021\/04\/IMG_20210413_134911-2048x1536.jpg 2048w, https:\/\/familie-weitgereist.de\/wp-content\/uploads\/2021\/04\/IMG_20210413_134911-1200x900.jpg 1200w, https:\/\/familie-weitgereist.de\/wp-content\/uploads\/2021\/04\/IMG_20210413_134911-1980x1485.jpg 1980w, https:\/\/familie-weitgereist.de\/wp-content\/uploads\/2021\/04\/IMG_20210413_134911-853x640.jpg 853w, https:\/\/familie-weitgereist.de\/wp-content\/uploads\/2021\/04\/IMG_20210413_134911-150x113.jpg 150w\" sizes=\"auto, (max-width: 1024px) 100vw, 1024px\" \/><figcaption class=\"wp-element-caption\">Dorfkirche in Bluno<\/figcaption><\/figure>\n\n\n\n<p>Mit dem Fahrrad l\u00e4sst es sich ebenfalls wunderbar zwischen dem <strong>Sedlitzer<\/strong> und <strong>Partwitzer See<\/strong> radeln. Wir hatten als Tagesziel den <strong>Aussichtspunkt &#8222;Welzower<\/strong> <strong>Fenster&#8220;<\/strong>. Wir sind durch <strong>Lieske<\/strong> geradelt und konnten am Ortseingang eine wundersch\u00f6ne Kirche bestaunen. <\/p>\n\n\n\n<figure class=\"wp-block-image size-large\"><img loading=\"lazy\" decoding=\"async\" width=\"1024\" height=\"768\" src=\"https:\/\/familie-weitgereist.de\/wp-content\/uploads\/2021\/04\/IMG_20210420_112855-1024x768.jpg\" alt=\"\" class=\"wp-image-4796\" srcset=\"https:\/\/familie-weitgereist.de\/wp-content\/uploads\/2021\/04\/IMG_20210420_112855-1024x768.jpg 1024w, https:\/\/familie-weitgereist.de\/wp-content\/uploads\/2021\/04\/IMG_20210420_112855-300x225.jpg 300w, https:\/\/familie-weitgereist.de\/wp-content\/uploads\/2021\/04\/IMG_20210420_112855-768x576.jpg 768w, https:\/\/familie-weitgereist.de\/wp-content\/uploads\/2021\/04\/IMG_20210420_112855-1536x1152.jpg 1536w, https:\/\/familie-weitgereist.de\/wp-content\/uploads\/2021\/04\/IMG_20210420_112855-2048x1536.jpg 2048w, https:\/\/familie-weitgereist.de\/wp-content\/uploads\/2021\/04\/IMG_20210420_112855-1200x900.jpg 1200w, https:\/\/familie-weitgereist.de\/wp-content\/uploads\/2021\/04\/IMG_20210420_112855-1980x1485.jpg 1980w, https:\/\/familie-weitgereist.de\/wp-content\/uploads\/2021\/04\/IMG_20210420_112855-853x640.jpg 853w, https:\/\/familie-weitgereist.de\/wp-content\/uploads\/2021\/04\/IMG_20210420_112855-150x113.jpg 150w\" sizes=\"auto, (max-width: 1024px) 100vw, 1024px\" \/><figcaption class=\"wp-element-caption\">Dorfkirche Lieske<\/figcaption><\/figure>\n\n\n\n<p>Unser Fahrradtour f\u00fchrte uns weiter nach <strong>Welzow<\/strong>, was von Lieske nur ca. 2km entfernt liegt. Welzow besticht durch seinen Klinkerh\u00e4usercharme und wirbt mit dem Slogan &#8222;Die Stadt am Tagebau&#8220;. <\/p>\n\n\n\n<div id=\"wp-block-themeisle-blocks-slider-b292f871\" class=\"wp-block-themeisle-blocks-slider glide\" data-per-view=\"1\" data-gap=\"0\" data-peek=\"0\" data-autoplay=\"true\" data-height=\"400px\" data-hide-arrows=\"false\"><div class=\"glide__track\" data-glide-el=\"track\"><div class=\"glide__slides\"><div class=\"wp-block-themeisle-blocks-slider-item-wrapper glide__slide\" tabindex=\"0\"><figure><img decoding=\"async\" class=\"wp-block-themeisle-blocks-slider-item\" src=\"https:\/\/familie-weitgereist.de\/wp-content\/uploads\/2021\/04\/IMG_20210420_114117-scaled.jpg\" alt=\"\" title=\"\" data-id=\"4798\"\/><\/figure><\/div><div class=\"wp-block-themeisle-blocks-slider-item-wrapper glide__slide\" tabindex=\"0\"><figure><img decoding=\"async\" class=\"wp-block-themeisle-blocks-slider-item\" src=\"https:\/\/familie-weitgereist.de\/wp-content\/uploads\/2021\/04\/IMG_20210420_113840-scaled.jpg\" alt=\"\" title=\"\" data-id=\"4800\"\/><\/figure><\/div><\/div><div class=\"glide__bullets\" data-glide-el=\"controls[nav]\"><button class=\"glide__bullet\" data-glide-dir=\"=0\"><\/button><button class=\"glide__bullet\" data-glide-dir=\"=1\"><\/button><\/div><\/div><\/div>\n\n\n\n<p>Der Aussichtspunkt &#8222;Welzower Fenster&#8220; gibt einen gigantischen Blick frei auf den aktiven Braunkohletagebaubetrieb. Riesige Bagger sind hier am Werk. Es ist faszinierend zu sehen, wie unglaublich gro\u00df die Fl\u00e4che des Tagebaus ist. Hinweistafeln beschreiben den Tagebau und geben Anhaltspunkte f\u00fcr weitere Erkundungen in der Region.<\/p>\n\n\n\n<div id=\"wp-block-themeisle-blocks-slider-31b5c250\" class=\"wp-block-themeisle-blocks-slider glide\" data-per-view=\"1\" data-gap=\"0\" data-peek=\"0\" data-autoplay=\"true\" data-height=\"400px\" data-hide-arrows=\"false\"><div class=\"glide__track\" data-glide-el=\"track\"><div class=\"glide__slides\"><div class=\"wp-block-themeisle-blocks-slider-item-wrapper glide__slide\" tabindex=\"0\"><figure><img decoding=\"async\" class=\"wp-block-themeisle-blocks-slider-item\" src=\"https:\/\/familie-weitgereist.de\/wp-content\/uploads\/2021\/04\/IMG_20210420_125227-scaled.jpg\" alt=\"\" title=\"\" data-id=\"4802\"\/><\/figure><\/div><div class=\"wp-block-themeisle-blocks-slider-item-wrapper glide__slide\" tabindex=\"0\"><figure><img decoding=\"async\" class=\"wp-block-themeisle-blocks-slider-item\" src=\"https:\/\/familie-weitgereist.de\/wp-content\/uploads\/2021\/04\/IMG_20210420_123629-scaled.jpg\" alt=\"\" title=\"\" data-id=\"4803\"\/><\/figure><\/div><div class=\"wp-block-themeisle-blocks-slider-item-wrapper glide__slide\" tabindex=\"0\"><figure><img decoding=\"async\" class=\"wp-block-themeisle-blocks-slider-item\" src=\"https:\/\/familie-weitgereist.de\/wp-content\/uploads\/2021\/04\/IMG_20210420_123511-scaled.jpg\" alt=\"\" title=\"\" data-id=\"4804\"\/><\/figure><\/div><div class=\"wp-block-themeisle-blocks-slider-item-wrapper glide__slide\" tabindex=\"0\"><figure><img decoding=\"async\" class=\"wp-block-themeisle-blocks-slider-item\" src=\"https:\/\/familie-weitgereist.de\/wp-content\/uploads\/2021\/04\/IMG_20210420_122250-scaled.jpg\" alt=\"\" title=\"\" data-id=\"4806\"\/><\/figure><\/div><div class=\"wp-block-themeisle-blocks-slider-item-wrapper glide__slide\" tabindex=\"0\"><figure><img decoding=\"async\" class=\"wp-block-themeisle-blocks-slider-item\" src=\"https:\/\/familie-weitgereist.de\/wp-content\/uploads\/2021\/04\/IMG_20210420_122220-scaled.jpg\" alt=\"\" title=\"\" data-id=\"4807\"\/><\/figure><\/div><\/div><div class=\"glide__bullets\" data-glide-el=\"controls[nav]\"><button class=\"glide__bullet\" data-glide-dir=\"=0\"><\/button><button class=\"glide__bullet\" data-glide-dir=\"=1\"><\/button><button class=\"glide__bullet\" data-glide-dir=\"=2\"><\/button><button class=\"glide__bullet\" data-glide-dir=\"=3\"><\/button><button class=\"glide__bullet\" data-glide-dir=\"=4\"><\/button><\/div><\/div><\/div>\n\n\n\n<p>Nachdem wir den Blick auf den Tagebau genossen haben, sind wir in die Kleinstadt Welzow gefahren und haben uns den Stadtwald und dem dazugeh\u00f6rigen Clara See angesehen. Welzow wird das erste Mal 1280 urkundlich erw\u00e4hnt. Das Wort stammt aus dem Sorbischen und bedeutet &#8218;Wolf&#8216;. Durch die Entdeckung reicher Braunkohlevorkommen erlebte, das zum damaligen Zeitpunkt 200 Einwohner z\u00e4hlende Dorf, Mitte des 19. Jahrhunderts einen Aufschwung zum bedeutenden Industriestandort. Gegenw\u00e4rtig leben ca. 3400 Menschen in Welzow. Auch hier konnten wir viele Informationen \u00fcber den Tagebau erhalten. Toll ist, dass auf dem Fahrradweg mittels gro\u00dfer Jahreszahlen, historische Ereignisse beschrieben werden. Es gibt einiges zu entdecken, unter anderem auch Gleise und eine Lore. Zudem besitzt Welzow noch ein Freibad mit gro\u00dfer Rutsche und sch\u00f6nem Spielplatz. <\/p>\n\n\n\n<div id=\"wp-block-themeisle-blocks-slider-c9a37a1a\" class=\"wp-block-themeisle-blocks-slider glide\" data-per-view=\"1\" data-gap=\"0\" data-peek=\"0\" data-autoplay=\"true\" data-height=\"400px\" data-hide-arrows=\"false\"><div class=\"glide__track\" data-glide-el=\"track\"><div class=\"glide__slides\"><div class=\"wp-block-themeisle-blocks-slider-item-wrapper glide__slide\" tabindex=\"0\"><figure><img decoding=\"async\" class=\"wp-block-themeisle-blocks-slider-item\" src=\"https:\/\/familie-weitgereist.de\/wp-content\/uploads\/2021\/04\/IMG_20210420_141114-scaled.jpg\" alt=\"\" title=\"\" data-id=\"4809\"\/><\/figure><\/div><div class=\"wp-block-themeisle-blocks-slider-item-wrapper glide__slide\" tabindex=\"0\"><figure><img decoding=\"async\" class=\"wp-block-themeisle-blocks-slider-item\" src=\"https:\/\/familie-weitgereist.de\/wp-content\/uploads\/2021\/04\/IMG_20210420_135102-scaled.jpg\" alt=\"\" title=\"\" data-id=\"4811\"\/><\/figure><\/div><div class=\"wp-block-themeisle-blocks-slider-item-wrapper glide__slide\" tabindex=\"0\"><figure><img decoding=\"async\" class=\"wp-block-themeisle-blocks-slider-item\" src=\"https:\/\/familie-weitgereist.de\/wp-content\/uploads\/2021\/04\/IMG_20210420_132903-scaled.jpg\" alt=\"\" title=\"\" data-id=\"4812\"\/><\/figure><\/div><div class=\"wp-block-themeisle-blocks-slider-item-wrapper glide__slide\" tabindex=\"0\"><figure><img decoding=\"async\" class=\"wp-block-themeisle-blocks-slider-item\" src=\"https:\/\/familie-weitgereist.de\/wp-content\/uploads\/2021\/04\/IMG_20210420_131138-scaled.jpg\" alt=\"\" title=\"\" data-id=\"4814\"\/><\/figure><\/div><div class=\"wp-block-themeisle-blocks-slider-item-wrapper glide__slide\" tabindex=\"0\"><figure><img decoding=\"async\" class=\"wp-block-themeisle-blocks-slider-item\" src=\"https:\/\/familie-weitgereist.de\/wp-content\/uploads\/2021\/04\/IMG_20210420_130748-scaled.jpg\" alt=\"\" title=\"\" data-id=\"4816\"\/><\/figure><\/div><\/div><div class=\"glide__bullets\" data-glide-el=\"controls[nav]\"><button class=\"glide__bullet\" data-glide-dir=\"=0\"><\/button><button class=\"glide__bullet\" data-glide-dir=\"=1\"><\/button><button class=\"glide__bullet\" data-glide-dir=\"=2\"><\/button><button class=\"glide__bullet\" data-glide-dir=\"=3\"><\/button><button class=\"glide__bullet\" data-glide-dir=\"=4\"><\/button><\/div><\/div><\/div>\n\n\n\n<p>Unser R\u00fcckweg f\u00fchrte uns \u00fcber Proschim, einem kleinen 300 Einwohner z\u00e4hlenden Dorf.<\/p>\n\n\n\n<div id=\"wp-block-themeisle-blocks-slider-0d77336a\" class=\"wp-block-themeisle-blocks-slider glide\" data-per-view=\"1\" data-gap=\"0\" data-peek=\"0\" data-autoplay=\"true\" data-height=\"400px\" data-hide-arrows=\"false\"><div class=\"glide__track\" data-glide-el=\"track\"><div class=\"glide__slides\"><div class=\"wp-block-themeisle-blocks-slider-item-wrapper glide__slide\" tabindex=\"0\"><figure><img decoding=\"async\" class=\"wp-block-themeisle-blocks-slider-item\" src=\"https:\/\/familie-weitgereist.de\/wp-content\/uploads\/2021\/04\/IMG_20210420_142840-1-scaled.jpg\" alt=\"\" title=\"\" data-id=\"4822\"\/><\/figure><\/div><div class=\"wp-block-themeisle-blocks-slider-item-wrapper glide__slide\" tabindex=\"0\"><figure><img decoding=\"async\" class=\"wp-block-themeisle-blocks-slider-item\" src=\"https:\/\/familie-weitgereist.de\/wp-content\/uploads\/2021\/04\/IMG_20210420_142226-scaled.jpg\" alt=\"\" title=\"\" data-id=\"4826\"\/><\/figure><\/div><\/div><div class=\"glide__bullets\" data-glide-el=\"controls[nav]\"><button class=\"glide__bullet\" data-glide-dir=\"=0\"><\/button><button class=\"glide__bullet\" data-glide-dir=\"=1\"><\/button><\/div><\/div><\/div>\n\n\n\n<h2 class=\"wp-block-heading\" id=\"grossraeschen\">Gro\u00dfr\u00e4schen<\/h2>\n\n\n\n<p>Gro\u00dfr\u00e4schen ist eine Seestadt und liegt am Gro\u00dfr\u00e4schener See, auch Ilse-See genannt. Der Seerundweg ist hier noch nicht ganz vollendet. Es ist m\u00f6glich um den See zu fahren, jedoch wurde noch nicht die gesamte Strecke asphaltiert. <\/p>\n\n\n\n<p>Wir waren mit dem Fahrrad unterwegs und haben uns die Allee der Steine und die Victoria H\u00f6he angesehen. Von dieser hat man einen guten Ausblick auf den sich noch f\u00fcllenden See und die handverlesenen Bergbaufindlinge, die an die zur\u00fcckliegende Bergbaulandschaft erinnert. Zum Abschluss gab es noch einen Besuch auf einem Spielplatz in einem neueren Wohngebiet von Gro\u00dfr\u00e4schen.<\/p>\n\n\n\n<figure class=\"wp-block-image size-large\"><img loading=\"lazy\" decoding=\"async\" width=\"768\" height=\"1024\" src=\"https:\/\/familie-weitgereist.de\/wp-content\/uploads\/2021\/01\/IMG_20201223_131635-768x1024.jpg\" alt=\"\" class=\"wp-image-2485\" srcset=\"https:\/\/familie-weitgereist.de\/wp-content\/uploads\/2021\/01\/IMG_20201223_131635-768x1024.jpg 768w, https:\/\/familie-weitgereist.de\/wp-content\/uploads\/2021\/01\/IMG_20201223_131635-225x300.jpg 225w, https:\/\/familie-weitgereist.de\/wp-content\/uploads\/2021\/01\/IMG_20201223_131635-1152x1536.jpg 1152w, https:\/\/familie-weitgereist.de\/wp-content\/uploads\/2021\/01\/IMG_20201223_131635-1536x2048.jpg 1536w, https:\/\/familie-weitgereist.de\/wp-content\/uploads\/2021\/01\/IMG_20201223_131635-1200x1600.jpg 1200w, https:\/\/familie-weitgereist.de\/wp-content\/uploads\/2021\/01\/IMG_20201223_131635-1980x2640.jpg 1980w, https:\/\/familie-weitgereist.de\/wp-content\/uploads\/2021\/01\/IMG_20201223_131635-640x853.jpg 640w, https:\/\/familie-weitgereist.de\/wp-content\/uploads\/2021\/01\/IMG_20201223_131635-150x200.jpg 150w, https:\/\/familie-weitgereist.de\/wp-content\/uploads\/2021\/01\/IMG_20201223_131635-scaled.jpg 1920w\" sizes=\"auto, (max-width: 768px) 100vw, 768px\" \/><figcaption class=\"wp-element-caption\">Victoria H\u00f6he<\/figcaption><\/figure>\n\n\n\n<div id=\"wp-block-themeisle-blocks-slider-ec8df8ab\" class=\"wp-block-themeisle-blocks-slider glide\" data-per-view=\"1\" data-gap=\"0\" data-peek=\"0\" data-autoplay=\"true\" data-height=\"400px\" data-hide-arrows=\"false\"><div class=\"glide__track\" data-glide-el=\"track\"><div class=\"glide__slides\"><div class=\"wp-block-themeisle-blocks-slider-item-wrapper glide__slide\" tabindex=\"0\"><figure><img decoding=\"async\" class=\"wp-block-themeisle-blocks-slider-item\" src=\"https:\/\/familie-weitgereist.de\/wp-content\/uploads\/2021\/01\/IMG_20201223_130103-4-scaled.jpg\" alt=\"\" title=\"\" data-id=\"2571\"\/><\/figure><\/div><div class=\"wp-block-themeisle-blocks-slider-item-wrapper glide__slide\" tabindex=\"0\"><figure><img decoding=\"async\" class=\"wp-block-themeisle-blocks-slider-item\" src=\"https:\/\/familie-weitgereist.de\/wp-content\/uploads\/2021\/01\/IMG_20201223_130226-1-scaled.jpg\" alt=\"\" title=\"\" data-id=\"2572\"\/><\/figure><\/div><div class=\"wp-block-themeisle-blocks-slider-item-wrapper glide__slide\" tabindex=\"0\"><figure><img decoding=\"async\" class=\"wp-block-themeisle-blocks-slider-item\" src=\"https:\/\/familie-weitgereist.de\/wp-content\/uploads\/2021\/01\/IMG_20201223_154221-scaled.jpg\" alt=\"\" title=\"\" data-id=\"2574\"\/><\/figure><\/div><div class=\"wp-block-themeisle-blocks-slider-item-wrapper glide__slide\" tabindex=\"0\"><figure><img decoding=\"async\" class=\"wp-block-themeisle-blocks-slider-item\" src=\"https:\/\/familie-weitgereist.de\/wp-content\/uploads\/2021\/01\/IMG_20201223_154425-scaled.jpg\" alt=\"\" title=\"\" data-id=\"2575\"\/><\/figure><\/div><\/div><div class=\"glide__bullets\" data-glide-el=\"controls[nav]\"><button class=\"glide__bullet\" data-glide-dir=\"=0\"><\/button><button class=\"glide__bullet\" data-glide-dir=\"=1\"><\/button><button class=\"glide__bullet\" data-glide-dir=\"=2\"><\/button><button class=\"glide__bullet\" data-glide-dir=\"=3\"><\/button><\/div><\/div><\/div>\n\n\n\n<figure class=\"wp-block-image size-large\"><img loading=\"lazy\" decoding=\"async\" width=\"1024\" height=\"768\" src=\"https:\/\/familie-weitgereist.de\/wp-content\/uploads\/2021\/01\/IMG_20201223_142608-1-1024x768.jpg\" alt=\"\" class=\"wp-image-2491\" srcset=\"https:\/\/familie-weitgereist.de\/wp-content\/uploads\/2021\/01\/IMG_20201223_142608-1-1024x768.jpg 1024w, https:\/\/familie-weitgereist.de\/wp-content\/uploads\/2021\/01\/IMG_20201223_142608-1-300x225.jpg 300w, https:\/\/familie-weitgereist.de\/wp-content\/uploads\/2021\/01\/IMG_20201223_142608-1-768x576.jpg 768w, https:\/\/familie-weitgereist.de\/wp-content\/uploads\/2021\/01\/IMG_20201223_142608-1-1536x1152.jpg 1536w, https:\/\/familie-weitgereist.de\/wp-content\/uploads\/2021\/01\/IMG_20201223_142608-1-2048x1536.jpg 2048w, https:\/\/familie-weitgereist.de\/wp-content\/uploads\/2021\/01\/IMG_20201223_142608-1-1200x900.jpg 1200w, https:\/\/familie-weitgereist.de\/wp-content\/uploads\/2021\/01\/IMG_20201223_142608-1-1980x1485.jpg 1980w, https:\/\/familie-weitgereist.de\/wp-content\/uploads\/2021\/01\/IMG_20201223_142608-1-853x640.jpg 853w, https:\/\/familie-weitgereist.de\/wp-content\/uploads\/2021\/01\/IMG_20201223_142608-1-150x113.jpg 150w\" sizes=\"auto, (max-width: 1024px) 100vw, 1024px\" \/><figcaption class=\"wp-element-caption\">Spielplatz in Gro\u00dfr\u00e4schen<\/figcaption><\/figure>\n\n\n\n<h2 class=\"wp-block-heading\" id=\"annahuette\">Annah\u00fctte<\/h2>\n\n\n\n<p>Annah\u00fctte ist ein kleiner Ort in der N\u00e4he von Senftenberg und besitzt, wie im Seenland \u00fcblich, auch einen eigenen See, den Annah\u00fctter See. Auch diesen See kann man mit dem Fahrrad umfahren. Es geht durch sch\u00f6ne W\u00e4lder, vorbei an einem kleinen Campingplatz mitten im Wald. <\/p>\n\n\n\n<div id=\"wp-block-themeisle-blocks-slider-7e97d77f\" class=\"wp-block-themeisle-blocks-slider glide\" data-per-view=\"1\" data-gap=\"0\" data-peek=\"0\" data-autoplay=\"true\" data-height=\"418px\" data-hide-arrows=\"false\"><div class=\"glide__track\" data-glide-el=\"track\"><div class=\"glide__slides\"><div class=\"wp-block-themeisle-blocks-slider-item-wrapper glide__slide\" tabindex=\"0\"><figure><img decoding=\"async\" class=\"wp-block-themeisle-blocks-slider-item\" src=\"https:\/\/familie-weitgereist.de\/wp-content\/uploads\/2021\/01\/IMG_20201102_164512-scaled.jpg\" alt=\"\" title=\"\" data-id=\"2561\"\/><\/figure><\/div><div class=\"wp-block-themeisle-blocks-slider-item-wrapper glide__slide\" tabindex=\"0\"><figure><img decoding=\"async\" class=\"wp-block-themeisle-blocks-slider-item\" src=\"https:\/\/familie-weitgereist.de\/wp-content\/uploads\/2021\/01\/IMG_20201102_164648-scaled.jpg\" alt=\"\" title=\"\" data-id=\"2562\"\/><\/figure><\/div><div class=\"wp-block-themeisle-blocks-slider-item-wrapper glide__slide\" tabindex=\"0\"><figure><img decoding=\"async\" class=\"wp-block-themeisle-blocks-slider-item\" src=\"https:\/\/familie-weitgereist.de\/wp-content\/uploads\/2021\/01\/IMG_20201102_161559-scaled.jpg\" alt=\"\" title=\"\" data-id=\"2564\"\/><\/figure><\/div><\/div><div class=\"glide__bullets\" data-glide-el=\"controls[nav]\"><button class=\"glide__bullet\" data-glide-dir=\"=0\"><\/button><button class=\"glide__bullet\" data-glide-dir=\"=1\"><\/button><button class=\"glide__bullet\" data-glide-dir=\"=2\"><\/button><\/div><\/div><\/div>\n\n\n\n<p>Der Aussichtspunkt &#8222;Roter Strumpf&#8220; erhielt seinen Namen von einer ehemaligen Strumpfwarenfabrik aus dem fr\u00fchen 19. Jahrhundert, an eben diesem Ort. Die Legende besagt, dass alle Mitarbeiter rote Str\u00fcmpfe trugen. <\/p>\n\n\n\n<figure class=\"wp-block-image size-large\"><img loading=\"lazy\" decoding=\"async\" width=\"1024\" height=\"768\" src=\"https:\/\/familie-weitgereist.de\/wp-content\/uploads\/2021\/01\/IMG_20201102_161300-1024x768.jpg\" alt=\"\" class=\"wp-image-2556\" srcset=\"https:\/\/familie-weitgereist.de\/wp-content\/uploads\/2021\/01\/IMG_20201102_161300-1024x768.jpg 1024w, https:\/\/familie-weitgereist.de\/wp-content\/uploads\/2021\/01\/IMG_20201102_161300-300x225.jpg 300w, https:\/\/familie-weitgereist.de\/wp-content\/uploads\/2021\/01\/IMG_20201102_161300-768x576.jpg 768w, https:\/\/familie-weitgereist.de\/wp-content\/uploads\/2021\/01\/IMG_20201102_161300-1536x1152.jpg 1536w, https:\/\/familie-weitgereist.de\/wp-content\/uploads\/2021\/01\/IMG_20201102_161300-2048x1536.jpg 2048w, https:\/\/familie-weitgereist.de\/wp-content\/uploads\/2021\/01\/IMG_20201102_161300-1200x900.jpg 1200w, https:\/\/familie-weitgereist.de\/wp-content\/uploads\/2021\/01\/IMG_20201102_161300-1980x1485.jpg 1980w, https:\/\/familie-weitgereist.de\/wp-content\/uploads\/2021\/01\/IMG_20201102_161300-853x640.jpg 853w, https:\/\/familie-weitgereist.de\/wp-content\/uploads\/2021\/01\/IMG_20201102_161300-150x113.jpg 150w\" sizes=\"auto, (max-width: 1024px) 100vw, 1024px\" \/><figcaption class=\"wp-element-caption\">Blick vom &#8222;Roten Strumpf&#8220;<\/figcaption><\/figure>\n\n\n\n<p>Das Wahrzeichen von Annah\u00fctte ist die Henrietten-Kirche.<\/p>\n\n\n\n<figure class=\"wp-block-image size-large\"><img loading=\"lazy\" decoding=\"async\" width=\"768\" height=\"1024\" src=\"https:\/\/familie-weitgereist.de\/wp-content\/uploads\/2021\/01\/IMG_20201102_153449-768x1024.jpg\" alt=\"\" class=\"wp-image-2559\" srcset=\"https:\/\/familie-weitgereist.de\/wp-content\/uploads\/2021\/01\/IMG_20201102_153449-768x1024.jpg 768w, https:\/\/familie-weitgereist.de\/wp-content\/uploads\/2021\/01\/IMG_20201102_153449-225x300.jpg 225w, https:\/\/familie-weitgereist.de\/wp-content\/uploads\/2021\/01\/IMG_20201102_153449-1152x1536.jpg 1152w, https:\/\/familie-weitgereist.de\/wp-content\/uploads\/2021\/01\/IMG_20201102_153449-1536x2048.jpg 1536w, https:\/\/familie-weitgereist.de\/wp-content\/uploads\/2021\/01\/IMG_20201102_153449-1200x1600.jpg 1200w, https:\/\/familie-weitgereist.de\/wp-content\/uploads\/2021\/01\/IMG_20201102_153449-1980x2640.jpg 1980w, https:\/\/familie-weitgereist.de\/wp-content\/uploads\/2021\/01\/IMG_20201102_153449-640x853.jpg 640w, https:\/\/familie-weitgereist.de\/wp-content\/uploads\/2021\/01\/IMG_20201102_153449-150x200.jpg 150w, https:\/\/familie-weitgereist.de\/wp-content\/uploads\/2021\/01\/IMG_20201102_153449-scaled.jpg 1920w\" sizes=\"auto, (max-width: 768px) 100vw, 768px\" \/><figcaption class=\"wp-element-caption\">Henrietten-Kirche<\/figcaption><\/figure>\n\n\n\n<p>In Annah\u00fctte wurde im 19. Jahrhundert Braunkohle abgebaut und Glas hergestellt. Die ehemalige Glasarbeitersiedlung gibt es immer noch. Heute sind es Reihenfamilienh\u00e4user, die dem Ortskern einen besonderen Charme verleihen.<\/p>\n\n\n\n<figure class=\"wp-block-image size-large\"><img loading=\"lazy\" decoding=\"async\" width=\"1024\" height=\"768\" src=\"https:\/\/familie-weitgereist.de\/wp-content\/uploads\/2021\/01\/IMG_20201102_153659-1024x768.jpg\" alt=\"\" class=\"wp-image-2560\" srcset=\"https:\/\/familie-weitgereist.de\/wp-content\/uploads\/2021\/01\/IMG_20201102_153659-1024x768.jpg 1024w, https:\/\/familie-weitgereist.de\/wp-content\/uploads\/2021\/01\/IMG_20201102_153659-300x225.jpg 300w, https:\/\/familie-weitgereist.de\/wp-content\/uploads\/2021\/01\/IMG_20201102_153659-768x576.jpg 768w, https:\/\/familie-weitgereist.de\/wp-content\/uploads\/2021\/01\/IMG_20201102_153659-1536x1152.jpg 1536w, https:\/\/familie-weitgereist.de\/wp-content\/uploads\/2021\/01\/IMG_20201102_153659-2048x1536.jpg 2048w, https:\/\/familie-weitgereist.de\/wp-content\/uploads\/2021\/01\/IMG_20201102_153659-1200x900.jpg 1200w, https:\/\/familie-weitgereist.de\/wp-content\/uploads\/2021\/01\/IMG_20201102_153659-1980x1485.jpg 1980w, https:\/\/familie-weitgereist.de\/wp-content\/uploads\/2021\/01\/IMG_20201102_153659-853x640.jpg 853w, https:\/\/familie-weitgereist.de\/wp-content\/uploads\/2021\/01\/IMG_20201102_153659-150x113.jpg 150w\" sizes=\"auto, (max-width: 1024px) 100vw, 1024px\" \/><figcaption class=\"wp-element-caption\">Glasmachersiedlung<\/figcaption><\/figure>\n\n\n\n<h2 class=\"wp-block-heading\" id=\"gruenewald\">Gr\u00fcnewalder Lauch<\/h2>\n\n\n\n<p>Der Gr\u00fcnewalder Lauch ist ein Badesee eingebettet in ein Naturschutzgebiet namens &#8222;Der Loben&#8220;. Im Naturpark Niederlausitzer Heidelandschaft nahe der Stadt Lauchhammer liegt dieses idyllische Gebiet. Wir haben einen erholsamen Tag dort verbracht. Es gibt mehrere Spielpl\u00e4tze, einen Badestrand und einen Rundweg um den See. Dieser See geh\u00f6rt, wie auch die gr\u00f6\u00dferen Seen der Umgebung, zur Bergbaufolgelandschaft. Im Sommer wird hier einiges mehr los sein, als in den Wintermonaten, denn angrenzend befinden sich viele Lauben. <\/p>\n\n\n\n<figure class=\"wp-block-image size-large\"><img loading=\"lazy\" decoding=\"async\" width=\"1024\" height=\"768\" src=\"https:\/\/familie-weitgereist.de\/wp-content\/uploads\/2021\/01\/IMG_20201205_124550-1024x768.jpg\" alt=\"\" class=\"wp-image-2525\" srcset=\"https:\/\/familie-weitgereist.de\/wp-content\/uploads\/2021\/01\/IMG_20201205_124550-1024x768.jpg 1024w, https:\/\/familie-weitgereist.de\/wp-content\/uploads\/2021\/01\/IMG_20201205_124550-300x225.jpg 300w, https:\/\/familie-weitgereist.de\/wp-content\/uploads\/2021\/01\/IMG_20201205_124550-768x576.jpg 768w, https:\/\/familie-weitgereist.de\/wp-content\/uploads\/2021\/01\/IMG_20201205_124550-1536x1152.jpg 1536w, https:\/\/familie-weitgereist.de\/wp-content\/uploads\/2021\/01\/IMG_20201205_124550-2048x1536.jpg 2048w, https:\/\/familie-weitgereist.de\/wp-content\/uploads\/2021\/01\/IMG_20201205_124550-1200x900.jpg 1200w, https:\/\/familie-weitgereist.de\/wp-content\/uploads\/2021\/01\/IMG_20201205_124550-1980x1485.jpg 1980w, https:\/\/familie-weitgereist.de\/wp-content\/uploads\/2021\/01\/IMG_20201205_124550-853x640.jpg 853w, https:\/\/familie-weitgereist.de\/wp-content\/uploads\/2021\/01\/IMG_20201205_124550-150x113.jpg 150w\" sizes=\"auto, (max-width: 1024px) 100vw, 1024px\" \/><figcaption class=\"wp-element-caption\">Gr\u00fcnewalder Lauch<\/figcaption><\/figure>\n\n\n\n<div id=\"wp-block-themeisle-blocks-slider-9504ea07\" class=\"wp-block-themeisle-blocks-slider glide\" data-per-view=\"1\" data-gap=\"0\" data-peek=\"0\" data-autoplay=\"true\" data-height=\"349px\" data-hide-arrows=\"false\"><div class=\"glide__track\" data-glide-el=\"track\"><div class=\"glide__slides\"><div class=\"wp-block-themeisle-blocks-slider-item-wrapper glide__slide\" tabindex=\"0\"><figure><img decoding=\"async\" class=\"wp-block-themeisle-blocks-slider-item\" src=\"https:\/\/familie-weitgereist.de\/wp-content\/uploads\/2021\/01\/IMG_20201205_123331-scaled.jpg\" alt=\"\" title=\"\" data-id=\"2527\"\/><\/figure><\/div><div class=\"wp-block-themeisle-blocks-slider-item-wrapper glide__slide\" tabindex=\"0\"><figure><img decoding=\"async\" class=\"wp-block-themeisle-blocks-slider-item\" src=\"https:\/\/familie-weitgereist.de\/wp-content\/uploads\/2021\/01\/IMG_20201205_125806-scaled.jpg\" alt=\"\" title=\"\" data-id=\"2529\"\/><\/figure><\/div><div class=\"wp-block-themeisle-blocks-slider-item-wrapper glide__slide\" tabindex=\"0\"><figure><img decoding=\"async\" class=\"wp-block-themeisle-blocks-slider-item\" src=\"https:\/\/familie-weitgereist.de\/wp-content\/uploads\/2021\/01\/IMG_20201205_151424-scaled.jpg\" alt=\"\" title=\"\" data-id=\"2530\"\/><\/figure><\/div><\/div><div class=\"glide__bullets\" data-glide-el=\"controls[nav]\"><button class=\"glide__bullet\" data-glide-dir=\"=0\"><\/button><button class=\"glide__bullet\" data-glide-dir=\"=1\"><\/button><button class=\"glide__bullet\" data-glide-dir=\"=2\"><\/button><\/div><\/div><\/div>\n\n\n\n<h2 class=\"wp-block-heading\" id=\"spremberg\">Spremberg<\/h2>\n\n\n\n<p>Spremberg ist eine Stadt im S\u00fcden Brandenburgs und wird seit 2013 offiziell auch als &#8222;Perle der Lausitz&#8220; erw\u00e4hnt. Der Name der Stadt geht zur\u00fcck auf die Bezeichnung &#8222;Spree am Berg&#8220;, da die Spree durch die Stadt flie\u00dft und tats\u00e4chlich liegt Spremberg auch an einem kleineren Berg. Die Stadt hat eine sehenswerte Altstadt, besonders gefallen hat uns jedoch der Spremberger Stadtpark. <\/p>\n\n\n\n<figure class=\"wp-block-image size-large\"><img loading=\"lazy\" decoding=\"async\" width=\"1024\" height=\"768\" src=\"https:\/\/familie-weitgereist.de\/wp-content\/uploads\/2021\/01\/IMG_20201121_125255-1024x768.jpg\" alt=\"\" class=\"wp-image-2515\" srcset=\"https:\/\/familie-weitgereist.de\/wp-content\/uploads\/2021\/01\/IMG_20201121_125255-1024x768.jpg 1024w, https:\/\/familie-weitgereist.de\/wp-content\/uploads\/2021\/01\/IMG_20201121_125255-300x225.jpg 300w, https:\/\/familie-weitgereist.de\/wp-content\/uploads\/2021\/01\/IMG_20201121_125255-768x576.jpg 768w, https:\/\/familie-weitgereist.de\/wp-content\/uploads\/2021\/01\/IMG_20201121_125255-1536x1152.jpg 1536w, https:\/\/familie-weitgereist.de\/wp-content\/uploads\/2021\/01\/IMG_20201121_125255-2048x1536.jpg 2048w, https:\/\/familie-weitgereist.de\/wp-content\/uploads\/2021\/01\/IMG_20201121_125255-1200x900.jpg 1200w, https:\/\/familie-weitgereist.de\/wp-content\/uploads\/2021\/01\/IMG_20201121_125255-1980x1485.jpg 1980w, https:\/\/familie-weitgereist.de\/wp-content\/uploads\/2021\/01\/IMG_20201121_125255-853x640.jpg 853w, https:\/\/familie-weitgereist.de\/wp-content\/uploads\/2021\/01\/IMG_20201121_125255-150x113.jpg 150w\" sizes=\"auto, (max-width: 1024px) 100vw, 1024px\" \/><figcaption class=\"wp-element-caption\">Stadtpark Spremberg<\/figcaption><\/figure>\n\n\n\n<div id=\"wp-block-themeisle-blocks-slider-879fb8e1\" class=\"wp-block-themeisle-blocks-slider glide\" data-per-view=\"1\" data-gap=\"0\" data-peek=\"0\" data-autoplay=\"true\" data-height=\"383px\" data-hide-arrows=\"false\"><div class=\"glide__track\" data-glide-el=\"track\"><div class=\"glide__slides\"><div class=\"wp-block-themeisle-blocks-slider-item-wrapper glide__slide\" tabindex=\"0\"><figure><img decoding=\"async\" class=\"wp-block-themeisle-blocks-slider-item\" src=\"https:\/\/familie-weitgereist.de\/wp-content\/uploads\/2021\/01\/IMG_20201121_135111-scaled.jpg\" alt=\"\" title=\"\" data-id=\"2516\"\/><figcaption>Bismarkturm<\/figcaption><\/figure><\/div><div class=\"wp-block-themeisle-blocks-slider-item-wrapper glide__slide\" tabindex=\"0\"><figure><img decoding=\"async\" class=\"wp-block-themeisle-blocks-slider-item\" src=\"https:\/\/familie-weitgereist.de\/wp-content\/uploads\/2021\/01\/IMG_20201121_142146-scaled.jpg\" alt=\"\" title=\"\" data-id=\"2517\"\/><\/figure><\/div><div class=\"wp-block-themeisle-blocks-slider-item-wrapper glide__slide\" tabindex=\"0\"><figure><img decoding=\"async\" class=\"wp-block-themeisle-blocks-slider-item\" src=\"https:\/\/familie-weitgereist.de\/wp-content\/uploads\/2021\/01\/IMG_20201121_114844-scaled.jpg\" alt=\"\" title=\"\" data-id=\"2518\"\/><figcaption>Kreuzkirche<\/figcaption><\/figure><\/div><div class=\"wp-block-themeisle-blocks-slider-item-wrapper glide__slide\" tabindex=\"0\"><figure><img decoding=\"async\" class=\"wp-block-themeisle-blocks-slider-item\" src=\"https:\/\/familie-weitgereist.de\/wp-content\/uploads\/2021\/01\/IMG_20201121_144620-scaled.jpg\" alt=\"\" title=\"\" data-id=\"2519\"\/><figcaption>Blick auf das Werk &#8222;Schwarze Pumpe&#8220;<\/figcaption><\/figure><\/div><\/div><div class=\"glide__bullets\" data-glide-el=\"controls[nav]\"><button class=\"glide__bullet\" data-glide-dir=\"=0\"><\/button><button class=\"glide__bullet\" data-glide-dir=\"=1\"><\/button><button class=\"glide__bullet\" data-glide-dir=\"=2\"><\/button><button class=\"glide__bullet\" data-glide-dir=\"=3\"><\/button><\/div><\/div><\/div>\n\n\n\n<h2 class=\"wp-block-heading has-text-align-center\" id=\"sachsen\">Sachsen<\/h2>\n\n\n\n<p>Im Folgenden werde ich unsere Erlebnisse in Sachsen zusammenfassen und Ausflugstipps geben.<\/p>\n\n\n\n<h2 class=\"wp-block-heading\" id=\"bautzen\">Bautzen<\/h2>\n\n\n\n<p>Bautzen ist eine gro\u00dfe Kreisstadt in Sachsen und liegt an der Spree. Bautzen hat eine wunderbare Altstadt, die von Weitem wie von Nahem zum Schlendern und Bestaunen einl\u00e4dt. Die sehr gut erhaltene Stadtmauer, an der man in Teilen noch entlang laufen kann, ist ein Highlight. <\/p>\n\n\n\n<figure class=\"wp-block-image size-large\"><img loading=\"lazy\" decoding=\"async\" width=\"768\" height=\"1024\" src=\"https:\/\/familie-weitgereist.de\/wp-content\/uploads\/2021\/01\/IMG_20201225_222126_562-768x1024.jpg\" alt=\"\" class=\"wp-image-2683\" srcset=\"https:\/\/familie-weitgereist.de\/wp-content\/uploads\/2021\/01\/IMG_20201225_222126_562-768x1024.jpg 768w, https:\/\/familie-weitgereist.de\/wp-content\/uploads\/2021\/01\/IMG_20201225_222126_562-225x300.jpg 225w, https:\/\/familie-weitgereist.de\/wp-content\/uploads\/2021\/01\/IMG_20201225_222126_562-640x853.jpg 640w, https:\/\/familie-weitgereist.de\/wp-content\/uploads\/2021\/01\/IMG_20201225_222126_562-150x200.jpg 150w, https:\/\/familie-weitgereist.de\/wp-content\/uploads\/2021\/01\/IMG_20201225_222126_562.jpg 960w\" sizes=\"auto, (max-width: 768px) 100vw, 768px\" \/><figcaption class=\"wp-element-caption\">Stadtmauer Bautzen<\/figcaption><\/figure>\n\n\n\n<div id=\"wp-block-themeisle-blocks-slider-5392d024\" class=\"wp-block-themeisle-blocks-slider glide\" data-per-view=\"1\" data-gap=\"0\" data-peek=\"0\" data-autoplay=\"true\" data-height=\"372px\" data-hide-arrows=\"false\"><div class=\"glide__track\" data-glide-el=\"track\"><div class=\"glide__slides\"><div class=\"wp-block-themeisle-blocks-slider-item-wrapper glide__slide\" tabindex=\"0\"><figure><img decoding=\"async\" class=\"wp-block-themeisle-blocks-slider-item\" src=\"https:\/\/familie-weitgereist.de\/wp-content\/uploads\/2021\/01\/IMG_20201225_222032_192.jpg\" alt=\"\" title=\"\" data-id=\"2688\"\/><\/figure><\/div><div class=\"wp-block-themeisle-blocks-slider-item-wrapper glide__slide\" tabindex=\"0\"><figure><img decoding=\"async\" class=\"wp-block-themeisle-blocks-slider-item\" src=\"https:\/\/familie-weitgereist.de\/wp-content\/uploads\/2021\/01\/IMG_20201225_222109_186.jpg\" alt=\"\" title=\"\" data-id=\"2689\"\/><\/figure><\/div><div class=\"wp-block-themeisle-blocks-slider-item-wrapper glide__slide\" tabindex=\"0\"><figure><img decoding=\"async\" class=\"wp-block-themeisle-blocks-slider-item\" src=\"https:\/\/familie-weitgereist.de\/wp-content\/uploads\/2021\/01\/IMG_20201225_222207_880.jpg\" alt=\"\" title=\"\" data-id=\"2690\"\/><\/figure><\/div><div class=\"wp-block-themeisle-blocks-slider-item-wrapper glide__slide\" tabindex=\"0\"><figure><img decoding=\"async\" class=\"wp-block-themeisle-blocks-slider-item\" src=\"https:\/\/familie-weitgereist.de\/wp-content\/uploads\/2021\/01\/IMG_20201225_222218_464.jpg\" alt=\"\" title=\"\" data-id=\"2691\"\/><\/figure><\/div><\/div><div class=\"glide__bullets\" data-glide-el=\"controls[nav]\"><button class=\"glide__bullet\" data-glide-dir=\"=0\"><\/button><button class=\"glide__bullet\" data-glide-dir=\"=1\"><\/button><button class=\"glide__bullet\" data-glide-dir=\"=2\"><\/button><button class=\"glide__bullet\" data-glide-dir=\"=3\"><\/button><\/div><\/div><\/div>\n\n\n\n<p>Bautzen hat so viele tolle Spielpl\u00e4tze! Wir haben hinter jeder Ecke einen neuen Spielplatz entdeckt. Hier wurde sich richtig viel Gedanken gemacht, denn die Spielpl\u00e4tze passen thematisch immer sehr gut in das Stadtbild. <\/p>\n\n\n\n<figure class=\"wp-block-gallery has-nested-images columns-default is-cropped wp-block-gallery-1 is-layout-flex wp-block-gallery-is-layout-flex\">\n<figure class=\"wp-block-image size-large\"><img loading=\"lazy\" decoding=\"async\" width=\"1024\" height=\"768\" data-id=\"2685\" src=\"https:\/\/familie-weitgereist.de\/wp-content\/uploads\/2021\/01\/IMG_20201225_132544-1024x768.jpg\" alt=\"\" class=\"wp-image-2685\" srcset=\"https:\/\/familie-weitgereist.de\/wp-content\/uploads\/2021\/01\/IMG_20201225_132544-1024x768.jpg 1024w, https:\/\/familie-weitgereist.de\/wp-content\/uploads\/2021\/01\/IMG_20201225_132544-300x225.jpg 300w, https:\/\/familie-weitgereist.de\/wp-content\/uploads\/2021\/01\/IMG_20201225_132544-768x576.jpg 768w, https:\/\/familie-weitgereist.de\/wp-content\/uploads\/2021\/01\/IMG_20201225_132544-1536x1152.jpg 1536w, https:\/\/familie-weitgereist.de\/wp-content\/uploads\/2021\/01\/IMG_20201225_132544-2048x1536.jpg 2048w, https:\/\/familie-weitgereist.de\/wp-content\/uploads\/2021\/01\/IMG_20201225_132544-1200x900.jpg 1200w, https:\/\/familie-weitgereist.de\/wp-content\/uploads\/2021\/01\/IMG_20201225_132544-1980x1485.jpg 1980w, https:\/\/familie-weitgereist.de\/wp-content\/uploads\/2021\/01\/IMG_20201225_132544-853x640.jpg 853w, https:\/\/familie-weitgereist.de\/wp-content\/uploads\/2021\/01\/IMG_20201225_132544-150x113.jpg 150w\" sizes=\"auto, (max-width: 1024px) 100vw, 1024px\" \/><\/figure>\n\n\n\n<figure class=\"wp-block-image size-large\"><img loading=\"lazy\" decoding=\"async\" width=\"768\" height=\"1024\" data-id=\"2686\" src=\"https:\/\/familie-weitgereist.de\/wp-content\/uploads\/2021\/01\/IMG_20201225_143443-768x1024.jpg\" alt=\"\" class=\"wp-image-2686\" srcset=\"https:\/\/familie-weitgereist.de\/wp-content\/uploads\/2021\/01\/IMG_20201225_143443-768x1024.jpg 768w, https:\/\/familie-weitgereist.de\/wp-content\/uploads\/2021\/01\/IMG_20201225_143443-225x300.jpg 225w, https:\/\/familie-weitgereist.de\/wp-content\/uploads\/2021\/01\/IMG_20201225_143443-1152x1536.jpg 1152w, https:\/\/familie-weitgereist.de\/wp-content\/uploads\/2021\/01\/IMG_20201225_143443-1536x2048.jpg 1536w, https:\/\/familie-weitgereist.de\/wp-content\/uploads\/2021\/01\/IMG_20201225_143443-1200x1600.jpg 1200w, https:\/\/familie-weitgereist.de\/wp-content\/uploads\/2021\/01\/IMG_20201225_143443-1980x2640.jpg 1980w, https:\/\/familie-weitgereist.de\/wp-content\/uploads\/2021\/01\/IMG_20201225_143443-640x853.jpg 640w, https:\/\/familie-weitgereist.de\/wp-content\/uploads\/2021\/01\/IMG_20201225_143443-150x200.jpg 150w, https:\/\/familie-weitgereist.de\/wp-content\/uploads\/2021\/01\/IMG_20201225_143443-scaled.jpg 1920w\" sizes=\"auto, (max-width: 768px) 100vw, 768px\" \/><\/figure>\n<figcaption class=\"blocks-gallery-caption wp-element-caption\">Spielpl\u00e4tze in Bautzen<\/figcaption><\/figure>\n\n\n\n<h2 class=\"wp-block-heading\" id=\"elstra\">Talpenberg bei Elstra<\/h2>\n\n\n\n<p>Wir entdeckten zum ersten Mal den Talpenberg bei Elstra. Elstra ist ein kleiner Ort in der N\u00e4he von Kamenz in Sachsen. Elstra hat ca. 2700 Einwohner und die Ortschaft Talpenberg um die 100 Einwohner. Der Schwarzenberg liegt auf 413 H\u00f6henmeter und es gibt sogar einen kleinen Schlepplift f\u00fcr die Skifahrer. Am unteren Ende des Berges gibt es einen Rodelhang. Merlin und ich hatten einen wundersch\u00f6nen Tag. Wir sind bis zum Gipfel gelaufen und konnten eine lange Strecke runter rodeln. Auf dem Gipfel sind wir noch in den Wald spazieren gegangen und hatten ein Schneeabenteuer. Der Schnee war so tief, dass wir richtig eingesunken sind. Was f\u00fcr ein toller Spaziergang! In Talpenberg gibt es direkt am Lift kostenlose Parkm\u00f6glichkeiten. Im Sommer wird das Areal f\u00fcr Mountainbike Downhill Fans genutzt. Mehrere steile und pr\u00e4parierte Abfahrten bieten viel Spa\u00df.<\/p>\n\n\n\n<figure class=\"wp-block-image size-large\"><img loading=\"lazy\" decoding=\"async\" width=\"1024\" height=\"768\" src=\"https:\/\/familie-weitgereist.de\/wp-content\/uploads\/2021\/01\/IMG_20210124_160039-1024x768.jpg\" alt=\"\" class=\"wp-image-2750\" srcset=\"https:\/\/familie-weitgereist.de\/wp-content\/uploads\/2021\/01\/IMG_20210124_160039-1024x768.jpg 1024w, https:\/\/familie-weitgereist.de\/wp-content\/uploads\/2021\/01\/IMG_20210124_160039-300x225.jpg 300w, https:\/\/familie-weitgereist.de\/wp-content\/uploads\/2021\/01\/IMG_20210124_160039-768x576.jpg 768w, https:\/\/familie-weitgereist.de\/wp-content\/uploads\/2021\/01\/IMG_20210124_160039-1536x1152.jpg 1536w, https:\/\/familie-weitgereist.de\/wp-content\/uploads\/2021\/01\/IMG_20210124_160039-2048x1536.jpg 2048w, https:\/\/familie-weitgereist.de\/wp-content\/uploads\/2021\/01\/IMG_20210124_160039-1200x900.jpg 1200w, https:\/\/familie-weitgereist.de\/wp-content\/uploads\/2021\/01\/IMG_20210124_160039-1980x1485.jpg 1980w, https:\/\/familie-weitgereist.de\/wp-content\/uploads\/2021\/01\/IMG_20210124_160039-853x640.jpg 853w, https:\/\/familie-weitgereist.de\/wp-content\/uploads\/2021\/01\/IMG_20210124_160039-150x113.jpg 150w\" sizes=\"auto, (max-width: 1024px) 100vw, 1024px\" \/><figcaption class=\"wp-element-caption\">Auf dem Schwarzenberg<\/figcaption><\/figure>\n\n\n\n<div id=\"wp-block-themeisle-blocks-slider-82cc7870\" class=\"wp-block-themeisle-blocks-slider glide\" data-per-view=\"1\" data-gap=\"0\" data-peek=\"0\" data-autoplay=\"true\" data-height=\"400px\" data-hide-arrows=\"false\"><div class=\"glide__track\" data-glide-el=\"track\"><div class=\"glide__slides\"><div class=\"wp-block-themeisle-blocks-slider-item-wrapper glide__slide\" tabindex=\"0\"><figure><img decoding=\"async\" class=\"wp-block-themeisle-blocks-slider-item\" src=\"https:\/\/familie-weitgereist.de\/wp-content\/uploads\/2021\/01\/IMG_20210124_160753-scaled.jpg\" alt=\"\" title=\"\" data-id=\"2751\"\/><\/figure><\/div><div class=\"wp-block-themeisle-blocks-slider-item-wrapper glide__slide\" tabindex=\"0\"><figure><img decoding=\"async\" class=\"wp-block-themeisle-blocks-slider-item\" src=\"https:\/\/familie-weitgereist.de\/wp-content\/uploads\/2021\/01\/IMG_20210124_135935-scaled.jpg\" alt=\"\" title=\"\" data-id=\"2753\"\/><\/figure><\/div><div class=\"wp-block-themeisle-blocks-slider-item-wrapper glide__slide\" tabindex=\"0\"><figure><img decoding=\"async\" class=\"wp-block-themeisle-blocks-slider-item\" src=\"https:\/\/familie-weitgereist.de\/wp-content\/uploads\/2021\/01\/IMG_20210124_134615-scaled.jpg\" alt=\"\" title=\"\" data-id=\"2755\"\/><\/figure><\/div><\/div><div class=\"glide__bullets\" data-glide-el=\"controls[nav]\"><button class=\"glide__bullet\" data-glide-dir=\"=0\"><\/button><button class=\"glide__bullet\" data-glide-dir=\"=1\"><\/button><button class=\"glide__bullet\" data-glide-dir=\"=2\"><\/button><\/div><\/div><\/div>\n\n\n\n<h2 class=\"wp-block-heading\" id=\"somsdorf\">Somsdorfer Klamm<\/h2>\n\n\n\n<p>Zwischen Freital und Tharandt liegt die Somsdorfer Klamm. Diese kleine, aber feine Klamm f\u00fchrt durch den Rabenauer Grund an der Roten Wei\u00dfritz entlang. Merlin und ich haben an einem sonnigen Tag die Wanderung in Tharandt gestartet. Wir sind von Somsdorf in die Somsdorfer Klamm, schlie\u00dflich nach Hainsberg und von dort zur\u00fcck nach Tharandt gewandert. Unsere Wanderung f\u00fchrte uns \u00fcber kurze, aber steile Anstiege, \u00fcber Felder und Wiesen, durch beschauliche D\u00f6rfer und durch die tolle Klamm. <\/p>\n\n\n\n<p>In der Somsdorfer Klamm lohnt sich zus\u00e4tzlich noch der Aufstieg zur Teufelskanzel. Von dort hat man einen guten Ausblick \u00fcber die Klamm und gleichzeitig ein kleines Abenteuer, indem man steile Treppen \u00fcberwinden muss.<\/p>\n\n\n\n<figure class=\"wp-block-image size-large\"><img loading=\"lazy\" decoding=\"async\" width=\"768\" height=\"1024\" src=\"https:\/\/familie-weitgereist.de\/wp-content\/uploads\/2021\/01\/IMG_20201229_134205-768x1024.jpg\" alt=\"\" class=\"wp-image-2638\" srcset=\"https:\/\/familie-weitgereist.de\/wp-content\/uploads\/2021\/01\/IMG_20201229_134205-768x1024.jpg 768w, https:\/\/familie-weitgereist.de\/wp-content\/uploads\/2021\/01\/IMG_20201229_134205-225x300.jpg 225w, https:\/\/familie-weitgereist.de\/wp-content\/uploads\/2021\/01\/IMG_20201229_134205-1152x1536.jpg 1152w, https:\/\/familie-weitgereist.de\/wp-content\/uploads\/2021\/01\/IMG_20201229_134205-1536x2048.jpg 1536w, https:\/\/familie-weitgereist.de\/wp-content\/uploads\/2021\/01\/IMG_20201229_134205-1200x1600.jpg 1200w, https:\/\/familie-weitgereist.de\/wp-content\/uploads\/2021\/01\/IMG_20201229_134205-1980x2640.jpg 1980w, https:\/\/familie-weitgereist.de\/wp-content\/uploads\/2021\/01\/IMG_20201229_134205-640x853.jpg 640w, https:\/\/familie-weitgereist.de\/wp-content\/uploads\/2021\/01\/IMG_20201229_134205-150x200.jpg 150w, https:\/\/familie-weitgereist.de\/wp-content\/uploads\/2021\/01\/IMG_20201229_134205-scaled.jpg 1920w\" sizes=\"auto, (max-width: 768px) 100vw, 768px\" \/><figcaption class=\"wp-element-caption\">Aufstieg zur Teufelskanzel<\/figcaption><\/figure>\n\n\n\n<figure class=\"wp-block-gallery has-nested-images columns-default is-cropped wp-block-gallery-2 is-layout-flex wp-block-gallery-is-layout-flex\">\n<figure class=\"wp-block-image size-large\"><img loading=\"lazy\" decoding=\"async\" width=\"768\" height=\"1024\" data-id=\"2640\" src=\"https:\/\/familie-weitgereist.de\/wp-content\/uploads\/2021\/01\/IMG_20201229_115606-768x1024.jpg\" alt=\"\" class=\"wp-image-2640\" srcset=\"https:\/\/familie-weitgereist.de\/wp-content\/uploads\/2021\/01\/IMG_20201229_115606-768x1024.jpg 768w, https:\/\/familie-weitgereist.de\/wp-content\/uploads\/2021\/01\/IMG_20201229_115606-225x300.jpg 225w, https:\/\/familie-weitgereist.de\/wp-content\/uploads\/2021\/01\/IMG_20201229_115606-1152x1536.jpg 1152w, https:\/\/familie-weitgereist.de\/wp-content\/uploads\/2021\/01\/IMG_20201229_115606-1536x2048.jpg 1536w, https:\/\/familie-weitgereist.de\/wp-content\/uploads\/2021\/01\/IMG_20201229_115606-1200x1600.jpg 1200w, https:\/\/familie-weitgereist.de\/wp-content\/uploads\/2021\/01\/IMG_20201229_115606-1980x2640.jpg 1980w, https:\/\/familie-weitgereist.de\/wp-content\/uploads\/2021\/01\/IMG_20201229_115606-640x853.jpg 640w, https:\/\/familie-weitgereist.de\/wp-content\/uploads\/2021\/01\/IMG_20201229_115606-150x200.jpg 150w, https:\/\/familie-weitgereist.de\/wp-content\/uploads\/2021\/01\/IMG_20201229_115606-scaled.jpg 1920w\" sizes=\"auto, (max-width: 768px) 100vw, 768px\" \/><\/figure>\n\n\n\n<figure class=\"wp-block-image size-large\"><img loading=\"lazy\" decoding=\"async\" width=\"768\" height=\"1024\" data-id=\"2642\" src=\"https:\/\/familie-weitgereist.de\/wp-content\/uploads\/2021\/01\/IMG_20201229_134915-768x1024.jpg\" alt=\"\" class=\"wp-image-2642\" srcset=\"https:\/\/familie-weitgereist.de\/wp-content\/uploads\/2021\/01\/IMG_20201229_134915-768x1024.jpg 768w, https:\/\/familie-weitgereist.de\/wp-content\/uploads\/2021\/01\/IMG_20201229_134915-225x300.jpg 225w, https:\/\/familie-weitgereist.de\/wp-content\/uploads\/2021\/01\/IMG_20201229_134915-1152x1536.jpg 1152w, https:\/\/familie-weitgereist.de\/wp-content\/uploads\/2021\/01\/IMG_20201229_134915-1536x2048.jpg 1536w, https:\/\/familie-weitgereist.de\/wp-content\/uploads\/2021\/01\/IMG_20201229_134915-1200x1600.jpg 1200w, https:\/\/familie-weitgereist.de\/wp-content\/uploads\/2021\/01\/IMG_20201229_134915-1980x2640.jpg 1980w, https:\/\/familie-weitgereist.de\/wp-content\/uploads\/2021\/01\/IMG_20201229_134915-640x853.jpg 640w, https:\/\/familie-weitgereist.de\/wp-content\/uploads\/2021\/01\/IMG_20201229_134915-150x200.jpg 150w, https:\/\/familie-weitgereist.de\/wp-content\/uploads\/2021\/01\/IMG_20201229_134915-scaled.jpg 1920w\" sizes=\"auto, (max-width: 768px) 100vw, 768px\" \/><\/figure>\n\n\n\n<figure class=\"wp-block-image size-large\"><img loading=\"lazy\" decoding=\"async\" width=\"766\" height=\"1024\" data-id=\"2641\" src=\"https:\/\/familie-weitgereist.de\/wp-content\/uploads\/2021\/01\/IMG_20201229_132653-766x1024.jpg\" alt=\"\" class=\"wp-image-2641\" srcset=\"https:\/\/familie-weitgereist.de\/wp-content\/uploads\/2021\/01\/IMG_20201229_132653-766x1024.jpg 766w, https:\/\/familie-weitgereist.de\/wp-content\/uploads\/2021\/01\/IMG_20201229_132653-225x300.jpg 225w, https:\/\/familie-weitgereist.de\/wp-content\/uploads\/2021\/01\/IMG_20201229_132653-768x1026.jpg 768w, https:\/\/familie-weitgereist.de\/wp-content\/uploads\/2021\/01\/IMG_20201229_132653-1150x1536.jpg 1150w, https:\/\/familie-weitgereist.de\/wp-content\/uploads\/2021\/01\/IMG_20201229_132653-1533x2048.jpg 1533w, https:\/\/familie-weitgereist.de\/wp-content\/uploads\/2021\/01\/IMG_20201229_132653-1200x1603.jpg 1200w, https:\/\/familie-weitgereist.de\/wp-content\/uploads\/2021\/01\/IMG_20201229_132653-150x200.jpg 150w, https:\/\/familie-weitgereist.de\/wp-content\/uploads\/2021\/01\/IMG_20201229_132653-scaled.jpg 1916w\" sizes=\"auto, (max-width: 766px) 100vw, 766px\" \/><\/figure>\n<\/figure>\n\n\n\n<div id=\"wp-block-themeisle-blocks-slider-c2aea19c\" class=\"wp-block-themeisle-blocks-slider glide\" data-per-view=\"1\" data-gap=\"0\" data-peek=\"0\" data-autoplay=\"true\" data-height=\"400px\" data-hide-arrows=\"false\"><div class=\"glide__track\" data-glide-el=\"track\"><div class=\"glide__slides\"><div class=\"wp-block-themeisle-blocks-slider-item-wrapper glide__slide\" tabindex=\"0\"><figure><img decoding=\"async\" class=\"wp-block-themeisle-blocks-slider-item\" src=\"https:\/\/familie-weitgereist.de\/wp-content\/uploads\/2021\/01\/IMG_20201229_134139-scaled.jpg\" alt=\"\" title=\"\" data-id=\"2643\"\/><\/figure><\/div><div class=\"wp-block-themeisle-blocks-slider-item-wrapper glide__slide\" tabindex=\"0\"><figure><img decoding=\"async\" class=\"wp-block-themeisle-blocks-slider-item\" src=\"https:\/\/familie-weitgereist.de\/wp-content\/uploads\/2021\/01\/IMG_20201229_134659-scaled.jpg\" alt=\"\" title=\"\" data-id=\"2644\"\/><\/figure><\/div><div class=\"wp-block-themeisle-blocks-slider-item-wrapper glide__slide\" tabindex=\"0\"><figure><img decoding=\"async\" class=\"wp-block-themeisle-blocks-slider-item\" src=\"https:\/\/familie-weitgereist.de\/wp-content\/uploads\/2021\/01\/IMG_20201229_140013-scaled.jpg\" alt=\"\" title=\"\" data-id=\"2647\"\/><\/figure><\/div><\/div><div class=\"glide__bullets\" data-glide-el=\"controls[nav]\"><button class=\"glide__bullet\" data-glide-dir=\"=0\"><\/button><button class=\"glide__bullet\" data-glide-dir=\"=1\"><\/button><button class=\"glide__bullet\" data-glide-dir=\"=2\"><\/button><\/div><\/div><\/div>\n\n\n\n<h2 class=\"wp-block-heading\" id=\"dresdnerheide\">Dresdner Heide<\/h2>\n\n\n\n<p>Die Dresdner Heide liegt im Norden von Dresden und ist ein wunderbar gro\u00dfes Waldgebiet. Dieses wird gern f\u00fcr ausgiebige Spazierg\u00e4nge, Mountainbike Touren oder Pferdeausritte genutzt. Es gibt viele verschiedene Trails f\u00fcr Mountainbiker. Zudem gibt es f\u00fcr kleine Entdecker wunderbare Naturspielpl\u00e4tze. <\/p>\n\n\n\n<figure class=\"wp-block-image size-large\"><img loading=\"lazy\" decoding=\"async\" width=\"1024\" height=\"768\" src=\"https:\/\/familie-weitgereist.de\/wp-content\/uploads\/2021\/01\/IMG_20201230_141508-1024x768.jpg\" alt=\"\" class=\"wp-image-2608\" srcset=\"https:\/\/familie-weitgereist.de\/wp-content\/uploads\/2021\/01\/IMG_20201230_141508-1024x768.jpg 1024w, https:\/\/familie-weitgereist.de\/wp-content\/uploads\/2021\/01\/IMG_20201230_141508-300x225.jpg 300w, https:\/\/familie-weitgereist.de\/wp-content\/uploads\/2021\/01\/IMG_20201230_141508-768x576.jpg 768w, https:\/\/familie-weitgereist.de\/wp-content\/uploads\/2021\/01\/IMG_20201230_141508-1536x1152.jpg 1536w, https:\/\/familie-weitgereist.de\/wp-content\/uploads\/2021\/01\/IMG_20201230_141508-2048x1536.jpg 2048w, https:\/\/familie-weitgereist.de\/wp-content\/uploads\/2021\/01\/IMG_20201230_141508-1200x900.jpg 1200w, https:\/\/familie-weitgereist.de\/wp-content\/uploads\/2021\/01\/IMG_20201230_141508-1980x1485.jpg 1980w, https:\/\/familie-weitgereist.de\/wp-content\/uploads\/2021\/01\/IMG_20201230_141508-853x640.jpg 853w, https:\/\/familie-weitgereist.de\/wp-content\/uploads\/2021\/01\/IMG_20201230_141508-150x113.jpg 150w\" sizes=\"auto, (max-width: 1024px) 100vw, 1024px\" \/><figcaption class=\"wp-element-caption\">Beim Prie\u00dfnitz Wasserfall<\/figcaption><\/figure>\n\n\n\n<p>Die Prie\u00dfnitz flie\u00dft durch die Dresdner Heide und der Prie\u00dfnitz Wasserfall ist ein beliebtes Ausflugsziel. <\/p>\n\n\n\n<figure class=\"wp-block-image size-large\"><img loading=\"lazy\" decoding=\"async\" width=\"1024\" height=\"768\" src=\"https:\/\/familie-weitgereist.de\/wp-content\/uploads\/2021\/01\/IMG_20201230_140905-1024x768.jpg\" alt=\"\" class=\"wp-image-2612\" srcset=\"https:\/\/familie-weitgereist.de\/wp-content\/uploads\/2021\/01\/IMG_20201230_140905-1024x768.jpg 1024w, https:\/\/familie-weitgereist.de\/wp-content\/uploads\/2021\/01\/IMG_20201230_140905-300x225.jpg 300w, https:\/\/familie-weitgereist.de\/wp-content\/uploads\/2021\/01\/IMG_20201230_140905-768x576.jpg 768w, https:\/\/familie-weitgereist.de\/wp-content\/uploads\/2021\/01\/IMG_20201230_140905-1536x1152.jpg 1536w, https:\/\/familie-weitgereist.de\/wp-content\/uploads\/2021\/01\/IMG_20201230_140905-2048x1536.jpg 2048w, https:\/\/familie-weitgereist.de\/wp-content\/uploads\/2021\/01\/IMG_20201230_140905-1200x900.jpg 1200w, https:\/\/familie-weitgereist.de\/wp-content\/uploads\/2021\/01\/IMG_20201230_140905-1980x1485.jpg 1980w, https:\/\/familie-weitgereist.de\/wp-content\/uploads\/2021\/01\/IMG_20201230_140905-853x640.jpg 853w, https:\/\/familie-weitgereist.de\/wp-content\/uploads\/2021\/01\/IMG_20201230_140905-150x113.jpg 150w\" sizes=\"auto, (max-width: 1024px) 100vw, 1024px\" \/><figcaption class=\"wp-element-caption\">Prie\u00dfnitz Wasserfall<\/figcaption><\/figure>\n\n\n\n<div id=\"wp-block-themeisle-blocks-slider-e0266b3b\" class=\"wp-block-themeisle-blocks-slider glide\" data-per-view=\"1\" data-gap=\"0\" data-peek=\"0\" data-autoplay=\"true\" data-height=\"419px\" data-hide-arrows=\"false\"><div class=\"glide__track\" data-glide-el=\"track\"><div class=\"glide__slides\"><div class=\"wp-block-themeisle-blocks-slider-item-wrapper glide__slide\" tabindex=\"0\"><figure><img decoding=\"async\" class=\"wp-block-themeisle-blocks-slider-item\" src=\"https:\/\/familie-weitgereist.de\/wp-content\/uploads\/2021\/01\/IMG_20201230_123725-scaled.jpg\" alt=\"\" title=\"\" data-id=\"2610\"\/><\/figure><\/div><div class=\"wp-block-themeisle-blocks-slider-item-wrapper glide__slide\" tabindex=\"0\"><figure><img decoding=\"async\" class=\"wp-block-themeisle-blocks-slider-item\" src=\"https:\/\/familie-weitgereist.de\/wp-content\/uploads\/2021\/01\/IMG_20201230_152802-scaled.jpg\" alt=\"\" title=\"\" data-id=\"2611\"\/><\/figure><\/div><div class=\"wp-block-themeisle-blocks-slider-item-wrapper glide__slide\" tabindex=\"0\"><figure><img decoding=\"async\" class=\"wp-block-themeisle-blocks-slider-item\" src=\"https:\/\/familie-weitgereist.de\/wp-content\/uploads\/2021\/01\/IMG_20201230_144458-scaled.jpg\" alt=\"\" title=\"\" data-id=\"2613\"\/><\/figure><\/div><\/div><div class=\"glide__bullets\" data-glide-el=\"controls[nav]\"><button class=\"glide__bullet\" data-glide-dir=\"=0\"><\/button><button class=\"glide__bullet\" data-glide-dir=\"=1\"><\/button><button class=\"glide__bullet\" data-glide-dir=\"=2\"><\/button><\/div><\/div><\/div>\n\n\n\n<p>Ein weiteres Ausflugsziel in der Dresdner Heide ist die Hofewiese. Das ist eine Gastst\u00e4tte inmitten der Dresdner Heide. Das Ambiente ist sehr sch\u00f6n. Sie haben einen Pferdehof, was sicherlich f\u00fcr viele Kinder ein Highlight ist. <\/p>\n\n\n\n<figure class=\"wp-block-image size-large\"><img loading=\"lazy\" decoding=\"async\" width=\"1024\" height=\"768\" src=\"https:\/\/familie-weitgereist.de\/wp-content\/uploads\/2021\/01\/IMG_20210108_155013-1024x768.jpg\" alt=\"\" class=\"wp-image-2652\" srcset=\"https:\/\/familie-weitgereist.de\/wp-content\/uploads\/2021\/01\/IMG_20210108_155013-1024x768.jpg 1024w, https:\/\/familie-weitgereist.de\/wp-content\/uploads\/2021\/01\/IMG_20210108_155013-300x225.jpg 300w, https:\/\/familie-weitgereist.de\/wp-content\/uploads\/2021\/01\/IMG_20210108_155013-768x576.jpg 768w, https:\/\/familie-weitgereist.de\/wp-content\/uploads\/2021\/01\/IMG_20210108_155013-1536x1152.jpg 1536w, https:\/\/familie-weitgereist.de\/wp-content\/uploads\/2021\/01\/IMG_20210108_155013-2048x1536.jpg 2048w, https:\/\/familie-weitgereist.de\/wp-content\/uploads\/2021\/01\/IMG_20210108_155013-1200x900.jpg 1200w, https:\/\/familie-weitgereist.de\/wp-content\/uploads\/2021\/01\/IMG_20210108_155013-1980x1485.jpg 1980w, https:\/\/familie-weitgereist.de\/wp-content\/uploads\/2021\/01\/IMG_20210108_155013-853x640.jpg 853w, https:\/\/familie-weitgereist.de\/wp-content\/uploads\/2021\/01\/IMG_20210108_155013-150x113.jpg 150w\" sizes=\"auto, (max-width: 1024px) 100vw, 1024px\" \/><figcaption class=\"wp-element-caption\">Gastst\u00e4tte an der Hofewiese<\/figcaption><\/figure>\n\n\n\n<p>In der Dresdner Heide gibt es wirklich ganz viele verschiedene Trails f\u00fcr Mountainbiker, ebenso Wanderwege f\u00fcr Spazierg\u00e4nger. Im Winter ist es wirklich sch\u00f6n. Wir sind mit dem Fahrrad auf ganz vielen kleinen Wegen gefahren. Es war toll! <\/p>\n\n\n\n<div id=\"wp-block-themeisle-blocks-slider-2f9a7d28\" class=\"wp-block-themeisle-blocks-slider glide\" data-per-view=\"1\" data-gap=\"0\" data-peek=\"0\" data-autoplay=\"true\" data-height=\"393px\" data-hide-arrows=\"false\"><div class=\"glide__track\" data-glide-el=\"track\"><div class=\"glide__slides\"><div class=\"wp-block-themeisle-blocks-slider-item-wrapper glide__slide\" tabindex=\"0\"><figure><img decoding=\"async\" class=\"wp-block-themeisle-blocks-slider-item\" src=\"https:\/\/familie-weitgereist.de\/wp-content\/uploads\/2021\/01\/IMG_20210108_124832-scaled.jpg\" alt=\"\" title=\"\" data-id=\"2659\"\/><\/figure><\/div><div class=\"wp-block-themeisle-blocks-slider-item-wrapper glide__slide\" tabindex=\"0\"><figure><img decoding=\"async\" class=\"wp-block-themeisle-blocks-slider-item\" src=\"https:\/\/familie-weitgereist.de\/wp-content\/uploads\/2021\/01\/IMG_20210108_123320-scaled.jpg\" alt=\"\" title=\"\" data-id=\"2657\"\/><\/figure><\/div><\/div><div class=\"glide__bullets\" data-glide-el=\"controls[nav]\"><button class=\"glide__bullet\" data-glide-dir=\"=0\"><\/button><button class=\"glide__bullet\" data-glide-dir=\"=1\"><\/button><\/div><\/div><\/div>\n\n\n\n<h2 class=\"wp-block-heading\" id=\"seifersdorf\">Seifersdorfer Tal<\/h2>\n\n\n\n<p>Das Seifersdorfer Tal liegt zwischen den Orten Seifersdorf, Wachau, Gr\u00fcnberg, Liegau-Augustusbad und Radeberg. Es ist unweit von Dresden entfernt und ist ein wundersch\u00f6nes Naturerholungsgebiet. Das Tal wurde im 18. Jahrhundert von Christiana von Br\u00fchl angelegt und wird bis heute von dem Talverein gepflegt. Die R\u00f6der flie\u00dft durch das Tal.<\/p>\n\n\n\n<figure class=\"wp-block-image size-large\"><img loading=\"lazy\" decoding=\"async\" width=\"1024\" height=\"768\" src=\"https:\/\/familie-weitgereist.de\/wp-content\/uploads\/2021\/01\/IMG_20201114_110720-1024x768.jpg\" alt=\"\" class=\"wp-image-2496\" srcset=\"https:\/\/familie-weitgereist.de\/wp-content\/uploads\/2021\/01\/IMG_20201114_110720-1024x768.jpg 1024w, https:\/\/familie-weitgereist.de\/wp-content\/uploads\/2021\/01\/IMG_20201114_110720-300x225.jpg 300w, https:\/\/familie-weitgereist.de\/wp-content\/uploads\/2021\/01\/IMG_20201114_110720-768x576.jpg 768w, https:\/\/familie-weitgereist.de\/wp-content\/uploads\/2021\/01\/IMG_20201114_110720-1536x1152.jpg 1536w, https:\/\/familie-weitgereist.de\/wp-content\/uploads\/2021\/01\/IMG_20201114_110720-2048x1536.jpg 2048w, https:\/\/familie-weitgereist.de\/wp-content\/uploads\/2021\/01\/IMG_20201114_110720-1200x900.jpg 1200w, https:\/\/familie-weitgereist.de\/wp-content\/uploads\/2021\/01\/IMG_20201114_110720-1980x1485.jpg 1980w, https:\/\/familie-weitgereist.de\/wp-content\/uploads\/2021\/01\/IMG_20201114_110720-853x640.jpg 853w, https:\/\/familie-weitgereist.de\/wp-content\/uploads\/2021\/01\/IMG_20201114_110720-150x113.jpg 150w\" sizes=\"auto, (max-width: 1024px) 100vw, 1024px\" \/><figcaption class=\"wp-element-caption\">Aus Richtung Gr\u00fcnberg kommend.<\/figcaption><\/figure>\n\n\n\n<p>Im Seifersdorfer Tal haben wir einige sch\u00f6ne Spazierg\u00e4nge unternommen. Es ist zu jeder Jahreszeit sch\u00f6n hier, im Herbst und Winter aber ganz besonders. Das fallende Laub und die frische Luft sind bezaubernd. Zur Einkehr l\u00e4dt die Marienm\u00fchle ein, welche zentral im Tal liegt und Winter, wie Sommer ein Anziehungspunkt ist.<\/p>\n\n\n\n<figure class=\"wp-block-image size-large is-resized\"><img loading=\"lazy\" decoding=\"async\" width=\"1024\" height=\"575\" src=\"https:\/\/familie-weitgereist.de\/wp-content\/uploads\/2021\/01\/IMG_20171218_132404-1-1024x575.jpg\" alt=\"\" class=\"wp-image-2543\" style=\"width:613px;height:344px\" srcset=\"https:\/\/familie-weitgereist.de\/wp-content\/uploads\/2021\/01\/IMG_20171218_132404-1-1024x575.jpg 1024w, https:\/\/familie-weitgereist.de\/wp-content\/uploads\/2021\/01\/IMG_20171218_132404-1-300x168.jpg 300w, https:\/\/familie-weitgereist.de\/wp-content\/uploads\/2021\/01\/IMG_20171218_132404-1-768x431.jpg 768w, https:\/\/familie-weitgereist.de\/wp-content\/uploads\/2021\/01\/IMG_20171218_132404-1-1536x863.jpg 1536w, https:\/\/familie-weitgereist.de\/wp-content\/uploads\/2021\/01\/IMG_20171218_132404-1-2048x1150.jpg 2048w, https:\/\/familie-weitgereist.de\/wp-content\/uploads\/2021\/01\/IMG_20171218_132404-1-1200x674.jpg 1200w, https:\/\/familie-weitgereist.de\/wp-content\/uploads\/2021\/01\/IMG_20171218_132404-1-1980x1112.jpg 1980w, https:\/\/familie-weitgereist.de\/wp-content\/uploads\/2021\/01\/IMG_20171218_132404-1-150x84.jpg 150w\" sizes=\"auto, (max-width: 1024px) 100vw, 1024px\" \/><\/figure>\n\n\n\n<div id=\"wp-block-themeisle-blocks-slider-302b70b1\" class=\"wp-block-themeisle-blocks-slider glide\" data-per-view=\"1\" data-gap=\"0\" data-peek=\"0\" data-autoplay=\"true\" data-height=\"401px\" data-hide-arrows=\"false\"><div class=\"glide__track\" data-glide-el=\"track\"><div class=\"glide__slides\"><div class=\"wp-block-themeisle-blocks-slider-item-wrapper glide__slide\" tabindex=\"0\"><figure><img decoding=\"async\" class=\"wp-block-themeisle-blocks-slider-item\" src=\"https:\/\/familie-weitgereist.de\/wp-content\/uploads\/2021\/01\/IMG_20171218_161152_232.jpg\" alt=\"\" title=\"\" data-id=\"2498\"\/><figcaption>Winterspaziergang<\/figcaption><\/figure><\/div><div class=\"wp-block-themeisle-blocks-slider-item-wrapper glide__slide\" tabindex=\"0\"><figure><img decoding=\"async\" class=\"wp-block-themeisle-blocks-slider-item\" src=\"https:\/\/familie-weitgereist.de\/wp-content\/uploads\/2021\/01\/IMG_20171218_161152_228.jpg\" alt=\"\" title=\"\" data-id=\"2499\"\/><\/figure><\/div><div class=\"wp-block-themeisle-blocks-slider-item-wrapper glide__slide\" tabindex=\"0\"><figure><img decoding=\"async\" class=\"wp-block-themeisle-blocks-slider-item\" src=\"https:\/\/familie-weitgereist.de\/wp-content\/uploads\/2021\/01\/IMG_20171218_161152_234.jpg\" alt=\"\" title=\"\" data-id=\"2500\"\/><\/figure><\/div><\/div><div class=\"glide__bullets\" data-glide-el=\"controls[nav]\"><button class=\"glide__bullet\" data-glide-dir=\"=0\"><\/button><button class=\"glide__bullet\" data-glide-dir=\"=1\"><\/button><button class=\"glide__bullet\" data-glide-dir=\"=2\"><\/button><\/div><\/div><\/div>\n\n\n\n<figure class=\"wp-block-gallery has-nested-images columns-default is-cropped wp-block-gallery-3 is-layout-flex wp-block-gallery-is-layout-flex\">\n<figure class=\"wp-block-image size-large\"><img loading=\"lazy\" decoding=\"async\" width=\"768\" height=\"1024\" data-id=\"2504\" src=\"https:\/\/familie-weitgereist.de\/wp-content\/uploads\/2021\/01\/IMG_20201114_110759-1-768x1024.jpg\" alt=\"\" class=\"wp-image-2504\" srcset=\"https:\/\/familie-weitgereist.de\/wp-content\/uploads\/2021\/01\/IMG_20201114_110759-1-768x1024.jpg 768w, https:\/\/familie-weitgereist.de\/wp-content\/uploads\/2021\/01\/IMG_20201114_110759-1-225x300.jpg 225w, https:\/\/familie-weitgereist.de\/wp-content\/uploads\/2021\/01\/IMG_20201114_110759-1-1152x1536.jpg 1152w, https:\/\/familie-weitgereist.de\/wp-content\/uploads\/2021\/01\/IMG_20201114_110759-1-1536x2048.jpg 1536w, https:\/\/familie-weitgereist.de\/wp-content\/uploads\/2021\/01\/IMG_20201114_110759-1-1200x1600.jpg 1200w, https:\/\/familie-weitgereist.de\/wp-content\/uploads\/2021\/01\/IMG_20201114_110759-1-1980x2640.jpg 1980w, https:\/\/familie-weitgereist.de\/wp-content\/uploads\/2021\/01\/IMG_20201114_110759-1-640x853.jpg 640w, https:\/\/familie-weitgereist.de\/wp-content\/uploads\/2021\/01\/IMG_20201114_110759-1-150x200.jpg 150w, https:\/\/familie-weitgereist.de\/wp-content\/uploads\/2021\/01\/IMG_20201114_110759-1-scaled.jpg 1920w\" sizes=\"auto, (max-width: 768px) 100vw, 768px\" \/><\/figure>\n\n\n\n<figure class=\"wp-block-image size-large\"><img loading=\"lazy\" decoding=\"async\" width=\"768\" height=\"1024\" data-id=\"2507\" src=\"https:\/\/familie-weitgereist.de\/wp-content\/uploads\/2021\/01\/IMG_20201114_120635-1-768x1024.jpg\" alt=\"\" class=\"wp-image-2507\" srcset=\"https:\/\/familie-weitgereist.de\/wp-content\/uploads\/2021\/01\/IMG_20201114_120635-1-768x1024.jpg 768w, https:\/\/familie-weitgereist.de\/wp-content\/uploads\/2021\/01\/IMG_20201114_120635-1-225x300.jpg 225w, https:\/\/familie-weitgereist.de\/wp-content\/uploads\/2021\/01\/IMG_20201114_120635-1-1152x1536.jpg 1152w, https:\/\/familie-weitgereist.de\/wp-content\/uploads\/2021\/01\/IMG_20201114_120635-1-1536x2048.jpg 1536w, https:\/\/familie-weitgereist.de\/wp-content\/uploads\/2021\/01\/IMG_20201114_120635-1-1200x1600.jpg 1200w, https:\/\/familie-weitgereist.de\/wp-content\/uploads\/2021\/01\/IMG_20201114_120635-1-1980x2640.jpg 1980w, https:\/\/familie-weitgereist.de\/wp-content\/uploads\/2021\/01\/IMG_20201114_120635-1-640x853.jpg 640w, https:\/\/familie-weitgereist.de\/wp-content\/uploads\/2021\/01\/IMG_20201114_120635-1-150x200.jpg 150w, https:\/\/familie-weitgereist.de\/wp-content\/uploads\/2021\/01\/IMG_20201114_120635-1-scaled.jpg 1920w\" sizes=\"auto, (max-width: 768px) 100vw, 768px\" \/><\/figure>\n\n\n\n<figure class=\"wp-block-image size-large\"><img loading=\"lazy\" decoding=\"async\" width=\"768\" height=\"1024\" data-id=\"2509\" src=\"https:\/\/familie-weitgereist.de\/wp-content\/uploads\/2021\/01\/IMG_20201114_124948-1-768x1024.jpg\" alt=\"\" class=\"wp-image-2509\" srcset=\"https:\/\/familie-weitgereist.de\/wp-content\/uploads\/2021\/01\/IMG_20201114_124948-1-768x1024.jpg 768w, https:\/\/familie-weitgereist.de\/wp-content\/uploads\/2021\/01\/IMG_20201114_124948-1-225x300.jpg 225w, https:\/\/familie-weitgereist.de\/wp-content\/uploads\/2021\/01\/IMG_20201114_124948-1-1152x1536.jpg 1152w, https:\/\/familie-weitgereist.de\/wp-content\/uploads\/2021\/01\/IMG_20201114_124948-1-1536x2048.jpg 1536w, https:\/\/familie-weitgereist.de\/wp-content\/uploads\/2021\/01\/IMG_20201114_124948-1-1200x1600.jpg 1200w, https:\/\/familie-weitgereist.de\/wp-content\/uploads\/2021\/01\/IMG_20201114_124948-1-1980x2640.jpg 1980w, https:\/\/familie-weitgereist.de\/wp-content\/uploads\/2021\/01\/IMG_20201114_124948-1-640x853.jpg 640w, https:\/\/familie-weitgereist.de\/wp-content\/uploads\/2021\/01\/IMG_20201114_124948-1-150x200.jpg 150w, https:\/\/familie-weitgereist.de\/wp-content\/uploads\/2021\/01\/IMG_20201114_124948-1-scaled.jpg 1920w\" sizes=\"auto, (max-width: 768px) 100vw, 768px\" \/><\/figure>\n\n\n\n<figure class=\"wp-block-image size-large\"><img loading=\"lazy\" decoding=\"async\" width=\"768\" height=\"1024\" data-id=\"2510\" src=\"https:\/\/familie-weitgereist.de\/wp-content\/uploads\/2021\/01\/IMG_20201114_125004-1-768x1024.jpg\" alt=\"\" class=\"wp-image-2510\" srcset=\"https:\/\/familie-weitgereist.de\/wp-content\/uploads\/2021\/01\/IMG_20201114_125004-1-768x1024.jpg 768w, https:\/\/familie-weitgereist.de\/wp-content\/uploads\/2021\/01\/IMG_20201114_125004-1-225x300.jpg 225w, https:\/\/familie-weitgereist.de\/wp-content\/uploads\/2021\/01\/IMG_20201114_125004-1-1152x1536.jpg 1152w, https:\/\/familie-weitgereist.de\/wp-content\/uploads\/2021\/01\/IMG_20201114_125004-1-1536x2048.jpg 1536w, https:\/\/familie-weitgereist.de\/wp-content\/uploads\/2021\/01\/IMG_20201114_125004-1-1200x1600.jpg 1200w, https:\/\/familie-weitgereist.de\/wp-content\/uploads\/2021\/01\/IMG_20201114_125004-1-1980x2640.jpg 1980w, https:\/\/familie-weitgereist.de\/wp-content\/uploads\/2021\/01\/IMG_20201114_125004-1-640x853.jpg 640w, https:\/\/familie-weitgereist.de\/wp-content\/uploads\/2021\/01\/IMG_20201114_125004-1-150x200.jpg 150w, https:\/\/familie-weitgereist.de\/wp-content\/uploads\/2021\/01\/IMG_20201114_125004-1-scaled.jpg 1920w\" sizes=\"auto, (max-width: 768px) 100vw, 768px\" \/><\/figure>\n<figcaption class=\"blocks-gallery-caption wp-element-caption\">Herbstspaziergang<\/figcaption><\/figure>\n\n\n\n<p>Mitten im Tal befinden sich viele Denkm\u00e4ler, B\u00fcsten und der Duellierstein. An dem Ort dieses Denkmals ist 1834 ein junger Mann namens Otto Koehler bei einem Duell gestorben. <\/p>\n\n\n\n<figure class=\"wp-block-image size-large\"><img loading=\"lazy\" decoding=\"async\" width=\"1024\" height=\"768\" src=\"https:\/\/familie-weitgereist.de\/wp-content\/uploads\/2021\/01\/IMG_20210103_114300-1024x768.jpg\" alt=\"\" class=\"wp-image-2513\" srcset=\"https:\/\/familie-weitgereist.de\/wp-content\/uploads\/2021\/01\/IMG_20210103_114300-1024x768.jpg 1024w, https:\/\/familie-weitgereist.de\/wp-content\/uploads\/2021\/01\/IMG_20210103_114300-300x225.jpg 300w, https:\/\/familie-weitgereist.de\/wp-content\/uploads\/2021\/01\/IMG_20210103_114300-768x576.jpg 768w, https:\/\/familie-weitgereist.de\/wp-content\/uploads\/2021\/01\/IMG_20210103_114300-1536x1152.jpg 1536w, https:\/\/familie-weitgereist.de\/wp-content\/uploads\/2021\/01\/IMG_20210103_114300-2048x1536.jpg 2048w, https:\/\/familie-weitgereist.de\/wp-content\/uploads\/2021\/01\/IMG_20210103_114300-1200x900.jpg 1200w, https:\/\/familie-weitgereist.de\/wp-content\/uploads\/2021\/01\/IMG_20210103_114300-1980x1485.jpg 1980w, https:\/\/familie-weitgereist.de\/wp-content\/uploads\/2021\/01\/IMG_20210103_114300-853x640.jpg 853w, https:\/\/familie-weitgereist.de\/wp-content\/uploads\/2021\/01\/IMG_20210103_114300-150x113.jpg 150w\" sizes=\"auto, (max-width: 1024px) 100vw, 1024px\" \/><figcaption class=\"wp-element-caption\">Duellierstein Gr\u00fcnberg<\/figcaption><\/figure>\n\n\n\n<figure class=\"wp-block-image size-large is-resized\"><img loading=\"lazy\" decoding=\"async\" width=\"1024\" height=\"575\" src=\"https:\/\/familie-weitgereist.de\/wp-content\/uploads\/2021\/01\/IMG_20161030_144103-1024x575.jpg\" alt=\"\" class=\"wp-image-2584\" style=\"width:612px;height:343px\" srcset=\"https:\/\/familie-weitgereist.de\/wp-content\/uploads\/2021\/01\/IMG_20161030_144103-1024x575.jpg 1024w, https:\/\/familie-weitgereist.de\/wp-content\/uploads\/2021\/01\/IMG_20161030_144103-300x168.jpg 300w, https:\/\/familie-weitgereist.de\/wp-content\/uploads\/2021\/01\/IMG_20161030_144103-768x431.jpg 768w, https:\/\/familie-weitgereist.de\/wp-content\/uploads\/2021\/01\/IMG_20161030_144103-1536x863.jpg 1536w, https:\/\/familie-weitgereist.de\/wp-content\/uploads\/2021\/01\/IMG_20161030_144103-2048x1150.jpg 2048w, https:\/\/familie-weitgereist.de\/wp-content\/uploads\/2021\/01\/IMG_20161030_144103-1200x674.jpg 1200w, https:\/\/familie-weitgereist.de\/wp-content\/uploads\/2021\/01\/IMG_20161030_144103-1980x1112.jpg 1980w, https:\/\/familie-weitgereist.de\/wp-content\/uploads\/2021\/01\/IMG_20161030_144103-150x84.jpg 150w\" sizes=\"auto, (max-width: 1024px) 100vw, 1024px\" \/><\/figure>\n\n\n\n<h2 class=\"wp-block-heading\" id=\"hermsdorf\">Hermsdorf<\/h2>\n\n\n\n<p>Hermsdorf ist ein kleiner Ort, in der N\u00e4he von Ottendorf-Okrilla. Ein Ausflug hierhin lohnt sich besonders wegen seines Schlosses und dem angrenzenden Schlosspark. Idyllisch im Wald gelegen und \u00fcber viele Waldwanderwege erreichbar, lohnt sich eine Wanderung durch das herrliche Tal, durch welches sich ebenso die R\u00f6der schl\u00e4ngelt.<\/p>\n\n\n\n<figure class=\"wp-block-image size-large\"><img loading=\"lazy\" decoding=\"async\" width=\"1024\" height=\"768\" src=\"https:\/\/familie-weitgereist.de\/wp-content\/uploads\/2021\/01\/IMG_20201115_125324-1024x768.jpg\" alt=\"\" class=\"wp-image-2534\" srcset=\"https:\/\/familie-weitgereist.de\/wp-content\/uploads\/2021\/01\/IMG_20201115_125324-1024x768.jpg 1024w, https:\/\/familie-weitgereist.de\/wp-content\/uploads\/2021\/01\/IMG_20201115_125324-300x225.jpg 300w, https:\/\/familie-weitgereist.de\/wp-content\/uploads\/2021\/01\/IMG_20201115_125324-768x576.jpg 768w, https:\/\/familie-weitgereist.de\/wp-content\/uploads\/2021\/01\/IMG_20201115_125324-1536x1152.jpg 1536w, https:\/\/familie-weitgereist.de\/wp-content\/uploads\/2021\/01\/IMG_20201115_125324-2048x1536.jpg 2048w, https:\/\/familie-weitgereist.de\/wp-content\/uploads\/2021\/01\/IMG_20201115_125324-1200x900.jpg 1200w, https:\/\/familie-weitgereist.de\/wp-content\/uploads\/2021\/01\/IMG_20201115_125324-1980x1485.jpg 1980w, https:\/\/familie-weitgereist.de\/wp-content\/uploads\/2021\/01\/IMG_20201115_125324-853x640.jpg 853w, https:\/\/familie-weitgereist.de\/wp-content\/uploads\/2021\/01\/IMG_20201115_125324-150x113.jpg 150w\" sizes=\"auto, (max-width: 1024px) 100vw, 1024px\" \/><figcaption class=\"wp-element-caption\">Schlosspark Hermsdorf<\/figcaption><\/figure>\n\n\n\n<div id=\"wp-block-themeisle-blocks-slider-fed79b9f\" class=\"wp-block-themeisle-blocks-slider glide\" data-per-view=\"1\" data-gap=\"0\" data-peek=\"0\" data-autoplay=\"true\" data-height=\"437px\" data-hide-arrows=\"false\"><div class=\"glide__track\" data-glide-el=\"track\"><div class=\"glide__slides\"><div class=\"wp-block-themeisle-blocks-slider-item-wrapper glide__slide\" tabindex=\"0\"><figure><img decoding=\"async\" class=\"wp-block-themeisle-blocks-slider-item\" src=\"https:\/\/familie-weitgereist.de\/wp-content\/uploads\/2021\/01\/IMG_20201115_125349-1-scaled.jpg\" alt=\"\" title=\"\" data-id=\"2544\"\/><\/figure><\/div><div class=\"wp-block-themeisle-blocks-slider-item-wrapper glide__slide\" tabindex=\"0\"><figure><img decoding=\"async\" class=\"wp-block-themeisle-blocks-slider-item\" src=\"https:\/\/familie-weitgereist.de\/wp-content\/uploads\/2021\/01\/IMG_20201115_131124-1-scaled.jpg\" alt=\"\" title=\"\" data-id=\"2546\"\/><\/figure><\/div><div class=\"wp-block-themeisle-blocks-slider-item-wrapper glide__slide\" tabindex=\"0\"><figure><img decoding=\"async\" class=\"wp-block-themeisle-blocks-slider-item\" src=\"https:\/\/familie-weitgereist.de\/wp-content\/uploads\/2021\/01\/IMG_20201115_131232-1-scaled.jpg\" alt=\"\" title=\"\" data-id=\"2547\"\/><\/figure><\/div><div class=\"wp-block-themeisle-blocks-slider-item-wrapper glide__slide\" tabindex=\"0\"><figure><img decoding=\"async\" class=\"wp-block-themeisle-blocks-slider-item\" src=\"https:\/\/familie-weitgereist.de\/wp-content\/uploads\/2021\/01\/IMG_20201115_131617-1-scaled.jpg\" alt=\"\" title=\"\" data-id=\"2548\"\/><\/figure><\/div><div class=\"wp-block-themeisle-blocks-slider-item-wrapper glide__slide\" tabindex=\"0\"><figure><img decoding=\"async\" class=\"wp-block-themeisle-blocks-slider-item\" src=\"https:\/\/familie-weitgereist.de\/wp-content\/uploads\/2021\/01\/IMG_20201115_133945-1-scaled.jpg\" alt=\"\" title=\"\" data-id=\"2549\"\/><\/figure><\/div><\/div><div class=\"glide__bullets\" data-glide-el=\"controls[nav]\"><button class=\"glide__bullet\" data-glide-dir=\"=0\"><\/button><button class=\"glide__bullet\" data-glide-dir=\"=1\"><\/button><button class=\"glide__bullet\" data-glide-dir=\"=2\"><\/button><button class=\"glide__bullet\" data-glide-dir=\"=3\"><\/button><button class=\"glide__bullet\" data-glide-dir=\"=4\"><\/button><\/div><\/div><\/div>\n","protected":false},"excerpt":{"rendered":"<p>Im Winter 2020 \/ 2021 haben wir ganz viel Zeit als Familie drau\u00dfen verbracht und unsere n\u00e4here Umgebung erkundet. Wir waren sehr viel mit dem Fahrrad unterwegs, sind aber auch gewandert und spaziert. In diesem Beitrag m\u00f6chten wir unsere Tagesausfl\u00fcge vorstellen und Ideen geben f\u00fcr Erkundungen innerhalb Deutschlands. In diesem Beitrag k\u00f6nnt ihr folgende Informationen [&hellip;]<\/p>\n","protected":false},"author":3,"featured_media":2426,"comment_status":"open","ping_status":"open","sticky":false,"template":"","format":"standard","meta":{"_themeisle_gutenberg_block_has_review":false,"footnotes":""},"categories":[242,1753,331,1762,377],"tags":[375,372,366,203,357,325,353,1707,1705,373,1704,1708,1593,374,204,1709,1710,174,367,371,1706,1703,1702],"class_list":["post-2409","post","type-post","status-publish","format-standard","has-post-thumbnail","hentry","category-deutschland","category-brandenburg","category-miniabenteuer","category-sachsen","category-spielplaetze","tag-altdoebern","tag-annahuette","tag-bautzen","tag-brandenburg","tag-bucksche-schweiz","tag-deutschland","tag-dresden","tag-dresdener-heide","tag-elstra","tag-grossraeschen","tag-gruenewalder-lauch","tag-hermsdorf","tag-hohenbocka","tag-lausitzer-seenland","tag-sachsen","tag-seifersdorf","tag-seifersdorfer-tal","tag-senftenberg","tag-somsdorfer-klamm","tag-spremberg","tag-talpenberg","tag-torno","tag-tornoer-teich"],"_links":{"self":[{"href":"https:\/\/familie-weitgereist.de\/index.php?rest_route=\/wp\/v2\/posts\/2409","targetHints":{"allow":["GET"]}}],"collection":[{"href":"https:\/\/familie-weitgereist.de\/index.php?rest_route=\/wp\/v2\/posts"}],"about":[{"href":"https:\/\/familie-weitgereist.de\/index.php?rest_route=\/wp\/v2\/types\/post"}],"author":[{"embeddable":true,"href":"https:\/\/familie-weitgereist.de\/index.php?rest_route=\/wp\/v2\/users\/3"}],"replies":[{"embeddable":true,"href":"https:\/\/familie-weitgereist.de\/index.php?rest_route=%2Fwp%2Fv2%2Fcomments&post=2409"}],"version-history":[{"count":184,"href":"https:\/\/familie-weitgereist.de\/index.php?rest_route=\/wp\/v2\/posts\/2409\/revisions"}],"predecessor-version":[{"id":24024,"href":"https:\/\/familie-weitgereist.de\/index.php?rest_route=\/wp\/v2\/posts\/2409\/revisions\/24024"}],"wp:featuredmedia":[{"embeddable":true,"href":"https:\/\/familie-weitgereist.de\/index.php?rest_route=\/wp\/v2\/media\/2426"}],"wp:attachment":[{"href":"https:\/\/familie-weitgereist.de\/index.php?rest_route=%2Fwp%2Fv2%2Fmedia&parent=2409"}],"wp:term":[{"taxonomy":"category","embeddable":true,"href":"https:\/\/familie-weitgereist.de\/index.php?rest_route=%2Fwp%2Fv2%2Fcategories&post=2409"},{"taxonomy":"post_tag","embeddable":true,"href":"https:\/\/familie-weitgereist.de\/index.php?rest_route=%2Fwp%2Fv2%2Ftags&post=2409"}],"curies":[{"name":"wp","href":"https:\/\/api.w.org\/{rel}","templated":true}]}}