{"id":23643,"date":"2025-10-26T22:16:16","date_gmt":"2025-10-26T21:16:16","guid":{"rendered":"https:\/\/familie-weitgereist.de\/?p=23643"},"modified":"2025-10-27T14:38:29","modified_gmt":"2025-10-27T13:38:29","slug":"roadtrip-el-hierro-spanien-mit-kleinen-kindern-und-baby","status":"publish","type":"post","link":"https:\/\/familie-weitgereist.de\/?p=23643","title":{"rendered":"Roadtrip El Hierro, Spanien mit kleinen Kindern und Baby"},"content":{"rendered":"\n<p>Die kleine Insel El Hierro ist noch ein <strong>echter<\/strong> <strong>Geheimtipp<\/strong> unter den kanarischen Inseln. W\u00e4hrenddessen <strong><a href=\"https:\/\/familie-weitgereist.de\/?p=13024\" data-type=\"link\" data-id=\"https:\/\/familie-weitgereist.de\/?p=13024\">Teneriffa<\/a><\/strong>, <strong><a href=\"https:\/\/familie-weitgereist.de\/?p=17996\" data-type=\"link\" data-id=\"https:\/\/familie-weitgereist.de\/?p=17996\">Gran Canaria<\/a><\/strong>, <strong><a href=\"https:\/\/familie-weitgereist.de\/?p=22959\" data-type=\"link\" data-id=\"https:\/\/familie-weitgereist.de\/?p=22959\">Fuerteventura<\/a><\/strong> und <strong><a href=\"https:\/\/familie-weitgereist.de\/?p=23155\" data-type=\"link\" data-id=\"https:\/\/familie-weitgereist.de\/?p=23155\">Lanzarote<\/a><\/strong> zu den bekannteren Inseln z\u00e4hlen, sind <strong><a href=\"https:\/\/familie-weitgereist.de\/?p=12861\" data-type=\"link\" data-id=\"https:\/\/familie-weitgereist.de\/?p=12861\">La Gomera<\/a><\/strong> und El Hierro noch weniger bekannt.<\/p>\n\n\n\n<p>El Hierro ist die <strong>gr\u00fcnste Kanareninsel<\/strong> und das wird besonders bei einer Wanderung im Inselinneren sichtbar. Im Zentrum der Insel befinden sich herrliche Wanderwege, hohe Vulkangipfel, der h\u00f6chste Berg ist der Malpaso mit 1500m und eine gr\u00fcne Hochebene.<\/p>\n\n\n\n<figure class=\"wp-block-image size-large\"><img loading=\"lazy\" decoding=\"async\" width=\"1024\" height=\"768\" src=\"https:\/\/familie-weitgereist.de\/wp-content\/uploads\/2025\/10\/1000022181-1024x768.jpg\" alt=\"\" class=\"wp-image-23792\" srcset=\"https:\/\/familie-weitgereist.de\/wp-content\/uploads\/2025\/10\/1000022181-1024x768.jpg 1024w, https:\/\/familie-weitgereist.de\/wp-content\/uploads\/2025\/10\/1000022181-300x225.jpg 300w, https:\/\/familie-weitgereist.de\/wp-content\/uploads\/2025\/10\/1000022181-768x576.jpg 768w, https:\/\/familie-weitgereist.de\/wp-content\/uploads\/2025\/10\/1000022181-1536x1152.jpg 1536w, https:\/\/familie-weitgereist.de\/wp-content\/uploads\/2025\/10\/1000022181-2048x1536.jpg 2048w, https:\/\/familie-weitgereist.de\/wp-content\/uploads\/2025\/10\/1000022181-1200x900.jpg 1200w, https:\/\/familie-weitgereist.de\/wp-content\/uploads\/2025\/10\/1000022181-1980x1485.jpg 1980w, https:\/\/familie-weitgereist.de\/wp-content\/uploads\/2025\/10\/1000022181-150x113.jpg 150w\" sizes=\"auto, (max-width: 1024px) 100vw, 1024px\" \/><\/figure>\n\n\n\n<p>El Hierro ist f\u00fcr alle, die eine <strong>authentische<\/strong> <strong>Kanareninsel<\/strong>, mit wenigen Touristen, bereisen m\u00f6chten. Gro\u00dfe Hotelanlagen und Massentourismus findet man auf El Hierro nicht. Die Insel ist urspr\u00fcnglich, bietet viel Ruhe, eine vielf\u00e4ltige Natur und ist besonders bei Tauchern beliebt.<\/p>\n\n\n\n<p>Auf El Hierro leben rund 11.800 Einwohner und sie ist die westlichste der kanarischen Inseln. Nur <strong><a href=\"https:\/\/familie-weitgereist.de\/?p=23252\" data-type=\"link\" data-id=\"https:\/\/familie-weitgereist.de\/?p=23252\">La Graciosa<\/a><\/strong>, n\u00f6rdlich von Lanzarote, ist noch kleiner als El Hierro.<\/p>\n\n\n\n<p>Die kleine Insel ist so bezaubernd und authentisch. Die Einheimischen sind unwahrscheinlich freundlich und nett. Es ist herrlich, unterwegs zu sein und so wenigen Menschen und auch Touristen zu begegnen.<\/p>\n\n\n\n<p><strong>Eine Insel zur Entschleunigung und purer Erholung, gepaart mit frischer Meerluft, traumhaftem Wetter, einem klaren Sternenhimmel: das ist El Hierro.<\/strong><\/p>\n\n\n\n<h2 class=\"wp-block-heading\">Unsere Anreise<\/h2>\n\n\n\n<p>Wir haben von <strong>Los Cristianos auf Teneriffa<\/strong> die F\u00e4hre des Unternehmens &#8222;<strong>Armas<\/strong>&#8220; genommen. Die \u00dcberfahrt dauerte 2,5 Stunden. <\/p>\n\n\n\n<figure class=\"wp-block-image size-large\"><img loading=\"lazy\" decoding=\"async\" width=\"1024\" height=\"768\" src=\"https:\/\/familie-weitgereist.de\/wp-content\/uploads\/2025\/10\/1000020725-1-1024x768.jpg\" alt=\"\" class=\"wp-image-23646\" srcset=\"https:\/\/familie-weitgereist.de\/wp-content\/uploads\/2025\/10\/1000020725-1-1024x768.jpg 1024w, https:\/\/familie-weitgereist.de\/wp-content\/uploads\/2025\/10\/1000020725-1-300x225.jpg 300w, https:\/\/familie-weitgereist.de\/wp-content\/uploads\/2025\/10\/1000020725-1-768x576.jpg 768w, https:\/\/familie-weitgereist.de\/wp-content\/uploads\/2025\/10\/1000020725-1-1536x1152.jpg 1536w, https:\/\/familie-weitgereist.de\/wp-content\/uploads\/2025\/10\/1000020725-1-2048x1536.jpg 2048w, https:\/\/familie-weitgereist.de\/wp-content\/uploads\/2025\/10\/1000020725-1-1200x900.jpg 1200w, https:\/\/familie-weitgereist.de\/wp-content\/uploads\/2025\/10\/1000020725-1-1980x1485.jpg 1980w, https:\/\/familie-weitgereist.de\/wp-content\/uploads\/2025\/10\/1000020725-1-150x113.jpg 150w\" sizes=\"auto, (max-width: 1024px) 100vw, 1024px\" \/><\/figure>\n\n\n\n<h2 class=\"wp-block-heading\">La Restinga &#8211; der s\u00fcdlichste Punkt Europas<\/h2>\n\n\n\n<p>In dem kleinen Ort La Restinga im S\u00fcden von El Hierro befindet sich gleichzeitig der s\u00fcdlichste Punkt der Kanaren und Europas. Wir lieben es solche Orte zu bereisen. Wir waren auch schon an s\u00fcdlichsten Punkt von <strong><a href=\"https:\/\/familie-weitgereist.de\/?p=16338\" data-type=\"link\" data-id=\"https:\/\/familie-weitgereist.de\/?p=16338\">Kontinentalasien<\/a><\/strong> und am n\u00f6rdlichsten Punkt Europas, dem <strong><a href=\"https:\/\/familie-weitgereist.de\/?p=19095\" data-type=\"link\" data-id=\"https:\/\/familie-weitgereist.de\/?p=19095\">Nordkapp<\/a><\/strong>.<\/p>\n\n\n\n<figure class=\"wp-block-image size-large\"><img loading=\"lazy\" decoding=\"async\" width=\"1024\" height=\"768\" src=\"https:\/\/familie-weitgereist.de\/wp-content\/uploads\/2025\/10\/1000021576-1024x768.jpg\" alt=\"\" class=\"wp-image-23719\" srcset=\"https:\/\/familie-weitgereist.de\/wp-content\/uploads\/2025\/10\/1000021576-1024x768.jpg 1024w, https:\/\/familie-weitgereist.de\/wp-content\/uploads\/2025\/10\/1000021576-300x225.jpg 300w, https:\/\/familie-weitgereist.de\/wp-content\/uploads\/2025\/10\/1000021576-768x576.jpg 768w, https:\/\/familie-weitgereist.de\/wp-content\/uploads\/2025\/10\/1000021576-1536x1152.jpg 1536w, https:\/\/familie-weitgereist.de\/wp-content\/uploads\/2025\/10\/1000021576-2048x1536.jpg 2048w, https:\/\/familie-weitgereist.de\/wp-content\/uploads\/2025\/10\/1000021576-1200x900.jpg 1200w, https:\/\/familie-weitgereist.de\/wp-content\/uploads\/2025\/10\/1000021576-1980x1485.jpg 1980w, https:\/\/familie-weitgereist.de\/wp-content\/uploads\/2025\/10\/1000021576-150x113.jpg 150w\" sizes=\"auto, (max-width: 1024px) 100vw, 1024px\" \/><\/figure>\n\n\n\n<p>La Restinga ist ein gem\u00fctlicher kleiner Ort. Die Hafenpromenade ist wundersch\u00f6n und gepflegt. Es gibt \u00fcberall Sitzm\u00f6glichkeiten und tolle angelegte Wege auf Stegen \u00fcber das Lavagestein.<\/p>\n\n\n\n<figure class=\"wp-block-image size-large\"><img loading=\"lazy\" decoding=\"async\" width=\"1024\" height=\"768\" src=\"https:\/\/familie-weitgereist.de\/wp-content\/uploads\/2025\/10\/1000021489-1024x768.jpg\" alt=\"\" class=\"wp-image-23720\" srcset=\"https:\/\/familie-weitgereist.de\/wp-content\/uploads\/2025\/10\/1000021489-1024x768.jpg 1024w, https:\/\/familie-weitgereist.de\/wp-content\/uploads\/2025\/10\/1000021489-300x225.jpg 300w, https:\/\/familie-weitgereist.de\/wp-content\/uploads\/2025\/10\/1000021489-768x576.jpg 768w, https:\/\/familie-weitgereist.de\/wp-content\/uploads\/2025\/10\/1000021489-1536x1152.jpg 1536w, https:\/\/familie-weitgereist.de\/wp-content\/uploads\/2025\/10\/1000021489-2048x1536.jpg 2048w, https:\/\/familie-weitgereist.de\/wp-content\/uploads\/2025\/10\/1000021489-1200x900.jpg 1200w, https:\/\/familie-weitgereist.de\/wp-content\/uploads\/2025\/10\/1000021489-1980x1485.jpg 1980w, https:\/\/familie-weitgereist.de\/wp-content\/uploads\/2025\/10\/1000021489-150x113.jpg 150w\" sizes=\"auto, (max-width: 1024px) 100vw, 1024px\" \/><\/figure>\n\n\n\n<p>Ein ganz toller Spielplatz mit gro\u00dfem Kletter- und Rutschenturm, Schaukeln und Wackeltieren befindet sich auch an der Promenade.<\/p>\n\n\n\n<figure class=\"wp-block-image size-large\"><img loading=\"lazy\" decoding=\"async\" width=\"1024\" height=\"768\" src=\"https:\/\/familie-weitgereist.de\/wp-content\/uploads\/2025\/10\/1000021493-1024x768.jpg\" alt=\"\" class=\"wp-image-23721\" srcset=\"https:\/\/familie-weitgereist.de\/wp-content\/uploads\/2025\/10\/1000021493-1024x768.jpg 1024w, https:\/\/familie-weitgereist.de\/wp-content\/uploads\/2025\/10\/1000021493-300x225.jpg 300w, https:\/\/familie-weitgereist.de\/wp-content\/uploads\/2025\/10\/1000021493-768x576.jpg 768w, https:\/\/familie-weitgereist.de\/wp-content\/uploads\/2025\/10\/1000021493-1536x1152.jpg 1536w, https:\/\/familie-weitgereist.de\/wp-content\/uploads\/2025\/10\/1000021493-2048x1536.jpg 2048w, https:\/\/familie-weitgereist.de\/wp-content\/uploads\/2025\/10\/1000021493-1200x900.jpg 1200w, https:\/\/familie-weitgereist.de\/wp-content\/uploads\/2025\/10\/1000021493-1980x1485.jpg 1980w, https:\/\/familie-weitgereist.de\/wp-content\/uploads\/2025\/10\/1000021493-150x113.jpg 150w\" sizes=\"auto, (max-width: 1024px) 100vw, 1024px\" \/><\/figure>\n\n\n\n<h2 class=\"wp-block-heading\">Vulkaninterpretationszentrum<\/h2>\n\n\n\n<p>Unweit von La Restinga befindet sich das Vulkaninterpretationszentrum. Davon gibt es zwei auf den kanarischen Inseln, eins auf <strong><a href=\"https:\/\/familie-weitgereist.de\/?p=23155\" data-type=\"link\" data-id=\"https:\/\/familie-weitgereist.de\/?p=23155\">Lanzarote<\/a><\/strong> und eins auf El Hierro.<\/p>\n\n\n\n<p>Im Zentrum gibt es viele Informationstafeln \u00fcber vulkanische Aktivit\u00e4ten, \u00fcber die Entstehungsgeschichte der Kanaren und weiteren vulkanischen Aktivit\u00e4ten innerhalb Europas. Daf\u00fcr wurde eine haptische Landkarte von Europa mit 109 vulkanischen Geoparks in 28 L\u00e4ndern erstellt. An einigen Geoparks in Europa waren wir schon.<\/p>\n\n\n\n<figure class=\"wp-block-image size-large\"><img loading=\"lazy\" decoding=\"async\" width=\"1024\" height=\"768\" src=\"https:\/\/familie-weitgereist.de\/wp-content\/uploads\/2025\/10\/1000021565-1024x768.jpg\" alt=\"\" class=\"wp-image-23726\" srcset=\"https:\/\/familie-weitgereist.de\/wp-content\/uploads\/2025\/10\/1000021565-1024x768.jpg 1024w, https:\/\/familie-weitgereist.de\/wp-content\/uploads\/2025\/10\/1000021565-300x225.jpg 300w, https:\/\/familie-weitgereist.de\/wp-content\/uploads\/2025\/10\/1000021565-768x576.jpg 768w, https:\/\/familie-weitgereist.de\/wp-content\/uploads\/2025\/10\/1000021565-1536x1152.jpg 1536w, https:\/\/familie-weitgereist.de\/wp-content\/uploads\/2025\/10\/1000021565-2048x1536.jpg 2048w, https:\/\/familie-weitgereist.de\/wp-content\/uploads\/2025\/10\/1000021565-1200x900.jpg 1200w, https:\/\/familie-weitgereist.de\/wp-content\/uploads\/2025\/10\/1000021565-1980x1485.jpg 1980w, https:\/\/familie-weitgereist.de\/wp-content\/uploads\/2025\/10\/1000021565-150x113.jpg 150w\" sizes=\"auto, (max-width: 1024px) 100vw, 1024px\" \/><\/figure>\n\n\n\n<p>Die Wege sind sehr sch\u00f6n angelegt und man l\u00e4uft immer \u00fcber Vulkangestein. Das untere Informationszentrum ist besonders interessant, denn hier wird anschaulich erkl\u00e4rt und gezeigt, wie 2011, 5 km vor der K\u00fcste von La Restinga, ein neuer Vulkan sich bildete und ausbrach.<\/p>\n\n\n\n<figure class=\"wp-block-image size-large\"><img loading=\"lazy\" decoding=\"async\" width=\"1024\" height=\"768\" src=\"https:\/\/familie-weitgereist.de\/wp-content\/uploads\/2025\/10\/1000021529-1024x768.jpg\" alt=\"\" class=\"wp-image-23728\" srcset=\"https:\/\/familie-weitgereist.de\/wp-content\/uploads\/2025\/10\/1000021529-1024x768.jpg 1024w, https:\/\/familie-weitgereist.de\/wp-content\/uploads\/2025\/10\/1000021529-300x225.jpg 300w, https:\/\/familie-weitgereist.de\/wp-content\/uploads\/2025\/10\/1000021529-768x576.jpg 768w, https:\/\/familie-weitgereist.de\/wp-content\/uploads\/2025\/10\/1000021529-1536x1152.jpg 1536w, https:\/\/familie-weitgereist.de\/wp-content\/uploads\/2025\/10\/1000021529-2048x1536.jpg 2048w, https:\/\/familie-weitgereist.de\/wp-content\/uploads\/2025\/10\/1000021529-1200x900.jpg 1200w, https:\/\/familie-weitgereist.de\/wp-content\/uploads\/2025\/10\/1000021529-1980x1485.jpg 1980w, https:\/\/familie-weitgereist.de\/wp-content\/uploads\/2025\/10\/1000021529-150x113.jpg 150w\" sizes=\"auto, (max-width: 1024px) 100vw, 1024px\" \/><\/figure>\n\n\n\n<p>Erwachsene zahlen 5\u20ac Eintritt, Kinder bis 11 Jahren sind gratis. (<em>Stand Oktober 2025<\/em>)<\/p>\n\n\n\n<h2 class=\"wp-block-heading\">Ecomuseo de Guinea<\/h2>\n\n\n\n<p>Im Nordwesten der Insel befindet sich das Freilichtmuseum &#8222;Guinea&#8220;.<\/p>\n\n\n\n<figure class=\"wp-block-image size-large\"><img loading=\"lazy\" decoding=\"async\" width=\"1024\" height=\"768\" src=\"https:\/\/familie-weitgereist.de\/wp-content\/uploads\/2025\/10\/1000020934-1024x768.jpg\" alt=\"\" class=\"wp-image-23680\" srcset=\"https:\/\/familie-weitgereist.de\/wp-content\/uploads\/2025\/10\/1000020934-1024x768.jpg 1024w, https:\/\/familie-weitgereist.de\/wp-content\/uploads\/2025\/10\/1000020934-300x225.jpg 300w, https:\/\/familie-weitgereist.de\/wp-content\/uploads\/2025\/10\/1000020934-768x576.jpg 768w, https:\/\/familie-weitgereist.de\/wp-content\/uploads\/2025\/10\/1000020934-1536x1152.jpg 1536w, https:\/\/familie-weitgereist.de\/wp-content\/uploads\/2025\/10\/1000020934-2048x1536.jpg 2048w, https:\/\/familie-weitgereist.de\/wp-content\/uploads\/2025\/10\/1000020934-1200x900.jpg 1200w, https:\/\/familie-weitgereist.de\/wp-content\/uploads\/2025\/10\/1000020934-1980x1485.jpg 1980w, https:\/\/familie-weitgereist.de\/wp-content\/uploads\/2025\/10\/1000020934-150x113.jpg 150w\" sizes=\"auto, (max-width: 1024px) 100vw, 1024px\" \/><\/figure>\n\n\n\n<p>Bevor das Dorf \u00fcberhaupt entstanden ist, lebten in diesem Areal die Bimbaches, die Ureinwohner von El Hierro. Sie lebten in den vulkanischen Tunneln, die sich unter dem gesamten Dorf befinden, mit ihren Tieren und ihrem Hausrat. Die Bimbaches lebten ab dem 4. Jahrhundert bis zur Kolonialisierung abgeschirmt von der Au\u00dfenwelt auf El Hierro.<\/p>\n\n\n\n<figure class=\"wp-block-image size-large\"><img loading=\"lazy\" decoding=\"async\" width=\"1024\" height=\"768\" src=\"https:\/\/familie-weitgereist.de\/wp-content\/uploads\/2025\/10\/1000020970-1024x768.jpg\" alt=\"\" class=\"wp-image-23681\" srcset=\"https:\/\/familie-weitgereist.de\/wp-content\/uploads\/2025\/10\/1000020970-1024x768.jpg 1024w, https:\/\/familie-weitgereist.de\/wp-content\/uploads\/2025\/10\/1000020970-300x225.jpg 300w, https:\/\/familie-weitgereist.de\/wp-content\/uploads\/2025\/10\/1000020970-768x576.jpg 768w, https:\/\/familie-weitgereist.de\/wp-content\/uploads\/2025\/10\/1000020970-1536x1152.jpg 1536w, https:\/\/familie-weitgereist.de\/wp-content\/uploads\/2025\/10\/1000020970-2048x1536.jpg 2048w, https:\/\/familie-weitgereist.de\/wp-content\/uploads\/2025\/10\/1000020970-1200x900.jpg 1200w, https:\/\/familie-weitgereist.de\/wp-content\/uploads\/2025\/10\/1000020970-1980x1485.jpg 1980w, https:\/\/familie-weitgereist.de\/wp-content\/uploads\/2025\/10\/1000020970-150x113.jpg 150w\" sizes=\"auto, (max-width: 1024px) 100vw, 1024px\" \/><\/figure>\n\n\n\n<p>Nach der Eroberung wurden die Wohnst\u00e4tten an die Oberfl\u00e4che verlagert und die Tunnel als Stall und Keller genutzt. Im Dorf selbst lebten ab dem 17. Jahrhundert Bauern, die unterschiedlich wohlhabend waren. Das wird im Dorf anschaulich gezeigt, da die Ausstattung der H\u00e4user stark variierte. Bis in das 20. Jahrhundert hinein lebten Menschen in dem Dorf Guinea.<\/p>\n\n\n\n<figure class=\"wp-block-image size-large\"><img loading=\"lazy\" decoding=\"async\" width=\"1024\" height=\"768\" src=\"https:\/\/familie-weitgereist.de\/wp-content\/uploads\/2025\/10\/1000020951-1024x768.jpg\" alt=\"\" class=\"wp-image-23682\" srcset=\"https:\/\/familie-weitgereist.de\/wp-content\/uploads\/2025\/10\/1000020951-1024x768.jpg 1024w, https:\/\/familie-weitgereist.de\/wp-content\/uploads\/2025\/10\/1000020951-300x225.jpg 300w, https:\/\/familie-weitgereist.de\/wp-content\/uploads\/2025\/10\/1000020951-768x576.jpg 768w, https:\/\/familie-weitgereist.de\/wp-content\/uploads\/2025\/10\/1000020951-1536x1152.jpg 1536w, https:\/\/familie-weitgereist.de\/wp-content\/uploads\/2025\/10\/1000020951-2048x1536.jpg 2048w, https:\/\/familie-weitgereist.de\/wp-content\/uploads\/2025\/10\/1000020951-1200x900.jpg 1200w, https:\/\/familie-weitgereist.de\/wp-content\/uploads\/2025\/10\/1000020951-1980x1485.jpg 1980w, https:\/\/familie-weitgereist.de\/wp-content\/uploads\/2025\/10\/1000020951-150x113.jpg 150w\" sizes=\"auto, (max-width: 1024px) 100vw, 1024px\" \/><\/figure>\n\n\n\n<p>Der Ursprung des Namens ist bisher ungekl\u00e4rt. Eine Theorie besagt, das der Name auf den afrikanischen Sklavenhandel zur\u00fcck geht. Die andere bezieht sich auf die englische M\u00fcnze &#8222;Guinea&#8220;, die von englischen Weinh\u00e4ndlern mitgebracht wurde.<\/p>\n\n\n\n<p>Wir hatten eine spannende Zeit auf dem Rundweg, der uns zu den unterschiedlichen H\u00e4usern brachte. Es war sehr spannend zu sehen, wie einfach die Menschen damals lebten, ohne flie\u00dfendes Wasser und sie ihre Umgebung brauchbar f\u00fcr sich machten.<\/p>\n\n\n\n<figure class=\"wp-block-image size-large\"><img loading=\"lazy\" decoding=\"async\" width=\"1024\" height=\"768\" src=\"https:\/\/familie-weitgereist.de\/wp-content\/uploads\/2025\/10\/1000020969-1024x768.jpg\" alt=\"\" class=\"wp-image-23683\" srcset=\"https:\/\/familie-weitgereist.de\/wp-content\/uploads\/2025\/10\/1000020969-1024x768.jpg 1024w, https:\/\/familie-weitgereist.de\/wp-content\/uploads\/2025\/10\/1000020969-300x225.jpg 300w, https:\/\/familie-weitgereist.de\/wp-content\/uploads\/2025\/10\/1000020969-768x576.jpg 768w, https:\/\/familie-weitgereist.de\/wp-content\/uploads\/2025\/10\/1000020969-1536x1152.jpg 1536w, https:\/\/familie-weitgereist.de\/wp-content\/uploads\/2025\/10\/1000020969-2048x1536.jpg 2048w, https:\/\/familie-weitgereist.de\/wp-content\/uploads\/2025\/10\/1000020969-1200x900.jpg 1200w, https:\/\/familie-weitgereist.de\/wp-content\/uploads\/2025\/10\/1000020969-1980x1485.jpg 1980w, https:\/\/familie-weitgereist.de\/wp-content\/uploads\/2025\/10\/1000020969-150x113.jpg 150w\" sizes=\"auto, (max-width: 1024px) 100vw, 1024px\" \/><\/figure>\n\n\n\n<p>An einer gef\u00fchrten Wanderung durch die unterirdischen vulkanischen Tunnel, den Juaclos, k\u00f6nnen Kinder ab 6 Jahren teilnehmen, daher haben wir darauf verzichtet.<\/p>\n\n\n\n<p>Erwachsene zahlen 5\u20ac Eintritt, Kinder bis 11 Jahren sind gratis. (<em>Stand Oktober 2025<\/em>)<\/p>\n\n\n\n<h2 class=\"wp-block-heading\">Interpretationszentrum des heiligen Baumes Garo\u00e9<\/h2>\n\n\n\n<p>Der heilige Baum Garo\u00e9 ist ein besonderer Baum, ein Stinklorbeerbaum, von dem es auf der Insel keinen anderen Baum gab. Die Besonderheit des Baumes liegt darin, dass er in der Lage ist, die Feuchtigkeit des Nebels aufzunehmen. Dies war f\u00fcr die Ureinwohner von El Hierro, den Bimbaches, lebensnotwendig. Denn durch den Baum erhielten sie Trinkwasser.<\/p>\n\n\n\n<figure class=\"wp-block-image size-large\"><img loading=\"lazy\" decoding=\"async\" width=\"768\" height=\"1024\" src=\"https:\/\/familie-weitgereist.de\/wp-content\/uploads\/2025\/10\/1000022230-1-768x1024.jpg\" alt=\"\" class=\"wp-image-23783\" srcset=\"https:\/\/familie-weitgereist.de\/wp-content\/uploads\/2025\/10\/1000022230-1-768x1024.jpg 768w, https:\/\/familie-weitgereist.de\/wp-content\/uploads\/2025\/10\/1000022230-1-225x300.jpg 225w, https:\/\/familie-weitgereist.de\/wp-content\/uploads\/2025\/10\/1000022230-1-1152x1536.jpg 1152w, https:\/\/familie-weitgereist.de\/wp-content\/uploads\/2025\/10\/1000022230-1-1536x2048.jpg 1536w, https:\/\/familie-weitgereist.de\/wp-content\/uploads\/2025\/10\/1000022230-1-1200x1600.jpg 1200w, https:\/\/familie-weitgereist.de\/wp-content\/uploads\/2025\/10\/1000022230-1-1980x2640.jpg 1980w, https:\/\/familie-weitgereist.de\/wp-content\/uploads\/2025\/10\/1000022230-1-640x853.jpg 640w, https:\/\/familie-weitgereist.de\/wp-content\/uploads\/2025\/10\/1000022230-1-150x200.jpg 150w, https:\/\/familie-weitgereist.de\/wp-content\/uploads\/2025\/10\/1000022230-1-scaled.jpg 1920w\" sizes=\"auto, (max-width: 768px) 100vw, 768px\" \/><\/figure>\n\n\n\n<p>1610 fiel der urspr\u00fcngliche Garo\u00e9 Baum einem Orkan zum Opfer. Dies hatte verheerende Folgen f\u00fcr die Einwohner von El Hierro. Sie setzten sogar ein Schreiben an den K\u00f6nig von Spanien auf, in der Hoffnung, er k\u00f6nne ihnen helfen. El Hierro wurde zu dieser Zeit schon von den Spaniern kolonialisiert. Da sie im Schreiben von einem Heiligen Baum sprachen, wurden sie nicht ernst genommen. Viele Menschen starben an Verdursten, denn es gab kaum noch Trinkwasser.<\/p>\n\n\n\n<figure class=\"wp-block-image size-large\"><img loading=\"lazy\" decoding=\"async\" width=\"1024\" height=\"768\" src=\"https:\/\/familie-weitgereist.de\/wp-content\/uploads\/2025\/10\/1000022241-1024x768.jpg\" alt=\"\" class=\"wp-image-23775\" srcset=\"https:\/\/familie-weitgereist.de\/wp-content\/uploads\/2025\/10\/1000022241-1024x768.jpg 1024w, https:\/\/familie-weitgereist.de\/wp-content\/uploads\/2025\/10\/1000022241-300x225.jpg 300w, https:\/\/familie-weitgereist.de\/wp-content\/uploads\/2025\/10\/1000022241-768x576.jpg 768w, https:\/\/familie-weitgereist.de\/wp-content\/uploads\/2025\/10\/1000022241-1536x1152.jpg 1536w, https:\/\/familie-weitgereist.de\/wp-content\/uploads\/2025\/10\/1000022241-2048x1536.jpg 2048w, https:\/\/familie-weitgereist.de\/wp-content\/uploads\/2025\/10\/1000022241-1200x900.jpg 1200w, https:\/\/familie-weitgereist.de\/wp-content\/uploads\/2025\/10\/1000022241-1980x1485.jpg 1980w, https:\/\/familie-weitgereist.de\/wp-content\/uploads\/2025\/10\/1000022241-150x113.jpg 150w\" sizes=\"auto, (max-width: 1024px) 100vw, 1024px\" \/><\/figure>\n\n\n\n<p>1957 wurde an seiner Stelle ein neuer Stinklorbeerbaum gepflanzt, den man sich im Besucherzentrum anschauen kann.<\/p>\n\n\n\n<p>Vom Besucherzentrum l\u00e4uft man einen kurzen Pfad hinab und steht vor diesem gro\u00dfen Baum. Es ist angenehm k\u00fchl und die Luft ist wunderbar rein.<\/p>\n\n\n\n<p>Erwachsene zahlen 2,50\u20ac Eintritt, Kinder bis 11 Jahren sind gratis. (<em>Stand Oktober 2025<\/em>)<\/p>\n\n\n\n<h2 class=\"wp-block-heading\">La Frontera<\/h2>\n\n\n\n<p>Die Kleinstadt La Frontera liegt im Westen der Insel. Dort haben wir eine tolle Zeit auf einem sch\u00f6nen Spielplatz verbracht. In La Frontera leben ca. 4500 Menschen.<\/p>\n\n\n\n<figure class=\"wp-block-image size-large\"><img loading=\"lazy\" decoding=\"async\" width=\"1024\" height=\"768\" src=\"https:\/\/familie-weitgereist.de\/wp-content\/uploads\/2025\/10\/1000022434-1024x768.jpg\" alt=\"\" class=\"wp-image-23770\" srcset=\"https:\/\/familie-weitgereist.de\/wp-content\/uploads\/2025\/10\/1000022434-1024x768.jpg 1024w, https:\/\/familie-weitgereist.de\/wp-content\/uploads\/2025\/10\/1000022434-300x225.jpg 300w, https:\/\/familie-weitgereist.de\/wp-content\/uploads\/2025\/10\/1000022434-768x576.jpg 768w, https:\/\/familie-weitgereist.de\/wp-content\/uploads\/2025\/10\/1000022434-1536x1152.jpg 1536w, https:\/\/familie-weitgereist.de\/wp-content\/uploads\/2025\/10\/1000022434-2048x1536.jpg 2048w, https:\/\/familie-weitgereist.de\/wp-content\/uploads\/2025\/10\/1000022434-1200x900.jpg 1200w, https:\/\/familie-weitgereist.de\/wp-content\/uploads\/2025\/10\/1000022434-1980x1485.jpg 1980w, https:\/\/familie-weitgereist.de\/wp-content\/uploads\/2025\/10\/1000022434-150x113.jpg 150w\" sizes=\"auto, (max-width: 1024px) 100vw, 1024px\" \/><\/figure>\n\n\n\n<h2 class=\"wp-block-heading\">Mirador Roque de la Bonanza<\/h2>\n\n\n\n<p>Im Osten von El Hierro befindet sich ein toller Aussichtspunkt auf den Roque de la Bonanza. Uns erinnerte dieser Fels im Meer an die <strong><a href=\"https:\/\/familie-weitgereist.de\/?page_id=35\" data-type=\"page\" data-id=\"35\">F\u00e4r\u00f6er Inseln<\/a><\/strong>, wo wir 2019 waren. Es ist beeindruckend, wie das Felstor im Meer steht.<\/p>\n\n\n\n<figure class=\"wp-block-image size-large\"><img loading=\"lazy\" decoding=\"async\" width=\"1024\" height=\"768\" src=\"https:\/\/familie-weitgereist.de\/wp-content\/uploads\/2025\/10\/1000020844-1024x768.jpg\" alt=\"\" class=\"wp-image-23667\" srcset=\"https:\/\/familie-weitgereist.de\/wp-content\/uploads\/2025\/10\/1000020844-1024x768.jpg 1024w, https:\/\/familie-weitgereist.de\/wp-content\/uploads\/2025\/10\/1000020844-300x225.jpg 300w, https:\/\/familie-weitgereist.de\/wp-content\/uploads\/2025\/10\/1000020844-768x576.jpg 768w, https:\/\/familie-weitgereist.de\/wp-content\/uploads\/2025\/10\/1000020844-1536x1152.jpg 1536w, https:\/\/familie-weitgereist.de\/wp-content\/uploads\/2025\/10\/1000020844-2048x1536.jpg 2048w, https:\/\/familie-weitgereist.de\/wp-content\/uploads\/2025\/10\/1000020844-1200x900.jpg 1200w, https:\/\/familie-weitgereist.de\/wp-content\/uploads\/2025\/10\/1000020844-1980x1485.jpg 1980w, https:\/\/familie-weitgereist.de\/wp-content\/uploads\/2025\/10\/1000020844-150x113.jpg 150w\" sizes=\"auto, (max-width: 1024px) 100vw, 1024px\" \/><\/figure>\n\n\n\n<h2 class=\"wp-block-heading\">Mirador de la Pe\u00f1a<\/h2>\n\n\n\n<p>Der Aussichtspunkt &#8222;La Pe\u00f1a&#8220; liegt im Westen von El Hierro und bietet einen grandiosen Blick \u00fcber die gesamte K\u00fcste. Am Aussichtspunkt befindet sich ein Restaurant. Dieses Geb\u00e4ude und der Palmengarten herum wurden Anfang der 1980er Jahre von C\u00e9sar Manrique erschaffen. Dieser ber\u00fchmte K\u00fcnstler hat ebenfalls auf seiner Heimatinsel <a href=\"https:\/\/familie-weitgereist.de\/?p=23155\" data-type=\"link\" data-id=\"https:\/\/familie-weitgereist.de\/?p=23155\"><strong>Lanzarote<\/strong><\/a> viele Bauwerke erschaffen, die in Harmonie mit der Natur im Einklang sind.<\/p>\n\n\n\n<div id=\"wp-block-themeisle-blocks-slider-0af9317e\" class=\"wp-block-themeisle-blocks-slider glide\" data-per-view=\"1\" data-gap=\"0\" data-peek=\"0\" data-autoplay=\"true\" data-height=\"400px\" data-hide-arrows=\"false\"><div class=\"glide__track\" data-glide-el=\"track\"><div class=\"glide__slides\"><div class=\"wp-block-themeisle-blocks-slider-item-wrapper glide__slide\" tabindex=\"0\"><figure><img decoding=\"async\" class=\"wp-block-themeisle-blocks-slider-item\" src=\"https:\/\/familie-weitgereist.de\/wp-content\/uploads\/2025\/10\/1000022418-scaled.jpg\" alt=\"\" title=\"\" data-id=\"23766\"\/><\/figure><\/div><div class=\"wp-block-themeisle-blocks-slider-item-wrapper glide__slide\" tabindex=\"0\"><figure><img decoding=\"async\" class=\"wp-block-themeisle-blocks-slider-item\" src=\"https:\/\/familie-weitgereist.de\/wp-content\/uploads\/2025\/10\/1000022396-scaled.jpg\" alt=\"\" title=\"\" data-id=\"23767\"\/><\/figure><\/div><\/div><div class=\"glide__bullets\" data-glide-el=\"controls[nav]\"><button class=\"glide__bullet\" data-glide-dir=\"=0\"><\/button><button class=\"glide__bullet\" data-glide-dir=\"=1\"><\/button><\/div><\/div><\/div>\n\n\n\n<h2 class=\"wp-block-heading\">Piscina Natural La Maceta<\/h2>\n\n\n\n<p>Unweit des Freilichtmuseums befinden sich an der K\u00fcste die nat\u00fcrlichen Schwimmbecken La Maceta. Dort kann man sehr sch\u00f6n schwimmen gehen und es gibt einen Stellplatz f\u00fcr Camper mit Toiletten, einer B\u00fccherbox und vielen Sitzm\u00f6glichkeiten.<\/p>\n\n\n\n<figure class=\"wp-block-image size-large\"><img loading=\"lazy\" decoding=\"async\" width=\"1024\" height=\"768\" src=\"https:\/\/familie-weitgereist.de\/wp-content\/uploads\/2025\/10\/1000020984-1024x768.jpg\" alt=\"\" class=\"wp-image-23689\" srcset=\"https:\/\/familie-weitgereist.de\/wp-content\/uploads\/2025\/10\/1000020984-1024x768.jpg 1024w, https:\/\/familie-weitgereist.de\/wp-content\/uploads\/2025\/10\/1000020984-300x225.jpg 300w, https:\/\/familie-weitgereist.de\/wp-content\/uploads\/2025\/10\/1000020984-768x576.jpg 768w, https:\/\/familie-weitgereist.de\/wp-content\/uploads\/2025\/10\/1000020984-1536x1152.jpg 1536w, https:\/\/familie-weitgereist.de\/wp-content\/uploads\/2025\/10\/1000020984-2048x1536.jpg 2048w, https:\/\/familie-weitgereist.de\/wp-content\/uploads\/2025\/10\/1000020984-1200x900.jpg 1200w, https:\/\/familie-weitgereist.de\/wp-content\/uploads\/2025\/10\/1000020984-1980x1485.jpg 1980w, https:\/\/familie-weitgereist.de\/wp-content\/uploads\/2025\/10\/1000020984-150x113.jpg 150w\" sizes=\"auto, (max-width: 1024px) 100vw, 1024px\" \/><\/figure>\n\n\n\n<h2 class=\"wp-block-heading\">Piscina Natural La Caleta<\/h2>\n\n\n\n<p>Die Naturschwimmbecken auf El Hierro sind wirklich so sch\u00f6n und dieses in La Caleta ist f\u00fcr Familien ganz besonders toll. Es gibt zwei gr\u00f6\u00dfere Schwimmbecken und ein kleines Baby-\/ Kleinkindbecken. Die Pools sind mit Meerwasser gef\u00fcllt. Zudem gibt es eine Dusche. \u00dcber Leitern und Stegen kann man auch ins Meer gelangen. Wir waren mehrmals hier und hatten eine geniale Zeit.<\/p>\n\n\n\n<figure class=\"wp-block-image size-large\"><img loading=\"lazy\" decoding=\"async\" width=\"1024\" height=\"768\" src=\"https:\/\/familie-weitgereist.de\/wp-content\/uploads\/2025\/10\/1000021665-1024x768.jpg\" alt=\"\" class=\"wp-image-23714\" srcset=\"https:\/\/familie-weitgereist.de\/wp-content\/uploads\/2025\/10\/1000021665-1024x768.jpg 1024w, https:\/\/familie-weitgereist.de\/wp-content\/uploads\/2025\/10\/1000021665-300x225.jpg 300w, https:\/\/familie-weitgereist.de\/wp-content\/uploads\/2025\/10\/1000021665-768x576.jpg 768w, https:\/\/familie-weitgereist.de\/wp-content\/uploads\/2025\/10\/1000021665-1536x1152.jpg 1536w, https:\/\/familie-weitgereist.de\/wp-content\/uploads\/2025\/10\/1000021665-2048x1536.jpg 2048w, https:\/\/familie-weitgereist.de\/wp-content\/uploads\/2025\/10\/1000021665-1200x900.jpg 1200w, https:\/\/familie-weitgereist.de\/wp-content\/uploads\/2025\/10\/1000021665-1980x1485.jpg 1980w, https:\/\/familie-weitgereist.de\/wp-content\/uploads\/2025\/10\/1000021665-150x113.jpg 150w\" sizes=\"auto, (max-width: 1024px) 100vw, 1024px\" \/><\/figure>\n\n\n\n<h2 class=\"wp-block-heading\">Pozo de las Calcosas<\/h2>\n\n\n\n<p>Im Norden von El Hierro befindet sich ein einsames Fischerdorf am Fu\u00dfe eines Steilhanges. Die D\u00e4cher der H\u00e4user wurden traditionell mit Roggenstroh gefertigt, welches heute nicht mehr verwendet wird. Der Abstieg kann \u00fcber einen gut angelegten Weg erfolgen. Wir haben jedoch nur den Ausblick genossen und sind nicht hinunter gelaufen.<\/p>\n\n\n\n<figure class=\"wp-block-image size-large\"><img loading=\"lazy\" decoding=\"async\" width=\"1024\" height=\"768\" src=\"https:\/\/familie-weitgereist.de\/wp-content\/uploads\/2025\/10\/1000020885-1-1024x768.jpg\" alt=\"\" class=\"wp-image-23672\" srcset=\"https:\/\/familie-weitgereist.de\/wp-content\/uploads\/2025\/10\/1000020885-1-1024x768.jpg 1024w, https:\/\/familie-weitgereist.de\/wp-content\/uploads\/2025\/10\/1000020885-1-300x225.jpg 300w, https:\/\/familie-weitgereist.de\/wp-content\/uploads\/2025\/10\/1000020885-1-768x576.jpg 768w, https:\/\/familie-weitgereist.de\/wp-content\/uploads\/2025\/10\/1000020885-1-1536x1152.jpg 1536w, https:\/\/familie-weitgereist.de\/wp-content\/uploads\/2025\/10\/1000020885-1-2048x1536.jpg 2048w, https:\/\/familie-weitgereist.de\/wp-content\/uploads\/2025\/10\/1000020885-1-1200x900.jpg 1200w, https:\/\/familie-weitgereist.de\/wp-content\/uploads\/2025\/10\/1000020885-1-1980x1485.jpg 1980w, https:\/\/familie-weitgereist.de\/wp-content\/uploads\/2025\/10\/1000020885-1-150x113.jpg 150w\" sizes=\"auto, (max-width: 1024px) 100vw, 1024px\" \/><\/figure>\n\n\n\n<p>Am Aussichtspunkt gibt es auch einen kleinen Spielplatz und Trainingsger\u00e4te.<\/p>\n\n\n\n<figure class=\"wp-block-image size-large\"><img loading=\"lazy\" decoding=\"async\" width=\"1024\" height=\"768\" src=\"https:\/\/familie-weitgereist.de\/wp-content\/uploads\/2025\/10\/1000020892-1024x768.jpg\" alt=\"\" class=\"wp-image-23686\" srcset=\"https:\/\/familie-weitgereist.de\/wp-content\/uploads\/2025\/10\/1000020892-1024x768.jpg 1024w, https:\/\/familie-weitgereist.de\/wp-content\/uploads\/2025\/10\/1000020892-300x225.jpg 300w, https:\/\/familie-weitgereist.de\/wp-content\/uploads\/2025\/10\/1000020892-768x576.jpg 768w, https:\/\/familie-weitgereist.de\/wp-content\/uploads\/2025\/10\/1000020892-1536x1152.jpg 1536w, https:\/\/familie-weitgereist.de\/wp-content\/uploads\/2025\/10\/1000020892-2048x1536.jpg 2048w, https:\/\/familie-weitgereist.de\/wp-content\/uploads\/2025\/10\/1000020892-1200x900.jpg 1200w, https:\/\/familie-weitgereist.de\/wp-content\/uploads\/2025\/10\/1000020892-1980x1485.jpg 1980w, https:\/\/familie-weitgereist.de\/wp-content\/uploads\/2025\/10\/1000020892-150x113.jpg 150w\" sizes=\"auto, (max-width: 1024px) 100vw, 1024px\" \/><\/figure>\n\n\n\n<h2 class=\"wp-block-heading\">Tamaduste<\/h2>\n\n\n\n<p>Das kleine Fischerd\u00f6rfchen Tamaduste befindet sich im Norden von El Hierro, unweit des Flughafens. Wir haben w\u00e4hrend unseres Besuches drei kleine Flugzeuge der Airline Binter starten und landen sehen.<\/p>\n\n\n\n<p>Vom <strong>Mirador &#8222;El Tamaduste<\/strong>&#8220; genie\u00dft man einen traumhaften Ausblick \u00fcber das Dorf.<\/p>\n\n\n\n<figure class=\"wp-block-image size-large\"><img loading=\"lazy\" decoding=\"async\" width=\"1024\" height=\"768\" src=\"https:\/\/familie-weitgereist.de\/wp-content\/uploads\/2025\/10\/1000022048-1024x768.jpg\" alt=\"\" class=\"wp-image-23751\" srcset=\"https:\/\/familie-weitgereist.de\/wp-content\/uploads\/2025\/10\/1000022048-1024x768.jpg 1024w, https:\/\/familie-weitgereist.de\/wp-content\/uploads\/2025\/10\/1000022048-300x225.jpg 300w, https:\/\/familie-weitgereist.de\/wp-content\/uploads\/2025\/10\/1000022048-768x576.jpg 768w, https:\/\/familie-weitgereist.de\/wp-content\/uploads\/2025\/10\/1000022048-1536x1152.jpg 1536w, https:\/\/familie-weitgereist.de\/wp-content\/uploads\/2025\/10\/1000022048-2048x1536.jpg 2048w, https:\/\/familie-weitgereist.de\/wp-content\/uploads\/2025\/10\/1000022048-1200x900.jpg 1200w, https:\/\/familie-weitgereist.de\/wp-content\/uploads\/2025\/10\/1000022048-1980x1485.jpg 1980w, https:\/\/familie-weitgereist.de\/wp-content\/uploads\/2025\/10\/1000022048-150x113.jpg 150w\" sizes=\"auto, (max-width: 1024px) 100vw, 1024px\" \/><\/figure>\n\n\n\n<p>Der Ort bietet ein einmaliges, wunderbares Meeresbecken. Alle Stra\u00dfen im Dorf f\u00fchren zum Meer. Die Promenade ist traumhaft und das Meerwasser kristallklar.<\/p>\n\n\n\n<figure class=\"wp-block-image size-large\"><img loading=\"lazy\" decoding=\"async\" width=\"1024\" height=\"768\" src=\"https:\/\/familie-weitgereist.de\/wp-content\/uploads\/2025\/10\/1000022034-1024x768.jpg\" alt=\"\" class=\"wp-image-23752\" srcset=\"https:\/\/familie-weitgereist.de\/wp-content\/uploads\/2025\/10\/1000022034-1024x768.jpg 1024w, https:\/\/familie-weitgereist.de\/wp-content\/uploads\/2025\/10\/1000022034-300x225.jpg 300w, https:\/\/familie-weitgereist.de\/wp-content\/uploads\/2025\/10\/1000022034-768x576.jpg 768w, https:\/\/familie-weitgereist.de\/wp-content\/uploads\/2025\/10\/1000022034-1536x1152.jpg 1536w, https:\/\/familie-weitgereist.de\/wp-content\/uploads\/2025\/10\/1000022034-2048x1536.jpg 2048w, https:\/\/familie-weitgereist.de\/wp-content\/uploads\/2025\/10\/1000022034-1200x900.jpg 1200w, https:\/\/familie-weitgereist.de\/wp-content\/uploads\/2025\/10\/1000022034-1980x1485.jpg 1980w, https:\/\/familie-weitgereist.de\/wp-content\/uploads\/2025\/10\/1000022034-150x113.jpg 150w\" sizes=\"auto, (max-width: 1024px) 100vw, 1024px\" \/><\/figure>\n\n\n\n<p>Die Meerwasserqualit\u00e4t auf El Hierro ist generell ausgezeichnet.<\/p>\n\n\n\n<figure class=\"wp-block-image size-large\"><img loading=\"lazy\" decoding=\"async\" width=\"1024\" height=\"768\" src=\"https:\/\/familie-weitgereist.de\/wp-content\/uploads\/2025\/10\/1000022012-1024x768.jpg\" alt=\"\" class=\"wp-image-23750\" srcset=\"https:\/\/familie-weitgereist.de\/wp-content\/uploads\/2025\/10\/1000022012-1024x768.jpg 1024w, https:\/\/familie-weitgereist.de\/wp-content\/uploads\/2025\/10\/1000022012-300x225.jpg 300w, https:\/\/familie-weitgereist.de\/wp-content\/uploads\/2025\/10\/1000022012-768x576.jpg 768w, https:\/\/familie-weitgereist.de\/wp-content\/uploads\/2025\/10\/1000022012-1536x1152.jpg 1536w, https:\/\/familie-weitgereist.de\/wp-content\/uploads\/2025\/10\/1000022012-2048x1536.jpg 2048w, https:\/\/familie-weitgereist.de\/wp-content\/uploads\/2025\/10\/1000022012-1200x900.jpg 1200w, https:\/\/familie-weitgereist.de\/wp-content\/uploads\/2025\/10\/1000022012-1980x1485.jpg 1980w, https:\/\/familie-weitgereist.de\/wp-content\/uploads\/2025\/10\/1000022012-150x113.jpg 150w\" sizes=\"auto, (max-width: 1024px) 100vw, 1024px\" \/><\/figure>\n\n\n\n<p>Wir schlenderten durch den Ort, entlang der Promenade und bestaunten die herrliche Badebucht.<\/p>\n\n\n\n<figure class=\"wp-block-image size-large\"><img loading=\"lazy\" decoding=\"async\" width=\"1024\" height=\"768\" src=\"https:\/\/familie-weitgereist.de\/wp-content\/uploads\/2025\/10\/1000022008-1024x768.jpg\" alt=\"\" class=\"wp-image-23749\" srcset=\"https:\/\/familie-weitgereist.de\/wp-content\/uploads\/2025\/10\/1000022008-1024x768.jpg 1024w, https:\/\/familie-weitgereist.de\/wp-content\/uploads\/2025\/10\/1000022008-300x225.jpg 300w, https:\/\/familie-weitgereist.de\/wp-content\/uploads\/2025\/10\/1000022008-768x576.jpg 768w, https:\/\/familie-weitgereist.de\/wp-content\/uploads\/2025\/10\/1000022008-1536x1152.jpg 1536w, https:\/\/familie-weitgereist.de\/wp-content\/uploads\/2025\/10\/1000022008-2048x1536.jpg 2048w, https:\/\/familie-weitgereist.de\/wp-content\/uploads\/2025\/10\/1000022008-1200x900.jpg 1200w, https:\/\/familie-weitgereist.de\/wp-content\/uploads\/2025\/10\/1000022008-1980x1485.jpg 1980w, https:\/\/familie-weitgereist.de\/wp-content\/uploads\/2025\/10\/1000022008-150x113.jpg 150w\" sizes=\"auto, (max-width: 1024px) 100vw, 1024px\" \/><\/figure>\n\n\n\n<p>Die K\u00fcste au\u00dferhalb der Promenade, ist schroff und es gibt sogar ein Felsentor.<\/p>\n\n\n\n<figure class=\"wp-block-image size-large\"><img loading=\"lazy\" decoding=\"async\" width=\"1024\" height=\"768\" src=\"https:\/\/familie-weitgereist.de\/wp-content\/uploads\/2025\/10\/1000021970-1024x768.jpg\" alt=\"\" class=\"wp-image-23746\" srcset=\"https:\/\/familie-weitgereist.de\/wp-content\/uploads\/2025\/10\/1000021970-1024x768.jpg 1024w, https:\/\/familie-weitgereist.de\/wp-content\/uploads\/2025\/10\/1000021970-300x225.jpg 300w, https:\/\/familie-weitgereist.de\/wp-content\/uploads\/2025\/10\/1000021970-768x576.jpg 768w, https:\/\/familie-weitgereist.de\/wp-content\/uploads\/2025\/10\/1000021970-1536x1152.jpg 1536w, https:\/\/familie-weitgereist.de\/wp-content\/uploads\/2025\/10\/1000021970-2048x1536.jpg 2048w, https:\/\/familie-weitgereist.de\/wp-content\/uploads\/2025\/10\/1000021970-1200x900.jpg 1200w, https:\/\/familie-weitgereist.de\/wp-content\/uploads\/2025\/10\/1000021970-1980x1485.jpg 1980w, https:\/\/familie-weitgereist.de\/wp-content\/uploads\/2025\/10\/1000021970-150x113.jpg 150w\" sizes=\"auto, (max-width: 1024px) 100vw, 1024px\" \/><\/figure>\n\n\n\n<p>Unser Besuch endete in Tamaduste am <strong>Spielplatz<\/strong>. Dieser befindet sich in der <strong>Calle El Picacho<\/strong>.<\/p>\n\n\n\n<figure class=\"wp-block-image size-large\"><img loading=\"lazy\" decoding=\"async\" width=\"1024\" height=\"768\" src=\"https:\/\/familie-weitgereist.de\/wp-content\/uploads\/2025\/10\/1000021969-1024x768.jpg\" alt=\"\" class=\"wp-image-23747\" srcset=\"https:\/\/familie-weitgereist.de\/wp-content\/uploads\/2025\/10\/1000021969-1024x768.jpg 1024w, https:\/\/familie-weitgereist.de\/wp-content\/uploads\/2025\/10\/1000021969-300x225.jpg 300w, https:\/\/familie-weitgereist.de\/wp-content\/uploads\/2025\/10\/1000021969-768x576.jpg 768w, https:\/\/familie-weitgereist.de\/wp-content\/uploads\/2025\/10\/1000021969-1536x1152.jpg 1536w, https:\/\/familie-weitgereist.de\/wp-content\/uploads\/2025\/10\/1000021969-2048x1536.jpg 2048w, https:\/\/familie-weitgereist.de\/wp-content\/uploads\/2025\/10\/1000021969-1200x900.jpg 1200w, https:\/\/familie-weitgereist.de\/wp-content\/uploads\/2025\/10\/1000021969-1980x1485.jpg 1980w, https:\/\/familie-weitgereist.de\/wp-content\/uploads\/2025\/10\/1000021969-150x113.jpg 150w\" sizes=\"auto, (max-width: 1024px) 100vw, 1024px\" \/><\/figure>\n\n\n\n<h2 class=\"wp-block-heading\">Timijiraque<\/h2>\n\n\n\n<p>Timijiraque war f\u00fcr uns der erste und letzte Stop, nach und vor der F\u00e4hre. Wir haben auf einem Parkplatz, direkt am Meer, angehalten und ebenso die Nacht hier verbracht. Bei Meeresrauschen einzuschlafen und aufzuwachen, geh\u00f6rt f\u00fcr uns zu den sch\u00f6nsten Momenten am Vanlife. Dies konnten wir auch hier genie\u00dfen.<\/p>\n\n\n\n<figure class=\"wp-block-image size-large\"><img loading=\"lazy\" decoding=\"async\" width=\"1024\" height=\"768\" src=\"https:\/\/familie-weitgereist.de\/wp-content\/uploads\/2025\/10\/1000020705-1024x768.jpg\" alt=\"\" class=\"wp-image-23663\" srcset=\"https:\/\/familie-weitgereist.de\/wp-content\/uploads\/2025\/10\/1000020705-1024x768.jpg 1024w, https:\/\/familie-weitgereist.de\/wp-content\/uploads\/2025\/10\/1000020705-300x225.jpg 300w, https:\/\/familie-weitgereist.de\/wp-content\/uploads\/2025\/10\/1000020705-768x576.jpg 768w, https:\/\/familie-weitgereist.de\/wp-content\/uploads\/2025\/10\/1000020705-1536x1152.jpg 1536w, https:\/\/familie-weitgereist.de\/wp-content\/uploads\/2025\/10\/1000020705-2048x1536.jpg 2048w, https:\/\/familie-weitgereist.de\/wp-content\/uploads\/2025\/10\/1000020705-1200x900.jpg 1200w, https:\/\/familie-weitgereist.de\/wp-content\/uploads\/2025\/10\/1000020705-1980x1485.jpg 1980w, https:\/\/familie-weitgereist.de\/wp-content\/uploads\/2025\/10\/1000020705-150x113.jpg 150w\" sizes=\"auto, (max-width: 1024px) 100vw, 1024px\" \/><\/figure>\n\n\n\n<p>In Timijiraque gibt es einen wundersch\u00f6nen Strand, mit Grillm\u00f6glichkeiten, einem Spielplatz, Toiletten und funktionierenden Strandduschen. Wir hatten eine traumhaftes Zeit an diesem Strand. Am Horizont haben wir La Gomera und den Teide auf Teneriffa gesehen.<\/p>\n\n\n\n<div id=\"wp-block-themeisle-blocks-slider-0083b692\" class=\"wp-block-themeisle-blocks-slider glide\" data-per-view=\"1\" data-gap=\"0\" data-peek=\"0\" data-autoplay=\"true\" data-height=\"400px\" data-hide-arrows=\"false\"><div class=\"glide__track\" data-glide-el=\"track\"><div class=\"glide__slides\"><div class=\"wp-block-themeisle-blocks-slider-item-wrapper glide__slide\" tabindex=\"0\"><figure><img decoding=\"async\" class=\"wp-block-themeisle-blocks-slider-item\" src=\"https:\/\/familie-weitgereist.de\/wp-content\/uploads\/2025\/10\/1000020688-scaled.jpg\" alt=\"\" title=\"\" data-id=\"23661\"\/><\/figure><\/div><div class=\"wp-block-themeisle-blocks-slider-item-wrapper glide__slide\" tabindex=\"0\"><figure><img decoding=\"async\" class=\"wp-block-themeisle-blocks-slider-item\" src=\"https:\/\/familie-weitgereist.de\/wp-content\/uploads\/2025\/10\/1000020677-scaled.jpg\" alt=\"\" title=\"\" data-id=\"23662\"\/><\/figure><\/div><div class=\"wp-block-themeisle-blocks-slider-item-wrapper glide__slide\" tabindex=\"0\"><figure><img decoding=\"async\" class=\"wp-block-themeisle-blocks-slider-item\" src=\"https:\/\/familie-weitgereist.de\/wp-content\/uploads\/2025\/10\/1000020692-scaled.jpg\" alt=\"\" title=\"\" data-id=\"23660\"\/><\/figure><\/div><\/div><div class=\"glide__bullets\" data-glide-el=\"controls[nav]\"><button class=\"glide__bullet\" data-glide-dir=\"=0\"><\/button><button class=\"glide__bullet\" data-glide-dir=\"=1\"><\/button><button class=\"glide__bullet\" data-glide-dir=\"=2\"><\/button><\/div><\/div><\/div>\n\n\n\n<p>Wir haben uns auch sehr gefreut, denn deutsche Urlauber haben uns angesprochen, ob wir bei ihnen im Ferienhaus W\u00e4sche waschen wollen. Da sie selbst oft mit dem Camper und Kind unterwegs sind, wissen sie, wie es ist. So lieb.<\/p>\n\n\n\n<h2 class=\"wp-block-heading\">Villa de Valverde<\/h2>\n\n\n\n<p>Villa de Valverde ist die Hauptstadt von El Hierro und zugleich die einzige Hauptstadt der kanarischen Inseln, die sich nicht an der K\u00fcste befindet, sondern in den Bergen. Hier leben ca. 5200 Menschen. Die Hauptstadt geh\u00f6rte bis in das 19. Jahrhundert zum Herrschaftsbereich der Grafen von La Gomera. Danach erkaufte Villa de Valverde sich seine Unabh\u00e4ngigkeit.<\/p>\n\n\n\n<p>Wenn es an der K\u00fcste sehr hei\u00df ist, ist ein Besuch der kleinen Stadt in den Bergen sehr angenehm, denn es ist k\u00fchler.<\/p>\n\n\n\n<figure class=\"wp-block-image size-large\"><img loading=\"lazy\" decoding=\"async\" width=\"1024\" height=\"768\" src=\"https:\/\/familie-weitgereist.de\/wp-content\/uploads\/2025\/10\/1000022055-1024x768.jpg\" alt=\"\" class=\"wp-image-23762\" srcset=\"https:\/\/familie-weitgereist.de\/wp-content\/uploads\/2025\/10\/1000022055-1024x768.jpg 1024w, https:\/\/familie-weitgereist.de\/wp-content\/uploads\/2025\/10\/1000022055-300x225.jpg 300w, https:\/\/familie-weitgereist.de\/wp-content\/uploads\/2025\/10\/1000022055-768x576.jpg 768w, https:\/\/familie-weitgereist.de\/wp-content\/uploads\/2025\/10\/1000022055-1536x1152.jpg 1536w, https:\/\/familie-weitgereist.de\/wp-content\/uploads\/2025\/10\/1000022055-2048x1536.jpg 2048w, https:\/\/familie-weitgereist.de\/wp-content\/uploads\/2025\/10\/1000022055-1200x900.jpg 1200w, https:\/\/familie-weitgereist.de\/wp-content\/uploads\/2025\/10\/1000022055-1980x1485.jpg 1980w, https:\/\/familie-weitgereist.de\/wp-content\/uploads\/2025\/10\/1000022055-150x113.jpg 150w\" sizes=\"auto, (max-width: 1024px) 100vw, 1024px\" \/><\/figure>\n\n\n\n<p>Das Wahrzeichen der Stadt ist die Kirche Santa Mar\u00eda de la Concepci\u00f3n aus dem 18. Jahrhundert. Direkt daneben befindet sich das Rathaus in typisch kanarischer Architektur. <\/p>\n\n\n\n<p>Vom Rathausplatz hat man einen herrlichen Ausblick auf die Kirche, das Meer und bei guter Sicht sogar auf die Nachbarinseln La Gomera und den Teide von Teneriffa.<\/p>\n\n\n\n<figure class=\"wp-block-image size-large\"><img loading=\"lazy\" decoding=\"async\" width=\"1024\" height=\"768\" src=\"https:\/\/familie-weitgereist.de\/wp-content\/uploads\/2025\/10\/1000022074-1024x768.jpg\" alt=\"\" class=\"wp-image-23760\" srcset=\"https:\/\/familie-weitgereist.de\/wp-content\/uploads\/2025\/10\/1000022074-1024x768.jpg 1024w, https:\/\/familie-weitgereist.de\/wp-content\/uploads\/2025\/10\/1000022074-300x225.jpg 300w, https:\/\/familie-weitgereist.de\/wp-content\/uploads\/2025\/10\/1000022074-768x576.jpg 768w, https:\/\/familie-weitgereist.de\/wp-content\/uploads\/2025\/10\/1000022074-1536x1152.jpg 1536w, https:\/\/familie-weitgereist.de\/wp-content\/uploads\/2025\/10\/1000022074-2048x1536.jpg 2048w, https:\/\/familie-weitgereist.de\/wp-content\/uploads\/2025\/10\/1000022074-1200x900.jpg 1200w, https:\/\/familie-weitgereist.de\/wp-content\/uploads\/2025\/10\/1000022074-1980x1485.jpg 1980w, https:\/\/familie-weitgereist.de\/wp-content\/uploads\/2025\/10\/1000022074-150x113.jpg 150w\" sizes=\"auto, (max-width: 1024px) 100vw, 1024px\" \/><\/figure>\n\n\n\n<p>Bei einem Stadtbummel durch die ruhigen Stra\u00dfen von Villa de Valverde findet man so manch gem\u00fctliches Caf\u00e9 zum Einkehren.<\/p>\n\n\n\n<figure class=\"wp-block-image size-large\"><img loading=\"lazy\" decoding=\"async\" width=\"1024\" height=\"768\" src=\"https:\/\/familie-weitgereist.de\/wp-content\/uploads\/2025\/10\/1000022087-1024x768.jpg\" alt=\"\" class=\"wp-image-23759\" srcset=\"https:\/\/familie-weitgereist.de\/wp-content\/uploads\/2025\/10\/1000022087-1024x768.jpg 1024w, https:\/\/familie-weitgereist.de\/wp-content\/uploads\/2025\/10\/1000022087-300x225.jpg 300w, https:\/\/familie-weitgereist.de\/wp-content\/uploads\/2025\/10\/1000022087-768x576.jpg 768w, https:\/\/familie-weitgereist.de\/wp-content\/uploads\/2025\/10\/1000022087-1536x1152.jpg 1536w, https:\/\/familie-weitgereist.de\/wp-content\/uploads\/2025\/10\/1000022087-2048x1536.jpg 2048w, https:\/\/familie-weitgereist.de\/wp-content\/uploads\/2025\/10\/1000022087-1200x900.jpg 1200w, https:\/\/familie-weitgereist.de\/wp-content\/uploads\/2025\/10\/1000022087-1980x1485.jpg 1980w, https:\/\/familie-weitgereist.de\/wp-content\/uploads\/2025\/10\/1000022087-150x113.jpg 150w\" sizes=\"auto, (max-width: 1024px) 100vw, 1024px\" \/><\/figure>\n\n\n\n<p>Im <strong>Parque del Cabo in Villa de Valverde<\/strong> gibt es einen sch\u00f6nen gro\u00dfen Spielplatz im Dschungelstyle. Es gibt Wackeltiere, eine Nestschaukel, ein kleineres Kletterger\u00fcst und ein sehr gro\u00dfes mit vielen Rutschen. Unsere Kinder hatten sehr viel Spa\u00df. Vom Spielplatz aus, bietet sich ein sch\u00f6ner Blick auf die Stadt am gr\u00fcnen Berghang.<\/p>\n\n\n\n<figure class=\"wp-block-image size-large\"><img loading=\"lazy\" decoding=\"async\" width=\"1024\" height=\"768\" src=\"https:\/\/familie-weitgereist.de\/wp-content\/uploads\/2025\/10\/1000022701-1024x768.jpg\" alt=\"\" class=\"wp-image-23811\" srcset=\"https:\/\/familie-weitgereist.de\/wp-content\/uploads\/2025\/10\/1000022701-1024x768.jpg 1024w, https:\/\/familie-weitgereist.de\/wp-content\/uploads\/2025\/10\/1000022701-300x225.jpg 300w, https:\/\/familie-weitgereist.de\/wp-content\/uploads\/2025\/10\/1000022701-768x576.jpg 768w, https:\/\/familie-weitgereist.de\/wp-content\/uploads\/2025\/10\/1000022701-1536x1152.jpg 1536w, https:\/\/familie-weitgereist.de\/wp-content\/uploads\/2025\/10\/1000022701-2048x1536.jpg 2048w, https:\/\/familie-weitgereist.de\/wp-content\/uploads\/2025\/10\/1000022701-1200x900.jpg 1200w, https:\/\/familie-weitgereist.de\/wp-content\/uploads\/2025\/10\/1000022701-1980x1485.jpg 1980w, https:\/\/familie-weitgereist.de\/wp-content\/uploads\/2025\/10\/1000022701-150x113.jpg 150w\" sizes=\"auto, (max-width: 1024px) 100vw, 1024px\" \/><\/figure>\n\n\n\n<h2 class=\"wp-block-heading\">Wanderungen auf El Hierro<\/h2>\n\n\n\n<p>El Hierro ist ein Wanderparadies, an der K\u00fcste entlang, sowie auch im Inselinneren. Spannende Wege und Pfade f\u00fchren \u00fcber Vulkangestein, durch dichten Lorbeerwald oder an der tosenden Meeresk\u00fcste entlang. Die kleine Insel ist sehr vielf\u00e4ltig und bietet f\u00fcr jeden Anspruchsgrad etwas.<\/p>\n\n\n\n<h2 class=\"wp-block-heading\">La Llan\u00eda<\/h2>\n\n\n\n<p>Zu den beliebtesten Wanderungen auf der Insel geh\u00f6rt der Rundwanderweg La Llan\u00eda im Zentrum von El Hierro. Dieser Weg ist besonders f\u00fcr Familien mit Kindern geeignet, denn die Wege sind spannend, abwechslungsreich, bieten tolle Ausblicke und f\u00fchren vielmals gerade aus.<\/p>\n\n\n\n<figure class=\"wp-block-image size-large\"><img loading=\"lazy\" decoding=\"async\" width=\"1024\" height=\"768\" src=\"https:\/\/familie-weitgereist.de\/wp-content\/uploads\/2025\/10\/1000021196-1024x768.jpg\" alt=\"\" class=\"wp-image-23703\" srcset=\"https:\/\/familie-weitgereist.de\/wp-content\/uploads\/2025\/10\/1000021196-1024x768.jpg 1024w, https:\/\/familie-weitgereist.de\/wp-content\/uploads\/2025\/10\/1000021196-300x225.jpg 300w, https:\/\/familie-weitgereist.de\/wp-content\/uploads\/2025\/10\/1000021196-768x576.jpg 768w, https:\/\/familie-weitgereist.de\/wp-content\/uploads\/2025\/10\/1000021196-1536x1152.jpg 1536w, https:\/\/familie-weitgereist.de\/wp-content\/uploads\/2025\/10\/1000021196-2048x1536.jpg 2048w, https:\/\/familie-weitgereist.de\/wp-content\/uploads\/2025\/10\/1000021196-1200x900.jpg 1200w, https:\/\/familie-weitgereist.de\/wp-content\/uploads\/2025\/10\/1000021196-1980x1485.jpg 1980w, https:\/\/familie-weitgereist.de\/wp-content\/uploads\/2025\/10\/1000021196-150x113.jpg 150w\" sizes=\"auto, (max-width: 1024px) 100vw, 1024px\" \/><\/figure>\n\n\n\n<p>An der Wasserquelle von La Llan\u00eda beginnt der Wanderweg. Drei verschiedene Routen kreuzen sich immer mal wieder und f\u00fchren auf verschiedenen Wegen durch den dichten Lorbeerwald. Es ist ein richtiger Zauberwald und eine gr\u00fcne Oase auf der Vulkaninsel.<\/p>\n\n\n\n<figure class=\"wp-block-image size-large\"><img loading=\"lazy\" decoding=\"async\" width=\"1024\" height=\"768\" src=\"https:\/\/familie-weitgereist.de\/wp-content\/uploads\/2025\/10\/1000021236-1024x768.jpg\" alt=\"\" class=\"wp-image-23700\" srcset=\"https:\/\/familie-weitgereist.de\/wp-content\/uploads\/2025\/10\/1000021236-1024x768.jpg 1024w, https:\/\/familie-weitgereist.de\/wp-content\/uploads\/2025\/10\/1000021236-300x225.jpg 300w, https:\/\/familie-weitgereist.de\/wp-content\/uploads\/2025\/10\/1000021236-768x576.jpg 768w, https:\/\/familie-weitgereist.de\/wp-content\/uploads\/2025\/10\/1000021236-1536x1152.jpg 1536w, https:\/\/familie-weitgereist.de\/wp-content\/uploads\/2025\/10\/1000021236-2048x1536.jpg 2048w, https:\/\/familie-weitgereist.de\/wp-content\/uploads\/2025\/10\/1000021236-1200x900.jpg 1200w, https:\/\/familie-weitgereist.de\/wp-content\/uploads\/2025\/10\/1000021236-1980x1485.jpg 1980w, https:\/\/familie-weitgereist.de\/wp-content\/uploads\/2025\/10\/1000021236-150x113.jpg 150w\" sizes=\"auto, (max-width: 1024px) 100vw, 1024px\" \/><\/figure>\n\n\n\n<p>Wir folgten dem gr\u00fcnen Weg. Der Weg schl\u00e4ngelt sich durch den dichten Wald, es geht leicht bergab und bergauf. Wir kamen an einigen Zisternen vorbei und liefen durch einen Tunnel unter der Stra\u00dfe hindurch.<\/p>\n\n\n\n<figure class=\"wp-block-image size-large\"><img loading=\"lazy\" decoding=\"async\" width=\"1024\" height=\"768\" src=\"https:\/\/familie-weitgereist.de\/wp-content\/uploads\/2025\/10\/1000021194-1024x768.jpg\" alt=\"\" class=\"wp-image-23701\" srcset=\"https:\/\/familie-weitgereist.de\/wp-content\/uploads\/2025\/10\/1000021194-1024x768.jpg 1024w, https:\/\/familie-weitgereist.de\/wp-content\/uploads\/2025\/10\/1000021194-300x225.jpg 300w, https:\/\/familie-weitgereist.de\/wp-content\/uploads\/2025\/10\/1000021194-768x576.jpg 768w, https:\/\/familie-weitgereist.de\/wp-content\/uploads\/2025\/10\/1000021194-1536x1152.jpg 1536w, https:\/\/familie-weitgereist.de\/wp-content\/uploads\/2025\/10\/1000021194-2048x1536.jpg 2048w, https:\/\/familie-weitgereist.de\/wp-content\/uploads\/2025\/10\/1000021194-1200x900.jpg 1200w, https:\/\/familie-weitgereist.de\/wp-content\/uploads\/2025\/10\/1000021194-1980x1485.jpg 1980w, https:\/\/familie-weitgereist.de\/wp-content\/uploads\/2025\/10\/1000021194-150x113.jpg 150w\" sizes=\"auto, (max-width: 1024px) 100vw, 1024px\" \/><\/figure>\n\n\n\n<p>Anschlie\u00dfend \u00e4nderte sich die Vegetation und der Wanderweg verlie\u00df den dichten Wald und verlief \u00fcber Vulkangestein hinauf zum Vulkankrater &#8222;<strong>Hoya de Fireba<\/strong>&#8222;. Der Ausblick in den Vulkankrater war grandios.<\/p>\n\n\n\n<figure class=\"wp-block-image size-large\"><img loading=\"lazy\" decoding=\"async\" width=\"1024\" height=\"768\" src=\"https:\/\/familie-weitgereist.de\/wp-content\/uploads\/2025\/10\/1000021320-1024x768.jpg\" alt=\"\" class=\"wp-image-23705\" srcset=\"https:\/\/familie-weitgereist.de\/wp-content\/uploads\/2025\/10\/1000021320-1024x768.jpg 1024w, https:\/\/familie-weitgereist.de\/wp-content\/uploads\/2025\/10\/1000021320-300x225.jpg 300w, https:\/\/familie-weitgereist.de\/wp-content\/uploads\/2025\/10\/1000021320-768x576.jpg 768w, https:\/\/familie-weitgereist.de\/wp-content\/uploads\/2025\/10\/1000021320-1536x1152.jpg 1536w, https:\/\/familie-weitgereist.de\/wp-content\/uploads\/2025\/10\/1000021320-2048x1536.jpg 2048w, https:\/\/familie-weitgereist.de\/wp-content\/uploads\/2025\/10\/1000021320-1200x900.jpg 1200w, https:\/\/familie-weitgereist.de\/wp-content\/uploads\/2025\/10\/1000021320-1980x1485.jpg 1980w, https:\/\/familie-weitgereist.de\/wp-content\/uploads\/2025\/10\/1000021320-150x113.jpg 150w\" sizes=\"auto, (max-width: 1024px) 100vw, 1024px\" \/><\/figure>\n\n\n\n<p>Der Weg f\u00fchrte wieder hinab \u00fcber Vulkangestein bis in den Wald hinein. Dort gelangten wir zum <strong>Bailadero Las Brujas (Hexentanzplatz)<\/strong>. Wir machten Rast und tankten Kraft zum letzten Aufstieg zum <strong>Aussichtspunkt &#8222;La Llan\u00eda&#8220;<\/strong>.<\/p>\n\n\n\n<figure class=\"wp-block-image size-large\"><img loading=\"lazy\" decoding=\"async\" width=\"1024\" height=\"768\" src=\"https:\/\/familie-weitgereist.de\/wp-content\/uploads\/2025\/10\/1000021336-1024x768.jpg\" alt=\"\" class=\"wp-image-23706\" srcset=\"https:\/\/familie-weitgereist.de\/wp-content\/uploads\/2025\/10\/1000021336-1024x768.jpg 1024w, https:\/\/familie-weitgereist.de\/wp-content\/uploads\/2025\/10\/1000021336-300x225.jpg 300w, https:\/\/familie-weitgereist.de\/wp-content\/uploads\/2025\/10\/1000021336-768x576.jpg 768w, https:\/\/familie-weitgereist.de\/wp-content\/uploads\/2025\/10\/1000021336-1536x1152.jpg 1536w, https:\/\/familie-weitgereist.de\/wp-content\/uploads\/2025\/10\/1000021336-2048x1536.jpg 2048w, https:\/\/familie-weitgereist.de\/wp-content\/uploads\/2025\/10\/1000021336-1200x900.jpg 1200w, https:\/\/familie-weitgereist.de\/wp-content\/uploads\/2025\/10\/1000021336-1980x1485.jpg 1980w, https:\/\/familie-weitgereist.de\/wp-content\/uploads\/2025\/10\/1000021336-150x113.jpg 150w\" sizes=\"auto, (max-width: 1024px) 100vw, 1024px\" \/><\/figure>\n\n\n\n<p>Oben angekommen, schauten wir bis zur Nachbarinsel <strong><a href=\"https:\/\/familie-weitgereist.de\/?p=920\" data-type=\"link\" data-id=\"https:\/\/familie-weitgereist.de\/?p=920\">La Palma<\/a><\/strong> und \u00fcber einen grandiosen Wolkenteppich.<\/p>\n\n\n\n<figure class=\"wp-block-image size-large\"><img loading=\"lazy\" decoding=\"async\" width=\"1024\" height=\"768\" src=\"https:\/\/familie-weitgereist.de\/wp-content\/uploads\/2025\/10\/1000021362-1024x768.jpg\" alt=\"\" class=\"wp-image-23709\" srcset=\"https:\/\/familie-weitgereist.de\/wp-content\/uploads\/2025\/10\/1000021362-1024x768.jpg 1024w, https:\/\/familie-weitgereist.de\/wp-content\/uploads\/2025\/10\/1000021362-300x225.jpg 300w, https:\/\/familie-weitgereist.de\/wp-content\/uploads\/2025\/10\/1000021362-768x576.jpg 768w, https:\/\/familie-weitgereist.de\/wp-content\/uploads\/2025\/10\/1000021362-1536x1152.jpg 1536w, https:\/\/familie-weitgereist.de\/wp-content\/uploads\/2025\/10\/1000021362-2048x1536.jpg 2048w, https:\/\/familie-weitgereist.de\/wp-content\/uploads\/2025\/10\/1000021362-1200x900.jpg 1200w, https:\/\/familie-weitgereist.de\/wp-content\/uploads\/2025\/10\/1000021362-1980x1485.jpg 1980w, https:\/\/familie-weitgereist.de\/wp-content\/uploads\/2025\/10\/1000021362-150x113.jpg 150w\" sizes=\"auto, (max-width: 1024px) 100vw, 1024px\" \/><\/figure>\n\n\n\n<h2 class=\"wp-block-heading\">Pino Piloto<\/h2>\n\n\n\n<p>Wir sind mit unserem Camper zum Parkplatz &#8222;<strong>Cruz de los Reyes<\/strong>&#8220; gefahren. Dort steht ein markantes Monument, zu Ehren der Bauern von El Hierro. Dies wurde 1975 eingeweiht. Es gibt eine S\u00fc\u00dfwasserquelle und wir befanden uns in wundersch\u00f6ner Natur.<\/p>\n\n\n\n<figure class=\"wp-block-image size-large\"><img loading=\"lazy\" decoding=\"async\" width=\"1024\" height=\"768\" src=\"https:\/\/familie-weitgereist.de\/wp-content\/uploads\/2025\/10\/1000021868-1024x768.jpg\" alt=\"\" class=\"wp-image-23733\" srcset=\"https:\/\/familie-weitgereist.de\/wp-content\/uploads\/2025\/10\/1000021868-1024x768.jpg 1024w, https:\/\/familie-weitgereist.de\/wp-content\/uploads\/2025\/10\/1000021868-300x225.jpg 300w, https:\/\/familie-weitgereist.de\/wp-content\/uploads\/2025\/10\/1000021868-768x576.jpg 768w, https:\/\/familie-weitgereist.de\/wp-content\/uploads\/2025\/10\/1000021868-1536x1152.jpg 1536w, https:\/\/familie-weitgereist.de\/wp-content\/uploads\/2025\/10\/1000021868-2048x1536.jpg 2048w, https:\/\/familie-weitgereist.de\/wp-content\/uploads\/2025\/10\/1000021868-1200x900.jpg 1200w, https:\/\/familie-weitgereist.de\/wp-content\/uploads\/2025\/10\/1000021868-1980x1485.jpg 1980w, https:\/\/familie-weitgereist.de\/wp-content\/uploads\/2025\/10\/1000021868-150x113.jpg 150w\" sizes=\"auto, (max-width: 1024px) 100vw, 1024px\" \/><\/figure>\n\n\n\n<p>Das Tolle an der kleinen Insel ist, dass es nie weit von der K\u00fcste in die wundersch\u00f6ne Bergwelt ist.<\/p>\n\n\n\n<p>Unsere Wanderung startete durch den <strong>M\u00e4rchenwald<\/strong>, ein richtig mystischer Wald mit vielen moosbewachsenen Lorbeerb\u00e4umen. Der Weg ist schmal und es gibt sogar Treppen. Ein toller Auftakt f\u00fcr unsere Jungs.<\/p>\n\n\n\n<figure class=\"wp-block-image size-large\"><img loading=\"lazy\" decoding=\"async\" width=\"1024\" height=\"768\" src=\"https:\/\/familie-weitgereist.de\/wp-content\/uploads\/2025\/10\/1000021760-1024x768.jpg\" alt=\"\" class=\"wp-image-23735\" srcset=\"https:\/\/familie-weitgereist.de\/wp-content\/uploads\/2025\/10\/1000021760-1024x768.jpg 1024w, https:\/\/familie-weitgereist.de\/wp-content\/uploads\/2025\/10\/1000021760-300x225.jpg 300w, https:\/\/familie-weitgereist.de\/wp-content\/uploads\/2025\/10\/1000021760-768x576.jpg 768w, https:\/\/familie-weitgereist.de\/wp-content\/uploads\/2025\/10\/1000021760-1536x1152.jpg 1536w, https:\/\/familie-weitgereist.de\/wp-content\/uploads\/2025\/10\/1000021760-2048x1536.jpg 2048w, https:\/\/familie-weitgereist.de\/wp-content\/uploads\/2025\/10\/1000021760-1200x900.jpg 1200w, https:\/\/familie-weitgereist.de\/wp-content\/uploads\/2025\/10\/1000021760-1980x1485.jpg 1980w, https:\/\/familie-weitgereist.de\/wp-content\/uploads\/2025\/10\/1000021760-150x113.jpg 150w\" sizes=\"auto, (max-width: 1024px) 100vw, 1024px\" \/><\/figure>\n\n\n\n<p>Wir liefen weiter durch wundersch\u00f6ne <strong>Pinienw\u00e4lder<\/strong> mit uralten Kiefern. Die Wege waren breit und sehr gut zu begehen.<\/p>\n\n\n\n<figure class=\"wp-block-image size-large\"><img loading=\"lazy\" decoding=\"async\" width=\"1024\" height=\"768\" src=\"https:\/\/familie-weitgereist.de\/wp-content\/uploads\/2025\/10\/1000021781-1024x768.jpg\" alt=\"\" class=\"wp-image-23737\" srcset=\"https:\/\/familie-weitgereist.de\/wp-content\/uploads\/2025\/10\/1000021781-1024x768.jpg 1024w, https:\/\/familie-weitgereist.de\/wp-content\/uploads\/2025\/10\/1000021781-300x225.jpg 300w, https:\/\/familie-weitgereist.de\/wp-content\/uploads\/2025\/10\/1000021781-768x576.jpg 768w, https:\/\/familie-weitgereist.de\/wp-content\/uploads\/2025\/10\/1000021781-1536x1152.jpg 1536w, https:\/\/familie-weitgereist.de\/wp-content\/uploads\/2025\/10\/1000021781-2048x1536.jpg 2048w, https:\/\/familie-weitgereist.de\/wp-content\/uploads\/2025\/10\/1000021781-1200x900.jpg 1200w, https:\/\/familie-weitgereist.de\/wp-content\/uploads\/2025\/10\/1000021781-1980x1485.jpg 1980w, https:\/\/familie-weitgereist.de\/wp-content\/uploads\/2025\/10\/1000021781-150x113.jpg 150w\" sizes=\"auto, (max-width: 1024px) 100vw, 1024px\" \/><\/figure>\n\n\n\n<p>Wir sahen von der Ferne schon den markanten Baum, den <strong>Pino Piloto<\/strong>. Sein Stamm ist unten hohl und ausgebrannt, sodass man darin stehen kann. Der Baum ist riesig und wundersch\u00f6n.<\/p>\n\n\n\n<figure class=\"wp-block-image size-large\"><img loading=\"lazy\" decoding=\"async\" width=\"768\" height=\"1024\" src=\"https:\/\/familie-weitgereist.de\/wp-content\/uploads\/2025\/10\/1000021806-768x1024.jpg\" alt=\"\" class=\"wp-image-23739\" srcset=\"https:\/\/familie-weitgereist.de\/wp-content\/uploads\/2025\/10\/1000021806-768x1024.jpg 768w, https:\/\/familie-weitgereist.de\/wp-content\/uploads\/2025\/10\/1000021806-225x300.jpg 225w, https:\/\/familie-weitgereist.de\/wp-content\/uploads\/2025\/10\/1000021806-1152x1536.jpg 1152w, https:\/\/familie-weitgereist.de\/wp-content\/uploads\/2025\/10\/1000021806-1536x2048.jpg 1536w, https:\/\/familie-weitgereist.de\/wp-content\/uploads\/2025\/10\/1000021806-1200x1600.jpg 1200w, https:\/\/familie-weitgereist.de\/wp-content\/uploads\/2025\/10\/1000021806-1980x2640.jpg 1980w, https:\/\/familie-weitgereist.de\/wp-content\/uploads\/2025\/10\/1000021806-640x853.jpg 640w, https:\/\/familie-weitgereist.de\/wp-content\/uploads\/2025\/10\/1000021806-150x200.jpg 150w, https:\/\/familie-weitgereist.de\/wp-content\/uploads\/2025\/10\/1000021806-scaled.jpg 1920w\" sizes=\"auto, (max-width: 768px) 100vw, 768px\" \/><\/figure>\n\n\n\n<p>Anschlie\u00dfend ging unsere Wanderung bergauf auf den Gipfel des <strong>Mercader auf 1252m<\/strong>. Die Sicht war grandios und ein kleiner Wolkenteppich zog \u00fcber den Berg.<\/p>\n\n\n\n<figure class=\"wp-block-image size-large\"><img loading=\"lazy\" decoding=\"async\" width=\"1024\" height=\"768\" src=\"https:\/\/familie-weitgereist.de\/wp-content\/uploads\/2025\/10\/1000021839-1024x768.jpg\" alt=\"\" class=\"wp-image-23743\" srcset=\"https:\/\/familie-weitgereist.de\/wp-content\/uploads\/2025\/10\/1000021839-1024x768.jpg 1024w, https:\/\/familie-weitgereist.de\/wp-content\/uploads\/2025\/10\/1000021839-300x225.jpg 300w, https:\/\/familie-weitgereist.de\/wp-content\/uploads\/2025\/10\/1000021839-768x576.jpg 768w, https:\/\/familie-weitgereist.de\/wp-content\/uploads\/2025\/10\/1000021839-1536x1152.jpg 1536w, https:\/\/familie-weitgereist.de\/wp-content\/uploads\/2025\/10\/1000021839-2048x1536.jpg 2048w, https:\/\/familie-weitgereist.de\/wp-content\/uploads\/2025\/10\/1000021839-1200x900.jpg 1200w, https:\/\/familie-weitgereist.de\/wp-content\/uploads\/2025\/10\/1000021839-1980x1485.jpg 1980w, https:\/\/familie-weitgereist.de\/wp-content\/uploads\/2025\/10\/1000021839-150x113.jpg 150w\" sizes=\"auto, (max-width: 1024px) 100vw, 1024px\" \/><\/figure>\n\n\n\n<h2 class=\"wp-block-heading\">Im Lorbeerwald Garo\u00e9<\/h2>\n\n\n\n<p>Wir wanderten eine 6 km lange Rundwanderung um das Informationszentrum des <strong>Heiligen<\/strong> <strong>Baumes Garo\u00e9<\/strong>. Die Natur ist beeindruckend. Wir wanderten durch einen <strong>mystischen Lorbeerwald<\/strong>, an moosbewachsenen Felsen vorbei, durch Waldtunnel und \u00fcber Felder und Wiesen. Die Wege sind zum Teil sogar matschig und rutschig, was f\u00fcr die Kanareninseln wirklich eine Seltenheit ist.<\/p>\n\n\n\n<figure class=\"wp-block-image size-large\"><img loading=\"lazy\" decoding=\"async\" width=\"1024\" height=\"768\" src=\"https:\/\/familie-weitgereist.de\/wp-content\/uploads\/2025\/10\/1000022320-1024x768.jpg\" alt=\"\" class=\"wp-image-23789\" srcset=\"https:\/\/familie-weitgereist.de\/wp-content\/uploads\/2025\/10\/1000022320-1024x768.jpg 1024w, https:\/\/familie-weitgereist.de\/wp-content\/uploads\/2025\/10\/1000022320-300x225.jpg 300w, https:\/\/familie-weitgereist.de\/wp-content\/uploads\/2025\/10\/1000022320-768x576.jpg 768w, https:\/\/familie-weitgereist.de\/wp-content\/uploads\/2025\/10\/1000022320-1536x1152.jpg 1536w, https:\/\/familie-weitgereist.de\/wp-content\/uploads\/2025\/10\/1000022320-2048x1536.jpg 2048w, https:\/\/familie-weitgereist.de\/wp-content\/uploads\/2025\/10\/1000022320-1200x900.jpg 1200w, https:\/\/familie-weitgereist.de\/wp-content\/uploads\/2025\/10\/1000022320-1980x1485.jpg 1980w, https:\/\/familie-weitgereist.de\/wp-content\/uploads\/2025\/10\/1000022320-150x113.jpg 150w\" sizes=\"auto, (max-width: 1024px) 100vw, 1024px\" \/><\/figure>\n\n\n\n<p>Das El Hierro so gr\u00fcn ist, hat uns wirklich \u00fcberrascht und gef\u00e4llt uns sehr gut!<\/p>\n\n\n\n<figure class=\"wp-block-image size-large\"><img loading=\"lazy\" decoding=\"async\" width=\"768\" height=\"1024\" src=\"https:\/\/familie-weitgereist.de\/wp-content\/uploads\/2025\/10\/1000022305-768x1024.jpg\" alt=\"\" class=\"wp-image-23790\" srcset=\"https:\/\/familie-weitgereist.de\/wp-content\/uploads\/2025\/10\/1000022305-768x1024.jpg 768w, https:\/\/familie-weitgereist.de\/wp-content\/uploads\/2025\/10\/1000022305-225x300.jpg 225w, https:\/\/familie-weitgereist.de\/wp-content\/uploads\/2025\/10\/1000022305-1152x1536.jpg 1152w, https:\/\/familie-weitgereist.de\/wp-content\/uploads\/2025\/10\/1000022305-1536x2048.jpg 1536w, https:\/\/familie-weitgereist.de\/wp-content\/uploads\/2025\/10\/1000022305-1200x1600.jpg 1200w, https:\/\/familie-weitgereist.de\/wp-content\/uploads\/2025\/10\/1000022305-1980x2640.jpg 1980w, https:\/\/familie-weitgereist.de\/wp-content\/uploads\/2025\/10\/1000022305-640x853.jpg 640w, https:\/\/familie-weitgereist.de\/wp-content\/uploads\/2025\/10\/1000022305-150x200.jpg 150w, https:\/\/familie-weitgereist.de\/wp-content\/uploads\/2025\/10\/1000022305-scaled.jpg 1920w\" sizes=\"auto, (max-width: 768px) 100vw, 768px\" \/><\/figure>\n\n\n\n<p>Um zum Ausgangspunkt zur\u00fcck zu gelangen, sind wir einen langen Berg hinauf gewandert und es bot sich uns eine freie Sicht auf die Inseln La Palma, La Gomera und Teneriffa.<\/p>\n\n\n\n<figure class=\"wp-block-image size-large\"><img loading=\"lazy\" decoding=\"async\" width=\"1024\" height=\"768\" src=\"https:\/\/familie-weitgereist.de\/wp-content\/uploads\/2025\/10\/1000022355-1024x768.jpg\" alt=\"\" class=\"wp-image-23788\" srcset=\"https:\/\/familie-weitgereist.de\/wp-content\/uploads\/2025\/10\/1000022355-1024x768.jpg 1024w, https:\/\/familie-weitgereist.de\/wp-content\/uploads\/2025\/10\/1000022355-300x225.jpg 300w, https:\/\/familie-weitgereist.de\/wp-content\/uploads\/2025\/10\/1000022355-768x576.jpg 768w, https:\/\/familie-weitgereist.de\/wp-content\/uploads\/2025\/10\/1000022355-1536x1152.jpg 1536w, https:\/\/familie-weitgereist.de\/wp-content\/uploads\/2025\/10\/1000022355-2048x1536.jpg 2048w, https:\/\/familie-weitgereist.de\/wp-content\/uploads\/2025\/10\/1000022355-1200x900.jpg 1200w, https:\/\/familie-weitgereist.de\/wp-content\/uploads\/2025\/10\/1000022355-1980x1485.jpg 1980w, https:\/\/familie-weitgereist.de\/wp-content\/uploads\/2025\/10\/1000022355-150x113.jpg 150w\" sizes=\"auto, (max-width: 1024px) 100vw, 1024px\" \/><\/figure>\n\n\n\n<h2 class=\"wp-block-heading\">La Maceta<\/h2>\n\n\n\n<p>In dem kleinen K\u00fcstenort La Maceta im Westen von El Hierro befindet sich ein sch\u00f6ner K\u00fcstenweg. Dieser f\u00fchrt \u00fcber breite Wege, Stege und Vulkangestein immer an der K\u00fcste entlang. In La Maceta gibt es wundersch\u00f6ne Naturschwimmbecken.<\/p>\n\n\n\n<figure class=\"wp-block-image size-large\"><img loading=\"lazy\" decoding=\"async\" width=\"1024\" height=\"768\" src=\"https:\/\/familie-weitgereist.de\/wp-content\/uploads\/2025\/10\/1000021182-1-1024x768.jpg\" alt=\"\" class=\"wp-image-23712\" srcset=\"https:\/\/familie-weitgereist.de\/wp-content\/uploads\/2025\/10\/1000021182-1-1024x768.jpg 1024w, https:\/\/familie-weitgereist.de\/wp-content\/uploads\/2025\/10\/1000021182-1-300x225.jpg 300w, https:\/\/familie-weitgereist.de\/wp-content\/uploads\/2025\/10\/1000021182-1-768x576.jpg 768w, https:\/\/familie-weitgereist.de\/wp-content\/uploads\/2025\/10\/1000021182-1-1536x1152.jpg 1536w, https:\/\/familie-weitgereist.de\/wp-content\/uploads\/2025\/10\/1000021182-1-2048x1536.jpg 2048w, https:\/\/familie-weitgereist.de\/wp-content\/uploads\/2025\/10\/1000021182-1-1200x900.jpg 1200w, https:\/\/familie-weitgereist.de\/wp-content\/uploads\/2025\/10\/1000021182-1-1980x1485.jpg 1980w, https:\/\/familie-weitgereist.de\/wp-content\/uploads\/2025\/10\/1000021182-1-150x113.jpg 150w\" sizes=\"auto, (max-width: 1024px) 100vw, 1024px\" \/><\/figure>\n\n\n\n<p>Wer Ruhe und Entschleunigung sucht, ist auf El Hierro richtig. Gepaart mit ganzj\u00e4hrig traumhaftem Wetter, vielf\u00e4ltiger Natur, wilden K\u00fcsten, gepflegten Naturschwimmbecken und der liebevollen Art der Einheimischen, ist El Hierro ein ideales Reiseziel f\u00fcr Familien. <\/p>\n","protected":false},"excerpt":{"rendered":"<p>Die kleine Insel El Hierro ist noch ein echter Geheimtipp unter den kanarischen Inseln. W\u00e4hrenddessen Teneriffa, Gran Canaria, Fuerteventura und Lanzarote zu den bekannteren Inseln z\u00e4hlen, sind La Gomera und El Hierro noch weniger bekannt. El Hierro ist die gr\u00fcnste Kanareninsel und das wird besonders bei einer Wanderung im Inselinneren sichtbar. Im Zentrum der Insel [&hellip;]<\/p>\n","protected":false},"author":3,"featured_media":23788,"comment_status":"open","ping_status":"open","sticky":false,"template":"","format":"standard","meta":{"_themeisle_gutenberg_block_has_review":false,"footnotes":""},"categories":[246,8,4,377],"tags":[1738,1729,1723,1739,1298,902,1731,1740,1730,1728,1732,1737,1734,1727,1726,143,1735,1725,1736,1733],"class_list":["post-23643","post","type-post","status-publish","format-standard","has-post-thumbnail","hentry","category-spanien","category-europa","category-laender","category-spielplaetze","tag-arbol-garoe","tag-ecomuseo-de-guinea","tag-el-hierro","tag-garoe","tag-kanaren","tag-kanarische-inseln","tag-la-caleta","tag-la-frontera","tag-la-llania","tag-la-maceta","tag-la-restinga","tag-mirador-de-la-pena","tag-pino-pilot","tag-pozo-de-las-calcosas","tag-roque-de-la-bonanza","tag-spanien","tag-tamaduste","tag-timijiraque","tag-villa-de-valverde","tag-vulkanzentrum"],"_links":{"self":[{"href":"https:\/\/familie-weitgereist.de\/index.php?rest_route=\/wp\/v2\/posts\/23643","targetHints":{"allow":["GET"]}}],"collection":[{"href":"https:\/\/familie-weitgereist.de\/index.php?rest_route=\/wp\/v2\/posts"}],"about":[{"href":"https:\/\/familie-weitgereist.de\/index.php?rest_route=\/wp\/v2\/types\/post"}],"author":[{"embeddable":true,"href":"https:\/\/familie-weitgereist.de\/index.php?rest_route=\/wp\/v2\/users\/3"}],"replies":[{"embeddable":true,"href":"https:\/\/familie-weitgereist.de\/index.php?rest_route=%2Fwp%2Fv2%2Fcomments&post=23643"}],"version-history":[{"count":99,"href":"https:\/\/familie-weitgereist.de\/index.php?rest_route=\/wp\/v2\/posts\/23643\/revisions"}],"predecessor-version":[{"id":23813,"href":"https:\/\/familie-weitgereist.de\/index.php?rest_route=\/wp\/v2\/posts\/23643\/revisions\/23813"}],"wp:featuredmedia":[{"embeddable":true,"href":"https:\/\/familie-weitgereist.de\/index.php?rest_route=\/wp\/v2\/media\/23788"}],"wp:attachment":[{"href":"https:\/\/familie-weitgereist.de\/index.php?rest_route=%2Fwp%2Fv2%2Fmedia&parent=23643"}],"wp:term":[{"taxonomy":"category","embeddable":true,"href":"https:\/\/familie-weitgereist.de\/index.php?rest_route=%2Fwp%2Fv2%2Fcategories&post=23643"},{"taxonomy":"post_tag","embeddable":true,"href":"https:\/\/familie-weitgereist.de\/index.php?rest_route=%2Fwp%2Fv2%2Ftags&post=23643"}],"curies":[{"name":"wp","href":"https:\/\/api.w.org\/{rel}","templated":true}]}}