{"id":23464,"date":"2025-11-02T15:24:52","date_gmt":"2025-11-02T14:24:52","guid":{"rendered":"https:\/\/familie-weitgereist.de\/?p=23464"},"modified":"2026-04-28T13:50:42","modified_gmt":"2026-04-28T11:50:42","slug":"wandern-auf-gran-canaria-spanien-mit-kleinen-kindern-und-baby","status":"publish","type":"post","link":"https:\/\/familie-weitgereist.de\/?p=23464","title":{"rendered":"Wandern auf Gran Canaria, Spanien mit kleinen Kindern und Baby"},"content":{"rendered":"\n<p>W\u00e4hrend unseres langen Aufenthaltes auf Gran Canaria haben wir sehr viele wundersch\u00f6ne Wanderungen auf Gran Canaria unternommen. Die Landschaft ist sehr vielseitig und die Insel hat 14 verschiedene Mikroklimazonen, somit kann \u00fcberall auf der Insel etwas tolles entdeckt werden.<\/p>\n\n\n\n<figure class=\"wp-block-image size-large\"><img loading=\"lazy\" decoding=\"async\" width=\"1024\" height=\"768\" src=\"https:\/\/familie-weitgereist.de\/wp-content\/uploads\/2025\/10\/IMG_20251001_194513020_HDR-1024x768.jpg\" alt=\"\" class=\"wp-image-23658\" srcset=\"https:\/\/familie-weitgereist.de\/wp-content\/uploads\/2025\/10\/IMG_20251001_194513020_HDR-1024x768.jpg 1024w, https:\/\/familie-weitgereist.de\/wp-content\/uploads\/2025\/10\/IMG_20251001_194513020_HDR-300x225.jpg 300w, https:\/\/familie-weitgereist.de\/wp-content\/uploads\/2025\/10\/IMG_20251001_194513020_HDR-768x576.jpg 768w, https:\/\/familie-weitgereist.de\/wp-content\/uploads\/2025\/10\/IMG_20251001_194513020_HDR-1536x1152.jpg 1536w, https:\/\/familie-weitgereist.de\/wp-content\/uploads\/2025\/10\/IMG_20251001_194513020_HDR-2048x1536.jpg 2048w, https:\/\/familie-weitgereist.de\/wp-content\/uploads\/2025\/10\/IMG_20251001_194513020_HDR-1200x900.jpg 1200w, https:\/\/familie-weitgereist.de\/wp-content\/uploads\/2025\/10\/IMG_20251001_194513020_HDR-1980x1485.jpg 1980w, https:\/\/familie-weitgereist.de\/wp-content\/uploads\/2025\/10\/IMG_20251001_194513020_HDR-150x113.jpg 150w\" sizes=\"auto, (max-width: 1024px) 100vw, 1024px\" \/><figcaption class=\"wp-element-caption\">Sonnenuntergang am Roque Nublo<\/figcaption><\/figure>\n\n\n\n<p>Auf unseren Reisen haben wir schon viele tolle Wanderungen auf der Insel unternommen. Im <strong><a href=\"https:\/\/familie-weitgereist.de\/?p=17996\" data-type=\"link\" data-id=\"https:\/\/familie-weitgereist.de\/?p=17996\">Fr\u00fchling 2024<\/a><\/strong> waren wir auf <strong>Gran Canaria<\/strong> und haben viele sch\u00f6ne Ecken der Insel erkundet. Im Rahmen unseres <strong><a href=\"https:\/\/familie-weitgereist.de\/?p=13365\" data-type=\"link\" data-id=\"https:\/\/familie-weitgereist.de\/?p=13365\">Europa Camper Trips<\/a><\/strong> waren wir im <strong>M\u00e4rz 2023<\/strong> einen Monat auf Gran Canaria.<\/p>\n\n\n\n<p>Im folgenden stellen wir unsere Wanderungen im Norden, Osten, S\u00fcden, Westen und dem Inselinneren vor.<\/p>\n\n\n\n<ul class=\"wp-block-list\">\n<li><a href=\"https:\/\/familie-weitgereist.de\/?p=23464\/#norden\" data-type=\"link\" data-id=\"https:\/\/familie-weitgereist.de\/?p=23464\/#norden\">Wanderungen im Norden<\/a><\/li>\n\n\n\n<li><a href=\"https:\/\/familie-weitgereist.de\/?p=23464\/#osten\" data-type=\"link\" data-id=\"https:\/\/familie-weitgereist.de\/?p=23464\/#osten\">Wanderungen im Osten<\/a><\/li>\n\n\n\n<li><a href=\"https:\/\/familie-weitgereist.de\/?p=23464\/#sueden\" data-type=\"link\" data-id=\"https:\/\/familie-weitgereist.de\/?p=23464\/#sueden\">Wanderungen im S\u00fcden<\/a><\/li>\n\n\n\n<li><a href=\"https:\/\/familie-weitgereist.de\/?p=23464\/#westen\" data-type=\"link\" data-id=\"https:\/\/familie-weitgereist.de\/?p=23464\/#westen\">Wanderungen im Westen<\/a><\/li>\n\n\n\n<li><a href=\"https:\/\/familie-weitgereist.de\/?p=23464\/#zentrum\" data-type=\"link\" data-id=\"https:\/\/familie-weitgereist.de\/?p=23464\/#zentrum\">Wanderungen im Inselinneren<\/a><\/li>\n<\/ul>\n\n\n\n<h2 class=\"wp-block-heading\" id=\"norden\">Wandern im Norden der Insel<\/h2>\n\n\n\n<p>Der Norden von Gran Canaria ist gepr\u00e4gt von einer gr\u00fcnen Landschaft mit reichhaltiger Vegetation. Die Natur, besonders die verschiedenen W\u00e4lder bieten traumhafte Wanderungen. Es gibt Lorbeer- und Fichtenw\u00e4lder.<\/p>\n\n\n\n<h2 class=\"wp-block-heading\">Botanischer Garten &#8211; Jardin Botanico Canario<\/h2>\n\n\n\n<p>Der <strong>Jardin Bot\u00e1nico Canaria &#8222;Viera y Clavijo&#8220;<\/strong> ist der <strong>gr\u00f6\u00dfte seiner Art in ganz Spanien<\/strong>. Der Botanische Garten ist in verschiedene Bereiche eingeteilt, wie den Kiefernwald, Palmenhain, Lorbeerwald und den Garten der Welt. Im 16. Jahrhundert wurden die kanarischen Inseln aufgrund ihrer geografischen Lage zu einer interkontinentalen Seeachse, von welcher die Schiffe nach Afrika, Amerika, Asien und Australien ausliegen und zur\u00fcck kehrten. Die Artenvielfalt ist unter anderen auch den Seefahrern damaliger Zeit zu verdanken.<\/p>\n\n\n\n<figure class=\"wp-block-image size-large\"><img loading=\"lazy\" decoding=\"async\" width=\"1024\" height=\"768\" src=\"https:\/\/familie-weitgereist.de\/wp-content\/uploads\/2025\/11\/1000025751-1024x768.jpg\" alt=\"\" class=\"wp-image-24077\" srcset=\"https:\/\/familie-weitgereist.de\/wp-content\/uploads\/2025\/11\/1000025751-1024x768.jpg 1024w, https:\/\/familie-weitgereist.de\/wp-content\/uploads\/2025\/11\/1000025751-300x225.jpg 300w, https:\/\/familie-weitgereist.de\/wp-content\/uploads\/2025\/11\/1000025751-768x576.jpg 768w, https:\/\/familie-weitgereist.de\/wp-content\/uploads\/2025\/11\/1000025751-1536x1152.jpg 1536w, https:\/\/familie-weitgereist.de\/wp-content\/uploads\/2025\/11\/1000025751-2048x1536.jpg 2048w, https:\/\/familie-weitgereist.de\/wp-content\/uploads\/2025\/11\/1000025751-1200x900.jpg 1200w, https:\/\/familie-weitgereist.de\/wp-content\/uploads\/2025\/11\/1000025751-1980x1485.jpg 1980w, https:\/\/familie-weitgereist.de\/wp-content\/uploads\/2025\/11\/1000025751-150x113.jpg 150w\" sizes=\"auto, (max-width: 1024px) 100vw, 1024px\" \/><\/figure>\n\n\n\n<p>Hier werden au\u00dfergew\u00f6hnliche Exemplare der kanarischen Flora gesammelt, studiert und gesch\u00fctzt. Auf den kanarischen Inseln gibt es etwa 2000 verschiedene Spezien, wovon mehr als 500 endemisch sind.<\/p>\n\n\n\n<figure class=\"wp-block-image size-large\"><img loading=\"lazy\" decoding=\"async\" width=\"1024\" height=\"768\" src=\"https:\/\/familie-weitgereist.de\/wp-content\/uploads\/2025\/11\/1000025769-1024x768.jpg\" alt=\"\" class=\"wp-image-24069\" srcset=\"https:\/\/familie-weitgereist.de\/wp-content\/uploads\/2025\/11\/1000025769-1024x768.jpg 1024w, https:\/\/familie-weitgereist.de\/wp-content\/uploads\/2025\/11\/1000025769-300x225.jpg 300w, https:\/\/familie-weitgereist.de\/wp-content\/uploads\/2025\/11\/1000025769-768x576.jpg 768w, https:\/\/familie-weitgereist.de\/wp-content\/uploads\/2025\/11\/1000025769-1536x1152.jpg 1536w, https:\/\/familie-weitgereist.de\/wp-content\/uploads\/2025\/11\/1000025769-2048x1536.jpg 2048w, https:\/\/familie-weitgereist.de\/wp-content\/uploads\/2025\/11\/1000025769-1200x900.jpg 1200w, https:\/\/familie-weitgereist.de\/wp-content\/uploads\/2025\/11\/1000025769-1980x1485.jpg 1980w, https:\/\/familie-weitgereist.de\/wp-content\/uploads\/2025\/11\/1000025769-150x113.jpg 150w\" sizes=\"auto, (max-width: 1024px) 100vw, 1024px\" \/><\/figure>\n\n\n\n<p>Ein au\u00dfergew\u00f6hnliches Fundst\u00fcck kann im Botanischen Garten bestaunt werden. 1966 wurde auf Gran Canaria ein versteinerte Baumstamm gefunden, welcher 3075 Jahre alt ist. Dies bedeutet, der Baum stand 1100 v. Christus auf Gran Canaria. Welch ein Zeitzeuge!<\/p>\n\n\n\n<figure class=\"wp-block-image size-large\"><img loading=\"lazy\" decoding=\"async\" width=\"1024\" height=\"768\" src=\"https:\/\/familie-weitgereist.de\/wp-content\/uploads\/2025\/11\/1000025737-1024x768.jpg\" alt=\"\" class=\"wp-image-24073\" srcset=\"https:\/\/familie-weitgereist.de\/wp-content\/uploads\/2025\/11\/1000025737-1024x768.jpg 1024w, https:\/\/familie-weitgereist.de\/wp-content\/uploads\/2025\/11\/1000025737-300x225.jpg 300w, https:\/\/familie-weitgereist.de\/wp-content\/uploads\/2025\/11\/1000025737-768x576.jpg 768w, https:\/\/familie-weitgereist.de\/wp-content\/uploads\/2025\/11\/1000025737-1536x1152.jpg 1536w, https:\/\/familie-weitgereist.de\/wp-content\/uploads\/2025\/11\/1000025737-2048x1536.jpg 2048w, https:\/\/familie-weitgereist.de\/wp-content\/uploads\/2025\/11\/1000025737-1200x900.jpg 1200w, https:\/\/familie-weitgereist.de\/wp-content\/uploads\/2025\/11\/1000025737-1980x1485.jpg 1980w, https:\/\/familie-weitgereist.de\/wp-content\/uploads\/2025\/11\/1000025737-150x113.jpg 150w\" sizes=\"auto, (max-width: 1024px) 100vw, 1024px\" \/><\/figure>\n\n\n\n<p>Der Park l\u00e4dt tats\u00e4chlich zu einem ausgiebigen Spaziergang ein und wird sogar etwas abenteuerlich, denn der Park liegt in einer Schlucht und es schl\u00e4ngeln sich verschiedene Pfade den Berghang hinauf. Die Pfade sind zum Teil schmal, es gibt viele steinerne Treppen und es macht total viel Spa\u00df den Pfaden zu folgen.<\/p>\n\n\n\n<div id=\"wp-block-themeisle-blocks-slider-5cfdbd06\" class=\"wp-block-themeisle-blocks-slider glide\" data-per-view=\"1\" data-gap=\"0\" data-peek=\"0\" data-autoplay=\"true\" data-height=\"400px\" data-hide-arrows=\"false\"><div class=\"glide__track\" data-glide-el=\"track\"><div class=\"glide__slides\"><div class=\"wp-block-themeisle-blocks-slider-item-wrapper glide__slide\" tabindex=\"0\"><figure><img decoding=\"async\" class=\"wp-block-themeisle-blocks-slider-item\" src=\"https:\/\/familie-weitgereist.de\/wp-content\/uploads\/2025\/11\/1000025803-scaled.jpg\" alt=\"\" title=\"\" data-id=\"24071\"\/><\/figure><\/div><div class=\"wp-block-themeisle-blocks-slider-item-wrapper glide__slide\" tabindex=\"0\"><figure><img decoding=\"async\" class=\"wp-block-themeisle-blocks-slider-item\" src=\"https:\/\/familie-weitgereist.de\/wp-content\/uploads\/2025\/11\/1000025758-scaled.jpg\" alt=\"\" title=\"\" data-id=\"24072\"\/><\/figure><\/div><\/div><div class=\"glide__bullets\" data-glide-el=\"controls[nav]\"><button class=\"glide__bullet\" data-glide-dir=\"=0\"><\/button><button class=\"glide__bullet\" data-glide-dir=\"=1\"><\/button><\/div><\/div><\/div>\n\n\n\n<h2 class=\"wp-block-heading\">La Isleta<\/h2>\n\n\n\n<p>Diese Wanderung befindet sich bei <strong>La Isleta<\/strong>, weiter n\u00f6rdlich von Las Palmas de Gran Canaria, auf der <strong>kleinen Halbinsel<\/strong>. W\u00e4hrend der Wanderung und den Ausblicken dazu f\u00fchlt es sich tats\u00e4chlich etwas an, als w\u00e4ren wir auf einer weiteren Insel gewesen.<\/p>\n\n\n\n<figure class=\"wp-block-image size-large\"><img loading=\"lazy\" decoding=\"async\" width=\"1024\" height=\"768\" src=\"https:\/\/familie-weitgereist.de\/wp-content\/uploads\/2025\/11\/1000046768-1024x768.jpg\" alt=\"\" class=\"wp-image-25270\" srcset=\"https:\/\/familie-weitgereist.de\/wp-content\/uploads\/2025\/11\/1000046768-1024x768.jpg 1024w, https:\/\/familie-weitgereist.de\/wp-content\/uploads\/2025\/11\/1000046768-300x225.jpg 300w, https:\/\/familie-weitgereist.de\/wp-content\/uploads\/2025\/11\/1000046768-768x576.jpg 768w, https:\/\/familie-weitgereist.de\/wp-content\/uploads\/2025\/11\/1000046768-1536x1152.jpg 1536w, https:\/\/familie-weitgereist.de\/wp-content\/uploads\/2025\/11\/1000046768-2048x1536.jpg 2048w, https:\/\/familie-weitgereist.de\/wp-content\/uploads\/2025\/11\/1000046768-1200x900.jpg 1200w, https:\/\/familie-weitgereist.de\/wp-content\/uploads\/2025\/11\/1000046768-1980x1485.jpg 1980w, https:\/\/familie-weitgereist.de\/wp-content\/uploads\/2025\/11\/1000046768-150x113.jpg 150w\" sizes=\"auto, (max-width: 1024px) 100vw, 1024px\" \/><\/figure>\n\n\n\n<p>Wir parkten unser Auto im Zentrum des Ortes <strong>Las Coloradas<\/strong> und wanderten ca. 10 Minuten den <strong>Berg hinauf zum Gipfelkreuz<\/strong>. Von dort hatten wir einen herrlichen Ausblick auf Las Palmas und den <strong>Strandabschnitt &#8222;Playa del<\/strong> <strong>Confital&#8220;<\/strong>, den wir anschlie\u00dfend erwandern wollten.<\/p>\n\n\n\n<figure class=\"wp-block-image size-large\"><img loading=\"lazy\" decoding=\"async\" width=\"1024\" height=\"768\" src=\"https:\/\/familie-weitgereist.de\/wp-content\/uploads\/2025\/11\/1000046739-1024x768.jpg\" alt=\"\" class=\"wp-image-25269\" srcset=\"https:\/\/familie-weitgereist.de\/wp-content\/uploads\/2025\/11\/1000046739-1024x768.jpg 1024w, https:\/\/familie-weitgereist.de\/wp-content\/uploads\/2025\/11\/1000046739-300x225.jpg 300w, https:\/\/familie-weitgereist.de\/wp-content\/uploads\/2025\/11\/1000046739-768x576.jpg 768w, https:\/\/familie-weitgereist.de\/wp-content\/uploads\/2025\/11\/1000046739-1536x1152.jpg 1536w, https:\/\/familie-weitgereist.de\/wp-content\/uploads\/2025\/11\/1000046739-2048x1536.jpg 2048w, https:\/\/familie-weitgereist.de\/wp-content\/uploads\/2025\/11\/1000046739-1200x900.jpg 1200w, https:\/\/familie-weitgereist.de\/wp-content\/uploads\/2025\/11\/1000046739-1980x1485.jpg 1980w, https:\/\/familie-weitgereist.de\/wp-content\/uploads\/2025\/11\/1000046739-150x113.jpg 150w\" sizes=\"auto, (max-width: 1024px) 100vw, 1024px\" \/><\/figure>\n\n\n\n<p>Nachdem wir den herrlichen Ausblick genossen haben, sind wir kurz durch den Stadtrand von La Isleta gelaufen. Weiter ging es entlang eines spektakul\u00e4ren K\u00fcstenweges. Das Highlight ist der Weg an sich, denn wir liefen \u00fcber einen Holzsteg. Die wilde und raue K\u00fcste mit ihren hohen Wellen und dem wunderbar herrlichen salzigen Meeresduft, l\u00e4sst diese Wanderung zu einem Genuss werden. Auch am Strand gibt es viele M\u00f6glichkeiten, um eine Rast einzulegen.<\/p>\n\n\n\n<div id=\"wp-block-themeisle-blocks-slider-aa4e2d61\" class=\"wp-block-themeisle-blocks-slider glide\" data-per-view=\"1\" data-gap=\"0\" data-peek=\"0\" data-autoplay=\"true\" data-height=\"400px\" data-hide-arrows=\"false\"><div class=\"glide__track\" data-glide-el=\"track\"><div class=\"glide__slides\"><div class=\"wp-block-themeisle-blocks-slider-item-wrapper glide__slide\" tabindex=\"0\"><figure><img decoding=\"async\" class=\"wp-block-themeisle-blocks-slider-item\" src=\"https:\/\/familie-weitgereist.de\/wp-content\/uploads\/2025\/11\/1000046779-scaled.jpg\" alt=\"\" title=\"\" data-id=\"25268\"\/><\/figure><\/div><div class=\"wp-block-themeisle-blocks-slider-item-wrapper glide__slide\" tabindex=\"0\"><figure><img decoding=\"async\" class=\"wp-block-themeisle-blocks-slider-item\" src=\"https:\/\/familie-weitgereist.de\/wp-content\/uploads\/2025\/11\/1000046803-scaled.jpg\" alt=\"\" title=\"\" data-id=\"25267\"\/><\/figure><\/div><\/div><div class=\"glide__bullets\" data-glide-el=\"controls[nav]\"><button class=\"glide__bullet\" data-glide-dir=\"=0\"><\/button><button class=\"glide__bullet\" data-glide-dir=\"=1\"><\/button><\/div><\/div><\/div>\n\n\n\n<p>F\u00fcr uns ging es anschlie\u00dfend wieder den Berg hinauf zur\u00fcck nach Las Coloradas. Der Aufstieg dauerte ca. 15 Minuten. Die Wanderung ist mit Kindern sehr gut machbar.<\/p>\n\n\n\n<figure class=\"wp-block-image size-large\"><img loading=\"lazy\" decoding=\"async\" width=\"1024\" height=\"768\" src=\"https:\/\/familie-weitgereist.de\/wp-content\/uploads\/2025\/11\/1000046814-1024x768.jpg\" alt=\"\" class=\"wp-image-25265\" srcset=\"https:\/\/familie-weitgereist.de\/wp-content\/uploads\/2025\/11\/1000046814-1024x768.jpg 1024w, https:\/\/familie-weitgereist.de\/wp-content\/uploads\/2025\/11\/1000046814-300x225.jpg 300w, https:\/\/familie-weitgereist.de\/wp-content\/uploads\/2025\/11\/1000046814-768x576.jpg 768w, https:\/\/familie-weitgereist.de\/wp-content\/uploads\/2025\/11\/1000046814-1536x1152.jpg 1536w, https:\/\/familie-weitgereist.de\/wp-content\/uploads\/2025\/11\/1000046814-2048x1536.jpg 2048w, https:\/\/familie-weitgereist.de\/wp-content\/uploads\/2025\/11\/1000046814-1200x900.jpg 1200w, https:\/\/familie-weitgereist.de\/wp-content\/uploads\/2025\/11\/1000046814-1980x1485.jpg 1980w, https:\/\/familie-weitgereist.de\/wp-content\/uploads\/2025\/11\/1000046814-150x113.jpg 150w\" sizes=\"auto, (max-width: 1024px) 100vw, 1024px\" \/><\/figure>\n\n\n\n<h2 class=\"wp-block-heading\">Los Tilos de Moya<\/h2>\n\n\n\n<p>Ein bezaubernder <strong>M\u00e4rchenwald<\/strong> befindet sich in <strong>Los Tilos de Moya<\/strong>. Wir wanderten einen Rundwanderweg von 2,5 km und lie\u00dfen uns richtig viel Zeit beim Beobachten der Pflanzen. Der Weg ist teilweise sehr schmal und f\u00fchrt an einem Berghang entlang. Die Aussichten auf die umliegenden Berge sind so sch\u00f6n! Alles ist gr\u00fcn und bl\u00fcht. Weiterhin liefen wir durch einen Urwald mit Lianen. Am Ausgangspunkt gibt es auch ein Besucherzentrum, welches jedoch am Wochenende geschlossen hat. <strong>Eine lohnenswerte kurze Wanderung, perfekt geeignet um mit Kindern die Natur zu erkunden.<\/strong><\/p>\n\n\n\n<div id=\"wp-block-themeisle-blocks-slider-13e3a72a\" class=\"wp-block-themeisle-blocks-slider glide\" data-per-view=\"1\" data-gap=\"0\" data-peek=\"0\" data-autoplay=\"true\" data-height=\"400px\" data-hide-arrows=\"false\"><div class=\"glide__track\" data-glide-el=\"track\"><div class=\"glide__slides\"><div class=\"wp-block-themeisle-blocks-slider-item-wrapper glide__slide\" tabindex=\"0\"><figure><img decoding=\"async\" class=\"wp-block-themeisle-blocks-slider-item\" src=\"https:\/\/familie-weitgereist.de\/wp-content\/uploads\/2023\/03\/IMG_20230326_153156-scaled.jpg\" alt=\"\" title=\"\" data-id=\"13663\"\/><\/figure><\/div><div class=\"wp-block-themeisle-blocks-slider-item-wrapper glide__slide\" tabindex=\"0\"><figure><img decoding=\"async\" class=\"wp-block-themeisle-blocks-slider-item\" src=\"https:\/\/familie-weitgereist.de\/wp-content\/uploads\/2023\/03\/IMG_20230326_155133-scaled.jpg\" alt=\"\" title=\"\" data-id=\"13661\"\/><\/figure><\/div><div class=\"wp-block-themeisle-blocks-slider-item-wrapper glide__slide\" tabindex=\"0\"><figure><img decoding=\"async\" class=\"wp-block-themeisle-blocks-slider-item\" src=\"https:\/\/familie-weitgereist.de\/wp-content\/uploads\/2023\/03\/IMG_20230326_151052-scaled.jpg\" alt=\"\" title=\"\" data-id=\"13666\"\/><\/figure><\/div><div class=\"wp-block-themeisle-blocks-slider-item-wrapper glide__slide\" tabindex=\"0\"><figure><img decoding=\"async\" class=\"wp-block-themeisle-blocks-slider-item\" src=\"https:\/\/familie-weitgereist.de\/wp-content\/uploads\/2023\/03\/IMG_20230326_153056-scaled.jpg\" alt=\"\" title=\"\" data-id=\"13665\"\/><\/figure><\/div><\/div><div class=\"glide__bullets\" data-glide-el=\"controls[nav]\"><button class=\"glide__bullet\" data-glide-dir=\"=0\"><\/button><button class=\"glide__bullet\" data-glide-dir=\"=1\"><\/button><button class=\"glide__bullet\" data-glide-dir=\"=2\"><\/button><button class=\"glide__bullet\" data-glide-dir=\"=3\"><\/button><\/div><\/div><\/div>\n\n\n\n<h2 class=\"wp-block-heading\">Mirador de Monta\u00f1a Alta<\/h2>\n\n\n\n<p>Eine kurze, lohnenswerte Wanderung bietet sich vom Casa del Queso in der N\u00e4he der <strong>Monta\u00f1a Alta<\/strong> zum <strong>Aussichtspunkt auf 950m<\/strong> an. Bei Casa del Queso gibt es einen Parkplatz mit gratis Picknickplatz, Toiletten und Grillm\u00f6glichkeiten. Die Wanderung ist kurz. Viele Stufen f\u00fchren hinauf zum Aussichtspunkt, von wo sich ein <strong>grandioser Rundumblick \u00fcber Gran Canarias gr\u00fcnen Norden<\/strong> bietet. Ein Gipfelkreuz steht auch da.<\/p>\n\n\n\n<figure class=\"wp-block-image size-large\"><img loading=\"lazy\" decoding=\"async\" width=\"1024\" height=\"768\" src=\"https:\/\/familie-weitgereist.de\/wp-content\/uploads\/2025\/11\/1000048382-1024x768.jpg\" alt=\"\" class=\"wp-image-25339\" srcset=\"https:\/\/familie-weitgereist.de\/wp-content\/uploads\/2025\/11\/1000048382-1024x768.jpg 1024w, https:\/\/familie-weitgereist.de\/wp-content\/uploads\/2025\/11\/1000048382-300x225.jpg 300w, https:\/\/familie-weitgereist.de\/wp-content\/uploads\/2025\/11\/1000048382-768x576.jpg 768w, https:\/\/familie-weitgereist.de\/wp-content\/uploads\/2025\/11\/1000048382-1536x1152.jpg 1536w, https:\/\/familie-weitgereist.de\/wp-content\/uploads\/2025\/11\/1000048382-2048x1536.jpg 2048w, https:\/\/familie-weitgereist.de\/wp-content\/uploads\/2025\/11\/1000048382-1200x900.jpg 1200w, https:\/\/familie-weitgereist.de\/wp-content\/uploads\/2025\/11\/1000048382-1980x1485.jpg 1980w, https:\/\/familie-weitgereist.de\/wp-content\/uploads\/2025\/11\/1000048382-150x113.jpg 150w\" sizes=\"auto, (max-width: 1024px) 100vw, 1024px\" \/><figcaption class=\"wp-element-caption\">Pfad hinauf zum Aussichtspunkt <\/figcaption><\/figure>\n\n\n\n<figure class=\"wp-block-image size-large\"><img loading=\"lazy\" decoding=\"async\" width=\"1024\" height=\"768\" src=\"https:\/\/familie-weitgereist.de\/wp-content\/uploads\/2025\/11\/1000048390-1024x768.jpg\" alt=\"\" class=\"wp-image-25340\" srcset=\"https:\/\/familie-weitgereist.de\/wp-content\/uploads\/2025\/11\/1000048390-1024x768.jpg 1024w, https:\/\/familie-weitgereist.de\/wp-content\/uploads\/2025\/11\/1000048390-300x225.jpg 300w, https:\/\/familie-weitgereist.de\/wp-content\/uploads\/2025\/11\/1000048390-768x576.jpg 768w, https:\/\/familie-weitgereist.de\/wp-content\/uploads\/2025\/11\/1000048390-1536x1152.jpg 1536w, https:\/\/familie-weitgereist.de\/wp-content\/uploads\/2025\/11\/1000048390-2048x1536.jpg 2048w, https:\/\/familie-weitgereist.de\/wp-content\/uploads\/2025\/11\/1000048390-1200x900.jpg 1200w, https:\/\/familie-weitgereist.de\/wp-content\/uploads\/2025\/11\/1000048390-1980x1485.jpg 1980w, https:\/\/familie-weitgereist.de\/wp-content\/uploads\/2025\/11\/1000048390-150x113.jpg 150w\" sizes=\"auto, (max-width: 1024px) 100vw, 1024px\" \/><figcaption class=\"wp-element-caption\">Ausblick auf das Dorf Bascamao<\/figcaption><\/figure>\n\n\n\n<h2 class=\"wp-block-heading\">Monte Pav\u00f3n<\/h2>\n\n\n\n<p>Die Gegend um den <strong>Monte Pav\u00f3n<\/strong> gilt auch als das <strong>Irland von Gran Canaria<\/strong>. Wir liefen einen traumhaftem Rundwanderweg durch saftige Almwiesen mit grasenden Schafen und f\u00fchlten uns wie in \u00d6sterreich in den Bergen.<\/p>\n\n\n\n<figure class=\"wp-block-image size-large\"><img loading=\"lazy\" decoding=\"async\" width=\"1024\" height=\"768\" src=\"https:\/\/familie-weitgereist.de\/wp-content\/uploads\/2025\/11\/1000048462-1024x768.jpg\" alt=\"\" class=\"wp-image-25344\" srcset=\"https:\/\/familie-weitgereist.de\/wp-content\/uploads\/2025\/11\/1000048462-1024x768.jpg 1024w, https:\/\/familie-weitgereist.de\/wp-content\/uploads\/2025\/11\/1000048462-300x225.jpg 300w, https:\/\/familie-weitgereist.de\/wp-content\/uploads\/2025\/11\/1000048462-768x576.jpg 768w, https:\/\/familie-weitgereist.de\/wp-content\/uploads\/2025\/11\/1000048462-1536x1152.jpg 1536w, https:\/\/familie-weitgereist.de\/wp-content\/uploads\/2025\/11\/1000048462-2048x1536.jpg 2048w, https:\/\/familie-weitgereist.de\/wp-content\/uploads\/2025\/11\/1000048462-1200x900.jpg 1200w, https:\/\/familie-weitgereist.de\/wp-content\/uploads\/2025\/11\/1000048462-1980x1485.jpg 1980w, https:\/\/familie-weitgereist.de\/wp-content\/uploads\/2025\/11\/1000048462-150x113.jpg 150w\" sizes=\"auto, (max-width: 1024px) 100vw, 1024px\" \/><\/figure>\n\n\n\n<p>Der Ausgangspunkt unserer Wanderung war die <strong>\u00c1rea Recreativa am Monte Pav\u00f3n<\/strong>. Dort parkten wir und machten nach unserer Wanderung noch eine Rast.<\/p>\n\n\n\n<figure class=\"wp-block-image size-large\"><img loading=\"lazy\" decoding=\"async\" width=\"1024\" height=\"768\" src=\"https:\/\/familie-weitgereist.de\/wp-content\/uploads\/2025\/11\/1000048442-1024x768.jpg\" alt=\"\" class=\"wp-image-25346\" srcset=\"https:\/\/familie-weitgereist.de\/wp-content\/uploads\/2025\/11\/1000048442-1024x768.jpg 1024w, https:\/\/familie-weitgereist.de\/wp-content\/uploads\/2025\/11\/1000048442-300x225.jpg 300w, https:\/\/familie-weitgereist.de\/wp-content\/uploads\/2025\/11\/1000048442-768x576.jpg 768w, https:\/\/familie-weitgereist.de\/wp-content\/uploads\/2025\/11\/1000048442-1536x1152.jpg 1536w, https:\/\/familie-weitgereist.de\/wp-content\/uploads\/2025\/11\/1000048442-2048x1536.jpg 2048w, https:\/\/familie-weitgereist.de\/wp-content\/uploads\/2025\/11\/1000048442-1200x900.jpg 1200w, https:\/\/familie-weitgereist.de\/wp-content\/uploads\/2025\/11\/1000048442-1980x1485.jpg 1980w, https:\/\/familie-weitgereist.de\/wp-content\/uploads\/2025\/11\/1000048442-150x113.jpg 150w\" sizes=\"auto, (max-width: 1024px) 100vw, 1024px\" \/><\/figure>\n\n\n\n<p>Nachdem wir die sanften gr\u00fcnen H\u00fcgel hinter uns gelassen haben, sind wir auf einen herrlichen Wanderweg durch typischen kanarischen Kiefernwald gelaufen.<\/p>\n\n\n\n<figure class=\"wp-block-image size-large\"><img loading=\"lazy\" decoding=\"async\" width=\"1024\" height=\"768\" src=\"https:\/\/familie-weitgereist.de\/wp-content\/uploads\/2025\/11\/1000048543-1024x768.jpg\" alt=\"\" class=\"wp-image-25348\" srcset=\"https:\/\/familie-weitgereist.de\/wp-content\/uploads\/2025\/11\/1000048543-1024x768.jpg 1024w, https:\/\/familie-weitgereist.de\/wp-content\/uploads\/2025\/11\/1000048543-300x225.jpg 300w, https:\/\/familie-weitgereist.de\/wp-content\/uploads\/2025\/11\/1000048543-768x576.jpg 768w, https:\/\/familie-weitgereist.de\/wp-content\/uploads\/2025\/11\/1000048543-1536x1152.jpg 1536w, https:\/\/familie-weitgereist.de\/wp-content\/uploads\/2025\/11\/1000048543-2048x1536.jpg 2048w, https:\/\/familie-weitgereist.de\/wp-content\/uploads\/2025\/11\/1000048543-1200x900.jpg 1200w, https:\/\/familie-weitgereist.de\/wp-content\/uploads\/2025\/11\/1000048543-1980x1485.jpg 1980w, https:\/\/familie-weitgereist.de\/wp-content\/uploads\/2025\/11\/1000048543-150x113.jpg 150w\" sizes=\"auto, (max-width: 1024px) 100vw, 1024px\" \/><\/figure>\n\n\n\n<p>Wir machten eine Rast am <strong>Lomo de Galeote<\/strong> <strong>auf 1320m<\/strong>. Von hier kann man nach Artenara, G\u00e1ldar oder Fontanales wandern.<\/p>\n\n\n\n<figure class=\"wp-block-image size-large\"><img loading=\"lazy\" decoding=\"async\" width=\"1024\" height=\"768\" src=\"https:\/\/familie-weitgereist.de\/wp-content\/uploads\/2025\/11\/1000048500-1024x768.jpg\" alt=\"\" class=\"wp-image-25347\" srcset=\"https:\/\/familie-weitgereist.de\/wp-content\/uploads\/2025\/11\/1000048500-1024x768.jpg 1024w, https:\/\/familie-weitgereist.de\/wp-content\/uploads\/2025\/11\/1000048500-300x225.jpg 300w, https:\/\/familie-weitgereist.de\/wp-content\/uploads\/2025\/11\/1000048500-768x576.jpg 768w, https:\/\/familie-weitgereist.de\/wp-content\/uploads\/2025\/11\/1000048500-1536x1152.jpg 1536w, https:\/\/familie-weitgereist.de\/wp-content\/uploads\/2025\/11\/1000048500-2048x1536.jpg 2048w, https:\/\/familie-weitgereist.de\/wp-content\/uploads\/2025\/11\/1000048500-1200x900.jpg 1200w, https:\/\/familie-weitgereist.de\/wp-content\/uploads\/2025\/11\/1000048500-1980x1485.jpg 1980w, https:\/\/familie-weitgereist.de\/wp-content\/uploads\/2025\/11\/1000048500-150x113.jpg 150w\" sizes=\"auto, (max-width: 1024px) 100vw, 1024px\" \/><\/figure>\n\n\n\n<p>Der Wald wurde gr\u00fcner, wir liefen \u00fcber saftige Wiesen und auf kleinen Pfaden zwischen hohen Farn hindurch.<\/p>\n\n\n\n<figure class=\"wp-block-image size-large\"><img loading=\"lazy\" decoding=\"async\" width=\"1024\" height=\"768\" src=\"https:\/\/familie-weitgereist.de\/wp-content\/uploads\/2025\/11\/1000048559-1024x768.jpg\" alt=\"\" class=\"wp-image-25349\" srcset=\"https:\/\/familie-weitgereist.de\/wp-content\/uploads\/2025\/11\/1000048559-1024x768.jpg 1024w, https:\/\/familie-weitgereist.de\/wp-content\/uploads\/2025\/11\/1000048559-300x225.jpg 300w, https:\/\/familie-weitgereist.de\/wp-content\/uploads\/2025\/11\/1000048559-768x576.jpg 768w, https:\/\/familie-weitgereist.de\/wp-content\/uploads\/2025\/11\/1000048559-1536x1152.jpg 1536w, https:\/\/familie-weitgereist.de\/wp-content\/uploads\/2025\/11\/1000048559-2048x1536.jpg 2048w, https:\/\/familie-weitgereist.de\/wp-content\/uploads\/2025\/11\/1000048559-1200x900.jpg 1200w, https:\/\/familie-weitgereist.de\/wp-content\/uploads\/2025\/11\/1000048559-1980x1485.jpg 1980w, https:\/\/familie-weitgereist.de\/wp-content\/uploads\/2025\/11\/1000048559-150x113.jpg 150w\" sizes=\"auto, (max-width: 1024px) 100vw, 1024px\" \/><\/figure>\n\n\n\n<p>Am Ende kamen wir noch ganz nah an einer grasenden Schafherde vorbei bis wir unseren Ausgangspunkt wieder erreichten.<\/p>\n\n\n\n<figure class=\"wp-block-image size-large\"><img loading=\"lazy\" decoding=\"async\" width=\"768\" height=\"1024\" src=\"https:\/\/familie-weitgereist.de\/wp-content\/uploads\/2025\/11\/1000048577-1-768x1024.jpg\" alt=\"\" class=\"wp-image-25351\" srcset=\"https:\/\/familie-weitgereist.de\/wp-content\/uploads\/2025\/11\/1000048577-1-768x1024.jpg 768w, https:\/\/familie-weitgereist.de\/wp-content\/uploads\/2025\/11\/1000048577-1-225x300.jpg 225w, https:\/\/familie-weitgereist.de\/wp-content\/uploads\/2025\/11\/1000048577-1-1152x1536.jpg 1152w, https:\/\/familie-weitgereist.de\/wp-content\/uploads\/2025\/11\/1000048577-1-1536x2048.jpg 1536w, https:\/\/familie-weitgereist.de\/wp-content\/uploads\/2025\/11\/1000048577-1-1200x1600.jpg 1200w, https:\/\/familie-weitgereist.de\/wp-content\/uploads\/2025\/11\/1000048577-1-1980x2640.jpg 1980w, https:\/\/familie-weitgereist.de\/wp-content\/uploads\/2025\/11\/1000048577-1-640x853.jpg 640w, https:\/\/familie-weitgereist.de\/wp-content\/uploads\/2025\/11\/1000048577-1-150x200.jpg 150w, https:\/\/familie-weitgereist.de\/wp-content\/uploads\/2025\/11\/1000048577-1-scaled.jpg 1920w\" sizes=\"auto, (max-width: 768px) 100vw, 768px\" \/><\/figure>\n\n\n\n<h2 class=\"wp-block-heading\" id=\"osten\">Wandern im Osten der Insel<\/h2>\n\n\n\n<p>Der Osten von Gran Canaria ist weniger touristisch gepr\u00e4gt. Es gibt sch\u00f6ne Promenaden entlang der K\u00fcste. Die Landschaft ist trocken und oft weht ein starker Wind. Tiefe Schluchten durchziehen den Osten der Insel. Die Landschaft wird gr\u00fcner in h\u00f6heren H\u00f6henlagen.<\/p>\n\n\n\n<h2 class=\"wp-block-heading\">Barranco de las Vacas<\/h2>\n\n\n\n<p>Der Barranco de las Vacas befindet sich im Osten von Gran Canaria, direkt an der GC-550 gelegen. Es gibt an der Stra\u00dfe ein paar Parkm\u00f6glichkeiten.<\/p>\n\n\n\n<p>Die Wanderung startet mit einem leicht hinab f\u00fchrenden Weg direkt in die Schlucht hinein. Diesem relativ breiten Pfad folgten wir f\u00fcr 10 Minuten und sahen eine Br\u00fccke, die wir vorher mit dem Auto \u00fcberquert hatten.<\/p>\n\n\n\n<figure class=\"wp-block-image size-large\"><img loading=\"lazy\" decoding=\"async\" width=\"1024\" height=\"768\" src=\"https:\/\/familie-weitgereist.de\/wp-content\/uploads\/2025\/11\/1000027180-1024x768.jpg\" alt=\"\" class=\"wp-image-24112\" srcset=\"https:\/\/familie-weitgereist.de\/wp-content\/uploads\/2025\/11\/1000027180-1024x768.jpg 1024w, https:\/\/familie-weitgereist.de\/wp-content\/uploads\/2025\/11\/1000027180-300x225.jpg 300w, https:\/\/familie-weitgereist.de\/wp-content\/uploads\/2025\/11\/1000027180-768x576.jpg 768w, https:\/\/familie-weitgereist.de\/wp-content\/uploads\/2025\/11\/1000027180-1536x1152.jpg 1536w, https:\/\/familie-weitgereist.de\/wp-content\/uploads\/2025\/11\/1000027180-2048x1536.jpg 2048w, https:\/\/familie-weitgereist.de\/wp-content\/uploads\/2025\/11\/1000027180-1200x900.jpg 1200w, https:\/\/familie-weitgereist.de\/wp-content\/uploads\/2025\/11\/1000027180-1980x1485.jpg 1980w, https:\/\/familie-weitgereist.de\/wp-content\/uploads\/2025\/11\/1000027180-150x113.jpg 150w\" sizes=\"auto, (max-width: 1024px) 100vw, 1024px\" \/><\/figure>\n\n\n\n<p>Wir liefen unter der Br\u00fccke hindurch und weiter durch einen kurzen Tunnel. Nach weiteren 5 Minuten erreichten wir das Herzst\u00fcck der Schlucht und wof\u00fcr der Barranco de las Vacas besonders beliebt ist, die Felsformationen. Sie erinnern an den Antelope Canyon in den USA.<\/p>\n\n\n\n<figure class=\"wp-block-image size-large\"><img loading=\"lazy\" decoding=\"async\" width=\"768\" height=\"1024\" src=\"https:\/\/familie-weitgereist.de\/wp-content\/uploads\/2025\/11\/1000027195-768x1024.jpg\" alt=\"\" class=\"wp-image-24115\" srcset=\"https:\/\/familie-weitgereist.de\/wp-content\/uploads\/2025\/11\/1000027195-768x1024.jpg 768w, https:\/\/familie-weitgereist.de\/wp-content\/uploads\/2025\/11\/1000027195-225x300.jpg 225w, https:\/\/familie-weitgereist.de\/wp-content\/uploads\/2025\/11\/1000027195-1152x1536.jpg 1152w, https:\/\/familie-weitgereist.de\/wp-content\/uploads\/2025\/11\/1000027195-1536x2048.jpg 1536w, https:\/\/familie-weitgereist.de\/wp-content\/uploads\/2025\/11\/1000027195-1200x1600.jpg 1200w, https:\/\/familie-weitgereist.de\/wp-content\/uploads\/2025\/11\/1000027195-1980x2640.jpg 1980w, https:\/\/familie-weitgereist.de\/wp-content\/uploads\/2025\/11\/1000027195-640x853.jpg 640w, https:\/\/familie-weitgereist.de\/wp-content\/uploads\/2025\/11\/1000027195-150x200.jpg 150w, https:\/\/familie-weitgereist.de\/wp-content\/uploads\/2025\/11\/1000027195-scaled.jpg 1920w\" sizes=\"auto, (max-width: 768px) 100vw, 768px\" \/><\/figure>\n\n\n\n<p>Auf gleichem Weg gingen wir nach einer Picknickpause zur\u00fcck zum Auto.<\/p>\n\n\n\n<p>Die Wanderung ist super mit Kindern geeignet. Der Weg ist abenteuerlich und bietet immer wieder kleine Klettereinheiten \u00fcber Steine und kleine Felsen. <\/p>\n\n\n\n<figure class=\"wp-block-image size-large\"><img loading=\"lazy\" decoding=\"async\" width=\"1024\" height=\"768\" src=\"https:\/\/familie-weitgereist.de\/wp-content\/uploads\/2025\/11\/1000027248-1024x768.jpg\" alt=\"\" class=\"wp-image-24116\" srcset=\"https:\/\/familie-weitgereist.de\/wp-content\/uploads\/2025\/11\/1000027248-1024x768.jpg 1024w, https:\/\/familie-weitgereist.de\/wp-content\/uploads\/2025\/11\/1000027248-300x225.jpg 300w, https:\/\/familie-weitgereist.de\/wp-content\/uploads\/2025\/11\/1000027248-768x576.jpg 768w, https:\/\/familie-weitgereist.de\/wp-content\/uploads\/2025\/11\/1000027248-1536x1152.jpg 1536w, https:\/\/familie-weitgereist.de\/wp-content\/uploads\/2025\/11\/1000027248-2048x1536.jpg 2048w, https:\/\/familie-weitgereist.de\/wp-content\/uploads\/2025\/11\/1000027248-1200x900.jpg 1200w, https:\/\/familie-weitgereist.de\/wp-content\/uploads\/2025\/11\/1000027248-1980x1485.jpg 1980w, https:\/\/familie-weitgereist.de\/wp-content\/uploads\/2025\/11\/1000027248-150x113.jpg 150w\" sizes=\"auto, (max-width: 1024px) 100vw, 1024px\" \/><\/figure>\n\n\n\n<h2 class=\"wp-block-heading\">Caldera de Bandama<\/h2>\n\n\n\n<p>Die Wanderung f\u00fchrt um einen Vulkankrater herum. Der Weg f\u00fchrt \u00fcber den Bergr\u00fccken des Kraters und wir konnten tief in den Krater hinein schauen. Das <strong>Naturschutzgebiet Bandama<\/strong> liegt im Nordosten der Insel. Der Pico de Bandama mit einer H\u00f6he von 569 m ist leicht mit einem Auto zug\u00e4nglich. Selbst Tourbusse fahren hoch. Die Stra\u00dfe schl\u00e4ngelt sich um die Erhebung nach oben. Oben auf dem Gipfel ist eine Touristeninformation, die bei unserem Besuch nicht ge\u00f6ffnet hatte. (Stand M\u00e4rz 2023) Auch von hier hat man grandiose Ausblicke auf den Vulkankrater, das Meer und das gr\u00fcne Umland.<\/p>\n\n\n\n<div id=\"wp-block-themeisle-blocks-slider-397e1ee5\" class=\"wp-block-themeisle-blocks-slider glide\" data-per-view=\"1\" data-gap=\"0\" data-peek=\"0\" data-autoplay=\"true\" data-height=\"400px\" data-hide-arrows=\"false\"><div class=\"glide__track\" data-glide-el=\"track\"><div class=\"glide__slides\"><div class=\"wp-block-themeisle-blocks-slider-item-wrapper glide__slide\" tabindex=\"0\"><figure><img decoding=\"async\" class=\"wp-block-themeisle-blocks-slider-item\" src=\"https:\/\/familie-weitgereist.de\/wp-content\/uploads\/2023\/03\/IMG_20230312_120132-scaled.jpg\" alt=\"\" title=\"\" data-id=\"13430\"\/><\/figure><\/div><div class=\"wp-block-themeisle-blocks-slider-item-wrapper glide__slide\" tabindex=\"0\"><figure><img decoding=\"async\" class=\"wp-block-themeisle-blocks-slider-item\" src=\"https:\/\/familie-weitgereist.de\/wp-content\/uploads\/2023\/03\/IMG_20230312_104217-scaled.jpg\" alt=\"\" title=\"\" data-id=\"13429\"\/><\/figure><\/div><\/div><div class=\"glide__bullets\" data-glide-el=\"controls[nav]\"><button class=\"glide__bullet\" data-glide-dir=\"=0\"><\/button><button class=\"glide__bullet\" data-glide-dir=\"=1\"><\/button><\/div><\/div><\/div>\n\n\n\n<p>Der Vulkankrater ist 200m tief, hat einen Durchmesser von 1000m und die Umrundung sind ungef\u00e4hr 5km. Bedacht werden sollte, dass der Weg keinerlei Schatten bietet. Wir hatten ca. 30\u00b0C und es war wirklich sehr warm. Es ist wichtig genug Wasser dabei zu haben!<\/p>\n\n\n\n<figure class=\"wp-block-image size-large\"><img loading=\"lazy\" decoding=\"async\" width=\"1024\" height=\"768\" src=\"https:\/\/familie-weitgereist.de\/wp-content\/uploads\/2023\/03\/IMG_20230312_113240-1024x768.jpg\" alt=\"\" class=\"wp-image-13453\" srcset=\"https:\/\/familie-weitgereist.de\/wp-content\/uploads\/2023\/03\/IMG_20230312_113240-1024x768.jpg 1024w, https:\/\/familie-weitgereist.de\/wp-content\/uploads\/2023\/03\/IMG_20230312_113240-300x225.jpg 300w, https:\/\/familie-weitgereist.de\/wp-content\/uploads\/2023\/03\/IMG_20230312_113240-768x576.jpg 768w, https:\/\/familie-weitgereist.de\/wp-content\/uploads\/2023\/03\/IMG_20230312_113240-1536x1152.jpg 1536w, https:\/\/familie-weitgereist.de\/wp-content\/uploads\/2023\/03\/IMG_20230312_113240-2048x1536.jpg 2048w, https:\/\/familie-weitgereist.de\/wp-content\/uploads\/2023\/03\/IMG_20230312_113240-1200x900.jpg 1200w, https:\/\/familie-weitgereist.de\/wp-content\/uploads\/2023\/03\/IMG_20230312_113240-1980x1485.jpg 1980w, https:\/\/familie-weitgereist.de\/wp-content\/uploads\/2023\/03\/IMG_20230312_113240-150x113.jpg 150w\" sizes=\"auto, (max-width: 1024px) 100vw, 1024px\" \/><\/figure>\n\n\n\n<p>Die Umrundung ist sehr gut machbar und f\u00fchrt \u00fcber einen teils schmalen Schotterpfad. Es geht gr\u00f6\u00dftenteils gerade aus und nur leichte An- und Abstiege sind zu \u00fcberwinden.<\/p>\n\n\n\n<div id=\"wp-block-themeisle-blocks-slider-53dc6953\" class=\"wp-block-themeisle-blocks-slider glide\" data-per-view=\"1\" data-gap=\"0\" data-peek=\"0\" data-autoplay=\"true\" data-height=\"400px\" data-hide-arrows=\"false\"><div class=\"glide__track\" data-glide-el=\"track\"><div class=\"glide__slides\"><div class=\"wp-block-themeisle-blocks-slider-item-wrapper glide__slide\" tabindex=\"0\"><figure><img decoding=\"async\" class=\"wp-block-themeisle-blocks-slider-item\" src=\"https:\/\/familie-weitgereist.de\/wp-content\/uploads\/2023\/03\/IMG_20230312_115751-scaled.jpg\" alt=\"\" title=\"\" data-id=\"13444\"\/><\/figure><\/div><div class=\"wp-block-themeisle-blocks-slider-item-wrapper glide__slide\" tabindex=\"0\"><figure><img decoding=\"async\" class=\"wp-block-themeisle-blocks-slider-item\" src=\"https:\/\/familie-weitgereist.de\/wp-content\/uploads\/2023\/03\/IMG_20230312_120429-scaled.jpg\" alt=\"\" title=\"\" data-id=\"13441\"\/><\/figure><\/div><\/div><div class=\"glide__bullets\" data-glide-el=\"controls[nav]\"><button class=\"glide__bullet\" data-glide-dir=\"=0\"><\/button><button class=\"glide__bullet\" data-glide-dir=\"=1\"><\/button><\/div><\/div><\/div>\n\n\n\n<p>Eine <strong>Wanderung in den Talkessel des vor 1800 Jahren erloschenen Vulkanes<\/strong> ist ebenso m\u00f6glich und aufregend. Es werden 235 H\u00f6henmeter \u00fcberwunden. Der Weg hinein in den Krater ist t\u00e4glich von 8:00 &#8211; 17:00 ge\u00f6ffnet.<\/p>\n\n\n\n<figure class=\"wp-block-image size-large\"><img loading=\"lazy\" decoding=\"async\" width=\"1024\" height=\"768\" src=\"https:\/\/familie-weitgereist.de\/wp-content\/uploads\/2025\/11\/1000042095-1024x768.jpg\" alt=\"\" class=\"wp-image-25022\" srcset=\"https:\/\/familie-weitgereist.de\/wp-content\/uploads\/2025\/11\/1000042095-1024x768.jpg 1024w, https:\/\/familie-weitgereist.de\/wp-content\/uploads\/2025\/11\/1000042095-300x225.jpg 300w, https:\/\/familie-weitgereist.de\/wp-content\/uploads\/2025\/11\/1000042095-768x576.jpg 768w, https:\/\/familie-weitgereist.de\/wp-content\/uploads\/2025\/11\/1000042095-1536x1152.jpg 1536w, https:\/\/familie-weitgereist.de\/wp-content\/uploads\/2025\/11\/1000042095-2048x1536.jpg 2048w, https:\/\/familie-weitgereist.de\/wp-content\/uploads\/2025\/11\/1000042095-1200x900.jpg 1200w, https:\/\/familie-weitgereist.de\/wp-content\/uploads\/2025\/11\/1000042095-1980x1485.jpg 1980w, https:\/\/familie-weitgereist.de\/wp-content\/uploads\/2025\/11\/1000042095-150x113.jpg 150w\" sizes=\"auto, (max-width: 1024px) 100vw, 1024px\" \/><\/figure>\n\n\n\n<p>Der Weg ist durch das Vulkangestein an manchen Stellen etwas rutschig, dennoch mit Konzentration und gutem Schuhwerk gut machbar.<\/p>\n\n\n\n<figure class=\"wp-block-image size-large\"><img loading=\"lazy\" decoding=\"async\" width=\"1024\" height=\"768\" src=\"https:\/\/familie-weitgereist.de\/wp-content\/uploads\/2025\/11\/1000042128-1024x768.jpg\" alt=\"\" class=\"wp-image-25019\" srcset=\"https:\/\/familie-weitgereist.de\/wp-content\/uploads\/2025\/11\/1000042128-1024x768.jpg 1024w, https:\/\/familie-weitgereist.de\/wp-content\/uploads\/2025\/11\/1000042128-300x225.jpg 300w, https:\/\/familie-weitgereist.de\/wp-content\/uploads\/2025\/11\/1000042128-768x576.jpg 768w, https:\/\/familie-weitgereist.de\/wp-content\/uploads\/2025\/11\/1000042128-1536x1152.jpg 1536w, https:\/\/familie-weitgereist.de\/wp-content\/uploads\/2025\/11\/1000042128-2048x1536.jpg 2048w, https:\/\/familie-weitgereist.de\/wp-content\/uploads\/2025\/11\/1000042128-1200x900.jpg 1200w, https:\/\/familie-weitgereist.de\/wp-content\/uploads\/2025\/11\/1000042128-1980x1485.jpg 1980w, https:\/\/familie-weitgereist.de\/wp-content\/uploads\/2025\/11\/1000042128-150x113.jpg 150w\" sizes=\"auto, (max-width: 1024px) 100vw, 1024px\" \/><\/figure>\n\n\n\n<p>Wir schl\u00e4ngelten uns die Serpentinen hinab in den Talkessel. Der Aufstieg erfolgt sp\u00e4ter auf dem gleichen Weg.<\/p>\n\n\n\n<figure class=\"wp-block-image size-large\"><img loading=\"lazy\" decoding=\"async\" width=\"1024\" height=\"768\" src=\"https:\/\/familie-weitgereist.de\/wp-content\/uploads\/2025\/11\/1000042113-1024x768.jpg\" alt=\"\" class=\"wp-image-25020\" srcset=\"https:\/\/familie-weitgereist.de\/wp-content\/uploads\/2025\/11\/1000042113-1024x768.jpg 1024w, https:\/\/familie-weitgereist.de\/wp-content\/uploads\/2025\/11\/1000042113-300x225.jpg 300w, https:\/\/familie-weitgereist.de\/wp-content\/uploads\/2025\/11\/1000042113-768x576.jpg 768w, https:\/\/familie-weitgereist.de\/wp-content\/uploads\/2025\/11\/1000042113-1536x1152.jpg 1536w, https:\/\/familie-weitgereist.de\/wp-content\/uploads\/2025\/11\/1000042113-2048x1536.jpg 2048w, https:\/\/familie-weitgereist.de\/wp-content\/uploads\/2025\/11\/1000042113-1200x900.jpg 1200w, https:\/\/familie-weitgereist.de\/wp-content\/uploads\/2025\/11\/1000042113-1980x1485.jpg 1980w, https:\/\/familie-weitgereist.de\/wp-content\/uploads\/2025\/11\/1000042113-150x113.jpg 150w\" sizes=\"auto, (max-width: 1024px) 100vw, 1024px\" \/><\/figure>\n\n\n\n<p>Es gibt einen sch\u00f6nen Aussichtspunkt in den Krater hinein. Dort kann beim Ab- oder Aufstieg eine gem\u00fctliche Pause eingelegt werden.<\/p>\n\n\n\n<figure class=\"wp-block-image size-large\"><img loading=\"lazy\" decoding=\"async\" width=\"1024\" height=\"768\" src=\"https:\/\/familie-weitgereist.de\/wp-content\/uploads\/2025\/11\/1000042232-1024x768.jpg\" alt=\"\" class=\"wp-image-25023\" srcset=\"https:\/\/familie-weitgereist.de\/wp-content\/uploads\/2025\/11\/1000042232-1024x768.jpg 1024w, https:\/\/familie-weitgereist.de\/wp-content\/uploads\/2025\/11\/1000042232-300x225.jpg 300w, https:\/\/familie-weitgereist.de\/wp-content\/uploads\/2025\/11\/1000042232-768x576.jpg 768w, https:\/\/familie-weitgereist.de\/wp-content\/uploads\/2025\/11\/1000042232-1536x1152.jpg 1536w, https:\/\/familie-weitgereist.de\/wp-content\/uploads\/2025\/11\/1000042232-2048x1536.jpg 2048w, https:\/\/familie-weitgereist.de\/wp-content\/uploads\/2025\/11\/1000042232-1200x900.jpg 1200w, https:\/\/familie-weitgereist.de\/wp-content\/uploads\/2025\/11\/1000042232-1980x1485.jpg 1980w, https:\/\/familie-weitgereist.de\/wp-content\/uploads\/2025\/11\/1000042232-150x113.jpg 150w\" sizes=\"auto, (max-width: 1024px) 100vw, 1024px\" \/><\/figure>\n\n\n\n<p>Im Talkessel ist es so gr\u00fcn. Es stehen viele Palmen und \u00d6lb\u00e4ume, es gibt Wiesen und gro\u00dfe Steine. Ein Kinderparadies mit viel Platz zum Entdecken und Toben.<\/p>\n\n\n\n<figure class=\"wp-block-image size-large\"><img loading=\"lazy\" decoding=\"async\" width=\"1024\" height=\"768\" src=\"https:\/\/familie-weitgereist.de\/wp-content\/uploads\/2025\/11\/1000042191-1024x768.jpg\" alt=\"\" class=\"wp-image-25021\" srcset=\"https:\/\/familie-weitgereist.de\/wp-content\/uploads\/2025\/11\/1000042191-1024x768.jpg 1024w, https:\/\/familie-weitgereist.de\/wp-content\/uploads\/2025\/11\/1000042191-300x225.jpg 300w, https:\/\/familie-weitgereist.de\/wp-content\/uploads\/2025\/11\/1000042191-768x576.jpg 768w, https:\/\/familie-weitgereist.de\/wp-content\/uploads\/2025\/11\/1000042191-1536x1152.jpg 1536w, https:\/\/familie-weitgereist.de\/wp-content\/uploads\/2025\/11\/1000042191-2048x1536.jpg 2048w, https:\/\/familie-weitgereist.de\/wp-content\/uploads\/2025\/11\/1000042191-1200x900.jpg 1200w, https:\/\/familie-weitgereist.de\/wp-content\/uploads\/2025\/11\/1000042191-1980x1485.jpg 1980w, https:\/\/familie-weitgereist.de\/wp-content\/uploads\/2025\/11\/1000042191-150x113.jpg 150w\" sizes=\"auto, (max-width: 1024px) 100vw, 1024px\" \/><\/figure>\n\n\n\n<p>Im Krater angekommen, gibt es einen 1 km langen Rundweg. Ein <strong>absolutes Highlight<\/strong> im Krater ist das <strong>ehemalige Wohnhaus des Se\u00f1or Agust\u00edn Herrn\u00e1ndez Torres<\/strong>, der von 1936 &#8211; 2020 den Krater bewirtschaftete und sich um die Erhaltung k\u00fcmmerte. Er geh\u00f6rte einer langen Generation von Kraterarbeitern an. Bis ins hohe Alter von 93 Jahren lief er jeden Tag den Berg hinauf und wieder hinab. Er starb im Alter von 97 Jahren. Sein ehemaliges Wohnhaus kann besichtigt werden. Seine Hinterlassenschaften und der Zustand seines Hauses befinden sich im Originalzustand.<\/p>\n\n\n\n<div id=\"wp-block-themeisle-blocks-slider-ce80506e\" class=\"wp-block-themeisle-blocks-slider glide\" data-per-view=\"1\" data-gap=\"0\" data-peek=\"0\" data-autoplay=\"true\" data-height=\"400px\" data-hide-arrows=\"false\"><div class=\"glide__track\" data-glide-el=\"track\"><div class=\"glide__slides\"><div class=\"wp-block-themeisle-blocks-slider-item-wrapper glide__slide\" tabindex=\"0\"><figure><img decoding=\"async\" class=\"wp-block-themeisle-blocks-slider-item\" src=\"https:\/\/familie-weitgereist.de\/wp-content\/uploads\/2025\/11\/1000042149-scaled.jpg\" alt=\"\" title=\"\" data-id=\"25018\"\/><\/figure><\/div><div class=\"wp-block-themeisle-blocks-slider-item-wrapper glide__slide\" tabindex=\"0\"><figure><img decoding=\"async\" class=\"wp-block-themeisle-blocks-slider-item\" src=\"https:\/\/familie-weitgereist.de\/wp-content\/uploads\/2025\/11\/1000042157-scaled.jpg\" alt=\"\" title=\"\" data-id=\"25017\"\/><\/figure><\/div><div class=\"wp-block-themeisle-blocks-slider-item-wrapper glide__slide\" tabindex=\"0\"><figure><img decoding=\"async\" class=\"wp-block-themeisle-blocks-slider-item\" src=\"https:\/\/familie-weitgereist.de\/wp-content\/uploads\/2025\/11\/1000042155-scaled.jpg\" alt=\"\" title=\"\" data-id=\"25016\"\/><\/figure><\/div><\/div><div class=\"glide__bullets\" data-glide-el=\"controls[nav]\"><button class=\"glide__bullet\" data-glide-dir=\"=0\"><\/button><button class=\"glide__bullet\" data-glide-dir=\"=1\"><\/button><button class=\"glide__bullet\" data-glide-dir=\"=2\"><\/button><\/div><\/div><\/div>\n\n\n\n<h2 class=\"wp-block-heading\">Cuatro Puertas<\/h2>\n\n\n\n<p>Die arch\u00e4ologische St\u00e4tte &#8222;<strong>Cuatro Puertas<\/strong>&#8220; in der N\u00e4he von Telde geh\u00f6rt zu den Orten, den die <strong>Altkanarier, die Ureinwohner der Insel, vor der Besiedlung durch die Spanier bewohnt haben<\/strong>. Der H\u00f6hlenkomplex auf dem <strong>Berg<\/strong> <strong>Bermeja<\/strong> besteht aus Wohnh\u00f6hlen, rituellen Kultst\u00e4tten und Lebensmittelspeichern. <\/p>\n\n\n\n<figure class=\"wp-block-image size-large\"><img loading=\"lazy\" decoding=\"async\" width=\"1024\" height=\"768\" src=\"https:\/\/familie-weitgereist.de\/wp-content\/uploads\/2025\/10\/1000020145-1024x768.jpg\" alt=\"\" class=\"wp-image-23545\" srcset=\"https:\/\/familie-weitgereist.de\/wp-content\/uploads\/2025\/10\/1000020145-1024x768.jpg 1024w, https:\/\/familie-weitgereist.de\/wp-content\/uploads\/2025\/10\/1000020145-300x225.jpg 300w, https:\/\/familie-weitgereist.de\/wp-content\/uploads\/2025\/10\/1000020145-768x576.jpg 768w, https:\/\/familie-weitgereist.de\/wp-content\/uploads\/2025\/10\/1000020145-1536x1152.jpg 1536w, https:\/\/familie-weitgereist.de\/wp-content\/uploads\/2025\/10\/1000020145-2048x1536.jpg 2048w, https:\/\/familie-weitgereist.de\/wp-content\/uploads\/2025\/10\/1000020145-1200x900.jpg 1200w, https:\/\/familie-weitgereist.de\/wp-content\/uploads\/2025\/10\/1000020145-1980x1485.jpg 1980w, https:\/\/familie-weitgereist.de\/wp-content\/uploads\/2025\/10\/1000020145-150x113.jpg 150w\" sizes=\"auto, (max-width: 1024px) 100vw, 1024px\" \/><\/figure>\n\n\n\n<p>Auf dem Berg befinden sich mehrere H\u00f6hlen. Es macht so viel Spa\u00df die Wege entlang zu laufen. Besonders unsere Kinder hatten beim Klettern \u00fcber das Vulkangestein, den Treppenstufen und durch die H\u00f6hlen sehr viel Spa\u00df.<\/p>\n\n\n\n<p>Der Weg ist als Rundweg gestaltet. Die erste H\u00f6hle, an der wir vorbei kamen war die H\u00f6hle <strong>Cuatro Puertas<\/strong> <strong>(Vier T\u00fcren H\u00f6hle) <\/strong>mit vier gro\u00dfen Felseing\u00e4ngen. Was die Funktion der H\u00f6hle betrifft, sind sich sie Forscher nicht einig. Es wird vermutet, dass es die Wohnst\u00e4tte des obersten Priesters war, ein Viehstall oder eine Begr\u00e4bnisst\u00e4tte.<\/p>\n\n\n\n<figure class=\"wp-block-image size-large\"><img loading=\"lazy\" decoding=\"async\" width=\"1024\" height=\"768\" src=\"https:\/\/familie-weitgereist.de\/wp-content\/uploads\/2025\/10\/1000020105-1024x768.jpg\" alt=\"\" class=\"wp-image-23547\" srcset=\"https:\/\/familie-weitgereist.de\/wp-content\/uploads\/2025\/10\/1000020105-1024x768.jpg 1024w, https:\/\/familie-weitgereist.de\/wp-content\/uploads\/2025\/10\/1000020105-300x225.jpg 300w, https:\/\/familie-weitgereist.de\/wp-content\/uploads\/2025\/10\/1000020105-768x576.jpg 768w, https:\/\/familie-weitgereist.de\/wp-content\/uploads\/2025\/10\/1000020105-1536x1152.jpg 1536w, https:\/\/familie-weitgereist.de\/wp-content\/uploads\/2025\/10\/1000020105-2048x1536.jpg 2048w, https:\/\/familie-weitgereist.de\/wp-content\/uploads\/2025\/10\/1000020105-1200x900.jpg 1200w, https:\/\/familie-weitgereist.de\/wp-content\/uploads\/2025\/10\/1000020105-1980x1485.jpg 1980w, https:\/\/familie-weitgereist.de\/wp-content\/uploads\/2025\/10\/1000020105-150x113.jpg 150w\" sizes=\"auto, (max-width: 1024px) 100vw, 1024px\" \/><figcaption class=\"wp-element-caption\">Cueva de Cuatro Puertas &#8211; Vier T\u00fcren H\u00f6hle<\/figcaption><\/figure>\n\n\n\n<p>Anschlie\u00dfend liefen wir zur <strong>Cueva de los Papeles<\/strong> <strong>(Papierh\u00f6hle)<\/strong>. Diese H\u00f6hle wurde von Hirten im Laufe der Jahrhunderte genutzt und gilt als Beweis daf\u00fcr, dass sich Menschen vor der spanischen Besiedlung hier aufhielten.<\/p>\n\n\n\n<figure class=\"wp-block-image size-large\"><img loading=\"lazy\" decoding=\"async\" width=\"1024\" height=\"768\" src=\"https:\/\/familie-weitgereist.de\/wp-content\/uploads\/2025\/10\/1000020148-1024x768.jpg\" alt=\"\" class=\"wp-image-23550\" srcset=\"https:\/\/familie-weitgereist.de\/wp-content\/uploads\/2025\/10\/1000020148-1024x768.jpg 1024w, https:\/\/familie-weitgereist.de\/wp-content\/uploads\/2025\/10\/1000020148-300x225.jpg 300w, https:\/\/familie-weitgereist.de\/wp-content\/uploads\/2025\/10\/1000020148-768x576.jpg 768w, https:\/\/familie-weitgereist.de\/wp-content\/uploads\/2025\/10\/1000020148-1536x1152.jpg 1536w, https:\/\/familie-weitgereist.de\/wp-content\/uploads\/2025\/10\/1000020148-2048x1536.jpg 2048w, https:\/\/familie-weitgereist.de\/wp-content\/uploads\/2025\/10\/1000020148-1200x900.jpg 1200w, https:\/\/familie-weitgereist.de\/wp-content\/uploads\/2025\/10\/1000020148-1980x1485.jpg 1980w, https:\/\/familie-weitgereist.de\/wp-content\/uploads\/2025\/10\/1000020148-150x113.jpg 150w\" sizes=\"auto, (max-width: 1024px) 100vw, 1024px\" \/><figcaption class=\"wp-element-caption\">Cueva de los Papeles<\/figcaption><\/figure>\n\n\n\n<p>Die letzten H\u00f6hlen sind die <strong>Cuevas de los Pilares (S\u00e4ulenh\u00f6hlen)<\/strong>. Diese in den Fels geschlagenen H\u00f6hlen dienten als Wohnraum. Hier wurden 1954 sogar einige Szenen aus dem Film &#8222;Tirma&#8220; gedreht.<\/p>\n\n\n\n<figure class=\"wp-block-image size-large\"><img loading=\"lazy\" decoding=\"async\" width=\"1024\" height=\"768\" src=\"https:\/\/familie-weitgereist.de\/wp-content\/uploads\/2025\/10\/1000020168-1024x768.jpg\" alt=\"\" class=\"wp-image-23554\" srcset=\"https:\/\/familie-weitgereist.de\/wp-content\/uploads\/2025\/10\/1000020168-1024x768.jpg 1024w, https:\/\/familie-weitgereist.de\/wp-content\/uploads\/2025\/10\/1000020168-300x225.jpg 300w, https:\/\/familie-weitgereist.de\/wp-content\/uploads\/2025\/10\/1000020168-768x576.jpg 768w, https:\/\/familie-weitgereist.de\/wp-content\/uploads\/2025\/10\/1000020168-1536x1152.jpg 1536w, https:\/\/familie-weitgereist.de\/wp-content\/uploads\/2025\/10\/1000020168-2048x1536.jpg 2048w, https:\/\/familie-weitgereist.de\/wp-content\/uploads\/2025\/10\/1000020168-1200x900.jpg 1200w, https:\/\/familie-weitgereist.de\/wp-content\/uploads\/2025\/10\/1000020168-1980x1485.jpg 1980w, https:\/\/familie-weitgereist.de\/wp-content\/uploads\/2025\/10\/1000020168-150x113.jpg 150w\" sizes=\"auto, (max-width: 1024px) 100vw, 1024px\" \/><figcaption class=\"wp-element-caption\">Cuevas de los Pilares<\/figcaption><\/figure>\n\n\n\n<p>Die Aussicht auf die Ostk\u00fcste, die K\u00fcstenorte Melenara, Salinetas und Taliarte ist sehr sch\u00f6n. Die Sicht ist bis nach Las Palmas m\u00f6glich. Es bietet sich auch eine gute Sicht auf den Flughafen und wir beobachteten die Flugzeuge bei Start und Landung.<\/p>\n\n\n\n<figure class=\"wp-block-image size-large\"><img loading=\"lazy\" decoding=\"async\" width=\"1024\" height=\"768\" src=\"https:\/\/familie-weitgereist.de\/wp-content\/uploads\/2025\/10\/1000020138-1024x768.jpg\" alt=\"\" class=\"wp-image-23544\" srcset=\"https:\/\/familie-weitgereist.de\/wp-content\/uploads\/2025\/10\/1000020138-1024x768.jpg 1024w, https:\/\/familie-weitgereist.de\/wp-content\/uploads\/2025\/10\/1000020138-300x225.jpg 300w, https:\/\/familie-weitgereist.de\/wp-content\/uploads\/2025\/10\/1000020138-768x576.jpg 768w, https:\/\/familie-weitgereist.de\/wp-content\/uploads\/2025\/10\/1000020138-1536x1152.jpg 1536w, https:\/\/familie-weitgereist.de\/wp-content\/uploads\/2025\/10\/1000020138-2048x1536.jpg 2048w, https:\/\/familie-weitgereist.de\/wp-content\/uploads\/2025\/10\/1000020138-1200x900.jpg 1200w, https:\/\/familie-weitgereist.de\/wp-content\/uploads\/2025\/10\/1000020138-1980x1485.jpg 1980w, https:\/\/familie-weitgereist.de\/wp-content\/uploads\/2025\/10\/1000020138-150x113.jpg 150w\" sizes=\"auto, (max-width: 1024px) 100vw, 1024px\" \/><figcaption class=\"wp-element-caption\">Blick auf den Flughafen von Gran Canaria<\/figcaption><\/figure>\n\n\n\n<h2 class=\"wp-block-heading\">K\u00fcstenweg von La Garita nach Salinetas (Bufadero)<\/h2>\n\n\n\n<p>Entlang der herrlichen K\u00fcstenpromenade bieten sich immer wieder traumhafte Ausblicke auf das Meer.<\/p>\n\n\n\n<figure class=\"wp-block-image size-large\"><img loading=\"lazy\" decoding=\"async\" width=\"1024\" height=\"768\" src=\"https:\/\/familie-weitgereist.de\/wp-content\/uploads\/2025\/11\/1000023086-1024x768.jpg\" alt=\"\" class=\"wp-image-24097\" srcset=\"https:\/\/familie-weitgereist.de\/wp-content\/uploads\/2025\/11\/1000023086-1024x768.jpg 1024w, https:\/\/familie-weitgereist.de\/wp-content\/uploads\/2025\/11\/1000023086-300x225.jpg 300w, https:\/\/familie-weitgereist.de\/wp-content\/uploads\/2025\/11\/1000023086-768x576.jpg 768w, https:\/\/familie-weitgereist.de\/wp-content\/uploads\/2025\/11\/1000023086-1536x1152.jpg 1536w, https:\/\/familie-weitgereist.de\/wp-content\/uploads\/2025\/11\/1000023086-2048x1536.jpg 2048w, https:\/\/familie-weitgereist.de\/wp-content\/uploads\/2025\/11\/1000023086-1200x900.jpg 1200w, https:\/\/familie-weitgereist.de\/wp-content\/uploads\/2025\/11\/1000023086-1980x1485.jpg 1980w, https:\/\/familie-weitgereist.de\/wp-content\/uploads\/2025\/11\/1000023086-150x113.jpg 150w\" sizes=\"auto, (max-width: 1024px) 100vw, 1024px\" \/><\/figure>\n\n\n\n<p>Es gibt viele Sportstationen um seine Fitness zu trainieren und immer wieder breite Sandstr\u00e4nde, um im Meer baden zu gehen.<\/p>\n\n\n\n<figure class=\"wp-block-image size-large\"><img loading=\"lazy\" decoding=\"async\" width=\"1024\" height=\"768\" src=\"https:\/\/familie-weitgereist.de\/wp-content\/uploads\/2025\/11\/1000023093-1024x768.jpg\" alt=\"\" class=\"wp-image-24098\" srcset=\"https:\/\/familie-weitgereist.de\/wp-content\/uploads\/2025\/11\/1000023093-1024x768.jpg 1024w, https:\/\/familie-weitgereist.de\/wp-content\/uploads\/2025\/11\/1000023093-300x225.jpg 300w, https:\/\/familie-weitgereist.de\/wp-content\/uploads\/2025\/11\/1000023093-768x576.jpg 768w, https:\/\/familie-weitgereist.de\/wp-content\/uploads\/2025\/11\/1000023093-1536x1152.jpg 1536w, https:\/\/familie-weitgereist.de\/wp-content\/uploads\/2025\/11\/1000023093-2048x1536.jpg 2048w, https:\/\/familie-weitgereist.de\/wp-content\/uploads\/2025\/11\/1000023093-1200x900.jpg 1200w, https:\/\/familie-weitgereist.de\/wp-content\/uploads\/2025\/11\/1000023093-1980x1485.jpg 1980w, https:\/\/familie-weitgereist.de\/wp-content\/uploads\/2025\/11\/1000023093-150x113.jpg 150w\" sizes=\"auto, (max-width: 1024px) 100vw, 1024px\" \/><\/figure>\n\n\n\n<p>Ein Highlight auf diesem K\u00fcstenweg ist der <strong><a href=\"https:\/\/familie-weitgereist.de\/?p=17996\" data-type=\"link\" data-id=\"https:\/\/familie-weitgereist.de\/?p=17996\">Bufadero<\/a><\/strong>. Ein Felsenloch l\u00e4sst das Wasser bei hohem Wellengang und Flut hindurch und das Wasser wird regelrecht nach oben gedr\u00fcckt. Dabei entstehen viele kleine Font\u00e4nen. Wenn die Wellen und das Wasser von unten in das Loch einst\u00fcrmen, spritzen sie nach oben und erzeugen ein lautes Schnauben. Das Hochspritzen des Wassers sieht auch sehr spektakul\u00e4r aus.<\/p>\n\n\n\n<figure class=\"wp-block-image size-large\"><img loading=\"lazy\" decoding=\"async\" width=\"1024\" height=\"769\" src=\"https:\/\/familie-weitgereist.de\/wp-content\/uploads\/2025\/11\/1000025651-1024x769.jpg\" alt=\"\" class=\"wp-image-24092\" srcset=\"https:\/\/familie-weitgereist.de\/wp-content\/uploads\/2025\/11\/1000025651-1024x769.jpg 1024w, https:\/\/familie-weitgereist.de\/wp-content\/uploads\/2025\/11\/1000025651-300x225.jpg 300w, https:\/\/familie-weitgereist.de\/wp-content\/uploads\/2025\/11\/1000025651-768x577.jpg 768w, https:\/\/familie-weitgereist.de\/wp-content\/uploads\/2025\/11\/1000025651-1200x901.jpg 1200w, https:\/\/familie-weitgereist.de\/wp-content\/uploads\/2025\/11\/1000025651-150x113.jpg 150w, https:\/\/familie-weitgereist.de\/wp-content\/uploads\/2025\/11\/1000025651.jpg 1280w\" sizes=\"auto, (max-width: 1024px) 100vw, 1024px\" \/><\/figure>\n\n\n\n<h2 class=\"wp-block-heading\" id=\"sueden\">Wandern im S\u00fcden der Insel<\/h2>\n\n\n\n<h2 class=\"wp-block-heading\">Barranco Hondo<\/h2>\n\n\n\n<p>Eine wunderbare spannende Wanderung befindet sich im S\u00fcden von Gran Canaria in der N\u00e4he der K\u00fcstenorte Bah\u00eda Feliz und Castillo del Romeral.<\/p>\n\n\n\n<p>Die Wanderung ist abwechslungsreich und leicht herausfordernd. Eine gute Grundkondition sollte vorhanden sein.<\/p>\n\n\n\n<p>Wir parkten unser Auto auf einem Schotterplatz unweit der GC-1 und machten uns zun\u00e4chst auf breiten Wegen auf den Weg in den Barranco Hondo hinein.<\/p>\n\n\n\n<figure class=\"wp-block-image size-large\"><img loading=\"lazy\" decoding=\"async\" width=\"1024\" height=\"768\" src=\"https:\/\/familie-weitgereist.de\/wp-content\/uploads\/2025\/11\/1000040734-1024x768.jpg\" alt=\"\" class=\"wp-image-24918\" srcset=\"https:\/\/familie-weitgereist.de\/wp-content\/uploads\/2025\/11\/1000040734-1024x768.jpg 1024w, https:\/\/familie-weitgereist.de\/wp-content\/uploads\/2025\/11\/1000040734-300x225.jpg 300w, https:\/\/familie-weitgereist.de\/wp-content\/uploads\/2025\/11\/1000040734-768x576.jpg 768w, https:\/\/familie-weitgereist.de\/wp-content\/uploads\/2025\/11\/1000040734-1536x1152.jpg 1536w, https:\/\/familie-weitgereist.de\/wp-content\/uploads\/2025\/11\/1000040734-2048x1536.jpg 2048w, https:\/\/familie-weitgereist.de\/wp-content\/uploads\/2025\/11\/1000040734-1200x900.jpg 1200w, https:\/\/familie-weitgereist.de\/wp-content\/uploads\/2025\/11\/1000040734-1980x1485.jpg 1980w, https:\/\/familie-weitgereist.de\/wp-content\/uploads\/2025\/11\/1000040734-150x113.jpg 150w\" sizes=\"auto, (max-width: 1024px) 100vw, 1024px\" \/><\/figure>\n\n\n\n<p>Der Weg wurde schnell schmaler und ging gem\u00e4chlich bergauf. Die Ausblicke auf die umliegenden Berge, welche von H\u00f6hlen durchfurcht sind, sind herrlich.<\/p>\n\n\n\n<figure class=\"wp-block-image size-large\"><img loading=\"lazy\" decoding=\"async\" width=\"1024\" height=\"768\" src=\"https:\/\/familie-weitgereist.de\/wp-content\/uploads\/2025\/11\/1000040800-1024x768.jpg\" alt=\"\" class=\"wp-image-24920\" srcset=\"https:\/\/familie-weitgereist.de\/wp-content\/uploads\/2025\/11\/1000040800-1024x768.jpg 1024w, https:\/\/familie-weitgereist.de\/wp-content\/uploads\/2025\/11\/1000040800-300x225.jpg 300w, https:\/\/familie-weitgereist.de\/wp-content\/uploads\/2025\/11\/1000040800-768x576.jpg 768w, https:\/\/familie-weitgereist.de\/wp-content\/uploads\/2025\/11\/1000040800-1536x1152.jpg 1536w, https:\/\/familie-weitgereist.de\/wp-content\/uploads\/2025\/11\/1000040800-2048x1536.jpg 2048w, https:\/\/familie-weitgereist.de\/wp-content\/uploads\/2025\/11\/1000040800-1200x900.jpg 1200w, https:\/\/familie-weitgereist.de\/wp-content\/uploads\/2025\/11\/1000040800-1980x1485.jpg 1980w, https:\/\/familie-weitgereist.de\/wp-content\/uploads\/2025\/11\/1000040800-150x113.jpg 150w\" sizes=\"auto, (max-width: 1024px) 100vw, 1024px\" \/><\/figure>\n\n\n\n<p>Nachdem wir den schmalen Pfad eine Weile folgten und tiefer in der Schlucht waren, lagen riesige Gesteinsbrocken auf dem Pfad, die es zu \u00fcberwinden galt. Das sorgte besonders bei unseren Kindern f\u00fcr ein tolles Wandererlebnis!<\/p>\n\n\n\n<figure class=\"wp-block-image size-large\"><img loading=\"lazy\" decoding=\"async\" width=\"768\" height=\"1024\" src=\"https:\/\/familie-weitgereist.de\/wp-content\/uploads\/2025\/11\/1000040810-768x1024.jpg\" alt=\"\" class=\"wp-image-24921\" srcset=\"https:\/\/familie-weitgereist.de\/wp-content\/uploads\/2025\/11\/1000040810-768x1024.jpg 768w, https:\/\/familie-weitgereist.de\/wp-content\/uploads\/2025\/11\/1000040810-225x300.jpg 225w, https:\/\/familie-weitgereist.de\/wp-content\/uploads\/2025\/11\/1000040810-1152x1536.jpg 1152w, https:\/\/familie-weitgereist.de\/wp-content\/uploads\/2025\/11\/1000040810-1536x2048.jpg 1536w, https:\/\/familie-weitgereist.de\/wp-content\/uploads\/2025\/11\/1000040810-1200x1600.jpg 1200w, https:\/\/familie-weitgereist.de\/wp-content\/uploads\/2025\/11\/1000040810-1980x2640.jpg 1980w, https:\/\/familie-weitgereist.de\/wp-content\/uploads\/2025\/11\/1000040810-640x853.jpg 640w, https:\/\/familie-weitgereist.de\/wp-content\/uploads\/2025\/11\/1000040810-150x200.jpg 150w, https:\/\/familie-weitgereist.de\/wp-content\/uploads\/2025\/11\/1000040810-scaled.jpg 1920w\" sizes=\"auto, (max-width: 768px) 100vw, 768px\" \/><\/figure>\n\n\n\n<p>Wir liefen weiter durch dichtes Gestr\u00fcpp, zum Teil an kleinen Wassert\u00fcmpeln vorbei und machten schlie\u00dflich Rast bei der <strong>Fortaleza<\/strong> <strong>Canario<\/strong>.<\/p>\n\n\n\n<figure class=\"wp-block-image size-large\"><img loading=\"lazy\" decoding=\"async\" width=\"1024\" height=\"768\" src=\"https:\/\/familie-weitgereist.de\/wp-content\/uploads\/2025\/11\/1000040869-1024x768.jpg\" alt=\"\" class=\"wp-image-24923\" srcset=\"https:\/\/familie-weitgereist.de\/wp-content\/uploads\/2025\/11\/1000040869-1024x768.jpg 1024w, https:\/\/familie-weitgereist.de\/wp-content\/uploads\/2025\/11\/1000040869-300x225.jpg 300w, https:\/\/familie-weitgereist.de\/wp-content\/uploads\/2025\/11\/1000040869-768x576.jpg 768w, https:\/\/familie-weitgereist.de\/wp-content\/uploads\/2025\/11\/1000040869-1536x1152.jpg 1536w, https:\/\/familie-weitgereist.de\/wp-content\/uploads\/2025\/11\/1000040869-2048x1536.jpg 2048w, https:\/\/familie-weitgereist.de\/wp-content\/uploads\/2025\/11\/1000040869-1200x900.jpg 1200w, https:\/\/familie-weitgereist.de\/wp-content\/uploads\/2025\/11\/1000040869-1980x1485.jpg 1980w, https:\/\/familie-weitgereist.de\/wp-content\/uploads\/2025\/11\/1000040869-150x113.jpg 150w\" sizes=\"auto, (max-width: 1024px) 100vw, 1024px\" \/><\/figure>\n\n\n\n<figure class=\"wp-block-image size-large\"><img loading=\"lazy\" decoding=\"async\" width=\"1024\" height=\"768\" src=\"https:\/\/familie-weitgereist.de\/wp-content\/uploads\/2025\/11\/1000040865-1024x768.jpg\" alt=\"\" class=\"wp-image-24925\" srcset=\"https:\/\/familie-weitgereist.de\/wp-content\/uploads\/2025\/11\/1000040865-1024x768.jpg 1024w, https:\/\/familie-weitgereist.de\/wp-content\/uploads\/2025\/11\/1000040865-300x225.jpg 300w, https:\/\/familie-weitgereist.de\/wp-content\/uploads\/2025\/11\/1000040865-768x576.jpg 768w, https:\/\/familie-weitgereist.de\/wp-content\/uploads\/2025\/11\/1000040865-1536x1152.jpg 1536w, https:\/\/familie-weitgereist.de\/wp-content\/uploads\/2025\/11\/1000040865-2048x1536.jpg 2048w, https:\/\/familie-weitgereist.de\/wp-content\/uploads\/2025\/11\/1000040865-1200x900.jpg 1200w, https:\/\/familie-weitgereist.de\/wp-content\/uploads\/2025\/11\/1000040865-1980x1485.jpg 1980w, https:\/\/familie-weitgereist.de\/wp-content\/uploads\/2025\/11\/1000040865-150x113.jpg 150w\" sizes=\"auto, (max-width: 1024px) 100vw, 1024px\" \/><\/figure>\n\n\n\n<p>Ein <strong>Highlight der Wanderung ist der ca. 200 m lange Tunnel<\/strong>, welcher die beiden Schluchten Barranco Hondo und Barranco de la Monta Berriel verbindet. Der Ausgang ist beim Eingang in den Tunnel zu sehen. Der Tunnel wird nur an einer Stelle sehr niedrig, ansonsten kann man bequem hindurch laufen. <strong>Eine Taschenlampe sollte man unbedingt dabei haben!<\/strong><\/p>\n\n\n\n<figure class=\"wp-block-image size-large\"><img loading=\"lazy\" decoding=\"async\" width=\"1024\" height=\"768\" src=\"https:\/\/familie-weitgereist.de\/wp-content\/uploads\/2025\/11\/1000040969-1024x768.jpg\" alt=\"\" class=\"wp-image-24928\" srcset=\"https:\/\/familie-weitgereist.de\/wp-content\/uploads\/2025\/11\/1000040969-1024x768.jpg 1024w, https:\/\/familie-weitgereist.de\/wp-content\/uploads\/2025\/11\/1000040969-300x225.jpg 300w, https:\/\/familie-weitgereist.de\/wp-content\/uploads\/2025\/11\/1000040969-768x576.jpg 768w, https:\/\/familie-weitgereist.de\/wp-content\/uploads\/2025\/11\/1000040969-1536x1152.jpg 1536w, https:\/\/familie-weitgereist.de\/wp-content\/uploads\/2025\/11\/1000040969-2048x1536.jpg 2048w, https:\/\/familie-weitgereist.de\/wp-content\/uploads\/2025\/11\/1000040969-1200x900.jpg 1200w, https:\/\/familie-weitgereist.de\/wp-content\/uploads\/2025\/11\/1000040969-1980x1485.jpg 1980w, https:\/\/familie-weitgereist.de\/wp-content\/uploads\/2025\/11\/1000040969-150x113.jpg 150w\" sizes=\"auto, (max-width: 1024px) 100vw, 1024px\" \/><\/figure>\n\n\n\n<figure class=\"wp-block-image size-large\"><img loading=\"lazy\" decoding=\"async\" width=\"1024\" height=\"768\" src=\"https:\/\/familie-weitgereist.de\/wp-content\/uploads\/2025\/11\/1000040925-1024x768.jpg\" alt=\"\" class=\"wp-image-24927\" srcset=\"https:\/\/familie-weitgereist.de\/wp-content\/uploads\/2025\/11\/1000040925-1024x768.jpg 1024w, https:\/\/familie-weitgereist.de\/wp-content\/uploads\/2025\/11\/1000040925-300x225.jpg 300w, https:\/\/familie-weitgereist.de\/wp-content\/uploads\/2025\/11\/1000040925-768x576.jpg 768w, https:\/\/familie-weitgereist.de\/wp-content\/uploads\/2025\/11\/1000040925-1536x1152.jpg 1536w, https:\/\/familie-weitgereist.de\/wp-content\/uploads\/2025\/11\/1000040925-2048x1536.jpg 2048w, https:\/\/familie-weitgereist.de\/wp-content\/uploads\/2025\/11\/1000040925-1200x900.jpg 1200w, https:\/\/familie-weitgereist.de\/wp-content\/uploads\/2025\/11\/1000040925-1980x1485.jpg 1980w, https:\/\/familie-weitgereist.de\/wp-content\/uploads\/2025\/11\/1000040925-150x113.jpg 150w\" sizes=\"auto, (max-width: 1024px) 100vw, 1024px\" \/><\/figure>\n\n\n\n<h2 class=\"wp-block-heading\">Barranco de Tirita\u00f1a<\/h2>\n\n\n\n<p>Der Barranco de Tirita\u00f1a liegt zwischen den bekannten K\u00fcstenorten Puerto de Mog\u00e1n und Puerto Rico.<\/p>\n\n\n\n<p>Wir liefen vom Parkplatz direkt an der GC-500 abw\u00e4rts durch den Barranco bis zum Strand Tirita\u00f1a. Die Wellen waren hoch und wir staunten \u00fcber die Kraft des Ozeans. Wir entdeckten am Strand sogar die gef\u00e4hrliche Portugiesische Galeere.<\/p>\n\n\n\n<div id=\"wp-block-themeisle-blocks-slider-67d4f18a\" class=\"wp-block-themeisle-blocks-slider glide\" data-per-view=\"1\" data-gap=\"0\" data-peek=\"0\" data-autoplay=\"true\" data-height=\"400px\" data-hide-arrows=\"false\"><div class=\"glide__track\" data-glide-el=\"track\"><div class=\"glide__slides\"><div class=\"wp-block-themeisle-blocks-slider-item-wrapper glide__slide\" tabindex=\"0\"><figure><img decoding=\"async\" class=\"wp-block-themeisle-blocks-slider-item\" src=\"https:\/\/familie-weitgereist.de\/wp-content\/uploads\/2025\/11\/1000044030-scaled.jpg\" alt=\"\" title=\"\" data-id=\"25110\"\/><\/figure><\/div><div class=\"wp-block-themeisle-blocks-slider-item-wrapper glide__slide\" tabindex=\"0\"><figure><img decoding=\"async\" class=\"wp-block-themeisle-blocks-slider-item\" src=\"https:\/\/familie-weitgereist.de\/wp-content\/uploads\/2025\/11\/1000044141-scaled.jpg\" alt=\"\" title=\"\" data-id=\"25109\"\/><\/figure><\/div><\/div><div class=\"glide__bullets\" data-glide-el=\"controls[nav]\"><button class=\"glide__bullet\" data-glide-dir=\"=0\"><\/button><button class=\"glide__bullet\" data-glide-dir=\"=1\"><\/button><\/div><\/div><\/div>\n\n\n\n<p>Anschlie\u00dfend liefen wir den Barranco hinauf und nach einem kurzen, steilen Anstieg hatten wir eine grandiose Aussicht auf den Atlantik bis zum K\u00fcstenort Puerto de Mog\u00e1n.<\/p>\n\n\n\n<figure class=\"wp-block-image size-large\"><img loading=\"lazy\" decoding=\"async\" width=\"1024\" height=\"768\" src=\"https:\/\/familie-weitgereist.de\/wp-content\/uploads\/2025\/11\/1000044051-1024x768.jpg\" alt=\"\" class=\"wp-image-25111\" srcset=\"https:\/\/familie-weitgereist.de\/wp-content\/uploads\/2025\/11\/1000044051-1024x768.jpg 1024w, https:\/\/familie-weitgereist.de\/wp-content\/uploads\/2025\/11\/1000044051-300x225.jpg 300w, https:\/\/familie-weitgereist.de\/wp-content\/uploads\/2025\/11\/1000044051-768x576.jpg 768w, https:\/\/familie-weitgereist.de\/wp-content\/uploads\/2025\/11\/1000044051-1536x1152.jpg 1536w, https:\/\/familie-weitgereist.de\/wp-content\/uploads\/2025\/11\/1000044051-2048x1536.jpg 2048w, https:\/\/familie-weitgereist.de\/wp-content\/uploads\/2025\/11\/1000044051-1200x900.jpg 1200w, https:\/\/familie-weitgereist.de\/wp-content\/uploads\/2025\/11\/1000044051-1980x1485.jpg 1980w, https:\/\/familie-weitgereist.de\/wp-content\/uploads\/2025\/11\/1000044051-150x113.jpg 150w\" sizes=\"auto, (max-width: 1024px) 100vw, 1024px\" \/><\/figure>\n\n\n\n<p>Oben angekommen ist der Weg zwischen den Schluchten schmal. Trittsicherheit ist gefordert. Die Aussichten sind ph\u00e4nomenal!<\/p>\n\n\n\n<figure class=\"wp-block-image size-large\"><img loading=\"lazy\" decoding=\"async\" width=\"1024\" height=\"768\" src=\"https:\/\/familie-weitgereist.de\/wp-content\/uploads\/2025\/11\/1000044066-1024x768.jpg\" alt=\"\" class=\"wp-image-25113\" srcset=\"https:\/\/familie-weitgereist.de\/wp-content\/uploads\/2025\/11\/1000044066-1024x768.jpg 1024w, https:\/\/familie-weitgereist.de\/wp-content\/uploads\/2025\/11\/1000044066-300x225.jpg 300w, https:\/\/familie-weitgereist.de\/wp-content\/uploads\/2025\/11\/1000044066-768x576.jpg 768w, https:\/\/familie-weitgereist.de\/wp-content\/uploads\/2025\/11\/1000044066-1536x1152.jpg 1536w, https:\/\/familie-weitgereist.de\/wp-content\/uploads\/2025\/11\/1000044066-2048x1536.jpg 2048w, https:\/\/familie-weitgereist.de\/wp-content\/uploads\/2025\/11\/1000044066-1200x900.jpg 1200w, https:\/\/familie-weitgereist.de\/wp-content\/uploads\/2025\/11\/1000044066-1980x1485.jpg 1980w, https:\/\/familie-weitgereist.de\/wp-content\/uploads\/2025\/11\/1000044066-150x113.jpg 150w\" sizes=\"auto, (max-width: 1024px) 100vw, 1024px\" \/><\/figure>\n\n\n\n<figure class=\"wp-block-image size-large\"><img loading=\"lazy\" decoding=\"async\" width=\"1024\" height=\"769\" src=\"https:\/\/familie-weitgereist.de\/wp-content\/uploads\/2025\/11\/1000044097-1024x769.jpg\" alt=\"\" class=\"wp-image-25115\" srcset=\"https:\/\/familie-weitgereist.de\/wp-content\/uploads\/2025\/11\/1000044097-1024x769.jpg 1024w, https:\/\/familie-weitgereist.de\/wp-content\/uploads\/2025\/11\/1000044097-300x225.jpg 300w, https:\/\/familie-weitgereist.de\/wp-content\/uploads\/2025\/11\/1000044097-768x577.jpg 768w, https:\/\/familie-weitgereist.de\/wp-content\/uploads\/2025\/11\/1000044097-1200x901.jpg 1200w, https:\/\/familie-weitgereist.de\/wp-content\/uploads\/2025\/11\/1000044097-150x113.jpg 150w, https:\/\/familie-weitgereist.de\/wp-content\/uploads\/2025\/11\/1000044097.jpg 1280w\" sizes=\"auto, (max-width: 1024px) 100vw, 1024px\" \/><\/figure>\n\n\n\n<h2 class=\"wp-block-heading\">La Fortaleza de Ansite <\/h2>\n\n\n\n<p>In der N\u00e4he des h\u00fcbschen Bergdorfes <a href=\"https:\/\/familie-weitgereist.de\/?p=24828\" data-type=\"link\" data-id=\"https:\/\/familie-weitgereist.de\/?p=24828\"><strong>Santa<\/strong> <strong>Luc\u00eda de Tirajana<\/strong> <\/a>befinden sich grandiose Wanderwege. Ein Highlight ist die Wanderung zum Festungsfelsen La Fortaleza de Ansite.<\/p>\n\n\n\n<p>La Fortaleza ist ein besonderer Berg, denn er war die letzte Zufluchtsst\u00e4tte der Altkanarier vor den spanischen Truppen. Die Ureinwohner zogen sich in ihren Felsen zur\u00fcck, jedoch wurden sie von den Spaniern ausgehungert, sodass sie letztendlich kapitulieren mussten.<\/p>\n\n\n\n<figure class=\"wp-block-image size-large\"><img loading=\"lazy\" decoding=\"async\" width=\"1024\" height=\"768\" src=\"https:\/\/familie-weitgereist.de\/wp-content\/uploads\/2025\/11\/1000041847-1024x768.jpg\" alt=\"\" class=\"wp-image-25035\" srcset=\"https:\/\/familie-weitgereist.de\/wp-content\/uploads\/2025\/11\/1000041847-1024x768.jpg 1024w, https:\/\/familie-weitgereist.de\/wp-content\/uploads\/2025\/11\/1000041847-300x225.jpg 300w, https:\/\/familie-weitgereist.de\/wp-content\/uploads\/2025\/11\/1000041847-768x576.jpg 768w, https:\/\/familie-weitgereist.de\/wp-content\/uploads\/2025\/11\/1000041847-1536x1152.jpg 1536w, https:\/\/familie-weitgereist.de\/wp-content\/uploads\/2025\/11\/1000041847-2048x1536.jpg 2048w, https:\/\/familie-weitgereist.de\/wp-content\/uploads\/2025\/11\/1000041847-1200x900.jpg 1200w, https:\/\/familie-weitgereist.de\/wp-content\/uploads\/2025\/11\/1000041847-1980x1485.jpg 1980w, https:\/\/familie-weitgereist.de\/wp-content\/uploads\/2025\/11\/1000041847-150x113.jpg 150w\" sizes=\"auto, (max-width: 1024px) 100vw, 1024px\" \/><figcaption class=\"wp-element-caption\">Zugang zur Felsenh\u00f6hle<\/figcaption><\/figure>\n\n\n\n<p>Wir starteten unsere Wanderung am Friedhof von Santa Luc\u00eda de Tirajana und liefen zu Beginn zwischen den Feldern entlang bis wir einen atemberaubenden Blick auf den Festungsfelsen werfen konnten.<\/p>\n\n\n\n<figure class=\"wp-block-image size-large\"><img loading=\"lazy\" decoding=\"async\" width=\"1024\" height=\"768\" src=\"https:\/\/familie-weitgereist.de\/wp-content\/uploads\/2026\/02\/1000041746-1024x768.jpg\" alt=\"\" class=\"wp-image-24981\" srcset=\"https:\/\/familie-weitgereist.de\/wp-content\/uploads\/2026\/02\/1000041746-1024x768.jpg 1024w, https:\/\/familie-weitgereist.de\/wp-content\/uploads\/2026\/02\/1000041746-300x225.jpg 300w, https:\/\/familie-weitgereist.de\/wp-content\/uploads\/2026\/02\/1000041746-768x576.jpg 768w, https:\/\/familie-weitgereist.de\/wp-content\/uploads\/2026\/02\/1000041746-1536x1152.jpg 1536w, https:\/\/familie-weitgereist.de\/wp-content\/uploads\/2026\/02\/1000041746-2048x1536.jpg 2048w, https:\/\/familie-weitgereist.de\/wp-content\/uploads\/2026\/02\/1000041746-1200x900.jpg 1200w, https:\/\/familie-weitgereist.de\/wp-content\/uploads\/2026\/02\/1000041746-1980x1485.jpg 1980w, https:\/\/familie-weitgereist.de\/wp-content\/uploads\/2026\/02\/1000041746-150x113.jpg 150w\" sizes=\"auto, (max-width: 1024px) 100vw, 1024px\" \/><\/figure>\n\n\n\n<p>Die Wanderung ist sehr gut machbar, auch f\u00fcr kleinere Kinder.<\/p>\n\n\n\n<p>Wir liefen den Rundweg um den Felsen herum und sind durch die H\u00f6hle gewandert. Die Ausblicke in die Tiefen des Barranco sind wirklich grandios.<\/p>\n\n\n\n<div id=\"wp-block-themeisle-blocks-slider-0b5c3435\" class=\"wp-block-themeisle-blocks-slider glide\" data-per-view=\"1\" data-gap=\"0\" data-peek=\"0\" data-autoplay=\"true\" data-height=\"400px\" data-hide-arrows=\"false\"><div class=\"glide__track\" data-glide-el=\"track\"><div class=\"glide__slides\"><div class=\"wp-block-themeisle-blocks-slider-item-wrapper glide__slide\" tabindex=\"0\"><figure><img decoding=\"async\" class=\"wp-block-themeisle-blocks-slider-item\" src=\"https:\/\/familie-weitgereist.de\/wp-content\/uploads\/2025\/11\/1000041842-scaled.jpg\" alt=\"\" title=\"\" data-id=\"25032\"\/><\/figure><\/div><div class=\"wp-block-themeisle-blocks-slider-item-wrapper glide__slide\" tabindex=\"0\"><figure><img decoding=\"async\" class=\"wp-block-themeisle-blocks-slider-item\" src=\"https:\/\/familie-weitgereist.de\/wp-content\/uploads\/2025\/11\/1000041859-scaled.jpg\" alt=\"\" title=\"\" data-id=\"25031\"\/><\/figure><\/div><\/div><div class=\"glide__bullets\" data-glide-el=\"controls[nav]\"><button class=\"glide__bullet\" data-glide-dir=\"=0\"><\/button><button class=\"glide__bullet\" data-glide-dir=\"=1\"><\/button><\/div><\/div><\/div>\n\n\n\n<p>Im Anschluss liefen wir zum <strong><a href=\"https:\/\/familie-weitgereist.de\/?p=24558\" data-type=\"link\" data-id=\"https:\/\/familie-weitgereist.de\/?p=24558\">Interpretationszentrum \u00fcber La Fortaleza<\/a><\/strong>. Dort erfuhren wir viel \u00fcber das Leben am Felsen der Altkanarier und \u00fcber arch\u00e4ologische Arbeiten im Gebiet.<\/p>\n\n\n\n<figure class=\"wp-block-image size-large\"><img loading=\"lazy\" decoding=\"async\" width=\"1024\" height=\"768\" src=\"https:\/\/familie-weitgereist.de\/wp-content\/uploads\/2026\/02\/1000041897-1024x768.jpg\" alt=\"\" class=\"wp-image-24989\" srcset=\"https:\/\/familie-weitgereist.de\/wp-content\/uploads\/2026\/02\/1000041897-1024x768.jpg 1024w, https:\/\/familie-weitgereist.de\/wp-content\/uploads\/2026\/02\/1000041897-300x225.jpg 300w, https:\/\/familie-weitgereist.de\/wp-content\/uploads\/2026\/02\/1000041897-768x576.jpg 768w, https:\/\/familie-weitgereist.de\/wp-content\/uploads\/2026\/02\/1000041897-1536x1152.jpg 1536w, https:\/\/familie-weitgereist.de\/wp-content\/uploads\/2026\/02\/1000041897-2048x1536.jpg 2048w, https:\/\/familie-weitgereist.de\/wp-content\/uploads\/2026\/02\/1000041897-1200x900.jpg 1200w, https:\/\/familie-weitgereist.de\/wp-content\/uploads\/2026\/02\/1000041897-1980x1485.jpg 1980w, https:\/\/familie-weitgereist.de\/wp-content\/uploads\/2026\/02\/1000041897-150x113.jpg 150w\" sizes=\"auto, (max-width: 1024px) 100vw, 1024px\" \/><\/figure>\n\n\n\n<p>Zu guter Letzt genossen wir einen <strong>Stadtbummel durch das Bergdorf Santa Luc\u00eda de Tirajana<\/strong>.<\/p>\n\n\n\n<figure class=\"wp-block-image size-large\"><img loading=\"lazy\" decoding=\"async\" width=\"768\" height=\"1024\" src=\"https:\/\/familie-weitgereist.de\/wp-content\/uploads\/2026\/02\/1000042320-768x1024.jpg\" alt=\"\" class=\"wp-image-24979\" srcset=\"https:\/\/familie-weitgereist.de\/wp-content\/uploads\/2026\/02\/1000042320-768x1024.jpg 768w, https:\/\/familie-weitgereist.de\/wp-content\/uploads\/2026\/02\/1000042320-225x300.jpg 225w, https:\/\/familie-weitgereist.de\/wp-content\/uploads\/2026\/02\/1000042320-1152x1536.jpg 1152w, https:\/\/familie-weitgereist.de\/wp-content\/uploads\/2026\/02\/1000042320-1536x2048.jpg 1536w, https:\/\/familie-weitgereist.de\/wp-content\/uploads\/2026\/02\/1000042320-1200x1600.jpg 1200w, https:\/\/familie-weitgereist.de\/wp-content\/uploads\/2026\/02\/1000042320-1980x2640.jpg 1980w, https:\/\/familie-weitgereist.de\/wp-content\/uploads\/2026\/02\/1000042320-640x853.jpg 640w, https:\/\/familie-weitgereist.de\/wp-content\/uploads\/2026\/02\/1000042320-150x200.jpg 150w, https:\/\/familie-weitgereist.de\/wp-content\/uploads\/2026\/02\/1000042320-scaled.jpg 1920w\" sizes=\"auto, (max-width: 768px) 100vw, 768px\" \/><\/figure>\n\n\n\n<h2 class=\"wp-block-heading\">Los Azulejos \/ Mirador de Veneguera<\/h2>\n\n\n\n<p>Die beeindruckenden Felsformationen von <strong>Los<\/strong> <strong>Azulejos<\/strong> sind schon von Weitem sichtbar, denn der Fels sticht in gr\u00fcn, rot und ocker T\u00f6nen hervor. Das Felsmassiv liegt direkt an der GC-200, die die Orte Mog\u00e1n und La Aldea de San Nicol\u00e1s verbindet.<\/p>\n\n\n\n<figure class=\"wp-block-image size-large\"><img loading=\"lazy\" decoding=\"async\" width=\"1024\" height=\"768\" src=\"https:\/\/familie-weitgereist.de\/wp-content\/uploads\/2025\/11\/1000047556-1024x768.jpg\" alt=\"\" class=\"wp-image-25310\" srcset=\"https:\/\/familie-weitgereist.de\/wp-content\/uploads\/2025\/11\/1000047556-1024x768.jpg 1024w, https:\/\/familie-weitgereist.de\/wp-content\/uploads\/2025\/11\/1000047556-300x225.jpg 300w, https:\/\/familie-weitgereist.de\/wp-content\/uploads\/2025\/11\/1000047556-768x576.jpg 768w, https:\/\/familie-weitgereist.de\/wp-content\/uploads\/2025\/11\/1000047556-1536x1152.jpg 1536w, https:\/\/familie-weitgereist.de\/wp-content\/uploads\/2025\/11\/1000047556-2048x1536.jpg 2048w, https:\/\/familie-weitgereist.de\/wp-content\/uploads\/2025\/11\/1000047556-1200x900.jpg 1200w, https:\/\/familie-weitgereist.de\/wp-content\/uploads\/2025\/11\/1000047556-1980x1485.jpg 1980w, https:\/\/familie-weitgereist.de\/wp-content\/uploads\/2025\/11\/1000047556-150x113.jpg 150w\" sizes=\"auto, (max-width: 1024px) 100vw, 1024px\" \/><\/figure>\n\n\n\n<p>Tipp: Ein fr\u00fches Kommen sichert einen Parkplatz, denn diese sind sehr rar, direkt an der Stra\u00dfe und gegen Mittag wird es hier sehr voll.<\/p>\n\n\n\n<figure class=\"wp-block-image size-large\"><img loading=\"lazy\" decoding=\"async\" width=\"768\" height=\"1024\" src=\"https:\/\/familie-weitgereist.de\/wp-content\/uploads\/2025\/11\/1000047544-768x1024.jpg\" alt=\"\" class=\"wp-image-25312\" srcset=\"https:\/\/familie-weitgereist.de\/wp-content\/uploads\/2025\/11\/1000047544-768x1024.jpg 768w, https:\/\/familie-weitgereist.de\/wp-content\/uploads\/2025\/11\/1000047544-225x300.jpg 225w, https:\/\/familie-weitgereist.de\/wp-content\/uploads\/2025\/11\/1000047544-1152x1536.jpg 1152w, https:\/\/familie-weitgereist.de\/wp-content\/uploads\/2025\/11\/1000047544-1536x2048.jpg 1536w, https:\/\/familie-weitgereist.de\/wp-content\/uploads\/2025\/11\/1000047544-1200x1600.jpg 1200w, https:\/\/familie-weitgereist.de\/wp-content\/uploads\/2025\/11\/1000047544-1980x2640.jpg 1980w, https:\/\/familie-weitgereist.de\/wp-content\/uploads\/2025\/11\/1000047544-640x853.jpg 640w, https:\/\/familie-weitgereist.de\/wp-content\/uploads\/2025\/11\/1000047544-150x200.jpg 150w, https:\/\/familie-weitgereist.de\/wp-content\/uploads\/2025\/11\/1000047544-scaled.jpg 1920w\" sizes=\"auto, (max-width: 768px) 100vw, 768px\" \/><\/figure>\n\n\n\n<p>Die farbenfrohen Felsen sind vor ca. 14 Millionen Jahren entstanden. Hei\u00dfe Gase und Fl\u00fcssigkeiten in Kombination mit vulkanischer Aktivit\u00e4t erzeugten die farbliche Vielfalt. Jahrmillionen lange Erosion durch Wind und Wasser hinterlie\u00dfen dieses Naturwunder von besonderem geologischen Wert.<\/p>\n\n\n\n<figure class=\"wp-block-image size-large\"><img loading=\"lazy\" decoding=\"async\" width=\"1024\" height=\"768\" src=\"https:\/\/familie-weitgereist.de\/wp-content\/uploads\/2025\/11\/1000047525-1024x768.jpg\" alt=\"\" class=\"wp-image-25313\" srcset=\"https:\/\/familie-weitgereist.de\/wp-content\/uploads\/2025\/11\/1000047525-1024x768.jpg 1024w, https:\/\/familie-weitgereist.de\/wp-content\/uploads\/2025\/11\/1000047525-300x225.jpg 300w, https:\/\/familie-weitgereist.de\/wp-content\/uploads\/2025\/11\/1000047525-768x576.jpg 768w, https:\/\/familie-weitgereist.de\/wp-content\/uploads\/2025\/11\/1000047525-1536x1152.jpg 1536w, https:\/\/familie-weitgereist.de\/wp-content\/uploads\/2025\/11\/1000047525-2048x1536.jpg 2048w, https:\/\/familie-weitgereist.de\/wp-content\/uploads\/2025\/11\/1000047525-1200x900.jpg 1200w, https:\/\/familie-weitgereist.de\/wp-content\/uploads\/2025\/11\/1000047525-1980x1485.jpg 1980w, https:\/\/familie-weitgereist.de\/wp-content\/uploads\/2025\/11\/1000047525-150x113.jpg 150w\" sizes=\"auto, (max-width: 1024px) 100vw, 1024px\" \/><\/figure>\n\n\n\n<p>Unsere Wanderung startete dann etwas weiter im S\u00fcden. Wir sind zum <strong>Aussichtspunkt<\/strong> <strong>Veneguera<\/strong> gefahren und haben dort ebenfalls geparkt.<\/p>\n\n\n\n<figure class=\"wp-block-image size-large\"><img loading=\"lazy\" decoding=\"async\" width=\"1024\" height=\"768\" src=\"https:\/\/familie-weitgereist.de\/wp-content\/uploads\/2025\/11\/1000047573-1024x768.jpg\" alt=\"\" class=\"wp-image-25314\" srcset=\"https:\/\/familie-weitgereist.de\/wp-content\/uploads\/2025\/11\/1000047573-1024x768.jpg 1024w, https:\/\/familie-weitgereist.de\/wp-content\/uploads\/2025\/11\/1000047573-300x225.jpg 300w, https:\/\/familie-weitgereist.de\/wp-content\/uploads\/2025\/11\/1000047573-768x576.jpg 768w, https:\/\/familie-weitgereist.de\/wp-content\/uploads\/2025\/11\/1000047573-1536x1152.jpg 1536w, https:\/\/familie-weitgereist.de\/wp-content\/uploads\/2025\/11\/1000047573-2048x1536.jpg 2048w, https:\/\/familie-weitgereist.de\/wp-content\/uploads\/2025\/11\/1000047573-1200x900.jpg 1200w, https:\/\/familie-weitgereist.de\/wp-content\/uploads\/2025\/11\/1000047573-1980x1485.jpg 1980w, https:\/\/familie-weitgereist.de\/wp-content\/uploads\/2025\/11\/1000047573-150x113.jpg 150w\" sizes=\"auto, (max-width: 1024px) 100vw, 1024px\" \/><\/figure>\n\n\n\n<p>Wir liefen vom Aussichtspunkt zum <strong>Cruz de Mog\u00e1n<\/strong>. Der Weg verlief meistens gerade aus.<\/p>\n\n\n\n<figure class=\"wp-block-image size-large\"><img loading=\"lazy\" decoding=\"async\" width=\"1024\" height=\"768\" src=\"https:\/\/familie-weitgereist.de\/wp-content\/uploads\/2025\/11\/1000047620-1024x768.jpg\" alt=\"\" class=\"wp-image-25317\" srcset=\"https:\/\/familie-weitgereist.de\/wp-content\/uploads\/2025\/11\/1000047620-1024x768.jpg 1024w, https:\/\/familie-weitgereist.de\/wp-content\/uploads\/2025\/11\/1000047620-300x225.jpg 300w, https:\/\/familie-weitgereist.de\/wp-content\/uploads\/2025\/11\/1000047620-768x576.jpg 768w, https:\/\/familie-weitgereist.de\/wp-content\/uploads\/2025\/11\/1000047620-1536x1152.jpg 1536w, https:\/\/familie-weitgereist.de\/wp-content\/uploads\/2025\/11\/1000047620-2048x1536.jpg 2048w, https:\/\/familie-weitgereist.de\/wp-content\/uploads\/2025\/11\/1000047620-1200x900.jpg 1200w, https:\/\/familie-weitgereist.de\/wp-content\/uploads\/2025\/11\/1000047620-1980x1485.jpg 1980w, https:\/\/familie-weitgereist.de\/wp-content\/uploads\/2025\/11\/1000047620-150x113.jpg 150w\" sizes=\"auto, (max-width: 1024px) 100vw, 1024px\" \/><\/figure>\n\n\n\n<p>Nach kurzer Zeit wurde der Weg schmaler und die Aussichten in die umliegenden Barrancos und bis nach Mog\u00e1n waren wundersch\u00f6n.<\/p>\n\n\n\n<figure class=\"wp-block-image size-large\"><img loading=\"lazy\" decoding=\"async\" width=\"1024\" height=\"768\" src=\"https:\/\/familie-weitgereist.de\/wp-content\/uploads\/2025\/11\/1000047623-1024x768.jpg\" alt=\"\" class=\"wp-image-25316\" srcset=\"https:\/\/familie-weitgereist.de\/wp-content\/uploads\/2025\/11\/1000047623-1024x768.jpg 1024w, https:\/\/familie-weitgereist.de\/wp-content\/uploads\/2025\/11\/1000047623-300x225.jpg 300w, https:\/\/familie-weitgereist.de\/wp-content\/uploads\/2025\/11\/1000047623-768x576.jpg 768w, https:\/\/familie-weitgereist.de\/wp-content\/uploads\/2025\/11\/1000047623-1536x1152.jpg 1536w, https:\/\/familie-weitgereist.de\/wp-content\/uploads\/2025\/11\/1000047623-2048x1536.jpg 2048w, https:\/\/familie-weitgereist.de\/wp-content\/uploads\/2025\/11\/1000047623-1200x900.jpg 1200w, https:\/\/familie-weitgereist.de\/wp-content\/uploads\/2025\/11\/1000047623-1980x1485.jpg 1980w, https:\/\/familie-weitgereist.de\/wp-content\/uploads\/2025\/11\/1000047623-150x113.jpg 150w\" sizes=\"auto, (max-width: 1024px) 100vw, 1024px\" \/><\/figure>\n\n\n\n<p>Auch mit Kindern ist diese kurze Strecke sehr gut machbar. Wir hatten Trage und Kraxe dabei. Eine Rast bietet sich am Kreuz an.<\/p>\n\n\n\n<figure class=\"wp-block-image size-large\"><img loading=\"lazy\" decoding=\"async\" width=\"1024\" height=\"768\" src=\"https:\/\/familie-weitgereist.de\/wp-content\/uploads\/2025\/11\/1000047618-1024x768.jpg\" alt=\"\" class=\"wp-image-25319\" srcset=\"https:\/\/familie-weitgereist.de\/wp-content\/uploads\/2025\/11\/1000047618-1024x768.jpg 1024w, https:\/\/familie-weitgereist.de\/wp-content\/uploads\/2025\/11\/1000047618-300x225.jpg 300w, https:\/\/familie-weitgereist.de\/wp-content\/uploads\/2025\/11\/1000047618-768x576.jpg 768w, https:\/\/familie-weitgereist.de\/wp-content\/uploads\/2025\/11\/1000047618-1536x1152.jpg 1536w, https:\/\/familie-weitgereist.de\/wp-content\/uploads\/2025\/11\/1000047618-2048x1536.jpg 2048w, https:\/\/familie-weitgereist.de\/wp-content\/uploads\/2025\/11\/1000047618-1200x900.jpg 1200w, https:\/\/familie-weitgereist.de\/wp-content\/uploads\/2025\/11\/1000047618-1980x1485.jpg 1980w, https:\/\/familie-weitgereist.de\/wp-content\/uploads\/2025\/11\/1000047618-150x113.jpg 150w\" sizes=\"auto, (max-width: 1024px) 100vw, 1024px\" \/><\/figure>\n\n\n\n<p>Auf dem selben Weg liefen wir zur\u00fcck zum Ausgangspunkt.<\/p>\n\n\n\n<figure class=\"wp-block-image size-large\"><img loading=\"lazy\" decoding=\"async\" width=\"1024\" height=\"768\" src=\"https:\/\/familie-weitgereist.de\/wp-content\/uploads\/2025\/11\/1000047639-1024x768.jpg\" alt=\"\" class=\"wp-image-25318\" srcset=\"https:\/\/familie-weitgereist.de\/wp-content\/uploads\/2025\/11\/1000047639-1024x768.jpg 1024w, https:\/\/familie-weitgereist.de\/wp-content\/uploads\/2025\/11\/1000047639-300x225.jpg 300w, https:\/\/familie-weitgereist.de\/wp-content\/uploads\/2025\/11\/1000047639-768x576.jpg 768w, https:\/\/familie-weitgereist.de\/wp-content\/uploads\/2025\/11\/1000047639-1536x1152.jpg 1536w, https:\/\/familie-weitgereist.de\/wp-content\/uploads\/2025\/11\/1000047639-2048x1536.jpg 2048w, https:\/\/familie-weitgereist.de\/wp-content\/uploads\/2025\/11\/1000047639-1200x900.jpg 1200w, https:\/\/familie-weitgereist.de\/wp-content\/uploads\/2025\/11\/1000047639-1980x1485.jpg 1980w, https:\/\/familie-weitgereist.de\/wp-content\/uploads\/2025\/11\/1000047639-150x113.jpg 150w\" sizes=\"auto, (max-width: 1024px) 100vw, 1024px\" \/><\/figure>\n\n\n\n<h2 class=\"wp-block-heading\" id=\"westen\">Wandern im Westen der Insel<\/h2>\n\n\n\n<p>Der Westen von Gran Canaria ist gepr\u00e4gt von einer schroffen Steilk\u00fcste und d\u00fcnn besiedelter Landschaft. Es gibt tiefe Schluchten und unber\u00fchrte, spektakul\u00e4re Natur. Der Naturpark Tamadaba ist ein Wanderparadies und besitzt den gr\u00f6\u00dften Kiefernwald Gran Canarias. Fernab vom Massentourismus findet man hier Stille und Ruhe. F\u00fcr Aktivurlauber in der Natur, ist diese Seite von Gran Canaria perfekt.<\/p>\n\n\n\n<h2 class=\"wp-block-heading\">Parque Natural Tamadaba<\/h2>\n\n\n\n<p>Der Parque Natural de Tamadaba beherbergt <strong>Gran Canarias gr\u00f6\u00dften Kiefernwald<\/strong>. Er liegt im Westen von Gran Canaria und wurde von der UNESCO 2005 zum Biosph\u00e4renreservat erkl\u00e4rt. Das Gebiet im S\u00fcdwesten von Gran Canaria umfasst eine Fl\u00e4che von 42% der Inselfl\u00e4che, jedoch leben nur 2,34% der Gesamtpopulation dort. Es gibt <strong>wundersch\u00f6ne<\/strong> <strong>Wanderwege in Tamadaba in den Kieferw\u00e4ldern<\/strong>. Der h\u00f6chste Punkt ist der Pico de la Bandera. Bei freier Sicht kann man wundersch\u00f6ne Ausblicke auf die kleinen Bergd\u00f6rfer und das Meer genie\u00dfen.<\/p>\n\n\n\n<div id=\"wp-block-themeisle-blocks-slider-5ac08be7\" class=\"wp-block-themeisle-blocks-slider glide\" data-per-view=\"1\" data-gap=\"0\" data-peek=\"0\" data-autoplay=\"true\" data-height=\"400px\" data-hide-arrows=\"false\"><div class=\"glide__track\" data-glide-el=\"track\"><div class=\"glide__slides\"><div class=\"wp-block-themeisle-blocks-slider-item-wrapper glide__slide\" tabindex=\"0\"><figure><img decoding=\"async\" class=\"wp-block-themeisle-blocks-slider-item\" src=\"https:\/\/familie-weitgereist.de\/wp-content\/uploads\/2024\/05\/IMG_20240501_143815-scaled.jpg\" alt=\"\" title=\"\" data-id=\"18053\"\/><figcaption>Blick auf den Teide, Teneriffa<\/figcaption><\/figure><\/div><div class=\"wp-block-themeisle-blocks-slider-item-wrapper glide__slide\" tabindex=\"0\"><figure><img decoding=\"async\" class=\"wp-block-themeisle-blocks-slider-item\" src=\"https:\/\/familie-weitgereist.de\/wp-content\/uploads\/2024\/05\/IMG_20240501_124029-scaled.jpg\" alt=\"\" title=\"\" data-id=\"18057\"\/><\/figure><\/div><div class=\"wp-block-themeisle-blocks-slider-item-wrapper glide__slide\" tabindex=\"0\"><figure><img decoding=\"async\" class=\"wp-block-themeisle-blocks-slider-item\" src=\"https:\/\/familie-weitgereist.de\/wp-content\/uploads\/2024\/05\/IMG_20240501_125515-scaled.jpg\" alt=\"\" title=\"\" data-id=\"18055\"\/><\/figure><\/div><\/div><div class=\"glide__bullets\" data-glide-el=\"controls[nav]\"><button class=\"glide__bullet\" data-glide-dir=\"=0\"><\/button><button class=\"glide__bullet\" data-glide-dir=\"=1\"><\/button><button class=\"glide__bullet\" data-glide-dir=\"=2\"><\/button><\/div><\/div><\/div>\n\n\n\n<p>Es gibt ebenfalls <strong>Picknickbereiche<\/strong>, wo die Kanarier besonders an Wochenenden gern ihre Zeit in der Natur verbringen und ein Barbecue veranstalten.<\/p>\n\n\n\n<figure class=\"wp-block-image size-large\"><img loading=\"lazy\" decoding=\"async\" width=\"1024\" height=\"768\" src=\"https:\/\/familie-weitgereist.de\/wp-content\/uploads\/2025\/11\/1000049737-1-1024x768.jpg\" alt=\"\" class=\"wp-image-25360\" srcset=\"https:\/\/familie-weitgereist.de\/wp-content\/uploads\/2025\/11\/1000049737-1-1024x768.jpg 1024w, https:\/\/familie-weitgereist.de\/wp-content\/uploads\/2025\/11\/1000049737-1-300x225.jpg 300w, https:\/\/familie-weitgereist.de\/wp-content\/uploads\/2025\/11\/1000049737-1-768x576.jpg 768w, https:\/\/familie-weitgereist.de\/wp-content\/uploads\/2025\/11\/1000049737-1-1536x1152.jpg 1536w, https:\/\/familie-weitgereist.de\/wp-content\/uploads\/2025\/11\/1000049737-1-2048x1536.jpg 2048w, https:\/\/familie-weitgereist.de\/wp-content\/uploads\/2025\/11\/1000049737-1-1200x900.jpg 1200w, https:\/\/familie-weitgereist.de\/wp-content\/uploads\/2025\/11\/1000049737-1-1980x1485.jpg 1980w, https:\/\/familie-weitgereist.de\/wp-content\/uploads\/2025\/11\/1000049737-1-150x113.jpg 150w\" sizes=\"auto, (max-width: 1024px) 100vw, 1024px\" \/><figcaption class=\"wp-element-caption\">\u00c1rea Recreative Tamadaba<\/figcaption><\/figure>\n\n\n\n<p>Wir haben zwei N\u00e4chte auf dem <strong>Naturcampingplatz<\/strong> <strong>Tamadaba<\/strong> verbracht. Die Aussicht vom Campingplatz ist grandios. Wir blickten bis nach Teneriffa und sahen den Teide.<\/p>\n\n\n\n<figure class=\"wp-block-image size-large\"><img loading=\"lazy\" decoding=\"async\" width=\"1024\" height=\"768\" src=\"https:\/\/familie-weitgereist.de\/wp-content\/uploads\/2025\/11\/1000049689-1024x768.jpg\" alt=\"\" class=\"wp-image-25362\" srcset=\"https:\/\/familie-weitgereist.de\/wp-content\/uploads\/2025\/11\/1000049689-1024x768.jpg 1024w, https:\/\/familie-weitgereist.de\/wp-content\/uploads\/2025\/11\/1000049689-300x225.jpg 300w, https:\/\/familie-weitgereist.de\/wp-content\/uploads\/2025\/11\/1000049689-768x576.jpg 768w, https:\/\/familie-weitgereist.de\/wp-content\/uploads\/2025\/11\/1000049689-1536x1152.jpg 1536w, https:\/\/familie-weitgereist.de\/wp-content\/uploads\/2025\/11\/1000049689-2048x1536.jpg 2048w, https:\/\/familie-weitgereist.de\/wp-content\/uploads\/2025\/11\/1000049689-1200x900.jpg 1200w, https:\/\/familie-weitgereist.de\/wp-content\/uploads\/2025\/11\/1000049689-1980x1485.jpg 1980w, https:\/\/familie-weitgereist.de\/wp-content\/uploads\/2025\/11\/1000049689-150x113.jpg 150w\" sizes=\"auto, (max-width: 1024px) 100vw, 1024px\" \/><\/figure>\n\n\n\n<div id=\"wp-block-themeisle-blocks-slider-6920fce2\" class=\"wp-block-themeisle-blocks-slider glide\" data-per-view=\"1\" data-gap=\"0\" data-peek=\"0\" data-autoplay=\"true\" data-height=\"400px\" data-hide-arrows=\"false\"><div class=\"glide__track\" data-glide-el=\"track\"><div class=\"glide__slides\"><div class=\"wp-block-themeisle-blocks-slider-item-wrapper glide__slide\" tabindex=\"0\"><figure><img decoding=\"async\" class=\"wp-block-themeisle-blocks-slider-item\" src=\"https:\/\/familie-weitgereist.de\/wp-content\/uploads\/2025\/11\/1000049678-scaled.jpg\" alt=\"\" title=\"\" data-id=\"25366\"\/><\/figure><\/div><div class=\"wp-block-themeisle-blocks-slider-item-wrapper glide__slide\" tabindex=\"0\"><figure><img decoding=\"async\" class=\"wp-block-themeisle-blocks-slider-item\" src=\"https:\/\/familie-weitgereist.de\/wp-content\/uploads\/2025\/11\/1000049720-scaled.jpg\" alt=\"\" title=\"\" data-id=\"25367\"\/><\/figure><\/div><\/div><div class=\"glide__bullets\" data-glide-el=\"controls[nav]\"><button class=\"glide__bullet\" data-glide-dir=\"=0\"><\/button><button class=\"glide__bullet\" data-glide-dir=\"=1\"><\/button><\/div><\/div><\/div>\n\n\n\n<p>Es gibt Toiletten und flie\u00dfendes Wasser am Campingplatz.<\/p>\n\n\n\n<p>Der Campingplatz liegt unweit eines <strong>Aussichtspunktes<\/strong>. Der <strong>Mirador<\/strong> <strong>Llanos de la Mimbre<\/strong> bietet herrliche Ausblicke \u00fcber Agaete bis nach G\u00e1ldar und die schroffen Klippen im Westen von Gran Canaria. Wir verbrachten einen herrlichen Nachmittag am Aussichtspunkt und in den W\u00e4ldern herum.<\/p>\n\n\n\n<figure class=\"wp-block-image size-large\"><img loading=\"lazy\" decoding=\"async\" width=\"1024\" height=\"768\" src=\"https:\/\/familie-weitgereist.de\/wp-content\/uploads\/2025\/11\/1000049638-1024x768.jpg\" alt=\"\" class=\"wp-image-25361\" srcset=\"https:\/\/familie-weitgereist.de\/wp-content\/uploads\/2025\/11\/1000049638-1024x768.jpg 1024w, https:\/\/familie-weitgereist.de\/wp-content\/uploads\/2025\/11\/1000049638-300x225.jpg 300w, https:\/\/familie-weitgereist.de\/wp-content\/uploads\/2025\/11\/1000049638-768x576.jpg 768w, https:\/\/familie-weitgereist.de\/wp-content\/uploads\/2025\/11\/1000049638-1536x1152.jpg 1536w, https:\/\/familie-weitgereist.de\/wp-content\/uploads\/2025\/11\/1000049638-2048x1536.jpg 2048w, https:\/\/familie-weitgereist.de\/wp-content\/uploads\/2025\/11\/1000049638-1200x900.jpg 1200w, https:\/\/familie-weitgereist.de\/wp-content\/uploads\/2025\/11\/1000049638-1980x1485.jpg 1980w, https:\/\/familie-weitgereist.de\/wp-content\/uploads\/2025\/11\/1000049638-150x113.jpg 150w\" sizes=\"auto, (max-width: 1024px) 100vw, 1024px\" \/><\/figure>\n\n\n\n<p>Vom Campingplatz kann man sehr viele Wanderungen unternehmen. Wir haben uns f\u00fcr zwei Wanderungen entschieden.<\/p>\n\n\n\n<p>Eine beliebte Wanderung f\u00fchrt zum <strong>Faneque<\/strong> <strong>Ausblick<\/strong>.<\/p>\n\n\n\n<figure class=\"wp-block-image size-large\"><img loading=\"lazy\" decoding=\"async\" width=\"1024\" height=\"768\" src=\"https:\/\/familie-weitgereist.de\/wp-content\/uploads\/2025\/11\/1000049448-1024x768.jpg\" alt=\"\" class=\"wp-image-25368\" srcset=\"https:\/\/familie-weitgereist.de\/wp-content\/uploads\/2025\/11\/1000049448-1024x768.jpg 1024w, https:\/\/familie-weitgereist.de\/wp-content\/uploads\/2025\/11\/1000049448-300x225.jpg 300w, https:\/\/familie-weitgereist.de\/wp-content\/uploads\/2025\/11\/1000049448-768x576.jpg 768w, https:\/\/familie-weitgereist.de\/wp-content\/uploads\/2025\/11\/1000049448-1536x1152.jpg 1536w, https:\/\/familie-weitgereist.de\/wp-content\/uploads\/2025\/11\/1000049448-2048x1536.jpg 2048w, https:\/\/familie-weitgereist.de\/wp-content\/uploads\/2025\/11\/1000049448-1200x900.jpg 1200w, https:\/\/familie-weitgereist.de\/wp-content\/uploads\/2025\/11\/1000049448-1980x1485.jpg 1980w, https:\/\/familie-weitgereist.de\/wp-content\/uploads\/2025\/11\/1000049448-150x113.jpg 150w\" sizes=\"auto, (max-width: 1024px) 100vw, 1024px\" \/><\/figure>\n\n\n\n<p>Die Wanderung f\u00fchrt durch den moosbewachsenen Kiefernwald. Das Wetter \u00e4ndert sich hier sehr oft, von wolkig, neblig und sonnig kann innerhalb weniger Minuten alles dabei sein. Der Wald wirkte teilweise sogar etwas mystisch.<\/p>\n\n\n\n<figure class=\"wp-block-image size-large\"><img loading=\"lazy\" decoding=\"async\" width=\"1024\" height=\"768\" src=\"https:\/\/familie-weitgereist.de\/wp-content\/uploads\/2025\/11\/1000049391-1024x768.jpg\" alt=\"\" class=\"wp-image-25370\" srcset=\"https:\/\/familie-weitgereist.de\/wp-content\/uploads\/2025\/11\/1000049391-1024x768.jpg 1024w, https:\/\/familie-weitgereist.de\/wp-content\/uploads\/2025\/11\/1000049391-300x225.jpg 300w, https:\/\/familie-weitgereist.de\/wp-content\/uploads\/2025\/11\/1000049391-768x576.jpg 768w, https:\/\/familie-weitgereist.de\/wp-content\/uploads\/2025\/11\/1000049391-1536x1152.jpg 1536w, https:\/\/familie-weitgereist.de\/wp-content\/uploads\/2025\/11\/1000049391-2048x1536.jpg 2048w, https:\/\/familie-weitgereist.de\/wp-content\/uploads\/2025\/11\/1000049391-1200x900.jpg 1200w, https:\/\/familie-weitgereist.de\/wp-content\/uploads\/2025\/11\/1000049391-1980x1485.jpg 1980w, https:\/\/familie-weitgereist.de\/wp-content\/uploads\/2025\/11\/1000049391-150x113.jpg 150w\" sizes=\"auto, (max-width: 1024px) 100vw, 1024px\" \/><\/figure>\n\n\n\n<p>Wir kamen vorbei an der <strong>Cueva de Zapatero<\/strong>.<\/p>\n\n\n\n<figure class=\"wp-block-image size-large\"><img loading=\"lazy\" decoding=\"async\" width=\"1024\" height=\"768\" src=\"https:\/\/familie-weitgereist.de\/wp-content\/uploads\/2025\/11\/1000049376-1024x768.jpg\" alt=\"\" class=\"wp-image-25369\" srcset=\"https:\/\/familie-weitgereist.de\/wp-content\/uploads\/2025\/11\/1000049376-1024x768.jpg 1024w, https:\/\/familie-weitgereist.de\/wp-content\/uploads\/2025\/11\/1000049376-300x225.jpg 300w, https:\/\/familie-weitgereist.de\/wp-content\/uploads\/2025\/11\/1000049376-768x576.jpg 768w, https:\/\/familie-weitgereist.de\/wp-content\/uploads\/2025\/11\/1000049376-1536x1152.jpg 1536w, https:\/\/familie-weitgereist.de\/wp-content\/uploads\/2025\/11\/1000049376-2048x1536.jpg 2048w, https:\/\/familie-weitgereist.de\/wp-content\/uploads\/2025\/11\/1000049376-1200x900.jpg 1200w, https:\/\/familie-weitgereist.de\/wp-content\/uploads\/2025\/11\/1000049376-1980x1485.jpg 1980w, https:\/\/familie-weitgereist.de\/wp-content\/uploads\/2025\/11\/1000049376-150x113.jpg 150w\" sizes=\"auto, (max-width: 1024px) 100vw, 1024px\" \/><\/figure>\n\n\n\n<p>Auf dem R\u00fcckweg liefen wir an Kletterfelsen entlang, auf einem schmalen Pfad den Berghang hinauf und hinab.<\/p>\n\n\n\n<figure class=\"wp-block-image size-large\"><img loading=\"lazy\" decoding=\"async\" width=\"1024\" height=\"768\" src=\"https:\/\/familie-weitgereist.de\/wp-content\/uploads\/2025\/11\/1000049526-1024x768.jpg\" alt=\"\" class=\"wp-image-25371\" srcset=\"https:\/\/familie-weitgereist.de\/wp-content\/uploads\/2025\/11\/1000049526-1024x768.jpg 1024w, https:\/\/familie-weitgereist.de\/wp-content\/uploads\/2025\/11\/1000049526-300x225.jpg 300w, https:\/\/familie-weitgereist.de\/wp-content\/uploads\/2025\/11\/1000049526-768x576.jpg 768w, https:\/\/familie-weitgereist.de\/wp-content\/uploads\/2025\/11\/1000049526-1536x1152.jpg 1536w, https:\/\/familie-weitgereist.de\/wp-content\/uploads\/2025\/11\/1000049526-2048x1536.jpg 2048w, https:\/\/familie-weitgereist.de\/wp-content\/uploads\/2025\/11\/1000049526-1200x900.jpg 1200w, https:\/\/familie-weitgereist.de\/wp-content\/uploads\/2025\/11\/1000049526-1980x1485.jpg 1980w, https:\/\/familie-weitgereist.de\/wp-content\/uploads\/2025\/11\/1000049526-150x113.jpg 150w\" sizes=\"auto, (max-width: 1024px) 100vw, 1024px\" \/><\/figure>\n\n\n\n<p>Eine weitere lohnenswerte Wanderung f\u00fchrt vorbei an der \u00c1rea Recreativa, zur <strong>Degollada<\/strong> <strong>del Humo<\/strong> auf 1309m und der <strong>Degollada<\/strong> <strong>Chiquerotos<\/strong> auf 1321m. Auch hier f\u00fchrt der Weg durch den Kiefernwald. Unterwegs ergeben sich immer wieder sch\u00f6ne Ausblicke hinab in das Tal.<\/p>\n\n\n\n<figure class=\"wp-block-image size-large\"><img loading=\"lazy\" decoding=\"async\" width=\"1024\" height=\"768\" src=\"https:\/\/familie-weitgereist.de\/wp-content\/uploads\/2025\/11\/1000049760-1024x768.jpg\" alt=\"\" class=\"wp-image-25372\" srcset=\"https:\/\/familie-weitgereist.de\/wp-content\/uploads\/2025\/11\/1000049760-1024x768.jpg 1024w, https:\/\/familie-weitgereist.de\/wp-content\/uploads\/2025\/11\/1000049760-300x225.jpg 300w, https:\/\/familie-weitgereist.de\/wp-content\/uploads\/2025\/11\/1000049760-768x576.jpg 768w, https:\/\/familie-weitgereist.de\/wp-content\/uploads\/2025\/11\/1000049760-1536x1152.jpg 1536w, https:\/\/familie-weitgereist.de\/wp-content\/uploads\/2025\/11\/1000049760-2048x1536.jpg 2048w, https:\/\/familie-weitgereist.de\/wp-content\/uploads\/2025\/11\/1000049760-1200x900.jpg 1200w, https:\/\/familie-weitgereist.de\/wp-content\/uploads\/2025\/11\/1000049760-1980x1485.jpg 1980w, https:\/\/familie-weitgereist.de\/wp-content\/uploads\/2025\/11\/1000049760-150x113.jpg 150w\" sizes=\"auto, (max-width: 1024px) 100vw, 1024px\" \/><\/figure>\n\n\n\n<p>Die vielf\u00e4ltigen Wanderungen im Naturpark Tamadaba eignen sich perfekt f\u00fcr Familien mit Kindern, denn es gibt sowohl ausgiebige, lange und anstrengende Wanderungen, als auch k\u00fcrzere, dennoch aussichtsreiche Wanderungen.<\/p>\n\n\n\n<h2 class=\"wp-block-heading\" id=\"zentrum\">Wandern im Zentrum der Insel<\/h2>\n\n\n\n<p>Das Inselinnere von Gran Canaria zeichnet sich durch eine bergige Landschaft aus. Durch die verschiedenen Klimazonen gibt es im n\u00f6rdlicheren Inselzentrum einen subtropischen Wald. Zudem ist die Landschaft gepr\u00e4gt von kanarischen Kieferb\u00e4umen.<\/p>\n\n\n\n<p>Der h\u00f6chste Berg der Insel ist der <strong><a href=\"https:\/\/familie-weitgereist.de\/?p=17996\" data-type=\"link\" data-id=\"https:\/\/familie-weitgereist.de\/?p=17996\">Pico de las Nieves<\/a><\/strong> mit einer H\u00f6he von 1949m. Das Zentrum ist von einem vulkanischen Bergland mit tiefen Schluchten und schroffen Berggipfeln gepr\u00e4gt.<\/p>\n\n\n\n<p>Es gibt viele <strong><a href=\"https:\/\/familie-weitgereist.de\/?p=17996\" data-type=\"link\" data-id=\"https:\/\/familie-weitgereist.de\/?p=17996\">traditionelle D\u00f6rfer wie Teror oder Tejeda und H\u00f6hlen<\/a><\/strong>, die von den Ureinwohnern der Insel bewohnt wurden.<\/p>\n\n\n\n<h2 class=\"wp-block-heading\">Barranco del \u00c1lamo<\/h2>\n\n\n\n<p>Der Barranco del \u00c1lama (Pappelschlucht) befindet sich ganz in der N\u00e4he von <a href=\"https:\/\/familie-weitgereist.de\/?p=17996\" data-type=\"link\" data-id=\"https:\/\/familie-weitgereist.de\/?p=17996\"><strong>Teror<\/strong><\/a>. Wir haben unser Auto in dem kleinen Ort \u00c1lamo geparkt und sind eine 4 km Rundwanderung gelaufen. Zu Beginn hatten wir einen sch\u00f6nen Ausblick auf Teror.<\/p>\n\n\n\n<figure class=\"wp-block-image size-large\"><img loading=\"lazy\" decoding=\"async\" width=\"1024\" height=\"768\" src=\"https:\/\/familie-weitgereist.de\/wp-content\/uploads\/2025\/11\/1000023999-1024x768.jpg\" alt=\"\" class=\"wp-image-23979\" srcset=\"https:\/\/familie-weitgereist.de\/wp-content\/uploads\/2025\/11\/1000023999-1024x768.jpg 1024w, https:\/\/familie-weitgereist.de\/wp-content\/uploads\/2025\/11\/1000023999-300x225.jpg 300w, https:\/\/familie-weitgereist.de\/wp-content\/uploads\/2025\/11\/1000023999-768x576.jpg 768w, https:\/\/familie-weitgereist.de\/wp-content\/uploads\/2025\/11\/1000023999-1536x1152.jpg 1536w, https:\/\/familie-weitgereist.de\/wp-content\/uploads\/2025\/11\/1000023999-2048x1536.jpg 2048w, https:\/\/familie-weitgereist.de\/wp-content\/uploads\/2025\/11\/1000023999-1200x900.jpg 1200w, https:\/\/familie-weitgereist.de\/wp-content\/uploads\/2025\/11\/1000023999-1980x1485.jpg 1980w, https:\/\/familie-weitgereist.de\/wp-content\/uploads\/2025\/11\/1000023999-150x113.jpg 150w\" sizes=\"auto, (max-width: 1024px) 100vw, 1024px\" \/><\/figure>\n\n\n\n<p>Wir liefen durch die vielf\u00e4ltige Landschaft, die es in den Barrancos auf Gran Canaria gibt. Die Pfade sind sehr spannend und vielseitig. Wir liefen durch Bambushainen, vorbei an riesigen Pappeln, Kakteen mit Kaktus- und Drachenfr\u00fcchten.<\/p>\n\n\n\n<figure class=\"wp-block-image size-large\"><img loading=\"lazy\" decoding=\"async\" width=\"1024\" height=\"768\" src=\"https:\/\/familie-weitgereist.de\/wp-content\/uploads\/2025\/11\/1000024036-1024x768.jpg\" alt=\"\" class=\"wp-image-23977\" srcset=\"https:\/\/familie-weitgereist.de\/wp-content\/uploads\/2025\/11\/1000024036-1024x768.jpg 1024w, https:\/\/familie-weitgereist.de\/wp-content\/uploads\/2025\/11\/1000024036-300x225.jpg 300w, https:\/\/familie-weitgereist.de\/wp-content\/uploads\/2025\/11\/1000024036-768x576.jpg 768w, https:\/\/familie-weitgereist.de\/wp-content\/uploads\/2025\/11\/1000024036-1536x1152.jpg 1536w, https:\/\/familie-weitgereist.de\/wp-content\/uploads\/2025\/11\/1000024036-2048x1536.jpg 2048w, https:\/\/familie-weitgereist.de\/wp-content\/uploads\/2025\/11\/1000024036-1200x900.jpg 1200w, https:\/\/familie-weitgereist.de\/wp-content\/uploads\/2025\/11\/1000024036-1980x1485.jpg 1980w, https:\/\/familie-weitgereist.de\/wp-content\/uploads\/2025\/11\/1000024036-150x113.jpg 150w\" sizes=\"auto, (max-width: 1024px) 100vw, 1024px\" \/><\/figure>\n\n\n\n<p>Wir liefen an Bergh\u00f6hlen entlang, wo sogar Menschen leben.<\/p>\n\n\n\n<figure class=\"wp-block-image size-large\"><img loading=\"lazy\" decoding=\"async\" width=\"1024\" height=\"768\" src=\"https:\/\/familie-weitgereist.de\/wp-content\/uploads\/2025\/11\/1000024004-1024x768.jpg\" alt=\"\" class=\"wp-image-23976\" srcset=\"https:\/\/familie-weitgereist.de\/wp-content\/uploads\/2025\/11\/1000024004-1024x768.jpg 1024w, https:\/\/familie-weitgereist.de\/wp-content\/uploads\/2025\/11\/1000024004-300x225.jpg 300w, https:\/\/familie-weitgereist.de\/wp-content\/uploads\/2025\/11\/1000024004-768x576.jpg 768w, https:\/\/familie-weitgereist.de\/wp-content\/uploads\/2025\/11\/1000024004-1536x1152.jpg 1536w, https:\/\/familie-weitgereist.de\/wp-content\/uploads\/2025\/11\/1000024004-2048x1536.jpg 2048w, https:\/\/familie-weitgereist.de\/wp-content\/uploads\/2025\/11\/1000024004-1200x900.jpg 1200w, https:\/\/familie-weitgereist.de\/wp-content\/uploads\/2025\/11\/1000024004-1980x1485.jpg 1980w, https:\/\/familie-weitgereist.de\/wp-content\/uploads\/2025\/11\/1000024004-150x113.jpg 150w\" sizes=\"auto, (max-width: 1024px) 100vw, 1024px\" \/><\/figure>\n\n\n\n<p>Die Schluchtwanderung macht Spa\u00df und die Highlights sind die zwei Leitern, die uns etwas an unsere Wanderungen in der <a href=\"https:\/\/familie-weitgereist.de\/?p=5305\" data-type=\"link\" data-id=\"https:\/\/familie-weitgereist.de\/?p=5305\"><strong>s\u00e4chsischen<\/strong> <strong>Schweiz<\/strong><\/a> erinnerten.<\/p>\n\n\n\n<figure class=\"wp-block-image size-large\"><img loading=\"lazy\" decoding=\"async\" width=\"1024\" height=\"768\" src=\"https:\/\/familie-weitgereist.de\/wp-content\/uploads\/2025\/11\/1000024083-1024x768.jpg\" alt=\"\" class=\"wp-image-23980\" srcset=\"https:\/\/familie-weitgereist.de\/wp-content\/uploads\/2025\/11\/1000024083-1024x768.jpg 1024w, https:\/\/familie-weitgereist.de\/wp-content\/uploads\/2025\/11\/1000024083-300x225.jpg 300w, https:\/\/familie-weitgereist.de\/wp-content\/uploads\/2025\/11\/1000024083-768x576.jpg 768w, https:\/\/familie-weitgereist.de\/wp-content\/uploads\/2025\/11\/1000024083-1536x1152.jpg 1536w, https:\/\/familie-weitgereist.de\/wp-content\/uploads\/2025\/11\/1000024083-2048x1536.jpg 2048w, https:\/\/familie-weitgereist.de\/wp-content\/uploads\/2025\/11\/1000024083-1200x900.jpg 1200w, https:\/\/familie-weitgereist.de\/wp-content\/uploads\/2025\/11\/1000024083-1980x1485.jpg 1980w, https:\/\/familie-weitgereist.de\/wp-content\/uploads\/2025\/11\/1000024083-150x113.jpg 150w\" sizes=\"auto, (max-width: 1024px) 100vw, 1024px\" \/><\/figure>\n\n\n\n<h2 class=\"wp-block-heading\">Barranco de los Cern\u00edcalos<\/h2>\n\n\n\n<p>Der Barranco des los Cern\u00edcalos (Schlucht der Turmfalken) ist bei Einheimischen wie Touristen sehr beliebt.<\/p>\n\n\n\n<p>Hier flie\u00dft das ganze Jahr \u00fcber Bergwasser, es gibt mehrere Wasserf\u00e4lle und besonders toll f\u00fcr Kinder viele Flu\u00dfl\u00e4ufe und eine Levada (Wasserkanal).<\/p>\n\n\n\n<div id=\"wp-block-themeisle-blocks-slider-2168b2fd\" class=\"wp-block-themeisle-blocks-slider glide\" data-per-view=\"1\" data-gap=\"0\" data-peek=\"0\" data-autoplay=\"true\" data-height=\"400px\" data-hide-arrows=\"false\"><div class=\"glide__track\" data-glide-el=\"track\"><div class=\"glide__slides\"><div class=\"wp-block-themeisle-blocks-slider-item-wrapper glide__slide\" tabindex=\"0\"><figure><img decoding=\"async\" class=\"wp-block-themeisle-blocks-slider-item\" src=\"https:\/\/familie-weitgereist.de\/wp-content\/uploads\/2025\/11\/1000023296-scaled.jpg\" alt=\"\" title=\"\" data-id=\"23841\"\/><\/figure><\/div><div class=\"wp-block-themeisle-blocks-slider-item-wrapper glide__slide\" tabindex=\"0\"><figure><img decoding=\"async\" class=\"wp-block-themeisle-blocks-slider-item\" src=\"https:\/\/familie-weitgereist.de\/wp-content\/uploads\/2025\/11\/1000023251-scaled.jpg\" alt=\"\" title=\"\" data-id=\"23842\"\/><\/figure><\/div><div class=\"wp-block-themeisle-blocks-slider-item-wrapper glide__slide\" tabindex=\"0\"><figure><img decoding=\"async\" class=\"wp-block-themeisle-blocks-slider-item\" src=\"https:\/\/familie-weitgereist.de\/wp-content\/uploads\/2025\/11\/1000023287-scaled.jpg\" alt=\"\" title=\"\" data-id=\"23840\"\/><\/figure><\/div><\/div><div class=\"glide__bullets\" data-glide-el=\"controls[nav]\"><button class=\"glide__bullet\" data-glide-dir=\"=0\"><\/button><button class=\"glide__bullet\" data-glide-dir=\"=1\"><\/button><button class=\"glide__bullet\" data-glide-dir=\"=2\"><\/button><\/div><\/div><\/div>\n\n\n\n<p>Wir haben eine 8 km lange Wanderung unternommen durch zwei Barrancos. Wir sind im <strong>Barranco de la Bre\u00f1a<\/strong> gestartet. Dieser f\u00fchrte uns auf abenteuerlichen Wegen, \u00fcber Steine und Wurzeln, vorbei an riesigen Aloe Veras, hinab zum kleinen <strong>Dorf Los Arenales<\/strong>. Dort gibt es auch Parkm\u00f6glichkeiten um in die Schlucht zu wandern bis zum gro\u00dfen Wasserfall und auf gleichem Weg wieder zur\u00fcck.<\/p>\n\n\n\n<figure class=\"wp-block-image size-large\"><img loading=\"lazy\" decoding=\"async\" width=\"1024\" height=\"768\" src=\"https:\/\/familie-weitgereist.de\/wp-content\/uploads\/2025\/11\/1000023329-1024x768.jpg\" alt=\"\" class=\"wp-image-23849\" srcset=\"https:\/\/familie-weitgereist.de\/wp-content\/uploads\/2025\/11\/1000023329-1024x768.jpg 1024w, https:\/\/familie-weitgereist.de\/wp-content\/uploads\/2025\/11\/1000023329-300x225.jpg 300w, https:\/\/familie-weitgereist.de\/wp-content\/uploads\/2025\/11\/1000023329-768x576.jpg 768w, https:\/\/familie-weitgereist.de\/wp-content\/uploads\/2025\/11\/1000023329-1536x1152.jpg 1536w, https:\/\/familie-weitgereist.de\/wp-content\/uploads\/2025\/11\/1000023329-2048x1536.jpg 2048w, https:\/\/familie-weitgereist.de\/wp-content\/uploads\/2025\/11\/1000023329-1200x900.jpg 1200w, https:\/\/familie-weitgereist.de\/wp-content\/uploads\/2025\/11\/1000023329-1980x1485.jpg 1980w, https:\/\/familie-weitgereist.de\/wp-content\/uploads\/2025\/11\/1000023329-150x113.jpg 150w\" sizes=\"auto, (max-width: 1024px) 100vw, 1024px\" \/><\/figure>\n\n\n\n<p>Die Wanderung durch die Schlucht ist abenteuerlich, macht unwahrscheinlich viel Spa\u00df und die Flora und Fauna ist sehr gr\u00fcn. Wir liefen durch zum Teil niedrige Bambustunnel, wo es richtig dunkel war. Das <strong>Wasserpl\u00e4tschern<\/strong> ist immer zu h\u00f6ren. Es ist ein <strong>Naturparadies<\/strong>!<\/p>\n\n\n\n<figure class=\"wp-block-image size-large\"><img loading=\"lazy\" decoding=\"async\" width=\"1024\" height=\"768\" src=\"https:\/\/familie-weitgereist.de\/wp-content\/uploads\/2025\/11\/1000023424-1024x768.jpg\" alt=\"\" class=\"wp-image-23851\" srcset=\"https:\/\/familie-weitgereist.de\/wp-content\/uploads\/2025\/11\/1000023424-1024x768.jpg 1024w, https:\/\/familie-weitgereist.de\/wp-content\/uploads\/2025\/11\/1000023424-300x225.jpg 300w, https:\/\/familie-weitgereist.de\/wp-content\/uploads\/2025\/11\/1000023424-768x576.jpg 768w, https:\/\/familie-weitgereist.de\/wp-content\/uploads\/2025\/11\/1000023424-1536x1152.jpg 1536w, https:\/\/familie-weitgereist.de\/wp-content\/uploads\/2025\/11\/1000023424-2048x1536.jpg 2048w, https:\/\/familie-weitgereist.de\/wp-content\/uploads\/2025\/11\/1000023424-1200x900.jpg 1200w, https:\/\/familie-weitgereist.de\/wp-content\/uploads\/2025\/11\/1000023424-1980x1485.jpg 1980w, https:\/\/familie-weitgereist.de\/wp-content\/uploads\/2025\/11\/1000023424-150x113.jpg 150w\" sizes=\"auto, (max-width: 1024px) 100vw, 1024px\" \/><\/figure>\n\n\n\n<p>Besonders an hei\u00dfen Tagen, tut eine Erfrischung in der Schlucht sehr gut. Die hohen B\u00e4ume spenden sehr viel Schatten.<\/p>\n\n\n\n<h2 class=\"wp-block-heading\">Los Moriscos<\/h2>\n\n\n\n<p>Die Berge von Moriscos befinden sich \u00f6stlich von <strong>Artenara<\/strong>. Unsere Wanderung begann auf einer H\u00f6he von 1670 m. Wir starteten auf einem breiten Wanderweg hinauf und wurden von einer gro\u00dfen Schafherde begr\u00fc\u00dft, die gerade hinab getrieben wurde.<\/p>\n\n\n\n<figure class=\"wp-block-image size-large\"><img loading=\"lazy\" decoding=\"async\" width=\"1024\" height=\"768\" src=\"https:\/\/familie-weitgereist.de\/wp-content\/uploads\/2025\/11\/1000027503-1024x768.jpg\" alt=\"\" class=\"wp-image-24119\" srcset=\"https:\/\/familie-weitgereist.de\/wp-content\/uploads\/2025\/11\/1000027503-1024x768.jpg 1024w, https:\/\/familie-weitgereist.de\/wp-content\/uploads\/2025\/11\/1000027503-300x225.jpg 300w, https:\/\/familie-weitgereist.de\/wp-content\/uploads\/2025\/11\/1000027503-768x576.jpg 768w, https:\/\/familie-weitgereist.de\/wp-content\/uploads\/2025\/11\/1000027503-1536x1152.jpg 1536w, https:\/\/familie-weitgereist.de\/wp-content\/uploads\/2025\/11\/1000027503-2048x1536.jpg 2048w, https:\/\/familie-weitgereist.de\/wp-content\/uploads\/2025\/11\/1000027503-1200x900.jpg 1200w, https:\/\/familie-weitgereist.de\/wp-content\/uploads\/2025\/11\/1000027503-1980x1485.jpg 1980w, https:\/\/familie-weitgereist.de\/wp-content\/uploads\/2025\/11\/1000027503-150x113.jpg 150w\" sizes=\"auto, (max-width: 1024px) 100vw, 1024px\" \/><\/figure>\n\n\n\n<p>Nach einem kurzen und allm\u00e4hlichen Aufstieg wurde es abenteuerlicher. Der Weg verschm\u00e4lerte sich. Ein Hinweisschild weist auf Steinschlaggefahr hin. Durch einen mystischen Herbstwald ging es hinauf. Die Sicht war durch den starken Nebel zu Beginn sehr begrenzt.<\/p>\n\n\n\n<figure class=\"wp-block-image size-large\"><img loading=\"lazy\" decoding=\"async\" width=\"1024\" height=\"768\" src=\"https:\/\/familie-weitgereist.de\/wp-content\/uploads\/2025\/11\/1000027529-1024x768.jpg\" alt=\"\" class=\"wp-image-24120\" srcset=\"https:\/\/familie-weitgereist.de\/wp-content\/uploads\/2025\/11\/1000027529-1024x768.jpg 1024w, https:\/\/familie-weitgereist.de\/wp-content\/uploads\/2025\/11\/1000027529-300x225.jpg 300w, https:\/\/familie-weitgereist.de\/wp-content\/uploads\/2025\/11\/1000027529-768x576.jpg 768w, https:\/\/familie-weitgereist.de\/wp-content\/uploads\/2025\/11\/1000027529-1536x1152.jpg 1536w, https:\/\/familie-weitgereist.de\/wp-content\/uploads\/2025\/11\/1000027529-2048x1536.jpg 2048w, https:\/\/familie-weitgereist.de\/wp-content\/uploads\/2025\/11\/1000027529-1200x900.jpg 1200w, https:\/\/familie-weitgereist.de\/wp-content\/uploads\/2025\/11\/1000027529-1980x1485.jpg 1980w, https:\/\/familie-weitgereist.de\/wp-content\/uploads\/2025\/11\/1000027529-150x113.jpg 150w\" sizes=\"auto, (max-width: 1024px) 100vw, 1024px\" \/><\/figure>\n\n\n\n<p>Der Wind lie\u00df die Wolken schnell vorbei ziehen und wir hatten kurze Zeit sp\u00e4ter eine traumhafte Aussicht in den Talkessel von Tejeda und den gleichnamigen Ort. Der Roque Nublo, das Wahrzeichen von Gran Canaria, war in der Ferne zu sehen.<\/p>\n\n\n\n<figure class=\"wp-block-image size-large\"><img loading=\"lazy\" decoding=\"async\" width=\"1024\" height=\"768\" src=\"https:\/\/familie-weitgereist.de\/wp-content\/uploads\/2025\/11\/1000027559-1024x768.jpg\" alt=\"\" class=\"wp-image-24124\" srcset=\"https:\/\/familie-weitgereist.de\/wp-content\/uploads\/2025\/11\/1000027559-1024x768.jpg 1024w, https:\/\/familie-weitgereist.de\/wp-content\/uploads\/2025\/11\/1000027559-300x225.jpg 300w, https:\/\/familie-weitgereist.de\/wp-content\/uploads\/2025\/11\/1000027559-768x576.jpg 768w, https:\/\/familie-weitgereist.de\/wp-content\/uploads\/2025\/11\/1000027559-1536x1152.jpg 1536w, https:\/\/familie-weitgereist.de\/wp-content\/uploads\/2025\/11\/1000027559-2048x1536.jpg 2048w, https:\/\/familie-weitgereist.de\/wp-content\/uploads\/2025\/11\/1000027559-1200x900.jpg 1200w, https:\/\/familie-weitgereist.de\/wp-content\/uploads\/2025\/11\/1000027559-1980x1485.jpg 1980w, https:\/\/familie-weitgereist.de\/wp-content\/uploads\/2025\/11\/1000027559-150x113.jpg 150w\" sizes=\"auto, (max-width: 1024px) 100vw, 1024px\" \/><\/figure>\n\n\n\n<p>Der schmale Pfad f\u00fchrte uns weiter hinab zu den H\u00f6hlen <strong>Cuevas de Caballero<\/strong>.<\/p>\n\n\n\n<figure class=\"wp-block-image size-large\"><img loading=\"lazy\" decoding=\"async\" width=\"1024\" height=\"768\" src=\"https:\/\/familie-weitgereist.de\/wp-content\/uploads\/2025\/11\/1000027578-1024x768.jpg\" alt=\"\" class=\"wp-image-24129\" srcset=\"https:\/\/familie-weitgereist.de\/wp-content\/uploads\/2025\/11\/1000027578-1024x768.jpg 1024w, https:\/\/familie-weitgereist.de\/wp-content\/uploads\/2025\/11\/1000027578-300x225.jpg 300w, https:\/\/familie-weitgereist.de\/wp-content\/uploads\/2025\/11\/1000027578-768x576.jpg 768w, https:\/\/familie-weitgereist.de\/wp-content\/uploads\/2025\/11\/1000027578-1536x1152.jpg 1536w, https:\/\/familie-weitgereist.de\/wp-content\/uploads\/2025\/11\/1000027578-2048x1536.jpg 2048w, https:\/\/familie-weitgereist.de\/wp-content\/uploads\/2025\/11\/1000027578-1200x900.jpg 1200w, https:\/\/familie-weitgereist.de\/wp-content\/uploads\/2025\/11\/1000027578-1980x1485.jpg 1980w, https:\/\/familie-weitgereist.de\/wp-content\/uploads\/2025\/11\/1000027578-150x113.jpg 150w\" sizes=\"auto, (max-width: 1024px) 100vw, 1024px\" \/><\/figure>\n\n\n\n<p>Dabei handelt es sich um sieben H\u00f6hlen, die sich im <strong>Felsmassiv<\/strong> <strong>Risco Chap\u00edn<\/strong> befinden. Sechs dieser H\u00f6hlen wurden von den Altkanariern in den Fels gehauen, die gr\u00f6\u00dfte ist eine nat\u00fcrlich entstandene H\u00f6hle. Die Felsenh\u00f6hlen \u00e4hneln den Wohnh\u00f6hlen der Altkanarier. Jedoch wurden hier Symbole an den W\u00e4nden gefunden, die nahelegen, dass es eine Kultst\u00e4tte gewesen ist.<\/p>\n\n\n\n<figure class=\"wp-block-image size-large\"><img loading=\"lazy\" decoding=\"async\" width=\"1024\" height=\"768\" src=\"https:\/\/familie-weitgereist.de\/wp-content\/uploads\/2025\/11\/1000027632-1024x768.jpg\" alt=\"\" class=\"wp-image-24130\" srcset=\"https:\/\/familie-weitgereist.de\/wp-content\/uploads\/2025\/11\/1000027632-1024x768.jpg 1024w, https:\/\/familie-weitgereist.de\/wp-content\/uploads\/2025\/11\/1000027632-300x225.jpg 300w, https:\/\/familie-weitgereist.de\/wp-content\/uploads\/2025\/11\/1000027632-768x576.jpg 768w, https:\/\/familie-weitgereist.de\/wp-content\/uploads\/2025\/11\/1000027632-1536x1152.jpg 1536w, https:\/\/familie-weitgereist.de\/wp-content\/uploads\/2025\/11\/1000027632-2048x1536.jpg 2048w, https:\/\/familie-weitgereist.de\/wp-content\/uploads\/2025\/11\/1000027632-1200x900.jpg 1200w, https:\/\/familie-weitgereist.de\/wp-content\/uploads\/2025\/11\/1000027632-1980x1485.jpg 1980w, https:\/\/familie-weitgereist.de\/wp-content\/uploads\/2025\/11\/1000027632-150x113.jpg 150w\" sizes=\"auto, (max-width: 1024px) 100vw, 1024px\" \/><\/figure>\n\n\n\n<p>Anschlie\u00dfend begann ein weiterer Aufstieg zum <strong>Cruz de los Moriscos <\/strong>auf 1697 m und von dort sind wir hinab zum Ausgangspunkt gelaufen.<\/p>\n\n\n\n<p>Unsere Tour war 4,46 km lang, sehr eindrucksreich und perfekt um mit Kindern zu wandern.<\/p>\n\n\n\n<figure class=\"wp-block-image size-large\"><img loading=\"lazy\" decoding=\"async\" width=\"1024\" height=\"768\" src=\"https:\/\/familie-weitgereist.de\/wp-content\/uploads\/2025\/11\/1000027617-1024x768.jpg\" alt=\"\" class=\"wp-image-24123\" srcset=\"https:\/\/familie-weitgereist.de\/wp-content\/uploads\/2025\/11\/1000027617-1024x768.jpg 1024w, https:\/\/familie-weitgereist.de\/wp-content\/uploads\/2025\/11\/1000027617-300x225.jpg 300w, https:\/\/familie-weitgereist.de\/wp-content\/uploads\/2025\/11\/1000027617-768x576.jpg 768w, https:\/\/familie-weitgereist.de\/wp-content\/uploads\/2025\/11\/1000027617-1536x1152.jpg 1536w, https:\/\/familie-weitgereist.de\/wp-content\/uploads\/2025\/11\/1000027617-2048x1536.jpg 2048w, https:\/\/familie-weitgereist.de\/wp-content\/uploads\/2025\/11\/1000027617-1200x900.jpg 1200w, https:\/\/familie-weitgereist.de\/wp-content\/uploads\/2025\/11\/1000027617-1980x1485.jpg 1980w, https:\/\/familie-weitgereist.de\/wp-content\/uploads\/2025\/11\/1000027617-150x113.jpg 150w\" sizes=\"auto, (max-width: 1024px) 100vw, 1024px\" \/><\/figure>\n\n\n\n<h2 class=\"wp-block-heading\">Pico de la Gorra<\/h2>\n\n\n\n<p>Wir erwanderten die Region um den&nbsp;<strong>Pico de la Gorra<\/strong>, ein wundersch\u00f6nes Gebiet auf Gran Canaria. Dies liegt ganz in der N\u00e4he des h\u00f6chsten Gipfels von Gran Canaria, dem Pico de las Nieves. Wir folgten einem breiten Wanderweg und konnten bis zu den D\u00fcnen von Maspalomas blicken. Die Vulkanlandschaft zur einen Seite, blumige Wiesen auf der anderen Seite. Welch\u2018 ein Kontrast. Hier wurde ganz besonders deutlich, dass Gran Canaria 14 Mikroklimazonen hat. Das Summen der Bienen begleitete uns die ganze Zeit.<\/p>\n\n\n\n<div id=\"wp-block-themeisle-blocks-slider-f3f1eef1\" class=\"wp-block-themeisle-blocks-slider glide\" data-per-view=\"1\" data-gap=\"0\" data-peek=\"0\" data-autoplay=\"true\" data-height=\"400px\" data-hide-arrows=\"false\"><div class=\"glide__track\" data-glide-el=\"track\"><div class=\"glide__slides\"><div class=\"wp-block-themeisle-blocks-slider-item-wrapper glide__slide\" tabindex=\"0\"><figure><img decoding=\"async\" class=\"wp-block-themeisle-blocks-slider-item\" src=\"https:\/\/familie-weitgereist.de\/wp-content\/uploads\/2023\/03\/IMG_20230328_133122-scaled.jpg\" alt=\"\" title=\"\" data-id=\"13674\"\/><\/figure><\/div><div class=\"wp-block-themeisle-blocks-slider-item-wrapper glide__slide\" tabindex=\"0\"><figure><img decoding=\"async\" class=\"wp-block-themeisle-blocks-slider-item\" src=\"https:\/\/familie-weitgereist.de\/wp-content\/uploads\/2023\/03\/IMG_20230328_143602-scaled.jpg\" alt=\"\" title=\"\" data-id=\"13673\"\/><\/figure><\/div><div class=\"wp-block-themeisle-blocks-slider-item-wrapper glide__slide\" tabindex=\"0\"><figure><img decoding=\"async\" class=\"wp-block-themeisle-blocks-slider-item\" src=\"https:\/\/familie-weitgereist.de\/wp-content\/uploads\/2023\/03\/IMG_20230328_132350-scaled.jpg\" alt=\"\" title=\"\" data-id=\"13675\"\/><\/figure><\/div><\/div><div class=\"glide__bullets\" data-glide-el=\"controls[nav]\"><button class=\"glide__bullet\" data-glide-dir=\"=0\"><\/button><button class=\"glide__bullet\" data-glide-dir=\"=1\"><\/button><button class=\"glide__bullet\" data-glide-dir=\"=2\"><\/button><\/div><\/div><\/div>\n\n\n\n<h2 class=\"wp-block-heading\">Pico de las Nieves<\/h2>\n\n\n\n<p>Der <strong>h\u00f6chste Gipfel<\/strong> mit 1949 m ist der Pico de las Nieves. \u00dcbersetzt bedeutet dies, der schneebedeckte Gipfel. Von hier oben bietet sich ein ausgezeichnetes Panorama. Der Gipfel kann erwandert werden, es f\u00fchrt jedoch auch eine Stra\u00dfe nach oben.<\/p>\n\n\n\n<figure class=\"wp-block-image size-large\"><img loading=\"lazy\" decoding=\"async\" width=\"1024\" height=\"768\" src=\"https:\/\/familie-weitgereist.de\/wp-content\/uploads\/2023\/03\/IMG_20230328_120819-1024x768.jpg\" alt=\"\" class=\"wp-image-13678\" srcset=\"https:\/\/familie-weitgereist.de\/wp-content\/uploads\/2023\/03\/IMG_20230328_120819-1024x768.jpg 1024w, https:\/\/familie-weitgereist.de\/wp-content\/uploads\/2023\/03\/IMG_20230328_120819-300x225.jpg 300w, https:\/\/familie-weitgereist.de\/wp-content\/uploads\/2023\/03\/IMG_20230328_120819-768x576.jpg 768w, https:\/\/familie-weitgereist.de\/wp-content\/uploads\/2023\/03\/IMG_20230328_120819-1536x1152.jpg 1536w, https:\/\/familie-weitgereist.de\/wp-content\/uploads\/2023\/03\/IMG_20230328_120819-2048x1536.jpg 2048w, https:\/\/familie-weitgereist.de\/wp-content\/uploads\/2023\/03\/IMG_20230328_120819-1200x900.jpg 1200w, https:\/\/familie-weitgereist.de\/wp-content\/uploads\/2023\/03\/IMG_20230328_120819-1980x1485.jpg 1980w, https:\/\/familie-weitgereist.de\/wp-content\/uploads\/2023\/03\/IMG_20230328_120819-150x113.jpg 150w\" sizes=\"auto, (max-width: 1024px) 100vw, 1024px\" \/><figcaption class=\"wp-element-caption\">Auf dem Gipfel<\/figcaption><\/figure>\n\n\n\n<h2 class=\"wp-block-heading\">Presa de las Ni\u00f1as<\/h2>\n\n\n\n<p>Wir haben drei N\u00e4chte auf dem <strong>\u00c1rea Recreativa von Presa de las Ni\u00f1as<\/strong> verbracht. Viele einheimische Camper nutzen ebenfalls am Wochenende die M\u00f6glichkeit Zeit in der Natur zu verbringen.<\/p>\n\n\n\n<p>Der Campingplatz ist gratis und bedarf lediglich einer Registrierung. Es gibt flie\u00dfendes Wasser und saubere Sanit\u00e4ranlagen, die von den Rangern jeden Tag gereinigt werden.<\/p>\n\n\n\n<p>Von dort starten Wanderungen in die Umgebung. Wir sind vom Campingplatz zum <strong>Stausee<\/strong> gelaufen und wieder zur\u00fcck. Die Wanderung ist flach, leicht zu gehen und bietet jedoch auch f\u00fcr Kinder ihre Reize. \u00dcberall gibt es Vulkangestein zum Klettern.<\/p>\n\n\n\n<figure class=\"wp-block-image size-large\"><img loading=\"lazy\" decoding=\"async\" width=\"1024\" height=\"768\" src=\"https:\/\/familie-weitgereist.de\/wp-content\/uploads\/2025\/10\/1000019610-1-1024x768.jpg\" alt=\"\" class=\"wp-image-23472\" srcset=\"https:\/\/familie-weitgereist.de\/wp-content\/uploads\/2025\/10\/1000019610-1-1024x768.jpg 1024w, https:\/\/familie-weitgereist.de\/wp-content\/uploads\/2025\/10\/1000019610-1-300x225.jpg 300w, https:\/\/familie-weitgereist.de\/wp-content\/uploads\/2025\/10\/1000019610-1-768x576.jpg 768w, https:\/\/familie-weitgereist.de\/wp-content\/uploads\/2025\/10\/1000019610-1-1536x1152.jpg 1536w, https:\/\/familie-weitgereist.de\/wp-content\/uploads\/2025\/10\/1000019610-1-2048x1536.jpg 2048w, https:\/\/familie-weitgereist.de\/wp-content\/uploads\/2025\/10\/1000019610-1-1200x900.jpg 1200w, https:\/\/familie-weitgereist.de\/wp-content\/uploads\/2025\/10\/1000019610-1-1980x1485.jpg 1980w, https:\/\/familie-weitgereist.de\/wp-content\/uploads\/2025\/10\/1000019610-1-150x113.jpg 150w\" sizes=\"auto, (max-width: 1024px) 100vw, 1024px\" \/><figcaption class=\"wp-element-caption\">Stausee &#8222;Press de las Ni\u00f1as&#8220;<\/figcaption><\/figure>\n\n\n\n<p>Eine etwas anspruchsvollere Wanderung f\u00fchrte uns in die Berge hinauf zum <strong>Cruz las Huesitas<\/strong> auf <strong>1209m<\/strong>. Wir haben 320 H\u00f6henmeter \u00fcberwunden und sind durch den herrlichen kanarischen Fichtenwald gelaufen.<\/p>\n\n\n\n<figure class=\"wp-block-image size-large\"><img loading=\"lazy\" decoding=\"async\" width=\"1024\" height=\"768\" src=\"https:\/\/familie-weitgereist.de\/wp-content\/uploads\/2025\/10\/1000019502-1-1024x768.jpg\" alt=\"\" class=\"wp-image-23476\" srcset=\"https:\/\/familie-weitgereist.de\/wp-content\/uploads\/2025\/10\/1000019502-1-1024x768.jpg 1024w, https:\/\/familie-weitgereist.de\/wp-content\/uploads\/2025\/10\/1000019502-1-300x225.jpg 300w, https:\/\/familie-weitgereist.de\/wp-content\/uploads\/2025\/10\/1000019502-1-768x576.jpg 768w, https:\/\/familie-weitgereist.de\/wp-content\/uploads\/2025\/10\/1000019502-1-1536x1152.jpg 1536w, https:\/\/familie-weitgereist.de\/wp-content\/uploads\/2025\/10\/1000019502-1-2048x1536.jpg 2048w, https:\/\/familie-weitgereist.de\/wp-content\/uploads\/2025\/10\/1000019502-1-1200x900.jpg 1200w, https:\/\/familie-weitgereist.de\/wp-content\/uploads\/2025\/10\/1000019502-1-1980x1485.jpg 1980w, https:\/\/familie-weitgereist.de\/wp-content\/uploads\/2025\/10\/1000019502-1-150x113.jpg 150w\" sizes=\"auto, (max-width: 1024px) 100vw, 1024px\" \/><figcaption class=\"wp-element-caption\">Auf dem Weg zum Cruz de las Huesitas<\/figcaption><\/figure>\n\n\n\n<h2 class=\"wp-block-heading\">Roque Bentayga<\/h2>\n\n\n\n<p>Der <strong>Roque Bentayga<\/strong> wird auch als &#8218;<strong>Heiliger<\/strong> <strong>Berg<\/strong>&#8218; von Gran Canaria bezeichnet, denn er hatte f\u00fcr die Ureinwohner der Insel einen hohen symbolischen Wert. Er war der bedeutendste Kultort der Altkanarier. Astronomische Ph\u00e4nomene wurden von dem hohen Berg beobachtet. Im Tejeda Becken \u00f6ffnet sich von hier oben der Blick auf den Roque Nublo, dem bekanntesten Wahrzeichen Gran Canarias und dem Pico de las Nieves, dem h\u00f6chsten Berg der Insel.<\/p>\n\n\n\n<figure class=\"wp-block-image size-large\"><img loading=\"lazy\" decoding=\"async\" width=\"1024\" height=\"768\" src=\"https:\/\/familie-weitgereist.de\/wp-content\/uploads\/2025\/11\/1000034949-1024x768.jpg\" alt=\"\" class=\"wp-image-24511\" srcset=\"https:\/\/familie-weitgereist.de\/wp-content\/uploads\/2025\/11\/1000034949-1024x768.jpg 1024w, https:\/\/familie-weitgereist.de\/wp-content\/uploads\/2025\/11\/1000034949-300x225.jpg 300w, https:\/\/familie-weitgereist.de\/wp-content\/uploads\/2025\/11\/1000034949-768x576.jpg 768w, https:\/\/familie-weitgereist.de\/wp-content\/uploads\/2025\/11\/1000034949-1536x1152.jpg 1536w, https:\/\/familie-weitgereist.de\/wp-content\/uploads\/2025\/11\/1000034949-2048x1536.jpg 2048w, https:\/\/familie-weitgereist.de\/wp-content\/uploads\/2025\/11\/1000034949-1200x900.jpg 1200w, https:\/\/familie-weitgereist.de\/wp-content\/uploads\/2025\/11\/1000034949-1980x1485.jpg 1980w, https:\/\/familie-weitgereist.de\/wp-content\/uploads\/2025\/11\/1000034949-150x113.jpg 150w\" sizes=\"auto, (max-width: 1024px) 100vw, 1024px\" \/><figcaption class=\"wp-element-caption\">Roque Bentayga<\/figcaption><\/figure>\n\n\n\n<p>Am Besucherzentrum stehen Parkpl\u00e4tze bereit, um den kurzen Aufstieg von ca. 500 m zu starten. Der Besuch des Interpretationszentrums ist gratis und lohnenswert. Nette Guides stehen f\u00fcr Nachfragen und Erkl\u00e4rungen in Spanisch und Englisch bereit. Zudem gibt es viele Erkl\u00e4rungen auf Spanisch, Englisch und Deutsch. Wir erfuhren nach unserer Wanderung einiges \u00fcber die Ureinwohner der Kanaren und den Hintergr\u00fcnden des Bentayga Berges.<\/p>\n\n\n\n<figure class=\"wp-block-image size-large\"><img loading=\"lazy\" decoding=\"async\" width=\"1024\" height=\"768\" src=\"https:\/\/familie-weitgereist.de\/wp-content\/uploads\/2025\/11\/1000034969-1024x768.jpg\" alt=\"\" class=\"wp-image-24516\" srcset=\"https:\/\/familie-weitgereist.de\/wp-content\/uploads\/2025\/11\/1000034969-1024x768.jpg 1024w, https:\/\/familie-weitgereist.de\/wp-content\/uploads\/2025\/11\/1000034969-300x225.jpg 300w, https:\/\/familie-weitgereist.de\/wp-content\/uploads\/2025\/11\/1000034969-768x576.jpg 768w, https:\/\/familie-weitgereist.de\/wp-content\/uploads\/2025\/11\/1000034969-1536x1152.jpg 1536w, https:\/\/familie-weitgereist.de\/wp-content\/uploads\/2025\/11\/1000034969-2048x1536.jpg 2048w, https:\/\/familie-weitgereist.de\/wp-content\/uploads\/2025\/11\/1000034969-1200x900.jpg 1200w, https:\/\/familie-weitgereist.de\/wp-content\/uploads\/2025\/11\/1000034969-1980x1485.jpg 1980w, https:\/\/familie-weitgereist.de\/wp-content\/uploads\/2025\/11\/1000034969-150x113.jpg 150w\" sizes=\"auto, (max-width: 1024px) 100vw, 1024px\" \/><figcaption class=\"wp-element-caption\">Informatives Besucherzentrum <\/figcaption><\/figure>\n\n\n\n<p>Die Wanderung zur Kult- und Opferst\u00e4tte des Heiligen Berges ist mit einem ca. 500 m langen Aufstieg eher kurz, aber sehr lohnenswert. Die Ausblicke auf den Roque Nublo und den Pico de las Nieves sind fantastisch. Ebenso sieht man in der Ferne die Bergd\u00f6rfer Tejeda und Artenara. Der Weg ist, besonders f\u00fcr Kinder, abenteuerlich. Auf schmalen Pfaden und sogar Treppen geht es den Berg hinauf. Der R\u00fcckweg verl\u00e4uft auf dem gleichen Pfad.<\/p>\n\n\n\n<figure class=\"wp-block-image size-large\"><img loading=\"lazy\" decoding=\"async\" width=\"1024\" height=\"768\" src=\"https:\/\/familie-weitgereist.de\/wp-content\/uploads\/2025\/11\/1000034957-1024x768.jpg\" alt=\"\" class=\"wp-image-24521\" srcset=\"https:\/\/familie-weitgereist.de\/wp-content\/uploads\/2025\/11\/1000034957-1024x768.jpg 1024w, https:\/\/familie-weitgereist.de\/wp-content\/uploads\/2025\/11\/1000034957-300x225.jpg 300w, https:\/\/familie-weitgereist.de\/wp-content\/uploads\/2025\/11\/1000034957-768x576.jpg 768w, https:\/\/familie-weitgereist.de\/wp-content\/uploads\/2025\/11\/1000034957-1536x1152.jpg 1536w, https:\/\/familie-weitgereist.de\/wp-content\/uploads\/2025\/11\/1000034957-2048x1536.jpg 2048w, https:\/\/familie-weitgereist.de\/wp-content\/uploads\/2025\/11\/1000034957-1200x900.jpg 1200w, https:\/\/familie-weitgereist.de\/wp-content\/uploads\/2025\/11\/1000034957-1980x1485.jpg 1980w, https:\/\/familie-weitgereist.de\/wp-content\/uploads\/2025\/11\/1000034957-150x113.jpg 150w\" sizes=\"auto, (max-width: 1024px) 100vw, 1024px\" \/><figcaption class=\"wp-element-caption\">Abw\u00e4rts vom Roque Bentayga mit Blick auf den Roque Nublo<\/figcaption><\/figure>\n\n\n\n<div id=\"wp-block-themeisle-blocks-slider-d2f72b0e\" class=\"wp-block-themeisle-blocks-slider glide\" data-per-view=\"1\" data-gap=\"0\" data-peek=\"0\" data-autoplay=\"true\" data-height=\"400px\" data-hide-arrows=\"false\"><div class=\"glide__track\" data-glide-el=\"track\"><div class=\"glide__slides\"><div class=\"wp-block-themeisle-blocks-slider-item-wrapper glide__slide\" tabindex=\"0\"><figure><img decoding=\"async\" class=\"wp-block-themeisle-blocks-slider-item\" src=\"https:\/\/familie-weitgereist.de\/wp-content\/uploads\/2025\/11\/1000034831-scaled.jpg\" alt=\"\" title=\"\" data-id=\"24524\"\/><\/figure><\/div><div class=\"wp-block-themeisle-blocks-slider-item-wrapper glide__slide\" tabindex=\"0\"><figure><img decoding=\"async\" class=\"wp-block-themeisle-blocks-slider-item\" src=\"https:\/\/familie-weitgereist.de\/wp-content\/uploads\/2025\/11\/1000034872-scaled.jpg\" alt=\"\" title=\"\" data-id=\"24525\"\/><\/figure><\/div><\/div><div class=\"glide__bullets\" data-glide-el=\"controls[nav]\"><button class=\"glide__bullet\" data-glide-dir=\"=0\"><\/button><button class=\"glide__bullet\" data-glide-dir=\"=1\"><\/button><\/div><\/div><\/div>\n\n\n\n<h2 class=\"wp-block-heading\">Roque de la Vela<\/h2>\n\n\n\n<p>Die Wanderung zum Roque de la Vela (Kerzenfelsen) startet in dem kleinen Ort <strong>El<\/strong> <strong>Rinc\u00f3n<\/strong>. Der Aufstieg durch den kleinen Bergort ist recht steil und sehr aussichtsreich.<\/p>\n\n\n\n<figure class=\"wp-block-image size-large\"><img loading=\"lazy\" decoding=\"async\" width=\"1024\" height=\"768\" src=\"https:\/\/familie-weitgereist.de\/wp-content\/uploads\/2025\/11\/1000042892-1024x768.jpg\" alt=\"\" class=\"wp-image-25072\" srcset=\"https:\/\/familie-weitgereist.de\/wp-content\/uploads\/2025\/11\/1000042892-1024x768.jpg 1024w, https:\/\/familie-weitgereist.de\/wp-content\/uploads\/2025\/11\/1000042892-300x225.jpg 300w, https:\/\/familie-weitgereist.de\/wp-content\/uploads\/2025\/11\/1000042892-768x576.jpg 768w, https:\/\/familie-weitgereist.de\/wp-content\/uploads\/2025\/11\/1000042892-1536x1152.jpg 1536w, https:\/\/familie-weitgereist.de\/wp-content\/uploads\/2025\/11\/1000042892-2048x1536.jpg 2048w, https:\/\/familie-weitgereist.de\/wp-content\/uploads\/2025\/11\/1000042892-1200x900.jpg 1200w, https:\/\/familie-weitgereist.de\/wp-content\/uploads\/2025\/11\/1000042892-1980x1485.jpg 1980w, https:\/\/familie-weitgereist.de\/wp-content\/uploads\/2025\/11\/1000042892-150x113.jpg 150w\" sizes=\"auto, (max-width: 1024px) 100vw, 1024px\" \/><figcaption class=\"wp-element-caption\">El Rinc\u00f3n<\/figcaption><\/figure>\n\n\n\n<p>Die Wanderung verl\u00e4uft durch den <strong>Naturschutzpark &#8222;Reserva Natural Especial Los Marteles&#8220;<\/strong>. Wir verlie\u00dfen den Ort, die Stra\u00dfe wurde steiler und wir konnten kaum glauben, dass weiterhin Autos in die engsten Bergstra\u00dfen fahren, um zu ihren kleinen H\u00e4usern zu gelangen.<\/p>\n\n\n\n<figure class=\"wp-block-image size-large\"><img loading=\"lazy\" decoding=\"async\" width=\"1024\" height=\"768\" src=\"https:\/\/familie-weitgereist.de\/wp-content\/uploads\/2025\/11\/1000042905-1024x768.jpg\" alt=\"\" class=\"wp-image-25073\" srcset=\"https:\/\/familie-weitgereist.de\/wp-content\/uploads\/2025\/11\/1000042905-1024x768.jpg 1024w, https:\/\/familie-weitgereist.de\/wp-content\/uploads\/2025\/11\/1000042905-300x225.jpg 300w, https:\/\/familie-weitgereist.de\/wp-content\/uploads\/2025\/11\/1000042905-768x576.jpg 768w, https:\/\/familie-weitgereist.de\/wp-content\/uploads\/2025\/11\/1000042905-1536x1152.jpg 1536w, https:\/\/familie-weitgereist.de\/wp-content\/uploads\/2025\/11\/1000042905-2048x1536.jpg 2048w, https:\/\/familie-weitgereist.de\/wp-content\/uploads\/2025\/11\/1000042905-1200x900.jpg 1200w, https:\/\/familie-weitgereist.de\/wp-content\/uploads\/2025\/11\/1000042905-1980x1485.jpg 1980w, https:\/\/familie-weitgereist.de\/wp-content\/uploads\/2025\/11\/1000042905-150x113.jpg 150w\" sizes=\"auto, (max-width: 1024px) 100vw, 1024px\" \/><\/figure>\n\n\n\n<p>Schlie\u00dflich wurde der Weg schmaler und m\u00fcndete in einen dichtbewachsenen Pfad. Den Roque de la Vela hatten wir von nun an immer im Blick.<\/p>\n\n\n\n<figure class=\"wp-block-image size-large\"><img loading=\"lazy\" decoding=\"async\" width=\"768\" height=\"1024\" src=\"https:\/\/familie-weitgereist.de\/wp-content\/uploads\/2025\/11\/1000042919-768x1024.jpg\" alt=\"\" class=\"wp-image-25074\" srcset=\"https:\/\/familie-weitgereist.de\/wp-content\/uploads\/2025\/11\/1000042919-768x1024.jpg 768w, https:\/\/familie-weitgereist.de\/wp-content\/uploads\/2025\/11\/1000042919-225x300.jpg 225w, https:\/\/familie-weitgereist.de\/wp-content\/uploads\/2025\/11\/1000042919-1152x1536.jpg 1152w, https:\/\/familie-weitgereist.de\/wp-content\/uploads\/2025\/11\/1000042919-1536x2048.jpg 1536w, https:\/\/familie-weitgereist.de\/wp-content\/uploads\/2025\/11\/1000042919-1200x1600.jpg 1200w, https:\/\/familie-weitgereist.de\/wp-content\/uploads\/2025\/11\/1000042919-1980x2640.jpg 1980w, https:\/\/familie-weitgereist.de\/wp-content\/uploads\/2025\/11\/1000042919-640x853.jpg 640w, https:\/\/familie-weitgereist.de\/wp-content\/uploads\/2025\/11\/1000042919-150x200.jpg 150w, https:\/\/familie-weitgereist.de\/wp-content\/uploads\/2025\/11\/1000042919-scaled.jpg 1920w\" sizes=\"auto, (max-width: 768px) 100vw, 768px\" \/><figcaption class=\"wp-element-caption\">Blick auf den Roque de la Vela<\/figcaption><\/figure>\n\n\n\n<p>Der Pfad f\u00fchrt vorbei an summenden Bienen, die sich an Riesenhauswurz, der blauen Tajinaste, zwei auf Gran Canaria endemischen Pflanzen, der kanarischen Glockenblume und Maiblume laben.<\/p>\n\n\n\n<figure class=\"wp-block-image size-large\"><img loading=\"lazy\" decoding=\"async\" width=\"768\" height=\"1024\" src=\"https:\/\/familie-weitgereist.de\/wp-content\/uploads\/2025\/11\/1000042941-768x1024.jpg\" alt=\"\" class=\"wp-image-25078\" srcset=\"https:\/\/familie-weitgereist.de\/wp-content\/uploads\/2025\/11\/1000042941-768x1024.jpg 768w, https:\/\/familie-weitgereist.de\/wp-content\/uploads\/2025\/11\/1000042941-225x300.jpg 225w, https:\/\/familie-weitgereist.de\/wp-content\/uploads\/2025\/11\/1000042941-1152x1536.jpg 1152w, https:\/\/familie-weitgereist.de\/wp-content\/uploads\/2025\/11\/1000042941-1536x2048.jpg 1536w, https:\/\/familie-weitgereist.de\/wp-content\/uploads\/2025\/11\/1000042941-1200x1600.jpg 1200w, https:\/\/familie-weitgereist.de\/wp-content\/uploads\/2025\/11\/1000042941-1980x2640.jpg 1980w, https:\/\/familie-weitgereist.de\/wp-content\/uploads\/2025\/11\/1000042941-640x853.jpg 640w, https:\/\/familie-weitgereist.de\/wp-content\/uploads\/2025\/11\/1000042941-150x200.jpg 150w, https:\/\/familie-weitgereist.de\/wp-content\/uploads\/2025\/11\/1000042941-scaled.jpg 1920w\" sizes=\"auto, (max-width: 768px) 100vw, 768px\" \/><figcaption class=\"wp-element-caption\">Blaue Tajinaste<\/figcaption><\/figure>\n\n\n\n<p>Die Runde ist mit 3 km relativ kurz und trotz ihres steilen Aufstiegs, auch mit kleinen Kindern, sehr gut machbar.<\/p>\n\n\n\n<figure class=\"wp-block-image size-large\"><img loading=\"lazy\" decoding=\"async\" width=\"1024\" height=\"768\" src=\"https:\/\/familie-weitgereist.de\/wp-content\/uploads\/2025\/11\/1000042987-1024x768.jpg\" alt=\"\" class=\"wp-image-25080\" srcset=\"https:\/\/familie-weitgereist.de\/wp-content\/uploads\/2025\/11\/1000042987-1024x768.jpg 1024w, https:\/\/familie-weitgereist.de\/wp-content\/uploads\/2025\/11\/1000042987-300x225.jpg 300w, https:\/\/familie-weitgereist.de\/wp-content\/uploads\/2025\/11\/1000042987-768x576.jpg 768w, https:\/\/familie-weitgereist.de\/wp-content\/uploads\/2025\/11\/1000042987-1536x1152.jpg 1536w, https:\/\/familie-weitgereist.de\/wp-content\/uploads\/2025\/11\/1000042987-2048x1536.jpg 2048w, https:\/\/familie-weitgereist.de\/wp-content\/uploads\/2025\/11\/1000042987-1200x900.jpg 1200w, https:\/\/familie-weitgereist.de\/wp-content\/uploads\/2025\/11\/1000042987-1980x1485.jpg 1980w, https:\/\/familie-weitgereist.de\/wp-content\/uploads\/2025\/11\/1000042987-150x113.jpg 150w\" sizes=\"auto, (max-width: 1024px) 100vw, 1024px\" \/><\/figure>\n\n\n\n<p>Oben angekommen, nutzten wir die flachen Fl\u00e4chen, um eine sch\u00f6ne Pause in atemberaubender Natur zu machen. Die Blicke auf die riesigen Felsmassive &#8222;Los Marteles&#8220; in der Ferne sind grandios.<\/p>\n\n\n\n<figure class=\"wp-block-image size-large\"><img loading=\"lazy\" decoding=\"async\" width=\"1024\" height=\"768\" src=\"https:\/\/familie-weitgereist.de\/wp-content\/uploads\/2025\/11\/1000043031-1024x768.jpg\" alt=\"\" class=\"wp-image-25082\" srcset=\"https:\/\/familie-weitgereist.de\/wp-content\/uploads\/2025\/11\/1000043031-1024x768.jpg 1024w, https:\/\/familie-weitgereist.de\/wp-content\/uploads\/2025\/11\/1000043031-300x225.jpg 300w, https:\/\/familie-weitgereist.de\/wp-content\/uploads\/2025\/11\/1000043031-768x576.jpg 768w, https:\/\/familie-weitgereist.de\/wp-content\/uploads\/2025\/11\/1000043031-1536x1152.jpg 1536w, https:\/\/familie-weitgereist.de\/wp-content\/uploads\/2025\/11\/1000043031-2048x1536.jpg 2048w, https:\/\/familie-weitgereist.de\/wp-content\/uploads\/2025\/11\/1000043031-1200x900.jpg 1200w, https:\/\/familie-weitgereist.de\/wp-content\/uploads\/2025\/11\/1000043031-1980x1485.jpg 1980w, https:\/\/familie-weitgereist.de\/wp-content\/uploads\/2025\/11\/1000043031-150x113.jpg 150w\" sizes=\"auto, (max-width: 1024px) 100vw, 1024px\" \/><\/figure>\n\n\n\n<p>Der Abstieg war ebenfalls steil und wir konnten sogar an einem Seil hinab klettern.<\/p>\n\n\n\n<figure class=\"wp-block-image size-large\"><img loading=\"lazy\" decoding=\"async\" width=\"1024\" height=\"576\" src=\"https:\/\/familie-weitgereist.de\/wp-content\/uploads\/2025\/11\/1000043120-1024x576.jpg\" alt=\"\" class=\"wp-image-25081\" srcset=\"https:\/\/familie-weitgereist.de\/wp-content\/uploads\/2025\/11\/1000043120-1024x576.jpg 1024w, https:\/\/familie-weitgereist.de\/wp-content\/uploads\/2025\/11\/1000043120-300x169.jpg 300w, https:\/\/familie-weitgereist.de\/wp-content\/uploads\/2025\/11\/1000043120-768x432.jpg 768w, https:\/\/familie-weitgereist.de\/wp-content\/uploads\/2025\/11\/1000043120-1536x864.jpg 1536w, https:\/\/familie-weitgereist.de\/wp-content\/uploads\/2025\/11\/1000043120-2048x1152.jpg 2048w, https:\/\/familie-weitgereist.de\/wp-content\/uploads\/2025\/11\/1000043120-1200x675.jpg 1200w, https:\/\/familie-weitgereist.de\/wp-content\/uploads\/2025\/11\/1000043120-1980x1114.jpg 1980w, https:\/\/familie-weitgereist.de\/wp-content\/uploads\/2025\/11\/1000043120-150x84.jpg 150w\" sizes=\"auto, (max-width: 1024px) 100vw, 1024px\" \/><\/figure>\n\n\n\n<p>Serpentinen f\u00fchrten uns den Berghang hinab nach El Rinc\u00f3n, wo es auch H\u00f6hlenwohnungen gibt.<\/p>\n\n\n\n<figure class=\"wp-block-image size-large\"><img loading=\"lazy\" decoding=\"async\" width=\"768\" height=\"1024\" src=\"https:\/\/familie-weitgereist.de\/wp-content\/uploads\/2025\/11\/1000043070-768x1024.jpg\" alt=\"\" class=\"wp-image-25079\" srcset=\"https:\/\/familie-weitgereist.de\/wp-content\/uploads\/2025\/11\/1000043070-768x1024.jpg 768w, https:\/\/familie-weitgereist.de\/wp-content\/uploads\/2025\/11\/1000043070-225x300.jpg 225w, https:\/\/familie-weitgereist.de\/wp-content\/uploads\/2025\/11\/1000043070-1152x1536.jpg 1152w, https:\/\/familie-weitgereist.de\/wp-content\/uploads\/2025\/11\/1000043070-1536x2048.jpg 1536w, https:\/\/familie-weitgereist.de\/wp-content\/uploads\/2025\/11\/1000043070-1200x1600.jpg 1200w, https:\/\/familie-weitgereist.de\/wp-content\/uploads\/2025\/11\/1000043070-1980x2640.jpg 1980w, https:\/\/familie-weitgereist.de\/wp-content\/uploads\/2025\/11\/1000043070-640x853.jpg 640w, https:\/\/familie-weitgereist.de\/wp-content\/uploads\/2025\/11\/1000043070-150x200.jpg 150w, https:\/\/familie-weitgereist.de\/wp-content\/uploads\/2025\/11\/1000043070-scaled.jpg 1920w\" sizes=\"auto, (max-width: 768px) 100vw, 768px\" \/><figcaption class=\"wp-element-caption\">H\u00f6hlenwohnung in El Rinc\u00f3n<\/figcaption><\/figure>\n\n\n\n<h2 class=\"wp-block-heading\">Roque Nublo<\/h2>\n\n\n\n<p>Das Wahrzeichen von Gran Canaria ist der Felsen&nbsp;<strong><em>Roque Nublo<\/em><\/strong>&nbsp;(Wolkenfels) auf&nbsp;<strong>1813m<\/strong>. Er wird so bezeichnet, da er sich oftmals \u00fcber oder in den Wolken befindet. Auch wir hatten Gl\u00fcck und befanden uns \u00fcber den Wolken, wobei wir am Tag unserer Wanderung nahezu wolkenfreien und blauen Himmel hatten.<\/p>\n\n\n\n<figure class=\"wp-block-image size-large\"><img loading=\"lazy\" decoding=\"async\" width=\"1024\" height=\"768\" src=\"https:\/\/familie-weitgereist.de\/wp-content\/uploads\/2023\/03\/IMG_20230318_140919-1024x768.jpg\" alt=\"\" class=\"wp-image-13559\" srcset=\"https:\/\/familie-weitgereist.de\/wp-content\/uploads\/2023\/03\/IMG_20230318_140919-1024x768.jpg 1024w, https:\/\/familie-weitgereist.de\/wp-content\/uploads\/2023\/03\/IMG_20230318_140919-300x225.jpg 300w, https:\/\/familie-weitgereist.de\/wp-content\/uploads\/2023\/03\/IMG_20230318_140919-768x576.jpg 768w, https:\/\/familie-weitgereist.de\/wp-content\/uploads\/2023\/03\/IMG_20230318_140919-1536x1152.jpg 1536w, https:\/\/familie-weitgereist.de\/wp-content\/uploads\/2023\/03\/IMG_20230318_140919-2048x1536.jpg 2048w, https:\/\/familie-weitgereist.de\/wp-content\/uploads\/2023\/03\/IMG_20230318_140919-1200x900.jpg 1200w, https:\/\/familie-weitgereist.de\/wp-content\/uploads\/2023\/03\/IMG_20230318_140919-1980x1485.jpg 1980w, https:\/\/familie-weitgereist.de\/wp-content\/uploads\/2023\/03\/IMG_20230318_140919-150x113.jpg 150w\" sizes=\"auto, (max-width: 1024px) 100vw, 1024px\" \/><\/figure>\n\n\n\n<p>Unweit des Einstieges zur Wanderung befindet sich ein kleiner Parkplatz. Wir hatten Gl\u00fcck einen der letzten freien Pl\u00e4tze an einem Samstag zu ergattern, denn der Parkplatz ist wirklich klein und viele Wanderer m\u00f6chten parken.<\/p>\n\n\n\n<p>Wir wanderten durch herrliche kanarische Fichtenw\u00e4lder und es duftet so gut nach Natur! Die Wege sind gut ausgeschildert.<\/p>\n\n\n\n<figure class=\"wp-block-image size-large\"><img loading=\"lazy\" decoding=\"async\" width=\"1024\" height=\"768\" src=\"https:\/\/familie-weitgereist.de\/wp-content\/uploads\/2023\/03\/IMG_20230318_134415-1024x768.jpg\" alt=\"\" class=\"wp-image-13554\" srcset=\"https:\/\/familie-weitgereist.de\/wp-content\/uploads\/2023\/03\/IMG_20230318_134415-1024x768.jpg 1024w, https:\/\/familie-weitgereist.de\/wp-content\/uploads\/2023\/03\/IMG_20230318_134415-300x225.jpg 300w, https:\/\/familie-weitgereist.de\/wp-content\/uploads\/2023\/03\/IMG_20230318_134415-768x576.jpg 768w, https:\/\/familie-weitgereist.de\/wp-content\/uploads\/2023\/03\/IMG_20230318_134415-1536x1152.jpg 1536w, https:\/\/familie-weitgereist.de\/wp-content\/uploads\/2023\/03\/IMG_20230318_134415-2048x1536.jpg 2048w, https:\/\/familie-weitgereist.de\/wp-content\/uploads\/2023\/03\/IMG_20230318_134415-1200x900.jpg 1200w, https:\/\/familie-weitgereist.de\/wp-content\/uploads\/2023\/03\/IMG_20230318_134415-1980x1485.jpg 1980w, https:\/\/familie-weitgereist.de\/wp-content\/uploads\/2023\/03\/IMG_20230318_134415-150x113.jpg 150w\" sizes=\"auto, (max-width: 1024px) 100vw, 1024px\" \/><\/figure>\n\n\n\n<p>Die Wege sind in einem top Zustand. Wir liefen auf schmalen Waldwegen, \u00fcber Stock und Stein, vulkanische Treppenstufen hinauf und wieder hinab. Dabei hatten wir ganz oft Teneriffa und den Teide im Blick.<\/p>\n\n\n\n<div id=\"wp-block-themeisle-blocks-slider-716b1bb7\" class=\"wp-block-themeisle-blocks-slider glide\" data-per-view=\"1\" data-gap=\"0\" data-peek=\"0\" data-autoplay=\"true\" data-height=\"400px\" data-hide-arrows=\"false\"><div class=\"glide__track\" data-glide-el=\"track\"><div class=\"glide__slides\"><div class=\"wp-block-themeisle-blocks-slider-item-wrapper glide__slide\" tabindex=\"0\"><figure><img decoding=\"async\" class=\"wp-block-themeisle-blocks-slider-item\" src=\"https:\/\/familie-weitgereist.de\/wp-content\/uploads\/2023\/03\/PXL_20230318_155001404-1-scaled.jpg\" alt=\"\" title=\"\" data-id=\"13558\"\/><\/figure><\/div><div class=\"wp-block-themeisle-blocks-slider-item-wrapper glide__slide\" tabindex=\"0\"><figure><img decoding=\"async\" class=\"wp-block-themeisle-blocks-slider-item\" src=\"https:\/\/familie-weitgereist.de\/wp-content\/uploads\/2023\/03\/IMG_20230318_124426-scaled.jpg\" alt=\"\" title=\"\" data-id=\"13547\"\/><\/figure><\/div><div class=\"wp-block-themeisle-blocks-slider-item-wrapper glide__slide\" tabindex=\"0\"><figure><img decoding=\"async\" class=\"wp-block-themeisle-blocks-slider-item\" src=\"https:\/\/familie-weitgereist.de\/wp-content\/uploads\/2023\/03\/IMG_20230318_121622-scaled.jpg\" alt=\"\" title=\"\" data-id=\"13562\"\/><\/figure><\/div><\/div><div class=\"glide__bullets\" data-glide-el=\"controls[nav]\"><button class=\"glide__bullet\" data-glide-dir=\"=0\"><\/button><button class=\"glide__bullet\" data-glide-dir=\"=1\"><\/button><button class=\"glide__bullet\" data-glide-dir=\"=2\"><\/button><\/div><\/div><\/div>\n\n\n\n<p>Angekommen am&nbsp;<strong><em>Roque<\/em>&nbsp;<em>Nublo<\/em><\/strong>, hatten wir einen richtigen&nbsp;<strong>Wow-Effekt<\/strong>! Pl\u00f6tzlich standen wir auf dieser weiten, aus Vulkangestein bestehenden Fl\u00e4che, den riesigen Fels vor uns. Es wirkte regelrecht surreal und wundersch\u00f6n! Wir sind immer wieder erstaunt, wie wunderbar die Natur auf unserer Erde ist!<\/p>\n\n\n\n<figure class=\"wp-block-image size-large\"><img loading=\"lazy\" decoding=\"async\" width=\"1024\" height=\"768\" src=\"https:\/\/familie-weitgereist.de\/wp-content\/uploads\/2023\/03\/IMG_20230318_150401-1024x768.jpg\" alt=\"\" class=\"wp-image-13560\" srcset=\"https:\/\/familie-weitgereist.de\/wp-content\/uploads\/2023\/03\/IMG_20230318_150401-1024x768.jpg 1024w, https:\/\/familie-weitgereist.de\/wp-content\/uploads\/2023\/03\/IMG_20230318_150401-300x225.jpg 300w, https:\/\/familie-weitgereist.de\/wp-content\/uploads\/2023\/03\/IMG_20230318_150401-768x576.jpg 768w, https:\/\/familie-weitgereist.de\/wp-content\/uploads\/2023\/03\/IMG_20230318_150401-1536x1152.jpg 1536w, https:\/\/familie-weitgereist.de\/wp-content\/uploads\/2023\/03\/IMG_20230318_150401-2048x1536.jpg 2048w, https:\/\/familie-weitgereist.de\/wp-content\/uploads\/2023\/03\/IMG_20230318_150401-1200x900.jpg 1200w, https:\/\/familie-weitgereist.de\/wp-content\/uploads\/2023\/03\/IMG_20230318_150401-1980x1485.jpg 1980w, https:\/\/familie-weitgereist.de\/wp-content\/uploads\/2023\/03\/IMG_20230318_150401-150x113.jpg 150w\" sizes=\"auto, (max-width: 1024px) 100vw, 1024px\" \/><\/figure>\n\n\n\n<p>Einen grandiosen Ausblick konnten wir von der \u201e<strong>Zona de acampada<\/strong>\u201e, einem gratis Naturcampingplatz auf den <strong>Roque Nublo <\/strong>genie\u00dfen. Wir verbrachten eine wundersch\u00f6ne Zeit inmitten toller Natur. Der Campingplatz befindet sich mitten im Wald. Die Stellpl\u00e4tze sind gratis, Toiletten, Grillpl\u00e4tze sind vorhanden, es muss jedoch eine <strong>Genehmigung<\/strong> beim <strong>Cabildo de Gran Canaria <\/strong>eingeholt werden.<\/p>\n\n\n\n<div id=\"wp-block-themeisle-blocks-slider-6a783fc0\" class=\"wp-block-themeisle-blocks-slider glide\" data-per-view=\"1\" data-gap=\"0\" data-peek=\"0\" data-autoplay=\"true\" data-height=\"400px\" data-hide-arrows=\"false\"><div class=\"glide__track\" data-glide-el=\"track\"><div class=\"glide__slides\"><div class=\"wp-block-themeisle-blocks-slider-item-wrapper glide__slide\" tabindex=\"0\"><figure><img decoding=\"async\" class=\"wp-block-themeisle-blocks-slider-item\" src=\"https:\/\/familie-weitgereist.de\/wp-content\/uploads\/2023\/03\/IMG_20230323_203444-scaled.jpg\" alt=\"\" title=\"\" data-id=\"13602\"\/><\/figure><\/div><div class=\"wp-block-themeisle-blocks-slider-item-wrapper glide__slide\" tabindex=\"0\"><figure><img decoding=\"async\" class=\"wp-block-themeisle-blocks-slider-item\" src=\"https:\/\/familie-weitgereist.de\/wp-content\/uploads\/2023\/03\/IMG_20230323_152457-scaled.jpg\" alt=\"\" title=\"\" data-id=\"13604\"\/><\/figure><\/div><div class=\"wp-block-themeisle-blocks-slider-item-wrapper glide__slide\" tabindex=\"0\"><figure><img decoding=\"async\" class=\"wp-block-themeisle-blocks-slider-item\" src=\"https:\/\/familie-weitgereist.de\/wp-content\/uploads\/2023\/03\/IMG_20230323_162554-scaled.jpg\" alt=\"\" title=\"\" data-id=\"13603\"\/><\/figure><\/div><\/div><div class=\"glide__bullets\" data-glide-el=\"controls[nav]\"><button class=\"glide__bullet\" data-glide-dir=\"=0\"><\/button><button class=\"glide__bullet\" data-glide-dir=\"=1\"><\/button><button class=\"glide__bullet\" data-glide-dir=\"=2\"><\/button><\/div><\/div><\/div>\n\n\n\n<p>Vom Campingplatz haben wir eine 4,5 km lange Wanderung zum Stausee <strong>Presa de los Hornos<\/strong> unternommen. Die Wanderung f\u00fchrte uns durch typische kanarische Kiefernw\u00e4lder, immer mit dem Blick auf den <strong>Roque Nublo<\/strong>.<\/p>\n\n\n\n<div id=\"wp-block-themeisle-blocks-slider-e1829db6\" class=\"wp-block-themeisle-blocks-slider glide\" data-per-view=\"1\" data-gap=\"0\" data-peek=\"0\" data-autoplay=\"true\" data-height=\"400px\" data-hide-arrows=\"false\"><div class=\"glide__track\" data-glide-el=\"track\"><div class=\"glide__slides\"><div class=\"wp-block-themeisle-blocks-slider-item-wrapper glide__slide\" tabindex=\"0\"><figure><img decoding=\"async\" class=\"wp-block-themeisle-blocks-slider-item\" src=\"https:\/\/familie-weitgereist.de\/wp-content\/uploads\/2023\/03\/IMG_20230324_143008-scaled.jpg\" alt=\"\" title=\"\" data-id=\"13610\"\/><\/figure><\/div><div class=\"wp-block-themeisle-blocks-slider-item-wrapper glide__slide\" tabindex=\"0\"><figure><img decoding=\"async\" class=\"wp-block-themeisle-blocks-slider-item\" src=\"https:\/\/familie-weitgereist.de\/wp-content\/uploads\/2023\/03\/IMG_20230324_184926-scaled.jpg\" alt=\"\" title=\"\" data-id=\"13608\"\/><\/figure><\/div><div class=\"wp-block-themeisle-blocks-slider-item-wrapper glide__slide\" tabindex=\"0\"><figure><img decoding=\"async\" class=\"wp-block-themeisle-blocks-slider-item\" src=\"https:\/\/familie-weitgereist.de\/wp-content\/uploads\/2023\/03\/IMG_20230324_123011-scaled.jpg\" alt=\"\" title=\"\" data-id=\"13611\"\/><\/figure><\/div><\/div><div class=\"glide__bullets\" data-glide-el=\"controls[nav]\"><button class=\"glide__bullet\" data-glide-dir=\"=0\"><\/button><button class=\"glide__bullet\" data-glide-dir=\"=1\"><\/button><button class=\"glide__bullet\" data-glide-dir=\"=2\"><\/button><\/div><\/div><\/div>\n\n\n\n<h2 class=\"wp-block-heading\">Ventana del Nublo<\/h2>\n\n\n\n<p>Wir parkten unser Auto im <strong>Campingareal<\/strong> <strong>Bailico<\/strong>. Dort startete ein wundersch\u00f6ner Wanderweg leicht bergauf \u00fcber breite Wege durch herrlichen Kiefernwald. Der <strong>Camino<\/strong> <strong>de<\/strong> <strong>Santiago<\/strong> verl\u00e4uft ebenfalls dort entlang.<\/p>\n\n\n\n<figure class=\"wp-block-image size-large\"><img loading=\"lazy\" decoding=\"async\" width=\"1024\" height=\"768\" src=\"https:\/\/familie-weitgereist.de\/wp-content\/uploads\/2025\/11\/1000025286-1024x768.jpg\" alt=\"\" class=\"wp-image-24054\" srcset=\"https:\/\/familie-weitgereist.de\/wp-content\/uploads\/2025\/11\/1000025286-1024x768.jpg 1024w, https:\/\/familie-weitgereist.de\/wp-content\/uploads\/2025\/11\/1000025286-300x225.jpg 300w, https:\/\/familie-weitgereist.de\/wp-content\/uploads\/2025\/11\/1000025286-768x576.jpg 768w, https:\/\/familie-weitgereist.de\/wp-content\/uploads\/2025\/11\/1000025286-1536x1152.jpg 1536w, https:\/\/familie-weitgereist.de\/wp-content\/uploads\/2025\/11\/1000025286-2048x1536.jpg 2048w, https:\/\/familie-weitgereist.de\/wp-content\/uploads\/2025\/11\/1000025286-1200x900.jpg 1200w, https:\/\/familie-weitgereist.de\/wp-content\/uploads\/2025\/11\/1000025286-1980x1485.jpg 1980w, https:\/\/familie-weitgereist.de\/wp-content\/uploads\/2025\/11\/1000025286-150x113.jpg 150w\" sizes=\"auto, (max-width: 1024px) 100vw, 1024px\" \/><\/figure>\n\n\n\n<p>Wir liefen stetig leicht bergauf und gelangten an eine Waldkreuzung. Es f\u00fchrte eine Abzweigung hinauf zum <strong>Pico de las Nieves, <\/strong>dem h\u00f6chsten Gipfel von Gran Canaria auf 1956m, eine weitere f\u00fchrte zum <strong>Roque Nublo<\/strong>, dem Wahrzeichen von Gran Canaria. Wir folgten dem Wanderschild zum <strong>Ventana del Nublo<\/strong>, dem Wolkenfenster.<\/p>\n\n\n\n<figure class=\"wp-block-image size-large\"><img loading=\"lazy\" decoding=\"async\" width=\"1024\" height=\"769\" src=\"https:\/\/familie-weitgereist.de\/wp-content\/uploads\/2025\/11\/1000025450-1024x769.jpg\" alt=\"\" class=\"wp-image-24055\" srcset=\"https:\/\/familie-weitgereist.de\/wp-content\/uploads\/2025\/11\/1000025450-1024x769.jpg 1024w, https:\/\/familie-weitgereist.de\/wp-content\/uploads\/2025\/11\/1000025450-300x225.jpg 300w, https:\/\/familie-weitgereist.de\/wp-content\/uploads\/2025\/11\/1000025450-768x577.jpg 768w, https:\/\/familie-weitgereist.de\/wp-content\/uploads\/2025\/11\/1000025450-1200x901.jpg 1200w, https:\/\/familie-weitgereist.de\/wp-content\/uploads\/2025\/11\/1000025450-150x113.jpg 150w, https:\/\/familie-weitgereist.de\/wp-content\/uploads\/2025\/11\/1000025450.jpg 1280w\" sizes=\"auto, (max-width: 1024px) 100vw, 1024px\" \/><\/figure>\n\n\n\n<p>Anschlie\u00dfend f\u00fchrte uns der Weg leicht hinab. Wir liefen weiter durch den kanarischen Fichtenwald. Es gibt unz\u00e4hlige Kletterabenteuer f\u00fcr Kinder. Viele kleine Felsen, ein kleiner Wasserlauf und Pf\u00fctzen boten viel Spa\u00df f\u00fcr unsere Kleinen.<\/p>\n\n\n\n<div id=\"wp-block-themeisle-blocks-slider-b1391028\" class=\"wp-block-themeisle-blocks-slider glide\" data-per-view=\"1\" data-gap=\"0\" data-peek=\"0\" data-autoplay=\"true\" data-height=\"400px\" data-hide-arrows=\"false\"><div class=\"glide__track\" data-glide-el=\"track\"><div class=\"glide__slides\"><div class=\"wp-block-themeisle-blocks-slider-item-wrapper glide__slide\" tabindex=\"0\"><figure><img decoding=\"async\" class=\"wp-block-themeisle-blocks-slider-item\" src=\"https:\/\/familie-weitgereist.de\/wp-content\/uploads\/2025\/11\/1000025308-scaled.jpg\" alt=\"\" title=\"\" data-id=\"24057\"\/><\/figure><\/div><div class=\"wp-block-themeisle-blocks-slider-item-wrapper glide__slide\" tabindex=\"0\"><figure><img decoding=\"async\" class=\"wp-block-themeisle-blocks-slider-item\" src=\"https:\/\/familie-weitgereist.de\/wp-content\/uploads\/2025\/11\/1000025311-scaled.jpg\" alt=\"\" title=\"\" data-id=\"24056\"\/><\/figure><\/div><\/div><div class=\"glide__bullets\" data-glide-el=\"controls[nav]\"><button class=\"glide__bullet\" data-glide-dir=\"=0\"><\/button><button class=\"glide__bullet\" data-glide-dir=\"=1\"><\/button><\/div><\/div><\/div>\n\n\n\n<p>Angekommen beim Ventana del Nublo, waren wir direkt beeindruckt von der <strong>grandiosen<\/strong> <strong>Aussicht<\/strong>.<\/p>\n\n\n\n<figure class=\"wp-block-image size-large\"><img loading=\"lazy\" decoding=\"async\" width=\"1024\" height=\"768\" src=\"https:\/\/familie-weitgereist.de\/wp-content\/uploads\/2025\/11\/1000025367-1024x768.jpg\" alt=\"\" class=\"wp-image-24061\" srcset=\"https:\/\/familie-weitgereist.de\/wp-content\/uploads\/2025\/11\/1000025367-1024x768.jpg 1024w, https:\/\/familie-weitgereist.de\/wp-content\/uploads\/2025\/11\/1000025367-300x225.jpg 300w, https:\/\/familie-weitgereist.de\/wp-content\/uploads\/2025\/11\/1000025367-768x576.jpg 768w, https:\/\/familie-weitgereist.de\/wp-content\/uploads\/2025\/11\/1000025367-1536x1152.jpg 1536w, https:\/\/familie-weitgereist.de\/wp-content\/uploads\/2025\/11\/1000025367-2048x1536.jpg 2048w, https:\/\/familie-weitgereist.de\/wp-content\/uploads\/2025\/11\/1000025367-1200x900.jpg 1200w, https:\/\/familie-weitgereist.de\/wp-content\/uploads\/2025\/11\/1000025367-1980x1485.jpg 1980w, https:\/\/familie-weitgereist.de\/wp-content\/uploads\/2025\/11\/1000025367-150x113.jpg 150w\" sizes=\"auto, (max-width: 1024px) 100vw, 1024px\" \/><\/figure>\n\n\n\n<p>Es ist wirklich ph\u00e4nomenal und bietet einen freien Blick auf den <strong>Roque Nublo<\/strong> und den <strong>Teide von Teneriffa<\/strong>.<\/p>\n\n\n\n<figure class=\"wp-block-image size-large\"><img loading=\"lazy\" decoding=\"async\" width=\"1024\" height=\"768\" src=\"https:\/\/familie-weitgereist.de\/wp-content\/uploads\/2025\/11\/1000025344-1024x768.jpg\" alt=\"\" class=\"wp-image-24059\" srcset=\"https:\/\/familie-weitgereist.de\/wp-content\/uploads\/2025\/11\/1000025344-1024x768.jpg 1024w, https:\/\/familie-weitgereist.de\/wp-content\/uploads\/2025\/11\/1000025344-300x225.jpg 300w, https:\/\/familie-weitgereist.de\/wp-content\/uploads\/2025\/11\/1000025344-768x576.jpg 768w, https:\/\/familie-weitgereist.de\/wp-content\/uploads\/2025\/11\/1000025344-1536x1152.jpg 1536w, https:\/\/familie-weitgereist.de\/wp-content\/uploads\/2025\/11\/1000025344-2048x1536.jpg 2048w, https:\/\/familie-weitgereist.de\/wp-content\/uploads\/2025\/11\/1000025344-1200x900.jpg 1200w, https:\/\/familie-weitgereist.de\/wp-content\/uploads\/2025\/11\/1000025344-1980x1485.jpg 1980w, https:\/\/familie-weitgereist.de\/wp-content\/uploads\/2025\/11\/1000025344-150x113.jpg 150w\" sizes=\"auto, (max-width: 1024px) 100vw, 1024px\" \/><\/figure>\n\n\n\n<p>Wir liefen den gleichen Weg zur\u00fcck nach Bailico.<\/p>\n\n\n\n<p><\/p>\n","protected":false},"excerpt":{"rendered":"<p>W\u00e4hrend unseres langen Aufenthaltes auf Gran Canaria haben wir sehr viele wundersch\u00f6ne Wanderungen auf Gran Canaria unternommen. Die Landschaft ist sehr vielseitig und die Insel hat 14 verschiedene Mikroklimazonen, somit kann \u00fcberall auf der Insel etwas tolles entdeckt werden. Auf unseren Reisen haben wir schon viele tolle Wanderungen auf der Insel unternommen. Im Fr\u00fchling 2024 [&hellip;]<\/p>\n","protected":false},"author":3,"featured_media":24511,"comment_status":"open","ping_status":"open","sticky":false,"template":"","format":"standard","meta":{"_themeisle_gutenberg_block_has_review":false,"footnotes":""},"categories":[246,8,4],"tags":[1827,1748,1896,1816,1882,1303,882,1689,1912,901,1825,1298,1889,1742,1911,1913,1917,1828,892,1741,1922,1918,1927,1923,1856,896,895,1686,1855,1893,885,1818,143,1926,1688,1824,1826],"class_list":["post-23464","post","type-post","status-publish","format-standard","has-post-thumbnail","hentry","category-spanien","category-europa","category-laender","tag-barranco-de-las-vacas","tag-barranco-de-los-cernicalos","tag-barranco-de-tiritana","tag-barranco-del-alamo","tag-barranco-hondo","tag-bufadero","tag-caldera-de-bandama","tag-cuatro-puertas","tag-el-confital","tag-gran-canaria","tag-jardin-botanico-canaria","tag-kanaren","tag-la-fortaleza-de-ansite","tag-la-garita","tag-la-isleta","tag-las-coloradas","tag-los-azulejos","tag-los-moriscos","tag-los-tilos-de-moya","tag-melenara","tag-mirador-de-montana-alta","tag-mirador-de-veneguera","tag-mirador-llanos-de-la-mimbre","tag-monte-pavon","tag-pico-de-bandama","tag-pico-de-la-gorra","tag-pico-de-las-nieves","tag-presa-de-las-ninas","tag-roque-bentayga","tag-roque-de-la-vela","tag-roque-nublo","tag-salinetas","tag-spanien","tag-tamadaba","tag-telde","tag-ventana-del-nublo","tag-viera-y-clavijo"],"_links":{"self":[{"href":"https:\/\/familie-weitgereist.de\/index.php?rest_route=\/wp\/v2\/posts\/23464","targetHints":{"allow":["GET"]}}],"collection":[{"href":"https:\/\/familie-weitgereist.de\/index.php?rest_route=\/wp\/v2\/posts"}],"about":[{"href":"https:\/\/familie-weitgereist.de\/index.php?rest_route=\/wp\/v2\/types\/post"}],"author":[{"embeddable":true,"href":"https:\/\/familie-weitgereist.de\/index.php?rest_route=\/wp\/v2\/users\/3"}],"replies":[{"embeddable":true,"href":"https:\/\/familie-weitgereist.de\/index.php?rest_route=%2Fwp%2Fv2%2Fcomments&post=23464"}],"version-history":[{"count":134,"href":"https:\/\/familie-weitgereist.de\/index.php?rest_route=\/wp\/v2\/posts\/23464\/revisions"}],"predecessor-version":[{"id":25373,"href":"https:\/\/familie-weitgereist.de\/index.php?rest_route=\/wp\/v2\/posts\/23464\/revisions\/25373"}],"wp:featuredmedia":[{"embeddable":true,"href":"https:\/\/familie-weitgereist.de\/index.php?rest_route=\/wp\/v2\/media\/24511"}],"wp:attachment":[{"href":"https:\/\/familie-weitgereist.de\/index.php?rest_route=%2Fwp%2Fv2%2Fmedia&parent=23464"}],"wp:term":[{"taxonomy":"category","embeddable":true,"href":"https:\/\/familie-weitgereist.de\/index.php?rest_route=%2Fwp%2Fv2%2Fcategories&post=23464"},{"taxonomy":"post_tag","embeddable":true,"href":"https:\/\/familie-weitgereist.de\/index.php?rest_route=%2Fwp%2Fv2%2Ftags&post=23464"}],"curies":[{"name":"wp","href":"https:\/\/api.w.org\/{rel}","templated":true}]}}