{"id":2334,"date":"2020-12-25T10:05:02","date_gmt":"2020-12-25T09:05:02","guid":{"rendered":"https:\/\/familie-weitgereist.de\/?p=2334"},"modified":"2025-11-13T18:32:06","modified_gmt":"2025-11-13T17:32:06","slug":"unser-reiserueckblick-fuer-2020","status":"publish","type":"post","link":"https:\/\/familie-weitgereist.de\/?p=2334","title":{"rendered":"Unser Reiser\u00fcckblick f\u00fcr 2020"},"content":{"rendered":"\n<p>Nach all den Wirren und Unabw\u00e4gbarkeiten zu Beginn des Jahres 2020, freue ich mich umso mehr, einen wundersch\u00f6nen Reiser\u00fcckblick schreiben zu k\u00f6nnen. <\/p>\n\n\n\n<p>Da wir sowieso immer spontan entscheiden, wo es als n\u00e4chstes hingeht, hatten wir nahezu keine Pl\u00e4ne, die ver\u00e4ndert werden mussten. Wir haben immer wieder spontane Entscheidungen getroffen und ein sehr sch\u00f6nes Reisejahr verbracht. <\/p>\n\n\n\n<p>Das Jahr 2020 begann, wie f\u00fcr uns immer, irgendwo auf der Welt. Da wir seit vielen Jahren \u00fcber den Jahreswechsel verreisen, startet und endet ein jedes Jahr an einem aufregenden Ort. <\/p>\n\n\n\n<p>Wir waren \u00fcber Weihnachten und Silvester auf den <strong><a href=\"https:\/\/familie-weitgereist.de\/?p=912\">F\u00e4r\u00f6er Inseln<\/a><\/strong> und liebten diese au\u00dfergew\u00f6hnlichen Inseln mitten im Atlantik. Wir wanderten allein in atemberaubender Natur, lernten die lieben Einheimischen kennen und erlebten ein Weihnachten auf F\u00e4r\u00f6isch. <\/p>\n\n\n\n<figure class=\"wp-block-image size-large\"><img loading=\"lazy\" decoding=\"async\" width=\"1024\" height=\"682\" src=\"https:\/\/familie-weitgereist.de\/wp-content\/uploads\/2020\/12\/1577984888160748-13-1024x682.jpg\" alt=\"\" class=\"wp-image-2338\" srcset=\"https:\/\/familie-weitgereist.de\/wp-content\/uploads\/2020\/12\/1577984888160748-13-1024x682.jpg 1024w, https:\/\/familie-weitgereist.de\/wp-content\/uploads\/2020\/12\/1577984888160748-13-300x200.jpg 300w, https:\/\/familie-weitgereist.de\/wp-content\/uploads\/2020\/12\/1577984888160748-13-768x512.jpg 768w, https:\/\/familie-weitgereist.de\/wp-content\/uploads\/2020\/12\/1577984888160748-13-1536x1023.jpg 1536w, https:\/\/familie-weitgereist.de\/wp-content\/uploads\/2020\/12\/1577984888160748-13-1200x800.jpg 1200w, https:\/\/familie-weitgereist.de\/wp-content\/uploads\/2020\/12\/1577984888160748-13-150x100.jpg 150w, https:\/\/familie-weitgereist.de\/wp-content\/uploads\/2020\/12\/1577984888160748-13.jpg 1600w\" sizes=\"auto, (max-width: 1024px) 100vw, 1024px\" \/><figcaption class=\"wp-element-caption\">F\u00e4r\u00f6er Inseln<\/figcaption><\/figure>\n\n\n\n<p>Die n\u00e4chste geplante Reise, war unser, mittlerweile zur Tradition gewordener Geburtstagstrip meiner Mutti zu Ostern. Diese Reise w\u00e4re nach Menorca gegangen. Leider wurde uns diese Reise storniert. <\/p>\n\n\n\n<p>Trotzdem haben wir viel Zeit in der Natur verbracht, waren wandern, Fahrrad fahren und Kanu fahren. Es ging zwar nicht so weit weg. Daf\u00fcr lernten wir unsere n\u00e4here Umgebung umso besser kennen. Viele kleine Tagestouren haben wir w\u00e4hrend dieser irren Zeit unternommen. Wir waren in <strong><a href=\"https:\/\/familie-weitgereist.de\/?p=911\">Brandenburg und Sachsen<\/a><\/strong> unterwegs. <\/p>\n\n\n\n<figure class=\"wp-block-image size-large\"><img loading=\"lazy\" decoding=\"async\" width=\"1024\" height=\"768\" src=\"https:\/\/familie-weitgereist.de\/wp-content\/uploads\/2020\/12\/IMG_20200509_141525-1024x768.jpg\" alt=\"\" class=\"wp-image-2389\" srcset=\"https:\/\/familie-weitgereist.de\/wp-content\/uploads\/2020\/12\/IMG_20200509_141525-1024x768.jpg 1024w, https:\/\/familie-weitgereist.de\/wp-content\/uploads\/2020\/12\/IMG_20200509_141525-300x225.jpg 300w, https:\/\/familie-weitgereist.de\/wp-content\/uploads\/2020\/12\/IMG_20200509_141525-768x576.jpg 768w, https:\/\/familie-weitgereist.de\/wp-content\/uploads\/2020\/12\/IMG_20200509_141525-1536x1152.jpg 1536w, https:\/\/familie-weitgereist.de\/wp-content\/uploads\/2020\/12\/IMG_20200509_141525-2048x1536.jpg 2048w, https:\/\/familie-weitgereist.de\/wp-content\/uploads\/2020\/12\/IMG_20200509_141525-1200x900.jpg 1200w, https:\/\/familie-weitgereist.de\/wp-content\/uploads\/2020\/12\/IMG_20200509_141525-1980x1485.jpg 1980w, https:\/\/familie-weitgereist.de\/wp-content\/uploads\/2020\/12\/IMG_20200509_141525-853x640.jpg 853w, https:\/\/familie-weitgereist.de\/wp-content\/uploads\/2020\/12\/IMG_20200509_141525-150x113.jpg 150w\" sizes=\"auto, (max-width: 1024px) 100vw, 1024px\" \/><figcaption class=\"wp-element-caption\">Im Spreewald<\/figcaption><\/figure>\n\n\n\n<figure class=\"wp-block-image size-large\"><img loading=\"lazy\" decoding=\"async\" width=\"1024\" height=\"768\" src=\"https:\/\/familie-weitgereist.de\/wp-content\/uploads\/2020\/12\/IMG_20200418_123139-1024x768.jpg\" alt=\"\" class=\"wp-image-2339\" srcset=\"https:\/\/familie-weitgereist.de\/wp-content\/uploads\/2020\/12\/IMG_20200418_123139-1024x768.jpg 1024w, https:\/\/familie-weitgereist.de\/wp-content\/uploads\/2020\/12\/IMG_20200418_123139-300x225.jpg 300w, https:\/\/familie-weitgereist.de\/wp-content\/uploads\/2020\/12\/IMG_20200418_123139-768x576.jpg 768w, https:\/\/familie-weitgereist.de\/wp-content\/uploads\/2020\/12\/IMG_20200418_123139-1536x1152.jpg 1536w, https:\/\/familie-weitgereist.de\/wp-content\/uploads\/2020\/12\/IMG_20200418_123139-2048x1536.jpg 2048w, https:\/\/familie-weitgereist.de\/wp-content\/uploads\/2020\/12\/IMG_20200418_123139-1200x900.jpg 1200w, https:\/\/familie-weitgereist.de\/wp-content\/uploads\/2020\/12\/IMG_20200418_123139-1980x1485.jpg 1980w, https:\/\/familie-weitgereist.de\/wp-content\/uploads\/2020\/12\/IMG_20200418_123139-853x640.jpg 853w, https:\/\/familie-weitgereist.de\/wp-content\/uploads\/2020\/12\/IMG_20200418_123139-150x113.jpg 150w\" sizes=\"auto, (max-width: 1024px) 100vw, 1024px\" \/><figcaption class=\"wp-element-caption\">Wandern im Schlaubetal<\/figcaption><\/figure>\n\n\n\n<p>In den Sommerferien konnten wir endlich wieder etwas weiter verreisen. Juhu! Wir haben uns so sehr darauf gefreut! <\/p>\n\n\n\n<p>Wir waren meine kompletten Sommerferien unterwegs, diesmal innerhalb Europas und ohne Flugzeug, daf\u00fcr mit dem Auto, Zug und Bus. <\/p>\n\n\n\n<p>Unsere Reise startete in <strong><a href=\"https:\/\/familie-weitgereist.de\/?p=910\">Pfronten<\/a><\/strong>, einem kleinen Allg\u00e4uer D\u00f6rfchen nahe der \u00f6sterreichischen Grenze. Von dort wanderten wir in den Allg\u00e4uer Alpen, besuchten den Bodensee und die Insel Mainau, gingen in \u00d6sterreich in die Alpentherme Ehrenberg und verbrachten jeden Tag mehrere Stunden in der Natur. Das, wie ich finde, ist das Sch\u00f6nste! <\/p>\n\n\n\n<figure class=\"wp-block-image size-large\"><img loading=\"lazy\" decoding=\"async\" width=\"1024\" height=\"768\" src=\"https:\/\/familie-weitgereist.de\/wp-content\/uploads\/2020\/12\/1594240855888824-3-1024x768.jpg\" alt=\"\" class=\"wp-image-2342\" srcset=\"https:\/\/familie-weitgereist.de\/wp-content\/uploads\/2020\/12\/1594240855888824-3-1024x768.jpg 1024w, https:\/\/familie-weitgereist.de\/wp-content\/uploads\/2020\/12\/1594240855888824-3-300x225.jpg 300w, https:\/\/familie-weitgereist.de\/wp-content\/uploads\/2020\/12\/1594240855888824-3-768x576.jpg 768w, https:\/\/familie-weitgereist.de\/wp-content\/uploads\/2020\/12\/1594240855888824-3-1536x1152.jpg 1536w, https:\/\/familie-weitgereist.de\/wp-content\/uploads\/2020\/12\/1594240855888824-3-1200x900.jpg 1200w, https:\/\/familie-weitgereist.de\/wp-content\/uploads\/2020\/12\/1594240855888824-3-853x640.jpg 853w, https:\/\/familie-weitgereist.de\/wp-content\/uploads\/2020\/12\/1594240855888824-3-150x113.jpg 150w, https:\/\/familie-weitgereist.de\/wp-content\/uploads\/2020\/12\/1594240855888824-3.jpg 1600w\" sizes=\"auto, (max-width: 1024px) 100vw, 1024px\" \/><figcaption class=\"wp-element-caption\">Insel Mainau<\/figcaption><\/figure>\n\n\n\n<figure class=\"wp-block-image size-large\"><img loading=\"lazy\" decoding=\"async\" width=\"768\" height=\"1024\" src=\"https:\/\/familie-weitgereist.de\/wp-content\/uploads\/2020\/12\/1594277661790722-0-768x1024.jpg\" alt=\"\" class=\"wp-image-2343\" srcset=\"https:\/\/familie-weitgereist.de\/wp-content\/uploads\/2020\/12\/1594277661790722-0-768x1024.jpg 768w, https:\/\/familie-weitgereist.de\/wp-content\/uploads\/2020\/12\/1594277661790722-0-225x300.jpg 225w, https:\/\/familie-weitgereist.de\/wp-content\/uploads\/2020\/12\/1594277661790722-0-1152x1536.jpg 1152w, https:\/\/familie-weitgereist.de\/wp-content\/uploads\/2020\/12\/1594277661790722-0-640x853.jpg 640w, https:\/\/familie-weitgereist.de\/wp-content\/uploads\/2020\/12\/1594277661790722-0-150x200.jpg 150w, https:\/\/familie-weitgereist.de\/wp-content\/uploads\/2020\/12\/1594277661790722-0.jpg 1200w\" sizes=\"auto, (max-width: 768px) 100vw, 768px\" \/><\/figure>\n\n\n\n<p>Anschlie\u00dfend haben wir noch eine Woche am <strong>Reschensee, Vinschgau<\/strong> im wundersch\u00f6nen <strong><a href=\"https:\/\/familie-weitgereist.de\/?p=909\">S\u00fcdtirol<\/a><\/strong> verbracht. Wir waren \u00fcberrascht, \u00fcber die enorm pr\u00e4sente deutsche Sprache und haben uns wirklich gar nicht, wie in Italien gef\u00fchlt. Auch hier waren wir jeden Tag wandern. Das Wetter war nahezu immer traumhaft, selbst an einem Regentag zog es uns trotzdem nach drau\u00dfen. <\/p>\n\n\n\n<figure class=\"wp-block-image size-large\"><img loading=\"lazy\" decoding=\"async\" width=\"768\" height=\"1024\" src=\"https:\/\/familie-weitgereist.de\/wp-content\/uploads\/2020\/12\/1594759589802233-7-768x1024.jpg\" alt=\"\" class=\"wp-image-2345\" srcset=\"https:\/\/familie-weitgereist.de\/wp-content\/uploads\/2020\/12\/1594759589802233-7-768x1024.jpg 768w, https:\/\/familie-weitgereist.de\/wp-content\/uploads\/2020\/12\/1594759589802233-7-225x300.jpg 225w, https:\/\/familie-weitgereist.de\/wp-content\/uploads\/2020\/12\/1594759589802233-7-1152x1536.jpg 1152w, https:\/\/familie-weitgereist.de\/wp-content\/uploads\/2020\/12\/1594759589802233-7-640x853.jpg 640w, https:\/\/familie-weitgereist.de\/wp-content\/uploads\/2020\/12\/1594759589802233-7-150x200.jpg 150w, https:\/\/familie-weitgereist.de\/wp-content\/uploads\/2020\/12\/1594759589802233-7.jpg 1200w\" sizes=\"auto, (max-width: 768px) 100vw, 768px\" \/><figcaption class=\"wp-element-caption\">Wei\u00dfkugelh\u00fctte, 2557m<\/figcaption><\/figure>\n\n\n\n<figure class=\"wp-block-image size-large\"><img loading=\"lazy\" decoding=\"async\" width=\"1024\" height=\"768\" src=\"https:\/\/familie-weitgereist.de\/wp-content\/uploads\/2020\/12\/1594758617579773-1-1024x768.jpg\" alt=\"\" class=\"wp-image-2347\" srcset=\"https:\/\/familie-weitgereist.de\/wp-content\/uploads\/2020\/12\/1594758617579773-1-1024x768.jpg 1024w, https:\/\/familie-weitgereist.de\/wp-content\/uploads\/2020\/12\/1594758617579773-1-300x225.jpg 300w, https:\/\/familie-weitgereist.de\/wp-content\/uploads\/2020\/12\/1594758617579773-1-768x576.jpg 768w, https:\/\/familie-weitgereist.de\/wp-content\/uploads\/2020\/12\/1594758617579773-1-1536x1152.jpg 1536w, https:\/\/familie-weitgereist.de\/wp-content\/uploads\/2020\/12\/1594758617579773-1-1200x900.jpg 1200w, https:\/\/familie-weitgereist.de\/wp-content\/uploads\/2020\/12\/1594758617579773-1-853x640.jpg 853w, https:\/\/familie-weitgereist.de\/wp-content\/uploads\/2020\/12\/1594758617579773-1-150x113.jpg 150w, https:\/\/familie-weitgereist.de\/wp-content\/uploads\/2020\/12\/1594758617579773-1.jpg 1600w\" sizes=\"auto, (max-width: 1024px) 100vw, 1024px\" \/><figcaption class=\"wp-element-caption\">Reschensee<\/figcaption><\/figure>\n\n\n\n<p>Nach den wanderreichen Tagen im Vinschgau fuhren wir mit Bus und Bahn in die <strong><a href=\"https:\/\/familie-weitgereist.de\/?p=908\">Schweiz<\/a><\/strong>. Die Schweiz hatten wir bis dato noch nie bereist und sind nun so begeistert, dort gewesen zu sein.<\/p>\n\n\n\n<p>Wir besuchten viele St\u00e4dte, diesmal weniger die Berge, da es sich logistisch ohne Auto doch etwas schwieriger gestaltete. <\/p>\n\n\n\n<p>Wir starteten unseren Backbacking Trip durch die Schweiz in <strong>Chur<\/strong>, der \u00e4ltesten schweizerischen Stadt. Anschlie\u00dfend besuchten wir <strong>Lugano<\/strong>, im schweizer Tessin. Eine traumhafte Stadt mit s\u00fcdlichem Flair. Palmen s\u00e4umen die Stra\u00dfen, es wird italienisch gesprochen, der Luganer See und wir mittendrin auf einem herrlichen Campingplatz. Wir besuchten <strong>Locarno<\/strong> und <strong>Luzern<\/strong> mit seinem <strong>Vierwaldst\u00e4ttersee<\/strong>. Als letzte Stadt, bevor es uns wieder in die Berge zog, besuchten wir <strong>Z\u00fcrich<\/strong>.<\/p>\n\n\n\n<figure class=\"wp-block-image size-large\"><img loading=\"lazy\" decoding=\"async\" width=\"1024\" height=\"768\" src=\"https:\/\/familie-weitgereist.de\/wp-content\/uploads\/2020\/12\/1595601989187088-0-1024x768.jpg\" alt=\"\" class=\"wp-image-2352\" srcset=\"https:\/\/familie-weitgereist.de\/wp-content\/uploads\/2020\/12\/1595601989187088-0-1024x768.jpg 1024w, https:\/\/familie-weitgereist.de\/wp-content\/uploads\/2020\/12\/1595601989187088-0-300x225.jpg 300w, https:\/\/familie-weitgereist.de\/wp-content\/uploads\/2020\/12\/1595601989187088-0-768x576.jpg 768w, https:\/\/familie-weitgereist.de\/wp-content\/uploads\/2020\/12\/1595601989187088-0-1536x1152.jpg 1536w, https:\/\/familie-weitgereist.de\/wp-content\/uploads\/2020\/12\/1595601989187088-0-1200x900.jpg 1200w, https:\/\/familie-weitgereist.de\/wp-content\/uploads\/2020\/12\/1595601989187088-0-853x640.jpg 853w, https:\/\/familie-weitgereist.de\/wp-content\/uploads\/2020\/12\/1595601989187088-0-150x113.jpg 150w, https:\/\/familie-weitgereist.de\/wp-content\/uploads\/2020\/12\/1595601989187088-0.jpg 1600w\" sizes=\"auto, (max-width: 1024px) 100vw, 1024px\" \/><figcaption class=\"wp-element-caption\">Lugano<\/figcaption><\/figure>\n\n\n\n<figure class=\"wp-block-image size-large\"><img loading=\"lazy\" decoding=\"async\" width=\"768\" height=\"1024\" src=\"https:\/\/familie-weitgereist.de\/wp-content\/uploads\/2020\/12\/1595603807753377-3-768x1024.jpg\" alt=\"\" class=\"wp-image-2353\" srcset=\"https:\/\/familie-weitgereist.de\/wp-content\/uploads\/2020\/12\/1595603807753377-3-768x1024.jpg 768w, https:\/\/familie-weitgereist.de\/wp-content\/uploads\/2020\/12\/1595603807753377-3-225x300.jpg 225w, https:\/\/familie-weitgereist.de\/wp-content\/uploads\/2020\/12\/1595603807753377-3-1152x1536.jpg 1152w, https:\/\/familie-weitgereist.de\/wp-content\/uploads\/2020\/12\/1595603807753377-3-640x853.jpg 640w, https:\/\/familie-weitgereist.de\/wp-content\/uploads\/2020\/12\/1595603807753377-3-150x200.jpg 150w, https:\/\/familie-weitgereist.de\/wp-content\/uploads\/2020\/12\/1595603807753377-3.jpg 1200w\" sizes=\"auto, (max-width: 768px) 100vw, 768px\" \/><figcaption class=\"wp-element-caption\">Luzern<\/figcaption><\/figure>\n\n\n\n<p>Mein absolutes Highlight dieses Jahr war <strong><a href=\"https:\/\/familie-weitgereist.de\/?p=907\">Liechtenstein<\/a><\/strong>! Wir waren noch nie zuvor in diesem kleinen Bergstaat und waren so so so begeistert! Die Berge, die geniale Infrastruktur, der Campingplatz. Wir hatten eine wundersch\u00f6ne Woche in Liechtenstein und es ist eine absolute Empfehlung von uns, selbst einmal dieses grandiose Land zu bereisen. <\/p>\n\n\n\n<p>Wir waren jeden Tag wandern. Die Landschaft ist grandios. Die Berge und die traumhaften Ausblicke nach \u00d6sterreich, in die Schweiz und auch zum Bodensee in Deutschland machen den steilen Aufstieg erstrebenswert. Liechtenstein ist auch kulturell so interessant und da die Menschen deutsch sprechen, f\u00fchlt man sich fast wie zu Hause. <\/p>\n\n\n\n<figure class=\"wp-block-image size-large\"><img loading=\"lazy\" decoding=\"async\" width=\"1024\" height=\"682\" src=\"https:\/\/familie-weitgereist.de\/wp-content\/uploads\/2020\/12\/1596310161552654-0-1024x682.jpg\" alt=\"\" class=\"wp-image-2356\" srcset=\"https:\/\/familie-weitgereist.de\/wp-content\/uploads\/2020\/12\/1596310161552654-0-1024x682.jpg 1024w, https:\/\/familie-weitgereist.de\/wp-content\/uploads\/2020\/12\/1596310161552654-0-300x200.jpg 300w, https:\/\/familie-weitgereist.de\/wp-content\/uploads\/2020\/12\/1596310161552654-0-768x512.jpg 768w, https:\/\/familie-weitgereist.de\/wp-content\/uploads\/2020\/12\/1596310161552654-0-1536x1023.jpg 1536w, https:\/\/familie-weitgereist.de\/wp-content\/uploads\/2020\/12\/1596310161552654-0-1200x800.jpg 1200w, https:\/\/familie-weitgereist.de\/wp-content\/uploads\/2020\/12\/1596310161552654-0-150x100.jpg 150w, https:\/\/familie-weitgereist.de\/wp-content\/uploads\/2020\/12\/1596310161552654-0.jpg 1600w\" sizes=\"auto, (max-width: 1024px) 100vw, 1024px\" \/><figcaption class=\"wp-element-caption\">F\u00fcrstensteig<\/figcaption><\/figure>\n\n\n\n<figure class=\"wp-block-image size-large\"><img loading=\"lazy\" decoding=\"async\" width=\"1024\" height=\"682\" src=\"https:\/\/familie-weitgereist.de\/wp-content\/uploads\/2020\/12\/1596309798091539-6-1024x682.jpg\" alt=\"\" class=\"wp-image-2357\" srcset=\"https:\/\/familie-weitgereist.de\/wp-content\/uploads\/2020\/12\/1596309798091539-6-1024x682.jpg 1024w, https:\/\/familie-weitgereist.de\/wp-content\/uploads\/2020\/12\/1596309798091539-6-300x200.jpg 300w, https:\/\/familie-weitgereist.de\/wp-content\/uploads\/2020\/12\/1596309798091539-6-768x512.jpg 768w, https:\/\/familie-weitgereist.de\/wp-content\/uploads\/2020\/12\/1596309798091539-6-1536x1023.jpg 1536w, https:\/\/familie-weitgereist.de\/wp-content\/uploads\/2020\/12\/1596309798091539-6-1200x800.jpg 1200w, https:\/\/familie-weitgereist.de\/wp-content\/uploads\/2020\/12\/1596309798091539-6-150x100.jpg 150w, https:\/\/familie-weitgereist.de\/wp-content\/uploads\/2020\/12\/1596309798091539-6.jpg 1600w\" sizes=\"auto, (max-width: 1024px) 100vw, 1024px\" \/><figcaption class=\"wp-element-caption\">Sareiserjoch<\/figcaption><\/figure>\n\n\n\n<figure class=\"wp-block-image size-large\"><img loading=\"lazy\" decoding=\"async\" width=\"1024\" height=\"682\" src=\"https:\/\/familie-weitgereist.de\/wp-content\/uploads\/2020\/12\/1596310136733689-4-1024x682.jpg\" alt=\"\" class=\"wp-image-2358\" srcset=\"https:\/\/familie-weitgereist.de\/wp-content\/uploads\/2020\/12\/1596310136733689-4-1024x682.jpg 1024w, https:\/\/familie-weitgereist.de\/wp-content\/uploads\/2020\/12\/1596310136733689-4-300x200.jpg 300w, https:\/\/familie-weitgereist.de\/wp-content\/uploads\/2020\/12\/1596310136733689-4-768x512.jpg 768w, https:\/\/familie-weitgereist.de\/wp-content\/uploads\/2020\/12\/1596310136733689-4-1536x1023.jpg 1536w, https:\/\/familie-weitgereist.de\/wp-content\/uploads\/2020\/12\/1596310136733689-4-1200x800.jpg 1200w, https:\/\/familie-weitgereist.de\/wp-content\/uploads\/2020\/12\/1596310136733689-4-150x100.jpg 150w, https:\/\/familie-weitgereist.de\/wp-content\/uploads\/2020\/12\/1596310136733689-4.jpg 1600w\" sizes=\"auto, (max-width: 1024px) 100vw, 1024px\" \/><figcaption class=\"wp-element-caption\">Murmeltier<\/figcaption><\/figure>\n\n\n\n<figure class=\"wp-block-image size-large\"><img loading=\"lazy\" decoding=\"async\" width=\"1024\" height=\"768\" src=\"https:\/\/familie-weitgereist.de\/wp-content\/uploads\/2020\/12\/1596234936293443-9-1024x768.jpg\" alt=\"\" class=\"wp-image-2359\" srcset=\"https:\/\/familie-weitgereist.de\/wp-content\/uploads\/2020\/12\/1596234936293443-9-1024x768.jpg 1024w, https:\/\/familie-weitgereist.de\/wp-content\/uploads\/2020\/12\/1596234936293443-9-300x225.jpg 300w, https:\/\/familie-weitgereist.de\/wp-content\/uploads\/2020\/12\/1596234936293443-9-768x576.jpg 768w, https:\/\/familie-weitgereist.de\/wp-content\/uploads\/2020\/12\/1596234936293443-9-1536x1152.jpg 1536w, https:\/\/familie-weitgereist.de\/wp-content\/uploads\/2020\/12\/1596234936293443-9-1200x900.jpg 1200w, https:\/\/familie-weitgereist.de\/wp-content\/uploads\/2020\/12\/1596234936293443-9-853x640.jpg 853w, https:\/\/familie-weitgereist.de\/wp-content\/uploads\/2020\/12\/1596234936293443-9-150x113.jpg 150w, https:\/\/familie-weitgereist.de\/wp-content\/uploads\/2020\/12\/1596234936293443-9.jpg 1600w\" sizes=\"auto, (max-width: 1024px) 100vw, 1024px\" \/><figcaption class=\"wp-element-caption\">Schloss Vaduz<\/figcaption><\/figure>\n\n\n\n<figure class=\"wp-block-image size-large\"><img loading=\"lazy\" decoding=\"async\" width=\"1024\" height=\"768\" src=\"https:\/\/familie-weitgereist.de\/wp-content\/uploads\/2020\/12\/1596234977103537-1-1024x768.jpg\" alt=\"\" class=\"wp-image-2360\" srcset=\"https:\/\/familie-weitgereist.de\/wp-content\/uploads\/2020\/12\/1596234977103537-1-1024x768.jpg 1024w, https:\/\/familie-weitgereist.de\/wp-content\/uploads\/2020\/12\/1596234977103537-1-300x225.jpg 300w, https:\/\/familie-weitgereist.de\/wp-content\/uploads\/2020\/12\/1596234977103537-1-768x576.jpg 768w, https:\/\/familie-weitgereist.de\/wp-content\/uploads\/2020\/12\/1596234977103537-1-1536x1152.jpg 1536w, https:\/\/familie-weitgereist.de\/wp-content\/uploads\/2020\/12\/1596234977103537-1-1200x900.jpg 1200w, https:\/\/familie-weitgereist.de\/wp-content\/uploads\/2020\/12\/1596234977103537-1-853x640.jpg 853w, https:\/\/familie-weitgereist.de\/wp-content\/uploads\/2020\/12\/1596234977103537-1-150x113.jpg 150w, https:\/\/familie-weitgereist.de\/wp-content\/uploads\/2020\/12\/1596234977103537-1.jpg 1600w\" sizes=\"auto, (max-width: 1024px) 100vw, 1024px\" \/><figcaption class=\"wp-element-caption\">H\u00f6henweg zu den &#8222;Drei Schwestern&#8220;<\/figcaption><\/figure>\n\n\n\n<p>Unser Sommerurlaub endete mit einem Zwischenstopp in <strong><a href=\"https:\/\/familie-weitgereist.de\/?p=906\">Innsbruck, \u00d6sterreich<\/a><\/strong>. Wir sind mit dem Zug nach Hause gefahren und wollten zum einen nicht, dass die Zugfahrt so lang wird, zum anderen hatten wir noch ein paar Urlaubstage frei. <\/p>\n\n\n\n<figure class=\"wp-block-image size-large\"><img loading=\"lazy\" decoding=\"async\" width=\"1024\" height=\"682\" src=\"https:\/\/familie-weitgereist.de\/wp-content\/uploads\/2020\/12\/1596397982064504-0-1024x682.jpg\" alt=\"\" class=\"wp-image-2364\" srcset=\"https:\/\/familie-weitgereist.de\/wp-content\/uploads\/2020\/12\/1596397982064504-0-1024x682.jpg 1024w, https:\/\/familie-weitgereist.de\/wp-content\/uploads\/2020\/12\/1596397982064504-0-300x200.jpg 300w, https:\/\/familie-weitgereist.de\/wp-content\/uploads\/2020\/12\/1596397982064504-0-768x512.jpg 768w, https:\/\/familie-weitgereist.de\/wp-content\/uploads\/2020\/12\/1596397982064504-0-1536x1023.jpg 1536w, https:\/\/familie-weitgereist.de\/wp-content\/uploads\/2020\/12\/1596397982064504-0-1200x800.jpg 1200w, https:\/\/familie-weitgereist.de\/wp-content\/uploads\/2020\/12\/1596397982064504-0-150x100.jpg 150w, https:\/\/familie-weitgereist.de\/wp-content\/uploads\/2020\/12\/1596397982064504-0.jpg 1600w\" sizes=\"auto, (max-width: 1024px) 100vw, 1024px\" \/><figcaption class=\"wp-element-caption\">Innsbruck<\/figcaption><\/figure>\n\n\n\n<p>An einem wundersch\u00f6nen verl\u00e4ngerten Wochenende im August haben wir einen Kurztrip nach <strong><a href=\"https:\/\/familie-weitgereist.de\/?p=905\">Stettin in Polen<\/a><\/strong> unternommen. Wir haben schon einige St\u00e4dte in Polen besucht und sind immer wieder \u00fcber die sch\u00f6nen Altst\u00e4dte begeistert. Stettin hat eine kleine und feine Altstadt und tolle Stadtparks. <\/p>\n\n\n\n<figure class=\"wp-block-image size-large\"><img loading=\"lazy\" decoding=\"async\" width=\"1024\" height=\"768\" src=\"https:\/\/familie-weitgereist.de\/wp-content\/uploads\/2020\/12\/1596954168397462-0-1024x768.jpg\" alt=\"\" class=\"wp-image-2366\" srcset=\"https:\/\/familie-weitgereist.de\/wp-content\/uploads\/2020\/12\/1596954168397462-0-1024x768.jpg 1024w, https:\/\/familie-weitgereist.de\/wp-content\/uploads\/2020\/12\/1596954168397462-0-300x225.jpg 300w, https:\/\/familie-weitgereist.de\/wp-content\/uploads\/2020\/12\/1596954168397462-0-768x576.jpg 768w, https:\/\/familie-weitgereist.de\/wp-content\/uploads\/2020\/12\/1596954168397462-0-1536x1152.jpg 1536w, https:\/\/familie-weitgereist.de\/wp-content\/uploads\/2020\/12\/1596954168397462-0-1200x900.jpg 1200w, https:\/\/familie-weitgereist.de\/wp-content\/uploads\/2020\/12\/1596954168397462-0-853x640.jpg 853w, https:\/\/familie-weitgereist.de\/wp-content\/uploads\/2020\/12\/1596954168397462-0-150x113.jpg 150w, https:\/\/familie-weitgereist.de\/wp-content\/uploads\/2020\/12\/1596954168397462-0.jpg 1600w\" sizes=\"auto, (max-width: 1024px) 100vw, 1024px\" \/><figcaption class=\"wp-element-caption\">Stettin<\/figcaption><\/figure>\n\n\n\n<p>Von Stettin sind wir mit dem Zug nach Misdroy gefahren, an die polnische Ostsee, nahe der Insel Usedom. Dort verbrachten wir einen wunderbaren Tag am Strand beim Baden in der Ostsee.<\/p>\n\n\n\n<figure class=\"wp-block-image size-large\"><img loading=\"lazy\" decoding=\"async\" width=\"1024\" height=\"682\" src=\"https:\/\/familie-weitgereist.de\/wp-content\/uploads\/2020\/12\/1596913563058806-10-1024x682.jpg\" alt=\"\" class=\"wp-image-2367\" srcset=\"https:\/\/familie-weitgereist.de\/wp-content\/uploads\/2020\/12\/1596913563058806-10-1024x682.jpg 1024w, https:\/\/familie-weitgereist.de\/wp-content\/uploads\/2020\/12\/1596913563058806-10-300x200.jpg 300w, https:\/\/familie-weitgereist.de\/wp-content\/uploads\/2020\/12\/1596913563058806-10-768x512.jpg 768w, https:\/\/familie-weitgereist.de\/wp-content\/uploads\/2020\/12\/1596913563058806-10-1536x1023.jpg 1536w, https:\/\/familie-weitgereist.de\/wp-content\/uploads\/2020\/12\/1596913563058806-10-1200x800.jpg 1200w, https:\/\/familie-weitgereist.de\/wp-content\/uploads\/2020\/12\/1596913563058806-10-150x100.jpg 150w, https:\/\/familie-weitgereist.de\/wp-content\/uploads\/2020\/12\/1596913563058806-10.jpg 1600w\" sizes=\"auto, (max-width: 1024px) 100vw, 1024px\" \/><figcaption class=\"wp-element-caption\">Misdroy<\/figcaption><\/figure>\n\n\n\n<p>Im Herbst hatten wir die M\u00f6glichkeit f\u00fcr zwei Wochen an die <strong>Ostsee<\/strong> zu fahren. Wir sind mit unseren Fahrr\u00e4dern und dem Zug unterwegs gewesen und es war so cool! <\/p>\n\n\n\n<p>Unser erster Stop war in der sch\u00f6nen <strong><a href=\"https:\/\/familie-weitgereist.de\/?p=1597\">Hansestadt Stralsund<\/a><\/strong>. Die Altstadt und das Tor nach R\u00fcgen hat uns sehr gut gefallen. <\/p>\n\n\n\n<figure class=\"wp-block-image size-large\"><img loading=\"lazy\" decoding=\"async\" width=\"768\" height=\"1024\" src=\"https:\/\/familie-weitgereist.de\/wp-content\/uploads\/2020\/12\/MVIMG_20201011_112801-768x1024.jpg\" alt=\"\" class=\"wp-image-2372\" srcset=\"https:\/\/familie-weitgereist.de\/wp-content\/uploads\/2020\/12\/MVIMG_20201011_112801-768x1024.jpg 768w, https:\/\/familie-weitgereist.de\/wp-content\/uploads\/2020\/12\/MVIMG_20201011_112801-225x300.jpg 225w, https:\/\/familie-weitgereist.de\/wp-content\/uploads\/2020\/12\/MVIMG_20201011_112801-1152x1536.jpg 1152w, https:\/\/familie-weitgereist.de\/wp-content\/uploads\/2020\/12\/MVIMG_20201011_112801-1536x2048.jpg 1536w, https:\/\/familie-weitgereist.de\/wp-content\/uploads\/2020\/12\/MVIMG_20201011_112801-1200x1600.jpg 1200w, https:\/\/familie-weitgereist.de\/wp-content\/uploads\/2020\/12\/MVIMG_20201011_112801-1980x2640.jpg 1980w, https:\/\/familie-weitgereist.de\/wp-content\/uploads\/2020\/12\/MVIMG_20201011_112801-640x853.jpg 640w, https:\/\/familie-weitgereist.de\/wp-content\/uploads\/2020\/12\/MVIMG_20201011_112801-150x200.jpg 150w, https:\/\/familie-weitgereist.de\/wp-content\/uploads\/2020\/12\/MVIMG_20201011_112801-scaled.jpg 1920w\" sizes=\"auto, (max-width: 768px) 100vw, 768px\" \/><figcaption class=\"wp-element-caption\">Stralsund<\/figcaption><\/figure>\n\n\n\n<p>Ein besonderes Erlebnis war unsere kleine Fahrradtour zur Insel D\u00e4nholm. Diese Insel liegt zwischen Stralsund und der Insel R\u00fcgen und ist sehr klein. <\/p>\n\n\n\n<figure class=\"wp-block-image size-large\"><img loading=\"lazy\" decoding=\"async\" width=\"1024\" height=\"768\" src=\"https:\/\/familie-weitgereist.de\/wp-content\/uploads\/2020\/12\/MVIMG_20201011_160736-1024x768.jpg\" alt=\"\" class=\"wp-image-2373\" srcset=\"https:\/\/familie-weitgereist.de\/wp-content\/uploads\/2020\/12\/MVIMG_20201011_160736-1024x768.jpg 1024w, https:\/\/familie-weitgereist.de\/wp-content\/uploads\/2020\/12\/MVIMG_20201011_160736-300x225.jpg 300w, https:\/\/familie-weitgereist.de\/wp-content\/uploads\/2020\/12\/MVIMG_20201011_160736-768x576.jpg 768w, https:\/\/familie-weitgereist.de\/wp-content\/uploads\/2020\/12\/MVIMG_20201011_160736-1536x1152.jpg 1536w, https:\/\/familie-weitgereist.de\/wp-content\/uploads\/2020\/12\/MVIMG_20201011_160736-2048x1536.jpg 2048w, https:\/\/familie-weitgereist.de\/wp-content\/uploads\/2020\/12\/MVIMG_20201011_160736-1200x900.jpg 1200w, https:\/\/familie-weitgereist.de\/wp-content\/uploads\/2020\/12\/MVIMG_20201011_160736-1980x1485.jpg 1980w, https:\/\/familie-weitgereist.de\/wp-content\/uploads\/2020\/12\/MVIMG_20201011_160736-853x640.jpg 853w, https:\/\/familie-weitgereist.de\/wp-content\/uploads\/2020\/12\/MVIMG_20201011_160736-150x113.jpg 150w\" sizes=\"auto, (max-width: 1024px) 100vw, 1024px\" \/><figcaption class=\"wp-element-caption\">Der Strand von D\u00e4nholm mit Blick auf Stralsund<\/figcaption><\/figure>\n\n\n\n<p>Nach zwei tollen Tagen in Stralsund sind wir mit unseren Fahrr\u00e4dern nach <strong>Sassnitz<\/strong> <strong>auf <a href=\"https:\/\/familie-weitgereist.de\/?p=1605\">R\u00fcgen<\/a><\/strong> gefahren. Es waren ca. 50km und richtig sch\u00f6n! Auf R\u00fcgen haben wir viele tolle Erkundungen unternommen, unter anderem nach Binz und Prora, zum K\u00f6nigsstuhl im Nationalpark Jasmund, zum Kap Arkona und dem kleinen Fischerd\u00f6rfchen Vitt.<\/p>\n\n\n\n<figure class=\"wp-block-image size-large\"><img loading=\"lazy\" decoding=\"async\" width=\"1024\" height=\"683\" src=\"https:\/\/familie-weitgereist.de\/wp-content\/uploads\/2020\/12\/20201016080049_IMG_1999-1024x683.jpg\" alt=\"\" class=\"wp-image-2377\" srcset=\"https:\/\/familie-weitgereist.de\/wp-content\/uploads\/2020\/12\/20201016080049_IMG_1999-1024x683.jpg 1024w, https:\/\/familie-weitgereist.de\/wp-content\/uploads\/2020\/12\/20201016080049_IMG_1999-300x200.jpg 300w, https:\/\/familie-weitgereist.de\/wp-content\/uploads\/2020\/12\/20201016080049_IMG_1999-768x512.jpg 768w, https:\/\/familie-weitgereist.de\/wp-content\/uploads\/2020\/12\/20201016080049_IMG_1999-1536x1024.jpg 1536w, https:\/\/familie-weitgereist.de\/wp-content\/uploads\/2020\/12\/20201016080049_IMG_1999-2048x1365.jpg 2048w, https:\/\/familie-weitgereist.de\/wp-content\/uploads\/2020\/12\/20201016080049_IMG_1999-1200x800.jpg 1200w, https:\/\/familie-weitgereist.de\/wp-content\/uploads\/2020\/12\/20201016080049_IMG_1999-1980x1320.jpg 1980w, https:\/\/familie-weitgereist.de\/wp-content\/uploads\/2020\/12\/20201016080049_IMG_1999-150x100.jpg 150w\" sizes=\"auto, (max-width: 1024px) 100vw, 1024px\" \/><\/figure>\n\n\n\n<figure class=\"wp-block-image size-large\"><img loading=\"lazy\" decoding=\"async\" width=\"1024\" height=\"768\" src=\"https:\/\/familie-weitgereist.de\/wp-content\/uploads\/2020\/12\/IMG_20201016_124917-1024x768.jpg\" alt=\"\" class=\"wp-image-2376\" srcset=\"https:\/\/familie-weitgereist.de\/wp-content\/uploads\/2020\/12\/IMG_20201016_124917-1024x768.jpg 1024w, https:\/\/familie-weitgereist.de\/wp-content\/uploads\/2020\/12\/IMG_20201016_124917-300x225.jpg 300w, https:\/\/familie-weitgereist.de\/wp-content\/uploads\/2020\/12\/IMG_20201016_124917-768x576.jpg 768w, https:\/\/familie-weitgereist.de\/wp-content\/uploads\/2020\/12\/IMG_20201016_124917-1536x1152.jpg 1536w, https:\/\/familie-weitgereist.de\/wp-content\/uploads\/2020\/12\/IMG_20201016_124917-2048x1536.jpg 2048w, https:\/\/familie-weitgereist.de\/wp-content\/uploads\/2020\/12\/IMG_20201016_124917-1200x900.jpg 1200w, https:\/\/familie-weitgereist.de\/wp-content\/uploads\/2020\/12\/IMG_20201016_124917-1980x1485.jpg 1980w, https:\/\/familie-weitgereist.de\/wp-content\/uploads\/2020\/12\/IMG_20201016_124917-853x640.jpg 853w, https:\/\/familie-weitgereist.de\/wp-content\/uploads\/2020\/12\/IMG_20201016_124917-150x113.jpg 150w\" sizes=\"auto, (max-width: 1024px) 100vw, 1024px\" \/><figcaption class=\"wp-element-caption\">K\u00f6nigsstuhl im Nationalpark Jasmund<\/figcaption><\/figure>\n\n\n\n<p>Wir haben zudem auch einen Tagesausflug nach <strong><a href=\"https:\/\/familie-weitgereist.de\/?p=1584\">Hiddensee<\/a><\/strong> unternommen. Hiddensee ist so sch\u00f6n. Die Insel ist klein und idyllisch und sie war im Oktober auch nicht \u00fcberlaufen. An einem Tag kann man schon sehr viel erkunden, wir w\u00e4ren aber gern auch noch etwas l\u00e4nger geblieben. <\/p>\n\n\n\n<figure class=\"wp-block-image size-large\"><img loading=\"lazy\" decoding=\"async\" width=\"1024\" height=\"683\" src=\"https:\/\/familie-weitgereist.de\/wp-content\/uploads\/2020\/12\/20201013065008_IMG_1761-1024x683.jpg\" alt=\"\" class=\"wp-image-2380\" srcset=\"https:\/\/familie-weitgereist.de\/wp-content\/uploads\/2020\/12\/20201013065008_IMG_1761-1024x683.jpg 1024w, https:\/\/familie-weitgereist.de\/wp-content\/uploads\/2020\/12\/20201013065008_IMG_1761-300x200.jpg 300w, https:\/\/familie-weitgereist.de\/wp-content\/uploads\/2020\/12\/20201013065008_IMG_1761-768x512.jpg 768w, https:\/\/familie-weitgereist.de\/wp-content\/uploads\/2020\/12\/20201013065008_IMG_1761-1536x1024.jpg 1536w, https:\/\/familie-weitgereist.de\/wp-content\/uploads\/2020\/12\/20201013065008_IMG_1761-2048x1365.jpg 2048w, https:\/\/familie-weitgereist.de\/wp-content\/uploads\/2020\/12\/20201013065008_IMG_1761-1200x800.jpg 1200w, https:\/\/familie-weitgereist.de\/wp-content\/uploads\/2020\/12\/20201013065008_IMG_1761-1980x1320.jpg 1980w, https:\/\/familie-weitgereist.de\/wp-content\/uploads\/2020\/12\/20201013065008_IMG_1761-150x100.jpg 150w\" sizes=\"auto, (max-width: 1024px) 100vw, 1024px\" \/><figcaption class=\"wp-element-caption\">Mit dem Fahrrad \u00fcber Hiddensee<\/figcaption><\/figure>\n\n\n\n<figure class=\"wp-block-image size-large\"><img loading=\"lazy\" decoding=\"async\" width=\"1024\" height=\"683\" src=\"https:\/\/familie-weitgereist.de\/wp-content\/uploads\/2020\/12\/20201013060734_IMG_1739-1024x683.jpg\" alt=\"\" class=\"wp-image-2381\" srcset=\"https:\/\/familie-weitgereist.de\/wp-content\/uploads\/2020\/12\/20201013060734_IMG_1739-1024x683.jpg 1024w, https:\/\/familie-weitgereist.de\/wp-content\/uploads\/2020\/12\/20201013060734_IMG_1739-300x200.jpg 300w, https:\/\/familie-weitgereist.de\/wp-content\/uploads\/2020\/12\/20201013060734_IMG_1739-768x512.jpg 768w, https:\/\/familie-weitgereist.de\/wp-content\/uploads\/2020\/12\/20201013060734_IMG_1739-1536x1024.jpg 1536w, https:\/\/familie-weitgereist.de\/wp-content\/uploads\/2020\/12\/20201013060734_IMG_1739-2048x1365.jpg 2048w, https:\/\/familie-weitgereist.de\/wp-content\/uploads\/2020\/12\/20201013060734_IMG_1739-1200x800.jpg 1200w, https:\/\/familie-weitgereist.de\/wp-content\/uploads\/2020\/12\/20201013060734_IMG_1739-1980x1320.jpg 1980w, https:\/\/familie-weitgereist.de\/wp-content\/uploads\/2020\/12\/20201013060734_IMG_1739-150x100.jpg 150w\" sizes=\"auto, (max-width: 1024px) 100vw, 1024px\" \/><figcaption class=\"wp-element-caption\">Leuchtturm Dornbusch<\/figcaption><\/figure>\n\n\n\n<p>Nach einer Woche auf R\u00fcgen, sind wir mit dem Zug weiter gefahren nach <strong><a href=\"https:\/\/familie-weitgereist.de\/?p=1582\">Fischland-Dar\u00df-Zingst<\/a><\/strong>. Die kleine Halbinsel hat uns ebenso gut gefallen. Wir haben in einer Woche die Halbinsel sehr gut mit dem Fahrrad erkunden k\u00f6nnen. Wir waren in Zingst, in Pramort, in Prerow, in Ahrenshoop, Wustrow, Wiek am Dar\u00df. Die kleinen Orte sind so idyllisch.<\/p>\n\n\n\n<figure class=\"wp-block-image size-large\"><img loading=\"lazy\" decoding=\"async\" width=\"1024\" height=\"683\" src=\"https:\/\/familie-weitgereist.de\/wp-content\/uploads\/2020\/12\/IMG_2245-1024x683-1.jpg\" alt=\"\" class=\"wp-image-2383\" srcset=\"https:\/\/familie-weitgereist.de\/wp-content\/uploads\/2020\/12\/IMG_2245-1024x683-1.jpg 1024w, https:\/\/familie-weitgereist.de\/wp-content\/uploads\/2020\/12\/IMG_2245-1024x683-1-300x200.jpg 300w, https:\/\/familie-weitgereist.de\/wp-content\/uploads\/2020\/12\/IMG_2245-1024x683-1-768x512.jpg 768w, https:\/\/familie-weitgereist.de\/wp-content\/uploads\/2020\/12\/IMG_2245-1024x683-1-150x100.jpg 150w\" sizes=\"auto, (max-width: 1024px) 100vw, 1024px\" \/><figcaption class=\"wp-element-caption\">Beim Leuchtturm am Dar\u00dfer Ort<\/figcaption><\/figure>\n\n\n\n<figure class=\"wp-block-image size-large\"><img loading=\"lazy\" decoding=\"async\" width=\"1024\" height=\"683\" src=\"https:\/\/familie-weitgereist.de\/wp-content\/uploads\/2020\/12\/IMG_2201-1024x683-1.jpg\" alt=\"\" class=\"wp-image-2384\" srcset=\"https:\/\/familie-weitgereist.de\/wp-content\/uploads\/2020\/12\/IMG_2201-1024x683-1.jpg 1024w, https:\/\/familie-weitgereist.de\/wp-content\/uploads\/2020\/12\/IMG_2201-1024x683-1-300x200.jpg 300w, https:\/\/familie-weitgereist.de\/wp-content\/uploads\/2020\/12\/IMG_2201-1024x683-1-768x512.jpg 768w, https:\/\/familie-weitgereist.de\/wp-content\/uploads\/2020\/12\/IMG_2201-1024x683-1-150x100.jpg 150w\" sizes=\"auto, (max-width: 1024px) 100vw, 1024px\" \/><figcaption class=\"wp-element-caption\">In Ahrenshoop<\/figcaption><\/figure>\n\n\n\n<p>Einen Tagesausflug unternahmen wir noch nach <a href=\"https:\/\/familie-weitgereist.de\/?p=1582\"><strong>Rostock<\/strong> <strong>und<\/strong> <strong>Warnem\u00fcnde<\/strong><\/a>. <\/p>\n\n\n\n<figure class=\"wp-block-image size-large\"><img loading=\"lazy\" decoding=\"async\" width=\"1024\" height=\"683\" src=\"https:\/\/familie-weitgereist.de\/wp-content\/uploads\/2020\/12\/IMG_2286-1024x683-1.jpg\" alt=\"\" class=\"wp-image-2385\" srcset=\"https:\/\/familie-weitgereist.de\/wp-content\/uploads\/2020\/12\/IMG_2286-1024x683-1.jpg 1024w, https:\/\/familie-weitgereist.de\/wp-content\/uploads\/2020\/12\/IMG_2286-1024x683-1-300x200.jpg 300w, https:\/\/familie-weitgereist.de\/wp-content\/uploads\/2020\/12\/IMG_2286-1024x683-1-768x512.jpg 768w, https:\/\/familie-weitgereist.de\/wp-content\/uploads\/2020\/12\/IMG_2286-1024x683-1-150x100.jpg 150w\" sizes=\"auto, (max-width: 1024px) 100vw, 1024px\" \/><figcaption class=\"wp-element-caption\">Der Leuchtturm von Warnem\u00fcnde<\/figcaption><\/figure>\n\n\n\n<p>Diese Weihnachten sind f\u00fcr uns ganz anders, denn wir verbringen sie seit langer Zeit einmal in der Heimat. Ebenso wie im M\u00e4rz, April haben wir den Dezember intensiv dazu genutzt unsere Heimat zu entdecken. Es gibt so viele tolle M\u00f6glichkeiten. Die Natur ist unser Spielplatz und wir waren den ganzen Tag drau\u00dfen. Es war ein Traum, gem\u00fctlich, ruhig und gemeinsam in den Tag starten und anschlie\u00dfend bis zum Sonnenuntergang gegen 16:30 an der frischen Luft sein. Unsere Heimat hat so viele tolle Ecken zu bieten. Wir waren in Gro\u00dfr\u00e4schen, in der Buck&#8217;schen Schweiz, am Tornoer Teich, am Geierswalder \/ Partwitzer \/ Senftenberger See, wandern in der s\u00e4chsischen Schweiz, in Alt\u00f6bern, in Bautzen, rodeln in Altenberg, wandern im Rabenauer Grund durch die Somsdorfer Klamm, &#8230; Wir waren ganz viel mit dem Fahrrad unterwegs und nat\u00fcrlich auch zu Fu\u00df! Ich liebe es, wie viel Spa\u00df Merlin dabei hat, in der Natur zu sein! <\/p>\n\n\n\n<figure class=\"wp-block-image size-large\"><img loading=\"lazy\" decoding=\"async\" width=\"1024\" height=\"766\" src=\"https:\/\/familie-weitgereist.de\/wp-content\/uploads\/2020\/12\/IMG_20201218_153052-1024x766.jpg\" alt=\"\" class=\"wp-image-2399\" srcset=\"https:\/\/familie-weitgereist.de\/wp-content\/uploads\/2020\/12\/IMG_20201218_153052-1024x766.jpg 1024w, https:\/\/familie-weitgereist.de\/wp-content\/uploads\/2020\/12\/IMG_20201218_153052-300x225.jpg 300w, https:\/\/familie-weitgereist.de\/wp-content\/uploads\/2020\/12\/IMG_20201218_153052-768x575.jpg 768w, https:\/\/familie-weitgereist.de\/wp-content\/uploads\/2020\/12\/IMG_20201218_153052-1536x1150.jpg 1536w, https:\/\/familie-weitgereist.de\/wp-content\/uploads\/2020\/12\/IMG_20201218_153052-2048x1533.jpg 2048w, https:\/\/familie-weitgereist.de\/wp-content\/uploads\/2020\/12\/IMG_20201218_153052-1200x898.jpg 1200w, https:\/\/familie-weitgereist.de\/wp-content\/uploads\/2020\/12\/IMG_20201218_153052-1980x1482.jpg 1980w, https:\/\/familie-weitgereist.de\/wp-content\/uploads\/2020\/12\/IMG_20201218_153052-150x112.jpg 150w\" sizes=\"auto, (max-width: 1024px) 100vw, 1024px\" \/><figcaption class=\"wp-element-caption\">Am Senftenberger See<\/figcaption><\/figure>\n\n\n\n<figure class=\"wp-block-image size-large\"><img loading=\"lazy\" decoding=\"async\" width=\"1024\" height=\"768\" src=\"https:\/\/familie-weitgereist.de\/wp-content\/uploads\/2020\/12\/IMG_20201220_124828-1024x768.jpg\" alt=\"\" class=\"wp-image-2397\" srcset=\"https:\/\/familie-weitgereist.de\/wp-content\/uploads\/2020\/12\/IMG_20201220_124828-1024x768.jpg 1024w, https:\/\/familie-weitgereist.de\/wp-content\/uploads\/2020\/12\/IMG_20201220_124828-300x225.jpg 300w, https:\/\/familie-weitgereist.de\/wp-content\/uploads\/2020\/12\/IMG_20201220_124828-768x576.jpg 768w, https:\/\/familie-weitgereist.de\/wp-content\/uploads\/2020\/12\/IMG_20201220_124828-1536x1152.jpg 1536w, https:\/\/familie-weitgereist.de\/wp-content\/uploads\/2020\/12\/IMG_20201220_124828-2048x1536.jpg 2048w, https:\/\/familie-weitgereist.de\/wp-content\/uploads\/2020\/12\/IMG_20201220_124828-1200x900.jpg 1200w, https:\/\/familie-weitgereist.de\/wp-content\/uploads\/2020\/12\/IMG_20201220_124828-1980x1485.jpg 1980w, https:\/\/familie-weitgereist.de\/wp-content\/uploads\/2020\/12\/IMG_20201220_124828-853x640.jpg 853w, https:\/\/familie-weitgereist.de\/wp-content\/uploads\/2020\/12\/IMG_20201220_124828-150x113.jpg 150w\" sizes=\"auto, (max-width: 1024px) 100vw, 1024px\" \/><figcaption class=\"wp-element-caption\">Picknick in der s\u00e4chsischen Schweiz<\/figcaption><\/figure>\n\n\n\n<figure class=\"wp-block-image size-large\"><img loading=\"lazy\" decoding=\"async\" width=\"1024\" height=\"766\" src=\"https:\/\/familie-weitgereist.de\/wp-content\/uploads\/2020\/12\/IMG_20201226_155508-1024x766.jpg\" alt=\"\" class=\"wp-image-2396\" srcset=\"https:\/\/familie-weitgereist.de\/wp-content\/uploads\/2020\/12\/IMG_20201226_155508-1024x766.jpg 1024w, https:\/\/familie-weitgereist.de\/wp-content\/uploads\/2020\/12\/IMG_20201226_155508-300x225.jpg 300w, https:\/\/familie-weitgereist.de\/wp-content\/uploads\/2020\/12\/IMG_20201226_155508-768x575.jpg 768w, https:\/\/familie-weitgereist.de\/wp-content\/uploads\/2020\/12\/IMG_20201226_155508-1536x1150.jpg 1536w, https:\/\/familie-weitgereist.de\/wp-content\/uploads\/2020\/12\/IMG_20201226_155508-2048x1533.jpg 2048w, https:\/\/familie-weitgereist.de\/wp-content\/uploads\/2020\/12\/IMG_20201226_155508-1200x898.jpg 1200w, https:\/\/familie-weitgereist.de\/wp-content\/uploads\/2020\/12\/IMG_20201226_155508-1980x1482.jpg 1980w, https:\/\/familie-weitgereist.de\/wp-content\/uploads\/2020\/12\/IMG_20201226_155508-150x112.jpg 150w\" sizes=\"auto, (max-width: 1024px) 100vw, 1024px\" \/><figcaption class=\"wp-element-caption\">Rodeln in Altenberg<\/figcaption><\/figure>\n\n\n\n<figure class=\"wp-block-image size-large\"><img loading=\"lazy\" decoding=\"async\" width=\"1024\" height=\"766\" src=\"https:\/\/familie-weitgereist.de\/wp-content\/uploads\/2020\/12\/IMG_20201229_133410-1024x766.jpg\" alt=\"\" class=\"wp-image-2395\" srcset=\"https:\/\/familie-weitgereist.de\/wp-content\/uploads\/2020\/12\/IMG_20201229_133410-1024x766.jpg 1024w, https:\/\/familie-weitgereist.de\/wp-content\/uploads\/2020\/12\/IMG_20201229_133410-300x225.jpg 300w, https:\/\/familie-weitgereist.de\/wp-content\/uploads\/2020\/12\/IMG_20201229_133410-768x575.jpg 768w, https:\/\/familie-weitgereist.de\/wp-content\/uploads\/2020\/12\/IMG_20201229_133410-1536x1150.jpg 1536w, https:\/\/familie-weitgereist.de\/wp-content\/uploads\/2020\/12\/IMG_20201229_133410-2048x1533.jpg 2048w, https:\/\/familie-weitgereist.de\/wp-content\/uploads\/2020\/12\/IMG_20201229_133410-1200x898.jpg 1200w, https:\/\/familie-weitgereist.de\/wp-content\/uploads\/2020\/12\/IMG_20201229_133410-1980x1482.jpg 1980w, https:\/\/familie-weitgereist.de\/wp-content\/uploads\/2020\/12\/IMG_20201229_133410-150x112.jpg 150w\" sizes=\"auto, (max-width: 1024px) 100vw, 1024px\" \/><figcaption class=\"wp-element-caption\">Wandern durch die Somsdorfer Klamm<\/figcaption><\/figure>\n\n\n\n<p>Wir blicken hoffnungsvoll auf das neue Jahr und w\u00fcnschen uns weiterhin viele Erlebnisse und Momente als Familie zu verbringen.<\/p>\n\n\n\n<p><strong>Insgesamt haben wir 2020 7 L\u00e4nder bereist.<\/strong><\/p>\n\n\n\n<p>Zusammenfassung bis 2020:&nbsp;&nbsp;<\/p>\n\n\n\n<p><strong>Michaela<\/strong><\/p>\n\n\n\n<p><strong>Europa 34 L\u00e4nder:&nbsp;<\/strong>Albanien, Andorra, Belgien, Bulgarien, D\u00e4nemark (F\u00e4r\u00f6er Inseln), Deutschland, Frankreich, Griechenland, Island, Italien, Kroatien, Liechtenstein, Malta, Moldawien, Montenegro, Niederlande, Nordmazedonien, Norwegen, \u00d6sterreich, Polen, Portugal, Rum\u00e4nien, San Marino, Schweden, Schweiz, Slowakei, Slowenien, Spanien, Tschechische Republik, T\u00fcrkei, Ungarn, Vatikan, Vereinigtes K\u00f6nigreich (Gibraltar), Zypern<\/p>\n\n\n\n<p><strong>Afrika<\/strong> <strong>3 L\u00e4nder<\/strong>:&nbsp;Lesotho, Mauritius, S\u00fcdafrika<\/p>\n\n\n\n<p><strong>Amerika<\/strong> <strong>9 L\u00e4nder<\/strong>:&nbsp;Belize, Bolivien, Chile, Guatemala, Kanada, Kuba, Mexiko, Peru, USA<\/p>\n\n\n\n<p><strong>Asien 7 L\u00e4nder:&nbsp;<\/strong>Indonesien, Japan, Kambodscha, Malaysia, Singapur, S\u00fcdkorea, Thailand<\/p>\n\n\n\n<p><strong>\u2013&gt; 53 L\u00e4nder<\/strong><\/p>\n\n\n\n<p><strong>\u2013&gt; 16 US-Bundesstaaten<\/strong>: Arizona, Connecticut, Delaware, Florida, Hawaii, Illinois, Kalifornien, Maryland, Massachusetts, Michigan, Nevada, New Hampshire, New York, Pennsylvania, Vermont, Virginia<\/p>\n\n\n\n<p><strong>Philipp<\/strong><\/p>\n\n\n\n<p><strong>Europa 26 L\u00e4nder:&nbsp;<\/strong>Albanien, Bulgarien, D\u00e4nemark (F\u00e4r\u00f6er Inseln), Deutschland, Frankreich, Griechenland, Island, Italien, Kroatien, Liechtenstein, Moldawien, Montenegro, Niederlande, Nordmazedonien, \u00d6sterreich, Polen, Rum\u00e4nien, San Marino, Schweiz, Slowenien, Spanien, Tschechische Republik, T\u00fcrkei, Ungarn, Vatikan, Vereinigtes K\u00f6nigreich<\/p>\n\n\n\n<p><strong>Amerika 9 Lander:&nbsp;<\/strong>Belize, Bolivien, Chile, Guatemala, Kanada, Kuba, Mexiko, Peru, USA<\/p>\n\n\n\n<p><strong>Asien<\/strong> <strong>7 L\u00e4nder<\/strong>:&nbsp;Indonesien, Japan, Kambodscha, Malaysia, Singapur, S\u00fcdkorea, Thailand<\/p>\n\n\n\n<p><strong>\u2013&gt; 42 L\u00e4nder&nbsp;<\/strong><\/p>\n\n\n\n<p><strong>Merlin<\/strong><\/p>\n\n\n\n<p><strong>Europa 8 L\u00e4nder:&nbsp;<\/strong>D\u00e4nemark (F\u00e4r\u00f6er Inseln), Deutschland, Italien, Liechtenstein, \u00d6sterreich, Polen, Schweiz, Spanien<\/p>\n\n\n\n<p><strong>Amerika 5 L\u00e4nder:&nbsp;<\/strong>Belize, Guatemala, Kuba, Mexiko, USA<\/p>\n\n\n\n<p><strong>Asien<\/strong> <strong>7 L\u00e4nder<\/strong>:&nbsp;Indonesien, Japan, Kambodscha, Malaysia, Singapur, S\u00fcdkorea, Thailand<\/p>\n\n\n\n<p><strong>\u2013&gt; 20 L\u00e4nder&nbsp;<\/strong><\/p>\n\n\n\n<p>2020 hat Michaela ein neues Land bereist: Liechtenstein <\/p>\n\n\n\n<p>2020 hat Philipp zwei neue L\u00e4nder bereist: Schweiz, Liechtenstein<\/p>\n\n\n\n<p>2020 hat Merlin vier neue L\u00e4nder bereist: Italien, Schweiz, Liechtenstein, Polen<\/p>\n","protected":false},"excerpt":{"rendered":"<p>Nach all den Wirren und Unabw\u00e4gbarkeiten zu Beginn des Jahres 2020, freue ich mich umso mehr, einen wundersch\u00f6nen Reiser\u00fcckblick schreiben zu k\u00f6nnen. Da wir sowieso immer spontan entscheiden, wo es als n\u00e4chstes hingeht, hatten wir nahezu keine Pl\u00e4ne, die ver\u00e4ndert werden mussten. Wir haben immer wieder spontane Entscheidungen getroffen und ein sehr sch\u00f6nes Reisejahr verbracht. [&hellip;]<\/p>\n","protected":false},"author":3,"featured_media":2357,"comment_status":"open","ping_status":"open","sticky":false,"template":"","format":"standard","meta":{"_themeisle_gutenberg_block_has_review":false,"footnotes":""},"categories":[8,1750,1751,1753,570,242,239,4,237,1757,236,1762,238],"tags":[203,458,325,202,344,241,343,240,345,204,198],"class_list":["post-2334","post","type-post","status-publish","format-standard","has-post-thumbnail","hentry","category-europa","category-baden-wuerttemberg","category-bayern","category-brandenburg","category-daenemark","category-deutschland","category-italien","category-laender","category-liechtenstein","category-mecklenburg-vorpommern","category-oesterreich","category-sachsen","category-schweiz","tag-brandenburg","tag-daenemark","tag-deutschland","tag-faeroeer-inseln","tag-fischland-darss-zingst","tag-liechtenstein","tag-mecklenburg-vorpommern","tag-oesterreich","tag-ruegen","tag-sachsen","tag-schweiz"],"_links":{"self":[{"href":"https:\/\/familie-weitgereist.de\/index.php?rest_route=\/wp\/v2\/posts\/2334","targetHints":{"allow":["GET"]}}],"collection":[{"href":"https:\/\/familie-weitgereist.de\/index.php?rest_route=\/wp\/v2\/posts"}],"about":[{"href":"https:\/\/familie-weitgereist.de\/index.php?rest_route=\/wp\/v2\/types\/post"}],"author":[{"embeddable":true,"href":"https:\/\/familie-weitgereist.de\/index.php?rest_route=\/wp\/v2\/users\/3"}],"replies":[{"embeddable":true,"href":"https:\/\/familie-weitgereist.de\/index.php?rest_route=%2Fwp%2Fv2%2Fcomments&post=2334"}],"version-history":[{"count":51,"href":"https:\/\/familie-weitgereist.de\/index.php?rest_route=\/wp\/v2\/posts\/2334\/revisions"}],"predecessor-version":[{"id":24026,"href":"https:\/\/familie-weitgereist.de\/index.php?rest_route=\/wp\/v2\/posts\/2334\/revisions\/24026"}],"wp:featuredmedia":[{"embeddable":true,"href":"https:\/\/familie-weitgereist.de\/index.php?rest_route=\/wp\/v2\/media\/2357"}],"wp:attachment":[{"href":"https:\/\/familie-weitgereist.de\/index.php?rest_route=%2Fwp%2Fv2%2Fmedia&parent=2334"}],"wp:term":[{"taxonomy":"category","embeddable":true,"href":"https:\/\/familie-weitgereist.de\/index.php?rest_route=%2Fwp%2Fv2%2Fcategories&post=2334"},{"taxonomy":"post_tag","embeddable":true,"href":"https:\/\/familie-weitgereist.de\/index.php?rest_route=%2Fwp%2Fv2%2Ftags&post=2334"}],"curies":[{"name":"wp","href":"https:\/\/api.w.org\/{rel}","templated":true}]}}